{"id":279616,"date":"2022-06-06T05:35:28","date_gmt":"2022-06-06T03:35:28","guid":{"rendered":"https:\/\/www.radiopiu.net\/wordpress\/?p=279616"},"modified":"2022-06-06T05:47:08","modified_gmt":"2022-06-06T03:47:08","slug":"lunedi-anche-in-veneto-terminiamo-di-pagare-le-tasse","status":"publish","type":"post","link":"https:\/\/www.radiopiu.net\/wordpress\/lunedi-anche-in-veneto-terminiamo-di-pagare-le-tasse\/","title":{"rendered":"LUNEDI\u2019, ANCHE IN VENETO,  \u201cTERMINIAMO\u201d DI PAGARE LE TASSE"},"content":{"rendered":"<p><a class=\"dt-pswp-item\" href=\"https:\/\/www.radiopiu.net\/wordpress\/wp-content\/uploads\/2022\/06\/Schermata-2022-06-04-alle-08.43.20.png\" data-dt-img-description=\"\" data-large_image_width=\"798\" data-large_image_height=\"1754\"><img loading=\"lazy\" decoding=\"async\" class=\"alignleft size-medium wp-image-279617\" src=\"https:\/\/www.radiopiu.net\/wordpress\/wp-content\/uploads\/2022\/06\/Schermata-2022-06-04-alle-08.43.20-136x300.png\" alt=\"\" width=\"136\" height=\"300\" srcset=\"https:\/\/www.radiopiu.net\/wordpress\/wp-content\/uploads\/2022\/06\/Schermata-2022-06-04-alle-08.43.20-136x300.png 136w, https:\/\/www.radiopiu.net\/wordpress\/wp-content\/uploads\/2022\/06\/Schermata-2022-06-04-alle-08.43.20-466x1024.png 466w, https:\/\/www.radiopiu.net\/wordpress\/wp-content\/uploads\/2022\/06\/Schermata-2022-06-04-alle-08.43.20-768x1688.png 768w, https:\/\/www.radiopiu.net\/wordpress\/wp-content\/uploads\/2022\/06\/Schermata-2022-06-04-alle-08.43.20-699x1536.png 699w, https:\/\/www.radiopiu.net\/wordpress\/wp-content\/uploads\/2022\/06\/Schermata-2022-06-04-alle-08.43.20.png 798w\" sizes=\"auto, (max-width: 136px) 100vw, 136px\" \/><\/a>Finalmente una buona notizia. Luned\u00ec 6 giugno, anche i veneti, ovviamente in linea puramente teorica, \u201cterminano\u201d di versare le tasse e i contributi previdenziali allo Stato per l\u2019anno in corso e da marted\u00ec, pertanto, scatta l\u2019atteso tax freedom day (giorno di liberazione fiscale). Questo \u201cappuntamento\u201d, tanto agognato da tutti, nel 2022 arriva un giorno prima rispetto al 2021.<\/p>\n<p>Dopo poco pi\u00f9 di 5 mesi dall\u2019inizio dell\u2019anno, praticamente dopo 157 giorni lavorativi inclusi i sabati e le domeniche, il contribuente medio della nostra regione finisce di lavorare per assolvere tutti i versamenti fiscali dell\u2019anno (Irpef, Imu, Iva, Tari, addizionali varie, Irap, Ires, contributi previdenziali, etc.) e da marted\u00ec 7 giugno inizia a guadagnare per s\u00e9.<\/p>\n<p><strong>Nel 2022 lo Stato incasser\u00e0 quasi 40 miliardi in pi\u00f9: di questi, 5 li pagheranno i veneti<\/strong><br \/>\nNel 2022 il peso del fisco, sebbene la crescita economica dovrebbe attestarsi attorno al 2,5 per cento circa, \u00e8 destinato a diminuire di 0,4 punti percentuali. Ci\u00f2 avverr\u00e0 anche grazie alla riduzione delle imposte e dei contributi decisa dal Governo Draghi. Le principali misure approvate l\u2019anno scorso sono:<\/p>\n<p><strong>riforma dell\u2019Irpef (-6,8 miliardi di euro di risorse);<\/strong><br \/>\nesonero contributivo di 0,8 punti percentuali ai lavoratori dipendenti con una retribuzione mensile lorda inferiore a 2.692 euro (-1,1 miliardi di euro);<br \/>\nesonero pagamento Irap alle persone fisiche (-1 miliardo di euro);<\/p>\n<p>Se teniamo conto del leggero miglioramento in corso delle principali variabili economiche che si riflette sull\u2019andamento del gettito, secondo il Ministero dell\u2019Economia e delle Finanze nel 2022 lo Stato dovrebbe incassare quasi 40 miliardi di imposte e contributi in pi\u00f9 rispetto al 2021. Di questi, almeno 5 saranno pagati dai veneti.<\/p>\n<p>Segnaliamo che una parte di questo incremento di gettito \u00e8 sicuramente ascrivibile anche al forte aumento dell\u2019inflazione che, secondo le previsioni, quest\u2019anno dovrebbe oscillare tra il 6 e il 7 per cento. Pertanto, in un momento in cui le famiglie stanno subendo dei rincari spaventosi che rischiano di far crollare i consumi interni, sarebbe auspicabile che il Governo restituisse parte di questo extra gettito con meccanismi di fiscal drag. Una misura che rafforzerebbe il potere d\u2019acquisto dei pensionati e dei lavoratori dipendenti, dando un sensibile sollievo soprattutto a coloro che attualmente si trovano in serie difficolt\u00e0 economiche.<\/p>\n<p><strong>L\u2019ingorgo fiscale di giugno: 141 scadenze<\/strong><br \/>\nSe dopo il caso di scuola elaborato dall\u2019Ufficio studi della CGIA torniamo a occuparci dell\u2019 \u201camara\u201d realt\u00e0, anche quest\u2019anno giugno \u00e8 caratterizzato da un vero e proprio ingorgo fiscale. Dalla lettura dell\u2019agenda riportata sul sito dell\u2019Agenzia delle Entrate scorgiamo che<br \/>\nquesto mese anche i contribuenti veneti dovranno assolvere ben 141 scadenze fiscali; di queste, ben 122 (pari all\u201986,5 per cento del totale) imporranno agli italiani a mettere mano al portafoglio. Un calendario fiscale da far tremare i polsi, che solleva ancora una volta un grande problema: in Italia non solo subiamo un prelievo fiscale eccessivo, ma anche le modalit\u00e0 di pagamento delle imposte provocano un costo burocratico che non ha eguali nel resto d\u2019Europa.<\/p>\n<p><strong>La metodologia di calcolo del tax freedom day<\/strong><br \/>\nIn che modo si \u00e8 giunti a individuare il 7 giugno come il \u201cgiorno di liberazione fiscale\u201d del 2022 ?\u00a0 La stima del Pil prevista nel 2022 \u00e8 stata suddivisa per i 365 giorni dell\u2019anno, ottenendo cos\u00ec un dato medio giornaliero. Successivamente, si sono considerate le previsioni di gettito dei contributi previdenziali, delle imposte e delle tasse che i percettori di reddito verseranno quest\u2019anno e sono stati rapportati al Pil giornaliero. Il risultato di questa operazione\u00a0 ha consentito di calcolare il \u201ctax freedom day\u201d dell\u2019anno in corso.<\/p>\n<p><strong>Nel 2021 abbiamo avuto il record storico di pressione fiscale<\/strong><br \/>\nOsservando la serie storica, il \u201cgiorno di liberazione fiscale\u201d pi\u00f9 \u201cprecoce\u201d \u00e8 stato nel 2005. In quell\u2019occasione, la pressione fiscale si attest\u00f2 al 39 per cento e ai contribuenti italiani bast\u00f2 raggiungere il 23 maggio (142 giorni lavorativi) per lasciarsi alle spalle tutte le scadenze fiscali. Osservando sempre il calendario, quello pi\u00f9 in \u201critardo\u201c, come dicevamo pi\u00f9 sopra, si \u00e8 registrato nel 2021, giacch\u00e9 la pressione fiscale ha raggiunto il record storico del 43,5 per cento e, di conseguenza, il \u201cgiorno di liberazione fiscale\u201d \u00e8 scoccato l\u20198 giugno. E\u2019 corretto segnalare che questo picco record di pressione fiscale non \u00e8 ascrivibile ad un aumento del prelievo imposto l \u2019anno scorso a famiglie e imprese, ma alla decisa crescita registrata dal Pil nazionale (oltre il 6,5 per cento) che, dopo la caduta verticale registrata nel 2020 (-9 per cento), ha contribuito ad aumentare notevolmente le entrate (vedi Tab.1).<\/p>\n","protected":false},"excerpt":{"rendered":"<p>Finalmente una buona notizia. Luned\u00ec 6 giugno, anche i veneti, ovviamente in linea puramente teorica, \u201cterminano\u201d di versare le tasse e i contributi previdenziali allo Stato per l\u2019anno in corso e da marted\u00ec, pertanto, scatta l\u2019atteso tax freedom day (giorno di liberazione fiscale). Questo \u201cappuntamento\u201d, tanto agognato da tutti, nel 2022 arriva un giorno prima&hellip;<\/p>\n","protected":false},"author":2,"featured_media":279618,"comment_status":"closed","ping_status":"closed","sticky":false,"template":"","format":"standard","meta":{"_monsterinsights_skip_tracking":false,"_monsterinsights_sitenote_active":false,"_monsterinsights_sitenote_note":"","_monsterinsights_sitenote_category":0,"footnotes":""},"categories":[49],"tags":[],"class_list":["post-279616","post","type-post","status-publish","format-standard","has-post-thumbnail","hentry","category-news-18","category-49","description-off"],"img_url":"https:\/\/www.radiopiu.net\/wordpress\/wp-content\/uploads\/2022\/06\/piggybank-with-yellow-sunglasses.jpg","_links":{"self":[{"href":"https:\/\/www.radiopiu.net\/wordpress\/wp-json\/wp\/v2\/posts\/279616","targetHints":{"allow":["GET"]}}],"collection":[{"href":"https:\/\/www.radiopiu.net\/wordpress\/wp-json\/wp\/v2\/posts"}],"about":[{"href":"https:\/\/www.radiopiu.net\/wordpress\/wp-json\/wp\/v2\/types\/post"}],"author":[{"embeddable":true,"href":"https:\/\/www.radiopiu.net\/wordpress\/wp-json\/wp\/v2\/users\/2"}],"replies":[{"embeddable":true,"href":"https:\/\/www.radiopiu.net\/wordpress\/wp-json\/wp\/v2\/comments?post=279616"}],"version-history":[{"count":0,"href":"https:\/\/www.radiopiu.net\/wordpress\/wp-json\/wp\/v2\/posts\/279616\/revisions"}],"wp:featuredmedia":[{"embeddable":true,"href":"https:\/\/www.radiopiu.net\/wordpress\/wp-json\/wp\/v2\/media\/279618"}],"wp:attachment":[{"href":"https:\/\/www.radiopiu.net\/wordpress\/wp-json\/wp\/v2\/media?parent=279616"}],"wp:term":[{"taxonomy":"category","embeddable":true,"href":"https:\/\/www.radiopiu.net\/wordpress\/wp-json\/wp\/v2\/categories?post=279616"},{"taxonomy":"post_tag","embeddable":true,"href":"https:\/\/www.radiopiu.net\/wordpress\/wp-json\/wp\/v2\/tags?post=279616"}],"curies":[{"name":"wp","href":"https:\/\/api.w.org\/{rel}","templated":true}]}}