{"id":279655,"date":"2022-06-04T14:36:12","date_gmt":"2022-06-04T12:36:12","guid":{"rendered":"https:\/\/www.radiopiu.net\/wordpress\/?p=279655"},"modified":"2022-06-04T14:36:19","modified_gmt":"2022-06-04T12:36:19","slug":"temporali-in-arrivo-domani-stato-di-attenzione-per-criticita-idraulica-e-geologica","status":"publish","type":"post","link":"https:\/\/www.radiopiu.net\/wordpress\/temporali-in-arrivo-domani-stato-di-attenzione-per-criticita-idraulica-e-geologica\/","title":{"rendered":"TEMPORALI IN ARRIVO. DOMANI STATO DI ATTENZIONE PER CRITICITA&#8217; IDRAULICA E GEOLOGICA"},"content":{"rendered":"<p><strong>VENEZIA <\/strong>Il passaggio di una lieve saccatura porter\u00e0 a condizioni di marcata instabilit\u00e0 nella seconda met\u00e0 di domani, Domenica 5, con probabili rovesci e temporali dapprima sulle zone montane e occidentali e successivamente, nel corso del pomeriggio\/sera, anche sulle zone pianeggianti. Viste le condizioni atmosferiche presenti, non si escludono locali fenomeni intensi (forti rovesci, locali grandinate, raffiche di vento).<\/p>\n<p><a class=\"dt-pswp-item\" href=\"https:\/\/www.radiopiu.net\/wordpress\/wp-content\/uploads\/2022\/06\/Schermata-2022-06-04-alle-14.33.57.png\" data-dt-img-description=\"\" data-large_image_width=\"1588\" data-large_image_height=\"520\"><img loading=\"lazy\" decoding=\"async\" class=\"alignnone wp-image-279659 size-large\" src=\"https:\/\/www.radiopiu.net\/wordpress\/wp-content\/uploads\/2022\/06\/Schermata-2022-06-04-alle-14.33.57-1024x335.png\" alt=\"\" width=\"1024\" height=\"335\" srcset=\"https:\/\/www.radiopiu.net\/wordpress\/wp-content\/uploads\/2022\/06\/Schermata-2022-06-04-alle-14.33.57-1024x335.png 1024w, https:\/\/www.radiopiu.net\/wordpress\/wp-content\/uploads\/2022\/06\/Schermata-2022-06-04-alle-14.33.57-300x98.png 300w, https:\/\/www.radiopiu.net\/wordpress\/wp-content\/uploads\/2022\/06\/Schermata-2022-06-04-alle-14.33.57-768x251.png 768w, https:\/\/www.radiopiu.net\/wordpress\/wp-content\/uploads\/2022\/06\/Schermata-2022-06-04-alle-14.33.57-1536x503.png 1536w, https:\/\/www.radiopiu.net\/wordpress\/wp-content\/uploads\/2022\/06\/Schermata-2022-06-04-alle-14.33.57.png 1588w\" sizes=\"auto, (max-width: 1024px) 100vw, 1024px\" \/><\/a><\/p>\n<p>&nbsp;<\/p>\n<p>&nbsp;<\/p>\n<p>*****<\/p>\n","protected":false},"excerpt":{"rendered":"<p>VENEZIA Il passaggio di una lieve saccatura porter\u00e0 a condizioni di marcata instabilit\u00e0 nella seconda met\u00e0 di domani, Domenica 5, con probabili rovesci e temporali dapprima sulle zone montane e occidentali e successivamente, nel corso del pomeriggio\/sera, anche sulle zone pianeggianti. Viste le condizioni atmosferiche presenti, non si escludono locali fenomeni intensi (forti rovesci, locali&hellip;<\/p>\n","protected":false},"author":4,"featured_media":158236,"comment_status":"closed","ping_status":"closed","sticky":false,"template":"","format":"standard","meta":{"_monsterinsights_skip_tracking":false,"_monsterinsights_sitenote_active":false,"_monsterinsights_sitenote_note":"","_monsterinsights_sitenote_category":0,"footnotes":""},"categories":[49],"tags":[],"class_list":["post-279655","post","type-post","status-publish","format-standard","has-post-thumbnail","hentry","category-news-18","category-49","description-off"],"img_url":"https:\/\/www.radiopiu.net\/wordpress\/wp-content\/uploads\/2020\/08\/TEMPORALE.jpg","_links":{"self":[{"href":"https:\/\/www.radiopiu.net\/wordpress\/wp-json\/wp\/v2\/posts\/279655","targetHints":{"allow":["GET"]}}],"collection":[{"href":"https:\/\/www.radiopiu.net\/wordpress\/wp-json\/wp\/v2\/posts"}],"about":[{"href":"https:\/\/www.radiopiu.net\/wordpress\/wp-json\/wp\/v2\/types\/post"}],"author":[{"embeddable":true,"href":"https:\/\/www.radiopiu.net\/wordpress\/wp-json\/wp\/v2\/users\/4"}],"replies":[{"embeddable":true,"href":"https:\/\/www.radiopiu.net\/wordpress\/wp-json\/wp\/v2\/comments?post=279655"}],"version-history":[{"count":0,"href":"https:\/\/www.radiopiu.net\/wordpress\/wp-json\/wp\/v2\/posts\/279655\/revisions"}],"wp:featuredmedia":[{"embeddable":true,"href":"https:\/\/www.radiopiu.net\/wordpress\/wp-json\/wp\/v2\/media\/158236"}],"wp:attachment":[{"href":"https:\/\/www.radiopiu.net\/wordpress\/wp-json\/wp\/v2\/media?parent=279655"}],"wp:term":[{"taxonomy":"category","embeddable":true,"href":"https:\/\/www.radiopiu.net\/wordpress\/wp-json\/wp\/v2\/categories?post=279655"},{"taxonomy":"post_tag","embeddable":true,"href":"https:\/\/www.radiopiu.net\/wordpress\/wp-json\/wp\/v2\/tags?post=279655"}],"curies":[{"name":"wp","href":"https:\/\/api.w.org\/{rel}","templated":true}]}}