{"id":279661,"date":"2022-06-05T20:33:20","date_gmt":"2022-06-05T18:33:20","guid":{"rendered":"https:\/\/www.radiopiu.net\/wordpress\/?p=279661"},"modified":"2022-06-05T21:37:12","modified_gmt":"2022-06-05T19:37:12","slug":"inaugurato-il-trenobus-delle-dolomiti","status":"publish","type":"post","link":"https:\/\/www.radiopiu.net\/wordpress\/inaugurato-il-trenobus-delle-dolomiti\/","title":{"rendered":"INAUGURATO IL TRENOBUS DELLE DOLOMITI"},"content":{"rendered":"<p><strong>CALALZO<\/strong> \u00ab<em>Quella di oggi \u00e8 una giornata importante per il nostro territorio e la sua fruibilit\u00e0 in maniera sostenibile. Il cicloturismo \u00e8 il modo migliore per far scoprire le nostre bellezze. Ma quella di oggi \u00e8 una giornata importante anche per le sinergie. Tra aziende di trasporto, prima di tutto, Dolomitibus e Trenitalia. E tra istituzioni. La Regione che crede fortemente nello sviluppo dell\u2019integrazione tra vettori diversi, treno, bus e biciclette. La Provincia, che promuove lo sviluppo del territorio. E i sindaci che hanno avuto la lungimiranza per investire. Oggi la pi\u00f9 bella ciclabile del Veneto e dell\u2019Italia, la Calalzo-Cortina, torna a essere collegata direttamente da Venezia: \u00e8 il pi\u00f9 bel biglietto da visita<\/em>\u00bb.<br \/>\nCos\u00ec il consigliere provinciale delegato alla difesa del suolo Mattia Gosetti (Sindaco di Cibiana), che questa mattina ha partecipato all\u2019inaugurazione del servizio Trenobus delle Dolomiti, a Calalzo, in rappresentanza dell\u2019amministrazione provinciale.<\/p>\n\n\t\t\t<style type='text\/css'>\n\t\t\t\t#gallery-1 {\n\t\t\t\t\tmargin: auto;\n\t\t\t\t}\n\t\t\t\t#gallery-1 .gallery-item {\n\t\t\t\t\tfloat: left;\n\t\t\t\t\tmargin-top: 10px;\n\t\t\t\t\ttext-align: center;\n\t\t\t\t\twidth: 33%;\n\t\t\t\t}\n\t\t\t\t#gallery-1 img {\n\t\t\t\t\tborder: 2px solid #cfcfcf;\n\t\t\t\t}\n\t\t\t\t#gallery-1 .gallery-caption {\n\t\t\t\t\tmargin-left: 0;\n\t\t\t\t}\n\t\t\t\t\/* see gallery_shortcode() in wp-includes\/media.php *\/\n\t\t\t<\/style>\n\t\t<div id='gallery-1' class='dt-gallery-container gallery galleryid-279661 gallery-columns-3 gallery-size-thumbnail'><dl class='gallery-item'>\n\t\t\t\t<dt class='gallery-icon landscape'>\n\t\t\t\t\t<a class=\"rollover\" href='https:\/\/www.radiopiu.net\/wordpress\/inaugurato-il-trenobus-delle-dolomiti\/de4414f3-0fb1-4588-b3d5-59f45fa3f7dc\/'><img loading=\"lazy\" decoding=\"async\" width=\"150\" height=\"150\" src=\"https:\/\/www.radiopiu.net\/wordpress\/wp-content\/uploads\/2022\/06\/de4414f3-0fb1-4588-b3d5-59f45fa3f7dc-150x150.jpg\" class=\"attachment-thumbnail size-thumbnail\" alt=\"\" \/><\/a>\n\t\t\t\t<\/dt><\/dl><dl class='gallery-item'>\n\t\t\t\t<dt class='gallery-icon landscape'>\n\t\t\t\t\t<a class=\"rollover\" href='https:\/\/www.radiopiu.net\/wordpress\/inaugurato-il-trenobus-delle-dolomiti\/99c4c56b-9686-441a-b389-5c5ba8502faf\/'><img loading=\"lazy\" decoding=\"async\" width=\"150\" height=\"150\" src=\"https:\/\/www.radiopiu.net\/wordpress\/wp-content\/uploads\/2022\/06\/99c4c56b-9686-441a-b389-5c5ba8502faf-150x150.jpg\" class=\"attachment-thumbnail size-thumbnail\" alt=\"\" \/><\/a>\n\t\t\t\t<\/dt><\/dl><dl class='gallery-item'>\n\t\t\t\t<dt class='gallery-icon landscape'>\n\t\t\t\t\t<a class=\"rollover\" href='https:\/\/www.radiopiu.net\/wordpress\/inaugurato-il-trenobus-delle-dolomiti\/2da03681-00cd-4228-8836-61e10921aee0\/'><img loading=\"lazy\" decoding=\"async\" width=\"150\" height=\"150\" src=\"https:\/\/www.radiopiu.net\/wordpress\/wp-content\/uploads\/2022\/06\/2da03681-00cd-4228-8836-61e10921aee0-150x150.jpg\" class=\"attachment-thumbnail size-thumbnail\" alt=\"\" \/><\/a>\n\t\t\t\t<\/dt><\/dl><br style=\"clear: both\" \/>\n\t\t\t<\/div>\n\n<p><strong>DI\u00a0<\/strong><br \/>\n<span class=\"\"><span class=\"nc684nl6\"><a class=\"oajrlxb2 g5ia77u1 qu0x051f esr5mh6w e9989ue4 r7d6kgcz rq0escxv nhd2j8a9 nc684nl6 p7hjln8o kvgmc6g5 cxmmr5t8 oygrvhab hcukyx3x jb3vyjys rz4wbd8a qt6c0cv9 a8nywdso i1ao9s8h esuyzwwr f1sip0of lzcic4wl gmql0nx0 gpro0wi8\" tabindex=\"0\" role=\"link\" href=\"https:\/\/www.facebook.com\/groups\/61488111720\/user\/1148164733\/?__cft__[0]=AZWbw6z0OLRz7tEH0979AhpStGrqtj3z4Mg5topcBctWOmaGfJ4MpASbJ7hy5-q2AVR-YOEngwnahC8B-HX8HsBJPepUNjfBIiBSqn4lq7dUXZ2HKgYN3qVCVFdvnTRoOWR3V0KHMsRFxyFvCq_qE9ht&amp;__tn__=R]-R\"><span class=\"pq6dq46d\"><span class=\"d2edcug0 hpfvmrgz qv66sw1b c1et5uql lr9zc1uh a8c37x1j fe6kdd0r mau55g9w c8b282yb keod5gw0 nxhoafnm aigsh9s9 d9wwppkn mdeji52x e9vueds3 j5wam9gi lrazzd5p oo9gr5id\" dir=\"auto\">Stefano Dell&#8217;Osbel<\/span><\/span><\/a><\/span><\/span><\/p>\n<div class=\"ecm0bbzt e5nlhep0 a8c37x1j\">\n<div class=\"kvgmc6g5 cxmmr5t8 oygrvhab hcukyx3x c1et5uql\">\n<div dir=\"auto\">Questo \u00e8 un servizio dedicato a una utenza turistica e sarebbe auspicabile anche per l&#8217;Agordino, il problema \u00e8 che da noi, a parte quella della Val Biois (a dire il vero un po&#8217; ripida e sterrata) e qualche altro tratto isolato, mancano proprio le ciclabili o comunque un qualcosa che si possa considerare come un &#8220;sistema&#8221; di piste ciclabili da poter rendere appetibile a un servizio del genere. Speriamo che si possano risolvere (presto) le criticit\u00e0 che ben conosciamo&#8230; oggi son salito da Cencenighe a Malga Ciap\u00e9la (e oltre) con la ebike e tra interruzioni di viabilit\u00e0 secondaria e tratti mancanti di ciclabile \u00e8 stata una piccola odissea, spesso si \u00e8 costretti a girare per le strade principali con quel che ne consegue. Segnalo invece che sul sito di Trenitalia da poco tempo si possono acquistare biglietti unici treno+bus per destinazioni\/partenze in Agordino fino ad Arabba, mancano purtroppo Falcade e la Val Biois e i tempi delle coincidenze a Belluno non sono sempre ottimali, si pu\u00f2 comunque viaggiare, scegliendo le soluzioni adeguate, con tempi di percorrenza accettabili (foto allegata Alleghe &#8211; Venezia).<\/div>\n<div dir=\"auto\"><a class=\"dt-pswp-item\" href=\"https:\/\/www.radiopiu.net\/wordpress\/wp-content\/uploads\/2022\/06\/286186027_10223751080462166_6171577753644568899_n.jpg\" data-dt-img-description=\"\" data-large_image_width=\"261\" data-large_image_height=\"155\"><img loading=\"lazy\" decoding=\"async\" class=\"alignnone wp-image-279882 size-full\" src=\"https:\/\/www.radiopiu.net\/wordpress\/wp-content\/uploads\/2022\/06\/286186027_10223751080462166_6171577753644568899_n.jpg\" alt=\"\" width=\"261\" height=\"155\" \/><\/a><\/div>\n<\/div>\n<\/div>\n<p>&nbsp;<\/p>\n<p>&nbsp;<\/p>\n<p>*****<\/p>\n","protected":false},"excerpt":{"rendered":"<p>CALALZO \u00abQuella di oggi \u00e8 una giornata importante per il nostro territorio e la sua fruibilit\u00e0 in maniera sostenibile. Il cicloturismo \u00e8 il modo migliore per far scoprire le nostre bellezze. Ma quella di oggi \u00e8 una giornata importante anche per le sinergie. Tra aziende di trasporto, prima di tutto, Dolomitibus e Trenitalia. E tra&hellip;<\/p>\n","protected":false},"author":4,"featured_media":279668,"comment_status":"closed","ping_status":"closed","sticky":false,"template":"","format":"standard","meta":{"_monsterinsights_skip_tracking":false,"_monsterinsights_sitenote_active":false,"_monsterinsights_sitenote_note":"","_monsterinsights_sitenote_category":0,"footnotes":""},"categories":[49],"tags":[],"class_list":["post-279661","post","type-post","status-publish","format-standard","has-post-thumbnail","hentry","category-news-18","category-49","description-off"],"img_url":"https:\/\/www.radiopiu.net\/wordpress\/wp-content\/uploads\/2022\/06\/de4414f3-0fb1-4588-b3d5-59f45fa3f7dc.jpg","_links":{"self":[{"href":"https:\/\/www.radiopiu.net\/wordpress\/wp-json\/wp\/v2\/posts\/279661","targetHints":{"allow":["GET"]}}],"collection":[{"href":"https:\/\/www.radiopiu.net\/wordpress\/wp-json\/wp\/v2\/posts"}],"about":[{"href":"https:\/\/www.radiopiu.net\/wordpress\/wp-json\/wp\/v2\/types\/post"}],"author":[{"embeddable":true,"href":"https:\/\/www.radiopiu.net\/wordpress\/wp-json\/wp\/v2\/users\/4"}],"replies":[{"embeddable":true,"href":"https:\/\/www.radiopiu.net\/wordpress\/wp-json\/wp\/v2\/comments?post=279661"}],"version-history":[{"count":0,"href":"https:\/\/www.radiopiu.net\/wordpress\/wp-json\/wp\/v2\/posts\/279661\/revisions"}],"wp:featuredmedia":[{"embeddable":true,"href":"https:\/\/www.radiopiu.net\/wordpress\/wp-json\/wp\/v2\/media\/279668"}],"wp:attachment":[{"href":"https:\/\/www.radiopiu.net\/wordpress\/wp-json\/wp\/v2\/media?parent=279661"}],"wp:term":[{"taxonomy":"category","embeddable":true,"href":"https:\/\/www.radiopiu.net\/wordpress\/wp-json\/wp\/v2\/categories?post=279661"},{"taxonomy":"post_tag","embeddable":true,"href":"https:\/\/www.radiopiu.net\/wordpress\/wp-json\/wp\/v2\/tags?post=279661"}],"curies":[{"name":"wp","href":"https:\/\/api.w.org\/{rel}","templated":true}]}}