{"id":279721,"date":"2022-06-06T05:37:37","date_gmt":"2022-06-06T03:37:37","guid":{"rendered":"https:\/\/www.radiopiu.net\/wordpress\/?p=279721"},"modified":"2022-06-06T05:46:07","modified_gmt":"2022-06-06T03:46:07","slug":"vodafone-ok","status":"publish","type":"post","link":"https:\/\/www.radiopiu.net\/wordpress\/vodafone-ok\/","title":{"rendered":"RITORNA OPERATIVO VODAFONE NELLA CONCA AGORDINA"},"content":{"rendered":"<p><strong><a class=\"dt-pswp-item\" href=\"https:\/\/www.radiopiu.net\/wordpress\/wp-content\/uploads\/2021\/07\/antenne-cellulare.jpg\" data-dt-img-description=\"\" data-large_image_width=\"536\" data-large_image_height=\"354\"><img loading=\"lazy\" decoding=\"async\" class=\"size-thumbnail wp-image-224873 alignleft\" src=\"https:\/\/www.radiopiu.net\/wordpress\/wp-content\/uploads\/2021\/07\/antenne-cellulare-150x150.jpg\" alt=\"\" width=\"150\" height=\"150\" \/><\/a>REDAZIONE<\/strong> Nelle ultime ore ad Agordo e paesi limitrofi si sono verificati dei disservizi sulla rete Vodafone. Tutto \u00e8 tornato alla normalit\u00e0 negli ultimi minuti quando sono state riattivate correttamente le antenne che coprono la zona. Il problema era iniziato sabato mattina quando attorno alle 11 i clienti dell&#8217;operatore si sono ritrovati senza internet. Solo chiamate in entrata e in uscita ma con un segnale scarso che riusciva a malapena a coprire la zona. Stesso discorso anche per coloro che hanno gli operatori virtuali che usano la rete Vodafone come PosteMobile e Ho.Mobile. Una volta contattato il call center ci era stato assicurato che in giornata il problema rientrava e che i tecnici stavano lavorando per un potenziamento della rete in zona. Operatore che \u00e8 stato di parola e negli ultimi minuti il segnale \u00e8 ritornato alla normalit\u00e0. Anzi, facendo un test di velocit\u00e0 si riescono a raggiungere velocit\u00e0 superiori ai 100 mb\/s. 24 ore di disservizio ma ora tutto funziona.<\/p>\n<p>&nbsp;<\/p>\n\n\t\t\t<style type='text\/css'>\n\t\t\t\t#gallery-1 {\n\t\t\t\t\tmargin: auto;\n\t\t\t\t}\n\t\t\t\t#gallery-1 .gallery-item {\n\t\t\t\t\tfloat: left;\n\t\t\t\t\tmargin-top: 10px;\n\t\t\t\t\ttext-align: center;\n\t\t\t\t\twidth: 100%;\n\t\t\t\t}\n\t\t\t\t#gallery-1 img {\n\t\t\t\t\tborder: 2px solid #cfcfcf;\n\t\t\t\t}\n\t\t\t\t#gallery-1 .gallery-caption {\n\t\t\t\t\tmargin-left: 0;\n\t\t\t\t}\n\t\t\t\t\/* see gallery_shortcode() in wp-includes\/media.php *\/\n\t\t\t<\/style>\n\t\t<div id='gallery-1' class='dt-gallery-container gallery galleryid-279721 gallery-columns-1 gallery-size-medium'><dl class='gallery-item'>\n\t\t\t\t<dt class='gallery-icon landscape'>\n\t\t\t\t\t<a class=\"rollover rollover-zoom dt-pswp-item\" title=\"bb2bf070-cd83-43d1-870c-f890c88664e0\" data-dt-img-description=\"\" data-large_image_width=\"1024\" data-large_image_height=\"544\"href='https:\/\/www.radiopiu.net\/wordpress\/wp-content\/uploads\/2022\/06\/bb2bf070-cd83-43d1-870c-f890c88664e0.jpg'><img loading=\"lazy\" decoding=\"async\" width=\"300\" height=\"159\" src=\"https:\/\/www.radiopiu.net\/wordpress\/wp-content\/uploads\/2022\/06\/bb2bf070-cd83-43d1-870c-f890c88664e0-300x159.jpg\" class=\"attachment-medium size-medium\" alt=\"\" srcset=\"https:\/\/www.radiopiu.net\/wordpress\/wp-content\/uploads\/2022\/06\/bb2bf070-cd83-43d1-870c-f890c88664e0-300x159.jpg 300w, https:\/\/www.radiopiu.net\/wordpress\/wp-content\/uploads\/2022\/06\/bb2bf070-cd83-43d1-870c-f890c88664e0-768x408.jpg 768w, https:\/\/www.radiopiu.net\/wordpress\/wp-content\/uploads\/2022\/06\/bb2bf070-cd83-43d1-870c-f890c88664e0.jpg 1024w\" sizes=\"auto, (max-width: 300px) 100vw, 300px\" \/><\/a>\n\t\t\t\t<\/dt><\/dl><br style=\"clear: both\" \/>\n\t\t\t<\/div>\n\n<p>&nbsp;<\/p>\n<p>&nbsp;<\/p>\n<p>&nbsp;<\/p>\n<p>*****<\/p>\n","protected":false},"excerpt":{"rendered":"<p>REDAZIONE Nelle ultime ore ad Agordo e paesi limitrofi si sono verificati dei disservizi sulla rete Vodafone. Tutto \u00e8 tornato alla normalit\u00e0 negli ultimi minuti quando sono state riattivate correttamente le antenne che coprono la zona. Il problema era iniziato sabato mattina quando attorno alle 11 i clienti dell&#8217;operatore si sono ritrovati senza internet. Solo&hellip;<\/p>\n","protected":false},"author":4,"featured_media":224873,"comment_status":"closed","ping_status":"closed","sticky":false,"template":"","format":"standard","meta":{"_monsterinsights_skip_tracking":false,"_monsterinsights_sitenote_active":false,"_monsterinsights_sitenote_note":"","_monsterinsights_sitenote_category":0,"footnotes":""},"categories":[51,49],"tags":[],"class_list":["post-279721","post","type-post","status-publish","format-standard","has-post-thumbnail","hentry","category-evidenza-top","category-news-18","category-51","category-49","description-off"],"img_url":"https:\/\/www.radiopiu.net\/wordpress\/wp-content\/uploads\/2021\/07\/antenne-cellulare.jpg","_links":{"self":[{"href":"https:\/\/www.radiopiu.net\/wordpress\/wp-json\/wp\/v2\/posts\/279721","targetHints":{"allow":["GET"]}}],"collection":[{"href":"https:\/\/www.radiopiu.net\/wordpress\/wp-json\/wp\/v2\/posts"}],"about":[{"href":"https:\/\/www.radiopiu.net\/wordpress\/wp-json\/wp\/v2\/types\/post"}],"author":[{"embeddable":true,"href":"https:\/\/www.radiopiu.net\/wordpress\/wp-json\/wp\/v2\/users\/4"}],"replies":[{"embeddable":true,"href":"https:\/\/www.radiopiu.net\/wordpress\/wp-json\/wp\/v2\/comments?post=279721"}],"version-history":[{"count":0,"href":"https:\/\/www.radiopiu.net\/wordpress\/wp-json\/wp\/v2\/posts\/279721\/revisions"}],"wp:featuredmedia":[{"embeddable":true,"href":"https:\/\/www.radiopiu.net\/wordpress\/wp-json\/wp\/v2\/media\/224873"}],"wp:attachment":[{"href":"https:\/\/www.radiopiu.net\/wordpress\/wp-json\/wp\/v2\/media?parent=279721"}],"wp:term":[{"taxonomy":"category","embeddable":true,"href":"https:\/\/www.radiopiu.net\/wordpress\/wp-json\/wp\/v2\/categories?post=279721"},{"taxonomy":"post_tag","embeddable":true,"href":"https:\/\/www.radiopiu.net\/wordpress\/wp-json\/wp\/v2\/tags?post=279721"}],"curies":[{"name":"wp","href":"https:\/\/api.w.org\/{rel}","templated":true}]}}