{"id":279728,"date":"2022-06-06T04:56:46","date_gmt":"2022-06-06T02:56:46","guid":{"rendered":"https:\/\/www.radiopiu.net\/wordpress\/?p=279728"},"modified":"2022-06-06T05:50:43","modified_gmt":"2022-06-06T03:50:43","slug":"collage-operazione-nostalgia-come-direbbe-renzo-arbore-meglio-dal-vivo-che-dal-morto","status":"publish","type":"post","link":"https:\/\/www.radiopiu.net\/wordpress\/collage-operazione-nostalgia-come-direbbe-renzo-arbore-meglio-dal-vivo-che-dal-morto\/","title":{"rendered":"COLLAGE OPERAZIONE NOSTALGIA. COME DIREBBE RENZO ARBORE: MEGLIO DAL VIVO CHE DAL MORTO"},"content":{"rendered":"<p><strong><a class=\"dt-pswp-item\" href=\"https:\/\/www.radiopiu.net\/wordpress\/wp-content\/uploads\/2022\/06\/Elisa-e-Loris.jpg\" data-dt-img-description=\"\" data-large_image_width=\"579\" data-large_image_height=\"297\"><img loading=\"lazy\" decoding=\"async\" class=\"alignleft wp-image-279729 \" src=\"https:\/\/www.radiopiu.net\/wordpress\/wp-content\/uploads\/2022\/06\/Elisa-e-Loris-300x154.jpg\" alt=\"\" width=\"206\" height=\"106\" srcset=\"https:\/\/www.radiopiu.net\/wordpress\/wp-content\/uploads\/2022\/06\/Elisa-e-Loris-300x154.jpg 300w, https:\/\/www.radiopiu.net\/wordpress\/wp-content\/uploads\/2022\/06\/Elisa-e-Loris.jpg 579w\" sizes=\"auto, (max-width: 206px) 100vw, 206px\" \/><\/a>di Loris Scussel<\/strong><\/p>\n<p>Brani di musica leggera o leggerissima luned\u00ec a Collage, marted\u00ec ascolteremo le chitarre degli Shadows ma anche quelle di Santo e Johnny o Jimi Hendrix. Mercoled\u00ec David Bowie, Pink Floyd, Papa John Creach, Van Deer Graf Generator, E.L. e P. Gioved\u00ec e venerd\u00ec brani live per festeggiare il ritorno alla musica dal vivo assieme ad Elisa, finalmente dopo pi\u00f9 di due anni torneremo a suonare venerd\u00ec prossimo dalle 20,30 sotto il tendone a Rivamonte in occasione della Sagra de Sant&#8217;Antoni che si concluder\u00e0 luned\u00ec 13 giugno, sar\u00e0 la prima di quattro serate in cui oltre alla musica si potranno gustare anche i classici gnoch con la poina e altre specialit\u00e0, ovviamente vi aspettiamo numerosi. Collage va in onda dal luned\u00ec al venerd\u00ec alle 16,00 e alle 23,00 naturalmente su Radio Pi\u00f9.<\/p>\n<p>&nbsp;<\/p>\n<p>&nbsp;<\/p>\n<p>&nbsp;<\/p>\n<p>******<\/p>\n","protected":false},"excerpt":{"rendered":"<p>di Loris Scussel Brani di musica leggera o leggerissima luned\u00ec a Collage, marted\u00ec ascolteremo le chitarre degli Shadows ma anche quelle di Santo e Johnny o Jimi Hendrix. Mercoled\u00ec David Bowie, Pink Floyd, Papa John Creach, Van Deer Graf Generator, E.L. e P. Gioved\u00ec e venerd\u00ec brani live per festeggiare il ritorno alla musica dal&hellip;<\/p>\n","protected":false},"author":4,"featured_media":279729,"comment_status":"closed","ping_status":"closed","sticky":false,"template":"","format":"standard","meta":{"_monsterinsights_skip_tracking":false,"_monsterinsights_sitenote_active":false,"_monsterinsights_sitenote_note":"","_monsterinsights_sitenote_category":0,"footnotes":""},"categories":[49],"tags":[],"class_list":["post-279728","post","type-post","status-publish","format-standard","has-post-thumbnail","hentry","category-news-18","category-49","description-off"],"img_url":"https:\/\/www.radiopiu.net\/wordpress\/wp-content\/uploads\/2022\/06\/Elisa-e-Loris.jpg","_links":{"self":[{"href":"https:\/\/www.radiopiu.net\/wordpress\/wp-json\/wp\/v2\/posts\/279728","targetHints":{"allow":["GET"]}}],"collection":[{"href":"https:\/\/www.radiopiu.net\/wordpress\/wp-json\/wp\/v2\/posts"}],"about":[{"href":"https:\/\/www.radiopiu.net\/wordpress\/wp-json\/wp\/v2\/types\/post"}],"author":[{"embeddable":true,"href":"https:\/\/www.radiopiu.net\/wordpress\/wp-json\/wp\/v2\/users\/4"}],"replies":[{"embeddable":true,"href":"https:\/\/www.radiopiu.net\/wordpress\/wp-json\/wp\/v2\/comments?post=279728"}],"version-history":[{"count":0,"href":"https:\/\/www.radiopiu.net\/wordpress\/wp-json\/wp\/v2\/posts\/279728\/revisions"}],"wp:featuredmedia":[{"embeddable":true,"href":"https:\/\/www.radiopiu.net\/wordpress\/wp-json\/wp\/v2\/media\/279729"}],"wp:attachment":[{"href":"https:\/\/www.radiopiu.net\/wordpress\/wp-json\/wp\/v2\/media?parent=279728"}],"wp:term":[{"taxonomy":"category","embeddable":true,"href":"https:\/\/www.radiopiu.net\/wordpress\/wp-json\/wp\/v2\/categories?post=279728"},{"taxonomy":"post_tag","embeddable":true,"href":"https:\/\/www.radiopiu.net\/wordpress\/wp-json\/wp\/v2\/tags?post=279728"}],"curies":[{"name":"wp","href":"https:\/\/api.w.org\/{rel}","templated":true}]}}