{"id":279732,"date":"2022-06-06T04:57:04","date_gmt":"2022-06-06T02:57:04","guid":{"rendered":"https:\/\/www.radiopiu.net\/wordpress\/?p=279732"},"modified":"2022-06-06T05:50:31","modified_gmt":"2022-06-06T03:50:31","slug":"porsche-carrera-cup-la-gara-in-notturna-costa-qualche-posizione-a-fontana","status":"publish","type":"post","link":"https:\/\/www.radiopiu.net\/wordpress\/porsche-carrera-cup-la-gara-in-notturna-costa-qualche-posizione-a-fontana\/","title":{"rendered":"PORSCHE CARRERA CUP: LA GARA IN NOTTURNA COSTA QUALCHE POSIZIONE A FONTANA"},"content":{"rendered":"<p><strong><a class=\"dt-pswp-item\" href=\"https:\/\/www.radiopiu.net\/wordpress\/wp-content\/uploads\/2022\/06\/Schermata-2022-06-05-alle-10.38.51.png\" data-dt-img-description=\"\" data-large_image_width=\"1334\" data-large_image_height=\"834\"><img loading=\"lazy\" decoding=\"async\" class=\"size-thumbnail wp-image-279734 alignleft\" src=\"https:\/\/www.radiopiu.net\/wordpress\/wp-content\/uploads\/2022\/06\/Schermata-2022-06-05-alle-10.38.51-150x150.png\" alt=\"\" width=\"150\" height=\"150\" \/><\/a>MISANO\u00a0<\/strong>Si \u00e8 chiusa con un sesto posto gara 1 del Porsche Carrera Cup di Andrea Fontana. Nella gara in notturna di ieri sera il pilota di Ponte Nelle Alpi non \u00e8 partito. In terza pozione in griglia, Fontana ha dovuto fare i conti con Amati in prima posizione che al momento del via non \u00e8 riuscito a partire subito e andrea ha perso qualche posizione. Una gara che \u00e8 andata via liscia con il pilota bellunese che si \u00e8 giocato la sesta posizione. Alla fine Fontana ha chiuso al quinto posto visto che uno dei suoi avversari \u00e8 stato penalizzato per un contatto non in linea con il regolamento. Oggi alle 12:20 gara 2 con Fontana che partir\u00e0 dalla seconda posizione in griglia. Gara che si pu\u00f2 seguire in diretta su Cielo, canale 26 del digitale terrestre. <em>(foto Instagram: andreafontana_09)<\/em><\/p>\n<p>&nbsp;<\/p>\n<p>&nbsp;<\/p>\n<p>******<\/p>\n","protected":false},"excerpt":{"rendered":"<p>MISANO\u00a0Si \u00e8 chiusa con un sesto posto gara 1 del Porsche Carrera Cup di Andrea Fontana. Nella gara in notturna di ieri sera il pilota di Ponte Nelle Alpi non \u00e8 partito. In terza pozione in griglia, Fontana ha dovuto fare i conti con Amati in prima posizione che al momento del via non \u00e8&hellip;<\/p>\n","protected":false},"author":4,"featured_media":279734,"comment_status":"closed","ping_status":"closed","sticky":false,"template":"","format":"standard","meta":{"_monsterinsights_skip_tracking":false,"_monsterinsights_sitenote_active":false,"_monsterinsights_sitenote_note":"","_monsterinsights_sitenote_category":0,"footnotes":""},"categories":[104,49],"tags":[],"class_list":["post-279732","post","type-post","status-publish","format-standard","has-post-thumbnail","hentry","category-evidenza_3","category-news-18","category-104","category-49","description-off"],"img_url":"https:\/\/www.radiopiu.net\/wordpress\/wp-content\/uploads\/2022\/06\/Schermata-2022-06-05-alle-10.38.51.png","_links":{"self":[{"href":"https:\/\/www.radiopiu.net\/wordpress\/wp-json\/wp\/v2\/posts\/279732","targetHints":{"allow":["GET"]}}],"collection":[{"href":"https:\/\/www.radiopiu.net\/wordpress\/wp-json\/wp\/v2\/posts"}],"about":[{"href":"https:\/\/www.radiopiu.net\/wordpress\/wp-json\/wp\/v2\/types\/post"}],"author":[{"embeddable":true,"href":"https:\/\/www.radiopiu.net\/wordpress\/wp-json\/wp\/v2\/users\/4"}],"replies":[{"embeddable":true,"href":"https:\/\/www.radiopiu.net\/wordpress\/wp-json\/wp\/v2\/comments?post=279732"}],"version-history":[{"count":0,"href":"https:\/\/www.radiopiu.net\/wordpress\/wp-json\/wp\/v2\/posts\/279732\/revisions"}],"wp:featuredmedia":[{"embeddable":true,"href":"https:\/\/www.radiopiu.net\/wordpress\/wp-json\/wp\/v2\/media\/279734"}],"wp:attachment":[{"href":"https:\/\/www.radiopiu.net\/wordpress\/wp-json\/wp\/v2\/media?parent=279732"}],"wp:term":[{"taxonomy":"category","embeddable":true,"href":"https:\/\/www.radiopiu.net\/wordpress\/wp-json\/wp\/v2\/categories?post=279732"},{"taxonomy":"post_tag","embeddable":true,"href":"https:\/\/www.radiopiu.net\/wordpress\/wp-json\/wp\/v2\/tags?post=279732"}],"curies":[{"name":"wp","href":"https:\/\/api.w.org\/{rel}","templated":true}]}}