{"id":279816,"date":"2022-06-07T06:00:28","date_gmt":"2022-06-07T04:00:28","guid":{"rendered":"https:\/\/www.radiopiu.net\/wordpress\/?p=279816"},"modified":"2022-06-07T08:32:10","modified_gmt":"2022-06-07T06:32:10","slug":"giornale-radiopiu-07-giugno-2022-direttore-mirko-mezzacasa","status":"publish","type":"post","link":"https:\/\/www.radiopiu.net\/wordpress\/giornale-radiopiu-07-giugno-2022-direttore-mirko-mezzacasa\/","title":{"rendered":"GIORNALE RADIOPIU 07 GIUGNO 2022 DIRETTORE MIRKO MEZZACASA"},"content":{"rendered":"<h3 class=\"kvgmc6g5 cxmmr5t8 oygrvhab hcukyx3x c1et5uql\"><span style=\"color: #0000ff;\"><strong>RADIO PIU INFORMAZIONE il canale su TELEGRAM informazione di prima\u00a0 <\/strong><\/span><span style=\"color: #0000ff;\"><strong>mano e in tempo reale. iscriviti ed aiutaci a farlo conoscere\u00a0\u00a0<\/strong><\/span><\/h3>\n<hr \/>\n<p>&nbsp;<\/p>\n<blockquote>\n<h3>ACQUA NON POTABILE A\u00a0 CENCENIGHE<\/h3>\n<\/blockquote>\n<p><strong><a class=\"dt-pswp-item\" href=\"https:\/\/www.radiopiu.net\/wordpress\/wp-content\/uploads\/2018\/08\/ACQUA.jpeg\" data-dt-img-description=\"\" data-large_image_width=\"1280\" data-large_image_height=\"768\"><img loading=\"lazy\" decoding=\"async\" class=\"alignleft wp-image-57052 \" src=\"https:\/\/www.radiopiu.net\/wordpress\/wp-content\/uploads\/2018\/08\/ACQUA-300x180.jpeg\" alt=\"\" width=\"160\" height=\"96\" srcset=\"https:\/\/www.radiopiu.net\/wordpress\/wp-content\/uploads\/2018\/08\/ACQUA-300x180.jpeg 300w, https:\/\/www.radiopiu.net\/wordpress\/wp-content\/uploads\/2018\/08\/ACQUA-768x461.jpeg 768w, https:\/\/www.radiopiu.net\/wordpress\/wp-content\/uploads\/2018\/08\/ACQUA-1024x614.jpeg 1024w, https:\/\/www.radiopiu.net\/wordpress\/wp-content\/uploads\/2018\/08\/ACQUA.jpeg 1280w\" sizes=\"auto, (max-width: 160px) 100vw, 160px\" \/><\/a><\/strong><strong>CENCENIGHE<\/strong> Gestione Servizi Pubblici informa che a CENCENIGHE AGORDINO in localit\u00e0 FOCH l&#8217;acqua erogata dall&#8217;acquedotto non \u00e8 potabile e non pu\u00f2 essere usata per scopi alimentari.<\/p>\n<p>&nbsp;<\/p>\n<blockquote>\n<h3>TORNA POTABILE L&#8217;ACQUA A COLLAZ DI LIVINALLONGO<\/h3>\n<\/blockquote>\n<p><strong>LIVINALLONGO<\/strong> Gestione Servizi Pubblici informa che a LIVINALLONGO in localit\u00e0 COLLAZ, l&#8217;acqua erogata dall&#8217;acquedotto \u00e8 di nuovo potabile e pu\u00f2 essere usata, quindi, per scopi alimentari.<\/p>\n<blockquote>\n<h3 class=\"entry-title\">CHIUSURA DELLA PROVINCIALE 3 AI MEZZI PESANTI<\/h3>\n<\/blockquote>\n<p><strong>RIVAMONTE<\/strong> Veneto Strade informa che fino al 10 giugno in localit\u00e0 Le Roste di Rivamonte (Agordo Ponte Alto-Rivamonte) la strada sar\u00e0 totalmente interdetta ai mezzi pesanti con massa superiore alle 3,5 tonnellate (esclusi i pullman adibiti al trasporto di persone), sono previste per tutti brevi interruzioni fino ad un massimo di 10 minuti<\/p>\n<p><strong>COMELICO<\/strong> Dal 9 giugno al 31 luglio con esclusione dei giorni festivi e prefestivi, interruzione totale al traffico di tuti i mezzi tra Costalissoio e San Nicolo&#8217; Comelico per esbosco legname.<\/p>\n<p>&nbsp;<\/p>\n<hr \/>\n<p>&nbsp;<\/p>\n<blockquote>\n<h2>METEO, E&#8217; DI NUOVO ALLERTA GIALLO: FORTI ROVESCI<\/h2>\n<\/blockquote>\n<p><strong><a class=\"dt-pswp-item\" href=\"https:\/\/www.radiopiu.net\/wordpress\/wp-content\/uploads\/2020\/06\/FULMINE-METEO-MALTEMPO.jpg\" data-dt-img-description=\"\" data-large_image_width=\"1920\" data-large_image_height=\"1271\"><img loading=\"lazy\" decoding=\"async\" class=\"wp-image-142852 alignleft\" src=\"https:\/\/www.radiopiu.net\/wordpress\/wp-content\/uploads\/2020\/06\/FULMINE-METEO-MALTEMPO-150x150.jpg\" alt=\"\" width=\"99\" height=\"99\" \/><\/a>VENEZIA\u00a0 <\/strong>Oggi \u00e8 atteso un tempo instabile con rovesci e temporali sparsi, pi\u00f9 probabili dalle ore centrali quando non si escludono locali fenomeni intensi (forti rovesci, locali grandinate, forti raffiche di vento). Si prevede criticit\u00e0 idrogeologica dalle 10\u00a0 alla mezzanotte,\u00a0 possibilit\u00e0 d&#8217;innesco di fenomeni franosi superficiali sui versanti e la possibilit\u00e0 di innesco di colate rapide specie nelle zone di allertamento<\/p>\n<blockquote>\n<h3><a class=\"dt-pswp-item\" href=\"https:\/\/www.radiopiu.net\/wordpress\/wp-content\/uploads\/2022\/06\/68347a38-baea-4250-959a-8eb45c279f4e.jpg\" data-dt-img-description=\"\" data-large_image_width=\"1500\" data-large_image_height=\"1125\"><img loading=\"lazy\" decoding=\"async\" class=\"wp-image-279949 alignright\" src=\"https:\/\/www.radiopiu.net\/wordpress\/wp-content\/uploads\/2022\/06\/68347a38-baea-4250-959a-8eb45c279f4e-300x225.jpg\" alt=\"\" width=\"225\" height=\"169\" srcset=\"https:\/\/www.radiopiu.net\/wordpress\/wp-content\/uploads\/2022\/06\/68347a38-baea-4250-959a-8eb45c279f4e-300x225.jpg 300w, https:\/\/www.radiopiu.net\/wordpress\/wp-content\/uploads\/2022\/06\/68347a38-baea-4250-959a-8eb45c279f4e-1024x768.jpg 1024w, https:\/\/www.radiopiu.net\/wordpress\/wp-content\/uploads\/2022\/06\/68347a38-baea-4250-959a-8eb45c279f4e-768x576.jpg 768w, https:\/\/www.radiopiu.net\/wordpress\/wp-content\/uploads\/2022\/06\/68347a38-baea-4250-959a-8eb45c279f4e.jpg 1500w\" sizes=\"auto, (max-width: 225px) 100vw, 225px\" \/><\/a>I DATI DELLA STAZIONE METEO DI MEANO SUL TEMPORALE DI DOMENICA SERA<\/h3>\n<\/blockquote>\n<p><strong>REDAZIONE<\/strong> Riceviamo e pubblichiamo dei dati che ci sono arrivati da un nostro ascoltatore, Mario Paganin,\u00a0 riferiti al maltempo di domenica sera. La stazione meteo omologata si trova a Meano di Santa Giustina. Dai dati si evince che sono caduti quasi 40 mm di pioggia e la raffica di vento pi\u00f9 potente ha raggiunto i 112,7 km\/h alle 20:05. Temperature che nel giro di poco sono calate di quasi 15 gradi.<\/p>\n<p>&nbsp;<\/p>\n<hr \/>\n<p>&nbsp;<\/p>\n<blockquote>\n<h3>ANCORA NESSUNA NOTIZIA DI RENZO, MANCA DA DOMENICA<\/h3>\n<\/blockquote>\n<div class=\"dati1w0a hv4rvrfc osnr6wyh\">\n<div class=\"btwxx1t3 j83agx80 cwj9ozl2\">\n<div class=\"j83agx80 cbu4d94t ew0dbk1b irj2b8pg\">\n<div class=\"qzhwtbm6 knvmm38d\">\n<h4>l&#8217;appello<\/h4>\n<h4 class=\"gmql0nx0 l94mrbxd p1ri9a11 lzcic4wl aahdfvyu hzawbc8m\"><span class=\"nc684nl6\"><a class=\"oajrlxb2 g5ia77u1 qu0x051f esr5mh6w e9989ue4 r7d6kgcz rq0escxv nhd2j8a9 nc684nl6 p7hjln8o kvgmc6g5 cxmmr5t8 oygrvhab hcukyx3x jb3vyjys rz4wbd8a qt6c0cv9 a8nywdso i1ao9s8h esuyzwwr f1sip0of lzcic4wl gpro0wi8 oo9gr5id lrazzd5p\" tabindex=\"0\" role=\"link\" href=\"https:\/\/www.facebook.com\/CnsasVeneto\/?__cft__[0]=AZUEoeyHaWbP2ACB8UudpsN1-Qvku77zBmPnXWavadGyqloihu7dhSer515tHG4jgXQDp0nYWJLB5vOU-MdfY0gtfCQE_hbemVFnogK-UISwXoaYkErPLjUEOGlVTzoesWbhwZI0Jc9KagjDDAzu3TeG1O44XajO_Far5YAXZnwMB0oFcLCNXSZBJqEDgPSyqbXtBVs7FrXflr3X2Py_HRYU&amp;__tn__=-UC%2CP-y-R\"><strong>Soccorso Alpino e Speleologico Veneto &#8211; CNSAS<\/strong><\/a><\/span><\/h4>\n<\/div>\n<blockquote>\n<div class=\"qzhwtbm6 knvmm38d\" style=\"text-align: left;\"><img loading=\"lazy\" decoding=\"async\" class=\"alignleft\" src=\"https:\/\/www.radiopiu.net\/wordpress\/wp-content\/uploads\/2022\/06\/286208337_1872384539623804_6232043200059712620_n.jpg\" width=\"138\" height=\"145\" \/>&#8220;Stiamo cercando Renzo in Val di Zoldo, chiunque possa averlo visto \u00e8 pregato di contattare i Carabinieri.<\/div>\n<\/blockquote>\n<\/div>\n<\/div>\n<\/div>\n<div class=\"\" dir=\"auto\">\n<div class=\"\" dir=\"auto\">\n<div class=\"ecm0bbzt hv4rvrfc ihqw7lf3 dati1w0a\" data-ad-comet-preview=\"message\" data-ad-preview=\"message\">\n<div class=\"j83agx80 cbu4d94t ew0dbk1b irj2b8pg\">\n<div class=\"qzhwtbm6 knvmm38d\">\n<blockquote>\n<div class=\"cxmmr5t8 oygrvhab hcukyx3x c1et5uql o9v6fnle ii04i59q\" style=\"text-align: left;\">\n<div dir=\"auto\">Renzo, che ha 83 anni ed \u00e8 di Forno di Zoldo, \u00e8 uscito\u00a0 domenica dalla propria abitazione a Campo per una camminata senza pi\u00f9 fare ritorno. Potrebbe essersi diretto verso Casera Col Marsang e la Val di Doa o aver scelto un&#8217;altra meta, non lo sappiamo con certezza assoluta. Renzo \u00e8 alto 1 metri e 73 ed ha i capelli brizzolati e gli occhi castani. Non ne conosciamo l&#8217;abbigliamento al momento di lasciare la sua casa.<\/div>\n<\/div>\n<\/blockquote>\n<div class=\"cxmmr5t8 oygrvhab hcukyx3x c1et5uql o9v6fnle ii04i59q\">\n<blockquote>\n<div dir=\"auto\" style=\"text-align: left;\"><\/div>\n<\/blockquote>\n<\/div>\n<\/div>\n<\/div>\n<\/div>\n<\/div>\n<\/div>\n<hr \/>\n<p>&nbsp;<\/p>\n<blockquote>\n<h3>CORDATA IN DIFFICOLTA&#8217; SULLA TORRE WUNDT<\/h3>\n<\/blockquote>\n<p><strong><a class=\"dt-pswp-item\" href=\"https:\/\/www.radiopiu.net\/wordpress\/wp-content\/uploads\/2022\/04\/soccorso-alpino-1024x602-1.jpg\" data-dt-img-description=\"\" data-large_image_width=\"1024\" data-large_image_height=\"602\"><img loading=\"lazy\" decoding=\"async\" class=\" wp-image-270917 alignleft\" src=\"https:\/\/www.radiopiu.net\/wordpress\/wp-content\/uploads\/2022\/04\/soccorso-alpino-1024x602-1-150x150.jpg\" alt=\"\" width=\"105\" height=\"105\" \/><\/a>AURONZO DI CADORE<\/strong> Domenica sera verso le 21.45 \u00e8 scattato l&#8217;allarme per una cordata di tre alpinisti in difficolt\u00e0 sulla Torre Wundt, sui Cadini di Misurina. I tre trentenni, un inglese, uno statunitense e un&#8217;australiana, avevano scalato la Via Mazzorana. Arrivati in cima, non erano riusciti a trovare gli ancoraggi della discesa e si erano calati dalla via appena finita. Lungo il percorso avevano incontrato delle difficolt\u00e0, si erano attardati e sull&#8217;ultima calata le corde erano rimaste incastrate nella roccia. Non ultimo il forte temporale mentre erano in parete. Due squadre del Soccorso alpino di Auronzo, assieme a una squadra del Soccorso alpino della Guardia di finanza di Auronzo, sono partite e hanno raggiunto l&#8217;attacco, dove hanno visto scendere i tre scalatori che erano riusciti da soli a togliersi dai guai. I soccorritori sono quindi rientrati con loro ai mezzi. Poich\u00e9 gli ancoraggi della calata dalla Torre Wundt non sono immediatamente visibili, capita spesso che gli alpinisti rientrino dalla via appena scalata. Nelle relazioni il punto si trova ben precisato, l&#8217;anello di calata si raggiunge qualche metro sotto la cima.<\/p>\n<p>&nbsp;<\/p>\n<hr \/>\n<div class=\"page-title-head hgroup\">\n<blockquote>\n<h3 class=\"entry-title\">PRECIPITA CON IL PARAPENDIO, PILOTA ILLESO<\/h3>\n<\/blockquote>\n<\/div>\n<div class=\"page-title-breadcrumbs\"><img loading=\"lazy\" decoding=\"async\" class=\"alignleft\" src=\"https:\/\/www.radiopiu.net\/wordpress\/wp-content\/uploads\/2022\/06\/parachute-1843350__480.jpg\" width=\"181\" height=\"113\" \/><strong>BORSO DEL GRAPPA<\/strong> Ieri attorno a mezzogiorno la Centrale del Suem ha allertato il Soccorso alpino della Pedemontana del Grappa, per un parapendio precipitato poco dopo il decollo dai Tappeti a Semonzo. Dalle prime informazioni sembrava che il pilota, un olandese di 67 anni, fosse illeso, ma in via precauzionale, oltre a una squadra di soccorritori, \u00e8 stata inviata anche un&#8217;ambulanza del Suem di Crespano. Giunti sul posto, una cinquantina di metri sotto il decollo, i soccorritori sono saliti con tecniche di tree climbing su due distinte piante, poich\u00e9 la vela era rimasta bloccata su una, mentre l&#8217;uomo si trovava sospeso tra i due alberi a 10 metri di altezza. Dopo averlo assicurato, i tecnici hanno quindi calato a terra l&#8217;uomo che non aveva fortunatamente riportato conseguenze.<\/div>\n<p>&nbsp;<\/p>\n<hr \/>\n<p>&nbsp;<\/p>\n<blockquote>\n<h3>CADE CON L&#8217;E-BIKE E SI INFORTUNA<\/h3>\n<\/blockquote>\n<p><strong><a class=\"dt-pswp-item\" href=\"https:\/\/www.radiopiu.net\/wordpress\/wp-content\/uploads\/2018\/08\/soccorsoalpino.jpg\" data-dt-img-description=\"\" data-large_image_width=\"1200\" data-large_image_height=\"1200\"><img loading=\"lazy\" decoding=\"async\" class=\"size-thumbnail wp-image-59164 alignleft\" src=\"https:\/\/www.radiopiu.net\/wordpress\/wp-content\/uploads\/2018\/08\/soccorsoalpino-150x150.jpg\" alt=\"\" width=\"150\" height=\"150\" srcset=\"https:\/\/www.radiopiu.net\/wordpress\/wp-content\/uploads\/2018\/08\/soccorsoalpino-150x150.jpg 150w, https:\/\/www.radiopiu.net\/wordpress\/wp-content\/uploads\/2018\/08\/soccorsoalpino-300x300.jpg 300w, https:\/\/www.radiopiu.net\/wordpress\/wp-content\/uploads\/2018\/08\/soccorsoalpino-768x768.jpg 768w, https:\/\/www.radiopiu.net\/wordpress\/wp-content\/uploads\/2018\/08\/soccorsoalpino-1024x1024.jpg 1024w, https:\/\/www.radiopiu.net\/wordpress\/wp-content\/uploads\/2018\/08\/soccorsoalpino.jpg 1200w\" sizes=\"auto, (max-width: 150px) 100vw, 150px\" \/><\/a>TAMBRE <\/strong>Ieri a<span class=\"s1\">\u00a0mezzogiorno il Soccorso alpino dell&#8217;Alpago \u00e8 stato attivato per un ciclista caduto in un fossato in Val Scura. A dare l&#8217;allarme un passante, che lo aveva visto a lato della sterrata ed era corso in Pian Osteria in cerca di copertura telefonica, per contattare il 118. L&#8217;uomo, che stava scendendo da solo da Crosetta con la propria mountain bike a pedalata assistita, aveva riportato nella caduta un sospetto politrauma. Raggiunto da un soccorritore assieme al personale dell&#8217;ambulanza dell&#8217;Eva Alpago, l&#8217;infortunato \u00e8 stato stabilizzato e poi spostato in una radura per essere trasferito nell&#8217;elicottero del Suem di Pieve di Cadore, decollato in direzione dell&#8217;ospedale di Belluno.<\/span><\/p>\n<p>&nbsp;<\/p>\n<p>&nbsp;<\/p>\n<p>&nbsp;<\/p>\n<hr \/>\n<p>&nbsp;<\/p>\n<blockquote>\n<h3>SCHIANTO DI ABETI, STRAGE DI PECORE A CANALE D&#8217;AGORDO<\/h3>\n<\/blockquote>\n<p><strong>CANALE D&#8217;AGORDO<\/strong> Chiamala se vuoi sfortuna, difficile trovare altre parole per giustificare la morte di\u00a0 sette pecore vittime del temporale di\u00a0 domenica sera in Valle del Biois dove il vento ha causato danni in serie, non solo lo scoperchiamento di un tetto a Tabiadon di Valt a Falcade, o gli alberi caduti al San Pellegrino che hanno creato qualche problema alla viabilit\u00e0.\u00a0 Purtroppo ieri mattina la triste scoperta:\u00a0 la strage di pecore nei prati del paese. Il vento, infatti ha sradicato cinque abeti, sotto era stato messo al riparo, nessuno poteva prevedere il peggio, un\u00a0 gregge di pecore di propriet\u00e0 di Mauro De Martin, il titolare con la famiglia di Malga Stia in cima alla Valle di Gares. L&#8217;episodio proprio in centro al paese, difronte agli impianti sportivi (stadio di ghiaccio invernale). <em>&#8220;Incredibile &#8211; dice Mauro &#8220;mauret&#8221; De Martin &#8211; con Vaia quegli abeti non si sono piegati, con il vento di domenica sera inaspettatamente si sono abbattuti sul gregge (circa 900 pecore), sette purtroppo sono rimaste schiacciate.&#8221;<\/em><\/p>\n<p><img decoding=\"async\" src=\"https:\/\/www.radiopiu.net\/wordpress\/wp-content\/uploads\/2022\/06\/f3c1f52d-27eb-4678-b16b-15e5ee68e220.jpg\" \/><\/p>\n<p>&nbsp;<\/p>\n<hr \/>\n<p>&nbsp;<\/p>\n<blockquote>\n<h3>ARRESTATO UN BELLUNESE, HA FORZATO IL POSTO DI BLOCCO E FERITO L&#8217;ISPETTORE DELLA POLIZIA<\/h3>\n<\/blockquote>\n<p><strong><img loading=\"lazy\" decoding=\"async\" class=\"alignleft\" src=\"https:\/\/www.radiopiu.net\/wordpress\/wp-content\/uploads\/2022\/05\/POLIZIA-1.jpg\" width=\"237\" height=\"133\" \/>BELLUNO<\/strong>\u00a0 Un ispettore della Questura di Belluno, ieri impegnato in un posto di blocco ha dovuto ricorrere alle cure dei sanitari. E&#8217; rimasto lievemente ferito mentre chiedeva i documenti ad un giovane appena fermato per un controllo,\u00a0 nel pomeriggio di ieri alle 16 ad Orzes. Infatti,\u00a0 l&#8217;uomo ha dato improvvisamente gas alla vettura ripartendo. Forzato il posto di blocco \u00e8 iniziato l&#8217;inseguimento per tutta via Vittorio Veneto e fino a Ponte nelle Alpi dove ha fatto perdere le proprie tracce,\u00a0 tra l&#8217;altro senza curarsi delle telecamere leggi targa da poco installate dal Comune. Poco dopo ha ripreso la fuga verso la Sinistra Piave.\u00a0 Le Volanti lo hanno intercettato nell&#8217;area del rione di S.Caterina e lo hanno bloccato e trasferito in Questura. Ora dovr\u00e0 rispondere di resistenza a pubblico ufficiale e lesioni e per questo trasferito nel carcere di Baldenich.<\/p>\n<p>&nbsp;<\/p>\n<p>&nbsp;<\/p>\n<hr \/>\n<p>&nbsp;<\/p>\n<blockquote>\n<h3>LA FRANA DI DAGAREI IN MOVIMENTO? LA COLORAZIONE DELL&#8217;ACQUA AVVALORA L&#8217;IPOTESI<\/h3>\n<\/blockquote>\n<blockquote><p><em> <strong><a class=\"dt-pswp-item\" href=\"https:\/\/www.radiopiu.net\/wordpress\/wp-content\/uploads\/2022\/06\/7426dec5-9989-445a-a7ce-c25801f54b7f.jpg\" data-dt-img-description=\"\" data-large_image_width=\"1200\" data-large_image_height=\"1600\"><img loading=\"lazy\" decoding=\"async\" class=\"wp-image-280119 alignleft\" src=\"https:\/\/www.radiopiu.net\/wordpress\/wp-content\/uploads\/2022\/06\/7426dec5-9989-445a-a7ce-c25801f54b7f.jpg\" alt=\"\" width=\"166\" height=\"221\" srcset=\"https:\/\/www.radiopiu.net\/wordpress\/wp-content\/uploads\/2022\/06\/7426dec5-9989-445a-a7ce-c25801f54b7f.jpg 1200w, https:\/\/www.radiopiu.net\/wordpress\/wp-content\/uploads\/2022\/06\/7426dec5-9989-445a-a7ce-c25801f54b7f-225x300.jpg 225w, https:\/\/www.radiopiu.net\/wordpress\/wp-content\/uploads\/2022\/06\/7426dec5-9989-445a-a7ce-c25801f54b7f-768x1024.jpg 768w, https:\/\/www.radiopiu.net\/wordpress\/wp-content\/uploads\/2022\/06\/7426dec5-9989-445a-a7ce-c25801f54b7f-1152x1536.jpg 1152w\" sizes=\"auto, (max-width: 166px) 100vw, 166px\" \/><\/a><\/strong>La frana di Dagarei, ha il piede nell&#8217;omonima valle a circa 1400 mslm. La valle continua in alto oltre il piede della frana e nel 2018, con Vaia si \u00e8 creato un nuovo movimento franoso in alto che poi \u00e8 sceso ed ha destabilizzato tutta la valle di Dagarei sottostante, compreso il piede della frana<\/em><\/p><\/blockquote>\n<p><strong>LA VALLE<\/strong> Il torrente Missiaga che scende dalla val di Dagarei in seguito agli ultimi eventi meteorologici ha assunto una colorazione color caff\u00e8 latte che porta a pensare anche ad una possibile frana in movimento. Di sicuro non \u00e8 sporca per i lavori in corso, in quanto a fondovalle di Dagarei, ai Castelet, non c&#8217;\u00e8 argilla rossa che al contrario la si nota solo\u00a0 in mezzo alla frana di Dagarei. Nella galleria fotogratica il\u00a0 cantiere di difesa idrogeologica nella zona di esondazione. Immagini riprese appena prima del fortunale di ieri sera, 05 giugno 2022.<\/p>\n\n\t\t\t<style type='text\/css'>\n\t\t\t\t#gallery-1 {\n\t\t\t\t\tmargin: auto;\n\t\t\t\t}\n\t\t\t\t#gallery-1 .gallery-item {\n\t\t\t\t\tfloat: left;\n\t\t\t\t\tmargin-top: 10px;\n\t\t\t\t\ttext-align: center;\n\t\t\t\t\twidth: 20%;\n\t\t\t\t}\n\t\t\t\t#gallery-1 img {\n\t\t\t\t\tborder: 2px solid #cfcfcf;\n\t\t\t\t}\n\t\t\t\t#gallery-1 .gallery-caption {\n\t\t\t\t\tmargin-left: 0;\n\t\t\t\t}\n\t\t\t\t\/* see gallery_shortcode() in wp-includes\/media.php *\/\n\t\t\t<\/style>\n\t\t<div id='gallery-1' class='dt-gallery-container gallery galleryid-279816 gallery-columns-5 gallery-size-thumbnail'><dl class='gallery-item'>\n\t\t\t\t<dt class='gallery-icon portrait'>\n\t\t\t\t\t<a class=\"rollover rollover-zoom dt-pswp-item\" title=\"a285df73-56d5-45a7-8c61-36ec4ed69002\" data-dt-img-description=\"\" data-large_image_width=\"1536\" data-large_image_height=\"2048\"href='https:\/\/www.radiopiu.net\/wordpress\/wp-content\/uploads\/2022\/06\/a285df73-56d5-45a7-8c61-36ec4ed69002.jpg'><img loading=\"lazy\" decoding=\"async\" width=\"150\" height=\"150\" src=\"https:\/\/www.radiopiu.net\/wordpress\/wp-content\/uploads\/2022\/06\/a285df73-56d5-45a7-8c61-36ec4ed69002-150x150.jpg\" class=\"attachment-thumbnail size-thumbnail\" alt=\"\" \/><\/a>\n\t\t\t\t<\/dt><\/dl><dl class='gallery-item'>\n\t\t\t\t<dt class='gallery-icon landscape'>\n\t\t\t\t\t<a class=\"rollover rollover-zoom dt-pswp-item\" title=\"08e7872f-34c6-4a11-84a2-aa00ab694fa1\" data-dt-img-description=\"\" data-large_image_width=\"1600\" data-large_image_height=\"1200\"href='https:\/\/www.radiopiu.net\/wordpress\/wp-content\/uploads\/2022\/06\/08e7872f-34c6-4a11-84a2-aa00ab694fa1.jpg'><img loading=\"lazy\" decoding=\"async\" width=\"150\" height=\"150\" src=\"https:\/\/www.radiopiu.net\/wordpress\/wp-content\/uploads\/2022\/06\/08e7872f-34c6-4a11-84a2-aa00ab694fa1-150x150.jpg\" class=\"attachment-thumbnail size-thumbnail\" alt=\"\" \/><\/a>\n\t\t\t\t<\/dt><\/dl><dl class='gallery-item'>\n\t\t\t\t<dt class='gallery-icon landscape'>\n\t\t\t\t\t<a class=\"rollover rollover-zoom dt-pswp-item\" title=\"5be9e108-dbfa-4457-aaa1-371fb25873b5\" data-dt-img-description=\"\" data-large_image_width=\"1600\" data-large_image_height=\"1200\"href='https:\/\/www.radiopiu.net\/wordpress\/wp-content\/uploads\/2022\/06\/5be9e108-dbfa-4457-aaa1-371fb25873b5.jpg'><img loading=\"lazy\" decoding=\"async\" width=\"150\" height=\"150\" src=\"https:\/\/www.radiopiu.net\/wordpress\/wp-content\/uploads\/2022\/06\/5be9e108-dbfa-4457-aaa1-371fb25873b5-150x150.jpg\" class=\"attachment-thumbnail size-thumbnail\" alt=\"\" \/><\/a>\n\t\t\t\t<\/dt><\/dl><dl class='gallery-item'>\n\t\t\t\t<dt class='gallery-icon landscape'>\n\t\t\t\t\t<a class=\"rollover rollover-zoom dt-pswp-item\" title=\"8fa2055d-b397-46bf-bf0d-82769359ab77\" data-dt-img-description=\"\" data-large_image_width=\"1600\" data-large_image_height=\"1200\"href='https:\/\/www.radiopiu.net\/wordpress\/wp-content\/uploads\/2022\/06\/8fa2055d-b397-46bf-bf0d-82769359ab77.jpg'><img loading=\"lazy\" decoding=\"async\" width=\"150\" height=\"150\" src=\"https:\/\/www.radiopiu.net\/wordpress\/wp-content\/uploads\/2022\/06\/8fa2055d-b397-46bf-bf0d-82769359ab77-150x150.jpg\" class=\"attachment-thumbnail size-thumbnail\" alt=\"\" \/><\/a>\n\t\t\t\t<\/dt><\/dl><dl class='gallery-item'>\n\t\t\t\t<dt class='gallery-icon landscape'>\n\t\t\t\t\t<a class=\"rollover rollover-zoom dt-pswp-item\" title=\"54564b0e-9a75-4e0d-9636-01f2801f7716\" data-dt-img-description=\"\" data-large_image_width=\"1600\" data-large_image_height=\"1200\"href='https:\/\/www.radiopiu.net\/wordpress\/wp-content\/uploads\/2022\/06\/54564b0e-9a75-4e0d-9636-01f2801f7716.jpg'><img loading=\"lazy\" decoding=\"async\" width=\"150\" height=\"150\" src=\"https:\/\/www.radiopiu.net\/wordpress\/wp-content\/uploads\/2022\/06\/54564b0e-9a75-4e0d-9636-01f2801f7716-150x150.jpg\" class=\"attachment-thumbnail size-thumbnail\" alt=\"\" \/><\/a>\n\t\t\t\t<\/dt><\/dl><br style=\"clear: both\" \/>\n\t\t\t<\/div>\n\n<p>&nbsp;<\/p>\n<p><strong>ARCHIVIO RADIO PIU 3 GIUGNO 2021<\/strong><\/p>\n<blockquote>\n<h3>ALTA VAL DAGAREI, QUELLO CHE RIMANE DOPO LA TEMPESTA VAIA<\/h3>\n<\/blockquote>\n<p><strong><a href=\"https:\/\/www.radiopiu.net\/wordpress\/alta-val-dagarei-quello-che-rimane-dopo-la-tempesta-vaia\/24651715-3293-4a9b-81e3-ff2c8abea71c\/\" rel=\"attachment wp-att-213571\"><img loading=\"lazy\" decoding=\"async\" class=\" wp-image-213571 alignleft\" src=\"https:\/\/www.radiopiu.net\/wordpress\/wp-content\/uploads\/2021\/06\/24651715-3293-4a9b-81e3-ff2c8abea71c-300x256.jpg\" alt=\"\" width=\"189\" height=\"161\" srcset=\"https:\/\/www.radiopiu.net\/wordpress\/wp-content\/uploads\/2021\/06\/24651715-3293-4a9b-81e3-ff2c8abea71c-300x256.jpg 300w, https:\/\/www.radiopiu.net\/wordpress\/wp-content\/uploads\/2021\/06\/24651715-3293-4a9b-81e3-ff2c8abea71c-1024x875.jpg 1024w, https:\/\/www.radiopiu.net\/wordpress\/wp-content\/uploads\/2021\/06\/24651715-3293-4a9b-81e3-ff2c8abea71c-768x656.jpg 768w, https:\/\/www.radiopiu.net\/wordpress\/wp-content\/uploads\/2021\/06\/24651715-3293-4a9b-81e3-ff2c8abea71c.jpg 1442w\" sizes=\"auto, (max-width: 189px) 100vw, 189px\" \/><\/a>di Tiziano De Col<\/strong><\/p>\n<p><strong>LA VALLE <\/strong>Siamo in alta Val Dagarei, sotto la Forcella Dagarei. Prima di &#8220;Vaia&#8221; c&#8217;erano boschi, baite e prati, questo il risultato dopo il passaggio della tempesta nel 2018.<\/p>\n<p>La Val Dagarei ha la sua testata nella zona di Forcella Dagarei. Nel tratto dell&#8217; Alta via n 1 che da Pian di Calleda (sulla SP347 del Cereda e Duran) porta a Malga Moschesin e Malga Pramperet. E&#8217; sulle pendici del Col Menadar che danno verso il torrente Missiaga e non c&#8217;entra con la pi\u00f9 nota e classificata Frana di Dagarei. Questo \u00e8 un nuovo dissesto posto pi\u00f9 in alto della citata frana e che va a impattare anche sulla stabilit\u00e0 della Frana di Dagarei sottostante e su tutta la valle di Dagarei e dell&#8217;Alghera sottostante fino al torrente Missiaga, dove , alla confluenza, si trova l&#8217;opera di presa della centralina del Missiga e dove gli eventi di Vaia avevano provocato una esondazione con trasporto di massi ciclopici provenienti dalla media Valle di Dagarei, da una zona sottostante alle due frane citate. L&#8217;esondazione aveva anche interessato la SP 347 del Duran , al km 37,200 circa, intasando la carreggiata e travolgendo alcune baite poco pi\u00f9 a monte.<\/p>\n<p>&nbsp;<\/p>\n<p>&nbsp;<\/p>\n<p>&nbsp;<\/p>\n<hr \/>\n<p>&nbsp;<\/p>\n<blockquote>\n<h3><a class=\"dt-pswp-item\" href=\"https:\/\/www.radiopiu.net\/wordpress\/wp-content\/uploads\/2021\/07\/gallery_H05050102.png\" data-dt-img-description=\"\" data-large_image_width=\"600\" data-large_image_height=\"600\"><img loading=\"lazy\" decoding=\"async\" class=\" wp-image-219312 alignleft\" src=\"https:\/\/www.radiopiu.net\/wordpress\/wp-content\/uploads\/2021\/07\/gallery_H05050102-150x150.png\" alt=\"\" width=\"111\" height=\"111\" srcset=\"https:\/\/www.radiopiu.net\/wordpress\/wp-content\/uploads\/2021\/07\/gallery_H05050102-150x150.png 150w, https:\/\/www.radiopiu.net\/wordpress\/wp-content\/uploads\/2021\/07\/gallery_H05050102-300x300.png 300w, https:\/\/www.radiopiu.net\/wordpress\/wp-content\/uploads\/2021\/07\/gallery_H05050102.png 600w\" sizes=\"auto, (max-width: 111px) 100vw, 111px\" \/><\/a>COVID: SEMPRE MENO CASI, PURTROPPO ANCORA DUE DECESSI IN SETTE GIORNI, AD AGORDO SOSPESI PER PRECAUZIONE GLI INTERVENTI NON URGENTI IN ORTOPEDIA, SCOPERTE ALCUNE POSITIVITA&#8217;, VIA AL PROTOCOLLO REGIONALE CON TAMPONI E VERIFICHE SUL PERSONALE E PAZIENTI<\/h3>\n<p>&nbsp;<\/p><\/blockquote>\n<p><strong>REDAZIONE<\/strong> Anche nell&#8217;ultima settimana si registra una diminuzione dei nuovi casi di covid: 275 (-63 rispetto\u00a0 a sette giorni fa), con un conseguente tasso di incidenza settimanale di 138 casi su 100 mila abitanti, in diminuzione rispetto alla settimana precedente e inferiore all&#8217;incidenza nazionale (193 su 100 mila abitanti). Sempre pi\u00f9 Comuni si presentano colorati di bianco, ovvero senza nuovi casi in sette giorni. Fanno eccezione Cibiana, San Nicolo&#8217; Comelico e Danta di Cadore dove il numero di nuovi casi \u00e8 ancora piuttosto alto: 1000-2000 ogni 100 mila abitanti. Tutti gli altri Comuni si decolorano di settimana in settimana. I nuovi casi si collocano prevalentemente nelle fasce centrali 25-64 anni e in particolare nella fascia 45-64 anni. Negli ultimi sette giorni due decessi: due donne di 81 ed 87 anni. Sono attualmente ricoverati 10 pazienti in area non critica, 5 negli ospedali di comunit\u00e0 e uno in terapia intensiva<\/p>\n\n\t\t\t<style type='text\/css'>\n\t\t\t\t#gallery-2 {\n\t\t\t\t\tmargin: auto;\n\t\t\t\t}\n\t\t\t\t#gallery-2 .gallery-item {\n\t\t\t\t\tfloat: left;\n\t\t\t\t\tmargin-top: 10px;\n\t\t\t\t\ttext-align: center;\n\t\t\t\t\twidth: 33%;\n\t\t\t\t}\n\t\t\t\t#gallery-2 img {\n\t\t\t\t\tborder: 2px solid #cfcfcf;\n\t\t\t\t}\n\t\t\t\t#gallery-2 .gallery-caption {\n\t\t\t\t\tmargin-left: 0;\n\t\t\t\t}\n\t\t\t\t\/* see gallery_shortcode() in wp-includes\/media.php *\/\n\t\t\t<\/style>\n\t\t<div id='gallery-2' class='dt-gallery-container gallery galleryid-279816 gallery-columns-3 gallery-size-medium'><dl class='gallery-item'>\n\t\t\t\t<dt class='gallery-icon landscape'>\n\t\t\t\t\t<a class=\"rollover rollover-zoom dt-pswp-item\" title=\"d62d00ec-b1b6-4f98-bef2-dd79e2fd7590\" data-dt-img-description=\"\" data-large_image_width=\"992\" data-large_image_height=\"650\"href='https:\/\/www.radiopiu.net\/wordpress\/wp-content\/uploads\/2022\/06\/d62d00ec-b1b6-4f98-bef2-dd79e2fd7590.jpg'><img loading=\"lazy\" decoding=\"async\" width=\"300\" height=\"197\" src=\"https:\/\/www.radiopiu.net\/wordpress\/wp-content\/uploads\/2022\/06\/d62d00ec-b1b6-4f98-bef2-dd79e2fd7590-300x197.jpg\" class=\"attachment-medium size-medium\" alt=\"\" srcset=\"https:\/\/www.radiopiu.net\/wordpress\/wp-content\/uploads\/2022\/06\/d62d00ec-b1b6-4f98-bef2-dd79e2fd7590-300x197.jpg 300w, https:\/\/www.radiopiu.net\/wordpress\/wp-content\/uploads\/2022\/06\/d62d00ec-b1b6-4f98-bef2-dd79e2fd7590-768x503.jpg 768w, https:\/\/www.radiopiu.net\/wordpress\/wp-content\/uploads\/2022\/06\/d62d00ec-b1b6-4f98-bef2-dd79e2fd7590.jpg 992w\" sizes=\"auto, (max-width: 300px) 100vw, 300px\" \/><\/a>\n\t\t\t\t<\/dt><\/dl><dl class='gallery-item'>\n\t\t\t\t<dt class='gallery-icon portrait'>\n\t\t\t\t\t<a class=\"rollover rollover-zoom dt-pswp-item\" title=\"8d3c79be-3519-48bb-a2cb-78956a35f208\" data-dt-img-description=\"\" data-large_image_width=\"968\" data-large_image_height=\"999\"href='https:\/\/www.radiopiu.net\/wordpress\/wp-content\/uploads\/2022\/06\/8d3c79be-3519-48bb-a2cb-78956a35f208.jpg'><img loading=\"lazy\" decoding=\"async\" width=\"291\" height=\"300\" src=\"https:\/\/www.radiopiu.net\/wordpress\/wp-content\/uploads\/2022\/06\/8d3c79be-3519-48bb-a2cb-78956a35f208-291x300.jpg\" class=\"attachment-medium size-medium\" alt=\"\" srcset=\"https:\/\/www.radiopiu.net\/wordpress\/wp-content\/uploads\/2022\/06\/8d3c79be-3519-48bb-a2cb-78956a35f208-291x300.jpg 291w, https:\/\/www.radiopiu.net\/wordpress\/wp-content\/uploads\/2022\/06\/8d3c79be-3519-48bb-a2cb-78956a35f208-768x793.jpg 768w, https:\/\/www.radiopiu.net\/wordpress\/wp-content\/uploads\/2022\/06\/8d3c79be-3519-48bb-a2cb-78956a35f208.jpg 968w\" sizes=\"auto, (max-width: 291px) 100vw, 291px\" \/><\/a>\n\t\t\t\t<\/dt><\/dl><dl class='gallery-item'>\n\t\t\t\t<dt class='gallery-icon landscape'>\n\t\t\t\t\t<a class=\"rollover rollover-zoom dt-pswp-item\" title=\"ffa0bcaf-8109-45eb-a2a4-2e691970b39e\" data-dt-img-description=\"\" data-large_image_width=\"832\" data-large_image_height=\"549\"href='https:\/\/www.radiopiu.net\/wordpress\/wp-content\/uploads\/2022\/06\/ffa0bcaf-8109-45eb-a2a4-2e691970b39e.jpg'><img loading=\"lazy\" decoding=\"async\" width=\"300\" height=\"198\" src=\"https:\/\/www.radiopiu.net\/wordpress\/wp-content\/uploads\/2022\/06\/ffa0bcaf-8109-45eb-a2a4-2e691970b39e-300x198.jpg\" class=\"attachment-medium size-medium\" alt=\"\" srcset=\"https:\/\/www.radiopiu.net\/wordpress\/wp-content\/uploads\/2022\/06\/ffa0bcaf-8109-45eb-a2a4-2e691970b39e-300x198.jpg 300w, https:\/\/www.radiopiu.net\/wordpress\/wp-content\/uploads\/2022\/06\/ffa0bcaf-8109-45eb-a2a4-2e691970b39e-768x507.jpg 768w, https:\/\/www.radiopiu.net\/wordpress\/wp-content\/uploads\/2022\/06\/ffa0bcaf-8109-45eb-a2a4-2e691970b39e.jpg 832w\" sizes=\"auto, (max-width: 300px) 100vw, 300px\" \/><\/a>\n\t\t\t\t<\/dt><\/dl><br style=\"clear: both\" \/>\n\t\t\t<\/div>\n\n<p>&nbsp;<\/p>\n<hr \/>\n<p>&nbsp;<\/p>\n<p><a class=\"dt-pswp-item\" href=\"https:\/\/www.radiopiu.net\/wordpress\/wp-content\/uploads\/2022\/06\/Giornata-della-sicurezza-alimentare_consigli.png\" data-dt-img-description=\"\" data-large_image_width=\"1587\" data-large_image_height=\"2245\"><img loading=\"lazy\" decoding=\"async\" class=\"wp-image-280054 size-medium alignleft\" src=\"https:\/\/www.radiopiu.net\/wordpress\/wp-content\/uploads\/2022\/06\/Giornata-della-sicurezza-alimentare_consigli-212x300.png\" alt=\"\" width=\"212\" height=\"300\" srcset=\"https:\/\/www.radiopiu.net\/wordpress\/wp-content\/uploads\/2022\/06\/Giornata-della-sicurezza-alimentare_consigli-212x300.png 212w, https:\/\/www.radiopiu.net\/wordpress\/wp-content\/uploads\/2022\/06\/Giornata-della-sicurezza-alimentare_consigli-724x1024.png 724w, https:\/\/www.radiopiu.net\/wordpress\/wp-content\/uploads\/2022\/06\/Giornata-della-sicurezza-alimentare_consigli-768x1086.png 768w, https:\/\/www.radiopiu.net\/wordpress\/wp-content\/uploads\/2022\/06\/Giornata-della-sicurezza-alimentare_consigli-1086x1536.png 1086w, https:\/\/www.radiopiu.net\/wordpress\/wp-content\/uploads\/2022\/06\/Giornata-della-sicurezza-alimentare_consigli-1448x2048.png 1448w, https:\/\/www.radiopiu.net\/wordpress\/wp-content\/uploads\/2022\/06\/Giornata-della-sicurezza-alimentare_consigli.png 1587w\" sizes=\"auto, (max-width: 212px) 100vw, 212px\" \/><\/a><strong>OGGI LA GIORNATA MONDIALE DELLA SICUREZZA ALIMENTARE\u00a0<\/strong><\/p>\n<p><strong>BELLUNO<\/strong> Oggi \u00a0si celebra nel mondo la Giornata Mondiale della Sicurezza Alimentare, un\u2019occasione per accrescere la consapevolezza dell\u2019importanza della sicurezza alimentare. L\u2019Ulss Dolomiti contribuisce a questa rete di garanzie a tutela della salute dei consumatori attraverso il Dipartimento di Prevenzione, che coordina secondo l\u2019approccio \u201cOne Health\u201d l\u2019attivit\u00e0 sul campo del Servizio Igiene degli Alimenti e della Nutrizione (SIAN) e dei tre Servizi Veterinari &#8211; Servizio Veterinario Igiene Alimenti di Origine Animale e loro derivati (SIAOA), Servizio Veterinario di Sanit\u00e0 Animale (SSA) e Servizio Veterinario Igiene degli Allevamenti e delle Produzioni Zootecniche (SIAPZ). Essi svolgono un\u2019intensa attivit\u00e0 di vigilanza e controlli\u00a0 lungo l\u2019intera filiera di produzione, trasformazione e somministrazione degli alimenti che originano dal nostro territorio, dalla produzione primaria (coltivazione, allevamento, caccia e pesca..) fino al consumatore finale, con particolare attenzione anche alle sue abitudini alimentari.<u><\/u><\/p>\n<p>&nbsp;<\/p>\n<hr \/>\n<p>&nbsp;<\/p>\n<blockquote>\n<blockquote>\n<h3>IERI SERA CONSIGLIO COMUNALE, APPROVATO IL RENDICONTO, I DUE CONSIGLIERI DI MINORANZA ASSICURANO IL NUMERO LEGALE.<\/h3>\n<\/blockquote>\n<p><strong>AGORDO<\/strong> Giulio Favretti, il vicesindaco, un mese fa aveva minacciato le dimissioni se entro 30 giorni non si fosse risolto il nodo ecocentro e cantiere ex istituto minerario Follador. Minaccia rientrata come racconta Favretti nell&#8217;intervista che introduce il consiglio comunale poich\u00e9 i lavori all&#8217;ecocentro sono stati appaltati cos\u00ec come\u00a0 in via 5 maggio &#8220;ma ci sono voluti nove mesi&#8221; sbotta il vicesindaco.<\/p><\/blockquote>\n<p>https:\/\/www.facebook.com\/marco.baghy.1\/videos\/5886037601422932<\/p>\n<p>&nbsp;<\/p>\n<p>&nbsp;<\/p>\n<hr \/>\n<p>&nbsp;<\/p>\n<p>&nbsp;<\/p>\n<blockquote>\n<h3>UNA FAMIGLIA ORIGINARIA DI CANALE D&#8217;AGORDO CHIEDE AIUTO ALLA COMUNITA&#8217;<\/h3>\n<\/blockquote>\n<p><strong><img loading=\"lazy\" decoding=\"async\" class=\"alignleft\" src=\"https:\/\/www.radiopiu.net\/wordpress\/wp-content\/uploads\/2020\/06\/CANALE-DAGORDO-6.jpg\" width=\"166\" height=\"124\" \/>FARRA DI SOLIGO-CANALE D&#8217;AGORDO<\/strong> In una lunga lettera Roberta S., il pap\u00e0 \u00e8\u00a0 originario della Valle di Garese in Comune\u00a0 di Canale d&#8217;Agordo, la mamma di Cencenighe,\u00a0 ci ha raccontato la sua drammatica situazione iniziata molti anni fa. Oggi \u00e8 alla ricerca di una soluzione abitativa decorosa,\u00a0 per lei e per la figlia\u00a0 disabile di 19 anni<span style=\"color: #000000;\"><span style=\"font-family: Times New Roman, serif;\"><span style=\"font-size: medium;\">. Roberta nata e cresciuta a Bolzano dopo il matrimonio (finito nel modo peggiore) si \u00e8 trasferita a Farra di Soligo dove ora vive in un appartamento in periferia di campagna dell&#8217;ATER, lontano dai servizi e mezzi pubblici.<em> &#8220;Le distanze per poter andare dal dottore, in ospedale,\u00a0 o semplicemente in un ufficio sono notevoli\u00a0 &#8211; ci scrive Roberta &#8211;\u00a0 e non avendo tra l&#8217;altro nemmeno la patente, siamo praticamente impossibilitate a poter svolgere una vita quotidiana normale&#8221;.<\/em> Negli anni la famiglia ha chiesto aiuto anche al\u00a0 Presidente della Repubblica Sergio Mattarella, ma concretamente non sono mai arrivate risposte attese. <em>&#8220;Abbiamo chiesto aiuto anche nell&#8217;ambito ecclesiastico, ma nessuna risposta ci \u00e8 mai stata data&#8221;<\/em>. Da un po&#8217; Roberta \u00e8 alla ricerca di un appartamento nell&#8217;Agordino, ha contattato anche il sindaco di Canale d&#8217;Agordo e con Don Vito De Vido di recente vittima di un grave incidente. <em>&#8220;<\/em><\/span><\/span><\/span><span style=\"color: #000000;\"><span style=\"font-family: Times New Roman, serif;\"><span style=\"font-size: medium;\"><em>Chiedo\u00a0 &#8211; conclude Roberta\u00a0 &#8211; se fosse possibile che qualcuno potesse accoglierci. Disponiamo di 400 euro al mese e 130 euro euro dal Reddito di Cittadinanza. Chiediamo quindi un immenso gesto di solidariet\u00e0 e compassione che in questo modo ci permetterebbe di poter cambiare residenza e cambiare finalmente vita, impegnandoci poi a trovare un impiego e potendo poi trovare una sistemazione autonomamente, qui non abbiamo alcun futuro&#8221;<\/em><\/span><\/span><\/span><\/p>\n<p>&nbsp;<\/p>\n<p>&nbsp;<\/p>\n<hr \/>\n<p>&nbsp;<\/p>\n<blockquote>\n<h3>ANNO DA RICORDARE PER LA FARMACIA DI TAIBON RADDOPPIA L&#8217;UTILE, 27MILA EURO AL COMUNE<\/h3>\n<p>dal corriere delle alpi, GIANNI SANTOMASO<\/p><\/blockquote>\n<audio class=\"wp-audio-shortcode\" id=\"audio-279816-1\" preload=\"none\" style=\"width: 100%;\" controls=\"controls\"><source type=\"audio\/mpeg\" src=\"https:\/\/www.radiopiu.net\/wordpress\/wp-content\/uploads\/2022\/06\/farmacia-taibon-gianni.mp3?_=1\" \/><a href=\"https:\/\/www.radiopiu.net\/wordpress\/wp-content\/uploads\/2022\/06\/farmacia-taibon-gianni.mp3\">https:\/\/www.radiopiu.net\/wordpress\/wp-content\/uploads\/2022\/06\/farmacia-taibon-gianni.mp3<\/a><\/audio>\n<p>&nbsp;<\/p>\n<p><strong><img loading=\"lazy\" decoding=\"async\" class=\"alignleft\" src=\"https:\/\/www.radiopiu.net\/wordpress\/wp-content\/uploads\/2019\/05\/download-1.jpg\" width=\"183\" height=\"137\" \/>TAIBON<\/strong> La Farmacia comunale chiude il bilancio con un dato entusiasmante: l&#8217;utile raddoppia passando dai poco pi\u00f9 di 20mila euro del 2020 agli attuali quasi 45mila, non male su 628mila euro di ricavi, peraltro in periodo di pandemia. <em>&#8220;Un risultato non preventivato a inizio anno &#8211; spiega il presidente Claudio Paganin &#8211; frutto\u00a0 dei\u00a0 tanti tamponi e vaccinazioni covid;\u00a0 3300 il numero dei tamponi refertati, la campagna vaccini \u00e8 iniziata lo scorso dicembre&#8221;. <\/em>In un anno il personale della Farmacia ha evaso 12.810 ricette,\u00a0 300 in pi\u00f9 rispetto al 2020. Il 30% dell&#8217;utile sar\u00e0 destinato al fondo riserva della Farmacia, il 10% al fondo d\u2019incentivazione del personale e la rimanenza nelle casse del Comune di Taibon che introita\u00a0 26.686 euro. <em>&#8220;Un anno duro e pesante per le nostre dipendenti &#8211; continua Paganin &#8211;\u00a0 ma appagante e pregno di soddisfazioni&#8221;<\/em> . Tra le novit\u00e0 dell&#8217;ultimo anno anche il progetto \u201corario continuato\u201d che i clienti hanno apprezzato, ha portato all\u2019ampliamento dell\u2019orario della farmacia a 64 ore settimanali (rispetto alle attuali 43), questo \u00e8 stato possibile grazie all\u2019assunzione di un nuovo farmacista, in forza per tutto il 2020 e parte del 2021.\u00a0 <em>&#8220;Alla luce dei risultati conseguiti &#8211; conclude il presidente &#8211;\u00a0 a malincuore abbiamo dovuto interrompere il progetto. Mi sia permesso un\u00a0 ringraziamento,\u00a0 per l\u2019impegno e la grande disponibilit\u00e0,\u00a0 anche a nome della comunit\u00e0, alla farmacista Federica Lucarini e alla Direttrice, Donella Masoch,\u00a0 esecutrice materiale di tutti i tamponi e vaccinazioni effettuate&#8221;.<\/em><\/p>\n<p>&nbsp;<\/p>\n<hr \/>\n<p>&nbsp;<\/p>\n<blockquote>\n<h3>IL GIORNO DELLA FESTA DELL&#8217;ARMA DEI CARABINIERI, UN COMPLEANNO ATTESO DAL 2019<\/h3>\n<\/blockquote>\n<p><strong>BELLUNO<\/strong> Si \u00e8 svolta oggi a Belluno la festa per il 208\u00b0 anniversario dell&#8217;Arma dei Carabinieri. Presenti il Ministro per i rapporti con il Parlamento Federico D&#8217;Inc\u00e0, il Prefetto di Belluno Mariano Savastano, autorit\u00e0 civili, militari e religiose. Al reparto militari in servizio si sono aggiunti i Carabinieri Forestali, i rocciatori, gli sciatori. Il Colonnello Francesco Rastelli, Comandante provinciale dei Carabinieri di Belluno,\u00a0 ha ricordato come l&#8217;appuntamento fosse atteso fin dal 2019 inizio della pandemia.<em> &#8220;L\u2019Arma nasce \u201cper la gente tra la gente\u201d &#8211; ha detto &#8211;\u00a0 cosa difficoltosa da attuare in periodo di pandemia. Per mantener fede al nostro mantra ci siamo dovuti adattare ad una nuova contingenza, riscrivere procedure e protocolli, rivedere le priorit\u00e0, per continuare ad esserci&#8221;. <\/em>Il Comandante Rastelli ha poi ricordato due situazioni che hanno visto in prima linea l&#8217;Arma dei Carabinieri di Belluno: la particolare attenzione alla tutela del territorio ha permesso di\u00a0 disarticolare un pericoloso sodalizio dedito al traffico<strong> illecito di rifiuti<\/strong>. La tutela delle fasce deboli, con l\u2019attivazione del <strong>Codice rosso<\/strong>, ha impegnato in modo rilevante uomini e donne in divisa, essendo sensibilmente aumentati i casi, le restrizioni di libert\u00e0 personale dovute al COVID, in molti casi, hanno costretto a convivenza forzata vittime e carnefici. Non \u00e8 stato dimenticato l&#8217;impegno per i<strong> Mondiali di Sci a Cortina<\/strong>. Il Comandante ha ringraziato le 25 Stazioni Carabinieri che costituiscono in ogni anfratto del territorio,\u00a0 presidio di legalit\u00e0 e presenza dello Stato. Organizzazione che dal 2017 pu\u00f2 anche contare sulle 14 Stazioni Carabinieri Forestali, 4 Stazioni Carabinieri Parco ed un Reparto Carabinieri Forestali per le Biodiversit\u00e0 ad esaltare ancor di pi\u00f9 la capillare diffusione sul territorio. <span style=\"color: #ff0000;\"><strong>Nel 2021<\/strong><\/span> sono stati effettuati 38944 controlli, 48850 le persone controllate, 31763 veicoli e 11698 documenti. I reati perseguiti: 9 rapine, 17 estorsioni, 1 incendio doloso, 918 furti, 1249 truffe informatiche e 1399 altri delitti, 1381 i presunti autori identificati, 63 i soggetti arrestati, 1570 i denunciati. <strong>\u00a0&#8220;Codice Rosso&#8221;:<\/strong>\u00a0 25 atti persecutori, 70 maltrattamenti in famiglia, 23 violenze sessuali, 4 misure cautelari di divieto di avvicinamento ai luoghi frequentati dalla parte offesa, 3 allontanamenti dalla casa famigliare e 28 deferimenti in stato di libert\u00e0.<\/p>\n<div style=\"width: 640px;\" class=\"wp-video\"><video class=\"wp-video-shortcode\" id=\"video-279816-1\" width=\"640\" height=\"352\" preload=\"metadata\" controls=\"controls\"><source type=\"video\/mp4\" src=\"https:\/\/www.radiopiu.net\/wordpress\/wp-content\/uploads\/2022\/06\/WhatsApp-Video-2022-06-06-at-13.07.27.mp4?_=1\" \/><a href=\"https:\/\/www.radiopiu.net\/wordpress\/wp-content\/uploads\/2022\/06\/WhatsApp-Video-2022-06-06-at-13.07.27.mp4\">https:\/\/www.radiopiu.net\/wordpress\/wp-content\/uploads\/2022\/06\/WhatsApp-Video-2022-06-06-at-13.07.27.mp4<\/a><\/video><\/div>\n<blockquote><p>Nell&#8217;occasione sono stati consegnati i riconoscimenti ai militari che si sono distinti. Elogio del Comandante di Divisione Fabrizio Parrulli al Comandante della Compagnia Carabinieri di Cortina d&#8217;Ampezzo <strong>Maggiore Stefano Biasone<\/strong> per essersi prodigato nelle fasi organizzative ed esecutive dei servizi di ordine e sicurezza pubblica nella manifestazioni internazionale Mondiali di sci riscuotendo unanimi consensi dei superiori e delle autorit\u00e0. Encomio solenne del Generale di Corpo d&#8217;Armata Teo Luzi,\u00a0 alla <strong>Carabiniera Martina Pigliapoco<\/strong> effettiva a San Vito di Cadore che non ha esitato ad intervenire nel salvataggio di una donna che minacciava di lanciarsi da un ponte;\u00a0 Apprezzamento del Generale di Brigata Giuseppe Spina al <strong>vice Brigadiere Christian Zanette e al Carabiniere Scelto Nicolo&#8217; Perin<\/strong> per l&#8217;intervento di soccorso ad un uomo colto da malore nel comprensorio Falcade-San Pellegrino che ha permesso di scongiurare gravi conseguenze.<\/p><\/blockquote>\n\n\t\t\t<style type='text\/css'>\n\t\t\t\t#gallery-3 {\n\t\t\t\t\tmargin: auto;\n\t\t\t\t}\n\t\t\t\t#gallery-3 .gallery-item {\n\t\t\t\t\tfloat: left;\n\t\t\t\t\tmargin-top: 10px;\n\t\t\t\t\ttext-align: center;\n\t\t\t\t\twidth: 25%;\n\t\t\t\t}\n\t\t\t\t#gallery-3 img {\n\t\t\t\t\tborder: 2px solid #cfcfcf;\n\t\t\t\t}\n\t\t\t\t#gallery-3 .gallery-caption {\n\t\t\t\t\tmargin-left: 0;\n\t\t\t\t}\n\t\t\t\t\/* see gallery_shortcode() in wp-includes\/media.php *\/\n\t\t\t<\/style>\n\t\t<div id='gallery-3' class='dt-gallery-container gallery galleryid-279816 gallery-columns-4 gallery-size-thumbnail'><dl class='gallery-item'>\n\t\t\t\t<dt class='gallery-icon landscape'>\n\t\t\t\t\t<a class=\"rollover rollover-zoom dt-pswp-item\" title=\"65ac026e-9f96-4a51-924d-3308bf1ade8f\" data-dt-img-description=\"\" data-large_image_width=\"2000\" data-large_image_height=\"1125\"href='https:\/\/www.radiopiu.net\/wordpress\/wp-content\/uploads\/2022\/06\/65ac026e-9f96-4a51-924d-3308bf1ade8f.jpg'><img loading=\"lazy\" decoding=\"async\" width=\"150\" height=\"150\" src=\"https:\/\/www.radiopiu.net\/wordpress\/wp-content\/uploads\/2022\/06\/65ac026e-9f96-4a51-924d-3308bf1ade8f-150x150.jpg\" class=\"attachment-thumbnail size-thumbnail\" alt=\"\" \/><\/a>\n\t\t\t\t<\/dt><\/dl><dl class='gallery-item'>\n\t\t\t\t<dt class='gallery-icon landscape'>\n\t\t\t\t\t<a class=\"rollover rollover-zoom dt-pswp-item\" title=\"b1505d9d-9af6-4d97-b4d0-adbefdd9ddd9\" data-dt-img-description=\"\" data-large_image_width=\"2000\" data-large_image_height=\"1125\"href='https:\/\/www.radiopiu.net\/wordpress\/wp-content\/uploads\/2022\/06\/b1505d9d-9af6-4d97-b4d0-adbefdd9ddd9.jpg'><img loading=\"lazy\" decoding=\"async\" width=\"150\" height=\"150\" src=\"https:\/\/www.radiopiu.net\/wordpress\/wp-content\/uploads\/2022\/06\/b1505d9d-9af6-4d97-b4d0-adbefdd9ddd9-150x150.jpg\" class=\"attachment-thumbnail size-thumbnail\" alt=\"\" \/><\/a>\n\t\t\t\t<\/dt><\/dl><dl class='gallery-item'>\n\t\t\t\t<dt class='gallery-icon portrait'>\n\t\t\t\t\t<a class=\"rollover rollover-zoom dt-pswp-item\" title=\"180ddfb7-78b4-4cee-a2f0-1f630672181c\" data-dt-img-description=\"\" data-large_image_width=\"1125\" data-large_image_height=\"2000\"href='https:\/\/www.radiopiu.net\/wordpress\/wp-content\/uploads\/2022\/06\/180ddfb7-78b4-4cee-a2f0-1f630672181c.jpg'><img loading=\"lazy\" decoding=\"async\" width=\"150\" height=\"150\" src=\"https:\/\/www.radiopiu.net\/wordpress\/wp-content\/uploads\/2022\/06\/180ddfb7-78b4-4cee-a2f0-1f630672181c-150x150.jpg\" class=\"attachment-thumbnail size-thumbnail\" alt=\"\" \/><\/a>\n\t\t\t\t<\/dt><\/dl><dl class='gallery-item'>\n\t\t\t\t<dt class='gallery-icon portrait'>\n\t\t\t\t\t<a class=\"rollover rollover-zoom dt-pswp-item\" title=\"bb5ee707-f9ab-47e5-b130-4fa4f0709466\" data-dt-img-description=\"\" data-large_image_width=\"1125\" data-large_image_height=\"2000\"href='https:\/\/www.radiopiu.net\/wordpress\/wp-content\/uploads\/2022\/06\/bb5ee707-f9ab-47e5-b130-4fa4f0709466.jpg'><img loading=\"lazy\" decoding=\"async\" width=\"150\" height=\"150\" src=\"https:\/\/www.radiopiu.net\/wordpress\/wp-content\/uploads\/2022\/06\/bb5ee707-f9ab-47e5-b130-4fa4f0709466-150x150.jpg\" class=\"attachment-thumbnail size-thumbnail\" alt=\"\" \/><\/a>\n\t\t\t\t<\/dt><\/dl><br style=\"clear: both\" \/>\n\t\t\t<\/div>\n\n<p>&nbsp;<\/p>\n<p>&nbsp;<\/p>\n<hr \/>\n<p>&nbsp;<\/p>\n<p>&nbsp;<\/p>\n<h2><span style=\"color: #ff0000;\">IERI ALLA RADIO\u00a0<\/span><\/h2>\n<h2><strong><a class=\"dt-pswp-item\" href=\"https:\/\/www.radiopiu.net\/wordpress\/wp-content\/uploads\/2021\/06\/sella-araba-1.jpg\" data-dt-img-description=\"\" data-large_image_width=\"1920\" data-large_image_height=\"1280\"><img loading=\"lazy\" decoding=\"async\" class=\"size-thumbnail wp-image-216375 alignleft\" src=\"https:\/\/www.radiopiu.net\/wordpress\/wp-content\/uploads\/2021\/06\/sella-araba-1-150x150.jpg\" alt=\"\" width=\"150\" height=\"150\" \/><\/a><span style=\"color: #008000;\">SABATO RITORNA IL SELLA RONDA BIKE DAY<\/span><\/strong><\/h2>\n<p><strong>di Claudio Fontanive<\/strong><\/p>\n<p>OSPITE: Michela Lezuo, presidente di Arabba Fodom Turismo<\/p>\n<audio class=\"wp-audio-shortcode\" id=\"audio-279816-2\" preload=\"none\" style=\"width: 100%;\" controls=\"controls\"><source type=\"audio\/mpeg\" src=\"https:\/\/www.radiopiu.net\/wordpress\/wp-content\/uploads\/2022\/06\/michela-lezuo-6-giugno.mp3?_=2\" \/><a href=\"https:\/\/www.radiopiu.net\/wordpress\/wp-content\/uploads\/2022\/06\/michela-lezuo-6-giugno.mp3\">https:\/\/www.radiopiu.net\/wordpress\/wp-content\/uploads\/2022\/06\/michela-lezuo-6-giugno.mp3<\/a><\/audio>\n<p>&nbsp;<\/p>\n<p>&nbsp;<\/p>\n<p>&nbsp;<\/p>\n<hr \/>\n<p>&nbsp;<\/p>\n<blockquote>\n<h3>PROGETTO FOLLADOR &#8220;CAMBIAMO INSIEME QUESTA INGIUSTIZIA&#8221;<\/h3>\n<p>dal corriere delle alpi, GIANNI SANTOMASO<\/p><\/blockquote>\n<audio class=\"wp-audio-shortcode\" id=\"audio-279816-3\" preload=\"none\" style=\"width: 100%;\" controls=\"controls\"><source type=\"audio\/mpeg\" src=\"https:\/\/www.radiopiu.net\/wordpress\/wp-content\/uploads\/2022\/06\/follador-gianni.mp3?_=3\" \/><a href=\"https:\/\/www.radiopiu.net\/wordpress\/wp-content\/uploads\/2022\/06\/follador-gianni.mp3\">https:\/\/www.radiopiu.net\/wordpress\/wp-content\/uploads\/2022\/06\/follador-gianni.mp3<\/a><\/audio>\n<p>&nbsp;<\/p>\n<p><strong>AGORDO<\/strong>\u00a0 La classe Terza del Liceo scientifico a indirizzo sportivo del Follador-De Rossi di Agordo \u00e8 stata coinvolta, nel corso dell\u2019anno scolastico, in un progetto sulle differenze di genere, con inevitabili riferimenti al problema della violenza sulle donne. L\u2019iniziativa ha potuto contare sulla preziosa e competente collaborazione dell\u2019Associazione \u201cBelluno Donna\u201d che ha gestito alcuni incontri con i ragazzi aiutandoli a comprendere le diverse sfaccettature e le dimensioni del fenomeno. Una volta esaurito il percorso di formazione, la classe si \u00e8 chiesta come poter coinvolgere e sensibilizzare al problema, anche i compagni delle altre classi. Ne sono uscite due idee che hanno trovato concretizzazione negli ultimi due mesi di scuola. La prima, forse quella pi\u00f9 provocatoria, \u00e8 stata quella di preparare dei manichini di donna che sono stati posizionati all\u2019interno della scuola, dove sui loro abiti o sul corpo si potevano vedere alcune impronte di mano, colorate di rosso, a testimonianza della piaga della violenza fisica che, purtroppo, colpisce frequentemente la donna. La seconda iniziativa, che voleva fare riflettere pi\u00f9 in generale sulla condizione femminile, \u00e8 stata ideata per aiutare gli studenti a prendere coscienza di come, in vari ambiti, dall\u2019istruzione al lavoro, dalla politica al professionismo nello sport, la donna abbia visto riconoscere i suoi diritti sempre dopo l\u2019uomo. Per questo, una mattina, si \u00e8 deciso di far entrare a scuola in prima battuta solo i ragazzi e in un secondo momento anche le ragazze. Quando gli studenti sono arrivati nelle classi hanno trovato scritto sulle lavagne lo slogan della giornata:\u201cLe donne arrivano sempre dopo\u2026cambiamo insieme questa ingiustizia?\u201d Quindi in ogni classe un rappresentante della Terza Liceo Sportivo ha aiutato gli studenti a comprendere il senso dell\u2019iniziativa anche attraverso la visione di un breve filmato preparato nell\u2019ambito del progetto.<\/p>\n<p><a class=\"dt-pswp-item\" href=\"https:\/\/www.radiopiu.net\/wordpress\/wp-content\/uploads\/2022\/06\/classe-3-liceo-sportivo-1.jpg\" data-dt-img-description=\"\" data-large_image_width=\"2540\" data-large_image_height=\"1693\"><img loading=\"lazy\" decoding=\"async\" class=\"alignnone wp-image-280037 size-full\" src=\"https:\/\/www.radiopiu.net\/wordpress\/wp-content\/uploads\/2022\/06\/classe-3-liceo-sportivo-1.jpg\" alt=\"\" width=\"2540\" height=\"1693\" srcset=\"https:\/\/www.radiopiu.net\/wordpress\/wp-content\/uploads\/2022\/06\/classe-3-liceo-sportivo-1.jpg 2540w, https:\/\/www.radiopiu.net\/wordpress\/wp-content\/uploads\/2022\/06\/classe-3-liceo-sportivo-1-300x200.jpg 300w, https:\/\/www.radiopiu.net\/wordpress\/wp-content\/uploads\/2022\/06\/classe-3-liceo-sportivo-1-1024x683.jpg 1024w, https:\/\/www.radiopiu.net\/wordpress\/wp-content\/uploads\/2022\/06\/classe-3-liceo-sportivo-1-768x512.jpg 768w, https:\/\/www.radiopiu.net\/wordpress\/wp-content\/uploads\/2022\/06\/classe-3-liceo-sportivo-1-1536x1024.jpg 1536w, https:\/\/www.radiopiu.net\/wordpress\/wp-content\/uploads\/2022\/06\/classe-3-liceo-sportivo-1-2048x1365.jpg 2048w\" sizes=\"auto, (max-width: 2540px) 100vw, 2540px\" \/><\/a><\/p>\n<p>&nbsp;<\/p>\n<hr \/>\n<p>&nbsp;<\/p>\n<blockquote>\n<h3>LE SCUOLE GABELLI RESTITUITE ALLA CITTA&#8217;, RIAPERTURA A SETTEMBRE<\/h3>\n<\/blockquote>\n<p><strong>BELLUNO<\/strong> Agli studenti bellunesi vengono restituite le scuole Gabelli, dopo parecchi anni. Un monumento collettivo per la citt\u00e0 di Belluno, scrigno di ricordi per le &#8220;vecchie&#8221; generazioni.<\/p>\n<p><strong>di Moreno Gioli\u00a0\u00a0<\/strong><\/p>\n<audio class=\"wp-audio-shortcode\" id=\"audio-279816-4\" preload=\"none\" style=\"width: 100%;\" controls=\"controls\"><source type=\"audio\/mpeg\" src=\"https:\/\/www.radiopiu.net\/wordpress\/wp-content\/uploads\/2022\/06\/moreno-1.mp3?_=4\" \/><a href=\"https:\/\/www.radiopiu.net\/wordpress\/wp-content\/uploads\/2022\/06\/moreno-1.mp3\">https:\/\/www.radiopiu.net\/wordpress\/wp-content\/uploads\/2022\/06\/moreno-1.mp3<\/a><\/audio>\n<p>&nbsp;<\/p>\n<p><strong>L&#8217;ASSESSORE FRANCO\u00a0 FRISON<\/strong><\/p>\n<div style=\"width: 640px;\" class=\"wp-video\"><video class=\"wp-video-shortcode\" id=\"video-279816-2\" width=\"640\" height=\"352\" preload=\"metadata\" controls=\"controls\"><source type=\"video\/mp4\" src=\"https:\/\/www.radiopiu.net\/wordpress\/wp-content\/uploads\/2022\/06\/frison.mp4?_=2\" \/><a href=\"https:\/\/www.radiopiu.net\/wordpress\/wp-content\/uploads\/2022\/06\/frison.mp4\">https:\/\/www.radiopiu.net\/wordpress\/wp-content\/uploads\/2022\/06\/frison.mp4<\/a><\/video><\/div>\n<p>&nbsp;<\/p>\n<p>Lavori importanti e delicati, ricorda l&#8217;architetto Laura Mancini per riportare alla luce elementi che davano e danno valore alla struttura<\/p>\n<p><strong>L&#8217;ARCHITETTO LAURA MANCINI<\/strong><\/p>\n<div style=\"width: 640px;\" class=\"wp-video\"><video class=\"wp-video-shortcode\" id=\"video-279816-3\" width=\"640\" height=\"352\" preload=\"metadata\" controls=\"controls\"><source type=\"video\/mp4\" src=\"https:\/\/www.radiopiu.net\/wordpress\/wp-content\/uploads\/2022\/06\/MANCINI-OK.mp4?_=3\" \/><a href=\"https:\/\/www.radiopiu.net\/wordpress\/wp-content\/uploads\/2022\/06\/MANCINI-OK.mp4\">https:\/\/www.radiopiu.net\/wordpress\/wp-content\/uploads\/2022\/06\/MANCINI-OK.mp4<\/a><\/video><\/div>\n<p>&nbsp;<\/p>\n<p>&nbsp;<\/p>\n<hr \/>\n<p>&nbsp;<\/p>\n<blockquote>\n<h3>LA CITTA&#8217; DELLE RONDINI, INSTALLATI GLI OMBRELLI ANTIGUANO<\/h3>\n<\/blockquote>\n<p><strong>BELLUNO<\/strong> Installati ieri i nuovi tappetini e i nuovi ombrelli sotto i nidi di rondine del centro storico di Belluno, nell\u2019ambito del progetto che da qualche anno vede Comune capoluogo, Provincia, riserve alpine di caccia, Confcommercio e volontari collaborare per la salvaguardia della biodiversit\u00e0 cittadina. Belluno, infatti, \u00e8 uno dei pochi centri rimasti in Italia in cui nidificano stabilmente rondini, rondoni e balestrucci. Oltre all\u2019installazione dei tappetini e degli ombrelli antiguano, nei giorni scorsi i volontari &#8211; coordinati da Silvana De Col, moglie del compianto Bepi Tormen &#8211; hanno effettuato l\u2019ultimo censimento su nidi e rondini. I dati mostrano una forte crescita della presenza cittadina. I nidi infatti sono 167 (contro i 154 del 2021 e i 140 del 2020; al primo rilevamento, nel 2016, erano 117). Di questi, risultano 19 in costruzione (contro i 13 di un anno fa) e 40 utilizzati (in linea con il dato dello scorso anno).<\/p>\n\n\t\t\t<style type='text\/css'>\n\t\t\t\t#gallery-4 {\n\t\t\t\t\tmargin: auto;\n\t\t\t\t}\n\t\t\t\t#gallery-4 .gallery-item {\n\t\t\t\t\tfloat: left;\n\t\t\t\t\tmargin-top: 10px;\n\t\t\t\t\ttext-align: center;\n\t\t\t\t\twidth: 33%;\n\t\t\t\t}\n\t\t\t\t#gallery-4 img {\n\t\t\t\t\tborder: 2px solid #cfcfcf;\n\t\t\t\t}\n\t\t\t\t#gallery-4 .gallery-caption {\n\t\t\t\t\tmargin-left: 0;\n\t\t\t\t}\n\t\t\t\t\/* see gallery_shortcode() in wp-includes\/media.php *\/\n\t\t\t<\/style>\n\t\t<div id='gallery-4' class='dt-gallery-container gallery galleryid-279816 gallery-columns-3 gallery-size-thumbnail'><dl class='gallery-item'>\n\t\t\t\t<dt class='gallery-icon portrait'>\n\t\t\t\t\t<a class=\"rollover rollover-zoom dt-pswp-item\" title=\"IMG_4774\" data-dt-img-description=\"\" data-large_image_width=\"1920\" data-large_image_height=\"2560\"href='https:\/\/www.radiopiu.net\/wordpress\/wp-content\/uploads\/2022\/06\/IMG_4774-scaled.jpg'><img loading=\"lazy\" decoding=\"async\" width=\"150\" height=\"150\" src=\"https:\/\/www.radiopiu.net\/wordpress\/wp-content\/uploads\/2022\/06\/IMG_4774-150x150.jpg\" class=\"attachment-thumbnail size-thumbnail\" alt=\"\" \/><\/a>\n\t\t\t\t<\/dt><\/dl><dl class='gallery-item'>\n\t\t\t\t<dt class='gallery-icon landscape'>\n\t\t\t\t\t<a class=\"rollover rollover-zoom dt-pswp-item\" title=\"IMG_4767\" data-dt-img-description=\"\" data-large_image_width=\"2560\" data-large_image_height=\"1920\"href='https:\/\/www.radiopiu.net\/wordpress\/wp-content\/uploads\/2022\/06\/IMG_4767-scaled.jpg'><img loading=\"lazy\" decoding=\"async\" width=\"150\" height=\"150\" src=\"https:\/\/www.radiopiu.net\/wordpress\/wp-content\/uploads\/2022\/06\/IMG_4767-150x150.jpg\" class=\"attachment-thumbnail size-thumbnail\" alt=\"\" \/><\/a>\n\t\t\t\t<\/dt><\/dl><dl class='gallery-item'>\n\t\t\t\t<dt class='gallery-icon landscape'>\n\t\t\t\t\t<a class=\"rollover rollover-zoom dt-pswp-item\" title=\"IMG_4773\" data-dt-img-description=\"\" data-large_image_width=\"2560\" data-large_image_height=\"1920\"href='https:\/\/www.radiopiu.net\/wordpress\/wp-content\/uploads\/2022\/06\/IMG_4773-scaled.jpg'><img loading=\"lazy\" decoding=\"async\" width=\"150\" height=\"150\" src=\"https:\/\/www.radiopiu.net\/wordpress\/wp-content\/uploads\/2022\/06\/IMG_4773-150x150.jpg\" class=\"attachment-thumbnail size-thumbnail\" alt=\"\" \/><\/a>\n\t\t\t\t<\/dt><\/dl><br style=\"clear: both\" \/>\n\t\t\t<\/div>\n\n<p>&nbsp;<\/p>\n<p>&nbsp;<\/p>\n<hr \/>\n<p>&nbsp;<\/p>\n<blockquote class=\"wp-embedded-content\" data-secret=\"J2uv38oDGX\"><p><a href=\"https:\/\/www.radiopiu.net\/wordpress\/aggnazionalegiugno06\/\">CORONAVIRUS: AGGIORNAMENTO NAZIONALE 05 GIUGNO 2022<\/a><\/p><\/blockquote>\n<p><iframe loading=\"lazy\" class=\"wp-embedded-content\" sandbox=\"allow-scripts\" security=\"restricted\" style=\"position: absolute; clip: rect(1px, 1px, 1px, 1px);\" title=\"&#8220;CORONAVIRUS: AGGIORNAMENTO NAZIONALE 05 GIUGNO 2022&#8221; &#8212; Radio Pi\u00f9\" src=\"https:\/\/www.radiopiu.net\/wordpress\/aggnazionalegiugno06\/embed\/#?secret=rLEk0BGMyr#?secret=J2uv38oDGX\" data-secret=\"J2uv38oDGX\" width=\"600\" height=\"338\" frameborder=\"0\" marginwidth=\"0\" marginheight=\"0\" scrolling=\"no\"><\/iframe><\/p>\n<p>&nbsp;<\/p>\n<p>&nbsp;<\/p>\n<blockquote class=\"wp-embedded-content\" data-secret=\"rIw7B2mkOS\"><p><a href=\"https:\/\/www.radiopiu.net\/wordpress\/aggazzerogiugno06\/\">SONO 527 I NUOVI POSITIVI IN VENETO DELLE ULTIME 24 ORE. DUE DECESSI E RICOVERI IN LIEVE AUMENTO<\/a><\/p><\/blockquote>\n<p><iframe loading=\"lazy\" class=\"wp-embedded-content\" sandbox=\"allow-scripts\" security=\"restricted\" style=\"position: absolute; clip: rect(1px, 1px, 1px, 1px);\" title=\"&#8220;SONO 527 I NUOVI POSITIVI IN VENETO DELLE ULTIME 24 ORE. DUE DECESSI E RICOVERI IN LIEVE AUMENTO&#8221; &#8212; Radio Pi\u00f9\" src=\"https:\/\/www.radiopiu.net\/wordpress\/aggazzerogiugno06\/embed\/#?secret=xjiuiRkpXd#?secret=rIw7B2mkOS\" data-secret=\"rIw7B2mkOS\" width=\"600\" height=\"338\" frameborder=\"0\" marginwidth=\"0\" marginheight=\"0\" scrolling=\"no\"><\/iframe><\/p>\n<p>&nbsp;<\/p>\n<h2 dir=\"auto\">I GRAFICI DI TIZIANO DE COL<\/h2>\n\n\t\t\t<style type='text\/css'>\n\t\t\t\t#gallery-5 {\n\t\t\t\t\tmargin: auto;\n\t\t\t\t}\n\t\t\t\t#gallery-5 .gallery-item {\n\t\t\t\t\tfloat: left;\n\t\t\t\t\tmargin-top: 10px;\n\t\t\t\t\ttext-align: center;\n\t\t\t\t\twidth: 33%;\n\t\t\t\t}\n\t\t\t\t#gallery-5 img {\n\t\t\t\t\tborder: 2px solid #cfcfcf;\n\t\t\t\t}\n\t\t\t\t#gallery-5 .gallery-caption {\n\t\t\t\t\tmargin-left: 0;\n\t\t\t\t}\n\t\t\t\t\/* see gallery_shortcode() in wp-includes\/media.php *\/\n\t\t\t<\/style>\n\t\t<div id='gallery-5' class='dt-gallery-container gallery galleryid-279816 gallery-columns-3 gallery-size-thumbnail'><dl class='gallery-item'>\n\t\t\t\t<dt class='gallery-icon landscape'>\n\t\t\t\t\t<a class=\"rollover\" href='https:\/\/www.radiopiu.net\/wordpress\/giornale-radiopiu-07-giugno-2022-direttore-mirko-mezzacasa\/d7ecdf5f-b5c9-41e4-88cf-187e70996574\/'><img loading=\"lazy\" decoding=\"async\" width=\"150\" height=\"150\" src=\"https:\/\/www.radiopiu.net\/wordpress\/wp-content\/uploads\/2022\/06\/d7ecdf5f-b5c9-41e4-88cf-187e70996574-150x150.jpg\" class=\"attachment-thumbnail size-thumbnail\" alt=\"\" \/><\/a>\n\t\t\t\t<\/dt><\/dl><dl class='gallery-item'>\n\t\t\t\t<dt class='gallery-icon landscape'>\n\t\t\t\t\t<a class=\"rollover\" href='https:\/\/www.radiopiu.net\/wordpress\/giornale-radiopiu-07-giugno-2022-direttore-mirko-mezzacasa\/ea324d3b-a425-4bf1-804a-5c0473d33b43\/'><img loading=\"lazy\" decoding=\"async\" width=\"150\" height=\"150\" src=\"https:\/\/www.radiopiu.net\/wordpress\/wp-content\/uploads\/2022\/06\/ea324d3b-a425-4bf1-804a-5c0473d33b43-150x150.jpg\" class=\"attachment-thumbnail size-thumbnail\" alt=\"\" \/><\/a>\n\t\t\t\t<\/dt><\/dl><dl class='gallery-item'>\n\t\t\t\t<dt class='gallery-icon landscape'>\n\t\t\t\t\t<a class=\"rollover\" href='https:\/\/www.radiopiu.net\/wordpress\/giornale-radiopiu-07-giugno-2022-direttore-mirko-mezzacasa\/c98c8ace-1a62-4a23-82ac-9bc848b2cea3\/'><img loading=\"lazy\" decoding=\"async\" width=\"150\" height=\"150\" src=\"https:\/\/www.radiopiu.net\/wordpress\/wp-content\/uploads\/2022\/06\/c98c8ace-1a62-4a23-82ac-9bc848b2cea3-150x150.jpg\" class=\"attachment-thumbnail size-thumbnail\" alt=\"\" \/><\/a>\n\t\t\t\t<\/dt><\/dl><br style=\"clear: both\" \/><dl class='gallery-item'>\n\t\t\t\t<dt class='gallery-icon landscape'>\n\t\t\t\t\t<a class=\"rollover\" href='https:\/\/www.radiopiu.net\/wordpress\/giornale-radiopiu-07-giugno-2022-direttore-mirko-mezzacasa\/7115ce5c-36e2-458e-b47c-5da92d96b05f\/'><img loading=\"lazy\" decoding=\"async\" width=\"150\" height=\"150\" src=\"https:\/\/www.radiopiu.net\/wordpress\/wp-content\/uploads\/2022\/06\/7115ce5c-36e2-458e-b47c-5da92d96b05f-150x150.jpg\" class=\"attachment-thumbnail size-thumbnail\" alt=\"\" \/><\/a>\n\t\t\t\t<\/dt><\/dl><dl class='gallery-item'>\n\t\t\t\t<dt class='gallery-icon landscape'>\n\t\t\t\t\t<a class=\"rollover\" href='https:\/\/www.radiopiu.net\/wordpress\/giornale-radiopiu-07-giugno-2022-direttore-mirko-mezzacasa\/9f53763f-bbba-47e0-a857-2f8b7538bc31\/'><img loading=\"lazy\" decoding=\"async\" width=\"150\" height=\"150\" src=\"https:\/\/www.radiopiu.net\/wordpress\/wp-content\/uploads\/2022\/06\/9f53763f-bbba-47e0-a857-2f8b7538bc31-150x150.jpg\" class=\"attachment-thumbnail size-thumbnail\" alt=\"\" \/><\/a>\n\t\t\t\t<\/dt><\/dl><dl class='gallery-item'>\n\t\t\t\t<dt class='gallery-icon landscape'>\n\t\t\t\t\t<a class=\"rollover\" href='https:\/\/www.radiopiu.net\/wordpress\/giornale-radiopiu-07-giugno-2022-direttore-mirko-mezzacasa\/7cd22b2f-e13d-4e64-9bc4-2609da81186d\/'><img loading=\"lazy\" decoding=\"async\" width=\"150\" height=\"150\" src=\"https:\/\/www.radiopiu.net\/wordpress\/wp-content\/uploads\/2022\/06\/7cd22b2f-e13d-4e64-9bc4-2609da81186d-150x150.jpg\" class=\"attachment-thumbnail size-thumbnail\" alt=\"\" \/><\/a>\n\t\t\t\t<\/dt><\/dl><br style=\"clear: both\" \/>\n\t\t\t<\/div>\n\n<p>&nbsp;<\/p>\n<hr \/>\n<p>&nbsp;<\/p>\n<blockquote>\n<h3>RILASCIO CERTIFICATI PER ACCESSO AL VOTO DI SOGGETTI ISOLATI-QUARANTENATI PER COVID<\/h3>\n<\/blockquote>\n<p><strong>BELLUNO <\/strong>Le persone in condizione di isolamento domiciliare o quarantena per COVID possono chiedere all\u2019Ulss il rilascio del certificato medico attestante tale condizione, al fine di richiedere al Comune di residenza l\u2019ammissione al voto, con modalit\u00e0 speciali, per le prossime <strong>elezioni del<\/strong> <strong>12 giugno 2022. <\/strong>Le richieste di tali certificati vanno inviate via mail <strong>entro il 07 giugno 2022<\/strong> a: \u00a0<a href=\"mailto:certificati.elezioni@aulss1.veneto.it\">certificati.elezioni@aulss1.veneto.it<\/a> allegando copia di un documento di identit\u00e0. Per eventuali informazioni \u00e8 a disposizione il Dipartimento di Prevenzione al numero 0437\/514505 (dal luned\u00ec al venerd\u00ec dalle 10.00 alle 12.00).<\/p>\n<p>&nbsp;<\/p>\n<p>&nbsp;<\/p>\n<hr \/>\n<p>&nbsp;<\/p>\n<blockquote>\n<h3><strong>IL VENETO SI CONFERMA TRA LE MIGLIORI REGIONI PER PRATICA SPORTIVA E BASSI LIVELLI DI SEDENTARIET\u00c0<\/strong><\/h3>\n<\/blockquote>\n<p><strong><a class=\"dt-pswp-item\" href=\"https:\/\/www.radiopiu.net\/wordpress\/wp-content\/uploads\/2019\/05\/IC-FELTRE-Sport-alla-Primaria-9.jpg\" data-dt-img-description=\"\" data-large_image_width=\"2560\" data-large_image_height=\"1440\"><img loading=\"lazy\" decoding=\"async\" class=\" wp-image-85709 alignleft\" src=\"https:\/\/www.radiopiu.net\/wordpress\/wp-content\/uploads\/2019\/05\/IC-FELTRE-Sport-alla-Primaria-9-150x150.jpg\" alt=\"\" width=\"122\" height=\"122\" \/><\/a>VENEZIA <\/strong>Il Veneto \u00e8 sempre di pi\u00f9 una Regione che spicca sul panorama nazionale per la sua vocazione sportiva: il 43,8 per cento della popolazione pratica sport in modo continuativo o saltuario mentre il livello di sedentariet\u00e0 \u00e8 al 21,5 per cento (contro un dato nazionale rispettivamente del 36,7% e 35,2%), quest\u2019ultimo il secondo valore pi\u00f9 basso in Italia dopo il Trentino Alto Adige. A dirlo sono gli ultimi dati ISTAT disponibili, riferiti al 2020 e rielaborati dall\u2019Ufficio Statistica della Regione del Veneto la quale ha fotografato il comparto sportivo regionale nel numero di giugno di Statistiche Flash dal titolo &#8220;Lo sport e l\u2019attivit\u00e0 motoria in Veneto&#8221;. Il lavoro nasce dalla collaborazione tra l\u2019Osservatorio regionale per lo sport e l\u2019Ufficio di Statistica regionale. Il Veneto, come l\u2019Italia, gi\u00e0 nel 2018 ha raggiunto l\u2019obiettivo fissato per il 2020 dall\u2019Organizzazione Mondiale della Sanit\u00e0 di riduzione del livello di sedentariet\u00e0 del 10 per cento rispetto al 2013: la variazione in Veneto 2020\/2013 \u00e8 pari al -11,9 per cento. Praticano sport di pi\u00f9 i maschi (50,5%) rispetto alle femmine (37,2%), e soprattutto in giovane et\u00e0 (la fascia pi\u00f9 numerosa \u00e8 quella 11-19 anni con il 69,8%). I dati CONI del 2018 rivelano che in Veneto gli sport pi\u00f9 amati sono calcio, pallavolo, tennis, pallacanestro e atletica leggera. Ma ci sono sport specifici a seconda delle province: a Treviso il ciclismo, a Belluno gli sport invernali, a Rovigo la pesca sportiva, a Venezia la vela, a Padova la ginnastica, a Vicenza i pesi, a Verona la palla tamburello.<\/p>\n<p>&nbsp;<\/p>\n<p>&nbsp;<\/p>\n<hr \/>\n<p>&nbsp;<\/p>\n<blockquote>\n<h3>RENATO ORZETTI, UN UOMO PANE E CALCIO<\/h3>\n<\/blockquote>\n<p><strong>RIVAMONTE\u00a0<\/strong>Come ogni lunedi Gianni Santomaso dalle pagine del Corriere delle Alpi racconta una storia, un personaggio, un pezzo di vita dell\u2019Agordino \u201cVivere l\u2019Agordino\u201d una raccolta spaccato di vita agordina con le immancabili vignette di Erica Andrich<\/p>\n<p><strong>di Gianni Santomaso<\/strong><\/p>\n<audio class=\"wp-audio-shortcode\" id=\"audio-279816-5\" preload=\"none\" style=\"width: 100%;\" controls=\"controls\"><source type=\"audio\/mpeg\" src=\"https:\/\/www.radiopiu.net\/wordpress\/wp-content\/uploads\/2022\/06\/GIANNI-SPECIALE-AGORDINO-RENATO-ORZETTI.mp3?_=5\" \/><a href=\"https:\/\/www.radiopiu.net\/wordpress\/wp-content\/uploads\/2022\/06\/GIANNI-SPECIALE-AGORDINO-RENATO-ORZETTI.mp3\">https:\/\/www.radiopiu.net\/wordpress\/wp-content\/uploads\/2022\/06\/GIANNI-SPECIALE-AGORDINO-RENATO-ORZETTI.mp3<\/a><\/audio>\n<p>&nbsp;<\/p>\n\n\t\t\t<style type='text\/css'>\n\t\t\t\t#gallery-6 {\n\t\t\t\t\tmargin: auto;\n\t\t\t\t}\n\t\t\t\t#gallery-6 .gallery-item {\n\t\t\t\t\tfloat: left;\n\t\t\t\t\tmargin-top: 10px;\n\t\t\t\t\ttext-align: center;\n\t\t\t\t\twidth: 33%;\n\t\t\t\t}\n\t\t\t\t#gallery-6 img {\n\t\t\t\t\tborder: 2px solid #cfcfcf;\n\t\t\t\t}\n\t\t\t\t#gallery-6 .gallery-caption {\n\t\t\t\t\tmargin-left: 0;\n\t\t\t\t}\n\t\t\t\t\/* see gallery_shortcode() in wp-includes\/media.php *\/\n\t\t\t<\/style>\n\t\t<div id='gallery-6' class='dt-gallery-container gallery galleryid-279816 gallery-columns-3 gallery-size-thumbnail'><dl class='gallery-item'>\n\t\t\t\t<dt class='gallery-icon landscape'>\n\t\t\t\t\t<a class=\"rollover rollover-zoom dt-pswp-item\" title=\"bcc83e31-83bd-40bc-b77c-440001f0b798\" data-dt-img-description=\"\" data-large_image_width=\"1600\" data-large_image_height=\"901\"href='https:\/\/www.radiopiu.net\/wordpress\/wp-content\/uploads\/2022\/06\/bcc83e31-83bd-40bc-b77c-440001f0b798.jpg'><img loading=\"lazy\" decoding=\"async\" width=\"150\" height=\"150\" src=\"https:\/\/www.radiopiu.net\/wordpress\/wp-content\/uploads\/2022\/06\/bcc83e31-83bd-40bc-b77c-440001f0b798-150x150.jpg\" class=\"attachment-thumbnail size-thumbnail\" alt=\"\" \/><\/a>\n\t\t\t\t<\/dt><\/dl><dl class='gallery-item'>\n\t\t\t\t<dt class='gallery-icon portrait'>\n\t\t\t\t\t<a class=\"rollover rollover-zoom dt-pswp-item\" title=\"0-1\" data-dt-img-description=\"\" data-large_image_width=\"1762\" data-large_image_height=\"1926\"href='https:\/\/www.radiopiu.net\/wordpress\/wp-content\/uploads\/2022\/06\/0-1.png'><img loading=\"lazy\" decoding=\"async\" width=\"150\" height=\"150\" src=\"https:\/\/www.radiopiu.net\/wordpress\/wp-content\/uploads\/2022\/06\/0-1-150x150.png\" class=\"attachment-thumbnail size-thumbnail\" alt=\"\" \/><\/a>\n\t\t\t\t<\/dt><\/dl><dl class='gallery-item'>\n\t\t\t\t<dt class='gallery-icon portrait'>\n\t\t\t\t\t<a class=\"rollover rollover-zoom dt-pswp-item\" title=\"c862a9e5-f57f-4745-bee8-5b685bca35cd\" data-dt-img-description=\"\" data-large_image_width=\"1500\" data-large_image_height=\"2000\"href='https:\/\/www.radiopiu.net\/wordpress\/wp-content\/uploads\/2022\/06\/c862a9e5-f57f-4745-bee8-5b685bca35cd.jpg'><img loading=\"lazy\" decoding=\"async\" width=\"150\" height=\"150\" src=\"https:\/\/www.radiopiu.net\/wordpress\/wp-content\/uploads\/2022\/06\/c862a9e5-f57f-4745-bee8-5b685bca35cd-150x150.jpg\" class=\"attachment-thumbnail size-thumbnail\" alt=\"\" \/><\/a>\n\t\t\t\t<\/dt><\/dl><br style=\"clear: both\" \/>\n\t\t\t<\/div>\n\n<p>&nbsp;<\/p>\n<hr \/>\n<p>&nbsp;<\/p>\n<blockquote>\n<h3>EX ATLETI E CAMPIONI SORDI AL RADUNO NAZIONALE DELLO STADIO DI ORZES<\/h3>\n<\/blockquote>\n<p><strong>PONTE NELLE ALPI <\/strong>Dai luoghi della memoria del Vajont allo stadio comunale &#8220;Umberto Orzes&#8221; di Ponte nelle Alpi: gli ex campioni sordi di atletica leggera hanno scelto il territorio bellunese per dare vita al loro settimo raduno di respiro nazionale.<span class=\"gmail-Apple-converted-space\"> \u00a0<\/span>Proprio allo stadio Orzes erano una ventina e hanno preso parte alle competizioni di corsa, marcia e lancio del peso, in una mattinata di gare e di festa. Tra di loro, medagliati in competizioni nazionali e alle Paralimpiadi negli anni Ottanta, che in passato si sono misurati al fianco di autentiche leggende come Pietro Mennea e Sara Simeoni. Le loro prestazioni, peraltro, sono ancora ottime e molti di questi atleti sono tuttora in attivit\u00e0.<span class=\"gmail-Apple-converted-space\"> \u00a0<\/span>Giunti nei giorni scorsi a Longarone per una visita sui luoghi del Vajont insieme a un bel gruppo di accompagnatori, hanno avuto modo di ritrovarsi in compagnia e in allegria, come fanno da molti anni in una localit\u00e0 sempre diversa, mossi dal desiderio di gareggiare\u00a0 con il vero spirito olimpico, intrecciato all\u2019amicizia.<span class=\"gmail-Apple-converted-space\"> \u00a0<\/span>Provenienti dalla Sicilia, da Roma, dalla Toscana e da altre localit\u00e0, sono stati accolti allo stadio dal vice presidente della Polisportiva Ponte, Gianni D\u2019Inc\u00e0, dal presidente del Gruppo Sportivo Quantin, Renzo Viel, e dall\u2019assessora comunale allo Sport di Ponte nelle Alpi, Marta Viel.<span class=\"gmail-Apple-converted-space\">\u00a0<\/span><\/p>\n\n\t\t\t<style type='text\/css'>\n\t\t\t\t#gallery-7 {\n\t\t\t\t\tmargin: auto;\n\t\t\t\t}\n\t\t\t\t#gallery-7 .gallery-item {\n\t\t\t\t\tfloat: left;\n\t\t\t\t\tmargin-top: 10px;\n\t\t\t\t\ttext-align: center;\n\t\t\t\t\twidth: 50%;\n\t\t\t\t}\n\t\t\t\t#gallery-7 img {\n\t\t\t\t\tborder: 2px solid #cfcfcf;\n\t\t\t\t}\n\t\t\t\t#gallery-7 .gallery-caption {\n\t\t\t\t\tmargin-left: 0;\n\t\t\t\t}\n\t\t\t\t\/* see gallery_shortcode() in wp-includes\/media.php *\/\n\t\t\t<\/style>\n\t\t<div id='gallery-7' class='dt-gallery-container gallery galleryid-279816 gallery-columns-2 gallery-size-thumbnail'><dl class='gallery-item'>\n\t\t\t\t<dt class='gallery-icon landscape'>\n\t\t\t\t\t<a class=\"rollover rollover-zoom dt-pswp-item\" title=\"Raduno_1\" data-dt-img-description=\"\" data-large_image_width=\"1600\" data-large_image_height=\"1200\"href='https:\/\/www.radiopiu.net\/wordpress\/wp-content\/uploads\/2022\/06\/Raduno_1.jpg'><img loading=\"lazy\" decoding=\"async\" width=\"150\" height=\"150\" src=\"https:\/\/www.radiopiu.net\/wordpress\/wp-content\/uploads\/2022\/06\/Raduno_1-150x150.jpg\" class=\"attachment-thumbnail size-thumbnail\" alt=\"\" \/><\/a>\n\t\t\t\t<\/dt><\/dl><dl class='gallery-item'>\n\t\t\t\t<dt class='gallery-icon landscape'>\n\t\t\t\t\t<a class=\"rollover rollover-zoom dt-pswp-item\" title=\"Raduno_2\" data-dt-img-description=\"\" data-large_image_width=\"2000\" data-large_image_height=\"1500\"href='https:\/\/www.radiopiu.net\/wordpress\/wp-content\/uploads\/2022\/06\/Raduno_2.jpg'><img loading=\"lazy\" decoding=\"async\" width=\"150\" height=\"150\" src=\"https:\/\/www.radiopiu.net\/wordpress\/wp-content\/uploads\/2022\/06\/Raduno_2-150x150.jpg\" class=\"attachment-thumbnail size-thumbnail\" alt=\"\" \/><\/a>\n\t\t\t\t<\/dt><\/dl><br style=\"clear: both\" \/>\n\t\t\t<\/div>\n\n<p>&nbsp;<\/p>\n<p>&nbsp;<\/p>\n<hr \/>\n<p>&nbsp;<\/p>\n<blockquote>\n<h3>OGGI IL CONSIGLIO COMUNALE A FALCADE. DIRETTA RADIO PIU SUI CANALI FACEBOOK E TELEGRAM<\/h3>\n<\/blockquote>\n<p><strong>FALCADE<\/strong> Il sindaco di Falcade Michele Costa ha convocato il consiglio comunale, l&#8217;ultimo del suo mandato, per oggi alle 19. I consiglieri sono chiamati a discutere 6 punti all&#8217;ordine del giorno tra cui l&#8217;approvazione dell&#8217;esercizio finanziario 2021, la quarta variazione al bilancio, l&#8217;approvazione del regolamento della polizia rurale e un&#8217;istanza di autorizzazione al mutamento temporaneo di destinazione di una porzione di terreni di uso civico in localit\u00e0 Ziangari Alti per la realizzazione di percorsi ciclo-escursionistici per il freeride.<\/p>\n<p>&nbsp;<\/p>\n<p>&nbsp;<\/p>\n<hr \/>\n<p>&nbsp;<\/p>\n<blockquote>\n<h3>SEI PUNTI NEL CONSIGLIO COMUNALE DI CENCENIGHE<\/h3>\n<\/blockquote>\n<p><strong>CENCENIGHE<\/strong> Il sindaco di Cencenighe Mauro Soppelsa ha convocato il consiglio comunale per venerd\u00ec alle 20:30. Si parler\u00e0 del rendiconto di gestione per l&#8217;esercizio finanziario 2021, la seconda variazione al bilancio, un aggiornamento del piano delle allienazioni, acquisizione e valorizzazioni immobiliari e negli ultimi due punti protagonista ASCA con l&#8217;approvazione delle modifiche allo statuto e l&#8217;approvazione del bilancio 2022.<\/p>\n<p>&nbsp;<\/p>\n<p>&nbsp;<\/p>\n<hr \/>\n<p>&nbsp;<\/p>\n<blockquote>\n<h3>NEL CONSIGLIO DELL&#8217;UNIONE MONTANA SI PARLA DI RACCOLTA FUNGHI. DIRETTA RADIO PIU SUI CANALI FACEBOOK E TELEGRAM<\/h3>\n<p>dal corriere delle alpi, GIANNI SANTOMASO<\/p><\/blockquote>\n<audio class=\"wp-audio-shortcode\" id=\"audio-279816-6\" preload=\"none\" style=\"width: 100%;\" controls=\"controls\"><source type=\"audio\/mpeg\" src=\"https:\/\/www.radiopiu.net\/wordpress\/wp-content\/uploads\/2022\/06\/unione-montana-gianni.mp3?_=6\" \/><a href=\"https:\/\/www.radiopiu.net\/wordpress\/wp-content\/uploads\/2022\/06\/unione-montana-gianni.mp3\">https:\/\/www.radiopiu.net\/wordpress\/wp-content\/uploads\/2022\/06\/unione-montana-gianni.mp3<\/a><\/audio>\n<p>&nbsp;<\/p>\n<p><strong>AGORDO<\/strong> Il Presidente dell&#8217;Unione Montana Agordina Michele Costa ha convocato i consiglieri in sala Don Tamis ad Agordo per gioved\u00ec alle 20. Tre punti da discutere: la lettura e approvazione della seduta del 12 maggio, l&#8217;approvazione del nuovo regolamento per la raccolta funghi e le comunicazioni del presidente.<\/p>\n<p>&nbsp;<\/p>\n<p>&nbsp;<\/p>\n<hr \/>\n<p>&nbsp;<\/p>\n<blockquote>\n<h3>CISL PENSIONATI, NUOVA SEDE A QUERO<\/h3>\n<\/blockquote>\n<p><strong><a class=\"dt-pswp-item\" href=\"https:\/\/www.radiopiu.net\/wordpress\/wp-content\/uploads\/2020\/11\/Schermata-2020-11-11-alle-12.25.13.png\" data-dt-img-description=\"\" data-large_image_width=\"594\" data-large_image_height=\"310\"><img loading=\"lazy\" decoding=\"async\" class=\"alignleft wp-image-172025 \" src=\"https:\/\/www.radiopiu.net\/wordpress\/wp-content\/uploads\/2020\/11\/Schermata-2020-11-11-alle-12.25.13-300x157.png\" alt=\"\" width=\"172\" height=\"90\" srcset=\"https:\/\/www.radiopiu.net\/wordpress\/wp-content\/uploads\/2020\/11\/Schermata-2020-11-11-alle-12.25.13-300x157.png 300w, https:\/\/www.radiopiu.net\/wordpress\/wp-content\/uploads\/2020\/11\/Schermata-2020-11-11-alle-12.25.13.png 594w\" sizes=\"auto, (max-width: 172px) 100vw, 172px\" \/><\/a>BELLUNO<\/strong> Sar\u00e0 inaugurata gioved\u00ec 9 giugno alle 11 la nuova sede della Cisl Fnp a Quero. La Federazione dei Pensionati della Cisl ha scelto un locale situato in via Nazionale 29\/A come quartier generale per offrire servizi e assistenza ai cittadini di una vasta area che comprende i Comuni di Quero-Vas, Alano di Piave e Segusino. Un territorio che accoglie una popolazione residente di 7.800 abitanti dei quali quasi 2.200 oltre i 65 anni di et\u00e0 e con 400 iscritti alla Fnp Cisl di Belluno Treviso.<\/p>\n<p>&nbsp;<\/p>\n<p>&nbsp;<\/p>\n<hr \/>\n<p>&nbsp;<\/p>\n<blockquote>\n<h3><a class=\"dt-pswp-item\" href=\"https:\/\/www.radiopiu.net\/wordpress\/wp-content\/uploads\/2020\/12\/CGIL.jpg\" data-dt-img-description=\"\" data-large_image_width=\"512\" data-large_image_height=\"285\"><img loading=\"lazy\" decoding=\"async\" class=\"size-thumbnail wp-image-180372 alignleft\" src=\"https:\/\/www.radiopiu.net\/wordpress\/wp-content\/uploads\/2020\/12\/CGIL-150x150.jpg\" alt=\"\" width=\"150\" height=\"150\" \/><\/a>L&#8217;ASSEMBLEA PUBBLICA DELLA CGIL BELLUNO<\/h3>\n<\/blockquote>\n<p><strong>BELLUNO<\/strong>\u00a0 Per domani alle 11 la CGIL Belluno ha indetto un&#8217;assemblea pubblica presso la Piazzetta del condominio Ex Segherie Bellunesi per parlare di pace, lavoro, giustizia sociale e democrazia.\u00a0 L\u2019occasione, oltre a proporre le motivazioni che portano la CGIL verso la mobilitazione\u00a0 dei propri delegati RSU, potr\u00e0 essere utile anche a approfondire qualche breve analisi locale\u00a0 sullo stato del mondo del lavoro bellunese.<\/p>\n<p>&nbsp;<\/p>\n<p>&nbsp;<\/p>\n<hr \/>\n<p>&nbsp;<\/p>\n<blockquote>\n<h3>AIDO A LIMANA PER UNA SERATA IMPRONTATA SUI TESSUTI OCULARI<\/h3>\n<\/blockquote>\n<p><strong><a class=\"dt-pswp-item\" href=\"https:\/\/www.radiopiu.net\/wordpress\/wp-content\/uploads\/2022\/06\/AIDO.png\" data-dt-img-description=\"\" data-large_image_width=\"233\" data-large_image_height=\"233\"><img loading=\"lazy\" decoding=\"async\" class=\" wp-image-279760 alignleft\" src=\"https:\/\/www.radiopiu.net\/wordpress\/wp-content\/uploads\/2022\/06\/AIDO-150x150.png\" alt=\"\" width=\"94\" height=\"94\" srcset=\"https:\/\/www.radiopiu.net\/wordpress\/wp-content\/uploads\/2022\/06\/AIDO-150x150.png 150w, https:\/\/www.radiopiu.net\/wordpress\/wp-content\/uploads\/2022\/06\/AIDO.png 233w\" sizes=\"auto, (max-width: 94px) 100vw, 94px\" \/><\/a>LIMANA<\/strong> La donazione dei tessuti oculari sara\u0300 il tema al centro dell&#8217;incontro &#8220;occhio alla vista&#8221; che si svolgera\u0300 giovedi\u0300 9 giugno alle 20.30 nel municipio di Limana. La serata e\u0300 organizzata dall&#8217;Aido Belluno in collaborazione con l&#8217;assessorato alle politiche sociali del Comune di Limana. Parteciperanno il dottor Enrico Vidale (Fondazione Banca degli occhi di Mestre), la dottoressa Daniele Vici (Fondazione Banca dei tessuti di Treviso), e i rappresentanti del reparto di oculistica dell&#8217;ospedale San Martino di Belluno. L&#8217;evento e\u0300 gratuito e aperto a tutta la popolazione.<\/p>\n<p>&nbsp;<\/p>\n<p>&nbsp;<\/p>\n<hr \/>\n<p>&nbsp;<\/p>\n<blockquote>\n<blockquote>\n<h3>SABATO IN AUDITORIUM &#8220;LE NOZZE TRIBOLADE&#8221; con GLI ANFIBI SPAIATI<\/h3>\n<\/blockquote>\n<p><img loading=\"lazy\" decoding=\"async\" class=\"alignleft\" src=\"https:\/\/www.radiopiu.net\/wordpress\/wp-content\/uploads\/2022\/06\/f9e0b9f5-b8ae-46cc-88c4-c4c58954cd71.jpg\" width=\"244\" height=\"137\" \/><strong>FELTRE<\/strong><\/p>\n<p><strong>DI LUISA ALCHINI<\/strong><\/p>\n<audio class=\"wp-audio-shortcode\" id=\"audio-279816-7\" preload=\"none\" style=\"width: 100%;\" controls=\"controls\"><source type=\"audio\/mpeg\" src=\"https:\/\/www.radiopiu.net\/wordpress\/wp-content\/uploads\/2022\/06\/luisa-SPETTACOLO-TEtrale.mp3?_=7\" \/><a href=\"https:\/\/www.radiopiu.net\/wordpress\/wp-content\/uploads\/2022\/06\/luisa-SPETTACOLO-TEtrale.mp3\">https:\/\/www.radiopiu.net\/wordpress\/wp-content\/uploads\/2022\/06\/luisa-SPETTACOLO-TEtrale.mp3<\/a><\/audio>\n<p>&nbsp;<\/p>\n<p>&nbsp;<\/p><\/blockquote>\n<div class=\"page\" title=\"Page 1\">\n<div class=\"layoutArea\">\n<div class=\"column\">\n<div class=\"page\" title=\"Page 1\">\n<div class=\"layoutArea\">\n<div class=\"column\">\n<hr \/>\n<p>&nbsp;<\/p>\n<blockquote>\n<h3><a class=\"dt-pswp-item\" href=\"https:\/\/www.radiopiu.net\/wordpress\/wp-content\/uploads\/2022\/05\/memo.png\" data-dt-img-description=\"\" data-large_image_width=\"552\" data-large_image_height=\"359\"><img loading=\"lazy\" decoding=\"async\" class=\"alignleft wp-image-278629 \" src=\"https:\/\/www.radiopiu.net\/wordpress\/wp-content\/uploads\/2022\/05\/memo-300x195.png\" alt=\"\" width=\"163\" height=\"106\" srcset=\"https:\/\/www.radiopiu.net\/wordpress\/wp-content\/uploads\/2022\/05\/memo-300x195.png 300w, https:\/\/www.radiopiu.net\/wordpress\/wp-content\/uploads\/2022\/05\/memo.png 552w\" sizes=\"auto, (max-width: 163px) 100vw, 163px\" \/><\/a>MEMORIE MINERARIE AGORDINE, IL SECONDO NUMERO<\/h3>\n<\/blockquote>\n<p><strong>AGORDO<\/strong> Sabato 11 giugno alle 18 all&#8217;auditorium\u00a0 Antonio Favretti presso l&#8217;Istituto Minerario di Agordo, l&#8217;associazione Amici dei Minerari in collaborazione con l&#8217;Istituto Geotecnico Minerario\u00a0 presenta il secondo numero delle Memorie Minerarie Agordine\u00a0 dal Titolo &#8220;La ricerca mineraria nella valle di San Lucano&#8221;. Presentano\u00a0 il professor Vittorio Fenti e il docente\u00a0 Dino Preloran<\/p>\n<p>&nbsp;<\/p>\n<p>&nbsp;<\/p>\n<hr \/>\n<p>&nbsp;<\/p>\n<blockquote>\n<h3>COL DI LANA E MONTE SIEF, IL LIBRO<\/h3>\n<\/blockquote>\n<p><strong>LIVINALLONGO<\/strong> Sabato alle 20.30 nella sala Taulac di Pieve di Livinallongo sar\u00e0 presentata la triologia di Ezio Anzanello sulla guerra di mine sul Col di Lana e Monte Sief durante la prima Guerra mondiale.<\/p>\n<p>&nbsp;<\/p>\n<hr \/>\n<p>&nbsp;<\/p>\n<blockquote>\n<h3>L&#8217;ASSEMBLEA DELLE PRO LOCO BELLUNESI E LA SERATA CON SAMMY BASSO<\/h3>\n<\/blockquote>\n<p><strong>CANALE D&#8217;AGORDO<\/strong> Si terr\u00e0 presso la sala Lina Zand\u00f2 di Canale D&#8217;Agordo l&#8217;assemblea delle Pro Loco Bellunesi domenica 12 giugno alle 9. Sabato 18 giugno alle 20:30 alla casa della giovent\u00f9 di Caviola \u00e8 in programma una serata dal titolo <b><i>Il sorriso dei guerrieri- storie di speranza&#8221;<\/i><\/b>, con Sammy Basso, Simonetta Borsatti e Andrea Baccaglioni, i quali racconteranno le loro esperienze di vita, in particolare il modo in cui hanno affrontato la loro malattia e dove hanno trovato la forza per lottare e sperare. Si raccomanda l&#8217;utilizzo della mascherina.<\/p>\n<p>&nbsp;<\/p>\n<p>&nbsp;<\/p>\n<p>&nbsp;<\/p>\n<hr \/>\n<p>&nbsp;<\/p>\n<p>&nbsp;<\/p>\n<h2><strong><a class=\"dt-pswp-item\" href=\"https:\/\/www.radiopiu.net\/wordpress\/wp-content\/uploads\/2022\/06\/Schermata-2022-06-01-alle-16.11.58.png\" data-dt-img-description=\"\" data-large_image_width=\"1310\" data-large_image_height=\"688\"><img loading=\"lazy\" decoding=\"async\" class=\"alignleft wp-image-279179 size-medium\" src=\"https:\/\/www.radiopiu.net\/wordpress\/wp-content\/uploads\/2022\/06\/Schermata-2022-06-01-alle-16.11.58-300x158.png\" alt=\"\" width=\"300\" height=\"158\" srcset=\"https:\/\/www.radiopiu.net\/wordpress\/wp-content\/uploads\/2022\/06\/Schermata-2022-06-01-alle-16.11.58-300x158.png 300w, https:\/\/www.radiopiu.net\/wordpress\/wp-content\/uploads\/2022\/06\/Schermata-2022-06-01-alle-16.11.58-1024x538.png 1024w, https:\/\/www.radiopiu.net\/wordpress\/wp-content\/uploads\/2022\/06\/Schermata-2022-06-01-alle-16.11.58-768x403.png 768w, https:\/\/www.radiopiu.net\/wordpress\/wp-content\/uploads\/2022\/06\/Schermata-2022-06-01-alle-16.11.58.png 1310w\" sizes=\"auto, (max-width: 300px) 100vw, 300px\" \/><\/a><span style=\"color: #ff6600;\">TORNA LA SAGRA DI SANT&#8217;ANTONIO A RIVAMONTE<\/span><\/strong><\/h2>\n<p><strong>di Claudio Fontanive<\/strong><\/p>\n<p>OSPITI: Jennifer Bressan e Simone Fontanive<\/p>\n<audio class=\"wp-audio-shortcode\" id=\"audio-279816-8\" preload=\"none\" style=\"width: 100%;\" controls=\"controls\"><source type=\"audio\/mpeg\" src=\"https:\/\/www.radiopiu.net\/wordpress\/wp-content\/uploads\/2022\/06\/santantonio-jennifer-simone-01-giugno.mp3?_=8\" \/><a href=\"https:\/\/www.radiopiu.net\/wordpress\/wp-content\/uploads\/2022\/06\/santantonio-jennifer-simone-01-giugno.mp3\">https:\/\/www.radiopiu.net\/wordpress\/wp-content\/uploads\/2022\/06\/santantonio-jennifer-simone-01-giugno.mp3<\/a><\/audio>\n<p>&nbsp;<\/p>\n<hr \/>\n<p>&nbsp;<\/p>\n<blockquote>\n<h2>SAN GIOVANNI, TRE GIORNI DI FESTA A CANALE D&#8217;AGORDO<\/h2>\n<\/blockquote>\n<p><strong>CANALE D&#8217;AGORDO<\/strong> Il ritorno della sagra di San Giovanni, riecco il corposo programma a pi\u00f9 firme: Comune, Polisportiva, Proloco, Ana e Abvs. Tre giorni di festa, il primo appuntamento venerdi 24, giorno di San Giovanni, con la festa per i 100 anni del distaccamento dei vigili del fuoco volontari del paese, presenza importante e fondamentale, da sempre. Sar\u00e0 anche il giorno dei coscritti del 2002, della musica di Oscar all&#8217;ora di pranzo\u00a0 e dei pregiati piatti con frittura di pesce e gli gnocchi ai porcini e puina sfumegada, oltre all&#8217;immancabile piatto del malgher e le trippe alla parmigiana. Gli aperitivi\u00a0 del sabato una garanzia con Ciccio di Oh per Bacco e la colonna musicale del duo jazz e bossanova Crestani-Burigo. Le notti da ballare: venerdi 24 con Cristian Group, sabato 25 con gli Hedera e il dj set, domenica 26 con Mely &amp; the moodies. PROGRAMMA RELIGIOSO: venerdi 24 alle 10.30 la messa nella chiesa di San Giovanni Battista.<\/p>\n\n\t\t\t<style type='text\/css'>\n\t\t\t\t#gallery-8 {\n\t\t\t\t\tmargin: auto;\n\t\t\t\t}\n\t\t\t\t#gallery-8 .gallery-item {\n\t\t\t\t\tfloat: left;\n\t\t\t\t\tmargin-top: 10px;\n\t\t\t\t\ttext-align: center;\n\t\t\t\t\twidth: 33%;\n\t\t\t\t}\n\t\t\t\t#gallery-8 img {\n\t\t\t\t\tborder: 2px solid #cfcfcf;\n\t\t\t\t}\n\t\t\t\t#gallery-8 .gallery-caption {\n\t\t\t\t\tmargin-left: 0;\n\t\t\t\t}\n\t\t\t\t\/* see gallery_shortcode() in wp-includes\/media.php *\/\n\t\t\t<\/style>\n\t\t<div id='gallery-8' class='dt-gallery-container gallery galleryid-279816 gallery-columns-3 gallery-size-medium'><dl class='gallery-item'>\n\t\t\t\t<dt class='gallery-icon portrait'>\n\t\t\t\t\t<a class=\"rollover rollover-zoom dt-pswp-item\" title=\"0a6150e4-bc70-4210-ad75-f53803953eb0\" data-dt-img-description=\"\" data-large_image_width=\"1131\" data-large_image_height=\"1600\"href='https:\/\/www.radiopiu.net\/wordpress\/wp-content\/uploads\/2022\/06\/0a6150e4-bc70-4210-ad75-f53803953eb0.jpg'><img loading=\"lazy\" decoding=\"async\" width=\"212\" height=\"300\" src=\"https:\/\/www.radiopiu.net\/wordpress\/wp-content\/uploads\/2022\/06\/0a6150e4-bc70-4210-ad75-f53803953eb0-212x300.jpg\" class=\"attachment-medium size-medium\" alt=\"\" srcset=\"https:\/\/www.radiopiu.net\/wordpress\/wp-content\/uploads\/2022\/06\/0a6150e4-bc70-4210-ad75-f53803953eb0-212x300.jpg 212w, https:\/\/www.radiopiu.net\/wordpress\/wp-content\/uploads\/2022\/06\/0a6150e4-bc70-4210-ad75-f53803953eb0-724x1024.jpg 724w, https:\/\/www.radiopiu.net\/wordpress\/wp-content\/uploads\/2022\/06\/0a6150e4-bc70-4210-ad75-f53803953eb0-768x1086.jpg 768w, https:\/\/www.radiopiu.net\/wordpress\/wp-content\/uploads\/2022\/06\/0a6150e4-bc70-4210-ad75-f53803953eb0-1086x1536.jpg 1086w, https:\/\/www.radiopiu.net\/wordpress\/wp-content\/uploads\/2022\/06\/0a6150e4-bc70-4210-ad75-f53803953eb0.jpg 1131w\" sizes=\"auto, (max-width: 212px) 100vw, 212px\" \/><\/a>\n\t\t\t\t<\/dt><\/dl><dl class='gallery-item'>\n\t\t\t\t<dt class='gallery-icon landscape'>\n\t\t\t\t\t<a class=\"rollover rollover-zoom dt-pswp-item\" title=\"117083109_183542043157133_75668120410207434_n\" data-dt-img-description=\"\" data-large_image_width=\"960\" data-large_image_height=\"503\"href='https:\/\/www.radiopiu.net\/wordpress\/wp-content\/uploads\/2022\/06\/117083109_183542043157133_75668120410207434_n.jpg'><img loading=\"lazy\" decoding=\"async\" width=\"300\" height=\"157\" src=\"https:\/\/www.radiopiu.net\/wordpress\/wp-content\/uploads\/2022\/06\/117083109_183542043157133_75668120410207434_n-300x157.jpg\" class=\"attachment-medium size-medium\" alt=\"\" srcset=\"https:\/\/www.radiopiu.net\/wordpress\/wp-content\/uploads\/2022\/06\/117083109_183542043157133_75668120410207434_n-300x157.jpg 300w, https:\/\/www.radiopiu.net\/wordpress\/wp-content\/uploads\/2022\/06\/117083109_183542043157133_75668120410207434_n-768x402.jpg 768w, https:\/\/www.radiopiu.net\/wordpress\/wp-content\/uploads\/2022\/06\/117083109_183542043157133_75668120410207434_n.jpg 960w\" sizes=\"auto, (max-width: 300px) 100vw, 300px\" \/><\/a>\n\t\t\t\t<\/dt><\/dl><dl class='gallery-item'>\n\t\t\t\t<dt class='gallery-icon landscape'>\n\t\t\t\t\t<a class=\"rollover rollover-zoom dt-pswp-item\" title=\"CANALE D&#039;AGORDO (3)\" data-dt-img-description=\"\" data-large_image_width=\"960\" data-large_image_height=\"720\"href='https:\/\/www.radiopiu.net\/wordpress\/wp-content\/uploads\/2020\/06\/CANALE-DAGORDO-3.jpg'><img loading=\"lazy\" decoding=\"async\" width=\"300\" height=\"225\" src=\"https:\/\/www.radiopiu.net\/wordpress\/wp-content\/uploads\/2020\/06\/CANALE-DAGORDO-3-300x225.jpg\" class=\"attachment-medium size-medium\" alt=\"\" srcset=\"https:\/\/www.radiopiu.net\/wordpress\/wp-content\/uploads\/2020\/06\/CANALE-DAGORDO-3-300x225.jpg 300w, https:\/\/www.radiopiu.net\/wordpress\/wp-content\/uploads\/2020\/06\/CANALE-DAGORDO-3-768x576.jpg 768w, https:\/\/www.radiopiu.net\/wordpress\/wp-content\/uploads\/2020\/06\/CANALE-DAGORDO-3.jpg 960w\" sizes=\"auto, (max-width: 300px) 100vw, 300px\" \/><\/a>\n\t\t\t\t<\/dt><\/dl><br style=\"clear: both\" \/>\n\t\t\t<\/div>\n\n<p>&nbsp;<\/p>\n<p>&nbsp;<\/p>\n<p>&nbsp;<\/p>\n<hr \/>\n<p>&nbsp;<\/p>\n<h2><span style=\"color: #008080;\">SALUTE &amp; SOCIETA&#8217;\u00a0<\/span><\/h2>\n<p><strong><a class=\"dt-pswp-item\" href=\"https:\/\/www.radiopiu.net\/wordpress\/wp-content\/uploads\/2022\/06\/47f7f245-aed3-a0fe-fc16-8c19c661664c.jpg\" data-dt-img-description=\"\" data-large_image_width=\"800\" data-large_image_height=\"445\"><img loading=\"lazy\" decoding=\"async\" class=\"size-thumbnail wp-image-279973 alignleft\" src=\"https:\/\/www.radiopiu.net\/wordpress\/wp-content\/uploads\/2022\/06\/47f7f245-aed3-a0fe-fc16-8c19c661664c-150x150.jpg\" alt=\"\" width=\"150\" height=\"150\" \/><\/a>PUNTATA DEL 06 GIUGNO 2022<\/strong><\/p>\n<p><strong>Angioplastica coronarica <\/strong>Con esami pi\u00f9 precisi il 12% dei pazienti pu\u00f2 evitare l\u2019angioplastica coronarica, grazie alla misurazione di alcuni indici fisiologici, raccomandati dalle linee guida internazionali. <strong>Tumore dell\u2019ovaio <\/strong>Tumore dell\u2019ovaio, quali sono i meccanismi di resistenza ai PARP-inibitori e come superarli? Alessandra Terzaghi lo ha chiesto a Gustavo Baldassarre, Direttore della Oncologia Molecolare del Centro di Riferimento Oncologico di Aviano.<\/p>\n<audio class=\"wp-audio-shortcode\" id=\"audio-279816-9\" preload=\"none\" style=\"width: 100%;\" controls=\"controls\"><source type=\"audio\/mpeg\" src=\"https:\/\/www.radiopiu.net\/wordpress\/wp-content\/uploads\/2022\/06\/SALUTE.mp3?_=9\" \/><a href=\"https:\/\/www.radiopiu.net\/wordpress\/wp-content\/uploads\/2022\/06\/SALUTE.mp3\">https:\/\/www.radiopiu.net\/wordpress\/wp-content\/uploads\/2022\/06\/SALUTE.mp3<\/a><\/audio>\n<p>&nbsp;<\/p>\n<p><strong>LA RACCOLTA<\/strong><\/p>\n<blockquote class=\"wp-embedded-content\" data-secret=\"OrLFsk6dsC\"><p><a href=\"https:\/\/www.radiopiu.net\/wordpress\/saluteesocieta\/\">Salute e Societ\u00e0<\/a><\/p><\/blockquote>\n<p><iframe loading=\"lazy\" class=\"wp-embedded-content\" sandbox=\"allow-scripts\" security=\"restricted\" style=\"position: absolute; clip: rect(1px, 1px, 1px, 1px);\" title=\"&#8220;Salute e Societ\u00e0&#8221; &#8212; Radio Pi\u00f9\" src=\"https:\/\/www.radiopiu.net\/wordpress\/saluteesocieta\/embed\/#?secret=TeP83k72Pz#?secret=OrLFsk6dsC\" data-secret=\"OrLFsk6dsC\" width=\"600\" height=\"338\" frameborder=\"0\" marginwidth=\"0\" marginheight=\"0\" scrolling=\"no\"><\/iframe><\/p>\n<p>&nbsp;<\/p>\n<hr \/>\n<p>&nbsp;<\/p>\n<h2><span style=\"color: #ff00ff;\">007 IN CONDOTTA CON LA PROF. MARIA ROSA SALMAZO ULTIMA PUNTATA DECIMO ANNO CON IL GRAZIE PER L&#8217;IMPEGNO ALLA PROF. MARIA ROSA SALMAZO E CLAUDIO FONTANIVE\u00a0<\/span><\/h2>\n<p><strong>PUNTATA DEL O6 GIUGNO 2022 &#8211; ULTIMA PUNTATA DELLA STAGIONE<\/strong><\/p>\n<audio class=\"wp-audio-shortcode\" id=\"audio-279816-10\" preload=\"none\" style=\"width: 100%;\" controls=\"controls\"><source type=\"audio\/mpeg\" src=\"https:\/\/www.radiopiu.net\/wordpress\/wp-content\/uploads\/2022\/06\/ZERO-ZERO-7-DEL-06-GIUGNO-ULTIMA-PUNTATA-2022.mp3?_=10\" \/><a href=\"https:\/\/www.radiopiu.net\/wordpress\/wp-content\/uploads\/2022\/06\/ZERO-ZERO-7-DEL-06-GIUGNO-ULTIMA-PUNTATA-2022.mp3\">https:\/\/www.radiopiu.net\/wordpress\/wp-content\/uploads\/2022\/06\/ZERO-ZERO-7-DEL-06-GIUGNO-ULTIMA-PUNTATA-2022.mp3<\/a><\/audio>\n<p>&nbsp;<\/p>\n<p><strong>LA RACCOLTA COMPLETA\u00a0<\/strong><\/p>\n<blockquote class=\"wp-embedded-content\" data-secret=\"5XwaEWOIgJ\"><p><a href=\"https:\/\/www.radiopiu.net\/wordpress\/007incondotta-9\/\">007 in condotta<\/a><\/p><\/blockquote>\n<p><iframe loading=\"lazy\" class=\"wp-embedded-content\" sandbox=\"allow-scripts\" security=\"restricted\" style=\"position: absolute; clip: rect(1px, 1px, 1px, 1px);\" title=\"&#8220;007 in condotta&#8221; &#8212; Radio Pi\u00f9\" src=\"https:\/\/www.radiopiu.net\/wordpress\/007incondotta-9\/embed\/#?secret=ik93xILsWI#?secret=5XwaEWOIgJ\" data-secret=\"5XwaEWOIgJ\" width=\"600\" height=\"338\" frameborder=\"0\" marginwidth=\"0\" marginheight=\"0\" scrolling=\"no\"><\/iframe><\/p>\n<p>&nbsp;<\/p>\n<hr \/>\n<h3 class=\"kvgmc6g5 cxmmr5t8 oygrvhab hcukyx3x c1et5uql\"><span style=\"color: #0000ff;\"><strong>\u00a0<\/strong><\/span><\/h3>\n<h3 class=\"kvgmc6g5 cxmmr5t8 oygrvhab hcukyx3x c1et5uql\"><span style=\"color: #0000ff;\"><strong>INFORMAZIONE il canale su TELEGRAM informazione di prima mano e in tempo reale. iscriviti ed aiutaci a farlo conoscere\u00a0 \u00a0<\/strong><\/span><\/h3>\n<p>&nbsp;<\/p>\n<hr \/>\n<p>&nbsp;<\/p>\n<blockquote>\n<h2><span style=\"color: #800080;\">STORIE A QUATTROCCHI<br \/>\nDOMANI ALLE 9 E ALLE 18 LA NUOVA PUNTATA CON ELENA E STEFANIA<\/span><\/h2>\n<\/blockquote>\n<p><strong>LA RACCOLTA COMPLETA\u00a0<\/strong><\/p>\n<blockquote class=\"wp-embedded-content\" data-secret=\"8Y99kYByhD\"><p><a href=\"https:\/\/www.radiopiu.net\/wordpress\/storie-a-quattrocchi\/\">Storie a quattrocchi<\/a><\/p><\/blockquote>\n<p><iframe loading=\"lazy\" class=\"wp-embedded-content\" sandbox=\"allow-scripts\" security=\"restricted\" style=\"position: absolute; clip: rect(1px, 1px, 1px, 1px);\" title=\"&#8220;Storie a quattrocchi&#8221; &#8212; Radio Pi\u00f9\" src=\"https:\/\/www.radiopiu.net\/wordpress\/storie-a-quattrocchi\/embed\/#?secret=uYIoypNAW0#?secret=8Y99kYByhD\" data-secret=\"8Y99kYByhD\" width=\"600\" height=\"338\" frameborder=\"0\" marginwidth=\"0\" marginheight=\"0\" scrolling=\"no\"><\/iframe><\/p>\n<p>&nbsp;<\/p>\n<hr \/>\n<p>&nbsp;<\/p>\n<h2><\/h2>\n<h2><span style=\"color: #008080;\">&#8220;DINTORN E FORA VIA&#8221; A CURA DEL MUSLA, IL NUOVO PROGRAMMA\u00a0 \u00a0<\/span><\/h2>\n<p><strong>OGGI LA NUOVA PUNTATA ALLE 10.30 E 1900 CON MAYRA DE MARCO<\/strong><\/p>\n<p><strong>LA RACCOLTA COMPLETA<\/strong><\/p>\n<blockquote class=\"wp-embedded-content\" data-secret=\"wWSGETK2kK\"><p><a href=\"https:\/\/www.radiopiu.net\/wordpress\/musla\/\">MUSLA<\/a><\/p><\/blockquote>\n<p><iframe loading=\"lazy\" class=\"wp-embedded-content\" sandbox=\"allow-scripts\" security=\"restricted\" style=\"position: absolute; clip: rect(1px, 1px, 1px, 1px);\" title=\"&#8220;MUSLA&#8221; &#8212; Radio Pi\u00f9\" src=\"https:\/\/www.radiopiu.net\/wordpress\/musla\/embed\/#?secret=3aFMsaIAIU#?secret=wWSGETK2kK\" data-secret=\"wWSGETK2kK\" width=\"600\" height=\"338\" frameborder=\"0\" marginwidth=\"0\" marginheight=\"0\" scrolling=\"no\"><\/iframe><\/p>\n<p>&nbsp;<\/p>\n<p>&nbsp;<\/p>\n<hr \/>\n<p>&nbsp;<\/p>\n<div>\n<div class=\"b654a4as d2edcug0\">\n<div class=\"rq0escxv hkbzh7o3 jwdofwj8 n8tt0mok r8blr3vg hyh9befq\">\n<p><a class=\"dt-pswp-item\" href=\"https:\/\/www.radiopiu.net\/wordpress\/wp-content\/uploads\/2020\/10\/pp.jpg\" data-dt-img-description=\"\" data-large_image_width=\"640\" data-large_image_height=\"640\"><img loading=\"lazy\" decoding=\"async\" class=\"wp-image-163678 alignleft\" src=\"https:\/\/www.radiopiu.net\/wordpress\/wp-content\/uploads\/2020\/10\/pp-300x300.jpg\" alt=\"\" width=\"106\" height=\"106\" srcset=\"https:\/\/www.radiopiu.net\/wordpress\/wp-content\/uploads\/2020\/10\/pp-300x300.jpg 300w, https:\/\/www.radiopiu.net\/wordpress\/wp-content\/uploads\/2020\/10\/pp-150x150.jpg 150w, https:\/\/www.radiopiu.net\/wordpress\/wp-content\/uploads\/2020\/10\/pp-125x125.jpg 125w, https:\/\/www.radiopiu.net\/wordpress\/wp-content\/uploads\/2020\/10\/pp-200x200.jpg 200w, https:\/\/www.radiopiu.net\/wordpress\/wp-content\/uploads\/2020\/10\/pp-80x80.jpg 80w, https:\/\/www.radiopiu.net\/wordpress\/wp-content\/uploads\/2020\/10\/pp-480x480.jpg 480w, https:\/\/www.radiopiu.net\/wordpress\/wp-content\/uploads\/2020\/10\/pp.jpg 640w\" sizes=\"auto, (max-width: 106px) 100vw, 106px\" \/><\/a><\/p>\n<\/div>\n<\/div>\n<\/div>\n<div>\n<div class=\"page-title-head hgroup\">\n<div class=\"page-title-head hgroup\">\n<div class=\"b654a4as d2edcug0\">\n<div class=\"j83agx80 btwxx1t3 lhclo0ds hop8lmos nkwizq5d scwd0bx6 roh60bw9\">\n<div class=\"rq0escxv hkbzh7o3 jwdofwj8 n8tt0mok r8blr3vg hyh9befq\">\n<div class=\"do00u71z l9j0dhe7 k4urcfbm\">\n<h2><span style=\"color: #000080;\">DON CESARE, IL PENSIERO DEL GIORNO. ALLA RADIO ALLE 7 DEL MATTINO E ALLE 19.30 DELLA SERA.\u00a0<\/span><\/h2>\n<\/div>\n<audio class=\"wp-audio-shortcode\" id=\"audio-279816-11\" preload=\"none\" style=\"width: 100%;\" controls=\"controls\"><source type=\"audio\/mpeg\" src=\"https:\/\/www.radiopiu.net\/wordpress\/wp-content\/uploads\/2022\/06\/CESARE-6.mp3?_=11\" \/><a href=\"https:\/\/www.radiopiu.net\/wordpress\/wp-content\/uploads\/2022\/06\/CESARE-6.mp3\">https:\/\/www.radiopiu.net\/wordpress\/wp-content\/uploads\/2022\/06\/CESARE-6.mp3<\/a><\/audio>\n<\/div>\n<\/div>\n<\/div>\n<\/div>\n<\/div>\n<\/div>\n<p>&nbsp;<\/p>\n<p>&nbsp;<\/p>\n<hr \/>\n<p>&nbsp;<\/p>\n<div class=\"do00u71z l9j0dhe7 k4urcfbm\">\n<div class=\"page-title-head hgroup\">\n<div class=\"page-title-head hgroup\">\n<div class=\"b654a4as d2edcug0\">\n<div class=\"j83agx80 btwxx1t3 lhclo0ds hop8lmos nkwizq5d scwd0bx6 roh60bw9\">\n<div class=\"rq0escxv hkbzh7o3 jwdofwj8 n8tt0mok r8blr3vg hyh9befq\">\n<div class=\"do00u71z l9j0dhe7 k4urcfbm\">\n<div class=\"page-title-head hgroup\">\n<div class=\"page-title-head hgroup\">\n<div class=\"b654a4as d2edcug0\">\n<div class=\"j83agx80 btwxx1t3 lhclo0ds hop8lmos nkwizq5d scwd0bx6 roh60bw9\">\n<div class=\"rq0escxv hkbzh7o3 jwdofwj8 n8tt0mok r8blr3vg hyh9befq\">\n<div class=\"do00u71z l9j0dhe7 k4urcfbm\">\n<div class=\"ecm0bbzt e5nlhep0 a8c37x1j\">\n<div class=\"kvgmc6g5 cxmmr5t8 oygrvhab hcukyx3x c1et5uql\">\n<div class=\"gmail-kvgmc6g5 gmail-cxmmr5t8 gmail-oygrvhab gmail-hcukyx3x gmail-c1et5uql gmail-ii04i59q\">\n<div class=\"page-title-head hgroup\">\n<div class=\"page-title-head hgroup\">\n<div class=\"b654a4as d2edcug0\">\n<div class=\"j83agx80 btwxx1t3 lhclo0ds hop8lmos nkwizq5d scwd0bx6 roh60bw9\">\n<div class=\"rq0escxv hkbzh7o3 jwdofwj8 n8tt0mok r8blr3vg hyh9befq\">\n<div class=\"do00u71z l9j0dhe7 k4urcfbm\">\n<div class=\"page-title-head hgroup\">\n<div class=\"page-title-head hgroup\">\n<div class=\"b654a4as d2edcug0\">\n<div class=\"j83agx80 btwxx1t3 lhclo0ds hop8lmos nkwizq5d scwd0bx6 roh60bw9\">\n<div class=\"rq0escxv hkbzh7o3 jwdofwj8 n8tt0mok r8blr3vg hyh9befq\">\n<div class=\"do00u71z l9j0dhe7 k4urcfbm\">\n<div class=\"page-title-head hgroup\">\n<div class=\"page-title-head hgroup\">\n<div class=\"b654a4as d2edcug0\">\n<div class=\"j83agx80 btwxx1t3 lhclo0ds hop8lmos nkwizq5d scwd0bx6 roh60bw9\">\n<div class=\"rq0escxv hkbzh7o3 jwdofwj8 n8tt0mok r8blr3vg hyh9befq\">\n<div class=\"do00u71z l9j0dhe7 k4urcfbm\">\n<div class=\"ecm0bbzt e5nlhep0 a8c37x1j\">\n<div class=\"kvgmc6g5 cxmmr5t8 oygrvhab hcukyx3x c1et5uql\">\n<div class=\"gmail-kvgmc6g5 gmail-cxmmr5t8 gmail-oygrvhab gmail-hcukyx3x gmail-c1et5uql gmail-ii04i59q\">\n<div class=\"page-title-head hgroup\">\n<div class=\"page-title-head hgroup\">\n<div class=\"b654a4as d2edcug0\">\n<div class=\"j83agx80 btwxx1t3 lhclo0ds hop8lmos nkwizq5d scwd0bx6 roh60bw9\">\n<div class=\"rq0escxv hkbzh7o3 jwdofwj8 n8tt0mok r8blr3vg hyh9befq\">\n<div class=\"do00u71z l9j0dhe7 k4urcfbm\">\n<blockquote>\n<h3><span style=\"color: #ff0000;\">IN VIVO VERSO,\u00a0 RIASCOLTIAMOLE DAL LUNEDI AL VENERDI ALLE 7.10, 10.10, 18 50<\/span><\/h3>\n<h3>RIASCOLTIAMOLE, STAGIONE 2019_2020 AURELIA BOGO &#8220;SERE LONTANE&#8221;<\/h3>\n<\/blockquote>\n<p>AUDIO<\/p>\n<audio class=\"wp-audio-shortcode\" id=\"audio-279816-12\" preload=\"none\" style=\"width: 100%;\" controls=\"controls\"><source type=\"audio\/mpeg\" src=\"https:\/\/www.radiopiu.net\/wordpress\/wp-content\/uploads\/2022\/06\/POESIA-01-AURELIA-BOGO-SERE-LONTANE.mp3?_=12\" \/><a href=\"https:\/\/www.radiopiu.net\/wordpress\/wp-content\/uploads\/2022\/06\/POESIA-01-AURELIA-BOGO-SERE-LONTANE.mp3\">https:\/\/www.radiopiu.net\/wordpress\/wp-content\/uploads\/2022\/06\/POESIA-01-AURELIA-BOGO-SERE-LONTANE.mp3<\/a><\/audio>\n<p>&nbsp;<\/p>\n<p><img loading=\"lazy\" decoding=\"async\" class=\"\" src=\"https:\/\/www.radiopiu.net\/wordpress\/wp-content\/uploads\/2019\/11\/AUREIA-BOGO-FOTO-PIXABAY.jpg\" width=\"273\" height=\"182\" \/><\/p>\n<p>&nbsp;<\/p>\n<p><strong>LA RACCOLTA COMPLETA<\/strong><\/p>\n<blockquote class=\"wp-embedded-content\" data-secret=\"DWBqwi2pZJ\"><p><a href=\"https:\/\/www.radiopiu.net\/wordpress\/in-vivo-verso\/\">In Vivo Verso<\/a><\/p><\/blockquote>\n<p><iframe loading=\"lazy\" class=\"wp-embedded-content\" sandbox=\"allow-scripts\" security=\"restricted\" style=\"position: absolute; clip: rect(1px, 1px, 1px, 1px);\" title=\"&#8220;In Vivo Verso&#8221; &#8212; Radio Pi\u00f9\" src=\"https:\/\/www.radiopiu.net\/wordpress\/in-vivo-verso\/embed\/#?secret=VN4R6w1M9r#?secret=DWBqwi2pZJ\" data-secret=\"DWBqwi2pZJ\" width=\"600\" height=\"338\" frameborder=\"0\" marginwidth=\"0\" marginheight=\"0\" scrolling=\"no\"><\/iframe><\/p>\n<p>&nbsp;<\/p>\n<p>&nbsp;<\/p>\n<hr \/>\n<p>&nbsp;<\/p>\n<p><span style=\"color: #0000ff;\">MUSICA PIU&#8217;\u00a0<\/span><\/p>\n<p><a href=\"https:\/\/www.radiopiu.net\/wordpress\/giornale-radiopiu-20-settembre-2021-direttore-mirko-mezzacasa\/pp-79\/\" rel=\"attachment wp-att-232921\"><img loading=\"lazy\" decoding=\"async\" class=\"wp-image-232921 alignleft\" src=\"https:\/\/www.radiopiu.net\/wordpress\/wp-content\/uploads\/2021\/09\/pp-1-300x300.jpg\" alt=\"\" width=\"135\" height=\"135\" srcset=\"https:\/\/www.radiopiu.net\/wordpress\/wp-content\/uploads\/2021\/09\/pp-1-300x300.jpg 300w, https:\/\/www.radiopiu.net\/wordpress\/wp-content\/uploads\/2021\/09\/pp-1-150x150.jpg 150w, https:\/\/www.radiopiu.net\/wordpress\/wp-content\/uploads\/2021\/09\/pp-1.jpg 640w\" sizes=\"auto, (max-width: 135px) 100vw, 135px\" \/><\/a><\/p>\n<div class=\"mkdf-post-text\">\n<div class=\"mkdf-post-text-inner\">\n<div class=\"mkdf-post-text-main\">\n<div class=\"mkdf-post-text\">\n<div class=\"mkdf-post-text-inner\">\n<div class=\"mkdf-post-text-main\">\n<div class=\"mkdf-post-text\">\n<div class=\"mkdf-post-text-inner\">\n<div class=\"mkdf-post-text-main\">\n<div class=\"page-title-head hgroup\">\n<div class=\"page-title-head hgroup\">\n<div class=\"mkdf-post-text\">\n<div class=\"mkdf-post-text-inner\">\n<div class=\"mkdf-post-text-main\">\n<div class=\"mkdf-post-text\">\n<div class=\"mkdf-post-text-inner\">\n<div class=\"mkdf-post-text-main\">\n<div class=\"page-title-head hgroup\">\n<div class=\"page-title-head hgroup\">\n<div class=\"page-title-head hgroup\">\n<div class=\"page-title-head hgroup\">\n<div class=\"b654a4as d2edcug0\">\n<div class=\"page-title-head hgroup\">\n<div class=\"page-title-head hgroup\">\n<div class=\"page-title-head hgroup\">\n<div class=\"page-title-head hgroup\">\n<div class=\"b654a4as d2edcug0\">\n<div class=\"page-title-head hgroup\">\n<div class=\"page-title-head hgroup\">\n<div class=\"page-title-head hgroup\">\n<div class=\"page-title-head hgroup\">\n<div class=\"b654a4as d2edcug0\">\n<div class=\"mkdf-post-text\">\n<div class=\"mkdf-post-text-inner\">\n<div class=\"mkdf-post-text-main\">\n<div class=\"mkdf-post-text\">\n<div class=\"mkdf-post-text-inner\">\n<div class=\"mkdf-post-text-main\">\n<div class=\"mkdf-post-text\">\n<div class=\"mkdf-post-text-inner\">\n<div class=\"mkdf-post-text-main\">\n<div class=\"page-title-head hgroup\">\n<div class=\"page-title-head hgroup\">\n<div class=\"mkdf-post-text\">\n<div class=\"mkdf-post-text-inner\">\n<div class=\"mkdf-post-text-main\">\n<div class=\"mkdf-post-text\">\n<div class=\"mkdf-post-text-inner\">\n<div class=\"mkdf-post-text-main\">\n<div class=\"page-title-head hgroup\">\n<div class=\"page-title-head hgroup\">\n<div class=\"page-title-head hgroup\">\n<div class=\"page-title-head hgroup\">\n<div class=\"b654a4as d2edcug0\">\n<div class=\"page-title-head hgroup\">\n<div class=\"page-title-head hgroup\">\n<div class=\"page-title-head hgroup\">\n<div class=\"page-title-head hgroup\">\n<div class=\"b654a4as d2edcug0\">\n<div class=\"page-title-head hgroup\">\n<div class=\"page-title-head hgroup\">\n<div class=\"page-title-head hgroup\">\n<div class=\"page-title-head hgroup\">\n<div class=\"b654a4as d2edcug0\">\n<div><\/div>\n<div><\/div>\n<div>\n<p><strong>MUSICA ALLA RADIO, IL PROGRAMMA DI LORIS SCUSSEL &#8220;COLLAGE OPERAZIONE NOSTALGIA&#8221; DAL LUNEDI AL VENERDI ALLE 16.00\u00a0 E ALLE 23\u00a0<\/strong><\/p>\n<p>&nbsp;<\/p>\n<\/div>\n<\/div>\n<p><em><strong>PUNTATA 621 DEL 06 GIUGNO 2022<\/strong><\/em><\/p>\n<audio class=\"wp-audio-shortcode\" id=\"audio-279816-13\" preload=\"none\" style=\"width: 100%;\" controls=\"controls\"><source type=\"audio\/mpeg\" src=\"https:\/\/www.radiopiu.net\/wordpress\/wp-content\/uploads\/2022\/06\/Collage-621.mp3?_=13\" \/><a href=\"https:\/\/www.radiopiu.net\/wordpress\/wp-content\/uploads\/2022\/06\/Collage-621.mp3\">https:\/\/www.radiopiu.net\/wordpress\/wp-content\/uploads\/2022\/06\/Collage-621.mp3<\/a><\/audio>\n<p>&nbsp;<\/p>\n<p><strong><a class=\"dt-pswp-item\" href=\"https:\/\/www.radiopiu.net\/wordpress\/wp-content\/uploads\/2022\/06\/Elisa-e-Loris.jpg\" data-dt-img-description=\"\" data-large_image_width=\"579\" data-large_image_height=\"297\"><img loading=\"lazy\" decoding=\"async\" class=\"alignleft wp-image-279729 \" src=\"https:\/\/www.radiopiu.net\/wordpress\/wp-content\/uploads\/2022\/06\/Elisa-e-Loris-300x154.jpg\" alt=\"\" width=\"206\" height=\"106\" srcset=\"https:\/\/www.radiopiu.net\/wordpress\/wp-content\/uploads\/2022\/06\/Elisa-e-Loris-300x154.jpg 300w, https:\/\/www.radiopiu.net\/wordpress\/wp-content\/uploads\/2022\/06\/Elisa-e-Loris.jpg 579w\" sizes=\"auto, (max-width: 206px) 100vw, 206px\" \/><\/a>di Loris Scussel<\/strong><\/p>\n<p>Brani di musica leggera o leggerissima luned\u00ec a Collage, marted\u00ec ascolteremo le chitarre degli Shadows ma anche quelle di Santo e Johnny o Jimi Hendrix. Mercoled\u00ec David Bowie, Pink Floyd, Papa John Creach, Van Deer Graf Generator, E.L. e P. Gioved\u00ec e venerd\u00ec brani live per festeggiare il ritorno alla musica dal vivo assieme ad Elisa, finalmente dopo pi\u00f9 di due anni torneremo a suonare venerd\u00ec prossimo dalle 20,30 sotto il tendone a Rivamonte in occasione della Sagra de Sant&#8217;Antoni che si concluder\u00e0 luned\u00ec 13 giugno, sar\u00e0 la prima di quattro serate in cui oltre alla musica si potranno gustare anche i classici gnoch con la poina e altre specialit\u00e0, ovviamente vi aspettiamo numerosi. Collage va in onda dal luned\u00ec al venerd\u00ec alle 16,00 e alle 23,00 naturalmente su Radio Pi\u00f9.<\/p>\n<p>&nbsp;<\/p>\n<p>&nbsp;<\/p>\n<div class=\"b654a4as d2edcug0\">\n<hr \/>\n<\/div>\n<\/div>\n<\/div>\n<\/div>\n<\/div>\n<\/div>\n<\/div>\n<\/div>\n<\/div>\n<\/div>\n<\/div>\n<\/div>\n<\/div>\n<\/div>\n<\/div>\n<\/div>\n<\/div>\n<\/div>\n<\/div>\n<\/div>\n<\/div>\n<\/div>\n<\/div>\n<\/div>\n<\/div>\n<\/div>\n<\/div>\n<\/div>\n<\/div>\n<\/div>\n<\/div>\n<\/div>\n<\/div>\n<\/div>\n<\/div>\n<\/div>\n<\/div>\n<\/div>\n<\/div>\n<\/div>\n<\/div>\n<\/div>\n<\/div>\n<\/div>\n<\/div>\n<\/div>\n<\/div>\n<\/div>\n<\/div>\n<\/div>\n<\/div>\n<\/div>\n<\/div>\n<\/div>\n<\/div>\n<\/div>\n<\/div>\n<\/div>\n<\/div>\n<\/div>\n<\/div>\n<\/div>\n<\/div>\n<\/div>\n<p>&nbsp;<\/p>\n<blockquote>\n<h3><span style=\"color: #0000ff;\">RADIO PIU INFORMAZIONE il canale su TELEGRAM informazione di prima mano e in tempo reale. iscriviti ed aiutaci a farlo conoscere\u00a0\u00a0<\/span><\/h3>\n<\/blockquote>\n<div>\n<div class=\"page-title-head hgroup\">\n<div class=\"page-title-head hgroup\">\n<div class=\"page-title-head hgroup\">\n<div class=\"page-title-head hgroup\">\n<div class=\"b654a4as d2edcug0\">\n<div class=\"page-title-head hgroup\">\n<div class=\"page-title-head hgroup\">\n<div class=\"page-title-head hgroup\">\n<div class=\"page-title-head hgroup\">\n<div class=\"b654a4as d2edcug0\">\n<div class=\"page-title-head hgroup\">\n<div class=\"page-title-head hgroup\">\n<div class=\"page-title-head hgroup\">\n<div class=\"page-title-head hgroup\">\n<div class=\"page-title-head hgroup\">\n<div class=\"page-title-head hgroup\">\n<div class=\"page-title-head hgroup\">\n<div class=\"page-title-head hgroup\">\n<div class=\"page-title-head hgroup\">\n<div class=\"b654a4as d2edcug0\">\n<div class=\"page-title-head hgroup\">\n<div class=\"page-title-head hgroup\">\n<div class=\"page-title-head hgroup\">\n<div class=\"page-title-head hgroup\">\n<div class=\"b654a4as d2edcug0\">\n<div><\/div>\n<div>\n<div class=\"page-title-head hgroup\">\n<div class=\"page-title-head hgroup\">\n<div class=\"page-title-head hgroup\">\n<div class=\"page-title-head hgroup\">\n<div class=\"page-title-head hgroup\">\n<div class=\"mkdf-post-text\">\n<div class=\"mkdf-post-text-inner\">\n<div class=\"mkdf-post-text-main\">\n<div class=\"mkdf-post-text\">\n<div class=\"mkdf-post-text-inner\">\n<div class=\"mkdf-post-text-main\">\n<div class=\"mkdf-post-text\">\n<div class=\"mkdf-post-text-inner\">\n<div class=\"mkdf-post-text-main\">\n<div class=\"page-title-head hgroup\">\n<div class=\"page-title-head hgroup\">\n<div class=\"mkdf-post-text\">\n<div class=\"mkdf-post-text-inner\">\n<div class=\"mkdf-post-text-main\">\n<div class=\"mkdf-post-text\">\n<div class=\"mkdf-post-text-inner\">\n<div class=\"mkdf-post-text-main\">\n<div class=\"page-title-head hgroup\">\n<div class=\"page-title-head hgroup\">\n<div class=\"page-title-head hgroup\">\n<div class=\"page-title-head hgroup\">\n<div class=\"b654a4as d2edcug0\">\n<div class=\"page-title-head hgroup\">\n<div class=\"page-title-head hgroup\">\n<div class=\"page-title-head hgroup\">\n<div class=\"page-title-head hgroup\">\n<div class=\"b654a4as d2edcug0\">\n<div class=\"page-title-head hgroup\">\n<div class=\"page-title-head hgroup\">\n<div class=\"page-title-head hgroup\">\n<p>&nbsp;<\/p>\n<div>\n<div class=\"page-title-head hgroup\">\n<div class=\"page-title-head hgroup\">\n<div class=\"b654a4as d2edcug0\">\n<div class=\"j83agx80 btwxx1t3 lhclo0ds hop8lmos nkwizq5d scwd0bx6 roh60bw9\">\n<div class=\"rq0escxv hkbzh7o3 jwdofwj8 n8tt0mok r8blr3vg hyh9befq\">\n<div class=\"do00u71z l9j0dhe7 k4urcfbm\">\n<div class=\"page-title-head hgroup\">\n<div class=\"page-title-head hgroup\">\n<div class=\"b654a4as d2edcug0\">\n<div class=\"j83agx80 btwxx1t3 lhclo0ds hop8lmos nkwizq5d scwd0bx6 roh60bw9\">\n<div class=\"rq0escxv hkbzh7o3 jwdofwj8 n8tt0mok r8blr3vg hyh9befq\">\n<div class=\"do00u71z l9j0dhe7 k4urcfbm\">\n<div class=\"ecm0bbzt e5nlhep0 a8c37x1j\">\n<div class=\"kvgmc6g5 cxmmr5t8 oygrvhab hcukyx3x c1et5uql\">\n<div class=\"gmail-kvgmc6g5 gmail-cxmmr5t8 gmail-oygrvhab gmail-hcukyx3x gmail-c1et5uql gmail-ii04i59q\">\n<div class=\"page-title-head hgroup\">\n<div class=\"page-title-head hgroup\">\n<div class=\"b654a4as d2edcug0\">\n<div class=\"j83agx80 btwxx1t3 lhclo0ds hop8lmos nkwizq5d scwd0bx6 roh60bw9\">\n<div class=\"rq0escxv hkbzh7o3 jwdofwj8 n8tt0mok r8blr3vg hyh9befq\">\n<div class=\"do00u71z l9j0dhe7 k4urcfbm\">\n<div class=\"page-title-head hgroup\">\n<div class=\"page-title-head hgroup\">\n<div class=\"b654a4as d2edcug0\">\n<div class=\"j83agx80 btwxx1t3 lhclo0ds hop8lmos nkwizq5d scwd0bx6 roh60bw9\">\n<div class=\"rq0escxv hkbzh7o3 jwdofwj8 n8tt0mok r8blr3vg hyh9befq\">\n<div class=\"do00u71z l9j0dhe7 k4urcfbm\">\n<div class=\"page-title-head hgroup\">\n<div class=\"page-title-head hgroup\">\n<div class=\"b654a4as d2edcug0\">\n<div class=\"j83agx80 btwxx1t3 lhclo0ds hop8lmos nkwizq5d scwd0bx6 roh60bw9\">\n<div class=\"rq0escxv hkbzh7o3 jwdofwj8 n8tt0mok r8blr3vg hyh9befq\">\n<div class=\"do00u71z l9j0dhe7 k4urcfbm\">\n<div class=\"ecm0bbzt e5nlhep0 a8c37x1j\">\n<div class=\"kvgmc6g5 cxmmr5t8 oygrvhab hcukyx3x c1et5uql\">\n<div class=\"gmail-kvgmc6g5 gmail-cxmmr5t8 gmail-oygrvhab gmail-hcukyx3x gmail-c1et5uql gmail-ii04i59q\">\n<div class=\"page-title-head hgroup\">\n<div class=\"page-title-head hgroup\">\n<div class=\"b654a4as d2edcug0\">\n<div class=\"j83agx80 btwxx1t3 lhclo0ds hop8lmos nkwizq5d scwd0bx6 roh60bw9\">\n<div class=\"rq0escxv hkbzh7o3 jwdofwj8 n8tt0mok r8blr3vg hyh9befq\">\n<div class=\"do00u71z l9j0dhe7 k4urcfbm\">\n<div class=\"page-title-head hgroup\">\n<div class=\"page-title-head hgroup\">\n<div class=\"page-title-head hgroup\">\n<div class=\"page-title-head hgroup\">\n<div class=\"b654a4as d2edcug0\">\n<div class=\"page-title-head hgroup\">\n<div class=\"page-title-head hgroup\">\n<div class=\"page-title-head hgroup\">\n<div class=\"page-title-head hgroup\">\n<div class=\"b654a4as d2edcug0\">\n<div class=\"page-title-head hgroup\">\n<div class=\"page-title-head hgroup\">\n<div class=\"page-title-head hgroup\">\n<div class=\"page-title-head hgroup\">\n<div class=\"page-title-head hgroup\">\n<div class=\"page-title-head hgroup\">\n<div class=\"page-title-head hgroup\">\n<div class=\"page-title-head hgroup\">\n<div class=\"page-title-head hgroup\">\n<div class=\"b654a4as d2edcug0\">\n<div class=\"page-title-head hgroup\">\n<div class=\"page-title-head hgroup\">\n<div class=\"page-title-head hgroup\">\n<div class=\"page-title-head hgroup\">\n<div class=\"b654a4as d2edcug0\">\n<div class=\"page-title-head hgroup\">\n<div class=\"page-title-head hgroup\">\n<div class=\"page-title-head hgroup\">\n<div class=\"page-title-head hgroup\">\n<div class=\"page-title-head hgroup\">\n<div class=\"mkdf-post-text\">\n<div class=\"mkdf-post-text-inner\">\n<div class=\"mkdf-post-text-main\">\n<div class=\"mkdf-post-text\">\n<div class=\"mkdf-post-text-inner\">\n<div class=\"mkdf-post-text-main\">\n<div class=\"mkdf-post-text\">\n<div class=\"mkdf-post-text-inner\">\n<div class=\"mkdf-post-text-main\">\n<div class=\"page-title-head hgroup\">\n<div class=\"page-title-head hgroup\">\n<div class=\"mkdf-post-text\">\n<div class=\"mkdf-post-text-inner\">\n<div class=\"mkdf-post-text-main\">\n<div class=\"mkdf-post-text\">\n<div class=\"mkdf-post-text-inner\">\n<div class=\"mkdf-post-text-main\">\n<div class=\"page-title-head hgroup\">\n<div class=\"page-title-head hgroup\">\n<div class=\"page-title-head hgroup\">\n<div class=\"page-title-head hgroup\">\n<div class=\"b654a4as d2edcug0\">\n<div class=\"page-title-head hgroup\">\n<div class=\"page-title-head hgroup\">\n<div class=\"page-title-head hgroup\">\n<div class=\"page-title-head hgroup\">\n<div class=\"b654a4as d2edcug0\">\n<div class=\"page-title-head hgroup\">\n<div class=\"page-title-head hgroup\">\n<div class=\"page-title-head hgroup\">\n<div class=\"page-title-head hgroup\">\n<div class=\"b654a4as d2edcug0\">\n<div class=\"ecm0bbzt e5nlhep0 a8c37x1j\">\n<div class=\"kvgmc6g5 cxmmr5t8 oygrvhab hcukyx3x c1et5uql\">\n<div class=\"gmail-kvgmc6g5 gmail-cxmmr5t8 gmail-oygrvhab gmail-hcukyx3x gmail-c1et5uql gmail-ii04i59q\">\n<div class=\"page-title-head hgroup\">\n<div class=\"page-title-head hgroup\">\n<div class=\"b654a4as d2edcug0\">\n<div class=\"j83agx80 btwxx1t3 lhclo0ds hop8lmos nkwizq5d scwd0bx6 roh60bw9\">\n<div class=\"rq0escxv hkbzh7o3 jwdofwj8 n8tt0mok r8blr3vg hyh9befq\">\n<div class=\"do00u71z l9j0dhe7 k4urcfbm\">\n<div class=\"page-title-head hgroup\">\n<div class=\"page-title-head hgroup\">\n<div class=\"page-title-head hgroup\">\n<div class=\"page-title-head hgroup\">\n<div class=\"b654a4as d2edcug0\">\n<div class=\"page-title-head hgroup\">\n<div class=\"page-title-head hgroup\">\n<div class=\"page-title-head hgroup\">\n<div class=\"page-title-head hgroup\">\n<div class=\"b654a4as d2edcug0\">\n<div class=\"page-title-head hgroup\">\n<div class=\"page-title-head hgroup\">\n<div class=\"page-title-head hgroup\">\n<div class=\"page-title-head hgroup\">\n<div class=\"page-title-head hgroup\">\n<div class=\"page-title-head hgroup\">\n<div class=\"page-title-head hgroup\">\n<div class=\"page-title-head hgroup\">\n<div class=\"page-title-head hgroup\">\n<div class=\"b654a4as d2edcug0\">\n<div class=\"page-title-head hgroup\">\n<div class=\"page-title-head hgroup\">\n<div class=\"page-title-head hgroup\">\n<div class=\"page-title-head hgroup\">\n<div class=\"b654a4as d2edcug0\">\n<div class=\"page-title-head hgroup\">\n<div class=\"page-title-head hgroup\">\n<div class=\"page-title-head hgroup\">\n<div class=\"page-title-head hgroup\">\n<div class=\"page-title-head hgroup\">\n<div class=\"mkdf-post-text\">\n<div class=\"mkdf-post-text-inner\">\n<div class=\"mkdf-post-text-main\">\n<div class=\"mkdf-post-text\">\n<div class=\"mkdf-post-text-inner\">\n<div class=\"mkdf-post-text-main\">\n<div class=\"mkdf-post-text\">\n<div class=\"mkdf-post-text-inner\">\n<div class=\"mkdf-post-text-main\">\n<div class=\"page-title-head hgroup\">\n<div class=\"page-title-head hgroup\">\n<div class=\"mkdf-post-text\">\n<div class=\"mkdf-post-text-inner\">\n<div class=\"mkdf-post-text-main\">\n<div class=\"mkdf-post-text\">\n<div class=\"mkdf-post-text-inner\">\n<div class=\"mkdf-post-text-main\">\n<div class=\"page-title-head hgroup\">\n<div class=\"page-title-head hgroup\">\n<div class=\"page-title-head hgroup\">\n<div class=\"page-title-head hgroup\">\n<div class=\"b654a4as d2edcug0\">\n<div class=\"page-title-head hgroup\">\n<div class=\"page-title-head hgroup\">\n<div class=\"page-title-head hgroup\">\n<div class=\"page-title-head hgroup\">\n<div class=\"b654a4as d2edcug0\">\n<div class=\"page-title-head hgroup\">\n<div class=\"page-title-head hgroup\">\n<div class=\"page-title-head hgroup\">\n<div class=\"page-title-head hgroup\">\n<div class=\"b654a4as d2edcug0\">\n<hr \/>\n<p>&nbsp;<\/p>\n<div>\n<p><strong>DUE MINUTI UN LIBRO, TUTTI I GIORNI ALLA RADIO ALLE 9.40 E ALLE 17.50\u00a0\u00a0<\/strong><\/p>\n<div>\n<div>\n<p><strong>LA RACCOLTA COMPLETA\u00a0\u00a0<\/strong><\/p>\n<\/div>\n<\/div>\n<\/div>\n<div class=\"mkdf-post-text\">\n<div class=\"mkdf-post-text-inner\">\n<div class=\"mkdf-post-text-main\">\n<div class=\"mkdf-post-text\">\n<div class=\"mkdf-post-text-inner\">\n<div class=\"mkdf-post-text-main\">\n<div class=\"mkdf-post-text\">\n<div class=\"mkdf-post-text-inner\">\n<div class=\"mkdf-post-text-main\">\n<div class=\"page-title-head hgroup\">\n<div class=\"page-title-head hgroup\">\n<div class=\"mkdf-post-text\">\n<div class=\"mkdf-post-text-inner\">\n<div class=\"mkdf-post-text-main\">\n<div class=\"mkdf-post-text\">\n<div class=\"mkdf-post-text-inner\">\n<div class=\"mkdf-post-text-main\">\n<div class=\"page-title-head hgroup\">\n<div class=\"page-title-head hgroup\">\n<div class=\"page-title-head hgroup\">\n<div class=\"page-title-head hgroup\">\n<div class=\"b654a4as d2edcug0\">\n<div class=\"page-title-head hgroup\">\n<div class=\"page-title-head hgroup\">\n<div class=\"page-title-head hgroup\">\n<div class=\"page-title-head hgroup\">\n<div class=\"b654a4as d2edcug0\">\n<div class=\"page-title-head hgroup\">\n<div class=\"page-title-head hgroup\">\n<div class=\"page-title-head hgroup\">\n<div class=\"page-title-head hgroup\">\n<div class=\"b654a4as d2edcug0\">\n<div>\n<blockquote class=\"wp-embedded-content\" data-secret=\"FKJwDHzNVn\"><p><a href=\"https:\/\/www.radiopiu.net\/wordpress\/due-minuti-un-libro\/\">Due minuti un libro<\/a><\/p><\/blockquote>\n<p><iframe loading=\"lazy\" class=\"wp-embedded-content\" sandbox=\"allow-scripts\" security=\"restricted\" style=\"position: absolute; clip: rect(1px, 1px, 1px, 1px);\" title=\"&#8220;Due minuti un libro&#8221; &#8212; Radio Pi\u00f9\" src=\"https:\/\/www.radiopiu.net\/wordpress\/due-minuti-un-libro\/embed\/#?secret=hBkS9a0fuK#?secret=FKJwDHzNVn\" data-secret=\"FKJwDHzNVn\" width=\"600\" height=\"338\" frameborder=\"0\" marginwidth=\"0\" marginheight=\"0\" scrolling=\"no\"><\/iframe><\/p>\n<p>&nbsp;<\/p>\n<\/div>\n<div>\n<hr \/>\n<p>&nbsp;<\/p>\n<\/div>\n<h2><span style=\"color: #808000;\">L&#8217;ALMANACCO LADINO\u00a0<\/span><\/h2>\n<p><strong>PUNTATA DEL 06 GIUGNO 2022<\/strong><\/p>\n<audio class=\"wp-audio-shortcode\" id=\"audio-279816-14\" preload=\"none\" style=\"width: 100%;\" controls=\"controls\"><source type=\"audio\/mpeg\" src=\"https:\/\/www.radiopiu.net\/wordpress\/wp-content\/uploads\/2022\/06\/85\u00b0Almanach-Ladin_fodom.mp3?_=14\" \/><a href=\"https:\/\/www.radiopiu.net\/wordpress\/wp-content\/uploads\/2022\/06\/85\u00b0Almanach-Ladin_fodom.mp3\">https:\/\/www.radiopiu.net\/wordpress\/wp-content\/uploads\/2022\/06\/85\u00b0Almanach-Ladin_fodom.mp3<\/a><\/audio>\n<p>&nbsp;<\/p>\n<p><strong>LA RACCOLTA<\/strong><\/p>\n<blockquote class=\"wp-embedded-content\" data-secret=\"KteepQUb0y\"><p><a href=\"https:\/\/www.radiopiu.net\/wordpress\/almanacco-ladino\/\">Almanacco Ladino<\/a><\/p><\/blockquote>\n<p><iframe loading=\"lazy\" class=\"wp-embedded-content\" sandbox=\"allow-scripts\" security=\"restricted\" style=\"position: absolute; clip: rect(1px, 1px, 1px, 1px);\" title=\"&#8220;Almanacco Ladino&#8221; &#8212; Radio Pi\u00f9\" src=\"https:\/\/www.radiopiu.net\/wordpress\/almanacco-ladino\/embed\/#?secret=J69W8vzvyW#?secret=KteepQUb0y\" data-secret=\"KteepQUb0y\" width=\"600\" height=\"338\" frameborder=\"0\" marginwidth=\"0\" marginheight=\"0\" scrolling=\"no\"><\/iframe><\/p>\n<p>&nbsp;<\/p>\n<hr \/>\n<h2><span style=\"color: #33cccc;\">\u00a0<\/span><\/h2>\n<h2><span style=\"color: #33cccc;\">LA RASSEGNA STAMPA DA L&#8217;AMICO DEL POPOLO<\/span><\/h2>\n<p><strong><a class=\"dt-pswp-item\" href=\"https:\/\/www.radiopiu.net\/wordpress\/wp-content\/uploads\/2022\/05\/COVI-FEDAIA.jpg\" data-dt-img-description=\"\" data-large_image_width=\"2048\" data-large_image_height=\"1154\"><img loading=\"lazy\" decoding=\"async\" class=\"size-thumbnail wp-image-278461 alignleft\" src=\"https:\/\/www.radiopiu.net\/wordpress\/wp-content\/uploads\/2022\/05\/COVI-FEDAIA-150x150.jpg\" alt=\"\" width=\"150\" height=\"150\" \/><\/a>di Gianni Santomaso<\/strong><\/p>\n<p>OSPITE: Lucia Farenzena, Presidente del Consorzio Turistico Rocca Pietore Marmolada<\/p>\n<audio class=\"wp-audio-shortcode\" id=\"audio-279816-15\" preload=\"none\" style=\"width: 100%;\" controls=\"controls\"><source type=\"audio\/mpeg\" src=\"https:\/\/www.radiopiu.net\/wordpress\/wp-content\/uploads\/2022\/06\/RASSEGNA-GIANNI.mp3?_=15\" \/><a href=\"https:\/\/www.radiopiu.net\/wordpress\/wp-content\/uploads\/2022\/06\/RASSEGNA-GIANNI.mp3\">https:\/\/www.radiopiu.net\/wordpress\/wp-content\/uploads\/2022\/06\/RASSEGNA-GIANNI.mp3<\/a><\/audio>\n<p>&nbsp;<\/p>\n<p><strong>LA RACCOLTA COMPLETA<\/strong><\/p>\n<blockquote class=\"wp-embedded-content\" data-secret=\"qijDqDgKNf\"><p><a href=\"https:\/\/www.radiopiu.net\/wordpress\/rassegna-stampa-di-gianni-santomaso\/\">Rassegna stampa da l&#8217;amico del popolo &#8211; di Gianni Santomaso<\/a><\/p><\/blockquote>\n<p><iframe loading=\"lazy\" class=\"wp-embedded-content\" sandbox=\"allow-scripts\" security=\"restricted\" style=\"position: absolute; clip: rect(1px, 1px, 1px, 1px);\" title=\"&#8220;Rassegna stampa da l&#8217;amico del popolo &#8211; di Gianni Santomaso&#8221; &#8212; Radio Pi\u00f9\" src=\"https:\/\/www.radiopiu.net\/wordpress\/rassegna-stampa-di-gianni-santomaso\/embed\/#?secret=G7ncSw3lEf#?secret=qijDqDgKNf\" data-secret=\"qijDqDgKNf\" width=\"600\" height=\"338\" frameborder=\"0\" marginwidth=\"0\" marginheight=\"0\" scrolling=\"no\"><\/iframe><\/p>\n<p>&nbsp;<\/p>\n<hr \/>\n<p>&nbsp;<\/p>\n<div>\n<div class=\"page-title-head hgroup\">\n<div class=\"page-title-head hgroup\">\n<div class=\"b654a4as d2edcug0\">\n<div class=\"j83agx80 btwxx1t3 lhclo0ds hop8lmos nkwizq5d scwd0bx6 roh60bw9\">\n<div class=\"rq0escxv hkbzh7o3 jwdofwj8 n8tt0mok r8blr3vg hyh9befq\">\n<div class=\"do00u71z l9j0dhe7 k4urcfbm\">\n<div class=\"ecm0bbzt e5nlhep0 a8c37x1j\">\n<div class=\"kvgmc6g5 cxmmr5t8 oygrvhab hcukyx3x c1et5uql\">\n<div class=\"gmail-kvgmc6g5 gmail-cxmmr5t8 gmail-oygrvhab gmail-hcukyx3x gmail-c1et5uql gmail-ii04i59q\">\n<div class=\"page-title-head hgroup\">\n<div class=\"page-title-head hgroup\">\n<div class=\"b654a4as d2edcug0\">\n<div class=\"j83agx80 btwxx1t3 lhclo0ds hop8lmos nkwizq5d scwd0bx6 roh60bw9\">\n<div class=\"rq0escxv hkbzh7o3 jwdofwj8 n8tt0mok r8blr3vg hyh9befq\">\n<div class=\"do00u71z l9j0dhe7 k4urcfbm\">\n<div class=\"page-title-head hgroup\">\n<div class=\"page-title-head hgroup\">\n<div class=\"page-title-head hgroup\">\n<div class=\"page-title-head hgroup\">\n<div class=\"b654a4as d2edcug0\">\n<div class=\"page-title-head hgroup\">\n<div class=\"page-title-head hgroup\">\n<div class=\"page-title-head hgroup\">\n<div class=\"page-title-head hgroup\">\n<div class=\"b654a4as d2edcug0\">\n<div class=\"page-title-head hgroup\">\n<div class=\"page-title-head hgroup\">\n<div class=\"page-title-head hgroup\">\n<div class=\"page-title-head hgroup\">\n<div class=\"page-title-head hgroup\">\n<div class=\"page-title-head hgroup\">\n<div class=\"page-title-head hgroup\">\n<div class=\"page-title-head hgroup\">\n<div class=\"page-title-head hgroup\">\n<div class=\"b654a4as d2edcug0\">\n<div class=\"page-title-head hgroup\">\n<div class=\"page-title-head hgroup\">\n<div class=\"page-title-head hgroup\">\n<div class=\"page-title-head hgroup\">\n<div class=\"b654a4as d2edcug0\">\n<div class=\"page-title-head hgroup\">\n<div class=\"page-title-head hgroup\">\n<div class=\"page-title-head hgroup\">\n<div class=\"page-title-head hgroup\">\n<div class=\"page-title-head hgroup\">\n<div class=\"mkdf-post-text\">\n<div class=\"mkdf-post-text-inner\">\n<div class=\"mkdf-post-text-main\">\n<div class=\"mkdf-post-text\">\n<div class=\"mkdf-post-text-inner\">\n<div class=\"mkdf-post-text-main\">\n<div class=\"mkdf-post-text\">\n<div class=\"mkdf-post-text-inner\">\n<div class=\"mkdf-post-text-main\">\n<div class=\"page-title-head hgroup\">\n<div class=\"page-title-head hgroup\">\n<div class=\"mkdf-post-text\">\n<div class=\"mkdf-post-text-inner\">\n<div class=\"mkdf-post-text-main\">\n<div class=\"mkdf-post-text\">\n<div class=\"mkdf-post-text-inner\">\n<div class=\"mkdf-post-text-main\">\n<div class=\"page-title-head hgroup\">\n<div class=\"page-title-head hgroup\">\n<div class=\"page-title-head hgroup\">\n<div class=\"page-title-head hgroup\">\n<div class=\"b654a4as d2edcug0\">\n<div class=\"page-title-head hgroup\">\n<div class=\"page-title-head hgroup\">\n<div class=\"page-title-head hgroup\">\n<div class=\"page-title-head hgroup\">\n<div class=\"b654a4as d2edcug0\">\n<div class=\"page-title-head hgroup\">\n<div class=\"page-title-head hgroup\">\n<div class=\"page-title-head hgroup\">\n<div class=\"page-title-head hgroup\">\n<div class=\"b654a4as d2edcug0\">\n<h2><span style=\"color: #800080;\">I RACCONTI DI PAOLO SOPPELSA\u00a0<\/span><\/h2>\n<p><strong>LA RINUNCIA<\/strong><\/p>\n<p><em><strong>AUDIO<\/strong><\/em><\/p>\n<audio class=\"wp-audio-shortcode\" id=\"audio-279816-16\" preload=\"none\" style=\"width: 100%;\" controls=\"controls\"><source type=\"audio\/mpeg\" src=\"https:\/\/www.radiopiu.net\/wordpress\/wp-content\/uploads\/2022\/06\/PAOLO-SOPPELSA-LA-RINUNCIA.mp3?_=16\" \/><a href=\"https:\/\/www.radiopiu.net\/wordpress\/wp-content\/uploads\/2022\/06\/PAOLO-SOPPELSA-LA-RINUNCIA.mp3\">https:\/\/www.radiopiu.net\/wordpress\/wp-content\/uploads\/2022\/06\/PAOLO-SOPPELSA-LA-RINUNCIA.mp3<\/a><\/audio>\n<p>&nbsp;<\/p>\n<p><a class=\"dt-pswp-item\" href=\"https:\/\/www.radiopiu.net\/wordpress\/wp-content\/uploads\/2022\/06\/edd3a577-2fe8-4236-bd4e-1dffc7679004.jpg\" data-dt-img-description=\"\" data-large_image_width=\"1600\" data-large_image_height=\"1200\"><img loading=\"lazy\" decoding=\"async\" class=\"size-thumbnail wp-image-279738 alignleft\" src=\"https:\/\/www.radiopiu.net\/wordpress\/wp-content\/uploads\/2022\/06\/edd3a577-2fe8-4236-bd4e-1dffc7679004-150x150.jpg\" alt=\"\" width=\"150\" height=\"150\" \/><\/a>Era la fine di maggio dell&#8217;anno di grazia 2005 e quel giorno decidemmo di salire al bivacco Bedin, seguendo il classico itinerario che si inerpica lungo il versante cencenighese delle Pale di San Lucano. In verit\u00e0 qualche dubbio mi era sorto nei giorni precedenti, in quanto il lato nord delle Pale si presentava carico di neve nonostante la stagione avanzata. Per\u00f2 noi eravamo giovani, allenati e soprattutto pieni di entusiasmo; e poi io, d&#8217;estate, avevo gi\u00e0 percorso altre volte quei milletrecento metri di dislivello e conoscevo il tracciato a memoria. Cos\u00ec partimmo molto presto da Pradimezzo e dopo circa un&#8217;ora e mezza fummo a Malga Ambrusogn. La giornata era un p\u00f2 uggiosa ed una malinconica luce grigia illuminava le montagne circostanti. Qualche minuto di pausa e poi cominciammo a salire verso la forcella della Besausega. Dopo cento metri trovammo l&#8217;inverno. Un mondo di neve ci accolse e noi ci sentivamo un p\u00f2 come gli alpinisti veri. Faceva pure freddo, giusto per aggiungere un p\u00f2 di pathos all&#8217;avventura che stavamo per intraprendere. Il sentiero estivo ovviamente era sepolto dalla tanta neve, cos\u00ec optammo per la salita &#8220;dritta per dritta&#8221; puntando alla forcella. C&#8217;era vento, ma io avevo il pile comprato al mercato: teneva un caldo puramente psicologico ed eravamo entrambi pure senza guanti, perch\u00e9 a fine maggio, di solito, \u00e8 praticamente estate. E ovviamente mancavano pure ramponi e bastoncini, che allora nemmeno li possedevo i bastoncini che &#8220;&#8230;a cosa vuoi che servano\u2026&#8221;: e poi, poco tempo dopo, una volta provati, non li ho pi\u00f9 abbandonati. Nonostante la totale mancanza di qualsivoglia mezzo tecnico utile alla progressione in sicurezza, raggiungemmo tranquillamente la forcella. La consueta e strepitosa visione dell&#8217;Agner ci accolse nonostante il cielo grigio sciagura. Mangiai una squisita cioccolata con il riso soffiato e poi la faccenda si fece pi\u00f9 seria. Eravamo giovani ed entusiasti, ma non sprovveduti oltre il lecito. Il bellissimo sentiero che solitamente in poco meno di mezz&#8217;ora conduce agevolmente al magico bivacco, quel giorno era pericoloso da percorrere. Il versante sud delle Pale si trovava in pieno disgelo ed era un fischiare di sassi che precipitavano lungo le verticali pareti del boral. Oltre ai sassi, pure qualche &#8220;slavinot&#8221; che si staccava dai costoni sopra il sentiero, che in parecchi punti era interrotto da lingue di neve. Quelli bravi sarebbero passati senza particolari problemi, noi invece, che in quei momenti ci sentimmo meno bravi, non ce la sentimmo di prenderci dei rischi che ritenevamo inutile correre. Certo un p\u00f2 dispiaceva fermarsi a venticinque minuti dalla m\u00e8ta, ma, ci dicemmo con la massima tranquillit\u00e0, che le montagne e i bivacchi sanno aspettare. Cos\u00ec, per rifarci della delusione, che poi delusione non era, decidemmo di divertirci in discesa: estratto il poncho dallo zaino, che il poncho almeno ce l&#8217;avevo, lo misi sotto il sedere a m\u00f2 di slitta e poi partenza lungo la Besausega. In pochi e divertenti minuti compimmo il tragitto che in salita aveva richiesto pi\u00f9 di un&#8217;ora, poi, arrivati al piano, la corsa fin\u00ec ed inizi\u00f3 il calvario. Fino a poco prima della malga fu un camminare sprofondando fino all&#8217;inguine, e talvolta oltre, ogni cinque o sei passi. A volte dovevamo letteralmente estrarci l&#8217;un l&#8217;altro dalla buca formatasi sotto il nostri piedi. Era il giusto prezzo da pagare per il divertimento fin l\u00ec goduto senza alcun minimo inconveniente. Superata la malga fu facile discesa nonostante gli scarponi fradici e i piedi altrettanto fradici. Arrivammo a Pradimezzo bagnati ed entusiasti di ci\u00f2 che avevamo visto e vissuto e pure della nostra prudenza. Terminava cos\u00ec un&#8217;altra giornata da ricordare; una giornata in cui la montagna mi insegn\u00f2 che occorreva un po&#8217; di coraggio per proseguire il cammino, e pure il coraggio di rinunciare; perch\u00e9 a volte, soltanto la rinuncia regala la possibilit\u00e0 di ritornare\u2026Magiche Dolomiti!!<\/p>\n<p>&nbsp;<\/p>\n<p><strong>LA RACCOLTA COMPLETA<\/strong><\/p>\n<blockquote class=\"wp-embedded-content\" data-secret=\"k0vTizyJgZ\"><p><a href=\"https:\/\/www.radiopiu.net\/wordpress\/i-racconti-di-paolo-soppelsa\/\">I racconti di Paolo Soppelsa<\/a><\/p><\/blockquote>\n<p><iframe loading=\"lazy\" class=\"wp-embedded-content\" sandbox=\"allow-scripts\" security=\"restricted\" style=\"position: absolute; clip: rect(1px, 1px, 1px, 1px);\" title=\"&#8220;I racconti di Paolo Soppelsa&#8221; &#8212; Radio Pi\u00f9\" src=\"https:\/\/www.radiopiu.net\/wordpress\/i-racconti-di-paolo-soppelsa\/embed\/#?secret=e5Fbn3ht0R#?secret=k0vTizyJgZ\" data-secret=\"k0vTizyJgZ\" width=\"600\" height=\"338\" frameborder=\"0\" marginwidth=\"0\" marginheight=\"0\" scrolling=\"no\"><\/iframe><\/p>\n<p>&nbsp;<\/p>\n<hr \/>\n<p>&nbsp;<\/p>\n<p>&nbsp;<\/p>\n<blockquote>\n<h3>DUE SPLENDIDI VOLUMI REALIZZATI DA &#8220;CHECO&#8221; DE LUCA &#8220;UNA RUOTA CHE GIRA DA UN QUARTO DI SECOLO&#8221; AL PRA<\/h3>\n<\/blockquote>\n<p><strong>DI RENATO BONA<\/strong><\/p>\n<p>&#8220;&#8230;Quello che abbiamo tra le mani oggi \u00e8 un vero e proprio caleidoscopio ricco d&#8217;emozioni, di ricordi, di passioni. Sentimenti che non possono che indurci a stringere un patto: quello di unire al pi\u00f9 sincero e convinto augurio di buon compleanno per i venticinque anni della Sala anche l&#8217;impegno a continuare a sostenere, in futuro, gli ideali e gli obiettivi che Francesco De Luca ha indicato (e perseguito) con la sua &#8211; ma anche un po&#8217; nostra &#8211; Sala&#8221;. Cos\u00ec l&#8217;allora sindaco di Belluno, Ermano De Col, in occasione della presentazione dei due ponderosi e preziosissimi volumi (Editrice Velar di Bergamo) intitolati: &#8220;Un ruota che gira da un quarto di secolo&#8221; che illustravano, a cura dello stesso &#8220;Checo&#8221; De Luca le attivit\u00e0 storico-culturali della Sala &#8220;De Luca&#8221; di Borgo Pra per il periodo 26 maggio 1980-26 maggio 2005. Un diario &#8211; per dirla con lo stesso De Luca (purtroppo scomparso, e la Sala \u00e8 recentemente divenuta sede del Collegio veneto dei Maestri di sci!) &#8211; scritto a tante mani da coloro che hanno favorito in qualche modo anche la crescita della citt\u00e0 con il loro contributo d&#8217;azioni, di idee e d&#8217;entusiasmo, onorandomi e sostenendomi con la loro amicizia e considerazione (qui la dedica che accompagnava il dono per chi stende queste note da parte di &#8220;Checo&#8221; del risultato del suo impegno: &#8220;Al carissimo Renato: che le pagine di questi due volumi possano ricordare il passato e consolidare sempre pi\u00f9 la nostra amicizia. Con stima e ammirazione, Belluno 17 dicembre 2005&#8221;) &#8220;per preservare dalla patina del tempo che appannando i ricordi rischia di cancellare le tracce del passato, la memoria di fatti e di avvenimenti che, se pur riferiti ad un periodo della mia vita, spero possano aver contribuito per alcuni aspetti a scrivere anche un po&#8217; di storia della nostra citt\u00e0&#8221;. Decisamente lusinghieri pure i giudizi del vescovo mons. Giuseppe Andrich: &#8220;&#8230; Il merito attribuito alla Sala De Luca dai molti appassionati frequentatori va condiviso e lo dovrebbe essere a tutti i livelli riconoscendola come luogo di promozione culturale caratterizzata da una originale pluralit\u00e0 di proposte&#8221; e del presidente della Provincia, Sergio Reolon: &#8220;Dobbiamo tutti un grazie a Francesco De Luca per l&#8217;esempio di modernit\u00e0 che trasmette senza proclami n\u00e9 squilli di trombe, ma grazie alla quotidiana capacit\u00e0 di ascoltare e mettersi in relazione con chiunque gli si presenti di fronte&#8221;. Della presidente del Consiglio comunale del capoluogo, Maria Cristina Zoleo: &#8220;,,, Francesco, nello spirito del Santo Patrono Martino ha offerto a tutti, disinteressatamente, la fruizione di questa splendida sala, gestendo con competenza e riservatezza gli incontri promossi. La sua storia costituir\u00e0 un&#8217;importante testimonianza della nostra citt\u00e0 per le nuove generazioni&#8221;. Non poteva mancare la testimonianza del suo fraterno amico (e valido collaboratore) l&#8217;artista Rino Pinto il quale accennato agli eventi di qualit\u00e0 ospitati alla &#8220;De Luca&#8221; aveva aggiunto: &#8220;&#8230;tutto ci\u00f2, che riflette il mio convincimento ed in qualche occasione anche la mia personale testimonianza, fu evidentemente rilevato, valutato e considerato dall&#8217;Amministrazione comunale che ti confer\u00ec nell&#8217;anno1991, la massima onorificenza cittadina: il &#8216;Premio San Martino&#8217;. In questo modo hai contribuito a scrivere un po&#8217; della storia della citt\u00e0 e lo hai fatto con dedizione&#8230;&#8221;. Prima di un ricordo di Mario Dal Mas (&#8220;&#8230;Qui, nella Piazza di San Lucano si svolgeva tutta la vita del borgo, in una cornice ricca di colori, di effetti; una scena con quinte animate di continuo (famose le sagre) dagli abitanti che cercavano la spensieratezza per sfuggire alle miserie della vita e che, mutando mestiere col volgere dei secoli, a seconda delle contingenti necessit\u00e0, vi adeguavano anche il modo di esistere. Dapprima artigiani del ferro, lavoranti di spade nel &#8216;400 e &#8216;500, poi conciatori di pelli ed infine artigiani finissimi del legno, falegnami, marangoni, ebanisti, con attivit\u00e0 che dura ancor oggi e con le tradizioni di un tempo&#8230; Ci proponiamo pertanto, per l&#8217;amore che portiamo al &#8216;natio Borgo&#8217;, di darne una visione storica, la pi\u00f9 aderente possibile alla realt\u00e0 del passato e di formulare, a conclusione, alcune proposte per rivitalizzare il suo immenso patrimonio culturale e di tradizione&#8221;), una testimonianza di Renzo De Luca, fratello di Francesco: &#8220;&#8230;Leggendo pagina dopo pagina ed esaminando le moltissime fotografie di questo libro &#8216;archivio&#8217; ho ricavato, godendo nel pi\u00f9 profondo dell&#8217;animo. una miriade indescrivibile di sensazioni e di emozioni, come da tempo non provavo, che mi hanno dato la certezza del valore del libro di un fatto culturale di importanza storica per Belluno e Provincia. In un momento come l&#8217;attuale, in cui la massificazione sta prendendo il sopravvento su quasi tutto, \u00e8 motivo di consolazione sapere che c&#8217;\u00e8 ancora chi crede nella cultura e nell&#8217;arte in genere e sa impegnarsi in una seria ricerca degli aspetti pi\u00f9 nobili di tale patrimonio umano&#8230;&#8221;. Concludiamo questo primo servizio precisando che i due libri le manifestazioni svoltersi nella &#8220;De Luca&#8221; anno per anno, e diversi altri giudizi sulla figura e l&#8217;opera di un bellunerse benemerito quale \u00e8 stato Francesco &#8220;Checo&#8221; De Luca.<\/p>\n\n\t\t\t<style type='text\/css'>\n\t\t\t\t#gallery-9 {\n\t\t\t\t\tmargin: auto;\n\t\t\t\t}\n\t\t\t\t#gallery-9 .gallery-item {\n\t\t\t\t\tfloat: left;\n\t\t\t\t\tmargin-top: 10px;\n\t\t\t\t\ttext-align: center;\n\t\t\t\t\twidth: 20%;\n\t\t\t\t}\n\t\t\t\t#gallery-9 img {\n\t\t\t\t\tborder: 2px solid #cfcfcf;\n\t\t\t\t}\n\t\t\t\t#gallery-9 .gallery-caption {\n\t\t\t\t\tmargin-left: 0;\n\t\t\t\t}\n\t\t\t\t\/* see gallery_shortcode() in wp-includes\/media.php *\/\n\t\t\t<\/style>\n\t\t<div id='gallery-9' class='dt-gallery-container gallery galleryid-279816 gallery-columns-5 gallery-size-thumbnail'><dl class='gallery-item'>\n\t\t\t\t<dt class='gallery-icon portrait'>\n\t\t\t\t\t<a class=\"rollover rollover-zoom dt-pswp-item\" title=\"285634136_421334776520746_4719858062856722259_n\" data-dt-img-description=\"\" data-large_image_width=\"153\" data-large_image_height=\"240\"href='https:\/\/www.radiopiu.net\/wordpress\/wp-content\/uploads\/2022\/06\/285634136_421334776520746_4719858062856722259_n.jpg'><img loading=\"lazy\" decoding=\"async\" width=\"150\" height=\"150\" src=\"https:\/\/www.radiopiu.net\/wordpress\/wp-content\/uploads\/2022\/06\/285634136_421334776520746_4719858062856722259_n-150x150.jpg\" class=\"attachment-thumbnail size-thumbnail\" alt=\"\" \/><\/a>\n\t\t\t\t<\/dt><\/dl><dl class='gallery-item'>\n\t\t\t\t<dt class='gallery-icon landscape'>\n\t\t\t\t\t<a class=\"rollover rollover-zoom dt-pswp-item\" title=\"285646580_342717838003743_1183401887842983806_n\" data-dt-img-description=\"\" data-large_image_width=\"226\" data-large_image_height=\"206\"href='https:\/\/www.radiopiu.net\/wordpress\/wp-content\/uploads\/2022\/06\/285646580_342717838003743_1183401887842983806_n.jpg'><img loading=\"lazy\" decoding=\"async\" width=\"150\" height=\"150\" src=\"https:\/\/www.radiopiu.net\/wordpress\/wp-content\/uploads\/2022\/06\/285646580_342717838003743_1183401887842983806_n-150x150.jpg\" class=\"attachment-thumbnail size-thumbnail\" alt=\"\" \/><\/a>\n\t\t\t\t<\/dt><\/dl><dl class='gallery-item'>\n\t\t\t\t<dt class='gallery-icon portrait'>\n\t\t\t\t\t<a class=\"rollover rollover-zoom dt-pswp-item\" title=\"285550683_1115901312323434_2461406349136818051_n\" data-dt-img-description=\"\" data-large_image_width=\"151\" data-large_image_height=\"225\"href='https:\/\/www.radiopiu.net\/wordpress\/wp-content\/uploads\/2022\/06\/285550683_1115901312323434_2461406349136818051_n.jpg'><img loading=\"lazy\" decoding=\"async\" width=\"150\" height=\"150\" src=\"https:\/\/www.radiopiu.net\/wordpress\/wp-content\/uploads\/2022\/06\/285550683_1115901312323434_2461406349136818051_n-150x150.jpg\" class=\"attachment-thumbnail size-thumbnail\" alt=\"\" \/><\/a>\n\t\t\t\t<\/dt><\/dl><dl class='gallery-item'>\n\t\t\t\t<dt class='gallery-icon portrait'>\n\t\t\t\t\t<a class=\"rollover rollover-zoom dt-pswp-item\" title=\"285535069_387066606719114_4725328062085235010_n\" data-dt-img-description=\"\" data-large_image_width=\"155\" data-large_image_height=\"206\"href='https:\/\/www.radiopiu.net\/wordpress\/wp-content\/uploads\/2022\/06\/285535069_387066606719114_4725328062085235010_n.jpg'><img loading=\"lazy\" decoding=\"async\" width=\"150\" height=\"150\" src=\"https:\/\/www.radiopiu.net\/wordpress\/wp-content\/uploads\/2022\/06\/285535069_387066606719114_4725328062085235010_n-150x150.jpg\" class=\"attachment-thumbnail size-thumbnail\" alt=\"\" \/><\/a>\n\t\t\t\t<\/dt><\/dl><dl class='gallery-item'>\n\t\t\t\t<dt class='gallery-icon landscape'>\n\t\t\t\t\t<a class=\"rollover rollover-zoom dt-pswp-item\" title=\"285790326_543010037293827_6131850089284587891_n\" data-dt-img-description=\"\" data-large_image_width=\"280\" data-large_image_height=\"204\"href='https:\/\/www.radiopiu.net\/wordpress\/wp-content\/uploads\/2022\/06\/285790326_543010037293827_6131850089284587891_n.jpg'><img loading=\"lazy\" decoding=\"async\" width=\"150\" height=\"150\" src=\"https:\/\/www.radiopiu.net\/wordpress\/wp-content\/uploads\/2022\/06\/285790326_543010037293827_6131850089284587891_n-150x150.jpg\" class=\"attachment-thumbnail size-thumbnail\" alt=\"\" \/><\/a>\n\t\t\t\t<\/dt><\/dl><br style=\"clear: both\" \/><dl class='gallery-item'>\n\t\t\t\t<dt class='gallery-icon portrait'>\n\t\t\t\t\t<a class=\"rollover rollover-zoom dt-pswp-item\" title=\"286149704_596042758576202_6091070450351545120_n\" data-dt-img-description=\"\" data-large_image_width=\"149\" data-large_image_height=\"206\"href='https:\/\/www.radiopiu.net\/wordpress\/wp-content\/uploads\/2022\/06\/286149704_596042758576202_6091070450351545120_n.jpg'><img loading=\"lazy\" decoding=\"async\" width=\"149\" height=\"150\" src=\"https:\/\/www.radiopiu.net\/wordpress\/wp-content\/uploads\/2022\/06\/286149704_596042758576202_6091070450351545120_n-149x150.jpg\" class=\"attachment-thumbnail size-thumbnail\" alt=\"\" \/><\/a>\n\t\t\t\t<\/dt><\/dl><dl class='gallery-item'>\n\t\t\t\t<dt class='gallery-icon portrait'>\n\t\t\t\t\t<a class=\"rollover rollover-zoom dt-pswp-item\" title=\"285681358_548661543509977_4066032076079174214_n\" data-dt-img-description=\"\" data-large_image_width=\"149\" data-large_image_height=\"206\"href='https:\/\/www.radiopiu.net\/wordpress\/wp-content\/uploads\/2022\/06\/285681358_548661543509977_4066032076079174214_n.jpg'><img loading=\"lazy\" decoding=\"async\" width=\"149\" height=\"150\" src=\"https:\/\/www.radiopiu.net\/wordpress\/wp-content\/uploads\/2022\/06\/285681358_548661543509977_4066032076079174214_n-149x150.jpg\" class=\"attachment-thumbnail size-thumbnail\" alt=\"\" \/><\/a>\n\t\t\t\t<\/dt><\/dl><dl class='gallery-item'>\n\t\t\t\t<dt class='gallery-icon landscape'>\n\t\t\t\t\t<a class=\"rollover rollover-zoom dt-pswp-item\" title=\"285517288_337726575166994_2754521994566310438_n\" data-dt-img-description=\"\" data-large_image_width=\"351\" data-large_image_height=\"206\"href='https:\/\/www.radiopiu.net\/wordpress\/wp-content\/uploads\/2022\/06\/285517288_337726575166994_2754521994566310438_n.jpg'><img loading=\"lazy\" decoding=\"async\" width=\"150\" height=\"150\" src=\"https:\/\/www.radiopiu.net\/wordpress\/wp-content\/uploads\/2022\/06\/285517288_337726575166994_2754521994566310438_n-150x150.jpg\" class=\"attachment-thumbnail size-thumbnail\" alt=\"\" \/><\/a>\n\t\t\t\t<\/dt><\/dl><dl class='gallery-item'>\n\t\t\t\t<dt class='gallery-icon portrait'>\n\t\t\t\t\t<a class=\"rollover rollover-zoom dt-pswp-item\" title=\"285611225_569067631552188_7892650580272706292_n\" data-dt-img-description=\"\" data-large_image_width=\"150\" data-large_image_height=\"206\"href='https:\/\/www.radiopiu.net\/wordpress\/wp-content\/uploads\/2022\/06\/285611225_569067631552188_7892650580272706292_n.jpg'><img loading=\"lazy\" decoding=\"async\" width=\"150\" height=\"150\" src=\"https:\/\/www.radiopiu.net\/wordpress\/wp-content\/uploads\/2022\/06\/285611225_569067631552188_7892650580272706292_n-150x150.jpg\" class=\"attachment-thumbnail size-thumbnail\" alt=\"\" \/><\/a>\n\t\t\t\t<\/dt><\/dl><dl class='gallery-item'>\n\t\t\t\t<dt class='gallery-icon portrait'>\n\t\t\t\t\t<a class=\"rollover rollover-zoom dt-pswp-item\" title=\"285542721_1191616708047957_2513830837816274679_n\" data-dt-img-description=\"\" data-large_image_width=\"154\" data-large_image_height=\"206\"href='https:\/\/www.radiopiu.net\/wordpress\/wp-content\/uploads\/2022\/06\/285542721_1191616708047957_2513830837816274679_n.jpg'><img loading=\"lazy\" decoding=\"async\" width=\"150\" height=\"150\" src=\"https:\/\/www.radiopiu.net\/wordpress\/wp-content\/uploads\/2022\/06\/285542721_1191616708047957_2513830837816274679_n-150x150.jpg\" class=\"attachment-thumbnail size-thumbnail\" alt=\"\" \/><\/a>\n\t\t\t\t<\/dt><\/dl><br style=\"clear: both\" \/><dl class='gallery-item'>\n\t\t\t\t<dt class='gallery-icon portrait'>\n\t\t\t\t\t<a class=\"rollover rollover-zoom dt-pswp-item\" title=\"285509478_1212490009575597_7813110506400812980_n\" data-dt-img-description=\"\" data-large_image_width=\"155\" data-large_image_height=\"206\"href='https:\/\/www.radiopiu.net\/wordpress\/wp-content\/uploads\/2022\/06\/285509478_1212490009575597_7813110506400812980_n.jpg'><img loading=\"lazy\" decoding=\"async\" width=\"150\" height=\"150\" src=\"https:\/\/www.radiopiu.net\/wordpress\/wp-content\/uploads\/2022\/06\/285509478_1212490009575597_7813110506400812980_n-150x150.jpg\" class=\"attachment-thumbnail size-thumbnail\" alt=\"\" \/><\/a>\n\t\t\t\t<\/dt><\/dl><dl class='gallery-item'>\n\t\t\t\t<dt class='gallery-icon landscape'>\n\t\t\t\t\t<a class=\"rollover rollover-zoom dt-pswp-item\" title=\"285715177_1586256341758828_2441602049264514808_n\" data-dt-img-description=\"\" data-large_image_width=\"344\" data-large_image_height=\"206\"href='https:\/\/www.radiopiu.net\/wordpress\/wp-content\/uploads\/2022\/06\/285715177_1586256341758828_2441602049264514808_n.jpg'><img loading=\"lazy\" decoding=\"async\" width=\"150\" height=\"150\" src=\"https:\/\/www.radiopiu.net\/wordpress\/wp-content\/uploads\/2022\/06\/285715177_1586256341758828_2441602049264514808_n-150x150.jpg\" class=\"attachment-thumbnail size-thumbnail\" alt=\"\" \/><\/a>\n\t\t\t\t<\/dt><\/dl><dl class='gallery-item'>\n\t\t\t\t<dt class='gallery-icon landscape'>\n\t\t\t\t\t<a class=\"rollover rollover-zoom dt-pswp-item\" title=\"286314793_1153085412205523_7456189005001492214_n\" data-dt-img-description=\"\" data-large_image_width=\"320\" data-large_image_height=\"204\"href='https:\/\/www.radiopiu.net\/wordpress\/wp-content\/uploads\/2022\/06\/286314793_1153085412205523_7456189005001492214_n.jpg'><img loading=\"lazy\" decoding=\"async\" width=\"150\" height=\"150\" src=\"https:\/\/www.radiopiu.net\/wordpress\/wp-content\/uploads\/2022\/06\/286314793_1153085412205523_7456189005001492214_n-150x150.jpg\" class=\"attachment-thumbnail size-thumbnail\" alt=\"\" \/><\/a>\n\t\t\t\t<\/dt><\/dl><dl class='gallery-item'>\n\t\t\t\t<dt class='gallery-icon landscape'>\n\t\t\t\t\t<a class=\"rollover rollover-zoom dt-pswp-item\" title=\"285719107_414614403857003_3004000008532316900_n\" data-dt-img-description=\"\" data-large_image_width=\"296\" data-large_image_height=\"200\"href='https:\/\/www.radiopiu.net\/wordpress\/wp-content\/uploads\/2022\/06\/285719107_414614403857003_3004000008532316900_n.jpg'><img loading=\"lazy\" decoding=\"async\" width=\"150\" height=\"150\" src=\"https:\/\/www.radiopiu.net\/wordpress\/wp-content\/uploads\/2022\/06\/285719107_414614403857003_3004000008532316900_n-150x150.jpg\" class=\"attachment-thumbnail size-thumbnail\" alt=\"\" \/><\/a>\n\t\t\t\t<\/dt><\/dl><dl class='gallery-item'>\n\t\t\t\t<dt class='gallery-icon portrait'>\n\t\t\t\t\t<a class=\"rollover rollover-zoom dt-pswp-item\" title=\"285639889_719889465944630_6126636854604996781_n\" data-dt-img-description=\"\" data-large_image_width=\"160\" data-large_image_height=\"201\"href='https:\/\/www.radiopiu.net\/wordpress\/wp-content\/uploads\/2022\/06\/285639889_719889465944630_6126636854604996781_n.jpg'><img loading=\"lazy\" decoding=\"async\" width=\"150\" height=\"150\" src=\"https:\/\/www.radiopiu.net\/wordpress\/wp-content\/uploads\/2022\/06\/285639889_719889465944630_6126636854604996781_n-150x150.jpg\" class=\"attachment-thumbnail size-thumbnail\" alt=\"\" \/><\/a>\n\t\t\t\t<\/dt><\/dl><br style=\"clear: both\" \/>\n\t\t\t<\/div>\n\n<p>NELLE FOTO (riproduzioni da &#8220;Una ruota che gira da un quarto di secolo&#8221; di Francesco De Luca); la copertina dei due volumi; Francesco De Luca con Giovanni Paolo II; il simbolo della sala di cultura &#8220;De Luca&#8221; di Borgo Pra a Belluno; ecco come era la sala; fra le manifestazioni ospitate: &#8220;Ndon a Borgo Pra&#8221;; l&#8217;ex tempore di pittura; grande successo per la &#8220;Festa dei marangoni&#8221;; la &#8220;De Luca&#8221; vista dal ponte del Borgo; scorci del giardino; angoli esterni delle sale; fascino della neve&#8230;; i volti dei genitori di De Luca &#8211; cui i due libri sono stati dedicati &#8211; dipinti dai pittori Silvano Gamba e Carlo Sovilla; interno della sala; la sezione dei libri; dall&#8217;alto bella panoramica di Borgo Pra.<\/p>\n<p>&nbsp;<\/p>\n<p>&nbsp;<\/p>\n<hr \/>\n<p>&nbsp;<\/p>\n<\/div>\n<\/div>\n<\/div>\n<\/div>\n<\/div>\n<\/div>\n<\/div>\n<\/div>\n<\/div>\n<\/div>\n<\/div>\n<\/div>\n<\/div>\n<\/div>\n<\/div>\n<\/div>\n<\/div>\n<\/div>\n<\/div>\n<\/div>\n<\/div>\n<\/div>\n<\/div>\n<\/div>\n<\/div>\n<\/div>\n<\/div>\n<\/div>\n<\/div>\n<\/div>\n<\/div>\n<\/div>\n<\/div>\n<\/div>\n<\/div>\n<\/div>\n<\/div>\n<\/div>\n<\/div>\n<\/div>\n<\/div>\n<\/div>\n<\/div>\n<\/div>\n<\/div>\n<\/div>\n<\/div>\n<\/div>\n<\/div>\n<\/div>\n<\/div>\n<\/div>\n<\/div>\n<\/div>\n<\/div>\n<\/div>\n<\/div>\n<\/div>\n<\/div>\n<\/div>\n<\/div>\n<\/div>\n<\/div>\n<\/div>\n<\/div>\n<\/div>\n<\/div>\n<\/div>\n<\/div>\n<\/div>\n<\/div>\n<\/div>\n<\/div>\n<\/div>\n<\/div>\n<\/div>\n<\/div>\n<\/div>\n<\/div>\n<\/div>\n<\/div>\n<\/div>\n<\/div>\n<\/div>\n<\/div>\n<\/div>\n<\/div>\n<\/div>\n<\/div>\n<\/div>\n<\/div>\n<\/div>\n<\/div>\n<\/div>\n<\/div>\n<\/div>\n<\/div>\n<\/div>\n<\/div>\n<\/div>\n<\/div>\n<\/div>\n<\/div>\n<\/div>\n<\/div>\n<\/div>\n<\/div>\n<\/div>\n<\/div>\n<\/div>\n<\/div>\n<div class=\"b654a4as d2edcug0\">\n<div class=\"ecm0bbzt e5nlhep0 a8c37x1j\">\n<div class=\"kvgmc6g5 cxmmr5t8 oygrvhab hcukyx3x c1et5uql\">\n<div class=\"gmail-kvgmc6g5 gmail-cxmmr5t8 gmail-oygrvhab gmail-hcukyx3x gmail-c1et5uql gmail-ii04i59q\">\n<div>\n<div class=\"page-title-head hgroup\">\n<div class=\"page-title-head hgroup\">\n<div class=\"b654a4as d2edcug0\">\n<div class=\"j83agx80 btwxx1t3 lhclo0ds hop8lmos nkwizq5d scwd0bx6 roh60bw9\">\n<div class=\"rq0escxv hkbzh7o3 jwdofwj8 n8tt0mok r8blr3vg hyh9befq\">\n<div class=\"do00u71z l9j0dhe7 k4urcfbm\">\n<div>\n<div class=\"page-title-head hgroup\">\n<div class=\"page-title-head hgroup\">\n<div class=\"page-title-head hgroup\">\n<div class=\"page-title-head hgroup\">\n<div class=\"b654a4as d2edcug0\">\n<div class=\"page-title-head hgroup\">\n<div class=\"page-title-head hgroup\">\n<div class=\"page-title-head hgroup\">\n<div class=\"page-title-head hgroup\">\n<div class=\"b654a4as d2edcug0\">\n<div class=\"page-title-head hgroup\">\n<div class=\"page-title-head hgroup\">\n<div class=\"page-title-head hgroup\">\n<div class=\"page-title-head hgroup\">\n<div class=\"page-title-head hgroup\">\n<div class=\"mkdf-post-text\">\n<div class=\"mkdf-post-text-inner\">\n<div class=\"mkdf-post-text-main\">\n<div class=\"mkdf-post-text\">\n<div class=\"mkdf-post-text-inner\">\n<div class=\"mkdf-post-text-main\">\n<div class=\"mkdf-post-text\">\n<div class=\"mkdf-post-text-inner\">\n<div class=\"mkdf-post-text-main\">\n<div class=\"page-title-head hgroup\">\n<div class=\"page-title-head hgroup\">\n<div class=\"mkdf-post-text\">\n<div class=\"mkdf-post-text-inner\">\n<div class=\"mkdf-post-text-main\">\n<div class=\"mkdf-post-text\">\n<div class=\"mkdf-post-text-inner\">\n<div class=\"mkdf-post-text-main\">\n<div>\n<div class=\"page-title-head hgroup\">\n<div class=\"page-title-head hgroup\">\n<div>\n<div class=\"page-title-head hgroup\">\n<div class=\"page-title-head hgroup\">\n<div class=\"b654a4as d2edcug0\">\n<div>\n<div class=\"page-title-head hgroup\" style=\"text-align: left;\">\n<div class=\"page-title-head hgroup\">\n<div dir=\"auto\">\n<p><a class=\"dt-pswp-item pspw-wrap-ready\" href=\"https:\/\/i0.wp.com\/www.radiopiu.net\/wordpress\/wp-content\/uploads\/2018\/09\/WhatsApp-Image-2018-09-20-at-16.04.06.jpeg?ssl=1\" data-dt-img-description=\"\" data-large_image_width=\"800\" data-large_image_height=\"100\"><img loading=\"lazy\" decoding=\"async\" class=\"aligncenter wp-image-61378 size-full jetpack-lazy-image jetpack-lazy-image--handled\" src=\"https:\/\/i0.wp.com\/www.radiopiu.net\/wordpress\/wp-content\/uploads\/2018\/09\/WhatsApp-Image-2018-09-20-at-16.04.06.jpeg?resize=800%2C100&amp;ssl=1\" sizes=\"auto, (max-width: 800px) 100vw, 800px\" srcset=\"https:\/\/i0.wp.com\/www.radiopiu.net\/wordpress\/wp-content\/uploads\/2018\/09\/WhatsApp-Image-2018-09-20-at-16.04.06.jpeg?w=800&amp;ssl=1 800w, https:\/\/i0.wp.com\/www.radiopiu.net\/wordpress\/wp-content\/uploads\/2018\/09\/WhatsApp-Image-2018-09-20-at-16.04.06.jpeg?resize=300%2C38&amp;ssl=1 300w, https:\/\/i0.wp.com\/www.radiopiu.net\/wordpress\/wp-content\/uploads\/2018\/09\/WhatsApp-Image-2018-09-20-at-16.04.06.jpeg?resize=768%2C96&amp;ssl=1 768w\" alt=\"\" width=\"800\" height=\"100\" data-lazy-loaded=\"1\" \/><\/a><\/p>\n<\/div>\n<\/div>\n<\/div>\n<\/div>\n<\/div>\n<\/div>\n<\/div>\n<\/div>\n<\/div>\n<\/div>\n<\/div>\n<\/div>\n<\/div>\n<\/div>\n<\/div>\n<\/div>\n<\/div>\n<\/div>\n<\/div>\n<\/div>\n<\/div>\n<\/div>\n<\/div>\n<\/div>\n<\/div>\n<\/div>\n<\/div>\n<\/div>\n<\/div>\n<\/div>\n<\/div>\n<\/div>\n<\/div>\n<\/div>\n<\/div>\n<\/div>\n<\/div>\n<\/div>\n<\/div>\n<\/div>\n<\/div>\n<\/div>\n<\/div>\n<\/div>\n<\/div>\n<\/div>\n<\/div>\n<\/div>\n<\/div>\n<\/div>\n<\/div>\n<\/div>\n<\/div>\n<\/div>\n<\/div>\n<\/div>\n<\/div>\n<\/div>\n<\/div>\n<\/div>\n<\/div>\n<\/div>\n<\/div>\n<\/div>\n<\/div>\n<\/div>\n<\/div>\n<\/div>\n<\/div>\n<\/div>\n<\/div>\n<\/div>\n<\/div>\n<\/div>\n<\/div>\n<\/div>\n<\/div>\n<\/div>\n<\/div>\n<\/div>\n<\/div>\n<\/div>\n<\/div>\n<\/div>\n<\/div>\n<\/div>\n<\/div>\n<\/div>\n<\/div>\n<\/div>\n<\/div>\n<\/div>\n<\/div>\n<\/div>\n<\/div>\n<\/div>\n<\/div>\n<\/div>\n<\/div>\n<\/div>\n<\/div>\n<\/div>\n<\/div>\n<\/div>\n<\/div>\n<\/div>\n<\/div>\n<\/div>\n<\/div>\n<\/div>\n<\/div>\n<\/div>\n<\/div>\n<\/div>\n<\/div>\n<\/div>\n<\/div>\n<\/div>\n<\/div>\n<\/div>\n<\/div>\n<\/div>\n<\/div>\n<\/div>\n<\/div>\n<\/div>\n<\/div>\n<\/div>\n<\/div>\n<\/div>\n<\/div>\n<\/div>\n<\/div>\n<\/div>\n<\/div>\n<\/div>\n<\/div>\n<\/div>\n<\/div>\n<\/div>\n<\/div>\n<\/div>\n<\/div>\n<\/div>\n<\/div>\n<\/div>\n<\/div>\n<\/div>\n<\/div>\n<\/div>\n<\/div>\n<\/div>\n<\/div>\n<\/div>\n<\/div>\n<\/div>\n<\/div>\n<\/div>\n<\/div>\n<\/div>\n<\/div>\n<\/div>\n<\/div>\n<\/div>\n<\/div>\n<\/div>\n<\/div>\n<\/div>\n<\/div>\n<\/div>\n<\/div>\n<\/div>\n<\/div>\n<\/div>\n<\/div>\n<\/div>\n<\/div>\n<\/div>\n<\/div>\n<\/div>\n<\/div>\n<\/div>\n<\/div>\n<\/div>\n<\/div>\n<\/div>\n<\/div>\n<\/div>\n<\/div>\n<\/div>\n<\/div>\n<\/div>\n<\/div>\n<\/div>\n<\/div>\n<\/div>\n<\/div>\n<\/div>\n<\/div>\n<\/div>\n<\/div>\n<\/div>\n<\/div>\n<\/div>\n<\/div>\n<\/div>\n<\/div>\n<\/div>\n<\/div>\n<\/div>\n<\/div>\n<\/div>\n<\/div>\n<\/div>\n<\/div>\n<\/div>\n<\/div>\n<\/div>\n<\/div>\n<\/div>\n<\/div>\n<\/div>\n<\/div>\n<\/div>\n<\/div>\n<\/div>\n<\/div>\n<\/div>\n<\/div>\n<\/div>\n<p>&nbsp;<\/p>\n<p><center><b>Martedi 7<\/b><\/center><b>Tempo atteso: <\/b>Tempo perlopi\u00f9 instabile con cielo da nuvoloso a molto nuvoloso, gi\u00e0 nella corso del mattino per un primo passaggio di nubi dense entro le ore centrali del giorno e di nuovo al pomeriggio per una secondo passaggio, entrambi gli episodi saranno piovogeni. In ogni caso ci saranno alcune chance di schiarite tra le due fasi instabili. Il forte deficit di sole e l&#8217;avvezione di aria pi\u00f9 fresca determineranno un contesto assai meno estivo.<br \/>\n<b>Precipitazioni: <\/b>Probabili rovesci sparsi e occasionali temporali (40-50%) entro le ore centrali del giorno. Nel corso del pomeriggio fase temporalesca assai pi\u00f9 rilevante, con eventuali fenomeni intensi e grandinigeni (80-90%). Neve in abbassamento fino sui 3000 m. In serata esaurimento dei fenomeni a partire dalle Dolomiti. Gli apporti saranno molto irregolari: 10-30 mm, localmente anche tra i 30 e 40 mm.<br \/>\n<b>Temperature: <\/b>Minime in aumento nelle valli e in calo in quota, dove saranno osservate alla sera; massime in generale calo. Su Prealpi a 1500 m: min 11\u00b0C max 13\u00b0C, a 2000 m: min 8\u00b0C max 10\u00b0C. Su Dolomiti a 2000 m: min 6\u00b0C max 10\u00b0C, a 3000 m: min 1\u00b0C max 4\u00b0C.<br \/>\n<b>Venti: <\/b>Nelle valli deboli di direzione variabile, salvo rinforzi per raffiche temporalesche; in quota deboli\/moderati da sudovest in rotazione e rinforzo fino a tesi da Nord sulle cime pi\u00f9 alte nel tardo pomeriggio\/serata. a 10-20 km\/h a 2000 m, 15-40 km\/h a 3000 m.<\/p>\n<hr \/>\n<p><center><b>Mercoledi 8<\/b><\/center><b>Tempo atteso: <\/b>Tempo pi\u00f9 stabile e ben soleggiato al mattino, mentre vi sar\u00e0 una riduzione del soleggiamento per sottili velature nel corso del pomeriggio e per nuvolosit\u00e0 stratiforme e cumuliforme nel tardo pomeriggio\/sera. la quale potrebbe essere associata a qualche fenomeno serale. Far\u00e0 di nuovo pi\u00f9 caldo in giornata, anche grazie al buon soleggiamento.<br \/>\n<b>Precipitazioni: <\/b>Assenti (0%) fino nel tardo pomeriggio, in serata probabili precipitazioni (50-70%) a partire dai settori occidentali, localmente temporalesche sulle fascia prealpina.<br \/>\n<b>Temperature: <\/b>Minime in calo, specie nelle valli; massime in lieve ripresa a tutte le quote. Su Prealpi a 1500 m: min 9\u00b0C max 15\u00b0C, a 2000 m: min 6\u00b0C max 11\u00b0C. Su Dolomiti: a 2000 m min 5\u00b0C max 12\u00b0C, a 3000 m: min 0\u00b0C max 3\u00b0C.<br \/>\n<b>Venti: <\/b>Nelle valli perlopi\u00f9 deboli per brezze, localmente e a tratti moderati per rinforzi termodinamici nelle ore pi\u00f9 calde; in quota deboli\/moderati da nord nella notte e da sud-ovest in giornata, a 5-10 km\/h a 2000 m e a 10-15 km\/h a 3000 m.<\/p>\n<hr \/>\n<p><center><b>Giovedi 9<\/b><\/center>Nottetempo e al mattino maltempo con cielo coperto e diffuse precipitazioni, localmente abbondanti. Si tratter\u00e0 perlopi\u00f9 di tempo perturbato con momenti d&#8217;instabilit\u00e0, vale a dire con probabili rovesci e temporali. La neve scender\u00e0 sui 2400\/2600 m. Al pomeriggio cessazione dei fenomeni e attenuazione della nuvolosit\u00e0. Generale calo delle temperature, eccetto aumento delle temperature minime nelle valli. Venti deboli di direzione variabile nelle valli, salvo rinforzo per raffiche temporalesche; in quota moderati meridionali fino al primo mattino, poi tesi da nord in giornata.<\/p>\n<hr \/>\n<p><center><b>Venerdi 10<\/b><\/center>Tempo ben soleggiato con cielo sereno aria tersa e ottima visibilit\u00e0. Al pomeriggio qualche modesto annuvolamento. Temperature minime in diminuzione e massime in ripresa. Atmosfera ventosa in quota per venti tesi\/forti da nord sulle cime pi\u00f9 alte; nelle valli deboli\/moderati a regime di brezza. Previsore: R.L.Th.<\/p>\n<p>&nbsp;<\/p>\n<div style=\"text-align: left;\">\n<p>&nbsp;<\/p>\n<\/div>\n<hr \/>\n<p>&nbsp;<\/p>\n<p>&nbsp;<\/p>\n<p><a href=\"https:\/\/www.radiopiu.net\/wordpress\/giornale-radiopiu-26-settembre-2018-direttore-mirko-mezzacasa\/viabilita-2\/\" rel=\"attachment wp-att-61954\"><img loading=\"lazy\" decoding=\"async\" class=\"aligncenter wp-image-61954 size-full\" src=\"https:\/\/www.radiopiu.net\/wordpress\/wp-content\/uploads\/2018\/09\/viabilita.jpeg\" sizes=\"auto, (max-width: 800px) 100vw, 800px\" srcset=\"https:\/\/www.radiopiu.net\/wordpress\/wp-content\/uploads\/2018\/09\/viabilita.jpeg 800w, https:\/\/www.radiopiu.net\/wordpress\/wp-content\/uploads\/2018\/09\/viabilita-300x38.jpeg 300w, https:\/\/www.radiopiu.net\/wordpress\/wp-content\/uploads\/2018\/09\/viabilita-768x96.jpeg 768w\" alt=\"\" width=\"800\" height=\"100\" \/><\/a><\/p>\n<p>&nbsp;<\/p>\n<blockquote class=\"wp-embedded-content\" data-secret=\"8HLEZioLYc\"><p><a href=\"https:\/\/www.radiopiu.net\/wordpress\/viabilita\/\">viabilita<\/a><\/p><\/blockquote>\n<p><iframe loading=\"lazy\" class=\"wp-embedded-content\" sandbox=\"allow-scripts\" security=\"restricted\" style=\"position: absolute; clip: rect(1px, 1px, 1px, 1px);\" title=\"&#8220;viabilita&#8221; &#8212; Radio Pi\u00f9\" src=\"https:\/\/www.radiopiu.net\/wordpress\/viabilita\/embed\/#?secret=DWVHmXTCbJ#?secret=8HLEZioLYc\" data-secret=\"8HLEZioLYc\" width=\"600\" height=\"338\" frameborder=\"0\" marginwidth=\"0\" marginheight=\"0\" scrolling=\"no\"><\/iframe><\/p>\n<p>&nbsp;<\/p>\n<hr \/>\n<p>&nbsp;<\/p>\n<p>&nbsp;<\/p>\n<p><img loading=\"lazy\" decoding=\"async\" class=\"wp-image-60761 size-full aligncenter\" src=\"https:\/\/www.radiopiu.net\/wordpress\/wp-content\/uploads\/2018\/09\/sport.jpg\" alt=\"\" width=\"800\" height=\"100\" srcset=\"https:\/\/www.radiopiu.net\/wordpress\/wp-content\/uploads\/2018\/09\/sport.jpg 800w, https:\/\/www.radiopiu.net\/wordpress\/wp-content\/uploads\/2018\/09\/sport-300x38.jpg 300w, https:\/\/www.radiopiu.net\/wordpress\/wp-content\/uploads\/2018\/09\/sport-768x96.jpg 768w\" sizes=\"auto, (max-width: 800px) 100vw, 800px\" \/><\/p>\n<p>&nbsp;<\/p>\n<p><span style=\"color: #0000ff;\"><strong>CALCIO<\/strong><\/span><\/p>\n<blockquote>\n<h3>TRA INFORTUNI E NUOVI INNESTI IL CAPRILE E&#8217; PRONTO PER IL CAMPIONATO AGORDINO<\/h3>\n<\/blockquote>\n<p><strong><a class=\"dt-pswp-item\" href=\"https:\/\/www.radiopiu.net\/wordpress\/wp-content\/uploads\/2022\/04\/CAPRILE.png\" data-dt-img-description=\"\" data-large_image_width=\"471\" data-large_image_height=\"479\"><img loading=\"lazy\" decoding=\"async\" class=\" wp-image-272811 alignleft\" src=\"https:\/\/www.radiopiu.net\/wordpress\/wp-content\/uploads\/2022\/04\/CAPRILE-150x150.png\" alt=\"\" width=\"96\" height=\"96\" \/><\/a>REDAZIONE<\/strong> Anche il Caprile \u00e8 pronto per tornare a calcare i campi del Campionato Agordino di calcio. La squadra si sta allenando costantemente e i giocatori non vedono l&#8217;ora di iniziare il Memorial Denis Tonin. Nuovi innesti ma anche un infortunio serio a un giocatore della squadra alleghese, \u00e8 iniziato cos\u00ec il percorso di avvicinamento al calcio giocato<\/p>\n<p><strong>RENATO BELLENZIER, VICE ALLENATORE DEL CAPRILE<\/strong><\/p>\n<audio class=\"wp-audio-shortcode\" id=\"audio-279816-17\" preload=\"none\" style=\"width: 100%;\" controls=\"controls\"><source type=\"audio\/mpeg\" src=\"https:\/\/www.radiopiu.net\/wordpress\/wp-content\/uploads\/2022\/06\/CAPRILE-RENATO-BELLENZIER.mp3?_=17\" \/><a href=\"https:\/\/www.radiopiu.net\/wordpress\/wp-content\/uploads\/2022\/06\/CAPRILE-RENATO-BELLENZIER.mp3\">https:\/\/www.radiopiu.net\/wordpress\/wp-content\/uploads\/2022\/06\/CAPRILE-RENATO-BELLENZIER.mp3<\/a><\/audio>\n<p>&nbsp;<\/p>\n<p>&nbsp;<\/p>\n<hr \/>\n<p>&nbsp;<\/p>\n<p><span style=\"color: #0000ff;\"><strong>HOCKEY SU GHIACCIO<\/strong><\/span><\/p>\n<blockquote>\n<h3>L\u2019ALLEGHE CONFERMA LO STAFF TECNICO E RINGRAZIA KIVIRANTA E BERGER<\/h3>\n<\/blockquote>\n<p><strong><a class=\"dt-pswp-item\" href=\"https:\/\/www.radiopiu.net\/wordpress\/wp-content\/uploads\/2022\/06\/4f85d831-2a48-435f-9542-ff389d2a04e5.jpg\" data-dt-img-description=\"\" data-large_image_width=\"1024\" data-large_image_height=\"362\"><img loading=\"lazy\" decoding=\"async\" class=\"alignleft wp-image-279999 size-medium\" src=\"https:\/\/www.radiopiu.net\/wordpress\/wp-content\/uploads\/2022\/06\/4f85d831-2a48-435f-9542-ff389d2a04e5-300x106.jpg\" alt=\"\" width=\"300\" height=\"106\" srcset=\"https:\/\/www.radiopiu.net\/wordpress\/wp-content\/uploads\/2022\/06\/4f85d831-2a48-435f-9542-ff389d2a04e5-300x106.jpg 300w, https:\/\/www.radiopiu.net\/wordpress\/wp-content\/uploads\/2022\/06\/4f85d831-2a48-435f-9542-ff389d2a04e5-768x272.jpg 768w, https:\/\/www.radiopiu.net\/wordpress\/wp-content\/uploads\/2022\/06\/4f85d831-2a48-435f-9542-ff389d2a04e5.jpg 1024w\" sizes=\"auto, (max-width: 300px) 100vw, 300px\" \/><\/a>di Roberto Miana, Portavoce dell&#8217;Alleghe Hockey<\/strong><\/p>\n<p><strong>ALLEGHE<\/strong> La societ\u00e0 Alleghe Hockey con grande piacere annuncia di aver confermato nel proprio staff anche per la stagione sportiva 2022\/23 coach Alessandro Fontana alla guida della squadra IHL, Paolo De Biasio in veste di supervisore e allenatore delle squadre giovanili con il compito di seguire la crescita sportiva dei ragazzi, nonch\u00e9 riavvicinare i pi\u00f9 giovani all&#8217;hockey e Manuel Da Tos nel ruolo di direttore sportivo. Dopo il buon lavoro svolto nella passata stagione si vuole ripartire da basi solide che Alessandro, Paolo e Manuel con la loro esperienza possono garantire per il presente e il futuro. Il sodalizio di via Lungolago \u00e8 al lavoro anche per dare forma alla nuova squadra che parteciper\u00e0 al prossimo campionato di Italian Hockey League. Intanto, con l\u2019addio ai colori biancorossi dei due stranieri: Miika Kiviranta che ha appeso i pattini al chiodo intraprendendo la carriera di allenatore in Svizzera nelle giovanili del Basilea e Joshua Berger che \u00e8 approdato al Merano in Alps Hockey League, la societ\u00e0 presieduta da Adriano Levis sta sondando il mercato per rimpiazzare adeguatamente i due giocatori. A Miika e Joshua l\u2019Alleghe Hockey augura le migliori fortune e li ringrazia per il contributo dato con professionalit\u00e0 e seriet\u00e0 sotto al Civetta.<\/p>\n<p>&nbsp;<\/p>\n<p><span style=\"color: #0000ff;\"><strong>PALLAVOLO\u00a0<\/strong><\/span><\/p>\n<blockquote>\n<h3><a class=\"dt-pswp-item\" href=\"https:\/\/www.radiopiu.net\/wordpress\/wp-content\/uploads\/2022\/06\/Da_Rold_Novello_Da_Re.jpg\" data-dt-img-description=\"\" data-large_image_width=\"2305\" data-large_image_height=\"1721\"><img loading=\"lazy\" decoding=\"async\" class=\"wp-image-280134 alignleft\" src=\"https:\/\/www.radiopiu.net\/wordpress\/wp-content\/uploads\/2022\/06\/Da_Rold_Novello_Da_Re.jpg\" alt=\"\" width=\"195\" height=\"146\" srcset=\"https:\/\/www.radiopiu.net\/wordpress\/wp-content\/uploads\/2022\/06\/Da_Rold_Novello_Da_Re.jpg 2305w, https:\/\/www.radiopiu.net\/wordpress\/wp-content\/uploads\/2022\/06\/Da_Rold_Novello_Da_Re-300x224.jpg 300w, https:\/\/www.radiopiu.net\/wordpress\/wp-content\/uploads\/2022\/06\/Da_Rold_Novello_Da_Re-1024x765.jpg 1024w, https:\/\/www.radiopiu.net\/wordpress\/wp-content\/uploads\/2022\/06\/Da_Rold_Novello_Da_Re-768x573.jpg 768w, https:\/\/www.radiopiu.net\/wordpress\/wp-content\/uploads\/2022\/06\/Da_Rold_Novello_Da_Re-1536x1147.jpg 1536w, https:\/\/www.radiopiu.net\/wordpress\/wp-content\/uploads\/2022\/06\/Da_Rold_Novello_Da_Re-2048x1529.jpg 2048w\" sizes=\"auto, (max-width: 195px) 100vw, 195px\" \/><\/a>IL NUOVO ALLENATORE DELLA PALLAVOLO BELLUNO, MARCO NOVELLO<\/h3>\n<\/blockquote>\n<p>Marco Novello si presenta ufficialmente, compir\u00e0 vent\u2019anni fra quattro mesi. Ma la responsabilit\u00e0 non gli pesa. Anzi, lo esalta. E&#8217; originario di Treviso, anche se \u00e8 reduce da un\u2019esperienza fuori regione. Ovvero, in Friuli Venezia, nella file della Tinet Prata di Pordenone capace di conquistare la Coppa Italia di A3 e la promozione in A2. Il direttore generale Franco Da Re accoglie Novello a braccia aperte,<em> \u00abMarco \u00e8 uno dei migliori atleti italiani in questa fascia d\u2019et\u00e0&#8221;.<\/em>E felice lo \u00e8 pure il presidente Sandro Da Rold:<em> \u00abStiamo creando una squadra di vertice. Non ci nascondiamo, vogliamo andare in A2&#8243;.<br \/>\n<\/em><\/p>\n<div style=\"width: 848px;\" class=\"wp-video\"><video class=\"wp-video-shortcode\" id=\"video-279816-4\" width=\"848\" height=\"480\" preload=\"metadata\" controls=\"controls\"><source type=\"video\/mp4\" src=\"https:\/\/www.radiopiu.net\/wordpress\/wp-content\/uploads\/2022\/06\/WhatsApp-Video-2022-06-06-at-22.04.13.mp4?_=4\" \/><a href=\"https:\/\/www.radiopiu.net\/wordpress\/wp-content\/uploads\/2022\/06\/WhatsApp-Video-2022-06-06-at-22.04.13.mp4\">https:\/\/www.radiopiu.net\/wordpress\/wp-content\/uploads\/2022\/06\/WhatsApp-Video-2022-06-06-at-22.04.13.mp4<\/a><\/video><\/div>\n<p><em>\u00a0<\/em><\/p>\n<p>&nbsp;<\/p>\n<\/div>\n<\/div>\n<\/div>\n<\/div>\n<\/div>\n<\/div>\n<\/div>\n<\/div>\n<\/div>\n<\/div>\n<\/div>\n<\/div>\n<\/div>\n<\/div>\n<\/div>\n<\/div>\n<\/div>\n<\/div>\n<\/div>\n<\/div>\n<\/div>\n<\/div>\n<\/div>\n<\/div>\n<\/div>\n<\/div>\n<\/div>\n<\/div>\n<\/div>\n<\/div>\n<\/div>\n<\/div>\n<\/div>\n<\/div>\n<\/div>\n<\/div>\n<\/div>\n<\/div>\n<\/div>\n<\/div>\n<\/div>\n<\/div>\n<\/div>\n<\/div>\n<\/div>\n<\/div>\n<\/div>\n<\/div>\n<\/div>\n<\/div>\n<\/div>\n<\/div>\n<\/div>\n<\/div>\n<\/div>\n<\/div>\n<\/div>\n<\/div>\n<\/div>\n<\/div>\n<\/div>\n<\/div>\n<\/div>\n<\/div>\n<\/div>\n<\/div>\n<\/div>\n<\/div>\n<\/div>\n<\/div>\n<\/div>\n<\/div>\n<\/div>\n<\/div>\n<\/div>\n<\/div>\n<\/div>\n<\/div>\n<\/div>\n<\/div>\n<\/div>\n<\/div>\n<\/div>\n<\/div>\n<\/div>\n<\/div>\n<\/div>\n<\/div>\n<\/div>\n<\/div>\n<\/div>\n<\/div>\n<\/div>\n<\/div>\n<\/div>\n<\/div>\n<\/div>\n<\/div>\n<\/div>\n<\/div>\n<\/div>\n<\/div>\n<\/div>\n<\/div>\n<\/div>\n<\/div>\n<\/div>\n<\/div>\n<\/div>\n<\/div>\n<\/div>\n","protected":false},"excerpt":{"rendered":"<p>RADIO PIU INFORMAZIONE il canale su TELEGRAM informazione di prima\u00a0 mano e in tempo reale. iscriviti ed aiutaci a farlo conoscere\u00a0\u00a0 &nbsp; ACQUA NON POTABILE A\u00a0 CENCENIGHE CENCENIGHE Gestione Servizi Pubblici informa che a CENCENIGHE AGORDINO in localit\u00e0 FOCH l&#8217;acqua erogata dall&#8217;acquedotto non \u00e8 potabile e non pu\u00f2 essere usata per scopi alimentari. &nbsp; TORNA&hellip;<\/p>\n","protected":false},"author":4,"featured_media":280040,"comment_status":"closed","ping_status":"closed","sticky":false,"template":"","format":"standard","meta":{"_monsterinsights_skip_tracking":false,"_monsterinsights_sitenote_active":false,"_monsterinsights_sitenote_note":"","_monsterinsights_sitenote_category":0,"footnotes":""},"categories":[104,86,49],"tags":[],"class_list":["post-279816","post","type-post","status-publish","format-standard","has-post-thumbnail","hentry","category-evidenza_3","category-gr","category-news-18","category-104","category-86","category-49","description-off"],"img_url":"https:\/\/www.radiopiu.net\/wordpress\/wp-content\/uploads\/2022\/06\/download.jpg","_links":{"self":[{"href":"https:\/\/www.radiopiu.net\/wordpress\/wp-json\/wp\/v2\/posts\/279816","targetHints":{"allow":["GET"]}}],"collection":[{"href":"https:\/\/www.radiopiu.net\/wordpress\/wp-json\/wp\/v2\/posts"}],"about":[{"href":"https:\/\/www.radiopiu.net\/wordpress\/wp-json\/wp\/v2\/types\/post"}],"author":[{"embeddable":true,"href":"https:\/\/www.radiopiu.net\/wordpress\/wp-json\/wp\/v2\/users\/4"}],"replies":[{"embeddable":true,"href":"https:\/\/www.radiopiu.net\/wordpress\/wp-json\/wp\/v2\/comments?post=279816"}],"version-history":[{"count":0,"href":"https:\/\/www.radiopiu.net\/wordpress\/wp-json\/wp\/v2\/posts\/279816\/revisions"}],"wp:featuredmedia":[{"embeddable":true,"href":"https:\/\/www.radiopiu.net\/wordpress\/wp-json\/wp\/v2\/media\/280040"}],"wp:attachment":[{"href":"https:\/\/www.radiopiu.net\/wordpress\/wp-json\/wp\/v2\/media?parent=279816"}],"wp:term":[{"taxonomy":"category","embeddable":true,"href":"https:\/\/www.radiopiu.net\/wordpress\/wp-json\/wp\/v2\/categories?post=279816"},{"taxonomy":"post_tag","embeddable":true,"href":"https:\/\/www.radiopiu.net\/wordpress\/wp-json\/wp\/v2\/tags?post=279816"}],"curies":[{"name":"wp","href":"https:\/\/api.w.org\/{rel}","templated":true}]}}