{"id":279870,"date":"2022-06-06T05:00:02","date_gmt":"2022-06-06T03:00:02","guid":{"rendered":"https:\/\/www.radiopiu.net\/wordpress\/?p=279870"},"modified":"2022-06-06T05:51:44","modified_gmt":"2022-06-06T03:51:44","slug":"igne-il-paese-del-fuoco-al-tempo-della-grande-guerra-e-poi-coinvolto-anche-nel-secondo-conflitto-mondiale","status":"publish","type":"post","link":"https:\/\/www.radiopiu.net\/wordpress\/igne-il-paese-del-fuoco-al-tempo-della-grande-guerra-e-poi-coinvolto-anche-nel-secondo-conflitto-mondiale\/","title":{"rendered":"IGNE. IL &#8220;PAESE DEL FUOCO&#8221; AL TEMPO DELLA GRANDE GUERRA E POI COINVOLTO ANCHE NEL SECONDO CONFLITTO MONDIALE"},"content":{"rendered":"<p><strong>di\u00a0 RENATO BONA\u00a0<\/strong><\/p>\n<p>Ha compiuto vent&#8217;anni nel maggio scorso il libro di Ivano Pocchiesa (purtroppo scomparso) e Mario Fornaro: &#8220;Igne, Paese del fuoco&#8221; che, con il patrocinio del Comune di Longarone (all&#8217;epoca guidato dal sindaco Pierluigi De Cesero), \u00e8 stato stampato nel 2002 ad iniziativa del Gruppo Volontari Igne. In questa occasione ci soffermiamo su due capitoli certo non secondari: &#8220;1915-18; il tempo dell&#8217;invasione&#8221; e &#8220;La seconda guerra mondiale&#8221;. Partiamo dalla Grande Guerra per ricordare con gli autori che questa &#8220;tocc\u00f2 anche tutto il Longaronese e in uno dei momenti pi\u00f9 tragici, dal 2 al 9 novembre 1917, quando avvenne la tristemente nota ritirata di Caporetto&#8221;. Se il generale Piacentini, che comandava la fortezza Cadore-Ma\u00e8, diffidava la gente a non circolare, un manifesto del sindaco di Longarone, cav. uff. Ottorino Nobis, diffondeva la raccomandazione alla calma&#8230; La verit\u00e0 terribile venne lentamente a galla suscitando sgomento e disperazione: l&#8221;&#8217;Esercito italiano era in ritirata e abbandonava la terra longaronese all&#8217;invasore&#8221;. Avvicinandosi l&#8217;invasione, le tradotte costituivano l&#8217;unico mezzo di scampo e cos\u00ec molte famiglie chiudevano le case, si portavano appresso le cose trasportabili e partivano alla ventura, sperando di salvare la vita. Per i soldati la complessa operazione di ripiegamento prese il via il 27 ottobre ma la rotta militare si stava manifestando di proporzioni inaudite, basti dire che che al passo Sant&#8217;Osvaldo ottomila uomini dovettero darsi prigionieri non avendo vie di scampo. Si registrarono alcuni episodi in cui gli italiani prevalsero con onore ma gli austriaci non demordevano: incendiarono infatti le segherie Protti e una casa a Fa\u00e8 e gli italiani risposero facendo saltare in aria la centrale elettrica di Roggia per non lasciare in mani nemiche strumenti preziosi. Quando la battaglia si spost\u00f2 verso la pianura, si raccolsero i morti e senza prelevare le piastrine di riconoscimento vennero gettati in fosse comuni a Dogna, Codissago e Longarone: &#8220;Morti ignoti al mondo, noti a Dio&#8221; (come ricorda una lapide nel sacrario militare di Pian dei Salesei a Digonera). E mentre veniva istituito il razionamento dei viveri si susseguivano le requisizioni: prima le lane, poi il rame e quindi ogni oggetto di lega o altro metallo. Gli occupanti non evitarono, anzi, atti di vandalismo; per dirne uno: divelsero il busto di Jacopo Tasso dalla piazza di Longarone, evidentemente &#8220;memori di un periodo risorgimentale italiano che li vide sconfitti&#8221;. Tempo un anno e la situazione si capovolse e, per restare nel Longaronese, la Compagnia di Sardi che per prima la notte del 24 ottobre pass\u00f2 il Piave, sferr\u00f2 l&#8217;attacco &#8220;dando prova mirabile di coraggio tra Longarone e Castellavazzo&#8221;. La resistenza accanita del nemico alla fine \u00e8 vinta. A ricordo della memorabile battaglia fu murata una lapide nell&#8217;atrio del palazzo comunale di Longarone e al comandante, il tenente Angelo Maria Terenzi fu concessa la Croce di guerra. Ivano Pocchiesa e Mario Fornaro dedicarono qualche pagina anche al secondo conflitto mondiale, fra l&#8217;altro ricordando che: &#8220;I paesi della terra longaronese, Igne compresa, vennero tragicamente coinvolti anche dagli avvenimenti della seconda guerra mondiale 1940-45, in particolare dopo l&#8217;8 settembre 1943 quando l&#8217;esercito tedesco divenne il nuovo nemico e gli itliani erano divisi in due fazioni: una che prese a battersi con gli anglo-americani, l&#8217;altra rimasta fedele ai nazisti tedescui e che combatt\u00e8 sistematicamente il movimento armato della Resistenza, con vittime spesso innocenti provocate anche per vendette personali. Sotto i bombardamenti morirono Pietro Pagogna e Giovanni De Cesero; il 4 ottobre 1944 tocc\u00f2 a Serafino Battaglia, Alfonso Casagrande e Giovanni Sacchet. E se Giovanni Teza &#8216;S\u00e9&#8217; viene arrestato ma con uno stratagemma riesce a fuggire e torner\u00e0 in paese a guerra finita, conobbero le celle di isolamento e i penosi interrogatori Bianca Zuliani e Renato Tessari e nelle prigioni di Baldenich a Belluno furono ospiti nel marzo 1944 i longaronesi Camelinda Deon, Giuseppe Celso, Libero Cornaviera, Aldo Dall&#8217;Armi, Mario De Bastiani, Francesco Longoni, Giorgio Pioggia e Angelo Tessari; in un rastrellamento vennero arrestati don Bortolo Larese, Giuseppe Bertoia, il dott. Giuseppe Fagarazzi, rilasciati dopo alcuni giorni. Il 19 giugno mentre stanno rientrando per il coprifuoco, vengono colpiti a morte in piazza Gonzaga Vincenzo Tesa e Felice De Cesero. Nella pineta di Cajada si consum\u00f2 un altro dramma e una lapide ricorda: &#8220;De Bona Giacomo fu Agostino, De Bona Agostino, Mazzucco Elio di Felice il 25 giugno 1944, passarono avviati dall&#8217;ideale di libert\u00e0 alla luce del martirio&#8221;. Erano entrambi di Igne. Il 14 ottobre tocca allo studente Ettore Losego impiccato alla colonna di casa Celotta nella via Roma. Una delle ultime vittime fu Giuseppe Celso colpito in combattimento a Pieve di Cadore: i resti furono tumulati a Longarone. Il servizio si chiude con la riproduzione di una copertina del periodico La Tribuna Illustrata che documenta l&#8217;uccisione il 24 marzo 1942 a Rdeci Kamen (Novo Mesto) in Jugoslavia di Giovanni Bez &#8216;Cest&#8217; di 42 anni, prelevato e fucilato dai partigiani di Tito con due compagni di lavoro, pure loro civili, che come lui stavano marcando alberi che dovevano essere abbattuti.<\/p>\n\n\t\t\t<style type='text\/css'>\n\t\t\t\t#gallery-1 {\n\t\t\t\t\tmargin: auto;\n\t\t\t\t}\n\t\t\t\t#gallery-1 .gallery-item {\n\t\t\t\t\tfloat: left;\n\t\t\t\t\tmargin-top: 10px;\n\t\t\t\t\ttext-align: center;\n\t\t\t\t\twidth: 20%;\n\t\t\t\t}\n\t\t\t\t#gallery-1 img {\n\t\t\t\t\tborder: 2px solid #cfcfcf;\n\t\t\t\t}\n\t\t\t\t#gallery-1 .gallery-caption {\n\t\t\t\t\tmargin-left: 0;\n\t\t\t\t}\n\t\t\t\t\/* see gallery_shortcode() in wp-includes\/media.php *\/\n\t\t\t<\/style>\n\t\t<div id='gallery-1' class='dt-gallery-container gallery galleryid-279870 gallery-columns-5 gallery-size-thumbnail'><dl class='gallery-item'>\n\t\t\t\t<dt class='gallery-icon landscape'>\n\t\t\t\t\t<a class=\"rollover rollover-zoom dt-pswp-item\" title=\"285446661_561039925639131_917087457859333643_n\" data-dt-img-description=\"\" data-large_image_width=\"320\" data-large_image_height=\"201\"href='https:\/\/www.radiopiu.net\/wordpress\/wp-content\/uploads\/2022\/06\/285446661_561039925639131_917087457859333643_n.jpg'><img loading=\"lazy\" decoding=\"async\" width=\"150\" height=\"150\" src=\"https:\/\/www.radiopiu.net\/wordpress\/wp-content\/uploads\/2022\/06\/285446661_561039925639131_917087457859333643_n-150x150.jpg\" class=\"attachment-thumbnail size-thumbnail\" alt=\"\" \/><\/a>\n\t\t\t\t<\/dt><\/dl><dl class='gallery-item'>\n\t\t\t\t<dt class='gallery-icon landscape'>\n\t\t\t\t\t<a class=\"rollover rollover-zoom dt-pswp-item\" title=\"284240972_758363632195371_2715922321580416354_n\" data-dt-img-description=\"\" data-large_image_width=\"350\" data-large_image_height=\"199\"href='https:\/\/www.radiopiu.net\/wordpress\/wp-content\/uploads\/2022\/06\/284240972_758363632195371_2715922321580416354_n.jpg'><img loading=\"lazy\" decoding=\"async\" width=\"150\" height=\"150\" src=\"https:\/\/www.radiopiu.net\/wordpress\/wp-content\/uploads\/2022\/06\/284240972_758363632195371_2715922321580416354_n-150x150.jpg\" class=\"attachment-thumbnail size-thumbnail\" alt=\"\" \/><\/a>\n\t\t\t\t<\/dt><\/dl><dl class='gallery-item'>\n\t\t\t\t<dt class='gallery-icon landscape'>\n\t\t\t\t\t<a class=\"rollover rollover-zoom dt-pswp-item\" title=\"284788258_366727185441342_3081410907173728145_n\" data-dt-img-description=\"\" data-large_image_width=\"296\" data-large_image_height=\"199\"href='https:\/\/www.radiopiu.net\/wordpress\/wp-content\/uploads\/2022\/06\/284788258_366727185441342_3081410907173728145_n.jpg'><img loading=\"lazy\" decoding=\"async\" width=\"150\" height=\"150\" src=\"https:\/\/www.radiopiu.net\/wordpress\/wp-content\/uploads\/2022\/06\/284788258_366727185441342_3081410907173728145_n-150x150.jpg\" class=\"attachment-thumbnail size-thumbnail\" alt=\"\" \/><\/a>\n\t\t\t\t<\/dt><\/dl><dl class='gallery-item'>\n\t\t\t\t<dt class='gallery-icon landscape'>\n\t\t\t\t\t<a class=\"rollover rollover-zoom dt-pswp-item\" title=\"284859057_972809160063384_3831801932412337628_n\" data-dt-img-description=\"\" data-large_image_width=\"280\" data-large_image_height=\"200\"href='https:\/\/www.radiopiu.net\/wordpress\/wp-content\/uploads\/2022\/06\/284859057_972809160063384_3831801932412337628_n.jpg'><img loading=\"lazy\" decoding=\"async\" width=\"150\" height=\"150\" src=\"https:\/\/www.radiopiu.net\/wordpress\/wp-content\/uploads\/2022\/06\/284859057_972809160063384_3831801932412337628_n-150x150.jpg\" class=\"attachment-thumbnail size-thumbnail\" alt=\"\" \/><\/a>\n\t\t\t\t<\/dt><\/dl><dl class='gallery-item'>\n\t\t\t\t<dt class='gallery-icon portrait'>\n\t\t\t\t\t<a class=\"rollover rollover-zoom dt-pswp-item\" title=\"281757286_325045023144319_461434577781949962_n\" data-dt-img-description=\"\" data-large_image_width=\"155\" data-large_image_height=\"240\"href='https:\/\/www.radiopiu.net\/wordpress\/wp-content\/uploads\/2022\/06\/281757286_325045023144319_461434577781949962_n.jpg'><img loading=\"lazy\" decoding=\"async\" width=\"150\" height=\"150\" src=\"https:\/\/www.radiopiu.net\/wordpress\/wp-content\/uploads\/2022\/06\/281757286_325045023144319_461434577781949962_n-150x150.jpg\" class=\"attachment-thumbnail size-thumbnail\" alt=\"\" \/><\/a>\n\t\t\t\t<\/dt><\/dl><br style=\"clear: both\" \/><dl class='gallery-item'>\n\t\t\t\t<dt class='gallery-icon portrait'>\n\t\t\t\t\t<a class=\"rollover rollover-zoom dt-pswp-item\" title=\"284485161_1377385632729097_6969019292567698304_n\" data-dt-img-description=\"\" data-large_image_width=\"154\" data-large_image_height=\"225\"href='https:\/\/www.radiopiu.net\/wordpress\/wp-content\/uploads\/2022\/06\/284485161_1377385632729097_6969019292567698304_n.jpg'><img loading=\"lazy\" decoding=\"async\" width=\"150\" height=\"150\" src=\"https:\/\/www.radiopiu.net\/wordpress\/wp-content\/uploads\/2022\/06\/284485161_1377385632729097_6969019292567698304_n-150x150.jpg\" class=\"attachment-thumbnail size-thumbnail\" alt=\"\" \/><\/a>\n\t\t\t\t<\/dt><\/dl><dl class='gallery-item'>\n\t\t\t\t<dt class='gallery-icon portrait'>\n\t\t\t\t\t<a class=\"rollover rollover-zoom dt-pswp-item\" title=\"284886022_1336526423523460_6072071155465929123_n\" data-dt-img-description=\"\" data-large_image_width=\"153\" data-large_image_height=\"206\"href='https:\/\/www.radiopiu.net\/wordpress\/wp-content\/uploads\/2022\/06\/284886022_1336526423523460_6072071155465929123_n.jpg'><img loading=\"lazy\" decoding=\"async\" width=\"150\" height=\"150\" src=\"https:\/\/www.radiopiu.net\/wordpress\/wp-content\/uploads\/2022\/06\/284886022_1336526423523460_6072071155465929123_n-150x150.jpg\" class=\"attachment-thumbnail size-thumbnail\" alt=\"\" \/><\/a>\n\t\t\t\t<\/dt><\/dl><dl class='gallery-item'>\n\t\t\t\t<dt class='gallery-icon portrait'>\n\t\t\t\t\t<a class=\"rollover rollover-zoom dt-pswp-item\" title=\"285850506_2943451239134212_7107589577314066523_n\" data-dt-img-description=\"\" data-large_image_width=\"158\" data-large_image_height=\"206\"href='https:\/\/www.radiopiu.net\/wordpress\/wp-content\/uploads\/2022\/06\/285850506_2943451239134212_7107589577314066523_n.jpg'><img loading=\"lazy\" decoding=\"async\" width=\"150\" height=\"150\" src=\"https:\/\/www.radiopiu.net\/wordpress\/wp-content\/uploads\/2022\/06\/285850506_2943451239134212_7107589577314066523_n-150x150.jpg\" class=\"attachment-thumbnail size-thumbnail\" alt=\"\" \/><\/a>\n\t\t\t\t<\/dt><\/dl><dl class='gallery-item'>\n\t\t\t\t<dt class='gallery-icon portrait'>\n\t\t\t\t\t<a class=\"rollover rollover-zoom dt-pswp-item\" title=\"285052392_407459654616478_3594085510590035859_n\" data-dt-img-description=\"\" data-large_image_width=\"154\" data-large_image_height=\"206\"href='https:\/\/www.radiopiu.net\/wordpress\/wp-content\/uploads\/2022\/06\/285052392_407459654616478_3594085510590035859_n.jpg'><img loading=\"lazy\" decoding=\"async\" width=\"150\" height=\"150\" src=\"https:\/\/www.radiopiu.net\/wordpress\/wp-content\/uploads\/2022\/06\/285052392_407459654616478_3594085510590035859_n-150x150.jpg\" class=\"attachment-thumbnail size-thumbnail\" alt=\"\" \/><\/a>\n\t\t\t\t<\/dt><\/dl><dl class='gallery-item'>\n\t\t\t\t<dt class='gallery-icon portrait'>\n\t\t\t\t\t<a class=\"rollover rollover-zoom dt-pswp-item\" title=\"284649735_715477646381012_140467204256973106_n\" data-dt-img-description=\"\" data-large_image_width=\"158\" data-large_image_height=\"240\"href='https:\/\/www.radiopiu.net\/wordpress\/wp-content\/uploads\/2022\/06\/284649735_715477646381012_140467204256973106_n.jpg'><img loading=\"lazy\" decoding=\"async\" width=\"150\" height=\"150\" src=\"https:\/\/www.radiopiu.net\/wordpress\/wp-content\/uploads\/2022\/06\/284649735_715477646381012_140467204256973106_n-150x150.jpg\" class=\"attachment-thumbnail size-thumbnail\" alt=\"\" \/><\/a>\n\t\t\t\t<\/dt><\/dl><br style=\"clear: both\" \/>\n\t\t\t<\/div>\n\n<p>&nbsp;<\/p>\n<p>NELLE FOTO (riproduzioni dal libro &#8220;Igne Paese del fuoco&#8221; di Ivano Pocchiesa e Mario Fornaro): coscritti &#8220;di ferro&#8221; di Igne della classe 1910; i loro &#8220;colleghi&#8221; del 1915 in festa; tempo di guerra per gli Alpini di Igne nel 1917; \u00e8 il 1918 un gruppetto di coscritti posa felice a guerra conclusa; il &#8220;carabiniere reale &#8220;Pietro Bez &#8216;Batti&#8217;; Adi Agher, Etiopia, anno 1936, da sinistra: Luigi De Bona &#8216;Titon&#8217; con il compaesano No\u00e8 De Bona &#8216;Soldado&#8217; e un commilitone della &#8220;campagna d&#8217;Africa&#8221;; anni &#8217;70 il monumento inaugurato a Igne in memoria dei Caduti; Giacomo De Bona di 23 anni; il sedicenne Gustavo De Bona; la copertina della Tribuna Illustrata del 31 maggio 1942.<\/p>\n","protected":false},"excerpt":{"rendered":"<p>di\u00a0 RENATO BONA\u00a0 Ha compiuto vent&#8217;anni nel maggio scorso il libro di Ivano Pocchiesa (purtroppo scomparso) e Mario Fornaro: &#8220;Igne, Paese del fuoco&#8221; che, con il patrocinio del Comune di Longarone (all&#8217;epoca guidato dal sindaco Pierluigi De Cesero), \u00e8 stato stampato nel 2002 ad iniziativa del Gruppo Volontari Igne. In questa occasione ci soffermiamo su&hellip;<\/p>\n","protected":false},"author":4,"featured_media":279873,"comment_status":"closed","ping_status":"closed","sticky":false,"template":"","format":"standard","meta":{"_monsterinsights_skip_tracking":false,"_monsterinsights_sitenote_active":false,"_monsterinsights_sitenote_note":"","_monsterinsights_sitenote_category":0,"footnotes":""},"categories":[104,49],"tags":[],"class_list":["post-279870","post","type-post","status-publish","format-standard","has-post-thumbnail","hentry","category-evidenza_3","category-news-18","category-104","category-49","description-off"],"img_url":"https:\/\/www.radiopiu.net\/wordpress\/wp-content\/uploads\/2022\/06\/284240972_758363632195371_2715922321580416354_n.jpg","_links":{"self":[{"href":"https:\/\/www.radiopiu.net\/wordpress\/wp-json\/wp\/v2\/posts\/279870","targetHints":{"allow":["GET"]}}],"collection":[{"href":"https:\/\/www.radiopiu.net\/wordpress\/wp-json\/wp\/v2\/posts"}],"about":[{"href":"https:\/\/www.radiopiu.net\/wordpress\/wp-json\/wp\/v2\/types\/post"}],"author":[{"embeddable":true,"href":"https:\/\/www.radiopiu.net\/wordpress\/wp-json\/wp\/v2\/users\/4"}],"replies":[{"embeddable":true,"href":"https:\/\/www.radiopiu.net\/wordpress\/wp-json\/wp\/v2\/comments?post=279870"}],"version-history":[{"count":0,"href":"https:\/\/www.radiopiu.net\/wordpress\/wp-json\/wp\/v2\/posts\/279870\/revisions"}],"wp:featuredmedia":[{"embeddable":true,"href":"https:\/\/www.radiopiu.net\/wordpress\/wp-json\/wp\/v2\/media\/279873"}],"wp:attachment":[{"href":"https:\/\/www.radiopiu.net\/wordpress\/wp-json\/wp\/v2\/media?parent=279870"}],"wp:term":[{"taxonomy":"category","embeddable":true,"href":"https:\/\/www.radiopiu.net\/wordpress\/wp-json\/wp\/v2\/categories?post=279870"},{"taxonomy":"post_tag","embeddable":true,"href":"https:\/\/www.radiopiu.net\/wordpress\/wp-json\/wp\/v2\/tags?post=279870"}],"curies":[{"name":"wp","href":"https:\/\/api.w.org\/{rel}","templated":true}]}}