{"id":279923,"date":"2022-06-06T08:10:52","date_gmt":"2022-06-06T06:10:52","guid":{"rendered":"https:\/\/www.radiopiu.net\/wordpress\/?p=279923"},"modified":"2022-06-06T08:43:06","modified_gmt":"2022-06-06T06:43:06","slug":"anziano-scomparso-in-val-di-zoldo-lo-cercano-vigili-del-fuoco-e-soccorso-alpino","status":"publish","type":"post","link":"https:\/\/www.radiopiu.net\/wordpress\/anziano-scomparso-in-val-di-zoldo-lo-cercano-vigili-del-fuoco-e-soccorso-alpino\/","title":{"rendered":"ANZIANO SCOMPARSO IN VAL DI ZOLDO, LO CERCANO VIGILI DEL FUOCO E SOCCORSO ALPINO"},"content":{"rendered":"<p><strong><img loading=\"lazy\" decoding=\"async\" class=\"alignleft\" src=\"https:\/\/www.radiopiu.net\/wordpress\/wp-content\/uploads\/2018\/12\/Vigili-del-fuoco-e1462166495384.jpg\" width=\"159\" height=\"105\" \/>VAL DI ZOLDO<\/strong> Da ieri sera manca un anziano di 83 anni, non \u00e8 tornato \u00a0dalla escursione a Col Marsan. L&#8217;allarme \u00e8 partito pi\u00f9 o meno nello stesso momento in cui s&#8217;\u00e8 scatenato il fortunale,\u00a0 le squadre di soccorritori\u00a0 si sono messe in moto per cercarlo.\u00a0 Da ieri sera i vigili del fuoco e il soccorso alpino si sono mobilitati sulle sue tracce. Le ricerche partono dalla zona dell&#8217;Insonnia, dove le squadre hanno allestito il campo base.<\/p>\n<p>&nbsp;<\/p>\n<p><strong>AGGIORNAMENTO SOCCORSO ALPINO. ORE 08<\/strong><br \/>\nIeri sera verso le 21.30 \u00e8 scattato l&#8217;allarme per il mancato rientro di un uomo di 83 anni residente a Val di Zoldo (BL). Le prime perlustrazioni si sono concentrate nella zona attorno a Casera Col Marsang e da nuove informazioni raccolte questa mattina potrebbero restringersi alla Val de Doa. Sul posto al momento il Soccorso alpino della Val di Zoldo con il Centro mobile di coordinamento, il Soccorso alpino della Guardia di Finanza di Cortina e Auronzo, i Vigili del fuoco. In arrivo le unit\u00e0 molecolari del Cnsas.<\/p>\n<p>foto archivio radiopiu<\/p>\n<p>&nbsp;<\/p>\n<p>&nbsp;<\/p>\n<hr \/>\n<p>&nbsp;<\/p>\n","protected":false},"excerpt":{"rendered":"<p>VAL DI ZOLDO Da ieri sera manca un anziano di 83 anni, non \u00e8 tornato \u00a0dalla escursione a Col Marsan. L&#8217;allarme \u00e8 partito pi\u00f9 o meno nello stesso momento in cui s&#8217;\u00e8 scatenato il fortunale,\u00a0 le squadre di soccorritori\u00a0 si sono messe in moto per cercarlo.\u00a0 Da ieri sera i vigili del fuoco e il&hellip;<\/p>\n","protected":false},"author":4,"featured_media":71034,"comment_status":"closed","ping_status":"closed","sticky":false,"template":"","format":"standard","meta":{"_monsterinsights_skip_tracking":false,"_monsterinsights_sitenote_active":false,"_monsterinsights_sitenote_note":"","_monsterinsights_sitenote_category":0,"footnotes":""},"categories":[51,49],"tags":[],"class_list":["post-279923","post","type-post","status-publish","format-standard","has-post-thumbnail","hentry","category-evidenza-top","category-news-18","category-51","category-49","description-off"],"img_url":"https:\/\/www.radiopiu.net\/wordpress\/wp-content\/uploads\/2018\/12\/Vigili-del-fuoco-e1462166495384.jpg","_links":{"self":[{"href":"https:\/\/www.radiopiu.net\/wordpress\/wp-json\/wp\/v2\/posts\/279923","targetHints":{"allow":["GET"]}}],"collection":[{"href":"https:\/\/www.radiopiu.net\/wordpress\/wp-json\/wp\/v2\/posts"}],"about":[{"href":"https:\/\/www.radiopiu.net\/wordpress\/wp-json\/wp\/v2\/types\/post"}],"author":[{"embeddable":true,"href":"https:\/\/www.radiopiu.net\/wordpress\/wp-json\/wp\/v2\/users\/4"}],"replies":[{"embeddable":true,"href":"https:\/\/www.radiopiu.net\/wordpress\/wp-json\/wp\/v2\/comments?post=279923"}],"version-history":[{"count":0,"href":"https:\/\/www.radiopiu.net\/wordpress\/wp-json\/wp\/v2\/posts\/279923\/revisions"}],"wp:featuredmedia":[{"embeddable":true,"href":"https:\/\/www.radiopiu.net\/wordpress\/wp-json\/wp\/v2\/media\/71034"}],"wp:attachment":[{"href":"https:\/\/www.radiopiu.net\/wordpress\/wp-json\/wp\/v2\/media?parent=279923"}],"wp:term":[{"taxonomy":"category","embeddable":true,"href":"https:\/\/www.radiopiu.net\/wordpress\/wp-json\/wp\/v2\/categories?post=279923"},{"taxonomy":"post_tag","embeddable":true,"href":"https:\/\/www.radiopiu.net\/wordpress\/wp-json\/wp\/v2\/tags?post=279923"}],"curies":[{"name":"wp","href":"https:\/\/api.w.org\/{rel}","templated":true}]}}