{"id":280077,"date":"2022-06-07T05:58:09","date_gmt":"2022-06-07T03:58:09","guid":{"rendered":"https:\/\/www.radiopiu.net\/wordpress\/?p=280077"},"modified":"2022-06-07T06:18:40","modified_gmt":"2022-06-07T04:18:40","slug":"ancora-nessuna-notizia-di-renzo-manca-da-ieri","status":"publish","type":"post","link":"https:\/\/www.radiopiu.net\/wordpress\/ancora-nessuna-notizia-di-renzo-manca-da-ieri\/","title":{"rendered":"ANCORA NESSUNA NOTIZIA DI RENZO, MANCA DA  DOMENICA"},"content":{"rendered":"<div class=\"dati1w0a hv4rvrfc osnr6wyh\">\n<div class=\"btwxx1t3 j83agx80 cwj9ozl2\">\n<div class=\"j83agx80 cbu4d94t ew0dbk1b irj2b8pg\">\n<div class=\"qzhwtbm6 knvmm38d\">\n<h4>l&#8217;appello<\/h4>\n<h4 class=\"gmql0nx0 l94mrbxd p1ri9a11 lzcic4wl aahdfvyu hzawbc8m\"><span class=\"nc684nl6\"><a class=\"oajrlxb2 g5ia77u1 qu0x051f esr5mh6w e9989ue4 r7d6kgcz rq0escxv nhd2j8a9 nc684nl6 p7hjln8o kvgmc6g5 cxmmr5t8 oygrvhab hcukyx3x jb3vyjys rz4wbd8a qt6c0cv9 a8nywdso i1ao9s8h esuyzwwr f1sip0of lzcic4wl gpro0wi8 oo9gr5id lrazzd5p\" tabindex=\"0\" role=\"link\" href=\"https:\/\/www.facebook.com\/CnsasVeneto\/?__cft__[0]=AZUEoeyHaWbP2ACB8UudpsN1-Qvku77zBmPnXWavadGyqloihu7dhSer515tHG4jgXQDp0nYWJLB5vOU-MdfY0gtfCQE_hbemVFnogK-UISwXoaYkErPLjUEOGlVTzoesWbhwZI0Jc9KagjDDAzu3TeG1O44XajO_Far5YAXZnwMB0oFcLCNXSZBJqEDgPSyqbXtBVs7FrXflr3X2Py_HRYU&amp;__tn__=-UC%2CP-y-R\"><strong>Soccorso Alpino e Speleologico Veneto &#8211; CNSAS<\/strong><\/a><\/span><\/h4>\n<\/div>\n<blockquote>\n<div class=\"qzhwtbm6 knvmm38d\" style=\"text-align: left;\"><img loading=\"lazy\" decoding=\"async\" class=\"alignleft\" src=\"https:\/\/www.radiopiu.net\/wordpress\/wp-content\/uploads\/2022\/06\/286208337_1872384539623804_6232043200059712620_n.jpg\" width=\"138\" height=\"145\" \/>&#8220;Stiamo cercando Renzo in Val di Zoldo, chiunque possa averlo visto \u00e8 pregato di contattare i Carabinieri.<\/div>\n<\/blockquote>\n<\/div>\n<\/div>\n<\/div>\n<div class=\"\" dir=\"auto\">\n<div class=\"\" dir=\"auto\">\n<div class=\"ecm0bbzt hv4rvrfc ihqw7lf3 dati1w0a\" data-ad-comet-preview=\"message\" data-ad-preview=\"message\">\n<div class=\"j83agx80 cbu4d94t ew0dbk1b irj2b8pg\">\n<div class=\"qzhwtbm6 knvmm38d\">\n<blockquote>\n<div class=\"cxmmr5t8 oygrvhab hcukyx3x c1et5uql o9v6fnle ii04i59q\" style=\"text-align: left;\">\n<div dir=\"auto\">Renzo, che ha 83 anni ed \u00e8 di Forno di Zoldo, \u00e8 uscito\u00a0 domenica dalla propria abitazione a Campo per una camminata senza pi\u00f9 fare ritorno. Potrebbe essersi diretto verso Casera Col Marsang e la Val di Doa o aver scelto un&#8217;altra meta, non lo sappiamo con certezza assoluta. Renzo \u00e8 alto 1 metri e 73 ed ha i capelli brizzolati e gli occhi castani. Non ne conosciamo l&#8217;abbigliamento al momento di lasciare la sua casa.<\/div>\n<\/div>\n<\/blockquote>\n<div class=\"cxmmr5t8 oygrvhab hcukyx3x c1et5uql o9v6fnle ii04i59q\">\n<blockquote>\n<div dir=\"auto\" style=\"text-align: left;\">Preghiamo chiunque lo avesse incontrato o visto, di contattare i Carabinieri&#8221;.<\/div>\n<\/blockquote>\n<\/div>\n<\/div>\n<\/div>\n<\/div>\n<div dir=\"auto\"><\/div>\n<\/div>\n<\/div>\n","protected":false},"excerpt":{"rendered":"<p>l&#8217;appello Soccorso Alpino e Speleologico Veneto &#8211; CNSAS &#8220;Stiamo cercando Renzo in Val di Zoldo, chiunque possa averlo visto \u00e8 pregato di contattare i Carabinieri. Renzo, che ha 83 anni ed \u00e8 di Forno di Zoldo, \u00e8 uscito\u00a0 domenica dalla propria abitazione a Campo per una camminata senza pi\u00f9 fare ritorno. Potrebbe essersi diretto verso&hellip;<\/p>\n","protected":false},"author":4,"featured_media":280078,"comment_status":"closed","ping_status":"closed","sticky":false,"template":"","format":"standard","meta":{"_monsterinsights_skip_tracking":false,"_monsterinsights_sitenote_active":false,"_monsterinsights_sitenote_note":"","_monsterinsights_sitenote_category":0,"footnotes":""},"categories":[51,49],"tags":[],"class_list":["post-280077","post","type-post","status-publish","format-standard","has-post-thumbnail","hentry","category-evidenza-top","category-news-18","category-51","category-49","description-off"],"img_url":"https:\/\/www.radiopiu.net\/wordpress\/wp-content\/uploads\/2022\/06\/286208337_1872384539623804_6232043200059712620_n.jpg","_links":{"self":[{"href":"https:\/\/www.radiopiu.net\/wordpress\/wp-json\/wp\/v2\/posts\/280077","targetHints":{"allow":["GET"]}}],"collection":[{"href":"https:\/\/www.radiopiu.net\/wordpress\/wp-json\/wp\/v2\/posts"}],"about":[{"href":"https:\/\/www.radiopiu.net\/wordpress\/wp-json\/wp\/v2\/types\/post"}],"author":[{"embeddable":true,"href":"https:\/\/www.radiopiu.net\/wordpress\/wp-json\/wp\/v2\/users\/4"}],"replies":[{"embeddable":true,"href":"https:\/\/www.radiopiu.net\/wordpress\/wp-json\/wp\/v2\/comments?post=280077"}],"version-history":[{"count":0,"href":"https:\/\/www.radiopiu.net\/wordpress\/wp-json\/wp\/v2\/posts\/280077\/revisions"}],"wp:featuredmedia":[{"embeddable":true,"href":"https:\/\/www.radiopiu.net\/wordpress\/wp-json\/wp\/v2\/media\/280078"}],"wp:attachment":[{"href":"https:\/\/www.radiopiu.net\/wordpress\/wp-json\/wp\/v2\/media?parent=280077"}],"wp:term":[{"taxonomy":"category","embeddable":true,"href":"https:\/\/www.radiopiu.net\/wordpress\/wp-json\/wp\/v2\/categories?post=280077"},{"taxonomy":"post_tag","embeddable":true,"href":"https:\/\/www.radiopiu.net\/wordpress\/wp-json\/wp\/v2\/tags?post=280077"}],"curies":[{"name":"wp","href":"https:\/\/api.w.org\/{rel}","templated":true}]}}