{"id":280118,"date":"2022-06-07T05:50:29","date_gmt":"2022-06-07T03:50:29","guid":{"rendered":"https:\/\/www.radiopiu.net\/wordpress\/?p=280118"},"modified":"2022-06-07T06:20:35","modified_gmt":"2022-06-07T04:20:35","slug":"la-frana-di-dagarei-in-movimento-la-colorazione-dellacqua-avvalora-lipotesi","status":"publish","type":"post","link":"https:\/\/www.radiopiu.net\/wordpress\/la-frana-di-dagarei-in-movimento-la-colorazione-dellacqua-avvalora-lipotesi\/","title":{"rendered":"LA FRANA DI DAGAREI IN MOVIMENTO? LA COLORAZIONE DELL&#8217;ACQUA AVVALORA L&#8217;IPOTESI"},"content":{"rendered":"<blockquote><p>&nbsp;<\/p>\n<p><em> La frana di Dagarei, ha il piede nell&#8217;omonima valle a circa 1400 mslm. La valle continua in alto oltre il piede della frana e nel 2018, con Vaia si \u00e8 creato un nuovo movimento franoso in alto che poi \u00e8 sceso ed ha destabilizzato tutta la valle di Dagarei sottostante, compreso il piede della frana<\/em><\/p><\/blockquote>\n<p><strong><a class=\"dt-pswp-item\" href=\"https:\/\/www.radiopiu.net\/wordpress\/wp-content\/uploads\/2022\/06\/7426dec5-9989-445a-a7ce-c25801f54b7f.jpg\" data-dt-img-description=\"\" data-large_image_width=\"1200\" data-large_image_height=\"1600\"><img loading=\"lazy\" decoding=\"async\" class=\"alignnone wp-image-280119 size-full\" src=\"https:\/\/www.radiopiu.net\/wordpress\/wp-content\/uploads\/2022\/06\/7426dec5-9989-445a-a7ce-c25801f54b7f.jpg\" alt=\"\" width=\"1200\" height=\"1600\" srcset=\"https:\/\/www.radiopiu.net\/wordpress\/wp-content\/uploads\/2022\/06\/7426dec5-9989-445a-a7ce-c25801f54b7f.jpg 1200w, https:\/\/www.radiopiu.net\/wordpress\/wp-content\/uploads\/2022\/06\/7426dec5-9989-445a-a7ce-c25801f54b7f-225x300.jpg 225w, https:\/\/www.radiopiu.net\/wordpress\/wp-content\/uploads\/2022\/06\/7426dec5-9989-445a-a7ce-c25801f54b7f-768x1024.jpg 768w, https:\/\/www.radiopiu.net\/wordpress\/wp-content\/uploads\/2022\/06\/7426dec5-9989-445a-a7ce-c25801f54b7f-1152x1536.jpg 1152w\" sizes=\"auto, (max-width: 1200px) 100vw, 1200px\" \/><\/a>LA VALLE<\/strong> Il torrente Missiaga che scende dalla val di Dagarei in seguito agli ultimi eventi meteorologici ha assunto una colorazione color caff\u00e8 latte che porta a pensare anche ad una possibile frana in movimento. Di sicuro non \u00e8 sporca per i lavori in corso, in quanto a fondovalle di Dagarei, ai Castelet, non c&#8217;\u00e8 argilla rossa che al contrario la si nota solo\u00a0 in mezzo alla frana di Dagarei. Nella galleria fotogratica il\u00a0 cantiere di difesa idrogeologica nella zona di esondazione. Immagini riprese appena prima del fortunale di ieri sera, 05 giugno 2022.<\/p>\n\n\t\t\t<style type='text\/css'>\n\t\t\t\t#gallery-1 {\n\t\t\t\t\tmargin: auto;\n\t\t\t\t}\n\t\t\t\t#gallery-1 .gallery-item {\n\t\t\t\t\tfloat: left;\n\t\t\t\t\tmargin-top: 10px;\n\t\t\t\t\ttext-align: center;\n\t\t\t\t\twidth: 33%;\n\t\t\t\t}\n\t\t\t\t#gallery-1 img {\n\t\t\t\t\tborder: 2px solid #cfcfcf;\n\t\t\t\t}\n\t\t\t\t#gallery-1 .gallery-caption {\n\t\t\t\t\tmargin-left: 0;\n\t\t\t\t}\n\t\t\t\t\/* see gallery_shortcode() in wp-includes\/media.php *\/\n\t\t\t<\/style>\n\t\t<div id='gallery-1' class='dt-gallery-container gallery galleryid-280118 gallery-columns-3 gallery-size-thumbnail'><dl class='gallery-item'>\n\t\t\t\t<dt class='gallery-icon portrait'>\n\t\t\t\t\t<a class=\"rollover rollover-zoom dt-pswp-item\" title=\"a285df73-56d5-45a7-8c61-36ec4ed69002\" data-dt-img-description=\"\" data-large_image_width=\"1536\" data-large_image_height=\"2048\"href='https:\/\/www.radiopiu.net\/wordpress\/wp-content\/uploads\/2022\/06\/a285df73-56d5-45a7-8c61-36ec4ed69002.jpg'><img loading=\"lazy\" decoding=\"async\" width=\"150\" height=\"150\" src=\"https:\/\/www.radiopiu.net\/wordpress\/wp-content\/uploads\/2022\/06\/a285df73-56d5-45a7-8c61-36ec4ed69002-150x150.jpg\" class=\"attachment-thumbnail size-thumbnail\" alt=\"\" \/><\/a>\n\t\t\t\t<\/dt><\/dl><dl class='gallery-item'>\n\t\t\t\t<dt class='gallery-icon landscape'>\n\t\t\t\t\t<a class=\"rollover rollover-zoom dt-pswp-item\" title=\"08e7872f-34c6-4a11-84a2-aa00ab694fa1\" data-dt-img-description=\"\" data-large_image_width=\"1600\" data-large_image_height=\"1200\"href='https:\/\/www.radiopiu.net\/wordpress\/wp-content\/uploads\/2022\/06\/08e7872f-34c6-4a11-84a2-aa00ab694fa1.jpg'><img loading=\"lazy\" decoding=\"async\" width=\"150\" height=\"150\" src=\"https:\/\/www.radiopiu.net\/wordpress\/wp-content\/uploads\/2022\/06\/08e7872f-34c6-4a11-84a2-aa00ab694fa1-150x150.jpg\" class=\"attachment-thumbnail size-thumbnail\" alt=\"\" \/><\/a>\n\t\t\t\t<\/dt><\/dl><dl class='gallery-item'>\n\t\t\t\t<dt class='gallery-icon landscape'>\n\t\t\t\t\t<a class=\"rollover rollover-zoom dt-pswp-item\" title=\"5be9e108-dbfa-4457-aaa1-371fb25873b5\" data-dt-img-description=\"\" data-large_image_width=\"1600\" data-large_image_height=\"1200\"href='https:\/\/www.radiopiu.net\/wordpress\/wp-content\/uploads\/2022\/06\/5be9e108-dbfa-4457-aaa1-371fb25873b5.jpg'><img loading=\"lazy\" decoding=\"async\" width=\"150\" height=\"150\" src=\"https:\/\/www.radiopiu.net\/wordpress\/wp-content\/uploads\/2022\/06\/5be9e108-dbfa-4457-aaa1-371fb25873b5-150x150.jpg\" class=\"attachment-thumbnail size-thumbnail\" alt=\"\" \/><\/a>\n\t\t\t\t<\/dt><\/dl><br style=\"clear: both\" \/><dl class='gallery-item'>\n\t\t\t\t<dt class='gallery-icon landscape'>\n\t\t\t\t\t<a class=\"rollover rollover-zoom dt-pswp-item\" title=\"8fa2055d-b397-46bf-bf0d-82769359ab77\" data-dt-img-description=\"\" data-large_image_width=\"1600\" data-large_image_height=\"1200\"href='https:\/\/www.radiopiu.net\/wordpress\/wp-content\/uploads\/2022\/06\/8fa2055d-b397-46bf-bf0d-82769359ab77.jpg'><img loading=\"lazy\" decoding=\"async\" width=\"150\" height=\"150\" src=\"https:\/\/www.radiopiu.net\/wordpress\/wp-content\/uploads\/2022\/06\/8fa2055d-b397-46bf-bf0d-82769359ab77-150x150.jpg\" class=\"attachment-thumbnail size-thumbnail\" alt=\"\" \/><\/a>\n\t\t\t\t<\/dt><\/dl><dl class='gallery-item'>\n\t\t\t\t<dt class='gallery-icon landscape'>\n\t\t\t\t\t<a class=\"rollover rollover-zoom dt-pswp-item\" title=\"54564b0e-9a75-4e0d-9636-01f2801f7716\" data-dt-img-description=\"\" data-large_image_width=\"1600\" data-large_image_height=\"1200\"href='https:\/\/www.radiopiu.net\/wordpress\/wp-content\/uploads\/2022\/06\/54564b0e-9a75-4e0d-9636-01f2801f7716.jpg'><img loading=\"lazy\" decoding=\"async\" width=\"150\" height=\"150\" src=\"https:\/\/www.radiopiu.net\/wordpress\/wp-content\/uploads\/2022\/06\/54564b0e-9a75-4e0d-9636-01f2801f7716-150x150.jpg\" class=\"attachment-thumbnail size-thumbnail\" alt=\"\" \/><\/a>\n\t\t\t\t<\/dt><\/dl>\n\t\t\t\t<br style='clear: both' \/>\n\t\t\t<\/div>\n\n<p>&nbsp;<\/p>\n<p>&nbsp;<\/p>\n<p><strong>ARCHIVIO RADIO PIU 3 GIUGNO 2021<\/strong><\/p>\n<blockquote>\n<h3>ALTA VAL DAGAREI, QUELLO CHE RIMANE DOPO LA TEMPESTA VAIA<\/h3>\n<\/blockquote>\n<p><strong><a href=\"https:\/\/www.radiopiu.net\/wordpress\/alta-val-dagarei-quello-che-rimane-dopo-la-tempesta-vaia\/24651715-3293-4a9b-81e3-ff2c8abea71c\/\" rel=\"attachment wp-att-213571\"><img loading=\"lazy\" decoding=\"async\" class=\"size-medium wp-image-213571 alignleft\" src=\"https:\/\/www.radiopiu.net\/wordpress\/wp-content\/uploads\/2021\/06\/24651715-3293-4a9b-81e3-ff2c8abea71c-300x256.jpg\" alt=\"\" width=\"300\" height=\"256\" srcset=\"https:\/\/www.radiopiu.net\/wordpress\/wp-content\/uploads\/2021\/06\/24651715-3293-4a9b-81e3-ff2c8abea71c-300x256.jpg 300w, https:\/\/www.radiopiu.net\/wordpress\/wp-content\/uploads\/2021\/06\/24651715-3293-4a9b-81e3-ff2c8abea71c-1024x875.jpg 1024w, https:\/\/www.radiopiu.net\/wordpress\/wp-content\/uploads\/2021\/06\/24651715-3293-4a9b-81e3-ff2c8abea71c-768x656.jpg 768w, https:\/\/www.radiopiu.net\/wordpress\/wp-content\/uploads\/2021\/06\/24651715-3293-4a9b-81e3-ff2c8abea71c.jpg 1442w\" sizes=\"auto, (max-width: 300px) 100vw, 300px\" \/><\/a>di Tiziano De Col<\/strong><\/p>\n<p><strong>LA VALLE <\/strong>Siamo in alta Val Dagarei, sotto la Forcella Dagarei. Prima di &#8220;Vaia&#8221; c&#8217;erano boschi, baite e prati, questo il risultato dopo il passaggio della tempesta nel 2018.<\/p>\n<p>La Val Dagarei ha la sua testata nella zona di Forcella Dagarei. Nel tratto dell&#8217; Alta via n 1 che da Pian di Calleda (sulla SP347 del Cereda e Duran) porta a Malga Moschesin e Malga Pramperet. E&#8217; sulle pendici del Col Menadar che danno verso il torrente Missiaga e non c&#8217;entra con la pi\u00f9 nota e classificata Frana di Dagarei. Questo \u00e8 un nuovo dissesto posto pi\u00f9 in alto della citata frana e che va a impattare anche sulla stabilit\u00e0 della Frana di Dagarei sottostante e su tutta la valle di Dagarei e dell&#8217;Alghera sottostante fino al torrente Missiaga, dove , alla confluenza, si trova l&#8217;opera di presa della centralina del Missiga e dove gli eventi di Vaia avevano provocato una esondazione con trasporto di massi ciclopici provenienti dalla media Valle di Dagarei, da una zona sottostante alle due frane citate. L&#8217;esondazione aveva anche interessato la SP 347 del Duran , al km 37,200 circa, intasando la carreggiata e travolgendo alcune baite poco pi\u00f9 a monte.<\/p>\n<p>&nbsp;<\/p>\n<p>___<\/p>\n","protected":false},"excerpt":{"rendered":"<p>&nbsp; La frana di Dagarei, ha il piede nell&#8217;omonima valle a circa 1400 mslm. La valle continua in alto oltre il piede della frana e nel 2018, con Vaia si \u00e8 creato un nuovo movimento franoso in alto che poi \u00e8 sceso ed ha destabilizzato tutta la valle di Dagarei sottostante, compreso il piede della&hellip;<\/p>\n","protected":false},"author":4,"featured_media":280126,"comment_status":"closed","ping_status":"closed","sticky":false,"template":"","format":"standard","meta":{"_monsterinsights_skip_tracking":false,"_monsterinsights_sitenote_active":false,"_monsterinsights_sitenote_note":"","_monsterinsights_sitenote_category":0,"footnotes":""},"categories":[51,49],"tags":[],"class_list":["post-280118","post","type-post","status-publish","format-standard","has-post-thumbnail","hentry","category-evidenza-top","category-news-18","category-51","category-49","description-off"],"img_url":"https:\/\/www.radiopiu.net\/wordpress\/wp-content\/uploads\/2022\/06\/daaa.jpg","_links":{"self":[{"href":"https:\/\/www.radiopiu.net\/wordpress\/wp-json\/wp\/v2\/posts\/280118","targetHints":{"allow":["GET"]}}],"collection":[{"href":"https:\/\/www.radiopiu.net\/wordpress\/wp-json\/wp\/v2\/posts"}],"about":[{"href":"https:\/\/www.radiopiu.net\/wordpress\/wp-json\/wp\/v2\/types\/post"}],"author":[{"embeddable":true,"href":"https:\/\/www.radiopiu.net\/wordpress\/wp-json\/wp\/v2\/users\/4"}],"replies":[{"embeddable":true,"href":"https:\/\/www.radiopiu.net\/wordpress\/wp-json\/wp\/v2\/comments?post=280118"}],"version-history":[{"count":0,"href":"https:\/\/www.radiopiu.net\/wordpress\/wp-json\/wp\/v2\/posts\/280118\/revisions"}],"wp:featuredmedia":[{"embeddable":true,"href":"https:\/\/www.radiopiu.net\/wordpress\/wp-json\/wp\/v2\/media\/280126"}],"wp:attachment":[{"href":"https:\/\/www.radiopiu.net\/wordpress\/wp-json\/wp\/v2\/media?parent=280118"}],"wp:term":[{"taxonomy":"category","embeddable":true,"href":"https:\/\/www.radiopiu.net\/wordpress\/wp-json\/wp\/v2\/categories?post=280118"},{"taxonomy":"post_tag","embeddable":true,"href":"https:\/\/www.radiopiu.net\/wordpress\/wp-json\/wp\/v2\/tags?post=280118"}],"curies":[{"name":"wp","href":"https:\/\/api.w.org\/{rel}","templated":true}]}}