{"id":280225,"date":"2022-06-07T23:59:43","date_gmt":"2022-06-07T21:59:43","guid":{"rendered":"https:\/\/www.radiopiu.net\/wordpress\/?p=280225"},"modified":"2022-06-07T16:00:05","modified_gmt":"2022-06-07T14:00:05","slug":"targa-ricordo-per-mirco-minella-progettista-del-centro-di-spiritualita-papa-luciani-voluto-dal-vescovo-ducoli","status":"publish","type":"post","link":"https:\/\/www.radiopiu.net\/wordpress\/targa-ricordo-per-mirco-minella-progettista-del-centro-di-spiritualita-papa-luciani-voluto-dal-vescovo-ducoli\/","title":{"rendered":"TARGA-RICORDO PER MIRCO MINELLA PROGETTISTA DEL CENTRO DI SPIRITUALIT\u00c0 &#8220;PAPA LUCIANI&#8221; (VOLUTO DAL VESCOVO DUCOLI)"},"content":{"rendered":"<p><strong>di RENATO BONA<\/strong><\/p>\n<p>Il sito del centro di spiritualit\u00e0 &#8220;Papa Luciani&#8221; di Col Cumano di Santa Giustina in provincia di Belluno riporta la prima pagina del periodico &#8220;Humilitas&#8221; con la notizia che il prossimo 4 settembre Albino Luciani il &#8220;Papa bellunese del sorriso&#8221; sar\u00e0 ufficialmente proclamato Beato da Papa Francesco. Nell&#8217;occasione ricorda che Col Cumano approda al traguardo dei quarant&#8217;anni dalla fondazione. Il sito chiesabellunofeltre a sua voltga da conto proprio di questo evento annunciando che marted\u00ec 14 giugno, a partire dalle 18,30, nella commemorazione dell&#8217;evento ci sar\u00e0 anche il suffragio per l&#8217;ingegner Mirco Giuseppe Minella, progettista del restauro del complesso sangiustinese, mancato il 3 aprile di due anni fa, all\u2019et\u00e0 di 69 anni, mentre era ricoverato nel reparto di pneumologia dell\u2019ospedale di Feltre; titolare dell\u2019omonimo studio a Santa Giustina, Minella &#8211; del quale chi stende queste note si onora di essere stato amico &#8211; era uno tra i pi\u00f9 apprezzati professionisti sulla piazza, molto richiesto per stendere progetti di importanti opere pubbliche e private) e spiega: eravamo durante il primo lockdown e non fu possibile rendergli il meritato tributo per la passione e la generosit\u00e0 con cui segu\u00ec il restauro della villa e delle pertinenze. Lo ricorda don Giacomo Mazzorana, che fu il primo direttore del Centro: &#8220;Con professionalit\u00e0 e generosit\u00e0 espressa in tanti modi ha seguito i lavori di ristrutturazione del Centro fin dai suoi inizi&#8221;. Appuntamento dunque al Centro Papa Luciani per marted\u00ec 14 per la concelebrazione eucaristica che sar\u00e0 presieduta dal vescovo monsignor Renato Marangoni; di seguito verr\u00e0 scoperta una targa a ricordo del defunto ingegnere, collocata a fianco di quella che ricorda mons. Maffeo Ducoli, lo scomparso vescovo di Belluno-Feltre: ognuno per la sua parte, furono di fatto i due fondatori del Centro Papa Luciani che il 14 giugno 1982 &#8220;accoglieva i suoi primi ospiti: mentre quasi tutta l\u2019Italia era gi\u00e0 immersa nell\u2019avventura dei Mondiali di calcio di Spagna, un gruppo di ragazzini saliva a Col Cumano per il primo campeggio ospitato dal nuovo Istituto, che mons. Maffeo Ducoli aveva strenuamente voluto sul colle sopra Santa Giustina&#8221;. Ecco in sintesi un po&#8217; di storia di Col Cumano tratta dal sito papaluciani.it. I Cumano \u2013 nobili o meno che fossero \u2013 costruirono la loro villa in un lembo di paradiso, su un colle a met\u00e0 strada tra Belluno e Feltre: cos\u00ec diedero il loro nome al colle, da dove si domina la Valbelluna: ldai monti dell\u2019Alpago al massiccio del Grappa; ai primi contrafforti delle Dolomiti; alle prealpi venete, senza trascurare i ridenti borghi di l\u00e0 del Piave: &#8220;l\u00e0 dove i raggi del tramonto sembrano passare l\u2019evidenziatore sui bastioni del Castello di Zumelle, l\u2019unico lasciato in piedi dalla Serenissima, quando all\u2019inizio del Quattrocento assoggett\u00f2 a s\u00e9 il territorio bellunese&#8221;. Negli anni Settanta ci\u00f2 che restava della villa, delle colonie e della corte venne in possesso dell\u2019allora parroco di Santa Giustina, che progettava di farne una casa di riposo. Il progetto non decoll\u00f2, finch\u00e9 il vescovo Ducoli, volle farne un Centro di spiritualit\u00e0, dedicato a Papa Luciani: &#8220;non un monumento, ma un luogo di formazione, di catechesi, di spiritualit\u00e0, assecondando cos\u00ec l\u2019indole di Luciani, che aveva scelto come progetto di vita l\u2019umilt\u00e0 e che papa Benedetto XVI defin\u00ec \u201cimpareggiabile catechista\u201d. I lavori di ristrutturazione degli immobili iniziarono nel 1979: con attenzione \u201cfilologica\u201d, l\u2019ing. Mirco Giuseppe Minella volle rispettare tutte le caratteristiche linee architettoniche dei fabbricati rurali, salvando anche i due pozzi che al tempo assicuravano l\u2019autonomia idrica del complesso. Nel fienile si ricav\u00f2 una capiente sala per conferenze, la fucina del maniscalco divenne la sala da pranzo, e via dicendo: camere, sale per conferenze, una cappella per la comunit\u00e0 del centro e un\u2019ala per i preti e le religiose. La stalla divenne\u2026 la chiesa: e nessuno inorridisca, visto che nostro Signore venne alla luce in un identico alloggio. Al 14 giugno 1982 il cronista annota la prima attivit\u00e0 del Centro. Il 22 settembre 1984 l\u2019opera venne ufficialmente inaugurata alla presenza del card. Marco C\u00e9, patriarca di Venezia e metropolita. Poi il Centro venne ampliato fino al 1988, quando il 16 luglio venne visitato da papa Giovanni Paolo II, che nel capiente teatro all\u2019aperto incontr\u00f2 un migliaio di giovani bellunesi e sulla verde spianata una folla di quindicimila fedeli. Oggi tutto il colle dei Cumano \u00e8 propriet\u00e0 del Centro Papa Luciani: un\u2019oasi di verde e tranquillit\u00e0 per chi vuole stare in silenzio, &#8220;sapendo che l\u2019aiuto viene dal Signore che ha fatto cielo e la terra&#8221;. Concludiamo con un ricordo di Minella postato sul sito ilveses.com da Tiziano Dal Pont: &#8220;Hai disegnato progetti fino all\u2019ultimo, fino a quando la tua mano ha smesso di scrivere, il tuo braccio si \u00e8 stancato di utilizzare quel mouse che pi\u00f9 non rispondeva al disegno immaginato dai tuoi grandi occhi. Te ne sei andato in silenzio, in un momento difficile, che ci ha permesso di salutarti solo con il cuore. Ora ti mancano gli amici della giovinezza, vissuta tra gli algoritmi e il pallone, due passioni che non ti hanno abbandonato nelle indimenticabili domeniche di studio e di sport. Non si scordano del tuo carisma famigliari, compagni di ingegneria, in cui ti sei laureato, committenti, colleghi. Praticavi l\u2019urbanistica in modo esperto, funzionale; eri in grado di ricondurre ad unit\u00e0 situazioni complesse, scegliendo soluzioni pratiche, meno invasive e costose, con indicazioni personali non prive di elementi estetici. In Friuli, nella ricostruzione post-terremoto, hai imparato a rispettare le leggi della natura, l\u2019alveo dei torrenti, i movimenti delle colline. Era bello passeggiare con te a Padova e Venezia e sentire illustri professori che ti salutavano, chiamandoti per nome. Poi hai creato un tuo studio e avviato diverse collaborazioni, una anche con la rivista &#8216;Il Veses&#8221;, per la quale hai curato degli articoli di urbanistica e partecipato a due Forum promuovendo un concorso di idee per la rinascita del centro del tuo paese. Eri noto per la tua giovialit\u00e0; fondamentalmente un buono, non sempre riconosciuto nei tuoi valori. Ricordo come ti piacesse, dalla terrazza che d\u00e0 sul ponte della statale, guardare verso il Pizzocco e immaginare per un momento realizzato il tuo progetto di Auditorium a chiudere, quasi come uno scenario, la incompleta piazza centrale. Sullo sfondo in alto a sinistra facevano capolino i tetti di Col Cumano, il tuo piccolo capolavoro urbano. Hai trovato la formula per rivitalizzare la storica Galleria Romita a Feltre e lass\u00f9 sul Miesna per il Santuario di San Vittore hai pensato al consolidamento statico della rocca. Hai immaginato ponti, passerelle, asili, puntando alla rivitalizzazione dei centri urbani, non ultimo quello di Agordo. Hai lasciato un ricordo anche sulla collina di Valle Dourada nella citt\u00e0 di Erechim in Brasile, dove, hai presentato un elegante esempio di urbanizzazione. Ti piaceva farmi osservare, nelle ultime passeggiate dietro Ignan, la sequenza delle cime che dal Pizzocco degradano verso est ad incontrare i Monti del Sole ed elogiavi la bellezza della nostra valle. Credo che a tuo modo, tu abbia contribuito a renderla migliore. Grazie a nome della comunit\u00e0.<\/p>\n\n\t\t\t<style type='text\/css'>\n\t\t\t\t#gallery-1 {\n\t\t\t\t\tmargin: auto;\n\t\t\t\t}\n\t\t\t\t#gallery-1 .gallery-item {\n\t\t\t\t\tfloat: left;\n\t\t\t\t\tmargin-top: 10px;\n\t\t\t\t\ttext-align: center;\n\t\t\t\t\twidth: 14%;\n\t\t\t\t}\n\t\t\t\t#gallery-1 img {\n\t\t\t\t\tborder: 2px solid #cfcfcf;\n\t\t\t\t}\n\t\t\t\t#gallery-1 .gallery-caption {\n\t\t\t\t\tmargin-left: 0;\n\t\t\t\t}\n\t\t\t\t\/* see gallery_shortcode() in wp-includes\/media.php *\/\n\t\t\t<\/style>\n\t\t<div id='gallery-1' class='dt-gallery-container gallery galleryid-280225 gallery-columns-7 gallery-size-thumbnail'><dl class='gallery-item'>\n\t\t\t\t<dt class='gallery-icon landscape'>\n\t\t\t\t\t<a class=\"rollover rollover-zoom dt-pswp-item\" title=\"286027830_800917860872255_6810120968572852122_n\" data-dt-img-description=\"\" data-large_image_width=\"314\" data-large_image_height=\"172\"href='https:\/\/www.radiopiu.net\/wordpress\/wp-content\/uploads\/2022\/06\/286027830_800917860872255_6810120968572852122_n.jpg'><img loading=\"lazy\" decoding=\"async\" width=\"150\" height=\"150\" src=\"https:\/\/www.radiopiu.net\/wordpress\/wp-content\/uploads\/2022\/06\/286027830_800917860872255_6810120968572852122_n-150x150.jpg\" class=\"attachment-thumbnail size-thumbnail\" alt=\"\" \/><\/a>\n\t\t\t\t<\/dt><\/dl><dl class='gallery-item'>\n\t\t\t\t<dt class='gallery-icon landscape'>\n\t\t\t\t\t<a class=\"rollover rollover-zoom dt-pswp-item\" title=\"285362907_1233812354092321_2461539387155034944_n\" data-dt-img-description=\"\" data-large_image_width=\"216\" data-large_image_height=\"206\"href='https:\/\/www.radiopiu.net\/wordpress\/wp-content\/uploads\/2022\/06\/285362907_1233812354092321_2461539387155034944_n.jpg'><img loading=\"lazy\" decoding=\"async\" width=\"150\" height=\"150\" src=\"https:\/\/www.radiopiu.net\/wordpress\/wp-content\/uploads\/2022\/06\/285362907_1233812354092321_2461539387155034944_n-150x150.jpg\" class=\"attachment-thumbnail size-thumbnail\" alt=\"\" \/><\/a>\n\t\t\t\t<\/dt><\/dl><dl class='gallery-item'>\n\t\t\t\t<dt class='gallery-icon landscape'>\n\t\t\t\t\t<a class=\"rollover rollover-zoom dt-pswp-item\" title=\"285448369_1190468165217653_2476706233056100357_n\" data-dt-img-description=\"\" data-large_image_width=\"150\" data-large_image_height=\"150\"href='https:\/\/www.radiopiu.net\/wordpress\/wp-content\/uploads\/2022\/06\/285448369_1190468165217653_2476706233056100357_n.jpg'><img loading=\"lazy\" decoding=\"async\" width=\"150\" height=\"150\" src=\"https:\/\/www.radiopiu.net\/wordpress\/wp-content\/uploads\/2022\/06\/285448369_1190468165217653_2476706233056100357_n.jpg\" class=\"attachment-thumbnail size-thumbnail\" alt=\"\" \/><\/a>\n\t\t\t\t<\/dt><\/dl><dl class='gallery-item'>\n\t\t\t\t<dt class='gallery-icon landscape'>\n\t\t\t\t\t<a class=\"rollover rollover-zoom dt-pswp-item\" title=\"286101955_739452324040471_448805042473787120_n\" data-dt-img-description=\"\" data-large_image_width=\"238\" data-large_image_height=\"168\"href='https:\/\/www.radiopiu.net\/wordpress\/wp-content\/uploads\/2022\/06\/286101955_739452324040471_448805042473787120_n.jpg'><img loading=\"lazy\" decoding=\"async\" width=\"150\" height=\"150\" src=\"https:\/\/www.radiopiu.net\/wordpress\/wp-content\/uploads\/2022\/06\/286101955_739452324040471_448805042473787120_n-150x150.jpg\" class=\"attachment-thumbnail size-thumbnail\" alt=\"\" \/><\/a>\n\t\t\t\t<\/dt><\/dl><dl class='gallery-item'>\n\t\t\t\t<dt class='gallery-icon portrait'>\n\t\t\t\t\t<a class=\"rollover rollover-zoom dt-pswp-item\" title=\"285669924_351344630406638_1327574008662160735_n\" data-dt-img-description=\"\" data-large_image_width=\"159\" data-large_image_height=\"206\"href='https:\/\/www.radiopiu.net\/wordpress\/wp-content\/uploads\/2022\/06\/285669924_351344630406638_1327574008662160735_n.jpg'><img loading=\"lazy\" decoding=\"async\" width=\"150\" height=\"150\" src=\"https:\/\/www.radiopiu.net\/wordpress\/wp-content\/uploads\/2022\/06\/285669924_351344630406638_1327574008662160735_n-150x150.jpg\" class=\"attachment-thumbnail size-thumbnail\" alt=\"\" \/><\/a>\n\t\t\t\t<\/dt><\/dl><dl class='gallery-item'>\n\t\t\t\t<dt class='gallery-icon landscape'>\n\t\t\t\t\t<a class=\"rollover rollover-zoom dt-pswp-item\" title=\"285572975_509005727574176_7276064615445727152_n\" data-dt-img-description=\"\" data-large_image_width=\"343\" data-large_image_height=\"206\"href='https:\/\/www.radiopiu.net\/wordpress\/wp-content\/uploads\/2022\/06\/285572975_509005727574176_7276064615445727152_n.jpg'><img loading=\"lazy\" decoding=\"async\" width=\"150\" height=\"150\" src=\"https:\/\/www.radiopiu.net\/wordpress\/wp-content\/uploads\/2022\/06\/285572975_509005727574176_7276064615445727152_n-150x150.jpg\" class=\"attachment-thumbnail size-thumbnail\" alt=\"\" \/><\/a>\n\t\t\t\t<\/dt><\/dl><dl class='gallery-item'>\n\t\t\t\t<dt class='gallery-icon landscape'>\n\t\t\t\t\t<a class=\"rollover rollover-zoom dt-pswp-item\" title=\"285459320_1467275550410049_6589152883706003800_n\" data-dt-img-description=\"\" data-large_image_width=\"181\" data-large_image_height=\"163\"href='https:\/\/www.radiopiu.net\/wordpress\/wp-content\/uploads\/2022\/06\/285459320_1467275550410049_6589152883706003800_n.jpg'><img loading=\"lazy\" decoding=\"async\" width=\"150\" height=\"150\" src=\"https:\/\/www.radiopiu.net\/wordpress\/wp-content\/uploads\/2022\/06\/285459320_1467275550410049_6589152883706003800_n-150x150.jpg\" class=\"attachment-thumbnail size-thumbnail\" alt=\"\" \/><\/a>\n\t\t\t\t<\/dt><\/dl><br style=\"clear: both\" \/><dl class='gallery-item'>\n\t\t\t\t<dt class='gallery-icon landscape'>\n\t\t\t\t\t<a class=\"rollover rollover-zoom dt-pswp-item\" title=\"286125778_497191165540862_2243600295655635758_n\" data-dt-img-description=\"\" data-large_image_width=\"526\" data-large_image_height=\"204\"href='https:\/\/www.radiopiu.net\/wordpress\/wp-content\/uploads\/2022\/06\/286125778_497191165540862_2243600295655635758_n.jpg'><img loading=\"lazy\" decoding=\"async\" width=\"150\" height=\"150\" src=\"https:\/\/www.radiopiu.net\/wordpress\/wp-content\/uploads\/2022\/06\/286125778_497191165540862_2243600295655635758_n-150x150.jpg\" class=\"attachment-thumbnail size-thumbnail\" alt=\"\" \/><\/a>\n\t\t\t\t<\/dt><\/dl><dl class='gallery-item'>\n\t\t\t\t<dt class='gallery-icon landscape'>\n\t\t\t\t\t<a class=\"rollover rollover-zoom dt-pswp-item\" title=\"286391808_1006745933366225_2123128949617027758_n\" data-dt-img-description=\"\" data-large_image_width=\"150\" data-large_image_height=\"150\"href='https:\/\/www.radiopiu.net\/wordpress\/wp-content\/uploads\/2022\/06\/286391808_1006745933366225_2123128949617027758_n.jpg'><img loading=\"lazy\" decoding=\"async\" width=\"150\" height=\"150\" src=\"https:\/\/www.radiopiu.net\/wordpress\/wp-content\/uploads\/2022\/06\/286391808_1006745933366225_2123128949617027758_n.jpg\" class=\"attachment-thumbnail size-thumbnail\" alt=\"\" \/><\/a>\n\t\t\t\t<\/dt><\/dl><dl class='gallery-item'>\n\t\t\t\t<dt class='gallery-icon landscape'>\n\t\t\t\t\t<a class=\"rollover rollover-zoom dt-pswp-item\" title=\"285931163_759519951874566_2685350495130149978_n\" data-dt-img-description=\"\" data-large_image_width=\"150\" data-large_image_height=\"150\"href='https:\/\/www.radiopiu.net\/wordpress\/wp-content\/uploads\/2022\/06\/285931163_759519951874566_2685350495130149978_n.jpg'><img loading=\"lazy\" decoding=\"async\" width=\"150\" height=\"150\" src=\"https:\/\/www.radiopiu.net\/wordpress\/wp-content\/uploads\/2022\/06\/285931163_759519951874566_2685350495130149978_n.jpg\" class=\"attachment-thumbnail size-thumbnail\" alt=\"\" \/><\/a>\n\t\t\t\t<\/dt><\/dl><dl class='gallery-item'>\n\t\t\t\t<dt class='gallery-icon landscape'>\n\t\t\t\t\t<a class=\"rollover rollover-zoom dt-pswp-item\" title=\"285871785_376372571139282_2034137624580509495_n\" data-dt-img-description=\"\" data-large_image_width=\"150\" data-large_image_height=\"150\"href='https:\/\/www.radiopiu.net\/wordpress\/wp-content\/uploads\/2022\/06\/285871785_376372571139282_2034137624580509495_n.jpg'><img loading=\"lazy\" decoding=\"async\" width=\"150\" height=\"150\" src=\"https:\/\/www.radiopiu.net\/wordpress\/wp-content\/uploads\/2022\/06\/285871785_376372571139282_2034137624580509495_n.jpg\" class=\"attachment-thumbnail size-thumbnail\" alt=\"\" \/><\/a>\n\t\t\t\t<\/dt><\/dl><dl class='gallery-item'>\n\t\t\t\t<dt class='gallery-icon landscape'>\n\t\t\t\t\t<a class=\"rollover rollover-zoom dt-pswp-item\" title=\"286004437_359025532988600_6155424201016738786_n\" data-dt-img-description=\"\" data-large_image_width=\"150\" data-large_image_height=\"150\"href='https:\/\/www.radiopiu.net\/wordpress\/wp-content\/uploads\/2022\/06\/286004437_359025532988600_6155424201016738786_n.jpg'><img loading=\"lazy\" decoding=\"async\" width=\"150\" height=\"150\" src=\"https:\/\/www.radiopiu.net\/wordpress\/wp-content\/uploads\/2022\/06\/286004437_359025532988600_6155424201016738786_n.jpg\" class=\"attachment-thumbnail size-thumbnail\" alt=\"\" \/><\/a>\n\t\t\t\t<\/dt><\/dl><dl class='gallery-item'>\n\t\t\t\t<dt class='gallery-icon landscape'>\n\t\t\t\t\t<a class=\"rollover rollover-zoom dt-pswp-item\" title=\"286101960_997624877562304_8603810786722484313_n\" data-dt-img-description=\"\" data-large_image_width=\"150\" data-large_image_height=\"150\"href='https:\/\/www.radiopiu.net\/wordpress\/wp-content\/uploads\/2022\/06\/286101960_997624877562304_8603810786722484313_n.jpg'><img loading=\"lazy\" decoding=\"async\" width=\"150\" height=\"150\" src=\"https:\/\/www.radiopiu.net\/wordpress\/wp-content\/uploads\/2022\/06\/286101960_997624877562304_8603810786722484313_n.jpg\" class=\"attachment-thumbnail size-thumbnail\" alt=\"\" \/><\/a>\n\t\t\t\t<\/dt><\/dl><dl class='gallery-item'>\n\t\t\t\t<dt class='gallery-icon landscape'>\n\t\t\t\t\t<a class=\"rollover rollover-zoom dt-pswp-item\" title=\"286620140_702210640847629_4080862720608526657_n\" data-dt-img-description=\"\" data-large_image_width=\"150\" data-large_image_height=\"150\"href='https:\/\/www.radiopiu.net\/wordpress\/wp-content\/uploads\/2022\/06\/286620140_702210640847629_4080862720608526657_n.jpg'><img loading=\"lazy\" decoding=\"async\" width=\"150\" height=\"150\" src=\"https:\/\/www.radiopiu.net\/wordpress\/wp-content\/uploads\/2022\/06\/286620140_702210640847629_4080862720608526657_n.jpg\" class=\"attachment-thumbnail size-thumbnail\" alt=\"\" \/><\/a>\n\t\t\t\t<\/dt><\/dl><br style=\"clear: both\" \/>\n\t\t\t<\/div>\n\n<p>NELLE FOTO (siti: chiesabellunofeltre, papaluciani.it, ilveses.com): Albino Luciani, il &#8220;Papa bellunese del sorriso&#8221; cui \u00e8 intitolato il Centro di spiritualit\u00e0 di Col Cumano; la prima pagina del semestrale Humilitas Papa Luciani; Giovanni Paolo II successore di Luciani, con il vescovo Maffeo Ducoli ed il segretario di questi, mons. Giorgio Lise; lo scomparso ingegner Mirco Minella, progettista degli importanti lavori a Col Cumano; gruppo di lavoro con, da sinistra: don Francesco Cassol, l\u2019ing. Minella, don Giacomo Mazzorana, mons. Maffeo Ducoli, il notaio Isidoro Chiarelli, don Robert Soccal, Angelo Moretti; varie fasi degli interventi di recupero a Col Cumano; il Centro di spiritualit\u00e0 oggi; una delle sale.<\/p>\n<p>&nbsp;<\/p>\n<hr \/>\n<p>&nbsp;<\/p>\n","protected":false},"excerpt":{"rendered":"<p>di RENATO BONA Il sito del centro di spiritualit\u00e0 &#8220;Papa Luciani&#8221; di Col Cumano di Santa Giustina in provincia di Belluno riporta la prima pagina del periodico &#8220;Humilitas&#8221; con la notizia che il prossimo 4 settembre Albino Luciani il &#8220;Papa bellunese del sorriso&#8221; sar\u00e0 ufficialmente proclamato Beato da Papa Francesco. Nell&#8217;occasione ricorda che Col Cumano&hellip;<\/p>\n","protected":false},"author":4,"featured_media":280229,"comment_status":"closed","ping_status":"closed","sticky":false,"template":"","format":"standard","meta":{"_monsterinsights_skip_tracking":false,"_monsterinsights_sitenote_active":false,"_monsterinsights_sitenote_note":"","_monsterinsights_sitenote_category":0,"footnotes":""},"categories":[104,49],"tags":[],"class_list":["post-280225","post","type-post","status-publish","format-standard","has-post-thumbnail","hentry","category-evidenza_3","category-news-18","category-104","category-49","description-off"],"img_url":"https:\/\/www.radiopiu.net\/wordpress\/wp-content\/uploads\/2022\/06\/286101955_739452324040471_448805042473787120_n.jpg","_links":{"self":[{"href":"https:\/\/www.radiopiu.net\/wordpress\/wp-json\/wp\/v2\/posts\/280225","targetHints":{"allow":["GET"]}}],"collection":[{"href":"https:\/\/www.radiopiu.net\/wordpress\/wp-json\/wp\/v2\/posts"}],"about":[{"href":"https:\/\/www.radiopiu.net\/wordpress\/wp-json\/wp\/v2\/types\/post"}],"author":[{"embeddable":true,"href":"https:\/\/www.radiopiu.net\/wordpress\/wp-json\/wp\/v2\/users\/4"}],"replies":[{"embeddable":true,"href":"https:\/\/www.radiopiu.net\/wordpress\/wp-json\/wp\/v2\/comments?post=280225"}],"version-history":[{"count":0,"href":"https:\/\/www.radiopiu.net\/wordpress\/wp-json\/wp\/v2\/posts\/280225\/revisions"}],"wp:featuredmedia":[{"embeddable":true,"href":"https:\/\/www.radiopiu.net\/wordpress\/wp-json\/wp\/v2\/media\/280229"}],"wp:attachment":[{"href":"https:\/\/www.radiopiu.net\/wordpress\/wp-json\/wp\/v2\/media?parent=280225"}],"wp:term":[{"taxonomy":"category","embeddable":true,"href":"https:\/\/www.radiopiu.net\/wordpress\/wp-json\/wp\/v2\/categories?post=280225"},{"taxonomy":"post_tag","embeddable":true,"href":"https:\/\/www.radiopiu.net\/wordpress\/wp-json\/wp\/v2\/tags?post=280225"}],"curies":[{"name":"wp","href":"https:\/\/api.w.org\/{rel}","templated":true}]}}