{"id":280268,"date":"2022-06-08T05:51:21","date_gmt":"2022-06-08T03:51:21","guid":{"rendered":"https:\/\/www.radiopiu.net\/wordpress\/?p=280268"},"modified":"2022-06-08T06:18:05","modified_gmt":"2022-06-08T04:18:05","slug":"il-tombino-che-di-giorno-innervosisce-e-di-notte-toglie-il-sonno","status":"publish","type":"post","link":"https:\/\/www.radiopiu.net\/wordpress\/il-tombino-che-di-giorno-innervosisce-e-di-notte-toglie-il-sonno\/","title":{"rendered":"IL TOMBINO CHE DI GIORNO INNERVOSISCE E DI NOTTE TOGLIE IL SONNO"},"content":{"rendered":"<p><strong>FALCADE<\/strong> Tombini rumorosi a Caviola di Falcade, lo denuncia Roberta Martarello sulla pagina facebook &#8220;Sei di Falcade&#8221;. In via Marchiori in particolare proprio davanti all&#8217;abitazione.<em>&#8220;Ad ogni auto il coperchio del tombino salta &#8211; racconta Roberta &#8211;\u00a0 provocando un rumore che di giorno innervosisce e di notte impedisce di dormire&#8221;.<\/em> A nulla sono servite richieste di revisione telefoniche e via mail, l&#8217;azienda incaricata dei lavori \u00e8 intervenuta con una colata di asfalto ma non \u00e8 stato sufficiente. Gli operai del Comune c&#8217;hanno provato con la gomma isolante ai quattro angoli ma il beneficio \u00e8 durato poco.<\/p>\n\n\t\t\t<style type='text\/css'>\n\t\t\t\t#gallery-1 {\n\t\t\t\t\tmargin: auto;\n\t\t\t\t}\n\t\t\t\t#gallery-1 .gallery-item {\n\t\t\t\t\tfloat: left;\n\t\t\t\t\tmargin-top: 10px;\n\t\t\t\t\ttext-align: center;\n\t\t\t\t\twidth: 50%;\n\t\t\t\t}\n\t\t\t\t#gallery-1 img {\n\t\t\t\t\tborder: 2px solid #cfcfcf;\n\t\t\t\t}\n\t\t\t\t#gallery-1 .gallery-caption {\n\t\t\t\t\tmargin-left: 0;\n\t\t\t\t}\n\t\t\t\t\/* see gallery_shortcode() in wp-includes\/media.php *\/\n\t\t\t<\/style>\n\t\t<div id='gallery-1' class='dt-gallery-container gallery galleryid-280268 gallery-columns-2 gallery-size-medium'><dl class='gallery-item'>\n\t\t\t\t<dt class='gallery-icon portrait'>\n\t\t\t\t\t<a class=\"rollover rollover-zoom dt-pswp-item\" title=\"285469120_10225595020735367_7026427573867973607_n\" data-dt-img-description=\"\" data-large_image_width=\"720\" data-large_image_height=\"960\"href='https:\/\/www.radiopiu.net\/wordpress\/wp-content\/uploads\/2022\/06\/285469120_10225595020735367_7026427573867973607_n.jpg'><img loading=\"lazy\" decoding=\"async\" width=\"225\" height=\"300\" src=\"https:\/\/www.radiopiu.net\/wordpress\/wp-content\/uploads\/2022\/06\/285469120_10225595020735367_7026427573867973607_n-225x300.jpg\" class=\"attachment-medium size-medium\" alt=\"\" srcset=\"https:\/\/www.radiopiu.net\/wordpress\/wp-content\/uploads\/2022\/06\/285469120_10225595020735367_7026427573867973607_n-225x300.jpg 225w, https:\/\/www.radiopiu.net\/wordpress\/wp-content\/uploads\/2022\/06\/285469120_10225595020735367_7026427573867973607_n.jpg 720w\" sizes=\"auto, (max-width: 225px) 100vw, 225px\" \/><\/a>\n\t\t\t\t<\/dt><\/dl><dl class='gallery-item'>\n\t\t\t\t<dt class='gallery-icon portrait'>\n\t\t\t\t\t<a class=\"rollover rollover-zoom dt-pswp-item\" title=\"285297246_10225595020295356_2764010483162810025_n\" data-dt-img-description=\"\" data-large_image_width=\"720\" data-large_image_height=\"960\"href='https:\/\/www.radiopiu.net\/wordpress\/wp-content\/uploads\/2022\/06\/285297246_10225595020295356_2764010483162810025_n.jpg'><img loading=\"lazy\" decoding=\"async\" width=\"225\" height=\"300\" src=\"https:\/\/www.radiopiu.net\/wordpress\/wp-content\/uploads\/2022\/06\/285297246_10225595020295356_2764010483162810025_n-225x300.jpg\" class=\"attachment-medium size-medium\" alt=\"\" srcset=\"https:\/\/www.radiopiu.net\/wordpress\/wp-content\/uploads\/2022\/06\/285297246_10225595020295356_2764010483162810025_n-225x300.jpg 225w, https:\/\/www.radiopiu.net\/wordpress\/wp-content\/uploads\/2022\/06\/285297246_10225595020295356_2764010483162810025_n.jpg 720w\" sizes=\"auto, (max-width: 225px) 100vw, 225px\" \/><\/a>\n\t\t\t\t<\/dt><\/dl><br style=\"clear: both\" \/>\n\t\t\t<\/div>\n\n<p>&nbsp;<\/p>\n<p>&nbsp;<\/p>\n<p>____<\/p>\n<p>&nbsp;<\/p>\n","protected":false},"excerpt":{"rendered":"<p>FALCADE Tombini rumorosi a Caviola di Falcade, lo denuncia Roberta Martarello sulla pagina facebook &#8220;Sei di Falcade&#8221;. In via Marchiori in particolare proprio davanti all&#8217;abitazione.&#8220;Ad ogni auto il coperchio del tombino salta &#8211; racconta Roberta &#8211;\u00a0 provocando un rumore che di giorno innervosisce e di notte impedisce di dormire&#8221;. A nulla sono servite richieste di&hellip;<\/p>\n","protected":false},"author":4,"featured_media":280269,"comment_status":"closed","ping_status":"closed","sticky":false,"template":"","format":"standard","meta":{"_monsterinsights_skip_tracking":false,"_monsterinsights_sitenote_active":false,"_monsterinsights_sitenote_note":"","_monsterinsights_sitenote_category":0,"footnotes":""},"categories":[51,49],"tags":[],"class_list":["post-280268","post","type-post","status-publish","format-standard","has-post-thumbnail","hentry","category-evidenza-top","category-news-18","category-51","category-49","description-off"],"img_url":"https:\/\/www.radiopiu.net\/wordpress\/wp-content\/uploads\/2022\/06\/285297246_10225595020295356_2764010483162810025_n.jpg","_links":{"self":[{"href":"https:\/\/www.radiopiu.net\/wordpress\/wp-json\/wp\/v2\/posts\/280268","targetHints":{"allow":["GET"]}}],"collection":[{"href":"https:\/\/www.radiopiu.net\/wordpress\/wp-json\/wp\/v2\/posts"}],"about":[{"href":"https:\/\/www.radiopiu.net\/wordpress\/wp-json\/wp\/v2\/types\/post"}],"author":[{"embeddable":true,"href":"https:\/\/www.radiopiu.net\/wordpress\/wp-json\/wp\/v2\/users\/4"}],"replies":[{"embeddable":true,"href":"https:\/\/www.radiopiu.net\/wordpress\/wp-json\/wp\/v2\/comments?post=280268"}],"version-history":[{"count":0,"href":"https:\/\/www.radiopiu.net\/wordpress\/wp-json\/wp\/v2\/posts\/280268\/revisions"}],"wp:featuredmedia":[{"embeddable":true,"href":"https:\/\/www.radiopiu.net\/wordpress\/wp-json\/wp\/v2\/media\/280269"}],"wp:attachment":[{"href":"https:\/\/www.radiopiu.net\/wordpress\/wp-json\/wp\/v2\/media?parent=280268"}],"wp:term":[{"taxonomy":"category","embeddable":true,"href":"https:\/\/www.radiopiu.net\/wordpress\/wp-json\/wp\/v2\/categories?post=280268"},{"taxonomy":"post_tag","embeddable":true,"href":"https:\/\/www.radiopiu.net\/wordpress\/wp-json\/wp\/v2\/tags?post=280268"}],"curies":[{"name":"wp","href":"https:\/\/api.w.org\/{rel}","templated":true}]}}