{"id":280299,"date":"2022-06-09T05:32:22","date_gmt":"2022-06-09T03:32:22","guid":{"rendered":"https:\/\/www.radiopiu.net\/wordpress\/?p=280299"},"modified":"2022-06-09T08:52:29","modified_gmt":"2022-06-09T06:52:29","slug":"giornale-radiopiu-09-giugno-2022-direttore-mirko-mezzacasa","status":"publish","type":"post","link":"https:\/\/www.radiopiu.net\/wordpress\/giornale-radiopiu-09-giugno-2022-direttore-mirko-mezzacasa\/","title":{"rendered":"GIORNALE RADIOPIU 09 GIUGNO 2022 DIRETTORE MIRKO MEZZACASA"},"content":{"rendered":"<h3 class=\"kvgmc6g5 cxmmr5t8 oygrvhab hcukyx3x c1et5uql\"><span style=\"color: #0000ff;\"><strong><a class=\"dt-pswp-item\" href=\"https:\/\/www.radiopiu.net\/wordpress\/wp-content\/uploads\/2021\/10\/9396bbfc-2818-4225-b55d-9a56c39206f1.jpg\" data-dt-img-description=\"\" data-large_image_width=\"1599\" data-large_image_height=\"899\"><img loading=\"lazy\" decoding=\"async\" class=\"size-thumbnail wp-image-237486 alignleft\" src=\"https:\/\/www.radiopiu.net\/wordpress\/wp-content\/uploads\/2021\/10\/9396bbfc-2818-4225-b55d-9a56c39206f1-150x150.jpg\" alt=\"\" width=\"150\" height=\"150\" \/><\/a>RADIO PIU INFORMAZIONE il canale su TELEGRAM informazione di prima\u00a0 <\/strong><\/span><span style=\"color: #0000ff;\"><strong>mano e in tempo reale. iscriviti ed aiutaci a farlo conoscere\u00a0\u00a0<\/strong><\/span><\/h3>\n<p>&nbsp;<\/p>\n<p>&nbsp;<\/p>\n<p>&nbsp;<\/p>\n<p><strong>DOLOMITIBUS&#8230; GUIDA IL TUO FUTURO, LO SPOT ALLA RADIO<\/strong><\/p>\n<audio class=\"wp-audio-shortcode\" id=\"audio-280299-1\" preload=\"none\" style=\"width: 100%;\" controls=\"controls\"><source type=\"audio\/mpeg\" src=\"https:\/\/www.radiopiu.net\/wordpress\/wp-content\/uploads\/2022\/06\/Spot_Academy_dolomiti-bus-0303.mp3?_=1\" \/><a href=\"https:\/\/www.radiopiu.net\/wordpress\/wp-content\/uploads\/2022\/06\/Spot_Academy_dolomiti-bus-0303.mp3\">https:\/\/www.radiopiu.net\/wordpress\/wp-content\/uploads\/2022\/06\/Spot_Academy_dolomiti-bus-0303.mp3<\/a><\/audio>\n<p><strong>\u00a0<\/strong><\/p>\n<p><strong>GUERRA DI MINE, IL LIBRO. SABATO LA PRESENTAZIONE AL TAULAC<\/strong><\/p>\n<audio class=\"wp-audio-shortcode\" id=\"audio-280299-2\" preload=\"none\" style=\"width: 100%;\" controls=\"controls\"><source type=\"audio\/mpeg\" src=\"https:\/\/www.radiopiu.net\/wordpress\/wp-content\/uploads\/2022\/06\/Guerra-di-Mine.mp3?_=2\" \/><a href=\"https:\/\/www.radiopiu.net\/wordpress\/wp-content\/uploads\/2022\/06\/Guerra-di-Mine.mp3\">https:\/\/www.radiopiu.net\/wordpress\/wp-content\/uploads\/2022\/06\/Guerra-di-Mine.mp3<\/a><\/audio>\n<p>&nbsp;<\/p>\n<p>&nbsp;<\/p>\n<hr \/>\n<p>&nbsp;<\/p>\n<blockquote>\n<h3>ACQUA NON POTABILE A\u00a0 CENCENIGHE dal 01 giugno<\/h3>\n<\/blockquote>\n<p><strong><a class=\"dt-pswp-item\" href=\"https:\/\/www.radiopiu.net\/wordpress\/wp-content\/uploads\/2018\/08\/ACQUA.jpeg\" data-dt-img-description=\"\" data-large_image_width=\"1280\" data-large_image_height=\"768\"><img loading=\"lazy\" decoding=\"async\" class=\"alignleft wp-image-57052 \" src=\"https:\/\/www.radiopiu.net\/wordpress\/wp-content\/uploads\/2018\/08\/ACQUA-300x180.jpeg\" alt=\"\" width=\"160\" height=\"96\" srcset=\"https:\/\/www.radiopiu.net\/wordpress\/wp-content\/uploads\/2018\/08\/ACQUA-300x180.jpeg 300w, https:\/\/www.radiopiu.net\/wordpress\/wp-content\/uploads\/2018\/08\/ACQUA-768x461.jpeg 768w, https:\/\/www.radiopiu.net\/wordpress\/wp-content\/uploads\/2018\/08\/ACQUA-1024x614.jpeg 1024w, https:\/\/www.radiopiu.net\/wordpress\/wp-content\/uploads\/2018\/08\/ACQUA.jpeg 1280w\" sizes=\"auto, (max-width: 160px) 100vw, 160px\" \/><\/a><\/strong><strong>CENCENIGHE<\/strong> Gestione Servizi Pubblici informa che a CENCENIGHE AGORDINO in localit\u00e0 FOCH l&#8217;acqua erogata dall&#8217;acquedotto non \u00e8 potabile e non pu\u00f2 essere usata per scopi alimentari.<\/p>\n<p>&nbsp;<\/p>\n<p>&nbsp;<\/p>\n<blockquote>\n<h3>INTERRUZIONE PROGRAMMATA A TAIBON<\/h3>\n<\/blockquote>\n<p><strong>TAIBON<\/strong> Gestione Servizi Pubblici informa che, per lavori alla rete idrica comunale, oggi dalle 09.00 alle 12.00, verr\u00e0 sospesa l\u2019erogazione dell\u2019acqua a TAIBON AGORDINO nelle VIE MANZINI E LATERALI, VOLPERE, PRIVATA BULF, VIALE NUOVO e LE VARE. Il personale addetto operer\u00e0 per limitare il pi\u00f9 possibile i disagi alla popolazione<\/p>\n<p>&nbsp;<\/p>\n<blockquote>\n<h3 class=\"entry-title\">CHIUSURA DELLA PROVINCIALE 3 AI MEZZI PESANTI<\/h3>\n<\/blockquote>\n<p><strong>RIVAMONTE<\/strong> Veneto Strade informa che fino al 10 giugno in localit\u00e0 Le Roste di Rivamonte (Agordo Ponte Alto-Rivamonte) la strada sar\u00e0 totalmente interdetta ai mezzi pesanti con massa superiore alle 3,5 tonnellate (esclusi i pullman adibiti al trasporto di persone), sono previste per tutti brevi interruzioni fino ad un massimo di 10 minuti<\/p>\n<p><strong>COMELICO<\/strong> Dal 9 giugno al 31 luglio con esclusione dei giorni festivi e prefestivi, interruzione totale al traffico di tuti i mezzi tra Costalissoio e San Nicolo&#8217; Comelico per esbosco legname.<\/p>\n<p>&nbsp;<\/p>\n<blockquote>\n<h3>SABATO PASSI CHIUSI PER IL SELLA RONDA BIKE DAY<\/h3>\n<\/blockquote>\n<p><strong><a class=\"dt-pswp-item\" href=\"https:\/\/www.radiopiu.net\/wordpress\/wp-content\/uploads\/2022\/06\/Schermata-2022-06-08-alle-11.41.31.png\" data-dt-img-description=\"\" data-large_image_width=\"526\" data-large_image_height=\"488\"><img loading=\"lazy\" decoding=\"async\" class=\"size-thumbnail wp-image-280384 alignleft\" src=\"https:\/\/www.radiopiu.net\/wordpress\/wp-content\/uploads\/2022\/06\/Schermata-2022-06-08-alle-11.41.31-150x150.png\" alt=\"\" width=\"150\" height=\"150\" \/><\/a>LIVINALLONGO <\/strong>Sabato 11 giugno 2022 sulle strade attorno al gruppo del Sella si svolger\u00e0 l&#8217;appuntamento primaverile del Sellaronda Bike Day, manifestazione ciclistica non competitiva aperta a tutti, che vedr\u00e0 chiuse le strade dei Passi Campolongo, Gardena, Sella e Pordoi dalle ore 8:30 sino alle ore 15:00. Per limitare i disagi e per permettere a ospiti e residenti di partire da Arabba in direzione Pieve di Livinallongo e viceversa, la strada verr\u00e0 chiusa in prossimit\u00e0 dell&#8217;accesso al piazzale antistante l&#8217;Hotel Malita. In questa maniera resteranno accessibili i parcheggi dietro la Chiesa, i parcheggi vicino alla Caserma dei Carabinieri ed i piazzali della Funivia di Porta Vescovo. Per coloro che arriveranno ad Arabba (da Pieve) durante l&#8217;orario della manifestazione sar\u00e0 possibile parcheggiare le macchine nei parcheggi indicati. La chiusura delle strade sar\u00e0 dalle ore 08:30 alle ore 15:00. Tratte interessate: strade attorno ai 4 Passi Dolomitici: Passo Campolongo, Passo Gardena, Passo Sella e Passo Pordoi. Ai partecipanti viene raccomandato il senso antiorario, quindi: Arabba &#8211; Passo Campolongo &#8211; Passo Gardena &#8211; Passo Sella &#8211; Passo Pordoi &#8211; Arabba.<\/p>\n<p>&nbsp;<\/p>\n<blockquote class=\"wp-embedded-content\" data-secret=\"PRz6F2kChv\"><p><a href=\"https:\/\/www.radiopiu.net\/wordpress\/oggiastra\/\">I RAGAZZI DEL MUSLA OGGI A STRASBURGO, PARLANDO  LADINO<\/a><\/p><\/blockquote>\n<p><iframe loading=\"lazy\" class=\"wp-embedded-content\" sandbox=\"allow-scripts\" security=\"restricted\" style=\"position: absolute; clip: rect(1px, 1px, 1px, 1px);\" title=\"&#8220;I RAGAZZI DEL MUSLA OGGI A STRASBURGO, PARLANDO  LADINO&#8221; &#8212; Radio Pi\u00f9\" src=\"https:\/\/www.radiopiu.net\/wordpress\/oggiastra\/embed\/#?secret=czf9LWp70I#?secret=PRz6F2kChv\" data-secret=\"PRz6F2kChv\" width=\"600\" height=\"338\" frameborder=\"0\" marginwidth=\"0\" marginheight=\"0\" scrolling=\"no\"><\/iframe><\/p>\n<p>&nbsp;<\/p>\n<p>&nbsp;<\/p>\n<hr \/>\n<p>&nbsp;<\/p>\n<blockquote>\n<h3>RITROVATO SENZA VITA IL CORPO DI RENZO COSTANTIN<\/h3>\n<p><em>Un militare della Stazione del Soccorso Alpino della Guardia di Finanza di Auronzo di Cadore, con l\u2019ausilio dell\u2019unit\u00e0 cinofila, ha ritrovato il corpo esanime dell\u2019uomo a circa 100 metri da un sentiero nei pressi della localit\u00e0 Le Bocole. I funerali si terranno domani alle 15 nella chiesa di San Floriano in Pieve di Val di Zoldo<\/em><\/p><\/blockquote>\n<p><strong><a class=\"dt-pswp-item\" href=\"https:\/\/www.radiopiu.net\/wordpress\/wp-content\/uploads\/2022\/06\/RENZO.jpg\" data-dt-img-description=\"\" data-large_image_width=\"296\" data-large_image_height=\"346\"><img loading=\"lazy\" decoding=\"async\" class=\"size-thumbnail wp-image-280509 alignleft\" src=\"https:\/\/www.radiopiu.net\/wordpress\/wp-content\/uploads\/2022\/06\/RENZO-150x150.jpg\" alt=\"\" width=\"150\" height=\"150\" \/><\/a>VAL DI ZOLDO <\/strong>\u00c8 stato ritrovato ieri attorno alle 8 il corpo senza vita di Renzo Costantin, l&#8217;83enne di Val di Zoldo, per il cui mancato rientro domenica sera erano partite le ricerche, nella zona della Centrale di San Giovanni, punto di partenza di numerosi itinerari dove era stata rinvenuta la sua auto. Determinante il ritrovamento della lapide dello zio, scomparso il 6 giugno del 1920, nella parte alta della Val di Doa, luogo che poteva essere destinazione della sua meta.\u00a0 Il fatto che fosse stata recentemente ripulita ha fatto concentrare le ricerche nella zona. Ieri mattina era prevista la battuta a tappeto di tutta la vasta area sotto la lapide, con il trasporto in quota di parte delle squadre con l&#8217;elicottero dell&#8217;Air Service Center, convenzionato con il Soccorso alpino Dolomiti Bellunesi. Una delle squadre partite a piedi dal campo base, 200 metri di quota pi\u00f9 in alto, seguendo Eta, cane dell&#8217;unit\u00e0 cinofila del Soccorso alpino della Guardia di finanza di Auronzo, ha rinvenuto il corpo dell&#8217;uomo. Dalla prima ricostruzione, Renzo, durante la fase di discesa, nell&#8217;attraversare un tratto impervio e raggiungere la traccia di un sentiero \u00e8 scivolato ruzzolando nel bosco. La salma \u00e8 stata imbarellata dai soccorritori, recuperata poi dall&#8217;elicottero del Suem di Pieve di Cadore con il verricello e trasportata in piazzola a Forno di Zoldo per essere affidata al carro funebre. Erano presenti oggi oltre 50 persone del Soccorso alpino di Val di Zoldo, Livinallongo, Agordo, Belluno, Feltre e Longarone, del Soccorso alpino della Guardia di finanza di Auronzo, Cortina e Passo Rolle, dei Vigili del fuoco e dei Carabinieri forestali.<\/p>\n\n\t\t\t<style type='text\/css'>\n\t\t\t\t#gallery-1 {\n\t\t\t\t\tmargin: auto;\n\t\t\t\t}\n\t\t\t\t#gallery-1 .gallery-item {\n\t\t\t\t\tfloat: left;\n\t\t\t\t\tmargin-top: 10px;\n\t\t\t\t\ttext-align: center;\n\t\t\t\t\twidth: 50%;\n\t\t\t\t}\n\t\t\t\t#gallery-1 img {\n\t\t\t\t\tborder: 2px solid #cfcfcf;\n\t\t\t\t}\n\t\t\t\t#gallery-1 .gallery-caption {\n\t\t\t\t\tmargin-left: 0;\n\t\t\t\t}\n\t\t\t\t\/* see gallery_shortcode() in wp-includes\/media.php *\/\n\t\t\t<\/style>\n\t\t<div id='gallery-1' class='dt-gallery-container gallery galleryid-280299 gallery-columns-2 gallery-size-thumbnail'><dl class='gallery-item'>\n\t\t\t\t<dt class='gallery-icon portrait'>\n\t\t\t\t\t<a class=\"rollover rollover-zoom dt-pswp-item\" title=\"PHOTO-2022-06-07-12-01-49\" data-dt-img-description=\"\" data-large_image_width=\"1152\" data-large_image_height=\"2048\"href='https:\/\/www.radiopiu.net\/wordpress\/wp-content\/uploads\/2022\/06\/PHOTO-2022-06-07-12-01-49.jpg'><img loading=\"lazy\" decoding=\"async\" width=\"150\" height=\"150\" src=\"https:\/\/www.radiopiu.net\/wordpress\/wp-content\/uploads\/2022\/06\/PHOTO-2022-06-07-12-01-49-150x150.jpg\" class=\"attachment-thumbnail size-thumbnail\" alt=\"\" aria-describedby=\"gallery-1-280368\" \/><\/a>\n\t\t\t\t<\/dt>\n\t\t\t\t\t<dd class='wp-caption-text gallery-caption' id='gallery-1-280368'>\n\t\t\t\t\tLA LAPIDE DELLO ZIO\n\t\t\t\t\t<\/dd><\/dl><dl class='gallery-item'>\n\t\t\t\t<dt class='gallery-icon landscape'>\n\t\t\t\t\t<a class=\"rollover rollover-zoom dt-pswp-item\" title=\"2022-06-08_RITROVAMENTO\" data-dt-img-description=\"\" data-large_image_width=\"1920\" data-large_image_height=\"1040\"href='https:\/\/www.radiopiu.net\/wordpress\/wp-content\/uploads\/2022\/06\/2022-06-08_RITROVAMENTO.png'><img loading=\"lazy\" decoding=\"async\" width=\"150\" height=\"150\" src=\"https:\/\/www.radiopiu.net\/wordpress\/wp-content\/uploads\/2022\/06\/2022-06-08_RITROVAMENTO-150x150.png\" class=\"attachment-thumbnail size-thumbnail\" alt=\"\" aria-describedby=\"gallery-1-280369\" \/><\/a>\n\t\t\t\t<\/dt>\n\t\t\t\t\t<dd class='wp-caption-text gallery-caption' id='gallery-1-280369'>\n\t\t\t\t\tLA CARTINA DEL RITROVAMENTO\n\t\t\t\t\t<\/dd><\/dl><br style=\"clear: both\" \/>\n\t\t\t<\/div>\n\n<p>&nbsp;<\/p>\n<hr \/>\n<p>&nbsp;<\/p>\n<p>&nbsp;<\/p>\n<blockquote>\n<h3>RITROVATO PRIVO DI VITA TRA LE MURA DI CASA<\/h3>\n<\/blockquote>\n<p><strong>VALLE DI CADORE<\/strong> I Vigili del Fuoco con i Carabinieri e il personale sanitario sono entrati nell&#8217;abitazione di\u00a0 F. D.F,\u00a0 75 anni di Valle di Cadore, perch\u00e9 non rispondeva alle chiamate dalla sua residenza in via San Rocco. Una volta nell&#8217;abitazione al medico non \u00e8 rimasto purtroppo che il triste compito di constatare il decesso per cause naturali del 75enne.<\/p>\n<p>&nbsp;<\/p>\n<p>&nbsp;<\/p>\n<hr \/>\n<p>&nbsp;<\/p>\n<blockquote>\n<h3>ISMAIL E&#8217; MORTO SOTTO LE BOMBE AMERICANE IN SIRIA<\/h3>\n<\/blockquote>\n<p><strong>OGGI SUL CORRIERE DELLE ALPI<\/strong><\/p>\n<p><strong>DI GIGI SOSSO<\/strong><\/p>\n<p><strong>BELLUNO<\/strong> Il piccolo Ismail non c&#8217;\u00e8 pi\u00f9. La speranza di rivederlo a Longarone, dalla sua mamma Lidia Solano Herrera, \u00e8 tramontata per sempre.All&#8217;intelligence bosniaca risulta morto il 19 dicembre 2018, sotto un bombardamento americano a Baguz, in Siria. Aveva appena due anni e un sorriso dolcissimo, quando il padre Ismar Mesinovic l&#8217;aveva portato in Medio Oriente per farne un futuro soldato dello Stato islamico. L&#8217;imbianchino di origine bosniaca era partito nel novembre 2013, insieme al macedone Munifer Karamaleski e la sua famiglia, per andare a combattere nelle milizie del califfato nero. Oggi il quotidiano bellunese ricostruisce la triste vicenda e l&#8217;ultimo viaggio del piccolo, nelle testimonianze il sindaco di Ponte nelle Alpi &#8220;Dolore tremendo per la povera mamma Lidia&#8221;.<\/p>\n<p><a class=\"dt-pswp-item\" href=\"https:\/\/www.radiopiu.net\/wordpress\/wp-content\/uploads\/2022\/06\/aaa-5.jpg\" data-dt-img-description=\"\" data-large_image_width=\"253\" data-large_image_height=\"145\"><img loading=\"lazy\" decoding=\"async\" class=\"alignnone wp-image-280511 size-full\" src=\"https:\/\/www.radiopiu.net\/wordpress\/wp-content\/uploads\/2022\/06\/aaa-5.jpg\" alt=\"\" width=\"253\" height=\"145\" \/><\/a><\/p>\n<p>&nbsp;<\/p>\n<p>&nbsp;<\/p>\n<hr \/>\n<p>&nbsp;<\/p>\n<blockquote>\n<h3><img loading=\"lazy\" decoding=\"async\" class=\"alignleft\" src=\"https:\/\/www.radiopiu.net\/wordpress\/wp-content\/uploads\/2018\/07\/image1.jpeg\" width=\"121\" height=\"91\" \/>SCARCERATO IL 19ENNE FUGGITO AL POSTO DI BLOCCO DELLA POLIZIA<br \/>\n<strong>\u00a0<\/strong><\/h3>\n<\/blockquote>\n<p><strong>BELLUNO<\/strong>\u00a0 L&#8217;arresto di M.P. 19 anni di Belluno \u00e8 stato convalidato dal giudice per le indagini preliminari Angela Feletto. Doveva rispondere di resistenza a pubblico ufficiale e lesioni a un poliziotto dopo la fuga al posto di blocco iniziata ad Orzes e terminata a Ponte nelle Alpi.Ieri mattina ha chiesto scusa all&#8217;ispettore in borghese, dicendosi disponibile a risarcire il danno. Il suo difensore di fiducia Erminio Mazzucco ha chiesto e ottenuto di estinguere il reato con la messa alla prova. Il ragazzo far\u00e0 lavori di pubblica utilit\u00e0 in un ente convenzionato con il Tribunale di Belluno.<\/p>\n<p>&nbsp;<\/p>\n<p>&nbsp;<\/p>\n<hr \/>\n<p>&nbsp;<\/p>\n<blockquote>\n<h3>METEO: INSTABILITA\u2019 E ROVESCI, STATO DI ATTENZIONE NELLA RETE SECONDARIA IN TUTTI I BACINI DEL VENETO<strong style=\"font-size: 14px;\">\u00a0<\/strong><\/h3>\n<\/blockquote>\n<p><strong><img loading=\"lazy\" decoding=\"async\" class=\"alignleft\" src=\"https:\/\/www.radiopiu.net\/wordpress\/wp-content\/uploads\/2018\/07\/fog-1535201_960_720.jpg\" width=\"134\" height=\"89\" \/>VENEZIA<\/strong>\u00a0 Nuova perturbazione e avviso di criticit\u00e0 fino alle 14 di domani. Il possibile verificarsi di rovesci o temporali localmente anche intensi, potrebbe creare disagi al sistema fognario e di drenaggio urbano e lungo la rete idrografica minore in tutti i bacini idrografici della nostra regione. Si segnala la possibilit\u00e0 d\u2019innesco di fenomeni franosi superficiali sui versanti e la possibilit\u00e0 di innesco di colate rapide specie nelle zone di allertamento. Sono previste precipitazioni da sparse a diffuse, anche a carattere di rovescio e temporale: non si escludono locali fenomeni intensi (forti rovesci, forti raffiche di vento) e quantitativi di pioggia localmente consistenti.<\/p>\n<p>&nbsp;<\/p>\n<p>&nbsp;<\/p>\n<hr \/>\n<p>&nbsp;<\/p>\n<blockquote>\n<h3>LA PANACE DI MANTEGAZZA ANCHE IN ALPAGO<\/h3>\n<\/blockquote>\n<p><a class=\"dt-pswp-item\" href=\"https:\/\/www.radiopiu.net\/wordpress\/wp-content\/uploads\/2021\/07\/IMG-20220608-WA0004.jpg\" data-dt-img-description=\"\" data-large_image_width=\"1200\" data-large_image_height=\"1600\"><img loading=\"lazy\" decoding=\"async\" class=\"size-thumbnail wp-image-280504 alignleft\" src=\"https:\/\/www.radiopiu.net\/wordpress\/wp-content\/uploads\/2021\/07\/IMG-20220608-WA0004-150x150.jpg\" alt=\"\" width=\"150\" height=\"150\" \/><\/a><strong>ALPAGO<\/strong> La panace si fa vedere anche in Alpago a Garna. La foto inviata da Federica non lascia spazio a dubbi, si tratta della pericolosa pianta gi\u00e0 &#8220;bandita&#8221; nello zoldano e nell&#8217;Agordino con tutte le precauzioni del caso.<\/p>\n<p><strong>AGORDO<\/strong> Ritorna anche ad Agordo l\u2019allarme delle panace di mantegazza, una pianta\u00a0 che provoca gravi ustioni a chi viene in contatto con foglie e fiori. In questo caso siamo al parcheggio di Veran-Faion. Il consiglio \u00e8 di prestare attenzione a chi parcheggia in zona o chi sfalcia l\u2019erba in questo periodo.<\/p>\n<p><strong>VAL DI ZOLDO<\/strong> E\u2019 allarme panace di Mantegazza, \u00e8 stata infatti segnalata la presenza di una pianta estremamente simile a quella che provoca gravi ustioni a chi viene in contatto con foglie e fiori. L\u2019allarme lo ha lanciato alla popolazione, tramite social, il sindaco Camillo De Pellegrin.<\/p>\n<p>&nbsp;<\/p>\n<p>&nbsp;<\/p>\n<hr \/>\n<blockquote>\n<h3><\/h3>\n<h3>ULTIMI SOPRALLUOGHI PER LA PROVINCIA CHE VISITA LE SCUOLE DI CORTINA E SAN VITO<\/h3>\n<\/blockquote>\n<p><strong>BELLUNO <\/strong>\u00ab<em>Abbiamo scuole d\u2019eccellenza, con proposte didattiche di altissimo livello e nicchie tematiche di rilievo ultraprovinciale. Per renderle davvero attrattive, per\u00f2, servirebbe un\u2019offerta convittuale cos\u00ec da ospitare gli studenti che arrivano da lontano. Un discorso che vale soprattutto per Cortina, dove l\u2019alternativa al convitto non pu\u00f2 essere l\u2019affitto di un appartamento, visti i prezzi di mercato<\/em>\u00bb. \u00c8 quanto afferma la vice presidente della Provincia di Belluno, delegata all\u2019edilizia scolastica, che nei giorni scorsi ha concluso i sopralluoghi alle scuole superiori, con la visita agli istituti di Cortina e San Vito di Cadore. In particolare a Cortina la Provincia ha attivato alcuni cantieri nella struttura che ospita gli indirizzi di alberghiero e istituto d\u2019arte: i lavori di prevenzione incendi (con l\u2019eliminazione delle perline in legno, la realizzazione dei controsoffitti e l\u2019installazione di una scala antincendio) e la riqualificazione dell\u2019aula magna, per un investimento totale di circa 500mila euro.<\/p>\n\n\t\t\t<style type='text\/css'>\n\t\t\t\t#gallery-2 {\n\t\t\t\t\tmargin: auto;\n\t\t\t\t}\n\t\t\t\t#gallery-2 .gallery-item {\n\t\t\t\t\tfloat: left;\n\t\t\t\t\tmargin-top: 10px;\n\t\t\t\t\ttext-align: center;\n\t\t\t\t\twidth: 33%;\n\t\t\t\t}\n\t\t\t\t#gallery-2 img {\n\t\t\t\t\tborder: 2px solid #cfcfcf;\n\t\t\t\t}\n\t\t\t\t#gallery-2 .gallery-caption {\n\t\t\t\t\tmargin-left: 0;\n\t\t\t\t}\n\t\t\t\t\/* see gallery_shortcode() in wp-includes\/media.php *\/\n\t\t\t<\/style>\n\t\t<div id='gallery-2' class='dt-gallery-container gallery galleryid-280299 gallery-columns-3 gallery-size-thumbnail'><dl class='gallery-item'>\n\t\t\t\t<dt class='gallery-icon landscape'>\n\t\t\t\t\t<a class=\"rollover rollover-zoom dt-pswp-item\" title=\"Scuole, cantiere Cortina\" data-dt-img-description=\"\" data-large_image_width=\"2016\" data-large_image_height=\"1512\"href='https:\/\/www.radiopiu.net\/wordpress\/wp-content\/uploads\/2022\/06\/Scuole-cantiere-Cortina.jpg'><img loading=\"lazy\" decoding=\"async\" width=\"150\" height=\"150\" src=\"https:\/\/www.radiopiu.net\/wordpress\/wp-content\/uploads\/2022\/06\/Scuole-cantiere-Cortina-150x150.jpg\" class=\"attachment-thumbnail size-thumbnail\" alt=\"\" \/><\/a>\n\t\t\t\t<\/dt><\/dl><dl class='gallery-item'>\n\t\t\t\t<dt class='gallery-icon landscape'>\n\t\t\t\t\t<a class=\"rollover rollover-zoom dt-pswp-item\" title=\"Scuole, cantiere Cortina_2\" data-dt-img-description=\"\" data-large_image_width=\"2016\" data-large_image_height=\"1512\"href='https:\/\/www.radiopiu.net\/wordpress\/wp-content\/uploads\/2022\/06\/Scuole-cantiere-Cortina_2.jpg'><img loading=\"lazy\" decoding=\"async\" width=\"150\" height=\"150\" src=\"https:\/\/www.radiopiu.net\/wordpress\/wp-content\/uploads\/2022\/06\/Scuole-cantiere-Cortina_2-150x150.jpg\" class=\"attachment-thumbnail size-thumbnail\" alt=\"\" \/><\/a>\n\t\t\t\t<\/dt><\/dl><dl class='gallery-item'>\n\t\t\t\t<dt class='gallery-icon landscape'>\n\t\t\t\t\t<a class=\"rollover rollover-zoom dt-pswp-item\" title=\"Scuole, artistico Cortina\" data-dt-img-description=\"\" data-large_image_width=\"2016\" data-large_image_height=\"1512\"href='https:\/\/www.radiopiu.net\/wordpress\/wp-content\/uploads\/2022\/06\/Scuole-artistico-Cortina.jpg'><img loading=\"lazy\" decoding=\"async\" width=\"150\" height=\"150\" src=\"https:\/\/www.radiopiu.net\/wordpress\/wp-content\/uploads\/2022\/06\/Scuole-artistico-Cortina-150x150.jpg\" class=\"attachment-thumbnail size-thumbnail\" alt=\"\" \/><\/a>\n\t\t\t\t<\/dt><\/dl><br style=\"clear: both\" \/><dl class='gallery-item'>\n\t\t\t\t<dt class='gallery-icon landscape'>\n\t\t\t\t\t<a class=\"rollover rollover-zoom dt-pswp-item\" title=\"Scuole, alberghiero Cortina\" data-dt-img-description=\"\" data-large_image_width=\"2016\" data-large_image_height=\"1512\"href='https:\/\/www.radiopiu.net\/wordpress\/wp-content\/uploads\/2022\/06\/Scuole-alberghiero-Cortina.jpg'><img loading=\"lazy\" decoding=\"async\" width=\"150\" height=\"150\" src=\"https:\/\/www.radiopiu.net\/wordpress\/wp-content\/uploads\/2022\/06\/Scuole-alberghiero-Cortina-150x150.jpg\" class=\"attachment-thumbnail size-thumbnail\" alt=\"\" \/><\/a>\n\t\t\t\t<\/dt><\/dl><dl class='gallery-item'>\n\t\t\t\t<dt class='gallery-icon landscape'>\n\t\t\t\t\t<a class=\"rollover rollover-zoom dt-pswp-item\" title=\"Scuole, classico San Vito\" data-dt-img-description=\"\" data-large_image_width=\"1844\" data-large_image_height=\"1236\"href='https:\/\/www.radiopiu.net\/wordpress\/wp-content\/uploads\/2022\/06\/Scuole-classico-San-Vito.jpg'><img loading=\"lazy\" decoding=\"async\" width=\"150\" height=\"150\" src=\"https:\/\/www.radiopiu.net\/wordpress\/wp-content\/uploads\/2022\/06\/Scuole-classico-San-Vito-150x150.jpg\" class=\"attachment-thumbnail size-thumbnail\" alt=\"\" \/><\/a>\n\t\t\t\t<\/dt><\/dl><dl class='gallery-item'>\n\t\t\t\t<dt class='gallery-icon landscape'>\n\t\t\t\t\t<a class=\"rollover rollover-zoom dt-pswp-item\" title=\"Scuole, laboratorio falegnameria Cortina\" data-dt-img-description=\"\" data-large_image_width=\"2016\" data-large_image_height=\"1512\"href='https:\/\/www.radiopiu.net\/wordpress\/wp-content\/uploads\/2022\/06\/Scuole-laboratorio-falegnameria-Cortina.jpg'><img loading=\"lazy\" decoding=\"async\" width=\"150\" height=\"150\" src=\"https:\/\/www.radiopiu.net\/wordpress\/wp-content\/uploads\/2022\/06\/Scuole-laboratorio-falegnameria-Cortina-150x150.jpg\" class=\"attachment-thumbnail size-thumbnail\" alt=\"\" \/><\/a>\n\t\t\t\t<\/dt><\/dl><br style=\"clear: both\" \/>\n\t\t\t<\/div>\n\n<p>&nbsp;<\/p>\n<p>&nbsp;<\/p>\n<hr \/>\n<p>&nbsp;<\/p>\n<blockquote>\n<h3>TELEMEDICINA, LA NUOVA FRONTIERA DEI SERVIZI SANITARI CON RADIOGRAFIE A DOMICILIO<\/h3>\n<\/blockquote>\n<p><strong><img loading=\"lazy\" decoding=\"async\" class=\"alignleft\" src=\"https:\/\/www.radiopiu.net\/wordpress\/wp-content\/uploads\/2022\/06\/4f605cb4-b5ba-4263-9ed7-713510ce5d0a.jpg\" width=\"288\" height=\"162\" \/><\/strong><\/p>\n<p>&nbsp;<\/p>\n<p>&nbsp;<\/p>\n<p>&nbsp;<\/p>\n<p>&nbsp;<\/p>\n<p>&nbsp;<\/p>\n<p>&nbsp;<\/p>\n<p><strong>BELLUNO<\/strong><\/p>\n<p><strong>DI MORENO GIOLI<\/strong><\/p>\n<p><span style=\"color: #ff0000;\"><strong>AUDIO<\/strong><\/span><\/p>\n<audio class=\"wp-audio-shortcode\" id=\"audio-280299-3\" preload=\"none\" style=\"width: 100%;\" controls=\"controls\"><source type=\"audio\/mpeg\" src=\"https:\/\/www.radiopiu.net\/wordpress\/wp-content\/uploads\/2022\/06\/moreno-giorli-ulss.mp3?_=3\" \/><a href=\"https:\/\/www.radiopiu.net\/wordpress\/wp-content\/uploads\/2022\/06\/moreno-giorli-ulss.mp3\">https:\/\/www.radiopiu.net\/wordpress\/wp-content\/uploads\/2022\/06\/moreno-giorli-ulss.mp3<\/a><\/audio>\n<p>&nbsp;<\/p>\n<p><strong>GLI INTERVENTI<\/strong><\/p>\n<p>Riccardo Berletti (primario radiologia Feltre); Paolo Battocchio (direttore centro servizi anziani di Mel); MariaGrazia Carraro (direttore generale Ulss1 Dolomiti)<\/p>\n<div style=\"width: 848px;\" class=\"wp-video\"><video class=\"wp-video-shortcode\" id=\"video-280299-1\" width=\"848\" height=\"480\" preload=\"metadata\" controls=\"controls\"><source type=\"video\/mp4\" src=\"https:\/\/www.radiopiu.net\/wordpress\/wp-content\/uploads\/2022\/06\/WhatsApp-Video-2022-06-08-at-18.30.18.mp4?_=1\" \/><a href=\"https:\/\/www.radiopiu.net\/wordpress\/wp-content\/uploads\/2022\/06\/WhatsApp-Video-2022-06-08-at-18.30.18.mp4\">https:\/\/www.radiopiu.net\/wordpress\/wp-content\/uploads\/2022\/06\/WhatsApp-Video-2022-06-08-at-18.30.18.mp4<\/a><\/video><\/div>\n<p>&nbsp;<\/p>\n<p>&nbsp;<\/p>\n<p>&nbsp;<\/p>\n<p>&nbsp;<\/p>\n<hr \/>\n<p>&nbsp;<\/p>\n<blockquote>\n<h3>QUELLI CHE SCRIVONO &#8220;IN PUNTA DI PENNA&#8221;<\/h3>\n<\/blockquote>\n<p><strong><a class=\"dt-pswp-item\" href=\"https:\/\/www.radiopiu.net\/wordpress\/wp-content\/uploads\/2022\/06\/ad43972b-9047-43f0-bd0c-5706566668a0.jpg\" data-dt-img-description=\"\" data-large_image_width=\"1024\" data-large_image_height=\"1024\"><img loading=\"lazy\" decoding=\"async\" class=\" wp-image-280397 alignleft\" src=\"https:\/\/www.radiopiu.net\/wordpress\/wp-content\/uploads\/2022\/06\/ad43972b-9047-43f0-bd0c-5706566668a0-150x150.jpg\" alt=\"\" width=\"111\" height=\"111\" srcset=\"https:\/\/www.radiopiu.net\/wordpress\/wp-content\/uploads\/2022\/06\/ad43972b-9047-43f0-bd0c-5706566668a0-150x150.jpg 150w, https:\/\/www.radiopiu.net\/wordpress\/wp-content\/uploads\/2022\/06\/ad43972b-9047-43f0-bd0c-5706566668a0-300x300.jpg 300w, https:\/\/www.radiopiu.net\/wordpress\/wp-content\/uploads\/2022\/06\/ad43972b-9047-43f0-bd0c-5706566668a0-768x768.jpg 768w, https:\/\/www.radiopiu.net\/wordpress\/wp-content\/uploads\/2022\/06\/ad43972b-9047-43f0-bd0c-5706566668a0.jpg 1024w\" sizes=\"auto, (max-width: 111px) 100vw, 111px\" \/><\/a>BELLUNO<\/strong> Me lo ricordo Sostene, quando entravi in redazione e a quei tempi entrare in redazione era un piacere, iniziava a raccontarti le cose pi\u00f9 belle della vita. Alcune di queste le ha pure scritte. E&#8217; stata la prima persona che ha raccolto, cestinato, criticato, decine di pezzi per il Gazzettino ed era appena il 1992 quando la &#8220;non tecnologia&#8221; ti obbligava -ed era un piacere &#8211; ad avere rapporti quotidiani usando pi\u00f9 sensi, dalle chilometriche telefonate al caff\u00e8-lavoro al Bar.\u00a0 Poi c&#8217;\u00e8 Fiorendo, con il quale l&#8217;amicizia va ormai per i quaranta. Primo conduttore della rubrica sportiva Sport Pi\u00f9 nel 1983, la miglior firma dell&#8217;hockey su ghiaccio da Alleghe e dalle Olimpiadi, gli alto atesini si sono vantati per anni di avere le penne migliori dell&#8217;hockey, ma hanno letto poco la stampa bellunese, altrimenti ai tempi le opinioni sarebbero state ben diverse, o forse era solo questione di lingua. Oggi Sostene Schena \u00e8 una voce di Radio Pi\u00f9, ogni mattina e sera alle nove perch\u00e9 ha 1000 <a class=\"dt-pswp-item\" href=\"https:\/\/www.radiopiu.net\/wordpress\/wp-content\/uploads\/2022\/06\/273036598_4579210715538103_6886677658498324225_n.jpg\" data-dt-img-description=\"\" data-large_image_width=\"2048\" data-large_image_height=\"1436\"><img loading=\"lazy\" decoding=\"async\" class=\"alignright wp-image-280400 \" src=\"https:\/\/www.radiopiu.net\/wordpress\/wp-content\/uploads\/2022\/06\/273036598_4579210715538103_6886677658498324225_n.jpg\" alt=\"\" width=\"166\" height=\"116\" srcset=\"https:\/\/www.radiopiu.net\/wordpress\/wp-content\/uploads\/2022\/06\/273036598_4579210715538103_6886677658498324225_n.jpg 2048w, https:\/\/www.radiopiu.net\/wordpress\/wp-content\/uploads\/2022\/06\/273036598_4579210715538103_6886677658498324225_n-300x210.jpg 300w, https:\/\/www.radiopiu.net\/wordpress\/wp-content\/uploads\/2022\/06\/273036598_4579210715538103_6886677658498324225_n-1024x718.jpg 1024w, https:\/\/www.radiopiu.net\/wordpress\/wp-content\/uploads\/2022\/06\/273036598_4579210715538103_6886677658498324225_n-768x539.jpg 768w, https:\/\/www.radiopiu.net\/wordpress\/wp-content\/uploads\/2022\/06\/273036598_4579210715538103_6886677658498324225_n-1536x1077.jpg 1536w\" sizes=\"auto, (max-width: 166px) 100vw, 166px\" \/><\/a>e pi\u00f9 sms in rima da raccontare e dopo i primi 276 non \u00e8 ancora stanco. Fiorendo \u00e8 stata voce puntuale anche per quegli eventi che ci sono rimasti nel cuore, Il karaoke di Fiorellino, Le Miglia, Giochi Senza Frontiere, La Ciclinvalle, giusto per citare i principali. A questo punto sarebbe ora di dare la notizia, sono certo sia Sostene che Fiorendo stanno pensando <em>&#8220;il solito giornalista che non ha ancora capito che la notizia va data nelle prime tre righe&#8230;&#8221;.\u00a0<\/em><\/p>\n<blockquote>\n<blockquote><p><strong>Oggi a Venezia alla Festa dei Giornalisti in Campo\u00a0 Sostene Schena ha ricevuto la Pergamena per i\u00a0 60 anni di giornalismo e Fiorendo Dalla C\u00e0 la Spilla d&#8217;oro dei 50. Con i complimenti da tutta la redazione di Radio Pi\u00f9, miei personali ribadendovi che mi onora ed emoziona sapervi amici.<\/strong><\/p><\/blockquote>\n<p>&nbsp;<\/p><\/blockquote>\n<p>&nbsp;<\/p>\n<hr \/>\n<blockquote>\n<h3><\/h3>\n<h3>UN GIORNO SPECIALE PER CELESTINO CON UN GRAZIE DAI COLLEGHI<\/h3>\n<\/blockquote>\n<p dir=\"auto\"><strong>COLLE SANTA LUCIA<\/strong> Gramarz\u00e8 de cuore Celestino, come dicono a Colle Santa lucia. E&#8217;\u00a0 un grazie grande espresso con il cuore dai suoi colleghi, i pompieri volontari del distaccamento di Colle Santa Lucia che si sono ritrovati per festeggiare il\u00a0 vigile Celestino Agostini,\u00a0 \u00a0dopo 37 anni di servizio ha terminato l&#8217;operativit\u00e0, dai colleghi il grazie per il servizio svolto e l&#8217;augurio di una buona pensione<\/p>\n<p dir=\"auto\"><a class=\"dt-pswp-item\" href=\"https:\/\/www.radiopiu.net\/wordpress\/wp-content\/uploads\/2022\/06\/286641718_1214749255731342_8358574134244040_n.jpg\" data-dt-img-description=\"\" data-large_image_width=\"526\" data-large_image_height=\"686\"><img loading=\"lazy\" decoding=\"async\" class=\"alignnone wp-image-280379 \" src=\"https:\/\/www.radiopiu.net\/wordpress\/wp-content\/uploads\/2022\/06\/286641718_1214749255731342_8358574134244040_n.jpg\" alt=\"\" width=\"144\" height=\"188\" srcset=\"https:\/\/www.radiopiu.net\/wordpress\/wp-content\/uploads\/2022\/06\/286641718_1214749255731342_8358574134244040_n.jpg 526w, https:\/\/www.radiopiu.net\/wordpress\/wp-content\/uploads\/2022\/06\/286641718_1214749255731342_8358574134244040_n-230x300.jpg 230w\" sizes=\"auto, (max-width: 144px) 100vw, 144px\" \/>\u00a0\u00a0<\/a><\/p>\n<p>&nbsp;<\/p>\n<p>&nbsp;<\/p>\n<p>&nbsp;<\/p>\n<hr \/>\n<p>&nbsp;<\/p>\n<blockquote class=\"wp-embedded-content\" data-secret=\"LlkvAoK64K\"><p><a href=\"https:\/\/www.radiopiu.net\/wordpress\/aggnazionalegiugno08\/\">CORONAVIRUS: AGGIORNAMENTO NAZIONALE 08 GIUGNO 2022<\/a><\/p><\/blockquote>\n<p><iframe loading=\"lazy\" class=\"wp-embedded-content\" sandbox=\"allow-scripts\" security=\"restricted\" style=\"position: absolute; clip: rect(1px, 1px, 1px, 1px);\" title=\"&#8220;CORONAVIRUS: AGGIORNAMENTO NAZIONALE 08 GIUGNO 2022&#8221; &#8212; Radio Pi\u00f9\" src=\"https:\/\/www.radiopiu.net\/wordpress\/aggnazionalegiugno08\/embed\/#?secret=DfgGJZRWk1#?secret=LlkvAoK64K\" data-secret=\"LlkvAoK64K\" width=\"600\" height=\"338\" frameborder=\"0\" marginwidth=\"0\" marginheight=\"0\" scrolling=\"no\"><\/iframe><\/p>\n<p>&nbsp;<\/p>\n<p>&nbsp;<\/p>\n<blockquote class=\"wp-embedded-content\" data-secret=\"Quxiy6TVxm\"><p><a href=\"https:\/\/www.radiopiu.net\/wordpress\/aggazzerogiugno08\/\">QUASI DUE MILA NUOVE POSITIVITA&#8217; NELLE ULTIME 24 ORE IN VENETO. RICOVERI IN CALO E 4 DECESSI<\/a><\/p><\/blockquote>\n<p><iframe loading=\"lazy\" class=\"wp-embedded-content\" sandbox=\"allow-scripts\" security=\"restricted\" style=\"position: absolute; clip: rect(1px, 1px, 1px, 1px);\" title=\"&#8220;QUASI DUE MILA NUOVE POSITIVITA&#8217; NELLE ULTIME 24 ORE IN VENETO. RICOVERI IN CALO E 4 DECESSI&#8221; &#8212; Radio Pi\u00f9\" src=\"https:\/\/www.radiopiu.net\/wordpress\/aggazzerogiugno08\/embed\/#?secret=T8nqbzDle4#?secret=Quxiy6TVxm\" data-secret=\"Quxiy6TVxm\" width=\"600\" height=\"338\" frameborder=\"0\" marginwidth=\"0\" marginheight=\"0\" scrolling=\"no\"><\/iframe><\/p>\n<p>&nbsp;<\/p>\n<h2 dir=\"auto\">I GRAFICI DI TIZIANO DE COL<\/h2>\n\n\t\t\t<style type='text\/css'>\n\t\t\t\t#gallery-3 {\n\t\t\t\t\tmargin: auto;\n\t\t\t\t}\n\t\t\t\t#gallery-3 .gallery-item {\n\t\t\t\t\tfloat: left;\n\t\t\t\t\tmargin-top: 10px;\n\t\t\t\t\ttext-align: center;\n\t\t\t\t\twidth: 33%;\n\t\t\t\t}\n\t\t\t\t#gallery-3 img {\n\t\t\t\t\tborder: 2px solid #cfcfcf;\n\t\t\t\t}\n\t\t\t\t#gallery-3 .gallery-caption {\n\t\t\t\t\tmargin-left: 0;\n\t\t\t\t}\n\t\t\t\t\/* see gallery_shortcode() in wp-includes\/media.php *\/\n\t\t\t<\/style>\n\t\t<div id='gallery-3' class='dt-gallery-container gallery galleryid-280299 gallery-columns-3 gallery-size-thumbnail'><dl class='gallery-item'>\n\t\t\t\t<dt class='gallery-icon landscape'>\n\t\t\t\t\t<a class=\"rollover\" href='https:\/\/www.radiopiu.net\/wordpress\/giornale-radiopiu-09-giugno-2022-direttore-mirko-mezzacasa\/ff095c29-92d6-4fb4-abd1-c31d5bf3906d\/'><img loading=\"lazy\" decoding=\"async\" width=\"150\" height=\"150\" src=\"https:\/\/www.radiopiu.net\/wordpress\/wp-content\/uploads\/2022\/06\/ff095c29-92d6-4fb4-abd1-c31d5bf3906d-150x150.jpg\" class=\"attachment-thumbnail size-thumbnail\" alt=\"\" \/><\/a>\n\t\t\t\t<\/dt><\/dl><dl class='gallery-item'>\n\t\t\t\t<dt class='gallery-icon landscape'>\n\t\t\t\t\t<a class=\"rollover\" href='https:\/\/www.radiopiu.net\/wordpress\/giornale-radiopiu-09-giugno-2022-direttore-mirko-mezzacasa\/940f53d7-e7b7-4dc8-a377-f08e23e754ab\/'><img loading=\"lazy\" decoding=\"async\" width=\"150\" height=\"150\" src=\"https:\/\/www.radiopiu.net\/wordpress\/wp-content\/uploads\/2022\/06\/940f53d7-e7b7-4dc8-a377-f08e23e754ab-150x150.jpg\" class=\"attachment-thumbnail size-thumbnail\" alt=\"\" \/><\/a>\n\t\t\t\t<\/dt><\/dl><dl class='gallery-item'>\n\t\t\t\t<dt class='gallery-icon landscape'>\n\t\t\t\t\t<a class=\"rollover\" href='https:\/\/www.radiopiu.net\/wordpress\/giornale-radiopiu-09-giugno-2022-direttore-mirko-mezzacasa\/eea7372b-9a3a-4b84-824b-0c78e466fc4b\/'><img loading=\"lazy\" decoding=\"async\" width=\"150\" height=\"150\" src=\"https:\/\/www.radiopiu.net\/wordpress\/wp-content\/uploads\/2022\/06\/eea7372b-9a3a-4b84-824b-0c78e466fc4b-150x150.jpg\" class=\"attachment-thumbnail size-thumbnail\" alt=\"\" \/><\/a>\n\t\t\t\t<\/dt><\/dl><br style=\"clear: both\" \/><dl class='gallery-item'>\n\t\t\t\t<dt class='gallery-icon landscape'>\n\t\t\t\t\t<a class=\"rollover\" href='https:\/\/www.radiopiu.net\/wordpress\/giornale-radiopiu-09-giugno-2022-direttore-mirko-mezzacasa\/bc0e82a3-b065-49cf-8d48-80741f176708-2\/'><img loading=\"lazy\" decoding=\"async\" width=\"150\" height=\"150\" src=\"https:\/\/www.radiopiu.net\/wordpress\/wp-content\/uploads\/2022\/06\/bc0e82a3-b065-49cf-8d48-80741f176708-1-150x150.jpg\" class=\"attachment-thumbnail size-thumbnail\" alt=\"\" \/><\/a>\n\t\t\t\t<\/dt><\/dl><dl class='gallery-item'>\n\t\t\t\t<dt class='gallery-icon landscape'>\n\t\t\t\t\t<a class=\"rollover\" href='https:\/\/www.radiopiu.net\/wordpress\/giornale-radiopiu-09-giugno-2022-direttore-mirko-mezzacasa\/99432230-c9f7-4eb0-b4d5-46151b4b2d44\/'><img loading=\"lazy\" decoding=\"async\" width=\"150\" height=\"150\" src=\"https:\/\/www.radiopiu.net\/wordpress\/wp-content\/uploads\/2022\/06\/99432230-c9f7-4eb0-b4d5-46151b4b2d44-150x150.jpg\" class=\"attachment-thumbnail size-thumbnail\" alt=\"\" \/><\/a>\n\t\t\t\t<\/dt><\/dl><dl class='gallery-item'>\n\t\t\t\t<dt class='gallery-icon landscape'>\n\t\t\t\t\t<a class=\"rollover\" href='https:\/\/www.radiopiu.net\/wordpress\/giornale-radiopiu-09-giugno-2022-direttore-mirko-mezzacasa\/f9dc00c3-00d7-4585-8d4c-b1031cb28103\/'><img loading=\"lazy\" decoding=\"async\" width=\"150\" height=\"150\" src=\"https:\/\/www.radiopiu.net\/wordpress\/wp-content\/uploads\/2022\/06\/f9dc00c3-00d7-4585-8d4c-b1031cb28103-150x150.jpg\" class=\"attachment-thumbnail size-thumbnail\" alt=\"\" \/><\/a>\n\t\t\t\t<\/dt><\/dl><br style=\"clear: both\" \/>\n\t\t\t<\/div>\n\n<p>&nbsp;<\/p>\n<hr \/>\n<p>&nbsp;<\/p>\n<blockquote>\n<h3>STANZIATI 5 MILIONI DI EURO SU FONDO ANTICRISI PER SOSTENERE INVESTIMENTI IMPRESE NEL FOTOVOLTAICO<\/h3>\n<\/blockquote>\n<p><strong>VENEZIA<\/strong> Annunciata l\u2019approvazione da parte della Giunta regionale della delibera che stanzia 5 milioni di euro destinati ad incrementare la dotazione finanziaria del Fondo di rotazione &#8220;Anticrisi attivit\u00e0 produttive\u201d per sostenere le imprese che investono nell\u2019installazione di impianti fotovoltaici nelle proprie strutture produttive. Il finanziamento agevolato e il contributo a fondo perduto, del 10% per la media impresa e del 20% per la piccola, si riferiscono non solo alle spese per la fornitura e l\u2019installazione dei pannelli, ma anche alle spese per gli impianti di accumulo, il sistema combinato di inverter e l\u2019allacciamento alla rete elettrica. In particolare, il contributo a fondo perduto \u00e8 determinato nei seguenti limiti: 2.000 \u20ac\/kW per impianti fino a 20 kW, cui corrisponde un contributo massimo di \u20ac 8.000; 1.600 \u20ac\/kW per impianti fino a 100 kW, cui corrisponde un contributo massimo di \u20ac 32.000; 1.000 \u20ac\/kW per impianti con potenza superiore a 100 kW, cui corrisponde un contributo fissato nel massimo in \u20ac 50.000.<\/p>\n<p>&nbsp;<\/p>\n<p>&nbsp;<\/p>\n<hr \/>\n<p>&nbsp;<\/p>\n<p>&nbsp;<\/p>\n<blockquote>\n<h3>GIOCHI MILANO-CORTINA 2026. IL PROGETTO PRENDE FORMA. ZAIA\u00a0 &#8220;LAVORIAMO ANCHE PER CIO\u2019 CHE LASCERANNO IN EREDITA\u2019 ALLE COMUNITA\u2019\u201d<\/h3>\n<\/blockquote>\n\n\t\t\t<style type='text\/css'>\n\t\t\t\t#gallery-4 {\n\t\t\t\t\tmargin: auto;\n\t\t\t\t}\n\t\t\t\t#gallery-4 .gallery-item {\n\t\t\t\t\tfloat: left;\n\t\t\t\t\tmargin-top: 10px;\n\t\t\t\t\ttext-align: center;\n\t\t\t\t\twidth: 33%;\n\t\t\t\t}\n\t\t\t\t#gallery-4 img {\n\t\t\t\t\tborder: 2px solid #cfcfcf;\n\t\t\t\t}\n\t\t\t\t#gallery-4 .gallery-caption {\n\t\t\t\t\tmargin-left: 0;\n\t\t\t\t}\n\t\t\t\t\/* see gallery_shortcode() in wp-includes\/media.php *\/\n\t\t\t<\/style>\n\t\t<div id='gallery-4' class='dt-gallery-container gallery galleryid-280299 gallery-columns-3 gallery-size-thumbnail'><dl class='gallery-item'>\n\t\t\t\t<dt class='gallery-icon portrait'>\n\t\t\t\t\t<a class=\"rollover rollover-zoom dt-pswp-item\" title=\"MILANOCORTINA VIO COMPAGNONI VESSILLI\" data-dt-img-description=\"\" data-large_image_width=\"1200\" data-large_image_height=\"1600\"href='https:\/\/www.radiopiu.net\/wordpress\/wp-content\/uploads\/2022\/06\/MILANOCORTINA-VIO-COMPAGNONI-VESSILLI.jpg'><img loading=\"lazy\" decoding=\"async\" width=\"150\" height=\"150\" src=\"https:\/\/www.radiopiu.net\/wordpress\/wp-content\/uploads\/2022\/06\/MILANOCORTINA-VIO-COMPAGNONI-VESSILLI-150x150.jpg\" class=\"attachment-thumbnail size-thumbnail\" alt=\"\" \/><\/a>\n\t\t\t\t<\/dt><\/dl><dl class='gallery-item'>\n\t\t\t\t<dt class='gallery-icon landscape'>\n\t\t\t\t\t<a class=\"rollover rollover-zoom dt-pswp-item\" title=\"MILANOCORTINA 1\" data-dt-img-description=\"\" data-large_image_width=\"1024\" data-large_image_height=\"768\"href='https:\/\/www.radiopiu.net\/wordpress\/wp-content\/uploads\/2022\/06\/MILANOCORTINA-1.jpg'><img loading=\"lazy\" decoding=\"async\" width=\"150\" height=\"150\" src=\"https:\/\/www.radiopiu.net\/wordpress\/wp-content\/uploads\/2022\/06\/MILANOCORTINA-1-150x150.jpg\" class=\"attachment-thumbnail size-thumbnail\" alt=\"\" \/><\/a>\n\t\t\t\t<\/dt><\/dl><dl class='gallery-item'>\n\t\t\t\t<dt class='gallery-icon landscape'>\n\t\t\t\t\t<a class=\"rollover rollover-zoom dt-pswp-item\" title=\"MILANOCORTINA 2\" data-dt-img-description=\"\" data-large_image_width=\"1600\" data-large_image_height=\"1200\"href='https:\/\/www.radiopiu.net\/wordpress\/wp-content\/uploads\/2022\/06\/MILANOCORTINA-2.jpg'><img loading=\"lazy\" decoding=\"async\" width=\"150\" height=\"150\" src=\"https:\/\/www.radiopiu.net\/wordpress\/wp-content\/uploads\/2022\/06\/MILANOCORTINA-2-150x150.jpg\" class=\"attachment-thumbnail size-thumbnail\" alt=\"\" \/><\/a>\n\t\t\t\t<\/dt><\/dl><br style=\"clear: both\" \/>\n\t\t\t<\/div>\n\n<p><strong>VENEZIA<\/strong><em> \u201cDa oggi le Olimpiadi invernali entrano nel vivo. Abbiamo creato una bella squadra, la mia idea sta prendendo forma, e ora \u00e8 il momento di far conoscere a tutto il mondo il nostro progetto. Faccio un appello al Ministro Di Maio, che sono sicuro raccoglier\u00e0, visto il suo network: in tutte le ambasciate e in tutti gli eventi internazionali ci deve essere il brand dei Giochi. Se riusciamo a farlo, e non ho dubbi che non ce la faremo, quei 3 miliardi di persone che guarderanno Milano-Cortina 2026 saranno ancora pi\u00f9 attenti alle nostre comunit\u00e0. Perch\u00e9 noi stiamo investendo non solo per le Olimpiadi ma per quello che lasceranno in eredit\u00e0\u201d<\/em>. Con queste parole il Presidente della Regione Veneto \u00e8 intervenuto al convegno \u201cOlimpiadi e paralimpiadi Milano Cortina 2026.\u00a0 GianMario Verona, rettore dell\u2019Universit\u00e0 Bocconi di Milano, ha\u00a0 confermato i dati del 2019, usciti da uno studio sull\u2019impatto economico dei Giochi, realizzato in collaborazione con l\u2019universit\u00e0 di Venezia. In sintesi: Produzione attivata: +4.3 miliardi. Valore aggiunto generato: +2 miliardi. Gettito fiscale: +530 milioni. Occupazione: +36mila circa.<\/p>\n<p>&nbsp;<\/p>\n<hr \/>\n<p>&nbsp;<\/p>\n<p>&nbsp;<\/p>\n<div class=\"page-title-head hgroup\">\n<blockquote>\n<h3 class=\"entry-title\">IN CARCERE CARENZA ORGANICA, PER LA PENITENZIARIA SITUAZIONE INSOSTENIBILE<\/h3>\n<\/blockquote>\n<\/div>\n<div class=\"page-title-breadcrumbs\"><\/div>\n<div><strong>ANDREA FIOCCO ALLA RADIO\u00a0<\/strong><br \/>\n<audio class=\"wp-audio-shortcode\" id=\"audio-280299-4\" preload=\"none\" style=\"width: 100%;\" controls=\"controls\"><source type=\"audio\/mpeg\" src=\"https:\/\/www.radiopiu.net\/wordpress\/wp-content\/uploads\/2022\/06\/ANDREA-FIOCCO.mp3?_=4\" \/><a href=\"https:\/\/www.radiopiu.net\/wordpress\/wp-content\/uploads\/2022\/06\/ANDREA-FIOCCO.mp3\">https:\/\/www.radiopiu.net\/wordpress\/wp-content\/uploads\/2022\/06\/ANDREA-FIOCCO.mp3<\/a><\/audio>\n<\/div>\n<div><\/div>\n<p><strong><img loading=\"lazy\" decoding=\"async\" class=\"alignleft\" src=\"https:\/\/www.radiopiu.net\/wordpress\/wp-content\/uploads\/2021\/07\/image-2.jpg\" width=\"285\" height=\"160\" \/>BELLUNO<\/strong> Il terzo giorno per la FP CGIL nelle Carceri Venete, dopo Verona, Vicenza oggi la delegazione \u00e8 approdata a Belluno. A parlare \u00e8 Giampiero Pegoraro FP CGIL Veneto per la Polizia Penitenziaria che esprime solidariet\u00e0 forti perplessit\u00e0 sulla sicurezza del Carcere Bellunese.<em> &#8220;Dopo tre giorni nelle carceri venete, ci auspichiamo che non avvengano ulteriori eventi critici che compromettono l&#8217;ordine, la sicurezza e incolumit\u00e0 di lavoratrici e lavoratori&#8221; &#8211;<\/em> continua Andrea Fiocco FP CGIL Provinciale Belluno<\/p>\n<blockquote><p><em>&#8220;Urgono immediati interventi che tutelino concretamente il personale della Polizia Penitenziaria, adeguare una struttura come quella Bellunese agli standard delle Carceri Europee \u2013 aggiunge Mirko Manna FP CGIL Nazionale &#8211; Non possiamo pi\u00f9 accettare che mentre la politica e la Ministra parlino di Casa dell\u2019Amore, le Carceri Italiane sono ancora strutture obsolete ed inadeguate che minano la dignit\u00e0 umana. Ci aspettavamo un cambiamento dopo la sentenza Torregiani e con l\u2019arrivo della Ministra Cartabia; invece, continuiamo ad assistere a teatrini politici, super commissioni, gruppi di lavoro, ma nulla di fatto. Se \u00e8 vero che Il grado di civilt\u00e0 di un Paese si misura osservando la condizione delle sue carceri\u201d, diceva Voltaire, verrebbe da pensare che la frase non l&#8217;abbia mai letta nessuno vista la situazione carceraria in Italia&#8221;<\/em><\/p><\/blockquote>\n<p>&nbsp;<\/p>\n<p>&nbsp;<\/p>\n<p>&nbsp;<\/p>\n<hr \/>\n<p>&nbsp;<\/p>\n<blockquote>\n<h3>ABM, LA FAMIGLIA BELLUNESE DI LUCERNA NON CHIUDE<\/h3>\n<\/blockquote>\n<p><strong>BELLUNO<\/strong> Nell&#8217;ultima assemblea annuale della famiglia di Lucerna in Svizzera, \u00e8 stato dibattuto l&#8217;atteso punto \u201cChiusura della Famiglia?\u201d. I soci hanno deciso per mantenere aperto il sodalizio bellunese &#8211; chiedendo semmai supporto alla Famiglia Bellunese di Zurigo, realt\u00e0 associativa vicina a Lucerna &#8211; e organizzando una serie di gite, sia in Svizzera, sia in Veneto. Gli anni si fanno sentire per tutti, ma di certo l\u2019affetto sincero per la terra natia non va nell\u2019oblio. Nell&#8217;incontro sono stati ricordati i soci venuti a mancare in questo ultimo periodo, tra cui il presidente della Famiglia Giuseppe Deon. A presiedere l\u2019assemblea proprio il figlio. <em>\u00abPosso dire di essere un figlio dell\u2019Abm &#8211; le parole di Luca &#8211; e ringrazio tutti per quanto avete fatto per mantenere vivo il legame con Belluno\u00bb.<\/em><\/p>\n<p><a class=\"dt-pswp-item\" href=\"https:\/\/www.radiopiu.net\/wordpress\/wp-content\/uploads\/2022\/06\/famiglia_lucerna.jpg\" data-dt-img-description=\"\" data-large_image_width=\"2016\" data-large_image_height=\"1134\"><img loading=\"lazy\" decoding=\"async\" class=\"alignnone wp-image-280413 size-medium\" src=\"https:\/\/www.radiopiu.net\/wordpress\/wp-content\/uploads\/2022\/06\/famiglia_lucerna-300x169.jpg\" alt=\"\" width=\"300\" height=\"169\" srcset=\"https:\/\/www.radiopiu.net\/wordpress\/wp-content\/uploads\/2022\/06\/famiglia_lucerna-300x169.jpg 300w, https:\/\/www.radiopiu.net\/wordpress\/wp-content\/uploads\/2022\/06\/famiglia_lucerna-1024x576.jpg 1024w, https:\/\/www.radiopiu.net\/wordpress\/wp-content\/uploads\/2022\/06\/famiglia_lucerna-768x432.jpg 768w, https:\/\/www.radiopiu.net\/wordpress\/wp-content\/uploads\/2022\/06\/famiglia_lucerna-1536x864.jpg 1536w, https:\/\/www.radiopiu.net\/wordpress\/wp-content\/uploads\/2022\/06\/famiglia_lucerna.jpg 2016w\" sizes=\"auto, (max-width: 300px) 100vw, 300px\" \/><\/a><\/p>\n<p>&nbsp;<\/p>\n<blockquote>\n<h3>SPESE PER IL RIENTRO E PRIMA SISTEMAZIONE<\/h3>\n<\/blockquote>\n<p><strong><a class=\"dt-pswp-item\" href=\"https:\/\/www.radiopiu.net\/wordpress\/wp-content\/uploads\/2021\/04\/VALIGIA.jpg\" data-dt-img-description=\"\" data-large_image_width=\"1920\" data-large_image_height=\"1280\"><img loading=\"lazy\" decoding=\"async\" class=\"size-thumbnail wp-image-200911 alignleft\" src=\"https:\/\/www.radiopiu.net\/wordpress\/wp-content\/uploads\/2021\/04\/VALIGIA-150x150.jpg\" alt=\"\" width=\"150\" height=\"150\" \/><\/a>BELLUNO<\/strong> La Regione Veneto ha approvato i termini, le modalit\u00e0 di presentazione delle domande e i criteri di concessione del rimborso delle spese sostenute per il viaggio, il trasporto delle masserizie e la prima sistemazione in Veneto. Assegnatari sono i cittadini veneti emigrati, coniuge superstite, e discendenti entro la terza generazione, in comprovate situazioni di bisogno, che hanno fissato la prima residenza in Veneto, con provenienza diretta dall\u2019estero, da almeno un anno e da non pi\u00f9 di tre anni. Le spese ammesse al\u00a0 rimborso sono: spese di viaggio di rientro e trasporto masserizie; spese sostenute per il viaggio con mezzo pubblico di trasporto, spese sostenute per il viaggio con mezzo privato, spese sostenute per il trasporto masserizie; le spese di prima sistemazione come quelle\u00a0 per la locazione e le utenze domestiche. Queste le scadenze per presentare la domanda: per il primo riparto entro e non oltre le ore 12.00 del 31 luglio 2022; per il secondo riparto entro le ore 12.00 del 31 ottobre 2022, pena l\u2019esclusione. La modulistica \u00e8 disponibile nel Portale Cultura Veneto, sezione contributi. Gli Uffici dell\u2019Associazione Bellunesi nel Mondo sono a disposizione per maggiori informazioni e supporto.<\/p>\n<pre class=\"moz-signature\"><\/pre>\n<p>&nbsp;<\/p>\n<hr \/>\n<p>&nbsp;<\/p>\n<blockquote>\n<h3>NUOVA TRANCHE DI CONTRIBUTI STATALI ALLE FUSIONI DI COMUNI DEL VENETO: IN ARRIVO 11 MILIONI DI EURO<\/h3>\n<\/blockquote>\n<p><strong><a class=\"dt-pswp-item\" href=\"https:\/\/www.radiopiu.net\/wordpress\/wp-content\/uploads\/2021\/03\/THINK-THANK-NORD-EST.png\" data-dt-img-description=\"\" data-large_image_width=\"340\" data-large_image_height=\"292\"><img loading=\"lazy\" decoding=\"async\" class=\"size-thumbnail wp-image-197788 alignleft\" src=\"https:\/\/www.radiopiu.net\/wordpress\/wp-content\/uploads\/2021\/03\/THINK-THANK-NORD-EST-150x150.png\" alt=\"\" width=\"150\" height=\"150\" \/><\/a>VENEZIA <\/strong>E\u2019 stata stanziata pochi giorni fa, dal Ministero dell\u2019Interno, la nuova tranche di contributi statali dedicati alle fusioni di Comuni. Secondo l\u2019analisi della Fondazione Think Tank Nord Est, in Veneto arriveranno pi\u00f9 di 11 milioni di euro, per un totale di quasi 54 milioni di euro dal 2014 ad oggi. Solo 12 le aggregazioni cui sono destinati questi incentivi. Eppure, in Veneto, oltre la met\u00e0 dei Municipi ha meno di 5 mila abitanti e quindi sono molte le realt\u00e0 di piccole dimensioni che potrebbero valutare la fusione con i Comuni confinanti. Peraltro, nei piccoli Municipi anche la rappresentanza politica \u00e8 sempre pi\u00f9 difficile: basti pensare che alle elezioni amministrative in programma domenica prossima, in ben 17 Comuni veneti (su un totale di 86 al voto per l\u2019elezione del sindaco) si presenter\u00e0 un solo candidato: in caso di affluenza inferiore al 40% \u00e8 previsto il commissariamento. L\u2019aggregazione tra Municipi potrebbe ovviare a questo rischio, offrendo al contempo ai cittadini la possibilit\u00e0 di scegliere tra pi\u00f9 aspiranti alla carica di primo cittadino. I \u201ccandidati unici\u201d sono presenti in tutte le province: nel Bellunese, nel Padovano e nel Veronese sono 4; in provincia di Treviso sono 2; nel Rodigino, nel Veneziano e nel Vicentino si tratta invece di un solo caso. Borgo Valbelluna ottiene 1,9 milioni di euro, mentre ad Alpago e Longarone spettano 1,2 milioni di euro. Sommando tutte le erogazioni statali ricevute dal 2014 ad oggi, nelle casse di Longarone sono confluiti ben 8,8 milioni di euro, mentre 7,9 milioni di euro sono arrivati a Borgo Valbelluna e 7,2 milioni di euro sono stati ottenuti da Alpago. A Val di Zoldo, con 251 euro all\u2019anno per abitante, si registra il contributo pro capite pi\u00f9 alto, davanti a Valbrenta con 200 euro annui per cittadino, Longarone con 192 e Alpago con 181. Il dato medio, relativo a tutte le fusioni del Veneto, \u00e8 pari a 158 euro all\u2019anno per abitante. Borgo Valbelluna incassa invece il contributo medio annuo pi\u00f9 elevato, pari a quasi 2 milioni di euro, in quanto si tratta dell\u2019aggregazione che interessa il maggior numero di persone (13.441 abitanti al primo gennaio 2022). \u201c<em>La fusione dei piccoli Comuni \u00e8 una grande opportunit\u00e0 &#8211; spiega Antonio Ferrarelli, presidente della Fondazione Think Tank Nord Est &#8211; perch\u00e9 grazie alle risorse aggiuntive versate dallo Stato e dalla Regione si possono realizzare nuovi progetti e migliorare i servizi ai cittadini e alle imprese. L\u2019aggregazione va costruita dal basso, cercando di unire le comunit\u00e0 e le identit\u00e0 territoriali per raggiungere obiettivi importanti: il primo scopo della fusione deve essere quello di migliorare la vita dei cittadini, fornendo servizi di qualit\u00e0, ma anche contribuendo a creare opportunit\u00e0 di vita e di lavoro. Invitiamo i sindaci dei piccoli Comuni a diventare i promotori di un assetto amministrativo del territorio meno frammentato, abbattendo i confini tra Municipi e guidando le proprie comunit\u00e0 a superare le paure legate alla perdita del \u201ccampanile\u201d: mettersi insieme &#8211; conclude Ferrarelli &#8211; significa creare le premesse per poter affrontare le complesse sfide di oggi e costruire un futuro migliore<\/em>.\u201d<\/p>\n<p>&nbsp;<\/p>\n<p>&nbsp;<\/p>\n<hr \/>\n<p>&nbsp;<\/p>\n<div class=\"page-title-head hgroup\">\n<blockquote>\n<h3 class=\"entry-title\">IL SENTIERO VALLAVIA IN NEVEGAL CHIUSO FINO AL 30 LUGLIO<\/h3>\n<\/blockquote>\n<\/div>\n<div class=\"page-title-breadcrumbs\"><strong><img loading=\"lazy\" decoding=\"async\" class=\"alignleft\" src=\"https:\/\/www.radiopiu.net\/wordpress\/wp-content\/uploads\/2021\/01\/Sentieri_Nevegal_lavori-1.jpg\" width=\"147\" height=\"100\" \/>BELLUNO<\/strong> <span dir=\"ltr\" role=\"presentation\">Per consentire i lavori di esbosco forzoso tramite impianto a fune, si rende <\/span><span dir=\"ltr\" role=\"presentation\">necessaria<\/span> <span dir=\"ltr\" role=\"presentation\">la<\/span> <span dir=\"ltr\" role=\"presentation\">chiusura<\/span> <span dir=\"ltr\" role=\"presentation\">con<\/span> <span dir=\"ltr\" role=\"presentation\">interdizione<\/span> <span dir=\"ltr\" role=\"presentation\">totale<\/span> <span dir=\"ltr\" role=\"presentation\">a<\/span> <span dir=\"ltr\" role=\"presentation\">qualsiasi<\/span> <span dir=\"ltr\" role=\"presentation\">transito<\/span> <span dir=\"ltr\" role=\"presentation\">del <\/span><span dir=\"ltr\" role=\"presentation\">sentiero<\/span> <span dir=\"ltr\" role=\"presentation\">Vallavia<\/span> <span dir=\"ltr\" role=\"presentation\">Alta,<\/span> <span dir=\"ltr\" role=\"presentation\">dalla<\/span> <span dir=\"ltr\" role=\"presentation\">intersezione<\/span> <span dir=\"ltr\" role=\"presentation\">con<\/span> <span dir=\"ltr\" role=\"presentation\">la<\/span> <span dir=\"ltr\" role=\"presentation\">strada<\/span> <span dir=\"ltr\" role=\"presentation\">silvo-pastorale<\/span><br role=\"presentation\" \/><span dir=\"ltr\" role=\"presentation\">denominata \u201cSentiero della <\/span><span dir=\"ltr\" role=\"presentation\">Forestale\u201d, e di tutti i sentieri interferenti, nel <\/span><span dir=\"ltr\" role=\"presentation\">periodo dall&#8217;8 giugno al 30 luglio<\/span><\/div>\n<p>&nbsp;<\/p>\n<p>&nbsp;<\/p>\n<p>&nbsp;<\/p>\n<hr \/>\n<p>&nbsp;<\/p>\n<p><span style=\"color: #ff0000;\"><strong>L&#8217;OPINIONE<\/strong><\/span><\/p>\n<p><strong>TERRA ALTE: DETTAGLIATA ANALISI SULLE CRITICITA&#8217;<\/strong><br \/>\ndi Franco Piacentini_Feltre.<\/p>\n<blockquote>\n<div class=\"textLayer\"><span id=\"page3R_mcid3\" class=\"markedContent\"><span dir=\"ltr\" role=\"presentation\">Nella recente pubblicazione (libro CIERRE edizioni) dal titolo: \u201cOggi \u00e8 tempo di imparare <\/span><span dir=\"ltr\" role=\"presentation\">qualcosa<\/span> <span dir=\"ltr\" role=\"presentation\">\u2013<\/span> <span dir=\"ltr\" role=\"presentation\">Omaggio a Tina Merlin\u201d<\/span> <span dir=\"ltr\" role=\"presentation\">trova spazio (anche) la condivisibile<\/span> <span dir=\"ltr\" role=\"presentation\">opinione della <\/span><span dir=\"ltr\" role=\"presentation\">dott.ssa Claudia Soppelsa, sulla situazione delle Terre<\/span> <span dir=\"ltr\" role=\"presentation\">a<\/span><span dir=\"ltr\" role=\"presentation\">lte<\/span><span dir=\"ltr\" role=\"presentation\">.<\/span> <span dir=\"ltr\" role=\"presentation\">U<\/span><span dir=\"ltr\" role=\"presentation\">na<\/span> <span dir=\"ltr\" role=\"presentation\">dettagliata analisi<\/span> <span dir=\"ltr\" role=\"presentation\">c<\/span><span dir=\"ltr\" role=\"presentation\">on la <\/span><span dir=\"ltr\" role=\"presentation\">quale,<\/span> <span dir=\"ltr\" role=\"presentation\">riprendendo molti contributi di altri qualificati conoscitori delle terre montane,<\/span> <span dir=\"ltr\" role=\"presentation\">la <\/span><span dir=\"ltr\" role=\"presentation\">dott.ssa C<\/span><span dir=\"ltr\" role=\"presentation\">laudia<\/span> <span dir=\"ltr\" role=\"presentation\">Soppelsa, focalizzando<\/span> <span dir=\"ltr\" role=\"presentation\">(anche)<\/span> <span dir=\"ltr\" role=\"presentation\">alcuni passaggi del DUP (documento unico <\/span><span dir=\"ltr\" role=\"presentation\">di programmazione) approvato dal Consiglio Pro<\/span><span dir=\"ltr\" role=\"presentation\">vinciale di Belluno<\/span><span dir=\"ltr\" role=\"presentation\">, mette in chiara luce<\/span> <span dir=\"ltr\" role=\"presentation\">\u201cgli <\/span><span dir=\"ltr\" role=\"presentation\">effetti<\/span> <span dir=\"ltr\" role=\"presentation\">della<\/span> <span dir=\"ltr\" role=\"presentation\">leg<\/span><span dir=\"ltr\" role=\"presentation\">g<\/span><span dir=\"ltr\" role=\"presentation\">e<\/span> <span dir=\"ltr\" role=\"presentation\">Delrio<\/span> <span dir=\"ltr\" role=\"presentation\">sull\u2019inasprimento<\/span> <span dir=\"ltr\" role=\"presentation\">di<\/span> <span dir=\"ltr\" role=\"presentation\">antiche<\/span> <span dir=\"ltr\" role=\"presentation\">fragilit\u00e0<\/span> <span dir=\"ltr\" role=\"presentation\">nei<\/span> <span dir=\"ltr\" role=\"presentation\">territori<\/span> <span dir=\"ltr\" role=\"presentation\">marginali\u201d<\/span><span dir=\"ltr\" role=\"presentation\">. <\/span><span dir=\"ltr\" role=\"presentation\">L\u2019acquisto di questo libro, oltre ad essere un atto di ri<\/span><span dir=\"ltr\" role=\"presentation\">conoscimento alla Associazione Tina <\/span><span dir=\"ltr\" role=\"presentation\">Merlin, pu\u00f2 benissimo es<\/span><span dir=\"ltr\" role=\"presentation\">sere una valida documentazione sulle tematiche ambientali che la <\/span><span dir=\"ltr\" role=\"presentation\">\u201cMassa<\/span> <span dir=\"ltr\" role=\"presentation\">critica<\/span> <span dir=\"ltr\" role=\"presentation\">Terre<\/span> <span dir=\"ltr\" role=\"presentation\">alte\u201d<\/span> <span dir=\"ltr\" role=\"presentation\">(<\/span><span dir=\"ltr\" role=\"presentation\">Amministrazioni<\/span> <span dir=\"ltr\" role=\"presentation\">pubbliche<\/span> <span dir=\"ltr\" role=\"presentation\">locali;<\/span> <span dir=\"ltr\" role=\"presentation\">Rappresentanze<\/span> <span dir=\"ltr\" role=\"presentation\">sociali, <\/span><span dir=\"ltr\" role=\"presentation\">economiche<\/span> <span dir=\"ltr\" role=\"presentation\">e<\/span> <span dir=\"ltr\" role=\"presentation\">imprenditoriali;<\/span> <span dir=\"ltr\" role=\"presentation\">Cgil<\/span> <span dir=\"ltr\" role=\"presentation\">Cisl<\/span> <span dir=\"ltr\" role=\"presentation\">Uil;<\/span> <span dir=\"ltr\" role=\"presentation\">Acli; <\/span><span dir=\"ltr\" role=\"presentation\">Associazioni<\/span> <span dir=\"ltr\" role=\"presentation\">culturali,<\/span> <span dir=\"ltr\" role=\"presentation\">sportive<\/span> <span dir=\"ltr\" role=\"presentation\">e <\/span><span dir=\"ltr\" role=\"presentation\">ambientaliste; Terz<\/span><span dir=\"ltr\" role=\"presentation\">o settore; Volontariato<\/span><span dir=\"ltr\" role=\"presentation\">)<\/span> <span dir=\"ltr\" role=\"presentation\">pu\u00f2 utilizzare nell<\/span><span dir=\"ltr\" role=\"presentation\">a definizione condivisa di <\/span><span dir=\"ltr\" role=\"presentation\">proposte, richieste e mobilitazione popolare per<\/span> <span dir=\"ltr\" role=\"presentation\">raggiungere l\u2019obiettivo: \u201cla montagna tra <\/span><span dir=\"ltr\" role=\"presentation\">autogoverno e sussidiariet\u00e0 dal basso\u201d e per<\/span> <span dir=\"ltr\" role=\"presentation\">concretizzare il secondo comma dell\u2019articolo <\/span><span dir=\"ltr\" role=\"presentation\">44<\/span> <span dir=\"ltr\" role=\"presentation\">d<\/span><span dir=\"ltr\" role=\"presentation\">ella<\/span> <span dir=\"ltr\" role=\"presentation\">Carta<\/span> <span dir=\"ltr\" role=\"presentation\">Costituzionale:<\/span> <span dir=\"ltr\" role=\"presentation\">\u201c<\/span><span dir=\"ltr\" role=\"presentation\">La<\/span> <span dir=\"ltr\" role=\"presentation\">legge<\/span> <span dir=\"ltr\" role=\"presentation\">dispone<\/span> <span dir=\"ltr\" role=\"presentation\">provvedimenti<\/span> <span dir=\"ltr\" role=\"presentation\">a<\/span> <span dir=\"ltr\" role=\"presentation\">favore<\/span> <span dir=\"ltr\" role=\"presentation\">delle<\/span> <span dir=\"ltr\" role=\"presentation\">zone<\/span><span dir=\"ltr\" role=\"presentation\">montane\u201d<\/span><span dir=\"ltr\" role=\"presentation\">. Prendo spunto dal sopraccitato \u201cdiritto costituzionale\u201d per le Terre alte, per <\/span><span dir=\"ltr\" role=\"presentation\">ricordare<\/span> <span dir=\"ltr\" role=\"presentation\">(con<\/span> <span dir=\"ltr\" role=\"presentation\">disappunto<\/span><span dir=\"ltr\" role=\"presentation\">)<\/span> <span dir=\"ltr\" role=\"presentation\">che<\/span> <span dir=\"ltr\" role=\"presentation\">l\u2019organismo<\/span> <span dir=\"ltr\" role=\"presentation\">nazionale<\/span> <span dir=\"ltr\" role=\"presentation\">preposto all<\/span><span dir=\"ltr\" role=\"presentation\">\u2019<\/span><span dir=\"ltr\" role=\"presentation\">applicazione<\/span> <span dir=\"ltr\" role=\"presentation\">dell\u2019art. 61 <\/span><span dir=\"ltr\" role=\"presentation\">Decreto Legislativo n. 117 del 3 luglio 2017<\/span> <span dir=\"ltr\" role=\"presentation\">punto 2. lettera a.<\/span> <span dir=\"ltr\" role=\"presentation\">\u201c<\/span><span dir=\"ltr\" role=\"presentation\">un CSV per ogni territorio <\/span><span dir=\"ltr\" role=\"presentation\">interamente montano ai sensi della Legge<\/span> <span dir=\"ltr\" role=\"presentation\">7 aprile 2014\u201d, invece di confermare il Centro <\/span><span dir=\"ltr\" role=\"presentation\">Servizi per il Volontariato di Belluno<\/span><span dir=\"ltr\" role=\"presentation\">,<\/span> <span dir=\"ltr\" role=\"presentation\">per l\u2019are<\/span><span dir=\"ltr\" role=\"presentation\">a montana bellunese, di fatto, invece, ha <\/span><span dir=\"ltr\" role=\"presentation\">cancellato la propria autonomia territoriale per accorpar<\/span><span dir=\"ltr\" role=\"presentation\">lo<\/span><span dir=\"ltr\" role=\"presentation\">,<\/span> <span dir=\"ltr\" role=\"presentation\">nell\u2019<\/span><span dir=\"ltr\" role=\"presentation\">unico ente<\/span><span dir=\"ltr\" role=\"presentation\">:<\/span> <span dir=\"ltr\" role=\"presentation\">CSV<\/span> <span dir=\"ltr\" role=\"presentation\">Belluno <\/span><span dir=\"ltr\" role=\"presentation\">Treviso.<\/span> <span dir=\"ltr\" role=\"presentation\">Comunque la questione<\/span> <span dir=\"ltr\" role=\"presentation\">\u00e8 ancora tutta aperta<\/span><span dir=\"ltr\" role=\"presentation\">, grazie alla determinazione del <\/span><span dir=\"ltr\" role=\"presentation\">Presidente, della Vicepresidente e di tutto il Consiglio Direttivo dello storico Comitato <\/span><span dir=\"ltr\" role=\"presentation\">d\u2019Intesa (ente che continua e continuer\u00e0 ad esercitare il suo ruolo di rappresentanza sociale <\/span><span dir=\"ltr\" role=\"presentation\">per il volontariato bellunese)<\/span> <span dir=\"ltr\" role=\"presentation\">e con l\u2019<\/span><span dir=\"ltr\" role=\"presentation\">adesione<\/span> <span dir=\"ltr\" role=\"presentation\">di alcune Associazioni,<\/span> <span dir=\"ltr\" role=\"presentation\">nel 2019 \u00e8 stato <\/span><span dir=\"ltr\" role=\"presentation\">presentato ricorso al TAR, dal quale si attente il pronunciamento di merito.<\/span> <span dir=\"ltr\" role=\"presentation\">Il non<\/span> <span dir=\"ltr\" role=\"presentation\">dimenticare <\/span><span dir=\"ltr\" role=\"presentation\">quest<\/span><span dir=\"ltr\" role=\"presentation\">a amara vicenda<\/span> <span dir=\"ltr\" role=\"presentation\">legale<\/span><span dir=\"ltr\" role=\"presentation\">,<\/span> <span dir=\"ltr\" role=\"presentation\">senza alcuna polemica,<\/span> <span dir=\"ltr\" role=\"presentation\">vuole<\/span> <span dir=\"ltr\" role=\"presentation\">essere un invito a tutte le forze <\/span><span dir=\"ltr\" role=\"presentation\">sociali e a tutte<\/span> <span dir=\"ltr\" role=\"presentation\">le rappresentanze istituzionali e politiche bellunesi, ad attivarsi per chiedere <\/span><span dir=\"ltr\" role=\"presentation\">ai legislatori nazionali la corretta applicazione del Codice del Terzo Settore, nello specifico <\/span><span dir=\"ltr\" role=\"presentation\">l\u2019articolo 61 punto 2. lettera a.<\/span> <span dir=\"ltr\" role=\"presentation\">Anche questa azione della \u201cMassa critica Terr<\/span><span dir=\"ltr\" role=\"presentation\">e alte\u201d pu\u00f2 dare <\/span><span dir=\"ltr\" role=\"presentation\">visibilit\u00e0 all\u2019impegno<\/span> <span dir=\"ltr\" role=\"presentation\">affinch\u00e9: \u201cla montagna resti diffusamente abitata, curata, conviene <\/span><span dir=\"ltr\" role=\"presentation\">all\u2019intera collettivit\u00e0<\/span><span dir=\"ltr\" role=\"presentation\">, poich\u00e9, quando anche l\u2019ultimo montanaro sar\u00e0 sceso a valle le ortiche <\/span><span dir=\"ltr\" role=\"presentation\">invaderanno anche piazza San Marco\u201d. Grazie dott.ssa<\/span> <span dir=\"ltr\" role=\"presentation\">Claudia Soppelsa per aver ripreso<\/span><span dir=\"ltr\" role=\"presentation\">, <\/span><span dir=\"ltr\" role=\"presentation\">nella sua riflessione<\/span><span dir=\"ltr\" role=\"presentation\">,<\/span> <span dir=\"ltr\" role=\"presentation\">questo<\/span> <span dir=\"ltr\" role=\"presentation\">avvertimento presente nel libro<\/span><span dir=\"ltr\" role=\"presentation\">:<\/span> <span dir=\"ltr\" role=\"presentation\">\u201cAlpi regioni d\u2019Europa<\/span> <span dir=\"ltr\" role=\"presentation\">\u2013<\/span> <span dir=\"ltr\" role=\"presentation\">D<\/span><span dir=\"ltr\" role=\"presentation\">a <\/span><span dir=\"ltr\" role=\"presentation\">area geografica a sistema politico\u201d, scritto da Marcella Morandini e Sergio Reolon<\/span><\/span><\/div>\n<\/blockquote>\n<p>&nbsp;<\/p>\n<hr \/>\n<p>&nbsp;<\/p>\n<blockquote>\n<h3>LAVORI NEI SERRAI, VISITE GUIDATE PER GLI OPERATORI TURISTICI<\/h3>\n<\/blockquote>\n<p><strong>ROCCA PIETORE\u00a0<\/strong> Si \u00e8 tenuta una importante riunione relativamente ai lavori nei Serrai di Sottoguda. Presenti l&#8217;ingegner Vaccari di Veneto Acque e\u00a0 l&#8217;Ing. Trevisan della Direzione Lavori, l&#8217;impresa capofila del raggruppamento bellunese incaricato dell&#8217;esecuzione dei lavori e la giunta comunale. Motivo dell&#8217;incontro era conoscere innanzitutto la reale situazione del cantiere e spingere per una sua accelerazione. Considerati i numerosi solleciti da parte degli operatori turistici e della stessa Ascom di essere messi a conoscenza delle tempistiche e delle modalit\u00e0 di lavoro, si \u00e8 giunti alla conclusione di organizzare un paio di visite ai Serrai il 25 giugno e il 9 luglio in mattinata, al momento riservate solamente agli operatori turistici del Comune di Rocca Pietore, su prenotazione presso la Polizia Locale, riservando l&#8217;accesso solo ad un componente per attivit\u00e0, fino ad un massimo di 10 persone il 25 giugno e 10 persone il 9 luglio. Se dovessero essere necessarie altre date per motivi meteorologici o di prenotazioni numerose, verranno organizzate altre date e comunicate.<\/p>\n<p><strong>IL SINDACO DI ROCCA PIETORE ANDREA DE BERNARDIN<\/strong><\/p>\n<audio class=\"wp-audio-shortcode\" id=\"audio-280299-5\" preload=\"none\" style=\"width: 100%;\" controls=\"controls\"><source type=\"audio\/mpeg\" src=\"https:\/\/www.radiopiu.net\/wordpress\/wp-content\/uploads\/2022\/06\/ANDREA-SERRAI.mp3?_=5\" \/><a href=\"https:\/\/www.radiopiu.net\/wordpress\/wp-content\/uploads\/2022\/06\/ANDREA-SERRAI.mp3\">https:\/\/www.radiopiu.net\/wordpress\/wp-content\/uploads\/2022\/06\/ANDREA-SERRAI.mp3<\/a><\/audio>\n<p>&nbsp;<\/p>\n\n\t\t\t<style type='text\/css'>\n\t\t\t\t#gallery-5 {\n\t\t\t\t\tmargin: auto;\n\t\t\t\t}\n\t\t\t\t#gallery-5 .gallery-item {\n\t\t\t\t\tfloat: left;\n\t\t\t\t\tmargin-top: 10px;\n\t\t\t\t\ttext-align: center;\n\t\t\t\t\twidth: 20%;\n\t\t\t\t}\n\t\t\t\t#gallery-5 img {\n\t\t\t\t\tborder: 2px solid #cfcfcf;\n\t\t\t\t}\n\t\t\t\t#gallery-5 .gallery-caption {\n\t\t\t\t\tmargin-left: 0;\n\t\t\t\t}\n\t\t\t\t\/* see gallery_shortcode() in wp-includes\/media.php *\/\n\t\t\t<\/style>\n\t\t<div id='gallery-5' class='dt-gallery-container gallery galleryid-280299 gallery-columns-5 gallery-size-thumbnail'><dl class='gallery-item'>\n\t\t\t\t<dt class='gallery-icon landscape'>\n\t\t\t\t\t<a class=\"rollover rollover-zoom dt-pswp-item\" title=\"3c15b1e3-c42f-4afe-b073-4bf34ecbb1c3\" data-dt-img-description=\"\" data-large_image_width=\"1600\" data-large_image_height=\"1200\"href='https:\/\/www.radiopiu.net\/wordpress\/wp-content\/uploads\/2022\/06\/3c15b1e3-c42f-4afe-b073-4bf34ecbb1c3.jpg'><img loading=\"lazy\" decoding=\"async\" width=\"150\" height=\"150\" src=\"https:\/\/www.radiopiu.net\/wordpress\/wp-content\/uploads\/2022\/06\/3c15b1e3-c42f-4afe-b073-4bf34ecbb1c3-150x150.jpg\" class=\"attachment-thumbnail size-thumbnail\" alt=\"\" \/><\/a>\n\t\t\t\t<\/dt><\/dl><dl class='gallery-item'>\n\t\t\t\t<dt class='gallery-icon landscape'>\n\t\t\t\t\t<a class=\"rollover rollover-zoom dt-pswp-item\" title=\"6ba7f509-e0b6-42a8-98d6-38bebe45c41d\" data-dt-img-description=\"\" data-large_image_width=\"1600\" data-large_image_height=\"1200\"href='https:\/\/www.radiopiu.net\/wordpress\/wp-content\/uploads\/2022\/06\/6ba7f509-e0b6-42a8-98d6-38bebe45c41d.jpg'><img loading=\"lazy\" decoding=\"async\" width=\"150\" height=\"150\" src=\"https:\/\/www.radiopiu.net\/wordpress\/wp-content\/uploads\/2022\/06\/6ba7f509-e0b6-42a8-98d6-38bebe45c41d-150x150.jpg\" class=\"attachment-thumbnail size-thumbnail\" alt=\"\" \/><\/a>\n\t\t\t\t<\/dt><\/dl><dl class='gallery-item'>\n\t\t\t\t<dt class='gallery-icon landscape'>\n\t\t\t\t\t<a class=\"rollover rollover-zoom dt-pswp-item\" title=\"dbfe1c94-f140-4600-8560-12c74d12f839\" data-dt-img-description=\"\" data-large_image_width=\"1600\" data-large_image_height=\"1200\"href='https:\/\/www.radiopiu.net\/wordpress\/wp-content\/uploads\/2022\/06\/dbfe1c94-f140-4600-8560-12c74d12f839.jpg'><img loading=\"lazy\" decoding=\"async\" width=\"150\" height=\"150\" src=\"https:\/\/www.radiopiu.net\/wordpress\/wp-content\/uploads\/2022\/06\/dbfe1c94-f140-4600-8560-12c74d12f839-150x150.jpg\" class=\"attachment-thumbnail size-thumbnail\" alt=\"\" \/><\/a>\n\t\t\t\t<\/dt><\/dl><dl class='gallery-item'>\n\t\t\t\t<dt class='gallery-icon landscape'>\n\t\t\t\t\t<a class=\"rollover rollover-zoom dt-pswp-item\" title=\"52f387ae-32ac-4acd-9baa-4bb301affab7\" data-dt-img-description=\"\" data-large_image_width=\"1600\" data-large_image_height=\"1200\"href='https:\/\/www.radiopiu.net\/wordpress\/wp-content\/uploads\/2022\/06\/52f387ae-32ac-4acd-9baa-4bb301affab7.jpg'><img loading=\"lazy\" decoding=\"async\" width=\"150\" height=\"150\" src=\"https:\/\/www.radiopiu.net\/wordpress\/wp-content\/uploads\/2022\/06\/52f387ae-32ac-4acd-9baa-4bb301affab7-150x150.jpg\" class=\"attachment-thumbnail size-thumbnail\" alt=\"\" \/><\/a>\n\t\t\t\t<\/dt><\/dl><dl class='gallery-item'>\n\t\t\t\t<dt class='gallery-icon landscape'>\n\t\t\t\t\t<a class=\"rollover rollover-zoom dt-pswp-item\" title=\"e360f25f-164b-49b9-ab7f-0d930daf0ec1\" data-dt-img-description=\"\" data-large_image_width=\"1600\" data-large_image_height=\"1200\"href='https:\/\/www.radiopiu.net\/wordpress\/wp-content\/uploads\/2022\/06\/e360f25f-164b-49b9-ab7f-0d930daf0ec1.jpg'><img loading=\"lazy\" decoding=\"async\" width=\"150\" height=\"150\" src=\"https:\/\/www.radiopiu.net\/wordpress\/wp-content\/uploads\/2022\/06\/e360f25f-164b-49b9-ab7f-0d930daf0ec1-150x150.jpg\" class=\"attachment-thumbnail size-thumbnail\" alt=\"\" \/><\/a>\n\t\t\t\t<\/dt><\/dl><br style=\"clear: both\" \/><dl class='gallery-item'>\n\t\t\t\t<dt class='gallery-icon landscape'>\n\t\t\t\t\t<a class=\"rollover rollover-zoom dt-pswp-item\" title=\"2937abe9-d78b-470a-8461-be34af167cba\" data-dt-img-description=\"\" data-large_image_width=\"1600\" data-large_image_height=\"1200\"href='https:\/\/www.radiopiu.net\/wordpress\/wp-content\/uploads\/2022\/06\/2937abe9-d78b-470a-8461-be34af167cba.jpg'><img loading=\"lazy\" decoding=\"async\" width=\"150\" height=\"150\" src=\"https:\/\/www.radiopiu.net\/wordpress\/wp-content\/uploads\/2022\/06\/2937abe9-d78b-470a-8461-be34af167cba-150x150.jpg\" class=\"attachment-thumbnail size-thumbnail\" alt=\"\" \/><\/a>\n\t\t\t\t<\/dt><\/dl><dl class='gallery-item'>\n\t\t\t\t<dt class='gallery-icon landscape'>\n\t\t\t\t\t<a class=\"rollover rollover-zoom dt-pswp-item\" title=\"a186f149-6813-4e83-9b4f-06f674904fab\" data-dt-img-description=\"\" data-large_image_width=\"1600\" data-large_image_height=\"1200\"href='https:\/\/www.radiopiu.net\/wordpress\/wp-content\/uploads\/2022\/06\/a186f149-6813-4e83-9b4f-06f674904fab.jpg'><img loading=\"lazy\" decoding=\"async\" width=\"150\" height=\"150\" src=\"https:\/\/www.radiopiu.net\/wordpress\/wp-content\/uploads\/2022\/06\/a186f149-6813-4e83-9b4f-06f674904fab-150x150.jpg\" class=\"attachment-thumbnail size-thumbnail\" alt=\"\" \/><\/a>\n\t\t\t\t<\/dt><\/dl><dl class='gallery-item'>\n\t\t\t\t<dt class='gallery-icon landscape'>\n\t\t\t\t\t<a class=\"rollover rollover-zoom dt-pswp-item\" title=\"3b48d4bc-f84c-4f58-949a-ab429ec08341\" data-dt-img-description=\"\" data-large_image_width=\"1600\" data-large_image_height=\"1200\"href='https:\/\/www.radiopiu.net\/wordpress\/wp-content\/uploads\/2022\/06\/3b48d4bc-f84c-4f58-949a-ab429ec08341.jpg'><img loading=\"lazy\" decoding=\"async\" width=\"150\" height=\"150\" src=\"https:\/\/www.radiopiu.net\/wordpress\/wp-content\/uploads\/2022\/06\/3b48d4bc-f84c-4f58-949a-ab429ec08341-150x150.jpg\" class=\"attachment-thumbnail size-thumbnail\" alt=\"\" \/><\/a>\n\t\t\t\t<\/dt><\/dl><dl class='gallery-item'>\n\t\t\t\t<dt class='gallery-icon landscape'>\n\t\t\t\t\t<a class=\"rollover rollover-zoom dt-pswp-item\" title=\"2769a005-8fea-4f7b-9cd3-59a104e3315e\" data-dt-img-description=\"\" data-large_image_width=\"1600\" data-large_image_height=\"1200\"href='https:\/\/www.radiopiu.net\/wordpress\/wp-content\/uploads\/2022\/06\/2769a005-8fea-4f7b-9cd3-59a104e3315e.jpg'><img loading=\"lazy\" decoding=\"async\" width=\"150\" height=\"150\" src=\"https:\/\/www.radiopiu.net\/wordpress\/wp-content\/uploads\/2022\/06\/2769a005-8fea-4f7b-9cd3-59a104e3315e-150x150.jpg\" class=\"attachment-thumbnail size-thumbnail\" alt=\"\" \/><\/a>\n\t\t\t\t<\/dt><\/dl><dl class='gallery-item'>\n\t\t\t\t<dt class='gallery-icon landscape'>\n\t\t\t\t\t<a class=\"rollover rollover-zoom dt-pswp-item\" title=\"f0ed53a0-10ba-40eb-903e-a3662783086c\" data-dt-img-description=\"\" data-large_image_width=\"1600\" data-large_image_height=\"1200\"href='https:\/\/www.radiopiu.net\/wordpress\/wp-content\/uploads\/2022\/06\/f0ed53a0-10ba-40eb-903e-a3662783086c.jpg'><img loading=\"lazy\" decoding=\"async\" width=\"150\" height=\"150\" src=\"https:\/\/www.radiopiu.net\/wordpress\/wp-content\/uploads\/2022\/06\/f0ed53a0-10ba-40eb-903e-a3662783086c-150x150.jpg\" class=\"attachment-thumbnail size-thumbnail\" alt=\"\" \/><\/a>\n\t\t\t\t<\/dt><\/dl><br style=\"clear: both\" \/><dl class='gallery-item'>\n\t\t\t\t<dt class='gallery-icon landscape'>\n\t\t\t\t\t<a class=\"rollover rollover-zoom dt-pswp-item\" title=\"3fb9b872-be96-4721-bc3b-357a2cdbd57b\" data-dt-img-description=\"\" data-large_image_width=\"1600\" data-large_image_height=\"1200\"href='https:\/\/www.radiopiu.net\/wordpress\/wp-content\/uploads\/2022\/06\/3fb9b872-be96-4721-bc3b-357a2cdbd57b.jpg'><img loading=\"lazy\" decoding=\"async\" width=\"150\" height=\"150\" src=\"https:\/\/www.radiopiu.net\/wordpress\/wp-content\/uploads\/2022\/06\/3fb9b872-be96-4721-bc3b-357a2cdbd57b-150x150.jpg\" class=\"attachment-thumbnail size-thumbnail\" alt=\"\" \/><\/a>\n\t\t\t\t<\/dt><\/dl><dl class='gallery-item'>\n\t\t\t\t<dt class='gallery-icon landscape'>\n\t\t\t\t\t<a class=\"rollover rollover-zoom dt-pswp-item\" title=\"087d804c-ca36-4097-9e47-4ae22dd0dc9e\" data-dt-img-description=\"\" data-large_image_width=\"1600\" data-large_image_height=\"1200\"href='https:\/\/www.radiopiu.net\/wordpress\/wp-content\/uploads\/2022\/06\/087d804c-ca36-4097-9e47-4ae22dd0dc9e.jpg'><img loading=\"lazy\" decoding=\"async\" width=\"150\" height=\"150\" src=\"https:\/\/www.radiopiu.net\/wordpress\/wp-content\/uploads\/2022\/06\/087d804c-ca36-4097-9e47-4ae22dd0dc9e-150x150.jpg\" class=\"attachment-thumbnail size-thumbnail\" alt=\"\" \/><\/a>\n\t\t\t\t<\/dt><\/dl><dl class='gallery-item'>\n\t\t\t\t<dt class='gallery-icon landscape'>\n\t\t\t\t\t<a class=\"rollover rollover-zoom dt-pswp-item\" title=\"93fc5c44-7c16-4a9b-aea9-bfbc4083ef37\" data-dt-img-description=\"\" data-large_image_width=\"1600\" data-large_image_height=\"1200\"href='https:\/\/www.radiopiu.net\/wordpress\/wp-content\/uploads\/2022\/06\/93fc5c44-7c16-4a9b-aea9-bfbc4083ef37.jpg'><img loading=\"lazy\" decoding=\"async\" width=\"150\" height=\"150\" src=\"https:\/\/www.radiopiu.net\/wordpress\/wp-content\/uploads\/2022\/06\/93fc5c44-7c16-4a9b-aea9-bfbc4083ef37-150x150.jpg\" class=\"attachment-thumbnail size-thumbnail\" alt=\"\" \/><\/a>\n\t\t\t\t<\/dt><\/dl><dl class='gallery-item'>\n\t\t\t\t<dt class='gallery-icon landscape'>\n\t\t\t\t\t<a class=\"rollover rollover-zoom dt-pswp-item\" title=\"32a7bf38-6467-4c9f-ba29-0a2b33526cd1\" data-dt-img-description=\"\" data-large_image_width=\"1600\" data-large_image_height=\"1200\"href='https:\/\/www.radiopiu.net\/wordpress\/wp-content\/uploads\/2022\/06\/32a7bf38-6467-4c9f-ba29-0a2b33526cd1.jpg'><img loading=\"lazy\" decoding=\"async\" width=\"150\" height=\"150\" src=\"https:\/\/www.radiopiu.net\/wordpress\/wp-content\/uploads\/2022\/06\/32a7bf38-6467-4c9f-ba29-0a2b33526cd1-150x150.jpg\" class=\"attachment-thumbnail size-thumbnail\" alt=\"\" \/><\/a>\n\t\t\t\t<\/dt><\/dl><dl class='gallery-item'>\n\t\t\t\t<dt class='gallery-icon landscape'>\n\t\t\t\t\t<a class=\"rollover rollover-zoom dt-pswp-item\" title=\"7fc6c7ce-7c5a-4556-8e5c-c203fee78e22\" data-dt-img-description=\"\" data-large_image_width=\"1600\" data-large_image_height=\"1200\"href='https:\/\/www.radiopiu.net\/wordpress\/wp-content\/uploads\/2022\/06\/7fc6c7ce-7c5a-4556-8e5c-c203fee78e22.jpg'><img loading=\"lazy\" decoding=\"async\" width=\"150\" height=\"150\" src=\"https:\/\/www.radiopiu.net\/wordpress\/wp-content\/uploads\/2022\/06\/7fc6c7ce-7c5a-4556-8e5c-c203fee78e22-150x150.jpg\" class=\"attachment-thumbnail size-thumbnail\" alt=\"\" \/><\/a>\n\t\t\t\t<\/dt><\/dl><br style=\"clear: both\" \/>\n\t\t\t<\/div>\n\n<p>&nbsp;<\/p>\n<hr \/>\n<p>&nbsp;<\/p>\n<blockquote>\n<h3>LUXOTTICA ACQUISTA I LIBRI DI TESTO SCOLASTICI PER I FIGLI DEI DIPENDENTI<\/h3>\n<\/blockquote>\n<p><span id=\"page3R_mcid1\" class=\"markedContent\"><strong><img loading=\"lazy\" decoding=\"async\" class=\"alignleft\" src=\"https:\/\/www.radiopiu.net\/wordpress\/wp-content\/uploads\/2020\/06\/ddb318a9-1386-49f7-98fe-2934f2ece8eb.jpg\" width=\"199\" height=\"149\" \/>AGORDO<\/strong> Anche quest&#8217;anno\u00a0 <span dir=\"ltr\" role=\"presentation\">Luxottica sostiene le spese per l\u2019acquisto dei libri di testo<\/span><span dir=\"ltr\" role=\"presentation\">\u00a0delle<\/span> <span dir=\"ltr\" role=\"presentation\">scuole secondarie <\/span><span dir=\"ltr\" role=\"presentation\">di primo e secondo grado e<\/span> <span dir=\"ltr\" role=\"presentation\">i<\/span> <span dir=\"ltr\" role=\"presentation\">corsi ordinari dell\u2019<\/span><span dir=\"ltr\" role=\"presentation\">universit\u00e0<\/span> <span dir=\"ltr\" role=\"presentation\">(triennale, magistrale, ciclo unico, <\/span><span dir=\"ltr\" role=\"presentation\">sono<\/span> <span dir=\"ltr\" role=\"presentation\">escluse<\/span> <span dir=\"ltr\" role=\"presentation\">le<\/span> <span dir=\"ltr\" role=\"presentation\">specialistiche<\/span><span dir=\"ltr\" role=\"presentation\">)<\/span> <span dir=\"ltr\" role=\"presentation\">per<\/span> <span dir=\"ltr\" role=\"presentation\">i<\/span> <span dir=\"ltr\" role=\"presentation\">dipendenti<\/span> <span dir=\"ltr\" role=\"presentation\">(operai,<\/span> <span dir=\"ltr\" role=\"presentation\">impiegati<\/span> <span dir=\"ltr\" role=\"presentation\">ed<\/span> <span dir=\"ltr\" role=\"presentation\">intermedi)<\/span> <span dir=\"ltr\" role=\"presentation\">e <\/span><span dir=\"ltr\" role=\"presentation\">somministrati<\/span> <span dir=\"ltr\" role=\"presentation\">in forza presso le sedi italiane<\/span> <span dir=\"ltr\" role=\"presentation\">e i propri figli<\/span><span dir=\"ltr\" role=\"presentation\">. <\/span><\/span><span id=\"page3R_mcid2\" class=\"markedContent\"><span dir=\"ltr\" role=\"presentation\">L\u2019acquisto dei libri sar\u00e0 a carico di Luxottica per<\/span> <span dir=\"ltr\" role=\"presentation\">i<\/span> <span dir=\"ltr\" role=\"presentation\">soli libri indicati<\/span> <span dir=\"ltr\" role=\"presentation\">come obbligatori\/in <\/span><span dir=\"ltr\" role=\"presentation\">adozione<\/span> <span dir=\"ltr\" role=\"presentation\">nelle liste ministeriali<\/span><span dir=\"ltr\" role=\"presentation\">.<\/span> \u00a0<\/span><span id=\"page3R_mcid4\" class=\"markedContent\"><span dir=\"ltr\" role=\"presentation\">Il servizio prevede la prenotazione<\/span> <span dir=\"ltr\" role=\"presentation\">on<\/span> <span dir=\"ltr\" role=\"presentation\">li<\/span><span dir=\"ltr\" role=\"presentation\">ne<\/span> <span dir=\"ltr\" role=\"presentation\">dei libri e la<\/span> <span dir=\"ltr\" role=\"presentation\">loro<\/span> <span dir=\"ltr\" role=\"presentation\">consegna<\/span> <span dir=\"ltr\" role=\"presentation\">presso la propria sede <\/span><span dir=\"ltr\" role=\"presentation\">di lavoro<\/span><span dir=\"ltr\" role=\"presentation\">. Tutte le informazioni sul portale OneLuxottica. L&#8217;invito dell&#8217;azienda: <em>&#8220;<span id=\"page40R_mcid2\" class=\"markedContent\">Desideriamo invitare tutti coloro che beneficiano di questa importante iniziativa a mettere i libri a disposizione delle scuole e delle universit\u00e0, una volta cessato l\u2019utilizzo. <\/span><span id=\"page40R_mcid3\" class=\"markedContent\">Gli istituti in tal modo potranno dare in prestito i testi ad altri studenti&#8221;.<\/span><\/em><\/span><\/span><\/p>\n<p>&nbsp;<\/p>\n<p>&nbsp;<\/p>\n<hr \/>\n<p>&nbsp;<\/p>\n<blockquote>\n<h3>FALCADE 2032 SI PRESENTA ALLA CASA DELLA GIOVENTU&#8217;<\/h3>\n<\/blockquote>\n<p><strong>FALCADE<\/strong> Venerdi alle 20.30 alla casa della giovent\u00f9 di Caviola il candidato a sindaco Mauro Salvaterra (lista Falcade 2032) e i candidati a consiglieri comunale presentano i programmi e gli obbiettivi in un incontro rivolto alla cittadinanza.<\/p>\n<p>&nbsp;<\/p>\n<hr \/>\n<blockquote>\n<h3><\/h3>\n<h3>SEI PUNTI NEL CONSIGLIO COMUNALE DI CENCENIGHE<\/h3>\n<\/blockquote>\n<p><strong>CENCENIGHE<\/strong> Il sindaco di Cencenighe Mauro Soppelsa ha convocato il consiglio comunale domani alle 20:30. Si parler\u00e0 del rendiconto di gestione per l&#8217;esercizio finanziario 2021, la seconda variazione al bilancio, un aggiornamento del piano delle allienazioni, acquisizione e valorizzazioni immobiliari e negli ultimi due punti protagonista ASCA con l&#8217;approvazione delle modifiche allo statuto e l&#8217;approvazione del bilancio 2022.<\/p>\n<p>&nbsp;<\/p>\n<p>&nbsp;<\/p>\n<hr \/>\n<p>&nbsp;<\/p>\n<blockquote>\n<h3>NEL CONSIGLIO DELL&#8217;UNIONE MONTANA SI PARLA DI RACCOLTA FUNGHI. DIRETTA RADIO PIU SUI CANALI FACEBOOK E TELEGRAM<\/h3>\n<\/blockquote>\n<p><strong>AGORDO<\/strong> Il Presidente dell&#8217;Unione Montana Agordina Michele Costa ha convocato i consiglieri in sala Don Tamis ad Agordo per oggi alle 20. Tre punti da discutere: la lettura e approvazione della seduta del 12 maggio, l&#8217;approvazione del nuovo regolamento per la raccolta funghi e le comunicazioni del presidente.<\/p>\n<p>&nbsp;<\/p>\n<hr \/>\n<p>&nbsp;<\/p>\n<blockquote>\n<h3>QUANDO LA TESI DIVENTA MATERIALE PER UN CONVEGNO, LA SODDISFAZIONE DI CHIARA<\/h3>\n<\/blockquote>\n<p>&nbsp;<\/p>\n<p><strong><img loading=\"lazy\" decoding=\"async\" class=\"alignleft\" src=\"https:\/\/www.radiopiu.net\/wordpress\/wp-content\/uploads\/2022\/06\/caaa.jpg\" width=\"162\" height=\"121\" \/>REDAZIONE<\/strong> La tesi dell&#8217;agordina Chiara Tancon odora ancora di fiori di rosa, sono trascorsi solo due mesi da quel 3 aprile giorno in cui la corona di alloro ha cinto il capo della neo dottoressa. La tesi di Chiara \u00e8 ora un libro.\u00a0 Tratta del Diritto degli animali e della recente riforma Costituzionale. Il Relatore, il Presidente aggiunto del Consiglio di Stato Avvocato Sergio Santoro, ha proposto all\u2019Onorevole Franco Frattini, Presidente del Consiglio di Stato,\u00a0 di tenere un Convegno sull\u2019argomento. E&#8217; accaduto ieri al\u00a0 Palazzo Spada a Roma.<\/p>\n<p><strong>link del convegno trasmesso in streaming sul canale della Giustizia Amministrativa, la citazione della tesi di Chiara all&#8217;ora e 09 minuti<\/strong><\/p>\n<div>\n<p>AUDIO<\/p>\n<audio class=\"wp-audio-shortcode\" id=\"audio-280299-6\" preload=\"none\" style=\"width: 100%;\" controls=\"controls\"><source type=\"audio\/mpeg\" src=\"https:\/\/www.radiopiu.net\/wordpress\/wp-content\/uploads\/2022\/06\/SANTORO.mp3?_=6\" \/><a href=\"https:\/\/www.radiopiu.net\/wordpress\/wp-content\/uploads\/2022\/06\/SANTORO.mp3\">https:\/\/www.radiopiu.net\/wordpress\/wp-content\/uploads\/2022\/06\/SANTORO.mp3<\/a><\/audio>\n<p>&nbsp;<\/p>\n<\/div>\n<p><iframe loading=\"lazy\" title=\"I DIRITTI DEGLI ANIMALI NELLA RECENTE RIFORMA COSTITUZIONALE\" width=\"1200\" height=\"675\" src=\"https:\/\/www.youtube.com\/embed\/BRXjbBOlye0?feature=oembed\" frameborder=\"0\" allow=\"accelerometer; autoplay; clipboard-write; encrypted-media; gyroscope; picture-in-picture\" allowfullscreen><\/iframe><\/p>\n<p>&nbsp;<\/p>\n<p>&nbsp;<\/p>\n<hr \/>\n<p>&nbsp;<\/p>\n<blockquote>\n<h3>AD AGOSTO TORNA LA SAGRA DE LA MADONA DE LA NEIF A LA VALLE CON IL MERCATINO E IL GIRO DE LE BURELE<\/h3>\n<\/blockquote>\n<p><strong><a class=\"dt-pswp-item\" href=\"https:\/\/www.radiopiu.net\/wordpress\/wp-content\/uploads\/2022\/06\/d399770a-eb53-deba-3cbb-08ff32f3b40e.png\" data-dt-img-description=\"\" data-large_image_width=\"2501\" data-large_image_height=\"1309\"><img loading=\"lazy\" decoding=\"async\" class=\"alignleft wp-image-280348 \" src=\"https:\/\/www.radiopiu.net\/wordpress\/wp-content\/uploads\/2022\/06\/d399770a-eb53-deba-3cbb-08ff32f3b40e-300x157.png\" alt=\"\" width=\"216\" height=\"113\" srcset=\"https:\/\/www.radiopiu.net\/wordpress\/wp-content\/uploads\/2022\/06\/d399770a-eb53-deba-3cbb-08ff32f3b40e-300x157.png 300w, https:\/\/www.radiopiu.net\/wordpress\/wp-content\/uploads\/2022\/06\/d399770a-eb53-deba-3cbb-08ff32f3b40e-1024x536.png 1024w, https:\/\/www.radiopiu.net\/wordpress\/wp-content\/uploads\/2022\/06\/d399770a-eb53-deba-3cbb-08ff32f3b40e-768x402.png 768w, https:\/\/www.radiopiu.net\/wordpress\/wp-content\/uploads\/2022\/06\/d399770a-eb53-deba-3cbb-08ff32f3b40e-1536x804.png 1536w, https:\/\/www.radiopiu.net\/wordpress\/wp-content\/uploads\/2022\/06\/d399770a-eb53-deba-3cbb-08ff32f3b40e-2048x1072.png 2048w\" sizes=\"auto, (max-width: 216px) 100vw, 216px\" \/><\/a>LA VALLE AGORDINA<\/strong> L\u2019Associazione Pro Loco La Valle Agordina \u00e8 felice di presentare\u00a0la settima edizione de\u00a0El Merc\u00e0 De L&#8217;Ist\u00e0,\u00a0la grande Mostra Mercato di prodotti tipici, artigianato locale e hobbistico organizzata a La Valle Agordina in occasione della tradizionale Sagra Madona De La Neif in programma il 5-6-7 agosto. El Merc\u00e0 De L&#8217;Ist\u00e0 \u00e8 organizzato nella giornata di venerd\u00ec 5 agosto\u00a0in localit\u00e0 Chiesa\u00a0di\u00a0La Valle Agordina,\u00a0la frazione centrale del paese e all&#8217;edizione precedente hanno partecipato espositori provenienti dall&#8217;Agordino, dal Bellunese, dal Veneto, dal Trentino e dal Friuli Venezia Giulia, la\u00a0variet\u00e0 di proposte ha quindi attirato numerosi visitatori.. L&#8217;Associazione\u00a0Pro Loco allestir\u00e0 nuovamente il grande tendone presso gli Impianti Sportivi; quindi sia a pranzo che a cena si potranno assaporare\u00a0i piatti tipici della tradizione\u00a0 e agordina (polenta, pastin, formai frit, toc\u00e0 da boia, selvaggina in tocio, ecc.). Torner\u00e0 anche l&#8217;attesa gara podistica non competitiva El giro de le Burele &#8211; 40a edizione, organizzata dallo SciClub La Valle Agordina. Per le iscrizioni online al Merc\u00e0 De L&#8217;Ist\u00e0 <a href=\"https:\/\/prolocolavalleagordina.us16.list-manage.com\/track\/click?u=5cc37901809729c8a96c80ed9&amp;id=6f2bf022af&amp;e=2669a1aa2c\">CLICCA QUI<\/a><\/p>\n<p>&nbsp;<\/p>\n<p>&nbsp;<\/p>\n<p>&nbsp;<\/p>\n<hr \/>\n<p>&nbsp;<\/p>\n<blockquote>\n<h3>PISCINA DI BELLUNO: CHIUSURA PER MANUTENZIONE ANNUALE DAL 12 AL 26 GIUGNO<\/h3>\n<\/blockquote>\n<p><strong>BELLUNO<\/strong> La Sportivamente Belluno desidera avvisare gli utenti che la Piscina sar\u00e0 chiusa dal 12 al 26 giugno per la consueta manutenzione annuale. Nel periodo di chiusura la segreteria sar\u00e0 comunque aperta dal luned\u00ec al venerd\u00ec dalle 8.00 alle 13.00 e dalle 16.00 alle 19.00 per riconferme, pagamenti, iscrizioni; sabato e domenica sar\u00e0 chiusa<\/p>\n<p>&nbsp;<\/p>\n<p>&nbsp;<\/p>\n<hr \/>\n<p>&nbsp;<\/p>\n<blockquote>\n<h3>CISL PENSIONATI, NUOVA SEDE A QUERO<\/h3>\n<\/blockquote>\n<p><strong><a class=\"dt-pswp-item\" href=\"https:\/\/www.radiopiu.net\/wordpress\/wp-content\/uploads\/2020\/11\/Schermata-2020-11-11-alle-12.25.13.png\" data-dt-img-description=\"\" data-large_image_width=\"594\" data-large_image_height=\"310\"><img loading=\"lazy\" decoding=\"async\" class=\"alignleft wp-image-172025 \" src=\"https:\/\/www.radiopiu.net\/wordpress\/wp-content\/uploads\/2020\/11\/Schermata-2020-11-11-alle-12.25.13-300x157.png\" alt=\"\" width=\"172\" height=\"90\" srcset=\"https:\/\/www.radiopiu.net\/wordpress\/wp-content\/uploads\/2020\/11\/Schermata-2020-11-11-alle-12.25.13-300x157.png 300w, https:\/\/www.radiopiu.net\/wordpress\/wp-content\/uploads\/2020\/11\/Schermata-2020-11-11-alle-12.25.13.png 594w\" sizes=\"auto, (max-width: 172px) 100vw, 172px\" \/><\/a>BELLUNO<\/strong> Sar\u00e0 inaugurata oggi alle 11 la nuova sede della Cisl Fnp a Quero. La Federazione dei Pensionati della Cisl ha scelto un locale situato in via Nazionale 29\/A come quartier generale per offrire servizi e assistenza ai cittadini di una vasta area che comprende i Comuni di Quero-Vas, Alano di Piave e Segusino. Un territorio che accoglie una popolazione residente di 7.800 abitanti dei quali quasi 2.200 oltre i 65 anni di et\u00e0 e con 400 iscritti alla Fnp Cisl di Belluno Treviso.<\/p>\n<p>&nbsp;<\/p>\n<p>&nbsp;<\/p>\n<hr \/>\n<p>&nbsp;<\/p>\n<blockquote>\n<h3>AIDO A LIMANA PER UNA SERATA IMPRONTATA SUI TESSUTI OCULARI<\/h3>\n<\/blockquote>\n<p><strong><a class=\"dt-pswp-item\" href=\"https:\/\/www.radiopiu.net\/wordpress\/wp-content\/uploads\/2022\/06\/AIDO.png\" data-dt-img-description=\"\" data-large_image_width=\"233\" data-large_image_height=\"233\"><img loading=\"lazy\" decoding=\"async\" class=\" wp-image-279760 alignleft\" src=\"https:\/\/www.radiopiu.net\/wordpress\/wp-content\/uploads\/2022\/06\/AIDO-150x150.png\" alt=\"\" width=\"94\" height=\"94\" srcset=\"https:\/\/www.radiopiu.net\/wordpress\/wp-content\/uploads\/2022\/06\/AIDO-150x150.png 150w, https:\/\/www.radiopiu.net\/wordpress\/wp-content\/uploads\/2022\/06\/AIDO.png 233w\" sizes=\"auto, (max-width: 94px) 100vw, 94px\" \/><\/a>LIMANA<\/strong> La donazione dei tessuti oculari sara\u0300 il tema al centro dell&#8217;incontro &#8220;occhio alla vista&#8221; che si svolgera\u0300 oggi alle 20.30 nel municipio di Limana. La serata e\u0300 organizzata dall&#8217;Aido Belluno in collaborazione con l&#8217;assessorato alle politiche sociali del Comune di Limana. Parteciperanno il dottor Enrico Vidale (Fondazione Banca degli occhi di Mestre), la dottoressa Daniela Vici (Fondazione Banca dei tessuti di Treviso), e i rappresentanti del reparto di oculistica dell&#8217;ospedale San Martino di Belluno. L&#8217;evento e\u0300 gratuito e aperto a tutta la popolazione.<\/p>\n<p>&nbsp;<\/p>\n<hr \/>\n<p>&nbsp;<\/p>\n<blockquote>\n<h3>TORNA LA FESTA DEGLI ALPINI AL VISENTIN<\/h3>\n<\/blockquote>\n<p><strong>BELLUNO<\/strong> Torna domenica sul Col Visentin l&#8217;annuale festa degli alpini di Belluno al sacrario dedicato ai Caduti del 5* Artiglieri Alpina el Gruppo &#8220;Val Piave&#8221; del 3* Reggimento della stessa specialit\u00e0. Alla manifestazione \u00e8 abbinata la Ciclopedonata del Ricordo. Ritrovo in vetta alle 10, seguir\u00e0 l&#8217;alzabandiera, la messa con Monsignor Sandro Capraro, gli onori ai Caduti. Il rancio sar\u00e0 servito alle 13 nella sede l Gruppo Castionese a Modolo. Info 0437 942447<\/p>\n<p>&nbsp;<\/p>\n<p>&nbsp;<\/p>\n<hr \/>\n<p>&nbsp;<\/p>\n<blockquote>\n<h3>A VILLA BUZZATI ARRIVA TOBAGI PER BUZZ@TI\/AMO<\/h3>\n<\/blockquote>\n<p><strong>BELLUNO <\/strong>Domani alle 18.30, nel giardino di villa Buzzati, arriva Benedetta Tobagi che chiacchierando con Mirta Amanda Barbonetti e attraverso le letture di Antonella Morassutti presenta \u201cGiona\u201d: \u00a0uno strano tipo di profeta, un uomo in fuga dal proprio compito e dal proprio destino, refrattario alle richieste del suo Dio.Tra le righe\u00a0di questa attualissima e\u00a0contemporanea rilettura\u00a0del testo biblico e storico e attraverso le parole di una delle pi\u00f9 importanti scrittrice italiane emerger\u00e0 un Buzzati sconosciuto.<\/p>\n<p>&nbsp;<\/p>\n<hr \/>\n<p>&nbsp;<\/p>\n<p>&nbsp;<\/p>\n<h3>DOMENICA CON IL CAI DI AGORDO<\/h3>\n<p><strong>AGORDO<\/strong> Domenica escursione al Olt de Val d&#8217;Arc e Monte Crep nelle Prealpi Bellunesi e Trevigiane. Tempo circa 5 ore, ritrovo alle 7.30 nella sede del Cai (Municipio di Agordo). Informazioni al 380 6983040 dalle 16 alle 21 di mercoledi<\/p>\n<p>&nbsp;<\/p>\n<p>&nbsp;<\/p>\n<hr \/>\n<p>&nbsp;<\/p>\n<p>&nbsp;<\/p>\n<blockquote>\n<h3>DALLA SCUOLA SECONDARIA DI TAMBRE LA CANZONE SULLA PACE<\/h3>\n<\/blockquote>\n<p><strong>TAMBRE<\/strong> Piacevole, orecchiabile con voci &#8220;fresche&#8221; e un video accattivante. E&#8217; la canzone sulla pace della scuola secondaria di Tambre d&#8217;Alpago. Canzone di Mengoni,\u00a0 testo riscritto dai Ragazzi e con la collaborazione di vari artisti Tra cui Jessica Da Re<\/p>\n<p>&nbsp;<\/p>\n<p><iframe loading=\"lazy\" title=\"La Voce della Pace\" width=\"1200\" height=\"675\" src=\"https:\/\/www.youtube.com\/embed\/NNLJCdJGtjo?feature=oembed\" frameborder=\"0\" allow=\"accelerometer; autoplay; clipboard-write; encrypted-media; gyroscope; picture-in-picture\" allowfullscreen><\/iframe><\/p>\n<p>&nbsp;<\/p>\n<p>&nbsp;<\/p>\n<p>&nbsp;<\/p>\n<hr \/>\n<p>&nbsp;<\/p>\n<blockquote>\n<h2>SABATO LE RULLATE SONO PER TIX, L&#8217;AMICO DELLA MUSICA E DELLA BELLA COMPAGNIA<\/h2>\n<\/blockquote>\n<p><strong><a class=\"dt-pswp-item\" href=\"https:\/\/www.radiopiu.net\/wordpress\/wp-content\/uploads\/2022\/01\/ccbd1dd0-9466-4cfa-abcf-94a0e04d8576.jpg\" data-dt-img-description=\"\" data-large_image_width=\"1131\" data-large_image_height=\"1600\"><img loading=\"lazy\" decoding=\"async\" class=\"wp-image-280491 alignleft\" src=\"https:\/\/www.radiopiu.net\/wordpress\/wp-content\/uploads\/2022\/01\/ccbd1dd0-9466-4cfa-abcf-94a0e04d8576.jpg\" alt=\"\" width=\"170\" height=\"240\" srcset=\"https:\/\/www.radiopiu.net\/wordpress\/wp-content\/uploads\/2022\/01\/ccbd1dd0-9466-4cfa-abcf-94a0e04d8576.jpg 1131w, https:\/\/www.radiopiu.net\/wordpress\/wp-content\/uploads\/2022\/01\/ccbd1dd0-9466-4cfa-abcf-94a0e04d8576-212x300.jpg 212w, https:\/\/www.radiopiu.net\/wordpress\/wp-content\/uploads\/2022\/01\/ccbd1dd0-9466-4cfa-abcf-94a0e04d8576-724x1024.jpg 724w, https:\/\/www.radiopiu.net\/wordpress\/wp-content\/uploads\/2022\/01\/ccbd1dd0-9466-4cfa-abcf-94a0e04d8576-768x1086.jpg 768w, https:\/\/www.radiopiu.net\/wordpress\/wp-content\/uploads\/2022\/01\/ccbd1dd0-9466-4cfa-abcf-94a0e04d8576-1086x1536.jpg 1086w\" sizes=\"auto, (max-width: 170px) 100vw, 170px\" \/><\/a>FALCADE\u00a0<\/strong> Gli amici della musica, il Bar da Flora con Comune e Proloco, sabato dalle 14.30 ricorderanno &#8220;Tix&#8221;, Tiziano Busin, che ha lasciato questo mondo a soli 57 anni per un improvviso malore, Si esibiranno i ReUnion, Tirataie, Full of Reason, Alabanana, Sinfobia, Gallio Yttrio, Drink 182. L&#8217;evento \u00e8 in programma con qualsiasi tempo, all&#8217;interno se dovesse piovere.<\/p>\n<p>&nbsp;<\/p>\n<p>&#8212;&#8212;&#8211;<\/p>\n<p>&nbsp;<\/p>\n<div class=\"kvgmc6g5 cxmmr5t8 oygrvhab hcukyx3x c1et5uql ii04i59q\">\n<blockquote>\n<div dir=\"auto\"><strong>Il ricordo di Andrea Fiocco.<\/strong><\/div>\n<\/blockquote>\n<\/div>\n<blockquote>\n<div class=\"cxmmr5t8 oygrvhab hcukyx3x c1et5uql o9v6fnle ii04i59q\">\n<div dir=\"auto\"><a href=\"https:\/\/www.radiopiu.net\/wordpress\/domani-lultimo-saluto-a-tix-lamico-della-musica-e-della-bella-compagnia\/252cc75c-2299-4147-b72e-5e01efdda37d\/\" rel=\"attachment wp-att-255095\"><img loading=\"lazy\" decoding=\"async\" class=\"size-medium wp-image-255095 alignleft\" src=\"https:\/\/www.radiopiu.net\/wordpress\/wp-content\/uploads\/2022\/01\/252cc75c-2299-4147-b72e-5e01efdda37d-300x135.jpg\" alt=\"\" width=\"300\" height=\"135\" srcset=\"https:\/\/www.radiopiu.net\/wordpress\/wp-content\/uploads\/2022\/01\/252cc75c-2299-4147-b72e-5e01efdda37d-300x135.jpg 300w, https:\/\/www.radiopiu.net\/wordpress\/wp-content\/uploads\/2022\/01\/252cc75c-2299-4147-b72e-5e01efdda37d-1024x461.jpg 1024w, https:\/\/www.radiopiu.net\/wordpress\/wp-content\/uploads\/2022\/01\/252cc75c-2299-4147-b72e-5e01efdda37d-768x345.jpg 768w, https:\/\/www.radiopiu.net\/wordpress\/wp-content\/uploads\/2022\/01\/252cc75c-2299-4147-b72e-5e01efdda37d-1536x691.jpg 1536w, https:\/\/www.radiopiu.net\/wordpress\/wp-content\/uploads\/2022\/01\/252cc75c-2299-4147-b72e-5e01efdda37d.jpg 2048w\" sizes=\"auto, (max-width: 300px) 100vw, 300px\" \/><\/a>Quando entrai a far parte degli Union, avevo un po&#8217; di soggezione di Tix. In fondo, Tix era un po&#8217; pi\u00f9 grande di me e io ero un pischello. Prima canzone &#8220;Imagine&#8221; di John Lennon. Matteo la voce, Renato al basso, Max alla chitarra, io alla tastiera e Tix alla batteria. Cominciammo a suonare da subito con una buona intesa. Tix era entusiasta di quello che facevamo, e cos\u00ec mi trovai presto a mio agio. Dopo un mese mi diede un testo scritto da lui e io musicai &#8220;Piccola dolce bambina&#8221;, uno dei pezzi che avremmo poi sempre fatto in concerto. Suonavamo, suonavamo, suonavamo. E intanto coltivavamo un sogno. Che bello sarebbe stato diventare famosi e importanti. Una band come i Led Zeppelin, che sogno. Tix ci credeva pi\u00f9 di tutti. Avrebbe investito tutto quello che aveva per quel progetto. Registrammo un demo di 10 pezzi nostri e andammo in TV, su Diffusione Europea.Quando suonavamo, Tix portava le braghette corte e la maglietta senza maniche. I batteristi hanno sempre caldo. Io gli chiamavo gli stacchi: su &#8220;Gli angeli&#8221; di Vasco, prima dell&#8217;assolo, contavo &#8220;uno, due, tre, TA-TUN (cassa-rullante)&#8221;&#8230; A volte Max partiva per l&#8217;assolo, tutto fiero, come su &#8220;Vita spericolata&#8221;, e Tix faceva una rullata e chiudeva il pezzo, lasciando Max sbigottito, con l&#8217;assolo in canna. Una volta, andammo a vedere un concerto della PFM, e alla fine riuscimmo a intrufolarci nei camerini, a parlare con Franz Di Cioccio e Franco Mussida. Tix sembrava un bambino, e Franz fu carinissimo con lui. Suonavamo tanti pezzi nostri e tante cover, Pink Floyd, Deep Purple, U2.. Ma il pezzo per il quale Tix insistette fino a sfinirci per farcelo imparare fu Stairway to Heaven. &#8220;Stirui tu even&#8221;, come diceva lui.\u00a0Stairway to heaven, la scala per il paradiso. Io sono convinto che Tix la sua scala per il paradiso l&#8217;avesse trovata nella musica, nelle rullate di John Bonham, nei suoni di John Paul Jones, nei graffi di Jimmy Page e negli acuti di Robert Plant. L&#8217;aveva trovata nella sua bellissima batteria Tamburo verde che aveva ridipinto di marron. L&#8217;aveva trovata in quelle cavalcate irresistibili che sapeva fare con le sue bacchette. Ora, non so in quale paradiso sia andato. Scommetto che sar\u00e0 nello stesso paradiso dove passeggia spesso anche Bonzo. Tix arriver\u00e0 e gli chieder\u00e0 di spiegargli la rullata a met\u00e0 assolo di Stairway to heaven. E Bonzo gli dir\u00e0: &#8220;te la spiego, ma prima offrimi una birra&#8221;.<\/div>\n<div dir=\"auto\">Ciao Tix. Ti abbiamo voluto bene.<\/div>\n<\/div>\n<\/blockquote>\n<p>&nbsp;<\/p>\n<p>&nbsp;<\/p>\n<hr \/>\n<p>&nbsp;<\/p>\n<blockquote>\n<h3>IL CONCERTO DI GALA<\/h3>\n<\/blockquote>\n<p><strong>BELLUNO<\/strong> La Filarmonica di Belluno celebra il suo 155\u00b0 compleanno con un\u00a0 concerto dove il pubblico potr\u00e0 ascoltare un articolato programma che spazia dalla musica originale per orchestra di fiati ad apposite trascrizioni di musica classica, dalle colonne sonore fino alla musica tradizionale. Mercoledi alle 20.30 in piazza Duomo con ingresso libero, dirige il maestro Sandro De Marchi<\/p>\n<p>&nbsp;<\/p>\n<p>&nbsp;<\/p>\n<hr \/>\n<p>&nbsp;<\/p>\n<blockquote>\n<blockquote>\n<h3>SABATO IN AUDITORIUM &#8220;LE NOZZE TRIBOLADE&#8221; con GLI ANFIBI SPAIATI<\/h3>\n<\/blockquote>\n<p><img loading=\"lazy\" decoding=\"async\" class=\"alignleft\" src=\"https:\/\/www.radiopiu.net\/wordpress\/wp-content\/uploads\/2022\/06\/f9e0b9f5-b8ae-46cc-88c4-c4c58954cd71.jpg\" width=\"244\" height=\"137\" \/><strong>FELTRE<\/strong><\/p>\n<p><strong>DI LUISA ALCHINI<\/strong><\/p>\n<audio class=\"wp-audio-shortcode\" id=\"audio-280299-7\" preload=\"none\" style=\"width: 100%;\" controls=\"controls\"><source type=\"audio\/mpeg\" src=\"https:\/\/www.radiopiu.net\/wordpress\/wp-content\/uploads\/2022\/06\/luisa-SPETTACOLO-TEtrale.mp3?_=7\" \/><a href=\"https:\/\/www.radiopiu.net\/wordpress\/wp-content\/uploads\/2022\/06\/luisa-SPETTACOLO-TEtrale.mp3\">https:\/\/www.radiopiu.net\/wordpress\/wp-content\/uploads\/2022\/06\/luisa-SPETTACOLO-TEtrale.mp3<\/a><\/audio>\n<p>&nbsp;<\/p>\n<p>&nbsp;<\/p>\n<p>\u200b<\/p>\n<p>&nbsp;<\/p><\/blockquote>\n<div class=\"page\" title=\"Page 1\">\n<div class=\"layoutArea\">\n<div class=\"column\">\n<div class=\"page\" title=\"Page 1\">\n<div class=\"layoutArea\">\n<div class=\"column\">\n<hr \/>\n<p>&nbsp;<\/p>\n<blockquote>\n<h3><a class=\"dt-pswp-item\" href=\"https:\/\/www.radiopiu.net\/wordpress\/wp-content\/uploads\/2022\/05\/memo.png\" data-dt-img-description=\"\" data-large_image_width=\"552\" data-large_image_height=\"359\"><img loading=\"lazy\" decoding=\"async\" class=\"alignleft wp-image-278629 \" src=\"https:\/\/www.radiopiu.net\/wordpress\/wp-content\/uploads\/2022\/05\/memo-300x195.png\" alt=\"\" width=\"163\" height=\"106\" srcset=\"https:\/\/www.radiopiu.net\/wordpress\/wp-content\/uploads\/2022\/05\/memo-300x195.png 300w, https:\/\/www.radiopiu.net\/wordpress\/wp-content\/uploads\/2022\/05\/memo.png 552w\" sizes=\"auto, (max-width: 163px) 100vw, 163px\" \/><\/a>MEMORIE MINERARIE AGORDINE, IL SECONDO NUMERO<\/h3>\n<\/blockquote>\n<p><strong>AGORDO<\/strong> Sabato 11 giugno alle 18 all&#8217;auditorium\u00a0 Antonio Favretti presso l&#8217;Istituto Minerario di Agordo, l&#8217;associazione Amici dei Minerari in collaborazione con l&#8217;Istituto Geotecnico Minerario\u00a0 presenta il secondo numero delle Memorie Minerarie Agordine\u00a0 dal Titolo &#8220;La ricerca mineraria nella valle di San Lucano&#8221;. Presentano\u00a0 il professor Vittorio Fenti e il docente\u00a0 Dino Preloran<\/p>\n<p>&nbsp;<\/p>\n<p>&nbsp;<\/p>\n<hr \/>\n<p>&nbsp;<\/p>\n<blockquote>\n<h3>COL DI LANA E MONTE SIEF, IL LIBRO<\/h3>\n<\/blockquote>\n<p><strong>LIVINALLONGO<\/strong> Sabato alle 20.30 nella sala Taulac di Pieve di Livinallongo sar\u00e0 presentata la triologia di Ezio Anzanello sulla guerra di mine sul Col di Lana e Monte Sief durante la prima Guerra mondiale.<\/p>\n<p>&nbsp;<\/p>\n<hr \/>\n<p>&nbsp;<\/p>\n<blockquote>\n<h3>L&#8217;ASSEMBLEA DELLE PRO LOCO BELLUNESI E LA SERATA CON SAMMY BASSO<\/h3>\n<\/blockquote>\n<p><strong>CANALE D&#8217;AGORDO<\/strong> Si terr\u00e0 presso la sala Lina Zand\u00f2 di Canale D&#8217;Agordo l&#8217;assemblea delle Pro Loco Bellunesi domenica 12 giugno alle 9. Sabato 18 giugno alle 20:30 alla casa della giovent\u00f9 di Caviola \u00e8 in programma una serata dal titolo <b><i>Il sorriso dei guerrieri- storie di speranza&#8221;<\/i><\/b>, con Sammy Basso, Simonetta Borsatti e Andrea Baccaglioni, i quali racconteranno le loro esperienze di vita, in particolare il modo in cui hanno affrontato la loro malattia e dove hanno trovato la forza per lottare e sperare. Si raccomanda l&#8217;utilizzo della mascherina.<\/p>\n<p>&nbsp;<\/p>\n<p>&nbsp;<\/p>\n<p>&nbsp;<\/p>\n<hr \/>\n<p>&nbsp;<\/p>\n<blockquote>\n<h3>IL FAMILY GROUP CONFERENCES A PONTE NELLE ALPI<\/h3>\n<\/blockquote>\n<p><strong>PONTE NELLE ALPI <\/strong>Il 17 e 18 giugno, presso l\u2019Albergo da Benito in localit\u00e0 Pian di Vedoia a Ponte nelle Alpi, si svolger\u00e0 il corso <em>Family Group Conferences <\/em>(FGC), traducibile nel contesto italiano come <em>Riunioni di Famiglia (<\/em>RdF<em>)<\/em>, organizzato dal Ce.I.S. di Belluno nell\u2019ambito del progetto \u201cUna comunit\u00e0 a sostegno della famiglia\u201d, con il contributo della Fondazione Cariverona. La formazione si compone di due moduli: venerd\u00ec 17 giugno 2022 dalle 9 alle 13 si svolger\u00e0 un seminario introduttivo aperto a persone interessate al lavoro con le famiglie e all\u2019approccio partecipativo al lavoro sociale. Le persone interessate alla formazione tecnica per facilitatori frequenteranno anche il secondo modulo che si svolger\u00e0 venerd\u00ec 17 dalle 14.00 alle 17.00 e sabato 18 giugno 2022 dalle 9 alle 13 e dalle 14 alle 17. Il corso \u00e8 gratuito, \u00e8 necessario iscriversi, scaricando la domanda dal sito <a href=\"http:\/\/www.ceisbelluno.org\">www.ceisbelluno.org <\/a>Per informazioni iscrizioni telefonare al Ce.I.S. 0437 950895 o scrivere una mail a <a href=\"mailto:info@ceisbelluno.org\">info@ceisbelluno.org<\/a><\/p>\n<p>&nbsp;<\/p>\n<p>&nbsp;<\/p>\n<hr \/>\n<p>&nbsp;<\/p>\n<h2><span style=\"color: #ff0000;\">IERI ALLA RADIO\u00a0<\/span><\/h2>\n<h2><strong><a class=\"dt-pswp-item\" href=\"https:\/\/www.radiopiu.net\/wordpress\/wp-content\/uploads\/2021\/09\/ROBERTO-HUBER.png\" data-dt-img-description=\"\" data-large_image_width=\"1074\" data-large_image_height=\"852\"><img loading=\"lazy\" decoding=\"async\" class=\"size-thumbnail wp-image-230861 alignleft\" src=\"https:\/\/www.radiopiu.net\/wordpress\/wp-content\/uploads\/2021\/09\/ROBERTO-HUBER-150x150.png\" alt=\"\" width=\"150\" height=\"150\" \/><\/a><\/strong><span style=\"color: #800080;\">LA STAGIONE ESTIVA IN ALTA BADIA CON ROBERTO HUBER<\/span><\/h2>\n<p><strong>di Claudio Fontanive<\/strong><\/p>\n<p>OSPITE: Roberto Huber, direttore di Alta Badia Brand<\/p>\n<audio class=\"wp-audio-shortcode\" id=\"audio-280299-8\" preload=\"none\" style=\"width: 100%;\" controls=\"controls\"><source type=\"audio\/mpeg\" src=\"https:\/\/www.radiopiu.net\/wordpress\/wp-content\/uploads\/2022\/06\/roberto-huber-alta-badia-8-giugno.mp3?_=8\" \/><a href=\"https:\/\/www.radiopiu.net\/wordpress\/wp-content\/uploads\/2022\/06\/roberto-huber-alta-badia-8-giugno.mp3\">https:\/\/www.radiopiu.net\/wordpress\/wp-content\/uploads\/2022\/06\/roberto-huber-alta-badia-8-giugno.mp3<\/a><\/audio>\n<p>&nbsp;<\/p>\n<hr \/>\n<p>&nbsp;<\/p>\n<h2><strong><a class=\"dt-pswp-item\" href=\"https:\/\/www.radiopiu.net\/wordpress\/wp-content\/uploads\/2022\/06\/Schermata-2022-06-01-alle-16.11.58.png\" data-dt-img-description=\"\" data-large_image_width=\"1310\" data-large_image_height=\"688\"><img loading=\"lazy\" decoding=\"async\" class=\"alignleft wp-image-279179 size-medium\" src=\"https:\/\/www.radiopiu.net\/wordpress\/wp-content\/uploads\/2022\/06\/Schermata-2022-06-01-alle-16.11.58-300x158.png\" alt=\"\" width=\"300\" height=\"158\" srcset=\"https:\/\/www.radiopiu.net\/wordpress\/wp-content\/uploads\/2022\/06\/Schermata-2022-06-01-alle-16.11.58-300x158.png 300w, https:\/\/www.radiopiu.net\/wordpress\/wp-content\/uploads\/2022\/06\/Schermata-2022-06-01-alle-16.11.58-1024x538.png 1024w, https:\/\/www.radiopiu.net\/wordpress\/wp-content\/uploads\/2022\/06\/Schermata-2022-06-01-alle-16.11.58-768x403.png 768w, https:\/\/www.radiopiu.net\/wordpress\/wp-content\/uploads\/2022\/06\/Schermata-2022-06-01-alle-16.11.58.png 1310w\" sizes=\"auto, (max-width: 300px) 100vw, 300px\" \/><\/a><span style=\"color: #ff6600;\">TORNA LA SAGRA DI SANT&#8217;ANTONIO A RIVAMONTE<\/span><\/strong><\/h2>\n<p><strong>di Claudio Fontanive<\/strong><\/p>\n<p>OSPITI: Jennifer Bressan e Simone Fontanive<\/p>\n<audio class=\"wp-audio-shortcode\" id=\"audio-280299-9\" preload=\"none\" style=\"width: 100%;\" controls=\"controls\"><source type=\"audio\/mpeg\" src=\"https:\/\/www.radiopiu.net\/wordpress\/wp-content\/uploads\/2022\/06\/santantonio-jennifer-simone-01-giugno.mp3?_=9\" \/><a href=\"https:\/\/www.radiopiu.net\/wordpress\/wp-content\/uploads\/2022\/06\/santantonio-jennifer-simone-01-giugno.mp3\">https:\/\/www.radiopiu.net\/wordpress\/wp-content\/uploads\/2022\/06\/santantonio-jennifer-simone-01-giugno.mp3<\/a><\/audio>\n<p>&nbsp;<\/p>\n<hr \/>\n<p>&nbsp;<\/p>\n<blockquote>\n<h2>SAN GIOVANNI, TRE GIORNI DI FESTA A CANALE D&#8217;AGORDO<\/h2>\n<\/blockquote>\n<p><strong>CANALE D&#8217;AGORDO<\/strong> Il ritorno della sagra di San Giovanni, riecco il corposo programma a pi\u00f9 firme: Comune, Polisportiva, Proloco, Ana e Abvs. Tre giorni di festa, il primo appuntamento venerdi 24, giorno di San Giovanni, con la festa per i 100 anni del distaccamento dei vigili del fuoco volontari del paese, presenza importante e fondamentale, da sempre. Sar\u00e0 anche il giorno dei coscritti del 2002, della musica di Oscar all&#8217;ora di pranzo\u00a0 e dei pregiati piatti con frittura di pesce e gli gnocchi ai porcini e puina sfumegada, oltre all&#8217;immancabile piatto del malgher e le trippe alla parmigiana. Gli aperitivi\u00a0 del sabato una garanzia con Ciccio di Oh per Bacco e la colonna musicale del duo jazz e bossanova Crestani-Burigo. Le notti da ballare: venerdi 24 con Cristian Group, sabato 25 con gli Hedera e il dj set, domenica 26 con Mely &amp; the moodies. PROGRAMMA RELIGIOSO: venerdi 24 alle 10.30 la messa nella chiesa di San Giovanni Battista.<\/p>\n\n\t\t\t<style type='text\/css'>\n\t\t\t\t#gallery-6 {\n\t\t\t\t\tmargin: auto;\n\t\t\t\t}\n\t\t\t\t#gallery-6 .gallery-item {\n\t\t\t\t\tfloat: left;\n\t\t\t\t\tmargin-top: 10px;\n\t\t\t\t\ttext-align: center;\n\t\t\t\t\twidth: 33%;\n\t\t\t\t}\n\t\t\t\t#gallery-6 img {\n\t\t\t\t\tborder: 2px solid #cfcfcf;\n\t\t\t\t}\n\t\t\t\t#gallery-6 .gallery-caption {\n\t\t\t\t\tmargin-left: 0;\n\t\t\t\t}\n\t\t\t\t\/* see gallery_shortcode() in wp-includes\/media.php *\/\n\t\t\t<\/style>\n\t\t<div id='gallery-6' class='dt-gallery-container gallery galleryid-280299 gallery-columns-3 gallery-size-medium'><dl class='gallery-item'>\n\t\t\t\t<dt class='gallery-icon portrait'>\n\t\t\t\t\t<a class=\"rollover rollover-zoom dt-pswp-item\" title=\"0a6150e4-bc70-4210-ad75-f53803953eb0\" data-dt-img-description=\"\" data-large_image_width=\"1131\" data-large_image_height=\"1600\"href='https:\/\/www.radiopiu.net\/wordpress\/wp-content\/uploads\/2022\/06\/0a6150e4-bc70-4210-ad75-f53803953eb0.jpg'><img loading=\"lazy\" decoding=\"async\" width=\"212\" height=\"300\" src=\"https:\/\/www.radiopiu.net\/wordpress\/wp-content\/uploads\/2022\/06\/0a6150e4-bc70-4210-ad75-f53803953eb0-212x300.jpg\" class=\"attachment-medium size-medium\" alt=\"\" srcset=\"https:\/\/www.radiopiu.net\/wordpress\/wp-content\/uploads\/2022\/06\/0a6150e4-bc70-4210-ad75-f53803953eb0-212x300.jpg 212w, https:\/\/www.radiopiu.net\/wordpress\/wp-content\/uploads\/2022\/06\/0a6150e4-bc70-4210-ad75-f53803953eb0-724x1024.jpg 724w, https:\/\/www.radiopiu.net\/wordpress\/wp-content\/uploads\/2022\/06\/0a6150e4-bc70-4210-ad75-f53803953eb0-768x1086.jpg 768w, https:\/\/www.radiopiu.net\/wordpress\/wp-content\/uploads\/2022\/06\/0a6150e4-bc70-4210-ad75-f53803953eb0-1086x1536.jpg 1086w, https:\/\/www.radiopiu.net\/wordpress\/wp-content\/uploads\/2022\/06\/0a6150e4-bc70-4210-ad75-f53803953eb0.jpg 1131w\" sizes=\"auto, (max-width: 212px) 100vw, 212px\" \/><\/a>\n\t\t\t\t<\/dt><\/dl><dl class='gallery-item'>\n\t\t\t\t<dt class='gallery-icon landscape'>\n\t\t\t\t\t<a class=\"rollover rollover-zoom dt-pswp-item\" title=\"117083109_183542043157133_75668120410207434_n\" data-dt-img-description=\"\" data-large_image_width=\"960\" data-large_image_height=\"503\"href='https:\/\/www.radiopiu.net\/wordpress\/wp-content\/uploads\/2022\/06\/117083109_183542043157133_75668120410207434_n.jpg'><img loading=\"lazy\" decoding=\"async\" width=\"300\" height=\"157\" src=\"https:\/\/www.radiopiu.net\/wordpress\/wp-content\/uploads\/2022\/06\/117083109_183542043157133_75668120410207434_n-300x157.jpg\" class=\"attachment-medium size-medium\" alt=\"\" srcset=\"https:\/\/www.radiopiu.net\/wordpress\/wp-content\/uploads\/2022\/06\/117083109_183542043157133_75668120410207434_n-300x157.jpg 300w, https:\/\/www.radiopiu.net\/wordpress\/wp-content\/uploads\/2022\/06\/117083109_183542043157133_75668120410207434_n-768x402.jpg 768w, https:\/\/www.radiopiu.net\/wordpress\/wp-content\/uploads\/2022\/06\/117083109_183542043157133_75668120410207434_n.jpg 960w\" sizes=\"auto, (max-width: 300px) 100vw, 300px\" \/><\/a>\n\t\t\t\t<\/dt><\/dl><dl class='gallery-item'>\n\t\t\t\t<dt class='gallery-icon landscape'>\n\t\t\t\t\t<a class=\"rollover rollover-zoom dt-pswp-item\" title=\"CANALE D&#039;AGORDO (3)\" data-dt-img-description=\"\" data-large_image_width=\"960\" data-large_image_height=\"720\"href='https:\/\/www.radiopiu.net\/wordpress\/wp-content\/uploads\/2020\/06\/CANALE-DAGORDO-3.jpg'><img loading=\"lazy\" decoding=\"async\" width=\"300\" height=\"225\" src=\"https:\/\/www.radiopiu.net\/wordpress\/wp-content\/uploads\/2020\/06\/CANALE-DAGORDO-3-300x225.jpg\" class=\"attachment-medium size-medium\" alt=\"\" srcset=\"https:\/\/www.radiopiu.net\/wordpress\/wp-content\/uploads\/2020\/06\/CANALE-DAGORDO-3-300x225.jpg 300w, https:\/\/www.radiopiu.net\/wordpress\/wp-content\/uploads\/2020\/06\/CANALE-DAGORDO-3-768x576.jpg 768w, https:\/\/www.radiopiu.net\/wordpress\/wp-content\/uploads\/2020\/06\/CANALE-DAGORDO-3.jpg 960w\" sizes=\"auto, (max-width: 300px) 100vw, 300px\" \/><\/a>\n\t\t\t\t<\/dt><\/dl><br style=\"clear: both\" \/>\n\t\t\t<\/div>\n\n<p>&nbsp;<\/p>\n<p>&nbsp;<\/p>\n<hr \/>\n<p>&nbsp;<\/p>\n<p>&nbsp;<\/p>\n<blockquote class=\"wp-embedded-content\" data-secret=\"pFiseFIXwR\"><p><a href=\"https:\/\/www.radiopiu.net\/wordpress\/da-ieri-alla-radio-in-palinsesto-loris-e-maurizio-con-la-grande-musica\/\">IL BLUES ALLA RADIO &#8230; COME NON L&#8217;AVETE MAI SENTITO PRIMA<\/a><\/p><\/blockquote>\n<p><iframe loading=\"lazy\" class=\"wp-embedded-content\" sandbox=\"allow-scripts\" security=\"restricted\" style=\"position: absolute; clip: rect(1px, 1px, 1px, 1px);\" title=\"&#8220;IL BLUES ALLA RADIO &#8230; COME NON L&#8217;AVETE MAI SENTITO PRIMA&#8221; &#8212; Radio Pi\u00f9\" src=\"https:\/\/www.radiopiu.net\/wordpress\/da-ieri-alla-radio-in-palinsesto-loris-e-maurizio-con-la-grande-musica\/embed\/#?secret=ZpOawnhjSB#?secret=pFiseFIXwR\" data-secret=\"pFiseFIXwR\" width=\"600\" height=\"338\" frameborder=\"0\" marginwidth=\"0\" marginheight=\"0\" scrolling=\"no\"><\/iframe><\/p>\n<p>&nbsp;<\/p>\n<hr \/>\n<p>&nbsp;<\/p>\n<h2><span style=\"color: #008080;\">SALUTE &amp; SOCIETA&#8217;\u00a0<\/span><\/h2>\n<p><strong>LA RACCOLTA<\/strong><\/p>\n<blockquote class=\"wp-embedded-content\" data-secret=\"UKhjfiL7Kn\"><p><a href=\"https:\/\/www.radiopiu.net\/wordpress\/saluteesocieta\/\">Salute e Societ\u00e0<\/a><\/p><\/blockquote>\n<p><iframe loading=\"lazy\" class=\"wp-embedded-content\" sandbox=\"allow-scripts\" security=\"restricted\" style=\"position: absolute; clip: rect(1px, 1px, 1px, 1px);\" title=\"&#8220;Salute e Societ\u00e0&#8221; &#8212; Radio Pi\u00f9\" src=\"https:\/\/www.radiopiu.net\/wordpress\/saluteesocieta\/embed\/#?secret=LIeAjOs53s#?secret=UKhjfiL7Kn\" data-secret=\"UKhjfiL7Kn\" width=\"600\" height=\"338\" frameborder=\"0\" marginwidth=\"0\" marginheight=\"0\" scrolling=\"no\"><\/iframe><\/p>\n<p>&nbsp;<\/p>\n<hr \/>\n<p>&nbsp;<\/p>\n<h2><span style=\"color: #ff00ff;\">007 IN CONDOTTA CON LA PROF. MARIA ROSA SALMAZO ULTIMA PUNTATA DECIMO ANNO CON IL GRAZIE PER L&#8217;IMPEGNO ALLA PROF. MARIA ROSA SALMAZO E CLAUDIO FONTANIVE\u00a0<\/span><\/h2>\n<p><strong>PUNTATA DEL O6 GIUGNO 2022 &#8211; ULTIMA PUNTATA DELLA STAGIONE<\/strong><\/p>\n<audio class=\"wp-audio-shortcode\" id=\"audio-280299-10\" preload=\"none\" style=\"width: 100%;\" controls=\"controls\"><source type=\"audio\/mpeg\" src=\"https:\/\/www.radiopiu.net\/wordpress\/wp-content\/uploads\/2022\/06\/ZERO-ZERO-7-DEL-06-GIUGNO-ULTIMA-PUNTATA-2022.mp3?_=10\" \/><a href=\"https:\/\/www.radiopiu.net\/wordpress\/wp-content\/uploads\/2022\/06\/ZERO-ZERO-7-DEL-06-GIUGNO-ULTIMA-PUNTATA-2022.mp3\">https:\/\/www.radiopiu.net\/wordpress\/wp-content\/uploads\/2022\/06\/ZERO-ZERO-7-DEL-06-GIUGNO-ULTIMA-PUNTATA-2022.mp3<\/a><\/audio>\n<p>&nbsp;<\/p>\n<p><strong>LA RACCOLTA COMPLETA\u00a0<\/strong><\/p>\n<blockquote class=\"wp-embedded-content\" data-secret=\"LVgvaaPILE\"><p><a href=\"https:\/\/www.radiopiu.net\/wordpress\/007incondotta-9\/\">007 in condotta<\/a><\/p><\/blockquote>\n<p><iframe loading=\"lazy\" class=\"wp-embedded-content\" sandbox=\"allow-scripts\" security=\"restricted\" style=\"position: absolute; clip: rect(1px, 1px, 1px, 1px);\" title=\"&#8220;007 in condotta&#8221; &#8212; Radio Pi\u00f9\" src=\"https:\/\/www.radiopiu.net\/wordpress\/007incondotta-9\/embed\/#?secret=XUIV0ZDRQf#?secret=LVgvaaPILE\" data-secret=\"LVgvaaPILE\" width=\"600\" height=\"338\" frameborder=\"0\" marginwidth=\"0\" marginheight=\"0\" scrolling=\"no\"><\/iframe><\/p>\n<p>&nbsp;<\/p>\n<hr \/>\n<h3 class=\"kvgmc6g5 cxmmr5t8 oygrvhab hcukyx3x c1et5uql\"><span style=\"color: #0000ff;\"><strong>\u00a0<\/strong><\/span><\/h3>\n<h3 class=\"kvgmc6g5 cxmmr5t8 oygrvhab hcukyx3x c1et5uql\"><span style=\"color: #0000ff;\"><strong>INFORMAZIONE il canale su TELEGRAM informazione di prima mano e in tempo reale. iscriviti ed aiutaci a farlo conoscere\u00a0 \u00a0<\/strong><\/span><\/h3>\n<p>&nbsp;<\/p>\n<hr \/>\n<p>&nbsp;<\/p>\n<blockquote>\n<h2><span style=\"color: #800080;\">STORIE A QUATTROCCHI<br \/>\nOGGI ALLE 9 E ALLE 18 LA NUOVA PUNTATA CON ELENA E STEFANIA<\/span><\/h2>\n<\/blockquote>\n<p><strong>PUNTATA DEL 08 GIUGNO 2022 CON ELENA E STEFANIA<\/strong><\/p>\n<audio class=\"wp-audio-shortcode\" id=\"audio-280299-11\" preload=\"none\" style=\"width: 100%;\" controls=\"controls\"><source type=\"audio\/mpeg\" src=\"https:\/\/www.radiopiu.net\/wordpress\/wp-content\/uploads\/2022\/06\/QOCCHI8.mp3?_=11\" \/><a href=\"https:\/\/www.radiopiu.net\/wordpress\/wp-content\/uploads\/2022\/06\/QOCCHI8.mp3\">https:\/\/www.radiopiu.net\/wordpress\/wp-content\/uploads\/2022\/06\/QOCCHI8.mp3<\/a><\/audio>\n<p><strong>LA RACCOLTA COMPLETA\u00a0<\/strong><\/p>\n<blockquote class=\"wp-embedded-content\" data-secret=\"VxSypWJ9bd\"><p><a href=\"https:\/\/www.radiopiu.net\/wordpress\/storie-a-quattrocchi\/\">Storie a quattrocchi<\/a><\/p><\/blockquote>\n<p><iframe loading=\"lazy\" class=\"wp-embedded-content\" sandbox=\"allow-scripts\" security=\"restricted\" style=\"position: absolute; clip: rect(1px, 1px, 1px, 1px);\" title=\"&#8220;Storie a quattrocchi&#8221; &#8212; Radio Pi\u00f9\" src=\"https:\/\/www.radiopiu.net\/wordpress\/storie-a-quattrocchi\/embed\/#?secret=krXYewVrh1#?secret=VxSypWJ9bd\" data-secret=\"VxSypWJ9bd\" width=\"600\" height=\"338\" frameborder=\"0\" marginwidth=\"0\" marginheight=\"0\" scrolling=\"no\"><\/iframe><\/p>\n<p>&nbsp;<\/p>\n<hr \/>\n<p>&nbsp;<\/p>\n<h2><\/h2>\n<h2><span style=\"color: #008080;\">&#8220;DINTORN E FORA VIA&#8221; A CURA DEL MUSLA, IL NUOVO PROGRAMMA\u00a0 \u00a0<\/span><\/h2>\n<p><a class=\"dt-pswp-item\" href=\"https:\/\/www.radiopiu.net\/wordpress\/wp-content\/uploads\/2022\/06\/1264397_701443783218799_504077467_o.jpg\" data-dt-img-description=\"\" data-large_image_width=\"2048\" data-large_image_height=\"1366\"><img loading=\"lazy\" decoding=\"async\" class=\"size-thumbnail wp-image-280167 alignleft\" src=\"https:\/\/www.radiopiu.net\/wordpress\/wp-content\/uploads\/2022\/06\/1264397_701443783218799_504077467_o-150x150.jpg\" alt=\"\" width=\"150\" height=\"150\" \/><\/a><strong>PUNTATA DEL 07 GIUGNO 2022 &#8211; CON MAYRA DE MARCO<\/strong><\/p>\n<audio class=\"wp-audio-shortcode\" id=\"audio-280299-12\" preload=\"none\" style=\"width: 100%;\" controls=\"controls\"><source type=\"audio\/mpeg\" src=\"https:\/\/www.radiopiu.net\/wordpress\/wp-content\/uploads\/2022\/06\/MUSLA.mp3?_=12\" \/><a href=\"https:\/\/www.radiopiu.net\/wordpress\/wp-content\/uploads\/2022\/06\/MUSLA.mp3\">https:\/\/www.radiopiu.net\/wordpress\/wp-content\/uploads\/2022\/06\/MUSLA.mp3<\/a><\/audio>\n<p>&nbsp;<\/p>\n<p><strong>LA RACCOLTA COMPLETA<\/strong><\/p>\n<blockquote class=\"wp-embedded-content\" data-secret=\"4VpobEdVPf\"><p><a href=\"https:\/\/www.radiopiu.net\/wordpress\/musla\/\">MUSLA<\/a><\/p><\/blockquote>\n<p><iframe loading=\"lazy\" class=\"wp-embedded-content\" sandbox=\"allow-scripts\" security=\"restricted\" style=\"position: absolute; clip: rect(1px, 1px, 1px, 1px);\" title=\"&#8220;MUSLA&#8221; &#8212; Radio Pi\u00f9\" src=\"https:\/\/www.radiopiu.net\/wordpress\/musla\/embed\/#?secret=bBG9eKFR3M#?secret=4VpobEdVPf\" data-secret=\"4VpobEdVPf\" width=\"600\" height=\"338\" frameborder=\"0\" marginwidth=\"0\" marginheight=\"0\" scrolling=\"no\"><\/iframe><\/p>\n<p>&nbsp;<\/p>\n<p>&nbsp;<\/p>\n<hr \/>\n<p>&nbsp;<\/p>\n<div>\n<div class=\"b654a4as d2edcug0\">\n<div class=\"rq0escxv hkbzh7o3 jwdofwj8 n8tt0mok r8blr3vg hyh9befq\">\n<p><a class=\"dt-pswp-item\" href=\"https:\/\/www.radiopiu.net\/wordpress\/wp-content\/uploads\/2020\/10\/pp.jpg\" data-dt-img-description=\"\" data-large_image_width=\"640\" data-large_image_height=\"640\"><img loading=\"lazy\" decoding=\"async\" class=\"wp-image-163678 alignleft\" src=\"https:\/\/www.radiopiu.net\/wordpress\/wp-content\/uploads\/2020\/10\/pp-300x300.jpg\" alt=\"\" width=\"106\" height=\"106\" srcset=\"https:\/\/www.radiopiu.net\/wordpress\/wp-content\/uploads\/2020\/10\/pp-300x300.jpg 300w, https:\/\/www.radiopiu.net\/wordpress\/wp-content\/uploads\/2020\/10\/pp-150x150.jpg 150w, https:\/\/www.radiopiu.net\/wordpress\/wp-content\/uploads\/2020\/10\/pp-125x125.jpg 125w, https:\/\/www.radiopiu.net\/wordpress\/wp-content\/uploads\/2020\/10\/pp-200x200.jpg 200w, https:\/\/www.radiopiu.net\/wordpress\/wp-content\/uploads\/2020\/10\/pp-80x80.jpg 80w, https:\/\/www.radiopiu.net\/wordpress\/wp-content\/uploads\/2020\/10\/pp-480x480.jpg 480w, https:\/\/www.radiopiu.net\/wordpress\/wp-content\/uploads\/2020\/10\/pp.jpg 640w\" sizes=\"auto, (max-width: 106px) 100vw, 106px\" \/><\/a><\/p>\n<\/div>\n<\/div>\n<\/div>\n<div>\n<div class=\"page-title-head hgroup\">\n<div class=\"page-title-head hgroup\">\n<div class=\"b654a4as d2edcug0\">\n<div class=\"j83agx80 btwxx1t3 lhclo0ds hop8lmos nkwizq5d scwd0bx6 roh60bw9\">\n<div class=\"rq0escxv hkbzh7o3 jwdofwj8 n8tt0mok r8blr3vg hyh9befq\">\n<div class=\"do00u71z l9j0dhe7 k4urcfbm\">\n<h2><span style=\"color: #000080;\">DON CESARE, IL PENSIERO DEL GIORNO. ALLA RADIO ALLE 7 DEL MATTINO E ALLE 19.30 DELLA SERA.\u00a0<\/span><\/h2>\n<audio class=\"wp-audio-shortcode\" id=\"audio-280299-13\" preload=\"none\" style=\"width: 100%;\" controls=\"controls\"><source type=\"audio\/mpeg\" src=\"https:\/\/www.radiopiu.net\/wordpress\/wp-content\/uploads\/2022\/06\/CESARE-8.mp3?_=13\" \/><a href=\"https:\/\/www.radiopiu.net\/wordpress\/wp-content\/uploads\/2022\/06\/CESARE-8.mp3\">https:\/\/www.radiopiu.net\/wordpress\/wp-content\/uploads\/2022\/06\/CESARE-8.mp3<\/a><\/audio>\n<\/div>\n<\/div>\n<\/div>\n<\/div>\n<\/div>\n<\/div>\n<\/div>\n<p>&nbsp;<\/p>\n<p>&nbsp;<\/p>\n<hr \/>\n<p>&nbsp;<\/p>\n<blockquote>\n<h3>&#8220;COMELICO. LA VOGLIA DI RESTARE&#8221; DI LUCIO EICHER CLERE NEL LIBRO &#8220;BELLUNO. VIAGGIO INTORNO A UNA PROVINCIA&#8221;<\/h3>\n<\/blockquote>\n<p><strong>di RENATO BONA<\/strong><\/p>\n<p>Prima e seconda edizione rispettivamente nel marzo ed agosto 1989 (fotolito Eurocrom Villorba, composizione tipografia Piave Belluno, stampa Graphic group Feltre) del bellissimo libro di oltre 250 pagine &#8220;Belluno. Viaggio intorno a una provincia&#8221; edito per l&#8217;Amministrazione provinciale bellunese dalla Libreria Pilotto editrice di Feltre, su progetto e coordinamento editoriale del giornalista Maurizio Busatta. Fotografie di Cadorin, Dalla Giustina, De Vido, Riva e Sovilla. Sotto il titolo &#8220;Una riflessione e un impegno&#8221; la Giunta provinciale dell&#8217;epoca puntualizzava che &#8220;Ai bellunesi \u00e8 dedicato questo lavoro per un momento di riflessione sulla civilt\u00e0, sulla storia, sulla cultura, sulle tradizioni oltrech\u00e9 sulle aspirazioni&#8221;. E a queste ultime si rivolgeva l&#8217;impegno della Provincia stessa, ente intermedio fra comunit\u00e0 montane, comuni e Regione Veneto, chiamati a collaborare &#8220;per attuare concreti interventi corrispondenti alle aspettative di tutta la popolazione bellunese&#8221;. Dal canto suo Busatta specificava: &#8220;&#8230; Le pagine che seguono non intendono affatto assolvere la funzione di guida. Scandite da fotografie che si possono gustare come un film, e scritte a pi\u00f9 mani, queste testimonianze offrono al lettore una serie di contributi che, pur articolati per area e quindi di fatto proposti sotto la forma di &#8216;baedeker&#8217; (guida tascabile per turisti . ndr.), tendono a raggiungere un obiettivo pi\u00f9 complesso: la scoperta, o meglio l&#8217;identificazione dei &#8216;caratteri originari&#8217; (sotto tutti i punti di vista) della Provincia di Belluno, del suo territorio, della sua gente&#8221;. E concludeva: &#8220;Un &#8216;viaggio&#8217;, il nostro, che comincia. Un sentiero che talvolta forse obbliga a cambiare passo (ma del resto non siamo in montagna?) e che alla fine, sinceramente, vorrebbe seminare spunti per ulteriori riflessioni&#8221;. Su &#8220;Le origini. Protostoria e storia antica&#8221; ha scritto Giovan Battista Pellegrini; su &#8220;Belluno. L&#8217;effetto citt\u00e0&#8221; Dino Conti; su &#8220;La valle del Piave, l\u00e0 dove muovevano le zattere, e Longarone, prima e dopo&#8221; Fiorello Zangrando il quale si \u00e8 poi impegnato per &#8220;Alpago, Un loggione sulla Val Belluna&#8221; e su &#8220;Il bosco dei Dogi&#8221;; lo stesso Busatta su &#8220;Tra Belluno e Feltre, il cuore dello sviluppo&#8221;. Ancora: su &#8220;Lettere ed arti. Presenze ed assenze&#8221; Silvio Guarnieri; su &#8220;Il Feltrino&#8221;, Una citt\u00e0 e un territorio ponte&#8221; Adriano Sernagiotto; su &#8220;Agordino. La nuova frontiera&#8221; Giuseppe Sorge; su &#8220;Societ\u00e0. La condizione migrante&#8221; Ulderico Bernardi; su &#8220;Zoldo. La valle del gelato chiama turismo&#8221; ancora Zangrando; su Istituzioni. La realt\u00e0 delle Regole&#8221; Gian Candido De Martin; su &#8220;Cadore. Acqua, legno e occhiali&#8221; Giancarlo Pagogna; su &#8220;Comelico, La voglia di restare&#8221; Lucio Eicher Clere; su &#8220;Valle del Boite. Lungo la Strada Regia e Cortina, la Tradizione&#8221; Mario Ferruccio Belli; su &#8220;Foto di gruppo. Una comunit\u00e0 che cresce&#8221; di nuovo Busatta. In questa occasione ci soffermiamo sul capitolo &#8220;Comelico. La voglia di restare&#8221; opera del caro amico di lunga data Lucio Eicher Clere del quale \u00e8 noto ed apprezzato l&#8217;impegno per concorrere alla valorizzazione e-o scoperta della cultura,e non solo, della terra dove vive. Eicher Clere esordisce richiamando il ritornello di una canzone popolare del Comelico: &#8220;Come \u00e8 bello il Comelico, se non ci fosse la strada della Valle sarebbe un Paradiso&#8221; per ricordare che &#8220;la strada dla Val&#8221; iniziata nel 1838 ed aperta nel 1840 era un incubo: definitivamente risolto dopo anni di attesa, con l&#8217;inaugurazione della grande galleria, il 31 luglio 1986: un tunnel di 4 chilometri sotto il monte Piedo &#8220;opera di portata storica per il Comelico: una finestra per guardare oltre&#8221;. L&#8217;autore si chiede a questo punto: &#8220;Fine di un isolamento?&#8221; per poi esporre una serie di situazioni sulla realt\u00e0 che &#8220;presenta le caratteristiche geografiche di valle separata, difficilmente accessibile, luogo di escursione, pi\u00f9 che di permanenza&#8221; e dunque propendere per una risposta negativa. Sta di fatto &#8211; \u00e8 ancora Lucio Eicher Clere a metterlo nero su bianco &#8211; che &#8220;Per amore o per necessit\u00e0 gli abitanti del Comelico si sono costruiti quest&#8217;angolo di vita con progressivi disboscamenti per creare spazio all&#8217;agricoltura ed all&#8217;allevamento, e lo hanno poi conservato in condizioni di obiettiva difficolt\u00e0&#8221;, eppure da questa terra non c&#8217;\u00e8 stato l&#8217;esodo, \u00e8 prevalsa la voglia di restare e la popolazione si \u00e8 stabilizzata sulle diecimila unit\u00e0 ed anche nei paesi pi\u00f9 piccoli &#8220;si assiste ad un fiorire di inizative che testimoniano la caparbia volont\u00e0 di ricercare soluzioni per rimanere&#8221;. Dopo fasi alterne che ad esempio a Costa (paese ricostruito con case in muratura dopo il devastante incendio del 1893, destino comune a quasi tutti i centri abitati del Comelico) vide l&#8217;agricoltura in profonda crisi per l&#8217;abbandono di molte delle forze giovani e produttive, con fienili chiusi e prati abbandonati, nel 1957 ecco l&#8217;idea: costituire una societ\u00e0 per l&#8217;incremento zootecnico, con lo scopo di rianimare l&#8217;economia rurale. E cos\u00ec alla crisi degli anni Sessanta subentr\u00f2 il realismo rappresentato dalla Regola, istituzione comunitaria nata &#8220;per la necessit\u00e0 economica di mantenere indivisi i boschi ed i pascoli per un migliore uso&#8221;. Ridando interesse all&#8217;impiego di giovani, donne ed anche anziani in agricoltura, con un&#8217;operazione valida anche dal punto di vista culturale&#8221;. E a proposito di cultura, Lucio Eicher Clere sottolinea che &#8220;Il ladino del Comelico \u00e8 vivo, perch\u00e9 parlato ancora dalla quasi totalit\u00e0 della popolazione. Ma rischia lo svuotamento di significato e l&#8217;inevitabile assorbimento nella lingua dominante&#8221;. Pericolo avvertito in particolare a Costalta dove &#8220;\u00e8 maturata la proposta di non limitare la ricerca al passato ma di estenderla alla creazione di testi poetici, racconti e canzoni che non guardino nostalgicamente al tempo andato ma parlino dell&#8217;oggi&#8221;. Conclude dando spazio al &#8220;Turismo a misura di paese&#8221; e citando Sappada (all&#8217;epoca non ancora passata nella Regione Friuli Venezia Giulia . ndr.) &#8220;che ormai gode di fama internazionale ma conserva abbastanza gelosamente le particolarit\u00e0 ambientali accanto a quelle etnico-culturali; e conVal Visdende &#8220;esempio di terra, seppure disagiata e provata dalle calamit\u00e0 naturali e dalla negligenza umana, che ha conservato una integrit\u00e0 invidiabile&#8221;.<\/p>\n\n\t\t\t<style type='text\/css'>\n\t\t\t\t#gallery-7 {\n\t\t\t\t\tmargin: auto;\n\t\t\t\t}\n\t\t\t\t#gallery-7 .gallery-item {\n\t\t\t\t\tfloat: left;\n\t\t\t\t\tmargin-top: 10px;\n\t\t\t\t\ttext-align: center;\n\t\t\t\t\twidth: 25%;\n\t\t\t\t}\n\t\t\t\t#gallery-7 img {\n\t\t\t\t\tborder: 2px solid #cfcfcf;\n\t\t\t\t}\n\t\t\t\t#gallery-7 .gallery-caption {\n\t\t\t\t\tmargin-left: 0;\n\t\t\t\t}\n\t\t\t\t\/* see gallery_shortcode() in wp-includes\/media.php *\/\n\t\t\t<\/style>\n\t\t<div id='gallery-7' class='dt-gallery-container gallery galleryid-280299 gallery-columns-4 gallery-size-thumbnail'><dl class='gallery-item'>\n\t\t\t\t<dt class='gallery-icon portrait'>\n\t\t\t\t\t<a class=\"rollover\" href='https:\/\/www.radiopiu.net\/wordpress\/giornale-radiopiu-09-giugno-2022-direttore-mirko-mezzacasa\/285827046_691404622141129_3026976447909911878_n\/'><img loading=\"lazy\" decoding=\"async\" width=\"150\" height=\"150\" src=\"https:\/\/www.radiopiu.net\/wordpress\/wp-content\/uploads\/2022\/06\/285827046_691404622141129_3026976447909911878_n-150x150.jpg\" class=\"attachment-thumbnail size-thumbnail\" alt=\"\" \/><\/a>\n\t\t\t\t<\/dt><\/dl><dl class='gallery-item'>\n\t\t\t\t<dt class='gallery-icon landscape'>\n\t\t\t\t\t<a class=\"rollover\" href='https:\/\/www.radiopiu.net\/wordpress\/giornale-radiopiu-09-giugno-2022-direttore-mirko-mezzacasa\/286020933_1051120925783260_4031463340525110779_n\/'><img loading=\"lazy\" decoding=\"async\" width=\"150\" height=\"150\" src=\"https:\/\/www.radiopiu.net\/wordpress\/wp-content\/uploads\/2022\/06\/286020933_1051120925783260_4031463340525110779_n-150x150.jpg\" class=\"attachment-thumbnail size-thumbnail\" alt=\"\" \/><\/a>\n\t\t\t\t<\/dt><\/dl><dl class='gallery-item'>\n\t\t\t\t<dt class='gallery-icon landscape'>\n\t\t\t\t\t<a class=\"rollover\" href='https:\/\/www.radiopiu.net\/wordpress\/giornale-radiopiu-09-giugno-2022-direttore-mirko-mezzacasa\/286014829_410737850773952_2583395827770278948_n\/'><img loading=\"lazy\" decoding=\"async\" width=\"150\" height=\"150\" src=\"https:\/\/www.radiopiu.net\/wordpress\/wp-content\/uploads\/2022\/06\/286014829_410737850773952_2583395827770278948_n-150x150.jpg\" class=\"attachment-thumbnail size-thumbnail\" alt=\"\" \/><\/a>\n\t\t\t\t<\/dt><\/dl><dl class='gallery-item'>\n\t\t\t\t<dt class='gallery-icon portrait'>\n\t\t\t\t\t<a class=\"rollover\" href='https:\/\/www.radiopiu.net\/wordpress\/giornale-radiopiu-09-giugno-2022-direttore-mirko-mezzacasa\/286140681_534914568149524_6649883376403137550_n\/'><img loading=\"lazy\" decoding=\"async\" width=\"150\" height=\"150\" src=\"https:\/\/www.radiopiu.net\/wordpress\/wp-content\/uploads\/2022\/06\/286140681_534914568149524_6649883376403137550_n-150x150.jpg\" class=\"attachment-thumbnail size-thumbnail\" alt=\"\" \/><\/a>\n\t\t\t\t<\/dt><\/dl><br style=\"clear: both\" \/><dl class='gallery-item'>\n\t\t\t\t<dt class='gallery-icon landscape'>\n\t\t\t\t\t<a class=\"rollover\" href='https:\/\/www.radiopiu.net\/wordpress\/giornale-radiopiu-09-giugno-2022-direttore-mirko-mezzacasa\/285992416_687687058998160_722732849086170953_n\/'><img loading=\"lazy\" decoding=\"async\" width=\"150\" height=\"150\" src=\"https:\/\/www.radiopiu.net\/wordpress\/wp-content\/uploads\/2022\/06\/285992416_687687058998160_722732849086170953_n-150x150.jpg\" class=\"attachment-thumbnail size-thumbnail\" alt=\"\" \/><\/a>\n\t\t\t\t<\/dt><\/dl><dl class='gallery-item'>\n\t\t\t\t<dt class='gallery-icon portrait'>\n\t\t\t\t\t<a class=\"rollover\" href='https:\/\/www.radiopiu.net\/wordpress\/giornale-radiopiu-09-giugno-2022-direttore-mirko-mezzacasa\/286095996_331265515852585_5702622804091424868_n\/'><img loading=\"lazy\" decoding=\"async\" width=\"150\" height=\"150\" src=\"https:\/\/www.radiopiu.net\/wordpress\/wp-content\/uploads\/2022\/06\/286095996_331265515852585_5702622804091424868_n-150x150.jpg\" class=\"attachment-thumbnail size-thumbnail\" alt=\"\" \/><\/a>\n\t\t\t\t<\/dt><\/dl><dl class='gallery-item'>\n\t\t\t\t<dt class='gallery-icon portrait'>\n\t\t\t\t\t<a class=\"rollover\" href='https:\/\/www.radiopiu.net\/wordpress\/giornale-radiopiu-09-giugno-2022-direttore-mirko-mezzacasa\/285797776_1501251343637392_2049287479299367177_n\/'><img loading=\"lazy\" decoding=\"async\" width=\"150\" height=\"150\" src=\"https:\/\/www.radiopiu.net\/wordpress\/wp-content\/uploads\/2022\/06\/285797776_1501251343637392_2049287479299367177_n-150x150.jpg\" class=\"attachment-thumbnail size-thumbnail\" alt=\"\" \/><\/a>\n\t\t\t\t<\/dt><\/dl><dl class='gallery-item'>\n\t\t\t\t<dt class='gallery-icon landscape'>\n\t\t\t\t\t<a class=\"rollover\" href='https:\/\/www.radiopiu.net\/wordpress\/giornale-radiopiu-09-giugno-2022-direttore-mirko-mezzacasa\/285932024_1067329027525523_6916922876068044832_n\/'><img loading=\"lazy\" decoding=\"async\" width=\"150\" height=\"150\" src=\"https:\/\/www.radiopiu.net\/wordpress\/wp-content\/uploads\/2022\/06\/285932024_1067329027525523_6916922876068044832_n-150x150.jpg\" class=\"attachment-thumbnail size-thumbnail\" alt=\"\" \/><\/a>\n\t\t\t\t<\/dt><\/dl><br style=\"clear: both\" \/><dl class='gallery-item'>\n\t\t\t\t<dt class='gallery-icon landscape'>\n\t\t\t\t\t<a class=\"rollover\" href='https:\/\/www.radiopiu.net\/wordpress\/giornale-radiopiu-09-giugno-2022-direttore-mirko-mezzacasa\/285817880_359918786050057_4810997114850172550_n\/'><img loading=\"lazy\" decoding=\"async\" width=\"150\" height=\"150\" src=\"https:\/\/www.radiopiu.net\/wordpress\/wp-content\/uploads\/2022\/06\/285817880_359918786050057_4810997114850172550_n-150x150.jpg\" class=\"attachment-thumbnail size-thumbnail\" alt=\"\" \/><\/a>\n\t\t\t\t<\/dt><\/dl><dl class='gallery-item'>\n\t\t\t\t<dt class='gallery-icon landscape'>\n\t\t\t\t\t<a class=\"rollover\" href='https:\/\/www.radiopiu.net\/wordpress\/giornale-radiopiu-09-giugno-2022-direttore-mirko-mezzacasa\/285808983_376454361129701_4919178647763981612_n\/'><img loading=\"lazy\" decoding=\"async\" width=\"150\" height=\"150\" src=\"https:\/\/www.radiopiu.net\/wordpress\/wp-content\/uploads\/2022\/06\/285808983_376454361129701_4919178647763981612_n-150x150.jpg\" class=\"attachment-thumbnail size-thumbnail\" alt=\"\" \/><\/a>\n\t\t\t\t<\/dt><\/dl><dl class='gallery-item'>\n\t\t\t\t<dt class='gallery-icon portrait'>\n\t\t\t\t\t<a class=\"rollover\" href='https:\/\/www.radiopiu.net\/wordpress\/giornale-radiopiu-09-giugno-2022-direttore-mirko-mezzacasa\/285986434_764146744741728_1867339707064189261_n\/'><img loading=\"lazy\" decoding=\"async\" width=\"149\" height=\"150\" src=\"https:\/\/www.radiopiu.net\/wordpress\/wp-content\/uploads\/2022\/06\/285986434_764146744741728_1867339707064189261_n-149x150.jpg\" class=\"attachment-thumbnail size-thumbnail\" alt=\"\" \/><\/a>\n\t\t\t\t<\/dt><\/dl><dl class='gallery-item'>\n\t\t\t\t<dt class='gallery-icon landscape'>\n\t\t\t\t\t<a class=\"rollover\" href='https:\/\/www.radiopiu.net\/wordpress\/giornale-radiopiu-09-giugno-2022-direttore-mirko-mezzacasa\/285810690_433867451890215_1738385441634731249_n\/'><img loading=\"lazy\" decoding=\"async\" width=\"150\" height=\"150\" src=\"https:\/\/www.radiopiu.net\/wordpress\/wp-content\/uploads\/2022\/06\/285810690_433867451890215_1738385441634731249_n-150x150.jpg\" class=\"attachment-thumbnail size-thumbnail\" alt=\"\" \/><\/a>\n\t\t\t\t<\/dt><\/dl><br style=\"clear: both\" \/>\n\t\t\t<\/div>\n\n<p>NELLE FOTO (riproduzioni dal libro &#8220;Belluno. Viaggio intorno a una provincia&#8221; e Google): Lucio Eicher Clere, autore del capitolo dedicato al Comelico; Palazzo Poli De Pol a San Pietro di Cadore; panoramica di Santo Stefano di Cadore; Danta, appollaiata in cima al colle; palazzo patrizio di Candide; San Nicol\u00f2; Dosoledo nel Comelico di Sopra; covoni di fieno a San Pietro di Cadore; la macchina del tempo nelle valli del Comelico ruota attorno a un microcosmo peculiare che attinge al codice genetico di timbro ladino; primavera a Sappada in festa; boschi d&#8217;abete; forte la &#8220;magia verde&#8221; della Val Visdende.<\/p>\n<p>&nbsp;<\/p>\n<p>&nbsp;<\/p>\n<hr \/>\n<p>&nbsp;<\/p>\n<div class=\"do00u71z l9j0dhe7 k4urcfbm\">\n<div class=\"page-title-head hgroup\">\n<div class=\"page-title-head hgroup\">\n<div class=\"b654a4as d2edcug0\">\n<div class=\"j83agx80 btwxx1t3 lhclo0ds hop8lmos nkwizq5d scwd0bx6 roh60bw9\">\n<div class=\"rq0escxv hkbzh7o3 jwdofwj8 n8tt0mok r8blr3vg hyh9befq\">\n<div class=\"do00u71z l9j0dhe7 k4urcfbm\">\n<div class=\"page-title-head hgroup\">\n<div class=\"page-title-head hgroup\">\n<div class=\"b654a4as d2edcug0\">\n<div class=\"j83agx80 btwxx1t3 lhclo0ds hop8lmos nkwizq5d scwd0bx6 roh60bw9\">\n<div class=\"rq0escxv hkbzh7o3 jwdofwj8 n8tt0mok r8blr3vg hyh9befq\">\n<div class=\"do00u71z l9j0dhe7 k4urcfbm\">\n<div class=\"ecm0bbzt e5nlhep0 a8c37x1j\">\n<div class=\"kvgmc6g5 cxmmr5t8 oygrvhab hcukyx3x c1et5uql\">\n<div class=\"gmail-kvgmc6g5 gmail-cxmmr5t8 gmail-oygrvhab gmail-hcukyx3x gmail-c1et5uql gmail-ii04i59q\">\n<div class=\"page-title-head hgroup\">\n<div class=\"page-title-head hgroup\">\n<div class=\"b654a4as d2edcug0\">\n<div class=\"j83agx80 btwxx1t3 lhclo0ds hop8lmos nkwizq5d scwd0bx6 roh60bw9\">\n<div class=\"rq0escxv hkbzh7o3 jwdofwj8 n8tt0mok r8blr3vg hyh9befq\">\n<div class=\"do00u71z l9j0dhe7 k4urcfbm\">\n<div class=\"page-title-head hgroup\">\n<div class=\"page-title-head hgroup\">\n<div class=\"b654a4as d2edcug0\">\n<div class=\"j83agx80 btwxx1t3 lhclo0ds hop8lmos nkwizq5d scwd0bx6 roh60bw9\">\n<div class=\"rq0escxv hkbzh7o3 jwdofwj8 n8tt0mok r8blr3vg hyh9befq\">\n<div class=\"do00u71z l9j0dhe7 k4urcfbm\">\n<div class=\"page-title-head hgroup\">\n<div class=\"page-title-head hgroup\">\n<div class=\"b654a4as d2edcug0\">\n<div class=\"j83agx80 btwxx1t3 lhclo0ds hop8lmos nkwizq5d scwd0bx6 roh60bw9\">\n<div class=\"rq0escxv hkbzh7o3 jwdofwj8 n8tt0mok r8blr3vg hyh9befq\">\n<div class=\"do00u71z l9j0dhe7 k4urcfbm\">\n<div class=\"ecm0bbzt e5nlhep0 a8c37x1j\">\n<div class=\"kvgmc6g5 cxmmr5t8 oygrvhab hcukyx3x c1et5uql\">\n<div class=\"gmail-kvgmc6g5 gmail-cxmmr5t8 gmail-oygrvhab gmail-hcukyx3x gmail-c1et5uql gmail-ii04i59q\">\n<div class=\"page-title-head hgroup\">\n<div class=\"page-title-head hgroup\">\n<div class=\"b654a4as d2edcug0\">\n<div class=\"j83agx80 btwxx1t3 lhclo0ds hop8lmos nkwizq5d scwd0bx6 roh60bw9\">\n<div class=\"rq0escxv hkbzh7o3 jwdofwj8 n8tt0mok r8blr3vg hyh9befq\">\n<div class=\"do00u71z l9j0dhe7 k4urcfbm\">\n<blockquote>\n<h3><span style=\"color: #ff0000;\">IN VIVO VERSO,\u00a0 RIASCOLTIAMOLE DAL LUNEDI AL VENERDI ALLE 7.10, 10.10, 18 50<\/span><\/h3>\n<h3>RIASCOLTIAMOLE, STAGIONE STAGIONE 2019_2020 GIANNI BALSAMO &#8220;QUANDO SI AMA&#8221;<\/h3>\n<\/blockquote>\n<p><strong>AUDIO<\/strong><\/p>\n<audio class=\"wp-audio-shortcode\" id=\"audio-280299-14\" preload=\"none\" style=\"width: 100%;\" controls=\"controls\"><source type=\"audio\/mpeg\" src=\"https:\/\/www.radiopiu.net\/wordpress\/wp-content\/uploads\/2022\/06\/POESIA-03-GIANNI-BALSAMO-QUANDO-SI-AMA.mp3?_=14\" \/><a href=\"https:\/\/www.radiopiu.net\/wordpress\/wp-content\/uploads\/2022\/06\/POESIA-03-GIANNI-BALSAMO-QUANDO-SI-AMA.mp3\">https:\/\/www.radiopiu.net\/wordpress\/wp-content\/uploads\/2022\/06\/POESIA-03-GIANNI-BALSAMO-QUANDO-SI-AMA.mp3<\/a><\/audio>\n<p>&nbsp;<\/p>\n<p><img loading=\"lazy\" decoding=\"async\" class=\"\" src=\"https:\/\/www.radiopiu.net\/wordpress\/wp-content\/uploads\/2019\/04\/FOTO-X-SITO-GIANNI-BALSAMO-300x300.jpg\" width=\"105\" height=\"105\" \/><\/p>\n<p>&nbsp;<\/p>\n<p><strong>LA RACCOLTA COMPLETA<\/strong><\/p>\n<blockquote class=\"wp-embedded-content\" data-secret=\"1S6rw6gbar\"><p><a href=\"https:\/\/www.radiopiu.net\/wordpress\/in-vivo-verso\/\">In Vivo Verso<\/a><\/p><\/blockquote>\n<p><iframe loading=\"lazy\" class=\"wp-embedded-content\" sandbox=\"allow-scripts\" security=\"restricted\" style=\"position: absolute; clip: rect(1px, 1px, 1px, 1px);\" title=\"&#8220;In Vivo Verso&#8221; &#8212; Radio Pi\u00f9\" src=\"https:\/\/www.radiopiu.net\/wordpress\/in-vivo-verso\/embed\/#?secret=XAbSPpYCb8#?secret=1S6rw6gbar\" data-secret=\"1S6rw6gbar\" width=\"600\" height=\"338\" frameborder=\"0\" marginwidth=\"0\" marginheight=\"0\" scrolling=\"no\"><\/iframe><\/p>\n<p>&nbsp;<\/p>\n<p>&nbsp;<\/p>\n<hr \/>\n<p>&nbsp;<\/p>\n<p><span style=\"color: #0000ff;\">MUSICA PIU&#8217;\u00a0<\/span><\/p>\n<p><a href=\"https:\/\/www.radiopiu.net\/wordpress\/giornale-radiopiu-20-settembre-2021-direttore-mirko-mezzacasa\/pp-79\/\" rel=\"attachment wp-att-232921\"><img loading=\"lazy\" decoding=\"async\" class=\"wp-image-232921 alignleft\" src=\"https:\/\/www.radiopiu.net\/wordpress\/wp-content\/uploads\/2021\/09\/pp-1-300x300.jpg\" alt=\"\" width=\"135\" height=\"135\" srcset=\"https:\/\/www.radiopiu.net\/wordpress\/wp-content\/uploads\/2021\/09\/pp-1-300x300.jpg 300w, https:\/\/www.radiopiu.net\/wordpress\/wp-content\/uploads\/2021\/09\/pp-1-150x150.jpg 150w, https:\/\/www.radiopiu.net\/wordpress\/wp-content\/uploads\/2021\/09\/pp-1.jpg 640w\" sizes=\"auto, (max-width: 135px) 100vw, 135px\" \/><\/a><\/p>\n<div class=\"mkdf-post-text\">\n<div class=\"mkdf-post-text-inner\">\n<div class=\"mkdf-post-text-main\">\n<div class=\"mkdf-post-text\">\n<div class=\"mkdf-post-text-inner\">\n<div class=\"mkdf-post-text-main\">\n<div class=\"mkdf-post-text\">\n<div class=\"mkdf-post-text-inner\">\n<div class=\"mkdf-post-text-main\">\n<div class=\"page-title-head hgroup\">\n<div class=\"page-title-head hgroup\">\n<div class=\"mkdf-post-text\">\n<div class=\"mkdf-post-text-inner\">\n<div class=\"mkdf-post-text-main\">\n<div class=\"mkdf-post-text\">\n<div class=\"mkdf-post-text-inner\">\n<div class=\"mkdf-post-text-main\">\n<div class=\"page-title-head hgroup\">\n<div class=\"page-title-head hgroup\">\n<div class=\"page-title-head hgroup\">\n<div class=\"page-title-head hgroup\">\n<div class=\"b654a4as d2edcug0\">\n<div class=\"page-title-head hgroup\">\n<div class=\"page-title-head hgroup\">\n<div class=\"page-title-head hgroup\">\n<div class=\"page-title-head hgroup\">\n<div class=\"b654a4as d2edcug0\">\n<div class=\"page-title-head hgroup\">\n<div class=\"page-title-head hgroup\">\n<div class=\"page-title-head hgroup\">\n<div class=\"page-title-head hgroup\">\n<div class=\"b654a4as d2edcug0\">\n<div class=\"mkdf-post-text\">\n<div class=\"mkdf-post-text-inner\">\n<div class=\"mkdf-post-text-main\">\n<div class=\"mkdf-post-text\">\n<div class=\"mkdf-post-text-inner\">\n<div class=\"mkdf-post-text-main\">\n<div class=\"mkdf-post-text\">\n<div class=\"mkdf-post-text-inner\">\n<div class=\"mkdf-post-text-main\">\n<div class=\"page-title-head hgroup\">\n<div class=\"page-title-head hgroup\">\n<div class=\"mkdf-post-text\">\n<div class=\"mkdf-post-text-inner\">\n<div class=\"mkdf-post-text-main\">\n<div class=\"mkdf-post-text\">\n<div class=\"mkdf-post-text-inner\">\n<div class=\"mkdf-post-text-main\">\n<div class=\"page-title-head hgroup\">\n<div class=\"page-title-head hgroup\">\n<div class=\"page-title-head hgroup\">\n<div class=\"page-title-head hgroup\">\n<div class=\"b654a4as d2edcug0\">\n<div class=\"page-title-head hgroup\">\n<div class=\"page-title-head hgroup\">\n<div class=\"page-title-head hgroup\">\n<div class=\"page-title-head hgroup\">\n<div class=\"b654a4as d2edcug0\">\n<div class=\"page-title-head hgroup\">\n<div class=\"page-title-head hgroup\">\n<div class=\"page-title-head hgroup\">\n<div class=\"page-title-head hgroup\">\n<div class=\"b654a4as d2edcug0\">\n<div><\/div>\n<div><\/div>\n<div>\n<p><strong>MUSICA ALLA RADIO, IL PROGRAMMA DI LORIS SCUSSEL &#8220;COLLAGE OPERAZIONE NOSTALGIA&#8221; DAL LUNEDI AL VENERDI ALLE 16.00\u00a0 E ALLE 23\u00a0<\/strong><\/p>\n<p>&nbsp;<\/p>\n<\/div>\n<\/div>\n<p><em><strong>PUNTATA 623 DEL 08 GIUGNO 2022<\/strong><\/em><\/p>\n<audio class=\"wp-audio-shortcode\" id=\"audio-280299-15\" preload=\"none\" style=\"width: 100%;\" controls=\"controls\"><source type=\"audio\/mpeg\" src=\"https:\/\/www.radiopiu.net\/wordpress\/wp-content\/uploads\/2022\/06\/Collage-623.mp3?_=15\" \/><a href=\"https:\/\/www.radiopiu.net\/wordpress\/wp-content\/uploads\/2022\/06\/Collage-623.mp3\">https:\/\/www.radiopiu.net\/wordpress\/wp-content\/uploads\/2022\/06\/Collage-623.mp3<\/a><\/audio>\n<p>&nbsp;<\/p>\n<p><strong><a class=\"dt-pswp-item\" href=\"https:\/\/www.radiopiu.net\/wordpress\/wp-content\/uploads\/2022\/06\/Elisa-e-Loris.jpg\" data-dt-img-description=\"\" data-large_image_width=\"579\" data-large_image_height=\"297\"><img loading=\"lazy\" decoding=\"async\" class=\"alignleft wp-image-279729 \" src=\"https:\/\/www.radiopiu.net\/wordpress\/wp-content\/uploads\/2022\/06\/Elisa-e-Loris-300x154.jpg\" alt=\"\" width=\"206\" height=\"106\" srcset=\"https:\/\/www.radiopiu.net\/wordpress\/wp-content\/uploads\/2022\/06\/Elisa-e-Loris-300x154.jpg 300w, https:\/\/www.radiopiu.net\/wordpress\/wp-content\/uploads\/2022\/06\/Elisa-e-Loris.jpg 579w\" sizes=\"auto, (max-width: 206px) 100vw, 206px\" \/><\/a>di Loris Scussel<\/strong><\/p>\n<p>Brani di musica leggera o leggerissima luned\u00ec a Collage, marted\u00ec ascolteremo le chitarre degli Shadows ma anche quelle di Santo e Johnny o Jimi Hendrix. Mercoled\u00ec David Bowie, Pink Floyd, Papa John Creach, Van Deer Graf Generator, E.L. e P. Gioved\u00ec e venerd\u00ec brani live per festeggiare il ritorno alla musica dal vivo assieme ad Elisa, finalmente dopo pi\u00f9 di due anni torneremo a suonare venerd\u00ec prossimo dalle 20,30 sotto il tendone a Rivamonte in occasione della Sagra de Sant&#8217;Antoni che si concluder\u00e0 luned\u00ec 13 giugno, sar\u00e0 la prima di quattro serate in cui oltre alla musica si potranno gustare anche i classici gnoch con la poina e altre specialit\u00e0, ovviamente vi aspettiamo numerosi. Collage va in onda dal luned\u00ec al venerd\u00ec alle 16,00 e alle 23,00 naturalmente su Radio Pi\u00f9.<\/p>\n<p>&nbsp;<\/p>\n<p>&nbsp;<\/p>\n<div class=\"b654a4as d2edcug0\">\n<hr \/>\n<\/div>\n<\/div>\n<\/div>\n<\/div>\n<\/div>\n<\/div>\n<\/div>\n<\/div>\n<\/div>\n<\/div>\n<\/div>\n<\/div>\n<\/div>\n<\/div>\n<\/div>\n<\/div>\n<\/div>\n<\/div>\n<\/div>\n<\/div>\n<\/div>\n<\/div>\n<\/div>\n<\/div>\n<\/div>\n<\/div>\n<\/div>\n<\/div>\n<\/div>\n<\/div>\n<\/div>\n<\/div>\n<\/div>\n<\/div>\n<\/div>\n<\/div>\n<\/div>\n<\/div>\n<\/div>\n<\/div>\n<\/div>\n<\/div>\n<\/div>\n<\/div>\n<\/div>\n<\/div>\n<\/div>\n<\/div>\n<\/div>\n<\/div>\n<\/div>\n<\/div>\n<\/div>\n<\/div>\n<\/div>\n<\/div>\n<\/div>\n<\/div>\n<\/div>\n<\/div>\n<\/div>\n<\/div>\n<\/div>\n<\/div>\n<p>&nbsp;<\/p>\n<blockquote>\n<h3><span style=\"color: #0000ff;\">RADIO PIU INFORMAZIONE il canale su TELEGRAM informazione di prima mano e in tempo reale. iscriviti ed aiutaci a farlo conoscere\u00a0\u00a0<\/span><\/h3>\n<\/blockquote>\n<div>\n<div class=\"page-title-head hgroup\">\n<div class=\"page-title-head hgroup\">\n<div class=\"page-title-head hgroup\">\n<div class=\"page-title-head hgroup\">\n<div class=\"b654a4as d2edcug0\">\n<div class=\"page-title-head hgroup\">\n<div class=\"page-title-head hgroup\">\n<div class=\"page-title-head hgroup\">\n<div class=\"page-title-head hgroup\">\n<div class=\"b654a4as d2edcug0\">\n<div class=\"page-title-head hgroup\">\n<div class=\"page-title-head hgroup\">\n<div class=\"page-title-head hgroup\">\n<div class=\"page-title-head hgroup\">\n<div class=\"page-title-head hgroup\">\n<div class=\"page-title-head hgroup\">\n<div class=\"page-title-head hgroup\">\n<div class=\"page-title-head hgroup\">\n<div class=\"page-title-head hgroup\">\n<div class=\"b654a4as d2edcug0\">\n<div class=\"page-title-head hgroup\">\n<div class=\"page-title-head hgroup\">\n<div class=\"page-title-head hgroup\">\n<div class=\"page-title-head hgroup\">\n<div class=\"b654a4as d2edcug0\">\n<div><\/div>\n<div>\n<div class=\"page-title-head hgroup\">\n<div class=\"page-title-head hgroup\">\n<div class=\"page-title-head hgroup\">\n<div class=\"page-title-head hgroup\">\n<div class=\"page-title-head hgroup\">\n<div class=\"mkdf-post-text\">\n<div class=\"mkdf-post-text-inner\">\n<div class=\"mkdf-post-text-main\">\n<div class=\"mkdf-post-text\">\n<div class=\"mkdf-post-text-inner\">\n<div class=\"mkdf-post-text-main\">\n<div class=\"mkdf-post-text\">\n<div class=\"mkdf-post-text-inner\">\n<div class=\"mkdf-post-text-main\">\n<div class=\"page-title-head hgroup\">\n<div class=\"page-title-head hgroup\">\n<div class=\"mkdf-post-text\">\n<div class=\"mkdf-post-text-inner\">\n<div class=\"mkdf-post-text-main\">\n<div class=\"mkdf-post-text\">\n<div class=\"mkdf-post-text-inner\">\n<div class=\"mkdf-post-text-main\">\n<div class=\"page-title-head hgroup\">\n<div class=\"page-title-head hgroup\">\n<div class=\"page-title-head hgroup\">\n<div class=\"page-title-head hgroup\">\n<div class=\"b654a4as d2edcug0\">\n<div class=\"page-title-head hgroup\">\n<div class=\"page-title-head hgroup\">\n<div class=\"page-title-head hgroup\">\n<div class=\"page-title-head hgroup\">\n<div class=\"b654a4as d2edcug0\">\n<div class=\"page-title-head hgroup\">\n<div class=\"page-title-head hgroup\">\n<div class=\"page-title-head hgroup\">\n<p>&nbsp;<\/p>\n<div>\n<div class=\"page-title-head hgroup\">\n<div class=\"page-title-head hgroup\">\n<div class=\"b654a4as d2edcug0\">\n<div class=\"j83agx80 btwxx1t3 lhclo0ds hop8lmos nkwizq5d scwd0bx6 roh60bw9\">\n<div class=\"rq0escxv hkbzh7o3 jwdofwj8 n8tt0mok r8blr3vg hyh9befq\">\n<div class=\"do00u71z l9j0dhe7 k4urcfbm\">\n<div class=\"page-title-head hgroup\">\n<div class=\"page-title-head hgroup\">\n<div class=\"b654a4as d2edcug0\">\n<div class=\"j83agx80 btwxx1t3 lhclo0ds hop8lmos nkwizq5d scwd0bx6 roh60bw9\">\n<div class=\"rq0escxv hkbzh7o3 jwdofwj8 n8tt0mok r8blr3vg hyh9befq\">\n<div class=\"do00u71z l9j0dhe7 k4urcfbm\">\n<div class=\"ecm0bbzt e5nlhep0 a8c37x1j\">\n<div class=\"kvgmc6g5 cxmmr5t8 oygrvhab hcukyx3x c1et5uql\">\n<div class=\"gmail-kvgmc6g5 gmail-cxmmr5t8 gmail-oygrvhab gmail-hcukyx3x gmail-c1et5uql gmail-ii04i59q\">\n<div class=\"page-title-head hgroup\">\n<div class=\"page-title-head hgroup\">\n<div class=\"b654a4as d2edcug0\">\n<div class=\"j83agx80 btwxx1t3 lhclo0ds hop8lmos nkwizq5d scwd0bx6 roh60bw9\">\n<div class=\"rq0escxv hkbzh7o3 jwdofwj8 n8tt0mok r8blr3vg hyh9befq\">\n<div class=\"do00u71z l9j0dhe7 k4urcfbm\">\n<div class=\"page-title-head hgroup\">\n<div class=\"page-title-head hgroup\">\n<div class=\"b654a4as d2edcug0\">\n<div class=\"j83agx80 btwxx1t3 lhclo0ds hop8lmos nkwizq5d scwd0bx6 roh60bw9\">\n<div class=\"rq0escxv hkbzh7o3 jwdofwj8 n8tt0mok r8blr3vg hyh9befq\">\n<div class=\"do00u71z l9j0dhe7 k4urcfbm\">\n<div class=\"page-title-head hgroup\">\n<div class=\"page-title-head hgroup\">\n<div class=\"b654a4as d2edcug0\">\n<div class=\"j83agx80 btwxx1t3 lhclo0ds hop8lmos nkwizq5d scwd0bx6 roh60bw9\">\n<div class=\"rq0escxv hkbzh7o3 jwdofwj8 n8tt0mok r8blr3vg hyh9befq\">\n<div class=\"do00u71z l9j0dhe7 k4urcfbm\">\n<div class=\"ecm0bbzt e5nlhep0 a8c37x1j\">\n<div class=\"kvgmc6g5 cxmmr5t8 oygrvhab hcukyx3x c1et5uql\">\n<div class=\"gmail-kvgmc6g5 gmail-cxmmr5t8 gmail-oygrvhab gmail-hcukyx3x gmail-c1et5uql gmail-ii04i59q\">\n<div class=\"page-title-head hgroup\">\n<div class=\"page-title-head hgroup\">\n<div class=\"b654a4as d2edcug0\">\n<div class=\"j83agx80 btwxx1t3 lhclo0ds hop8lmos nkwizq5d scwd0bx6 roh60bw9\">\n<div class=\"rq0escxv hkbzh7o3 jwdofwj8 n8tt0mok r8blr3vg hyh9befq\">\n<div class=\"do00u71z l9j0dhe7 k4urcfbm\">\n<div class=\"page-title-head hgroup\">\n<div class=\"page-title-head hgroup\">\n<div class=\"page-title-head hgroup\">\n<div class=\"page-title-head hgroup\">\n<div class=\"b654a4as d2edcug0\">\n<div class=\"page-title-head hgroup\">\n<div class=\"page-title-head hgroup\">\n<div class=\"page-title-head hgroup\">\n<div class=\"page-title-head hgroup\">\n<div class=\"b654a4as d2edcug0\">\n<div class=\"page-title-head hgroup\">\n<div class=\"page-title-head hgroup\">\n<div class=\"page-title-head hgroup\">\n<div class=\"page-title-head hgroup\">\n<div class=\"page-title-head hgroup\">\n<div class=\"page-title-head hgroup\">\n<div class=\"page-title-head hgroup\">\n<div class=\"page-title-head hgroup\">\n<div class=\"page-title-head hgroup\">\n<div class=\"b654a4as d2edcug0\">\n<div class=\"page-title-head hgroup\">\n<div class=\"page-title-head hgroup\">\n<div class=\"page-title-head hgroup\">\n<div class=\"page-title-head hgroup\">\n<div class=\"b654a4as d2edcug0\">\n<div class=\"page-title-head hgroup\">\n<div class=\"page-title-head hgroup\">\n<div class=\"page-title-head hgroup\">\n<div class=\"page-title-head hgroup\">\n<div class=\"page-title-head hgroup\">\n<div class=\"mkdf-post-text\">\n<div class=\"mkdf-post-text-inner\">\n<div class=\"mkdf-post-text-main\">\n<div class=\"mkdf-post-text\">\n<div class=\"mkdf-post-text-inner\">\n<div class=\"mkdf-post-text-main\">\n<div class=\"mkdf-post-text\">\n<div class=\"mkdf-post-text-inner\">\n<div class=\"mkdf-post-text-main\">\n<div class=\"page-title-head hgroup\">\n<div class=\"page-title-head hgroup\">\n<div class=\"mkdf-post-text\">\n<div class=\"mkdf-post-text-inner\">\n<div class=\"mkdf-post-text-main\">\n<div class=\"mkdf-post-text\">\n<div class=\"mkdf-post-text-inner\">\n<div class=\"mkdf-post-text-main\">\n<div class=\"page-title-head hgroup\">\n<div class=\"page-title-head hgroup\">\n<div class=\"page-title-head hgroup\">\n<div class=\"page-title-head hgroup\">\n<div class=\"b654a4as d2edcug0\">\n<div class=\"page-title-head hgroup\">\n<div class=\"page-title-head hgroup\">\n<div class=\"page-title-head hgroup\">\n<div class=\"page-title-head hgroup\">\n<div class=\"b654a4as d2edcug0\">\n<div class=\"page-title-head hgroup\">\n<div class=\"page-title-head hgroup\">\n<div class=\"page-title-head hgroup\">\n<div class=\"page-title-head hgroup\">\n<div class=\"b654a4as d2edcug0\">\n<div class=\"ecm0bbzt e5nlhep0 a8c37x1j\">\n<div class=\"kvgmc6g5 cxmmr5t8 oygrvhab hcukyx3x c1et5uql\">\n<div class=\"gmail-kvgmc6g5 gmail-cxmmr5t8 gmail-oygrvhab gmail-hcukyx3x gmail-c1et5uql gmail-ii04i59q\">\n<div class=\"page-title-head hgroup\">\n<div class=\"page-title-head hgroup\">\n<div class=\"b654a4as d2edcug0\">\n<div class=\"j83agx80 btwxx1t3 lhclo0ds hop8lmos nkwizq5d scwd0bx6 roh60bw9\">\n<div class=\"rq0escxv hkbzh7o3 jwdofwj8 n8tt0mok r8blr3vg hyh9befq\">\n<div class=\"do00u71z l9j0dhe7 k4urcfbm\">\n<div class=\"page-title-head hgroup\">\n<div class=\"page-title-head hgroup\">\n<div class=\"page-title-head hgroup\">\n<div class=\"page-title-head hgroup\">\n<div class=\"b654a4as d2edcug0\">\n<div class=\"page-title-head hgroup\">\n<div class=\"page-title-head hgroup\">\n<div class=\"page-title-head hgroup\">\n<div class=\"page-title-head hgroup\">\n<div class=\"b654a4as d2edcug0\">\n<div class=\"page-title-head hgroup\">\n<div class=\"page-title-head hgroup\">\n<div class=\"page-title-head hgroup\">\n<div class=\"page-title-head hgroup\">\n<div class=\"page-title-head hgroup\">\n<div class=\"page-title-head hgroup\">\n<div class=\"page-title-head hgroup\">\n<div class=\"page-title-head hgroup\">\n<div class=\"page-title-head hgroup\">\n<div class=\"b654a4as d2edcug0\">\n<div class=\"page-title-head hgroup\">\n<div class=\"page-title-head hgroup\">\n<div class=\"page-title-head hgroup\">\n<div class=\"page-title-head hgroup\">\n<div class=\"b654a4as d2edcug0\">\n<div class=\"page-title-head hgroup\">\n<div class=\"page-title-head hgroup\">\n<div class=\"page-title-head hgroup\">\n<div class=\"page-title-head hgroup\">\n<div class=\"page-title-head hgroup\">\n<div class=\"mkdf-post-text\">\n<div class=\"mkdf-post-text-inner\">\n<div class=\"mkdf-post-text-main\">\n<div class=\"mkdf-post-text\">\n<div class=\"mkdf-post-text-inner\">\n<div class=\"mkdf-post-text-main\">\n<div class=\"mkdf-post-text\">\n<div class=\"mkdf-post-text-inner\">\n<div class=\"mkdf-post-text-main\">\n<div class=\"page-title-head hgroup\">\n<div class=\"page-title-head hgroup\">\n<div class=\"mkdf-post-text\">\n<div class=\"mkdf-post-text-inner\">\n<div class=\"mkdf-post-text-main\">\n<div class=\"mkdf-post-text\">\n<div class=\"mkdf-post-text-inner\">\n<div class=\"mkdf-post-text-main\">\n<div class=\"page-title-head hgroup\">\n<div class=\"page-title-head hgroup\">\n<div class=\"page-title-head hgroup\">\n<div class=\"page-title-head hgroup\">\n<div class=\"b654a4as d2edcug0\">\n<div class=\"page-title-head hgroup\">\n<div class=\"page-title-head hgroup\">\n<div class=\"page-title-head hgroup\">\n<div class=\"page-title-head hgroup\">\n<div class=\"b654a4as d2edcug0\">\n<div class=\"page-title-head hgroup\">\n<div class=\"page-title-head hgroup\">\n<div class=\"page-title-head hgroup\">\n<div class=\"page-title-head hgroup\">\n<div class=\"b654a4as d2edcug0\">\n<hr \/>\n<p>&nbsp;<\/p>\n<div>\n<p><strong>DUE MINUTI UN LIBRO, TUTTI I GIORNI ALLA RADIO ALLE 9.40 E ALLE 17.50\u00a0\u00a0<\/strong><\/p>\n<div>\n<div>\n<p><strong>LA RACCOLTA COMPLETA\u00a0\u00a0<\/strong><\/p>\n<\/div>\n<\/div>\n<\/div>\n<div class=\"mkdf-post-text\">\n<div class=\"mkdf-post-text-inner\">\n<div class=\"mkdf-post-text-main\">\n<div class=\"mkdf-post-text\">\n<div class=\"mkdf-post-text-inner\">\n<div class=\"mkdf-post-text-main\">\n<div class=\"mkdf-post-text\">\n<div class=\"mkdf-post-text-inner\">\n<div class=\"mkdf-post-text-main\">\n<div class=\"page-title-head hgroup\">\n<div class=\"page-title-head hgroup\">\n<div class=\"mkdf-post-text\">\n<div class=\"mkdf-post-text-inner\">\n<div class=\"mkdf-post-text-main\">\n<div class=\"mkdf-post-text\">\n<div class=\"mkdf-post-text-inner\">\n<div class=\"mkdf-post-text-main\">\n<div class=\"page-title-head hgroup\">\n<div class=\"page-title-head hgroup\">\n<div class=\"page-title-head hgroup\">\n<div class=\"page-title-head hgroup\">\n<div class=\"b654a4as d2edcug0\">\n<div class=\"page-title-head hgroup\">\n<div class=\"page-title-head hgroup\">\n<div class=\"page-title-head hgroup\">\n<div class=\"page-title-head hgroup\">\n<div class=\"b654a4as d2edcug0\">\n<div class=\"page-title-head hgroup\">\n<div class=\"page-title-head hgroup\">\n<div class=\"page-title-head hgroup\">\n<div class=\"page-title-head hgroup\">\n<div class=\"b654a4as d2edcug0\">\n<div>\n<blockquote class=\"wp-embedded-content\" data-secret=\"WwhGvuANK4\"><p><a href=\"https:\/\/www.radiopiu.net\/wordpress\/due-minuti-un-libro\/\">Due minuti un libro<\/a><\/p><\/blockquote>\n<p><iframe loading=\"lazy\" class=\"wp-embedded-content\" sandbox=\"allow-scripts\" security=\"restricted\" style=\"position: absolute; clip: rect(1px, 1px, 1px, 1px);\" title=\"&#8220;Due minuti un libro&#8221; &#8212; Radio Pi\u00f9\" src=\"https:\/\/www.radiopiu.net\/wordpress\/due-minuti-un-libro\/embed\/#?secret=qDLG71tZBj#?secret=WwhGvuANK4\" data-secret=\"WwhGvuANK4\" width=\"600\" height=\"338\" frameborder=\"0\" marginwidth=\"0\" marginheight=\"0\" scrolling=\"no\"><\/iframe><\/p>\n<p>&nbsp;<\/p>\n<\/div>\n<div>\n<hr \/>\n<p>&nbsp;<\/p>\n<\/div>\n<h2><span style=\"color: #808000;\">L&#8217;ALMANACCO LADINO\u00a0<\/span><\/h2>\n<p><strong>PUNTATA DEL 06 GIUGNO 2022<\/strong><\/p>\n<audio class=\"wp-audio-shortcode\" id=\"audio-280299-16\" preload=\"none\" style=\"width: 100%;\" controls=\"controls\"><source type=\"audio\/mpeg\" src=\"https:\/\/www.radiopiu.net\/wordpress\/wp-content\/uploads\/2022\/06\/85\u00b0Almanach-Ladin_fodom.mp3?_=16\" \/><a href=\"https:\/\/www.radiopiu.net\/wordpress\/wp-content\/uploads\/2022\/06\/85\u00b0Almanach-Ladin_fodom.mp3\">https:\/\/www.radiopiu.net\/wordpress\/wp-content\/uploads\/2022\/06\/85\u00b0Almanach-Ladin_fodom.mp3<\/a><\/audio>\n<p>&nbsp;<\/p>\n<p><strong>LA RACCOLTA<\/strong><\/p>\n<blockquote class=\"wp-embedded-content\" data-secret=\"Gabbk4yEF6\"><p><a href=\"https:\/\/www.radiopiu.net\/wordpress\/almanacco-ladino\/\">Almanacco Ladino<\/a><\/p><\/blockquote>\n<p><iframe loading=\"lazy\" class=\"wp-embedded-content\" sandbox=\"allow-scripts\" security=\"restricted\" style=\"position: absolute; clip: rect(1px, 1px, 1px, 1px);\" title=\"&#8220;Almanacco Ladino&#8221; &#8212; Radio Pi\u00f9\" src=\"https:\/\/www.radiopiu.net\/wordpress\/almanacco-ladino\/embed\/#?secret=PLaCsfPr7O#?secret=Gabbk4yEF6\" data-secret=\"Gabbk4yEF6\" width=\"600\" height=\"338\" frameborder=\"0\" marginwidth=\"0\" marginheight=\"0\" scrolling=\"no\"><\/iframe><\/p>\n<p>&nbsp;<\/p>\n<hr \/>\n<h2><span style=\"color: #33cccc;\">\u00a0<\/span><\/h2>\n<h2><span style=\"color: #33cccc;\">LA RASSEGNA STAMPA DA L&#8217;AMICO DEL POPOLO<\/span><\/h2>\n<p><strong><a class=\"dt-pswp-item\" href=\"https:\/\/www.radiopiu.net\/wordpress\/wp-content\/uploads\/2022\/05\/COVI-FEDAIA.jpg\" data-dt-img-description=\"\" data-large_image_width=\"2048\" data-large_image_height=\"1154\"><img loading=\"lazy\" decoding=\"async\" class=\"size-thumbnail wp-image-278461 alignleft\" src=\"https:\/\/www.radiopiu.net\/wordpress\/wp-content\/uploads\/2022\/05\/COVI-FEDAIA-150x150.jpg\" alt=\"\" width=\"150\" height=\"150\" \/><\/a>di Gianni Santomaso<\/strong><\/p>\n<p>OSPITE: Lucia Farenzena, Presidente del Consorzio Turistico Rocca Pietore Marmolada<\/p>\n<audio class=\"wp-audio-shortcode\" id=\"audio-280299-17\" preload=\"none\" style=\"width: 100%;\" controls=\"controls\"><source type=\"audio\/mpeg\" src=\"https:\/\/www.radiopiu.net\/wordpress\/wp-content\/uploads\/2022\/06\/RASSEGNA-GIANNI.mp3?_=17\" \/><a href=\"https:\/\/www.radiopiu.net\/wordpress\/wp-content\/uploads\/2022\/06\/RASSEGNA-GIANNI.mp3\">https:\/\/www.radiopiu.net\/wordpress\/wp-content\/uploads\/2022\/06\/RASSEGNA-GIANNI.mp3<\/a><\/audio>\n<p>&nbsp;<\/p>\n<p><strong>LA RACCOLTA COMPLETA<\/strong><\/p>\n<blockquote class=\"wp-embedded-content\" data-secret=\"h8YlXbxBuC\"><p><a href=\"https:\/\/www.radiopiu.net\/wordpress\/rassegna-stampa-di-gianni-santomaso\/\">Rassegna stampa da l&#8217;amico del popolo &#8211; di Gianni Santomaso<\/a><\/p><\/blockquote>\n<p><iframe loading=\"lazy\" class=\"wp-embedded-content\" sandbox=\"allow-scripts\" security=\"restricted\" style=\"position: absolute; clip: rect(1px, 1px, 1px, 1px);\" title=\"&#8220;Rassegna stampa da l&#8217;amico del popolo &#8211; di Gianni Santomaso&#8221; &#8212; Radio Pi\u00f9\" src=\"https:\/\/www.radiopiu.net\/wordpress\/rassegna-stampa-di-gianni-santomaso\/embed\/#?secret=wqCZUelWLj#?secret=h8YlXbxBuC\" data-secret=\"h8YlXbxBuC\" width=\"600\" height=\"338\" frameborder=\"0\" marginwidth=\"0\" marginheight=\"0\" scrolling=\"no\"><\/iframe><\/p>\n<p>&nbsp;<\/p>\n<hr \/>\n<p>&nbsp;<\/p>\n<div>\n<div class=\"page-title-head hgroup\">\n<div class=\"page-title-head hgroup\">\n<div class=\"b654a4as d2edcug0\">\n<div class=\"j83agx80 btwxx1t3 lhclo0ds hop8lmos nkwizq5d scwd0bx6 roh60bw9\">\n<div class=\"rq0escxv hkbzh7o3 jwdofwj8 n8tt0mok r8blr3vg hyh9befq\">\n<div class=\"do00u71z l9j0dhe7 k4urcfbm\">\n<div class=\"ecm0bbzt e5nlhep0 a8c37x1j\">\n<div class=\"kvgmc6g5 cxmmr5t8 oygrvhab hcukyx3x c1et5uql\">\n<div class=\"gmail-kvgmc6g5 gmail-cxmmr5t8 gmail-oygrvhab gmail-hcukyx3x gmail-c1et5uql gmail-ii04i59q\">\n<div class=\"page-title-head hgroup\">\n<div class=\"page-title-head hgroup\">\n<div class=\"b654a4as d2edcug0\">\n<div class=\"j83agx80 btwxx1t3 lhclo0ds hop8lmos nkwizq5d scwd0bx6 roh60bw9\">\n<div class=\"rq0escxv hkbzh7o3 jwdofwj8 n8tt0mok r8blr3vg hyh9befq\">\n<div class=\"do00u71z l9j0dhe7 k4urcfbm\">\n<div class=\"page-title-head hgroup\">\n<div class=\"page-title-head hgroup\">\n<div class=\"page-title-head hgroup\">\n<div class=\"page-title-head hgroup\">\n<div class=\"b654a4as d2edcug0\">\n<div class=\"page-title-head hgroup\">\n<div class=\"page-title-head hgroup\">\n<div class=\"page-title-head hgroup\">\n<div class=\"page-title-head hgroup\">\n<div class=\"b654a4as d2edcug0\">\n<div class=\"page-title-head hgroup\">\n<div class=\"page-title-head hgroup\">\n<div class=\"page-title-head hgroup\">\n<div class=\"page-title-head hgroup\">\n<div class=\"page-title-head hgroup\">\n<div class=\"page-title-head hgroup\">\n<div class=\"page-title-head hgroup\">\n<div class=\"page-title-head hgroup\">\n<div class=\"page-title-head hgroup\">\n<div class=\"b654a4as d2edcug0\">\n<div class=\"page-title-head hgroup\">\n<div class=\"page-title-head hgroup\">\n<div class=\"page-title-head hgroup\">\n<div class=\"page-title-head hgroup\">\n<div class=\"b654a4as d2edcug0\">\n<div class=\"page-title-head hgroup\">\n<div class=\"page-title-head hgroup\">\n<div class=\"page-title-head hgroup\">\n<div class=\"page-title-head hgroup\">\n<div class=\"page-title-head hgroup\">\n<div class=\"mkdf-post-text\">\n<div class=\"mkdf-post-text-inner\">\n<div class=\"mkdf-post-text-main\">\n<div class=\"mkdf-post-text\">\n<div class=\"mkdf-post-text-inner\">\n<div class=\"mkdf-post-text-main\">\n<div class=\"mkdf-post-text\">\n<div class=\"mkdf-post-text-inner\">\n<div class=\"mkdf-post-text-main\">\n<div class=\"page-title-head hgroup\">\n<div class=\"page-title-head hgroup\">\n<div class=\"mkdf-post-text\">\n<div class=\"mkdf-post-text-inner\">\n<div class=\"mkdf-post-text-main\">\n<div class=\"mkdf-post-text\">\n<div class=\"mkdf-post-text-inner\">\n<div class=\"mkdf-post-text-main\">\n<div class=\"page-title-head hgroup\">\n<div class=\"page-title-head hgroup\">\n<div class=\"page-title-head hgroup\">\n<div class=\"page-title-head hgroup\">\n<div class=\"b654a4as d2edcug0\">\n<div class=\"page-title-head hgroup\">\n<div class=\"page-title-head hgroup\">\n<div class=\"page-title-head hgroup\">\n<div class=\"page-title-head hgroup\">\n<div class=\"b654a4as d2edcug0\">\n<div class=\"page-title-head hgroup\">\n<div class=\"page-title-head hgroup\">\n<div class=\"page-title-head hgroup\">\n<div class=\"page-title-head hgroup\">\n<div class=\"b654a4as d2edcug0\">\n<h2><span style=\"color: #800080;\">I RACCONTI DI PAOLO SOPPELSA\u00a0<\/span><\/h2>\n<p>&nbsp;<\/p>\n<p><strong>LA RACCOLTA COMPLETA<\/strong><\/p>\n<blockquote class=\"wp-embedded-content\" data-secret=\"KDEAaIZIed\"><p><a href=\"https:\/\/www.radiopiu.net\/wordpress\/i-racconti-di-paolo-soppelsa\/\">I racconti di Paolo Soppelsa<\/a><\/p><\/blockquote>\n<p><iframe loading=\"lazy\" class=\"wp-embedded-content\" sandbox=\"allow-scripts\" security=\"restricted\" style=\"position: absolute; clip: rect(1px, 1px, 1px, 1px);\" title=\"&#8220;I racconti di Paolo Soppelsa&#8221; &#8212; Radio Pi\u00f9\" src=\"https:\/\/www.radiopiu.net\/wordpress\/i-racconti-di-paolo-soppelsa\/embed\/#?secret=Dko7CjJnyb#?secret=KDEAaIZIed\" data-secret=\"KDEAaIZIed\" width=\"600\" height=\"338\" frameborder=\"0\" marginwidth=\"0\" marginheight=\"0\" scrolling=\"no\"><\/iframe><\/p>\n<p>&nbsp;<\/p>\n<hr \/>\n<p>&nbsp;<\/p>\n<\/div>\n<\/div>\n<\/div>\n<\/div>\n<\/div>\n<\/div>\n<\/div>\n<\/div>\n<\/div>\n<\/div>\n<\/div>\n<\/div>\n<\/div>\n<\/div>\n<\/div>\n<\/div>\n<\/div>\n<\/div>\n<\/div>\n<\/div>\n<\/div>\n<\/div>\n<\/div>\n<\/div>\n<\/div>\n<\/div>\n<\/div>\n<\/div>\n<\/div>\n<\/div>\n<\/div>\n<\/div>\n<\/div>\n<\/div>\n<\/div>\n<\/div>\n<\/div>\n<\/div>\n<\/div>\n<\/div>\n<\/div>\n<\/div>\n<\/div>\n<\/div>\n<\/div>\n<\/div>\n<\/div>\n<\/div>\n<\/div>\n<\/div>\n<\/div>\n<\/div>\n<\/div>\n<\/div>\n<\/div>\n<\/div>\n<\/div>\n<\/div>\n<\/div>\n<\/div>\n<\/div>\n<\/div>\n<\/div>\n<\/div>\n<\/div>\n<\/div>\n<\/div>\n<\/div>\n<\/div>\n<\/div>\n<\/div>\n<\/div>\n<\/div>\n<\/div>\n<\/div>\n<\/div>\n<\/div>\n<\/div>\n<\/div>\n<\/div>\n<\/div>\n<\/div>\n<\/div>\n<\/div>\n<\/div>\n<\/div>\n<\/div>\n<\/div>\n<\/div>\n<\/div>\n<\/div>\n<\/div>\n<\/div>\n<\/div>\n<\/div>\n<\/div>\n<\/div>\n<\/div>\n<\/div>\n<\/div>\n<\/div>\n<\/div>\n<\/div>\n<\/div>\n<\/div>\n<\/div>\n<\/div>\n<\/div>\n<\/div>\n<\/div>\n<\/div>\n<div class=\"b654a4as d2edcug0\">\n<div class=\"ecm0bbzt e5nlhep0 a8c37x1j\">\n<div class=\"kvgmc6g5 cxmmr5t8 oygrvhab hcukyx3x c1et5uql\">\n<div class=\"gmail-kvgmc6g5 gmail-cxmmr5t8 gmail-oygrvhab gmail-hcukyx3x gmail-c1et5uql gmail-ii04i59q\">\n<div>\n<div class=\"page-title-head hgroup\">\n<div class=\"page-title-head hgroup\">\n<div class=\"b654a4as d2edcug0\">\n<div class=\"j83agx80 btwxx1t3 lhclo0ds hop8lmos nkwizq5d scwd0bx6 roh60bw9\">\n<div class=\"rq0escxv hkbzh7o3 jwdofwj8 n8tt0mok r8blr3vg hyh9befq\">\n<div class=\"do00u71z l9j0dhe7 k4urcfbm\">\n<div>\n<div class=\"page-title-head hgroup\">\n<div class=\"page-title-head hgroup\">\n<div class=\"page-title-head hgroup\">\n<div class=\"page-title-head hgroup\">\n<div class=\"b654a4as d2edcug0\">\n<div class=\"page-title-head hgroup\">\n<div class=\"page-title-head hgroup\">\n<div class=\"page-title-head hgroup\">\n<div class=\"page-title-head hgroup\">\n<div class=\"b654a4as d2edcug0\">\n<div class=\"page-title-head hgroup\">\n<div class=\"page-title-head hgroup\">\n<div class=\"page-title-head hgroup\">\n<div class=\"page-title-head hgroup\">\n<div class=\"page-title-head hgroup\">\n<div class=\"mkdf-post-text\">\n<div class=\"mkdf-post-text-inner\">\n<div class=\"mkdf-post-text-main\">\n<div class=\"mkdf-post-text\">\n<div class=\"mkdf-post-text-inner\">\n<div class=\"mkdf-post-text-main\">\n<div class=\"mkdf-post-text\">\n<div class=\"mkdf-post-text-inner\">\n<div class=\"mkdf-post-text-main\">\n<div class=\"page-title-head hgroup\">\n<div class=\"page-title-head hgroup\">\n<div class=\"mkdf-post-text\">\n<div class=\"mkdf-post-text-inner\">\n<div class=\"mkdf-post-text-main\">\n<div class=\"mkdf-post-text\">\n<div class=\"mkdf-post-text-inner\">\n<div class=\"mkdf-post-text-main\">\n<div>\n<div class=\"page-title-head hgroup\">\n<div class=\"page-title-head hgroup\">\n<div>\n<div class=\"page-title-head hgroup\">\n<div class=\"page-title-head hgroup\">\n<div class=\"b654a4as d2edcug0\">\n<div>\n<div class=\"page-title-head hgroup\" style=\"text-align: left;\">\n<div class=\"page-title-head hgroup\">\n<div dir=\"auto\">\n<p><a class=\"dt-pswp-item pspw-wrap-ready\" href=\"https:\/\/i0.wp.com\/www.radiopiu.net\/wordpress\/wp-content\/uploads\/2018\/09\/WhatsApp-Image-2018-09-20-at-16.04.06.jpeg?ssl=1\" data-dt-img-description=\"\" data-large_image_width=\"800\" data-large_image_height=\"100\"><img loading=\"lazy\" decoding=\"async\" class=\"aligncenter wp-image-61378 size-full jetpack-lazy-image jetpack-lazy-image--handled\" src=\"https:\/\/i0.wp.com\/www.radiopiu.net\/wordpress\/wp-content\/uploads\/2018\/09\/WhatsApp-Image-2018-09-20-at-16.04.06.jpeg?resize=800%2C100&amp;ssl=1\" sizes=\"auto, (max-width: 800px) 100vw, 800px\" srcset=\"https:\/\/i0.wp.com\/www.radiopiu.net\/wordpress\/wp-content\/uploads\/2018\/09\/WhatsApp-Image-2018-09-20-at-16.04.06.jpeg?w=800&amp;ssl=1 800w, https:\/\/i0.wp.com\/www.radiopiu.net\/wordpress\/wp-content\/uploads\/2018\/09\/WhatsApp-Image-2018-09-20-at-16.04.06.jpeg?resize=300%2C38&amp;ssl=1 300w, https:\/\/i0.wp.com\/www.radiopiu.net\/wordpress\/wp-content\/uploads\/2018\/09\/WhatsApp-Image-2018-09-20-at-16.04.06.jpeg?resize=768%2C96&amp;ssl=1 768w\" alt=\"\" width=\"800\" height=\"100\" data-lazy-loaded=\"1\" \/><\/a><\/p>\n<\/div>\n<\/div>\n<\/div>\n<\/div>\n<\/div>\n<\/div>\n<\/div>\n<\/div>\n<\/div>\n<\/div>\n<\/div>\n<\/div>\n<\/div>\n<\/div>\n<\/div>\n<\/div>\n<\/div>\n<\/div>\n<\/div>\n<\/div>\n<\/div>\n<\/div>\n<\/div>\n<\/div>\n<\/div>\n<\/div>\n<\/div>\n<\/div>\n<\/div>\n<\/div>\n<\/div>\n<\/div>\n<\/div>\n<\/div>\n<\/div>\n<\/div>\n<\/div>\n<\/div>\n<\/div>\n<\/div>\n<\/div>\n<\/div>\n<\/div>\n<\/div>\n<\/div>\n<\/div>\n<\/div>\n<\/div>\n<\/div>\n<\/div>\n<\/div>\n<\/div>\n<\/div>\n<\/div>\n<\/div>\n<\/div>\n<\/div>\n<\/div>\n<\/div>\n<\/div>\n<\/div>\n<\/div>\n<\/div>\n<\/div>\n<\/div>\n<\/div>\n<\/div>\n<\/div>\n<\/div>\n<\/div>\n<\/div>\n<\/div>\n<\/div>\n<\/div>\n<\/div>\n<\/div>\n<\/div>\n<\/div>\n<\/div>\n<\/div>\n<\/div>\n<\/div>\n<\/div>\n<\/div>\n<\/div>\n<\/div>\n<\/div>\n<\/div>\n<\/div>\n<\/div>\n<\/div>\n<\/div>\n<\/div>\n<\/div>\n<\/div>\n<\/div>\n<\/div>\n<\/div>\n<\/div>\n<\/div>\n<\/div>\n<\/div>\n<\/div>\n<\/div>\n<\/div>\n<\/div>\n<\/div>\n<\/div>\n<\/div>\n<\/div>\n<\/div>\n<\/div>\n<\/div>\n<\/div>\n<\/div>\n<\/div>\n<\/div>\n<\/div>\n<\/div>\n<\/div>\n<\/div>\n<\/div>\n<\/div>\n<\/div>\n<\/div>\n<\/div>\n<\/div>\n<\/div>\n<\/div>\n<\/div>\n<\/div>\n<\/div>\n<\/div>\n<\/div>\n<\/div>\n<\/div>\n<\/div>\n<\/div>\n<\/div>\n<\/div>\n<\/div>\n<\/div>\n<\/div>\n<\/div>\n<\/div>\n<\/div>\n<\/div>\n<\/div>\n<\/div>\n<\/div>\n<\/div>\n<\/div>\n<\/div>\n<\/div>\n<\/div>\n<\/div>\n<\/div>\n<\/div>\n<\/div>\n<\/div>\n<\/div>\n<\/div>\n<\/div>\n<\/div>\n<\/div>\n<\/div>\n<\/div>\n<\/div>\n<\/div>\n<\/div>\n<\/div>\n<\/div>\n<\/div>\n<\/div>\n<\/div>\n<\/div>\n<\/div>\n<\/div>\n<\/div>\n<\/div>\n<\/div>\n<\/div>\n<\/div>\n<\/div>\n<\/div>\n<\/div>\n<\/div>\n<\/div>\n<\/div>\n<\/div>\n<\/div>\n<\/div>\n<\/div>\n<\/div>\n<\/div>\n<\/div>\n<\/div>\n<\/div>\n<\/div>\n<\/div>\n<\/div>\n<\/div>\n<\/div>\n<\/div>\n<\/div>\n<\/div>\n<\/div>\n<\/div>\n<\/div>\n<\/div>\n<\/div>\n<\/div>\n<\/div>\n<\/div>\n<\/div>\n<\/div>\n<\/div>\n<\/div>\n<\/div>\n<\/div>\n<\/div>\n<\/div>\n<\/div>\n<\/div>\n<\/div>\n<\/div>\n<\/div>\n<\/div>\n<\/div>\n<\/div>\n<p>&nbsp;<\/p>\n<p><center><b>Giovedi 9<\/b><\/center><b>Tempo atteso: <\/b>Nottetempo e al mattino maltempo con cielo coperto e diffuse precipitazioni. Si tratter\u00e0 perlopi\u00f9 di tempo perturbato con momenti d&#8217;instabilit\u00e0. Dalle ore centrali in poi fenomeni sempre pi\u00f9 discontinui e graduale attenuazione della nuvolosit\u00e0, anche se il cielo rimarr\u00e0 perlopi\u00f9 molto nuvoloso. Contesto termico decisamente pi\u00f9 fresco, anche freddo in alta quota, dove la ventilazione si rafforzer\u00e0.<br \/>\n<b>Precipitazioni: <\/b>Nottetempo probabilit\u00e0 molto alta (90\/100%) di precipitazioni diffuse, anche a carattere di rovescio e temporale, al mattino precipitazioni di minore entit\u00e0 e pi\u00f9 intermittenti (70\/80%). Dalle ore centrali in poi ulteriore attenuazione dei fenomeni che saranno sparsi sul Bellunese (40\/60%) e meno probabili su Prealpi centro-occidentali (20-40%). Il raffreddamento riporter\u00e0 la neve fino a 2200\/2400 m, localmente pi\u00f9 in basso sulle Dolomiti settentrionali. Complessivamente tra mercoled\u00ec sera e gioved\u00ec sono previsti apporti significativi: 20-40 mm, localmente fino a 50 mm.<br \/>\n<b>Temperature: <\/b>In generale calo, pi\u00f9 marcato in quota, eccetto aumento delle minime nelle valli. Previste punte di 18\/19\u00b0C nei fondovalle prealpini e di 13\/15\u00b0C. Su Prealpi a 1500 m: min 7\u00b0C max 10\u00b0C, a 2000 m: min 4\u00b0C max 6\u00b0C. Su Dolomiti: a 2000 m min 2\u00b0C max 4\u00b0C, a 3000 m: min -2\u00b0C max 0\u00b0C.<br \/>\n<b>Venti: <\/b>Nelle valli deboli di direzione variabile, per\u00f2 occorrer\u00e0 considerare rinforzi in caso di temporali; in quota moderati meridionali fino al primo mattino, poi tesi da nord in giornata, anche forti alla sera sulle cime dolomitiche e le creste prealpine, a 10-25 km\/h a 2000 m e a 20-60 km\/h a 3000 m.<\/p>\n<hr \/>\n<p><center><b>Venerdi 10<\/b><\/center><b>Tempo atteso: <\/b>Nuvolosit\u00e0 ancora estesa nella notte e via via pi\u00f9 residua con rasserenamenti al mattino per ritorno da est. In seguito cielo sempre pi\u00f9 sereno e tempo in prevalenza soleggiato. Di notte e al primo mattino Atmosfera ventosa in alta quota e favonio in alcune valli orientate nord sud.<br \/>\n<b>Precipitazioni: <\/b>Assenti (0%).<br \/>\n<b>Temperature: <\/b>Minime in diminuzione nelle valli e in leggera ripresa in alta quota; massime in generale aumento, specie in caso di sole prevalente al pomeriggio. Su Prealpi a 1500 m: min 8\u00b0C max 17\u00b0C, a 2000 m: min 5\u00b0C max 12\u00b0C. Su Dolomiti: a 2000 m min 3\u00b0C max 11\u00b0C, a 3000 m: min -1\u00b0C max 2\u00b0C.<br \/>\n<b>Venti: <\/b>Nelle valli deboli\/moderati a regime di brezza, con locali rinforzi per Foehn tra la notte e il primo mattino; in quota tesi da nord, anche forti sulle cime pi\u00f9 alte e sulle creste prealpine nottetempo, in sensibile attenuazione fino a deboli al pomeriggio, a 5-30 km\/h a 2000 m e 10-65 km\/h a 3000 m.<\/p>\n<hr \/>\n<p><center><b>Sabato 11<\/b><\/center>Stupenda giornata con tempo ben soleggiato, cielo sereno aria tersa e ottima visibilit\u00e0 sia al mattino che al pomeriggio. Temperature minime in ripresa e massime in netto aumento (zero termico oltre i 4000 m nel tardo pomeriggio). Attenuazione dei venti da nord in quota che risulteranno perlopi\u00f9 deboli, eccetto locali rinforzi erratici sulle cime; deboli o localmente e a tratti moderati per brezze termodinamiche nelle valli.<\/p>\n<hr \/>\n<p><center><b>Domenica 12<\/b><\/center>Altra stupenda giornata con tempo ben soleggiato, cielo sereno aria tersa e ottima visibilit\u00e0 sia al mattino che al pomeriggio. Temperature in ulteriore lieve aumento nelle valli e pressoch\u00e9 stazionarie in quota. Venti deboli da nord in quota e deboli o localmente e a tratti moderati per brezze termodinamiche nelle valli. Previsore: R.L.Th.<\/p>\n<p>&nbsp;<\/p>\n<div style=\"text-align: left;\">\n<p>&nbsp;<\/p>\n<\/div>\n<hr \/>\n<p>&nbsp;<\/p>\n<p>&nbsp;<\/p>\n<p><a href=\"https:\/\/www.radiopiu.net\/wordpress\/giornale-radiopiu-26-settembre-2018-direttore-mirko-mezzacasa\/viabilita-2\/\" rel=\"attachment wp-att-61954\"><img loading=\"lazy\" decoding=\"async\" class=\"aligncenter wp-image-61954 size-full\" src=\"https:\/\/www.radiopiu.net\/wordpress\/wp-content\/uploads\/2018\/09\/viabilita.jpeg\" sizes=\"auto, (max-width: 800px) 100vw, 800px\" srcset=\"https:\/\/www.radiopiu.net\/wordpress\/wp-content\/uploads\/2018\/09\/viabilita.jpeg 800w, https:\/\/www.radiopiu.net\/wordpress\/wp-content\/uploads\/2018\/09\/viabilita-300x38.jpeg 300w, https:\/\/www.radiopiu.net\/wordpress\/wp-content\/uploads\/2018\/09\/viabilita-768x96.jpeg 768w\" alt=\"\" width=\"800\" height=\"100\" \/><\/a><\/p>\n<p>&nbsp;<\/p>\n<blockquote class=\"wp-embedded-content\" data-secret=\"jbnWWQzQyI\"><p><a href=\"https:\/\/www.radiopiu.net\/wordpress\/viabilita\/\">viabilita<\/a><\/p><\/blockquote>\n<p><iframe loading=\"lazy\" class=\"wp-embedded-content\" sandbox=\"allow-scripts\" security=\"restricted\" style=\"position: absolute; clip: rect(1px, 1px, 1px, 1px);\" title=\"&#8220;viabilita&#8221; &#8212; Radio Pi\u00f9\" src=\"https:\/\/www.radiopiu.net\/wordpress\/viabilita\/embed\/#?secret=TTguHJTDgu#?secret=jbnWWQzQyI\" data-secret=\"jbnWWQzQyI\" width=\"600\" height=\"338\" frameborder=\"0\" marginwidth=\"0\" marginheight=\"0\" scrolling=\"no\"><\/iframe><\/p>\n<p>&nbsp;<\/p>\n<hr \/>\n<p>&nbsp;<\/p>\n<p>&nbsp;<\/p>\n<p><img loading=\"lazy\" decoding=\"async\" class=\"wp-image-60761 size-full aligncenter\" src=\"https:\/\/www.radiopiu.net\/wordpress\/wp-content\/uploads\/2018\/09\/sport.jpg\" alt=\"\" width=\"800\" height=\"100\" srcset=\"https:\/\/www.radiopiu.net\/wordpress\/wp-content\/uploads\/2018\/09\/sport.jpg 800w, https:\/\/www.radiopiu.net\/wordpress\/wp-content\/uploads\/2018\/09\/sport-300x38.jpg 300w, https:\/\/www.radiopiu.net\/wordpress\/wp-content\/uploads\/2018\/09\/sport-768x96.jpg 768w\" sizes=\"auto, (max-width: 800px) 100vw, 800px\" \/><\/p>\n<p>&nbsp;<\/p>\n<p><span style=\"color: #0000ff;\"><strong>CALCIO<\/strong><\/span><\/p>\n<blockquote>\n<h3>IL CANALE HA TROVATO L&#8217;ALLENATORE ED ORA E&#8217; PRONTO PER IL CAMPIONATO AGORDINO<\/h3>\n<\/blockquote>\n<p><strong><a class=\"dt-pswp-item\" href=\"https:\/\/www.radiopiu.net\/wordpress\/wp-content\/uploads\/2022\/05\/CANALE.png\" data-dt-img-description=\"\" data-large_image_width=\"600\" data-large_image_height=\"694\"><img loading=\"lazy\" decoding=\"async\" class=\"alignleft wp-image-273702 \" src=\"https:\/\/www.radiopiu.net\/wordpress\/wp-content\/uploads\/2022\/05\/CANALE-259x300.png\" alt=\"\" width=\"129\" height=\"149\" srcset=\"https:\/\/www.radiopiu.net\/wordpress\/wp-content\/uploads\/2022\/05\/CANALE-259x300.png 259w, https:\/\/www.radiopiu.net\/wordpress\/wp-content\/uploads\/2022\/05\/CANALE.png 600w\" sizes=\"auto, (max-width: 129px) 100vw, 129px\" \/><\/a>REDAZIONE<\/strong> Nel fine settimana ci sar\u00e0 il calcio d&#8217;inizio del Campionato Agordino di calcio con le prime partite del girone A che metteranno in palio i primi punti stagionali. Il girone B si inzier\u00e0 il 19 giugno ma domenica prossima \u00e8 in programma un anticipo che vede di fronte Canale e Fodom. La squadra della Valle del Biois ha finalmente trovato l&#8217;allenatore e a guidare la squadra canalina sar\u00e0 Marco De Luca. Intanto sono iniziati i primi allenamenti per i giovani di Canale che devono ancora perfezionare qualcosa in vista di domenica prossima.<\/p>\n<p><strong>EMIL TANCON, PRESIDENTE DEL CANALE<\/strong><\/p>\n<audio class=\"wp-audio-shortcode\" id=\"audio-280299-18\" preload=\"none\" style=\"width: 100%;\" controls=\"controls\"><source type=\"audio\/mpeg\" src=\"https:\/\/www.radiopiu.net\/wordpress\/wp-content\/uploads\/2022\/06\/CANALE-EMIL-TANCON.mp3?_=18\" \/><a href=\"https:\/\/www.radiopiu.net\/wordpress\/wp-content\/uploads\/2022\/06\/CANALE-EMIL-TANCON.mp3\">https:\/\/www.radiopiu.net\/wordpress\/wp-content\/uploads\/2022\/06\/CANALE-EMIL-TANCON.mp3<\/a><\/audio>\n<p>&nbsp;<\/p>\n<hr \/>\n<p>&nbsp;<\/p>\n<p><span style=\"color: #0000ff;\"><strong>MTB<\/strong><\/span><\/p>\n<blockquote>\n<h2>UN&#8217;ALTRA\u00a0 TOSTA AVVENTURA PER I BIKERS SIMONE E STEFANO<\/h2>\n<\/blockquote>\n<p><strong>BELLUNO<\/strong><\/p>\n<p><strong>DI ROBERTO BONA<\/strong><\/p>\n<audio class=\"wp-audio-shortcode\" id=\"audio-280299-19\" preload=\"none\" style=\"width: 100%;\" controls=\"controls\"><source type=\"audio\/mpeg\" src=\"https:\/\/www.radiopiu.net\/wordpress\/wp-content\/uploads\/2022\/06\/ROBERTO-MTB.mp3?_=19\" \/><a href=\"https:\/\/www.radiopiu.net\/wordpress\/wp-content\/uploads\/2022\/06\/ROBERTO-MTB.mp3\">https:\/\/www.radiopiu.net\/wordpress\/wp-content\/uploads\/2022\/06\/ROBERTO-MTB.mp3<\/a><\/audio>\n<p>&nbsp;<\/p>\n<p><a class=\"dt-pswp-item\" href=\"https:\/\/www.radiopiu.net\/wordpress\/wp-content\/uploads\/2022\/06\/f9729a36-e452-495b-9cd1-9700ac64cd15.jpg\" data-dt-img-description=\"\" data-large_image_width=\"600\" data-large_image_height=\"400\"><img loading=\"lazy\" decoding=\"async\" class=\"alignnone wp-image-280461 \" src=\"https:\/\/www.radiopiu.net\/wordpress\/wp-content\/uploads\/2022\/06\/f9729a36-e452-495b-9cd1-9700ac64cd15.jpg\" alt=\"\" width=\"351\" height=\"234\" srcset=\"https:\/\/www.radiopiu.net\/wordpress\/wp-content\/uploads\/2022\/06\/f9729a36-e452-495b-9cd1-9700ac64cd15.jpg 600w, https:\/\/www.radiopiu.net\/wordpress\/wp-content\/uploads\/2022\/06\/f9729a36-e452-495b-9cd1-9700ac64cd15-300x200.jpg 300w\" sizes=\"auto, (max-width: 351px) 100vw, 351px\" \/><\/a><\/p>\n<p>&nbsp;<\/p>\n<p>&nbsp;<\/p>\n<hr \/>\n<p>&nbsp;<\/p>\n<p><span style=\"color: #0000ff;\"><strong>PALLAVOLO<\/strong><\/span><\/p>\n<blockquote>\n<h3>SECONDO COLPO DI MERCATO PER LA DA ROLD BELLUNO<\/h3>\n<\/blockquote>\n<p><strong><a class=\"dt-pswp-item\" href=\"https:\/\/www.radiopiu.net\/wordpress\/wp-content\/uploads\/2022\/06\/Alberto_Saibene_DRL.jpg\" data-dt-img-description=\"\" data-large_image_width=\"1247\" data-large_image_height=\"715\"><img loading=\"lazy\" decoding=\"async\" class=\"size-thumbnail wp-image-280333 alignleft\" src=\"https:\/\/www.radiopiu.net\/wordpress\/wp-content\/uploads\/2022\/06\/Alberto_Saibene_DRL-150x150.jpg\" alt=\"\" width=\"150\" height=\"150\" \/><\/a>BELLUNO <\/strong>La Da Rold Logistics Belluno perfeziona il secondo colpo di mercato: dopo essersi assicurata le prestazioni del giovane opposto Marco Novello, la societ\u00e0 dolomitica decide di alzare il livello di esperienza in posto 4. E di affidarsi ad Alberto Saibene.<span class=\"gmail-Apple-converted-space\"> \u00a0<\/span>Esperienza, s\u00ec. Non tanto per l\u2019et\u00e0 (ha solo 24 anni), quanto perch\u00e9 Saibene ha gi\u00e0 alle spalle quattro campionati tra Serie A2 e A3. Cresciuto all&#8217;interno del Volley Treviso, nel 2017 ha deciso di scendere dal punto di vista geografico, a Castellana Grotte, e di salire invece di categoria (A2). Per poi iniziare la sua lunga e splendida storia con la Pallavolo Motta, formazione in cui \u00e8 riuscito a ottenere ben due promozioni in tre anni. Compreso il salto dalla A3 alla A2. Forte in battuta, solido in ricezione, incisivo in attacco, Saibene \u00e8 il classico giocatore completo e dalle mille sfaccettature, con qualit\u00e0 importanti anche al di fuori del parquet.<span class=\"gmail-Apple-converted-space\">\u00a0<\/span><\/p>\n<p>&nbsp;<\/p>\n<hr \/>\n<p><span style=\"color: #0000ff;\"><strong>\u00a0<\/strong><\/span><\/p>\n<p><span style=\"color: #0000ff;\"><strong>CORSA<\/strong><\/span><\/p>\n<blockquote>\n<h3>\u00a0DXT INCLUSIA CON MORENO PESCE E IL TEAM 3 GAMBE<\/h3>\n<\/blockquote>\n<p><a class=\"dt-pswp-item\" href=\"https:\/\/www.radiopiu.net\/wordpress\/wp-content\/uploads\/2022\/06\/PHOTO-2022-05-19-11-36-46.jpg\" data-dt-img-description=\"\" data-large_image_width=\"640\" data-large_image_height=\"438\"><img loading=\"lazy\" decoding=\"async\" class=\" wp-image-280412 alignleft\" src=\"https:\/\/www.radiopiu.net\/wordpress\/wp-content\/uploads\/2022\/06\/PHOTO-2022-05-19-11-36-46-150x150.jpg\" alt=\"\" width=\"100\" height=\"100\" \/><\/a>La DXT \u2013 Dolomiti Extreme Trail Inclusiva \u00e8 in programma in Val di Zoldo dal 10 al 12 giugno &#8211; l\u2019atleta paralimpico Moreno Pesce insieme a tredici compagni\u00a0 sono pronti ad affrontare tutte le asperit\u00e0 del percorso.\u00a0 Gli atleti del Team 3Gambe che accompagneranno Moreno Pesce nella DXT Inclusiva saranno: : Alessandro Vianello, Cesare Galli, Filippo Scarpa, Lino Cianciotto, Loris Miloni, Luca Mazzola, Luca Palla, Massimo Cavenago, Maurizio Zoldan, Salvatore Trebbi, Zelindo Vitali. Valeria Masala \u00e8 la prima donna pluriamputata (gamba e braccio) a partecipare ed un evento come la DXT. L\u2019obiettivo di Moreno Pesce sar\u00e0 quello di aiutarla ad andare pi\u00f9 avanti possibile, standole accanto in fondo al gruppo. L\u2019evento si svolger\u00e0 comunque in massima sicurezza e con assistenza continua da parte dell\u2019organizzazione.<\/p>\n<p>&nbsp;<\/p>\n<p>&nbsp;<\/p>\n<hr \/>\n<p>&nbsp;<\/p>\n<p><span style=\"color: #0000ff;\"><strong>NUOTO SINCRONIZZATO<\/strong><\/span><\/p>\n<blockquote>\n<h3>ULTIMA GARA STAGIONALE E DUE MEDAGLIE PER LE SINCRONETTE BELLUNESI<\/h3>\n<\/blockquote>\n<p><strong>BELLUNO <\/strong>Ultima gara della stagione per le sincronette della Sportivamente Belluno, protagoniste nella piscina \u201cIsola della Scala\u201d, in provincia di Verona. E, in particolare, al Trofeo Uisp \u201cWe are back underwater\u201d: in vasca oltre 250 atlete, legate a una decina di societ\u00e0 provenienti dal Basso Veneto e dalla Lombardia. Entrando nel dettaglio, \u00e8 stata una chiusura di stagione molto positiva per la solista Beatrice Agnoli: nella categoria Ragazze, ha conquistato la sua quinta medaglia stagionale. I 57,800 punti totalizzati le hanno permesso di salire sul terzo gradino del podio. Grande soddisfazione pure per il trio composto da Marta Bello, Giorgia Piazzi e Margherita Vignola (categoria Ragazze), brave ad agguantare la terza piazza con 51,600 punti. Applausi anche alla solista Lisa De Moliner (settima fra le Juniores con 54,300 punti) e, per quanto riguarda i doppi, va segnalato un meritatissimo quinto posto di Beatrice Agnoli e Laura Fant (57,333) nella categoria Ragazze; e di Beatrice De Castello e Silvia Barp (56,00) fra le Assolute. Subito dietro, al sesto posto Juniores, Francesca Iudica e Lisa De Moliner (54,100). E seste (Assolute) sono pure Teresa Rova e Francesca Caputo (54,767). Buona, inoltre, la prova di Linda Cima e Annalisa Gasperin (Ragazze). Per quanto riguarda le squadre, niente podi, ma un pi\u00f9 che soddisfacente quarto posto per le Juniores (De Moliner, Caputo, Rova, Agnoli, Fant, De Castello, Barp, Bello, Iudica), oltre al quinto delle Ragazze (Vignola, Piazzi, Rubinetto, Bonotto, De Barba, Funes, Ponti, Gasperin, Cima). L\u2019atto conclusivo della stagione \u00e8 in calendario sabato 11 giugno con il saggio di fine anno, in cui le atlete si esibiranno davanti alle famiglie e ai simpatizzanti.<\/p>\n\n\t\t\t<style type='text\/css'>\n\t\t\t\t#gallery-8 {\n\t\t\t\t\tmargin: auto;\n\t\t\t\t}\n\t\t\t\t#gallery-8 .gallery-item {\n\t\t\t\t\tfloat: left;\n\t\t\t\t\tmargin-top: 10px;\n\t\t\t\t\ttext-align: center;\n\t\t\t\t\twidth: 50%;\n\t\t\t\t}\n\t\t\t\t#gallery-8 img {\n\t\t\t\t\tborder: 2px solid #cfcfcf;\n\t\t\t\t}\n\t\t\t\t#gallery-8 .gallery-caption {\n\t\t\t\t\tmargin-left: 0;\n\t\t\t\t}\n\t\t\t\t\/* see gallery_shortcode() in wp-includes\/media.php *\/\n\t\t\t<\/style>\n\t\t<div id='gallery-8' class='dt-gallery-container gallery galleryid-280299 gallery-columns-2 gallery-size-thumbnail'><dl class='gallery-item'>\n\t\t\t\t<dt class='gallery-icon portrait'>\n\t\t\t\t\t<a class=\"rollover rollover-zoom dt-pswp-item\" title=\"Beatrice_Agnoli\" data-dt-img-description=\"\" data-large_image_width=\"1001\" data-large_image_height=\"1611\"href='https:\/\/www.radiopiu.net\/wordpress\/wp-content\/uploads\/2022\/06\/Beatrice_Agnoli.jpeg'><img loading=\"lazy\" decoding=\"async\" width=\"150\" height=\"150\" src=\"https:\/\/www.radiopiu.net\/wordpress\/wp-content\/uploads\/2022\/06\/Beatrice_Agnoli-150x150.jpeg\" class=\"attachment-thumbnail size-thumbnail\" alt=\"\" \/><\/a>\n\t\t\t\t<\/dt><\/dl><dl class='gallery-item'>\n\t\t\t\t<dt class='gallery-icon portrait'>\n\t\t\t\t\t<a class=\"rollover rollover-zoom dt-pswp-item\" title=\"Bello_Piazzi_Vignola\" data-dt-img-description=\"\" data-large_image_width=\"987\" data-large_image_height=\"1553\"href='https:\/\/www.radiopiu.net\/wordpress\/wp-content\/uploads\/2022\/06\/Bello_Piazzi_Vignola.jpg'><img loading=\"lazy\" decoding=\"async\" width=\"150\" height=\"150\" src=\"https:\/\/www.radiopiu.net\/wordpress\/wp-content\/uploads\/2022\/06\/Bello_Piazzi_Vignola-150x150.jpg\" class=\"attachment-thumbnail size-thumbnail\" alt=\"\" \/><\/a>\n\t\t\t\t<\/dt><\/dl><br style=\"clear: both\" \/>\n\t\t\t<\/div>\n\n<p>&nbsp;<\/p>\n<\/div>\n<\/div>\n<\/div>\n<\/div>\n<\/div>\n<\/div>\n<\/div>\n<\/div>\n<\/div>\n<\/div>\n<\/div>\n<\/div>\n<\/div>\n<\/div>\n<\/div>\n<\/div>\n<\/div>\n<\/div>\n<\/div>\n<\/div>\n<\/div>\n<\/div>\n<\/div>\n<\/div>\n<\/div>\n<\/div>\n<\/div>\n<\/div>\n<\/div>\n<\/div>\n<\/div>\n<\/div>\n<\/div>\n<\/div>\n<\/div>\n<\/div>\n<\/div>\n<\/div>\n<\/div>\n<\/div>\n<\/div>\n<\/div>\n<\/div>\n<\/div>\n<\/div>\n<\/div>\n<\/div>\n<\/div>\n<\/div>\n<\/div>\n<\/div>\n<\/div>\n<\/div>\n<\/div>\n<\/div>\n<\/div>\n<\/div>\n<\/div>\n<\/div>\n<\/div>\n<\/div>\n<\/div>\n<\/div>\n<\/div>\n<\/div>\n<\/div>\n<\/div>\n<\/div>\n<\/div>\n<\/div>\n<\/div>\n<\/div>\n<\/div>\n<\/div>\n<\/div>\n<\/div>\n<\/div>\n<\/div>\n<\/div>\n<\/div>\n<\/div>\n<\/div>\n<\/div>\n<\/div>\n<\/div>\n<\/div>\n<\/div>\n<\/div>\n<\/div>\n<\/div>\n<\/div>\n<\/div>\n<\/div>\n<\/div>\n<\/div>\n<\/div>\n<\/div>\n<\/div>\n<\/div>\n<\/div>\n<\/div>\n<\/div>\n<\/div>\n<\/div>\n<\/div>\n<\/div>\n<\/div>\n<\/div>\n<\/div>\n<\/div>\n<\/div>\n","protected":false},"excerpt":{"rendered":"<p>RADIO PIU INFORMAZIONE il canale su TELEGRAM informazione di prima\u00a0 mano e in tempo reale. iscriviti ed aiutaci a farlo conoscere\u00a0\u00a0 &nbsp; &nbsp; &nbsp; DOLOMITIBUS&#8230; GUIDA IL TUO FUTURO, LO SPOT ALLA RADIO \u00a0 GUERRA DI MINE, IL LIBRO. SABATO LA PRESENTAZIONE AL TAULAC &nbsp; &nbsp; &nbsp; ACQUA NON POTABILE A\u00a0 CENCENIGHE dal 01 giugno&hellip;<\/p>\n","protected":false},"author":4,"featured_media":280402,"comment_status":"closed","ping_status":"closed","sticky":false,"template":"","format":"standard","meta":{"_monsterinsights_skip_tracking":false,"_monsterinsights_sitenote_active":false,"_monsterinsights_sitenote_note":"","_monsterinsights_sitenote_category":0,"footnotes":""},"categories":[104,86,49],"tags":[],"class_list":["post-280299","post","type-post","status-publish","format-standard","has-post-thumbnail","hentry","category-evidenza_3","category-gr","category-news-18","category-104","category-86","category-49","description-off"],"img_url":"https:\/\/www.radiopiu.net\/wordpress\/wp-content\/uploads\/2022\/06\/MILANOCORTINA-VIO-COMPAGNONI-VESSILLI.jpg","_links":{"self":[{"href":"https:\/\/www.radiopiu.net\/wordpress\/wp-json\/wp\/v2\/posts\/280299","targetHints":{"allow":["GET"]}}],"collection":[{"href":"https:\/\/www.radiopiu.net\/wordpress\/wp-json\/wp\/v2\/posts"}],"about":[{"href":"https:\/\/www.radiopiu.net\/wordpress\/wp-json\/wp\/v2\/types\/post"}],"author":[{"embeddable":true,"href":"https:\/\/www.radiopiu.net\/wordpress\/wp-json\/wp\/v2\/users\/4"}],"replies":[{"embeddable":true,"href":"https:\/\/www.radiopiu.net\/wordpress\/wp-json\/wp\/v2\/comments?post=280299"}],"version-history":[{"count":0,"href":"https:\/\/www.radiopiu.net\/wordpress\/wp-json\/wp\/v2\/posts\/280299\/revisions"}],"wp:featuredmedia":[{"embeddable":true,"href":"https:\/\/www.radiopiu.net\/wordpress\/wp-json\/wp\/v2\/media\/280402"}],"wp:attachment":[{"href":"https:\/\/www.radiopiu.net\/wordpress\/wp-json\/wp\/v2\/media?parent=280299"}],"wp:term":[{"taxonomy":"category","embeddable":true,"href":"https:\/\/www.radiopiu.net\/wordpress\/wp-json\/wp\/v2\/categories?post=280299"},{"taxonomy":"post_tag","embeddable":true,"href":"https:\/\/www.radiopiu.net\/wordpress\/wp-json\/wp\/v2\/tags?post=280299"}],"curies":[{"name":"wp","href":"https:\/\/api.w.org\/{rel}","templated":true}]}}