{"id":280301,"date":"2022-06-11T05:36:03","date_gmt":"2022-06-11T03:36:03","guid":{"rendered":"https:\/\/www.radiopiu.net\/wordpress\/?p=280301"},"modified":"2022-06-11T05:45:24","modified_gmt":"2022-06-11T03:45:24","slug":"lettera-sperti","status":"publish","type":"post","link":"https:\/\/www.radiopiu.net\/wordpress\/lettera-sperti\/","title":{"rendered":"ALLO SPERTI LA KAIROS &#8220;ORGANIZZA&#8221; IL CONVITTO"},"content":{"rendered":"<p><strong>BELLUNO<\/strong> Le famiglie delle terre alte tirano un sospiro di sollievo. Il tanto atteso messaggio \u00e8 arrivato in giornata tramite whatsApp. Un primo contatto da parte della\u00a0 collaboratrice della cooperativa Kairos che sta gestendo lo Sperti. Nei prossimi giorni ci saranno gli incontri con le famiglie con l&#8217;auspicabile speranza che a settembre il convitto funzioni a forza piena, una preoccupazione in meno per le comunit\u00e0 maggiormente periferiche.<\/p>\n<p>&nbsp;<\/p>\n<p>&#8212;&#8212;&#8212;&#8212;&#8212;&#8212;&#8212;&#8212;&#8212;&#8212;&#8212;&#8212;&#8212;&#8212;&#8212;<\/p>\n<p>&nbsp;<\/p>\n<p><span style=\"color: #ff0000;\"><strong>MERCOLEDI ALLA RADIO<\/strong><\/span><\/p>\n<blockquote>\n<h3>CONVITTO SPERTI LA DIOCESI INFORMA LE FAMIGLIE &#8220;STIAMO PROCEDENDO PER DARE CONTINUITA&#8217; ALLA STRUTTURA&#8221;<\/h3>\n<\/blockquote>\n<p><strong><img loading=\"lazy\" decoding=\"async\" class=\"alignleft\" src=\"https:\/\/www.radiopiu.net\/wordpress\/wp-content\/uploads\/2022\/04\/istitutosperti-1.jpg\" width=\"195\" height=\"59\" \/>BELLUNO<\/strong> Le famiglie hanno ricevuto comunicazione dal Presidente dell&#8217;Opera San Martino Vescovo, Don Massimiliano Zoccoletti, che sono in corso interlocuzioni per dare continuit\u00e0 alla struttura dello Sperti, affidandone la gestione alla Cooperativa Kairos che gi\u00e0 cura il centro estivo che sta studiando le soluzioni per mantenere i servizi allo Sperti: il convitto a favore degli studenti delle superiori provenienti dalle aree pi\u00f9 periferiche della provincia e il semi convitto per i bambini e ragazzi di Belluno<em>. &#8220;La Cooperativa <\/em>&#8211; assicura Don Massimiliano <em>&#8211; nel momento in cui sar\u00e0 maturata la proposta avr\u00e0 la premura di darne comunicazione alle famiglie&#8221;.<\/em> L&#8217;Opera San Martino \u00e8 l&#8217;ente titolare delle attivit\u00e0 che si svolgono allo Sperti <em>&#8220;Se fino ad oggi non si \u00e8 dato conto delle interlocuzioni &#8211; <\/em>\u00e8 stato scritto alla famiglie<em> &#8211; \u00e8 solo perch\u00e9 \u00e8 parso corretto non creare illusioni. Ora per\u00f2 s&#8217;aprono alcuni spiragli&#8221;.<\/em> Lo scorso aprile, in concomitanza con la Pasqua, il vescovo Renato Marangoni dava notizia dell&#8217;impossibilit\u00e0 di dare continuit\u00e0 al servizio. Inevitabili le reazioni di protesta che hanno animato il dibattito sugli organi di informazione locale che hanno attirato l&#8217;attenzione delle istituzioni e della societ\u00e0 civile sul servizio che negli ultimi decenni ha offerto alle famiglie di Belluno e alle studentesse che avevano e ancora hanno bisogno di una sistemazione per poter frequentare le scuole superiori a Belluno.<\/p>\n<p>&nbsp;<\/p>\n<p>___<\/p>\n","protected":false},"excerpt":{"rendered":"<p>BELLUNO Le famiglie delle terre alte tirano un sospiro di sollievo. Il tanto atteso messaggio \u00e8 arrivato in giornata tramite whatsApp. Un primo contatto da parte della\u00a0 collaboratrice della cooperativa Kairos che sta gestendo lo Sperti. Nei prossimi giorni ci saranno gli incontri con le famiglie con l&#8217;auspicabile speranza che a settembre il convitto funzioni&hellip;<\/p>\n","protected":false},"author":4,"featured_media":272208,"comment_status":"closed","ping_status":"closed","sticky":false,"template":"","format":"standard","meta":{"_monsterinsights_skip_tracking":false,"_monsterinsights_sitenote_active":false,"_monsterinsights_sitenote_note":"","_monsterinsights_sitenote_category":0,"footnotes":""},"categories":[51,49],"tags":[],"class_list":["post-280301","post","type-post","status-publish","format-standard","has-post-thumbnail","hentry","category-evidenza-top","category-news-18","category-51","category-49","description-off"],"img_url":"https:\/\/www.radiopiu.net\/wordpress\/wp-content\/uploads\/2022\/04\/istitutosperti-1.jpg","_links":{"self":[{"href":"https:\/\/www.radiopiu.net\/wordpress\/wp-json\/wp\/v2\/posts\/280301","targetHints":{"allow":["GET"]}}],"collection":[{"href":"https:\/\/www.radiopiu.net\/wordpress\/wp-json\/wp\/v2\/posts"}],"about":[{"href":"https:\/\/www.radiopiu.net\/wordpress\/wp-json\/wp\/v2\/types\/post"}],"author":[{"embeddable":true,"href":"https:\/\/www.radiopiu.net\/wordpress\/wp-json\/wp\/v2\/users\/4"}],"replies":[{"embeddable":true,"href":"https:\/\/www.radiopiu.net\/wordpress\/wp-json\/wp\/v2\/comments?post=280301"}],"version-history":[{"count":0,"href":"https:\/\/www.radiopiu.net\/wordpress\/wp-json\/wp\/v2\/posts\/280301\/revisions"}],"wp:featuredmedia":[{"embeddable":true,"href":"https:\/\/www.radiopiu.net\/wordpress\/wp-json\/wp\/v2\/media\/272208"}],"wp:attachment":[{"href":"https:\/\/www.radiopiu.net\/wordpress\/wp-json\/wp\/v2\/media?parent=280301"}],"wp:term":[{"taxonomy":"category","embeddable":true,"href":"https:\/\/www.radiopiu.net\/wordpress\/wp-json\/wp\/v2\/categories?post=280301"},{"taxonomy":"post_tag","embeddable":true,"href":"https:\/\/www.radiopiu.net\/wordpress\/wp-json\/wp\/v2\/tags?post=280301"}],"curies":[{"name":"wp","href":"https:\/\/api.w.org\/{rel}","templated":true}]}}