{"id":280303,"date":"2022-06-08T05:59:41","date_gmt":"2022-06-08T03:59:41","guid":{"rendered":"https:\/\/www.radiopiu.net\/wordpress\/?p=280303"},"modified":"2022-06-08T06:24:06","modified_gmt":"2022-06-08T04:24:06","slug":"fuga-dal-posto-di-blocco-oggi-la-difesa-chiedera-la-scarcerazione-del-bellunese-arrestato-per-resistenza-e-lesioni-a-pubblico-ufficiale","status":"publish","type":"post","link":"https:\/\/www.radiopiu.net\/wordpress\/fuga-dal-posto-di-blocco-oggi-la-difesa-chiedera-la-scarcerazione-del-bellunese-arrestato-per-resistenza-e-lesioni-a-pubblico-ufficiale\/","title":{"rendered":"FUGA DAL POSTO DI BLOCCO, OGGI LA DIFESA CHIEDERA&#8217; LA SCARCERAZIONE DEL BELLUNESE ARRESTATO PER RESISTENZA E LESIONI A PUBBLICO UFFICIALE"},"content":{"rendered":"<blockquote>\n<h3>RIMANE IN CARCERE IL GIOVANE CHE HA FORZATO IL POSTO DI BLOCCO FERENDO L&#8217;ISPETTORE DI POLIZIA<strong>\u00a0<\/strong><\/h3>\n<\/blockquote>\n<p><strong><a class=\"dt-pswp-item\" href=\"https:\/\/www.radiopiu.net\/wordpress\/wp-content\/uploads\/2022\/05\/POLIZIA-1.jpg\" data-dt-img-description=\"\" data-large_image_width=\"1920\" data-large_image_height=\"1080\"><img loading=\"lazy\" decoding=\"async\" class=\" wp-image-278032 alignleft\" src=\"https:\/\/www.radiopiu.net\/wordpress\/wp-content\/uploads\/2022\/05\/POLIZIA-1-150x150.jpg\" alt=\"\" width=\"111\" height=\"111\" \/><\/a>BELLUNO<\/strong> E&#8217; ripartito a razzo dal posto di blocco travolgendo e trascinando a terra l&#8217;Ispettore di Polizia. L&#8217;inseguimento, durato venti minuti, si \u00e8 concluso a Ponte nelle Alpi ed ha interessato pi\u00f9 pattuglie delle Volanti.\u00a0 Il bellunese \u00e8 stato quindi tradotto in carcere a Baldenich per resistenza e lesioni a pubblico ufficiale. Oggi comparir\u00e0 davanti al giudice,\u00a0 ieri al suo avvocato Emilio Mazzucco, ha spiegato che il suo cliente ha avuto paura per quell&#8217;abboccamento e di essersi dato alla fuga spaventato.\u00a0 La difesa chieder\u00e0 la scarcerazione dell&#8217;uomo; comunque, dopo l&#8217;udienza di convalida, seguir\u00e0 il processo per direttissima nel quale la procura (il fascicolo \u00e8 sul tavolo del pubblico ministero Tollardo) confermer\u00e0 le ipotesi di accusa.<\/p>\n<p>&nbsp;<\/p>\n","protected":false},"excerpt":{"rendered":"<p>RIMANE IN CARCERE IL GIOVANE CHE HA FORZATO IL POSTO DI BLOCCO FERENDO L&#8217;ISPETTORE DI POLIZIA\u00a0 BELLUNO E&#8217; ripartito a razzo dal posto di blocco travolgendo e trascinando a terra l&#8217;Ispettore di Polizia. L&#8217;inseguimento, durato venti minuti, si \u00e8 concluso a Ponte nelle Alpi ed ha interessato pi\u00f9 pattuglie delle Volanti.\u00a0 Il bellunese \u00e8 stato&hellip;<\/p>\n","protected":false},"author":4,"featured_media":55041,"comment_status":"closed","ping_status":"closed","sticky":false,"template":"","format":"standard","meta":{"_monsterinsights_skip_tracking":false,"_monsterinsights_sitenote_active":false,"_monsterinsights_sitenote_note":"","_monsterinsights_sitenote_category":0,"footnotes":""},"categories":[51,49],"tags":[],"class_list":["post-280303","post","type-post","status-publish","format-standard","has-post-thumbnail","hentry","category-evidenza-top","category-news-18","category-51","category-49","description-off"],"img_url":"https:\/\/www.radiopiu.net\/wordpress\/wp-content\/uploads\/2018\/07\/stradale-belluno.jpg","_links":{"self":[{"href":"https:\/\/www.radiopiu.net\/wordpress\/wp-json\/wp\/v2\/posts\/280303","targetHints":{"allow":["GET"]}}],"collection":[{"href":"https:\/\/www.radiopiu.net\/wordpress\/wp-json\/wp\/v2\/posts"}],"about":[{"href":"https:\/\/www.radiopiu.net\/wordpress\/wp-json\/wp\/v2\/types\/post"}],"author":[{"embeddable":true,"href":"https:\/\/www.radiopiu.net\/wordpress\/wp-json\/wp\/v2\/users\/4"}],"replies":[{"embeddable":true,"href":"https:\/\/www.radiopiu.net\/wordpress\/wp-json\/wp\/v2\/comments?post=280303"}],"version-history":[{"count":0,"href":"https:\/\/www.radiopiu.net\/wordpress\/wp-json\/wp\/v2\/posts\/280303\/revisions"}],"wp:featuredmedia":[{"embeddable":true,"href":"https:\/\/www.radiopiu.net\/wordpress\/wp-json\/wp\/v2\/media\/55041"}],"wp:attachment":[{"href":"https:\/\/www.radiopiu.net\/wordpress\/wp-json\/wp\/v2\/media?parent=280303"}],"wp:term":[{"taxonomy":"category","embeddable":true,"href":"https:\/\/www.radiopiu.net\/wordpress\/wp-json\/wp\/v2\/categories?post=280303"},{"taxonomy":"post_tag","embeddable":true,"href":"https:\/\/www.radiopiu.net\/wordpress\/wp-json\/wp\/v2\/tags?post=280303"}],"curies":[{"name":"wp","href":"https:\/\/api.w.org\/{rel}","templated":true}]}}