{"id":280310,"date":"2022-06-08T04:58:31","date_gmt":"2022-06-08T02:58:31","guid":{"rendered":"https:\/\/www.radiopiu.net\/wordpress\/?p=280310"},"modified":"2022-06-08T06:01:50","modified_gmt":"2022-06-08T04:01:50","slug":"al-colonello-stabile-il-premio-ambiente-per-plastic-connection","status":"publish","type":"post","link":"https:\/\/www.radiopiu.net\/wordpress\/al-colonello-stabile-il-premio-ambiente-per-plastic-connection\/","title":{"rendered":"AL COLONELLO STABILE IL PREMIO AMBIENTE PER PLASTIC CONNECTION\u00a0"},"content":{"rendered":"<p>&nbsp;<\/p>\n<blockquote>\n<h3><\/h3>\n<\/blockquote>\n<p><strong><a class=\"dt-pswp-item\" href=\"https:\/\/www.radiopiu.net\/wordpress\/wp-content\/uploads\/2022\/06\/ssss.jpg\" data-dt-img-description=\"\" data-large_image_width=\"551\" data-large_image_height=\"304\"><img loading=\"lazy\" decoding=\"async\" class=\"wp-image-280308 alignleft\" src=\"https:\/\/www.radiopiu.net\/wordpress\/wp-content\/uploads\/2022\/06\/ssss-300x166.jpg\" alt=\"\" width=\"269\" height=\"149\" srcset=\"https:\/\/www.radiopiu.net\/wordpress\/wp-content\/uploads\/2022\/06\/ssss-300x166.jpg 300w, https:\/\/www.radiopiu.net\/wordpress\/wp-content\/uploads\/2022\/06\/ssss.jpg 551w\" sizes=\"auto, (max-width: 269px) 100vw, 269px\" \/><\/a>BELLUNO<\/strong> Riconoscimento per la squadra del Nucleo investigativo del comando provinciale dei carabinieri di Belluno per l&#8217;operazione &#8220;Plastic connection&#8221;, sotto il coordinamento della Procura distrettuale antimafia di Venezia. Da Roma \u00e8 arrivato il &#8220;Premio Ambiente&#8221; del comandante generale dell&#8217;Arma dei carabinieri Teo Luzi per il colonnello Marco Stabile, al vertice del Nucleo e coordinatore dell&#8217;inchiesta sul traffico illecito di rifiuti. Plastic Connection, a fine settembre 2021, ha portato all&#8217;arresto di 14 persone e indagato un&#8217;altra decina di persone. L&#8217;operazione ha coinvolto le province di Trento, Belluno, Treviso, Padova, Vicenza, Napoli, Avellino e Pisa e ha portato al sequestro di tre stabilimenti, beni mobili e immobili, conti correnti per un milione e 500 mila euro: per un totale di 5 milioni di euro.\u00a0 Il comandante generale Teo Luzi, ha conferito il &#8220;Premio Ambiente&#8221; per \u00abl&#8217;attivit\u00e0 svolta a tutela dell&#8217;ambiente\u00bb. Il riconoscimento nazionale \u00e8 stato consegnato al tenente colonnello Marco Stabile in qualit\u00e0 di comandate di tutto il nucleo: la consegna \u00e8 avvenuta a Roma, nella sede del comando generale in concomitanza con la Giornata mondiale dell&#8217;ambiente. Allo stadio Colbacchini di Padova, al personale del nucleo (Colonello Stabile e altri 6 uomini dell&#8217;Arma) \u00e8 stato consegnato anche l&#8217;encomio del comandante della legione, generale di brigata Giuseppe Spina.<\/p>\n<p>&nbsp;<\/p>\n<hr \/>\n<p>&nbsp;<\/p>\n","protected":false},"excerpt":{"rendered":"<p>&nbsp; BELLUNO Riconoscimento per la squadra del Nucleo investigativo del comando provinciale dei carabinieri di Belluno per l&#8217;operazione &#8220;Plastic connection&#8221;, sotto il coordinamento della Procura distrettuale antimafia di Venezia. Da Roma \u00e8 arrivato il &#8220;Premio Ambiente&#8221; del comandante generale dell&#8217;Arma dei carabinieri Teo Luzi per il colonnello Marco Stabile, al vertice del Nucleo e coordinatore&hellip;<\/p>\n","protected":false},"author":4,"featured_media":280308,"comment_status":"closed","ping_status":"closed","sticky":false,"template":"","format":"standard","meta":{"_monsterinsights_skip_tracking":false,"_monsterinsights_sitenote_active":false,"_monsterinsights_sitenote_note":"","_monsterinsights_sitenote_category":0,"footnotes":""},"categories":[104,49],"tags":[],"class_list":["post-280310","post","type-post","status-publish","format-standard","has-post-thumbnail","hentry","category-evidenza_3","category-news-18","category-104","category-49","description-off"],"img_url":"https:\/\/www.radiopiu.net\/wordpress\/wp-content\/uploads\/2022\/06\/ssss.jpg","_links":{"self":[{"href":"https:\/\/www.radiopiu.net\/wordpress\/wp-json\/wp\/v2\/posts\/280310","targetHints":{"allow":["GET"]}}],"collection":[{"href":"https:\/\/www.radiopiu.net\/wordpress\/wp-json\/wp\/v2\/posts"}],"about":[{"href":"https:\/\/www.radiopiu.net\/wordpress\/wp-json\/wp\/v2\/types\/post"}],"author":[{"embeddable":true,"href":"https:\/\/www.radiopiu.net\/wordpress\/wp-json\/wp\/v2\/users\/4"}],"replies":[{"embeddable":true,"href":"https:\/\/www.radiopiu.net\/wordpress\/wp-json\/wp\/v2\/comments?post=280310"}],"version-history":[{"count":0,"href":"https:\/\/www.radiopiu.net\/wordpress\/wp-json\/wp\/v2\/posts\/280310\/revisions"}],"wp:featuredmedia":[{"embeddable":true,"href":"https:\/\/www.radiopiu.net\/wordpress\/wp-json\/wp\/v2\/media\/280308"}],"wp:attachment":[{"href":"https:\/\/www.radiopiu.net\/wordpress\/wp-json\/wp\/v2\/media?parent=280310"}],"wp:term":[{"taxonomy":"category","embeddable":true,"href":"https:\/\/www.radiopiu.net\/wordpress\/wp-json\/wp\/v2\/categories?post=280310"},{"taxonomy":"post_tag","embeddable":true,"href":"https:\/\/www.radiopiu.net\/wordpress\/wp-json\/wp\/v2\/tags?post=280310"}],"curies":[{"name":"wp","href":"https:\/\/api.w.org\/{rel}","templated":true}]}}