{"id":280347,"date":"2022-06-08T09:46:03","date_gmt":"2022-06-08T07:46:03","guid":{"rendered":"https:\/\/www.radiopiu.net\/wordpress\/?p=280347"},"modified":"2022-06-08T09:46:03","modified_gmt":"2022-06-08T07:46:03","slug":"ad-agosto-torna-la-sagra-de-la-madona-de-la-neif-a-la-valle-con-il-mercatino-e-il-giro-de-le-burele","status":"publish","type":"post","link":"https:\/\/www.radiopiu.net\/wordpress\/ad-agosto-torna-la-sagra-de-la-madona-de-la-neif-a-la-valle-con-il-mercatino-e-il-giro-de-le-burele\/","title":{"rendered":"AD AGOSTO TORNA LA SAGRA DE LA MADONA DE LA NEIF A LA VALLE CON IL MERCATINO E IL GIRO DE LE BURELE"},"content":{"rendered":"<p><strong><a class=\"dt-pswp-item\" href=\"https:\/\/www.radiopiu.net\/wordpress\/wp-content\/uploads\/2022\/06\/d399770a-eb53-deba-3cbb-08ff32f3b40e.png\" data-dt-img-description=\"\" data-large_image_width=\"2501\" data-large_image_height=\"1309\"><img loading=\"lazy\" decoding=\"async\" class=\"alignleft wp-image-280348 \" src=\"https:\/\/www.radiopiu.net\/wordpress\/wp-content\/uploads\/2022\/06\/d399770a-eb53-deba-3cbb-08ff32f3b40e-300x157.png\" alt=\"\" width=\"216\" height=\"113\" srcset=\"https:\/\/www.radiopiu.net\/wordpress\/wp-content\/uploads\/2022\/06\/d399770a-eb53-deba-3cbb-08ff32f3b40e-300x157.png 300w, https:\/\/www.radiopiu.net\/wordpress\/wp-content\/uploads\/2022\/06\/d399770a-eb53-deba-3cbb-08ff32f3b40e-1024x536.png 1024w, https:\/\/www.radiopiu.net\/wordpress\/wp-content\/uploads\/2022\/06\/d399770a-eb53-deba-3cbb-08ff32f3b40e-768x402.png 768w, https:\/\/www.radiopiu.net\/wordpress\/wp-content\/uploads\/2022\/06\/d399770a-eb53-deba-3cbb-08ff32f3b40e-1536x804.png 1536w, https:\/\/www.radiopiu.net\/wordpress\/wp-content\/uploads\/2022\/06\/d399770a-eb53-deba-3cbb-08ff32f3b40e-2048x1072.png 2048w\" sizes=\"auto, (max-width: 216px) 100vw, 216px\" \/><\/a>LA VALLE AGORDINA<\/strong> L\u2019Associazione Pro Loco La Valle Agordina \u00e8 felice di presentare\u00a0la settima edizione de\u00a0El Merc\u00e0 De L&#8217;Ist\u00e0,\u00a0la grande Mostra Mercato di prodotti tipici, artigianato locale e hobbistico organizzata a La Valle Agordina in occasione della tradizionale Sagra Madona De La Neif in programma il 5-6-7 agosto. El Merc\u00e0 De L&#8217;Ist\u00e0 \u00e8 organizzato nella giornata di venerd\u00ec 5 agosto\u00a0in localit\u00e0 Chiesa\u00a0di\u00a0La Valle Agordina,\u00a0la frazione centrale del paese e all&#8217;edizione precedente hanno partecipato espositori provenienti dall&#8217;Agordino, dal Bellunese, dal Veneto, dal Trentino e dal Friuli Venezia Giulia, la\u00a0variet\u00e0 di proposte ha quindi attirato numerosi visitatori.. L&#8217;Associazione\u00a0Pro Loco allestir\u00e0 nuovamente il grande tendone presso gli Impianti Sportivi; quindi sia a pranzo che a cena si potranno assaporare\u00a0i piatti tipici della tradizione\u00a0 e agordina (polenta, pastin, formai frit, toc\u00e0 da boia, selvaggina in tocio, ecc.). Torner\u00e0 anche l&#8217;attesa gara podistica non competitiva El giro de le Burele &#8211; 40a edizione, organizzata dallo SciClub La Valle Agordina. Per le iscrizioni online al Merc\u00e0 De L&#8217;Ist\u00e0 <a href=\"https:\/\/prolocolavalleagordina.us16.list-manage.com\/track\/click?u=5cc37901809729c8a96c80ed9&amp;id=6f2bf022af&amp;e=2669a1aa2c\">CLICCA QUI<\/a><\/p>\n<p>&nbsp;<\/p>\n<p>&nbsp;<\/p>\n<p>*****<\/p>\n","protected":false},"excerpt":{"rendered":"<p>LA VALLE AGORDINA L\u2019Associazione Pro Loco La Valle Agordina \u00e8 felice di presentare\u00a0la settima edizione de\u00a0El Merc\u00e0 De L&#8217;Ist\u00e0,\u00a0la grande Mostra Mercato di prodotti tipici, artigianato locale e hobbistico organizzata a La Valle Agordina in occasione della tradizionale Sagra Madona De La Neif in programma il 5-6-7 agosto. El Merc\u00e0 De L&#8217;Ist\u00e0 \u00e8 organizzato nella&hellip;<\/p>\n","protected":false},"author":4,"featured_media":280348,"comment_status":"closed","ping_status":"closed","sticky":false,"template":"","format":"standard","meta":{"_monsterinsights_skip_tracking":false,"_monsterinsights_sitenote_active":false,"_monsterinsights_sitenote_note":"","_monsterinsights_sitenote_category":0,"footnotes":""},"categories":[49],"tags":[],"class_list":["post-280347","post","type-post","status-publish","format-standard","has-post-thumbnail","hentry","category-news-18","category-49","description-off"],"img_url":"https:\/\/www.radiopiu.net\/wordpress\/wp-content\/uploads\/2022\/06\/d399770a-eb53-deba-3cbb-08ff32f3b40e.png","_links":{"self":[{"href":"https:\/\/www.radiopiu.net\/wordpress\/wp-json\/wp\/v2\/posts\/280347","targetHints":{"allow":["GET"]}}],"collection":[{"href":"https:\/\/www.radiopiu.net\/wordpress\/wp-json\/wp\/v2\/posts"}],"about":[{"href":"https:\/\/www.radiopiu.net\/wordpress\/wp-json\/wp\/v2\/types\/post"}],"author":[{"embeddable":true,"href":"https:\/\/www.radiopiu.net\/wordpress\/wp-json\/wp\/v2\/users\/4"}],"replies":[{"embeddable":true,"href":"https:\/\/www.radiopiu.net\/wordpress\/wp-json\/wp\/v2\/comments?post=280347"}],"version-history":[{"count":0,"href":"https:\/\/www.radiopiu.net\/wordpress\/wp-json\/wp\/v2\/posts\/280347\/revisions"}],"wp:featuredmedia":[{"embeddable":true,"href":"https:\/\/www.radiopiu.net\/wordpress\/wp-json\/wp\/v2\/media\/280348"}],"wp:attachment":[{"href":"https:\/\/www.radiopiu.net\/wordpress\/wp-json\/wp\/v2\/media?parent=280347"}],"wp:term":[{"taxonomy":"category","embeddable":true,"href":"https:\/\/www.radiopiu.net\/wordpress\/wp-json\/wp\/v2\/categories?post=280347"},{"taxonomy":"post_tag","embeddable":true,"href":"https:\/\/www.radiopiu.net\/wordpress\/wp-json\/wp\/v2\/tags?post=280347"}],"curies":[{"name":"wp","href":"https:\/\/api.w.org\/{rel}","templated":true}]}}