{"id":280354,"date":"2022-06-08T10:11:57","date_gmt":"2022-06-08T08:11:57","guid":{"rendered":"https:\/\/www.radiopiu.net\/wordpress\/?p=280354"},"modified":"2022-06-08T10:11:57","modified_gmt":"2022-06-08T08:11:57","slug":"ultimi-sopralluoghi-per-la-provincia-che-visita-le-scuole-di-cortina-e-san-vito","status":"publish","type":"post","link":"https:\/\/www.radiopiu.net\/wordpress\/ultimi-sopralluoghi-per-la-provincia-che-visita-le-scuole-di-cortina-e-san-vito\/","title":{"rendered":"ULTIMI SOPRALLUOGHI PER LA PROVINCIA CHE VISITA LE SCUOLE DI CORTINA E SAN VITO"},"content":{"rendered":"<p><strong>BELLUNO <\/strong>\u00ab<em>Abbiamo scuole d\u2019eccellenza, con proposte didattiche di altissimo livello e nicchie tematiche di rilievo ultraprovinciale. Per renderle davvero attrattive, per\u00f2, servirebbe un\u2019offerta convittuale cos\u00ec da ospitare gli studenti che arrivano da lontano. Un discorso che vale soprattutto per Cortina, dove l\u2019alternativa al convitto non pu\u00f2 essere l\u2019affitto di un appartamento, visti i prezzi di mercato<\/em>\u00bb. \u00c8 quanto afferma la vice presidente della Provincia di Belluno, delegata all\u2019edilizia scolastica, che nei giorni scorsi ha concluso i sopralluoghi alle scuole superiori, con la visita agli istituti di Cortina e San Vito di Cadore. In particolare a Cortina la Provincia ha attivato alcuni cantieri nella struttura che ospita gli indirizzi di alberghiero e istituto d\u2019arte: i lavori di prevenzione incendi (con l\u2019eliminazione delle perline in legno, la realizzazione dei controsoffitti e l\u2019installazione di una scala antincendio) e la riqualificazione dell\u2019aula magna, per un investimento totale di circa 500mila euro. \u00ab<em>All\u2019istituto d\u2019arte, nell\u2019indirizzo art design, c\u2019\u00e8 un laboratorio di falegnameria in cui i ragazzi progettano e realizzano arredi per baite e case alpine, anche questo quindi \u00e8 un aspetto formativo fortemente territoriale e con ricadute pratiche per la montagna bellunese. Proprio per questo abbiamo la necessit\u00e0 di spingere sulla creazione di convitti d\u2019area, in modo da garantire non solo il diritto allo studio ai nostri ragazzi, permettendo loro di scegliere la scuola in base alle aspirazioni e non alla distanza da casa; ma anche per attrarre studenti da fuori provincia, interessati a sviluppare competenze attraverso percorsi di studio che le nostre scuole, pur piccole, possono offrire<\/em>\u00bb. Il\u00a0sopralluogo si \u00e8 concentrato anche nella sede del liceo classico di San Vito, dove sono previsti lavori al tetto e dove \u00e8 stato chiesto di razionalizzare gli spazi (oggi infatti la scuola occupa una parte realizzata negli anni Novanta pi\u00f9 alcune stanze nella parte \u201cvecchia\u201d, condivisa con le medie).\u00a0 Infine, la vice presidente ha concluso le visite alle scuole del capoluogo, con l\u2019istituto Catullo. \u00ab<em>Con questi sopralluoghi mi sono resa conto del patrimonio che abbiamo, ma anche delle richieste avanzate dai singoli istituti\u00bb conclude. \u00abOra con gli uffici stileremo le priorit\u00e0 e studieremo dove e come intervenire, in una visione a largo raggio che ci porti ad avere strutture accoglienti e funzionali alle esigenze della didattica<\/em>\u00bb.<\/p>\n<p>&nbsp;<\/p>\n\n\t\t\t<style type='text\/css'>\n\t\t\t\t#gallery-1 {\n\t\t\t\t\tmargin: auto;\n\t\t\t\t}\n\t\t\t\t#gallery-1 .gallery-item {\n\t\t\t\t\tfloat: left;\n\t\t\t\t\tmargin-top: 10px;\n\t\t\t\t\ttext-align: center;\n\t\t\t\t\twidth: 33%;\n\t\t\t\t}\n\t\t\t\t#gallery-1 img {\n\t\t\t\t\tborder: 2px solid #cfcfcf;\n\t\t\t\t}\n\t\t\t\t#gallery-1 .gallery-caption {\n\t\t\t\t\tmargin-left: 0;\n\t\t\t\t}\n\t\t\t\t\/* see gallery_shortcode() in wp-includes\/media.php *\/\n\t\t\t<\/style>\n\t\t<div id='gallery-1' class='dt-gallery-container gallery galleryid-280354 gallery-columns-3 gallery-size-thumbnail'><dl class='gallery-item'>\n\t\t\t\t<dt class='gallery-icon landscape'>\n\t\t\t\t\t<a class=\"rollover rollover-zoom dt-pswp-item\" title=\"Scuole, cantiere Cortina\" data-dt-img-description=\"\" data-large_image_width=\"2016\" data-large_image_height=\"1512\"href='https:\/\/www.radiopiu.net\/wordpress\/wp-content\/uploads\/2022\/06\/Scuole-cantiere-Cortina.jpg'><img loading=\"lazy\" decoding=\"async\" width=\"150\" height=\"150\" src=\"https:\/\/www.radiopiu.net\/wordpress\/wp-content\/uploads\/2022\/06\/Scuole-cantiere-Cortina-150x150.jpg\" class=\"attachment-thumbnail size-thumbnail\" alt=\"\" \/><\/a>\n\t\t\t\t<\/dt><\/dl><dl class='gallery-item'>\n\t\t\t\t<dt class='gallery-icon landscape'>\n\t\t\t\t\t<a class=\"rollover rollover-zoom dt-pswp-item\" title=\"Scuole, cantiere Cortina_2\" data-dt-img-description=\"\" data-large_image_width=\"2016\" data-large_image_height=\"1512\"href='https:\/\/www.radiopiu.net\/wordpress\/wp-content\/uploads\/2022\/06\/Scuole-cantiere-Cortina_2.jpg'><img loading=\"lazy\" decoding=\"async\" width=\"150\" height=\"150\" src=\"https:\/\/www.radiopiu.net\/wordpress\/wp-content\/uploads\/2022\/06\/Scuole-cantiere-Cortina_2-150x150.jpg\" class=\"attachment-thumbnail size-thumbnail\" alt=\"\" \/><\/a>\n\t\t\t\t<\/dt><\/dl><dl class='gallery-item'>\n\t\t\t\t<dt class='gallery-icon landscape'>\n\t\t\t\t\t<a class=\"rollover rollover-zoom dt-pswp-item\" title=\"Scuole, artistico Cortina\" data-dt-img-description=\"\" data-large_image_width=\"2016\" data-large_image_height=\"1512\"href='https:\/\/www.radiopiu.net\/wordpress\/wp-content\/uploads\/2022\/06\/Scuole-artistico-Cortina.jpg'><img loading=\"lazy\" decoding=\"async\" width=\"150\" height=\"150\" src=\"https:\/\/www.radiopiu.net\/wordpress\/wp-content\/uploads\/2022\/06\/Scuole-artistico-Cortina-150x150.jpg\" class=\"attachment-thumbnail size-thumbnail\" alt=\"\" \/><\/a>\n\t\t\t\t<\/dt><\/dl><br style=\"clear: both\" \/><dl class='gallery-item'>\n\t\t\t\t<dt class='gallery-icon landscape'>\n\t\t\t\t\t<a class=\"rollover rollover-zoom dt-pswp-item\" title=\"Scuole, alberghiero Cortina\" data-dt-img-description=\"\" data-large_image_width=\"2016\" data-large_image_height=\"1512\"href='https:\/\/www.radiopiu.net\/wordpress\/wp-content\/uploads\/2022\/06\/Scuole-alberghiero-Cortina.jpg'><img loading=\"lazy\" decoding=\"async\" width=\"150\" height=\"150\" src=\"https:\/\/www.radiopiu.net\/wordpress\/wp-content\/uploads\/2022\/06\/Scuole-alberghiero-Cortina-150x150.jpg\" class=\"attachment-thumbnail size-thumbnail\" alt=\"\" \/><\/a>\n\t\t\t\t<\/dt><\/dl><dl class='gallery-item'>\n\t\t\t\t<dt class='gallery-icon landscape'>\n\t\t\t\t\t<a class=\"rollover rollover-zoom dt-pswp-item\" title=\"Scuole, classico San Vito\" data-dt-img-description=\"\" data-large_image_width=\"1844\" data-large_image_height=\"1236\"href='https:\/\/www.radiopiu.net\/wordpress\/wp-content\/uploads\/2022\/06\/Scuole-classico-San-Vito.jpg'><img loading=\"lazy\" decoding=\"async\" width=\"150\" height=\"150\" src=\"https:\/\/www.radiopiu.net\/wordpress\/wp-content\/uploads\/2022\/06\/Scuole-classico-San-Vito-150x150.jpg\" class=\"attachment-thumbnail size-thumbnail\" alt=\"\" \/><\/a>\n\t\t\t\t<\/dt><\/dl><dl class='gallery-item'>\n\t\t\t\t<dt class='gallery-icon landscape'>\n\t\t\t\t\t<a class=\"rollover rollover-zoom dt-pswp-item\" title=\"Scuole, laboratorio falegnameria Cortina\" data-dt-img-description=\"\" data-large_image_width=\"2016\" data-large_image_height=\"1512\"href='https:\/\/www.radiopiu.net\/wordpress\/wp-content\/uploads\/2022\/06\/Scuole-laboratorio-falegnameria-Cortina.jpg'><img loading=\"lazy\" decoding=\"async\" width=\"150\" height=\"150\" src=\"https:\/\/www.radiopiu.net\/wordpress\/wp-content\/uploads\/2022\/06\/Scuole-laboratorio-falegnameria-Cortina-150x150.jpg\" class=\"attachment-thumbnail size-thumbnail\" alt=\"\" \/><\/a>\n\t\t\t\t<\/dt><\/dl><br style=\"clear: both\" \/>\n\t\t\t<\/div>\n\n<p>&nbsp;<\/p>\n<p>&nbsp;<\/p>\n<p>*****<\/p>\n","protected":false},"excerpt":{"rendered":"<p>BELLUNO \u00abAbbiamo scuole d\u2019eccellenza, con proposte didattiche di altissimo livello e nicchie tematiche di rilievo ultraprovinciale. Per renderle davvero attrattive, per\u00f2, servirebbe un\u2019offerta convittuale cos\u00ec da ospitare gli studenti che arrivano da lontano. Un discorso che vale soprattutto per Cortina, dove l\u2019alternativa al convitto non pu\u00f2 essere l\u2019affitto di un appartamento, visti i prezzi di&hellip;<\/p>\n","protected":false},"author":4,"featured_media":280355,"comment_status":"closed","ping_status":"closed","sticky":false,"template":"","format":"standard","meta":{"_monsterinsights_skip_tracking":false,"_monsterinsights_sitenote_active":false,"_monsterinsights_sitenote_note":"","_monsterinsights_sitenote_category":0,"footnotes":""},"categories":[49],"tags":[],"class_list":["post-280354","post","type-post","status-publish","format-standard","has-post-thumbnail","hentry","category-news-18","category-49","description-off"],"img_url":"https:\/\/www.radiopiu.net\/wordpress\/wp-content\/uploads\/2022\/06\/Scuole-laboratorio-falegnameria-Cortina.jpg","_links":{"self":[{"href":"https:\/\/www.radiopiu.net\/wordpress\/wp-json\/wp\/v2\/posts\/280354","targetHints":{"allow":["GET"]}}],"collection":[{"href":"https:\/\/www.radiopiu.net\/wordpress\/wp-json\/wp\/v2\/posts"}],"about":[{"href":"https:\/\/www.radiopiu.net\/wordpress\/wp-json\/wp\/v2\/types\/post"}],"author":[{"embeddable":true,"href":"https:\/\/www.radiopiu.net\/wordpress\/wp-json\/wp\/v2\/users\/4"}],"replies":[{"embeddable":true,"href":"https:\/\/www.radiopiu.net\/wordpress\/wp-json\/wp\/v2\/comments?post=280354"}],"version-history":[{"count":0,"href":"https:\/\/www.radiopiu.net\/wordpress\/wp-json\/wp\/v2\/posts\/280354\/revisions"}],"wp:featuredmedia":[{"embeddable":true,"href":"https:\/\/www.radiopiu.net\/wordpress\/wp-json\/wp\/v2\/media\/280355"}],"wp:attachment":[{"href":"https:\/\/www.radiopiu.net\/wordpress\/wp-json\/wp\/v2\/media?parent=280354"}],"wp:term":[{"taxonomy":"category","embeddable":true,"href":"https:\/\/www.radiopiu.net\/wordpress\/wp-json\/wp\/v2\/categories?post=280354"},{"taxonomy":"post_tag","embeddable":true,"href":"https:\/\/www.radiopiu.net\/wordpress\/wp-json\/wp\/v2\/tags?post=280354"}],"curies":[{"name":"wp","href":"https:\/\/api.w.org\/{rel}","templated":true}]}}