{"id":280387,"date":"2022-06-08T12:54:21","date_gmt":"2022-06-08T10:54:21","guid":{"rendered":"https:\/\/www.radiopiu.net\/wordpress\/?p=280387"},"modified":"2022-06-08T12:54:21","modified_gmt":"2022-06-08T10:54:21","slug":"nuova-tranche-di-contributi-statali-alle-fusioni-di-comuni-del-veneto-in-arrivo-11-milioni-di-euro","status":"publish","type":"post","link":"https:\/\/www.radiopiu.net\/wordpress\/nuova-tranche-di-contributi-statali-alle-fusioni-di-comuni-del-veneto-in-arrivo-11-milioni-di-euro\/","title":{"rendered":"NUOVA TRANCHE DI CONTRIBUTI STATALI ALLE FUSIONI DI COMUNI DEL VENETO: IN ARRIVO 11 MILIONI DI EURO"},"content":{"rendered":"<p><strong><a class=\"dt-pswp-item\" href=\"https:\/\/www.radiopiu.net\/wordpress\/wp-content\/uploads\/2021\/03\/THINK-THANK-NORD-EST.png\" data-dt-img-description=\"\" data-large_image_width=\"340\" data-large_image_height=\"292\"><img loading=\"lazy\" decoding=\"async\" class=\"size-thumbnail wp-image-197788 alignleft\" src=\"https:\/\/www.radiopiu.net\/wordpress\/wp-content\/uploads\/2021\/03\/THINK-THANK-NORD-EST-150x150.png\" alt=\"\" width=\"150\" height=\"150\" \/><\/a>VENEZIA <\/strong>E\u2019 stata stanziata pochi giorni fa, dal Ministero dell\u2019Interno, la nuova tranche di contributi statali dedicati alle fusioni di Comuni. Secondo l\u2019analisi della Fondazione Think Tank Nord Est, in Veneto arriveranno pi\u00f9 di 11 milioni di euro, per un totale di quasi 54 milioni di euro dal 2014 ad oggi. Solo 12 le aggregazioni cui sono destinati questi incentivi. Eppure, in Veneto, oltre la met\u00e0 dei Municipi ha meno di 5 mila abitanti e quindi sono molte le realt\u00e0 di piccole dimensioni che potrebbero valutare la fusione con i Comuni confinanti. Peraltro, nei piccoli Municipi anche la rappresentanza politica \u00e8 sempre pi\u00f9 difficile: basti pensare che alle elezioni amministrative in programma domenica prossima, in ben 17 Comuni veneti (su un totale di 86 al voto per l\u2019elezione del sindaco) si presenter\u00e0 un solo candidato: in caso di affluenza inferiore al 40% \u00e8 previsto il commissariamento. L\u2019aggregazione tra Municipi potrebbe ovviare a questo rischio, offrendo al contempo ai cittadini la possibilit\u00e0 di scegliere tra pi\u00f9 aspiranti alla carica di primo cittadino. I \u201ccandidati unici\u201d sono presenti in tutte le province: nel Bellunese, nel Padovano e nel Veronese sono 4; in provincia di Treviso sono 2; nel Rodigino, nel Veneziano e nel Vicentino si tratta invece di un solo caso. Borgo Valbelluna ottiene 1,9 milioni di euro, mentre ad Alpago e Longarone spettano 1,2 milioni di euro. Sommando tutte le erogazioni statali ricevute dal 2014 ad oggi, nelle casse di Longarone sono confluiti ben 8,8 milioni di euro, mentre 7,9 milioni di euro sono arrivati a Borgo Valbelluna e 7,2 milioni di euro sono stati ottenuti da Alpago. A Val di Zoldo, con 251 euro all\u2019anno per abitante, si registra il contributo pro capite pi\u00f9 alto, davanti a Valbrenta con 200 euro annui per cittadino, Longarone con 192 e Alpago con 181. Il dato medio, relativo a tutte le fusioni del Veneto, \u00e8 pari a 158 euro all\u2019anno per abitante. Borgo Valbelluna incassa invece il contributo medio annuo pi\u00f9 elevato, pari a quasi 2 milioni di euro, in quanto si tratta dell\u2019aggregazione che interessa il maggior numero di persone (13.441 abitanti al primo gennaio 2022). \u201c<em>La fusione dei piccoli Comuni \u00e8 una grande opportunit\u00e0 &#8211; spiega Antonio Ferrarelli, presidente della Fondazione Think Tank Nord Est &#8211; perch\u00e9 grazie alle risorse aggiuntive versate dallo Stato e dalla Regione si possono realizzare nuovi progetti e migliorare i servizi ai cittadini e alle imprese. L\u2019aggregazione va costruita dal basso, cercando di unire le comunit\u00e0 e le identit\u00e0 territoriali per raggiungere obiettivi importanti: il primo scopo della fusione deve essere quello di migliorare la vita dei cittadini, fornendo servizi di qualit\u00e0, ma anche contribuendo a creare opportunit\u00e0 di vita e di lavoro. Invitiamo i sindaci dei piccoli Comuni a diventare i promotori di un assetto amministrativo del territorio meno frammentato, abbattendo i confini tra Municipi e guidando le proprie comunit\u00e0 a superare le paure legate alla perdita del \u201ccampanile\u201d: mettersi insieme &#8211; conclude Ferrarelli &#8211; significa creare le premesse per poter affrontare le complesse sfide di oggi e costruire un futuro migliore<\/em>.\u201d<\/p>\n<p>&nbsp;<\/p>\n<p>&nbsp;<\/p>\n<p>*****<\/p>\n","protected":false},"excerpt":{"rendered":"<p>VENEZIA E\u2019 stata stanziata pochi giorni fa, dal Ministero dell\u2019Interno, la nuova tranche di contributi statali dedicati alle fusioni di Comuni. Secondo l\u2019analisi della Fondazione Think Tank Nord Est, in Veneto arriveranno pi\u00f9 di 11 milioni di euro, per un totale di quasi 54 milioni di euro dal 2014 ad oggi. Solo 12 le aggregazioni&hellip;<\/p>\n","protected":false},"author":4,"featured_media":146655,"comment_status":"closed","ping_status":"closed","sticky":false,"template":"","format":"standard","meta":{"_monsterinsights_skip_tracking":false,"_monsterinsights_sitenote_active":false,"_monsterinsights_sitenote_note":"","_monsterinsights_sitenote_category":0,"footnotes":""},"categories":[49],"tags":[],"class_list":["post-280387","post","type-post","status-publish","format-standard","has-post-thumbnail","hentry","category-news-18","category-49","description-off"],"img_url":"https:\/\/www.radiopiu.net\/wordpress\/wp-content\/uploads\/2020\/06\/vista-frontale-dei-soldi-della-holding-della-persona_23-2148547912.jpg","_links":{"self":[{"href":"https:\/\/www.radiopiu.net\/wordpress\/wp-json\/wp\/v2\/posts\/280387","targetHints":{"allow":["GET"]}}],"collection":[{"href":"https:\/\/www.radiopiu.net\/wordpress\/wp-json\/wp\/v2\/posts"}],"about":[{"href":"https:\/\/www.radiopiu.net\/wordpress\/wp-json\/wp\/v2\/types\/post"}],"author":[{"embeddable":true,"href":"https:\/\/www.radiopiu.net\/wordpress\/wp-json\/wp\/v2\/users\/4"}],"replies":[{"embeddable":true,"href":"https:\/\/www.radiopiu.net\/wordpress\/wp-json\/wp\/v2\/comments?post=280387"}],"version-history":[{"count":0,"href":"https:\/\/www.radiopiu.net\/wordpress\/wp-json\/wp\/v2\/posts\/280387\/revisions"}],"wp:featuredmedia":[{"embeddable":true,"href":"https:\/\/www.radiopiu.net\/wordpress\/wp-json\/wp\/v2\/media\/146655"}],"wp:attachment":[{"href":"https:\/\/www.radiopiu.net\/wordpress\/wp-json\/wp\/v2\/media?parent=280387"}],"wp:term":[{"taxonomy":"category","embeddable":true,"href":"https:\/\/www.radiopiu.net\/wordpress\/wp-json\/wp\/v2\/categories?post=280387"},{"taxonomy":"post_tag","embeddable":true,"href":"https:\/\/www.radiopiu.net\/wordpress\/wp-json\/wp\/v2\/tags?post=280387"}],"curies":[{"name":"wp","href":"https:\/\/api.w.org\/{rel}","templated":true}]}}