{"id":280405,"date":"2022-06-08T15:12:31","date_gmt":"2022-06-08T13:12:31","guid":{"rendered":"https:\/\/www.radiopiu.net\/wordpress\/?p=280405"},"modified":"2022-06-08T15:12:31","modified_gmt":"2022-06-08T13:12:31","slug":"olimpiadi-zaia-mette-nellasse-ereditario-le-comunita-che-verranno","status":"publish","type":"post","link":"https:\/\/www.radiopiu.net\/wordpress\/olimpiadi-zaia-mette-nellasse-ereditario-le-comunita-che-verranno\/","title":{"rendered":"OLIMPIADI, ZAIA METTE NELL&#8217;ASSE EREDITARIO LE COMUNITA&#8217; CHE VERRANNO"},"content":{"rendered":"<blockquote>\n<h3>GIOCHI MILANO-CORTINA 2026. IL PROGETTO PRENDE FORMA.<\/h3>\n<\/blockquote>\n\n\t\t\t<style type='text\/css'>\n\t\t\t\t#gallery-1 {\n\t\t\t\t\tmargin: auto;\n\t\t\t\t}\n\t\t\t\t#gallery-1 .gallery-item {\n\t\t\t\t\tfloat: left;\n\t\t\t\t\tmargin-top: 10px;\n\t\t\t\t\ttext-align: center;\n\t\t\t\t\twidth: 33%;\n\t\t\t\t}\n\t\t\t\t#gallery-1 img {\n\t\t\t\t\tborder: 2px solid #cfcfcf;\n\t\t\t\t}\n\t\t\t\t#gallery-1 .gallery-caption {\n\t\t\t\t\tmargin-left: 0;\n\t\t\t\t}\n\t\t\t\t\/* see gallery_shortcode() in wp-includes\/media.php *\/\n\t\t\t<\/style>\n\t\t<div id='gallery-1' class='dt-gallery-container gallery galleryid-280405 gallery-columns-3 gallery-size-thumbnail'><dl class='gallery-item'>\n\t\t\t\t<dt class='gallery-icon portrait'>\n\t\t\t\t\t<a class=\"rollover rollover-zoom dt-pswp-item\" title=\"MILANOCORTINA VIO COMPAGNONI VESSILLI\" data-dt-img-description=\"\" data-large_image_width=\"1200\" data-large_image_height=\"1600\"href='https:\/\/www.radiopiu.net\/wordpress\/wp-content\/uploads\/2022\/06\/MILANOCORTINA-VIO-COMPAGNONI-VESSILLI.jpg'><img loading=\"lazy\" decoding=\"async\" width=\"150\" height=\"150\" src=\"https:\/\/www.radiopiu.net\/wordpress\/wp-content\/uploads\/2022\/06\/MILANOCORTINA-VIO-COMPAGNONI-VESSILLI-150x150.jpg\" class=\"attachment-thumbnail size-thumbnail\" alt=\"\" \/><\/a>\n\t\t\t\t<\/dt><\/dl><dl class='gallery-item'>\n\t\t\t\t<dt class='gallery-icon landscape'>\n\t\t\t\t\t<a class=\"rollover rollover-zoom dt-pswp-item\" title=\"MILANOCORTINA 1\" data-dt-img-description=\"\" data-large_image_width=\"1024\" data-large_image_height=\"768\"href='https:\/\/www.radiopiu.net\/wordpress\/wp-content\/uploads\/2022\/06\/MILANOCORTINA-1.jpg'><img loading=\"lazy\" decoding=\"async\" width=\"150\" height=\"150\" src=\"https:\/\/www.radiopiu.net\/wordpress\/wp-content\/uploads\/2022\/06\/MILANOCORTINA-1-150x150.jpg\" class=\"attachment-thumbnail size-thumbnail\" alt=\"\" \/><\/a>\n\t\t\t\t<\/dt><\/dl><dl class='gallery-item'>\n\t\t\t\t<dt class='gallery-icon landscape'>\n\t\t\t\t\t<a class=\"rollover rollover-zoom dt-pswp-item\" title=\"MILANOCORTINA 2\" data-dt-img-description=\"\" data-large_image_width=\"1600\" data-large_image_height=\"1200\"href='https:\/\/www.radiopiu.net\/wordpress\/wp-content\/uploads\/2022\/06\/MILANOCORTINA-2.jpg'><img loading=\"lazy\" decoding=\"async\" width=\"150\" height=\"150\" src=\"https:\/\/www.radiopiu.net\/wordpress\/wp-content\/uploads\/2022\/06\/MILANOCORTINA-2-150x150.jpg\" class=\"attachment-thumbnail size-thumbnail\" alt=\"\" \/><\/a>\n\t\t\t\t<\/dt><\/dl><br style=\"clear: both\" \/>\n\t\t\t<\/div>\n\n<p><strong>VENEZIA<\/strong><em> \u201cDa oggi le Olimpiadi invernali entrano nel vivo. Abbiamo creato una bella squadra, la mia idea sta prendendo forma, e ora \u00e8 il momento di far conoscere a tutto il mondo il nostro progetto. Faccio un appello al Ministro Di Maio, che sono sicuro raccoglier\u00e0, visto il suo network: in tutte le ambasciate e in tutti gli eventi internazionali ci deve essere il brand dei Giochi. Se riusciamo a farlo, e non ho dubbi che non ce la faremo, quei 3 miliardi di persone che guarderanno Milano-Cortina 2026 saranno ancora pi\u00f9 attenti alle nostre comunit\u00e0. Perch\u00e9 noi stiamo investendo non solo per le Olimpiadi ma per quello che lasceranno in eredit\u00e0\u201d<\/em>. Con queste parole il Presidente della Regione Veneto \u00e8 intervenuto al convegno \u201cOlimpiadi e paralimpiadi Milano Cortina 2026.\u00a0 GianMario Verona, rettore dell\u2019Universit\u00e0 Bocconi di Milano, ha\u00a0 confermato i dati del 2019, usciti da uno studio sull\u2019impatto economico dei Giochi, realizzato in collaborazione con l\u2019universit\u00e0 di Venezia. In sintesi: Produzione attivata: +4.3 miliardi. Valore aggiunto generato: +2 miliardi. Gettito fiscale: +530 milioni. Occupazione: +36mila circa.<\/p>\n<p>&nbsp;<\/p>\n","protected":false},"excerpt":{"rendered":"<p>GIOCHI MILANO-CORTINA 2026. IL PROGETTO PRENDE FORMA. VENEZIA \u201cDa oggi le Olimpiadi invernali entrano nel vivo. Abbiamo creato una bella squadra, la mia idea sta prendendo forma, e ora \u00e8 il momento di far conoscere a tutto il mondo il nostro progetto. Faccio un appello al Ministro Di Maio, che sono sicuro raccoglier\u00e0, visto il&hellip;<\/p>\n","protected":false},"author":4,"featured_media":280403,"comment_status":"closed","ping_status":"closed","sticky":false,"template":"","format":"standard","meta":{"_monsterinsights_skip_tracking":false,"_monsterinsights_sitenote_active":false,"_monsterinsights_sitenote_note":"","_monsterinsights_sitenote_category":0,"footnotes":""},"categories":[49],"tags":[],"class_list":["post-280405","post","type-post","status-publish","format-standard","has-post-thumbnail","hentry","category-news-18","category-49","description-off"],"img_url":"https:\/\/www.radiopiu.net\/wordpress\/wp-content\/uploads\/2022\/06\/MILANOCORTINA-1.jpg","_links":{"self":[{"href":"https:\/\/www.radiopiu.net\/wordpress\/wp-json\/wp\/v2\/posts\/280405","targetHints":{"allow":["GET"]}}],"collection":[{"href":"https:\/\/www.radiopiu.net\/wordpress\/wp-json\/wp\/v2\/posts"}],"about":[{"href":"https:\/\/www.radiopiu.net\/wordpress\/wp-json\/wp\/v2\/types\/post"}],"author":[{"embeddable":true,"href":"https:\/\/www.radiopiu.net\/wordpress\/wp-json\/wp\/v2\/users\/4"}],"replies":[{"embeddable":true,"href":"https:\/\/www.radiopiu.net\/wordpress\/wp-json\/wp\/v2\/comments?post=280405"}],"version-history":[{"count":0,"href":"https:\/\/www.radiopiu.net\/wordpress\/wp-json\/wp\/v2\/posts\/280405\/revisions"}],"wp:featuredmedia":[{"embeddable":true,"href":"https:\/\/www.radiopiu.net\/wordpress\/wp-json\/wp\/v2\/media\/280403"}],"wp:attachment":[{"href":"https:\/\/www.radiopiu.net\/wordpress\/wp-json\/wp\/v2\/media?parent=280405"}],"wp:term":[{"taxonomy":"category","embeddable":true,"href":"https:\/\/www.radiopiu.net\/wordpress\/wp-json\/wp\/v2\/categories?post=280405"},{"taxonomy":"post_tag","embeddable":true,"href":"https:\/\/www.radiopiu.net\/wordpress\/wp-json\/wp\/v2\/tags?post=280405"}],"curies":[{"name":"wp","href":"https:\/\/api.w.org\/{rel}","templated":true}]}}