{"id":280475,"date":"2022-06-08T23:59:15","date_gmt":"2022-06-08T21:59:15","guid":{"rendered":"https:\/\/www.radiopiu.net\/wordpress\/?p=280475"},"modified":"2022-06-08T18:15:18","modified_gmt":"2022-06-08T16:15:18","slug":"comelico-la-voglia-di-restare-di-lucio-eicher-clere-nel-libro-belluno-viaggio-intorno-a-una-provincia","status":"publish","type":"post","link":"https:\/\/www.radiopiu.net\/wordpress\/comelico-la-voglia-di-restare-di-lucio-eicher-clere-nel-libro-belluno-viaggio-intorno-a-una-provincia\/","title":{"rendered":"&#8220;COMELICO. LA VOGLIA DI RESTARE&#8221; DI LUCIO EICHER CLERE NEL LIBRO &#8220;BELLUNO. VIAGGIO INTORNO A UNA PROVINCIA&#8221;"},"content":{"rendered":"<p><strong>di RENATO BONA<\/strong><\/p>\n<p>Prima e seconda edizione rispettivamente nel marzo ed agosto 1989 (fotolito Eurocrom Villorba, composizione tipografia Piave Belluno, stampa Graphic group Feltre) del bellissimo libro di oltre 250 pagine &#8220;Belluno. Viaggio intorno a una provincia&#8221; edito per l&#8217;Amministrazione provinciale bellunese dalla Libreria Pilotto editrice di Feltre, su progetto e coordinamento editoriale del giornalista Maurizio Busatta. Fotografie di Cadorin, Dalla Giustina, De Vido, Riva e Sovilla. Sotto il titolo &#8220;Una riflessione e un impegno&#8221; la Giunta provinciale dell&#8217;epoca puntualizzava che &#8220;Ai bellunesi \u00e8 dedicato questo lavoro per un momento di riflessione sulla civilt\u00e0, sulla storia, sulla cultura, sulle tradizioni oltrech\u00e9 sulle aspirazioni&#8221;. E a queste ultime si rivolgeva l&#8217;impegno della Provincia stessa, ente intermedio fra comunit\u00e0 montane, comuni e Regione Veneto, chiamati a collaborare &#8220;per attuare concreti interventi corrispondenti alle aspettative di tutta la popolazione bellunese&#8221;. Dal canto suo Busatta specificava: &#8220;&#8230; Le pagine che seguono non intendono affatto assolvere la funzione di guida. Scandite da fotografie che si possono gustare come un film, e scritte a pi\u00f9 mani, queste testimonianze offrono al lettore una serie di contributi che, pur articolati per area e quindi di fatto proposti sotto la forma di &#8216;baedeker&#8217; (guida tascabile per turisti . ndr.), tendono a raggiungere un obiettivo pi\u00f9 complesso: la scoperta, o meglio l&#8217;identificazione dei &#8216;caratteri originari&#8217; (sotto tutti i punti di vista) della Provincia di Belluno, del suo territorio, della sua gente&#8221;. E concludeva: &#8220;Un &#8216;viaggio&#8217;, il nostro, che comincia. Un sentiero che talvolta forse obbliga a cambiare passo (ma del resto non siamo in montagna?) e che alla fine, sinceramente, vorrebbe seminare spunti per ulteriori riflessioni&#8221;. Su &#8220;Le origini. Protostoria e storia antica&#8221; ha scritto Giovan Battista Pellegrini; su &#8220;Belluno. L&#8217;effetto citt\u00e0&#8221; Dino Conti; su &#8220;La valle del Piave, l\u00e0 dove muovevano le zattere, e Longarone, prima e dopo&#8221; Fiorello Zangrando il quale si \u00e8 poi impegnato per &#8220;Alpago, Un loggione sulla Val Belluna&#8221; e su &#8220;Il bosco dei Dogi&#8221;; lo stesso Busatta su &#8220;Tra Belluno e Feltre, il cuore dello sviluppo&#8221;. Ancora: su &#8220;Lettere ed arti. Presenze ed assenze&#8221; Silvio Guarnieri; su &#8220;Il Feltrino&#8221;, Una citt\u00e0 e un territorio ponte&#8221; Adriano Sernagiotto; su &#8220;Agordino. La nuova frontiera&#8221; Giuseppe Sorge; su &#8220;Societ\u00e0. La condizione migrante&#8221; Ulderico Bernardi; su &#8220;Zoldo. La valle del gelato chiama turismo&#8221; ancora Zangrando; su Istituzioni. La realt\u00e0 delle Regole&#8221; Gian Candido De Martin; su &#8220;Cadore. Acqua, legno e occhiali&#8221; Giancarlo Pagogna; su &#8220;Comelico, La voglia di restare&#8221; Lucio Eicher Clere; su &#8220;Valle del Boite. Lungo la Strada Regia e Cortina, la Tradizione&#8221; Mario Ferruccio Belli; su &#8220;Foto di gruppo. Una comunit\u00e0 che cresce&#8221; di nuovo Busatta. In questa occasione ci soffermiamo sul capitolo &#8220;Comelico. La voglia di restare&#8221; opera del caro amico di lunga data Lucio Eicher Clere del quale \u00e8 noto ed apprezzato l&#8217;impegno per concorrere alla valorizzazione e-o scoperta della cultura,e non solo, della terra dove vive. Eicher Clere esordisce richiamando il ritornello di una canzone popolare del Comelico: &#8220;Come \u00e8 bello il Comelico, se non ci fosse la strada della Valle sarebbe un Paradiso&#8221; per ricordare che &#8220;la strada dla Val&#8221; iniziata nel 1838 ed aperta nel 1840 era un incubo: definitivamente risolto dopo anni di attesa, con l&#8217;inaugurazione della grande galleria, il 31 luglio 1986: un tunnel di 4 chilometri sotto il monte Piedo &#8220;opera di portata storica per il Comelico: una finestra per guardare oltre&#8221;. L&#8217;autore si chiede a questo punto: &#8220;Fine di un isolamento?&#8221; per poi esporre una serie di situazioni sulla realt\u00e0 che &#8220;presenta le caratteristiche geografiche di valle separata, difficilmente accessibile, luogo di escursione, pi\u00f9 che di permanenza&#8221; e dunque propendere per una risposta negativa. Sta di fatto &#8211; \u00e8 ancora Lucio Eicher Clere a metterlo nero su bianco &#8211; che &#8220;Per amore o per necessit\u00e0 gli abitanti del Comelico si sono costruiti quest&#8217;angolo di vita con progressivi disboscamenti per creare spazio all&#8217;agricoltura ed all&#8217;allevamento, e lo hanno poi conservato in condizioni di obiettiva difficolt\u00e0&#8221;, eppure da questa terra non c&#8217;\u00e8 stato l&#8217;esodo, \u00e8 prevalsa la voglia di restare e la popolazione si \u00e8 stabilizzata sulle diecimila unit\u00e0 ed anche nei paesi pi\u00f9 piccoli &#8220;si assiste ad un fiorire di inizative che testimoniano la caparbia volont\u00e0 di ricercare soluzioni per rimanere&#8221;. Dopo fasi alterne che ad esempio a Costa (paese ricostruito con case in muratura dopo il devastante incendio del 1893, destino comune a quasi tutti i centri abitati del Comelico) vide l&#8217;agricoltura in profonda crisi per l&#8217;abbandono di molte delle forze giovani e produttive, con fienili chiusi e prati abbandonati, nel 1957 ecco l&#8217;idea: costituire una societ\u00e0 per l&#8217;incremento zootecnico, con lo scopo di rianimare l&#8217;economia rurale. E cos\u00ec alla crisi degli anni Sessanta subentr\u00f2 il realismo rappresentato dalla Regola, istituzione comunitaria nata &#8220;per la necessit\u00e0 economica di mantenere indivisi i boschi ed i pascoli per un migliore uso&#8221;. Ridando interesse all&#8217;impiego di giovani, donne ed anche anziani in agricoltura, con un&#8217;operazione valida anche dal punto di vista culturale&#8221;. E a proposito di cultura, Lucio Eicher Clere sottolinea che &#8220;Il ladino del Comelico \u00e8 vivo, perch\u00e9 parlato ancora dalla quasi totalit\u00e0 della popolazione. Ma rischia lo svuotamento di significato e l&#8217;inevitabile assorbimento nella lingua dominante&#8221;. Pericolo avvertito in particolare a Costalta dove &#8220;\u00e8 maturata la proposta di non limitare la ricerca al passato ma di estenderla alla creazione di testi poetici, racconti e canzoni che non guardino nostalgicamente al tempo andato ma parlino dell&#8217;oggi&#8221;. Conclude dando spazio al &#8220;Turismo a misura di paese&#8221; e citando Sappada (all&#8217;epoca non ancora passata nella Regione Friuli Venezia Giulia . ndr.) &#8220;che ormai gode di fama internazionale ma conserva abbastanza gelosamente le particolarit\u00e0 ambientali accanto a quelle etnico-culturali; e conVal Visdende &#8220;esempio di terra, seppure disagiata e provata dalle calamit\u00e0 naturali e dalla negligenza umana, che ha conservato una integrit\u00e0 invidiabile&#8221;.<\/p>\n\n\t\t\t<style type='text\/css'>\n\t\t\t\t#gallery-1 {\n\t\t\t\t\tmargin: auto;\n\t\t\t\t}\n\t\t\t\t#gallery-1 .gallery-item {\n\t\t\t\t\tfloat: left;\n\t\t\t\t\tmargin-top: 10px;\n\t\t\t\t\ttext-align: center;\n\t\t\t\t\twidth: 25%;\n\t\t\t\t}\n\t\t\t\t#gallery-1 img {\n\t\t\t\t\tborder: 2px solid #cfcfcf;\n\t\t\t\t}\n\t\t\t\t#gallery-1 .gallery-caption {\n\t\t\t\t\tmargin-left: 0;\n\t\t\t\t}\n\t\t\t\t\/* see gallery_shortcode() in wp-includes\/media.php *\/\n\t\t\t<\/style>\n\t\t<div id='gallery-1' class='dt-gallery-container gallery galleryid-280475 gallery-columns-4 gallery-size-thumbnail'><dl class='gallery-item'>\n\t\t\t\t<dt class='gallery-icon portrait'>\n\t\t\t\t\t<a class=\"rollover\" href='https:\/\/www.radiopiu.net\/wordpress\/giornale-radiopiu-09-giugno-2022-direttore-mirko-mezzacasa\/285827046_691404622141129_3026976447909911878_n\/'><img loading=\"lazy\" decoding=\"async\" width=\"150\" height=\"150\" src=\"https:\/\/www.radiopiu.net\/wordpress\/wp-content\/uploads\/2022\/06\/285827046_691404622141129_3026976447909911878_n-150x150.jpg\" class=\"attachment-thumbnail size-thumbnail\" alt=\"\" \/><\/a>\n\t\t\t\t<\/dt><\/dl><dl class='gallery-item'>\n\t\t\t\t<dt class='gallery-icon landscape'>\n\t\t\t\t\t<a class=\"rollover\" href='https:\/\/www.radiopiu.net\/wordpress\/giornale-radiopiu-09-giugno-2022-direttore-mirko-mezzacasa\/286020933_1051120925783260_4031463340525110779_n\/'><img loading=\"lazy\" decoding=\"async\" width=\"150\" height=\"150\" src=\"https:\/\/www.radiopiu.net\/wordpress\/wp-content\/uploads\/2022\/06\/286020933_1051120925783260_4031463340525110779_n-150x150.jpg\" class=\"attachment-thumbnail size-thumbnail\" alt=\"\" \/><\/a>\n\t\t\t\t<\/dt><\/dl><dl class='gallery-item'>\n\t\t\t\t<dt class='gallery-icon landscape'>\n\t\t\t\t\t<a class=\"rollover\" href='https:\/\/www.radiopiu.net\/wordpress\/giornale-radiopiu-09-giugno-2022-direttore-mirko-mezzacasa\/286014829_410737850773952_2583395827770278948_n\/'><img loading=\"lazy\" decoding=\"async\" width=\"150\" height=\"150\" src=\"https:\/\/www.radiopiu.net\/wordpress\/wp-content\/uploads\/2022\/06\/286014829_410737850773952_2583395827770278948_n-150x150.jpg\" class=\"attachment-thumbnail size-thumbnail\" alt=\"\" \/><\/a>\n\t\t\t\t<\/dt><\/dl><dl class='gallery-item'>\n\t\t\t\t<dt class='gallery-icon portrait'>\n\t\t\t\t\t<a class=\"rollover\" href='https:\/\/www.radiopiu.net\/wordpress\/giornale-radiopiu-09-giugno-2022-direttore-mirko-mezzacasa\/286140681_534914568149524_6649883376403137550_n\/'><img loading=\"lazy\" decoding=\"async\" width=\"150\" height=\"150\" src=\"https:\/\/www.radiopiu.net\/wordpress\/wp-content\/uploads\/2022\/06\/286140681_534914568149524_6649883376403137550_n-150x150.jpg\" class=\"attachment-thumbnail size-thumbnail\" alt=\"\" \/><\/a>\n\t\t\t\t<\/dt><\/dl><br style=\"clear: both\" \/><dl class='gallery-item'>\n\t\t\t\t<dt class='gallery-icon landscape'>\n\t\t\t\t\t<a class=\"rollover\" href='https:\/\/www.radiopiu.net\/wordpress\/giornale-radiopiu-09-giugno-2022-direttore-mirko-mezzacasa\/285992416_687687058998160_722732849086170953_n\/'><img loading=\"lazy\" decoding=\"async\" width=\"150\" height=\"150\" src=\"https:\/\/www.radiopiu.net\/wordpress\/wp-content\/uploads\/2022\/06\/285992416_687687058998160_722732849086170953_n-150x150.jpg\" class=\"attachment-thumbnail size-thumbnail\" alt=\"\" \/><\/a>\n\t\t\t\t<\/dt><\/dl><dl class='gallery-item'>\n\t\t\t\t<dt class='gallery-icon portrait'>\n\t\t\t\t\t<a class=\"rollover\" href='https:\/\/www.radiopiu.net\/wordpress\/giornale-radiopiu-09-giugno-2022-direttore-mirko-mezzacasa\/286095996_331265515852585_5702622804091424868_n\/'><img loading=\"lazy\" decoding=\"async\" width=\"150\" height=\"150\" src=\"https:\/\/www.radiopiu.net\/wordpress\/wp-content\/uploads\/2022\/06\/286095996_331265515852585_5702622804091424868_n-150x150.jpg\" class=\"attachment-thumbnail size-thumbnail\" alt=\"\" \/><\/a>\n\t\t\t\t<\/dt><\/dl><dl class='gallery-item'>\n\t\t\t\t<dt class='gallery-icon portrait'>\n\t\t\t\t\t<a class=\"rollover\" href='https:\/\/www.radiopiu.net\/wordpress\/giornale-radiopiu-09-giugno-2022-direttore-mirko-mezzacasa\/285797776_1501251343637392_2049287479299367177_n\/'><img loading=\"lazy\" decoding=\"async\" width=\"150\" height=\"150\" src=\"https:\/\/www.radiopiu.net\/wordpress\/wp-content\/uploads\/2022\/06\/285797776_1501251343637392_2049287479299367177_n-150x150.jpg\" class=\"attachment-thumbnail size-thumbnail\" alt=\"\" \/><\/a>\n\t\t\t\t<\/dt><\/dl><dl class='gallery-item'>\n\t\t\t\t<dt class='gallery-icon landscape'>\n\t\t\t\t\t<a class=\"rollover\" href='https:\/\/www.radiopiu.net\/wordpress\/giornale-radiopiu-09-giugno-2022-direttore-mirko-mezzacasa\/285932024_1067329027525523_6916922876068044832_n\/'><img loading=\"lazy\" decoding=\"async\" width=\"150\" height=\"150\" src=\"https:\/\/www.radiopiu.net\/wordpress\/wp-content\/uploads\/2022\/06\/285932024_1067329027525523_6916922876068044832_n-150x150.jpg\" class=\"attachment-thumbnail size-thumbnail\" alt=\"\" \/><\/a>\n\t\t\t\t<\/dt><\/dl><br style=\"clear: both\" \/><dl class='gallery-item'>\n\t\t\t\t<dt class='gallery-icon landscape'>\n\t\t\t\t\t<a class=\"rollover\" href='https:\/\/www.radiopiu.net\/wordpress\/giornale-radiopiu-09-giugno-2022-direttore-mirko-mezzacasa\/285817880_359918786050057_4810997114850172550_n\/'><img loading=\"lazy\" decoding=\"async\" width=\"150\" height=\"150\" src=\"https:\/\/www.radiopiu.net\/wordpress\/wp-content\/uploads\/2022\/06\/285817880_359918786050057_4810997114850172550_n-150x150.jpg\" class=\"attachment-thumbnail size-thumbnail\" alt=\"\" \/><\/a>\n\t\t\t\t<\/dt><\/dl><dl class='gallery-item'>\n\t\t\t\t<dt class='gallery-icon landscape'>\n\t\t\t\t\t<a class=\"rollover\" href='https:\/\/www.radiopiu.net\/wordpress\/giornale-radiopiu-09-giugno-2022-direttore-mirko-mezzacasa\/285808983_376454361129701_4919178647763981612_n\/'><img loading=\"lazy\" decoding=\"async\" width=\"150\" height=\"150\" src=\"https:\/\/www.radiopiu.net\/wordpress\/wp-content\/uploads\/2022\/06\/285808983_376454361129701_4919178647763981612_n-150x150.jpg\" class=\"attachment-thumbnail size-thumbnail\" alt=\"\" \/><\/a>\n\t\t\t\t<\/dt><\/dl><dl class='gallery-item'>\n\t\t\t\t<dt class='gallery-icon portrait'>\n\t\t\t\t\t<a class=\"rollover\" href='https:\/\/www.radiopiu.net\/wordpress\/giornale-radiopiu-09-giugno-2022-direttore-mirko-mezzacasa\/285986434_764146744741728_1867339707064189261_n\/'><img loading=\"lazy\" decoding=\"async\" width=\"149\" height=\"150\" src=\"https:\/\/www.radiopiu.net\/wordpress\/wp-content\/uploads\/2022\/06\/285986434_764146744741728_1867339707064189261_n-149x150.jpg\" class=\"attachment-thumbnail size-thumbnail\" alt=\"\" \/><\/a>\n\t\t\t\t<\/dt><\/dl><dl class='gallery-item'>\n\t\t\t\t<dt class='gallery-icon landscape'>\n\t\t\t\t\t<a class=\"rollover\" href='https:\/\/www.radiopiu.net\/wordpress\/giornale-radiopiu-09-giugno-2022-direttore-mirko-mezzacasa\/285810690_433867451890215_1738385441634731249_n\/'><img loading=\"lazy\" decoding=\"async\" width=\"150\" height=\"150\" src=\"https:\/\/www.radiopiu.net\/wordpress\/wp-content\/uploads\/2022\/06\/285810690_433867451890215_1738385441634731249_n-150x150.jpg\" class=\"attachment-thumbnail size-thumbnail\" alt=\"\" \/><\/a>\n\t\t\t\t<\/dt><\/dl><br style=\"clear: both\" \/>\n\t\t\t<\/div>\n\n<p>NELLE FOTO (riproduzioni dal libro &#8220;Belluno. Viaggio intorno a una provincia&#8221; e Google): Lucio Eicher Clere, autore del capitolo dedicato al Comelico; Palazzo Poli De Pol a San Pietro di Cadore; panoramica di Santo Stefano di Cadore; Danta, appollaiata in cima al colle; palazzo patrizio di Candide; San Nicol\u00f2; Dosoledo nel Comelico di Sopra; covoni di fieno a San Pietro di Cadore; la macchina del tempo nelle valli del Comelico ruota attorno a un microcosmo peculiare che attinge al codice genetico di timbro ladino; primavera a Sappada in festa; boschi d&#8217;abete; forte la &#8220;magia verde&#8221; della Val Visdende.<\/p>\n","protected":false},"excerpt":{"rendered":"<p>di RENATO BONA Prima e seconda edizione rispettivamente nel marzo ed agosto 1989 (fotolito Eurocrom Villorba, composizione tipografia Piave Belluno, stampa Graphic group Feltre) del bellissimo libro di oltre 250 pagine &#8220;Belluno. Viaggio intorno a una provincia&#8221; edito per l&#8217;Amministrazione provinciale bellunese dalla Libreria Pilotto editrice di Feltre, su progetto e coordinamento editoriale del giornalista&hellip;<\/p>\n","protected":false},"author":4,"featured_media":280465,"comment_status":"closed","ping_status":"closed","sticky":false,"template":"","format":"standard","meta":{"_monsterinsights_skip_tracking":false,"_monsterinsights_sitenote_active":false,"_monsterinsights_sitenote_note":"","_monsterinsights_sitenote_category":0,"footnotes":""},"categories":[104,49],"tags":[],"class_list":["post-280475","post","type-post","status-publish","format-standard","has-post-thumbnail","hentry","category-evidenza_3","category-news-18","category-104","category-49","description-off"],"img_url":"https:\/\/www.radiopiu.net\/wordpress\/wp-content\/uploads\/2022\/06\/285827046_691404622141129_3026976447909911878_n.jpg","_links":{"self":[{"href":"https:\/\/www.radiopiu.net\/wordpress\/wp-json\/wp\/v2\/posts\/280475","targetHints":{"allow":["GET"]}}],"collection":[{"href":"https:\/\/www.radiopiu.net\/wordpress\/wp-json\/wp\/v2\/posts"}],"about":[{"href":"https:\/\/www.radiopiu.net\/wordpress\/wp-json\/wp\/v2\/types\/post"}],"author":[{"embeddable":true,"href":"https:\/\/www.radiopiu.net\/wordpress\/wp-json\/wp\/v2\/users\/4"}],"replies":[{"embeddable":true,"href":"https:\/\/www.radiopiu.net\/wordpress\/wp-json\/wp\/v2\/comments?post=280475"}],"version-history":[{"count":0,"href":"https:\/\/www.radiopiu.net\/wordpress\/wp-json\/wp\/v2\/posts\/280475\/revisions"}],"wp:featuredmedia":[{"embeddable":true,"href":"https:\/\/www.radiopiu.net\/wordpress\/wp-json\/wp\/v2\/media\/280465"}],"wp:attachment":[{"href":"https:\/\/www.radiopiu.net\/wordpress\/wp-json\/wp\/v2\/media?parent=280475"}],"wp:term":[{"taxonomy":"category","embeddable":true,"href":"https:\/\/www.radiopiu.net\/wordpress\/wp-json\/wp\/v2\/categories?post=280475"},{"taxonomy":"post_tag","embeddable":true,"href":"https:\/\/www.radiopiu.net\/wordpress\/wp-json\/wp\/v2\/tags?post=280475"}],"curies":[{"name":"wp","href":"https:\/\/api.w.org\/{rel}","templated":true}]}}