{"id":280495,"date":"2022-06-08T21:18:30","date_gmt":"2022-06-08T19:18:30","guid":{"rendered":"https:\/\/www.radiopiu.net\/wordpress\/?p=280495"},"modified":"2022-06-09T16:43:07","modified_gmt":"2022-06-09T14:43:07","slug":"in-carcere-carenza-organica-per-la-penitenziaria-situazione-insostenibile","status":"publish","type":"post","link":"https:\/\/www.radiopiu.net\/wordpress\/in-carcere-carenza-organica-per-la-penitenziaria-situazione-insostenibile\/","title":{"rendered":"IN CARCERE CARENZA ORGANICA, PER LA PENITENZIARIA SITUAZIONE INSOSTENIBILE"},"content":{"rendered":"<p><strong><img loading=\"lazy\" decoding=\"async\" class=\"alignleft\" src=\"https:\/\/www.radiopiu.net\/wordpress\/wp-content\/uploads\/2021\/07\/image-2.jpg\" width=\"285\" height=\"160\" \/>BELLUNO<\/strong> Il terzo giorno per la FP CGIL nelle Carceri Venete, dopo Verona, Vicenza oggi la delegazione \u00e8 approdata a Belluno. A parlare \u00e8 Giampiero Pegoraro FP CGIL Veneto per la Polizia Penitenziaria che esprime solidariet\u00e0 forti perplessit\u00e0 sulla sicurezza del Carcere Bellunese.<em> &#8220;Dopo tre giorni nelle carceri venete, ci auspichiamo che non avvengano ulteriori eventi critici che compromettono l&#8217;ordine, la sicurezza e incolumit\u00e0 di lavoratrici e lavoratori&#8221; &#8211;<\/em> continua Andrea Fiocco FP CGIL Provinciale Belluno<\/p>\n<blockquote><p><em>&#8220;Urgono immediati interventi che tutelino concretamente il personale della Polizia Penitenziaria, adeguare una struttura come quella Bellunese agli standard delle Carceri Europee \u2013 aggiunge Mirko Manna FP CGIL Nazionale &#8211; Non possiamo pi\u00f9 accettare che mentre la politica e la Ministra parlino di Casa dell\u2019Amore, le Carceri Italiane sono ancora strutture obsolete ed inadeguate che minano la dignit\u00e0 umana. Ci aspettavamo un cambiamento dopo la sentenza Torregiani e con l\u2019arrivo della Ministra Cartabia; invece, continuiamo ad assistere a teatrini politici, super commissioni, gruppi di lavoro, ma nulla di fatto. Se \u00e8 vero che Il grado di civilt\u00e0 di un Paese si misura osservando la condizione delle sue carceri\u201d, diceva Voltaire, verrebbe da pensare che la frase non l&#8217;abbia mai letta nessuno vista la situazione carceraria in Italia&#8221;<\/em><\/p><\/blockquote>\n<p>ALLA RADIO, ANDREA FIOCCO<\/p>\n<audio class=\"wp-audio-shortcode\" id=\"audio-280495-1\" preload=\"none\" style=\"width: 100%;\" controls=\"controls\"><source type=\"audio\/mpeg\" src=\"https:\/\/www.radiopiu.net\/wordpress\/wp-content\/uploads\/2022\/06\/ANDREA-FIOCCO.mp3?_=1\" \/><a href=\"https:\/\/www.radiopiu.net\/wordpress\/wp-content\/uploads\/2022\/06\/ANDREA-FIOCCO.mp3\">https:\/\/www.radiopiu.net\/wordpress\/wp-content\/uploads\/2022\/06\/ANDREA-FIOCCO.mp3<\/a><\/audio>\n<p>&nbsp;<\/p>\n<p>&nbsp;<\/p>\n<p>&#8212;<\/p>\n","protected":false},"excerpt":{"rendered":"<p>BELLUNO Il terzo giorno per la FP CGIL nelle Carceri Venete, dopo Verona, Vicenza oggi la delegazione \u00e8 approdata a Belluno. A parlare \u00e8 Giampiero Pegoraro FP CGIL Veneto per la Polizia Penitenziaria che esprime solidariet\u00e0 forti perplessit\u00e0 sulla sicurezza del Carcere Bellunese. &#8220;Dopo tre giorni nelle carceri venete, ci auspichiamo che non avvengano ulteriori&hellip;<\/p>\n","protected":false},"author":4,"featured_media":224354,"comment_status":"closed","ping_status":"closed","sticky":false,"template":"","format":"standard","meta":{"_monsterinsights_skip_tracking":false,"_monsterinsights_sitenote_active":false,"_monsterinsights_sitenote_note":"","_monsterinsights_sitenote_category":0,"footnotes":""},"categories":[51,49],"tags":[],"class_list":["post-280495","post","type-post","status-publish","format-standard","has-post-thumbnail","hentry","category-evidenza-top","category-news-18","category-51","category-49","description-off"],"img_url":"https:\/\/www.radiopiu.net\/wordpress\/wp-content\/uploads\/2021\/07\/image-2.jpg","_links":{"self":[{"href":"https:\/\/www.radiopiu.net\/wordpress\/wp-json\/wp\/v2\/posts\/280495","targetHints":{"allow":["GET"]}}],"collection":[{"href":"https:\/\/www.radiopiu.net\/wordpress\/wp-json\/wp\/v2\/posts"}],"about":[{"href":"https:\/\/www.radiopiu.net\/wordpress\/wp-json\/wp\/v2\/types\/post"}],"author":[{"embeddable":true,"href":"https:\/\/www.radiopiu.net\/wordpress\/wp-json\/wp\/v2\/users\/4"}],"replies":[{"embeddable":true,"href":"https:\/\/www.radiopiu.net\/wordpress\/wp-json\/wp\/v2\/comments?post=280495"}],"version-history":[{"count":0,"href":"https:\/\/www.radiopiu.net\/wordpress\/wp-json\/wp\/v2\/posts\/280495\/revisions"}],"wp:featuredmedia":[{"embeddable":true,"href":"https:\/\/www.radiopiu.net\/wordpress\/wp-json\/wp\/v2\/media\/224354"}],"wp:attachment":[{"href":"https:\/\/www.radiopiu.net\/wordpress\/wp-json\/wp\/v2\/media?parent=280495"}],"wp:term":[{"taxonomy":"category","embeddable":true,"href":"https:\/\/www.radiopiu.net\/wordpress\/wp-json\/wp\/v2\/categories?post=280495"},{"taxonomy":"post_tag","embeddable":true,"href":"https:\/\/www.radiopiu.net\/wordpress\/wp-json\/wp\/v2\/tags?post=280495"}],"curies":[{"name":"wp","href":"https:\/\/api.w.org\/{rel}","templated":true}]}}