{"id":280510,"date":"2022-06-09T05:31:28","date_gmt":"2022-06-09T03:31:28","guid":{"rendered":"https:\/\/www.radiopiu.net\/wordpress\/?p=280510"},"modified":"2022-06-09T05:37:06","modified_gmt":"2022-06-09T03:37:06","slug":"ismail-e-morto-sotto-le-bombe-americane-in-siria","status":"publish","type":"post","link":"https:\/\/www.radiopiu.net\/wordpress\/ismail-e-morto-sotto-le-bombe-americane-in-siria\/","title":{"rendered":"ISMAIL E&#8217; MORTO SOTTO LE BOMBE AMERICANE IN SIRIA"},"content":{"rendered":"<p><strong>OGGI SUL CORRIERE DELLE ALPI<\/strong><\/p>\n<p><strong>DI GIGI SOSSO<\/strong><\/p>\n<p><strong>BELLUNO<\/strong> Il piccolo Ismail non c&#8217;\u00e8 pi\u00f9. La speranza di rivederlo a Longarone, dalla sua mamma Lidia Solano Herrera, \u00e8 tramontata per sempre.All&#8217;intelligence bosniaca risulta morto il 19 dicembre 2018, sotto un bombardamento americano a Baguz, in Siria. Aveva appena due anni e un sorriso dolcissimo, quando il padre Ismar Mesinovic l&#8217;aveva portato in Medio Oriente per farne un futuro soldato dello Stato islamico. L&#8217;imbianchino di origine bosniaca era partito nel novembre 2013, insieme al macedone Munifer Karamaleski e la sua famiglia, per andare a combattere nelle milizie del califfato nero. Oggi il quotidiano bellunese ricostruisce la triste vicenda e l&#8217;ultimo viaggio del piccolo, nelle testimonianze il sindaco di Ponte nelle Alpi &#8220;Dolore tremendo per la povera mamma Lidia&#8221;.<\/p>\n<p><a class=\"dt-pswp-item\" href=\"https:\/\/www.radiopiu.net\/wordpress\/wp-content\/uploads\/2022\/06\/aaa-5.jpg\" data-dt-img-description=\"\" data-large_image_width=\"253\" data-large_image_height=\"145\"><img loading=\"lazy\" decoding=\"async\" class=\"alignnone wp-image-280511 size-full\" src=\"https:\/\/www.radiopiu.net\/wordpress\/wp-content\/uploads\/2022\/06\/aaa-5.jpg\" alt=\"\" width=\"253\" height=\"145\" \/><\/a><\/p>\n","protected":false},"excerpt":{"rendered":"<p>OGGI SUL CORRIERE DELLE ALPI DI GIGI SOSSO BELLUNO Il piccolo Ismail non c&#8217;\u00e8 pi\u00f9. La speranza di rivederlo a Longarone, dalla sua mamma Lidia Solano Herrera, \u00e8 tramontata per sempre.All&#8217;intelligence bosniaca risulta morto il 19 dicembre 2018, sotto un bombardamento americano a Baguz, in Siria. Aveva appena due anni e un sorriso dolcissimo, quando&hellip;<\/p>\n","protected":false},"author":4,"featured_media":280511,"comment_status":"closed","ping_status":"closed","sticky":false,"template":"","format":"standard","meta":{"_monsterinsights_skip_tracking":false,"_monsterinsights_sitenote_active":false,"_monsterinsights_sitenote_note":"","_monsterinsights_sitenote_category":0,"footnotes":""},"categories":[51,49],"tags":[],"class_list":["post-280510","post","type-post","status-publish","format-standard","has-post-thumbnail","hentry","category-evidenza-top","category-news-18","category-51","category-49","description-off"],"img_url":"https:\/\/www.radiopiu.net\/wordpress\/wp-content\/uploads\/2022\/06\/aaa-5.jpg","_links":{"self":[{"href":"https:\/\/www.radiopiu.net\/wordpress\/wp-json\/wp\/v2\/posts\/280510","targetHints":{"allow":["GET"]}}],"collection":[{"href":"https:\/\/www.radiopiu.net\/wordpress\/wp-json\/wp\/v2\/posts"}],"about":[{"href":"https:\/\/www.radiopiu.net\/wordpress\/wp-json\/wp\/v2\/types\/post"}],"author":[{"embeddable":true,"href":"https:\/\/www.radiopiu.net\/wordpress\/wp-json\/wp\/v2\/users\/4"}],"replies":[{"embeddable":true,"href":"https:\/\/www.radiopiu.net\/wordpress\/wp-json\/wp\/v2\/comments?post=280510"}],"version-history":[{"count":0,"href":"https:\/\/www.radiopiu.net\/wordpress\/wp-json\/wp\/v2\/posts\/280510\/revisions"}],"wp:featuredmedia":[{"embeddable":true,"href":"https:\/\/www.radiopiu.net\/wordpress\/wp-json\/wp\/v2\/media\/280511"}],"wp:attachment":[{"href":"https:\/\/www.radiopiu.net\/wordpress\/wp-json\/wp\/v2\/media?parent=280510"}],"wp:term":[{"taxonomy":"category","embeddable":true,"href":"https:\/\/www.radiopiu.net\/wordpress\/wp-json\/wp\/v2\/categories?post=280510"},{"taxonomy":"post_tag","embeddable":true,"href":"https:\/\/www.radiopiu.net\/wordpress\/wp-json\/wp\/v2\/tags?post=280510"}],"curies":[{"name":"wp","href":"https:\/\/api.w.org\/{rel}","templated":true}]}}