{"id":280534,"date":"2022-06-10T05:42:05","date_gmt":"2022-06-10T03:42:05","guid":{"rendered":"https:\/\/www.radiopiu.net\/wordpress\/?p=280534"},"modified":"2022-06-10T05:50:29","modified_gmt":"2022-06-10T03:50:29","slug":"approvata-la-nuova-cabinovia-di-malga-ciapela","status":"publish","type":"post","link":"https:\/\/www.radiopiu.net\/wordpress\/approvata-la-nuova-cabinovia-di-malga-ciapela\/","title":{"rendered":"APPROVATA LA NUOVA CABINOVIA DI MALGA CIAPELA"},"content":{"rendered":"<blockquote><p><em>In dirittura d\u2019arrivo l\u2019iter progettuale per la realizzazione del nuovo impianto di Funivie Arabba che ha come obiettivo quello di avvicinare Malga Ciapela alla Sellaronda, favorendo il rilancio turistico della zona di Marmolada<\/em><\/p><\/blockquote>\n<p><strong><a class=\"dt-pswp-item\" href=\"https:\/\/www.radiopiu.net\/wordpress\/wp-content\/uploads\/2022\/06\/Cabinovia-Malga-Ciapela-2.jpeg\" data-dt-img-description=\"\" data-large_image_width=\"2560\" data-large_image_height=\"1459\"><img loading=\"lazy\" decoding=\"async\" class=\"wp-image-280535  alignleft\" src=\"https:\/\/www.radiopiu.net\/wordpress\/wp-content\/uploads\/2022\/06\/Cabinovia-Malga-Ciapela-2.jpeg\" alt=\"\" width=\"277\" height=\"158\" srcset=\"https:\/\/www.radiopiu.net\/wordpress\/wp-content\/uploads\/2022\/06\/Cabinovia-Malga-Ciapela-2.jpeg 2560w, https:\/\/www.radiopiu.net\/wordpress\/wp-content\/uploads\/2022\/06\/Cabinovia-Malga-Ciapela-2-300x171.jpeg 300w, https:\/\/www.radiopiu.net\/wordpress\/wp-content\/uploads\/2022\/06\/Cabinovia-Malga-Ciapela-2-1024x584.jpeg 1024w, https:\/\/www.radiopiu.net\/wordpress\/wp-content\/uploads\/2022\/06\/Cabinovia-Malga-Ciapela-2-768x438.jpeg 768w, https:\/\/www.radiopiu.net\/wordpress\/wp-content\/uploads\/2022\/06\/Cabinovia-Malga-Ciapela-2-1536x875.jpeg 1536w, https:\/\/www.radiopiu.net\/wordpress\/wp-content\/uploads\/2022\/06\/Cabinovia-Malga-Ciapela-2-2048x1167.jpeg 2048w\" sizes=\"auto, (max-width: 277px) 100vw, 277px\" \/><\/a>ROCCA PIETORE<\/strong> Durante la conferenza dei servizi svoltasi lo scorso 31 maggio in Provincia di Belluno non sono state rilevate criticit\u00e0 al nulla osta per la costruzione della cabinovia \u201cMalga Ciapela \u2013 Capanna Bill\u201d: rimangono solamente da chiarire alcuni dettagli riguardanti le piste di raccordo con la societ\u00e0 Marmolada S.r.l., proprietaria dell\u2019omonima Funivia che permette di raggiungere la cima pi\u00f9 alta delle Dolomiti. Problematica che ci si augura tuttavia di risolvere in tempi molto brevi, considerata la disponibilit\u00e0 delle parti coinvolte nel condurre a buon fine questo importante intervento che risulta fondamentale per l\u2019intera comunit\u00e0 di Rocca Pietore. Da anni nell\u2019aria, soltanto nel 2019 &#8211; con l\u2019arrivo di Funivie Arabba in posizione di controllo della societ\u00e0 Padon Marmolada S.r.l. &#8211; l\u2019intervento si \u00e8 finalmente concretizzato grazie alla collaborazione dell\u2019amministrazione di Rocca Pietore, della Provincia di Belluno e della Regione del Veneto, la quale ha stanziato un importante contributo per la realizzazione dell\u2019opera. Un\u2019opera dal costo di 10 milioni di Euro: si tratta infatti di una moderna cabinovia ad ammorsamento automatico con veicoli da 10 posti che Funivie Arabba \u00e8 disposta a finanziare sia per dare alla zona un accesso pi\u00f9 veloce al giro del Sella, ma anche per favorire il rilancio di un territorio gi\u00e0 provato negli anni e segnato definitivamente dalla tempesta Vaia del 2018. \u201cNon \u00e8 stato facile raggiungere questo primo obiettivo ed anche se al momento non siamo ancora al traguardo finale, sono certo ci arriveremo a breve\u201d \u2013 dichiara soddisfatto del lavoro svolto finora Diego De Battista, Presidente di Funivie <a class=\"dt-pswp-item\" href=\"https:\/\/www.radiopiu.net\/wordpress\/wp-content\/uploads\/2022\/06\/Senza-nome-5.jpg\" data-dt-img-description=\"\" data-large_image_width=\"591\" data-large_image_height=\"305\"><img loading=\"lazy\" decoding=\"async\" class=\"wp-image-280536  alignright\" src=\"https:\/\/www.radiopiu.net\/wordpress\/wp-content\/uploads\/2022\/06\/Senza-nome-5.jpg\" alt=\"\" width=\"341\" height=\"176\" srcset=\"https:\/\/www.radiopiu.net\/wordpress\/wp-content\/uploads\/2022\/06\/Senza-nome-5.jpg 591w, https:\/\/www.radiopiu.net\/wordpress\/wp-content\/uploads\/2022\/06\/Senza-nome-5-300x155.jpg 300w\" sizes=\"auto, (max-width: 341px) 100vw, 341px\" \/><\/a>Arabba \u2013 \u201cStiamo lavorando e investendo molte risorse ed energie per poter iniziare i lavori il prima possibile, in quanto crediamo molto nella realizzazione di questo nuovo impianto sia per l\u2019economicit\u00e0 generale di Funivie Arabba che per la ricaduta positiva che avr\u00e0 sull\u2019intera zona. Abbiamo sempre dimostrato che la nostra visione mette al primo posto lo sviluppo del territorio e questa cabinovia, assieme agli investimenti che il Comune di Rocca Pietore sta attuando all\u2019interno del progetto Marmolada Unesco, sar\u00e0 una bella boccata d\u2019aria. Rimane ancora aperta la questione sulla disponibilit\u00e0 della societ\u00e0 Marmolada S.r.l., a consentire la realizzazione della pista di raccordo prima della stagione invernale 2023\/24 senza ritardare l\u2019avvio dei lavori, ma come detto ritengo si tratti soltanto di una questione di giorni per trovare la quadra. Del resto, questo investimento \u2013 seppur sostenuto esclusivamente da Funivie Arabba al netto dei contributi pubblici \u2013 \u00e8 nell\u2019interesse di tutta la comunit\u00e0, ed anche della Funivia Marmolada.\u201d Questo intervento \u00e8 il primo all\u2019interno di un progetto complessivo di rilancio dell\u2019area del Padon: l\u2019investimento complessivo previsto supera i 30 milioni di Euro e comprende inoltre l\u2019ammodernamento delle attuali due seggiovie di collegamento sul versante di Porta Vescovo, delle relative piste e degli impianti di innevamento programmato. \u00c8 infatti in previsione per l\u2019anno 2023 anche la sostituzione dell\u2019ormai vetusta seggiovia \u201cPadon I\u201d, che raggiunger\u00e0 quest\u2019inverno i 40 anni di servizio.<br \/>\nLa nuova Cabinovia entrer\u00e0 in funzione durante la stagione 2023\/24 e porter\u00e0 i turisti dalla nuova stazione \u2013 costruita a pochi passi della partenza della Funivia \u2013 fino a Capanna Bill, dove grazie alla seggiovia quadriposto esistente si potr\u00e0 raggiungere in pochi minuti il Passo del Padon. L\u2019opera permetter\u00e0 inoltre di riattivare un\u2019area di grosso potenziale per famiglie, bambini e principianti in generale \u2013 contribuendo in modo significativo allo sviluppo dell\u2019area sciabile di Malga Ciapela.<\/p>\n<p>&nbsp;<\/p>\n<p>&nbsp;<\/p>\n<hr \/>\n<p>&nbsp;<\/p>\n","protected":false},"excerpt":{"rendered":"<p>In dirittura d\u2019arrivo l\u2019iter progettuale per la realizzazione del nuovo impianto di Funivie Arabba che ha come obiettivo quello di avvicinare Malga Ciapela alla Sellaronda, favorendo il rilancio turistico della zona di Marmolada ROCCA PIETORE Durante la conferenza dei servizi svoltasi lo scorso 31 maggio in Provincia di Belluno non sono state rilevate criticit\u00e0 al&hellip;<\/p>\n","protected":false},"author":4,"featured_media":280535,"comment_status":"closed","ping_status":"closed","sticky":false,"template":"","format":"standard","meta":{"_monsterinsights_skip_tracking":false,"_monsterinsights_sitenote_active":false,"_monsterinsights_sitenote_note":"","_monsterinsights_sitenote_category":0,"footnotes":""},"categories":[51,49],"tags":[],"class_list":["post-280534","post","type-post","status-publish","format-standard","has-post-thumbnail","hentry","category-evidenza-top","category-news-18","category-51","category-49","description-off"],"img_url":"https:\/\/www.radiopiu.net\/wordpress\/wp-content\/uploads\/2022\/06\/Cabinovia-Malga-Ciapela-2.jpeg","_links":{"self":[{"href":"https:\/\/www.radiopiu.net\/wordpress\/wp-json\/wp\/v2\/posts\/280534","targetHints":{"allow":["GET"]}}],"collection":[{"href":"https:\/\/www.radiopiu.net\/wordpress\/wp-json\/wp\/v2\/posts"}],"about":[{"href":"https:\/\/www.radiopiu.net\/wordpress\/wp-json\/wp\/v2\/types\/post"}],"author":[{"embeddable":true,"href":"https:\/\/www.radiopiu.net\/wordpress\/wp-json\/wp\/v2\/users\/4"}],"replies":[{"embeddable":true,"href":"https:\/\/www.radiopiu.net\/wordpress\/wp-json\/wp\/v2\/comments?post=280534"}],"version-history":[{"count":0,"href":"https:\/\/www.radiopiu.net\/wordpress\/wp-json\/wp\/v2\/posts\/280534\/revisions"}],"wp:featuredmedia":[{"embeddable":true,"href":"https:\/\/www.radiopiu.net\/wordpress\/wp-json\/wp\/v2\/media\/280535"}],"wp:attachment":[{"href":"https:\/\/www.radiopiu.net\/wordpress\/wp-json\/wp\/v2\/media?parent=280534"}],"wp:term":[{"taxonomy":"category","embeddable":true,"href":"https:\/\/www.radiopiu.net\/wordpress\/wp-json\/wp\/v2\/categories?post=280534"},{"taxonomy":"post_tag","embeddable":true,"href":"https:\/\/www.radiopiu.net\/wordpress\/wp-json\/wp\/v2\/tags?post=280534"}],"curies":[{"name":"wp","href":"https:\/\/api.w.org\/{rel}","templated":true}]}}