{"id":280608,"date":"2022-06-10T05:31:08","date_gmt":"2022-06-10T03:31:08","guid":{"rendered":"https:\/\/www.radiopiu.net\/wordpress\/?p=280608"},"modified":"2022-06-10T05:51:09","modified_gmt":"2022-06-10T03:51:09","slug":"la-nuova-sede-della-cisl-a-quero-vas-paglini-segnale-importante-per-la-comunita","status":"publish","type":"post","link":"https:\/\/www.radiopiu.net\/wordpress\/la-nuova-sede-della-cisl-a-quero-vas-paglini-segnale-importante-per-la-comunita\/","title":{"rendered":"LA NUOVA SEDE DELLA CISL A QUERO VAS. PAGLINI &#8220;SEGNALE IMPORTANTE PER LA COMUNITA'&#8221;"},"content":{"rendered":"<p><strong>BELLUNO<\/strong> E&#8217; stata inaugurata la nuova sede di Quero. La Federazione dei Pensionati della Cisl ha presentato il locale che mira a offrire assistenza e servizi ai cittadini di un territorio vasto, che conta 7.800 abitanti dei quali quasi 2.200 over 65 e che comprende i Comuni di Quero-Vas, Alano di Piave e Segusino. <em>\u201cPer noi della Cisl &#8211; ha detto il segretario generale confederale di Belluno Treviso Massimiliano Paglini &#8211; aprire una sede in un territorio di confin<\/em><em>e \u00e8 un segnale importante per la comunit\u00e0, per la nostra organizzazione e anche per le istituzioni e le amministrazioni locali rispetto a quello che \u00e8 il lavoro che siamo chiamati a fare tutti assieme sinergicamente per contrastare lo spopolamento e il declino demografico, che in alcune zone ha caratteri seriamente preoccupanti\u201d. <\/em>Un ringraziamento alla Cisl \u00e8 arrivato dall\u2019assessore del Comune di Quero Vas Christian Corr\u00e0 e dall\u2019assessora del Comune di Alano Novella Codemo. La sede \u00e8 aperta il luned\u00ec e il venerd\u00ec dalle 9 alle 11 e il gioved\u00ec dalle 8 alle 12 per le pratiche relative al Caf.<\/p>\n<p><strong>AI MICROFONI DI RADIO PIU&#8217; Franco Marcuzzo, segretario generale Cisl Fnp Belluno Treviso<\/strong><\/p>\n<audio class=\"wp-audio-shortcode\" id=\"audio-280608-1\" preload=\"none\" style=\"width: 100%;\" controls=\"controls\"><source type=\"audio\/mpeg\" src=\"https:\/\/www.radiopiu.net\/wordpress\/wp-content\/uploads\/2022\/06\/FRANCO.mp3?_=1\" \/><a href=\"https:\/\/www.radiopiu.net\/wordpress\/wp-content\/uploads\/2022\/06\/FRANCO.mp3\">https:\/\/www.radiopiu.net\/wordpress\/wp-content\/uploads\/2022\/06\/FRANCO.mp3<\/a><\/audio>\n<p>&nbsp;<\/p>\n\n\t\t\t<style type='text\/css'>\n\t\t\t\t#gallery-1 {\n\t\t\t\t\tmargin: auto;\n\t\t\t\t}\n\t\t\t\t#gallery-1 .gallery-item {\n\t\t\t\t\tfloat: left;\n\t\t\t\t\tmargin-top: 10px;\n\t\t\t\t\ttext-align: center;\n\t\t\t\t\twidth: 33%;\n\t\t\t\t}\n\t\t\t\t#gallery-1 img {\n\t\t\t\t\tborder: 2px solid #cfcfcf;\n\t\t\t\t}\n\t\t\t\t#gallery-1 .gallery-caption {\n\t\t\t\t\tmargin-left: 0;\n\t\t\t\t}\n\t\t\t\t\/* see gallery_shortcode() in wp-includes\/media.php *\/\n\t\t\t<\/style>\n\t\t<div id='gallery-1' class='dt-gallery-container gallery galleryid-280608 gallery-columns-3 gallery-size-thumbnail'><dl class='gallery-item'>\n\t\t\t\t<dt class='gallery-icon landscape'>\n\t\t\t\t\t<a class=\"rollover rollover-zoom dt-pswp-item\" title=\"inaugurazione Quero7\" data-dt-img-description=\"\" data-large_image_width=\"1984\" data-large_image_height=\"1488\"href='https:\/\/www.radiopiu.net\/wordpress\/wp-content\/uploads\/2022\/06\/inaugurazione-Quero7.jpeg'><img loading=\"lazy\" decoding=\"async\" width=\"150\" height=\"150\" src=\"https:\/\/www.radiopiu.net\/wordpress\/wp-content\/uploads\/2022\/06\/inaugurazione-Quero7-150x150.jpeg\" class=\"attachment-thumbnail size-thumbnail\" alt=\"\" \/><\/a>\n\t\t\t\t<\/dt><\/dl><dl class='gallery-item'>\n\t\t\t\t<dt class='gallery-icon landscape'>\n\t\t\t\t\t<a class=\"rollover rollover-zoom dt-pswp-item\" title=\"inaugurazione Quero8\" data-dt-img-description=\"\" data-large_image_width=\"1984\" data-large_image_height=\"1488\"href='https:\/\/www.radiopiu.net\/wordpress\/wp-content\/uploads\/2022\/06\/inaugurazione-Quero8.jpeg'><img loading=\"lazy\" decoding=\"async\" width=\"150\" height=\"150\" src=\"https:\/\/www.radiopiu.net\/wordpress\/wp-content\/uploads\/2022\/06\/inaugurazione-Quero8-150x150.jpeg\" class=\"attachment-thumbnail size-thumbnail\" alt=\"\" \/><\/a>\n\t\t\t\t<\/dt><\/dl><dl class='gallery-item'>\n\t\t\t\t<dt class='gallery-icon landscape'>\n\t\t\t\t\t<a class=\"rollover rollover-zoom dt-pswp-item\" title=\"inaugurazione Quero\" data-dt-img-description=\"\" data-large_image_width=\"1984\" data-large_image_height=\"1488\"href='https:\/\/www.radiopiu.net\/wordpress\/wp-content\/uploads\/2022\/06\/inaugurazione-Quero.jpeg'><img loading=\"lazy\" decoding=\"async\" width=\"150\" height=\"150\" src=\"https:\/\/www.radiopiu.net\/wordpress\/wp-content\/uploads\/2022\/06\/inaugurazione-Quero-150x150.jpeg\" class=\"attachment-thumbnail size-thumbnail\" alt=\"\" \/><\/a>\n\t\t\t\t<\/dt><\/dl><br style=\"clear: both\" \/>\n\t\t\t<\/div>\n\n<p>&nbsp;<\/p>\n<p>&nbsp;<\/p>\n<p>&nbsp;<\/p>\n<hr \/>\n<p>&nbsp;<\/p>\n","protected":false},"excerpt":{"rendered":"<p>BELLUNO E&#8217; stata inaugurata la nuova sede di Quero. La Federazione dei Pensionati della Cisl ha presentato il locale che mira a offrire assistenza e servizi ai cittadini di un territorio vasto, che conta 7.800 abitanti dei quali quasi 2.200 over 65 e che comprende i Comuni di Quero-Vas, Alano di Piave e Segusino. \u201cPer&hellip;<\/p>\n","protected":false},"author":4,"featured_media":280610,"comment_status":"closed","ping_status":"closed","sticky":false,"template":"","format":"standard","meta":{"_monsterinsights_skip_tracking":false,"_monsterinsights_sitenote_active":false,"_monsterinsights_sitenote_note":"","_monsterinsights_sitenote_category":0,"footnotes":""},"categories":[51,49],"tags":[],"class_list":["post-280608","post","type-post","status-publish","format-standard","has-post-thumbnail","hentry","category-evidenza-top","category-news-18","category-51","category-49","description-off"],"img_url":"https:\/\/www.radiopiu.net\/wordpress\/wp-content\/uploads\/2022\/06\/inaugurazione-Quero.jpeg","_links":{"self":[{"href":"https:\/\/www.radiopiu.net\/wordpress\/wp-json\/wp\/v2\/posts\/280608","targetHints":{"allow":["GET"]}}],"collection":[{"href":"https:\/\/www.radiopiu.net\/wordpress\/wp-json\/wp\/v2\/posts"}],"about":[{"href":"https:\/\/www.radiopiu.net\/wordpress\/wp-json\/wp\/v2\/types\/post"}],"author":[{"embeddable":true,"href":"https:\/\/www.radiopiu.net\/wordpress\/wp-json\/wp\/v2\/users\/4"}],"replies":[{"embeddable":true,"href":"https:\/\/www.radiopiu.net\/wordpress\/wp-json\/wp\/v2\/comments?post=280608"}],"version-history":[{"count":0,"href":"https:\/\/www.radiopiu.net\/wordpress\/wp-json\/wp\/v2\/posts\/280608\/revisions"}],"wp:featuredmedia":[{"embeddable":true,"href":"https:\/\/www.radiopiu.net\/wordpress\/wp-json\/wp\/v2\/media\/280610"}],"wp:attachment":[{"href":"https:\/\/www.radiopiu.net\/wordpress\/wp-json\/wp\/v2\/media?parent=280608"}],"wp:term":[{"taxonomy":"category","embeddable":true,"href":"https:\/\/www.radiopiu.net\/wordpress\/wp-json\/wp\/v2\/categories?post=280608"},{"taxonomy":"post_tag","embeddable":true,"href":"https:\/\/www.radiopiu.net\/wordpress\/wp-json\/wp\/v2\/tags?post=280608"}],"curies":[{"name":"wp","href":"https:\/\/api.w.org\/{rel}","templated":true}]}}