{"id":280633,"date":"2022-06-11T05:48:25","date_gmt":"2022-06-11T03:48:25","guid":{"rendered":"https:\/\/www.radiopiu.net\/wordpress\/?p=280633"},"modified":"2022-06-11T05:52:30","modified_gmt":"2022-06-11T03:52:30","slug":"evadevalbellunaaa","status":"publish","type":"post","link":"https:\/\/www.radiopiu.net\/wordpress\/evadevalbellunaaa\/","title":{"rendered":"E&#8217; CACCIA ALL&#8217;EVASO IN TUTTA EUROPA"},"content":{"rendered":"<blockquote>\n<h3><\/h3>\n<\/blockquote>\n<p><strong><a class=\"dt-pswp-item\" href=\"https:\/\/www.radiopiu.net\/wordpress\/wp-content\/uploads\/2022\/06\/edison.jpg\" data-dt-img-description=\"\" data-large_image_width=\"421\" data-large_image_height=\"242\"><img loading=\"lazy\" decoding=\"async\" class=\" wp-image-280709 alignleft\" src=\"https:\/\/www.radiopiu.net\/wordpress\/wp-content\/uploads\/2022\/06\/edison-150x150.jpg\" alt=\"\" width=\"94\" height=\"94\" \/><\/a>TREVISO\u00a0<\/strong> E&#8217; massima allerta in tutto il paese, soprattutto alle frontiere. Si cerca Edison Pula l&#8217;evaso dal carcere di Treviso. Il 27enne albanese, dopo aver segato con due lame le sbarre della propria cella del carcere di Treviso si \u00e8 calato con le lenzuola ed ha superato un muro di 5 metri prima di far perdere le proprie tracce. Al momento senza esito le segnalazioni di ipotetici avvistamenti. Le ricerche sono ora estese a tutta Europa. Pula e il suo compagno di stanza (il terzo non ha partecipato all&#8217;evasione), hanno utilizzato le lame di due seghetti per rompere le sbarre. In quel momento nell&#8217;ala dell&#8217;evasione di guardia c&#8217;era solo un agente della penitenziaria.<\/p>\n<p>&nbsp;<\/p>\n<p>&nbsp;<\/p>\n<hr \/>\n<p><a class=\"dt-pswp-item\" href=\"https:\/\/www.radiopiu.net\/wordpress\/wp-content\/uploads\/2022\/06\/jail-1817900_960_720.jpg\" data-dt-img-description=\"\" data-large_image_width=\"960\" data-large_image_height=\"406\"><img loading=\"lazy\" decoding=\"async\" class=\" wp-image-280631 alignleft\" src=\"https:\/\/www.radiopiu.net\/wordpress\/wp-content\/uploads\/2022\/06\/jail-1817900_960_720-150x150.jpg\" alt=\"\" width=\"120\" height=\"120\" \/><\/a>Dopo la clamorosa evasione di alcuni detenuti stranieri dal carcere di Treviso il Sindacato Autonomo Polizia Penitenziaria SAPPE \u201c<em>punta il dito<\/em>\u201d contro i vertici dell\u2019Amministrazione Penitenziaria. Spiega Donato Capece, segretario generale del SAPPE:\u00a0<em>\u201cQuel che \u00e8 successo \u00e8 di inaudita gravit\u00e0 ed \u00e8 la\u00a0<\/em><em>conseguenza dello scellerato smantellamento delle politiche di sicurezza delle carceri.\u00a0<\/em><em>Il sistema penitenziario, per adulti e minori, si sta sgretolando ogni giorno di pi\u00f9&#8221;.Il SAPPE denuncia da tempo che la sicurezza interna delle carceri \u00e8 stata annientata da provvedimenti scellerati come la vigilanza dinamica e il regime aperto, l\u2019aver tolto le sentinelle della Polizia Penitenziaria di sorveglianza dalle mura di cinta delle carceri, la mancanza in organico di poliziotti penitenziari, il mancato finanziamento per i servizi anti intrusione e anti scavalcamento&#8221;\u00a0<\/em><\/p>\n<p>&nbsp;<\/p>\n<hr \/>\n<p>&nbsp;<\/p>\n<p>&nbsp;<\/p>\n<div class=\"page-title-head hgroup\">\n<blockquote>\n<h3 class=\"entry-title\">IN CARCERE CARENZA ORGANICA, PER LA PENITENZIARIA SITUAZIONE INSOSTENIBILE<\/h3>\n<\/blockquote>\n<\/div>\n<div class=\"page-title-breadcrumbs\">\n<p><strong><img loading=\"lazy\" decoding=\"async\" class=\"alignleft\" src=\"https:\/\/www.radiopiu.net\/wordpress\/wp-content\/uploads\/2021\/07\/image-2.jpg\" width=\"285\" height=\"160\" \/>BELLUNO<\/strong> Il terzo giorno per la FP CGIL nelle Carceri Venete, dopo Verona, Vicenza oggi la delegazione \u00e8 approdata a Belluno. A parlare \u00e8 Giampiero Pegoraro FP CGIL Veneto per la Polizia Penitenziaria che esprime solidariet\u00e0 forti perplessit\u00e0 sulla sicurezza del Carcere Bellunese.<em> &#8220;Dopo tre giorni nelle carceri venete, ci auspichiamo che non avvengano ulteriori eventi critici che compromettono l&#8217;ordine, la sicurezza e incolumit\u00e0 di lavoratrici e lavoratori&#8221; &#8211;<\/em> continua Andrea Fiocco FP CGIL Provinciale Belluno<\/p>\n<blockquote><p><em>&#8220;Urgono immediati interventi che tutelino concretamente il personale della Polizia Penitenziaria, adeguare una struttura come quella Bellunese agli standard delle Carceri Europee \u2013 aggiunge Mirko Manna FP CGIL Nazionale &#8211; Non possiamo pi\u00f9 accettare che mentre la politica e la Ministra parlino di Casa dell\u2019Amore, le Carceri Italiane sono ancora strutture obsolete ed inadeguate che minano la dignit\u00e0 umana. Ci aspettavamo un cambiamento dopo la sentenza Torregiani e con l\u2019arrivo della Ministra Cartabia; invece, continuiamo ad assistere a teatrini politici, super commissioni, gruppi di lavoro, ma nulla di fatto. Se \u00e8 vero che Il grado di civilt\u00e0 di un Paese si misura osservando la condizione delle sue carceri\u201d, diceva Voltaire, verrebbe da pensare che la frase non l&#8217;abbia mai letta nessuno vista la situazione carceraria in Italia&#8221;<\/em><\/p><\/blockquote>\n<p>ALLA RADIO, ANDREA FIOCCO<\/p>\n<audio class=\"wp-audio-shortcode\" id=\"audio-280633-1\" preload=\"none\" style=\"width: 100%;\" controls=\"controls\"><source type=\"audio\/mpeg\" src=\"https:\/\/www.radiopiu.net\/wordpress\/wp-content\/uploads\/2022\/06\/ANDREA-FIOCCO.mp3?_=1\" \/><a href=\"https:\/\/www.radiopiu.net\/wordpress\/wp-content\/uploads\/2022\/06\/ANDREA-FIOCCO.mp3\">https:\/\/www.radiopiu.net\/wordpress\/wp-content\/uploads\/2022\/06\/ANDREA-FIOCCO.mp3<\/a><\/audio>\n<p>&nbsp;<\/p>\n<\/div>\n<p>&nbsp;<\/p>\n<p>___<\/p>\n","protected":false},"excerpt":{"rendered":"<p>TREVISO\u00a0 E&#8217; massima allerta in tutto il paese, soprattutto alle frontiere. Si cerca Edison Pula l&#8217;evaso dal carcere di Treviso. Il 27enne albanese, dopo aver segato con due lame le sbarre della propria cella del carcere di Treviso si \u00e8 calato con le lenzuola ed ha superato un muro di 5 metri prima di far&hellip;<\/p>\n","protected":false},"author":4,"featured_media":280709,"comment_status":"closed","ping_status":"closed","sticky":false,"template":"","format":"standard","meta":{"_monsterinsights_skip_tracking":false,"_monsterinsights_sitenote_active":false,"_monsterinsights_sitenote_note":"","_monsterinsights_sitenote_category":0,"footnotes":""},"categories":[51,49],"tags":[],"class_list":["post-280633","post","type-post","status-publish","format-standard","has-post-thumbnail","hentry","category-evidenza-top","category-news-18","category-51","category-49","description-off"],"img_url":"https:\/\/www.radiopiu.net\/wordpress\/wp-content\/uploads\/2022\/06\/edison.jpg","_links":{"self":[{"href":"https:\/\/www.radiopiu.net\/wordpress\/wp-json\/wp\/v2\/posts\/280633","targetHints":{"allow":["GET"]}}],"collection":[{"href":"https:\/\/www.radiopiu.net\/wordpress\/wp-json\/wp\/v2\/posts"}],"about":[{"href":"https:\/\/www.radiopiu.net\/wordpress\/wp-json\/wp\/v2\/types\/post"}],"author":[{"embeddable":true,"href":"https:\/\/www.radiopiu.net\/wordpress\/wp-json\/wp\/v2\/users\/4"}],"replies":[{"embeddable":true,"href":"https:\/\/www.radiopiu.net\/wordpress\/wp-json\/wp\/v2\/comments?post=280633"}],"version-history":[{"count":0,"href":"https:\/\/www.radiopiu.net\/wordpress\/wp-json\/wp\/v2\/posts\/280633\/revisions"}],"wp:featuredmedia":[{"embeddable":true,"href":"https:\/\/www.radiopiu.net\/wordpress\/wp-json\/wp\/v2\/media\/280709"}],"wp:attachment":[{"href":"https:\/\/www.radiopiu.net\/wordpress\/wp-json\/wp\/v2\/media?parent=280633"}],"wp:term":[{"taxonomy":"category","embeddable":true,"href":"https:\/\/www.radiopiu.net\/wordpress\/wp-json\/wp\/v2\/categories?post=280633"},{"taxonomy":"post_tag","embeddable":true,"href":"https:\/\/www.radiopiu.net\/wordpress\/wp-json\/wp\/v2\/tags?post=280633"}],"curies":[{"name":"wp","href":"https:\/\/api.w.org\/{rel}","templated":true}]}}