{"id":280654,"date":"2022-06-10T05:34:08","date_gmt":"2022-06-10T03:34:08","guid":{"rendered":"https:\/\/www.radiopiu.net\/wordpress\/?p=280654"},"modified":"2022-06-10T05:49:54","modified_gmt":"2022-06-10T03:49:54","slug":"dillo-a-radio-piu-al-voto-perche-credo-veramente-nella-democrazia","status":"publish","type":"post","link":"https:\/\/www.radiopiu.net\/wordpress\/dillo-a-radio-piu-al-voto-perche-credo-veramente-nella-democrazia\/","title":{"rendered":"DILLO A RADIO PIU&#8230; &#8220;AL VOTO PERCHE&#8217; CREDO VERAMENTE NELLA DEMOCRAZIA&#8221;"},"content":{"rendered":"<p>Riceviamo e volentieri pubblichiamo<\/p>\n<p><a class=\"dt-pswp-item\" href=\"https:\/\/www.radiopiu.net\/wordpress\/wp-content\/uploads\/2022\/06\/AAAA-2.jpg\" data-dt-img-description=\"\" data-large_image_width=\"349\" data-large_image_height=\"267\"><img loading=\"lazy\" decoding=\"async\" class=\"size-thumbnail wp-image-280655 alignleft\" src=\"https:\/\/www.radiopiu.net\/wordpress\/wp-content\/uploads\/2022\/06\/AAAA-2-150x150.jpg\" alt=\"\" width=\"150\" height=\"150\" \/><\/a>Sono uno di quei cittadini che ancora crede profondamente nella Democrazia e nelle sue Istituzioni. Anche per questo, domenica prossima andr\u00f2 a votare, nonostante trovi i quesiti referendari piuttosto complicati e il tema non mi appassioni particolarmente. Credo, tuttavia, vada onorata con la partecipazione ciascuna occasione in cui abbiamo il diritto di esprimere la propria opinione. Il Referendum \u00e8 un istituto giuridico dall\u2019alta valenza democratica, proprio perch\u00e9 tramite questo strumento viene garantita la partecipazione diretta alla vita politica del paese, considerata un \u201cdiritto inviolabile\u201d dalla Costituzione della Repubblica. Ecco, ci\u00f2 premesso, sarebbe per\u00f2 opportuno che la stessa Repubblica, che garantisce questo diritto ai propri cittadini, si facesse garante della volont\u00e0 popolare espressa tramite lo strumento referendario: un Referendum, tanto pi\u00f9 se di natura costituzionale, non \u00e8 un sondaggio a cui si pu\u00f2 semplicemente decidere se dare peso o meno. La storia, come del resto la drammatica situazione internazionale, ci insegnano che l\u2019autodeterminazione dei popoli \u00e8 una cosa seria e non va n\u00e9 ignorata n\u00e9 soffocata. Pertanto, se crediamo veramente nella Democrazia, dobbiamo crederci fino in fondo, e soprattutto devono crederci un primis le Istituzioni dello Stato. Se la Costituzione \u00e8 il pilastro su cui \u00e8 fondata la nostra Repubblica, non pu\u00f2 valere ed essere applicata a giorni alterni, o vale sempre (e non solo quando fa comodo), altrimenti prima o poi il pilastro cede e allora sar\u00e0 troppo tardi.<br \/>\n<strong>Denni Dorigo_livinallongo del col di lana<\/strong><\/p>\n<p>&nbsp;<\/p>\n<p>&nbsp;<\/p>\n<hr \/>\n<p>&nbsp;<\/p>\n","protected":false},"excerpt":{"rendered":"<p>Riceviamo e volentieri pubblichiamo Sono uno di quei cittadini che ancora crede profondamente nella Democrazia e nelle sue Istituzioni. Anche per questo, domenica prossima andr\u00f2 a votare, nonostante trovi i quesiti referendari piuttosto complicati e il tema non mi appassioni particolarmente. Credo, tuttavia, vada onorata con la partecipazione ciascuna occasione in cui abbiamo il diritto&hellip;<\/p>\n","protected":false},"author":4,"featured_media":280656,"comment_status":"closed","ping_status":"closed","sticky":false,"template":"","format":"standard","meta":{"_monsterinsights_skip_tracking":false,"_monsterinsights_sitenote_active":false,"_monsterinsights_sitenote_note":"","_monsterinsights_sitenote_category":0,"footnotes":""},"categories":[51,49],"tags":[],"class_list":["post-280654","post","type-post","status-publish","format-standard","has-post-thumbnail","hentry","category-evidenza-top","category-news-18","category-51","category-49","description-off"],"img_url":"https:\/\/www.radiopiu.net\/wordpress\/wp-content\/uploads\/2022\/06\/ballot-4751566__340.webp","_links":{"self":[{"href":"https:\/\/www.radiopiu.net\/wordpress\/wp-json\/wp\/v2\/posts\/280654","targetHints":{"allow":["GET"]}}],"collection":[{"href":"https:\/\/www.radiopiu.net\/wordpress\/wp-json\/wp\/v2\/posts"}],"about":[{"href":"https:\/\/www.radiopiu.net\/wordpress\/wp-json\/wp\/v2\/types\/post"}],"author":[{"embeddable":true,"href":"https:\/\/www.radiopiu.net\/wordpress\/wp-json\/wp\/v2\/users\/4"}],"replies":[{"embeddable":true,"href":"https:\/\/www.radiopiu.net\/wordpress\/wp-json\/wp\/v2\/comments?post=280654"}],"version-history":[{"count":0,"href":"https:\/\/www.radiopiu.net\/wordpress\/wp-json\/wp\/v2\/posts\/280654\/revisions"}],"wp:featuredmedia":[{"embeddable":true,"href":"https:\/\/www.radiopiu.net\/wordpress\/wp-json\/wp\/v2\/media\/280656"}],"wp:attachment":[{"href":"https:\/\/www.radiopiu.net\/wordpress\/wp-json\/wp\/v2\/media?parent=280654"}],"wp:term":[{"taxonomy":"category","embeddable":true,"href":"https:\/\/www.radiopiu.net\/wordpress\/wp-json\/wp\/v2\/categories?post=280654"},{"taxonomy":"post_tag","embeddable":true,"href":"https:\/\/www.radiopiu.net\/wordpress\/wp-json\/wp\/v2\/tags?post=280654"}],"curies":[{"name":"wp","href":"https:\/\/api.w.org\/{rel}","templated":true}]}}