{"id":280669,"date":"2022-06-11T05:51:00","date_gmt":"2022-06-11T03:51:00","guid":{"rendered":"https:\/\/www.radiopiu.net\/wordpress\/?p=280669"},"modified":"2022-06-11T09:35:31","modified_gmt":"2022-06-11T07:35:31","slug":"giornale-radiopiu-11-giugno-2022-direttore-mirko-mezzacasa","status":"publish","type":"post","link":"https:\/\/www.radiopiu.net\/wordpress\/giornale-radiopiu-11-giugno-2022-direttore-mirko-mezzacasa\/","title":{"rendered":"GIORNALE RADIOPIU 11 GIUGNO 2022 DIRETTORE MIRKO MEZZACASA"},"content":{"rendered":"<h3 class=\"kvgmc6g5 cxmmr5t8 oygrvhab hcukyx3x c1et5uql\"><span style=\"color: #0000ff;\"><strong>RADIO PIU INFORMAZIONE il canale su TELEGRAM informazione di prima\u00a0 <\/strong><\/span><span style=\"color: #0000ff;\"><strong>mano e in tempo reale. iscriviti ed aiutaci a farlo conoscere\u00a0\u00a0<\/strong><\/span><\/h3>\n<p>&nbsp;<\/p>\n<p><strong>DAL DRONE DI CLAUDIO PRA, IL LAGO DI ALLEGHE DALL&#8217;ALTO\u00a0<\/strong><\/p>\n\n\t\t\t<style type='text\/css'>\n\t\t\t\t#gallery-1 {\n\t\t\t\t\tmargin: auto;\n\t\t\t\t}\n\t\t\t\t#gallery-1 .gallery-item {\n\t\t\t\t\tfloat: left;\n\t\t\t\t\tmargin-top: 10px;\n\t\t\t\t\ttext-align: center;\n\t\t\t\t\twidth: 50%;\n\t\t\t\t}\n\t\t\t\t#gallery-1 img {\n\t\t\t\t\tborder: 2px solid #cfcfcf;\n\t\t\t\t}\n\t\t\t\t#gallery-1 .gallery-caption {\n\t\t\t\t\tmargin-left: 0;\n\t\t\t\t}\n\t\t\t\t\/* see gallery_shortcode() in wp-includes\/media.php *\/\n\t\t\t<\/style>\n\t\t<div id='gallery-1' class='dt-gallery-container gallery galleryid-280669 gallery-columns-2 gallery-size-medium'><dl class='gallery-item'>\n\t\t\t\t<dt class='gallery-icon landscape'>\n\t\t\t\t\t<a class=\"rollover rollover-zoom dt-pswp-item\" title=\"fc9e8a95-2a90-4c8f-8a9f-3ef74d0d30f2\" data-dt-img-description=\"\" data-large_image_width=\"1600\" data-large_image_height=\"900\"href='https:\/\/www.radiopiu.net\/wordpress\/wp-content\/uploads\/2022\/06\/fc9e8a95-2a90-4c8f-8a9f-3ef74d0d30f2.jpg'><img loading=\"lazy\" decoding=\"async\" width=\"300\" height=\"169\" src=\"https:\/\/www.radiopiu.net\/wordpress\/wp-content\/uploads\/2022\/06\/fc9e8a95-2a90-4c8f-8a9f-3ef74d0d30f2-300x169.jpg\" class=\"attachment-medium size-medium\" alt=\"\" srcset=\"https:\/\/www.radiopiu.net\/wordpress\/wp-content\/uploads\/2022\/06\/fc9e8a95-2a90-4c8f-8a9f-3ef74d0d30f2-300x169.jpg 300w, https:\/\/www.radiopiu.net\/wordpress\/wp-content\/uploads\/2022\/06\/fc9e8a95-2a90-4c8f-8a9f-3ef74d0d30f2-1024x576.jpg 1024w, https:\/\/www.radiopiu.net\/wordpress\/wp-content\/uploads\/2022\/06\/fc9e8a95-2a90-4c8f-8a9f-3ef74d0d30f2-768x432.jpg 768w, https:\/\/www.radiopiu.net\/wordpress\/wp-content\/uploads\/2022\/06\/fc9e8a95-2a90-4c8f-8a9f-3ef74d0d30f2-1536x864.jpg 1536w, https:\/\/www.radiopiu.net\/wordpress\/wp-content\/uploads\/2022\/06\/fc9e8a95-2a90-4c8f-8a9f-3ef74d0d30f2.jpg 1600w\" sizes=\"auto, (max-width: 300px) 100vw, 300px\" \/><\/a>\n\t\t\t\t<\/dt><\/dl><dl class='gallery-item'>\n\t\t\t\t<dt class='gallery-icon landscape'>\n\t\t\t\t\t<a class=\"rollover rollover-zoom dt-pswp-item\" title=\"68abd492-309d-451e-8a97-e235da640449\" data-dt-img-description=\"\" data-large_image_width=\"1600\" data-large_image_height=\"900\"href='https:\/\/www.radiopiu.net\/wordpress\/wp-content\/uploads\/2022\/06\/68abd492-309d-451e-8a97-e235da640449.jpg'><img loading=\"lazy\" decoding=\"async\" width=\"300\" height=\"169\" src=\"https:\/\/www.radiopiu.net\/wordpress\/wp-content\/uploads\/2022\/06\/68abd492-309d-451e-8a97-e235da640449-300x169.jpg\" class=\"attachment-medium size-medium\" alt=\"\" srcset=\"https:\/\/www.radiopiu.net\/wordpress\/wp-content\/uploads\/2022\/06\/68abd492-309d-451e-8a97-e235da640449-300x169.jpg 300w, https:\/\/www.radiopiu.net\/wordpress\/wp-content\/uploads\/2022\/06\/68abd492-309d-451e-8a97-e235da640449-1024x576.jpg 1024w, https:\/\/www.radiopiu.net\/wordpress\/wp-content\/uploads\/2022\/06\/68abd492-309d-451e-8a97-e235da640449-768x432.jpg 768w, https:\/\/www.radiopiu.net\/wordpress\/wp-content\/uploads\/2022\/06\/68abd492-309d-451e-8a97-e235da640449-1536x864.jpg 1536w, https:\/\/www.radiopiu.net\/wordpress\/wp-content\/uploads\/2022\/06\/68abd492-309d-451e-8a97-e235da640449.jpg 1600w\" sizes=\"auto, (max-width: 300px) 100vw, 300px\" \/><\/a>\n\t\t\t\t<\/dt><\/dl><br style=\"clear: both\" \/>\n\t\t\t<\/div>\n\n<p>&nbsp;<\/p>\n<p>&nbsp;<\/p>\n<hr \/>\n<p>&nbsp;<\/p>\n<blockquote>\n<h3>TORNA POTABILE L&#8217;ACQUA A FOCH DI CENCENIGHE<\/h3>\n<\/blockquote>\n<p><strong>CENCENIGHE<\/strong> Dopo 10 giorni torna potabile l&#8217;acqua a Foch di Cencenighe. Gestione Servizi Pubblici informa che a CENCENIGHE AGORDINO in localit\u00e0 FOCH l&#8217;acqua erogata dall&#8217;acquedotto \u00e8 di nuovo potabile e pu\u00f2 essere usata, quindi, per scopi alimentari.<\/p>\n<blockquote>\n<h3>MERCOLEDI&#8217; A VALLADA INTERRUZIONE PROGRAMMATA DEL SERVIZIO IDRICO<\/h3>\n<\/blockquote>\n<p><strong>VALLADA<\/strong> Gestione Servizi Pubblici informa che, per lavori alla rete idrica comunale, mercoled\u00ec dalle ORE 8:00 a FINE LAVORI verr\u00e0 sospesa l\u2019erogazione dell\u2019acqua nel COMUNE DI VALLADA AGORDINA, nelle Vie Sacchet, Celat, Mas e in Localit\u00e0 Val. Il personale addetto operer\u00e0 per limitare il pi\u00f9 possibile i disagi alla popolazione.<\/p>\n<blockquote>\n<h3>LA PROSSIMA SETTIMANA STRADA CHIUSA TRA CROSTOLIN E LE RONCHE<\/h3>\n<\/blockquote>\n<p><strong>LA VALLE AGORDINA<\/strong> Inizieranno luned\u00ec 13 giugno i lavori sul Ponte &#8220;Del Felice&#8221; tra Crostolin e Le Ronche. Il comune di La Valle ha emanato l&#8217;ordinanza di chiusura della strada dal 13 al 20 giugno per consentire alla ditta incaricata di effettuare le opere. Per una settimana interdizione totale al transito veicolare e pedonale sul tratto interessato dai lavori.<\/p>\n<blockquote>\n<h3>OGGI PASSI CHIUSI PER IL SELLA RONDA BIKE DAY<\/h3>\n<\/blockquote>\n<p><strong><a class=\"dt-pswp-item\" href=\"https:\/\/www.radiopiu.net\/wordpress\/wp-content\/uploads\/2022\/06\/Schermata-2022-06-08-alle-11.41.31.png\" data-dt-img-description=\"\" data-large_image_width=\"526\" data-large_image_height=\"488\"><img loading=\"lazy\" decoding=\"async\" class=\"size-thumbnail wp-image-280384 alignleft\" src=\"https:\/\/www.radiopiu.net\/wordpress\/wp-content\/uploads\/2022\/06\/Schermata-2022-06-08-alle-11.41.31-150x150.png\" alt=\"\" width=\"150\" height=\"150\" \/><\/a>LIVINALLONGO <\/strong>\u00a0Sellaronda Bike Day, manifestazione ciclistica non competitiva aperta a tutti, che vedr\u00e0 chiuse le strade dei Passi Campolongo, Gardena, Sella e Pordoi dalle 8:30 alle 15. <strong>\u00a0Tratte interessate<\/strong>: strade attorno ai 4 Passi Dolomitici: Passo Campolongo, Passo Gardena, Passo Sella e Passo Pordoi. Ai partecipanti viene raccomandato il senso antiorario, quindi: Arabba &#8211; Passo Campolongo &#8211; Passo Gardena &#8211; Passo Sella &#8211; Passo Pordoi &#8211; Arabba.<\/p>\n<p>&nbsp;<\/p>\n<p>&nbsp;<\/p>\n<blockquote>\n<h2><span dir=\"ltr\" role=\"presentation\"> Divieto di circolazione in via Giovanni Moro<\/span><\/h2>\n<\/blockquote>\n<p><span dir=\"ltr\" role=\"presentation\"><strong>BELLUNO<\/strong> Divieto<\/span> <span dir=\"ltr\" role=\"presentation\">di <\/span><span dir=\"ltr\" role=\"presentation\">circolazione veicolare in via Giovanni Moro, nel tratto di strada compreso <\/span><span dir=\"ltr\" role=\"presentation\">tra i civici 3 e 5\/A, nei giorni 15 e 16 giugno, dalle ore 8.30 ore 17.30 di <\/span><span dir=\"ltr\" role=\"presentation\">ciascuna giornata<\/span><\/p>\n<p>&nbsp;<\/p>\n<p>&nbsp;<\/p>\n<hr \/>\n<p>&nbsp;<\/p>\n<p>&nbsp;<\/p>\n<div class=\"page-title-head hgroup\">\n<blockquote>\n<h3 class=\"entry-title\">LUTTO AD AGORDO E IN LUXOTTICA PER LA SCOMPARSA DI MAURIZIO TREVISAN<\/h3>\n<\/blockquote>\n<\/div>\n<div class=\"page-title-breadcrumbs\">\n<p><strong><a class=\"dt-pswp-item\" href=\"https:\/\/www.radiopiu.net\/wordpress\/wp-content\/uploads\/2022\/06\/f118c0a0-bd8f-4270-bfce-c319376aadd3.jpg\" data-dt-img-description=\"\" data-large_image_width=\"809\" data-large_image_height=\"1063\"><img loading=\"lazy\" decoding=\"async\" class=\" wp-image-280834 alignleft\" src=\"https:\/\/www.radiopiu.net\/wordpress\/wp-content\/uploads\/2022\/06\/f118c0a0-bd8f-4270-bfce-c319376aadd3-150x150.jpg\" alt=\"\" width=\"135\" height=\"135\" \/><\/a>AGORDO<\/strong>\u00a0La notizia si \u00e8 sparsa in fretta ieri mattina\u00a0 tra il centro della citt\u00e0 e la\u00a0 localit\u00e0 Valcozzena. Maurizio Trevisan (71 anni) \u00e8 stato una colonna importante nell&#8217;industria del Cavalier Leonardo Del Vecchio. Uomo che ha meritato grande rispetto da parte di chi ha avuto la fortuna di condividerne il percorso lavorativo nello stabilimento Luxottica di Agordo. Capo reparto della finitura,\u00a0 era un punto di riferimento per gli operai e non solo. Maestro del lavoro,\u00a0 aveva ricevuto la stella al merito, era dirigente quadro Luxottica. Lascia la moglie Mara e i figli Michela e Luca, il genero Giorgio, la nuora Ilaria, gli adorati nipoti Samuele, Eleonora e il piccolo Jacopo, il fratello e le sorelle.<br \/>\n<strong>I funerali avranno luogo lunedi alle 15 nella chiesa Arcidiaconale di Agordo, il rosario verr\u00e0 recitato domenica alle 20.<\/strong><\/p>\n<p>&nbsp;<\/p>\n<p>&nbsp;<\/p>\n<hr \/>\n<p>&nbsp;<\/p>\n<blockquote>\n<h3>CADE DALLA SCALA, APPRENSIONE A SOPRACRODA PER ROMEO BRISTOT<\/h3>\n<\/blockquote>\n<p><strong><img loading=\"lazy\" decoding=\"async\" class=\"alignleft\" src=\"https:\/\/www.radiopiu.net\/wordpress\/wp-content\/uploads\/2022\/02\/4063da5f-f442-4e26-9beb-eb7473b3f855.jpg\" width=\"146\" height=\"97\" \/>BELLUNO<\/strong> Romeo Bristot, 79 anni di Sopracroda \u00e8 ricoverato in gravi condizioni all&#8217;ospedale C\u00e0 Foncello di Treviso. Ieri stava lavorando in casa quando ha perso l&#8217;equilibrio cadendo da una scala da circa un metro e mezzo di altezza. Ha sbattuto la testa rimediando un forte trauma cranico. L&#8217;uomo \u00e8 stato soccorso dall&#8217;elicottero del Suem e dopo un primo controllo al San Martino la decisione del trasferimento a Treviso. Apprensione in paese anche nelle tante realt\u00e0 in cui Romeo \u00e8 impegnato come volontario nel Cai, Centro Servizi, Donatori del sangue.<br \/>\nIeri i sanitari dell&#8217;ambulanza sono inoltre intervenuti tre volte in via Mezzaterra per altrettanti malori, alle 12 una donna di 62 anni \u00e8 caduta in strada riportando ferite al viso, un&#8217;altra si \u00e8 sentita male in un negozio, un 52enne \u00e8 stato soccorso in casa, ha battuto la testa\u00a0 in seguito ad un malore.<\/p>\n<p>&nbsp;<\/p>\n<hr \/>\n<p>&nbsp;<\/p>\n<blockquote>\n<h3>E&#8217; CACCIA ALL&#8217;EVASO IN TUTTA EUROPA<\/h3>\n<\/blockquote>\n<p><strong><a class=\"dt-pswp-item\" href=\"https:\/\/www.radiopiu.net\/wordpress\/wp-content\/uploads\/2022\/06\/edison.jpg\" data-dt-img-description=\"\" data-large_image_width=\"421\" data-large_image_height=\"242\"><img loading=\"lazy\" decoding=\"async\" class=\" wp-image-280709 alignleft\" src=\"https:\/\/www.radiopiu.net\/wordpress\/wp-content\/uploads\/2022\/06\/edison-150x150.jpg\" alt=\"\" width=\"94\" height=\"94\" \/><\/a>TREVISO\u00a0<\/strong> E&#8217; massima allerta in tutto il paese, soprattutto alle frontiere. Si cerca Edison Pula l&#8217;evaso dal carcere di Treviso. Il 27enne albanese, dopo aver segato con due lame le sbarre della propria cella del carcere di Treviso si \u00e8 calato con le lenzuola ed ha superato un muro di 5 metri prima di far perdere le proprie tracce. Al momento senza esito le segnalazioni di ipotetici avvistamenti. Le ricerche sono ora estese a tutta Europa. Pula e il suo compagno di stanza (il terzo non ha partecipato all&#8217;evasione), hanno utilizzato le lame di due seghetti per rompere le sbarre. In quel momento nell&#8217;ala dell&#8217;evasione di guardia c&#8217;era solo un agente della penitenziaria.<\/p>\n<\/div>\n<p>&nbsp;<\/p>\n<hr \/>\n<p>&nbsp;<\/p>\n<blockquote>\n<h3>BELLUNESI AL VOTO, DOMANI URNE APERTE PER IL RINNOVO DELLE AMMINISTRAZIONE COMUNALI E IL VOTO REFERENDARIO<\/h3>\n<\/blockquote>\n<p><strong><a class=\"dt-pswp-item\" href=\"https:\/\/www.radiopiu.net\/wordpress\/wp-content\/uploads\/2021\/10\/risultati-elezioni-comunali-2021-amministrative-oggi-today-2.jpg\" data-dt-img-description=\"\" data-large_image_width=\"640\" data-large_image_height=\"360\"><img loading=\"lazy\" decoding=\"async\" class=\" wp-image-235320 alignleft\" src=\"https:\/\/www.radiopiu.net\/wordpress\/wp-content\/uploads\/2021\/10\/risultati-elezioni-comunali-2021-amministrative-oggi-today-2-150x150.jpg\" alt=\"\" width=\"131\" height=\"131\" \/><\/a>BELLUNO<\/strong>\u00a0 Si voter\u00e0\u00a0 in 12 comuni anche nei pi\u00f9 popolati della provincia,\u00a0 Belluno e Feltre.\u00a0 Cortina\u00a0 sceglier\u00e0 il sindaco &#8220;olimpico&#8221;. Falcade e\u00a0 Soverzene eviteranno l&#8217;ostacolo quorum con le liste Civetta, a Rivamonte sar\u00e0 invece proprio il quorum l&#8217;unico avversario di Nino Deon,\u00a0 il decreto legge elezioni, tuttavia, ha abbassato il quorum\u00a0 al 40% e il voto degli iscritti all&#8217;Aire (Anagrafe degli italiani residenti all&#8217;estero) sar\u00e0 scorporato dal totale. Sono 82.729 gli elettori bellunesi: 3.003 ad Auronzo (2 liste), 33.729 a Belluno (3), 4.930 a Cesiomaggiore (1676 Aire) (1), 5.092 a Cortina d&#8217;Ampezzo (4), 2.083 a Falcade (2), 19.779 a Feltre (3), 4.870 a Fonzaso (2368 Aire) (1), 4.090 a Lamon (3), 682 a Rivamonte Agordino (147 Aire) (1), 1.966 a San Gregorio nelle Alpi (3), 1.112 a Soverzene (787 Aire) (2), 1.393 a Tambre (278 Aire) (1). Domani non si voter\u00e0 soltanto per le Comunali. Tutti i cittadini potranno esprimersi su cinque referendum abrogativi in tema di giustizia. I quesiti referendari, promossi da Lega e radicali Lo spoglio delle schede sar\u00e0 luned\u00ec pomeriggio.<\/p>\n<p>&nbsp;<\/p>\n<p>&nbsp;<\/p>\n<hr \/>\n<p>&nbsp;<\/p>\n<blockquote>\n<h3>RICONFERMATO CON 3.800.000 EURO DI FINANZIAMENTO IL MODELLO DI TELESOCCORSO E TELEASSISTENZA REGIONALE<\/h3>\n<\/blockquote>\n<p><strong><a class=\"dt-pswp-item\" href=\"https:\/\/www.radiopiu.net\/wordpress\/wp-content\/uploads\/2018\/06\/sanita.jpg\" data-dt-img-description=\"\" data-large_image_width=\"1280\" data-large_image_height=\"803\"><img loading=\"lazy\" decoding=\"async\" class=\"size-thumbnail wp-image-51292 alignleft\" src=\"https:\/\/www.radiopiu.net\/wordpress\/wp-content\/uploads\/2018\/06\/sanita-150x150.jpg\" alt=\"\" width=\"150\" height=\"150\" \/><\/a>VENEZIA <\/strong>La Giunta Regionale ha confermato il modello organizzativo di gestione da parte di Azienda Zero del servizio di telesoccorso e teleassistenza. Alle attivit\u00e0 sono state destinate risorse provenienti dal Fondo nazionale per le Politiche sociali per un valore di oltre 3.800.000 euro. Il servizio di Telesoccorso (TSO) \u00e8 progettato per rilevare in tempo reale, 24 ore su 24 e tutti i giorni dell\u2019anno, le situazioni di emergenza che si verificano presso il domicilio dell\u2019assistito, al fine di consentirne la gestione da remoto attraverso l\u2019attivazione tempestiva delle forme pi\u00f9 idonee di soccorso e di assistenza. Il servizio di Telecontrollo (TCO) consiste in un ricorrente e programmato contatto telefonico con ciascun utente, fatto prevalentemente dallo stesso operatore per monitorare la quotidianit\u00e0 dell\u2019assistito, i suoi bisogni e la funzionalit\u00e0 dell\u2019apparecchiatura condotto in giorni e ad orari prestabiliti, a cura del personale operativo della Centrale dell\u2019operatore gestore del servizio. Dei 17.395 cittadini assistititi, 15.134 sono di sesso femminile e 2.261 maschile. Quelli compresi tra gli 80 e gli 84 anni di et\u00e0 sono 3.814, quelli tra gli 85 e gli 89 sono 5.493. Sono 5.562 quelli di et\u00e0 superiore ai 90 anni e 305 quelli di et\u00e0 inferiore ai 64 anni.<\/p>\n<p>&nbsp;<\/p>\n<p>&nbsp;<\/p>\n<hr \/>\n<p>&nbsp;<\/p>\n<blockquote>\n<h3>I NUOVI PRIMARI DELLA ULSS1 DOLOMITI. CARRARO &#8220;IL PRIMARIO E&#8217; SEMPRE UN PUNTO DI GARANZIA ANCHE PER L&#8217;UTENTE&#8221;<\/h3>\n<\/blockquote>\n<p><a class=\"dt-pswp-item\" href=\"https:\/\/www.radiopiu.net\/wordpress\/wp-content\/uploads\/2022\/06\/460d1368-49fc-46cd-ba8a-e892572cb330.jpg\" data-dt-img-description=\"\" data-large_image_width=\"1600\" data-large_image_height=\"902\"><img loading=\"lazy\" decoding=\"async\" class=\"alignnone wp-image-280823 size-full\" src=\"https:\/\/www.radiopiu.net\/wordpress\/wp-content\/uploads\/2022\/06\/460d1368-49fc-46cd-ba8a-e892572cb330.jpg\" alt=\"\" width=\"1600\" height=\"902\" srcset=\"https:\/\/www.radiopiu.net\/wordpress\/wp-content\/uploads\/2022\/06\/460d1368-49fc-46cd-ba8a-e892572cb330.jpg 1600w, https:\/\/www.radiopiu.net\/wordpress\/wp-content\/uploads\/2022\/06\/460d1368-49fc-46cd-ba8a-e892572cb330-300x169.jpg 300w, https:\/\/www.radiopiu.net\/wordpress\/wp-content\/uploads\/2022\/06\/460d1368-49fc-46cd-ba8a-e892572cb330-1024x577.jpg 1024w, https:\/\/www.radiopiu.net\/wordpress\/wp-content\/uploads\/2022\/06\/460d1368-49fc-46cd-ba8a-e892572cb330-768x433.jpg 768w, https:\/\/www.radiopiu.net\/wordpress\/wp-content\/uploads\/2022\/06\/460d1368-49fc-46cd-ba8a-e892572cb330-1536x866.jpg 1536w\" sizes=\"auto, (max-width: 1600px) 100vw, 1600px\" \/><\/a><\/p>\n<p>&nbsp;<\/p>\n<p><strong>BELLUNO<\/strong><\/p>\n<p><strong>DI MORENO GIOLI<\/strong><\/p>\n<audio class=\"wp-audio-shortcode\" id=\"audio-280669-1\" preload=\"none\" style=\"width: 100%;\" controls=\"controls\"><source type=\"audio\/mpeg\" src=\"https:\/\/www.radiopiu.net\/wordpress\/wp-content\/uploads\/2022\/06\/moreno-gioli-servizio.mp3?_=1\" \/><a href=\"https:\/\/www.radiopiu.net\/wordpress\/wp-content\/uploads\/2022\/06\/moreno-gioli-servizio.mp3\">https:\/\/www.radiopiu.net\/wordpress\/wp-content\/uploads\/2022\/06\/moreno-gioli-servizio.mp3<\/a><\/audio>\n<p>&nbsp;<\/p>\n<p>&nbsp;<\/p>\n<p><strong>video, di Moreno Gioli &#8211; punto stampa &#8211;\u00a0 con la dottoressa Maria Grazia Carraro<\/strong><\/p>\n<div style=\"width: 640px;\" class=\"wp-video\"><video class=\"wp-video-shortcode\" id=\"video-280669-1\" width=\"640\" height=\"352\" preload=\"metadata\" controls=\"controls\"><source type=\"video\/mp4\" src=\"https:\/\/www.radiopiu.net\/wordpress\/wp-content\/uploads\/2022\/06\/CARRY.mp4?_=1\" \/><a href=\"https:\/\/www.radiopiu.net\/wordpress\/wp-content\/uploads\/2022\/06\/CARRY.mp4\">https:\/\/www.radiopiu.net\/wordpress\/wp-content\/uploads\/2022\/06\/CARRY.mp4<\/a><\/video><\/div>\n<p>&nbsp;<\/p>\n<p>&nbsp;<\/p>\n<hr \/>\n<p>&nbsp;<\/p>\n<blockquote>\n<h3><a class=\"dt-pswp-item\" href=\"https:\/\/www.radiopiu.net\/wordpress\/wp-content\/uploads\/2021\/10\/bc03a212-dd05-424e-8884-05a7959c32c4.jpg\" data-dt-img-description=\"\" data-large_image_width=\"1920\" data-large_image_height=\"1080\"><img loading=\"lazy\" decoding=\"async\" class=\"size-thumbnail wp-image-238230 alignleft\" src=\"https:\/\/www.radiopiu.net\/wordpress\/wp-content\/uploads\/2021\/10\/bc03a212-dd05-424e-8884-05a7959c32c4-150x150.jpg\" alt=\"\" width=\"150\" height=\"150\" \/><\/a>L&#8217;ADDIO ALLA VITA AMMINISTRATIVA DI MICHELE COSTA, L&#8217;ULTIMA SEDUTA IN UNIONE MONTANA E L&#8217;APPELLO AI SINDACI<\/h3>\n<p>DI GIANNI SANTOMASO<\/p><\/blockquote>\n<audio class=\"wp-audio-shortcode\" id=\"audio-280669-2\" preload=\"none\" style=\"width: 100%;\" controls=\"controls\"><source type=\"audio\/mpeg\" src=\"https:\/\/www.radiopiu.net\/wordpress\/wp-content\/uploads\/2022\/06\/GIANNI-SALUTO-MICHELE.mp3?_=2\" \/><a href=\"https:\/\/www.radiopiu.net\/wordpress\/wp-content\/uploads\/2022\/06\/GIANNI-SALUTO-MICHELE.mp3\">https:\/\/www.radiopiu.net\/wordpress\/wp-content\/uploads\/2022\/06\/GIANNI-SALUTO-MICHELE.mp3<\/a><\/audio>\n<p><strong>L&#8217;INTERVENTO DI MICHELE COSTA<\/strong><\/p>\n<audio class=\"wp-audio-shortcode\" id=\"audio-280669-3\" preload=\"none\" style=\"width: 100%;\" controls=\"controls\"><source type=\"audio\/mpeg\" src=\"https:\/\/www.radiopiu.net\/wordpress\/wp-content\/uploads\/2022\/06\/CONSIGLIO-SALUTO-COSTA.mp3?_=3\" \/><a href=\"https:\/\/www.radiopiu.net\/wordpress\/wp-content\/uploads\/2022\/06\/CONSIGLIO-SALUTO-COSTA.mp3\">https:\/\/www.radiopiu.net\/wordpress\/wp-content\/uploads\/2022\/06\/CONSIGLIO-SALUTO-COSTA.mp3<\/a><\/audio>\n<p><strong>L&#8217;INTERVISTA DEI SALUTI<\/strong><\/p>\n<audio class=\"wp-audio-shortcode\" id=\"audio-280669-4\" preload=\"none\" style=\"width: 100%;\" controls=\"controls\"><source type=\"audio\/mpeg\" src=\"https:\/\/www.radiopiu.net\/wordpress\/wp-content\/uploads\/2022\/06\/INTERVISTA-FINALE-COSTA.mp3?_=4\" \/><a href=\"https:\/\/www.radiopiu.net\/wordpress\/wp-content\/uploads\/2022\/06\/INTERVISTA-FINALE-COSTA.mp3\">https:\/\/www.radiopiu.net\/wordpress\/wp-content\/uploads\/2022\/06\/INTERVISTA-FINALE-COSTA.mp3<\/a><\/audio>\n<p>&nbsp;<\/p>\n<hr \/>\n<p>&nbsp;<\/p>\n<p>&nbsp;<\/p>\n<blockquote>\n<h3>ALLO SPERTI LA KAIROS &#8220;ORGANIZZA&#8221; IL CONVITTO<\/h3>\n<\/blockquote>\n<p><strong>BELLUNO<\/strong> Le famiglie delle terre alte tirano un sospiro di sollievo. Il tanto atteso messaggio \u00e8 arrivato in giornata tramite whatsApp. Un primo contatto da parte della\u00a0 collaboratrice della cooperativa Kairos che sta gestendo lo Sperti. Nei prossimi giorni ci saranno gli incontri con le famiglie con l&#8217;auspicabile speranza che a settembre il convitto funzioni a forza piena, un pensiero in meno\u00a0 per le comunit\u00e0 maggiormente periferiche.<\/p>\n<p>&#8212;&#8212;&#8212;&#8212;&#8212;&#8212;&#8212;&#8212;&#8212;&#8212;&#8212;&#8212;&#8212;&#8212;&#8212;<\/p>\n<p><span style=\"color: #ff0000;\"><strong>MERCOLEDI ALLA RADIO<\/strong><\/span><\/p>\n<blockquote>\n<h3>CONVITTO SPERTI LA DIOCESI INFORMA LE FAMIGLIE &#8220;STIAMO PROCEDENDO PER DARE CONTINUITA&#8217; ALLA STRUTTURA&#8221;<\/h3>\n<\/blockquote>\n<p><strong><img loading=\"lazy\" decoding=\"async\" class=\"alignleft\" src=\"https:\/\/www.radiopiu.net\/wordpress\/wp-content\/uploads\/2022\/04\/istitutosperti-1.jpg\" width=\"195\" height=\"59\" \/>BELLUNO<\/strong> Le famiglie hanno ricevuto comunicazione dal Presidente dell&#8217;Opera San Martino Vescovo, Don Massimiliano Zoccoletti, che sono in corso interlocuzioni per dare continuit\u00e0 alla struttura dello Sperti, affidandone la gestione alla Cooperativa Kairos che gi\u00e0 cura il centro estivo che sta studiando le soluzioni per mantenere i servizi allo Sperti: il convitto a favore degli studenti delle superiori provenienti dalle aree pi\u00f9 periferiche della provincia e il semi convitto per i bambini e ragazzi di Belluno<em>. &#8220;La Cooperativa <\/em>&#8211; assicura Don Massimiliano <em>&#8211; nel momento in cui sar\u00e0 maturata la proposta avr\u00e0 la premura di darne comunicazione alle famiglie&#8221;.<\/em> L&#8217;Opera San Martino \u00e8 l&#8217;ente titolare delle attivit\u00e0 che si svolgono allo Sperti <em>&#8220;Se fino ad oggi non si \u00e8 dato conto delle interlocuzioni &#8211; <\/em>\u00e8 stato scritto alla famiglie<em> &#8211; \u00e8 solo perch\u00e9 \u00e8 parso corretto non creare illusioni. Ora per\u00f2 s&#8217;aprono alcuni spiragli&#8221;.<\/em> Lo scorso aprile, in concomitanza con la Pasqua, il vescovo Renato Marangoni dava notizia dell&#8217;impossibilit\u00e0 di dare continuit\u00e0 al servizio. Inevitabili le reazioni di protesta che hanno animato il dibattito sugli organi di informazione locale che hanno attirato l&#8217;attenzione delle istituzioni e della societ\u00e0 civile sul servizio che negli ultimi decenni ha offerto alle famiglie di Belluno e alle studentesse che avevano e ancora hanno bisogno di una sistemazione per poter frequentare le scuole superiori a Belluno.<\/p>\n<p>&nbsp;<\/p>\n<p>&nbsp;<\/p>\n<hr \/>\n<p>&nbsp;<\/p>\n<blockquote>\n<h3>RACCOLTA FUNGHI, IL NUOVO REGOLAMENTO. CAMBIA IL MODO DI PAGAMENTO TELEMATICO VERSO LA PUBBLICA AMMINISTRAZIONE\u00a0con il pago PA, incassa l&#8217;Unione Montana Agordina<\/h3>\n<\/blockquote>\n<p><strong><img loading=\"lazy\" decoding=\"async\" class=\"alignleft\" src=\"https:\/\/www.radiopiu.net\/wordpress\/wp-content\/uploads\/2022\/02\/mushrooms-548360__340.webp\" width=\"167\" height=\"111\" \/>AGORDO<\/strong> Non cambia nulla o quasi nel regolamento per la raccolta funghi, ma cambia il modo di pagare attraverso i canali telematici. L&#8217;intervento del Presidente dell&#8217;Unione Montana Michele Costa<\/p>\n<audio class=\"wp-audio-shortcode\" id=\"audio-280669-5\" preload=\"none\" style=\"width: 100%;\" controls=\"controls\"><source type=\"audio\/mpeg\" src=\"https:\/\/www.radiopiu.net\/wordpress\/wp-content\/uploads\/2022\/06\/CONSIGLIO-FUNGHI.mp3?_=5\" \/><a href=\"https:\/\/www.radiopiu.net\/wordpress\/wp-content\/uploads\/2022\/06\/CONSIGLIO-FUNGHI.mp3\">https:\/\/www.radiopiu.net\/wordpress\/wp-content\/uploads\/2022\/06\/CONSIGLIO-FUNGHI.mp3<\/a><\/audio>\n<p>&nbsp;<\/p>\n<p><strong>L&#8217;INTERVISTA<\/strong><\/p>\n<audio class=\"wp-audio-shortcode\" id=\"audio-280669-6\" preload=\"none\" style=\"width: 100%;\" controls=\"controls\"><source type=\"audio\/mpeg\" src=\"https:\/\/www.radiopiu.net\/wordpress\/wp-content\/uploads\/2022\/06\/INTERVISTAS-FUNGHI.mp3?_=6\" \/><a href=\"https:\/\/www.radiopiu.net\/wordpress\/wp-content\/uploads\/2022\/06\/INTERVISTAS-FUNGHI.mp3\">https:\/\/www.radiopiu.net\/wordpress\/wp-content\/uploads\/2022\/06\/INTERVISTAS-FUNGHI.mp3<\/a><\/audio>\n<p>&nbsp;<\/p>\n<hr \/>\n<p>&nbsp;<\/p>\n<blockquote>\n<h3>L&#8217;ULTIMA OMELIA DI MONSIGNOR GIORGIO LISE: &#8220;INTITOLATE L&#8217;OSPEDALE A PAPA LUCIANI!&#8221;<\/h3>\n<\/blockquote>\n<p style=\"text-align: left;\"><strong><a class=\"dt-pswp-item\" href=\"http:\/\/www.radiopiu.net\/wordpress\/wp-content\/uploads\/2019\/09\/ed553f83-bc7c-4437-be8e-d9a3d06e0ed1.jpg\" data-dt-img-description=\"\" data-large_image_width=\"901\" data-large_image_height=\"1600\"><img loading=\"lazy\" decoding=\"async\" class=\" wp-image-100434 alignleft\" src=\"http:\/\/www.radiopiu.net\/wordpress\/wp-content\/uploads\/2019\/09\/ed553f83-bc7c-4437-be8e-d9a3d06e0ed1-169x300.jpg\" alt=\"\" width=\"126\" height=\"224\" srcset=\"https:\/\/www.radiopiu.net\/wordpress\/wp-content\/uploads\/2019\/09\/ed553f83-bc7c-4437-be8e-d9a3d06e0ed1-169x300.jpg 169w, https:\/\/www.radiopiu.net\/wordpress\/wp-content\/uploads\/2019\/09\/ed553f83-bc7c-4437-be8e-d9a3d06e0ed1-768x1364.jpg 768w, https:\/\/www.radiopiu.net\/wordpress\/wp-content\/uploads\/2019\/09\/ed553f83-bc7c-4437-be8e-d9a3d06e0ed1-577x1024.jpg 577w, https:\/\/www.radiopiu.net\/wordpress\/wp-content\/uploads\/2019\/09\/ed553f83-bc7c-4437-be8e-d9a3d06e0ed1.jpg 901w\" sizes=\"auto, (max-width: 126px) 100vw, 126px\" \/><\/a>AGORDO Risuonano le parole di Monsignor Giorgio Lise, quelle dell&#8217;omelia del settembre 2019 quando l&#8217;Arcidiacono di Agordo chiedeva a gran voce di perorare la causa di intitolazione del nosocomio a Papa Luciani. <\/strong><em>\u00a0Don Giorgio \u00e8 sempre stato accanto a chi ha difeso il nosocomio agordino, anche nell&#8217;ultima omelia invitando di nuovo i cittadini\u00a0 (come fatto nel 2012) a difenderlo intitolandolo al Papa di Canale d&#8217;Agordo&#8230;perch\u00e9 potrebbe aiutare a non fargli fare la fine delle attivit\u00e0 di Agordo che hanno abbassato la serranda, per sempre.\u00a0<\/em><\/p>\n<p>&nbsp;<\/p>\n<p>&nbsp;<\/p>\n<p>&nbsp;<\/p>\n<p style=\"text-align: left;\"><em><br \/>\n<strong>IL MESSAGGIO DI MONSIGNOR GIORGIO LISE SULL&#8217;OSPEDALE DI AGORDO<\/strong><\/em><\/p>\n<audio class=\"wp-audio-shortcode\" id=\"audio-280669-7\" preload=\"none\" style=\"width: 100%;\" controls=\"controls\"><source type=\"audio\/mpeg\" src=\"https:\/\/www.radiopiu.net\/wordpress\/wp-content\/uploads\/2019\/09\/GIORGIO.mp3?_=7\" \/><a href=\"https:\/\/www.radiopiu.net\/wordpress\/wp-content\/uploads\/2019\/09\/GIORGIO.mp3\">https:\/\/www.radiopiu.net\/wordpress\/wp-content\/uploads\/2019\/09\/GIORGIO.mp3<\/a><\/audio>\n<p>&nbsp;<\/p>\n<p><em><strong>MONSIGNOR LISE OGGI, IL SUO PENSIERO<\/strong><\/em><\/p>\n<audio class=\"wp-audio-shortcode\" id=\"audio-280669-8\" preload=\"none\" style=\"width: 100%;\" controls=\"controls\"><source type=\"audio\/mpeg\" src=\"https:\/\/www.radiopiu.net\/wordpress\/wp-content\/uploads\/2022\/06\/GIORGIO-PARLA.mp3?_=8\" \/><a href=\"https:\/\/www.radiopiu.net\/wordpress\/wp-content\/uploads\/2022\/06\/GIORGIO-PARLA.mp3\">https:\/\/www.radiopiu.net\/wordpress\/wp-content\/uploads\/2022\/06\/GIORGIO-PARLA.mp3<\/a><\/audio>\n<p>&nbsp;<\/p>\n<p>&nbsp;<\/p>\n<hr \/>\n<p>&nbsp;<\/p>\n<blockquote>\n<h3>ALLA PAULIN DI SEREN DE GRAPPA VITTORIA PER LA FEMCA CISL<\/h3>\n<\/blockquote>\n<div align=\"left\"><span style=\"color: #000000; font-family: Helvetica;\"><strong><a class=\"dt-pswp-item\" href=\"https:\/\/www.radiopiu.net\/wordpress\/wp-content\/uploads\/2022\/06\/th-4.jpg\" data-dt-img-description=\"\" data-large_image_width=\"222\" data-large_image_height=\"166\"><img loading=\"lazy\" decoding=\"async\" class=\" wp-image-280798 alignleft\" src=\"https:\/\/www.radiopiu.net\/wordpress\/wp-content\/uploads\/2022\/06\/th-4-150x150.jpg\" alt=\"\" width=\"105\" height=\"105\" \/><\/a>SEREN DEL GRAPPA<\/strong> Rinnovo delle Rsu al colorificio Paulin di Seren del Grappa, la Femca Cisl ha ottenuto 34 voti su 50, eleggendo due delegati: Alan Mantani (21 preferenze) e Francesco Zancanaro (11 voti). 15 i voti ottenuti dalla Filctem Cgil, che ha eletto un rappresentante, Karim Arbaoui. Dei 70 dipendenti aventi diritto, si sono recati alle urne 50 lavoratori. <\/span><em><span style=\"color: #000000; font-family: Helvetica;\">\u201cEra da tempo che non si svolgevano le elezioni in questo stabilimento &#8211; afferma il sindacalista della Femca Cisl Belluno Treviso Mauro Dalla Rosa &#8211; e il risultato, anche a livello di partecipazione, non pu\u00f2 che incoraggiarci. Ora, grazie al rinnovato entusiasmo, alla fondamentale partecipazione dei lavoratori e all&#8217;importante risultato ottenuto, ci impegneremo nel continuare il nostro lavoro di ascolto e rappresentanza dei bisogni dei lavoratori\u201d.<\/span><\/em><\/div>\n<p>&nbsp;<\/p>\n<p>&nbsp;<\/p>\n<hr \/>\n<p>&nbsp;<\/p>\n<blockquote class=\"wp-embedded-content\" data-secret=\"AbPJU2Ee3g\"><p><a href=\"https:\/\/www.radiopiu.net\/wordpress\/aggnazionalegiugno10\/\">CORONAVIRUS: AGGIORNAMENTO NAZIONALE 10 GIUGNO 2022<\/a><\/p><\/blockquote>\n<p><iframe loading=\"lazy\" class=\"wp-embedded-content\" sandbox=\"allow-scripts\" security=\"restricted\" style=\"position: absolute; clip: rect(1px, 1px, 1px, 1px);\" title=\"&#8220;CORONAVIRUS: AGGIORNAMENTO NAZIONALE 10 GIUGNO 2022&#8221; &#8212; Radio Pi\u00f9\" src=\"https:\/\/www.radiopiu.net\/wordpress\/aggnazionalegiugno10\/embed\/#?secret=sH0Fg7h0SE#?secret=AbPJU2Ee3g\" data-secret=\"AbPJU2Ee3g\" width=\"600\" height=\"338\" frameborder=\"0\" marginwidth=\"0\" marginheight=\"0\" scrolling=\"no\"><\/iframe><\/p>\n<p>&nbsp;<\/p>\n<p>&nbsp;<\/p>\n<blockquote class=\"wp-embedded-content\" data-secret=\"JlIqQd4vxP\"><p><a href=\"https:\/\/www.radiopiu.net\/wordpress\/aggazzerogiugno10\/\">TRE DECESSI, QUASI 2 MILA NUOVE POSITIVITA&#8217; NELLE ULTIME 24 ORE. RICOVERI IN CALO<\/a><\/p><\/blockquote>\n<p><iframe loading=\"lazy\" class=\"wp-embedded-content\" sandbox=\"allow-scripts\" security=\"restricted\" style=\"position: absolute; clip: rect(1px, 1px, 1px, 1px);\" title=\"&#8220;TRE DECESSI, QUASI 2 MILA NUOVE POSITIVITA&#8217; NELLE ULTIME 24 ORE. RICOVERI IN CALO&#8221; &#8212; Radio Pi\u00f9\" src=\"https:\/\/www.radiopiu.net\/wordpress\/aggazzerogiugno10\/embed\/#?secret=O5676lTw9P#?secret=JlIqQd4vxP\" data-secret=\"JlIqQd4vxP\" width=\"600\" height=\"338\" frameborder=\"0\" marginwidth=\"0\" marginheight=\"0\" scrolling=\"no\"><\/iframe><\/p>\n<p>&nbsp;<\/p>\n<h2 dir=\"auto\">I GRAFICI DI TIZIANO DE COL<\/h2>\n\n\t\t\t<style type='text\/css'>\n\t\t\t\t#gallery-2 {\n\t\t\t\t\tmargin: auto;\n\t\t\t\t}\n\t\t\t\t#gallery-2 .gallery-item {\n\t\t\t\t\tfloat: left;\n\t\t\t\t\tmargin-top: 10px;\n\t\t\t\t\ttext-align: center;\n\t\t\t\t\twidth: 33%;\n\t\t\t\t}\n\t\t\t\t#gallery-2 img {\n\t\t\t\t\tborder: 2px solid #cfcfcf;\n\t\t\t\t}\n\t\t\t\t#gallery-2 .gallery-caption {\n\t\t\t\t\tmargin-left: 0;\n\t\t\t\t}\n\t\t\t\t\/* see gallery_shortcode() in wp-includes\/media.php *\/\n\t\t\t<\/style>\n\t\t<div id='gallery-2' class='dt-gallery-container gallery galleryid-280669 gallery-columns-3 gallery-size-thumbnail'><dl class='gallery-item'>\n\t\t\t\t<dt class='gallery-icon landscape'>\n\t\t\t\t\t<a class=\"rollover rollover-zoom dt-pswp-item\" title=\"fd83c02d-a735-4a19-8926-3b3506789438\" data-dt-img-description=\"\" data-large_image_width=\"595\" data-large_image_height=\"357\"href='https:\/\/www.radiopiu.net\/wordpress\/wp-content\/uploads\/2022\/06\/fd83c02d-a735-4a19-8926-3b3506789438.jpg'><img loading=\"lazy\" decoding=\"async\" width=\"150\" height=\"150\" src=\"https:\/\/www.radiopiu.net\/wordpress\/wp-content\/uploads\/2022\/06\/fd83c02d-a735-4a19-8926-3b3506789438-150x150.jpg\" class=\"attachment-thumbnail size-thumbnail\" alt=\"\" \/><\/a>\n\t\t\t\t<\/dt><\/dl><dl class='gallery-item'>\n\t\t\t\t<dt class='gallery-icon landscape'>\n\t\t\t\t\t<a class=\"rollover rollover-zoom dt-pswp-item\" title=\"9f8728ad-cbc0-4b62-ad2a-bc493889199c\" data-dt-img-description=\"\" data-large_image_width=\"592\" data-large_image_height=\"362\"href='https:\/\/www.radiopiu.net\/wordpress\/wp-content\/uploads\/2022\/06\/9f8728ad-cbc0-4b62-ad2a-bc493889199c.jpg'><img loading=\"lazy\" decoding=\"async\" width=\"150\" height=\"150\" src=\"https:\/\/www.radiopiu.net\/wordpress\/wp-content\/uploads\/2022\/06\/9f8728ad-cbc0-4b62-ad2a-bc493889199c-150x150.jpg\" class=\"attachment-thumbnail size-thumbnail\" alt=\"\" \/><\/a>\n\t\t\t\t<\/dt><\/dl><dl class='gallery-item'>\n\t\t\t\t<dt class='gallery-icon landscape'>\n\t\t\t\t\t<a class=\"rollover rollover-zoom dt-pswp-item\" title=\"588eb447-4ff4-4054-8a8f-c2abc8a55048\" data-dt-img-description=\"\" data-large_image_width=\"608\" data-large_image_height=\"358\"href='https:\/\/www.radiopiu.net\/wordpress\/wp-content\/uploads\/2022\/06\/588eb447-4ff4-4054-8a8f-c2abc8a55048.jpg'><img loading=\"lazy\" decoding=\"async\" width=\"150\" height=\"150\" src=\"https:\/\/www.radiopiu.net\/wordpress\/wp-content\/uploads\/2022\/06\/588eb447-4ff4-4054-8a8f-c2abc8a55048-150x150.jpg\" class=\"attachment-thumbnail size-thumbnail\" alt=\"\" \/><\/a>\n\t\t\t\t<\/dt><\/dl><br style=\"clear: both\" \/><dl class='gallery-item'>\n\t\t\t\t<dt class='gallery-icon landscape'>\n\t\t\t\t\t<a class=\"rollover rollover-zoom dt-pswp-item\" title=\"83638e48-a2c9-4217-9e3e-b2d50a177f71\" data-dt-img-description=\"\" data-large_image_width=\"612\" data-large_image_height=\"359\"href='https:\/\/www.radiopiu.net\/wordpress\/wp-content\/uploads\/2022\/06\/83638e48-a2c9-4217-9e3e-b2d50a177f71.jpg'><img loading=\"lazy\" decoding=\"async\" width=\"150\" height=\"150\" src=\"https:\/\/www.radiopiu.net\/wordpress\/wp-content\/uploads\/2022\/06\/83638e48-a2c9-4217-9e3e-b2d50a177f71-150x150.jpg\" class=\"attachment-thumbnail size-thumbnail\" alt=\"\" \/><\/a>\n\t\t\t\t<\/dt><\/dl><dl class='gallery-item'>\n\t\t\t\t<dt class='gallery-icon landscape'>\n\t\t\t\t\t<a class=\"rollover rollover-zoom dt-pswp-item\" title=\"baa7365e-f39c-4833-999e-425862575cbb\" data-dt-img-description=\"\" data-large_image_width=\"612\" data-large_image_height=\"351\"href='https:\/\/www.radiopiu.net\/wordpress\/wp-content\/uploads\/2022\/06\/baa7365e-f39c-4833-999e-425862575cbb.jpg'><img loading=\"lazy\" decoding=\"async\" width=\"150\" height=\"150\" src=\"https:\/\/www.radiopiu.net\/wordpress\/wp-content\/uploads\/2022\/06\/baa7365e-f39c-4833-999e-425862575cbb-150x150.jpg\" class=\"attachment-thumbnail size-thumbnail\" alt=\"\" \/><\/a>\n\t\t\t\t<\/dt><\/dl><dl class='gallery-item'>\n\t\t\t\t<dt class='gallery-icon landscape'>\n\t\t\t\t\t<a class=\"rollover rollover-zoom dt-pswp-item\" title=\"dd1ea73a-7468-4297-baed-3298b4cae624\" data-dt-img-description=\"\" data-large_image_width=\"608\" data-large_image_height=\"355\"href='https:\/\/www.radiopiu.net\/wordpress\/wp-content\/uploads\/2022\/06\/dd1ea73a-7468-4297-baed-3298b4cae624.jpg'><img loading=\"lazy\" decoding=\"async\" width=\"150\" height=\"150\" src=\"https:\/\/www.radiopiu.net\/wordpress\/wp-content\/uploads\/2022\/06\/dd1ea73a-7468-4297-baed-3298b4cae624-150x150.jpg\" class=\"attachment-thumbnail size-thumbnail\" alt=\"\" \/><\/a>\n\t\t\t\t<\/dt><\/dl><br style=\"clear: both\" \/>\n\t\t\t<\/div>\n\n<p>&nbsp;<\/p>\n<hr \/>\n<p>&nbsp;<\/p>\n<blockquote>\n<h3><span dir=\"ltr\" role=\"presentation\">GUARDIA DI FINANZA: CONTRASTO AGLI ILLECITI NEL SETTORE DEI PRODOTTI <\/span><span dir=\"ltr\" role=\"presentation\">ENERGETICI<\/span><\/h3>\n<\/blockquote>\n<p><span dir=\"ltr\" role=\"presentation\"><strong><a class=\"dt-pswp-item\" href=\"https:\/\/www.radiopiu.net\/wordpress\/wp-content\/uploads\/2021\/07\/f4c337a3-ac9c-493f-80be-951c4d412476.jpg\" data-dt-img-description=\"\" data-large_image_width=\"1080\" data-large_image_height=\"763\"><img loading=\"lazy\" decoding=\"async\" class=\" wp-image-222505 alignleft\" src=\"https:\/\/www.radiopiu.net\/wordpress\/wp-content\/uploads\/2021\/07\/f4c337a3-ac9c-493f-80be-951c4d412476-150x150.jpg\" alt=\"\" width=\"119\" height=\"119\" \/><\/a>REDAZIONE<\/strong> In Italia nei primi 5 mesi dell&#8217;anno in corso, sono stati svolti, al riguardo, circa 1.320 interventi di specie, rilevando oltre <\/span><span dir=\"ltr\" role=\"presentation\">690 violazioni. <\/span><span dir=\"ltr\" role=\"presentation\">Dette attivit\u00e0 mirano alla verifica, oltre che dei suddetti oneri di comunicazione, anche del rispetto degli obblighi <\/span><span dir=\"ltr\" role=\"presentation\">di esposizione e pubblicizzazione dei prezzi e sono estese, ove ne ricorrano i presupposti, per rilevare possibili <\/span><span dir=\"ltr\" role=\"presentation\">frodi, manovre anticoncorrenziali o pratiche commerciali scorrette. <\/span><span dir=\"ltr\" role=\"presentation\">Il settore dei prodotti energetici va presidiato anche in ragione del rischio di frodi fiscali che interessa il <\/span><span dir=\"ltr\" role=\"presentation\">comparto. <\/span><span dir=\"ltr\" role=\"presentation\">In tale ambito, sono stati eseguiti dalla Fiamme Gialle, nel medesimo periodo, oltre 850 interventi e sono state <\/span><span dir=\"ltr\" role=\"presentation\">concluse circa 100 deleghe di polizia giudiziaria, che hanno consentito di constatare oltre 230 milioni di euro di <\/span><span dir=\"ltr\" role=\"presentation\">imposta evasa, di sequestrare prodotti per oltre 630 tonnellate e di ricostruire un consumato in frode pari a 177 <\/span><span dir=\"ltr\" role=\"presentation\">mila tonnellate. 350 sono i soggetti denunciati. Inoltre, sono stati svolti circa 20 mila controlli sulla circolazione <\/span><span dir=\"ltr\" role=\"presentation\">dei prodotti sottoposti ad accise e ad imposte di consumo,<\/span><\/p>\n<p>&nbsp;<\/p>\n<hr \/>\n<p>&nbsp;<\/p>\n<blockquote>\n<h3>L&#8217;ADDESTRAMENTO DEL SOCCORSO ALPINO SULLA MOIAZZA E L&#8217;OMAGGIO A DANILO DEL FAVERO<\/h3>\n<\/blockquote>\n<p><strong><a class=\"dt-pswp-item\" href=\"https:\/\/www.radiopiu.net\/wordpress\/wp-content\/uploads\/2022\/06\/Schermata-2022-06-10-alle-09.37.19.png\" data-dt-img-description=\"\" data-large_image_width=\"1034\" data-large_image_height=\"732\"><img loading=\"lazy\" decoding=\"async\" class=\" wp-image-280720 alignleft\" src=\"https:\/\/www.radiopiu.net\/wordpress\/wp-content\/uploads\/2022\/06\/Schermata-2022-06-10-alle-09.37.19-150x150.png\" alt=\"\" width=\"108\" height=\"108\" \/><\/a>AGORDO<\/strong> Oggi il Soccorso alpino di Agordo ha programmato un addestramento in parete sulla Pala del B\u00f2. Per garantire la massima sicurezza, anche dal rischio di caduta sassi durante le manovre l&#8217;invito a non sostare o transitare nelle vicinanze.<\/p>\n<p>&nbsp;<\/p>\n<p><strong>\u00a0<\/strong><\/p>\n<h3><span style=\"color: #ff0000;\"><strong>L&#8217;OMAGGIO A DANILO DEL FAVERO<\/strong><\/span><\/h3>\n<p>Danilo Del Favero, classe 1948, \u00e8 tra i fondatori della Stazione del Soccorso alpino del Centro Cadore. Nei giorni scorsi il Soccorso Alpino lo ha premiato dopo il suo ritiro dall&#8217;attivit\u00e0 con una scultura in legno che rappresenta le Marmarole, con al centro un chiodo da roccia scolpito, opera di Matteo De Martin, anch&#8217;egli soccorritore. La cerimonia si \u00e8 svolta Al Fogher di Vigo di Cadore. Il grazie dal Soccorso Alpino per l&#8217;impegno profuso in tutti questi anni, per l&#8217;esperienza tramandata, per l&#8217;aiuto donato a chi ha avuto bisogno.<\/p>\n\n\t\t\t<style type='text\/css'>\n\t\t\t\t#gallery-3 {\n\t\t\t\t\tmargin: auto;\n\t\t\t\t}\n\t\t\t\t#gallery-3 .gallery-item {\n\t\t\t\t\tfloat: left;\n\t\t\t\t\tmargin-top: 10px;\n\t\t\t\t\ttext-align: center;\n\t\t\t\t\twidth: 50%;\n\t\t\t\t}\n\t\t\t\t#gallery-3 img {\n\t\t\t\t\tborder: 2px solid #cfcfcf;\n\t\t\t\t}\n\t\t\t\t#gallery-3 .gallery-caption {\n\t\t\t\t\tmargin-left: 0;\n\t\t\t\t}\n\t\t\t\t\/* see gallery_shortcode() in wp-includes\/media.php *\/\n\t\t\t<\/style>\n\t\t<div id='gallery-3' class='dt-gallery-container gallery galleryid-280669 gallery-columns-2 gallery-size-thumbnail'><dl class='gallery-item'>\n\t\t\t\t<dt class='gallery-icon portrait'>\n\t\t\t\t\t<a class=\"rollover rollover-zoom dt-pswp-item\" title=\"512c70c4-fbb1-4272-b355-faaadd5bffd7\" data-dt-img-description=\"\" data-large_image_width=\"541\" data-large_image_height=\"600\"href='https:\/\/www.radiopiu.net\/wordpress\/wp-content\/uploads\/2022\/06\/512c70c4-fbb1-4272-b355-faaadd5bffd7.jpg'><img loading=\"lazy\" decoding=\"async\" width=\"150\" height=\"150\" src=\"https:\/\/www.radiopiu.net\/wordpress\/wp-content\/uploads\/2022\/06\/512c70c4-fbb1-4272-b355-faaadd5bffd7-150x150.jpg\" class=\"attachment-thumbnail size-thumbnail\" alt=\"\" \/><\/a>\n\t\t\t\t<\/dt><\/dl><dl class='gallery-item'>\n\t\t\t\t<dt class='gallery-icon landscape'>\n\t\t\t\t\t<a class=\"rollover rollover-zoom dt-pswp-item\" title=\"7220554d-1b81-4ea7-bb05-af4ee263b4da\" data-dt-img-description=\"\" data-large_image_width=\"600\" data-large_image_height=\"449\"href='https:\/\/www.radiopiu.net\/wordpress\/wp-content\/uploads\/2022\/06\/7220554d-1b81-4ea7-bb05-af4ee263b4da.jpg'><img loading=\"lazy\" decoding=\"async\" width=\"150\" height=\"150\" src=\"https:\/\/www.radiopiu.net\/wordpress\/wp-content\/uploads\/2022\/06\/7220554d-1b81-4ea7-bb05-af4ee263b4da-150x150.jpg\" class=\"attachment-thumbnail size-thumbnail\" alt=\"\" \/><\/a>\n\t\t\t\t<\/dt><\/dl><br style=\"clear: both\" \/>\n\t\t\t<\/div>\n\n<p>&nbsp;<\/p>\n<hr \/>\n<p>&nbsp;<\/p>\n<blockquote>\n<h3>DALLA RSU ENTUSIASMO E RICONOSCENZA PER PROGETTO CERAMICA DOLOMITE<\/h3>\n<\/blockquote>\n<p><strong><a class=\"dt-pswp-item\" href=\"https:\/\/www.radiopiu.net\/wordpress\/wp-content\/uploads\/2022\/06\/CERAMICA-DOLOMITE.jpg\" data-dt-img-description=\"\" data-large_image_width=\"408\" data-large_image_height=\"200\"><img loading=\"lazy\" decoding=\"async\" class=\"alignleft wp-image-280750 \" src=\"https:\/\/www.radiopiu.net\/wordpress\/wp-content\/uploads\/2022\/06\/CERAMICA-DOLOMITE-300x147.jpg\" alt=\"\" width=\"198\" height=\"97\" srcset=\"https:\/\/www.radiopiu.net\/wordpress\/wp-content\/uploads\/2022\/06\/CERAMICA-DOLOMITE-300x147.jpg 300w, https:\/\/www.radiopiu.net\/wordpress\/wp-content\/uploads\/2022\/06\/CERAMICA-DOLOMITE.jpg 408w\" sizes=\"auto, (max-width: 198px) 100vw, 198px\" \/><\/a>BORGO VALBELLUNA<\/strong> La RSU dello stabilimento di Trichiana di Ceramica Dolomite fa il punto dopo l&#8217;accordo che ha visto di fatto salvare i posti di lavoro grazie alla cordata di imprenditori tra cui compare anche il nome di Leonardo Del Vecchio patron di EssilorLuxottica.<\/p>\n<blockquote><p>&nbsp;<\/p>\n<p><em><strong>RSU CERAMICA DOLOMITE<\/strong> Una volont\u00e0 che ha trovato in Leonardo Del Vecchio, Enrico Marchi, Luigi Rossi Luciani e Bruno Zago degli imprenditori che hanno voluto credere a questo saper fare e a delle dinamiche a livello globale che inducono a pensare all\u2019opportunit\u00e0 di catene del valore in forte riposizionamento e in un mercato con dinamiche interessanti. A queste persone da parte delle RSU dello stabilimento di Trichiana va il pi\u00f9 sincero ringraziamento per questa nuova ripartenza. Oggi, insieme all\u2019entusiasmo legato alla ripartenza, c\u2019\u00e8 un sentimento buono e sincero che va evidenziato: \u00e8 la riconoscenza. Grazie ancora, anche ai tanti meno noti ma non per questo meno importanti che hanno messo a disposizione le loro competenze e le loro professionalit\u00e0, grazie. Adesso riportiamo il pi\u00f9 in alto possibile Ceramica Dolomite.<\/em><\/p>\n<p>&nbsp;<\/p><\/blockquote>\n<p>&nbsp;<\/p>\n<p>&nbsp;<\/p>\n<hr \/>\n<blockquote>\n<h3><\/h3>\n<h3>PICCOLA GUIDA BILINGUE REALIZZATA DALLA CISL PER AIUTARE I PROFUGHI UCRAINI<\/h3>\n<\/blockquote>\n<p><strong><a class=\"dt-pswp-item\" href=\"https:\/\/www.radiopiu.net\/wordpress\/wp-content\/uploads\/2020\/04\/CISL-BELLUNO-OK.jpg\" data-dt-img-description=\"\" data-large_image_width=\"909\" data-large_image_height=\"910\"><img loading=\"lazy\" decoding=\"async\" class=\"size-thumbnail wp-image-132184 alignleft\" src=\"https:\/\/www.radiopiu.net\/wordpress\/wp-content\/uploads\/2020\/04\/CISL-BELLUNO-OK-150x150.jpg\" alt=\"\" width=\"150\" height=\"150\" srcset=\"https:\/\/www.radiopiu.net\/wordpress\/wp-content\/uploads\/2020\/04\/CISL-BELLUNO-OK-150x150.jpg 150w, https:\/\/www.radiopiu.net\/wordpress\/wp-content\/uploads\/2020\/04\/CISL-BELLUNO-OK-300x300.jpg 300w, https:\/\/www.radiopiu.net\/wordpress\/wp-content\/uploads\/2020\/04\/CISL-BELLUNO-OK-768x769.jpg 768w, https:\/\/www.radiopiu.net\/wordpress\/wp-content\/uploads\/2020\/04\/CISL-BELLUNO-OK.jpg 909w\" sizes=\"auto, (max-width: 150px) 100vw, 150px\" \/><\/a>BELLUNO <\/strong>Informazioni pratiche su come fare per denunciare la propria presenza sul territorio, per richiedere la protezione temporanea e il contributo al sostentamento. Ma anche numeri di telefono, mail, siti web e indirizzi per orientarsi nella nuova vita in un Paese straniero in cui si \u00e8 arrivati non per scelta, ma perch\u00e9 in fuga da una guerra. La Cisl Belluno Treviso, nell\u2019ambito delle iniziative legate alla campagna cislina regionale \u201cWork for freedom\u201d, ha dato alle stampe una piccola guida in lingua italiana e ucraina per aiutare le centinaia di profughi arrivati nei territori trevigiano e bellunese a regolarizzare la propria presenza, accedere all\u2019assistenza sanitaria, economica e abitativa.<\/p>\n<p>&nbsp;<\/p>\n<p>&nbsp;<\/p>\n<hr \/>\n<p>&nbsp;<\/p>\n<blockquote>\n<h3>DAVIDE E BEATRICE DEL MUSLA A STRASBURGO &#8220;LA NOSTRA ESPERIENZA&#8221;<\/h3>\n<\/blockquote>\n<p><strong>DI DAVIDE CONEDERA E BEATRICE COLCUC<\/strong><\/p>\n<p><strong>AUDIO<\/strong><\/p>\n<audio class=\"wp-audio-shortcode\" id=\"audio-280669-9\" preload=\"none\" style=\"width: 100%;\" controls=\"controls\"><source type=\"audio\/mpeg\" src=\"https:\/\/www.radiopiu.net\/wordpress\/wp-content\/uploads\/2022\/06\/BEA-E-DAVIDE.mp3?_=9\" \/><a href=\"https:\/\/www.radiopiu.net\/wordpress\/wp-content\/uploads\/2022\/06\/BEA-E-DAVIDE.mp3\">https:\/\/www.radiopiu.net\/wordpress\/wp-content\/uploads\/2022\/06\/BEA-E-DAVIDE.mp3<\/a><\/audio>\n<p>&nbsp;<\/p>\n<p>ARTICOLO SUL SITO FUEN <a href=\"https:\/\/fuen.org\/en\/article\/The-Ladins-in-Belluno-and-Hungarians-in-Slovakia-were-the-guests-of-the-Minority-Intergroup\">CLICCA QUI\u00a0<\/a><\/p>\n<p>&nbsp;<\/p>\n<p><iframe loading=\"lazy\" title=\"Report sui Ladini, presentazione a Strasburgo\" width=\"1200\" height=\"675\" src=\"https:\/\/www.youtube.com\/embed\/ZIsm6FQt7SA?feature=oembed\" frameborder=\"0\" allow=\"accelerometer; autoplay; clipboard-write; encrypted-media; gyroscope; picture-in-picture\" allowfullscreen><\/iframe><\/p>\n<p>&nbsp;<\/p>\n<p>&nbsp;<\/p>\n<p>&nbsp;<\/p>\n<p>&nbsp;<\/p>\n<hr \/>\n<p>&nbsp;<\/p>\n<blockquote>\n<h3>UNA STORIA DI OLTRE 15 METRI QUADRATI A ZUGLIANO IN PROVINCIA DI VICENZA<\/h3>\n<p>dal Corriere delle Alpi, Gianni Santomaso<\/p>\n<audio class=\"wp-audio-shortcode\" id=\"audio-280669-10\" preload=\"none\" style=\"width: 100%;\" controls=\"controls\"><source type=\"audio\/mpeg\" src=\"https:\/\/www.radiopiu.net\/wordpress\/wp-content\/uploads\/2022\/06\/DUNIO-ZUGLIANO-GIANNI.mp3?_=10\" \/><a href=\"https:\/\/www.radiopiu.net\/wordpress\/wp-content\/uploads\/2022\/06\/DUNIO-ZUGLIANO-GIANNI.mp3\">https:\/\/www.radiopiu.net\/wordpress\/wp-content\/uploads\/2022\/06\/DUNIO-ZUGLIANO-GIANNI.mp3<\/a><\/audio>\n<p>&nbsp;<\/p><\/blockquote>\n<p><strong><a class=\"dt-pswp-item\" href=\"https:\/\/www.radiopiu.net\/wordpress\/wp-content\/uploads\/2022\/06\/c70915c5-c15d-4e1c-a8e4-e22d39e0cd69.jpg\" data-dt-img-description=\"\" data-large_image_width=\"450\" data-large_image_height=\"600\"><img loading=\"lazy\" decoding=\"async\" class=\"size-thumbnail wp-image-280714 alignleft\" src=\"https:\/\/www.radiopiu.net\/wordpress\/wp-content\/uploads\/2022\/06\/c70915c5-c15d-4e1c-a8e4-e22d39e0cd69-150x150.jpg\" alt=\"\" width=\"150\" height=\"150\" \/><\/a>REDAZIONE<\/strong> Un&#8217;altra opera di Dunio Piccolin verr\u00e0 inaugurata domenica a Zugliano in provincia di Vicenza. Il murales dal titolo &#8220;Il filo di seta tra Agordo e Zuliano&#8221; viene presentato cos\u00ec dall&#8217;artista della Valle del Biois<\/p>\n<blockquote>\n<p dir=\"auto\"><em>Un racconto di 15 metri quadrati \u00e8 la storia, in corso d&#8217;opera, che si sta&#8217; realizzando a Zugliano (Vicenza). \u00c8 l&#8217;epilogo di una bella narrazione: qui il ricordo delle giovani agordine che dopo la met\u00e0 dell&#8217;ottocento ci vennero a lavorare alla &#8220;Cascami zuglianese&#8221; \u00e8 ancora vivo. Lo \u00e8 nel racconto della gente di Zugliano: &#8220;mia bisnonna era una Schena, l&#8217;altra una Scussel, e poi una De Col, e vedi, qui in questa foto dei miei antenati vi \u00e8 un&#8217;agordina&#8221;, e via dicendo. L&#8217;epilogo &#8220;felice&#8221; di quelle povere fanciulle, che messe su un treno fino a Bassano e poi con altra strada da percorrere, quasi ignare del loro destino, \u00e8 che alcune di loro, tutte o orfane o nubili, come prevedeva l&#8217;assunzione, si sposarono e vissero qui tutta la vita. Domenica lo scoprimento dell&#8217;opera a cura del &#8220;Comitato di Gemellaggio Agordo-Zugliano&#8221; e delle due Amministrazioni comunali.\u00a0<\/em><\/p>\n<p dir=\"auto\">\n<\/blockquote>\n<hr \/>\n<blockquote>\n<h3 class=\"entry-title\">\u201cTI GUIDO: VERSO UN PARCO ACCESSIBILE A TUTTI\u201d, IL NUOVO PROGETTO DEL PARCO NAZIONALE DOLOMITI BELLUNESI E AIPD<\/h3>\n<\/blockquote>\n<p class=\"page-title-head hgroup\"><strong><a class=\"dt-pswp-item\" href=\"https:\/\/www.radiopiu.net\/wordpress\/wp-content\/uploads\/2022\/06\/PARCO-AIPD.png\" data-dt-img-description=\"\" data-large_image_width=\"692\" data-large_image_height=\"486\"><img loading=\"lazy\" decoding=\"async\" class=\"wp-image-280734 alignleft\" src=\"https:\/\/www.radiopiu.net\/wordpress\/wp-content\/uploads\/2022\/06\/PARCO-AIPD-300x211.png\" alt=\"\" width=\"203\" height=\"143\" srcset=\"https:\/\/www.radiopiu.net\/wordpress\/wp-content\/uploads\/2022\/06\/PARCO-AIPD-300x211.png 300w, https:\/\/www.radiopiu.net\/wordpress\/wp-content\/uploads\/2022\/06\/PARCO-AIPD.png 692w\" sizes=\"auto, (max-width: 203px) 100vw, 203px\" \/><\/a>FELTRE <\/strong>Nei prossimi giorni prender\u00e0 il via il nuovo progetto nato dalla collaborazione tra Parco Nazionale Dolomiti Bellunesi ed Associazione Italiana Persone con sindrome di Down (AIPD) sezione della provincia di Belluno.\u00a0 Per un triennio, con cadenza bi-trimestrale i giovani dell\u2019AIPD Belluno hanno percorso, con le Guide della Cooperativa \u201cMazarol\u201d, i sentieri del Parco, coinvolgendo anche il Centro Diurno ULSS 1 di Feltre. L\u2019AIPD Belluno, con il sostegno economico del Parco, ha costruito dei \u201cpacchetti\u201d di visita al territorio bellunese e, tramite l\u2019AIPD nazionale, li ha promossi presso le 56 sezioni italiane dell\u2019Associazione. Il progetto si svilupper\u00e0 in quattro annualit\u00e0, per ciascuna delle quali parteciperanno due Sezioni, con una rappresentanza di sei giovani con sindrome di Down e due operatrici. \u201cTi Guido\u201d prender\u00e0 il via, nella sua parte applicativa, domenica 19 giugno sviluppandosi per tutta la settimana, fino al 25 giugno. Le prime Sezioni AIPD a partecipare saranno quella di Potenza e quella di Anzio-Nettuno. I partecipanti verranno guidati alla scoperta del Parco, seguendo le tracce della citata Guida \u201cSlowDown\u201d con le Guide del \u201cMazarol\u201d<\/p>\n<p>&nbsp;<\/p>\n<p>&nbsp;<\/p>\n<hr \/>\n<p>&nbsp;<\/p>\n<blockquote>\n<h3 class=\"entry-title\">IL SENTIERO VALLAVIA IN NEVEGAL CHIUSO FINO AL 30 LUGLIO<\/h3>\n<\/blockquote>\n<p class=\"page-title-breadcrumbs\"><strong><img loading=\"lazy\" decoding=\"async\" class=\"alignleft\" src=\"https:\/\/www.radiopiu.net\/wordpress\/wp-content\/uploads\/2021\/01\/Sentieri_Nevegal_lavori-1.jpg\" width=\"147\" height=\"100\" \/>BELLUNO<\/strong> <span dir=\"ltr\" role=\"presentation\">Per consentire i lavori di esbosco forzoso tramite impianto a fune, si rende <\/span><span dir=\"ltr\" role=\"presentation\">necessaria<\/span> <span dir=\"ltr\" role=\"presentation\">la<\/span> <span dir=\"ltr\" role=\"presentation\">chiusura<\/span> <span dir=\"ltr\" role=\"presentation\">con<\/span> <span dir=\"ltr\" role=\"presentation\">interdizione<\/span> <span dir=\"ltr\" role=\"presentation\">totale<\/span> <span dir=\"ltr\" role=\"presentation\">a<\/span> <span dir=\"ltr\" role=\"presentation\">qualsiasi<\/span> <span dir=\"ltr\" role=\"presentation\">transito<\/span> <span dir=\"ltr\" role=\"presentation\">del <\/span><span dir=\"ltr\" role=\"presentation\">sentiero<\/span> <span dir=\"ltr\" role=\"presentation\">Vallavia<\/span> <span dir=\"ltr\" role=\"presentation\">Alta,<\/span> <span dir=\"ltr\" role=\"presentation\">dalla<\/span> <span dir=\"ltr\" role=\"presentation\">intersezione<\/span> <span dir=\"ltr\" role=\"presentation\">con<\/span> <span dir=\"ltr\" role=\"presentation\">la<\/span> <span dir=\"ltr\" role=\"presentation\">strada<\/span> <span dir=\"ltr\" role=\"presentation\">silvo-pastorale<\/span><br role=\"presentation\" \/><span dir=\"ltr\" role=\"presentation\">denominata \u201cSentiero della <\/span><span dir=\"ltr\" role=\"presentation\">Forestale\u201d, e di tutti i sentieri interferenti, nel <\/span><span dir=\"ltr\" role=\"presentation\">periodo dall&#8217;8 giugno al 30 luglio<\/span><\/p>\n<p>&nbsp;<\/p>\n<p>&nbsp;<\/p>\n<p>&nbsp;<\/p>\n<hr \/>\n<p>&nbsp;<\/p>\n<blockquote>\n<h3>IL BANDO DELLA POLIZIA<\/h3>\n<\/blockquote>\n<p>Nella Gazzetta Ufficiale n. 40 del 20 maggio \u00e8 stato pubblicato il bando di concorso pubblico, per esame e titoli, per l\u2019assunzione di 1381 allievi agenti della Polizia di Stato, riservato\u00a0 ai volontari in ferma prefissata di un anno o quadriennale ovvero rafferma annuale in servizio o in congedo. La procedura informatica \u00e8 disponibile all\u2019indirizzo <a href=\"https:\/\/concorsionline.poliziadistato.it\">https:\/\/concorsionline.poliziadistato.it<\/a><\/p>\n<p>&nbsp;<\/p>\n<hr \/>\n<p>&nbsp;<\/p>\n<blockquote>\n<h3><a class=\"dt-pswp-item\" href=\"https:\/\/www.radiopiu.net\/wordpress\/wp-content\/uploads\/2022\/06\/c18c86a3-bdd2-4d52-8370-de030b7139e5.jpg\" data-dt-img-description=\"\" data-large_image_width=\"1211\" data-large_image_height=\"1600\"><img loading=\"lazy\" decoding=\"async\" class=\"wp-image-280790 alignleft\" src=\"https:\/\/www.radiopiu.net\/wordpress\/wp-content\/uploads\/2022\/06\/c18c86a3-bdd2-4d52-8370-de030b7139e5-227x300.jpg\" alt=\"\" width=\"109\" height=\"144\" srcset=\"https:\/\/www.radiopiu.net\/wordpress\/wp-content\/uploads\/2022\/06\/c18c86a3-bdd2-4d52-8370-de030b7139e5-227x300.jpg 227w, https:\/\/www.radiopiu.net\/wordpress\/wp-content\/uploads\/2022\/06\/c18c86a3-bdd2-4d52-8370-de030b7139e5-775x1024.jpg 775w, https:\/\/www.radiopiu.net\/wordpress\/wp-content\/uploads\/2022\/06\/c18c86a3-bdd2-4d52-8370-de030b7139e5-768x1015.jpg 768w, https:\/\/www.radiopiu.net\/wordpress\/wp-content\/uploads\/2022\/06\/c18c86a3-bdd2-4d52-8370-de030b7139e5-1163x1536.jpg 1163w, https:\/\/www.radiopiu.net\/wordpress\/wp-content\/uploads\/2022\/06\/c18c86a3-bdd2-4d52-8370-de030b7139e5.jpg 1211w\" sizes=\"auto, (max-width: 109px) 100vw, 109px\" \/><\/a>GLI ALPINI E LA TUTELA DELLA MONTAGNA, PER IL SESTO RADUNO UNA TRE GIORNI DI EVENTI<\/h3>\n<\/blockquote>\n<p>&nbsp;<\/p>\n<p><strong>BELLUNO<\/strong><\/p>\n<p><strong>di\u00a0 ROBERTO BONA<\/strong><\/p>\n<audio class=\"wp-audio-shortcode\" id=\"audio-280669-11\" preload=\"none\" style=\"width: 100%;\" controls=\"controls\"><source type=\"audio\/mpeg\" src=\"https:\/\/www.radiopiu.net\/wordpress\/wp-content\/uploads\/2022\/06\/ROBERTO-SESTO.mp3?_=11\" \/><a href=\"https:\/\/www.radiopiu.net\/wordpress\/wp-content\/uploads\/2022\/06\/ROBERTO-SESTO.mp3\">https:\/\/www.radiopiu.net\/wordpress\/wp-content\/uploads\/2022\/06\/ROBERTO-SESTO.mp3<\/a><\/audio>\n<p>&nbsp;<\/p>\n<hr \/>\n<p>&nbsp;<\/p>\n<blockquote>\n<h3>MUSICA NELL&#8217;AGORDINO 2022, UN PROGRAMMA TANTI CONCERTI<\/h3>\n<\/blockquote>\n<div class=\"kvgmc6g5 cxmmr5t8 oygrvhab hcukyx3x c1et5uql ii04i59q\">\n<div dir=\"auto\"><strong><img loading=\"lazy\" decoding=\"async\" class=\"alignleft\" src=\"https:\/\/www.radiopiu.net\/wordpress\/wp-content\/uploads\/2022\/06\/286879503_1344449519381882_5309240918571750870_n.jpg\" width=\"224\" height=\"95\" \/>AGORDO<\/strong> E&#8217; uscito l&#8217;atteso cartellone che preannuncia gli eventi in vallata, i concerti di Agordo Musica. L&#8217;inizio a Col di Pra in Valle di San Lucano sabato 2 luglio alle 21 con Le quattro stagioni (Antonio Vivaldi) Luca Piovesan, fisarmonica;\u00a0 Francesco Comisso, violino.\u00a0 In caso di maltempo: Chiesetta di San Lucano. Domenica 3 luglio\u00a0 lo stesso concerto al castello di Andraz e sar\u00e0 preceduto alle 14.30 da una visita guidata all&#8217;esterno del castello e all&#8217;adiacente villaggio di Castello. Al termine del concerto possibilit\u00e0 di visita guidata all&#8217;interno del castello a prezzo agevolato. A fine mese, il 31 luglio\u00a0 Concerto al \u201cka\u015b\u00e8lo\u201d in Sala Valmassoni (ex-latteria), La Valle Agordina con I due golfi. Napoli e Venezia: Pina Sabatini, chitarra e voce Bepi Santuzzo, mandolino e voce\u00a0 Il primo agosto Concerto in coro nell&#8217;arcidiaconale, Agordo con Ensemble Canticum Novum, organizzazione \u201cLe Muse e le Dolomiti\u201d. Venerdi 12 agosto Concerto nella piana di Falcade (Hotel Stella Alpina) con\u00a0 Fast, furious (Australia). Il 17 agosto concerto in piazzetta a Col da Rif di Falcade con il Coro Val Biois. Sono inoltre in programma la giornata etnica sul Broi (domenica 14 agosto dalle 11 alle 18,30); dal 30 luglio la settimana organistica nelle chiese di Falcade, \u00a0Agordo, Rivamonte, San Tomaso e Canale d&#8217;Agordo.<\/div>\n<\/div>\n<p>&nbsp;<\/p>\n<p>&nbsp;<\/p>\n<hr \/>\n<p>&nbsp;<\/p>\n<blockquote>\n<h3>IL FESTIVAL INTERNAZIONALE DELLA FISARMONICA<\/h3>\n<\/blockquote>\n<p><strong><a class=\"dt-pswp-item\" href=\"https:\/\/www.radiopiu.net\/wordpress\/wp-content\/uploads\/2022\/06\/sa.jpg\" data-dt-img-description=\"\" data-large_image_width=\"473\" data-large_image_height=\"151\"><img loading=\"lazy\" decoding=\"async\" class=\"wp-image-280606 alignleft\" src=\"https:\/\/www.radiopiu.net\/wordpress\/wp-content\/uploads\/2022\/06\/sa.jpg\" alt=\"\" width=\"229\" height=\"73\" srcset=\"https:\/\/www.radiopiu.net\/wordpress\/wp-content\/uploads\/2022\/06\/sa.jpg 473w, https:\/\/www.radiopiu.net\/wordpress\/wp-content\/uploads\/2022\/06\/sa-300x96.jpg 300w\" sizes=\"auto, (max-width: 229px) 100vw, 229px\" \/><\/a>REDAZIONE<\/strong> Il Festival internazionale della Fisarmonica, Dolomiti 2022 ritorna in presenza con tre appuntamenti, dall&#8217;Agordino al Cadore. Prima serata venerdi 1 luglio alle 20.45 al Nof Fil\u00f2 di Cencenighe, sabato 2 luglio all&#8217;Auditorium dell&#8217;Istituto Canossiano di Feltre, domenica 3 luglio all&#8217;Auditorium Comunale di San Vito di Cadore. Ospiti della serata i pi\u00f9 noti concertisti del panorama musicale internazionale. E&#8217; un&#8217;iniziativa dell&#8217;Associazione Filarmonica, Fisorchestra G. Rossini di Santa Giustina. La Fisorchestra Rossini, diretta dal maestro Ernesto Bellus e la Fisorchestra Armonia, diretta dal maestro Mirko Satto si esibiranno nel repertorio classico e moderno; il Koa Quintett diretto dal maestro Nicola Bettiol suoner\u00e0 un repertorio oberkrainer. Informazioni negli uffici turistici di Cencenighe e Feltre. Presenta Michela Da Canal.<\/p>\n<p>&nbsp;<\/p>\n<p>&nbsp;<\/p>\n<hr \/>\n<p>&nbsp;<\/p>\n<blockquote>\n<h3>APRE IL MUSEO VITTORINO CAZZETTA<\/h3>\n<\/blockquote>\n<p><strong>SELVA DI CADORE<\/strong>\u00a0 \u00a0Apre oggi il Museo Vittorino Cazzetta. Fino all\u20198 luglio sar\u00e0 visitabile tutti i giorni (luned\u00ec escluso) dalle 10 alle 12.30 e dalle 15 alle 19. Dal 9 luglio all\u201911 settembre sar\u00e0 aperto tutti i giorni della settimana. Dal 19 settembre e fino alla fine di ottobre il Museo sar\u00e0 aperto sabato e domenica.<\/p>\n<div class=\"amico-banner amico-banner--single\">\n<div class=\"g g-3\">\n<div class=\"g-single a-131\"><\/div>\n<\/div>\n<\/div>\n<p>&nbsp;<\/p>\n<hr \/>\n<p>&nbsp;<\/p>\n<blockquote>\n<h3>&#8220;EL BON DE L&#8217;ANSUDA&#8221; IL FINE SETTIMANA IN VALLE DEL BIOIS<\/h3>\n<\/blockquote>\n<p><strong><a href=\"https:\/\/www.radiopiu.net\/wordpress\/nel-fine-settimana-el-bon-de-lansuda\/59496225_332888414086403_7618196841120661504_n\/\" rel=\"attachment wp-att-214756\"><img loading=\"lazy\" decoding=\"async\" class=\" wp-image-214756 alignleft\" src=\"https:\/\/www.radiopiu.net\/wordpress\/wp-content\/uploads\/2021\/06\/59496225_332888414086403_7618196841120661504_n-300x300.jpg\" alt=\"\" width=\"131\" height=\"131\" srcset=\"https:\/\/www.radiopiu.net\/wordpress\/wp-content\/uploads\/2021\/06\/59496225_332888414086403_7618196841120661504_n-300x300.jpg 300w, https:\/\/www.radiopiu.net\/wordpress\/wp-content\/uploads\/2021\/06\/59496225_332888414086403_7618196841120661504_n-1024x1024.jpg 1024w, https:\/\/www.radiopiu.net\/wordpress\/wp-content\/uploads\/2021\/06\/59496225_332888414086403_7618196841120661504_n-150x150.jpg 150w, https:\/\/www.radiopiu.net\/wordpress\/wp-content\/uploads\/2021\/06\/59496225_332888414086403_7618196841120661504_n-768x768.jpg 768w, https:\/\/www.radiopiu.net\/wordpress\/wp-content\/uploads\/2021\/06\/59496225_332888414086403_7618196841120661504_n-1536x1536.jpg 1536w, https:\/\/www.radiopiu.net\/wordpress\/wp-content\/uploads\/2021\/06\/59496225_332888414086403_7618196841120661504_n.jpg 1976w\" sizes=\"auto, (max-width: 131px) 100vw, 131px\" \/><\/a>di Claudio Fontanive<\/strong><\/p>\n<p><span style=\"color: #ff0000;\"><strong>OSPITI: Antonella Schena e Flora Minotto<\/strong><\/span><\/p>\n<p>&nbsp;<\/p>\n<p>&nbsp;<\/p>\n<p>&nbsp;<\/p>\n<audio class=\"wp-audio-shortcode\" id=\"audio-280669-12\" preload=\"none\" style=\"width: 100%;\" controls=\"controls\"><source type=\"audio\/mpeg\" src=\"https:\/\/www.radiopiu.net\/wordpress\/wp-content\/uploads\/2022\/06\/bon-de-l-ansuda.mp3?_=12\" \/><a href=\"https:\/\/www.radiopiu.net\/wordpress\/wp-content\/uploads\/2022\/06\/bon-de-l-ansuda.mp3\">https:\/\/www.radiopiu.net\/wordpress\/wp-content\/uploads\/2022\/06\/bon-de-l-ansuda.mp3<\/a><\/audio>\n<p><strong>\u00a0 \u00a0 \u00a0\u00a0<\/strong><\/p>\n<hr \/>\n<p>&nbsp;<\/p>\n<h3 class=\"kvgmc6g5 cxmmr5t8 oygrvhab hcukyx3x c1et5uql\"><span style=\"color: #0000ff;\"><strong><a class=\"dt-pswp-item\" href=\"https:\/\/www.radiopiu.net\/wordpress\/wp-content\/uploads\/2021\/10\/9396bbfc-2818-4225-b55d-9a56c39206f1.jpg\" data-dt-img-description=\"\" data-large_image_width=\"1599\" data-large_image_height=\"899\"><img loading=\"lazy\" decoding=\"async\" class=\"size-thumbnail wp-image-237486 alignleft\" src=\"https:\/\/www.radiopiu.net\/wordpress\/wp-content\/uploads\/2021\/10\/9396bbfc-2818-4225-b55d-9a56c39206f1-150x150.jpg\" alt=\"\" width=\"150\" height=\"150\" \/><\/a>RADIO PIU INFORMAZIONE il canale su TELEGRAM informazione di prima\u00a0 <\/strong><\/span><span style=\"color: #0000ff;\"><strong>mano e in tempo reale. iscriviti ed aiutaci a farlo conoscere\u00a0\u00a0<\/strong><\/span><\/h3>\n<p>&nbsp;<\/p>\n<p>&nbsp;<\/p>\n<p>&nbsp;<\/p>\n<p><strong>DOLOMITIBUS&#8230; GUIDA IL TUO FUTURO, LO SPOT ALLA RADIO<\/strong><\/p>\n<audio class=\"wp-audio-shortcode\" id=\"audio-280669-13\" preload=\"none\" style=\"width: 100%;\" controls=\"controls\"><source type=\"audio\/mpeg\" src=\"https:\/\/www.radiopiu.net\/wordpress\/wp-content\/uploads\/2022\/06\/Spot_Academy_dolomiti-bus-0303.mp3?_=13\" \/><a href=\"https:\/\/www.radiopiu.net\/wordpress\/wp-content\/uploads\/2022\/06\/Spot_Academy_dolomiti-bus-0303.mp3\">https:\/\/www.radiopiu.net\/wordpress\/wp-content\/uploads\/2022\/06\/Spot_Academy_dolomiti-bus-0303.mp3<\/a><\/audio>\n<p><strong>\u00a0<\/strong><\/p>\n<p><strong>GUERRA DI MINE, IL LIBRO. DOMANI LA PRESENTAZIONE AL TAULAC<\/strong><\/p>\n<audio class=\"wp-audio-shortcode\" id=\"audio-280669-14\" preload=\"none\" style=\"width: 100%;\" controls=\"controls\"><source type=\"audio\/mpeg\" src=\"https:\/\/www.radiopiu.net\/wordpress\/wp-content\/uploads\/2022\/06\/Guerra-di-Mine.mp3?_=14\" \/><a href=\"https:\/\/www.radiopiu.net\/wordpress\/wp-content\/uploads\/2022\/06\/Guerra-di-Mine.mp3\">https:\/\/www.radiopiu.net\/wordpress\/wp-content\/uploads\/2022\/06\/Guerra-di-Mine.mp3<\/a><\/audio>\n<p>&nbsp;<\/p>\n<p>&nbsp;<\/p>\n<hr \/>\n<p>&nbsp;<\/p>\n<blockquote>\n<h3>AD AGOSTO TORNA LA SAGRA DE LA MADONA DE LA NEIF A LA VALLE CON IL MERCATINO E IL GIRO DE LE BURELE<\/h3>\n<\/blockquote>\n<p><strong><a class=\"dt-pswp-item\" href=\"https:\/\/www.radiopiu.net\/wordpress\/wp-content\/uploads\/2022\/06\/d399770a-eb53-deba-3cbb-08ff32f3b40e.png\" data-dt-img-description=\"\" data-large_image_width=\"2501\" data-large_image_height=\"1309\"><img loading=\"lazy\" decoding=\"async\" class=\"alignleft wp-image-280348 \" src=\"https:\/\/www.radiopiu.net\/wordpress\/wp-content\/uploads\/2022\/06\/d399770a-eb53-deba-3cbb-08ff32f3b40e-300x157.png\" alt=\"\" width=\"216\" height=\"113\" srcset=\"https:\/\/www.radiopiu.net\/wordpress\/wp-content\/uploads\/2022\/06\/d399770a-eb53-deba-3cbb-08ff32f3b40e-300x157.png 300w, https:\/\/www.radiopiu.net\/wordpress\/wp-content\/uploads\/2022\/06\/d399770a-eb53-deba-3cbb-08ff32f3b40e-1024x536.png 1024w, https:\/\/www.radiopiu.net\/wordpress\/wp-content\/uploads\/2022\/06\/d399770a-eb53-deba-3cbb-08ff32f3b40e-768x402.png 768w, https:\/\/www.radiopiu.net\/wordpress\/wp-content\/uploads\/2022\/06\/d399770a-eb53-deba-3cbb-08ff32f3b40e-1536x804.png 1536w, https:\/\/www.radiopiu.net\/wordpress\/wp-content\/uploads\/2022\/06\/d399770a-eb53-deba-3cbb-08ff32f3b40e-2048x1072.png 2048w\" sizes=\"auto, (max-width: 216px) 100vw, 216px\" \/><\/a>LA VALLE AGORDINA<\/strong> L\u2019Associazione Pro Loco La Valle Agordina \u00e8 felice di presentare\u00a0la settima edizione de\u00a0El Merc\u00e0 De L&#8217;Ist\u00e0,\u00a0la grande Mostra Mercato di prodotti tipici, artigianato locale e hobbistico organizzata a La Valle Agordina in occasione della tradizionale Sagra Madona De La Neif in programma il 5-6-7 agosto. El Merc\u00e0 De L&#8217;Ist\u00e0 \u00e8 organizzato nella giornata di venerd\u00ec 5 agosto\u00a0in localit\u00e0 Chiesa\u00a0di\u00a0La Valle Agordina,\u00a0la frazione centrale del paese e all&#8217;edizione precedente hanno partecipato espositori provenienti dall&#8217;Agordino, dal Bellunese, dal Veneto, dal Trentino e dal Friuli Venezia Giulia, la\u00a0variet\u00e0 di proposte ha quindi attirato numerosi visitatori.. L&#8217;Associazione\u00a0Pro Loco allestir\u00e0 nuovamente il grande tendone presso gli Impianti Sportivi; quindi sia a pranzo che a cena si potranno assaporare\u00a0i piatti tipici della tradizione\u00a0 e agordina (polenta, pastin, formai frit, toc\u00e0 da boia, selvaggina in tocio, ecc.). Torner\u00e0 anche l&#8217;attesa gara podistica non competitiva El giro de le Burele &#8211; 40a edizione, organizzata dallo SciClub La Valle Agordina. Per le iscrizioni online al Merc\u00e0 De L&#8217;Ist\u00e0 <a href=\"https:\/\/prolocolavalleagordina.us16.list-manage.com\/track\/click?u=5cc37901809729c8a96c80ed9&amp;id=6f2bf022af&amp;e=2669a1aa2c\">CLICCA QUI<\/a><\/p>\n<p>&nbsp;<\/p>\n<p>&nbsp;<\/p>\n<hr \/>\n<p>&nbsp;<\/p>\n<blockquote>\n<h3>PISCINA DI BELLUNO: CHIUSURA PER MANUTENZIONE ANNUALE DAL 12 AL 26 GIUGNO<\/h3>\n<\/blockquote>\n<p><strong>BELLUNO<\/strong> La Sportivamente Belluno desidera avvisare gli utenti che la Piscina sar\u00e0 chiusa dal 12 al 26 giugno per la consueta manutenzione annuale. Nel periodo di chiusura la segreteria sar\u00e0 comunque aperta dal luned\u00ec al venerd\u00ec dalle 8.00 alle 13.00 e dalle 16.00 alle 19.00 per riconferme, pagamenti, iscrizioni; sabato e domenica sar\u00e0 chiusa<\/p>\n<p>&nbsp;<\/p>\n<p>&nbsp;<\/p>\n<hr \/>\n<p>&nbsp;<\/p>\n<blockquote><p>&nbsp;<\/p>\n<blockquote>\n<h3>OGGI LE RULLATE SONO PER TIX, L&#8217;AMICO DELLA MUSICA E DELLA BELLA COMPAGNIA<\/h3>\n<\/blockquote>\n<p><strong><a class=\"dt-pswp-item\" href=\"https:\/\/www.radiopiu.net\/wordpress\/wp-content\/uploads\/2022\/01\/ccbd1dd0-9466-4cfa-abcf-94a0e04d8576.jpg\" data-dt-img-description=\"\" data-large_image_width=\"1131\" data-large_image_height=\"1600\"><img loading=\"lazy\" decoding=\"async\" class=\"wp-image-280491 alignleft\" src=\"https:\/\/www.radiopiu.net\/wordpress\/wp-content\/uploads\/2022\/01\/ccbd1dd0-9466-4cfa-abcf-94a0e04d8576.jpg\" alt=\"\" width=\"170\" height=\"240\" srcset=\"https:\/\/www.radiopiu.net\/wordpress\/wp-content\/uploads\/2022\/01\/ccbd1dd0-9466-4cfa-abcf-94a0e04d8576.jpg 1131w, https:\/\/www.radiopiu.net\/wordpress\/wp-content\/uploads\/2022\/01\/ccbd1dd0-9466-4cfa-abcf-94a0e04d8576-212x300.jpg 212w, https:\/\/www.radiopiu.net\/wordpress\/wp-content\/uploads\/2022\/01\/ccbd1dd0-9466-4cfa-abcf-94a0e04d8576-724x1024.jpg 724w, https:\/\/www.radiopiu.net\/wordpress\/wp-content\/uploads\/2022\/01\/ccbd1dd0-9466-4cfa-abcf-94a0e04d8576-768x1086.jpg 768w, https:\/\/www.radiopiu.net\/wordpress\/wp-content\/uploads\/2022\/01\/ccbd1dd0-9466-4cfa-abcf-94a0e04d8576-1086x1536.jpg 1086w\" sizes=\"auto, (max-width: 170px) 100vw, 170px\" \/><\/a><\/strong><\/p>\n<p>&nbsp;<\/p>\n<p><strong>FALCADE<\/strong>\u00a0Gli amici della musica, il Bar da Flora con Comune e Proloco, sabato dalle 14.30 ricorderanno &#8220;Tix&#8221;, Tiziano Busin, che ha lasciato questo mondo a soli 57 anni per un improvviso malore, Si esibiranno i ReUnion, Tirataie, Full of Reason, Alabanana, Sinfobia, Gallio Yttrio, Drink 182. L&#8217;evento \u00e8 in programma con qualsiasi tempo, all&#8217;interno se dovesse piovere.<\/p>\n<p>&nbsp;<\/p>\n<p>&nbsp;<\/p>\n<p>&nbsp;<\/p>\n<p>&nbsp;<\/p>\n<p><a href=\"https:\/\/www.radiopiu.net\/wordpress\/domani-lultimo-saluto-a-tix-lamico-della-musica-e-della-bella-compagnia\/252cc75c-2299-4147-b72e-5e01efdda37d\/\" rel=\"attachment wp-att-255095\"><img loading=\"lazy\" decoding=\"async\" class=\" wp-image-255095 alignleft\" src=\"https:\/\/www.radiopiu.net\/wordpress\/wp-content\/uploads\/2022\/01\/252cc75c-2299-4147-b72e-5e01efdda37d-300x135.jpg\" alt=\"\" width=\"171\" height=\"77\" srcset=\"https:\/\/www.radiopiu.net\/wordpress\/wp-content\/uploads\/2022\/01\/252cc75c-2299-4147-b72e-5e01efdda37d-300x135.jpg 300w, https:\/\/www.radiopiu.net\/wordpress\/wp-content\/uploads\/2022\/01\/252cc75c-2299-4147-b72e-5e01efdda37d-1024x461.jpg 1024w, https:\/\/www.radiopiu.net\/wordpress\/wp-content\/uploads\/2022\/01\/252cc75c-2299-4147-b72e-5e01efdda37d-768x345.jpg 768w, https:\/\/www.radiopiu.net\/wordpress\/wp-content\/uploads\/2022\/01\/252cc75c-2299-4147-b72e-5e01efdda37d-1536x691.jpg 1536w, https:\/\/www.radiopiu.net\/wordpress\/wp-content\/uploads\/2022\/01\/252cc75c-2299-4147-b72e-5e01efdda37d.jpg 2048w\" sizes=\"auto, (max-width: 171px) 100vw, 171px\" \/><\/a><strong>di GIANNI SANTOMASO<\/strong><\/p>\n<audio class=\"wp-audio-shortcode\" id=\"audio-280669-15\" preload=\"none\" style=\"width: 100%;\" controls=\"controls\"><source type=\"audio\/mpeg\" src=\"https:\/\/www.radiopiu.net\/wordpress\/wp-content\/uploads\/2022\/06\/GIANNI-TIX-FESTIVAL.mp3?_=15\" \/><a href=\"https:\/\/www.radiopiu.net\/wordpress\/wp-content\/uploads\/2022\/06\/GIANNI-TIX-FESTIVAL.mp3\">https:\/\/www.radiopiu.net\/wordpress\/wp-content\/uploads\/2022\/06\/GIANNI-TIX-FESTIVAL.mp3<\/a><\/audio>\n<p>&nbsp;<\/p><\/blockquote>\n<p>&nbsp;<\/p>\n<p>&nbsp;<\/p>\n<hr \/>\n<p>&nbsp;<\/p>\n<blockquote>\n<blockquote>\n<h3>OGGI IN AUDITORIUM &#8220;LE NOZZE TRIBOLADE&#8221; con GLI ANFIBI SPAIATI<\/h3>\n<\/blockquote>\n<p><img loading=\"lazy\" decoding=\"async\" class=\"alignleft\" src=\"https:\/\/www.radiopiu.net\/wordpress\/wp-content\/uploads\/2022\/06\/f9e0b9f5-b8ae-46cc-88c4-c4c58954cd71.jpg\" width=\"244\" height=\"137\" \/><strong>FELTRE<\/strong><\/p>\n<p><strong>DI LUISA ALCHINI<\/strong><\/p>\n<audio class=\"wp-audio-shortcode\" id=\"audio-280669-16\" preload=\"none\" style=\"width: 100%;\" controls=\"controls\"><source type=\"audio\/mpeg\" src=\"https:\/\/www.radiopiu.net\/wordpress\/wp-content\/uploads\/2022\/06\/luisa-SPETTACOLO-TEtrale.mp3?_=16\" \/><a href=\"https:\/\/www.radiopiu.net\/wordpress\/wp-content\/uploads\/2022\/06\/luisa-SPETTACOLO-TEtrale.mp3\">https:\/\/www.radiopiu.net\/wordpress\/wp-content\/uploads\/2022\/06\/luisa-SPETTACOLO-TEtrale.mp3<\/a><\/audio>\n<p>&nbsp;<\/p>\n<p>&nbsp;<\/p><\/blockquote>\n<div class=\"page\" title=\"Page 1\">\n<div class=\"layoutArea\">\n<div class=\"column\">\n<div class=\"page\" title=\"Page 1\">\n<div class=\"layoutArea\">\n<div class=\"column\">\n<hr \/>\n<p>&nbsp;<\/p>\n<blockquote>\n<h3>DOMANI CON IL CAI DI AGORDO<\/h3>\n<\/blockquote>\n<p><strong>AGORDO<\/strong> Domani escursione al Olt de Val d&#8217;Arc e Monte Crep nelle Prealpi Bellunesi e Trevigiane. Tempo circa 5 ore, ritrovo alle 7.30 nella sede del Cai (Municipio di Agordo). Informazioni al 380 6983040 dalle 16 alle 21<\/p>\n<p>&nbsp;<\/p>\n<p>&nbsp;<\/p>\n<hr \/>\n<p>&nbsp;<\/p>\n<blockquote>\n<h3><a class=\"dt-pswp-item\" href=\"https:\/\/www.radiopiu.net\/wordpress\/wp-content\/uploads\/2022\/05\/memo.png\" data-dt-img-description=\"\" data-large_image_width=\"552\" data-large_image_height=\"359\"><img loading=\"lazy\" decoding=\"async\" class=\"alignleft wp-image-278629 \" src=\"https:\/\/www.radiopiu.net\/wordpress\/wp-content\/uploads\/2022\/05\/memo-300x195.png\" alt=\"\" width=\"163\" height=\"106\" srcset=\"https:\/\/www.radiopiu.net\/wordpress\/wp-content\/uploads\/2022\/05\/memo-300x195.png 300w, https:\/\/www.radiopiu.net\/wordpress\/wp-content\/uploads\/2022\/05\/memo.png 552w\" sizes=\"auto, (max-width: 163px) 100vw, 163px\" \/><\/a>MEMORIE MINERARIE AGORDINE, IL SECONDO NUMERO<\/h3>\n<\/blockquote>\n<p><strong>AGORDO<\/strong> Oggi alle 18 all&#8217;auditorium\u00a0 Antonio Favretti presso l&#8217;Istituto Minerario di Agordo, l&#8217;associazione Amici dei Minerari in collaborazione con l&#8217;Istituto Geotecnico Minerario\u00a0 presenta il secondo numero delle Memorie Minerarie Agordine\u00a0 dal Titolo &#8220;La ricerca mineraria nella valle di San Lucano&#8221;. Presentano\u00a0 il professor Vittorio Fenti e il docente\u00a0 Dino Preloran<\/p>\n<p>&nbsp;<\/p>\n<p>&nbsp;<\/p>\n<hr \/>\n<p>&nbsp;<\/p>\n<blockquote>\n<h3>COL DI LANA E MONTE SIEF, IL LIBRO<\/h3>\n<\/blockquote>\n<p><strong>LIVINALLONGO<\/strong> Oggi alle 20.30 nella sala Taulac di Pieve di Livinallongo sar\u00e0 presentata la triologia di Ezio Anzanello sulla guerra di mine sul Col di Lana e Monte Sief durante la prima Guerra mondiale.<\/p>\n<p>&nbsp;<\/p>\n<hr \/>\n<p>&nbsp;<\/p>\n<blockquote>\n<h3>L&#8217;ASSEMBLEA DELLE PRO LOCO BELLUNESI E LA SERATA CON SAMMY BASSO<\/h3>\n<\/blockquote>\n<p><strong>CANALE D&#8217;AGORDO<\/strong> Si terr\u00e0 presso la sala Lina Zand\u00f2 di Canale D&#8217;Agordo l&#8217;assemblea delle Pro Loco Bellunesi domani alle 9. Sabato 18 giugno alle 20:30 alla casa della giovent\u00f9 di Caviola \u00e8 in programma una serata dal titolo <b><i>Il sorriso dei guerrieri- storie di speranza&#8221;<\/i><\/b>, con Sammy Basso, Simonetta Borsatti e Andrea Baccaglioni, i quali racconteranno le loro esperienze di vita, in particolare il modo in cui hanno affrontato la loro malattia e dove hanno trovato la forza per lottare e sperare. Si raccomanda l&#8217;utilizzo della mascherina.<\/p>\n<p>&nbsp;<\/p>\n<p>&nbsp;<\/p>\n<p>&nbsp;<\/p>\n<hr \/>\n<p>&nbsp;<\/p>\n<blockquote>\n<h3>IL CONCERTO DI GALA<\/h3>\n<\/blockquote>\n<p><strong>BELLUNO<\/strong> La Filarmonica di Belluno celebra il suo 155\u00b0 compleanno con un\u00a0 concerto dove il pubblico potr\u00e0 ascoltare un articolato programma che spazia dalla musica originale per orchestra di fiati ad apposite trascrizioni di musica classica, dalle colonne sonore fino alla musica tradizionale. Mercoledi alle 20.30 in piazza Duomo con ingresso libero, dirige il maestro Sandro De Marchi<\/p>\n<p>&nbsp;<\/p>\n<p>&nbsp;<\/p>\n<hr \/>\n<p>&nbsp;<\/p>\n<blockquote>\n<h3>CORSI PER E-BIKE DEDICATI AI BAMBINI<\/h3>\n<\/blockquote>\n<p><strong>ALLEGHE<\/strong> Dal 21 giugno al 26 luglio Agordino Bikes Guide organizza dei corsi rivolti ai bambini per l&#8217;uso corretto delle E-Bike. I corsi si terranno tutti i marted\u00ec ai Piani Di Pezz\u00e8 ed \u00e8 destinato a bambini dagli 8 anni in su. Per informazioni contattare Luca al 338 9869980 o Alan al 328 8768079<\/p>\n<p>&nbsp;<\/p>\n<p>&nbsp;<\/p>\n<hr \/>\n<p>&nbsp;<\/p>\n<blockquote>\n<h3>DALLA SCUOLA SECONDARIA DI TAMBRE LA CANZONE SULLA PACE<\/h3>\n<\/blockquote>\n<p><strong>TAMBRE<\/strong> Piacevole, orecchiabile con voci &#8220;fresche&#8221; e un video accattivante. E&#8217; la canzone sulla pace della scuola secondaria di Tambre d&#8217;Alpago. Canzone di Mengoni,\u00a0 testo riscritto dai Ragazzi e con la collaborazione di vari artisti Tra cui Jessica Da Re<\/p>\n<p><iframe loading=\"lazy\" title=\"La Voce della Pace\" width=\"1200\" height=\"675\" src=\"https:\/\/www.youtube.com\/embed\/NNLJCdJGtjo?feature=oembed\" frameborder=\"0\" allow=\"accelerometer; autoplay; clipboard-write; encrypted-media; gyroscope; picture-in-picture\" allowfullscreen><\/iframe><\/p>\n<p>&nbsp;<\/p>\n<p>&nbsp;<\/p>\n<p>&nbsp;<\/p>\n<hr \/>\n<p>&nbsp;<\/p>\n<h2><span style=\"color: #ff0000;\">IERI ALLA RADIO<\/span><\/h2>\n<h2><strong><a class=\"dt-pswp-item\" href=\"https:\/\/www.radiopiu.net\/wordpress\/wp-content\/uploads\/2020\/04\/NADIA-BULF-PARAFARMACIA.jpg\" data-dt-img-description=\"\" data-large_image_width=\"1440\" data-large_image_height=\"1690\"><img loading=\"lazy\" decoding=\"async\" class=\"size-thumbnail wp-image-130900 alignleft\" src=\"https:\/\/www.radiopiu.net\/wordpress\/wp-content\/uploads\/2020\/04\/NADIA-BULF-PARAFARMACIA-150x150.jpg\" alt=\"\" width=\"150\" height=\"150\" \/><\/a><span style=\"color: #008000;\">NADIA BULF DELLA PARAFARMACIA DI AGORDO E LA DOTTORESSA CATIA NAIBO BIOLOGA NUTRIZIONISTA<\/span><\/strong><\/h2>\n<p><strong>di Claudio Fontanive<\/strong><\/p>\n<p>OSPITI: Nadia Bulf della Parafarmacia di Agordo e Catia Naibon biologa nutrizionista<\/p>\n<audio class=\"wp-audio-shortcode\" id=\"audio-280669-17\" preload=\"none\" style=\"width: 100%;\" controls=\"controls\"><source type=\"audio\/mpeg\" src=\"https:\/\/www.radiopiu.net\/wordpress\/wp-content\/uploads\/2022\/06\/nadia-ulf-10-giugno.mp3?_=17\" \/><a href=\"https:\/\/www.radiopiu.net\/wordpress\/wp-content\/uploads\/2022\/06\/nadia-ulf-10-giugno.mp3\">https:\/\/www.radiopiu.net\/wordpress\/wp-content\/uploads\/2022\/06\/nadia-ulf-10-giugno.mp3<\/a><\/audio>\n<p>&nbsp;<\/p>\n<hr \/>\n<p>&nbsp;<\/p>\n<h2><strong><a class=\"dt-pswp-item\" href=\"https:\/\/www.radiopiu.net\/wordpress\/wp-content\/uploads\/2020\/05\/poliambulatorio.png\" data-dt-img-description=\"\" data-large_image_width=\"1830\" data-large_image_height=\"1274\"><img loading=\"lazy\" decoding=\"async\" class=\"size-thumbnail wp-image-141183 alignleft\" src=\"https:\/\/www.radiopiu.net\/wordpress\/wp-content\/uploads\/2020\/05\/poliambulatorio-150x150.png\" alt=\"\" width=\"150\" height=\"150\" \/><\/a><\/strong><span style=\"color: #ff00ff;\">SPECIALE 120-80 DEDICATO ALLA SANITA&#8217; &#8211; GIUGNO 2022<\/span><\/h2>\n<p><strong>di Claudio Fontanive<\/strong><\/p>\n<p>OSPITE: La Dotoressa Naibo Poli biologa nutrizionista<\/p>\n<audio class=\"wp-audio-shortcode\" id=\"audio-280669-18\" preload=\"none\" style=\"width: 100%;\" controls=\"controls\"><source type=\"audio\/mpeg\" src=\"https:\/\/www.radiopiu.net\/wordpress\/wp-content\/uploads\/2022\/06\/dottoressa-naibo-poli-10-giugno.mp3?_=18\" \/><a href=\"https:\/\/www.radiopiu.net\/wordpress\/wp-content\/uploads\/2022\/06\/dottoressa-naibo-poli-10-giugno.mp3\">https:\/\/www.radiopiu.net\/wordpress\/wp-content\/uploads\/2022\/06\/dottoressa-naibo-poli-10-giugno.mp3<\/a><\/audio>\n<p>&nbsp;<\/p>\n<hr \/>\n<p>&nbsp;<\/p>\n<h2><strong><a class=\"dt-pswp-item\" href=\"https:\/\/www.radiopiu.net\/wordpress\/wp-content\/uploads\/2022\/06\/Schermata-2022-06-01-alle-16.11.58.png\" data-dt-img-description=\"\" data-large_image_width=\"1310\" data-large_image_height=\"688\"><img loading=\"lazy\" decoding=\"async\" class=\"alignleft wp-image-279179 size-medium\" src=\"https:\/\/www.radiopiu.net\/wordpress\/wp-content\/uploads\/2022\/06\/Schermata-2022-06-01-alle-16.11.58-300x158.png\" alt=\"\" width=\"300\" height=\"158\" srcset=\"https:\/\/www.radiopiu.net\/wordpress\/wp-content\/uploads\/2022\/06\/Schermata-2022-06-01-alle-16.11.58-300x158.png 300w, https:\/\/www.radiopiu.net\/wordpress\/wp-content\/uploads\/2022\/06\/Schermata-2022-06-01-alle-16.11.58-1024x538.png 1024w, https:\/\/www.radiopiu.net\/wordpress\/wp-content\/uploads\/2022\/06\/Schermata-2022-06-01-alle-16.11.58-768x403.png 768w, https:\/\/www.radiopiu.net\/wordpress\/wp-content\/uploads\/2022\/06\/Schermata-2022-06-01-alle-16.11.58.png 1310w\" sizes=\"auto, (max-width: 300px) 100vw, 300px\" \/><\/a><span style=\"color: #ff6600;\">TORNA LA SAGRA DI SANT&#8217;ANTONIO A RIVAMONTE<\/span><\/strong><\/h2>\n<p><strong>di Claudio Fontanive<\/strong><\/p>\n<p>OSPITI: Jennifer Bressan e Simone Fontanive<\/p>\n<audio class=\"wp-audio-shortcode\" id=\"audio-280669-19\" preload=\"none\" style=\"width: 100%;\" controls=\"controls\"><source type=\"audio\/mpeg\" src=\"https:\/\/www.radiopiu.net\/wordpress\/wp-content\/uploads\/2022\/06\/santantonio-jennifer-simone-01-giugno.mp3?_=19\" \/><a href=\"https:\/\/www.radiopiu.net\/wordpress\/wp-content\/uploads\/2022\/06\/santantonio-jennifer-simone-01-giugno.mp3\">https:\/\/www.radiopiu.net\/wordpress\/wp-content\/uploads\/2022\/06\/santantonio-jennifer-simone-01-giugno.mp3<\/a><\/audio>\n<p>&nbsp;<\/p>\n<hr \/>\n<p>&nbsp;<\/p>\n<blockquote>\n<h2>SAN GIOVANNI, TRE GIORNI DI FESTA A CANALE D&#8217;AGORDO<\/h2>\n<\/blockquote>\n<p><strong>CANALE D&#8217;AGORDO<\/strong> Il ritorno della sagra di San Giovanni, riecco il corposo programma a pi\u00f9 firme: Comune, Polisportiva, Proloco, Ana e Abvs. Tre giorni di festa, il primo appuntamento venerdi 24, giorno di San Giovanni, con la festa per i 100 anni del distaccamento dei vigili del fuoco volontari del paese, presenza importante e fondamentale, da sempre. Sar\u00e0 anche il giorno dei coscritti del 2002, della musica di Oscar all&#8217;ora di pranzo\u00a0 e dei pregiati piatti con frittura di pesce e gli gnocchi ai porcini e puina sfumegada, oltre all&#8217;immancabile piatto del malgher e le trippe alla parmigiana. Gli aperitivi\u00a0 del sabato una garanzia con Ciccio di Oh per Bacco e la colonna musicale del duo jazz e bossanova Crestani-Burigo. Le notti da ballare: venerdi 24 con Cristian Group, sabato 25 con gli Hedera e il dj set, domenica 26 con Mely &amp; the moodies. PROGRAMMA RELIGIOSO: venerdi 24 alle 10.30 la messa nella chiesa di San Giovanni Battista.<\/p>\n\n\t\t\t<style type='text\/css'>\n\t\t\t\t#gallery-4 {\n\t\t\t\t\tmargin: auto;\n\t\t\t\t}\n\t\t\t\t#gallery-4 .gallery-item {\n\t\t\t\t\tfloat: left;\n\t\t\t\t\tmargin-top: 10px;\n\t\t\t\t\ttext-align: center;\n\t\t\t\t\twidth: 33%;\n\t\t\t\t}\n\t\t\t\t#gallery-4 img {\n\t\t\t\t\tborder: 2px solid #cfcfcf;\n\t\t\t\t}\n\t\t\t\t#gallery-4 .gallery-caption {\n\t\t\t\t\tmargin-left: 0;\n\t\t\t\t}\n\t\t\t\t\/* see gallery_shortcode() in wp-includes\/media.php *\/\n\t\t\t<\/style>\n\t\t<div id='gallery-4' class='dt-gallery-container gallery galleryid-280669 gallery-columns-3 gallery-size-medium'><dl class='gallery-item'>\n\t\t\t\t<dt class='gallery-icon portrait'>\n\t\t\t\t\t<a class=\"rollover rollover-zoom dt-pswp-item\" title=\"0a6150e4-bc70-4210-ad75-f53803953eb0\" data-dt-img-description=\"\" data-large_image_width=\"1131\" data-large_image_height=\"1600\"href='https:\/\/www.radiopiu.net\/wordpress\/wp-content\/uploads\/2022\/06\/0a6150e4-bc70-4210-ad75-f53803953eb0.jpg'><img loading=\"lazy\" decoding=\"async\" width=\"212\" height=\"300\" src=\"https:\/\/www.radiopiu.net\/wordpress\/wp-content\/uploads\/2022\/06\/0a6150e4-bc70-4210-ad75-f53803953eb0-212x300.jpg\" class=\"attachment-medium size-medium\" alt=\"\" srcset=\"https:\/\/www.radiopiu.net\/wordpress\/wp-content\/uploads\/2022\/06\/0a6150e4-bc70-4210-ad75-f53803953eb0-212x300.jpg 212w, https:\/\/www.radiopiu.net\/wordpress\/wp-content\/uploads\/2022\/06\/0a6150e4-bc70-4210-ad75-f53803953eb0-724x1024.jpg 724w, https:\/\/www.radiopiu.net\/wordpress\/wp-content\/uploads\/2022\/06\/0a6150e4-bc70-4210-ad75-f53803953eb0-768x1086.jpg 768w, https:\/\/www.radiopiu.net\/wordpress\/wp-content\/uploads\/2022\/06\/0a6150e4-bc70-4210-ad75-f53803953eb0-1086x1536.jpg 1086w, https:\/\/www.radiopiu.net\/wordpress\/wp-content\/uploads\/2022\/06\/0a6150e4-bc70-4210-ad75-f53803953eb0.jpg 1131w\" sizes=\"auto, (max-width: 212px) 100vw, 212px\" \/><\/a>\n\t\t\t\t<\/dt><\/dl><dl class='gallery-item'>\n\t\t\t\t<dt class='gallery-icon landscape'>\n\t\t\t\t\t<a class=\"rollover rollover-zoom dt-pswp-item\" title=\"117083109_183542043157133_75668120410207434_n\" data-dt-img-description=\"\" data-large_image_width=\"960\" data-large_image_height=\"503\"href='https:\/\/www.radiopiu.net\/wordpress\/wp-content\/uploads\/2022\/06\/117083109_183542043157133_75668120410207434_n.jpg'><img loading=\"lazy\" decoding=\"async\" width=\"300\" height=\"157\" src=\"https:\/\/www.radiopiu.net\/wordpress\/wp-content\/uploads\/2022\/06\/117083109_183542043157133_75668120410207434_n-300x157.jpg\" class=\"attachment-medium size-medium\" alt=\"\" srcset=\"https:\/\/www.radiopiu.net\/wordpress\/wp-content\/uploads\/2022\/06\/117083109_183542043157133_75668120410207434_n-300x157.jpg 300w, https:\/\/www.radiopiu.net\/wordpress\/wp-content\/uploads\/2022\/06\/117083109_183542043157133_75668120410207434_n-768x402.jpg 768w, https:\/\/www.radiopiu.net\/wordpress\/wp-content\/uploads\/2022\/06\/117083109_183542043157133_75668120410207434_n.jpg 960w\" sizes=\"auto, (max-width: 300px) 100vw, 300px\" \/><\/a>\n\t\t\t\t<\/dt><\/dl><dl class='gallery-item'>\n\t\t\t\t<dt class='gallery-icon landscape'>\n\t\t\t\t\t<a class=\"rollover rollover-zoom dt-pswp-item\" title=\"CANALE D&#039;AGORDO (3)\" data-dt-img-description=\"\" data-large_image_width=\"960\" data-large_image_height=\"720\"href='https:\/\/www.radiopiu.net\/wordpress\/wp-content\/uploads\/2020\/06\/CANALE-DAGORDO-3.jpg'><img loading=\"lazy\" decoding=\"async\" width=\"300\" height=\"225\" src=\"https:\/\/www.radiopiu.net\/wordpress\/wp-content\/uploads\/2020\/06\/CANALE-DAGORDO-3-300x225.jpg\" class=\"attachment-medium size-medium\" alt=\"\" srcset=\"https:\/\/www.radiopiu.net\/wordpress\/wp-content\/uploads\/2020\/06\/CANALE-DAGORDO-3-300x225.jpg 300w, https:\/\/www.radiopiu.net\/wordpress\/wp-content\/uploads\/2020\/06\/CANALE-DAGORDO-3-768x576.jpg 768w, https:\/\/www.radiopiu.net\/wordpress\/wp-content\/uploads\/2020\/06\/CANALE-DAGORDO-3.jpg 960w\" sizes=\"auto, (max-width: 300px) 100vw, 300px\" \/><\/a>\n\t\t\t\t<\/dt><\/dl><br style=\"clear: both\" \/>\n\t\t\t<\/div>\n\n<p>&nbsp;<\/p>\n<p>&nbsp;<\/p>\n<hr \/>\n<p>&nbsp;<\/p>\n<p>&nbsp;<\/p>\n<blockquote class=\"wp-embedded-content\" data-secret=\"elFr0rcGtl\"><p><a href=\"https:\/\/www.radiopiu.net\/wordpress\/da-ieri-alla-radio-in-palinsesto-loris-e-maurizio-con-la-grande-musica\/\">IL BLUES ALLA RADIO &#8230; COME NON L&#8217;AVETE MAI SENTITO PRIMA<\/a><\/p><\/blockquote>\n<p><iframe loading=\"lazy\" class=\"wp-embedded-content\" sandbox=\"allow-scripts\" security=\"restricted\" style=\"position: absolute; clip: rect(1px, 1px, 1px, 1px);\" title=\"&#8220;IL BLUES ALLA RADIO &#8230; COME NON L&#8217;AVETE MAI SENTITO PRIMA&#8221; &#8212; Radio Pi\u00f9\" src=\"https:\/\/www.radiopiu.net\/wordpress\/da-ieri-alla-radio-in-palinsesto-loris-e-maurizio-con-la-grande-musica\/embed\/#?secret=fu9Y6Lbgg1#?secret=elFr0rcGtl\" data-secret=\"elFr0rcGtl\" width=\"600\" height=\"338\" frameborder=\"0\" marginwidth=\"0\" marginheight=\"0\" scrolling=\"no\"><\/iframe><\/p>\n<p>&nbsp;<\/p>\n<hr \/>\n<p>&nbsp;<\/p>\n<h2><span style=\"color: #008080;\">SALUTE &amp; SOCIETA&#8217;\u00a0<\/span><\/h2>\n<p><strong>LA RACCOLTA<\/strong><\/p>\n<blockquote class=\"wp-embedded-content\" data-secret=\"l3eEq5xrL3\"><p><a href=\"https:\/\/www.radiopiu.net\/wordpress\/saluteesocieta\/\">Salute e Societ\u00e0<\/a><\/p><\/blockquote>\n<p><iframe loading=\"lazy\" class=\"wp-embedded-content\" sandbox=\"allow-scripts\" security=\"restricted\" style=\"position: absolute; clip: rect(1px, 1px, 1px, 1px);\" title=\"&#8220;Salute e Societ\u00e0&#8221; &#8212; Radio Pi\u00f9\" src=\"https:\/\/www.radiopiu.net\/wordpress\/saluteesocieta\/embed\/#?secret=nYJLVTG73v#?secret=l3eEq5xrL3\" data-secret=\"l3eEq5xrL3\" width=\"600\" height=\"338\" frameborder=\"0\" marginwidth=\"0\" marginheight=\"0\" scrolling=\"no\"><\/iframe><\/p>\n<p>&nbsp;<\/p>\n<hr \/>\n<p>&nbsp;<\/p>\n<h2><span style=\"color: #ff00ff;\">007 IN CONDOTTA CON LA PROF. MARIA ROSA SALMAZO ULTIMA PUNTATA DECIMO ANNO CON IL GRAZIE PER L&#8217;IMPEGNO ALLA PROF. MARIA ROSA SALMAZO E CLAUDIO FONTANIVE\u00a0<\/span><\/h2>\n<p><strong>PUNTATA DEL 06 GIUGNO 2022 &#8211; ULTIMA PUNTATA DELLA STAGIONE<\/strong><\/p>\n<audio class=\"wp-audio-shortcode\" id=\"audio-280669-20\" preload=\"none\" style=\"width: 100%;\" controls=\"controls\"><source type=\"audio\/mpeg\" src=\"https:\/\/www.radiopiu.net\/wordpress\/wp-content\/uploads\/2022\/06\/ZERO-ZERO-7-DEL-06-GIUGNO-ULTIMA-PUNTATA-2022.mp3?_=20\" \/><a href=\"https:\/\/www.radiopiu.net\/wordpress\/wp-content\/uploads\/2022\/06\/ZERO-ZERO-7-DEL-06-GIUGNO-ULTIMA-PUNTATA-2022.mp3\">https:\/\/www.radiopiu.net\/wordpress\/wp-content\/uploads\/2022\/06\/ZERO-ZERO-7-DEL-06-GIUGNO-ULTIMA-PUNTATA-2022.mp3<\/a><\/audio>\n<p>&nbsp;<\/p>\n<p><strong>LA RACCOLTA COMPLETA\u00a0<\/strong><\/p>\n<blockquote class=\"wp-embedded-content\" data-secret=\"wXM0u8wpfS\"><p><a href=\"https:\/\/www.radiopiu.net\/wordpress\/007incondotta-9\/\">007 in condotta<\/a><\/p><\/blockquote>\n<p><iframe loading=\"lazy\" class=\"wp-embedded-content\" sandbox=\"allow-scripts\" security=\"restricted\" style=\"position: absolute; clip: rect(1px, 1px, 1px, 1px);\" title=\"&#8220;007 in condotta&#8221; &#8212; Radio Pi\u00f9\" src=\"https:\/\/www.radiopiu.net\/wordpress\/007incondotta-9\/embed\/#?secret=PMlqX6izD2#?secret=wXM0u8wpfS\" data-secret=\"wXM0u8wpfS\" width=\"600\" height=\"338\" frameborder=\"0\" marginwidth=\"0\" marginheight=\"0\" scrolling=\"no\"><\/iframe><\/p>\n<p>&nbsp;<\/p>\n<hr \/>\n<h3 class=\"kvgmc6g5 cxmmr5t8 oygrvhab hcukyx3x c1et5uql\"><span style=\"color: #0000ff;\"><strong>\u00a0<\/strong><\/span><\/h3>\n<h3 class=\"kvgmc6g5 cxmmr5t8 oygrvhab hcukyx3x c1et5uql\"><span style=\"color: #0000ff;\"><strong>INFORMAZIONE il canale su TELEGRAM informazione di prima mano e in tempo reale. iscriviti ed aiutaci a farlo conoscere\u00a0 \u00a0<\/strong><\/span><\/h3>\n<p>&nbsp;<\/p>\n<hr \/>\n<p>&nbsp;<\/p>\n<blockquote>\n<h2><span style=\"color: #800080;\">STORIE A QUATTROCCHI<br \/>\nOGGI ALLE 9 E ALLE 18 LA NUOVA PUNTATA CON ELENA E STEFANIA<\/span><\/h2>\n<\/blockquote>\n<p><strong>PUNTATA DEL 08 GIUGNO 2022 CON ELENA E STEFANIA<\/strong><\/p>\n<audio class=\"wp-audio-shortcode\" id=\"audio-280669-21\" preload=\"none\" style=\"width: 100%;\" controls=\"controls\"><source type=\"audio\/mpeg\" src=\"https:\/\/www.radiopiu.net\/wordpress\/wp-content\/uploads\/2022\/06\/QOCCHI8.mp3?_=21\" \/><a href=\"https:\/\/www.radiopiu.net\/wordpress\/wp-content\/uploads\/2022\/06\/QOCCHI8.mp3\">https:\/\/www.radiopiu.net\/wordpress\/wp-content\/uploads\/2022\/06\/QOCCHI8.mp3<\/a><\/audio>\n<p><strong>LA RACCOLTA COMPLETA\u00a0<\/strong><\/p>\n<blockquote class=\"wp-embedded-content\" data-secret=\"bFTLqZSEEA\"><p><a href=\"https:\/\/www.radiopiu.net\/wordpress\/storie-a-quattrocchi\/\">Storie a quattrocchi<\/a><\/p><\/blockquote>\n<p><iframe loading=\"lazy\" class=\"wp-embedded-content\" sandbox=\"allow-scripts\" security=\"restricted\" style=\"position: absolute; clip: rect(1px, 1px, 1px, 1px);\" title=\"&#8220;Storie a quattrocchi&#8221; &#8212; Radio Pi\u00f9\" src=\"https:\/\/www.radiopiu.net\/wordpress\/storie-a-quattrocchi\/embed\/#?secret=dXfDLrBvjA#?secret=bFTLqZSEEA\" data-secret=\"bFTLqZSEEA\" width=\"600\" height=\"338\" frameborder=\"0\" marginwidth=\"0\" marginheight=\"0\" scrolling=\"no\"><\/iframe><\/p>\n<p>&nbsp;<\/p>\n<hr \/>\n<p>&nbsp;<\/p>\n<h2><\/h2>\n<h2><span style=\"color: #008080;\">&#8220;DINTORN E FORA VIA&#8221; A CURA DEL MUSLA, IL NUOVO PROGRAMMA\u00a0 \u00a0<\/span><\/h2>\n<p><a class=\"dt-pswp-item\" href=\"https:\/\/www.radiopiu.net\/wordpress\/wp-content\/uploads\/2022\/06\/1264397_701443783218799_504077467_o.jpg\" data-dt-img-description=\"\" data-large_image_width=\"2048\" data-large_image_height=\"1366\"><img loading=\"lazy\" decoding=\"async\" class=\"size-thumbnail wp-image-280167 alignleft\" src=\"https:\/\/www.radiopiu.net\/wordpress\/wp-content\/uploads\/2022\/06\/1264397_701443783218799_504077467_o-150x150.jpg\" alt=\"\" width=\"150\" height=\"150\" \/><\/a><strong>PUNTATA DEL 07 GIUGNO 2022 &#8211; CON MAYRA DE MARCO<\/strong><\/p>\n<audio class=\"wp-audio-shortcode\" id=\"audio-280669-22\" preload=\"none\" style=\"width: 100%;\" controls=\"controls\"><source type=\"audio\/mpeg\" src=\"https:\/\/www.radiopiu.net\/wordpress\/wp-content\/uploads\/2022\/06\/MUSLA.mp3?_=22\" \/><a href=\"https:\/\/www.radiopiu.net\/wordpress\/wp-content\/uploads\/2022\/06\/MUSLA.mp3\">https:\/\/www.radiopiu.net\/wordpress\/wp-content\/uploads\/2022\/06\/MUSLA.mp3<\/a><\/audio>\n<p>&nbsp;<\/p>\n<p><strong>LA RACCOLTA COMPLETA<\/strong><\/p>\n<blockquote class=\"wp-embedded-content\" data-secret=\"zKJO69SCy3\"><p><a href=\"https:\/\/www.radiopiu.net\/wordpress\/musla\/\">MUSLA<\/a><\/p><\/blockquote>\n<p><iframe loading=\"lazy\" class=\"wp-embedded-content\" sandbox=\"allow-scripts\" security=\"restricted\" style=\"position: absolute; clip: rect(1px, 1px, 1px, 1px);\" title=\"&#8220;MUSLA&#8221; &#8212; Radio Pi\u00f9\" src=\"https:\/\/www.radiopiu.net\/wordpress\/musla\/embed\/#?secret=RhxWIz78he#?secret=zKJO69SCy3\" data-secret=\"zKJO69SCy3\" width=\"600\" height=\"338\" frameborder=\"0\" marginwidth=\"0\" marginheight=\"0\" scrolling=\"no\"><\/iframe><\/p>\n<p>&nbsp;<\/p>\n<p>&nbsp;<\/p>\n<hr \/>\n<p>&nbsp;<\/p>\n<div>\n<div class=\"b654a4as d2edcug0\">\n<div class=\"rq0escxv hkbzh7o3 jwdofwj8 n8tt0mok r8blr3vg hyh9befq\">\n<p><a class=\"dt-pswp-item\" href=\"https:\/\/www.radiopiu.net\/wordpress\/wp-content\/uploads\/2020\/10\/pp.jpg\" data-dt-img-description=\"\" data-large_image_width=\"640\" data-large_image_height=\"640\"><img loading=\"lazy\" decoding=\"async\" class=\"wp-image-163678 alignleft\" src=\"https:\/\/www.radiopiu.net\/wordpress\/wp-content\/uploads\/2020\/10\/pp-300x300.jpg\" alt=\"\" width=\"106\" height=\"106\" srcset=\"https:\/\/www.radiopiu.net\/wordpress\/wp-content\/uploads\/2020\/10\/pp-300x300.jpg 300w, https:\/\/www.radiopiu.net\/wordpress\/wp-content\/uploads\/2020\/10\/pp-150x150.jpg 150w, https:\/\/www.radiopiu.net\/wordpress\/wp-content\/uploads\/2020\/10\/pp-125x125.jpg 125w, https:\/\/www.radiopiu.net\/wordpress\/wp-content\/uploads\/2020\/10\/pp-200x200.jpg 200w, https:\/\/www.radiopiu.net\/wordpress\/wp-content\/uploads\/2020\/10\/pp-80x80.jpg 80w, https:\/\/www.radiopiu.net\/wordpress\/wp-content\/uploads\/2020\/10\/pp-480x480.jpg 480w, https:\/\/www.radiopiu.net\/wordpress\/wp-content\/uploads\/2020\/10\/pp.jpg 640w\" sizes=\"auto, (max-width: 106px) 100vw, 106px\" \/><\/a><\/p>\n<\/div>\n<\/div>\n<\/div>\n<div>\n<div class=\"page-title-head hgroup\">\n<div class=\"page-title-head hgroup\">\n<div class=\"b654a4as d2edcug0\">\n<div class=\"j83agx80 btwxx1t3 lhclo0ds hop8lmos nkwizq5d scwd0bx6 roh60bw9\">\n<div class=\"rq0escxv hkbzh7o3 jwdofwj8 n8tt0mok r8blr3vg hyh9befq\">\n<div class=\"do00u71z l9j0dhe7 k4urcfbm\">\n<h2><span style=\"color: #000080;\">DON CESARE, IL PENSIERO DEL GIORNO. ALLA RADIO ALLE 7 DEL MATTINO E ALLE 19.30 DELLA SERA.\u00a0<\/span><\/h2>\n<\/div>\n<audio class=\"wp-audio-shortcode\" id=\"audio-280669-23\" preload=\"none\" style=\"width: 100%;\" controls=\"controls\"><source type=\"audio\/mpeg\" src=\"https:\/\/www.radiopiu.net\/wordpress\/wp-content\/uploads\/2022\/06\/cesare.mp3?_=23\" \/><a href=\"https:\/\/www.radiopiu.net\/wordpress\/wp-content\/uploads\/2022\/06\/cesare.mp3\">https:\/\/www.radiopiu.net\/wordpress\/wp-content\/uploads\/2022\/06\/cesare.mp3<\/a><\/audio>\n<\/div>\n<\/div>\n<\/div>\n<\/div>\n<\/div>\n<\/div>\n<p>&nbsp;<\/p>\n<hr \/>\n<p>&nbsp;<\/p>\n<div class=\"do00u71z l9j0dhe7 k4urcfbm\">\n<div class=\"page-title-head hgroup\">\n<div class=\"page-title-head hgroup\">\n<div class=\"b654a4as d2edcug0\">\n<div class=\"j83agx80 btwxx1t3 lhclo0ds hop8lmos nkwizq5d scwd0bx6 roh60bw9\">\n<div class=\"rq0escxv hkbzh7o3 jwdofwj8 n8tt0mok r8blr3vg hyh9befq\">\n<div class=\"do00u71z l9j0dhe7 k4urcfbm\">\n<div class=\"page-title-head hgroup\">\n<div class=\"page-title-head hgroup\">\n<div class=\"b654a4as d2edcug0\">\n<div class=\"j83agx80 btwxx1t3 lhclo0ds hop8lmos nkwizq5d scwd0bx6 roh60bw9\">\n<div class=\"rq0escxv hkbzh7o3 jwdofwj8 n8tt0mok r8blr3vg hyh9befq\">\n<div class=\"do00u71z l9j0dhe7 k4urcfbm\">\n<div class=\"ecm0bbzt e5nlhep0 a8c37x1j\">\n<div class=\"kvgmc6g5 cxmmr5t8 oygrvhab hcukyx3x c1et5uql\">\n<div class=\"gmail-kvgmc6g5 gmail-cxmmr5t8 gmail-oygrvhab gmail-hcukyx3x gmail-c1et5uql gmail-ii04i59q\">\n<div class=\"page-title-head hgroup\">\n<div class=\"page-title-head hgroup\">\n<div class=\"b654a4as d2edcug0\">\n<div class=\"j83agx80 btwxx1t3 lhclo0ds hop8lmos nkwizq5d scwd0bx6 roh60bw9\">\n<div class=\"rq0escxv hkbzh7o3 jwdofwj8 n8tt0mok r8blr3vg hyh9befq\">\n<div class=\"do00u71z l9j0dhe7 k4urcfbm\">\n<div class=\"page-title-head hgroup\">\n<div class=\"page-title-head hgroup\">\n<div class=\"b654a4as d2edcug0\">\n<div class=\"j83agx80 btwxx1t3 lhclo0ds hop8lmos nkwizq5d scwd0bx6 roh60bw9\">\n<div class=\"rq0escxv hkbzh7o3 jwdofwj8 n8tt0mok r8blr3vg hyh9befq\">\n<div class=\"do00u71z l9j0dhe7 k4urcfbm\">\n<div class=\"page-title-head hgroup\">\n<div class=\"page-title-head hgroup\">\n<div class=\"b654a4as d2edcug0\">\n<div class=\"j83agx80 btwxx1t3 lhclo0ds hop8lmos nkwizq5d scwd0bx6 roh60bw9\">\n<div class=\"rq0escxv hkbzh7o3 jwdofwj8 n8tt0mok r8blr3vg hyh9befq\">\n<div class=\"do00u71z l9j0dhe7 k4urcfbm\">\n<div class=\"ecm0bbzt e5nlhep0 a8c37x1j\">\n<div class=\"kvgmc6g5 cxmmr5t8 oygrvhab hcukyx3x c1et5uql\">\n<div class=\"gmail-kvgmc6g5 gmail-cxmmr5t8 gmail-oygrvhab gmail-hcukyx3x gmail-c1et5uql gmail-ii04i59q\">\n<div class=\"page-title-head hgroup\">\n<div class=\"page-title-head hgroup\">\n<div class=\"b654a4as d2edcug0\">\n<div class=\"j83agx80 btwxx1t3 lhclo0ds hop8lmos nkwizq5d scwd0bx6 roh60bw9\">\n<div class=\"rq0escxv hkbzh7o3 jwdofwj8 n8tt0mok r8blr3vg hyh9befq\">\n<div class=\"do00u71z l9j0dhe7 k4urcfbm\">\n<blockquote>\n<h3><span style=\"color: #ff0000;\">IN VIVO VERSO,\u00a0 RIASCOLTIAMOLE DAL LUNEDI AL VENERDI ALLE 7.10, 10.10, 18 50<\/span><\/h3>\n<div class=\"page-title-head hgroup\">\n<h3 class=\"entry-title\">RIASCOLTIAMOLE, STAGIONE 2019_2020 LOREDANA BORGHETTO &#8220;FOLLA&#8221;<\/h3>\n<\/div>\n<\/blockquote>\n<p><strong>AUDIO<\/strong><\/p>\n<audio class=\"wp-audio-shortcode\" id=\"audio-280669-24\" preload=\"none\" style=\"width: 100%;\" controls=\"controls\"><source type=\"audio\/mpeg\" src=\"https:\/\/www.radiopiu.net\/wordpress\/wp-content\/uploads\/2022\/06\/POESIA-05-LOREDANA-BORGHETTO-FOLLA.mp3?_=24\" \/><a href=\"https:\/\/www.radiopiu.net\/wordpress\/wp-content\/uploads\/2022\/06\/POESIA-05-LOREDANA-BORGHETTO-FOLLA.mp3\">https:\/\/www.radiopiu.net\/wordpress\/wp-content\/uploads\/2022\/06\/POESIA-05-LOREDANA-BORGHETTO-FOLLA.mp3<\/a><\/audio>\n<p><img loading=\"lazy\" decoding=\"async\" class=\"\" src=\"https:\/\/www.radiopiu.net\/wordpress\/wp-content\/uploads\/2020\/11\/BORGHETTO-FOTO.jpg\" width=\"215\" height=\"143\" \/><\/p>\n<div>\n<p><strong>LA RACCOLTA COMPLETA<\/strong><\/p>\n<\/div>\n<blockquote class=\"wp-embedded-content\" data-secret=\"HXJPXhT7px\"><p><a href=\"https:\/\/www.radiopiu.net\/wordpress\/in-vivo-verso\/\">In Vivo Verso<\/a><\/p><\/blockquote>\n<p><iframe loading=\"lazy\" class=\"wp-embedded-content\" sandbox=\"allow-scripts\" security=\"restricted\" style=\"position: absolute; clip: rect(1px, 1px, 1px, 1px);\" title=\"&#8220;In Vivo Verso&#8221; &#8212; Radio Pi\u00f9\" src=\"https:\/\/www.radiopiu.net\/wordpress\/in-vivo-verso\/embed\/#?secret=QBdiTv1iZS#?secret=HXJPXhT7px\" data-secret=\"HXJPXhT7px\" width=\"600\" height=\"338\" frameborder=\"0\" marginwidth=\"0\" marginheight=\"0\" scrolling=\"no\"><\/iframe><\/p>\n<p>&nbsp;<\/p>\n<p>&nbsp;<\/p>\n<hr \/>\n<p>&nbsp;<\/p>\n<p><span style=\"color: #0000ff;\">MUSICA PIU&#8217;\u00a0<\/span><\/p>\n<p><a href=\"https:\/\/www.radiopiu.net\/wordpress\/giornale-radiopiu-20-settembre-2021-direttore-mirko-mezzacasa\/pp-79\/\" rel=\"attachment wp-att-232921\"><img loading=\"lazy\" decoding=\"async\" class=\"wp-image-232921 alignleft\" src=\"https:\/\/www.radiopiu.net\/wordpress\/wp-content\/uploads\/2021\/09\/pp-1-300x300.jpg\" alt=\"\" width=\"135\" height=\"135\" srcset=\"https:\/\/www.radiopiu.net\/wordpress\/wp-content\/uploads\/2021\/09\/pp-1-300x300.jpg 300w, https:\/\/www.radiopiu.net\/wordpress\/wp-content\/uploads\/2021\/09\/pp-1-150x150.jpg 150w, https:\/\/www.radiopiu.net\/wordpress\/wp-content\/uploads\/2021\/09\/pp-1.jpg 640w\" sizes=\"auto, (max-width: 135px) 100vw, 135px\" \/><\/a><\/p>\n<div class=\"mkdf-post-text\">\n<div class=\"mkdf-post-text-inner\">\n<div class=\"mkdf-post-text-main\">\n<div class=\"mkdf-post-text\">\n<div class=\"mkdf-post-text-inner\">\n<div class=\"mkdf-post-text-main\">\n<div class=\"mkdf-post-text\">\n<div class=\"mkdf-post-text-inner\">\n<div class=\"mkdf-post-text-main\">\n<div class=\"page-title-head hgroup\">\n<div class=\"page-title-head hgroup\">\n<div class=\"mkdf-post-text\">\n<div class=\"mkdf-post-text-inner\">\n<div class=\"mkdf-post-text-main\">\n<div class=\"mkdf-post-text\">\n<div class=\"mkdf-post-text-inner\">\n<div class=\"mkdf-post-text-main\">\n<div class=\"page-title-head hgroup\">\n<div class=\"page-title-head hgroup\">\n<div class=\"page-title-head hgroup\">\n<div class=\"page-title-head hgroup\">\n<div class=\"b654a4as d2edcug0\">\n<div class=\"page-title-head hgroup\">\n<div class=\"page-title-head hgroup\">\n<div class=\"page-title-head hgroup\">\n<div class=\"page-title-head hgroup\">\n<div class=\"b654a4as d2edcug0\">\n<div class=\"page-title-head hgroup\">\n<div class=\"page-title-head hgroup\">\n<div class=\"page-title-head hgroup\">\n<div class=\"page-title-head hgroup\">\n<div class=\"b654a4as d2edcug0\">\n<div class=\"mkdf-post-text\">\n<div class=\"mkdf-post-text-inner\">\n<div class=\"mkdf-post-text-main\">\n<div class=\"mkdf-post-text\">\n<div class=\"mkdf-post-text-inner\">\n<div class=\"mkdf-post-text-main\">\n<div class=\"mkdf-post-text\">\n<div class=\"mkdf-post-text-inner\">\n<div class=\"mkdf-post-text-main\">\n<div class=\"page-title-head hgroup\">\n<div class=\"page-title-head hgroup\">\n<div class=\"mkdf-post-text\">\n<div class=\"mkdf-post-text-inner\">\n<div class=\"mkdf-post-text-main\">\n<div class=\"mkdf-post-text\">\n<div class=\"mkdf-post-text-inner\">\n<div class=\"mkdf-post-text-main\">\n<div class=\"page-title-head hgroup\">\n<div class=\"page-title-head hgroup\">\n<div class=\"page-title-head hgroup\">\n<div class=\"page-title-head hgroup\">\n<div class=\"b654a4as d2edcug0\">\n<div class=\"page-title-head hgroup\">\n<div class=\"page-title-head hgroup\">\n<div class=\"page-title-head hgroup\">\n<div class=\"page-title-head hgroup\">\n<div class=\"b654a4as d2edcug0\">\n<div class=\"page-title-head hgroup\">\n<div class=\"page-title-head hgroup\">\n<div class=\"page-title-head hgroup\">\n<div class=\"page-title-head hgroup\">\n<div class=\"b654a4as d2edcug0\">\n<div><\/div>\n<div><\/div>\n<div>\n<p><strong>MUSICA ALLA RADIO, IL PROGRAMMA DI LORIS SCUSSEL &#8220;COLLAGE OPERAZIONE NOSTALGIA&#8221; DAL LUNEDI AL VENERDI ALLE 16.00\u00a0 E ALLE 23\u00a0<\/strong><\/p>\n<p>&nbsp;<\/p>\n<\/div>\n<\/div>\n<p><em><strong>PUNTATA 625 DEL 10 GIUGNO 2022<\/strong><\/em><\/p>\n<audio class=\"wp-audio-shortcode\" id=\"audio-280669-25\" preload=\"none\" style=\"width: 100%;\" controls=\"controls\"><source type=\"audio\/mpeg\" src=\"https:\/\/www.radiopiu.net\/wordpress\/wp-content\/uploads\/2022\/06\/Collage-625.mp3?_=25\" \/><a href=\"https:\/\/www.radiopiu.net\/wordpress\/wp-content\/uploads\/2022\/06\/Collage-625.mp3\">https:\/\/www.radiopiu.net\/wordpress\/wp-content\/uploads\/2022\/06\/Collage-625.mp3<\/a><\/audio>\n<p>&nbsp;<\/p>\n<p>&nbsp;<\/p>\n<div class=\"b654a4as d2edcug0\">\n<hr \/>\n<\/div>\n<\/div>\n<\/div>\n<\/div>\n<\/div>\n<\/div>\n<\/div>\n<\/div>\n<\/div>\n<\/div>\n<\/div>\n<\/div>\n<\/div>\n<\/div>\n<\/div>\n<\/div>\n<\/div>\n<\/div>\n<\/div>\n<\/div>\n<\/div>\n<\/div>\n<\/div>\n<\/div>\n<\/div>\n<\/div>\n<\/div>\n<\/div>\n<\/div>\n<\/div>\n<\/div>\n<\/div>\n<\/div>\n<\/div>\n<\/div>\n<\/div>\n<\/div>\n<\/div>\n<\/div>\n<\/div>\n<\/div>\n<\/div>\n<\/div>\n<\/div>\n<\/div>\n<\/div>\n<\/div>\n<\/div>\n<\/div>\n<\/div>\n<\/div>\n<\/div>\n<\/div>\n<\/div>\n<\/div>\n<\/div>\n<\/div>\n<\/div>\n<\/div>\n<\/div>\n<\/div>\n<\/div>\n<\/div>\n<\/div>\n<p>&nbsp;<\/p>\n<blockquote>\n<h3><span style=\"color: #0000ff;\">RADIO PIU INFORMAZIONE il canale su TELEGRAM informazione di prima mano e in tempo reale. iscriviti ed aiutaci a farlo conoscere\u00a0\u00a0<\/span><\/h3>\n<\/blockquote>\n<div>\n<div class=\"page-title-head hgroup\">\n<div class=\"page-title-head hgroup\">\n<div class=\"page-title-head hgroup\">\n<div class=\"page-title-head hgroup\">\n<div class=\"b654a4as d2edcug0\">\n<div class=\"page-title-head hgroup\">\n<div class=\"page-title-head hgroup\">\n<div class=\"page-title-head hgroup\">\n<div class=\"page-title-head hgroup\">\n<div class=\"b654a4as d2edcug0\">\n<div class=\"page-title-head hgroup\">\n<div class=\"page-title-head hgroup\">\n<div class=\"page-title-head hgroup\">\n<div class=\"page-title-head hgroup\">\n<div class=\"page-title-head hgroup\">\n<div class=\"page-title-head hgroup\">\n<div class=\"page-title-head hgroup\">\n<div class=\"page-title-head hgroup\">\n<div class=\"page-title-head hgroup\">\n<div class=\"b654a4as d2edcug0\">\n<div class=\"page-title-head hgroup\">\n<div class=\"page-title-head hgroup\">\n<div class=\"page-title-head hgroup\">\n<div class=\"page-title-head hgroup\">\n<div class=\"b654a4as d2edcug0\">\n<div><\/div>\n<div>\n<div class=\"page-title-head hgroup\">\n<div class=\"page-title-head hgroup\">\n<div class=\"page-title-head hgroup\">\n<div class=\"page-title-head hgroup\">\n<div class=\"page-title-head hgroup\">\n<div class=\"mkdf-post-text\">\n<div class=\"mkdf-post-text-inner\">\n<div class=\"mkdf-post-text-main\">\n<div class=\"mkdf-post-text\">\n<div class=\"mkdf-post-text-inner\">\n<div class=\"mkdf-post-text-main\">\n<div class=\"mkdf-post-text\">\n<div class=\"mkdf-post-text-inner\">\n<div class=\"mkdf-post-text-main\">\n<div class=\"page-title-head hgroup\">\n<div class=\"page-title-head hgroup\">\n<div class=\"mkdf-post-text\">\n<div class=\"mkdf-post-text-inner\">\n<div class=\"mkdf-post-text-main\">\n<div class=\"mkdf-post-text\">\n<div class=\"mkdf-post-text-inner\">\n<div class=\"mkdf-post-text-main\">\n<div class=\"page-title-head hgroup\">\n<div class=\"page-title-head hgroup\">\n<div class=\"page-title-head hgroup\">\n<div class=\"page-title-head hgroup\">\n<div class=\"b654a4as d2edcug0\">\n<div class=\"page-title-head hgroup\">\n<div class=\"page-title-head hgroup\">\n<div class=\"page-title-head hgroup\">\n<div class=\"page-title-head hgroup\">\n<div class=\"b654a4as d2edcug0\">\n<div class=\"page-title-head hgroup\">\n<div class=\"page-title-head hgroup\">\n<div class=\"page-title-head hgroup\">\n<p>&nbsp;<\/p>\n<div>\n<div class=\"page-title-head hgroup\">\n<div class=\"page-title-head hgroup\">\n<div class=\"b654a4as d2edcug0\">\n<div class=\"j83agx80 btwxx1t3 lhclo0ds hop8lmos nkwizq5d scwd0bx6 roh60bw9\">\n<div class=\"rq0escxv hkbzh7o3 jwdofwj8 n8tt0mok r8blr3vg hyh9befq\">\n<div class=\"do00u71z l9j0dhe7 k4urcfbm\">\n<div class=\"page-title-head hgroup\">\n<div class=\"page-title-head hgroup\">\n<div class=\"b654a4as d2edcug0\">\n<div class=\"j83agx80 btwxx1t3 lhclo0ds hop8lmos nkwizq5d scwd0bx6 roh60bw9\">\n<div class=\"rq0escxv hkbzh7o3 jwdofwj8 n8tt0mok r8blr3vg hyh9befq\">\n<div class=\"do00u71z l9j0dhe7 k4urcfbm\">\n<div class=\"ecm0bbzt e5nlhep0 a8c37x1j\">\n<div class=\"kvgmc6g5 cxmmr5t8 oygrvhab hcukyx3x c1et5uql\">\n<div class=\"gmail-kvgmc6g5 gmail-cxmmr5t8 gmail-oygrvhab gmail-hcukyx3x gmail-c1et5uql gmail-ii04i59q\">\n<div class=\"page-title-head hgroup\">\n<div class=\"page-title-head hgroup\">\n<div class=\"b654a4as d2edcug0\">\n<div class=\"j83agx80 btwxx1t3 lhclo0ds hop8lmos nkwizq5d scwd0bx6 roh60bw9\">\n<div class=\"rq0escxv hkbzh7o3 jwdofwj8 n8tt0mok r8blr3vg hyh9befq\">\n<div class=\"do00u71z l9j0dhe7 k4urcfbm\">\n<div class=\"page-title-head hgroup\">\n<div class=\"page-title-head hgroup\">\n<div class=\"b654a4as d2edcug0\">\n<div class=\"j83agx80 btwxx1t3 lhclo0ds hop8lmos nkwizq5d scwd0bx6 roh60bw9\">\n<div class=\"rq0escxv hkbzh7o3 jwdofwj8 n8tt0mok r8blr3vg hyh9befq\">\n<div class=\"do00u71z l9j0dhe7 k4urcfbm\">\n<div class=\"page-title-head hgroup\">\n<div class=\"page-title-head hgroup\">\n<div class=\"b654a4as d2edcug0\">\n<div class=\"j83agx80 btwxx1t3 lhclo0ds hop8lmos nkwizq5d scwd0bx6 roh60bw9\">\n<div class=\"rq0escxv hkbzh7o3 jwdofwj8 n8tt0mok r8blr3vg hyh9befq\">\n<div class=\"do00u71z l9j0dhe7 k4urcfbm\">\n<div class=\"ecm0bbzt e5nlhep0 a8c37x1j\">\n<div class=\"kvgmc6g5 cxmmr5t8 oygrvhab hcukyx3x c1et5uql\">\n<div class=\"gmail-kvgmc6g5 gmail-cxmmr5t8 gmail-oygrvhab gmail-hcukyx3x gmail-c1et5uql gmail-ii04i59q\">\n<div class=\"page-title-head hgroup\">\n<div class=\"page-title-head hgroup\">\n<div class=\"b654a4as d2edcug0\">\n<div class=\"j83agx80 btwxx1t3 lhclo0ds hop8lmos nkwizq5d scwd0bx6 roh60bw9\">\n<div class=\"rq0escxv hkbzh7o3 jwdofwj8 n8tt0mok r8blr3vg hyh9befq\">\n<div class=\"do00u71z l9j0dhe7 k4urcfbm\">\n<div class=\"page-title-head hgroup\">\n<div class=\"page-title-head hgroup\">\n<div class=\"page-title-head hgroup\">\n<div class=\"page-title-head hgroup\">\n<div class=\"b654a4as d2edcug0\">\n<div class=\"page-title-head hgroup\">\n<div class=\"page-title-head hgroup\">\n<div class=\"page-title-head hgroup\">\n<div class=\"page-title-head hgroup\">\n<div class=\"b654a4as d2edcug0\">\n<div class=\"page-title-head hgroup\">\n<div class=\"page-title-head hgroup\">\n<div class=\"page-title-head hgroup\">\n<div class=\"page-title-head hgroup\">\n<div class=\"page-title-head hgroup\">\n<div class=\"page-title-head hgroup\">\n<div class=\"page-title-head hgroup\">\n<div class=\"page-title-head hgroup\">\n<div class=\"page-title-head hgroup\">\n<div class=\"b654a4as d2edcug0\">\n<div class=\"page-title-head hgroup\">\n<div class=\"page-title-head hgroup\">\n<div class=\"page-title-head hgroup\">\n<div class=\"page-title-head hgroup\">\n<div class=\"b654a4as d2edcug0\">\n<div class=\"page-title-head hgroup\">\n<div class=\"page-title-head hgroup\">\n<div class=\"page-title-head hgroup\">\n<div class=\"page-title-head hgroup\">\n<div class=\"page-title-head hgroup\">\n<div class=\"mkdf-post-text\">\n<div class=\"mkdf-post-text-inner\">\n<div class=\"mkdf-post-text-main\">\n<div class=\"mkdf-post-text\">\n<div class=\"mkdf-post-text-inner\">\n<div class=\"mkdf-post-text-main\">\n<div class=\"mkdf-post-text\">\n<div class=\"mkdf-post-text-inner\">\n<div class=\"mkdf-post-text-main\">\n<div class=\"page-title-head hgroup\">\n<div class=\"page-title-head hgroup\">\n<div class=\"mkdf-post-text\">\n<div class=\"mkdf-post-text-inner\">\n<div class=\"mkdf-post-text-main\">\n<div class=\"mkdf-post-text\">\n<div class=\"mkdf-post-text-inner\">\n<div class=\"mkdf-post-text-main\">\n<div class=\"page-title-head hgroup\">\n<div class=\"page-title-head hgroup\">\n<div class=\"page-title-head hgroup\">\n<div class=\"page-title-head hgroup\">\n<div class=\"b654a4as d2edcug0\">\n<div class=\"page-title-head hgroup\">\n<div class=\"page-title-head hgroup\">\n<div class=\"page-title-head hgroup\">\n<div class=\"page-title-head hgroup\">\n<div class=\"b654a4as d2edcug0\">\n<div class=\"page-title-head hgroup\">\n<div class=\"page-title-head hgroup\">\n<div class=\"page-title-head hgroup\">\n<div class=\"page-title-head hgroup\">\n<div class=\"b654a4as d2edcug0\">\n<div class=\"ecm0bbzt e5nlhep0 a8c37x1j\">\n<div class=\"kvgmc6g5 cxmmr5t8 oygrvhab hcukyx3x c1et5uql\">\n<div class=\"gmail-kvgmc6g5 gmail-cxmmr5t8 gmail-oygrvhab gmail-hcukyx3x gmail-c1et5uql gmail-ii04i59q\">\n<div class=\"page-title-head hgroup\">\n<div class=\"page-title-head hgroup\">\n<div class=\"b654a4as d2edcug0\">\n<div class=\"j83agx80 btwxx1t3 lhclo0ds hop8lmos nkwizq5d scwd0bx6 roh60bw9\">\n<div class=\"rq0escxv hkbzh7o3 jwdofwj8 n8tt0mok r8blr3vg hyh9befq\">\n<div class=\"do00u71z l9j0dhe7 k4urcfbm\">\n<div class=\"page-title-head hgroup\">\n<div class=\"page-title-head hgroup\">\n<div class=\"page-title-head hgroup\">\n<div class=\"page-title-head hgroup\">\n<div class=\"b654a4as d2edcug0\">\n<div class=\"page-title-head hgroup\">\n<div class=\"page-title-head hgroup\">\n<div class=\"page-title-head hgroup\">\n<div class=\"page-title-head hgroup\">\n<div class=\"b654a4as d2edcug0\">\n<div class=\"page-title-head hgroup\">\n<div class=\"page-title-head hgroup\">\n<div class=\"page-title-head hgroup\">\n<div class=\"page-title-head hgroup\">\n<div class=\"page-title-head hgroup\">\n<div class=\"page-title-head hgroup\">\n<div class=\"page-title-head hgroup\">\n<div class=\"page-title-head hgroup\">\n<div class=\"page-title-head hgroup\">\n<div class=\"b654a4as d2edcug0\">\n<div class=\"page-title-head hgroup\">\n<div class=\"page-title-head hgroup\">\n<div class=\"page-title-head hgroup\">\n<div class=\"page-title-head hgroup\">\n<div class=\"b654a4as d2edcug0\">\n<div class=\"page-title-head hgroup\">\n<div class=\"page-title-head hgroup\">\n<div class=\"page-title-head hgroup\">\n<div class=\"page-title-head hgroup\">\n<div class=\"page-title-head hgroup\">\n<div class=\"mkdf-post-text\">\n<div class=\"mkdf-post-text-inner\">\n<div class=\"mkdf-post-text-main\">\n<div class=\"mkdf-post-text\">\n<div class=\"mkdf-post-text-inner\">\n<div class=\"mkdf-post-text-main\">\n<div class=\"mkdf-post-text\">\n<div class=\"mkdf-post-text-inner\">\n<div class=\"mkdf-post-text-main\">\n<div class=\"page-title-head hgroup\">\n<div class=\"page-title-head hgroup\">\n<div class=\"mkdf-post-text\">\n<div class=\"mkdf-post-text-inner\">\n<div class=\"mkdf-post-text-main\">\n<div class=\"mkdf-post-text\">\n<div class=\"mkdf-post-text-inner\">\n<div class=\"mkdf-post-text-main\">\n<div class=\"page-title-head hgroup\">\n<div class=\"page-title-head hgroup\">\n<div class=\"page-title-head hgroup\">\n<div class=\"page-title-head hgroup\">\n<div class=\"b654a4as d2edcug0\">\n<div class=\"page-title-head hgroup\">\n<div class=\"page-title-head hgroup\">\n<div class=\"page-title-head hgroup\">\n<div class=\"page-title-head hgroup\">\n<div class=\"b654a4as d2edcug0\">\n<div class=\"page-title-head hgroup\">\n<div class=\"page-title-head hgroup\">\n<div class=\"page-title-head hgroup\">\n<div class=\"page-title-head hgroup\">\n<div class=\"b654a4as d2edcug0\">\n<hr \/>\n<p>&nbsp;<\/p>\n<div>\n<p><strong>DUE MINUTI UN LIBRO, TUTTI I GIORNI ALLA RADIO ALLE 9.40 E ALLE 17.50\u00a0\u00a0<\/strong><\/p>\n<div>\n<div>\n<p><strong>LA RACCOLTA COMPLETA\u00a0\u00a0<\/strong><\/p>\n<\/div>\n<\/div>\n<\/div>\n<div class=\"mkdf-post-text\">\n<div class=\"mkdf-post-text-inner\">\n<div class=\"mkdf-post-text-main\">\n<div class=\"mkdf-post-text\">\n<div class=\"mkdf-post-text-inner\">\n<div class=\"mkdf-post-text-main\">\n<div class=\"mkdf-post-text\">\n<div class=\"mkdf-post-text-inner\">\n<div class=\"mkdf-post-text-main\">\n<div class=\"page-title-head hgroup\">\n<div class=\"page-title-head hgroup\">\n<div class=\"mkdf-post-text\">\n<div class=\"mkdf-post-text-inner\">\n<div class=\"mkdf-post-text-main\">\n<div class=\"mkdf-post-text\">\n<div class=\"mkdf-post-text-inner\">\n<div class=\"mkdf-post-text-main\">\n<div class=\"page-title-head hgroup\">\n<div class=\"page-title-head hgroup\">\n<div class=\"page-title-head hgroup\">\n<div class=\"page-title-head hgroup\">\n<div class=\"b654a4as d2edcug0\">\n<div class=\"page-title-head hgroup\">\n<div class=\"page-title-head hgroup\">\n<div class=\"page-title-head hgroup\">\n<div class=\"page-title-head hgroup\">\n<div class=\"b654a4as d2edcug0\">\n<div class=\"page-title-head hgroup\">\n<div class=\"page-title-head hgroup\">\n<div class=\"page-title-head hgroup\">\n<div class=\"page-title-head hgroup\">\n<div class=\"b654a4as d2edcug0\">\n<div>\n<blockquote class=\"wp-embedded-content\" data-secret=\"C8bVb983v2\"><p><a href=\"https:\/\/www.radiopiu.net\/wordpress\/due-minuti-un-libro\/\">Due minuti un libro<\/a><\/p><\/blockquote>\n<p><iframe loading=\"lazy\" class=\"wp-embedded-content\" sandbox=\"allow-scripts\" security=\"restricted\" style=\"position: absolute; clip: rect(1px, 1px, 1px, 1px);\" title=\"&#8220;Due minuti un libro&#8221; &#8212; Radio Pi\u00f9\" src=\"https:\/\/www.radiopiu.net\/wordpress\/due-minuti-un-libro\/embed\/#?secret=x52ALrlQCV#?secret=C8bVb983v2\" data-secret=\"C8bVb983v2\" width=\"600\" height=\"338\" frameborder=\"0\" marginwidth=\"0\" marginheight=\"0\" scrolling=\"no\"><\/iframe><\/p>\n<p>&nbsp;<\/p>\n<\/div>\n<div>\n<hr \/>\n<p>&nbsp;<\/p>\n<\/div>\n<h2><span style=\"color: #808000;\">L&#8217;ALMANACCO LADINO\u00a0<\/span><\/h2>\n<p><strong>PUNTATA DEL 06 GIUGNO 2022<\/strong><\/p>\n<audio class=\"wp-audio-shortcode\" id=\"audio-280669-26\" preload=\"none\" style=\"width: 100%;\" controls=\"controls\"><source type=\"audio\/mpeg\" src=\"https:\/\/www.radiopiu.net\/wordpress\/wp-content\/uploads\/2022\/06\/85\u00b0Almanach-Ladin_fodom.mp3?_=26\" \/><a href=\"https:\/\/www.radiopiu.net\/wordpress\/wp-content\/uploads\/2022\/06\/85\u00b0Almanach-Ladin_fodom.mp3\">https:\/\/www.radiopiu.net\/wordpress\/wp-content\/uploads\/2022\/06\/85\u00b0Almanach-Ladin_fodom.mp3<\/a><\/audio>\n<p>&nbsp;<\/p>\n<p><strong>LA RACCOLTA<\/strong><\/p>\n<blockquote class=\"wp-embedded-content\" data-secret=\"B9hQWUxF1c\"><p><a href=\"https:\/\/www.radiopiu.net\/wordpress\/almanacco-ladino\/\">Almanacco Ladino<\/a><\/p><\/blockquote>\n<p><iframe loading=\"lazy\" class=\"wp-embedded-content\" sandbox=\"allow-scripts\" security=\"restricted\" style=\"position: absolute; clip: rect(1px, 1px, 1px, 1px);\" title=\"&#8220;Almanacco Ladino&#8221; &#8212; Radio Pi\u00f9\" src=\"https:\/\/www.radiopiu.net\/wordpress\/almanacco-ladino\/embed\/#?secret=e6mfLW3CZL#?secret=B9hQWUxF1c\" data-secret=\"B9hQWUxF1c\" width=\"600\" height=\"338\" frameborder=\"0\" marginwidth=\"0\" marginheight=\"0\" scrolling=\"no\"><\/iframe><\/p>\n<p>&nbsp;<\/p>\n<hr \/>\n<p><span style=\"color: #33cccc;\">\u00a0<span style=\"color: #000000;\">\u00a0<\/span><\/span><\/p>\n<h2><span style=\"color: #800000;\">GIROVAGANDO IN E-BIKE 2022<\/span><\/h2>\n<p><strong><a class=\"dt-pswp-item\" href=\"https:\/\/www.radiopiu.net\/wordpress\/wp-content\/uploads\/2022\/06\/5df37329-c8cb-4909-94b9-719e681f5a31.jpg\" data-dt-img-description=\"\" data-large_image_width=\"1200\" data-large_image_height=\"1600\"><img loading=\"lazy\" decoding=\"async\" class=\"size-thumbnail wp-image-280500 alignleft\" src=\"https:\/\/www.radiopiu.net\/wordpress\/wp-content\/uploads\/2022\/06\/5df37329-c8cb-4909-94b9-719e681f5a31-150x150.jpg\" alt=\"\" width=\"150\" height=\"150\" \/><\/a>REDAZIONE<\/strong> Tornano gli amici di Girovagando in E-Bike delle Dolomiti. Con la collaborazione di Thomas Soppelsa<\/p>\n<p><strong>PUNTATA DEL 09 GIUGNO 2022\u00a0<\/strong><\/p>\n<p>&nbsp;<\/p>\n<p>&nbsp;<\/p>\n<p>&nbsp;<\/p>\n<p><strong>AUDIO\u00a0 Thomas Soppera\u00a0<\/strong><\/p>\n<audio class=\"wp-audio-shortcode\" id=\"audio-280669-27\" preload=\"none\" style=\"width: 100%;\" controls=\"controls\"><source type=\"audio\/mpeg\" src=\"https:\/\/www.radiopiu.net\/wordpress\/wp-content\/uploads\/2022\/06\/THOMAS-GIRO.mp3?_=27\" \/><a href=\"https:\/\/www.radiopiu.net\/wordpress\/wp-content\/uploads\/2022\/06\/THOMAS-GIRO.mp3\">https:\/\/www.radiopiu.net\/wordpress\/wp-content\/uploads\/2022\/06\/THOMAS-GIRO.mp3<\/a><\/audio>\n<p>&nbsp;<\/p>\n<p><strong>LA RACCOLTA<\/strong><\/p>\n<blockquote class=\"wp-embedded-content\" data-secret=\"VbsuQgrdf5\"><p><a href=\"https:\/\/www.radiopiu.net\/wordpress\/girovagando-in-e-bike-tra-le-dolomiti\/\">GIROVAGANDO IN E BIKE TRA LE DOLOMITI<\/a><\/p><\/blockquote>\n<p><iframe loading=\"lazy\" class=\"wp-embedded-content\" sandbox=\"allow-scripts\" security=\"restricted\" style=\"position: absolute; clip: rect(1px, 1px, 1px, 1px);\" title=\"&#8220;GIROVAGANDO IN E BIKE TRA LE DOLOMITI&#8221; &#8212; Radio Pi\u00f9\" src=\"https:\/\/www.radiopiu.net\/wordpress\/girovagando-in-e-bike-tra-le-dolomiti\/embed\/#?secret=yFr94SDSyB#?secret=VbsuQgrdf5\" data-secret=\"VbsuQgrdf5\" width=\"600\" height=\"338\" frameborder=\"0\" marginwidth=\"0\" marginheight=\"0\" scrolling=\"no\"><\/iframe><\/p>\n<p>&nbsp;<\/p>\n<hr \/>\n<p>&nbsp;<\/p>\n<h2><span style=\"color: #33cccc;\">LA RASSEGNA STAMPA DA L&#8217;AMICO DEL POPOLO<\/span><\/h2>\n<p><strong>LA RACCOLTA COMPLETA<\/strong><\/p>\n<blockquote class=\"wp-embedded-content\" data-secret=\"brz71mUOMY\"><p><a href=\"https:\/\/www.radiopiu.net\/wordpress\/rassegna-stampa-di-gianni-santomaso\/\">Rassegna stampa da l&#8217;amico del popolo &#8211; di Gianni Santomaso<\/a><\/p><\/blockquote>\n<p><iframe loading=\"lazy\" class=\"wp-embedded-content\" sandbox=\"allow-scripts\" security=\"restricted\" style=\"position: absolute; clip: rect(1px, 1px, 1px, 1px);\" title=\"&#8220;Rassegna stampa da l&#8217;amico del popolo &#8211; di Gianni Santomaso&#8221; &#8212; Radio Pi\u00f9\" src=\"https:\/\/www.radiopiu.net\/wordpress\/rassegna-stampa-di-gianni-santomaso\/embed\/#?secret=VKLsLRmPNu#?secret=brz71mUOMY\" data-secret=\"brz71mUOMY\" width=\"600\" height=\"338\" frameborder=\"0\" marginwidth=\"0\" marginheight=\"0\" scrolling=\"no\"><\/iframe><\/p>\n<p>&nbsp;<\/p>\n<hr \/>\n<p>&nbsp;<\/p>\n<div>\n<div class=\"page-title-head hgroup\">\n<div class=\"page-title-head hgroup\">\n<div class=\"b654a4as d2edcug0\">\n<div class=\"j83agx80 btwxx1t3 lhclo0ds hop8lmos nkwizq5d scwd0bx6 roh60bw9\">\n<div class=\"rq0escxv hkbzh7o3 jwdofwj8 n8tt0mok r8blr3vg hyh9befq\">\n<div class=\"do00u71z l9j0dhe7 k4urcfbm\">\n<div class=\"ecm0bbzt e5nlhep0 a8c37x1j\">\n<div class=\"kvgmc6g5 cxmmr5t8 oygrvhab hcukyx3x c1et5uql\">\n<div class=\"gmail-kvgmc6g5 gmail-cxmmr5t8 gmail-oygrvhab gmail-hcukyx3x gmail-c1et5uql gmail-ii04i59q\">\n<div class=\"page-title-head hgroup\">\n<div class=\"page-title-head hgroup\">\n<div class=\"b654a4as d2edcug0\">\n<div class=\"j83agx80 btwxx1t3 lhclo0ds hop8lmos nkwizq5d scwd0bx6 roh60bw9\">\n<div class=\"rq0escxv hkbzh7o3 jwdofwj8 n8tt0mok r8blr3vg hyh9befq\">\n<div class=\"do00u71z l9j0dhe7 k4urcfbm\">\n<div class=\"page-title-head hgroup\">\n<div class=\"page-title-head hgroup\">\n<div class=\"page-title-head hgroup\">\n<div class=\"page-title-head hgroup\">\n<div class=\"b654a4as d2edcug0\">\n<div class=\"page-title-head hgroup\">\n<div class=\"page-title-head hgroup\">\n<div class=\"page-title-head hgroup\">\n<div class=\"page-title-head hgroup\">\n<div class=\"b654a4as d2edcug0\">\n<div class=\"page-title-head hgroup\">\n<div class=\"page-title-head hgroup\">\n<div class=\"page-title-head hgroup\">\n<div class=\"page-title-head hgroup\">\n<div class=\"page-title-head hgroup\">\n<div class=\"page-title-head hgroup\">\n<div class=\"page-title-head hgroup\">\n<div class=\"page-title-head hgroup\">\n<div class=\"page-title-head hgroup\">\n<div class=\"b654a4as d2edcug0\">\n<div class=\"page-title-head hgroup\">\n<div class=\"page-title-head hgroup\">\n<div class=\"page-title-head hgroup\">\n<div class=\"page-title-head hgroup\">\n<div class=\"b654a4as d2edcug0\">\n<div class=\"page-title-head hgroup\">\n<div class=\"page-title-head hgroup\">\n<div class=\"page-title-head hgroup\">\n<div class=\"page-title-head hgroup\">\n<div class=\"page-title-head hgroup\">\n<div class=\"mkdf-post-text\">\n<div class=\"mkdf-post-text-inner\">\n<div class=\"mkdf-post-text-main\">\n<div class=\"mkdf-post-text\">\n<div class=\"mkdf-post-text-inner\">\n<div class=\"mkdf-post-text-main\">\n<div class=\"mkdf-post-text\">\n<div class=\"mkdf-post-text-inner\">\n<div class=\"mkdf-post-text-main\">\n<div class=\"page-title-head hgroup\">\n<div class=\"page-title-head hgroup\">\n<div class=\"mkdf-post-text\">\n<div class=\"mkdf-post-text-inner\">\n<div class=\"mkdf-post-text-main\">\n<div class=\"mkdf-post-text\">\n<div class=\"mkdf-post-text-inner\">\n<div class=\"mkdf-post-text-main\">\n<div class=\"page-title-head hgroup\">\n<div class=\"page-title-head hgroup\">\n<div class=\"page-title-head hgroup\">\n<div class=\"page-title-head hgroup\">\n<div class=\"b654a4as d2edcug0\">\n<div class=\"page-title-head hgroup\">\n<div class=\"page-title-head hgroup\">\n<div class=\"page-title-head hgroup\">\n<div class=\"page-title-head hgroup\">\n<div class=\"b654a4as d2edcug0\">\n<div class=\"page-title-head hgroup\">\n<div class=\"page-title-head hgroup\">\n<div class=\"page-title-head hgroup\">\n<div class=\"page-title-head hgroup\">\n<div class=\"b654a4as d2edcug0\">\n<h2><span style=\"color: #800080;\">I RACCONTI DI PAOLO SOPPELSA\u00a0<\/span><\/h2>\n<p>&nbsp;<\/p>\n<p><strong>LA RACCOLTA COMPLETA<\/strong><\/p>\n<blockquote class=\"wp-embedded-content\" data-secret=\"7M7eidYTtf\"><p><a href=\"https:\/\/www.radiopiu.net\/wordpress\/i-racconti-di-paolo-soppelsa\/\">I racconti di Paolo Soppelsa<\/a><\/p><\/blockquote>\n<p><iframe loading=\"lazy\" class=\"wp-embedded-content\" sandbox=\"allow-scripts\" security=\"restricted\" style=\"position: absolute; clip: rect(1px, 1px, 1px, 1px);\" title=\"&#8220;I racconti di Paolo Soppelsa&#8221; &#8212; Radio Pi\u00f9\" src=\"https:\/\/www.radiopiu.net\/wordpress\/i-racconti-di-paolo-soppelsa\/embed\/#?secret=zefQzkDbGB#?secret=7M7eidYTtf\" data-secret=\"7M7eidYTtf\" width=\"600\" height=\"338\" frameborder=\"0\" marginwidth=\"0\" marginheight=\"0\" scrolling=\"no\"><\/iframe><\/p>\n<p>&nbsp;<\/p>\n<hr \/>\n<p>&nbsp;<\/p>\n<\/div>\n<\/div>\n<\/div>\n<\/div>\n<\/div>\n<\/div>\n<\/div>\n<\/div>\n<\/div>\n<\/div>\n<\/div>\n<\/div>\n<\/div>\n<\/div>\n<\/div>\n<\/div>\n<\/div>\n<\/div>\n<\/div>\n<\/div>\n<\/div>\n<\/div>\n<\/div>\n<\/div>\n<\/div>\n<\/div>\n<\/div>\n<\/div>\n<\/div>\n<\/div>\n<\/div>\n<\/div>\n<\/div>\n<\/div>\n<\/div>\n<\/div>\n<\/div>\n<\/div>\n<\/div>\n<\/div>\n<\/div>\n<\/div>\n<\/div>\n<\/div>\n<\/div>\n<\/div>\n<\/div>\n<\/div>\n<\/div>\n<\/div>\n<\/div>\n<\/div>\n<\/div>\n<\/div>\n<\/div>\n<\/div>\n<\/div>\n<\/div>\n<\/div>\n<\/div>\n<\/div>\n<\/div>\n<\/div>\n<\/div>\n<\/div>\n<\/div>\n<\/div>\n<\/div>\n<\/div>\n<\/div>\n<\/div>\n<\/div>\n<\/div>\n<\/div>\n<\/div>\n<\/div>\n<\/div>\n<\/div>\n<\/div>\n<\/div>\n<\/div>\n<\/div>\n<\/div>\n<\/div>\n<\/div>\n<\/div>\n<\/div>\n<\/div>\n<\/div>\n<\/div>\n<\/div>\n<\/div>\n<\/div>\n<\/div>\n<\/div>\n<\/div>\n<\/div>\n<\/div>\n<\/div>\n<\/div>\n<\/div>\n<\/div>\n<\/div>\n<\/div>\n<\/div>\n<\/div>\n<\/div>\n<\/div>\n<\/div>\n<\/div>\n<\/div>\n<div class=\"b654a4as d2edcug0\">\n<div class=\"ecm0bbzt e5nlhep0 a8c37x1j\">\n<div class=\"kvgmc6g5 cxmmr5t8 oygrvhab hcukyx3x c1et5uql\">\n<div class=\"gmail-kvgmc6g5 gmail-cxmmr5t8 gmail-oygrvhab gmail-hcukyx3x gmail-c1et5uql gmail-ii04i59q\">\n<div>\n<div class=\"page-title-head hgroup\">\n<div class=\"page-title-head hgroup\">\n<div class=\"b654a4as d2edcug0\">\n<div class=\"j83agx80 btwxx1t3 lhclo0ds hop8lmos nkwizq5d scwd0bx6 roh60bw9\">\n<div class=\"rq0escxv hkbzh7o3 jwdofwj8 n8tt0mok r8blr3vg hyh9befq\">\n<div class=\"do00u71z l9j0dhe7 k4urcfbm\">\n<div>\n<div class=\"page-title-head hgroup\">\n<div class=\"page-title-head hgroup\">\n<div class=\"page-title-head hgroup\">\n<div class=\"page-title-head hgroup\">\n<div class=\"b654a4as d2edcug0\">\n<div class=\"page-title-head hgroup\">\n<div class=\"page-title-head hgroup\">\n<div class=\"page-title-head hgroup\">\n<div class=\"page-title-head hgroup\">\n<div class=\"b654a4as d2edcug0\">\n<div class=\"page-title-head hgroup\">\n<div class=\"page-title-head hgroup\">\n<div class=\"page-title-head hgroup\">\n<div class=\"page-title-head hgroup\">\n<div class=\"page-title-head hgroup\">\n<div class=\"mkdf-post-text\">\n<div class=\"mkdf-post-text-inner\">\n<div class=\"mkdf-post-text-main\">\n<div class=\"mkdf-post-text\">\n<div class=\"mkdf-post-text-inner\">\n<div class=\"mkdf-post-text-main\">\n<div class=\"mkdf-post-text\">\n<div class=\"mkdf-post-text-inner\">\n<div class=\"mkdf-post-text-main\">\n<div class=\"page-title-head hgroup\">\n<div class=\"page-title-head hgroup\">\n<div class=\"mkdf-post-text\">\n<div class=\"mkdf-post-text-inner\">\n<div class=\"mkdf-post-text-main\">\n<div class=\"mkdf-post-text\">\n<div class=\"mkdf-post-text-inner\">\n<div class=\"mkdf-post-text-main\">\n<div>\n<div class=\"page-title-head hgroup\">\n<div class=\"page-title-head hgroup\">\n<div>\n<div class=\"page-title-head hgroup\">\n<div class=\"page-title-head hgroup\">\n<div class=\"b654a4as d2edcug0\">\n<div>\n<div class=\"page-title-head hgroup\" style=\"text-align: left;\">\n<div class=\"page-title-head hgroup\">\n<div dir=\"auto\">\n<p><a class=\"dt-pswp-item pspw-wrap-ready\" href=\"https:\/\/i0.wp.com\/www.radiopiu.net\/wordpress\/wp-content\/uploads\/2018\/09\/WhatsApp-Image-2018-09-20-at-16.04.06.jpeg?ssl=1\" data-dt-img-description=\"\" data-large_image_width=\"800\" data-large_image_height=\"100\"><img loading=\"lazy\" decoding=\"async\" class=\"aligncenter wp-image-61378 size-full jetpack-lazy-image jetpack-lazy-image--handled\" src=\"https:\/\/i0.wp.com\/www.radiopiu.net\/wordpress\/wp-content\/uploads\/2018\/09\/WhatsApp-Image-2018-09-20-at-16.04.06.jpeg?resize=800%2C100&amp;ssl=1\" sizes=\"auto, (max-width: 800px) 100vw, 800px\" srcset=\"https:\/\/i0.wp.com\/www.radiopiu.net\/wordpress\/wp-content\/uploads\/2018\/09\/WhatsApp-Image-2018-09-20-at-16.04.06.jpeg?w=800&amp;ssl=1 800w, https:\/\/i0.wp.com\/www.radiopiu.net\/wordpress\/wp-content\/uploads\/2018\/09\/WhatsApp-Image-2018-09-20-at-16.04.06.jpeg?resize=300%2C38&amp;ssl=1 300w, https:\/\/i0.wp.com\/www.radiopiu.net\/wordpress\/wp-content\/uploads\/2018\/09\/WhatsApp-Image-2018-09-20-at-16.04.06.jpeg?resize=768%2C96&amp;ssl=1 768w\" alt=\"\" width=\"800\" height=\"100\" data-lazy-loaded=\"1\" \/><\/a><\/p>\n<\/div>\n<\/div>\n<\/div>\n<\/div>\n<\/div>\n<\/div>\n<\/div>\n<\/div>\n<\/div>\n<\/div>\n<\/div>\n<\/div>\n<\/div>\n<\/div>\n<\/div>\n<\/div>\n<\/div>\n<\/div>\n<\/div>\n<\/div>\n<\/div>\n<\/div>\n<\/div>\n<\/div>\n<\/div>\n<\/div>\n<\/div>\n<\/div>\n<\/div>\n<\/div>\n<\/div>\n<\/div>\n<\/div>\n<\/div>\n<\/div>\n<\/div>\n<\/div>\n<\/div>\n<\/div>\n<\/div>\n<\/div>\n<\/div>\n<\/div>\n<\/div>\n<\/div>\n<\/div>\n<\/div>\n<\/div>\n<\/div>\n<\/div>\n<\/div>\n<\/div>\n<\/div>\n<\/div>\n<\/div>\n<\/div>\n<\/div>\n<\/div>\n<\/div>\n<\/div>\n<\/div>\n<\/div>\n<\/div>\n<\/div>\n<\/div>\n<\/div>\n<\/div>\n<\/div>\n<\/div>\n<\/div>\n<\/div>\n<\/div>\n<\/div>\n<\/div>\n<\/div>\n<\/div>\n<\/div>\n<\/div>\n<\/div>\n<\/div>\n<\/div>\n<\/div>\n<\/div>\n<\/div>\n<\/div>\n<\/div>\n<\/div>\n<\/div>\n<\/div>\n<\/div>\n<\/div>\n<\/div>\n<\/div>\n<\/div>\n<\/div>\n<\/div>\n<\/div>\n<\/div>\n<\/div>\n<\/div>\n<\/div>\n<\/div>\n<\/div>\n<\/div>\n<\/div>\n<\/div>\n<\/div>\n<\/div>\n<\/div>\n<\/div>\n<\/div>\n<\/div>\n<\/div>\n<\/div>\n<\/div>\n<\/div>\n<\/div>\n<\/div>\n<\/div>\n<\/div>\n<\/div>\n<\/div>\n<\/div>\n<\/div>\n<\/div>\n<\/div>\n<\/div>\n<\/div>\n<\/div>\n<\/div>\n<\/div>\n<\/div>\n<\/div>\n<\/div>\n<\/div>\n<\/div>\n<\/div>\n<\/div>\n<\/div>\n<\/div>\n<\/div>\n<\/div>\n<\/div>\n<\/div>\n<\/div>\n<\/div>\n<\/div>\n<\/div>\n<\/div>\n<\/div>\n<\/div>\n<\/div>\n<\/div>\n<\/div>\n<\/div>\n<\/div>\n<\/div>\n<\/div>\n<\/div>\n<\/div>\n<\/div>\n<\/div>\n<\/div>\n<\/div>\n<\/div>\n<\/div>\n<\/div>\n<\/div>\n<\/div>\n<\/div>\n<\/div>\n<\/div>\n<\/div>\n<\/div>\n<\/div>\n<\/div>\n<\/div>\n<\/div>\n<\/div>\n<\/div>\n<\/div>\n<\/div>\n<\/div>\n<\/div>\n<\/div>\n<\/div>\n<\/div>\n<\/div>\n<\/div>\n<\/div>\n<\/div>\n<\/div>\n<\/div>\n<\/div>\n<\/div>\n<\/div>\n<\/div>\n<\/div>\n<\/div>\n<\/div>\n<\/div>\n<\/div>\n<\/div>\n<\/div>\n<\/div>\n<\/div>\n<\/div>\n<\/div>\n<\/div>\n<\/div>\n<\/div>\n<\/div>\n<\/div>\n<\/div>\n<\/div>\n<\/div>\n<\/div>\n<\/div>\n<\/div>\n<\/div>\n<\/div>\n<\/div>\n<\/div>\n<\/div>\n<\/div>\n<\/div>\n<\/div>\n<\/div>\n<\/div>\n<\/div>\n<p>&nbsp;<\/p>\n<p><center><b>Sabato 11<\/b><\/center><b>Tempo atteso: <\/b>Giornata estiva e asciutta, con tempo ben soleggiato, cielo sereno, aria tersa e ottima visibilit\u00e0 per tutta la giornata, salvo qualche innocua nube cumuliforme sulle Dolomiti in prossimit\u00e0 delle cime.<br \/>\n<b>Precipitazioni: <\/b>Assenti (0%).<br \/>\n<b>Temperature: <\/b>Minime in lieve o contenuto calo nelle valli, specie nelle localit\u00e0 che erano state interessate dal Foehn venerd\u00ec, in lieve aumento in quota; massime in ulteriore ripresa a tutte le quote, su valori superiori alle medie del periodo, con zero termico ovunque oltre i 4000 m in serata. Clima diurno tipicamente estivo, ma ancora un po&#8217; fresco al mattino. Su Prealpi a 1500 m min 9\u00b0C, max 18\u00b0C; a 2000 m min 5\u00b0C, max 15\u00b0C. Su Dolomiti a 2000 m min 5\u00b0C, max 16\u00b0C; a 3000 m min 0\u00b0C, max 7\u00b0C.<br \/>\n<b>Venti: <\/b>Nelle valli generalmente deboli al mattino, in moderato rinforzo per brezze dalle ore centrali; in quota da nord, deboli o moderati specie nella seconda parte della giornata, a 10-20 km\/h a 2000 m e a 15-25 km\/h a 3000 m.<\/p>\n<hr \/>\n<p><center><b>Domenica 12<\/b><\/center><b>Tempo atteso: <\/b>Altra giornata interamente ben soleggiata, stabile e tipicamente estiva, con cielo sereno aria tersa e ottima visibilit\u00e0, salvo qualche innocuo e temporaneo modesto annuvolamento in prossimit\u00e0 delle cime, specie sulle Dolomiti.<br \/>\n<b>Precipitazioni: <\/b>Assenti (0%).<br \/>\n<b>Temperature: <\/b>Temperature senza variazioni di rilievo, a parte dei lievi o contenuti aumenti soprattutto in quota con valori estivi ed elevata escursione termica giornaliera. Su Prealpi a 1500 m min 9\u00b0C, max 18\u00b0C; a 2000 m min 6\u00b0C, max 16\u00b0C. Su Dolomiti a 2000 m min 4\u00b0C, max 17\u00b0C; a 3000 m min 2\u00b0C, max 7\u00b0C.<br \/>\n<b>Venti: <\/b>Nelle valli deboli al mattino in moderato rinforzo per brezze nella seconda parte della giornata; in quota moderati a tratti tesi ancora da nord, a 15-20 km\/h a 2000 m e a 20-30 km\/h a 3000 m.<\/p>\n<hr \/>\n<p><center><b>Lunedi 13<\/b><\/center>Al mattino ovunque soleggiato con clima tipicamente estivo. Nella seconda parte della giornata probabili annuvolamenti cumuliformi anche consistenti specie sulle Dolomiti dove saranno possibili piovaschi o rovesci sparsi associati anche a qualche temporale, mentre sulle Prealpi i fenomeni saranno perlopi\u00f9 locali. Temperature minime in lieve o contenuto aumento, massime in prevalenza stazionarie sulle Prealpi, in lieve o contenuta diminuzione sulle Dolomiti. Venti in quota in prevalenza moderati da nord ovest.<\/p>\n<hr \/>\n<p><center><b>Martedi 14<\/b><\/center>Al mattino irregolarmente nuvoloso con alternanza di parziali schiarite e di annuvolamenti anche consistenti, associati a precipitazioni intermittenti nel corso della giornata anche a carattere di rovescio o di temporale. Temperature in diminuzione, specie le massime, con clima pi\u00f9 fresco rispetto ai giorni precedenti. Venti in quota moderati dai quadranti occidentali. Previsore: M.Padoan<\/p>\n<div style=\"text-align: left;\">\n<p>&nbsp;<\/p>\n<\/div>\n<hr \/>\n<p>&nbsp;<\/p>\n<p>&nbsp;<\/p>\n<p><a href=\"https:\/\/www.radiopiu.net\/wordpress\/giornale-radiopiu-26-settembre-2018-direttore-mirko-mezzacasa\/viabilita-2\/\" rel=\"attachment wp-att-61954\"><img loading=\"lazy\" decoding=\"async\" class=\"aligncenter wp-image-61954 size-full\" src=\"https:\/\/www.radiopiu.net\/wordpress\/wp-content\/uploads\/2018\/09\/viabilita.jpeg\" sizes=\"auto, (max-width: 800px) 100vw, 800px\" srcset=\"https:\/\/www.radiopiu.net\/wordpress\/wp-content\/uploads\/2018\/09\/viabilita.jpeg 800w, https:\/\/www.radiopiu.net\/wordpress\/wp-content\/uploads\/2018\/09\/viabilita-300x38.jpeg 300w, https:\/\/www.radiopiu.net\/wordpress\/wp-content\/uploads\/2018\/09\/viabilita-768x96.jpeg 768w\" alt=\"\" width=\"800\" height=\"100\" \/><\/a><\/p>\n<p>&nbsp;<\/p>\n<blockquote class=\"wp-embedded-content\" data-secret=\"jwhECncsm6\"><p><a href=\"https:\/\/www.radiopiu.net\/wordpress\/viabilita\/\">viabilita<\/a><\/p><\/blockquote>\n<p><iframe loading=\"lazy\" class=\"wp-embedded-content\" sandbox=\"allow-scripts\" security=\"restricted\" style=\"position: absolute; clip: rect(1px, 1px, 1px, 1px);\" title=\"&#8220;viabilita&#8221; &#8212; Radio Pi\u00f9\" src=\"https:\/\/www.radiopiu.net\/wordpress\/viabilita\/embed\/#?secret=5JptpBzLMZ#?secret=jwhECncsm6\" data-secret=\"jwhECncsm6\" width=\"600\" height=\"338\" frameborder=\"0\" marginwidth=\"0\" marginheight=\"0\" scrolling=\"no\"><\/iframe><\/p>\n<p>&nbsp;<\/p>\n<hr \/>\n<p>&nbsp;<\/p>\n<p>&nbsp;<\/p>\n<p><img loading=\"lazy\" decoding=\"async\" class=\"wp-image-60761 size-full aligncenter\" src=\"https:\/\/www.radiopiu.net\/wordpress\/wp-content\/uploads\/2018\/09\/sport.jpg\" alt=\"\" width=\"800\" height=\"100\" srcset=\"https:\/\/www.radiopiu.net\/wordpress\/wp-content\/uploads\/2018\/09\/sport.jpg 800w, https:\/\/www.radiopiu.net\/wordpress\/wp-content\/uploads\/2018\/09\/sport-300x38.jpg 300w, https:\/\/www.radiopiu.net\/wordpress\/wp-content\/uploads\/2018\/09\/sport-768x96.jpg 768w\" sizes=\"auto, (max-width: 800px) 100vw, 800px\" \/><\/p>\n<p>&nbsp;<\/p>\n<p><span style=\"color: #0000ff;\"><strong>CALCIO<\/strong><\/span><\/p>\n<blockquote>\n<h3>AL VIA IL 47\u00b0 CAMPIONATO AGORDINO DI CALCIO<\/h3>\n<\/blockquote>\n<p><strong><a class=\"dt-pswp-item\" href=\"https:\/\/www.radiopiu.net\/wordpress\/wp-content\/uploads\/2022\/03\/CALCIO-2022.jpg\" data-dt-img-description=\"\" data-large_image_width=\"1920\" data-large_image_height=\"1281\"><img loading=\"lazy\" decoding=\"async\" class=\"size-thumbnail wp-image-265514 alignleft\" src=\"https:\/\/www.radiopiu.net\/wordpress\/wp-content\/uploads\/2022\/03\/CALCIO-2022-150x150.jpg\" alt=\"\" width=\"150\" height=\"150\" \/><\/a>REDAZIONE <\/strong>Inizia oggi la 47\u00b0 edizione del Campionato Agordino di calcio, Memorial Denis Tonin. Sui campi dell&#8217;Agordino sale la temperatura e le squadre sono pronte a sfidarsi per la prima giornata del girone A e l&#8217;anticipo del girone B. Si inizia oggi pomeriggio alle 18:30, protagonisti i campioni in carica del Voltago che sul campo di casa ospiteranno il Le Ville allenato da Romano Costantini. Calcio d&#8217;inizio alle 18:30. Le altre due partite del girone A si giocheranno domani alle 16. A Gosaldo i pluriscudettati allenati da Elvio Chiea ospiteranno l&#8217;Agordo 2009 mentre a Vallada arriva il Taibon. Due sfide da non perdere in un girone di fuoco dove il sorteggio ha voluto che ci fossero tutte le squadre pi\u00f9 blasonate e in questa prima giornata il La Valle rispetter\u00e0 il turno di riposo. Il girone B inizier\u00e0 ufficialmente la prossima settimana ma domani \u00e8 in programma l&#8217;anticipo tra Canale e Fodom al MaraCanal.<\/p>\n<p><strong>IL PROGRAMMA DEL FINE SETTIMANA<\/strong> GIRONE A: Voltago &#8211; Le Ville oggi alle 18:30, Gosaldo &#8211; Agordo 2009 e Vallada &#8211; Taibon domani alle 16. Riposa il La Valle. GIRONE B: Canale &#8211; Fodom domani alle 16<\/p>\n<p>Radio Pi\u00f9 seguir\u00e0 il Campionato Agordino di Calcio con 80esimo minuto la diretta domani alle 16, alle 20 80esimo minuto la sintesi. Luned\u00ec sera alle 20:30 Campionato Agordino Show<\/p>\n<p>&nbsp;<\/p>\n<p>&nbsp;<\/p>\n<hr \/>\n<p>&nbsp;<\/p>\n<p><span style=\"color: #0000ff;\"><strong>\u00a0PALLAVOLO<\/strong><\/span><\/p>\n<blockquote>\n<h3><a class=\"dt-pswp-item\" href=\"https:\/\/www.radiopiu.net\/wordpress\/wp-content\/uploads\/2022\/06\/La_firma_di_Alberto_Saibene-scaled.jpg\" data-dt-img-description=\"\" data-large_image_width=\"2560\" data-large_image_height=\"1920\"><img loading=\"lazy\" decoding=\"async\" class=\" wp-image-280850 alignleft\" src=\"https:\/\/www.radiopiu.net\/wordpress\/wp-content\/uploads\/2022\/06\/La_firma_di_Alberto_Saibene-150x150.jpg\" alt=\"\" width=\"228\" height=\"228\" \/><\/a>ALBERTO SAIBENE, LA NOVITA&#8217; IN CASA DA ROLD<\/h3>\n<\/blockquote>\n<p>BELLUNO La terza novit\u00e0 in casa <b>Da Rold Logistics<\/b>, dopo coach Gian Luca Colussi e l\u2019opposto Marco Novello ecco Alberto Simiele, ventiquattrenne schiacciatore, reduce da quattro stagioni alla Pallavolo Motta. Quella di Belluno non \u00e8 stata una scelta casuale: <em>\u00abAvevo altre proposte in ballo, ma ho optato per la DRL perch\u00e9 ritengo che il progetto sia vincente. Mi hanno convinto anche le parole del direttore Franco Da Re e di alcuni amici che erano gi\u00e0 stati qui, come Gionchetti e Seveglievich\u00bb. <\/em>Buone notizie sul fronte di Giovanni Candeago (\u00abdopo l\u2019infortunio sta recuperando alla grande: siamo felicemente stupiti\u00bb), mentre il capitolo degli arrivi potrebbe non essere chiuso: soprattutto per quanto riguarda la batteria dei centrali.<span class=\"gmail-Apple-converted-space\">\u00a0<\/span><\/p>\n<p>&nbsp;<\/p>\n<div style=\"width: 848px;\" class=\"wp-video\"><video class=\"wp-video-shortcode\" id=\"video-280669-2\" width=\"848\" height=\"480\" preload=\"metadata\" controls=\"controls\"><source type=\"video\/mp4\" src=\"https:\/\/www.radiopiu.net\/wordpress\/wp-content\/uploads\/2022\/06\/WhatsApp-Video-2022-06-10-at-21.56.18.mp4?_=2\" \/><a href=\"https:\/\/www.radiopiu.net\/wordpress\/wp-content\/uploads\/2022\/06\/WhatsApp-Video-2022-06-10-at-21.56.18.mp4\">https:\/\/www.radiopiu.net\/wordpress\/wp-content\/uploads\/2022\/06\/WhatsApp-Video-2022-06-10-at-21.56.18.mp4<\/a><\/video><\/div>\n<p>&nbsp;<\/p>\n<p>&nbsp;<\/p>\n<p>&nbsp;<\/p>\n<p>&nbsp;<\/p>\n<p>&nbsp;<\/p>\n<p>&nbsp;<\/p>\n<p>&nbsp;<\/p>\n<hr \/>\n<p>&nbsp;<\/p>\n<\/div>\n<\/div>\n<\/div>\n<\/div>\n<\/div>\n<\/div>\n<\/div>\n<\/div>\n<\/div>\n<\/div>\n<\/div>\n<\/div>\n<\/div>\n<\/div>\n<\/div>\n<\/div>\n<\/div>\n<\/div>\n<\/div>\n<\/div>\n<\/div>\n<\/div>\n<\/div>\n<\/div>\n<\/div>\n<\/div>\n<\/div>\n<\/div>\n<\/div>\n<\/div>\n<\/div>\n<\/div>\n<\/div>\n<\/div>\n<\/div>\n<\/div>\n<\/div>\n<\/div>\n<\/div>\n<\/div>\n<\/div>\n<\/div>\n<\/div>\n<\/div>\n<\/div>\n<\/div>\n<\/div>\n<\/div>\n<\/div>\n<\/div>\n<\/div>\n<\/div>\n<\/div>\n<\/div>\n<\/div>\n<\/div>\n<\/div>\n<\/div>\n<\/div>\n<\/div>\n<\/div>\n<\/div>\n<\/div>\n<\/div>\n<\/div>\n<\/div>\n<\/div>\n<\/div>\n<\/div>\n<\/div>\n<\/div>\n<\/div>\n<\/div>\n<\/div>\n<\/div>\n<\/div>\n<\/div>\n<\/div>\n<\/div>\n<\/div>\n<\/div>\n<\/div>\n<\/div>\n<\/div>\n<\/div>\n<\/div>\n<\/div>\n<\/div>\n<\/div>\n<\/div>\n<\/div>\n<\/div>\n<\/div>\n<\/div>\n<\/div>\n<\/div>\n<\/div>\n<\/div>\n<\/div>\n<\/div>\n<\/div>\n<\/div>\n<\/div>\n<\/div>\n<\/div>\n<\/div>\n<\/div>\n<\/div>\n<\/div>\n<\/div>\n<\/div>\n","protected":false},"excerpt":{"rendered":"<p>RADIO PIU INFORMAZIONE il canale su TELEGRAM informazione di prima\u00a0 mano e in tempo reale. iscriviti ed aiutaci a farlo conoscere\u00a0\u00a0 &nbsp; DAL DRONE DI CLAUDIO PRA, IL LAGO DI ALLEGHE DALL&#8217;ALTO\u00a0 &nbsp; &nbsp; &nbsp; TORNA POTABILE L&#8217;ACQUA A FOCH DI CENCENIGHE CENCENIGHE Dopo 10 giorni torna potabile l&#8217;acqua a Foch di Cencenighe. Gestione Servizi&hellip;<\/p>\n","protected":false},"author":4,"featured_media":280720,"comment_status":"closed","ping_status":"closed","sticky":false,"template":"","format":"standard","meta":{"_monsterinsights_skip_tracking":false,"_monsterinsights_sitenote_active":false,"_monsterinsights_sitenote_note":"","_monsterinsights_sitenote_category":0,"footnotes":""},"categories":[104,86,49],"tags":[],"class_list":["post-280669","post","type-post","status-publish","format-standard","has-post-thumbnail","hentry","category-evidenza_3","category-gr","category-news-18","category-104","category-86","category-49","description-off"],"img_url":"https:\/\/www.radiopiu.net\/wordpress\/wp-content\/uploads\/2022\/06\/Schermata-2022-06-10-alle-09.37.19.png","_links":{"self":[{"href":"https:\/\/www.radiopiu.net\/wordpress\/wp-json\/wp\/v2\/posts\/280669","targetHints":{"allow":["GET"]}}],"collection":[{"href":"https:\/\/www.radiopiu.net\/wordpress\/wp-json\/wp\/v2\/posts"}],"about":[{"href":"https:\/\/www.radiopiu.net\/wordpress\/wp-json\/wp\/v2\/types\/post"}],"author":[{"embeddable":true,"href":"https:\/\/www.radiopiu.net\/wordpress\/wp-json\/wp\/v2\/users\/4"}],"replies":[{"embeddable":true,"href":"https:\/\/www.radiopiu.net\/wordpress\/wp-json\/wp\/v2\/comments?post=280669"}],"version-history":[{"count":0,"href":"https:\/\/www.radiopiu.net\/wordpress\/wp-json\/wp\/v2\/posts\/280669\/revisions"}],"wp:featuredmedia":[{"embeddable":true,"href":"https:\/\/www.radiopiu.net\/wordpress\/wp-json\/wp\/v2\/media\/280720"}],"wp:attachment":[{"href":"https:\/\/www.radiopiu.net\/wordpress\/wp-json\/wp\/v2\/media?parent=280669"}],"wp:term":[{"taxonomy":"category","embeddable":true,"href":"https:\/\/www.radiopiu.net\/wordpress\/wp-json\/wp\/v2\/categories?post=280669"},{"taxonomy":"post_tag","embeddable":true,"href":"https:\/\/www.radiopiu.net\/wordpress\/wp-json\/wp\/v2\/tags?post=280669"}],"curies":[{"name":"wp","href":"https:\/\/api.w.org\/{rel}","templated":true}]}}