{"id":280726,"date":"2022-06-10T09:50:14","date_gmt":"2022-06-10T07:50:14","guid":{"rendered":"https:\/\/www.radiopiu.net\/wordpress\/?p=280726"},"modified":"2022-06-10T09:50:14","modified_gmt":"2022-06-10T07:50:14","slug":"mercoledi-a-vallada-interruzione-programmata-del-servizio-idrico","status":"publish","type":"post","link":"https:\/\/www.radiopiu.net\/wordpress\/mercoledi-a-vallada-interruzione-programmata-del-servizio-idrico\/","title":{"rendered":"MERCOLEDI&#8217; A VALLADA INTERRUZIONE PROGRAMMATA DEL SERVIZIO IDRICO"},"content":{"rendered":"<p><strong><a class=\"dt-pswp-item\" href=\"https:\/\/www.radiopiu.net\/wordpress\/wp-content\/uploads\/2022\/05\/acqua.jpg\" data-dt-img-description=\"\" data-large_image_width=\"1920\" data-large_image_height=\"1275\"><img loading=\"lazy\" decoding=\"async\" class=\"size-thumbnail wp-image-274889 alignleft\" src=\"https:\/\/www.radiopiu.net\/wordpress\/wp-content\/uploads\/2022\/05\/acqua-150x150.jpg\" alt=\"\" width=\"150\" height=\"150\" \/><\/a> <\/strong><\/p>\n<p><strong>\u00a0<\/strong><\/p>\n<p><strong>VALLADA<\/strong> Gestione Servizi Pubblici informa che, per lavori alla rete idrica comunale, il giorno 15\/06\/2022 dalle ORE 8:00 a FINE LAVORI verr\u00e0 sospesa l\u2019erogazione dell\u2019acqua nel COMUNE DI VALLADA AGORDINA, nelle Vie Sacchet, Celat, Mas e in Localit\u00e0 Val. Il personale addetto operer\u00e0 per limitare il pi\u00f9 possibile i disagi alla popolazione.<\/p>\n<p>&nbsp;<\/p>\n<p>&nbsp;<\/p>\n<p>&nbsp;<\/p>\n<p>******<\/p>\n","protected":false},"excerpt":{"rendered":"<p>\u00a0 VALLADA Gestione Servizi Pubblici informa che, per lavori alla rete idrica comunale, il giorno 15\/06\/2022 dalle ORE 8:00 a FINE LAVORI verr\u00e0 sospesa l\u2019erogazione dell\u2019acqua nel COMUNE DI VALLADA AGORDINA, nelle Vie Sacchet, Celat, Mas e in Localit\u00e0 Val. Il personale addetto operer\u00e0 per limitare il pi\u00f9 possibile i disagi alla popolazione. &nbsp; &nbsp;&hellip;<\/p>\n","protected":false},"author":4,"featured_media":274889,"comment_status":"closed","ping_status":"closed","sticky":false,"template":"","format":"standard","meta":{"_monsterinsights_skip_tracking":false,"_monsterinsights_sitenote_active":false,"_monsterinsights_sitenote_note":"","_monsterinsights_sitenote_category":0,"footnotes":""},"categories":[49],"tags":[],"class_list":["post-280726","post","type-post","status-publish","format-standard","has-post-thumbnail","hentry","category-news-18","category-49","description-off"],"img_url":"https:\/\/www.radiopiu.net\/wordpress\/wp-content\/uploads\/2022\/05\/acqua.jpg","_links":{"self":[{"href":"https:\/\/www.radiopiu.net\/wordpress\/wp-json\/wp\/v2\/posts\/280726","targetHints":{"allow":["GET"]}}],"collection":[{"href":"https:\/\/www.radiopiu.net\/wordpress\/wp-json\/wp\/v2\/posts"}],"about":[{"href":"https:\/\/www.radiopiu.net\/wordpress\/wp-json\/wp\/v2\/types\/post"}],"author":[{"embeddable":true,"href":"https:\/\/www.radiopiu.net\/wordpress\/wp-json\/wp\/v2\/users\/4"}],"replies":[{"embeddable":true,"href":"https:\/\/www.radiopiu.net\/wordpress\/wp-json\/wp\/v2\/comments?post=280726"}],"version-history":[{"count":0,"href":"https:\/\/www.radiopiu.net\/wordpress\/wp-json\/wp\/v2\/posts\/280726\/revisions"}],"wp:featuredmedia":[{"embeddable":true,"href":"https:\/\/www.radiopiu.net\/wordpress\/wp-json\/wp\/v2\/media\/274889"}],"wp:attachment":[{"href":"https:\/\/www.radiopiu.net\/wordpress\/wp-json\/wp\/v2\/media?parent=280726"}],"wp:term":[{"taxonomy":"category","embeddable":true,"href":"https:\/\/www.radiopiu.net\/wordpress\/wp-json\/wp\/v2\/categories?post=280726"},{"taxonomy":"post_tag","embeddable":true,"href":"https:\/\/www.radiopiu.net\/wordpress\/wp-json\/wp\/v2\/tags?post=280726"}],"curies":[{"name":"wp","href":"https:\/\/api.w.org\/{rel}","templated":true}]}}