{"id":280743,"date":"2022-06-10T23:59:18","date_gmt":"2022-06-10T21:59:18","guid":{"rendered":"https:\/\/www.radiopiu.net\/wordpress\/?p=280743"},"modified":"2022-06-11T09:44:07","modified_gmt":"2022-06-11T07:44:07","slug":"al-via-il-47-campionato-agordino-di-calcio","status":"publish","type":"post","link":"https:\/\/www.radiopiu.net\/wordpress\/al-via-il-47-campionato-agordino-di-calcio\/","title":{"rendered":"AL VIA IL 47\u00b0 CAMPIONATO AGORDINO DI CALCIO"},"content":{"rendered":"<p><strong><a class=\"dt-pswp-item\" href=\"https:\/\/www.radiopiu.net\/wordpress\/wp-content\/uploads\/2022\/03\/CALCIO-2022.jpg\" data-dt-img-description=\"\" data-large_image_width=\"1920\" data-large_image_height=\"1281\"><img loading=\"lazy\" decoding=\"async\" class=\"size-thumbnail wp-image-265514 alignleft\" src=\"https:\/\/www.radiopiu.net\/wordpress\/wp-content\/uploads\/2022\/03\/CALCIO-2022-150x150.jpg\" alt=\"\" width=\"150\" height=\"150\" \/><\/a>REDAZIONE <\/strong>Inizia oggi la 47\u00b0 edizione del Campionato Agordino di calcio, Memorial Denis Tonin. Sui campi dell&#8217;Agordino sale la temperatura e le squadre sono pronte a sfidarsi per la prima giornata del girone A e l&#8217;anticipo del girone B. Si inizia oggi pomeriggio alle 18:30, protagonisti i campioni in carica del Voltago che sul campo di casa ospiteranno il Le Ville allenato da Romano Costantini. Calcio d&#8217;inizio alle 18:30. Le altre due partite del girone A si giocheranno domani alle 16. A Gosaldo i pluriscudettati allenati da Elvio Chiea ospiteranno l&#8217;Agordo 2009 mentre il Taibon gioca contro il Vallada. Due sfide da non perdere in un girone di fuoco dove il sorteggio ha voluto che ci fossero tutte le squadre pi\u00f9 blasonate e in questa prima giornata il La Valle rispetter\u00e0 il turno di riposo. Il girone B inizier\u00e0 ufficialmente la prossima settimana ma domani \u00e8 in programma l&#8217;anticipo tra Canale e Fodom al MaraCanal.<\/p>\n<p><strong>IL PROGRAMMA DEL FINE SETTIMANA<\/strong> GIRONE A: Voltago &#8211; Le Ville oggi alle 18:30, Gosaldo &#8211; Agordo 2009 e Vallada &#8211; Taibon domani alle 16. Riposa il La Valle. GIRONE B: Canale &#8211; Fodom domani alle 16<\/p>\n<p>Radio Pi\u00f9 seguir\u00e0 il Campionato Agordino di Calcio con 80esimo minuto la diretta domani alle 16, alle 20 80esimo minuto la sintesi. Luned\u00ec sera alle 20:30 Campionato Agordino Show<\/p>\n<p>&nbsp;<\/p>\n<p>&nbsp;<\/p>\n<p>*****<\/p>\n","protected":false},"excerpt":{"rendered":"<p>REDAZIONE Inizia oggi la 47\u00b0 edizione del Campionato Agordino di calcio, Memorial Denis Tonin. Sui campi dell&#8217;Agordino sale la temperatura e le squadre sono pronte a sfidarsi per la prima giornata del girone A e l&#8217;anticipo del girone B. Si inizia oggi pomeriggio alle 18:30, protagonisti i campioni in carica del Voltago che sul campo&hellip;<\/p>\n","protected":false},"author":4,"featured_media":265514,"comment_status":"closed","ping_status":"closed","sticky":false,"template":"","format":"standard","meta":{"_monsterinsights_skip_tracking":false,"_monsterinsights_sitenote_active":false,"_monsterinsights_sitenote_note":"","_monsterinsights_sitenote_category":0,"footnotes":""},"categories":[104,49],"tags":[],"class_list":["post-280743","post","type-post","status-publish","format-standard","has-post-thumbnail","hentry","category-evidenza_3","category-news-18","category-104","category-49","description-off"],"img_url":"https:\/\/www.radiopiu.net\/wordpress\/wp-content\/uploads\/2022\/03\/CALCIO-2022.jpg","_links":{"self":[{"href":"https:\/\/www.radiopiu.net\/wordpress\/wp-json\/wp\/v2\/posts\/280743","targetHints":{"allow":["GET"]}}],"collection":[{"href":"https:\/\/www.radiopiu.net\/wordpress\/wp-json\/wp\/v2\/posts"}],"about":[{"href":"https:\/\/www.radiopiu.net\/wordpress\/wp-json\/wp\/v2\/types\/post"}],"author":[{"embeddable":true,"href":"https:\/\/www.radiopiu.net\/wordpress\/wp-json\/wp\/v2\/users\/4"}],"replies":[{"embeddable":true,"href":"https:\/\/www.radiopiu.net\/wordpress\/wp-json\/wp\/v2\/comments?post=280743"}],"version-history":[{"count":0,"href":"https:\/\/www.radiopiu.net\/wordpress\/wp-json\/wp\/v2\/posts\/280743\/revisions"}],"wp:featuredmedia":[{"embeddable":true,"href":"https:\/\/www.radiopiu.net\/wordpress\/wp-json\/wp\/v2\/media\/265514"}],"wp:attachment":[{"href":"https:\/\/www.radiopiu.net\/wordpress\/wp-json\/wp\/v2\/media?parent=280743"}],"wp:term":[{"taxonomy":"category","embeddable":true,"href":"https:\/\/www.radiopiu.net\/wordpress\/wp-json\/wp\/v2\/categories?post=280743"},{"taxonomy":"post_tag","embeddable":true,"href":"https:\/\/www.radiopiu.net\/wordpress\/wp-json\/wp\/v2\/tags?post=280743"}],"curies":[{"name":"wp","href":"https:\/\/api.w.org\/{rel}","templated":true}]}}