{"id":280859,"date":"2022-06-11T05:50:42","date_gmt":"2022-06-11T03:50:42","guid":{"rendered":"https:\/\/www.radiopiu.net\/wordpress\/?p=280859"},"modified":"2022-06-11T05:51:32","modified_gmt":"2022-06-11T03:51:32","slug":"cade-dalla-scala-apprensione-a-sopracroda-per-romeo-bristot","status":"publish","type":"post","link":"https:\/\/www.radiopiu.net\/wordpress\/cade-dalla-scala-apprensione-a-sopracroda-per-romeo-bristot\/","title":{"rendered":"CADE DALLA SCALA, APPRENSIONE A SOPRACRODA PER ROMEO BRISTOT"},"content":{"rendered":"<p><strong><img loading=\"lazy\" decoding=\"async\" class=\"alignleft\" src=\"https:\/\/www.radiopiu.net\/wordpress\/wp-content\/uploads\/2022\/02\/4063da5f-f442-4e26-9beb-eb7473b3f855.jpg\" width=\"146\" height=\"97\" \/>BELLUNO<\/strong> Romeo Bristot, 79 anni di Sopracroda \u00e8 ricoverato in gravi condizioni all&#8217;ospedale C\u00e0 Foncello di Treviso. Ieri stava lavorando in casa quando ha perso l&#8217;equilibrio cadendo da una scala da circa un metro e mezzo di altezza. Ha sbattuto la testa rimediando un forte trauma cranico. L&#8217;uomo \u00e8 stato soccorso dall&#8217;elicottero del Suem e dopo un primo controllo al San Martino la decisione del trasferimento a Treviso. Apprensione in paese anche nelle tante realt\u00e0 in cui Romeo \u00e8 impegnato come volontario nel Cai, Centro Servizi, Donatori del sangue.<br \/>\nIeri i sanitari dell&#8217;ambulanza sono inoltre intervenuti tre volte in via Mezzaterra per altrettanti malori, alle 12 una donna di 62 anni \u00e8 caduta in strada riportando ferite al viso, un&#8217;altra si \u00e8 sentita male in un negozio, un 52enne \u00e8 stato soccorso in casa, ha battuto la testa in seguito ad un malore.<\/p>\n<p>&nbsp;<\/p>\n","protected":false},"excerpt":{"rendered":"<p>BELLUNO Romeo Bristot, 79 anni di Sopracroda \u00e8 ricoverato in gravi condizioni all&#8217;ospedale C\u00e0 Foncello di Treviso. Ieri stava lavorando in casa quando ha perso l&#8217;equilibrio cadendo da una scala da circa un metro e mezzo di altezza. Ha sbattuto la testa rimediando un forte trauma cranico. L&#8217;uomo \u00e8 stato soccorso dall&#8217;elicottero del Suem e&hellip;<\/p>\n","protected":false},"author":4,"featured_media":260644,"comment_status":"closed","ping_status":"closed","sticky":false,"template":"","format":"standard","meta":{"_monsterinsights_skip_tracking":false,"_monsterinsights_sitenote_active":false,"_monsterinsights_sitenote_note":"","_monsterinsights_sitenote_category":0,"footnotes":""},"categories":[51,49],"tags":[],"class_list":["post-280859","post","type-post","status-publish","format-standard","has-post-thumbnail","hentry","category-evidenza-top","category-news-18","category-51","category-49","description-off"],"img_url":"https:\/\/www.radiopiu.net\/wordpress\/wp-content\/uploads\/2022\/02\/4063da5f-f442-4e26-9beb-eb7473b3f855.jpg","_links":{"self":[{"href":"https:\/\/www.radiopiu.net\/wordpress\/wp-json\/wp\/v2\/posts\/280859","targetHints":{"allow":["GET"]}}],"collection":[{"href":"https:\/\/www.radiopiu.net\/wordpress\/wp-json\/wp\/v2\/posts"}],"about":[{"href":"https:\/\/www.radiopiu.net\/wordpress\/wp-json\/wp\/v2\/types\/post"}],"author":[{"embeddable":true,"href":"https:\/\/www.radiopiu.net\/wordpress\/wp-json\/wp\/v2\/users\/4"}],"replies":[{"embeddable":true,"href":"https:\/\/www.radiopiu.net\/wordpress\/wp-json\/wp\/v2\/comments?post=280859"}],"version-history":[{"count":0,"href":"https:\/\/www.radiopiu.net\/wordpress\/wp-json\/wp\/v2\/posts\/280859\/revisions"}],"wp:featuredmedia":[{"embeddable":true,"href":"https:\/\/www.radiopiu.net\/wordpress\/wp-json\/wp\/v2\/media\/260644"}],"wp:attachment":[{"href":"https:\/\/www.radiopiu.net\/wordpress\/wp-json\/wp\/v2\/media?parent=280859"}],"wp:term":[{"taxonomy":"category","embeddable":true,"href":"https:\/\/www.radiopiu.net\/wordpress\/wp-json\/wp\/v2\/categories?post=280859"},{"taxonomy":"post_tag","embeddable":true,"href":"https:\/\/www.radiopiu.net\/wordpress\/wp-json\/wp\/v2\/tags?post=280859"}],"curies":[{"name":"wp","href":"https:\/\/api.w.org\/{rel}","templated":true}]}}