{"id":280911,"date":"2022-06-11T19:10:51","date_gmt":"2022-06-11T17:10:51","guid":{"rendered":"https:\/\/www.radiopiu.net\/wordpress\/?p=280911"},"modified":"2022-06-11T19:12:34","modified_gmt":"2022-06-11T17:12:34","slug":"muore-nel-camper-avvolto-dalle-fiamme","status":"publish","type":"post","link":"https:\/\/www.radiopiu.net\/wordpress\/muore-nel-camper-avvolto-dalle-fiamme\/","title":{"rendered":"MUORE NEL CAMPER AVVOLTO DALLE FIAMME"},"content":{"rendered":"<p><strong>BELLUNO<\/strong>. I vigili del fuoco di Santo Stefano sono intervenuti alle 6 di questa mattina per l&#8217;incendio di un camper parcheggiato in una piazzola di sosta, sulla strada per Palus San Marco ad Auronzo Arrivati sul posto, si sono accorti che all&#8217;interno del veicolo c&#8217;era un uomo, che probabilmente stava dormendo ed \u00e8 morto carbonizzato. Il fuoco \u00e8 stato spento, ma il camper \u00e8 andato completamente distrutto. Non \u00e8 ancora nota l&#8217;identit\u00e0 della persona deceduta, perch\u00e9 non sono rimasti nemmeno documenti, potrebbe\u00a0 essere un turista di fuori provincia di passaggio per Auronzo che ha deciso di trascorrere la notte nella piazzola di sosta.<\/p>\n<p>&nbsp;<\/p>\n<p><a class=\"dt-pswp-item\" href=\"https:\/\/www.radiopiu.net\/wordpress\/wp-content\/uploads\/2022\/06\/e7ecb542-93fa-4664-bf2d-7c9a06ae833f.jpg\" data-dt-img-description=\"\" data-large_image_width=\"960\" data-large_image_height=\"667\"><img loading=\"lazy\" decoding=\"async\" class=\"alignnone wp-image-280912 size-full\" src=\"https:\/\/www.radiopiu.net\/wordpress\/wp-content\/uploads\/2022\/06\/e7ecb542-93fa-4664-bf2d-7c9a06ae833f.jpg\" alt=\"\" width=\"960\" height=\"667\" srcset=\"https:\/\/www.radiopiu.net\/wordpress\/wp-content\/uploads\/2022\/06\/e7ecb542-93fa-4664-bf2d-7c9a06ae833f.jpg 960w, https:\/\/www.radiopiu.net\/wordpress\/wp-content\/uploads\/2022\/06\/e7ecb542-93fa-4664-bf2d-7c9a06ae833f-300x208.jpg 300w, https:\/\/www.radiopiu.net\/wordpress\/wp-content\/uploads\/2022\/06\/e7ecb542-93fa-4664-bf2d-7c9a06ae833f-768x534.jpg 768w\" sizes=\"auto, (max-width: 960px) 100vw, 960px\" \/><\/a><\/p>\n","protected":false},"excerpt":{"rendered":"<p>BELLUNO. I vigili del fuoco di Santo Stefano sono intervenuti alle 6 di questa mattina per l&#8217;incendio di un camper parcheggiato in una piazzola di sosta, sulla strada per Palus San Marco ad Auronzo Arrivati sul posto, si sono accorti che all&#8217;interno del veicolo c&#8217;era un uomo, che probabilmente stava dormendo ed \u00e8 morto carbonizzato.&hellip;<\/p>\n","protected":false},"author":4,"featured_media":280912,"comment_status":"closed","ping_status":"closed","sticky":false,"template":"","format":"standard","meta":{"_monsterinsights_skip_tracking":false,"_monsterinsights_sitenote_active":false,"_monsterinsights_sitenote_note":"","_monsterinsights_sitenote_category":0,"footnotes":""},"categories":[51,49],"tags":[],"class_list":["post-280911","post","type-post","status-publish","format-standard","has-post-thumbnail","hentry","category-evidenza-top","category-news-18","category-51","category-49","description-off"],"img_url":"https:\/\/www.radiopiu.net\/wordpress\/wp-content\/uploads\/2022\/06\/e7ecb542-93fa-4664-bf2d-7c9a06ae833f.jpg","_links":{"self":[{"href":"https:\/\/www.radiopiu.net\/wordpress\/wp-json\/wp\/v2\/posts\/280911","targetHints":{"allow":["GET"]}}],"collection":[{"href":"https:\/\/www.radiopiu.net\/wordpress\/wp-json\/wp\/v2\/posts"}],"about":[{"href":"https:\/\/www.radiopiu.net\/wordpress\/wp-json\/wp\/v2\/types\/post"}],"author":[{"embeddable":true,"href":"https:\/\/www.radiopiu.net\/wordpress\/wp-json\/wp\/v2\/users\/4"}],"replies":[{"embeddable":true,"href":"https:\/\/www.radiopiu.net\/wordpress\/wp-json\/wp\/v2\/comments?post=280911"}],"version-history":[{"count":0,"href":"https:\/\/www.radiopiu.net\/wordpress\/wp-json\/wp\/v2\/posts\/280911\/revisions"}],"wp:featuredmedia":[{"embeddable":true,"href":"https:\/\/www.radiopiu.net\/wordpress\/wp-json\/wp\/v2\/media\/280912"}],"wp:attachment":[{"href":"https:\/\/www.radiopiu.net\/wordpress\/wp-json\/wp\/v2\/media?parent=280911"}],"wp:term":[{"taxonomy":"category","embeddable":true,"href":"https:\/\/www.radiopiu.net\/wordpress\/wp-json\/wp\/v2\/categories?post=280911"},{"taxonomy":"post_tag","embeddable":true,"href":"https:\/\/www.radiopiu.net\/wordpress\/wp-json\/wp\/v2\/tags?post=280911"}],"curies":[{"name":"wp","href":"https:\/\/api.w.org\/{rel}","templated":true}]}}