{"id":281155,"date":"2022-06-13T05:33:54","date_gmt":"2022-06-13T03:33:54","guid":{"rendered":"https:\/\/www.radiopiu.net\/wordpress\/?p=281155"},"modified":"2022-06-13T13:53:36","modified_gmt":"2022-06-13T11:53:36","slug":"romeo-bristot-non-ce-lha-fatta-muore-il-giorno-dopo-la-caduta-dalla-scala","status":"publish","type":"post","link":"https:\/\/www.radiopiu.net\/wordpress\/romeo-bristot-non-ce-lha-fatta-muore-il-giorno-dopo-la-caduta-dalla-scala\/","title":{"rendered":"ROMEO BRISTOT NON CE L&#8217;HA FATTA, MUORE IL GIORNO DOPO LA CADUTA DALLA SCALA\u00a0"},"content":{"rendered":"<blockquote>\n<h3><\/h3>\n<\/blockquote>\n<p><a class=\"dt-pswp-item\" href=\"https:\/\/www.radiopiu.net\/wordpress\/wp-content\/uploads\/2022\/06\/romeb.jpg\" data-dt-img-description=\"\" data-large_image_width=\"552\" data-large_image_height=\"481\"><img loading=\"lazy\" decoding=\"async\" class=\" wp-image-281154 alignleft\" src=\"https:\/\/www.radiopiu.net\/wordpress\/wp-content\/uploads\/2022\/06\/romeb-150x150.jpg\" alt=\"\" width=\"98\" height=\"98\" \/><\/a><strong>BELLUNO<\/strong> E&#8217; morto\u00a0 Romeo Bristot, l&#8217;anziano di 79 anni di Sopracroda caduto dalla scala venerd\u00ec pomeriggio. Fatale il trauma cranico riportato mentre\u00a0 stava effettuando una serie di lavori in casa. Romeo Bristot\u00a0 viveva a Sopracroda con la famiglia e era molto conosciuto e stimato. L&#8217;ultimo saluto al 79enne \u00e8 previsto per mercoled\u00ec alle 10,30 nella chiesa parrocchiale di Cavarzano, poi la salma proceder\u00e0 per la cremazione. Affranti la moglie Rita, i figli Giovanni\u00a0 e Tiziano.<\/p>\n<p>&nbsp;<\/p>\n<p><strong>IL RICORDO\u00a0<\/strong><br \/>\n<strong>di Franco Piacentini, Direttivo Csv Belluno_Treviso<\/strong><\/p>\n<div><span style=\"font-size: large;\">Con dolore ho appreso dell&#8217;improvvisa scomparsa dell&#8217;amico Romeo Bristot, volontario bellunese. Con lui, dal 2015 al 2021, ho condiviso alcune importanti esperienze in realt\u00e0 associative del volontariato. Siamo stati insieme nel CoGe Veneto (comitato di gestione); nella Consulta del Volontariato Regione Veneto; nel Consiglio Direttivo Comitato di Intesa Belluno. La nostra presenza in questi organismi dell&#8217;associazionismo Terzo Settore, ha determinato anche un rapporto di sincera amicizia la quale ha fatto scoprire la nostra comune passione per le escursioni dolomitiche e la nostra lunga adesione al CAI. Lui al CAI di Belluno, il sottoscritto alla SAT-CAI Trento.\u00a0 Carissimo Romeo lasci un grande vuoto soprattutto nella tua famiglia. Mancherai moltissimo al volontariato bellunese e veneto. Ti auguro di cuore,\u00a0caro amico Romeo, un sereno riposo\u00a0in Cielo; ai tuoi familiari e amici le mie pi\u00f9 sentite condoglianze.\u00a0<\/span><\/div>\n<div><\/div>\n<div><\/div>\n<div><\/div>\n<div>\n<hr \/>\n<\/div>\n","protected":false},"excerpt":{"rendered":"<p>BELLUNO E&#8217; morto\u00a0 Romeo Bristot, l&#8217;anziano di 79 anni di Sopracroda caduto dalla scala venerd\u00ec pomeriggio. Fatale il trauma cranico riportato mentre\u00a0 stava effettuando una serie di lavori in casa. Romeo Bristot\u00a0 viveva a Sopracroda con la famiglia e era molto conosciuto e stimato. L&#8217;ultimo saluto al 79enne \u00e8 previsto per mercoled\u00ec alle 10,30 nella&hellip;<\/p>\n","protected":false},"author":4,"featured_media":281154,"comment_status":"closed","ping_status":"closed","sticky":false,"template":"","format":"standard","meta":{"_monsterinsights_skip_tracking":false,"_monsterinsights_sitenote_active":false,"_monsterinsights_sitenote_note":"","_monsterinsights_sitenote_category":0,"footnotes":""},"categories":[51,49],"tags":[],"class_list":["post-281155","post","type-post","status-publish","format-standard","has-post-thumbnail","hentry","category-evidenza-top","category-news-18","category-51","category-49","description-off"],"img_url":"https:\/\/www.radiopiu.net\/wordpress\/wp-content\/uploads\/2022\/06\/romeb.jpg","_links":{"self":[{"href":"https:\/\/www.radiopiu.net\/wordpress\/wp-json\/wp\/v2\/posts\/281155","targetHints":{"allow":["GET"]}}],"collection":[{"href":"https:\/\/www.radiopiu.net\/wordpress\/wp-json\/wp\/v2\/posts"}],"about":[{"href":"https:\/\/www.radiopiu.net\/wordpress\/wp-json\/wp\/v2\/types\/post"}],"author":[{"embeddable":true,"href":"https:\/\/www.radiopiu.net\/wordpress\/wp-json\/wp\/v2\/users\/4"}],"replies":[{"embeddable":true,"href":"https:\/\/www.radiopiu.net\/wordpress\/wp-json\/wp\/v2\/comments?post=281155"}],"version-history":[{"count":0,"href":"https:\/\/www.radiopiu.net\/wordpress\/wp-json\/wp\/v2\/posts\/281155\/revisions"}],"wp:featuredmedia":[{"embeddable":true,"href":"https:\/\/www.radiopiu.net\/wordpress\/wp-json\/wp\/v2\/media\/281154"}],"wp:attachment":[{"href":"https:\/\/www.radiopiu.net\/wordpress\/wp-json\/wp\/v2\/media?parent=281155"}],"wp:term":[{"taxonomy":"category","embeddable":true,"href":"https:\/\/www.radiopiu.net\/wordpress\/wp-json\/wp\/v2\/categories?post=281155"},{"taxonomy":"post_tag","embeddable":true,"href":"https:\/\/www.radiopiu.net\/wordpress\/wp-json\/wp\/v2\/tags?post=281155"}],"curies":[{"name":"wp","href":"https:\/\/api.w.org\/{rel}","templated":true}]}}