{"id":281233,"date":"2022-06-14T05:47:54","date_gmt":"2022-06-14T03:47:54","guid":{"rendered":"https:\/\/www.radiopiu.net\/wordpress\/?p=281233"},"modified":"2022-06-14T05:47:45","modified_gmt":"2022-06-14T03:47:45","slug":"ballotaggiofeltreaagaas","status":"publish","type":"post","link":"https:\/\/www.radiopiu.net\/wordpress\/ballotaggiofeltreaagaas\/","title":{"rendered":"OSCAR DE PELLEGRIN IL SINDACO DI BELLUNO. NEL BERSAGLIO DI PALAZZO ROSSO LE FRECCE MIGLIORI SONO QUELLE SCOCCATE DALLA SQUADRA DI CENTRO DESTRA"},"content":{"rendered":"<blockquote><p><em>Ancora una sezione mentre la campana batte i dodici rintocchi e l&#8217;aggiornamento \u00e8 delle 23.47: Oscar De Pellegrin 50,9% Giuseppe Vignato 30,5%.<\/em><br \/>\n<em>Ben oltre la mezzanotte, l&#8217;ultima carrellata di numeri che sanciscono la vittoria di Oscar De Pellegrin,\u00a0 primo cittadino di Belluno. Per Oscar l&#8217;ultima emozione dell&#8217;elenco infinito degli ultimi due giorni.<\/em><\/p><\/blockquote>\n<p><strong>AI MICROFONI DI RADIO PIU&#8217;, IL SINDACO DI BELLUNO OSCAR DE PELLEGRIN\u00a0<\/strong><\/p>\n<audio class=\"wp-audio-shortcode\" id=\"audio-281233-1\" preload=\"none\" style=\"width: 100%;\" controls=\"controls\"><source type=\"audio\/mpeg\" src=\"https:\/\/www.radiopiu.net\/wordpress\/wp-content\/uploads\/2022\/06\/oscar-de-pellegrin.mp3?_=1\" \/><a href=\"https:\/\/www.radiopiu.net\/wordpress\/wp-content\/uploads\/2022\/06\/oscar-de-pellegrin.mp3\">https:\/\/www.radiopiu.net\/wordpress\/wp-content\/uploads\/2022\/06\/oscar-de-pellegrin.mp3<\/a><\/audio>\n<p>&nbsp;<\/p>\n<p>&nbsp;<\/p>\n<p><strong>BELLUNO affluenza 46,53% precedente 50,26%<\/strong><\/p>\n\n\t\t\t<style type='text\/css'>\n\t\t\t\t#gallery-1 {\n\t\t\t\t\tmargin: auto;\n\t\t\t\t}\n\t\t\t\t#gallery-1 .gallery-item {\n\t\t\t\t\tfloat: left;\n\t\t\t\t\tmargin-top: 10px;\n\t\t\t\t\ttext-align: center;\n\t\t\t\t\twidth: 33%;\n\t\t\t\t}\n\t\t\t\t#gallery-1 img {\n\t\t\t\t\tborder: 2px solid #cfcfcf;\n\t\t\t\t}\n\t\t\t\t#gallery-1 .gallery-caption {\n\t\t\t\t\tmargin-left: 0;\n\t\t\t\t}\n\t\t\t\t\/* see gallery_shortcode() in wp-includes\/media.php *\/\n\t\t\t<\/style>\n\t\t<div id='gallery-1' class='dt-gallery-container gallery galleryid-281233 gallery-columns-3 gallery-size-thumbnail'><dl class='gallery-item'>\n\t\t\t\t<dt class='gallery-icon landscape'>\n\t\t\t\t\t<a class=\"rollover rollover-zoom dt-pswp-item\" title=\"d0c1bcd2-8ac1-46ff-88f3-87065311cebd\" data-dt-img-description=\"\" data-large_image_width=\"2048\" data-large_image_height=\"1365\"href='https:\/\/www.radiopiu.net\/wordpress\/wp-content\/uploads\/2022\/06\/d0c1bcd2-8ac1-46ff-88f3-87065311cebd.jpg'><img loading=\"lazy\" decoding=\"async\" width=\"150\" height=\"150\" src=\"https:\/\/www.radiopiu.net\/wordpress\/wp-content\/uploads\/2022\/06\/d0c1bcd2-8ac1-46ff-88f3-87065311cebd-150x150.jpg\" class=\"attachment-thumbnail size-thumbnail\" alt=\"\" \/><\/a>\n\t\t\t\t<\/dt><\/dl><dl class='gallery-item'>\n\t\t\t\t<dt class='gallery-icon landscape'>\n\t\t\t\t\t<a class=\"rollover rollover-zoom dt-pswp-item\" title=\"746575ee-c513-4b16-9a4e-412dd5ba552d\" data-dt-img-description=\"\" data-large_image_width=\"2048\" data-large_image_height=\"1365\"href='https:\/\/www.radiopiu.net\/wordpress\/wp-content\/uploads\/2022\/06\/746575ee-c513-4b16-9a4e-412dd5ba552d.jpg'><img loading=\"lazy\" decoding=\"async\" width=\"150\" height=\"150\" src=\"https:\/\/www.radiopiu.net\/wordpress\/wp-content\/uploads\/2022\/06\/746575ee-c513-4b16-9a4e-412dd5ba552d-150x150.jpg\" class=\"attachment-thumbnail size-thumbnail\" alt=\"\" \/><\/a>\n\t\t\t\t<\/dt><\/dl><dl class='gallery-item'>\n\t\t\t\t<dt class='gallery-icon landscape'>\n\t\t\t\t\t<a class=\"rollover rollover-zoom dt-pswp-item\" title=\"205a2ed8-7283-41bf-b945-ab703b87a3ae\" data-dt-img-description=\"\" data-large_image_width=\"2048\" data-large_image_height=\"1365\"href='https:\/\/www.radiopiu.net\/wordpress\/wp-content\/uploads\/2022\/06\/205a2ed8-7283-41bf-b945-ab703b87a3ae.jpg'><img loading=\"lazy\" decoding=\"async\" width=\"150\" height=\"150\" src=\"https:\/\/www.radiopiu.net\/wordpress\/wp-content\/uploads\/2022\/06\/205a2ed8-7283-41bf-b945-ab703b87a3ae-150x150.jpg\" class=\"attachment-thumbnail size-thumbnail\" alt=\"\" \/><\/a>\n\t\t\t\t<\/dt><\/dl><br style=\"clear: both\" \/>\n\t\t\t<\/div>\n\n<p><strong>34 sezione su 34<\/strong><\/p>\n<p><strong>Oscar De Pellegrin Lega, Fratelli d\u2019Italia, Belluno al centro, Noi con Oscar\u00a0 \u00a0 \u00a0 \u00a0 \u00a0 \u00a0 \u00a0 \u00a07780 VOTI 50,7% <span style=\"color: #ff0000;\">SINDACO AL PRIMO TURNO<\/span><\/strong><\/p>\n<p><strong>Giuseppe Vignato<\/strong> Partito democratico, Belluno D+, InMovimento, Valore comune\u00a0 \u00a0 \u00a0 \u00a0 \u00a04679 VOTI 30,5%<\/p>\n<p><strong>Lucia Olivotto<\/strong> Belluno bene comune, Insieme per Belluno\u00a0 \u00a0 \u00a0 \u00a0 \u00a0 \u00a0 \u00a0 \u00a0 \u00a0 \u00a0 \u00a0 \u00a0 \u00a0 \u00a0 \u00a0 \u00a0 \u00a0 \u00a0 \u00a0 \u00a0 \u00a0 \u00a0 \u00a0 2878 VOTI 18,8%<\/p>\n<p>&nbsp;<\/p>\n<p>&nbsp;<\/p>\n\n\t\t\t<style type='text\/css'>\n\t\t\t\t#gallery-2 {\n\t\t\t\t\tmargin: auto;\n\t\t\t\t}\n\t\t\t\t#gallery-2 .gallery-item {\n\t\t\t\t\tfloat: left;\n\t\t\t\t\tmargin-top: 10px;\n\t\t\t\t\ttext-align: center;\n\t\t\t\t\twidth: 33%;\n\t\t\t\t}\n\t\t\t\t#gallery-2 img {\n\t\t\t\t\tborder: 2px solid #cfcfcf;\n\t\t\t\t}\n\t\t\t\t#gallery-2 .gallery-caption {\n\t\t\t\t\tmargin-left: 0;\n\t\t\t\t}\n\t\t\t\t\/* see gallery_shortcode() in wp-includes\/media.php *\/\n\t\t\t<\/style>\n\t\t<div id='gallery-2' class='dt-gallery-container gallery galleryid-281233 gallery-columns-3 gallery-size-thumbnail'><dl class='gallery-item'>\n\t\t\t\t<dt class='gallery-icon landscape'>\n\t\t\t\t\t<a class=\"rollover rollover-zoom dt-pswp-item\" title=\"oscar de pellegrin\" data-dt-img-description=\"\" data-large_image_width=\"2000\" data-large_image_height=\"1804\"href='https:\/\/www.radiopiu.net\/wordpress\/wp-content\/uploads\/2022\/06\/oscar-de-pellegrin.png'><img loading=\"lazy\" decoding=\"async\" width=\"150\" height=\"150\" src=\"https:\/\/www.radiopiu.net\/wordpress\/wp-content\/uploads\/2022\/06\/oscar-de-pellegrin-150x150.png\" class=\"attachment-thumbnail size-thumbnail\" alt=\"\" \/><\/a>\n\t\t\t\t<\/dt><\/dl><dl class='gallery-item'>\n\t\t\t\t<dt class='gallery-icon landscape'>\n\t\t\t\t\t<a class=\"rollover rollover-zoom dt-pswp-item\" title=\"Giuseppe Vignato\" data-dt-img-description=\"\" data-large_image_width=\"2048\" data-large_image_height=\"2048\"href='https:\/\/www.radiopiu.net\/wordpress\/wp-content\/uploads\/2022\/06\/Giuseppe-Vignato.jpg'><img loading=\"lazy\" decoding=\"async\" width=\"150\" height=\"150\" src=\"https:\/\/www.radiopiu.net\/wordpress\/wp-content\/uploads\/2022\/06\/Giuseppe-Vignato-150x150.jpg\" class=\"attachment-thumbnail size-thumbnail\" alt=\"\" aria-describedby=\"gallery-2-281259\" srcset=\"https:\/\/www.radiopiu.net\/wordpress\/wp-content\/uploads\/2022\/06\/Giuseppe-Vignato-150x150.jpg 150w, https:\/\/www.radiopiu.net\/wordpress\/wp-content\/uploads\/2022\/06\/Giuseppe-Vignato-300x300.jpg 300w, https:\/\/www.radiopiu.net\/wordpress\/wp-content\/uploads\/2022\/06\/Giuseppe-Vignato-1024x1024.jpg 1024w, https:\/\/www.radiopiu.net\/wordpress\/wp-content\/uploads\/2022\/06\/Giuseppe-Vignato-768x768.jpg 768w, https:\/\/www.radiopiu.net\/wordpress\/wp-content\/uploads\/2022\/06\/Giuseppe-Vignato-1536x1536.jpg 1536w, https:\/\/www.radiopiu.net\/wordpress\/wp-content\/uploads\/2022\/06\/Giuseppe-Vignato.jpg 2048w\" sizes=\"auto, (max-width: 150px) 100vw, 150px\" \/><\/a>\n\t\t\t\t<\/dt>\n\t\t\t\t\t<dd class='wp-caption-text gallery-caption' id='gallery-2-281259'>\n\t\t\t\t\tGIUSEPPE VIGNATO\n\t\t\t\t\t<\/dd><\/dl><dl class='gallery-item'>\n\t\t\t\t<dt class='gallery-icon portrait'>\n\t\t\t\t\t<a class=\"rollover rollover-zoom dt-pswp-item\" title=\"LUCIA-OLIVOTTO\" data-dt-img-description=\"\" data-large_image_width=\"194\" data-large_image_height=\"259\"href='https:\/\/www.radiopiu.net\/wordpress\/wp-content\/uploads\/2022\/06\/LUCIA-OLIVOTTO.jpg'><img loading=\"lazy\" decoding=\"async\" width=\"150\" height=\"150\" src=\"https:\/\/www.radiopiu.net\/wordpress\/wp-content\/uploads\/2022\/06\/LUCIA-OLIVOTTO-150x150.jpg\" class=\"attachment-thumbnail size-thumbnail\" alt=\"\" aria-describedby=\"gallery-2-281258\" \/><\/a>\n\t\t\t\t<\/dt>\n\t\t\t\t\t<dd class='wp-caption-text gallery-caption' id='gallery-2-281258'>\n\t\t\t\t\tLUCIA OLIVOTTO\n\t\t\t\t\t<\/dd><\/dl><br style=\"clear: both\" \/>\n\t\t\t<\/div>\n\n<p><a class=\"dt-pswp-item\" href=\"https:\/\/www.radiopiu.net\/wordpress\/wp-content\/uploads\/2022\/06\/sole.jpg\" data-dt-img-description=\"\" data-large_image_width=\"149\" data-large_image_height=\"56\"><img loading=\"lazy\" decoding=\"async\" class=\"alignnone size-full wp-image-281485\" src=\"https:\/\/www.radiopiu.net\/wordpress\/wp-content\/uploads\/2022\/06\/sole.jpg\" alt=\"\" width=\"149\" height=\"56\" \/><\/a><\/p>\n\n\t\t\t<style type='text\/css'>\n\t\t\t\t#gallery-3 {\n\t\t\t\t\tmargin: auto;\n\t\t\t\t}\n\t\t\t\t#gallery-3 .gallery-item {\n\t\t\t\t\tfloat: left;\n\t\t\t\t\tmargin-top: 10px;\n\t\t\t\t\ttext-align: center;\n\t\t\t\t\twidth: 33%;\n\t\t\t\t}\n\t\t\t\t#gallery-3 img {\n\t\t\t\t\tborder: 2px solid #cfcfcf;\n\t\t\t\t}\n\t\t\t\t#gallery-3 .gallery-caption {\n\t\t\t\t\tmargin-left: 0;\n\t\t\t\t}\n\t\t\t\t\/* see gallery_shortcode() in wp-includes\/media.php *\/\n\t\t\t<\/style>\n\t\t<div id='gallery-3' class='dt-gallery-container gallery galleryid-281233 gallery-columns-3 gallery-size-full'><dl class='gallery-item'>\n\t\t\t\t<dt class='gallery-icon landscape'>\n\t\t\t\t\t<a class=\"rollover rollover-zoom dt-pswp-item\" title=\"oscar\" data-dt-img-description=\"\" data-large_image_width=\"656\" data-large_image_height=\"277\"href='https:\/\/www.radiopiu.net\/wordpress\/wp-content\/uploads\/2022\/06\/oscar.jpg'><img loading=\"lazy\" decoding=\"async\" width=\"656\" height=\"277\" src=\"https:\/\/www.radiopiu.net\/wordpress\/wp-content\/uploads\/2022\/06\/oscar.jpg\" class=\"attachment-full size-full\" alt=\"\" srcset=\"https:\/\/www.radiopiu.net\/wordpress\/wp-content\/uploads\/2022\/06\/oscar.jpg 656w, https:\/\/www.radiopiu.net\/wordpress\/wp-content\/uploads\/2022\/06\/oscar-300x127.jpg 300w\" sizes=\"auto, (max-width: 656px) 100vw, 656px\" \/><\/a>\n\t\t\t\t<\/dt><\/dl><dl class='gallery-item'>\n\t\t\t\t<dt class='gallery-icon landscape'>\n\t\t\t\t\t<a class=\"rollover rollover-zoom dt-pswp-item\" title=\"vignato\" data-dt-img-description=\"\" data-large_image_width=\"685\" data-large_image_height=\"280\"href='https:\/\/www.radiopiu.net\/wordpress\/wp-content\/uploads\/2022\/06\/vignato.jpg'><img loading=\"lazy\" decoding=\"async\" width=\"685\" height=\"280\" src=\"https:\/\/www.radiopiu.net\/wordpress\/wp-content\/uploads\/2022\/06\/vignato.jpg\" class=\"attachment-full size-full\" alt=\"\" srcset=\"https:\/\/www.radiopiu.net\/wordpress\/wp-content\/uploads\/2022\/06\/vignato.jpg 685w, https:\/\/www.radiopiu.net\/wordpress\/wp-content\/uploads\/2022\/06\/vignato-300x123.jpg 300w\" sizes=\"auto, (max-width: 685px) 100vw, 685px\" \/><\/a>\n\t\t\t\t<\/dt><\/dl><dl class='gallery-item'>\n\t\t\t\t<dt class='gallery-icon landscape'>\n\t\t\t\t\t<a class=\"rollover rollover-zoom dt-pswp-item\" title=\"olivetta\" data-dt-img-description=\"\" data-large_image_width=\"669\" data-large_image_height=\"267\"href='https:\/\/www.radiopiu.net\/wordpress\/wp-content\/uploads\/2022\/06\/olivetta.jpg'><img loading=\"lazy\" decoding=\"async\" width=\"669\" height=\"267\" src=\"https:\/\/www.radiopiu.net\/wordpress\/wp-content\/uploads\/2022\/06\/olivetta.jpg\" class=\"attachment-full size-full\" alt=\"\" srcset=\"https:\/\/www.radiopiu.net\/wordpress\/wp-content\/uploads\/2022\/06\/olivetta.jpg 669w, https:\/\/www.radiopiu.net\/wordpress\/wp-content\/uploads\/2022\/06\/olivetta-300x120.jpg 300w\" sizes=\"auto, (max-width: 669px) 100vw, 669px\" \/><\/a>\n\t\t\t\t<\/dt><\/dl><br style=\"clear: both\" \/>\n\t\t\t<\/div>\n\n<p>&nbsp;<\/p>\n<p>&nbsp;<\/p>\n<p><span style=\"color: #0000ff;\"><strong>\u00a0<\/strong><\/span><\/p>\n<p><span style=\"color: #0000ff;\"><strong>FABIO RUFUS BRISTOT GIA&#8217; CONSIGLIERE COMUNALE USCENTE E NON RICANDIDATO<\/strong><\/span> <em><span class=\"s1\">le motivazioni di una sconfitta netta che non lascia margini a \u201cse\u201d e \u201cma\u201d di chi vorrebbe accampare magari qualche scusa. <\/span><span class=\"s1\">La presunzione senza limiti nascosta dal sorriso hanno creato un baratro tra il palazzo e la gente, tra la prosa e la concretezza, tra le promesse e quanto realizzato. Il fatto che Massaro abbia deciso in modo autoritario e in contraddizione con le sue solite enunciazioni professate per anni, di essere ancora in lista \u00e8 stata un\u2019ulteriore penalizzazione. La divisione del centro sinistra altro danno certificato a cui si \u00e8 aggiunta una campagna elettorale fastidiosa tra le due compagini. Altro aspetto non secondario, serve riconoscerlo, \u00e8 stato Vignato: un candidato assolutamente capace ma assolutamente privo di empatia e capacit\u00e0 comunicativa ed evocativa. La voglia di cambiamento, altro dato serpeggiante che negli ultimi mesi si \u00e8 sempre pi\u00f9 fatto sentire in modo martellante. I pochi elettori, infine, altro elemento che ha premiato i candidati pi\u00f9 fortemente motivati di questa tornata, e Oscar lo era. Ora il centro sinistra faccia analisi spietata e non di comodo ed inizi solo dopo a fare un\u2019opposizione seria e a creare una valida alternativa tra 5 anni. <\/span><span class=\"s1\">Buon lavoro al neo Sindaco Oscar e alla sua squadra.\u00a0<\/span><\/em><\/p>\n<blockquote>\n<h2><\/h2>\n<\/blockquote>\n<hr \/>\n<blockquote>\n<h2><\/h2>\n<h2><span style=\"color: #ff00ff;\"><strong>UFFICIALE: A FELTRE SARA&#8217; BALLOTTAGGIO TRA FUSARO E ZATTA. SONO 203 I VOTI DI DIFFERENZA<\/strong><\/span><\/h2>\n<\/blockquote>\n<p><strong>FELTRE<\/strong> Primo round al centro destra, Viviana Fusaro vince il primo turno, Adis Zatta porta a casa un buon numero di voti,\u00a0 pi\u00f9 indietro Nadia Forlin (5,5%) e Paolo Serrangeli (2,1%). Ora \u00e8 il momento degli accordi in vista del ballottaggio, si terr\u00e0 esattamente due settimane dopo il primo turno. Si voter\u00e0 quindi il 26 giugno 2022. Gli orari saranno sempre gli stessi: ci si potr\u00e0 recare ai seggi tra le 7 e le 23.<\/p>\n<blockquote>\n<h3><span style=\"color: #0000ff;\">22 SEZIONI SU 22<\/span><\/h3>\n<h2><strong style=\"font-size: 14px;\">FELTRE affluenza 46,32 precedente 52,19%<\/strong><\/h2>\n<\/blockquote>\n<p><strong>Viviana Fusaro Identit\u00e0 e Territorio | Centro Destra Feltre | Per Feltre | Lega Salv.\u00a0 \u00a0 \u00a0 \u00a0 \u00a0 \u00a0 \u00a0 \u00a0 \u00a0 \u00a0 <\/strong><strong>\u00a04216\u00a0 VOTI 47,28%<\/strong><\/p>\n<p><strong>Adis Zatta<\/strong> Sinistra Feltrina | Idea Per Feltre | Partito Democratico | Cittadinanza partecipazione\u00a0 \u00a0 \u00a0 \u00a04013\u00a0 \u00a0VOTI 45%<\/p>\n<p><strong>Nadia Forlin<\/strong> Feltrini Andiamo\u00a0 \u00a0 \u00a0 \u00a0 \u00a0 \u00a0 \u00a0 \u00a0 \u00a0 \u00a0 \u00a0 \u00a0 \u00a0 \u00a0 \u00a0 \u00a0 \u00a0 \u00a0 \u00a0 \u00a0 \u00a0 \u00a0 \u00a0 \u00a0 \u00a0 \u00a0 \u00a0 \u00a0 \u00a0 \u00a0 \u00a0 \u00a0 \u00a0 \u00a0 \u00a0 \u00a0 \u00a0 \u00a0 \u00a0 \u00a0 \u00a0 \u00a0 \u00a0 \u00a0 \u00a0 \u00a0 \u00a0 \u00a0 \u00a0 \u00a0 \u00a0 \u00a0 \u00a0 \u00a0 \u00a0 \u00a0496\u00a0 VOTI 5,5%<\/p>\n<p><strong>Paolo Serrangeli<\/strong> Fantastilistanarchica\u00a0 \u00a0 \u00a0 \u00a0 \u00a0 \u00a0 \u00a0 \u00a0 \u00a0 \u00a0 \u00a0 \u00a0 \u00a0 \u00a0 \u00a0 \u00a0 \u00a0 \u00a0 \u00a0 \u00a0 \u00a0 \u00a0 \u00a0 \u00a0 \u00a0 \u00a0 \u00a0 \u00a0 \u00a0 \u00a0 \u00a0 \u00a0 \u00a0 \u00a0 \u00a0 \u00a0 \u00a0 \u00a0 \u00a0 \u00a0 \u00a0 \u00a0 \u00a0 \u00a0 \u00a0 \u00a0 \u00a0 \u00a0 \u00a0192\u00a0 VOTI 2,1%<\/p>\n\n\t\t\t<style type='text\/css'>\n\t\t\t\t#gallery-4 {\n\t\t\t\t\tmargin: auto;\n\t\t\t\t}\n\t\t\t\t#gallery-4 .gallery-item {\n\t\t\t\t\tfloat: left;\n\t\t\t\t\tmargin-top: 10px;\n\t\t\t\t\ttext-align: center;\n\t\t\t\t\twidth: 25%;\n\t\t\t\t}\n\t\t\t\t#gallery-4 img {\n\t\t\t\t\tborder: 2px solid #cfcfcf;\n\t\t\t\t}\n\t\t\t\t#gallery-4 .gallery-caption {\n\t\t\t\t\tmargin-left: 0;\n\t\t\t\t}\n\t\t\t\t\/* see gallery_shortcode() in wp-includes\/media.php *\/\n\t\t\t<\/style>\n\t\t<div id='gallery-4' class='dt-gallery-container gallery galleryid-281233 gallery-columns-4 gallery-size-thumbnail'><dl class='gallery-item'>\n\t\t\t\t<dt class='gallery-icon portrait'>\n\t\t\t\t\t<a class=\"rollover rollover-zoom dt-pswp-item\" title=\"Viviana Fusaro feltre\" data-dt-img-description=\"\" data-large_image_width=\"554\" data-large_image_height=\"632\"href='https:\/\/www.radiopiu.net\/wordpress\/wp-content\/uploads\/2022\/06\/Viviana-Fusaro-feltre.png'><img loading=\"lazy\" decoding=\"async\" width=\"150\" height=\"150\" src=\"https:\/\/www.radiopiu.net\/wordpress\/wp-content\/uploads\/2022\/06\/Viviana-Fusaro-feltre-150x150.png\" class=\"attachment-thumbnail size-thumbnail\" alt=\"\" aria-describedby=\"gallery-4-281261\" \/><\/a>\n\t\t\t\t<\/dt>\n\t\t\t\t\t<dd class='wp-caption-text gallery-caption' id='gallery-4-281261'>\n\t\t\t\t\tVIVIANA FUSARO\n\t\t\t\t\t<\/dd><\/dl><dl class='gallery-item'>\n\t\t\t\t<dt class='gallery-icon landscape'>\n\t\t\t\t\t<a class=\"rollover rollover-zoom dt-pswp-item\" title=\"Adis Zatta feltre\" data-dt-img-description=\"\" data-large_image_width=\"1365\" data-large_image_height=\"1364\"href='https:\/\/www.radiopiu.net\/wordpress\/wp-content\/uploads\/2022\/06\/Adis-Zatta-feltre.jpg'><img loading=\"lazy\" decoding=\"async\" width=\"150\" height=\"150\" src=\"https:\/\/www.radiopiu.net\/wordpress\/wp-content\/uploads\/2022\/06\/Adis-Zatta-feltre-150x150.jpg\" class=\"attachment-thumbnail size-thumbnail\" alt=\"\" aria-describedby=\"gallery-4-281262\" srcset=\"https:\/\/www.radiopiu.net\/wordpress\/wp-content\/uploads\/2022\/06\/Adis-Zatta-feltre-150x150.jpg 150w, https:\/\/www.radiopiu.net\/wordpress\/wp-content\/uploads\/2022\/06\/Adis-Zatta-feltre-300x300.jpg 300w, https:\/\/www.radiopiu.net\/wordpress\/wp-content\/uploads\/2022\/06\/Adis-Zatta-feltre-1024x1024.jpg 1024w, https:\/\/www.radiopiu.net\/wordpress\/wp-content\/uploads\/2022\/06\/Adis-Zatta-feltre-768x767.jpg 768w, https:\/\/www.radiopiu.net\/wordpress\/wp-content\/uploads\/2022\/06\/Adis-Zatta-feltre.jpg 1365w\" sizes=\"auto, (max-width: 150px) 100vw, 150px\" \/><\/a>\n\t\t\t\t<\/dt>\n\t\t\t\t\t<dd class='wp-caption-text gallery-caption' id='gallery-4-281262'>\n\t\t\t\t\tADIS ZATTA\n\t\t\t\t\t<\/dd><\/dl><dl class='gallery-item'>\n\t\t\t\t<dt class='gallery-icon portrait'>\n\t\t\t\t\t<a class=\"rollover rollover-zoom dt-pswp-item\" title=\"Paolo Serrangeli feltre\" data-dt-img-description=\"\" data-large_image_width=\"350\" data-large_image_height=\"400\"href='https:\/\/www.radiopiu.net\/wordpress\/wp-content\/uploads\/2022\/06\/Paolo-Serrangeli-feltre.png'><img loading=\"lazy\" decoding=\"async\" width=\"150\" height=\"150\" src=\"https:\/\/www.radiopiu.net\/wordpress\/wp-content\/uploads\/2022\/06\/Paolo-Serrangeli-feltre-150x150.png\" class=\"attachment-thumbnail size-thumbnail\" alt=\"\" aria-describedby=\"gallery-4-281260\" \/><\/a>\n\t\t\t\t<\/dt>\n\t\t\t\t\t<dd class='wp-caption-text gallery-caption' id='gallery-4-281260'>\n\t\t\t\t\tPAOLO SERRANGELI\n\t\t\t\t\t<\/dd><\/dl><dl class='gallery-item'>\n\t\t\t\t<dt class='gallery-icon portrait'>\n\t\t\t\t\t<a class=\"rollover rollover-zoom dt-pswp-item\" title=\"Nadia Forlin Feltre\" data-dt-img-description=\"\" data-large_image_width=\"427\" data-large_image_height=\"508\"href='https:\/\/www.radiopiu.net\/wordpress\/wp-content\/uploads\/2022\/06\/Nadia-Forlin-Feltre.jpg'><img loading=\"lazy\" decoding=\"async\" width=\"150\" height=\"150\" src=\"https:\/\/www.radiopiu.net\/wordpress\/wp-content\/uploads\/2022\/06\/Nadia-Forlin-Feltre-150x150.jpg\" class=\"attachment-thumbnail size-thumbnail\" alt=\"\" aria-describedby=\"gallery-4-281263\" \/><\/a>\n\t\t\t\t<\/dt>\n\t\t\t\t\t<dd class='wp-caption-text gallery-caption' id='gallery-4-281263'>\n\t\t\t\t\tNADIA FORLIN\n\t\t\t\t\t<\/dd><\/dl><br style=\"clear: both\" \/>\n\t\t\t<\/div>\n\n<p>&nbsp;<\/p>\n<p><a class=\"dt-pswp-item\" href=\"https:\/\/www.radiopiu.net\/wordpress\/wp-content\/uploads\/2022\/06\/sole.jpg\" data-dt-img-description=\"\" data-large_image_width=\"149\" data-large_image_height=\"56\"><img loading=\"lazy\" decoding=\"async\" class=\"alignnone size-full wp-image-281485\" src=\"https:\/\/www.radiopiu.net\/wordpress\/wp-content\/uploads\/2022\/06\/sole.jpg\" alt=\"\" width=\"149\" height=\"56\" \/><\/a><\/p>\n\n\t\t\t<style type='text\/css'>\n\t\t\t\t#gallery-5 {\n\t\t\t\t\tmargin: auto;\n\t\t\t\t}\n\t\t\t\t#gallery-5 .gallery-item {\n\t\t\t\t\tfloat: left;\n\t\t\t\t\tmargin-top: 10px;\n\t\t\t\t\ttext-align: center;\n\t\t\t\t\twidth: 33%;\n\t\t\t\t}\n\t\t\t\t#gallery-5 img {\n\t\t\t\t\tborder: 2px solid #cfcfcf;\n\t\t\t\t}\n\t\t\t\t#gallery-5 .gallery-caption {\n\t\t\t\t\tmargin-left: 0;\n\t\t\t\t}\n\t\t\t\t\/* see gallery_shortcode() in wp-includes\/media.php *\/\n\t\t\t<\/style>\n\t\t<div id='gallery-5' class='dt-gallery-container gallery galleryid-281233 gallery-columns-3 gallery-size-full'><dl class='gallery-item'>\n\t\t\t\t<dt class='gallery-icon landscape'>\n\t\t\t\t\t<a class=\"rollover rollover-zoom dt-pswp-item\" title=\"fusaro\" data-dt-img-description=\"\" data-large_image_width=\"570\" data-large_image_height=\"357\"href='https:\/\/www.radiopiu.net\/wordpress\/wp-content\/uploads\/2022\/06\/fusaro.jpg'><img loading=\"lazy\" decoding=\"async\" width=\"570\" height=\"357\" src=\"https:\/\/www.radiopiu.net\/wordpress\/wp-content\/uploads\/2022\/06\/fusaro.jpg\" class=\"attachment-full size-full\" alt=\"\" srcset=\"https:\/\/www.radiopiu.net\/wordpress\/wp-content\/uploads\/2022\/06\/fusaro.jpg 570w, https:\/\/www.radiopiu.net\/wordpress\/wp-content\/uploads\/2022\/06\/fusaro-300x188.jpg 300w\" sizes=\"auto, (max-width: 570px) 100vw, 570px\" \/><\/a>\n\t\t\t\t<\/dt><\/dl><dl class='gallery-item'>\n\t\t\t\t<dt class='gallery-icon landscape'>\n\t\t\t\t\t<a class=\"rollover rollover-zoom dt-pswp-item\" title=\"zatta\" data-dt-img-description=\"\" data-large_image_width=\"606\" data-large_image_height=\"302\"href='https:\/\/www.radiopiu.net\/wordpress\/wp-content\/uploads\/2022\/06\/zatta.jpg'><img loading=\"lazy\" decoding=\"async\" width=\"606\" height=\"302\" src=\"https:\/\/www.radiopiu.net\/wordpress\/wp-content\/uploads\/2022\/06\/zatta.jpg\" class=\"attachment-full size-full\" alt=\"\" srcset=\"https:\/\/www.radiopiu.net\/wordpress\/wp-content\/uploads\/2022\/06\/zatta.jpg 606w, https:\/\/www.radiopiu.net\/wordpress\/wp-content\/uploads\/2022\/06\/zatta-300x150.jpg 300w\" sizes=\"auto, (max-width: 606px) 100vw, 606px\" \/><\/a>\n\t\t\t\t<\/dt><\/dl><dl class='gallery-item'>\n\t\t\t\t<dt class='gallery-icon landscape'>\n\t\t\t\t\t<a class=\"rollover rollover-zoom dt-pswp-item\" title=\"forlin\" data-dt-img-description=\"\" data-large_image_width=\"607\" data-large_image_height=\"385\"href='https:\/\/www.radiopiu.net\/wordpress\/wp-content\/uploads\/2022\/06\/forlin.jpg'><img loading=\"lazy\" decoding=\"async\" width=\"607\" height=\"385\" src=\"https:\/\/www.radiopiu.net\/wordpress\/wp-content\/uploads\/2022\/06\/forlin.jpg\" class=\"attachment-full size-full\" alt=\"\" srcset=\"https:\/\/www.radiopiu.net\/wordpress\/wp-content\/uploads\/2022\/06\/forlin.jpg 607w, https:\/\/www.radiopiu.net\/wordpress\/wp-content\/uploads\/2022\/06\/forlin-300x190.jpg 300w\" sizes=\"auto, (max-width: 607px) 100vw, 607px\" \/><\/a>\n\t\t\t\t<\/dt><\/dl><br style=\"clear: both\" \/>\n\t\t\t<\/div>\n\n<p>&nbsp;<\/p>\n<p>&nbsp;<\/p>\n<p>&nbsp;<\/p>\n<hr \/>\n<blockquote><p>&nbsp;<\/p>\n<p><strong><span style=\"color: #000000;\">SINDACI ELETTI, <\/span>QUORUM SUPERATO <span style=\"color: #ff0000;\">Carlo Zanella <span style=\"color: #000000;\">CESIOMAGGIORE <span style=\"color: #ff0000;\">Giovanni <\/span><\/span>Nino Deon <span style=\"color: #000000;\">RIVAMONTE ,<\/span> Sara Bona<span style=\"color: #000000;\"> TAMBRE D&#8217;ALPAGO<\/span> e Christian Pasa<span style=\"color: #000000;\"> FONZASO,<\/span><\/span>\u00a0vincono la sfida con il quorum e diventano sindaci<\/strong><\/p><\/blockquote>\n<p>HANNO VINTO LA SFIDA: <span style=\"color: #ff0000;\">MAURO SALVATERRA<\/span> A FALCADE, <span style=\"color: #ff0000;\">NICOLA VIECELI<\/span> A SAN GREGORIO NELLE ALPI,<span style=\"color: #ff0000;\"> DARIO VECELLIO GALENO<\/span> AD AURONZO (SCONFITTA TATIANA PAIS BECHER), <span style=\"color: #ff0000;\">GIANNI BURIGO<\/span> A SOVERZENE <span style=\"color: #ff0000;\">LORIS MACCAGNAN<\/span> A LAMON. RIBALTONE A CORTINA, IL SINDACO USCENTE GIANPIETRO GHEDINA BOCCIATO, LA COMUNITA&#8217; D&#8217;AMPEZZO GLI HA PREFERITO <span style=\"color: #ff0000;\">GIANLUCA LORENZI<\/span>, PRIMO CITTADINO CON IL 37,06% DELLE PREFERENZE.<\/p>\n<p><span style=\"color: #0000ff;\"><strong>IL PRESIDENTE DELLA PROVINCIA, ROBERTO PADRIN<\/strong> <\/span><em>&#8220;Esprimo le mie pi\u00f9 vive felicitazioni ai nuovi sindaci eletti in provincia di Belluno. Ai nuovi e ai riconfermati. Auguro a tutti buon lavoro, in spirito di servizio per il nostro territorio. Lavorare per il territorio e mettersi a disposizione delle comunit\u00e0 locali \u00e8 un servizio che troppo spesso passa sotto traccia e invece va giustamente sottolineato. Quindi auguro che le amministrazioni uscite da questa tornata possano lavorare con serenit\u00e0 e soddisfazione, e che le minoranze collaborino costruttivamente alla vita democratica dei nostri Comuni. Le amministrazioni troveranno nella Provincia un appoggio concreto per le azioni di sviluppo del territorio. La disaffezione crescente dei cittadini nei confronti della politica e dell\u2019amministrazione \u00e8 stata forte anche questa volta, con dati di affluenza che hanno abbassato ulteriormente il gi\u00e0 scarso entusiasmo di cinque anni fa. Ma tutti i Comuni dove l\u2019ostacolo era il quorum sono riusciti a raggiungere l\u2019obiettivo di avere un\u2019amministrazione anzich\u00e9 un anno di commissariamento. Questo \u00e8 un dato molto positivo&#8221;.<\/em><\/p>\n<p>&nbsp;<\/p>\n<p>&nbsp;<\/p>\n<p>&nbsp;<\/p>\n<hr \/>\n<p>&nbsp;<\/p>\n<p>&nbsp;<\/p>\n<blockquote>\n<h2><span style=\"color: #ff00ff;\"><strong>RIBALTONE A CORTINA, VINCE LORENZI, SCHIACCIATO GHEDINA<\/strong><\/span><\/h2>\n<\/blockquote>\n<p><strong>CORTINA\u00a0 \u00a0affluenza 56,97% precedente 56,21%\u00a0 \u00a0 <\/strong><\/p>\n<p><em><strong>i conteggi danno in ampio vantaggio il candidato di\u00a0Vivere Cortina Gianluca Lorenzi.\u00a0<\/strong><\/em><\/p>\n<p><strong>Gianluca Lorenzi Vivere Cortina\u00a0 \u00a0 \u00a0 \u00a0 \u00a0 \u00a0 \u00a0 \u00a0 \u00a0 \u00a0 \u00a0 \u00a0 \u00a01044\u00a0 VOTI (8 SEGGI) 37.06%<span style=\"color: #ff0000;\"> SINDACO\u00a0<\/span><\/strong><\/p>\n<p><strong>Gianpietro Ghedina<\/strong> Sistema Cortina\u00a0 \u00a0 \u00a0 \u00a0 \u00a0 \u00a0 \u00a0 \u00a0 \u00a0 \u00a0690 VOTI 24,49% (1 SEGGIO)<\/p>\n<p><strong>Roberta De Zanna<\/strong> Cortina Bene Comune\u00a0 \u00a0 \u00a0 \u00a0 \u00a0 \u00a0 627 VOTI 22,26% (1 SEGGIO)<\/p>\n<p><strong>Roberto Pompanin<\/strong> #cortinanostra\u00a0 \u00a0 \u00a0 \u00a0 \u00a0 \u00a0 \u00a0 \u00a0 \u00a0 \u00a0 \u00a0 \u00a0456 VOTI 16,19% (1 SEGGIO)<\/p>\n<div dir=\"auto\"><\/div>\n\n\t\t\t<style type='text\/css'>\n\t\t\t\t#gallery-6 {\n\t\t\t\t\tmargin: auto;\n\t\t\t\t}\n\t\t\t\t#gallery-6 .gallery-item {\n\t\t\t\t\tfloat: left;\n\t\t\t\t\tmargin-top: 10px;\n\t\t\t\t\ttext-align: center;\n\t\t\t\t\twidth: 25%;\n\t\t\t\t}\n\t\t\t\t#gallery-6 img {\n\t\t\t\t\tborder: 2px solid #cfcfcf;\n\t\t\t\t}\n\t\t\t\t#gallery-6 .gallery-caption {\n\t\t\t\t\tmargin-left: 0;\n\t\t\t\t}\n\t\t\t\t\/* see gallery_shortcode() in wp-includes\/media.php *\/\n\t\t\t<\/style>\n\t\t<div id='gallery-6' class='dt-gallery-container gallery galleryid-281233 gallery-columns-4 gallery-size-thumbnail'><dl class='gallery-item'>\n\t\t\t\t<dt class='gallery-icon landscape'>\n\t\t\t\t\t<a class=\"rollover rollover-zoom dt-pswp-item\" title=\"Gianluca Lorenzi Cortina\" data-dt-img-description=\"\" data-large_image_width=\"457\" data-large_image_height=\"377\"href='https:\/\/www.radiopiu.net\/wordpress\/wp-content\/uploads\/2022\/06\/Gianluca-Lorenzi-Cortina.jpg'><img loading=\"lazy\" decoding=\"async\" width=\"150\" height=\"150\" src=\"https:\/\/www.radiopiu.net\/wordpress\/wp-content\/uploads\/2022\/06\/Gianluca-Lorenzi-Cortina-150x150.jpg\" class=\"attachment-thumbnail size-thumbnail\" alt=\"\" aria-describedby=\"gallery-6-281266\" \/><\/a>\n\t\t\t\t<\/dt>\n\t\t\t\t\t<dd class='wp-caption-text gallery-caption' id='gallery-6-281266'>\n\t\t\t\t\tGIANLUCA LORENZI\n\t\t\t\t\t<\/dd><\/dl><dl class='gallery-item'>\n\t\t\t\t<dt class='gallery-icon portrait'>\n\t\t\t\t\t<a class=\"rollover rollover-zoom dt-pswp-item\" title=\"Gianpietro Ghedina cortina\" data-dt-img-description=\"\" data-large_image_width=\"600\" data-large_image_height=\"650\"href='https:\/\/www.radiopiu.net\/wordpress\/wp-content\/uploads\/2022\/06\/Gianpietro-Ghedina-cortina.png'><img loading=\"lazy\" decoding=\"async\" width=\"150\" height=\"150\" src=\"https:\/\/www.radiopiu.net\/wordpress\/wp-content\/uploads\/2022\/06\/Gianpietro-Ghedina-cortina-150x150.png\" class=\"attachment-thumbnail size-thumbnail\" alt=\"\" aria-describedby=\"gallery-6-281265\" \/><\/a>\n\t\t\t\t<\/dt>\n\t\t\t\t\t<dd class='wp-caption-text gallery-caption' id='gallery-6-281265'>\n\t\t\t\t\tGIANPIETRO GHEDINA\n\t\t\t\t\t<\/dd><\/dl><dl class='gallery-item'>\n\t\t\t\t<dt class='gallery-icon landscape'>\n\t\t\t\t\t<a class=\"rollover rollover-zoom dt-pswp-item\" title=\"Roberta De Zanna Cortina\" data-dt-img-description=\"\" data-large_image_width=\"494\" data-large_image_height=\"460\"href='https:\/\/www.radiopiu.net\/wordpress\/wp-content\/uploads\/2022\/06\/Roberta-De-Zanna-Cortina.png'><img loading=\"lazy\" decoding=\"async\" width=\"150\" height=\"150\" src=\"https:\/\/www.radiopiu.net\/wordpress\/wp-content\/uploads\/2022\/06\/Roberta-De-Zanna-Cortina-150x150.png\" class=\"attachment-thumbnail size-thumbnail\" alt=\"\" aria-describedby=\"gallery-6-281268\" \/><\/a>\n\t\t\t\t<\/dt>\n\t\t\t\t\t<dd class='wp-caption-text gallery-caption' id='gallery-6-281268'>\n\t\t\t\t\tROBERTA DE ZANNA\n\t\t\t\t\t<\/dd><\/dl><dl class='gallery-item'>\n\t\t\t\t<dt class='gallery-icon portrait'>\n\t\t\t\t\t<a class=\"rollover rollover-zoom dt-pswp-item\" title=\"Roberto Pompanin Cortina\" data-dt-img-description=\"\" data-large_image_width=\"291\" data-large_image_height=\"382\"href='https:\/\/www.radiopiu.net\/wordpress\/wp-content\/uploads\/2022\/06\/Roberto-Pompanin-Cortina.jpg'><img loading=\"lazy\" decoding=\"async\" width=\"150\" height=\"150\" src=\"https:\/\/www.radiopiu.net\/wordpress\/wp-content\/uploads\/2022\/06\/Roberto-Pompanin-Cortina-150x150.jpg\" class=\"attachment-thumbnail size-thumbnail\" alt=\"\" aria-describedby=\"gallery-6-281267\" \/><\/a>\n\t\t\t\t<\/dt>\n\t\t\t\t\t<dd class='wp-caption-text gallery-caption' id='gallery-6-281267'>\n\t\t\t\t\tROBERTO POMPANIN\n\t\t\t\t\t<\/dd><\/dl><br style=\"clear: both\" \/>\n\t\t\t<\/div>\n\n<hr \/>\n<p>&nbsp;<\/p>\n<p>&nbsp;<\/p>\n<blockquote>\n<h2><span style=\"color: #ff00ff;\">FALCADE, NESSUNA SORPRESA, VINCE SALVATERRA IL 14% ALLA CIVETTA<\/span><\/h2>\n<\/blockquote>\n<p><strong><a class=\"dt-pswp-item\" href=\"https:\/\/www.radiopiu.net\/wordpress\/wp-content\/uploads\/2022\/06\/114befa8-746c-4ccd-8493-fdf5865dc3d8.jpg\" data-dt-img-description=\"\" data-large_image_width=\"1599\" data-large_image_height=\"1200\"><img loading=\"lazy\" decoding=\"async\" class=\"alignnone wp-image-281424 size-full\" src=\"https:\/\/www.radiopiu.net\/wordpress\/wp-content\/uploads\/2022\/06\/114befa8-746c-4ccd-8493-fdf5865dc3d8.jpg\" alt=\"\" width=\"1599\" height=\"1200\" srcset=\"https:\/\/www.radiopiu.net\/wordpress\/wp-content\/uploads\/2022\/06\/114befa8-746c-4ccd-8493-fdf5865dc3d8.jpg 1599w, https:\/\/www.radiopiu.net\/wordpress\/wp-content\/uploads\/2022\/06\/114befa8-746c-4ccd-8493-fdf5865dc3d8-300x225.jpg 300w, https:\/\/www.radiopiu.net\/wordpress\/wp-content\/uploads\/2022\/06\/114befa8-746c-4ccd-8493-fdf5865dc3d8-1024x768.jpg 1024w, https:\/\/www.radiopiu.net\/wordpress\/wp-content\/uploads\/2022\/06\/114befa8-746c-4ccd-8493-fdf5865dc3d8-768x576.jpg 768w, https:\/\/www.radiopiu.net\/wordpress\/wp-content\/uploads\/2022\/06\/114befa8-746c-4ccd-8493-fdf5865dc3d8-1536x1153.jpg 1536w\" sizes=\"auto, (max-width: 1599px) 100vw, 1599px\" \/><\/a>FALCADE affluenza 39,41% precedente 51%<\/strong><\/p>\n<p><strong>Mauro Salvaterra Falcade 2032\u00a0 \u00a0 \u00a0 \u00a0 \u00a0\u00a0 \u00a0 \u00a0 \u00a0 643 voti (7 SEGGI) 85,51%\u00a0 <span style=\"color: #ff0000;\">SINDACO<\/span><\/strong><\/p>\n<p><em>Alvise Luchetta 91, Flavio Murer 53, Stefano Scardanzan 37, Fulvio Valt 28, Federico Costa 20, Isabel Ganz, Jessica Secchi e\u00a0 Alessio Valt 17.<\/em><\/p>\n<p>Axel De Pellegrini Insieme Per Il Paese\u00a0 \u00a0 \u00a0109 voti (3 SEGGI) 14,5%<br \/>\n<em>Herman\u00a0 Follador 32, Vania\u00a0 Savio 13, Ilario Tomaselli\u00a0 2, Lara Frescura 1<\/em><\/p>\n<p>&nbsp;<\/p>\n\n\t\t\t<style type='text\/css'>\n\t\t\t\t#gallery-7 {\n\t\t\t\t\tmargin: auto;\n\t\t\t\t}\n\t\t\t\t#gallery-7 .gallery-item {\n\t\t\t\t\tfloat: left;\n\t\t\t\t\tmargin-top: 10px;\n\t\t\t\t\ttext-align: center;\n\t\t\t\t\twidth: 50%;\n\t\t\t\t}\n\t\t\t\t#gallery-7 img {\n\t\t\t\t\tborder: 2px solid #cfcfcf;\n\t\t\t\t}\n\t\t\t\t#gallery-7 .gallery-caption {\n\t\t\t\t\tmargin-left: 0;\n\t\t\t\t}\n\t\t\t\t\/* see gallery_shortcode() in wp-includes\/media.php *\/\n\t\t\t<\/style>\n\t\t<div id='gallery-7' class='dt-gallery-container gallery galleryid-281233 gallery-columns-2 gallery-size-thumbnail'><dl class='gallery-item'>\n\t\t\t\t<dt class='gallery-icon portrait'>\n\t\t\t\t\t<a class=\"rollover rollover-zoom dt-pswp-item\" title=\"MAURO SALVATERRA\" data-dt-img-description=\"\" data-large_image_width=\"1066\" data-large_image_height=\"1600\"href='https:\/\/www.radiopiu.net\/wordpress\/wp-content\/uploads\/2022\/05\/MAURO-SALVATERRA.jpg'><img loading=\"lazy\" decoding=\"async\" width=\"150\" height=\"150\" src=\"https:\/\/www.radiopiu.net\/wordpress\/wp-content\/uploads\/2022\/05\/MAURO-SALVATERRA-150x150.jpg\" class=\"attachment-thumbnail size-thumbnail\" alt=\"\" \/><\/a>\n\t\t\t\t<\/dt><\/dl><dl class='gallery-item'>\n\t\t\t\t<dt class='gallery-icon landscape'>\n\t\t\t\t\t<a class=\"rollover rollover-zoom dt-pswp-item\" title=\"AXEL PELLEGRINI\" data-dt-img-description=\"\" data-large_image_width=\"1024\" data-large_image_height=\"732\"href='https:\/\/www.radiopiu.net\/wordpress\/wp-content\/uploads\/2022\/05\/AXEL-PELLEGRINI.jpg'><img loading=\"lazy\" decoding=\"async\" width=\"150\" height=\"150\" src=\"https:\/\/www.radiopiu.net\/wordpress\/wp-content\/uploads\/2022\/05\/AXEL-PELLEGRINI-150x150.jpg\" class=\"attachment-thumbnail size-thumbnail\" alt=\"\" aria-describedby=\"gallery-7-275748\" \/><\/a>\n\t\t\t\t<\/dt>\n\t\t\t\t\t<dd class='wp-caption-text gallery-caption' id='gallery-7-275748'>\n\t\t\t\t\tAXEL DE PELLEGRINI\n\t\t\t\t\t<\/dd><\/dl><br style=\"clear: both\" \/>\n\t\t\t<\/div>\n\n<p>&nbsp;<\/p>\n<p>&nbsp;<\/p>\n<hr \/>\n<p>&nbsp;<\/p>\n<p>&nbsp;<\/p>\n<blockquote>\n<h2><span style=\"color: #ff00ff;\">NICOLA VIECELI IN TRIONFO A SAN GREGORIO NELLE ALPI<\/span><\/h2>\n<\/blockquote>\n<p><strong>SAN GREGORIO NELLE ALPI affluenza 45,17 precedente 50,3<\/strong><\/p>\n<p><strong><a class=\"dt-pswp-item\" href=\"https:\/\/www.radiopiu.net\/wordpress\/wp-content\/uploads\/2022\/06\/NIOCLA-VIECELI-SAN-GREGORIO.png\" data-dt-img-description=\"\" data-large_image_width=\"1064\" data-large_image_height=\"1262\"><img loading=\"lazy\" decoding=\"async\" class=\" wp-image-281310 alignleft\" src=\"https:\/\/www.radiopiu.net\/wordpress\/wp-content\/uploads\/2022\/06\/NIOCLA-VIECELI-SAN-GREGORIO-150x150.png\" alt=\"\" width=\"83\" height=\"83\" \/><\/a>NICOLA VIECELI VOTI 511 (7 SEGGI)\u00a0 58,67%<span style=\"color: #ff0000;\"> SINDACO<\/span><\/strong><\/p>\n<p>FRANCESCA MAROTTA\u00a0 259 VOTI\u00a0 (2 SEGGI) 29,7%<\/p>\n<p>MICHELE CAIADA 101 VOTI (1 SEGGIO) 11,6%<\/p>\n<p>&nbsp;<\/p>\n<p>&nbsp;<\/p>\n<p>&nbsp;<\/p>\n<hr \/>\n<p>&nbsp;<\/p>\n<p>&nbsp;<\/p>\n<blockquote>\n<h2><span style=\"color: #ff00ff;\">AURONZO NON VUOLE LA BECHER, PREFERISCE VECELLIO GALENO<\/span><\/h2>\n<\/blockquote>\n<p><strong>AURONZO affluenza 57,81% precedente 61,45%<\/strong><\/p>\n<p><strong><a class=\"dt-pswp-item\" href=\"https:\/\/www.radiopiu.net\/wordpress\/wp-content\/uploads\/2022\/06\/DARIO-VECELIO-GALENO.png\" data-dt-img-description=\"\" data-large_image_width=\"196\" data-large_image_height=\"290\"><img loading=\"lazy\" decoding=\"async\" class=\"wp-image-281308 alignleft\" src=\"https:\/\/www.radiopiu.net\/wordpress\/wp-content\/uploads\/2022\/06\/DARIO-VECELIO-GALENO-150x150.png\" alt=\"\" width=\"96\" height=\"96\" \/><\/a>Dario Vecellio Galeno\u00a0 \u00a01242 voti 74,3% (8 SEGGI) <span style=\"color: #ff0000;\">SINDACO<\/span><\/strong><\/p>\n<p>Tatiana Pais Becher\u00a0 \u00a0 \u00a0 430\u00a0 voti 25,7% (4 SEGGI)<\/p>\n<p>&nbsp;<\/p>\n<p>&nbsp;<\/p>\n<p>&nbsp;<\/p>\n<p>&nbsp;<\/p>\n<hr \/>\n<p>&nbsp;<\/p>\n<p>&nbsp;<\/p>\n<blockquote>\n<h2><span style=\"color: #ff00ff;\">SETTE SEGGI PER GIANNI BURIGO AL TERZO\u00a0 MANDATO<\/span><\/h2>\n<\/blockquote>\n<p><strong><a class=\"dt-pswp-item\" href=\"https:\/\/www.radiopiu.net\/wordpress\/wp-content\/uploads\/2022\/06\/th-6.jpg\" data-dt-img-description=\"\" data-large_image_width=\"316\" data-large_image_height=\"177\"><img loading=\"lazy\" decoding=\"async\" class=\"wp-image-281273 alignleft\" src=\"https:\/\/www.radiopiu.net\/wordpress\/wp-content\/uploads\/2022\/06\/th-6-150x150.jpg\" alt=\"\" width=\"76\" height=\"76\" \/><\/a>SOVERZENE affluenza 21,13% precedente 23,88%\u00a0<\/strong><\/p>\n<p><strong>GIANNI BURIGO\u00a0 \u00a0 \u00a0189 VOTI, 84,4%\u00a0 (7 SEGGI) <span style=\"color: #ff0000;\">SINDACO<\/span><\/strong><\/p>\n<p>ADRIANO ZOLDAN\u00a0 \u00a0 35 VOTI 15,6% (3 SEGGI)<\/p>\n<p>&nbsp;<\/p>\n<p>&nbsp;<\/p>\n<hr \/>\n<p>&nbsp;<\/p>\n<p>&nbsp;<\/p>\n<blockquote>\n<h2><span style=\"color: #ff00ff;\">IL GIOVANE LORIS MACCAGNAN,\u00a0 S&#8217;IMPONE SU CORINNE LARGO E GINO PANTE<\/span><\/h2>\n<\/blockquote>\n<p><strong>LAMON affluenza 35,28% precedente 45,24%<\/strong><\/p>\n<p><strong><a class=\"dt-pswp-item\" href=\"https:\/\/www.radiopiu.net\/wordpress\/wp-content\/uploads\/2022\/06\/safe_image.jpg\" data-dt-img-description=\"\" data-large_image_width=\"500\" data-large_image_height=\"261\"><img loading=\"lazy\" decoding=\"async\" class=\" wp-image-281303 alignleft\" src=\"https:\/\/www.radiopiu.net\/wordpress\/wp-content\/uploads\/2022\/06\/safe_image-150x150.jpg\" alt=\"\" width=\"104\" height=\"104\" \/><\/a>LORIS MACCAGNAN 637 VOTI 45,2% (8 SEGGI)<span style=\"color: #ff0000;\"> SINDACO<\/span><\/strong><\/p>\n<p>CORINNA LARGO 406 VOTI 28,84% (2 SEGGI)<\/p>\n<p>GINO PANTE 365 VOTI 25,92% (2 SEGGI)<\/p>\n<p>&nbsp;<\/p>\n<p>&nbsp;<\/p>\n<p>&nbsp;<\/p>\n<p>&nbsp;<\/p>\n<hr \/>\n<p>&nbsp;<\/p>\n<blockquote>\n<h2><\/h2>\n<h2><strong>ELEZIONI COMUNALI, AFFLUENZA ALLE URNE<\/strong><\/h2>\n<\/blockquote>\n<p>AURONZO <strong>57,81%<\/strong> BELLUNO\u00a0 46,53% CESIOMAGGIORE 51,66% CORTINA 56,97%, FALCADE 39,41%, FELTRE 46,32%, FONZASO 43,14 %, LAMON 35,28% RIVAMONTE 54,65%, SAN GREGORIO 45,17% SOVERZENE <span style=\"color: #ff0000;\">21,13%<\/span>, TAMBRE 54,97%. TOTALE PROVINCIA 46,70%.<\/p>\n<blockquote><p><span style=\"color: #ff00ff;\"><strong>cinque referendum sulla giustizia che, con una affluenza pari al 21%, non hanno raggiunto il quorum necessario e di conseguenza sono stati invalidati<\/strong><\/span><\/p><\/blockquote>\n<p><span style=\"color: #0000ff;\"><strong>L&#8217;INVITO A RIFLETTERE DEL MINISTRO FEDERICO D&#8217;INCA&#8217;<\/strong><\/span> <em>&#8220;Questa tornata elettorale, che ha visto i cittadini chiamati alle urne per esprimersi sui 5 quesiti referendari sulla giustizia e per rinnovare le amministrazioni comunali in moltissime citt\u00e0, ha purtroppo confermato la tendenza sull&#8217;astensionismo Tutte le forze politiche hanno l&#8217;obbligo di portare avanti una riflessione profonda, cos\u00ec come \u00e8 necessario fare una profonda analisi sull&#8217;utilizzo degli strumenti referendari. Ci sono ragioni culturali e politiche ineludibili che vanno affrontate ora, accanto all&#8217;impegno per rimuovere tutti gli ostacoli che impediscono una piena partecipazione&#8221;<\/em><\/p>\n<p>&nbsp;<\/p>\n<p>&nbsp;<\/p>\n<hr \/>\n<p>&nbsp;<\/p>\n","protected":false},"excerpt":{"rendered":"<p>Ancora una sezione mentre la campana batte i dodici rintocchi e l&#8217;aggiornamento \u00e8 delle 23.47: Oscar De Pellegrin 50,9% Giuseppe Vignato 30,5%. Ben oltre la mezzanotte, l&#8217;ultima carrellata di numeri che sanciscono la vittoria di Oscar De Pellegrin,\u00a0 primo cittadino di Belluno. Per Oscar l&#8217;ultima emozione dell&#8217;elenco infinito degli ultimi due giorni. AI MICROFONI DI&hellip;<\/p>\n","protected":false},"author":4,"featured_media":281482,"comment_status":"closed","ping_status":"closed","sticky":false,"template":"","format":"standard","meta":{"_monsterinsights_skip_tracking":false,"_monsterinsights_sitenote_active":false,"_monsterinsights_sitenote_note":"","_monsterinsights_sitenote_category":0,"footnotes":""},"categories":[104,49],"tags":[],"class_list":["post-281233","post","type-post","status-publish","format-standard","has-post-thumbnail","hentry","category-evidenza_3","category-news-18","category-104","category-49","description-off"],"img_url":"https:\/\/www.radiopiu.net\/wordpress\/wp-content\/uploads\/2022\/06\/287918520_5659023240774324_7988220273381710946_n.jpg","_links":{"self":[{"href":"https:\/\/www.radiopiu.net\/wordpress\/wp-json\/wp\/v2\/posts\/281233","targetHints":{"allow":["GET"]}}],"collection":[{"href":"https:\/\/www.radiopiu.net\/wordpress\/wp-json\/wp\/v2\/posts"}],"about":[{"href":"https:\/\/www.radiopiu.net\/wordpress\/wp-json\/wp\/v2\/types\/post"}],"author":[{"embeddable":true,"href":"https:\/\/www.radiopiu.net\/wordpress\/wp-json\/wp\/v2\/users\/4"}],"replies":[{"embeddable":true,"href":"https:\/\/www.radiopiu.net\/wordpress\/wp-json\/wp\/v2\/comments?post=281233"}],"version-history":[{"count":0,"href":"https:\/\/www.radiopiu.net\/wordpress\/wp-json\/wp\/v2\/posts\/281233\/revisions"}],"wp:featuredmedia":[{"embeddable":true,"href":"https:\/\/www.radiopiu.net\/wordpress\/wp-json\/wp\/v2\/media\/281482"}],"wp:attachment":[{"href":"https:\/\/www.radiopiu.net\/wordpress\/wp-json\/wp\/v2\/media?parent=281233"}],"wp:term":[{"taxonomy":"category","embeddable":true,"href":"https:\/\/www.radiopiu.net\/wordpress\/wp-json\/wp\/v2\/categories?post=281233"},{"taxonomy":"post_tag","embeddable":true,"href":"https:\/\/www.radiopiu.net\/wordpress\/wp-json\/wp\/v2\/tags?post=281233"}],"curies":[{"name":"wp","href":"https:\/\/api.w.org\/{rel}","templated":true}]}}