{"id":281293,"date":"2022-06-13T16:11:58","date_gmt":"2022-06-13T14:11:58","guid":{"rendered":"https:\/\/www.radiopiu.net\/wordpress\/?p=281293"},"modified":"2022-06-13T16:11:58","modified_gmt":"2022-06-13T14:11:58","slug":"collage-operazione-nostalgia-la-terza-serie-volge-al-termine","status":"publish","type":"post","link":"https:\/\/www.radiopiu.net\/wordpress\/collage-operazione-nostalgia-la-terza-serie-volge-al-termine\/","title":{"rendered":"COLLAGE OPERAZIONE NOSTALGIA. LA TERZA SERIE VOLGE AL TERMINE"},"content":{"rendered":"<p><strong><a class=\"dt-pswp-item\" href=\"https:\/\/www.radiopiu.net\/wordpress\/wp-content\/uploads\/2022\/06\/vinile.jpg\" data-dt-img-description=\"\" data-large_image_width=\"1920\" data-large_image_height=\"1280\"><img loading=\"lazy\" decoding=\"async\" class=\"size-thumbnail wp-image-281294 alignleft\" src=\"https:\/\/www.radiopiu.net\/wordpress\/wp-content\/uploads\/2022\/06\/vinile-150x150.jpg\" alt=\"\" width=\"150\" height=\"150\" \/><\/a>di Loris Scussel<\/strong><\/p>\n<p>Ultima settimana della terza serie di Collage andata in onda da maggio 2021 ad oggi, con quella di venerd\u00ec saranno 630 le puntate trasmesse. Anche stavolta si alterneranno brani italiani ed internazionali pi\u00f9 o meno noti e venerd\u00ec in chiusura di settimana dedicheremo la puntata ai cantautori di casa nostra. A questo punto il programma si prender\u00e0 una pausa per ritornare in autunno con nuove puntate con l&#8217;obiettivo di raggiungere quota 1.000. Cosa potremo ascoltare al posto di Collage? Le repliche di Collage che ci terranno compagnia fino a fine estate. Collage va in onda dal luned\u00ec al venerd\u00ec alle 16,00 e alle 23,00 naturalmente su Radio Pi\u00f9.<\/p>\n<p>&nbsp;<\/p>\n<p>&nbsp;<\/p>\n<p>*****<\/p>\n","protected":false},"excerpt":{"rendered":"<p>di Loris Scussel Ultima settimana della terza serie di Collage andata in onda da maggio 2021 ad oggi, con quella di venerd\u00ec saranno 630 le puntate trasmesse. Anche stavolta si alterneranno brani italiani ed internazionali pi\u00f9 o meno noti e venerd\u00ec in chiusura di settimana dedicheremo la puntata ai cantautori di casa nostra. A questo&hellip;<\/p>\n","protected":false},"author":4,"featured_media":281294,"comment_status":"closed","ping_status":"closed","sticky":false,"template":"","format":"standard","meta":{"_monsterinsights_skip_tracking":false,"_monsterinsights_sitenote_active":false,"_monsterinsights_sitenote_note":"","_monsterinsights_sitenote_category":0,"footnotes":""},"categories":[49],"tags":[],"class_list":["post-281293","post","type-post","status-publish","format-standard","has-post-thumbnail","hentry","category-news-18","category-49","description-off"],"img_url":"https:\/\/www.radiopiu.net\/wordpress\/wp-content\/uploads\/2022\/06\/vinile.jpg","_links":{"self":[{"href":"https:\/\/www.radiopiu.net\/wordpress\/wp-json\/wp\/v2\/posts\/281293","targetHints":{"allow":["GET"]}}],"collection":[{"href":"https:\/\/www.radiopiu.net\/wordpress\/wp-json\/wp\/v2\/posts"}],"about":[{"href":"https:\/\/www.radiopiu.net\/wordpress\/wp-json\/wp\/v2\/types\/post"}],"author":[{"embeddable":true,"href":"https:\/\/www.radiopiu.net\/wordpress\/wp-json\/wp\/v2\/users\/4"}],"replies":[{"embeddable":true,"href":"https:\/\/www.radiopiu.net\/wordpress\/wp-json\/wp\/v2\/comments?post=281293"}],"version-history":[{"count":0,"href":"https:\/\/www.radiopiu.net\/wordpress\/wp-json\/wp\/v2\/posts\/281293\/revisions"}],"wp:featuredmedia":[{"embeddable":true,"href":"https:\/\/www.radiopiu.net\/wordpress\/wp-json\/wp\/v2\/media\/281294"}],"wp:attachment":[{"href":"https:\/\/www.radiopiu.net\/wordpress\/wp-json\/wp\/v2\/media?parent=281293"}],"wp:term":[{"taxonomy":"category","embeddable":true,"href":"https:\/\/www.radiopiu.net\/wordpress\/wp-json\/wp\/v2\/categories?post=281293"},{"taxonomy":"post_tag","embeddable":true,"href":"https:\/\/www.radiopiu.net\/wordpress\/wp-json\/wp\/v2\/tags?post=281293"}],"curies":[{"name":"wp","href":"https:\/\/api.w.org\/{rel}","templated":true}]}}