{"id":281464,"date":"2022-06-15T06:00:57","date_gmt":"2022-06-15T04:00:57","guid":{"rendered":"https:\/\/www.radiopiu.net\/wordpress\/?p=281464"},"modified":"2022-06-15T11:15:50","modified_gmt":"2022-06-15T09:15:50","slug":"giornale-radiopiu-15-giugno-2022-direttore-mirko-mezzacasa","status":"publish","type":"post","link":"https:\/\/www.radiopiu.net\/wordpress\/giornale-radiopiu-15-giugno-2022-direttore-mirko-mezzacasa\/","title":{"rendered":"GIORNALE RADIOPIU 15 GIUGNO 2022 DIRETTORE MIRKO MEZZACASA"},"content":{"rendered":"<p>&nbsp;<\/p>\n<h3 class=\"kvgmc6g5 cxmmr5t8 oygrvhab hcukyx3x c1et5uql\"><span style=\"color: #0000ff;\"><strong><a class=\"dt-pswp-item\" href=\"https:\/\/www.radiopiu.net\/wordpress\/wp-content\/uploads\/2021\/10\/9396bbfc-2818-4225-b55d-9a56c39206f1.jpg\" data-dt-img-description=\"\" data-large_image_width=\"1599\" data-large_image_height=\"899\"><img loading=\"lazy\" decoding=\"async\" class=\"size-thumbnail wp-image-237486 alignleft\" src=\"https:\/\/www.radiopiu.net\/wordpress\/wp-content\/uploads\/2021\/10\/9396bbfc-2818-4225-b55d-9a56c39206f1-150x150.jpg\" alt=\"\" width=\"150\" height=\"150\" \/><\/a>RADIO PIU INFORMAZIONE il canale su TELEGRAM informazione di prima\u00a0 <\/strong><\/span><span style=\"color: #0000ff;\"><strong>mano e in tempo reale. iscriviti ed aiutaci a farlo conoscere\u00a0\u00a0<\/strong><\/span><\/h3>\n<p>&nbsp;<\/p>\n<p>&nbsp;<\/p>\n<p>&nbsp;<\/p>\n<p><strong>DOLOMITIBUS&#8230; GUIDA IL TUO FUTURO, LO SPOT ALLA RADIO<\/strong><\/p>\n<audio class=\"wp-audio-shortcode\" id=\"audio-281464-1\" preload=\"none\" style=\"width: 100%;\" controls=\"controls\"><source type=\"audio\/mpeg\" src=\"https:\/\/www.radiopiu.net\/wordpress\/wp-content\/uploads\/2022\/06\/Spot_Academy_dolomiti-bus-0303.mp3?_=1\" \/><a href=\"https:\/\/www.radiopiu.net\/wordpress\/wp-content\/uploads\/2022\/06\/Spot_Academy_dolomiti-bus-0303.mp3\">https:\/\/www.radiopiu.net\/wordpress\/wp-content\/uploads\/2022\/06\/Spot_Academy_dolomiti-bus-0303.mp3<\/a><\/audio>\n<p>&nbsp;<\/p>\n<hr \/>\n<p>&nbsp;<\/p>\n<blockquote>\n<h3>SERVIZIO IDRICO, INTERRUZIONI A VALLADA E AGORDO<\/h3>\n<\/blockquote>\n<p><strong>VALLADA<\/strong> Gestione Servizi Pubblici informa che, per lavori alla rete idrica comunale, oggi dalle 8 a FINE LAVORI verr\u00e0 sospesa l\u2019erogazione dell\u2019acqua nel COMUNE DI VALLADA AGORDINA, nelle Vie Sacchet, Celat, Mas e in Localit\u00e0 Val.<\/p>\n<p><strong>AGORDO<\/strong> Domani dalle 13 alle 18 e venerdi dalle 8 alle 18 potrebbe mancare l&#8217;acqua nel comune di AGORDO, in LOC. GIOVE.<\/p>\n<blockquote>\n<h3>STRADA CHIUSA TRA CROSTOLIN E LE RONCHE<\/h3>\n<\/blockquote>\n<p><strong>LA VALLE AGORDINA<\/strong> Sono iniziati i lavori sul Ponte &#8220;Del Felice&#8221; tra Crostolin e Le Ronche: chiusura della strada\u00a0 fino al 20 giugno per consentire alla ditta incaricata di effettuare le opere,\u00a0 interdizione totale al transito veicolare e pedonale.<\/p>\n<blockquote>\n<h2><span dir=\"ltr\" role=\"presentation\">Divieto di circolazione in via Giovanni Moro<\/span><\/h2>\n<\/blockquote>\n<p><span dir=\"ltr\" role=\"presentation\"><strong>BELLUNO<\/strong> Divieto<\/span> <span dir=\"ltr\" role=\"presentation\">di <\/span><span dir=\"ltr\" role=\"presentation\">circolazione veicolare in via Giovanni Moro, nel tratto di strada compreso <\/span><span dir=\"ltr\" role=\"presentation\">tra i civici 3 e 5\/A, nei giorni 15 e 16 giugno, dalle ore 8.30 ore 17.30 di <\/span><span dir=\"ltr\" role=\"presentation\">ciascuna giornata<\/span><\/p>\n<p>&nbsp;<\/p>\n<hr \/>\n<p>&nbsp;<\/p>\n<blockquote>\n<h3>SAN TOMASO: CADE DA UNA SCALA E VIENE TROVATO SENZA VITA DALLA COMPAGNA<\/h3>\n<\/blockquote>\n<p><strong><img loading=\"lazy\" decoding=\"async\" class=\"alignleft\" src=\"https:\/\/www.radiopiu.net\/wordpress\/wp-content\/uploads\/2022\/06\/giacomo.jpg\" width=\"252\" height=\"222\" \/>SAN TOMASO<\/strong> Atteso per pranzo a casa a mezzogiorno, quando non si \u00e8 presentato la compagna, Ester \u00e8 uscita a chiamarlo, per poi andarlo a cercare nei dintorni, e lo ha ritrovato a terra esanime, al limitare del bosco, caduto a terra da una scala. Verso le 13.15 di ieri la Centrale del Suem ha richiesto l&#8217;intervento del Soccorso Alpino della Val Biois, in supporto all&#8217;ambulanza, poich\u00e9 la casa in frazione Colar\u00f9 \u00e8 abbastanza isolata e non raggiungibile dalla strada. Gi\u00e0 sul posto, il personale medico aveva purtroppo tentato invano le manovre di rianimazione, arrivando a constatare il decesso di Luciano Ongaro, 68 anni pensionato, gi\u00e0 dipendente dei servizi forestali e un passato in giro per il mondo con la ditta Emilio Fochi. Da una prima ricostruzione, l&#8217;uomo era salito diversi metri su una scala appoggiata a un faggio nel tentativo di staccare un ramo secco con un cordino, quando era caduto a terra. Ottenuto il nulla osta dalla magistratura per la rimozione, i soccorritori hanno caricato la salma sulla barella e la hanno trasportata fino alla strada che da Avoscan porta a San Tomaso, per affidarla al carro funebre. (foto Giacomo Soppelsa, pagina facebook)<\/p>\n<p><strong>DALLA PAGINA FACEBOOK<\/strong> Quelli che sono dipendenti ex Fochi \u00a0<a class=\"oajrlxb2 g5ia77u1 qu0x051f esr5mh6w e9989ue4 r7d6kgcz rq0escxv nhd2j8a9 nc684nl6 p7hjln8o kvgmc6g5 cxmmr5t8 oygrvhab hcukyx3x jb3vyjys rz4wbd8a qt6c0cv9 a8nywdso i1ao9s8h esuyzwwr f1sip0of lzcic4wl gpro0wi8 oo9gr5id lrazzd5p\" tabindex=\"0\" role=\"link\" href=\"https:\/\/www.facebook.com\/groups\/140797250021\/user\/100001479051943\/?__cft__[0]=AZXOL6_EgRn3BrQQIALraTEVx-9xZOk81li_zhOmvERHlkzuxLnguHGXX9Ya0dshMHOoLdvrRICkvQcW7Kt1C5dDZlYXyhevDmYl15AlHR0tu7IScreyJZbFwlbKUOxdAR-1q4f_idx2jndoJBgqaP_unMhcXIGm01Ck3qmD7MrROS5-TX_l0Ko7GVAPX3RhcHs&amp;__tn__=-UC%2CP-R\"><strong>Giacomo Soppelsa<\/strong><\/a> Cari amici , purtroppo altra brutta notizia oggi mentre stava tagliando la legna \u00e8 incorso in un incidente ed \u00e8 morto LUCIANO ONGARO &#8221; Luki &#8221; R.I.P.<\/p>\n<p><span class=\"\"><span class=\"nc684nl6\"><a class=\"oajrlxb2 g5ia77u1 qu0x051f esr5mh6w e9989ue4 r7d6kgcz rq0escxv nhd2j8a9 nc684nl6 p7hjln8o kvgmc6g5 cxmmr5t8 oygrvhab hcukyx3x jb3vyjys rz4wbd8a qt6c0cv9 a8nywdso i1ao9s8h esuyzwwr f1sip0of lzcic4wl gmql0nx0 gpro0wi8\" tabindex=\"0\" role=\"link\" href=\"https:\/\/www.facebook.com\/groups\/61488111720\/user\/100000732378073\/?__cft__[0]=AZUNneg5SAnHWE9XS-ShtRJv4kpJPkuccSxnbo1CzNvU6tHrNqqTKLTsSz__PK9Epy82O3HtpwRvkf8IIkfOTGTrl77aRMtTEQ2JGt4E67fkTdw0ZiWPJhYnF8Mv6ISBFE8n2-vQti6nqRcitAtI9pLkSFKDLQSZHr3_igMM8y-qz8qhvzSfk3pUgFdu-UQjkEQ&amp;__tn__=R]-R\"><span class=\"pq6dq46d\"><span class=\"d2edcug0 hpfvmrgz qv66sw1b c1et5uql lr9zc1uh a8c37x1j fe6kdd0r mau55g9w c8b282yb keod5gw0 nxhoafnm aigsh9s9 d9wwppkn mdeji52x e9vueds3 j5wam9gi lrazzd5p oo9gr5id\" dir=\"auto\">Laura Fossen<\/span><\/span><\/a> <\/span><\/span>\u00a0in questo momento penso al Luki di tanti anni fa&#8230;quante serate,\u00a0 allegria con te e la &#8221; combriccola&#8221;..tanta tristezza ora..chiss\u00e0 se potrai sentire tutto questo&#8230;Buon viaggio, amico dei migliori anni..riposa in pace.<\/p>\n<div class=\"oajrlxb2 g5ia77u1 qu0x051f esr5mh6w e9989ue4 r7d6kgcz rq0escxv nhd2j8a9 nc684nl6 p7hjln8o kvgmc6g5 cxmmr5t8 oygrvhab hcukyx3x jb3vyjys rz4wbd8a qt6c0cv9 a8nywdso i1ao9s8h esuyzwwr f1sip0of lzcic4wl gmql0nx0 gpro0wi8\" tabindex=\"0\" role=\"button\"><span class=\"pq6dq46d\"><span class=\"d2edcug0 hpfvmrgz qv66sw1b c1et5uql lr9zc1uh a8c37x1j fe6kdd0r mau55g9w c8b282yb keod5gw0 nxhoafnm aigsh9s9 d9wwppkn mdeji52x e9vueds3 j5wam9gi lrazzd5p oo9gr5id\" dir=\"auto\"><span style=\"color: #0000ff;\">Mario Valt<\/span> <\/span><\/span>Ciao Luky questa notizia mi rattrista, avevamo lavorato assieme alla costruzione della tangenziale, Sempre pronto ad insegnarmi qualcosa. Fai buon viaggio<\/div>\n<div tabindex=\"0\" role=\"button\"><\/div>\n<p>&nbsp;<\/p>\n<hr \/>\n<p>&nbsp;<\/p>\n<p>&nbsp;<\/p>\n<blockquote>\n<h3>E&#8217; MORTO GIANPIETRO MINELLA, SOCIO FONDATORE DELLA FAMIGLIA BELLUNESE DI BIENNE IN SVIZZERA<\/h3>\n<\/blockquote>\n<p><strong><a class=\"dt-pswp-item\" href=\"https:\/\/www.radiopiu.net\/wordpress\/wp-content\/uploads\/2022\/06\/Minella-Gianpietro.jpg\" data-dt-img-description=\"\" data-large_image_width=\"609\" data-large_image_height=\"902\"><img loading=\"lazy\" decoding=\"async\" class=\"alignleft wp-image-281581 \" src=\"https:\/\/www.radiopiu.net\/wordpress\/wp-content\/uploads\/2022\/06\/Minella-Gianpietro-203x300.jpg\" alt=\"\" width=\"97\" height=\"143\" srcset=\"https:\/\/www.radiopiu.net\/wordpress\/wp-content\/uploads\/2022\/06\/Minella-Gianpietro-203x300.jpg 203w, https:\/\/www.radiopiu.net\/wordpress\/wp-content\/uploads\/2022\/06\/Minella-Gianpietro.jpg 609w\" sizes=\"auto, (max-width: 97px) 100vw, 97px\" \/><\/a>BELLUNO<\/strong> Un nuovo lutto colpisce l\u2019Associazione Bellunesi nel Mondo. All\u2019et\u00e0 di 86 anni \u00e8 venuto a mancare Gianpietro Minella, socio fondatore e cassiere fino al 2021 della Famiglia Bellunese di Bienne (Svizzera). Nato a Formegan, Santa Giustina, fu il pi\u00f9 giovane di nove fratelli. Dopo le scuole obbligatorie impar\u00f2 il mestiere del muratore. A 17 anni part\u00ec per la Svizzera, dove raggiunse suo fratello che lavorava nell\u2019edilizia. Nel 1954 si spost\u00f2 a Br\u00fcgg e vi rimase per quarantaquattro anni lavorando nella stessa ditta come capo muratore. Nel 1965 si spos\u00f2 con Olga e da questa unione nacque la figlia Roberta. Nel 1968, con alcuni bellunesi del posto fond\u00f2 la Famiglia Bellunese di Bienne. Fece parte del comitato come segretario e cassiere fino 2021.<\/p>\n<p>&nbsp;<\/p>\n<p>&nbsp;<\/p>\n<p>&nbsp;<\/p>\n<hr \/>\n<p>&nbsp;<\/p>\n<blockquote>\n<h3><img loading=\"lazy\" decoding=\"async\" class=\"alignleft\" src=\"https:\/\/www.radiopiu.net\/wordpress\/wp-content\/uploads\/2021\/08\/salt-2.jpg\" width=\"106\" height=\"80\" \/>MALORE IN MONTAGNA<\/h3>\n<\/blockquote>\n<p><strong>CORTINA\u00a0<\/strong> Alle 10 circa di ieri la Centrale del Suem \u00e8 stata allertata per un escursionista colto da malore, mentre con una comitiva stava salendo dal Col Gallina verso le Cinque Torri. H.K, 71 anni, di Valle Aurina (BZ), che faceva parte di un gruppo di 8 persone, \u00e8 stato raggiunto dall&#8217;elicottero del Suem di Pieve di Cadore lungo il sentiero numero 440, in localit\u00e0 Casonate, recuperato e trasportato all&#8217;ospedale di Belluno per gli accertamenti del caso.<\/p>\n<p>&nbsp;<\/p>\n<p>&nbsp;<\/p>\n<hr \/>\n<p>&nbsp;<\/p>\n<blockquote>\n<h3>MALORE PER UNA BAMBINA A FORCELLA AVERAU<\/h3>\n<\/blockquote>\n<p><strong><a class=\"dt-pswp-item\" href=\"https:\/\/www.radiopiu.net\/wordpress\/wp-content\/uploads\/2021\/08\/salt_20210824_122827_438.jpg\" data-dt-img-description=\"\" data-large_image_width=\"2364\" data-large_image_height=\"1773\"><img loading=\"lazy\" decoding=\"async\" class=\" wp-image-229324 alignleft\" src=\"https:\/\/www.radiopiu.net\/wordpress\/wp-content\/uploads\/2021\/08\/salt_20210824_122827_438-150x150.jpg\" alt=\"\" width=\"90\" height=\"90\" \/><\/a>CORTINA<\/strong> Ieri verso mezzogiorno il 118 \u00e8 stato attivato per una bambina tedesca di 11 anni, che si era sentita male, mentre con un gruppo di sette persone stava percorrendo il sentiero numero 441, che dal Falzarego porta al Rifugio Nuvolau. Le prime cure alla bimba sono state portate dall&#8217;equipe medica e dal tecnico di elisoccorso dell&#8217;elicottero del Suem di Pieve di Cadore, sbarcati nella zona di Forcella Averau. La bambina \u00e8 stata trasportata all&#8217;ospedale di Treviso.<\/p>\n<p>&nbsp;<\/p>\n<p>&nbsp;<\/p>\n<p>&nbsp;<\/p>\n<hr \/>\n<p>&nbsp;<\/p>\n<blockquote>\n<h3><img loading=\"lazy\" decoding=\"async\" class=\"alignleft\" src=\"https:\/\/www.radiopiu.net\/wordpress\/wp-content\/uploads\/2020\/11\/GOSALDO.jpg\" width=\"136\" height=\"77\" \/>RIVAMONTE-GOSALDO, 15 GIORNI A SINGHIOZZO, CHIUSURE PROLUNGATE<\/h3>\n<\/blockquote>\n<p><strong>SP3 VAL IMPERINA<\/strong>\u00a0 In Comune di Gosaldo dal 15 giugno al 1 luglio &#8211; festivi e prefestivi esclusi &#8211; interdizione totale al traffico a fasce orarie: dalle 8 alle 10, dalle 10.15 alle 12.30 dalle 13.30 alle 16 dalle 16.15 alle 17.30. Durante le aperture senso unico alternato. Alternativa la 347 Duran Cereda da Gosaldo.<\/p>\n<p>&nbsp;<\/p>\n<hr \/>\n<p>&nbsp;<\/p>\n<blockquote>\n<h3>STALKER CONDANNATO A TRE ANNI, PERSEGUITAVA LA EX E IL COMPAGNO<\/h3>\n<\/blockquote>\n<div class=\"articlePlainSubHead\"><strong>OGGI SUL CORRIERE DELLE ALPI<\/strong><\/div>\n<div>DI CRISTINA CONTENTO<\/div>\n<div><\/div>\n<div><strong><img loading=\"lazy\" decoding=\"async\" class=\"alignleft\" src=\"https:\/\/www.radiopiu.net\/wordpress\/wp-content\/uploads\/2018\/10\/violenza.jpg\" width=\"271\" height=\"162\" \/>FELTRE<\/strong> Tre anni di condanna per lo stalking all&#8217;ex compagna. Sentenza pesante nei confronti di un 59enne che avrebbe reso la vita difficile all&#8217;ex convivente, al nuovo compagno di lei, e di riflesso ha scombinato anche quella del figlio dei due.La donna \u00e8 dovuta ricorrere a scaricare una App per cercare di capire a chi fossero intestati i numeri di telefono dai quali riceveva telefonate mute e cose simili per niente simpatiche. Alla fine c&#8217;\u00e8 riuscita e la seguente trafila giudiziaria ha portato alla sentenza di ieri emessa dal giudice Antonella Coniglio che ha triplicato la condanna a un anno chiesta dal pubblico ministero nella sua requisitoria. Tre anni quando la pubblica accusa ne chiedeva uno solo.L&#8217;imputato (difeso dall&#8217;avvocato Paolo Patelmo), \u00e8 stato condannato anche a un risarcimento di settemila euro alla parte civile (che si \u00e8 costituita con l&#8217;avvocato Patrizia Zannini) e oltre 3400 euro di spese legali alla stessa.<\/div>\n<div><\/div>\n<p>&nbsp;<\/p>\n<p>&nbsp;<\/p>\n<hr \/>\n<blockquote>\n<h3><\/h3>\n<h3>SABATO A CORTINA L&#8217;APPUNTAMENTO CON IL SOCCORSO ALPINO PER PARLARE DI MONTAGNA E SICUREZZA<\/h3>\n<\/blockquote>\n<p><strong><a class=\"dt-pswp-item\" href=\"https:\/\/www.radiopiu.net\/wordpress\/wp-content\/uploads\/2022\/04\/soccorso-alpino-1024x602-1.jpg\" data-dt-img-description=\"\" data-large_image_width=\"1024\" data-large_image_height=\"602\"><img loading=\"lazy\" decoding=\"async\" class=\"size-thumbnail wp-image-270917 alignleft\" src=\"https:\/\/www.radiopiu.net\/wordpress\/wp-content\/uploads\/2022\/04\/soccorso-alpino-1024x602-1-150x150.jpg\" alt=\"\" width=\"150\" height=\"150\" \/><\/a>BELLUNO <\/strong>La Direzione Nazionale del Soccorso Alpino e Speleologico ha organizzato sabato prossimo, 18 giugno, un evento a Cortina D\u2019Ampezzo con l\u2019obiettivo di coinvolgere in un incontro pubblico i principali attori istituzionali del soccorso in montagna e negli ambienti impervi del Paese. La manifestazione si terr\u00e0 fra la gente, in Corso Italia, in occasione della giornata nazionale Sicuri in Montagna, organizzata tradizionalmente ogni anno il terzo fine settimana di giugno.\u00a0 Una realt\u00e0 d\u2019eccellenza, quella del soccorso in montagna, che pone davvero l\u2019Italia al vertice, in questo particolare ambito, a livello internazionale. Sono infatti sicuramente pi\u00f9 di 15mila gli interventi di soccorso alpino che ogni anno impiegano le istituzioni del nostro Paese (10mila effettuati dal CNSAS): decine di migliaia le persone in pericolo salvate, con purtroppo un numero di vittime che ogni anno supera le 500 unit\u00e0.\u00a0 Il Soccorso Alpino ha voluto, per questa giornata dedicata alla sicurezza, dare vita a un incontro pubblico che inizier\u00e0 alle ore 16.00, presso La Conchiglia di Corso Italia (in caso di maltempo la sede sar\u00e0 spostata presso l\u2019Alexander Hall).\u00a0 Si parler\u00e0 soprattutto di prevenzione e collaborazione fra le istituzioni, all\u2019apertura di una stagione turistica che si preannuncia particolarmente effervescente. Parteciperanno autorit\u00e0 civili e militari, fra i quali: Fabrizio Curcio, capo dipartimento della Protezione Civile Nazionale, Roberto Chieppa, segretario generale della Presidenza del Consiglio dei Ministri, Guido Parisi, capo del Corpo Nazionale di Vigili del Fuoco, alti rappresentanti della Guardia di Finanza, delle Truppe Alpine, dell\u2019Aeronautica Militare, della Polizia di Stato. Oltre ad alcuni rappresentanti della Sanit\u00e0 delle Regioni, fra i quali Luciano Flor, capo dell\u2019Area Sanit\u00e0 e Sociale della Regione Veneto e Alberto Zoli, Direttore Generale di AREU Lombardia. Aprir\u00e0 l\u2019evento il Ministro per i rapporti con il Parlamento, Federico D\u2019Inc\u00e0.<\/p>\n<p>&nbsp;<\/p>\n<p>&nbsp;<\/p>\n<hr \/>\n<p>&nbsp;<\/p>\n<blockquote>\n<h3>SUEM 118, DUE ELICOTTERI IN SERVIZIO NEL BELLUNESE IN LUGLIO E AGOSTO<\/h3>\n<\/blockquote>\n<p><strong><a class=\"dt-pswp-item\" href=\"https:\/\/www.radiopiu.net\/wordpress\/wp-content\/uploads\/2022\/06\/WhatsApp-Image-2022-06-10-at-15.36.01.jpeg\" data-dt-img-description=\"\" data-large_image_width=\"1024\" data-large_image_height=\"768\"><img loading=\"lazy\" decoding=\"async\" class=\"size-thumbnail wp-image-280918 alignleft\" src=\"https:\/\/www.radiopiu.net\/wordpress\/wp-content\/uploads\/2022\/06\/WhatsApp-Image-2022-06-10-at-15.36.01-150x150.jpeg\" alt=\"\" width=\"150\" height=\"150\" \/><\/a>VENEZIA <\/strong>Salgono a due per questa estate gli elicotteri del Suem 118 per il servizio di emergenza-urgenza nell\u2019area montana delle Dolomiti bellunesi e dell\u2019Ulss 1 Dolomiti. Oltre a \u201cFalco\u201d, basato a Pieve di Cadore, per i mesi di luglio e agosto un secondo velivolo, basato a Cortina d\u2019Ampezzo, sar\u00e0 a disposizione per intervenire in un periodo di grande afflusso turistico sulla montagna veneta. La novit\u00e0 \u00e8 stata resa possibile dalle sinergie tra ULSS 1 Dolomiti, Dolomiti Emergency, Soccorso Alpino e CREU regionale, a luglio e agosto, in via sperimentale. Il velivolo sar\u00e0 dotato di equipaggio sanitario, messo a disposizione da Dolomiti Emergency. La II delegazione Dolomiti Bellunesi del Soccorso Alpino garantir\u00e0 la presenza di un tecnico di elisoccorso. Il servizio per ora in regime di sperimentazione sar\u00e0 attivo tutti i giorni per 12 ore. \u201c<em>E\u2019 una novit\u00e0 \u2013 dice il Presidente del Veneto \u2013 L\u2019elicottero sar\u00e0 attivato sempre dalla Centrale Operativa del SUEM 118, sulla base delle necessit\u00e0 e potr\u00e0 essere un valido supporto agli interventi in particolare nell\u2019alta provincia. Un lavoro ben fatto \u2013 conclude il Governatore \u2013 per il quale ringrazio la direttrice dell\u2019Ulss Dolomiti Maria Grazia Carraro, Dolomiti Emergency anche per l\u2019apporto economico, il Centro Regionale Emergenza Urgenza e l\u2019insostituibile Soccorso Alpino<\/em>\u201d.<\/p>\n<p>&nbsp;<\/p>\n<p><strong>IL COMMENTO DEL DIRETTORE GENERALE ULSS 1 DOLOMITI MARIA GRAZIA CARRARO, ALEX BARATTIN DELEGATO DEL SOCCORSO ALPINO E LAURA MENEGUS DI DOLOMITI EMERGENCY<\/strong><\/p>\n<p>\u00ab<em>Saluto con favore questa progettualit\u00e0 che ci consente di sperimentare, con la regia del 118, un modello di soccorso in montagna adatto a zone impervie con alta affluenza di persone in stagione, rendendo ancora pi\u00f9 performante la macchina dei soccorsi per chi sceglie la montagna per le proprie vacanze e attivit\u00e0 sportive<\/em>\u00bb, commenta il Direttore Generale dell\u2019ULSS Dolomiti Maria Grazia Carraro \u00ab<em>mi aggiungo al Presidente nel ringraziare il Centro Regionale Emergenza Urgenza per aver creduto in questa iniziativa, Dolomiti Emergency per averla resa possibile grazie ad un importante contributo economico e il Soccorso Alpino, sempre al nostro fianco. Raccomando prudenza: venite in montagna per rigenerarvi e godere della bellezza delle nostre Dolomiti ma facendo sempre attenzione alla sicurezza dei comportamenti, per non mettere a rischio chi ogni giorno dedica la propria vita ai soccorsi\u00bb. \u00abLa sinergia tra pubblico e privato ha consentito di realizzare un progetto da anni in cantiere: il mezzo aggiuntivo, che dovr\u00e0 essere utilizzato per reali necessit\u00e0 e non come un \u201ctaxi\u201d, deve essere visto come un bene preziosissimo per ottimizzare i soccorsi e i tempi di intervento, a supporto delle squadre di terra che quotidianamente operano per la salvaguardia degli utenti. Ringrazio Regione, CREU, Ulss e Dolomiti Emergency che hanno reso possibile questo sogno<\/em>\u00bb, commenta Alex Barattin, Delegato del Soccorso Alpino. \u00abSi realizza un progetto ideato dal gruppo di lavoro di Dolomiti Emergency (composto da Laura Menegus, Dimitri De Gol, Giovanni Cipolotti e Chiara Da Damos) per dare maggiore tutela al nostro territorio sia ai residenti sia ai turisti\u00bb spiega Laura Menegus presidente di Dolomiti Emergency \u00ab Ringrazio l\u2019Ulss, il CREU della Regione Veneto e il Soccorso Alpino per aver capito l\u2019importanza del nostro progetto ed averlo appoggiato\u00bb.<\/p>\n<p>&nbsp;<\/p>\n<p>&nbsp;<\/p>\n<hr \/>\n<p>&nbsp;<\/p>\n<blockquote>\n<h3>NUOVO INCONTRO SUL PIANO DEI LAVORI DELLA GALLERIA \u201cCOMELICO\u201d<\/h3>\n<\/blockquote>\n<p><strong><a class=\"dt-pswp-item\" href=\"https:\/\/www.radiopiu.net\/wordpress\/wp-content\/uploads\/2021\/02\/galleria-comelico.jpg\" data-dt-img-description=\"\" data-large_image_width=\"500\" data-large_image_height=\"594\"><img loading=\"lazy\" decoding=\"async\" class=\"size-thumbnail wp-image-192243 alignleft\" src=\"https:\/\/www.radiopiu.net\/wordpress\/wp-content\/uploads\/2021\/02\/galleria-comelico-150x150.jpg\" alt=\"\" width=\"150\" height=\"150\" \/><\/a>ROMA<\/strong> Si \u00e8 svolto ieri presso la Direzione Generale di Anas (Gruppo FS Italiane) l\u2019incontro tra i sindaci della Val Comelico e il Direttore Operation e Coordinamento Territoriale, Matteo Castiglioni, alla presenza del Ministro per i Rapporti con il Parlamento, Federico D\u2019Inc\u00e0, in merito al piano dei lavori di manutenzione della galleria \u201cComelico\u201d, lungo la strada statale 52 \u201cCarnica\u201d, tra Auronzo e Santo Stefano di Cadore. I sindaci nel corso dell\u2019incontro hanno consegnato, come annunciato, lo studio di fattibilit\u00e0 per il ripristino della strada della Valle. Anas si \u00e8 resa disponibile, mediante la sottoscrizione di una convenzione sotto l\u2019egida del Ministero delle Infrastrutture e della Mobilit\u00e0 Sostenibili, a sviluppare le successive fasi progettuali per il ripristino della viabilit\u00e0 che miglioreranno l\u2019accessibilit\u00e0 al comprensorio, confermando anche la disponibilit\u00e0 a rivestire il ruolo di soggetto attuatore dei lavori, una volta individuate le fonti di finanziamento. Per quanto riguarda gli interventi programmati in Galleria sono stati ulteriormente illustrati i temi legati alla sicurezza degli utenti. Pertanto \u00e8 stata confermato l\u2019avvio delle fasi preliminari del piano dei lavori che \u2013 durante i primi mesi \u2013 non comporteranno alcuna modifica alla circolazione stradale garantendo la regolare apertura al transito, sia in orario notturno che diurno, in entrambi i sensi di marcia. Alla fine della corrente stagione estiva, con la conclusione della fase di approvvigionamento dei materiali e delle attivit\u00e0 preliminari di cantierizzazione, saranno quindi avviate le lavorazioni su strada, che saranno debitamente comunicate con anticipo al pubblico. Durante i lavori il passaggio dei mezzi di emergenza sar\u00e0 sempre consentito 24 ore su 24, anche tramite il presidio senza soluzione di continuit\u00e0 di entrambi gli imbocchi della galleria, che garantir\u00e0 anche il presidio del cantiere in caso di incidenti. E\u2019 stata inoltre riesaminata l\u2019articolazione del dispositivo di viabilit\u00e0 previsto, che prevede la chiusura notturna continuativa di 10 ore e il transito a senso unico alternato &#8211; ogni 30 minuti &#8211; durante le 14 ore diurne. In una prima fase la galleria sar\u00e0 aperta dalle ore 06 alle ore 20, con l\u2019obiettivo di creare il minor impatto possibile ai flussi di traffico e non modificando l\u2019orario del Trasporto Pubblico Locale soprattutto per il pendolarismo scolastico e lavorativo. Le tempistiche di semaforizzazione, in una successiva fase, potranno essere riviste in ragione del concreto andamento del traffico e della stagionalit\u00e0. Anas, accogliendo le istanze del territorio, ha inoltre confermato che durante i lavori, in occasione dei periodi di maggior afflusso turistico, adotter\u00e0 misure temporanee per ripristinare il doppio senso di circolazione.<\/p>\n<p>&nbsp;<\/p>\n<p>&nbsp;<\/p>\n<hr \/>\n<p>&nbsp;<\/p>\n<blockquote>\n<h3>ABBIAMO UN PROBLEMA, DA NON DIMENTICARE &#8220;AVANZA IL BOSTRICO&#8221;<\/h3>\n<\/blockquote>\n<p><strong>REDAZIONE<\/strong> Sono molto fortunato, dal mio punto di osservazione quotidiano posso spaziare dal Monte Arion, passando per Soccol sopra Taibon, sotto le pendici del monte Agner, finire in fondo alla Valle di San Lucano per poi soffermare lo sguardo sulle Pale di San Lucano i cui boschi sono stati devastati dall&#8217;incendio del 2018 e da Vaia qualche ora dopo. IlMonte Arion: qui Luxottica ha fatto un grande investimento, con generosit\u00e0 ha recuperato gli schianti della tempesta e collocato a dimora nuove piantine. Proprio al confine dell&#8217;area riecco quella macchia rossa-fastidio che si allarga verso l&#8217;alto. Tra Soccol e Fason (sotto l&#8217;Agner) il bostrico avanza inesorabilmente e velocemente, cos\u00ec sulle pale di San Lucano, anche accanto alla strada tagliafuoco e pista ciclabile. Infine sopra i Coi di Taibon un altro gruppo di alberi ormai secchi, eliminati dal bostrico. E&#8217; solo un esempio, tanti monti dell&#8217;arco Dolomitico presentano gli stessi problemi.<\/p>\n\n\t\t\t<style type='text\/css'>\n\t\t\t\t#gallery-1 {\n\t\t\t\t\tmargin: auto;\n\t\t\t\t}\n\t\t\t\t#gallery-1 .gallery-item {\n\t\t\t\t\tfloat: left;\n\t\t\t\t\tmargin-top: 10px;\n\t\t\t\t\ttext-align: center;\n\t\t\t\t\twidth: 50%;\n\t\t\t\t}\n\t\t\t\t#gallery-1 img {\n\t\t\t\t\tborder: 2px solid #cfcfcf;\n\t\t\t\t}\n\t\t\t\t#gallery-1 .gallery-caption {\n\t\t\t\t\tmargin-left: 0;\n\t\t\t\t}\n\t\t\t\t\/* see gallery_shortcode() in wp-includes\/media.php *\/\n\t\t\t<\/style>\n\t\t<div id='gallery-1' class='dt-gallery-container gallery galleryid-281464 gallery-columns-2 gallery-size-medium'><dl class='gallery-item'>\n\t\t\t\t<dt class='gallery-icon landscape'>\n\t\t\t\t\t<a class=\"rollover rollover-zoom dt-pswp-item\" title=\"c9008fc7-c8ba-4078-b858-94b30bd17f43\" data-dt-img-description=\"\" data-large_image_width=\"1600\" data-large_image_height=\"900\"href='https:\/\/www.radiopiu.net\/wordpress\/wp-content\/uploads\/2022\/06\/c9008fc7-c8ba-4078-b858-94b30bd17f43.jpg'><img loading=\"lazy\" decoding=\"async\" width=\"300\" height=\"169\" src=\"https:\/\/www.radiopiu.net\/wordpress\/wp-content\/uploads\/2022\/06\/c9008fc7-c8ba-4078-b858-94b30bd17f43-300x169.jpg\" class=\"attachment-medium size-medium\" alt=\"\" srcset=\"https:\/\/www.radiopiu.net\/wordpress\/wp-content\/uploads\/2022\/06\/c9008fc7-c8ba-4078-b858-94b30bd17f43-300x169.jpg 300w, https:\/\/www.radiopiu.net\/wordpress\/wp-content\/uploads\/2022\/06\/c9008fc7-c8ba-4078-b858-94b30bd17f43-1024x576.jpg 1024w, https:\/\/www.radiopiu.net\/wordpress\/wp-content\/uploads\/2022\/06\/c9008fc7-c8ba-4078-b858-94b30bd17f43-768x432.jpg 768w, https:\/\/www.radiopiu.net\/wordpress\/wp-content\/uploads\/2022\/06\/c9008fc7-c8ba-4078-b858-94b30bd17f43-1536x864.jpg 1536w, https:\/\/www.radiopiu.net\/wordpress\/wp-content\/uploads\/2022\/06\/c9008fc7-c8ba-4078-b858-94b30bd17f43.jpg 1600w\" sizes=\"auto, (max-width: 300px) 100vw, 300px\" \/><\/a>\n\t\t\t\t<\/dt><\/dl><dl class='gallery-item'>\n\t\t\t\t<dt class='gallery-icon landscape'>\n\t\t\t\t\t<a class=\"rollover rollover-zoom dt-pswp-item\" title=\"caf86423-62de-4be3-8119-c9e302cf17e1\" data-dt-img-description=\"\" data-large_image_width=\"1600\" data-large_image_height=\"900\"href='https:\/\/www.radiopiu.net\/wordpress\/wp-content\/uploads\/2022\/06\/caf86423-62de-4be3-8119-c9e302cf17e1.jpg'><img loading=\"lazy\" decoding=\"async\" width=\"300\" height=\"169\" src=\"https:\/\/www.radiopiu.net\/wordpress\/wp-content\/uploads\/2022\/06\/caf86423-62de-4be3-8119-c9e302cf17e1-300x169.jpg\" class=\"attachment-medium size-medium\" alt=\"\" srcset=\"https:\/\/www.radiopiu.net\/wordpress\/wp-content\/uploads\/2022\/06\/caf86423-62de-4be3-8119-c9e302cf17e1-300x169.jpg 300w, https:\/\/www.radiopiu.net\/wordpress\/wp-content\/uploads\/2022\/06\/caf86423-62de-4be3-8119-c9e302cf17e1-1024x576.jpg 1024w, https:\/\/www.radiopiu.net\/wordpress\/wp-content\/uploads\/2022\/06\/caf86423-62de-4be3-8119-c9e302cf17e1-768x432.jpg 768w, https:\/\/www.radiopiu.net\/wordpress\/wp-content\/uploads\/2022\/06\/caf86423-62de-4be3-8119-c9e302cf17e1-1536x864.jpg 1536w, https:\/\/www.radiopiu.net\/wordpress\/wp-content\/uploads\/2022\/06\/caf86423-62de-4be3-8119-c9e302cf17e1.jpg 1600w\" sizes=\"auto, (max-width: 300px) 100vw, 300px\" \/><\/a>\n\t\t\t\t<\/dt><\/dl><br style=\"clear: both\" \/><dl class='gallery-item'>\n\t\t\t\t<dt class='gallery-icon landscape'>\n\t\t\t\t\t<a class=\"rollover rollover-zoom dt-pswp-item\" title=\"999bb8f3-7ed4-46e3-899e-da3b4be43ef3\" data-dt-img-description=\"\" data-large_image_width=\"1600\" data-large_image_height=\"900\"href='https:\/\/www.radiopiu.net\/wordpress\/wp-content\/uploads\/2022\/06\/999bb8f3-7ed4-46e3-899e-da3b4be43ef3.jpg'><img loading=\"lazy\" decoding=\"async\" width=\"300\" height=\"169\" src=\"https:\/\/www.radiopiu.net\/wordpress\/wp-content\/uploads\/2022\/06\/999bb8f3-7ed4-46e3-899e-da3b4be43ef3-300x169.jpg\" class=\"attachment-medium size-medium\" alt=\"\" srcset=\"https:\/\/www.radiopiu.net\/wordpress\/wp-content\/uploads\/2022\/06\/999bb8f3-7ed4-46e3-899e-da3b4be43ef3-300x169.jpg 300w, https:\/\/www.radiopiu.net\/wordpress\/wp-content\/uploads\/2022\/06\/999bb8f3-7ed4-46e3-899e-da3b4be43ef3-1024x576.jpg 1024w, https:\/\/www.radiopiu.net\/wordpress\/wp-content\/uploads\/2022\/06\/999bb8f3-7ed4-46e3-899e-da3b4be43ef3-768x432.jpg 768w, https:\/\/www.radiopiu.net\/wordpress\/wp-content\/uploads\/2022\/06\/999bb8f3-7ed4-46e3-899e-da3b4be43ef3-1536x864.jpg 1536w, https:\/\/www.radiopiu.net\/wordpress\/wp-content\/uploads\/2022\/06\/999bb8f3-7ed4-46e3-899e-da3b4be43ef3.jpg 1600w\" sizes=\"auto, (max-width: 300px) 100vw, 300px\" \/><\/a>\n\t\t\t\t<\/dt><\/dl><dl class='gallery-item'>\n\t\t\t\t<dt class='gallery-icon landscape'>\n\t\t\t\t\t<a class=\"rollover rollover-zoom dt-pswp-item\" title=\"da3dc8e6-3a6d-4a51-aa89-28602df097ef\" data-dt-img-description=\"\" data-large_image_width=\"1600\" data-large_image_height=\"900\"href='https:\/\/www.radiopiu.net\/wordpress\/wp-content\/uploads\/2022\/06\/da3dc8e6-3a6d-4a51-aa89-28602df097ef.jpg'><img loading=\"lazy\" decoding=\"async\" width=\"300\" height=\"169\" src=\"https:\/\/www.radiopiu.net\/wordpress\/wp-content\/uploads\/2022\/06\/da3dc8e6-3a6d-4a51-aa89-28602df097ef-300x169.jpg\" class=\"attachment-medium size-medium\" alt=\"\" srcset=\"https:\/\/www.radiopiu.net\/wordpress\/wp-content\/uploads\/2022\/06\/da3dc8e6-3a6d-4a51-aa89-28602df097ef-300x169.jpg 300w, https:\/\/www.radiopiu.net\/wordpress\/wp-content\/uploads\/2022\/06\/da3dc8e6-3a6d-4a51-aa89-28602df097ef-1024x576.jpg 1024w, https:\/\/www.radiopiu.net\/wordpress\/wp-content\/uploads\/2022\/06\/da3dc8e6-3a6d-4a51-aa89-28602df097ef-768x432.jpg 768w, https:\/\/www.radiopiu.net\/wordpress\/wp-content\/uploads\/2022\/06\/da3dc8e6-3a6d-4a51-aa89-28602df097ef-1536x864.jpg 1536w, https:\/\/www.radiopiu.net\/wordpress\/wp-content\/uploads\/2022\/06\/da3dc8e6-3a6d-4a51-aa89-28602df097ef.jpg 1600w\" sizes=\"auto, (max-width: 300px) 100vw, 300px\" \/><\/a>\n\t\t\t\t<\/dt><\/dl><br style=\"clear: both\" \/>\n\t\t\t<\/div>\n\n<p>&nbsp;<\/p>\n<div style=\"width: 640px;\" class=\"wp-video\"><video class=\"wp-video-shortcode\" id=\"video-281464-1\" width=\"640\" height=\"352\" preload=\"metadata\" controls=\"controls\"><source type=\"video\/mp4\" src=\"https:\/\/www.radiopiu.net\/wordpress\/wp-content\/uploads\/2022\/06\/WhatsApp-Video-2022-06-13-at-12.43.33.mp4?_=1\" \/><a href=\"https:\/\/www.radiopiu.net\/wordpress\/wp-content\/uploads\/2022\/06\/WhatsApp-Video-2022-06-13-at-12.43.33.mp4\">https:\/\/www.radiopiu.net\/wordpress\/wp-content\/uploads\/2022\/06\/WhatsApp-Video-2022-06-13-at-12.43.33.mp4<\/a><\/video><\/div>\n<p>&nbsp;<\/p>\n<p>&nbsp;<\/p>\n<p>&nbsp;<\/p>\n<p>&nbsp;<\/p>\n<hr \/>\n<blockquote>\n<h3><\/h3>\n<h3>TRA IL PONTE &#8220;DEL FELICE&#8221; E NOACH STRADE CHIUSE E ASFALTATURE IN CORSO<\/h3>\n<\/blockquote>\n<p><strong><img loading=\"lazy\" decoding=\"async\" class=\"alignleft\" src=\"https:\/\/www.radiopiu.net\/wordpress\/wp-content\/uploads\/2022\/02\/27ef9605-07de-4203-b838-b6b36aa02893.jpg\" width=\"176\" height=\"132\" \/>LA VALLE<\/strong> E&#8217; noto da giorni che la strada tra Veran e Noach rimane chiusa per una settimana per permettere i lavori sul ponte stradale. Evidentemente non era noto a tutti, non a coloro che hanno permesso i concomitanti lavori lungo la strada di Noach, la viabilit\u00e0 alternativa per raggiungere la zona artigianale di La Valle Agordina e le abitazione della zona. Alle nove di ieri mattina Silvano ha fatto squillare il telefono della radio <em>&#8220;Mi chiedo chi si occupa della programmazione. Gi\u00e0 \u00e8 un disagio per noi dover fare il giro per Noach allungando la strada di tre chilometri, ma se i lavori\u00a0 s&#8217;hanno da fare non ci sono <\/em><em>alternative. Ma si faccia almeno attenzione a non creare ulteriori disagi ai disagi&#8221;.<\/em><\/p>\n\n\t\t\t<style type='text\/css'>\n\t\t\t\t#gallery-2 {\n\t\t\t\t\tmargin: auto;\n\t\t\t\t}\n\t\t\t\t#gallery-2 .gallery-item {\n\t\t\t\t\tfloat: left;\n\t\t\t\t\tmargin-top: 10px;\n\t\t\t\t\ttext-align: center;\n\t\t\t\t\twidth: 50%;\n\t\t\t\t}\n\t\t\t\t#gallery-2 img {\n\t\t\t\t\tborder: 2px solid #cfcfcf;\n\t\t\t\t}\n\t\t\t\t#gallery-2 .gallery-caption {\n\t\t\t\t\tmargin-left: 0;\n\t\t\t\t}\n\t\t\t\t\/* see gallery_shortcode() in wp-includes\/media.php *\/\n\t\t\t<\/style>\n\t\t<div id='gallery-2' class='dt-gallery-container gallery galleryid-281464 gallery-columns-2 gallery-size-medium'><dl class='gallery-item'>\n\t\t\t\t<dt class='gallery-icon portrait'>\n\t\t\t\t\t<a class=\"rollover rollover-zoom dt-pswp-item\" title=\"df5fe6a1-39a2-467f-ba9a-4431047e3fdb\" data-dt-img-description=\"\" data-large_image_width=\"1200\" data-large_image_height=\"1600\"href='https:\/\/www.radiopiu.net\/wordpress\/wp-content\/uploads\/2022\/06\/df5fe6a1-39a2-467f-ba9a-4431047e3fdb.jpg'><img loading=\"lazy\" decoding=\"async\" width=\"225\" height=\"300\" src=\"https:\/\/www.radiopiu.net\/wordpress\/wp-content\/uploads\/2022\/06\/df5fe6a1-39a2-467f-ba9a-4431047e3fdb-225x300.jpg\" class=\"attachment-medium size-medium\" alt=\"\" srcset=\"https:\/\/www.radiopiu.net\/wordpress\/wp-content\/uploads\/2022\/06\/df5fe6a1-39a2-467f-ba9a-4431047e3fdb-225x300.jpg 225w, https:\/\/www.radiopiu.net\/wordpress\/wp-content\/uploads\/2022\/06\/df5fe6a1-39a2-467f-ba9a-4431047e3fdb-768x1024.jpg 768w, https:\/\/www.radiopiu.net\/wordpress\/wp-content\/uploads\/2022\/06\/df5fe6a1-39a2-467f-ba9a-4431047e3fdb-1152x1536.jpg 1152w, https:\/\/www.radiopiu.net\/wordpress\/wp-content\/uploads\/2022\/06\/df5fe6a1-39a2-467f-ba9a-4431047e3fdb.jpg 1200w\" sizes=\"auto, (max-width: 225px) 100vw, 225px\" \/><\/a>\n\t\t\t\t<\/dt><\/dl><dl class='gallery-item'>\n\t\t\t\t<dt class='gallery-icon portrait'>\n\t\t\t\t\t<a class=\"rollover rollover-zoom dt-pswp-item\" title=\"40b00c74-9999-4f4b-acd9-a0a2ecaf0289\" data-dt-img-description=\"\" data-large_image_width=\"1200\" data-large_image_height=\"1600\"href='https:\/\/www.radiopiu.net\/wordpress\/wp-content\/uploads\/2022\/06\/40b00c74-9999-4f4b-acd9-a0a2ecaf0289.jpg'><img loading=\"lazy\" decoding=\"async\" width=\"225\" height=\"300\" src=\"https:\/\/www.radiopiu.net\/wordpress\/wp-content\/uploads\/2022\/06\/40b00c74-9999-4f4b-acd9-a0a2ecaf0289-225x300.jpg\" class=\"attachment-medium size-medium\" alt=\"\" srcset=\"https:\/\/www.radiopiu.net\/wordpress\/wp-content\/uploads\/2022\/06\/40b00c74-9999-4f4b-acd9-a0a2ecaf0289-225x300.jpg 225w, https:\/\/www.radiopiu.net\/wordpress\/wp-content\/uploads\/2022\/06\/40b00c74-9999-4f4b-acd9-a0a2ecaf0289-768x1024.jpg 768w, https:\/\/www.radiopiu.net\/wordpress\/wp-content\/uploads\/2022\/06\/40b00c74-9999-4f4b-acd9-a0a2ecaf0289-1152x1536.jpg 1152w, https:\/\/www.radiopiu.net\/wordpress\/wp-content\/uploads\/2022\/06\/40b00c74-9999-4f4b-acd9-a0a2ecaf0289.jpg 1200w\" sizes=\"auto, (max-width: 225px) 100vw, 225px\" \/><\/a>\n\t\t\t\t<\/dt><\/dl><br style=\"clear: both\" \/>\n\t\t\t<\/div>\n\n<p>&nbsp;<\/p>\n<hr \/>\n<p>&nbsp;<\/p>\n<p>&nbsp;<\/p>\n<blockquote>\n<h3>LUXOTTICA, PARCHEGGI: SPAZI IN PIU&#8217; PROBLEMI IN MENO<\/h3>\n<\/blockquote>\n<p><strong>AGORDO<\/strong> Ci siamo&#8230;dopo la segnaletica orizzontale i parcheggi sono disponibili da ieri<\/p>\n\n\t\t\t<style type='text\/css'>\n\t\t\t\t#gallery-3 {\n\t\t\t\t\tmargin: auto;\n\t\t\t\t}\n\t\t\t\t#gallery-3 .gallery-item {\n\t\t\t\t\tfloat: left;\n\t\t\t\t\tmargin-top: 10px;\n\t\t\t\t\ttext-align: center;\n\t\t\t\t\twidth: 25%;\n\t\t\t\t}\n\t\t\t\t#gallery-3 img {\n\t\t\t\t\tborder: 2px solid #cfcfcf;\n\t\t\t\t}\n\t\t\t\t#gallery-3 .gallery-caption {\n\t\t\t\t\tmargin-left: 0;\n\t\t\t\t}\n\t\t\t\t\/* see gallery_shortcode() in wp-includes\/media.php *\/\n\t\t\t<\/style>\n\t\t<div id='gallery-3' class='dt-gallery-container gallery galleryid-281464 gallery-columns-4 gallery-size-thumbnail'><dl class='gallery-item'>\n\t\t\t\t<dt class='gallery-icon portrait'>\n\t\t\t\t\t<a class=\"rollover rollover-zoom dt-pswp-item\" title=\"9400defc-478f-457b-bb05-4a261c8d19ba\" data-dt-img-description=\"\" data-large_image_width=\"768\" data-large_image_height=\"1024\"href='https:\/\/www.radiopiu.net\/wordpress\/wp-content\/uploads\/2022\/04\/9400defc-478f-457b-bb05-4a261c8d19ba.jpg'><img loading=\"lazy\" decoding=\"async\" width=\"150\" height=\"150\" src=\"https:\/\/www.radiopiu.net\/wordpress\/wp-content\/uploads\/2022\/04\/9400defc-478f-457b-bb05-4a261c8d19ba-150x150.jpg\" class=\"attachment-thumbnail size-thumbnail\" alt=\"\" \/><\/a>\n\t\t\t\t<\/dt><\/dl><dl class='gallery-item'>\n\t\t\t\t<dt class='gallery-icon landscape'>\n\t\t\t\t\t<a class=\"rollover rollover-zoom dt-pswp-item\" title=\"8fb24bed-17e7-402c-96f8-58966b7611b3\" data-dt-img-description=\"\" data-large_image_width=\"1600\" data-large_image_height=\"1196\"href='https:\/\/www.radiopiu.net\/wordpress\/wp-content\/uploads\/2022\/04\/8fb24bed-17e7-402c-96f8-58966b7611b3.jpg'><img loading=\"lazy\" decoding=\"async\" width=\"150\" height=\"150\" src=\"https:\/\/www.radiopiu.net\/wordpress\/wp-content\/uploads\/2022\/04\/8fb24bed-17e7-402c-96f8-58966b7611b3-150x150.jpg\" class=\"attachment-thumbnail size-thumbnail\" alt=\"\" \/><\/a>\n\t\t\t\t<\/dt><\/dl><dl class='gallery-item'>\n\t\t\t\t<dt class='gallery-icon landscape'>\n\t\t\t\t\t<a class=\"rollover rollover-zoom dt-pswp-item\" title=\"8b4fc666-03fd-46a0-a043-475d522e3d0f\" data-dt-img-description=\"\" data-large_image_width=\"1600\" data-large_image_height=\"1130\"href='https:\/\/www.radiopiu.net\/wordpress\/wp-content\/uploads\/2022\/04\/8b4fc666-03fd-46a0-a043-475d522e3d0f.jpg'><img loading=\"lazy\" decoding=\"async\" width=\"150\" height=\"150\" src=\"https:\/\/www.radiopiu.net\/wordpress\/wp-content\/uploads\/2022\/04\/8b4fc666-03fd-46a0-a043-475d522e3d0f-150x150.jpg\" class=\"attachment-thumbnail size-thumbnail\" alt=\"\" \/><\/a>\n\t\t\t\t<\/dt><\/dl><dl class='gallery-item'>\n\t\t\t\t<dt class='gallery-icon landscape'>\n\t\t\t\t\t<a class=\"rollover rollover-zoom dt-pswp-item\" title=\"f4f4e960-7f2d-47a7-898a-60b150a87096\" data-dt-img-description=\"\" data-large_image_width=\"1508\" data-large_image_height=\"1421\"href='https:\/\/www.radiopiu.net\/wordpress\/wp-content\/uploads\/2022\/04\/f4f4e960-7f2d-47a7-898a-60b150a87096.jpg'><img loading=\"lazy\" decoding=\"async\" width=\"150\" height=\"150\" src=\"https:\/\/www.radiopiu.net\/wordpress\/wp-content\/uploads\/2022\/04\/f4f4e960-7f2d-47a7-898a-60b150a87096-150x150.jpg\" class=\"attachment-thumbnail size-thumbnail\" alt=\"\" \/><\/a>\n\t\t\t\t<\/dt><\/dl><br style=\"clear: both\" \/><dl class='gallery-item'>\n\t\t\t\t<dt class='gallery-icon landscape'>\n\t\t\t\t\t<a class=\"rollover rollover-zoom dt-pswp-item\" title=\"c1d9ede5-4ebb-437a-af4b-779c76dbed66\" data-dt-img-description=\"\" data-large_image_width=\"1600\" data-large_image_height=\"1196\"href='https:\/\/www.radiopiu.net\/wordpress\/wp-content\/uploads\/2022\/04\/c1d9ede5-4ebb-437a-af4b-779c76dbed66.jpg'><img loading=\"lazy\" decoding=\"async\" width=\"150\" height=\"150\" src=\"https:\/\/www.radiopiu.net\/wordpress\/wp-content\/uploads\/2022\/04\/c1d9ede5-4ebb-437a-af4b-779c76dbed66-150x150.jpg\" class=\"attachment-thumbnail size-thumbnail\" alt=\"\" \/><\/a>\n\t\t\t\t<\/dt><\/dl><dl class='gallery-item'>\n\t\t\t\t<dt class='gallery-icon landscape'>\n\t\t\t\t\t<a class=\"rollover rollover-zoom dt-pswp-item\" title=\"e1ad6d52-c771-4d1f-93f6-39d2f0da55a5\" data-dt-img-description=\"\" data-large_image_width=\"1920\" data-large_image_height=\"1080\"href='https:\/\/www.radiopiu.net\/wordpress\/wp-content\/uploads\/2022\/04\/e1ad6d52-c771-4d1f-93f6-39d2f0da55a5.jpg'><img loading=\"lazy\" decoding=\"async\" width=\"150\" height=\"150\" src=\"https:\/\/www.radiopiu.net\/wordpress\/wp-content\/uploads\/2022\/04\/e1ad6d52-c771-4d1f-93f6-39d2f0da55a5-150x150.jpg\" class=\"attachment-thumbnail size-thumbnail\" alt=\"\" \/><\/a>\n\t\t\t\t<\/dt><\/dl><dl class='gallery-item'>\n\t\t\t\t<dt class='gallery-icon landscape'>\n\t\t\t\t\t<a class=\"rollover rollover-zoom dt-pswp-item\" title=\"ec92d2af-631a-42d9-862a-1d3ca941c557\" data-dt-img-description=\"\" data-large_image_width=\"1920\" data-large_image_height=\"1080\"href='https:\/\/www.radiopiu.net\/wordpress\/wp-content\/uploads\/2022\/06\/ec92d2af-631a-42d9-862a-1d3ca941c557.jpg'><img loading=\"lazy\" decoding=\"async\" width=\"150\" height=\"150\" src=\"https:\/\/www.radiopiu.net\/wordpress\/wp-content\/uploads\/2022\/06\/ec92d2af-631a-42d9-862a-1d3ca941c557-150x150.jpg\" class=\"attachment-thumbnail size-thumbnail\" alt=\"\" \/><\/a>\n\t\t\t\t<\/dt><\/dl>\n\t\t\t\t<br style='clear: both' \/>\n\t\t\t<\/div>\n\n<p>&nbsp;<\/p>\n<p><strong>ARCHIVIO RADIOPIU 6 APRILE 2022<\/strong><\/p>\n<blockquote>\n<h3>NUOVI PARCHEGGI LUXOTTICA, SI LAVORA A PIENO RITMO. OLTRE 100 NUOVI POSTI AUTO<\/h3>\n<\/blockquote>\n<p><strong><a class=\"dt-pswp-item\" href=\"https:\/\/www.radiopiu.net\/wordpress\/wp-content\/uploads\/2022\/04\/af34fb3f-94c9-4578-8413-ac12808256e9.jpg\" data-dt-img-description=\"\" data-large_image_width=\"1600\" data-large_image_height=\"720\"><img loading=\"lazy\" decoding=\"async\" class=\"size-thumbnail wp-image-268952 alignleft\" src=\"https:\/\/www.radiopiu.net\/wordpress\/wp-content\/uploads\/2022\/04\/af34fb3f-94c9-4578-8413-ac12808256e9-150x150.jpg\" alt=\"\" width=\"150\" height=\"150\" \/><\/a>AGORDO<\/strong> Cantiere aperto in localit\u00e0 Valcozzena. Da due settimane i mezzi sono al lavoro per creare un nuovo parcheggio destinato agli operai di Luxottica. Si lavora a pieno ritmo per togliere il verde tra l&#8217;ingresso dipendenti a sud dello stabilimento e il Zumbrillenbar. Un triangolo dove escavatori e camion stanno operando per rendere quanto prima disponibile i nuovi spazi per le autovetture. Non mancano i disagi in questo periodo ma Luxottica ha pensato a rendere meno difficoltoso possibile l&#8217;arrivo in azienda per i turnisti del pomeriggio mettendo a disposizione i bus navetta gratuiti che da Tamonich portano all&#8217;ingresso principale le maestranze. Ancora qualche settimana di tempo per terminare l&#8217;opera dove nasceranno pi\u00f9 di cento nuovi posti auto che dovrebbero bastare per far si che non si ripetano le situazioni del passato con i parcheggi selvaggi e le relative sanzioni della polizia locale.<\/p>\n<p>&nbsp;<\/p>\n<p>&nbsp;<\/p>\n<hr \/>\n<p>&nbsp;<\/p>\n<blockquote>\n<h3>DOPO LA GRANDINATA, LA COSTAN RIAPRE DOMANI<\/h3>\n<\/blockquote>\n<p><strong>LIMANA<\/strong> Lo stabilimento della Epta Costan rimarr\u00e0 chiuso fino alle 6 di domani mattina. Oggi saranno garantite le attivit\u00e0 di spedizione. I danni provocati dalla grandinata di luned\u00ec pomeriggio hanno finito per incidere in maniera notevole sull&#8217;attivit\u00e0 dello stabilimento, costretto a interrompere la produzione per due giorni. Secondo le prime stime effettuate dalla propriet\u00e0, le spese di riparazione dell&#8217;immobile ammonteranno a diverse centinaia di migliaia di euro.<\/p>\n<p>&nbsp;<\/p>\n<hr \/>\n<p>&nbsp;<\/p>\n<blockquote>\n<h3>ACC SCADE LA CASSA INTEGRAZIONE, SI ATTENDE GIORGETTI<\/h3>\n<\/blockquote>\n<p><strong>BORGO VALBELLUNA <\/strong>Scade domani la cassa integrazione per i lavoratori ex Acc. 26 sono gi\u00e0 alla Sest di Limana, pronti ad essere assunti entro fine luglio, insieme ad un&#8217;altra dozzina. In cassa integrazione straordinaria restano,\u00a0 212 operai. Il commissario straordinario Maurizio Castro e i sindacati sono in attesa delle sospirate rassicurazioni dal ministero dello Sviluppo economico. L&#8217;amministrazione straordinaria, peraltro, scade anch&#8217;essa domani. A Mel si \u00e8 in attesa\u00a0 della decisione di Giorgetti. Se conferma la proroga, per il 2023 andrebbe poi trovato un ulteriore ammortizzatore sociale per consentire in modo indolore l&#8217;assorbimento progressivo in Sest.<\/p>\n<p>&nbsp;<\/p>\n<hr \/>\n<p>&nbsp;<\/p>\n<blockquote>\n<h3>UN DEFIBRILLATORE PER CONFARTIGIANATO<\/h3>\n<\/blockquote>\n<p><strong>BELLUNO<\/strong> Alla Confartigianato Belluno \u00e8 ora disponibile un defibrillatore, acquistato su preciso indirizzo della giunta. Servir\u00e0 nei momenti di bisogno (che si spera non ci saranno), ma sar\u00e0 a disposizione anche della cittadinanza. La presenza di un defibrillatore \u00e8 importante. Si tratta infatti di uno strumento salvavita.\u00a0Studi e statistiche dicono che un intervento di rianimazione con utilizzo di defibrillatore entro cinque minuti dall\u2019arresto cardiaco innalza la percentuale di sopravvivenza al 50 per cento, mentre dopo altri sei minuti la percentuale di persone sopravvissute \u00e8 praticamente nulla.<br \/>\n<em>\u00abEcco perch\u00e9 il nuovo defibrillatore rappresenta un servizio importante che Confartigianato mette a disposizione dei dipendenti, degli associati e anche della citt\u00e0 di Belluno\u00bb dice la presidente Claudia Scarzanella. \u00abQuando si dice che gli artigiani sono un presidio del territorio, a servizio delle comunit\u00e0 locali, non \u00e8 retorica\u00bb<a class=\"dt-pswp-item\" href=\"https:\/\/www.radiopiu.net\/wordpress\/wp-content\/uploads\/2022\/06\/PHOTO-2022-06-10-10-22-21.jpg\" data-dt-img-description=\"\" data-large_image_width=\"1024\" data-large_image_height=\"768\"><img loading=\"lazy\" decoding=\"async\" class=\"alignleft wp-image-281518 \" src=\"https:\/\/www.radiopiu.net\/wordpress\/wp-content\/uploads\/2022\/06\/PHOTO-2022-06-10-10-22-21.jpg\" alt=\"\" width=\"319\" height=\"239\" srcset=\"https:\/\/www.radiopiu.net\/wordpress\/wp-content\/uploads\/2022\/06\/PHOTO-2022-06-10-10-22-21.jpg 1024w, https:\/\/www.radiopiu.net\/wordpress\/wp-content\/uploads\/2022\/06\/PHOTO-2022-06-10-10-22-21-300x225.jpg 300w, https:\/\/www.radiopiu.net\/wordpress\/wp-content\/uploads\/2022\/06\/PHOTO-2022-06-10-10-22-21-768x576.jpg 768w\" sizes=\"auto, (max-width: 319px) 100vw, 319px\" \/><\/a><\/em><\/p>\n<p>&nbsp;<\/p>\n<p>&nbsp;<\/p>\n<p>&nbsp;<\/p>\n<p>&nbsp;<\/p>\n<p>&nbsp;<\/p>\n<p>&nbsp;<\/p>\n<p>&nbsp;<\/p>\n<p>&nbsp;<\/p>\n<p>&nbsp;<\/p>\n<hr \/>\n<p>&nbsp;<\/p>\n<blockquote>\n<h2>IL PRIMO GIORNO DA SINDACO DI OSCAR DE PELLEGRIN &#8211; L&#8217;INTERVISTA &#8211;<\/h2>\n<\/blockquote>\n<p><strong>BELLUNO<\/strong><\/p>\n<p><strong>di\u00a0 MORENO GIOLI<\/strong><\/p>\n<audio class=\"wp-audio-shortcode\" id=\"audio-281464-2\" preload=\"none\" style=\"width: 100%;\" controls=\"controls\"><source type=\"audio\/mpeg\" src=\"https:\/\/www.radiopiu.net\/wordpress\/wp-content\/uploads\/2022\/06\/MORENO-DE-PELLEGRIN.mp3?_=2\" \/><a href=\"https:\/\/www.radiopiu.net\/wordpress\/wp-content\/uploads\/2022\/06\/MORENO-DE-PELLEGRIN.mp3\">https:\/\/www.radiopiu.net\/wordpress\/wp-content\/uploads\/2022\/06\/MORENO-DE-PELLEGRIN.mp3<\/a><\/audio>\n<p><strong>l&#8217;intervista<\/strong><\/p>\n<div style=\"width: 640px;\" class=\"wp-video\"><video class=\"wp-video-shortcode\" id=\"video-281464-2\" width=\"640\" height=\"352\" preload=\"metadata\" controls=\"controls\"><source type=\"video\/mp4\" src=\"https:\/\/www.radiopiu.net\/wordpress\/wp-content\/uploads\/2022\/06\/WhatsApp-Video-2022-06-14-at-22.39.16.mp4?_=2\" \/><a href=\"https:\/\/www.radiopiu.net\/wordpress\/wp-content\/uploads\/2022\/06\/WhatsApp-Video-2022-06-14-at-22.39.16.mp4\">https:\/\/www.radiopiu.net\/wordpress\/wp-content\/uploads\/2022\/06\/WhatsApp-Video-2022-06-14-at-22.39.16.mp4<\/a><\/video><\/div>\n<p>foto copertina LUCA ZANFRON<\/p>\n<p><strong>BELLUNO.<\/strong>\u00a0Con l\u2019elezione al primo turno di\u00a0<strong>Oscar De Pellegrin<\/strong>, sono fatti anche i giochi per il consiglio comunale. In maggioranza entrano per \u201c<strong>Belluno al Centro<\/strong>\u201d Luciano Bassi, Lorenzo Bortoluzzi, Giovanni Bristot, Simonetta Buttignon, Marco Dal Pont, Donatella De Pellegrin, Paolo Gamba, Cimo Garzotto, Roberta Olivotto e Simone Soccal; per \u201c<strong>Fratelli d\u2019Italia<\/strong>\u201d Raffaele Addamiano, Valentina Dalla Cort, Monica Mazzoccoli e Armando Stefani; con la \u201c<strong>Lega<\/strong>\u201d Lorenza De Kunovich, Roberto Ferro, Francesco La Grua e Francesco Pingitore<\/p>\n<p>In minoranza, oltre ai due candidati sindaco usciti sconfitti dalle urne,\u00a0<strong>Giuseppe Vignato\u00a0<\/strong>e\u00a0<strong>Lucia Olivotto<\/strong>, entrano l\u2019ex sindaco Jacopo Massaro per \u201c<strong>In Movimento<\/strong>\u201d, \u201c<strong>Insieme per Belluno<\/strong>\u201d porta Ilenia Bavasso, Marco Perale e Francesco Rasera Berna, il \u201c<strong>Partito Democratico\u201c\u00a0<\/strong>Claudia Bettiol e Maria Teresa Cassol, \u201c<strong>Valore Comune<\/strong>\u201d Mirco Costa e Bruno Longo, \u201c<strong>Belluno D+<\/strong>\u201d Anna Candeago e Giangiacomo Nicolini.<\/p>\n<p>&nbsp;<\/p>\n<p>&nbsp;<\/p>\n<p>&nbsp;<\/p>\n<hr \/>\n<blockquote>\n<h3><\/h3>\n<h3>INSIEME PER BELLUNO, PRIMO PARTITO DEL CENTRO SINISTRA<\/h3>\n<\/blockquote>\n<p>&nbsp;<\/p>\n<p><em>Il commento di Lucia Olivotto sul risultato elettorale<\/em><\/p>\n<p>\u00abGrazie ai bellunesi che sono andati a votare domenica. La voglia di cambiamento \u00e8 stata evidente, ma non possiamo non sottolineare l&#8217;ottimo risultato di Insieme per Belluno che si \u00e8 affermato come primo partito del centrosinistra\u00bb: Lucia Olivotto analizza cos\u00ec il risultato delle urne alle elezioni amministrative di Belluno.<\/p>\n<div style=\"width: 1200px;\" class=\"wp-video\"><video class=\"wp-video-shortcode\" id=\"video-281464-3\" width=\"1200\" height=\"675\" preload=\"metadata\" controls=\"controls\"><source type=\"video\/mp4\" src=\"https:\/\/www.radiopiu.net\/wordpress\/wp-content\/uploads\/2022\/06\/Olivotto-Commento-risultato-elettorale.mp4?_=3\" \/><a href=\"https:\/\/www.radiopiu.net\/wordpress\/wp-content\/uploads\/2022\/06\/Olivotto-Commento-risultato-elettorale.mp4\">https:\/\/www.radiopiu.net\/wordpress\/wp-content\/uploads\/2022\/06\/Olivotto-Commento-risultato-elettorale.mp4<\/a><\/video><\/div>\n<p>&nbsp;<\/p>\n<p>&nbsp;<\/p>\n<p>&nbsp;<\/p>\n<p>&nbsp;<\/p>\n<hr \/>\n<blockquote>\n<h3><\/h3>\n<h3>ELEZIONI AMMINISTRATIVE 2022, BERTON AI NUOVI SINDACI E CONSIGLIERI: \u201cC\u2019E\u2019 MOLTO LAVORO DA FARE. LOTTA ALLO SPOPOLAMENTO \u00c8 PRIORIT\u00c0 CONDIVISA. UNIAMO TUTTE LE NOSTRE FORZE\u201d<\/h3>\n<\/blockquote>\n<p><strong>BELLUNO<\/strong> \u201c\u00c8 il momento di unire ogni nostra forza per combattere lo spopolamento, ciascuno per la propria parte. \u00c8 una sfida epocale da affrontare con urgenza e massima operativit\u00e0. Per questo al nuovo sindaco di Belluno e a tutti i nuovi primi cittadini eletti nel Bellunese auguro un buon lavoro. C\u2019\u00e8 molto da fare\u201d. A dirlo, guardando ai primi risultati elettorali della tornata amministrativa, \u00e8 Lorraine Berton, presidente di Confindustria Belluno Dolomiti. \u201cSui Giochi, in particolare, mi rivolgo ai due nuovi primi cittadini di Belluno e Cortina d\u2019Ampezzo: saranno loro i sindaci delle Olimpiadi. Al primo spetter\u00e0 un\u2019opera di coordinamento di tutte le forze vive del territorio bellunese \u2013 perch\u00e9 l\u2019evento sia diffuso cos\u00ec come i suoi benefici &#8211; al secondo invece toccher\u00e0 il compito di rendere Cortina ancora pi\u00f9 attrattiva, bella ed efficiente. Sono sfide da vincere se si vuole dare un orizzonte di crescita alla nostra provincia\u201d, sottolinea Berton.<\/p>\n\n\t\t\t<style type='text\/css'>\n\t\t\t\t#gallery-4 {\n\t\t\t\t\tmargin: auto;\n\t\t\t\t}\n\t\t\t\t#gallery-4 .gallery-item {\n\t\t\t\t\tfloat: left;\n\t\t\t\t\tmargin-top: 10px;\n\t\t\t\t\ttext-align: center;\n\t\t\t\t\twidth: 50%;\n\t\t\t\t}\n\t\t\t\t#gallery-4 img {\n\t\t\t\t\tborder: 2px solid #cfcfcf;\n\t\t\t\t}\n\t\t\t\t#gallery-4 .gallery-caption {\n\t\t\t\t\tmargin-left: 0;\n\t\t\t\t}\n\t\t\t\t\/* see gallery_shortcode() in wp-includes\/media.php *\/\n\t\t\t<\/style>\n\t\t<div id='gallery-4' class='dt-gallery-container gallery galleryid-281464 gallery-columns-2 gallery-size-thumbnail'><dl class='gallery-item'>\n\t\t\t\t<dt class='gallery-icon landscape'>\n\t\t\t\t\t<a class=\"rollover rollover-zoom dt-pswp-item\" title=\"oscar de pellegrin\" data-dt-img-description=\"\" data-large_image_width=\"2000\" data-large_image_height=\"1804\"href='https:\/\/www.radiopiu.net\/wordpress\/wp-content\/uploads\/2022\/06\/oscar-de-pellegrin.png'><img loading=\"lazy\" decoding=\"async\" width=\"150\" height=\"150\" src=\"https:\/\/www.radiopiu.net\/wordpress\/wp-content\/uploads\/2022\/06\/oscar-de-pellegrin-150x150.png\" class=\"attachment-thumbnail size-thumbnail\" alt=\"\" \/><\/a>\n\t\t\t\t<\/dt><\/dl><dl class='gallery-item'>\n\t\t\t\t<dt class='gallery-icon landscape'>\n\t\t\t\t\t<a class=\"rollover rollover-zoom dt-pswp-item\" title=\"Gianluca Lorenzi Cortina\" data-dt-img-description=\"\" data-large_image_width=\"457\" data-large_image_height=\"377\"href='https:\/\/www.radiopiu.net\/wordpress\/wp-content\/uploads\/2022\/06\/Gianluca-Lorenzi-Cortina.jpg'><img loading=\"lazy\" decoding=\"async\" width=\"150\" height=\"150\" src=\"https:\/\/www.radiopiu.net\/wordpress\/wp-content\/uploads\/2022\/06\/Gianluca-Lorenzi-Cortina-150x150.jpg\" class=\"attachment-thumbnail size-thumbnail\" alt=\"\" aria-describedby=\"gallery-4-281266\" \/><\/a>\n\t\t\t\t<\/dt>\n\t\t\t\t\t<dd class='wp-caption-text gallery-caption' id='gallery-4-281266'>\n\t\t\t\t\tGIANLUCA LORENZI\n\t\t\t\t\t<\/dd><\/dl><br style=\"clear: both\" \/>\n\t\t\t<\/div>\n\n<p><strong>NELLA FOTO DI COPERTINA (LUCA ZANFRON) E NELLE SUCCESSIVE, I FESTEGGIAMENTI DI OSCAR DE PELLEGRIN CON LA SUA SQUADRA<\/strong><\/p>\n\n\t\t\t<style type='text\/css'>\n\t\t\t\t#gallery-5 {\n\t\t\t\t\tmargin: auto;\n\t\t\t\t}\n\t\t\t\t#gallery-5 .gallery-item {\n\t\t\t\t\tfloat: left;\n\t\t\t\t\tmargin-top: 10px;\n\t\t\t\t\ttext-align: center;\n\t\t\t\t\twidth: 50%;\n\t\t\t\t}\n\t\t\t\t#gallery-5 img {\n\t\t\t\t\tborder: 2px solid #cfcfcf;\n\t\t\t\t}\n\t\t\t\t#gallery-5 .gallery-caption {\n\t\t\t\t\tmargin-left: 0;\n\t\t\t\t}\n\t\t\t\t\/* see gallery_shortcode() in wp-includes\/media.php *\/\n\t\t\t<\/style>\n\t\t<div id='gallery-5' class='dt-gallery-container gallery galleryid-281464 gallery-columns-2 gallery-size-medium'><dl class='gallery-item'>\n\t\t\t\t<dt class='gallery-icon landscape'>\n\t\t\t\t\t<a class=\"rollover rollover-zoom dt-pswp-item\" title=\"fe55fcac-2635-499c-8b85-143882ade795\" data-dt-img-description=\"\" data-large_image_width=\"1600\" data-large_image_height=\"1066\"href='https:\/\/www.radiopiu.net\/wordpress\/wp-content\/uploads\/2022\/06\/fe55fcac-2635-499c-8b85-143882ade795.jpg'><img loading=\"lazy\" decoding=\"async\" width=\"300\" height=\"200\" src=\"https:\/\/www.radiopiu.net\/wordpress\/wp-content\/uploads\/2022\/06\/fe55fcac-2635-499c-8b85-143882ade795-300x200.jpg\" class=\"attachment-medium size-medium\" alt=\"\" srcset=\"https:\/\/www.radiopiu.net\/wordpress\/wp-content\/uploads\/2022\/06\/fe55fcac-2635-499c-8b85-143882ade795-300x200.jpg 300w, https:\/\/www.radiopiu.net\/wordpress\/wp-content\/uploads\/2022\/06\/fe55fcac-2635-499c-8b85-143882ade795-1024x682.jpg 1024w, https:\/\/www.radiopiu.net\/wordpress\/wp-content\/uploads\/2022\/06\/fe55fcac-2635-499c-8b85-143882ade795-768x512.jpg 768w, https:\/\/www.radiopiu.net\/wordpress\/wp-content\/uploads\/2022\/06\/fe55fcac-2635-499c-8b85-143882ade795-1536x1023.jpg 1536w, https:\/\/www.radiopiu.net\/wordpress\/wp-content\/uploads\/2022\/06\/fe55fcac-2635-499c-8b85-143882ade795.jpg 1600w\" sizes=\"auto, (max-width: 300px) 100vw, 300px\" \/><\/a>\n\t\t\t\t<\/dt><\/dl><dl class='gallery-item'>\n\t\t\t\t<dt class='gallery-icon landscape'>\n\t\t\t\t\t<a class=\"rollover rollover-zoom dt-pswp-item\" title=\"c973b199-7ff6-43f2-9333-4889b75338d5\" data-dt-img-description=\"\" data-large_image_width=\"1600\" data-large_image_height=\"1066\"href='https:\/\/www.radiopiu.net\/wordpress\/wp-content\/uploads\/2022\/06\/c973b199-7ff6-43f2-9333-4889b75338d5.jpg'><img loading=\"lazy\" decoding=\"async\" width=\"300\" height=\"200\" src=\"https:\/\/www.radiopiu.net\/wordpress\/wp-content\/uploads\/2022\/06\/c973b199-7ff6-43f2-9333-4889b75338d5-300x200.jpg\" class=\"attachment-medium size-medium\" alt=\"\" srcset=\"https:\/\/www.radiopiu.net\/wordpress\/wp-content\/uploads\/2022\/06\/c973b199-7ff6-43f2-9333-4889b75338d5-300x200.jpg 300w, https:\/\/www.radiopiu.net\/wordpress\/wp-content\/uploads\/2022\/06\/c973b199-7ff6-43f2-9333-4889b75338d5-1024x682.jpg 1024w, https:\/\/www.radiopiu.net\/wordpress\/wp-content\/uploads\/2022\/06\/c973b199-7ff6-43f2-9333-4889b75338d5-768x512.jpg 768w, https:\/\/www.radiopiu.net\/wordpress\/wp-content\/uploads\/2022\/06\/c973b199-7ff6-43f2-9333-4889b75338d5-1536x1023.jpg 1536w, https:\/\/www.radiopiu.net\/wordpress\/wp-content\/uploads\/2022\/06\/c973b199-7ff6-43f2-9333-4889b75338d5.jpg 1600w\" sizes=\"auto, (max-width: 300px) 100vw, 300px\" \/><\/a>\n\t\t\t\t<\/dt><\/dl><br style=\"clear: both\" \/>\n\t\t\t<\/div>\n\n<p>&nbsp;<\/p>\n<hr \/>\n<p>&nbsp;<\/p>\n<blockquote>\n<h3>CONFCOMMERCIO CHIEDE AI NUOVI SINDACI CONCRETEZZA PER FAR CRESCERE IL TERRITORIO<\/h3>\n<\/blockquote>\n<p><strong><a class=\"dt-pswp-item\" href=\"https:\/\/www.radiopiu.net\/wordpress\/wp-content\/uploads\/2021\/07\/th-21.jpg\" data-dt-img-description=\"\" data-large_image_width=\"286\" data-large_image_height=\"161\"><img loading=\"lazy\" decoding=\"async\" class=\"size-thumbnail wp-image-225158 alignleft\" src=\"https:\/\/www.radiopiu.net\/wordpress\/wp-content\/uploads\/2021\/07\/th-21-150x150.jpg\" alt=\"\" width=\"150\" height=\"150\" \/><\/a>BELLUNO<\/strong> Il quadro dei rinnovi delle Amministrazioni Comunali e\u0300 quasi completo, si attende solo il ballottaggio a Feltre. E\u0300\u2019quindi l\u2019ora di dare concretezza ai programmi elettorali. Il Presidente di Confcommercio Belluno,Paolo Doglioni, e\u0300 consapevole del difficile ruolo dei Primi Cittadini delle amministrazioni locali: \u201c<em>Fare il Sindaco significa essere capaci di avere sguardo programmatico e aperto ai molti strumenti per lo sviluppo del territorio, ma anche essere attenti alla quotidianita\u0300 delle nostre citta\u0300, paesi e borghi. Compito tutt\u2019altro che semplice, specie all\u2019indomani di un lungo periodo di sofferenza dovuto a fattori esogeni<\/em>\u201d riconosce Doglioni. \u201c<em>L\u2019esortazione ai Sindaci e\u0300 di dare il giusto tempo al confronto e al dialogo per poi far seguire un\u2019efficace realizzazione dei progetti elaborati. Dalla loro azione dipende molto dello sviluppo del commercio e del turismo e quindi della possibilita\u0300 sia di favorire la ripresa delle aziende sul territorio che lo sviluppo di nuova imprenditorialita\u0300. Consapevoli di questo, Confcommercio si mette a disposizione per lavorare insieme, inclusivamente. Ci attendono eventi, impegni, traguardi che non vogliamo mancare<\/em>\u201d.<\/p>\n<p>&nbsp;<\/p>\n<p>&nbsp;<\/p>\n<hr \/>\n<p>&nbsp;<\/p>\n<blockquote>\n<h3>UNCEM ELEZIONI. CONSEGNA DELLE SCHEDE NEGLI SCATOLONI AI TRIBUNALI, DISAGI PER IL PERSONALE DEI PICCOLI COMUNI<\/h3>\n<\/blockquote>\n<p><strong><a class=\"dt-pswp-item\" href=\"https:\/\/www.radiopiu.net\/wordpress\/wp-content\/uploads\/2020\/11\/logoUNCEM_no_scritta-wdtr.jpg\" data-dt-img-description=\"\" data-large_image_width=\"640\" data-large_image_height=\"640\"><img loading=\"lazy\" decoding=\"async\" class=\"size-thumbnail wp-image-170846 alignleft\" src=\"https:\/\/www.radiopiu.net\/wordpress\/wp-content\/uploads\/2020\/11\/logoUNCEM_no_scritta-wdtr-150x150.jpg\" alt=\"\" width=\"150\" height=\"150\" srcset=\"https:\/\/www.radiopiu.net\/wordpress\/wp-content\/uploads\/2020\/11\/logoUNCEM_no_scritta-wdtr-150x150.jpg 150w, https:\/\/www.radiopiu.net\/wordpress\/wp-content\/uploads\/2020\/11\/logoUNCEM_no_scritta-wdtr-300x300.jpg 300w, https:\/\/www.radiopiu.net\/wordpress\/wp-content\/uploads\/2020\/11\/logoUNCEM_no_scritta-wdtr.jpg 640w\" sizes=\"auto, (max-width: 150px) 100vw, 150px\" \/><\/a>ROMA\u00a0<\/strong>Uncem esprime forte preoccupazione per quanto avvenuto nella notte tra domenica e lunedi, quando al termine degli scrutini delle schede dei Referendum, il personale dei Comuni ha dovuto consegnare scatoloni e materiali presso i Tribunali di riferimento. Va ricordato che dopo la riduzione delle sedi, avvenuta negli ultimi anni, vi sono Comuni montani, pi\u00f9 periferici, che distano anche 60, 80 chilometri dal Tribunale della propria giurisdizione. E cos\u00ec, personale comunale o anche Sindaci costretti a fare pure i fattorini, sono dovuti partire nottetempo per consegnare schede votate e non. Pi\u00f9 tutto il materiale. Quando \u00e8 evidente che la stessa operazione poteva essere fatta il giorno successivo. Uncem ha raccolto segnalazioni di lunghe code per riconsegnare le urne, le matite, le schede colorate agli uffici dei Tribunali, non senza caos e attese. I risultati, tutti i numeri, erano peraltro gi\u00e0 stati trasmessi tramite pec immediatamente dopo lo scrutinio. Eppure, la digitalizzazione della PA \u00e8 monca, fragile. Cos\u00ec, il dopo election-day si \u00e8 tradotto in un non agevole e veloce viaggio dal Municipio al Tribunale. Che si poteva evitare, secondo Uncem, con disposizioni organizzative migliori e, in futuro, con modelli di gestione del voto, pi\u00f9 digitali secondo standard gi\u00f9 adottati da altri Paesi europei.<\/p>\n<p>&nbsp;<\/p>\n<p>&nbsp;<\/p>\n<hr \/>\n<p>&nbsp;<\/p>\n<blockquote>\n<h3>IL PROGETTO ATELIER URBAN CLIMATE ACTION IN ALPINE TOWNS<\/h3>\n<\/blockquote>\n<p><strong><a class=\"dt-pswp-item\" href=\"https:\/\/www.radiopiu.net\/wordpress\/wp-content\/uploads\/2022\/06\/17_03_2022_Laboratorio-casette-insetti_cl2a-e-2b_isoipse-29-scaled.jpg\" data-dt-img-description=\"\" data-large_image_width=\"2560\" data-large_image_height=\"1920\"><img loading=\"lazy\" decoding=\"async\" class=\"size-thumbnail wp-image-281610 alignleft\" src=\"https:\/\/www.radiopiu.net\/wordpress\/wp-content\/uploads\/2022\/06\/17_03_2022_Laboratorio-casette-insetti_cl2a-e-2b_isoipse-29-150x150.jpg\" alt=\"\" width=\"150\" height=\"150\" \/><\/a>BELLUNO <\/strong>Sta per volgere al termine la prima fase del progetto didattico \u201cAtelier Urbain Climate Action in Alpine Towns\u201d, proposto dal Comune di Belluno alla scuola primaria \u201cRomolo Dal Mas\u201d di Cavarzano, che ha visto gli alunni impegnati da marzo a oggi nella realizzazione di piccole infrastrutture verdi nel giardino della scuola, anche con il coinvolgimento di genitori e nonni e su progetto degli stessi bambini. Il riconoscimento dei semi, cosa significa prendersi cura dell\u2019orto, quali varieta\u0300 possono essere coltivate, che funzione hanno gli insetti impollinatori, come si coltiva un orto in maniera biologica sono solo alcune delle tantissime attivita\u0300 che il finanziamento ha reso possibile, con grande entusiasmo da parte dei bambini e delle famiglie oltre che degli organizzatori e degli insegnanti. I bambini hanno potuto toccare dal vivo gli strumenti dell\u2019apicoltura, vedere il lavoro delle api in un\u2019arnia didattica, degustare vari tipi di miele, riconoscere le verdure, realizzare un semenzaio, ma anche costruire bug- hotel, spaventapasseri e casette per farfalle e uccellini con materiali riciclati. Alcuni di questi piccoli arredi sono stati posizionati nel giardino della scuola, altri sono stati destinati alle abitazioni delle famiglie dei bambini. Le ultime giornate di lavoro hanno visto la realizzazione delle aiuole fiorite e dell\u2019orto nel giardino della scuola.<\/p>\n<p>&nbsp;<\/p>\n<p>&nbsp;<\/p>\n<hr \/>\n<p>&nbsp;<\/p>\n<blockquote>\n<h3>UN PRESIDIO &#8220;LIBERA&#8221; IN AGORDINO, OGGI AD AGORDO E DOMANI AD ALLEGHE<\/h3>\n<\/blockquote>\n<p><strong><a class=\"dt-pswp-item\" href=\"https:\/\/www.radiopiu.net\/wordpress\/wp-content\/uploads\/2022\/03\/LIBERA-MAFIE.png\" data-dt-img-description=\"\" data-large_image_width=\"860\" data-large_image_height=\"756\"><img loading=\"lazy\" decoding=\"async\" class=\"alignleft wp-image-267115 \" src=\"https:\/\/www.radiopiu.net\/wordpress\/wp-content\/uploads\/2022\/03\/LIBERA-MAFIE-300x264.png\" alt=\"\" width=\"174\" height=\"153\" \/><\/a>di Gianni Santomaso<\/strong><\/p>\n<p><strong>AGORDO-ALLEGHE<\/strong> Due assemblee aperte a tutta la cittadinanza per costituire un presidio di Libera in Agordino e diffondere la cultura della legalit\u00e0. Sono quelle che sono state organizzate per oggi alle 20.30 al centro parrocchiale di Agordo e per domani sempre alle 20.30 in sala Stoppani di Alleghe (con il patrocinio del Comune di Alleghe) da un gruppo di persone che ha raccolto l\u2019input lanciato loro da Piermario Fop, coreferente di Libera Veneto, e fondatore del presidio Libera Cadore. \u00abA livello regionale \u2013 spiegano gli organizzatori delle assemblee \u2013 \u00e8 nata questa volont\u00e0 di creare pi\u00f9 presidi sul territorio per avvicinare ulteriormente Libera ai cittadini. Abbiamo ritenuto pertanto di sostenere questa volont\u00e0 e di provare a far nascere un presidio anche in Agordino, terra dove, in questi ultimi anni, sono gi\u00e0 sorte iniziative tese da un lato a fare memoria delle vittime innocenti delle mafie, dall\u2019altro a stimolare, specie nelle giovani generazioni, l\u2019impegno a costruire una societ\u00e0 pi\u00f9 giusta e solidale\u00bb. L\u2019istituto comprensivo di Cencenighe, in particolare, da tempo sottolinea il 21 marzo, giornata della memoria e dell\u2019impegno in ricordo delle vittime innocenti delle mafie, con eventi rivolti non solo agli studenti, ma tutta la cittadinanza. Alla scuola media di Canale d\u2019Agordo nel 2018 \u00e8 stata intitolata la biblioteca ai fratelli Salvatore e Giuseppe Asta, uccisi dalla mafia assieme alla madre Barbara Rizzo nella strage di Pizzolungo. Il Comune di Agordo nel 2019 ha intitolato il parcheggio di Tamonich a Peppino Impastato, ucciso da Cosa Nostra nel 1978. \u00abA Libera, l\u2019associazione apartitica, aconfessionale e senza scopo di lucro fondata da don Luigi Ciotti nel 1995 \u2013 dicono i promotori delle assemblee a cui saranno presenti sia Fop che Enrico De Col, coordinatore della sezione Libera Belluno \u2013 possono aderire cittadini, ma anche associazioni e scuole. Per questo invitiamo tutti a partecipare agli incontri di Agordo e di Alleghe. La nostra intenzione \u00e8 quella di costituire un presidio, un luogo in cui le persone possano concretizzare assieme gli obiettivi che Libera si \u00e8 posta nel suo statuto e cio\u00e8 approfondire il fenomeno mafioso e le azioni per contrastarlo ed elaborare un piano educativo generale per chiunque intenda impegnarsi per la crescita della cultura della legalit\u00e0, dell&#8217;etica della responsabilit\u00e0, della solidariet\u00e0, della nonviolenza e della tutela dell&#8217;ambiente\u00bb. \u00abPensiamo \u2013 concludono \u2013 che sia anche un\u2019ulteriore occasione per quanti abitano in questa vallata di farsi comunit\u00e0 e di agire tutti assieme per il bene comune\u00bb.<\/p>\n<p>&nbsp;<\/p>\n<p>&nbsp;<\/p>\n<hr \/>\n<p>&nbsp;<\/p>\n<p>&nbsp;<\/p>\n<blockquote>\n<h3>SAMANTHA CRISTOFORETTI CAPTATA A CENCENIGHE<\/h3>\n<\/blockquote>\n<p><strong><a class=\"dt-pswp-item\" href=\"https:\/\/www.radiopiu.net\/wordpress\/wp-content\/uploads\/2022\/06\/11270465_384947138377397_4199370051699066535_o.jpg\" data-dt-img-description=\"\" data-large_image_width=\"2048\" data-large_image_height=\"1364\"><img loading=\"lazy\" decoding=\"async\" class=\"size-thumbnail wp-image-281589 alignleft\" src=\"https:\/\/www.radiopiu.net\/wordpress\/wp-content\/uploads\/2022\/06\/11270465_384947138377397_4199370051699066535_o-150x150.jpg\" alt=\"\" width=\"150\" height=\"150\" \/><\/a>CENCENIGHE<\/strong> Erano le 12:10 quando la stazione spaziale con a bordo l&#8217;astronauta Samantha Cristoforetti \u00e8 transitata sopra i cieli d&#8217;Europa ed \u00e8 stata captata mentre teneva un incontro con una scuola in Italia. A registrare il passaggio ci ha pensato Mauro Groppa del Radio Club Cime Bianche che con il suo apparato radioamatore \u00e8 riuscito a sentire cosa stava succedendo. Non \u00e8 la prima volta che la stazione spaziale transita sopra i cieli agordini, ma questa volta la registrazione \u00e8 nitida, ci\u00f2 vuol dire che il passaggio \u00e8 avvenuto in concomitanza con la zona di Cencenighe.<\/p>\n<p><strong>L&#8217;AUDIO DI MAURO GROPPA<\/strong><\/p>\n<audio class=\"wp-audio-shortcode\" id=\"audio-281464-3\" preload=\"none\" style=\"width: 100%;\" controls=\"controls\"><source type=\"audio\/mpeg\" src=\"https:\/\/www.radiopiu.net\/wordpress\/wp-content\/uploads\/2022\/06\/CRISTOFORETTI.mp3?_=3\" \/><a href=\"https:\/\/www.radiopiu.net\/wordpress\/wp-content\/uploads\/2022\/06\/CRISTOFORETTI.mp3\">https:\/\/www.radiopiu.net\/wordpress\/wp-content\/uploads\/2022\/06\/CRISTOFORETTI.mp3<\/a><\/audio>\n<p>&nbsp;<\/p>\n<p>&nbsp;<\/p>\n<p>&nbsp;<\/p>\n<p>&nbsp;<\/p>\n<hr \/>\n<p>&nbsp;<\/p>\n<blockquote class=\"wp-embedded-content\" data-secret=\"xfdxCoQuNm\"><p><a href=\"https:\/\/www.radiopiu.net\/wordpress\/aggnazionalegiugno14\/\">CORONAVIRUS: AGGIORNAMENTO NAZIONALE 14 GIUGNO 2022<\/a><\/p><\/blockquote>\n<p><iframe loading=\"lazy\" class=\"wp-embedded-content\" sandbox=\"allow-scripts\" security=\"restricted\" style=\"position: absolute; clip: rect(1px, 1px, 1px, 1px);\" title=\"&#8220;CORONAVIRUS: AGGIORNAMENTO NAZIONALE 14 GIUGNO 2022&#8221; &#8212; Radio Pi\u00f9\" src=\"https:\/\/www.radiopiu.net\/wordpress\/aggnazionalegiugno14\/embed\/#?secret=VQxDiek53W#?secret=xfdxCoQuNm\" data-secret=\"xfdxCoQuNm\" width=\"600\" height=\"338\" frameborder=\"0\" marginwidth=\"0\" marginheight=\"0\" scrolling=\"no\"><\/iframe><\/p>\n<p>&nbsp;<\/p>\n<p>&nbsp;<\/p>\n<blockquote class=\"wp-embedded-content\" data-secret=\"6A325BsCdV\"><p><a href=\"https:\/\/www.radiopiu.net\/wordpress\/aggazzerogiugno13\/\">OSPEDALE DI FELTRE: TUTTI  DIMESSI. NELLE ULTIME 24 ORE 3700 NUOVI CASI, 3 DECESSI<\/a><\/p><\/blockquote>\n<p><iframe loading=\"lazy\" class=\"wp-embedded-content\" sandbox=\"allow-scripts\" security=\"restricted\" style=\"position: absolute; clip: rect(1px, 1px, 1px, 1px);\" title=\"&#8220;OSPEDALE DI FELTRE: TUTTI  DIMESSI. NELLE ULTIME 24 ORE 3700 NUOVI CASI, 3 DECESSI&#8221; &#8212; Radio Pi\u00f9\" src=\"https:\/\/www.radiopiu.net\/wordpress\/aggazzerogiugno13\/embed\/#?secret=DLa6yCkcgJ#?secret=6A325BsCdV\" data-secret=\"6A325BsCdV\" width=\"600\" height=\"338\" frameborder=\"0\" marginwidth=\"0\" marginheight=\"0\" scrolling=\"no\"><\/iframe><\/p>\n<p>&nbsp;<\/p>\n<h2>I GRAFICI DI TIZIANO DE COL<\/h2>\n\n\t\t\t<style type='text\/css'>\n\t\t\t\t#gallery-6 {\n\t\t\t\t\tmargin: auto;\n\t\t\t\t}\n\t\t\t\t#gallery-6 .gallery-item {\n\t\t\t\t\tfloat: left;\n\t\t\t\t\tmargin-top: 10px;\n\t\t\t\t\ttext-align: center;\n\t\t\t\t\twidth: 33%;\n\t\t\t\t}\n\t\t\t\t#gallery-6 img {\n\t\t\t\t\tborder: 2px solid #cfcfcf;\n\t\t\t\t}\n\t\t\t\t#gallery-6 .gallery-caption {\n\t\t\t\t\tmargin-left: 0;\n\t\t\t\t}\n\t\t\t\t\/* see gallery_shortcode() in wp-includes\/media.php *\/\n\t\t\t<\/style>\n\t\t<div id='gallery-6' class='dt-gallery-container gallery galleryid-281464 gallery-columns-3 gallery-size-thumbnail'><dl class='gallery-item'>\n\t\t\t\t<dt class='gallery-icon landscape'>\n\t\t\t\t\t<a class=\"rollover rollover-zoom dt-pswp-item\" title=\"1ac507af-2017-414b-b6d9-aeab7828a784\" data-dt-img-description=\"\" data-large_image_width=\"595\" data-large_image_height=\"361\"href='https:\/\/www.radiopiu.net\/wordpress\/wp-content\/uploads\/2022\/06\/1ac507af-2017-414b-b6d9-aeab7828a784.jpg'><img loading=\"lazy\" decoding=\"async\" width=\"150\" height=\"150\" src=\"https:\/\/www.radiopiu.net\/wordpress\/wp-content\/uploads\/2022\/06\/1ac507af-2017-414b-b6d9-aeab7828a784-150x150.jpg\" class=\"attachment-thumbnail size-thumbnail\" alt=\"\" \/><\/a>\n\t\t\t\t<\/dt><\/dl><dl class='gallery-item'>\n\t\t\t\t<dt class='gallery-icon landscape'>\n\t\t\t\t\t<a class=\"rollover rollover-zoom dt-pswp-item\" title=\"ebcc0c7f-845a-421e-ba10-6668c8a582a8\" data-dt-img-description=\"\" data-large_image_width=\"593\" data-large_image_height=\"362\"href='https:\/\/www.radiopiu.net\/wordpress\/wp-content\/uploads\/2022\/06\/ebcc0c7f-845a-421e-ba10-6668c8a582a8.jpg'><img loading=\"lazy\" decoding=\"async\" width=\"150\" height=\"150\" src=\"https:\/\/www.radiopiu.net\/wordpress\/wp-content\/uploads\/2022\/06\/ebcc0c7f-845a-421e-ba10-6668c8a582a8-150x150.jpg\" class=\"attachment-thumbnail size-thumbnail\" alt=\"\" \/><\/a>\n\t\t\t\t<\/dt><\/dl><dl class='gallery-item'>\n\t\t\t\t<dt class='gallery-icon landscape'>\n\t\t\t\t\t<a class=\"rollover rollover-zoom dt-pswp-item\" title=\"070ae5ad-42f1-4778-a6bb-4c5536943d51\" data-dt-img-description=\"\" data-large_image_width=\"612\" data-large_image_height=\"359\"href='https:\/\/www.radiopiu.net\/wordpress\/wp-content\/uploads\/2022\/06\/070ae5ad-42f1-4778-a6bb-4c5536943d51.jpg'><img loading=\"lazy\" decoding=\"async\" width=\"150\" height=\"150\" src=\"https:\/\/www.radiopiu.net\/wordpress\/wp-content\/uploads\/2022\/06\/070ae5ad-42f1-4778-a6bb-4c5536943d51-150x150.jpg\" class=\"attachment-thumbnail size-thumbnail\" alt=\"\" \/><\/a>\n\t\t\t\t<\/dt><\/dl><br style=\"clear: both\" \/><dl class='gallery-item'>\n\t\t\t\t<dt class='gallery-icon landscape'>\n\t\t\t\t\t<a class=\"rollover rollover-zoom dt-pswp-item\" title=\"ab22cc22-b212-41a3-a0c8-8d40bcee9edf\" data-dt-img-description=\"\" data-large_image_width=\"610\" data-large_image_height=\"348\"href='https:\/\/www.radiopiu.net\/wordpress\/wp-content\/uploads\/2022\/06\/ab22cc22-b212-41a3-a0c8-8d40bcee9edf.jpg'><img loading=\"lazy\" decoding=\"async\" width=\"150\" height=\"150\" src=\"https:\/\/www.radiopiu.net\/wordpress\/wp-content\/uploads\/2022\/06\/ab22cc22-b212-41a3-a0c8-8d40bcee9edf-150x150.jpg\" class=\"attachment-thumbnail size-thumbnail\" alt=\"\" \/><\/a>\n\t\t\t\t<\/dt><\/dl><dl class='gallery-item'>\n\t\t\t\t<dt class='gallery-icon landscape'>\n\t\t\t\t\t<a class=\"rollover rollover-zoom dt-pswp-item\" title=\"0fe8813b-c39f-45e9-9881-5a4dc51bea15\" data-dt-img-description=\"\" data-large_image_width=\"602\" data-large_image_height=\"357\"href='https:\/\/www.radiopiu.net\/wordpress\/wp-content\/uploads\/2022\/06\/0fe8813b-c39f-45e9-9881-5a4dc51bea15.jpg'><img loading=\"lazy\" decoding=\"async\" width=\"150\" height=\"150\" src=\"https:\/\/www.radiopiu.net\/wordpress\/wp-content\/uploads\/2022\/06\/0fe8813b-c39f-45e9-9881-5a4dc51bea15-150x150.jpg\" class=\"attachment-thumbnail size-thumbnail\" alt=\"\" \/><\/a>\n\t\t\t\t<\/dt><\/dl><dl class='gallery-item'>\n\t\t\t\t<dt class='gallery-icon landscape'>\n\t\t\t\t\t<a class=\"rollover rollover-zoom dt-pswp-item\" title=\"3f8cf780-1595-4095-be74-49d8e51afe94\" data-dt-img-description=\"\" data-large_image_width=\"606\" data-large_image_height=\"356\"href='https:\/\/www.radiopiu.net\/wordpress\/wp-content\/uploads\/2022\/06\/3f8cf780-1595-4095-be74-49d8e51afe94.jpg'><img loading=\"lazy\" decoding=\"async\" width=\"150\" height=\"150\" src=\"https:\/\/www.radiopiu.net\/wordpress\/wp-content\/uploads\/2022\/06\/3f8cf780-1595-4095-be74-49d8e51afe94-150x150.jpg\" class=\"attachment-thumbnail size-thumbnail\" alt=\"\" \/><\/a>\n\t\t\t\t<\/dt><\/dl><br style=\"clear: both\" \/>\n\t\t\t<\/div>\n\n<p>&nbsp;<\/p>\n<p>&nbsp;<\/p>\n<hr \/>\n<p>&nbsp;<\/p>\n<blockquote>\n<h3>GIORNATA PER LE DONAZIONI DEL SANGUE, IL GRAZIE ALLA GENEROSITA&#8217; DEI BELLUNESI<\/h3>\n<\/blockquote>\n<p><strong><a class=\"dt-pswp-item\" href=\"https:\/\/www.radiopiu.net\/wordpress\/wp-content\/uploads\/2020\/03\/sangue.jpg\" data-dt-img-description=\"\" data-large_image_width=\"800\" data-large_image_height=\"533\"><img loading=\"lazy\" decoding=\"async\" class=\"size-thumbnail wp-image-124189 alignleft\" src=\"https:\/\/www.radiopiu.net\/wordpress\/wp-content\/uploads\/2020\/03\/sangue-150x150.jpg\" alt=\"\" width=\"150\" height=\"150\" \/><\/a>BELLUNO<\/strong> La generosit\u00e0 e l\u2019organizzazione dei donatori di sangue dell\u2019Ulss Dolomiti va oltre i confini dalla provincia: il \u201cbuon sangue\u201d dei bellunesi non basta solo per le necessit\u00e0 degli assistiti locali ma viene anche \u201cesportato\u201d fuori ulss per rispondere ai bisogni di altre realt\u00e0 anche fuori regione.\u00a0 DONAZIONI 2021 Il 2021 \u00e8 stato un anno molto positivo per le donazioni, che sono state 14.567, ben 1568 in pi\u00f9 del 2020 (+12.06%), con un aumento in controtendenza rispetto alle altre realt\u00e0. CESSIONI 2021 \u00c8 stato un anno molto positivo anche per il contributo fornito\u00a0 ad altre ULSS sia in Veneto che fuori Regione 6518 unit\u00e0 di globuli rossi, ben 1028 (18.72%) in pi\u00f9 di quanto programmato a livello regionale. ANDAMENTO 2022 L&#8217;andamento positivo delle donazioni continua anche nei primi mesi dell&#8217;anno in corso: infatti, dall&#8217;inizio dell&#8217;anno ad oggi sono state effettuate 6562 donazioni, 355 (5.72%) in pi\u00f9 dello stesso periodo del 2021 e ben 1243 (23%) in pi\u00f9 dello stesso periodo del 2020. Altrettanto importante \u00e8 stata l&#8217;attivit\u00e0 di cessione, con\u00a02845\u00a0unit\u00e0 di globuli rossi inviate finora in altre ULSS,118\u00a0(4.33%) in pi\u00f9 dello stesso periodo del 2021.<\/p>\n<blockquote><p><em>\u00abLa generosit\u00e0 dei bellunesi \u00e8 testimoniata da dati come questi che testimoniano una cultura del dono radicata. Un ringraziamento personale ad ogni donatore, perch\u00e9 la donazione di sangue non \u00e8 un gesto fine a se stesso ma si inserisce in uno stile di vita, proprio della gente di montagna, fatto di solidariet\u00e0 silenziosa e concreta, di responsabilit\u00e0 verso l\u2019altro e di attenzione alla salute\u00bb, commenta il direttore generale Maria Grazia Carraro \u00abun ringraziamento particolare anche alle Associazioni di volontariato che coordinano questo piccolo esercito di solidariet\u00e0 con instancabile energia\u00bb<\/em><\/p><\/blockquote>\n<p>&nbsp;<\/p>\n<p>&nbsp;<\/p>\n<p>&nbsp;<\/p>\n<hr \/>\n<p>&nbsp;<\/p>\n<blockquote>\n<h3>SABATO 2 LUGLIO L&#8217;INAUGURAZIONE DELLA SCHOLA DEI BATTUTI A VALLADA<\/h3>\n<\/blockquote>\n<p><strong><a class=\"dt-pswp-item\" href=\"https:\/\/www.radiopiu.net\/wordpress\/wp-content\/uploads\/2022\/06\/Schola-dei-Battuti-presso-San-Simon-Vallada-Agordina.jpg\" data-dt-img-description=\"\" data-large_image_width=\"1600\" data-large_image_height=\"1200\"><img loading=\"lazy\" decoding=\"async\" class=\"size-thumbnail wp-image-280948 alignleft\" src=\"https:\/\/www.radiopiu.net\/wordpress\/wp-content\/uploads\/2022\/06\/Schola-dei-Battuti-presso-San-Simon-Vallada-Agordina-150x150.jpg\" alt=\"\" width=\"150\" height=\"150\" \/><\/a>VALLADA<\/strong> La Parrocchia di San Simone Apostolo di Vallada, il comune e la Fondazione Papa Luciani di Canale D&#8217;Agordo sono lieti di annunciare che sabato 2 luglio alle 16 a San Simon di Vallada verr\u00e0 inaugurata la Schola Dei Battuti. Saranno presenti il Vescovo di Belluno e Feltre Renato Marangoni, Don Vito De Vido parroco di Vallada, l&#8217;amministratore parrocchiale di Vallada Matteo Colle, il sindaco di Vallada Fabio Lucchetta, Mauro Soppelsa presidente del GAL Alto Bellunese e la Fondazione Cariverona. Interverranno Monsignor Giacomo Mazzorana direttore dell&#8217;ufficio beni culturali della diocesi di Belluno e Feltre, Loris Serafini direttore della Fondazione Papa Luciani, Gloria Manera progettista e direttore dei lavori e l&#8217;autore dell&#8217;opuscolo relativo alla Schola Dei Battuti. Moderer\u00e0 l&#8217;incontro Luca Lucchetta ex sindaco di Vallada. Alle 17 sul piazzale antistante la chiesa di San Simon il concerto della Banda Centrale di Zugliano diretta da Sandro Maculan. In caso di pioggia il concerto si terr\u00e0 al Nof Fil\u00f2 di Cencenighe.<\/p>\n<p>&nbsp;<\/p>\n<p>&nbsp;<\/p>\n<hr \/>\n<p>&nbsp;<\/p>\n<blockquote>\n<h3>IL BANDO DELLA POLIZIA<\/h3>\n<\/blockquote>\n<p>Nella Gazzetta Ufficiale n. 40 del 20 maggio \u00e8 stato pubblicato il bando di concorso pubblico, per esame e titoli, per l\u2019assunzione di 1381 allievi agenti della Polizia di Stato, riservato\u00a0 ai volontari in ferma prefissata di un anno o quadriennale ovvero rafferma annuale in servizio o in congedo. La procedura informatica \u00e8 disponibile all\u2019indirizzo <a href=\"https:\/\/concorsionline.poliziadistato.it\">https:\/\/concorsionline.poliziadistato.it<\/a><\/p>\n<p>&nbsp;<\/p>\n<hr \/>\n<p>&nbsp;<\/p>\n<blockquote>\n<h3>FAI UN GIRO IN VILLA 2022, 18-19 GIUGNO<\/h3>\n<\/blockquote>\n<p><strong>BELLUNO<\/strong> \u201cFAI un giro in villa\u201d, il Festival Laboratorio del Vivere la Villa Veneta\u00a0 con i Gruppi FAI Giovani del territorio \u00e8 giunto alla sesta edizione. Obiettivo del FAI \u00e8 quello di far rivivere alcune ville venete solitamente chiuse al pubblico, che ospiteranno per l\u2019occasione diverse iniziative: passeggiate, incontri, musica, con lo scopo di raccogliere fondi a favore di Monte Fontana Secca, un alpeggio con malga sul Massiccio del Monte Grappa a Quero Vas,\u00a0 donato al FAI nel 2015 dai fratelli Liliana e Bruno Collavo, che hanno cos\u00ec voluto onorare la memoria dei propri genitori. L\u2019appuntamento bellunese chiude l\u2019edizione 2022 di \u201cFAI un giro in villa\u201d: durante il week 18 e 19 giugno verr\u00e0 aperta dal Gruppo FAI Giovani di Belluno Villa Sacello Conte della Morgia a Col di Mezzo, in comune di Limana. Due sono gli eventi collaterali. In occasione del cinquantesimo della morte di Dino Buzzati \u201cpomeriggio buzzatiano\u201d sabato 18 giugno: dalle\u00a0 15 letture con la compagnia teatrale \u201cSur la Sc\u00e8ne\u201d\u00a0 e con lettura e musica con il cantautore Giorgio Fornasier. In villa si potr\u00e0 inoltre vedere l\u2019esposizione di quattro bassorilievi realizzati dagli studenti della Scuola del Legno di Sedico ispirati alle illustrazioni di Buzzati contenute nel suo \u201cMiracoli di Val Morel\u201d. Il secondo \u00e8 \u201cYoga in villa\u201d, a partire dalle 9.30: sabato 18 per gli adulti, domenica 19 per bambini dai 4 ai 10 anni (per informazioni e prenotazione si rimanda alla pagina Facebook del Gruppo FAI Giovani Belluno).<\/p>\n<blockquote><p>&nbsp;<\/p><\/blockquote>\n<hr \/>\n<p>&nbsp;<\/p>\n<p>&nbsp;<\/p>\n<blockquote class=\"wp-embedded-content\" data-secret=\"HCcJTfo9G5\"><p><a href=\"https:\/\/www.radiopiu.net\/wordpress\/nel-fine-settimana-el-bon-de-lansuda\/\">&#8220;EL BON DE L&#8217;ANSUDA&#8221; IL FINE SETTIMANA IN VALLE DEL BIOIS<\/a><\/p><\/blockquote>\n<p><iframe loading=\"lazy\" class=\"wp-embedded-content\" sandbox=\"allow-scripts\" security=\"restricted\" style=\"position: absolute; clip: rect(1px, 1px, 1px, 1px);\" title=\"&#8220;&#8220;EL BON DE L&#8217;ANSUDA&#8221; IL FINE SETTIMANA IN VALLE DEL BIOIS&#8221; &#8212; Radio Pi\u00f9\" src=\"https:\/\/www.radiopiu.net\/wordpress\/nel-fine-settimana-el-bon-de-lansuda\/embed\/#?secret=RSV8hwTBIF#?secret=HCcJTfo9G5\" data-secret=\"HCcJTfo9G5\" width=\"600\" height=\"338\" frameborder=\"0\" marginwidth=\"0\" marginheight=\"0\" scrolling=\"no\"><\/iframe><\/p>\n<p>&nbsp;<\/p>\n<p>&nbsp;<\/p>\n<hr \/>\n<p>&nbsp;<\/p>\n<blockquote>\n<h3>IL FESTIVAL INTERNAZIONALE DELLA FISARMONICA<\/h3>\n<\/blockquote>\n<p><strong><a class=\"dt-pswp-item\" href=\"https:\/\/www.radiopiu.net\/wordpress\/wp-content\/uploads\/2022\/06\/sa.jpg\" data-dt-img-description=\"\" data-large_image_width=\"473\" data-large_image_height=\"151\"><img loading=\"lazy\" decoding=\"async\" class=\"wp-image-280606 alignleft\" src=\"https:\/\/www.radiopiu.net\/wordpress\/wp-content\/uploads\/2022\/06\/sa.jpg\" alt=\"\" width=\"229\" height=\"73\" srcset=\"https:\/\/www.radiopiu.net\/wordpress\/wp-content\/uploads\/2022\/06\/sa.jpg 473w, https:\/\/www.radiopiu.net\/wordpress\/wp-content\/uploads\/2022\/06\/sa-300x96.jpg 300w\" sizes=\"auto, (max-width: 229px) 100vw, 229px\" \/><\/a>REDAZIONE<\/strong> Il Festival internazionale della Fisarmonica, Dolomiti 2022 ritorna in presenza con tre appuntamenti, dall&#8217;Agordino al Cadore. Prima serata venerdi 1 luglio alle 20.45 al Nof Fil\u00f2 di Cencenighe, sabato 2 luglio all&#8217;Auditorium dell&#8217;Istituto Canossiano di Feltre, domenica 3 luglio all&#8217;Auditorium Comunale di San Vito di Cadore. Ospiti della serata i pi\u00f9 noti concertisti del panorama musicale internazionale. E&#8217; un&#8217;iniziativa dell&#8217;Associazione Filarmonica, Fisorchestra G. Rossini di Santa Giustina. La Fisorchestra Rossini, diretta dal maestro Ernesto Bellus e la Fisorchestra Armonia, diretta dal maestro Mirko Satto si esibiranno nel repertorio classico e moderno; il Koa Quintett diretto dal maestro Nicola Bettiol suoner\u00e0 un repertorio oberkrainer. Informazioni negli uffici turistici di Cencenighe e Feltre. Presenta Michela Da Canal.<\/p>\n<p>&nbsp;<\/p>\n<p>&nbsp;<\/p>\n<p>&nbsp;<\/p>\n<hr \/>\n<p>&nbsp;<\/p>\n<blockquote>\n<h3><strong>MESE DEL LIBRO IN ALPAGO \u00a0<\/strong><\/h3>\n<\/blockquote>\n<p><strong><a class=\"dt-pswp-item\" href=\"https:\/\/www.radiopiu.net\/wordpress\/wp-content\/uploads\/2022\/06\/situla-alpago-originale.L.jpg\" data-dt-img-description=\"\" data-large_image_width=\"1913\" data-large_image_height=\"1096\"><img loading=\"lazy\" decoding=\"async\" class=\"wp-image-281554 alignleft\" src=\"https:\/\/www.radiopiu.net\/wordpress\/wp-content\/uploads\/2022\/06\/situla-alpago-originale.L-300x172.jpg\" alt=\"\" width=\"262\" height=\"150\" srcset=\"https:\/\/www.radiopiu.net\/wordpress\/wp-content\/uploads\/2022\/06\/situla-alpago-originale.L-300x172.jpg 300w, https:\/\/www.radiopiu.net\/wordpress\/wp-content\/uploads\/2022\/06\/situla-alpago-originale.L-1024x587.jpg 1024w, https:\/\/www.radiopiu.net\/wordpress\/wp-content\/uploads\/2022\/06\/situla-alpago-originale.L-768x440.jpg 768w, https:\/\/www.radiopiu.net\/wordpress\/wp-content\/uploads\/2022\/06\/situla-alpago-originale.L-1536x880.jpg 1536w, https:\/\/www.radiopiu.net\/wordpress\/wp-content\/uploads\/2022\/06\/situla-alpago-originale.L.jpg 1913w\" sizes=\"auto, (max-width: 262px) 100vw, 262px\" \/><\/a>PIEVE D&#8217;ALPAGO<\/strong> Il 16 agosto 2022, saranno trascorsi vent\u2019anni dalla scoperta della situla bronzea istoriata datata VI-V sec. a.C., avvenuta a \u201cPian de la gnela\u201d a Pieve d\u2019Alpago. Il Comune di Alpago e la rassegna culturale Mese del Libro (che ritorna con questa anteprima dopo un anno di stop dovuto alla pandemia) dedicano alla ricorrenza (venerd\u00ec 17 giugno, alle 15, in sala \u201cPlacido Fabris\u201d a Pieve), un incontro internazionale con i massimi esperti e studiosi di questa arte intitolato: \u201cStudi e confronti sull\u2019Arte delle Situle: Monte Krn (Slovenia)-Alpago (Veneto)-Caravaggio (Lombardia)\u201d. Questo incontro di studio offre l\u2019opportunit\u00e0, anche al pubblico, di scoprire quanti possano essere i contenuti racchiusi in reperti come le situle, considerate le strette similitudini dei personaggi raffigurati, e a quali significati e relazioni tra genti dell\u2019Et\u00e0 del ferro potrebbero fare riferimento. I relatori dell\u2019incontro: Alessandro Vanzetti: Docente di archeologia all\u2019universit\u00e0 \u201cLa Sapienza\u201d di Roma; Luca Zaghetto: Ricercatore indipendente;\u00a0 Bostjan Laharnar, Peter Turk: Museo nazionale della Slovenia;\u00a0 Miha Mlinar: Museo di Tolmino; Diego Voltolini: Direttore del Museo archeologico nazionale delle Marche;\u00a0 Louis Nebelsick: Docente di archeologia presso l\u2019universit\u00e0 Cardinal Stefan Wyszynski di Varsavia; Elia Bettini: Ricercatore indipendente<\/p>\n<p>&nbsp;<\/p>\n<hr \/>\n<p>&nbsp;<\/p>\n<blockquote class=\"wp-embedded-content\" data-secret=\"dugWDwmkRS\"><p><a href=\"https:\/\/www.radiopiu.net\/wordpress\/una-storia-di-oltre-15-metri-quadrati-a-zugliano-in-provincia-di-vicenza\/\">UNA STORIA DI OLTRE 15 METRI QUADRATI A ZUGLIANO IN PROVINCIA DI VICENZA<\/a><\/p><\/blockquote>\n<p><iframe loading=\"lazy\" class=\"wp-embedded-content\" sandbox=\"allow-scripts\" security=\"restricted\" style=\"position: absolute; clip: rect(1px, 1px, 1px, 1px);\" title=\"&#8220;UNA STORIA DI OLTRE 15 METRI QUADRATI A ZUGLIANO IN PROVINCIA DI VICENZA&#8221; &#8212; Radio Pi\u00f9\" src=\"https:\/\/www.radiopiu.net\/wordpress\/una-storia-di-oltre-15-metri-quadrati-a-zugliano-in-provincia-di-vicenza\/embed\/#?secret=yjgUnwBLFk#?secret=dugWDwmkRS\" data-secret=\"dugWDwmkRS\" width=\"600\" height=\"338\" frameborder=\"0\" marginwidth=\"0\" marginheight=\"0\" scrolling=\"no\"><\/iframe><\/p>\n<p>&nbsp;<\/p>\n<hr \/>\n<p>&nbsp;<\/p>\n<blockquote>\n<h3>PISCINA DI BELLUNO: CHIUSURA PER MANUTENZIONE ANNUALE DAL 12 AL 26 GIUGNO<\/h3>\n<\/blockquote>\n<p><strong>BELLUNO<\/strong> La Sportivamente Belluno desidera avvisare gli utenti che la Piscina sar\u00e0 chiusa dal 12 al 26 giugno per la consueta manutenzione annuale. Nel periodo di chiusura la segreteria sar\u00e0 comunque aperta dal luned\u00ec al venerd\u00ec dalle 8.00 alle 13.00 e dalle 16.00 alle 19.00 per riconferme, pagamenti, iscrizioni; sabato e domenica sar\u00e0 chiusa<\/p>\n<p>&nbsp;<\/p>\n<p>&nbsp;<\/p>\n<hr \/>\n<p>&nbsp;<\/p>\n<blockquote>\n<blockquote>\n<h3>RINVIATA LA SERATA CON SAMMY BASSO A CAVIOLA<\/h3>\n<\/blockquote>\n<p><strong>CANALE D&#8217;AGORDO<\/strong> la serata con Sammy Basso prevista sabato\u00a0 alla Casa della Giovent\u00f9 di Caviola \u00e8 rinviata causa Covid a data da destinarsi.<\/p><\/blockquote>\n<p>&nbsp;<\/p>\n<p>&nbsp;<\/p>\n<hr \/>\n<p>&nbsp;<\/p>\n<blockquote>\n<h3>IL CONCERTO DI GALA<\/h3>\n<\/blockquote>\n<p><strong>BELLUNO<\/strong> La Filarmonica di Belluno celebra il suo 155\u00b0 compleanno con un\u00a0 concerto dove il pubblico potr\u00e0 ascoltare un articolato programma che spazia dalla musica originale per orchestra di fiati ad apposite trascrizioni di musica classica, dalle colonne sonore fino alla musica tradizionale. Oggi alle 20.30 in piazza Duomo con ingresso libero, dirige il maestro Sandro De Marchi<\/p>\n<p>&nbsp;<\/p>\n<p>&nbsp;<\/p>\n<hr \/>\n<p>&nbsp;<\/p>\n<blockquote>\n<h3>CORSI PER E-BIKE DEDICATI AI BAMBINI<\/h3>\n<\/blockquote>\n<p><strong>ALLEGHE<\/strong> Dal 21 giugno al 26 luglio Agordino Bikes Guide organizza dei corsi rivolti ai bambini per l&#8217;uso corretto delle E-Bike. I corsi si terranno tutti i marted\u00ec ai Piani Di Pezz\u00e8 ed \u00e8 destinato a bambini dagli 8 anni in su. Per informazioni contattare Luca al 338 9869980 o Alan al 328 8768079<\/p>\n<p>&nbsp;<\/p>\n<hr \/>\n<p>&nbsp;<\/p>\n<blockquote>\n<h3>TORNA IL TEATRO A VILLA BUZZATI<\/h3>\n<\/blockquote>\n<p><strong><a class=\"dt-pswp-item\" href=\"https:\/\/www.radiopiu.net\/wordpress\/wp-content\/uploads\/2022\/06\/Antonella-Morassutti-La-Telefonista-scaled.jpg\" data-dt-img-description=\"\" data-large_image_width=\"2560\" data-large_image_height=\"1440\"><img loading=\"lazy\" decoding=\"async\" class=\" wp-image-281574 alignleft\" src=\"https:\/\/www.radiopiu.net\/wordpress\/wp-content\/uploads\/2022\/06\/Antonella-Morassutti-La-Telefonista-150x150.jpg\" alt=\"\" width=\"111\" height=\"111\" \/><\/a>BELLUNO<\/strong> Venerd\u00ec ultimo appuntamento della prima parte di Buzz@ti\/amo, la rassegna culturale organizzata dall\u2019Associazione Villa Buzzati S. Pellegrino. Si chiude con il teatro in giardino (nel granaio in caso di pioggia) e con la rappresentazione de \u201cLa telefonista\u201d, che insieme a \u201cSola in casa\u201d, \u201cL\u2019orologio\u201d e \u201cSpogliarello\u201d \u00e8 uno dei quattro atti unici che Dino Buzzati ha dedicato alle donne. Con Antonella Morassutti (foto), voce recitante, la regia di Riccardo Ricci e i costumi di Ilenia Rossit.\u00a0 Realizzato in collaborazione con Circolo Cultura e Stampa di Belluno \u00e8 inserito nel progetto Dino Buzzati nel 50\u00b0anniversario della morte.\u201d<\/p>\n<p>&nbsp;<\/p>\n<hr \/>\n<p>&nbsp;<\/p>\n<blockquote>\n<h3>L&#8217;ORTO RITROVATO A SAN TOMASO<\/h3>\n<\/blockquote>\n<p><strong>SAN TOMASO<\/strong> Sabato a San Tomaso Agordino prende il via una serie di incontri di formazione pratica sulla riproduzione delle piante locali e sulle tecniche di coltivazione in alta montagna. Il corso, gratuito, \u00e8 rivolto a chi opera nell\u2019area del Gal Alto Bellunese ed \u00e8 finanziato nell\u2019ambito del PSL \u201cCIME\u201d del GAL &#8211; MISURA 19.3 PROGETTO DI COOPERAZIONE TRANSNAZIONALE \u201cL\u2019ORTO RITROVATO<\/p>\n<p>&nbsp;<\/p>\n<p>&nbsp;<\/p>\n<hr \/>\n<p>&nbsp;<\/p>\n<h2><span style=\"color: #ff0000;\">IERI ALLA RADIO\u00a0<\/span><\/h2>\n<p><a class=\"dt-pswp-item\" href=\"https:\/\/www.radiopiu.net\/wordpress\/wp-content\/uploads\/2022\/06\/GIANNI.jpg\" data-dt-img-description=\"\" data-large_image_width=\"215\" data-large_image_height=\"152\"><img loading=\"lazy\" decoding=\"async\" class=\"wp-image-281524 size-full alignleft\" src=\"https:\/\/www.radiopiu.net\/wordpress\/wp-content\/uploads\/2022\/06\/GIANNI.jpg\" alt=\"\" width=\"215\" height=\"152\" \/><\/a><strong>23-26 Giugno\u00a0<\/strong> RADUNO SPITFIRE IN VENETO: &#8220;1\u00b0 Dolomiti Spit Tour Memorial Gianni Chinello&#8221;\u00a0 Informazioni: Carlo Penso\u00a0&#8211; Tel. 339 3575381 &#8211; e-mail:\u00a0carlo.penso@tin.it<\/p>\n<p>Ospite Carlo Penso<\/p>\n<p>di Claudio Fontanive<\/p>\n<p><strong>AUDIO<\/strong><\/p>\n<audio class=\"wp-audio-shortcode\" id=\"audio-281464-4\" preload=\"none\" style=\"width: 100%;\" controls=\"controls\"><source type=\"audio\/mpeg\" src=\"https:\/\/www.radiopiu.net\/wordpress\/wp-content\/uploads\/2022\/06\/carlo-penso-raduno-triumph-14-giugno.mp3?_=4\" \/><a href=\"https:\/\/www.radiopiu.net\/wordpress\/wp-content\/uploads\/2022\/06\/carlo-penso-raduno-triumph-14-giugno.mp3\">https:\/\/www.radiopiu.net\/wordpress\/wp-content\/uploads\/2022\/06\/carlo-penso-raduno-triumph-14-giugno.mp3<\/a><\/audio>\n<p>&nbsp;<\/p>\n<p>PERCORSO E PROGRAMMA <span style=\"color: #0000ff;\"><strong><a style=\"color: #0000ff;\" href=\"https:\/\/www.registrospitfire.it\/wp-content\/uploads\/2022\/02\/VALBELLUNA-def.pdf\">CLICCA QUI\u00a0<\/a><\/strong><\/span><\/p>\n<p>&nbsp;<\/p>\n<p>&nbsp;<\/p>\n<hr \/>\n<p>&nbsp;<\/p>\n<blockquote>\n<h2>SAN GIOVANNI, TRE GIORNI DI FESTA A CANALE D&#8217;AGORDO<\/h2>\n<\/blockquote>\n<p><strong>CANALE D&#8217;AGORDO<\/strong> Il ritorno della sagra di San Giovanni, riecco il corposo programma a pi\u00f9 firme: Comune, Polisportiva, Proloco, Ana e Abvs. Tre giorni di festa, il primo appuntamento venerdi 24, giorno di San Giovanni, con la festa per i 100 anni del distaccamento dei vigili del fuoco volontari del paese, presenza importante e fondamentale, da sempre. Sar\u00e0 anche il giorno dei coscritti del 2002, della musica di Oscar all&#8217;ora di pranzo\u00a0 e dei pregiati piatti con frittura di pesce e gli gnocchi ai porcini e puina sfumegada, oltre all&#8217;immancabile piatto del malgher e le trippe alla parmigiana. Gli aperitivi\u00a0 del sabato una garanzia con Ciccio di Oh per Bacco e la colonna musicale del duo jazz e bossanova Crestani-Burigo. Le notti da ballare: venerdi 24 con Cristian Group, sabato 25 con gli Hedera e il dj set, domenica 26 con Mely &amp; the moodies. PROGRAMMA RELIGIOSO: venerdi 24 alle 10.30 la messa nella chiesa di San Giovanni Battista.<\/p>\n\n\t\t\t<style type='text\/css'>\n\t\t\t\t#gallery-7 {\n\t\t\t\t\tmargin: auto;\n\t\t\t\t}\n\t\t\t\t#gallery-7 .gallery-item {\n\t\t\t\t\tfloat: left;\n\t\t\t\t\tmargin-top: 10px;\n\t\t\t\t\ttext-align: center;\n\t\t\t\t\twidth: 33%;\n\t\t\t\t}\n\t\t\t\t#gallery-7 img {\n\t\t\t\t\tborder: 2px solid #cfcfcf;\n\t\t\t\t}\n\t\t\t\t#gallery-7 .gallery-caption {\n\t\t\t\t\tmargin-left: 0;\n\t\t\t\t}\n\t\t\t\t\/* see gallery_shortcode() in wp-includes\/media.php *\/\n\t\t\t<\/style>\n\t\t<div id='gallery-7' class='dt-gallery-container gallery galleryid-281464 gallery-columns-3 gallery-size-medium'><dl class='gallery-item'>\n\t\t\t\t<dt class='gallery-icon portrait'>\n\t\t\t\t\t<a class=\"rollover rollover-zoom dt-pswp-item\" title=\"0a6150e4-bc70-4210-ad75-f53803953eb0\" data-dt-img-description=\"\" data-large_image_width=\"1131\" data-large_image_height=\"1600\"href='https:\/\/www.radiopiu.net\/wordpress\/wp-content\/uploads\/2022\/06\/0a6150e4-bc70-4210-ad75-f53803953eb0.jpg'><img loading=\"lazy\" decoding=\"async\" width=\"212\" height=\"300\" src=\"https:\/\/www.radiopiu.net\/wordpress\/wp-content\/uploads\/2022\/06\/0a6150e4-bc70-4210-ad75-f53803953eb0-212x300.jpg\" class=\"attachment-medium size-medium\" alt=\"\" srcset=\"https:\/\/www.radiopiu.net\/wordpress\/wp-content\/uploads\/2022\/06\/0a6150e4-bc70-4210-ad75-f53803953eb0-212x300.jpg 212w, https:\/\/www.radiopiu.net\/wordpress\/wp-content\/uploads\/2022\/06\/0a6150e4-bc70-4210-ad75-f53803953eb0-724x1024.jpg 724w, https:\/\/www.radiopiu.net\/wordpress\/wp-content\/uploads\/2022\/06\/0a6150e4-bc70-4210-ad75-f53803953eb0-768x1086.jpg 768w, https:\/\/www.radiopiu.net\/wordpress\/wp-content\/uploads\/2022\/06\/0a6150e4-bc70-4210-ad75-f53803953eb0-1086x1536.jpg 1086w, https:\/\/www.radiopiu.net\/wordpress\/wp-content\/uploads\/2022\/06\/0a6150e4-bc70-4210-ad75-f53803953eb0.jpg 1131w\" sizes=\"auto, (max-width: 212px) 100vw, 212px\" \/><\/a>\n\t\t\t\t<\/dt><\/dl><dl class='gallery-item'>\n\t\t\t\t<dt class='gallery-icon landscape'>\n\t\t\t\t\t<a class=\"rollover rollover-zoom dt-pswp-item\" title=\"117083109_183542043157133_75668120410207434_n\" data-dt-img-description=\"\" data-large_image_width=\"960\" data-large_image_height=\"503\"href='https:\/\/www.radiopiu.net\/wordpress\/wp-content\/uploads\/2022\/06\/117083109_183542043157133_75668120410207434_n.jpg'><img loading=\"lazy\" decoding=\"async\" width=\"300\" height=\"157\" src=\"https:\/\/www.radiopiu.net\/wordpress\/wp-content\/uploads\/2022\/06\/117083109_183542043157133_75668120410207434_n-300x157.jpg\" class=\"attachment-medium size-medium\" alt=\"\" srcset=\"https:\/\/www.radiopiu.net\/wordpress\/wp-content\/uploads\/2022\/06\/117083109_183542043157133_75668120410207434_n-300x157.jpg 300w, https:\/\/www.radiopiu.net\/wordpress\/wp-content\/uploads\/2022\/06\/117083109_183542043157133_75668120410207434_n-768x402.jpg 768w, https:\/\/www.radiopiu.net\/wordpress\/wp-content\/uploads\/2022\/06\/117083109_183542043157133_75668120410207434_n.jpg 960w\" sizes=\"auto, (max-width: 300px) 100vw, 300px\" \/><\/a>\n\t\t\t\t<\/dt><\/dl><dl class='gallery-item'>\n\t\t\t\t<dt class='gallery-icon landscape'>\n\t\t\t\t\t<a class=\"rollover rollover-zoom dt-pswp-item\" title=\"CANALE D&#039;AGORDO (3)\" data-dt-img-description=\"\" data-large_image_width=\"960\" data-large_image_height=\"720\"href='https:\/\/www.radiopiu.net\/wordpress\/wp-content\/uploads\/2020\/06\/CANALE-DAGORDO-3.jpg'><img loading=\"lazy\" decoding=\"async\" width=\"300\" height=\"225\" src=\"https:\/\/www.radiopiu.net\/wordpress\/wp-content\/uploads\/2020\/06\/CANALE-DAGORDO-3-300x225.jpg\" class=\"attachment-medium size-medium\" alt=\"\" srcset=\"https:\/\/www.radiopiu.net\/wordpress\/wp-content\/uploads\/2020\/06\/CANALE-DAGORDO-3-300x225.jpg 300w, https:\/\/www.radiopiu.net\/wordpress\/wp-content\/uploads\/2020\/06\/CANALE-DAGORDO-3-768x576.jpg 768w, https:\/\/www.radiopiu.net\/wordpress\/wp-content\/uploads\/2020\/06\/CANALE-DAGORDO-3.jpg 960w\" sizes=\"auto, (max-width: 300px) 100vw, 300px\" \/><\/a>\n\t\t\t\t<\/dt><\/dl><br style=\"clear: both\" \/>\n\t\t\t<\/div>\n\n<p>&nbsp;<\/p>\n<p>&nbsp;<\/p>\n<hr \/>\n<p>&nbsp;<\/p>\n<p>&nbsp;<\/p>\n<blockquote class=\"wp-embedded-content\" data-secret=\"nqkMT6S7n4\"><p><a href=\"https:\/\/www.radiopiu.net\/wordpress\/da-ieri-alla-radio-in-palinsesto-loris-e-maurizio-con-la-grande-musica\/\">IL BLUES ALLA RADIO &#8230; COME NON L&#8217;AVETE MAI SENTITO PRIMA<\/a><\/p><\/blockquote>\n<p><iframe loading=\"lazy\" class=\"wp-embedded-content\" sandbox=\"allow-scripts\" security=\"restricted\" style=\"position: absolute; clip: rect(1px, 1px, 1px, 1px);\" title=\"&#8220;IL BLUES ALLA RADIO &#8230; COME NON L&#8217;AVETE MAI SENTITO PRIMA&#8221; &#8212; Radio Pi\u00f9\" src=\"https:\/\/www.radiopiu.net\/wordpress\/da-ieri-alla-radio-in-palinsesto-loris-e-maurizio-con-la-grande-musica\/embed\/#?secret=rdpegNAQUJ#?secret=nqkMT6S7n4\" data-secret=\"nqkMT6S7n4\" width=\"600\" height=\"338\" frameborder=\"0\" marginwidth=\"0\" marginheight=\"0\" scrolling=\"no\"><\/iframe><\/p>\n<p>&nbsp;<\/p>\n<hr \/>\n<p>&nbsp;<\/p>\n<h2><span style=\"color: #008080;\">SALUTE &amp; SOCIETA&#8217;\u00a0<\/span><\/h2>\n<p><strong>LA RACCOLTA<\/strong><\/p>\n<blockquote class=\"wp-embedded-content\" data-secret=\"2oWbxQLCdJ\"><p><a href=\"https:\/\/www.radiopiu.net\/wordpress\/saluteesocieta\/\">Salute e Societ\u00e0<\/a><\/p><\/blockquote>\n<p><iframe loading=\"lazy\" class=\"wp-embedded-content\" sandbox=\"allow-scripts\" security=\"restricted\" style=\"position: absolute; clip: rect(1px, 1px, 1px, 1px);\" title=\"&#8220;Salute e Societ\u00e0&#8221; &#8212; Radio Pi\u00f9\" src=\"https:\/\/www.radiopiu.net\/wordpress\/saluteesocieta\/embed\/#?secret=FNgp7Wd7N9#?secret=2oWbxQLCdJ\" data-secret=\"2oWbxQLCdJ\" width=\"600\" height=\"338\" frameborder=\"0\" marginwidth=\"0\" marginheight=\"0\" scrolling=\"no\"><\/iframe><\/p>\n<p>&nbsp;<\/p>\n<hr \/>\n<p>&nbsp;<\/p>\n<p>&nbsp;<\/p>\n<hr \/>\n<h3 class=\"kvgmc6g5 cxmmr5t8 oygrvhab hcukyx3x c1et5uql\"><span style=\"color: #0000ff;\"><strong>\u00a0<\/strong><\/span><\/h3>\n<h3 class=\"kvgmc6g5 cxmmr5t8 oygrvhab hcukyx3x c1et5uql\"><span style=\"color: #0000ff;\"><strong>INFORMAZIONE il canale su TELEGRAM informazione di prima mano e in tempo reale. iscriviti ed aiutaci a farlo conoscere\u00a0 \u00a0<\/strong><\/span><\/h3>\n<p>&nbsp;<\/p>\n<hr \/>\n<p>&nbsp;<\/p>\n<blockquote>\n<h2><span style=\"color: #800080;\">STORIE A QUATTROCCHI<br \/>\nOGGI ALLE 9 E ALLE 18 LA NUOVA PUNTATA CON ELENA E STEFANIA<\/span><\/h2>\n<\/blockquote>\n<p><strong>PUNTATA DEL 13 GIUGNO 2022 CON ELENA E STEFANIA\u00a0<\/strong><\/p>\n<p><strong>\u00a0<\/strong><\/p>\n<p><strong>LA RACCOLTA COMPLETA\u00a0<\/strong><\/p>\n<blockquote class=\"wp-embedded-content\" data-secret=\"4DmIKkWWCQ\"><p><a href=\"https:\/\/www.radiopiu.net\/wordpress\/storie-a-quattrocchi\/\">Storie a quattrocchi<\/a><\/p><\/blockquote>\n<p><iframe loading=\"lazy\" class=\"wp-embedded-content\" sandbox=\"allow-scripts\" security=\"restricted\" style=\"position: absolute; clip: rect(1px, 1px, 1px, 1px);\" title=\"&#8220;Storie a quattrocchi&#8221; &#8212; Radio Pi\u00f9\" src=\"https:\/\/www.radiopiu.net\/wordpress\/storie-a-quattrocchi\/embed\/#?secret=MhJ1IgkYpU#?secret=4DmIKkWWCQ\" data-secret=\"4DmIKkWWCQ\" width=\"600\" height=\"338\" frameborder=\"0\" marginwidth=\"0\" marginheight=\"0\" scrolling=\"no\"><\/iframe><\/p>\n<p>&nbsp;<\/p>\n<hr \/>\n<p>&nbsp;<\/p>\n<h2><\/h2>\n<h2><span style=\"color: #008080;\">&#8220;DINTORN E FORA VIA&#8221; A CURA DEL MUSLA, IL NUOVO PROGRAMMA\u00a0 \u00a0<\/span><\/h2>\n<p><strong>\u00a0PUNTATA DEL 14 GIUGNO 2022- CON\u00a0 \u00a0ERIK MARCON<\/strong><\/p>\n<audio class=\"wp-audio-shortcode\" id=\"audio-281464-5\" preload=\"none\" style=\"width: 100%;\" controls=\"controls\"><source type=\"audio\/mpeg\" src=\"https:\/\/www.radiopiu.net\/wordpress\/wp-content\/uploads\/2022\/06\/MUSLA-1.mp3?_=5\" \/><a href=\"https:\/\/www.radiopiu.net\/wordpress\/wp-content\/uploads\/2022\/06\/MUSLA-1.mp3\">https:\/\/www.radiopiu.net\/wordpress\/wp-content\/uploads\/2022\/06\/MUSLA-1.mp3<\/a><\/audio>\n<p>&nbsp;<\/p>\n<p><strong>LA RACCOLTA COMPLETA<\/strong><\/p>\n<blockquote class=\"wp-embedded-content\" data-secret=\"iW1G9DG6kG\"><p><a href=\"https:\/\/www.radiopiu.net\/wordpress\/musla\/\">MUSLA<\/a><\/p><\/blockquote>\n<p><iframe loading=\"lazy\" class=\"wp-embedded-content\" sandbox=\"allow-scripts\" security=\"restricted\" style=\"position: absolute; clip: rect(1px, 1px, 1px, 1px);\" title=\"&#8220;MUSLA&#8221; &#8212; Radio Pi\u00f9\" src=\"https:\/\/www.radiopiu.net\/wordpress\/musla\/embed\/#?secret=aAOlHPXDH8#?secret=iW1G9DG6kG\" data-secret=\"iW1G9DG6kG\" width=\"600\" height=\"338\" frameborder=\"0\" marginwidth=\"0\" marginheight=\"0\" scrolling=\"no\"><\/iframe><\/p>\n<p>&nbsp;<\/p>\n<hr \/>\n<p>&nbsp;<\/p>\n<p>&nbsp;<\/p>\n<blockquote class=\"wp-embedded-content\" data-secret=\"Or2jFNMKQh\"><p><a href=\"https:\/\/www.radiopiu.net\/wordpress\/39annigiug14\/\">39 ANNI DI RADIO&#8230;IL CONSIGLIO COMUNALE DI AGORDO IN BIANCO E NERO<\/a><\/p><\/blockquote>\n<p><iframe loading=\"lazy\" class=\"wp-embedded-content\" sandbox=\"allow-scripts\" security=\"restricted\" style=\"position: absolute; clip: rect(1px, 1px, 1px, 1px);\" title=\"&#8220;39 ANNI DI RADIO&#8230;IL CONSIGLIO COMUNALE DI AGORDO IN BIANCO E NERO&#8221; &#8212; Radio Pi\u00f9\" src=\"https:\/\/www.radiopiu.net\/wordpress\/39annigiug14\/embed\/#?secret=TBt4297hxe#?secret=Or2jFNMKQh\" data-secret=\"Or2jFNMKQh\" width=\"600\" height=\"338\" frameborder=\"0\" marginwidth=\"0\" marginheight=\"0\" scrolling=\"no\"><\/iframe><\/p>\n<p>&nbsp;<\/p>\n<p>&nbsp;<\/p>\n<hr \/>\n<p>&nbsp;<\/p>\n<div>\n<div class=\"b654a4as d2edcug0\">\n<div class=\"rq0escxv hkbzh7o3 jwdofwj8 n8tt0mok r8blr3vg hyh9befq\">\n<p><a class=\"dt-pswp-item\" href=\"https:\/\/www.radiopiu.net\/wordpress\/wp-content\/uploads\/2020\/10\/pp.jpg\" data-dt-img-description=\"\" data-large_image_width=\"640\" data-large_image_height=\"640\"><img loading=\"lazy\" decoding=\"async\" class=\"wp-image-163678 alignleft\" src=\"https:\/\/www.radiopiu.net\/wordpress\/wp-content\/uploads\/2020\/10\/pp-300x300.jpg\" alt=\"\" width=\"106\" height=\"106\" srcset=\"https:\/\/www.radiopiu.net\/wordpress\/wp-content\/uploads\/2020\/10\/pp-300x300.jpg 300w, https:\/\/www.radiopiu.net\/wordpress\/wp-content\/uploads\/2020\/10\/pp-150x150.jpg 150w, https:\/\/www.radiopiu.net\/wordpress\/wp-content\/uploads\/2020\/10\/pp-125x125.jpg 125w, https:\/\/www.radiopiu.net\/wordpress\/wp-content\/uploads\/2020\/10\/pp-200x200.jpg 200w, https:\/\/www.radiopiu.net\/wordpress\/wp-content\/uploads\/2020\/10\/pp-80x80.jpg 80w, https:\/\/www.radiopiu.net\/wordpress\/wp-content\/uploads\/2020\/10\/pp-480x480.jpg 480w, https:\/\/www.radiopiu.net\/wordpress\/wp-content\/uploads\/2020\/10\/pp.jpg 640w\" sizes=\"auto, (max-width: 106px) 100vw, 106px\" \/><\/a><\/p>\n<\/div>\n<\/div>\n<\/div>\n<div>\n<div class=\"page-title-head hgroup\">\n<div class=\"page-title-head hgroup\">\n<div class=\"b654a4as d2edcug0\">\n<div class=\"j83agx80 btwxx1t3 lhclo0ds hop8lmos nkwizq5d scwd0bx6 roh60bw9\">\n<div class=\"rq0escxv hkbzh7o3 jwdofwj8 n8tt0mok r8blr3vg hyh9befq\">\n<div class=\"do00u71z l9j0dhe7 k4urcfbm\">\n<h2><span style=\"color: #000080;\">DON CESARE, IL PENSIERO DEL GIORNO. ALLA RADIO ALLE 7 DEL MATTINO E ALLE 19.30 DELLA SERA.\u00a0<\/span><\/h2>\n<\/div>\n<audio class=\"wp-audio-shortcode\" id=\"audio-281464-6\" preload=\"none\" style=\"width: 100%;\" controls=\"controls\"><source type=\"audio\/mpeg\" src=\"https:\/\/www.radiopiu.net\/wordpress\/wp-content\/uploads\/2022\/06\/CESARE-12.mp3?_=6\" \/><a href=\"https:\/\/www.radiopiu.net\/wordpress\/wp-content\/uploads\/2022\/06\/CESARE-12.mp3\">https:\/\/www.radiopiu.net\/wordpress\/wp-content\/uploads\/2022\/06\/CESARE-12.mp3<\/a><\/audio>\n<\/div>\n<\/div>\n<\/div>\n<\/div>\n<\/div>\n<\/div>\n<p>&nbsp;<\/p>\n<hr \/>\n<p>&nbsp;<\/p>\n<div class=\"do00u71z l9j0dhe7 k4urcfbm\">\n<div class=\"page-title-head hgroup\">\n<div class=\"page-title-head hgroup\">\n<div class=\"b654a4as d2edcug0\">\n<div class=\"j83agx80 btwxx1t3 lhclo0ds hop8lmos nkwizq5d scwd0bx6 roh60bw9\">\n<div class=\"rq0escxv hkbzh7o3 jwdofwj8 n8tt0mok r8blr3vg hyh9befq\">\n<div class=\"do00u71z l9j0dhe7 k4urcfbm\">\n<div class=\"page-title-head hgroup\">\n<div class=\"page-title-head hgroup\">\n<div class=\"b654a4as d2edcug0\">\n<div class=\"j83agx80 btwxx1t3 lhclo0ds hop8lmos nkwizq5d scwd0bx6 roh60bw9\">\n<div class=\"rq0escxv hkbzh7o3 jwdofwj8 n8tt0mok r8blr3vg hyh9befq\">\n<div class=\"do00u71z l9j0dhe7 k4urcfbm\">\n<div class=\"ecm0bbzt e5nlhep0 a8c37x1j\">\n<div class=\"kvgmc6g5 cxmmr5t8 oygrvhab hcukyx3x c1et5uql\">\n<div class=\"gmail-kvgmc6g5 gmail-cxmmr5t8 gmail-oygrvhab gmail-hcukyx3x gmail-c1et5uql gmail-ii04i59q\">\n<div class=\"page-title-head hgroup\">\n<div class=\"page-title-head hgroup\">\n<div class=\"b654a4as d2edcug0\">\n<div class=\"j83agx80 btwxx1t3 lhclo0ds hop8lmos nkwizq5d scwd0bx6 roh60bw9\">\n<div class=\"rq0escxv hkbzh7o3 jwdofwj8 n8tt0mok r8blr3vg hyh9befq\">\n<div class=\"do00u71z l9j0dhe7 k4urcfbm\">\n<div class=\"page-title-head hgroup\">\n<div class=\"page-title-head hgroup\">\n<div class=\"b654a4as d2edcug0\">\n<div class=\"j83agx80 btwxx1t3 lhclo0ds hop8lmos nkwizq5d scwd0bx6 roh60bw9\">\n<div class=\"rq0escxv hkbzh7o3 jwdofwj8 n8tt0mok r8blr3vg hyh9befq\">\n<div class=\"do00u71z l9j0dhe7 k4urcfbm\">\n<div class=\"page-title-head hgroup\">\n<div class=\"page-title-head hgroup\">\n<div class=\"b654a4as d2edcug0\">\n<div class=\"j83agx80 btwxx1t3 lhclo0ds hop8lmos nkwizq5d scwd0bx6 roh60bw9\">\n<div class=\"rq0escxv hkbzh7o3 jwdofwj8 n8tt0mok r8blr3vg hyh9befq\">\n<div class=\"do00u71z l9j0dhe7 k4urcfbm\">\n<div class=\"ecm0bbzt e5nlhep0 a8c37x1j\">\n<div class=\"kvgmc6g5 cxmmr5t8 oygrvhab hcukyx3x c1et5uql\">\n<div class=\"gmail-kvgmc6g5 gmail-cxmmr5t8 gmail-oygrvhab gmail-hcukyx3x gmail-c1et5uql gmail-ii04i59q\">\n<div class=\"page-title-head hgroup\">\n<div class=\"page-title-head hgroup\">\n<div class=\"b654a4as d2edcug0\">\n<div class=\"j83agx80 btwxx1t3 lhclo0ds hop8lmos nkwizq5d scwd0bx6 roh60bw9\">\n<div class=\"rq0escxv hkbzh7o3 jwdofwj8 n8tt0mok r8blr3vg hyh9befq\">\n<div class=\"do00u71z l9j0dhe7 k4urcfbm\">\n<blockquote>\n<h3><span style=\"color: #ff0000;\">IN VIVO VERSO,\u00a0 RIASCOLTIAMOLE DAL LUNEDI AL VENERDI ALLE 7.10, 10.10, 18 50<\/span><\/h3>\n<h3>RIASCOLTIAMOLE, STAGIONE 2019_2020 ANTONIETTA FRAGNITO \u201cERO LI&#8217;\u201d<\/h3>\n<\/blockquote>\n<p>AUDIO<\/p>\n<audio class=\"wp-audio-shortcode\" id=\"audio-281464-7\" preload=\"none\" style=\"width: 100%;\" controls=\"controls\"><source type=\"audio\/mpeg\" src=\"https:\/\/www.radiopiu.net\/wordpress\/wp-content\/uploads\/2022\/06\/02-ANTONIETTA-FRAGNITO-ERO-LI.mp3?_=7\" \/><a href=\"https:\/\/www.radiopiu.net\/wordpress\/wp-content\/uploads\/2022\/06\/02-ANTONIETTA-FRAGNITO-ERO-LI.mp3\">https:\/\/www.radiopiu.net\/wordpress\/wp-content\/uploads\/2022\/06\/02-ANTONIETTA-FRAGNITO-ERO-LI.mp3<\/a><\/audio>\n<h3><strong style=\"font-size: 14px;\">LA RACCOLTA COMPLETA<\/strong><\/h3>\n<blockquote class=\"wp-embedded-content\" data-secret=\"5nzn0Qf0Hq\"><p><a href=\"https:\/\/www.radiopiu.net\/wordpress\/in-vivo-verso\/\">In Vivo Verso<\/a><\/p><\/blockquote>\n<p><iframe loading=\"lazy\" class=\"wp-embedded-content\" sandbox=\"allow-scripts\" security=\"restricted\" style=\"position: absolute; clip: rect(1px, 1px, 1px, 1px);\" title=\"&#8220;In Vivo Verso&#8221; &#8212; Radio Pi\u00f9\" src=\"https:\/\/www.radiopiu.net\/wordpress\/in-vivo-verso\/embed\/#?secret=QTkohfgWaY#?secret=5nzn0Qf0Hq\" data-secret=\"5nzn0Qf0Hq\" width=\"600\" height=\"338\" frameborder=\"0\" marginwidth=\"0\" marginheight=\"0\" scrolling=\"no\"><\/iframe><\/p>\n<p>&nbsp;<\/p>\n<p>&nbsp;<\/p>\n<hr \/>\n<p>&nbsp;<\/p>\n<p><span style=\"color: #0000ff;\">MUSICA PIU&#8217;\u00a0<\/span><\/p>\n<p><a href=\"https:\/\/www.radiopiu.net\/wordpress\/giornale-radiopiu-20-settembre-2021-direttore-mirko-mezzacasa\/pp-79\/\" rel=\"attachment wp-att-232921\"><img loading=\"lazy\" decoding=\"async\" class=\"wp-image-232921 alignleft\" src=\"https:\/\/www.radiopiu.net\/wordpress\/wp-content\/uploads\/2021\/09\/pp-1-300x300.jpg\" alt=\"\" width=\"135\" height=\"135\" srcset=\"https:\/\/www.radiopiu.net\/wordpress\/wp-content\/uploads\/2021\/09\/pp-1-300x300.jpg 300w, https:\/\/www.radiopiu.net\/wordpress\/wp-content\/uploads\/2021\/09\/pp-1-150x150.jpg 150w, https:\/\/www.radiopiu.net\/wordpress\/wp-content\/uploads\/2021\/09\/pp-1.jpg 640w\" sizes=\"auto, (max-width: 135px) 100vw, 135px\" \/><\/a><\/p>\n<div class=\"mkdf-post-text\">\n<div class=\"mkdf-post-text-inner\">\n<div class=\"mkdf-post-text-main\">\n<div class=\"mkdf-post-text\">\n<div class=\"mkdf-post-text-inner\">\n<div class=\"mkdf-post-text-main\">\n<div class=\"mkdf-post-text\">\n<div class=\"mkdf-post-text-inner\">\n<div class=\"mkdf-post-text-main\">\n<div class=\"page-title-head hgroup\">\n<div class=\"page-title-head hgroup\">\n<div class=\"mkdf-post-text\">\n<div class=\"mkdf-post-text-inner\">\n<div class=\"mkdf-post-text-main\">\n<div class=\"mkdf-post-text\">\n<div class=\"mkdf-post-text-inner\">\n<div class=\"mkdf-post-text-main\">\n<div class=\"page-title-head hgroup\">\n<div class=\"page-title-head hgroup\">\n<div class=\"page-title-head hgroup\">\n<div class=\"page-title-head hgroup\">\n<div class=\"b654a4as d2edcug0\">\n<div class=\"page-title-head hgroup\">\n<div class=\"page-title-head hgroup\">\n<div class=\"page-title-head hgroup\">\n<div class=\"page-title-head hgroup\">\n<div class=\"b654a4as d2edcug0\">\n<div class=\"page-title-head hgroup\">\n<div class=\"page-title-head hgroup\">\n<div class=\"page-title-head hgroup\">\n<div class=\"page-title-head hgroup\">\n<div class=\"b654a4as d2edcug0\">\n<div class=\"mkdf-post-text\">\n<div class=\"mkdf-post-text-inner\">\n<div class=\"mkdf-post-text-main\">\n<div class=\"mkdf-post-text\">\n<div class=\"mkdf-post-text-inner\">\n<div class=\"mkdf-post-text-main\">\n<div class=\"mkdf-post-text\">\n<div class=\"mkdf-post-text-inner\">\n<div class=\"mkdf-post-text-main\">\n<div class=\"page-title-head hgroup\">\n<div class=\"page-title-head hgroup\">\n<div class=\"mkdf-post-text\">\n<div class=\"mkdf-post-text-inner\">\n<div class=\"mkdf-post-text-main\">\n<div class=\"mkdf-post-text\">\n<div class=\"mkdf-post-text-inner\">\n<div class=\"mkdf-post-text-main\">\n<div class=\"page-title-head hgroup\">\n<div class=\"page-title-head hgroup\">\n<div class=\"page-title-head hgroup\">\n<div class=\"page-title-head hgroup\">\n<div class=\"b654a4as d2edcug0\">\n<div class=\"page-title-head hgroup\">\n<div class=\"page-title-head hgroup\">\n<div class=\"page-title-head hgroup\">\n<div class=\"page-title-head hgroup\">\n<div class=\"b654a4as d2edcug0\">\n<div class=\"page-title-head hgroup\">\n<div class=\"page-title-head hgroup\">\n<div class=\"page-title-head hgroup\">\n<div class=\"page-title-head hgroup\">\n<div class=\"b654a4as d2edcug0\">\n<div><\/div>\n<div><\/div>\n<div>\n<p><strong>MUSICA ALLA RADIO, IL PROGRAMMA DI LORIS SCUSSEL &#8220;COLLAGE OPERAZIONE NOSTALGIA&#8221; DAL LUNEDI AL VENERDI ALLE 16.00\u00a0 E ALLE 23\u00a0<\/strong><\/p>\n<p>&nbsp;<\/p>\n<p><strong>PUNTATA 627 DEL 14 GIUGNO 2022<\/strong><\/p>\n<\/div>\n<\/div>\n<audio class=\"wp-audio-shortcode\" id=\"audio-281464-8\" preload=\"none\" style=\"width: 100%;\" controls=\"controls\"><source type=\"audio\/mpeg\" src=\"https:\/\/www.radiopiu.net\/wordpress\/wp-content\/uploads\/2022\/06\/Collage-627.mp3?_=8\" \/><a href=\"https:\/\/www.radiopiu.net\/wordpress\/wp-content\/uploads\/2022\/06\/Collage-627.mp3\">https:\/\/www.radiopiu.net\/wordpress\/wp-content\/uploads\/2022\/06\/Collage-627.mp3<\/a><\/audio>\n<p>&nbsp;<\/p>\n<p><strong><a class=\"dt-pswp-item\" href=\"https:\/\/www.radiopiu.net\/wordpress\/wp-content\/uploads\/2022\/06\/vinile.jpg\" data-dt-img-description=\"\" data-large_image_width=\"1920\" data-large_image_height=\"1280\"><img loading=\"lazy\" decoding=\"async\" class=\"size-thumbnail wp-image-281294 alignleft\" src=\"https:\/\/www.radiopiu.net\/wordpress\/wp-content\/uploads\/2022\/06\/vinile-150x150.jpg\" alt=\"\" width=\"150\" height=\"150\" \/><\/a>di Loris Scussel<\/strong><\/p>\n<p>Ultima settimana della terza serie di Collage andata in onda da maggio 2021 ad oggi, con quella di venerd\u00ec saranno 630 le puntate trasmesse. Anche stavolta si alterneranno brani italiani ed internazionali pi\u00f9 o meno noti e venerd\u00ec in chiusura di settimana dedicheremo la puntata ai cantautori di casa nostra. A questo punto il programma si prender\u00e0 una pausa per ritornare in autunno con nuove puntate con l&#8217;obiettivo di raggiungere quota 1.000. Cosa potremo ascoltare al posto di Collage? Le repliche di Collage che ci terranno compagnia fino a fine estate. Collage va in onda dal luned\u00ec al venerd\u00ec alle 16,00 e alle 23,00 naturalmente su Radio Pi\u00f9.<\/p>\n<p>&nbsp;<\/p>\n<p>&nbsp;<\/p>\n<div class=\"b654a4as d2edcug0\">\n<hr \/>\n<\/div>\n<\/div>\n<\/div>\n<\/div>\n<\/div>\n<\/div>\n<\/div>\n<\/div>\n<\/div>\n<\/div>\n<\/div>\n<\/div>\n<\/div>\n<\/div>\n<\/div>\n<\/div>\n<\/div>\n<\/div>\n<\/div>\n<\/div>\n<\/div>\n<\/div>\n<\/div>\n<\/div>\n<\/div>\n<\/div>\n<\/div>\n<\/div>\n<\/div>\n<\/div>\n<\/div>\n<\/div>\n<\/div>\n<\/div>\n<\/div>\n<\/div>\n<\/div>\n<\/div>\n<\/div>\n<\/div>\n<\/div>\n<\/div>\n<\/div>\n<\/div>\n<\/div>\n<\/div>\n<\/div>\n<\/div>\n<\/div>\n<\/div>\n<\/div>\n<\/div>\n<\/div>\n<\/div>\n<\/div>\n<\/div>\n<\/div>\n<\/div>\n<\/div>\n<\/div>\n<\/div>\n<\/div>\n<\/div>\n<\/div>\n<p>&nbsp;<\/p>\n<blockquote>\n<h3><span style=\"color: #0000ff;\">RADIO PIU INFORMAZIONE il canale su TELEGRAM informazione di prima mano e in tempo reale. iscriviti ed aiutaci a farlo conoscere\u00a0\u00a0<\/span><\/h3>\n<\/blockquote>\n<div>\n<div class=\"page-title-head hgroup\">\n<div class=\"page-title-head hgroup\">\n<div class=\"page-title-head hgroup\">\n<div class=\"page-title-head hgroup\">\n<div class=\"b654a4as d2edcug0\">\n<div class=\"page-title-head hgroup\">\n<div class=\"page-title-head hgroup\">\n<div class=\"page-title-head hgroup\">\n<div class=\"page-title-head hgroup\">\n<div class=\"b654a4as d2edcug0\">\n<div class=\"page-title-head hgroup\">\n<div class=\"page-title-head hgroup\">\n<div class=\"page-title-head hgroup\">\n<div class=\"page-title-head hgroup\">\n<div class=\"page-title-head hgroup\">\n<div class=\"page-title-head hgroup\">\n<div class=\"page-title-head hgroup\">\n<div class=\"page-title-head hgroup\">\n<div class=\"page-title-head hgroup\">\n<div class=\"b654a4as d2edcug0\">\n<div class=\"page-title-head hgroup\">\n<div class=\"page-title-head hgroup\">\n<div class=\"page-title-head hgroup\">\n<div class=\"page-title-head hgroup\">\n<div class=\"b654a4as d2edcug0\">\n<div><\/div>\n<div>\n<div class=\"page-title-head hgroup\">\n<div class=\"page-title-head hgroup\">\n<div class=\"page-title-head hgroup\">\n<div class=\"page-title-head hgroup\">\n<div class=\"page-title-head hgroup\">\n<div class=\"mkdf-post-text\">\n<div class=\"mkdf-post-text-inner\">\n<div class=\"mkdf-post-text-main\">\n<div class=\"mkdf-post-text\">\n<div class=\"mkdf-post-text-inner\">\n<div class=\"mkdf-post-text-main\">\n<div class=\"mkdf-post-text\">\n<div class=\"mkdf-post-text-inner\">\n<div class=\"mkdf-post-text-main\">\n<div class=\"page-title-head hgroup\">\n<div class=\"page-title-head hgroup\">\n<div class=\"mkdf-post-text\">\n<div class=\"mkdf-post-text-inner\">\n<div class=\"mkdf-post-text-main\">\n<div class=\"mkdf-post-text\">\n<div class=\"mkdf-post-text-inner\">\n<div class=\"mkdf-post-text-main\">\n<div class=\"page-title-head hgroup\">\n<div class=\"page-title-head hgroup\">\n<div class=\"page-title-head hgroup\">\n<div class=\"page-title-head hgroup\">\n<div class=\"b654a4as d2edcug0\">\n<div class=\"page-title-head hgroup\">\n<div class=\"page-title-head hgroup\">\n<div class=\"page-title-head hgroup\">\n<div class=\"page-title-head hgroup\">\n<div class=\"b654a4as d2edcug0\">\n<div class=\"page-title-head hgroup\">\n<div class=\"page-title-head hgroup\">\n<div class=\"page-title-head hgroup\">\n<p>&nbsp;<\/p>\n<div>\n<div class=\"page-title-head hgroup\">\n<div class=\"page-title-head hgroup\">\n<div class=\"b654a4as d2edcug0\">\n<div class=\"j83agx80 btwxx1t3 lhclo0ds hop8lmos nkwizq5d scwd0bx6 roh60bw9\">\n<div class=\"rq0escxv hkbzh7o3 jwdofwj8 n8tt0mok r8blr3vg hyh9befq\">\n<div class=\"do00u71z l9j0dhe7 k4urcfbm\">\n<div class=\"page-title-head hgroup\">\n<div class=\"page-title-head hgroup\">\n<div class=\"b654a4as d2edcug0\">\n<div class=\"j83agx80 btwxx1t3 lhclo0ds hop8lmos nkwizq5d scwd0bx6 roh60bw9\">\n<div class=\"rq0escxv hkbzh7o3 jwdofwj8 n8tt0mok r8blr3vg hyh9befq\">\n<div class=\"do00u71z l9j0dhe7 k4urcfbm\">\n<div class=\"ecm0bbzt e5nlhep0 a8c37x1j\">\n<div class=\"kvgmc6g5 cxmmr5t8 oygrvhab hcukyx3x c1et5uql\">\n<div class=\"gmail-kvgmc6g5 gmail-cxmmr5t8 gmail-oygrvhab gmail-hcukyx3x gmail-c1et5uql gmail-ii04i59q\">\n<div class=\"page-title-head hgroup\">\n<div class=\"page-title-head hgroup\">\n<div class=\"b654a4as d2edcug0\">\n<div class=\"j83agx80 btwxx1t3 lhclo0ds hop8lmos nkwizq5d scwd0bx6 roh60bw9\">\n<div class=\"rq0escxv hkbzh7o3 jwdofwj8 n8tt0mok r8blr3vg hyh9befq\">\n<div class=\"do00u71z l9j0dhe7 k4urcfbm\">\n<div class=\"page-title-head hgroup\">\n<div class=\"page-title-head hgroup\">\n<div class=\"b654a4as d2edcug0\">\n<div class=\"j83agx80 btwxx1t3 lhclo0ds hop8lmos nkwizq5d scwd0bx6 roh60bw9\">\n<div class=\"rq0escxv hkbzh7o3 jwdofwj8 n8tt0mok r8blr3vg hyh9befq\">\n<div class=\"do00u71z l9j0dhe7 k4urcfbm\">\n<div class=\"page-title-head hgroup\">\n<div class=\"page-title-head hgroup\">\n<div class=\"b654a4as d2edcug0\">\n<div class=\"j83agx80 btwxx1t3 lhclo0ds hop8lmos nkwizq5d scwd0bx6 roh60bw9\">\n<div class=\"rq0escxv hkbzh7o3 jwdofwj8 n8tt0mok r8blr3vg hyh9befq\">\n<div class=\"do00u71z l9j0dhe7 k4urcfbm\">\n<div class=\"ecm0bbzt e5nlhep0 a8c37x1j\">\n<div class=\"kvgmc6g5 cxmmr5t8 oygrvhab hcukyx3x c1et5uql\">\n<div class=\"gmail-kvgmc6g5 gmail-cxmmr5t8 gmail-oygrvhab gmail-hcukyx3x gmail-c1et5uql gmail-ii04i59q\">\n<div class=\"page-title-head hgroup\">\n<div class=\"page-title-head hgroup\">\n<div class=\"b654a4as d2edcug0\">\n<div class=\"j83agx80 btwxx1t3 lhclo0ds hop8lmos nkwizq5d scwd0bx6 roh60bw9\">\n<div class=\"rq0escxv hkbzh7o3 jwdofwj8 n8tt0mok r8blr3vg hyh9befq\">\n<div class=\"do00u71z l9j0dhe7 k4urcfbm\">\n<div class=\"page-title-head hgroup\">\n<div class=\"page-title-head hgroup\">\n<div class=\"page-title-head hgroup\">\n<div class=\"page-title-head hgroup\">\n<div class=\"b654a4as d2edcug0\">\n<div class=\"page-title-head hgroup\">\n<div class=\"page-title-head hgroup\">\n<div class=\"page-title-head hgroup\">\n<div class=\"page-title-head hgroup\">\n<div class=\"b654a4as d2edcug0\">\n<div class=\"page-title-head hgroup\">\n<div class=\"page-title-head hgroup\">\n<div class=\"page-title-head hgroup\">\n<div class=\"page-title-head hgroup\">\n<div class=\"page-title-head hgroup\">\n<div class=\"page-title-head hgroup\">\n<div class=\"page-title-head hgroup\">\n<div class=\"page-title-head hgroup\">\n<div class=\"page-title-head hgroup\">\n<div class=\"b654a4as d2edcug0\">\n<div class=\"page-title-head hgroup\">\n<div class=\"page-title-head hgroup\">\n<div class=\"page-title-head hgroup\">\n<div class=\"page-title-head hgroup\">\n<div class=\"b654a4as d2edcug0\">\n<div class=\"page-title-head hgroup\">\n<div class=\"page-title-head hgroup\">\n<div class=\"page-title-head hgroup\">\n<div class=\"page-title-head hgroup\">\n<div class=\"page-title-head hgroup\">\n<div class=\"mkdf-post-text\">\n<div class=\"mkdf-post-text-inner\">\n<div class=\"mkdf-post-text-main\">\n<div class=\"mkdf-post-text\">\n<div class=\"mkdf-post-text-inner\">\n<div class=\"mkdf-post-text-main\">\n<div class=\"mkdf-post-text\">\n<div class=\"mkdf-post-text-inner\">\n<div class=\"mkdf-post-text-main\">\n<div class=\"page-title-head hgroup\">\n<div class=\"page-title-head hgroup\">\n<div class=\"mkdf-post-text\">\n<div class=\"mkdf-post-text-inner\">\n<div class=\"mkdf-post-text-main\">\n<div class=\"mkdf-post-text\">\n<div class=\"mkdf-post-text-inner\">\n<div class=\"mkdf-post-text-main\">\n<div class=\"page-title-head hgroup\">\n<div class=\"page-title-head hgroup\">\n<div class=\"page-title-head hgroup\">\n<div class=\"page-title-head hgroup\">\n<div class=\"b654a4as d2edcug0\">\n<div class=\"page-title-head hgroup\">\n<div class=\"page-title-head hgroup\">\n<div class=\"page-title-head hgroup\">\n<div class=\"page-title-head hgroup\">\n<div class=\"b654a4as d2edcug0\">\n<div class=\"page-title-head hgroup\">\n<div class=\"page-title-head hgroup\">\n<div class=\"page-title-head hgroup\">\n<div class=\"page-title-head hgroup\">\n<div class=\"b654a4as d2edcug0\">\n<div class=\"ecm0bbzt e5nlhep0 a8c37x1j\">\n<div class=\"kvgmc6g5 cxmmr5t8 oygrvhab hcukyx3x c1et5uql\">\n<div class=\"gmail-kvgmc6g5 gmail-cxmmr5t8 gmail-oygrvhab gmail-hcukyx3x gmail-c1et5uql gmail-ii04i59q\">\n<div class=\"page-title-head hgroup\">\n<div class=\"page-title-head hgroup\">\n<div class=\"b654a4as d2edcug0\">\n<div class=\"j83agx80 btwxx1t3 lhclo0ds hop8lmos nkwizq5d scwd0bx6 roh60bw9\">\n<div class=\"rq0escxv hkbzh7o3 jwdofwj8 n8tt0mok r8blr3vg hyh9befq\">\n<div class=\"do00u71z l9j0dhe7 k4urcfbm\">\n<div class=\"page-title-head hgroup\">\n<div class=\"page-title-head hgroup\">\n<div class=\"page-title-head hgroup\">\n<div class=\"page-title-head hgroup\">\n<div class=\"b654a4as d2edcug0\">\n<div class=\"page-title-head hgroup\">\n<div class=\"page-title-head hgroup\">\n<div class=\"page-title-head hgroup\">\n<div class=\"page-title-head hgroup\">\n<div class=\"b654a4as d2edcug0\">\n<div class=\"page-title-head hgroup\">\n<div class=\"page-title-head hgroup\">\n<div class=\"page-title-head hgroup\">\n<div class=\"page-title-head hgroup\">\n<div class=\"page-title-head hgroup\">\n<div class=\"page-title-head hgroup\">\n<div class=\"page-title-head hgroup\">\n<div class=\"page-title-head hgroup\">\n<div class=\"page-title-head hgroup\">\n<div class=\"b654a4as d2edcug0\">\n<div class=\"page-title-head hgroup\">\n<div class=\"page-title-head hgroup\">\n<div class=\"page-title-head hgroup\">\n<div class=\"page-title-head hgroup\">\n<div class=\"b654a4as d2edcug0\">\n<div class=\"page-title-head hgroup\">\n<div class=\"page-title-head hgroup\">\n<div class=\"page-title-head hgroup\">\n<div class=\"page-title-head hgroup\">\n<div class=\"page-title-head hgroup\">\n<div class=\"mkdf-post-text\">\n<div class=\"mkdf-post-text-inner\">\n<div class=\"mkdf-post-text-main\">\n<div class=\"mkdf-post-text\">\n<div class=\"mkdf-post-text-inner\">\n<div class=\"mkdf-post-text-main\">\n<div class=\"mkdf-post-text\">\n<div class=\"mkdf-post-text-inner\">\n<div class=\"mkdf-post-text-main\">\n<div class=\"page-title-head hgroup\">\n<div class=\"page-title-head hgroup\">\n<div class=\"mkdf-post-text\">\n<div class=\"mkdf-post-text-inner\">\n<div class=\"mkdf-post-text-main\">\n<div class=\"mkdf-post-text\">\n<div class=\"mkdf-post-text-inner\">\n<div class=\"mkdf-post-text-main\">\n<div class=\"page-title-head hgroup\">\n<div class=\"page-title-head hgroup\">\n<div class=\"page-title-head hgroup\">\n<div class=\"page-title-head hgroup\">\n<div class=\"b654a4as d2edcug0\">\n<div class=\"page-title-head hgroup\">\n<div class=\"page-title-head hgroup\">\n<div class=\"page-title-head hgroup\">\n<div class=\"page-title-head hgroup\">\n<div class=\"b654a4as d2edcug0\">\n<div class=\"page-title-head hgroup\">\n<div class=\"page-title-head hgroup\">\n<div class=\"page-title-head hgroup\">\n<div class=\"page-title-head hgroup\">\n<div class=\"b654a4as d2edcug0\">\n<hr \/>\n<p>&nbsp;<\/p>\n<div>\n<p><strong>DUE MINUTI UN LIBRO, TUTTI I GIORNI ALLA RADIO ALLE 9.40 E ALLE 17.50\u00a0\u00a0<\/strong><\/p>\n<div>\n<div>\n<p><strong>LA RACCOLTA COMPLETA\u00a0\u00a0<\/strong><\/p>\n<\/div>\n<\/div>\n<\/div>\n<div class=\"mkdf-post-text\">\n<div class=\"mkdf-post-text-inner\">\n<div class=\"mkdf-post-text-main\">\n<div class=\"mkdf-post-text\">\n<div class=\"mkdf-post-text-inner\">\n<div class=\"mkdf-post-text-main\">\n<div class=\"mkdf-post-text\">\n<div class=\"mkdf-post-text-inner\">\n<div class=\"mkdf-post-text-main\">\n<div class=\"page-title-head hgroup\">\n<div class=\"page-title-head hgroup\">\n<div class=\"mkdf-post-text\">\n<div class=\"mkdf-post-text-inner\">\n<div class=\"mkdf-post-text-main\">\n<div class=\"mkdf-post-text\">\n<div class=\"mkdf-post-text-inner\">\n<div class=\"mkdf-post-text-main\">\n<div class=\"page-title-head hgroup\">\n<div class=\"page-title-head hgroup\">\n<div class=\"page-title-head hgroup\">\n<div class=\"page-title-head hgroup\">\n<div class=\"b654a4as d2edcug0\">\n<div class=\"page-title-head hgroup\">\n<div class=\"page-title-head hgroup\">\n<div class=\"page-title-head hgroup\">\n<div class=\"page-title-head hgroup\">\n<div class=\"b654a4as d2edcug0\">\n<div class=\"page-title-head hgroup\">\n<div class=\"page-title-head hgroup\">\n<div class=\"page-title-head hgroup\">\n<div class=\"page-title-head hgroup\">\n<div class=\"b654a4as d2edcug0\">\n<div>\n<blockquote class=\"wp-embedded-content\" data-secret=\"eteI4IPR5Z\"><p><a href=\"https:\/\/www.radiopiu.net\/wordpress\/due-minuti-un-libro\/\">Due minuti un libro<\/a><\/p><\/blockquote>\n<p><iframe loading=\"lazy\" class=\"wp-embedded-content\" sandbox=\"allow-scripts\" security=\"restricted\" style=\"position: absolute; clip: rect(1px, 1px, 1px, 1px);\" title=\"&#8220;Due minuti un libro&#8221; &#8212; Radio Pi\u00f9\" src=\"https:\/\/www.radiopiu.net\/wordpress\/due-minuti-un-libro\/embed\/#?secret=eDgwHKxaa0#?secret=eteI4IPR5Z\" data-secret=\"eteI4IPR5Z\" width=\"600\" height=\"338\" frameborder=\"0\" marginwidth=\"0\" marginheight=\"0\" scrolling=\"no\"><\/iframe><\/p>\n<p>&nbsp;<\/p>\n<\/div>\n<div>\n<hr \/>\n<p>&nbsp;<\/p>\n<\/div>\n<h2><span style=\"color: #808000;\">L&#8217;ALMANACCO LADINO\u00a0<\/span><\/h2>\n<p><strong>LA RACCOLTA<\/strong><\/p>\n<blockquote class=\"wp-embedded-content\" data-secret=\"XErPMS8jhA\"><p><a href=\"https:\/\/www.radiopiu.net\/wordpress\/almanacco-ladino\/\">Almanacco Ladino<\/a><\/p><\/blockquote>\n<p><iframe loading=\"lazy\" class=\"wp-embedded-content\" sandbox=\"allow-scripts\" security=\"restricted\" style=\"position: absolute; clip: rect(1px, 1px, 1px, 1px);\" title=\"&#8220;Almanacco Ladino&#8221; &#8212; Radio Pi\u00f9\" src=\"https:\/\/www.radiopiu.net\/wordpress\/almanacco-ladino\/embed\/#?secret=73eaq7Bzf5#?secret=XErPMS8jhA\" data-secret=\"XErPMS8jhA\" width=\"600\" height=\"338\" frameborder=\"0\" marginwidth=\"0\" marginheight=\"0\" scrolling=\"no\"><\/iframe><\/p>\n<p>&nbsp;<\/p>\n<hr \/>\n<p><span style=\"color: #33cccc;\">\u00a0<span style=\"color: #000000;\">\u00a0<\/span><\/span><\/p>\n<h2><span style=\"color: #800000;\">GIROVAGANDO IN E-BIKE 2022<\/span><\/h2>\n<p><strong><a class=\"dt-pswp-item\" href=\"https:\/\/www.radiopiu.net\/wordpress\/wp-content\/uploads\/2022\/06\/5df37329-c8cb-4909-94b9-719e681f5a31.jpg\" data-dt-img-description=\"\" data-large_image_width=\"1200\" data-large_image_height=\"1600\"><img loading=\"lazy\" decoding=\"async\" class=\"size-thumbnail wp-image-280500 alignleft\" src=\"https:\/\/www.radiopiu.net\/wordpress\/wp-content\/uploads\/2022\/06\/5df37329-c8cb-4909-94b9-719e681f5a31-150x150.jpg\" alt=\"\" width=\"150\" height=\"150\" \/><\/a>REDAZIONE<\/strong> Tornano gli amici di Girovagando in E-Bike delle Dolomiti. Con la collaborazione di Thomas Soppelsa<\/p>\n<p><strong>PUNTATA DEL 09 GIUGNO 2022\u00a0<\/strong><\/p>\n<p>&nbsp;<\/p>\n<p>&nbsp;<\/p>\n<p>&nbsp;<\/p>\n<p><strong>AUDIO\u00a0 Thomas Soppera\u00a0<\/strong><\/p>\n<audio class=\"wp-audio-shortcode\" id=\"audio-281464-9\" preload=\"none\" style=\"width: 100%;\" controls=\"controls\"><source type=\"audio\/mpeg\" src=\"https:\/\/www.radiopiu.net\/wordpress\/wp-content\/uploads\/2022\/06\/THOMAS-GIRO.mp3?_=9\" \/><a href=\"https:\/\/www.radiopiu.net\/wordpress\/wp-content\/uploads\/2022\/06\/THOMAS-GIRO.mp3\">https:\/\/www.radiopiu.net\/wordpress\/wp-content\/uploads\/2022\/06\/THOMAS-GIRO.mp3<\/a><\/audio>\n<p>&nbsp;<\/p>\n<p><strong>LA RACCOLTA<\/strong><\/p>\n<blockquote class=\"wp-embedded-content\" data-secret=\"SEgCPJhwyj\"><p><a href=\"https:\/\/www.radiopiu.net\/wordpress\/girovagando-in-e-bike-tra-le-dolomiti\/\">GIROVAGANDO IN E BIKE TRA LE DOLOMITI<\/a><\/p><\/blockquote>\n<p><iframe loading=\"lazy\" class=\"wp-embedded-content\" sandbox=\"allow-scripts\" security=\"restricted\" style=\"position: absolute; clip: rect(1px, 1px, 1px, 1px);\" title=\"&#8220;GIROVAGANDO IN E BIKE TRA LE DOLOMITI&#8221; &#8212; Radio Pi\u00f9\" src=\"https:\/\/www.radiopiu.net\/wordpress\/girovagando-in-e-bike-tra-le-dolomiti\/embed\/#?secret=gSooOQw0Ds#?secret=SEgCPJhwyj\" data-secret=\"SEgCPJhwyj\" width=\"600\" height=\"338\" frameborder=\"0\" marginwidth=\"0\" marginheight=\"0\" scrolling=\"no\"><\/iframe><\/p>\n<p>&nbsp;<\/p>\n<hr \/>\n<p>&nbsp;<\/p>\n<h2><span style=\"color: #33cccc;\">LA RASSEGNA STAMPA DA L&#8217;AMICO DEL POPOLO<\/span><\/h2>\n<p><strong><a class=\"dt-pswp-item\" href=\"https:\/\/www.radiopiu.net\/wordpress\/wp-content\/uploads\/2020\/08\/PALLONE-CALCIO-CSI-1.jpg\" data-dt-img-description=\"\" data-large_image_width=\"957\" data-large_image_height=\"685\"><img loading=\"lazy\" decoding=\"async\" class=\"size-thumbnail wp-image-157935 alignleft\" src=\"https:\/\/www.radiopiu.net\/wordpress\/wp-content\/uploads\/2020\/08\/PALLONE-CALCIO-CSI-1-150x150.jpg\" alt=\"\" width=\"150\" height=\"150\" srcset=\"https:\/\/www.radiopiu.net\/wordpress\/wp-content\/uploads\/2020\/08\/PALLONE-CALCIO-CSI-1-150x150.jpg 150w, https:\/\/www.radiopiu.net\/wordpress\/wp-content\/uploads\/2020\/08\/PALLONE-CALCIO-CSI-1-125x125.jpg 125w, https:\/\/www.radiopiu.net\/wordpress\/wp-content\/uploads\/2020\/08\/PALLONE-CALCIO-CSI-1-200x200.jpg 200w, https:\/\/www.radiopiu.net\/wordpress\/wp-content\/uploads\/2020\/08\/PALLONE-CALCIO-CSI-1-80x80.jpg 80w\" sizes=\"auto, (max-width: 150px) 100vw, 150px\" \/><\/a>DI GIANNI SANTOMASO<\/strong><\/p>\n<p>OSPITE: Christian De Zaiacomo, allenatore del Voltago<\/p>\n<audio class=\"wp-audio-shortcode\" id=\"audio-281464-10\" preload=\"none\" style=\"width: 100%;\" controls=\"controls\"><source type=\"audio\/mpeg\" src=\"https:\/\/www.radiopiu.net\/wordpress\/wp-content\/uploads\/2022\/06\/RASSEGNA-GIANNI-1.mp3?_=10\" \/><a href=\"https:\/\/www.radiopiu.net\/wordpress\/wp-content\/uploads\/2022\/06\/RASSEGNA-GIANNI-1.mp3\">https:\/\/www.radiopiu.net\/wordpress\/wp-content\/uploads\/2022\/06\/RASSEGNA-GIANNI-1.mp3<\/a><\/audio>\n<p>&nbsp;<\/p>\n<p><strong>LA RACCOLTA COMPLETA<\/strong><\/p>\n<blockquote class=\"wp-embedded-content\" data-secret=\"beYKNmVAFK\"><p><a href=\"https:\/\/www.radiopiu.net\/wordpress\/rassegna-stampa-di-gianni-santomaso\/\">Rassegna stampa da l&#8217;amico del popolo &#8211; di Gianni Santomaso<\/a><\/p><\/blockquote>\n<p><iframe loading=\"lazy\" class=\"wp-embedded-content\" sandbox=\"allow-scripts\" security=\"restricted\" style=\"position: absolute; clip: rect(1px, 1px, 1px, 1px);\" title=\"&#8220;Rassegna stampa da l&#8217;amico del popolo &#8211; di Gianni Santomaso&#8221; &#8212; Radio Pi\u00f9\" src=\"https:\/\/www.radiopiu.net\/wordpress\/rassegna-stampa-di-gianni-santomaso\/embed\/#?secret=tSRxOwQWhx#?secret=beYKNmVAFK\" data-secret=\"beYKNmVAFK\" width=\"600\" height=\"338\" frameborder=\"0\" marginwidth=\"0\" marginheight=\"0\" scrolling=\"no\"><\/iframe><\/p>\n<p>&nbsp;<\/p>\n<hr \/>\n<p>&nbsp;<\/p>\n<div>\n<div class=\"page-title-head hgroup\">\n<div class=\"page-title-head hgroup\">\n<div class=\"b654a4as d2edcug0\">\n<div class=\"j83agx80 btwxx1t3 lhclo0ds hop8lmos nkwizq5d scwd0bx6 roh60bw9\">\n<div class=\"rq0escxv hkbzh7o3 jwdofwj8 n8tt0mok r8blr3vg hyh9befq\">\n<div class=\"do00u71z l9j0dhe7 k4urcfbm\">\n<div class=\"ecm0bbzt e5nlhep0 a8c37x1j\">\n<div class=\"kvgmc6g5 cxmmr5t8 oygrvhab hcukyx3x c1et5uql\">\n<div class=\"gmail-kvgmc6g5 gmail-cxmmr5t8 gmail-oygrvhab gmail-hcukyx3x gmail-c1et5uql gmail-ii04i59q\">\n<div class=\"page-title-head hgroup\">\n<div class=\"page-title-head hgroup\">\n<div class=\"b654a4as d2edcug0\">\n<div class=\"j83agx80 btwxx1t3 lhclo0ds hop8lmos nkwizq5d scwd0bx6 roh60bw9\">\n<div class=\"rq0escxv hkbzh7o3 jwdofwj8 n8tt0mok r8blr3vg hyh9befq\">\n<div class=\"do00u71z l9j0dhe7 k4urcfbm\">\n<div class=\"page-title-head hgroup\">\n<div class=\"page-title-head hgroup\">\n<div class=\"page-title-head hgroup\">\n<div class=\"page-title-head hgroup\">\n<div class=\"b654a4as d2edcug0\">\n<div class=\"page-title-head hgroup\">\n<div class=\"page-title-head hgroup\">\n<div class=\"page-title-head hgroup\">\n<div class=\"page-title-head hgroup\">\n<div class=\"b654a4as d2edcug0\">\n<div class=\"page-title-head hgroup\">\n<div class=\"page-title-head hgroup\">\n<div class=\"page-title-head hgroup\">\n<div class=\"page-title-head hgroup\">\n<div class=\"page-title-head hgroup\">\n<div class=\"page-title-head hgroup\">\n<div class=\"page-title-head hgroup\">\n<div class=\"page-title-head hgroup\">\n<div class=\"page-title-head hgroup\">\n<div class=\"b654a4as d2edcug0\">\n<div class=\"page-title-head hgroup\">\n<div class=\"page-title-head hgroup\">\n<div class=\"page-title-head hgroup\">\n<div class=\"page-title-head hgroup\">\n<div class=\"b654a4as d2edcug0\">\n<div class=\"page-title-head hgroup\">\n<div class=\"page-title-head hgroup\">\n<div class=\"page-title-head hgroup\">\n<div class=\"page-title-head hgroup\">\n<div class=\"page-title-head hgroup\">\n<div class=\"mkdf-post-text\">\n<div class=\"mkdf-post-text-inner\">\n<div class=\"mkdf-post-text-main\">\n<div class=\"mkdf-post-text\">\n<div class=\"mkdf-post-text-inner\">\n<div class=\"mkdf-post-text-main\">\n<div class=\"mkdf-post-text\">\n<div class=\"mkdf-post-text-inner\">\n<div class=\"mkdf-post-text-main\">\n<div class=\"page-title-head hgroup\">\n<div class=\"page-title-head hgroup\">\n<div class=\"mkdf-post-text\">\n<div class=\"mkdf-post-text-inner\">\n<div class=\"mkdf-post-text-main\">\n<div class=\"mkdf-post-text\">\n<div class=\"mkdf-post-text-inner\">\n<div class=\"mkdf-post-text-main\">\n<div class=\"page-title-head hgroup\">\n<div class=\"page-title-head hgroup\">\n<div class=\"page-title-head hgroup\">\n<div class=\"page-title-head hgroup\">\n<div class=\"b654a4as d2edcug0\">\n<div class=\"page-title-head hgroup\">\n<div class=\"page-title-head hgroup\">\n<div class=\"page-title-head hgroup\">\n<div class=\"page-title-head hgroup\">\n<div class=\"b654a4as d2edcug0\">\n<div class=\"page-title-head hgroup\">\n<div class=\"page-title-head hgroup\">\n<div class=\"page-title-head hgroup\">\n<div class=\"page-title-head hgroup\">\n<div class=\"b654a4as d2edcug0\">\n<h2><span style=\"color: #800080;\">I RACCONTI DI PAOLO SOPPELSA\u00a0<\/span><\/h2>\n<p><strong>LA RACCOLTA COMPLETA<\/strong><\/p>\n<blockquote class=\"wp-embedded-content\" data-secret=\"aRDglHpsn0\"><p><a href=\"https:\/\/www.radiopiu.net\/wordpress\/i-racconti-di-paolo-soppelsa\/\">I racconti di Paolo Soppelsa<\/a><\/p><\/blockquote>\n<p><iframe loading=\"lazy\" class=\"wp-embedded-content\" sandbox=\"allow-scripts\" security=\"restricted\" style=\"position: absolute; clip: rect(1px, 1px, 1px, 1px);\" title=\"&#8220;I racconti di Paolo Soppelsa&#8221; &#8212; Radio Pi\u00f9\" src=\"https:\/\/www.radiopiu.net\/wordpress\/i-racconti-di-paolo-soppelsa\/embed\/#?secret=JSh4zU2tAP#?secret=aRDglHpsn0\" data-secret=\"aRDglHpsn0\" width=\"600\" height=\"338\" frameborder=\"0\" marginwidth=\"0\" marginheight=\"0\" scrolling=\"no\"><\/iframe><\/p>\n<p>&nbsp;<\/p>\n<hr \/>\n<p>&nbsp;<\/p>\n<\/div>\n<\/div>\n<\/div>\n<\/div>\n<\/div>\n<\/div>\n<\/div>\n<\/div>\n<\/div>\n<\/div>\n<\/div>\n<\/div>\n<\/div>\n<\/div>\n<\/div>\n<\/div>\n<\/div>\n<\/div>\n<\/div>\n<\/div>\n<\/div>\n<\/div>\n<\/div>\n<\/div>\n<\/div>\n<\/div>\n<\/div>\n<\/div>\n<\/div>\n<\/div>\n<\/div>\n<\/div>\n<\/div>\n<\/div>\n<\/div>\n<\/div>\n<\/div>\n<\/div>\n<\/div>\n<\/div>\n<\/div>\n<\/div>\n<\/div>\n<\/div>\n<\/div>\n<\/div>\n<\/div>\n<\/div>\n<\/div>\n<\/div>\n<\/div>\n<\/div>\n<\/div>\n<\/div>\n<\/div>\n<\/div>\n<\/div>\n<\/div>\n<\/div>\n<\/div>\n<\/div>\n<\/div>\n<\/div>\n<\/div>\n<\/div>\n<\/div>\n<\/div>\n<\/div>\n<\/div>\n<\/div>\n<\/div>\n<\/div>\n<\/div>\n<\/div>\n<\/div>\n<\/div>\n<\/div>\n<\/div>\n<\/div>\n<\/div>\n<\/div>\n<\/div>\n<\/div>\n<\/div>\n<\/div>\n<\/div>\n<\/div>\n<\/div>\n<\/div>\n<\/div>\n<\/div>\n<\/div>\n<\/div>\n<\/div>\n<\/div>\n<\/div>\n<\/div>\n<\/div>\n<\/div>\n<\/div>\n<\/div>\n<\/div>\n<\/div>\n<\/div>\n<\/div>\n<\/div>\n<\/div>\n<\/div>\n<\/div>\n<\/div>\n<\/div>\n<div class=\"b654a4as d2edcug0\">\n<div class=\"ecm0bbzt e5nlhep0 a8c37x1j\">\n<div class=\"kvgmc6g5 cxmmr5t8 oygrvhab hcukyx3x c1et5uql\">\n<div class=\"gmail-kvgmc6g5 gmail-cxmmr5t8 gmail-oygrvhab gmail-hcukyx3x gmail-c1et5uql gmail-ii04i59q\">\n<div>\n<div class=\"page-title-head hgroup\">\n<div class=\"page-title-head hgroup\">\n<div class=\"b654a4as d2edcug0\">\n<div class=\"j83agx80 btwxx1t3 lhclo0ds hop8lmos nkwizq5d scwd0bx6 roh60bw9\">\n<div class=\"rq0escxv hkbzh7o3 jwdofwj8 n8tt0mok r8blr3vg hyh9befq\">\n<div class=\"do00u71z l9j0dhe7 k4urcfbm\">\n<div>\n<div class=\"page-title-head hgroup\">\n<div class=\"page-title-head hgroup\">\n<div class=\"page-title-head hgroup\">\n<div class=\"page-title-head hgroup\">\n<div class=\"b654a4as d2edcug0\">\n<div class=\"page-title-head hgroup\">\n<div class=\"page-title-head hgroup\">\n<div class=\"page-title-head hgroup\">\n<div class=\"page-title-head hgroup\">\n<div class=\"b654a4as d2edcug0\">\n<div class=\"page-title-head hgroup\">\n<div class=\"page-title-head hgroup\">\n<div class=\"page-title-head hgroup\">\n<div class=\"page-title-head hgroup\">\n<div class=\"page-title-head hgroup\">\n<div class=\"mkdf-post-text\">\n<div class=\"mkdf-post-text-inner\">\n<div class=\"mkdf-post-text-main\">\n<div class=\"mkdf-post-text\">\n<div class=\"mkdf-post-text-inner\">\n<div class=\"mkdf-post-text-main\">\n<div class=\"mkdf-post-text\">\n<div class=\"mkdf-post-text-inner\">\n<div class=\"mkdf-post-text-main\">\n<div class=\"page-title-head hgroup\">\n<div class=\"page-title-head hgroup\">\n<div class=\"mkdf-post-text\">\n<div class=\"mkdf-post-text-inner\">\n<div class=\"mkdf-post-text-main\">\n<div class=\"mkdf-post-text\">\n<div class=\"mkdf-post-text-inner\">\n<div class=\"mkdf-post-text-main\">\n<div>\n<div class=\"page-title-head hgroup\">\n<div class=\"page-title-head hgroup\">\n<div>\n<div class=\"page-title-head hgroup\">\n<div class=\"page-title-head hgroup\">\n<div class=\"b654a4as d2edcug0\">\n<div>\n<div class=\"page-title-head hgroup\" style=\"text-align: left;\">\n<div class=\"page-title-head hgroup\">\n<div dir=\"auto\">\n<p><a class=\"dt-pswp-item pspw-wrap-ready\" href=\"https:\/\/i0.wp.com\/www.radiopiu.net\/wordpress\/wp-content\/uploads\/2018\/09\/WhatsApp-Image-2018-09-20-at-16.04.06.jpeg?ssl=1\" data-dt-img-description=\"\" data-large_image_width=\"800\" data-large_image_height=\"100\"><img loading=\"lazy\" decoding=\"async\" class=\"aligncenter wp-image-61378 size-full jetpack-lazy-image jetpack-lazy-image--handled\" src=\"https:\/\/i0.wp.com\/www.radiopiu.net\/wordpress\/wp-content\/uploads\/2018\/09\/WhatsApp-Image-2018-09-20-at-16.04.06.jpeg?resize=800%2C100&amp;ssl=1\" sizes=\"auto, (max-width: 800px) 100vw, 800px\" srcset=\"https:\/\/i0.wp.com\/www.radiopiu.net\/wordpress\/wp-content\/uploads\/2018\/09\/WhatsApp-Image-2018-09-20-at-16.04.06.jpeg?w=800&amp;ssl=1 800w, https:\/\/i0.wp.com\/www.radiopiu.net\/wordpress\/wp-content\/uploads\/2018\/09\/WhatsApp-Image-2018-09-20-at-16.04.06.jpeg?resize=300%2C38&amp;ssl=1 300w, https:\/\/i0.wp.com\/www.radiopiu.net\/wordpress\/wp-content\/uploads\/2018\/09\/WhatsApp-Image-2018-09-20-at-16.04.06.jpeg?resize=768%2C96&amp;ssl=1 768w\" alt=\"\" width=\"800\" height=\"100\" data-lazy-loaded=\"1\" \/><\/a><\/p>\n<\/div>\n<\/div>\n<\/div>\n<\/div>\n<\/div>\n<\/div>\n<\/div>\n<\/div>\n<\/div>\n<\/div>\n<\/div>\n<\/div>\n<\/div>\n<\/div>\n<\/div>\n<\/div>\n<\/div>\n<\/div>\n<\/div>\n<\/div>\n<\/div>\n<\/div>\n<\/div>\n<\/div>\n<\/div>\n<\/div>\n<\/div>\n<\/div>\n<\/div>\n<\/div>\n<\/div>\n<\/div>\n<\/div>\n<\/div>\n<\/div>\n<\/div>\n<\/div>\n<\/div>\n<\/div>\n<\/div>\n<\/div>\n<\/div>\n<\/div>\n<\/div>\n<\/div>\n<\/div>\n<\/div>\n<\/div>\n<\/div>\n<\/div>\n<\/div>\n<\/div>\n<\/div>\n<\/div>\n<\/div>\n<\/div>\n<\/div>\n<\/div>\n<\/div>\n<\/div>\n<\/div>\n<\/div>\n<\/div>\n<\/div>\n<\/div>\n<\/div>\n<\/div>\n<\/div>\n<\/div>\n<\/div>\n<\/div>\n<\/div>\n<\/div>\n<\/div>\n<\/div>\n<\/div>\n<\/div>\n<\/div>\n<\/div>\n<\/div>\n<\/div>\n<\/div>\n<\/div>\n<\/div>\n<\/div>\n<\/div>\n<\/div>\n<\/div>\n<\/div>\n<\/div>\n<\/div>\n<\/div>\n<\/div>\n<\/div>\n<\/div>\n<\/div>\n<\/div>\n<\/div>\n<\/div>\n<\/div>\n<\/div>\n<\/div>\n<\/div>\n<\/div>\n<\/div>\n<\/div>\n<\/div>\n<\/div>\n<\/div>\n<\/div>\n<\/div>\n<\/div>\n<\/div>\n<\/div>\n<\/div>\n<\/div>\n<\/div>\n<\/div>\n<\/div>\n<\/div>\n<\/div>\n<\/div>\n<\/div>\n<\/div>\n<\/div>\n<\/div>\n<\/div>\n<\/div>\n<\/div>\n<\/div>\n<\/div>\n<\/div>\n<\/div>\n<\/div>\n<\/div>\n<\/div>\n<\/div>\n<\/div>\n<\/div>\n<\/div>\n<\/div>\n<\/div>\n<\/div>\n<\/div>\n<\/div>\n<\/div>\n<\/div>\n<\/div>\n<\/div>\n<\/div>\n<\/div>\n<\/div>\n<\/div>\n<\/div>\n<\/div>\n<\/div>\n<\/div>\n<\/div>\n<\/div>\n<\/div>\n<\/div>\n<\/div>\n<\/div>\n<\/div>\n<\/div>\n<\/div>\n<\/div>\n<\/div>\n<\/div>\n<\/div>\n<\/div>\n<\/div>\n<\/div>\n<\/div>\n<\/div>\n<\/div>\n<\/div>\n<\/div>\n<\/div>\n<\/div>\n<\/div>\n<\/div>\n<\/div>\n<\/div>\n<\/div>\n<\/div>\n<\/div>\n<\/div>\n<\/div>\n<\/div>\n<\/div>\n<\/div>\n<\/div>\n<\/div>\n<\/div>\n<\/div>\n<\/div>\n<\/div>\n<\/div>\n<\/div>\n<\/div>\n<\/div>\n<\/div>\n<\/div>\n<\/div>\n<\/div>\n<\/div>\n<\/div>\n<\/div>\n<\/div>\n<\/div>\n<\/div>\n<\/div>\n<\/div>\n<\/div>\n<\/div>\n<\/div>\n<\/div>\n<\/div>\n<\/div>\n<\/div>\n<\/div>\n<\/div>\n<\/div>\n<\/div>\n<\/div>\n<\/div>\n<\/div>\n<\/div>\n<\/div>\n<p>&nbsp;<\/p>\n<p><center><b>Mercoledi 15<\/b><\/center><b>Tempo atteso: <\/b>Ben soleggiato al mattino e formazione di cumuli a moderato sviluppo nel pomeriggio, che potranno dar luogo a locali rovesci, eventualmente anche temporaleschi per effetto della convezione diurna. Rialzo termico diurno, con condizioni prettamente estive a tutte le quote.<br \/>\n<b>Precipitazioni: <\/b>Nel pomeriggio probabili rovesci o temporali su Dolomiti (40-60 %), un p\u00f2 meno probabili su Prealpi specie occidentali (30-50%)<br \/>\n<b>Temperature: <\/b>In generale lieve aumento con valori superiori alla media del periodo. Su Prealpi a 1500 m: min 13 max 16, a 2000 m: min 9 max 12 Dolomiti &#8211; a 2000 m: min 10 max 14, a 3000 m: min 5 max 6<br \/>\n<b>Venti: <\/b>Nelle valli a regime di brezza, in quota deboli\/moderati da nordovest a 10-20 km\/h a 2000 m, a 15-30 km\/h a 3000 m<\/p>\n<hr \/>\n<p><center><b>Giovedi 16<\/b><\/center><b>Tempo atteso: <\/b>Al mattino soleggiato con transito di velature, nel pomeriggio formazione moderata ed irregolare di nuvolosit\u00e0 cumuliforme con qualche fenomeno temporalesco possibile.<br \/>\n<b>Precipitazioni: <\/b>Nel pomeriggio possibili isolati rovesci o temporali su Dolomiti (30-50%), meno probabili su Prealpi (20-40%) specie quelle occidentali (10%)<br \/>\n<b>Temperature: <\/b>Contesto termico sempre caldo, anche afoso nei fondovalle prealpini, con temperature diurne superiori alle medie a tutte le quote e in ulteriore lieve aumento. Su Prealpi a 1500 m: min 13 max 16, a 2000 m: min 9 max 12 Dolomiti a 2000 m: min 13 max 16, a 3000 m: min 4 max 6<br \/>\n<b>Venti: <\/b>Nelle valli a regime di brezza, in quota deboli\/moderati da nordovest in rinforzo verso sera a 10-20 km\/h a 2000 m, a 15-30 km\/h a 3000 m<\/p>\n<hr \/>\n<p><center><b>Venerdi 17<\/b><\/center>Tempo stabile e ancora caldo seppur con cielo a tratti velato. Precipitazioni assenti. Temperature stazionarie o il lievissimo calo in quota. Venti nelle valli a regime di brezza in quota moderati settentrionali.<\/p>\n<hr \/>\n<p><center><b>Sabato 18<\/b><\/center>Tempo stabile e soleggiato. Molto caldo per avvezione di aria ulteriormente pi\u00f9 calda e temperature molto superiori alla media a tutte le quote. Venti in quota inizialmente forti settentrionali in attenuazione fino a deboli da met\u00e0 giornata. Previsore: DDL<\/p>\n<div style=\"text-align: left;\">\n<p>&nbsp;<\/p>\n<\/div>\n<hr \/>\n<p>&nbsp;<\/p>\n<p>&nbsp;<\/p>\n<p><a href=\"https:\/\/www.radiopiu.net\/wordpress\/giornale-radiopiu-26-settembre-2018-direttore-mirko-mezzacasa\/viabilita-2\/\" rel=\"attachment wp-att-61954\"><img loading=\"lazy\" decoding=\"async\" class=\"aligncenter wp-image-61954 size-full\" src=\"https:\/\/www.radiopiu.net\/wordpress\/wp-content\/uploads\/2018\/09\/viabilita.jpeg\" sizes=\"auto, (max-width: 800px) 100vw, 800px\" srcset=\"https:\/\/www.radiopiu.net\/wordpress\/wp-content\/uploads\/2018\/09\/viabilita.jpeg 800w, https:\/\/www.radiopiu.net\/wordpress\/wp-content\/uploads\/2018\/09\/viabilita-300x38.jpeg 300w, https:\/\/www.radiopiu.net\/wordpress\/wp-content\/uploads\/2018\/09\/viabilita-768x96.jpeg 768w\" alt=\"\" width=\"800\" height=\"100\" \/><\/a><\/p>\n<p>&nbsp;<\/p>\n<blockquote class=\"wp-embedded-content\" data-secret=\"JIkVULVzKZ\"><p><a href=\"https:\/\/www.radiopiu.net\/wordpress\/viabilita\/\">viabilita<\/a><\/p><\/blockquote>\n<p><iframe loading=\"lazy\" class=\"wp-embedded-content\" sandbox=\"allow-scripts\" security=\"restricted\" style=\"position: absolute; clip: rect(1px, 1px, 1px, 1px);\" title=\"&#8220;viabilita&#8221; &#8212; Radio Pi\u00f9\" src=\"https:\/\/www.radiopiu.net\/wordpress\/viabilita\/embed\/#?secret=BKoJcIglUs#?secret=JIkVULVzKZ\" data-secret=\"JIkVULVzKZ\" width=\"600\" height=\"338\" frameborder=\"0\" marginwidth=\"0\" marginheight=\"0\" scrolling=\"no\"><\/iframe><\/p>\n<p>&nbsp;<\/p>\n<hr \/>\n<p>&nbsp;<\/p>\n<p>&nbsp;<\/p>\n<p><img loading=\"lazy\" decoding=\"async\" class=\"wp-image-60761 size-full aligncenter\" src=\"https:\/\/www.radiopiu.net\/wordpress\/wp-content\/uploads\/2018\/09\/sport.jpg\" alt=\"\" width=\"800\" height=\"100\" srcset=\"https:\/\/www.radiopiu.net\/wordpress\/wp-content\/uploads\/2018\/09\/sport.jpg 800w, https:\/\/www.radiopiu.net\/wordpress\/wp-content\/uploads\/2018\/09\/sport-300x38.jpg 300w, https:\/\/www.radiopiu.net\/wordpress\/wp-content\/uploads\/2018\/09\/sport-768x96.jpg 768w\" sizes=\"auto, (max-width: 800px) 100vw, 800px\" \/><\/p>\n<p>&nbsp;<\/p>\n<p><span style=\"color: #0000ff;\"><strong>CALCIO<\/strong><\/span><\/p>\n<blockquote>\n<h3>SABATO PARTE IL CAMPIONATO AGORDINO GIOVANILE. SETTE SQUADRE A DARSI BATTAGLIA<\/h3>\n<\/blockquote>\n<p><strong><a class=\"dt-pswp-item\" href=\"https:\/\/www.radiopiu.net\/wordpress\/wp-content\/uploads\/2019\/06\/CALCIO-2019.jpg\" data-dt-img-description=\"\" data-large_image_width=\"624\" data-large_image_height=\"351\"><img loading=\"lazy\" decoding=\"async\" class=\"alignleft wp-image-88853 \" src=\"https:\/\/www.radiopiu.net\/wordpress\/wp-content\/uploads\/2019\/06\/CALCIO-2019-300x169.jpg\" alt=\"\" width=\"181\" height=\"102\" srcset=\"https:\/\/www.radiopiu.net\/wordpress\/wp-content\/uploads\/2019\/06\/CALCIO-2019-300x169.jpg 300w, https:\/\/www.radiopiu.net\/wordpress\/wp-content\/uploads\/2019\/06\/CALCIO-2019.jpg 624w\" sizes=\"auto, (max-width: 181px) 100vw, 181px\" \/><\/a>REDAZIONE<\/strong> Sabato pomeriggio ritorna anche il Campionato Agordino Giovanile, il torneo dedicato ai giovani Under 14 della vallata. Saranno sette le squadre al via della manifestazione che vedr\u00e0 impegnati i giovani agordini per sette giornate di stagione regolare da dove usciranno le 4 formazioni che si sfideranno nelle semifinali di Cencenighe del 30 Luglio. L&#8217;atto finale del campionato sar\u00e0 a Gosaldo il 7 agosto in concomitanza con l&#8217;atto finale del torneo Senior. La Valle, Cencenighe, Canale, Le Ville, Caprile, Fodom e Taibon sono le sette compagini che a partire da sabato pomeriggio daranno vita al torneo Under 14. Abbandona la manifestazione l&#8217;Alleghe per lasciare spazio ai cugini del Caprile che per la prima volta partecipano al torneo. Una grande conquista per il Comitato Calcio Agordino che, dopo due anni di assenza, pu\u00f2 contare anche su l&#8217;impegno delle squadre per avvicinare i pi\u00f9 giovani al calcio giocato.<\/p>\n<p><strong>IL CALENDARIO\u00a0<\/strong><\/p>\n<a href=\"https:\/\/www.radiopiu.net\/wordpress\/wp-content\/uploads\/2022\/06\/Calendario-CAMPIONATO-AGORDINO-GIOVANILE.pdf\" class=\"pdfemb-viewer\" style=\"\" data-width=\"max\" data-height=\"max\" data-toolbar=\"top\" data-toolbar-fixed=\"on\">Calendario CAMPIONATO AGORDINO GIOVANILE<\/a>\n<p>&nbsp;<\/p>\n<hr \/>\n<p>&nbsp;<\/p>\n<p><span style=\"color: #0000ff;\"><strong>MOUNTAIN BIKE<\/strong><\/span><\/p>\n<blockquote>\n<h3>TERZA VITTORIA PER LA SQUADRA BELLUNESE ALLA TRANSPYR<\/h3>\n<\/blockquote>\n<p><strong>PIRENEI FRANCESI<\/strong><\/p>\n<p>di Roberto Bona<\/p>\n<audio class=\"wp-audio-shortcode\" id=\"audio-281464-11\" preload=\"none\" style=\"width: 100%;\" controls=\"controls\"><source type=\"audio\/mpeg\" src=\"https:\/\/www.radiopiu.net\/wordpress\/wp-content\/uploads\/2022\/06\/BONA-TRANSPYR.mp3?_=11\" \/><a href=\"https:\/\/www.radiopiu.net\/wordpress\/wp-content\/uploads\/2022\/06\/BONA-TRANSPYR.mp3\">https:\/\/www.radiopiu.net\/wordpress\/wp-content\/uploads\/2022\/06\/BONA-TRANSPYR.mp3<\/a><\/audio>\n<p>&nbsp;<\/p>\n\n\t\t\t<style type='text\/css'>\n\t\t\t\t#gallery-8 {\n\t\t\t\t\tmargin: auto;\n\t\t\t\t}\n\t\t\t\t#gallery-8 .gallery-item {\n\t\t\t\t\tfloat: left;\n\t\t\t\t\tmargin-top: 10px;\n\t\t\t\t\ttext-align: center;\n\t\t\t\t\twidth: 20%;\n\t\t\t\t}\n\t\t\t\t#gallery-8 img {\n\t\t\t\t\tborder: 2px solid #cfcfcf;\n\t\t\t\t}\n\t\t\t\t#gallery-8 .gallery-caption {\n\t\t\t\t\tmargin-left: 0;\n\t\t\t\t}\n\t\t\t\t\/* see gallery_shortcode() in wp-includes\/media.php *\/\n\t\t\t<\/style>\n\t\t<div id='gallery-8' class='dt-gallery-container gallery galleryid-281464 gallery-columns-5 gallery-size-thumbnail'><dl class='gallery-item'>\n\t\t\t\t<dt class='gallery-icon portrait'>\n\t\t\t\t\t<a class=\"rollover rollover-zoom dt-pswp-item\" title=\"6dba0216-e871-49a3-9102-c3b645178045\" data-dt-img-description=\"\" data-large_image_width=\"768\" data-large_image_height=\"1024\"href='https:\/\/www.radiopiu.net\/wordpress\/wp-content\/uploads\/2022\/06\/6dba0216-e871-49a3-9102-c3b645178045.jpg'><img loading=\"lazy\" decoding=\"async\" width=\"150\" height=\"150\" src=\"https:\/\/www.radiopiu.net\/wordpress\/wp-content\/uploads\/2022\/06\/6dba0216-e871-49a3-9102-c3b645178045-150x150.jpg\" class=\"attachment-thumbnail size-thumbnail\" alt=\"\" \/><\/a>\n\t\t\t\t<\/dt><\/dl><dl class='gallery-item'>\n\t\t\t\t<dt class='gallery-icon portrait'>\n\t\t\t\t\t<a class=\"rollover rollover-zoom dt-pswp-item\" title=\"70c773d2-7ff3-4325-be9e-b5917d1c6f0a\" data-dt-img-description=\"\" data-large_image_width=\"768\" data-large_image_height=\"1024\"href='https:\/\/www.radiopiu.net\/wordpress\/wp-content\/uploads\/2022\/06\/70c773d2-7ff3-4325-be9e-b5917d1c6f0a.jpg'><img loading=\"lazy\" decoding=\"async\" width=\"150\" height=\"150\" src=\"https:\/\/www.radiopiu.net\/wordpress\/wp-content\/uploads\/2022\/06\/70c773d2-7ff3-4325-be9e-b5917d1c6f0a-150x150.jpg\" class=\"attachment-thumbnail size-thumbnail\" alt=\"\" \/><\/a>\n\t\t\t\t<\/dt><\/dl><dl class='gallery-item'>\n\t\t\t\t<dt class='gallery-icon landscape'>\n\t\t\t\t\t<a class=\"rollover rollover-zoom dt-pswp-item\" title=\"0e0d4c21-9ec0-4f6e-b62c-bafa147adf74\" data-dt-img-description=\"\" data-large_image_width=\"1024\" data-large_image_height=\"768\"href='https:\/\/www.radiopiu.net\/wordpress\/wp-content\/uploads\/2022\/06\/0e0d4c21-9ec0-4f6e-b62c-bafa147adf74.jpg'><img loading=\"lazy\" decoding=\"async\" width=\"150\" height=\"150\" src=\"https:\/\/www.radiopiu.net\/wordpress\/wp-content\/uploads\/2022\/06\/0e0d4c21-9ec0-4f6e-b62c-bafa147adf74-150x150.jpg\" class=\"attachment-thumbnail size-thumbnail\" alt=\"\" \/><\/a>\n\t\t\t\t<\/dt><\/dl><dl class='gallery-item'>\n\t\t\t\t<dt class='gallery-icon landscape'>\n\t\t\t\t\t<a class=\"rollover rollover-zoom dt-pswp-item\" title=\"ee9aade8-6287-4830-bb1c-5c5ece654681\" data-dt-img-description=\"\" data-large_image_width=\"1024\" data-large_image_height=\"768\"href='https:\/\/www.radiopiu.net\/wordpress\/wp-content\/uploads\/2022\/06\/ee9aade8-6287-4830-bb1c-5c5ece654681.jpg'><img loading=\"lazy\" decoding=\"async\" width=\"150\" height=\"150\" src=\"https:\/\/www.radiopiu.net\/wordpress\/wp-content\/uploads\/2022\/06\/ee9aade8-6287-4830-bb1c-5c5ece654681-150x150.jpg\" class=\"attachment-thumbnail size-thumbnail\" alt=\"\" \/><\/a>\n\t\t\t\t<\/dt><\/dl><dl class='gallery-item'>\n\t\t\t\t<dt class='gallery-icon landscape'>\n\t\t\t\t\t<a class=\"rollover rollover-zoom dt-pswp-item\" title=\"8584fcd7-d3b1-49ff-ba7c-b86e69c6167e\" data-dt-img-description=\"\" data-large_image_width=\"1024\" data-large_image_height=\"798\"href='https:\/\/www.radiopiu.net\/wordpress\/wp-content\/uploads\/2022\/06\/8584fcd7-d3b1-49ff-ba7c-b86e69c6167e.jpg'><img loading=\"lazy\" decoding=\"async\" width=\"150\" height=\"150\" src=\"https:\/\/www.radiopiu.net\/wordpress\/wp-content\/uploads\/2022\/06\/8584fcd7-d3b1-49ff-ba7c-b86e69c6167e-150x150.jpg\" class=\"attachment-thumbnail size-thumbnail\" alt=\"\" \/><\/a>\n\t\t\t\t<\/dt><\/dl><br style=\"clear: both\" \/>\n\t\t\t<\/div>\n\n<p>&nbsp;<\/p>\n<\/div>\n<\/div>\n<\/div>\n<\/div>\n<\/div>\n<\/div>\n<\/div>\n<\/div>\n<\/div>\n<\/div>\n<\/div>\n<\/div>\n<\/div>\n<\/div>\n<\/div>\n<\/div>\n<\/div>\n<\/div>\n<\/div>\n<\/div>\n<\/div>\n<\/div>\n<\/div>\n<\/div>\n<\/div>\n<\/div>\n<\/div>\n<\/div>\n<\/div>\n<\/div>\n<\/div>\n<\/div>\n<\/div>\n<\/div>\n<\/div>\n<\/div>\n<\/div>\n<\/div>\n<\/div>\n<\/div>\n<\/div>\n<\/div>\n<\/div>\n<\/div>\n<\/div>\n<\/div>\n<\/div>\n<\/div>\n<\/div>\n<\/div>\n<\/div>\n<\/div>\n<\/div>\n<\/div>\n<\/div>\n<\/div>\n<\/div>\n<\/div>\n<\/div>\n<\/div>\n<\/div>\n<\/div>\n<\/div>\n<\/div>\n<\/div>\n<\/div>\n<\/div>\n<\/div>\n<\/div>\n<\/div>\n<\/div>\n<\/div>\n<\/div>\n<\/div>\n<\/div>\n<\/div>\n<\/div>\n<\/div>\n<\/div>\n<\/div>\n<\/div>\n<\/div>\n<\/div>\n<\/div>\n<\/div>\n<\/div>\n<\/div>\n<\/div>\n<\/div>\n<\/div>\n<\/div>\n<\/div>\n<\/div>\n<\/div>\n<\/div>\n<\/div>\n<\/div>\n<\/div>\n<\/div>\n<\/div>\n<\/div>\n<\/div>\n<\/div>\n<\/div>\n<\/div>\n","protected":false},"excerpt":{"rendered":"<p>&nbsp; RADIO PIU INFORMAZIONE il canale su TELEGRAM informazione di prima\u00a0 mano e in tempo reale. iscriviti ed aiutaci a farlo conoscere\u00a0\u00a0 &nbsp; &nbsp; &nbsp; DOLOMITIBUS&#8230; GUIDA IL TUO FUTURO, LO SPOT ALLA RADIO &nbsp; &nbsp; SERVIZIO IDRICO, INTERRUZIONI A VALLADA E AGORDO VALLADA Gestione Servizi Pubblici informa che, per lavori alla rete idrica comunale,&hellip;<\/p>\n","protected":false},"author":4,"featured_media":281662,"comment_status":"closed","ping_status":"closed","sticky":false,"template":"","format":"standard","meta":{"_monsterinsights_skip_tracking":false,"_monsterinsights_sitenote_active":false,"_monsterinsights_sitenote_note":"","_monsterinsights_sitenote_category":0,"footnotes":""},"categories":[51,86,49],"tags":[],"class_list":["post-281464","post","type-post","status-publish","format-standard","has-post-thumbnail","hentry","category-evidenza-top","category-gr","category-news-18","category-51","category-86","category-49","description-off"],"img_url":"https:\/\/www.radiopiu.net\/wordpress\/wp-content\/uploads\/2022\/06\/LUX.jpg","_links":{"self":[{"href":"https:\/\/www.radiopiu.net\/wordpress\/wp-json\/wp\/v2\/posts\/281464","targetHints":{"allow":["GET"]}}],"collection":[{"href":"https:\/\/www.radiopiu.net\/wordpress\/wp-json\/wp\/v2\/posts"}],"about":[{"href":"https:\/\/www.radiopiu.net\/wordpress\/wp-json\/wp\/v2\/types\/post"}],"author":[{"embeddable":true,"href":"https:\/\/www.radiopiu.net\/wordpress\/wp-json\/wp\/v2\/users\/4"}],"replies":[{"embeddable":true,"href":"https:\/\/www.radiopiu.net\/wordpress\/wp-json\/wp\/v2\/comments?post=281464"}],"version-history":[{"count":0,"href":"https:\/\/www.radiopiu.net\/wordpress\/wp-json\/wp\/v2\/posts\/281464\/revisions"}],"wp:featuredmedia":[{"embeddable":true,"href":"https:\/\/www.radiopiu.net\/wordpress\/wp-json\/wp\/v2\/media\/281662"}],"wp:attachment":[{"href":"https:\/\/www.radiopiu.net\/wordpress\/wp-json\/wp\/v2\/media?parent=281464"}],"wp:term":[{"taxonomy":"category","embeddable":true,"href":"https:\/\/www.radiopiu.net\/wordpress\/wp-json\/wp\/v2\/categories?post=281464"},{"taxonomy":"post_tag","embeddable":true,"href":"https:\/\/www.radiopiu.net\/wordpress\/wp-json\/wp\/v2\/tags?post=281464"}],"curies":[{"name":"wp","href":"https:\/\/api.w.org\/{rel}","templated":true}]}}