{"id":281580,"date":"2022-06-15T05:44:48","date_gmt":"2022-06-15T03:44:48","guid":{"rendered":"https:\/\/www.radiopiu.net\/wordpress\/?p=281580"},"modified":"2022-06-15T05:51:28","modified_gmt":"2022-06-15T03:51:28","slug":"e-morto-gianpietro-minella-socio-fondatore-della-famiglia-bellunese-di-bienne-in-svizzera","status":"publish","type":"post","link":"https:\/\/www.radiopiu.net\/wordpress\/e-morto-gianpietro-minella-socio-fondatore-della-famiglia-bellunese-di-bienne-in-svizzera\/","title":{"rendered":"E&#8217; MORTO GIANPIETRO MINELLA, SOCIO FONDATORE DELLA FAMIGLIA BELLUNESE DI BIENNE IN SVIZZERA"},"content":{"rendered":"<p><strong><a class=\"dt-pswp-item\" href=\"https:\/\/www.radiopiu.net\/wordpress\/wp-content\/uploads\/2022\/06\/Minella-Gianpietro.jpg\" data-dt-img-description=\"\" data-large_image_width=\"609\" data-large_image_height=\"902\"><img loading=\"lazy\" decoding=\"async\" class=\"alignleft wp-image-281581 \" src=\"https:\/\/www.radiopiu.net\/wordpress\/wp-content\/uploads\/2022\/06\/Minella-Gianpietro-203x300.jpg\" alt=\"\" width=\"97\" height=\"143\" srcset=\"https:\/\/www.radiopiu.net\/wordpress\/wp-content\/uploads\/2022\/06\/Minella-Gianpietro-203x300.jpg 203w, https:\/\/www.radiopiu.net\/wordpress\/wp-content\/uploads\/2022\/06\/Minella-Gianpietro.jpg 609w\" sizes=\"auto, (max-width: 97px) 100vw, 97px\" \/><\/a>BELLUNO<\/strong> Un nuovo lutto colpisce l\u2019Associazione Bellunesi nel Mondo. All\u2019et\u00e0 di 86 \u00e8 venuto a mancare Gianpietro Minella, socio fondatore e cassiere fino al 2021 della Famiglia Bellunese di Bienne (Svizzera). Nato a Formegan, Santa Giustina, fu il pi\u00f9 giovane di nove fratelli. Dopo le scuole obbligatorie impar\u00f2 il mestiere del muratore. A 17 anni part\u00ec per la Svizzera, dove raggiunse suo fratello che lavorava nell\u2019edilizia. Nel 1954 si spost\u00f2 a Br\u00fcgg e vi rimase per quarantaquattro anni lavorando nella stessa ditta come capo muratore. Nel 1965 si spos\u00f2 con Olga e da questa unione nacque la figlia Roberta. Nel 1968, con alcuni bellunesi del posto fond\u00f2 la Famiglia Bellunese di Bienne. Fece parte del comitato come segretario e cassiere fino 2021.<\/p>\n<p>&nbsp;<\/p>\n<p>&nbsp;<\/p>\n<p>*****<\/p>\n","protected":false},"excerpt":{"rendered":"<p>BELLUNO Un nuovo lutto colpisce l\u2019Associazione Bellunesi nel Mondo. All\u2019et\u00e0 di 86 \u00e8 venuto a mancare Gianpietro Minella, socio fondatore e cassiere fino al 2021 della Famiglia Bellunese di Bienne (Svizzera). Nato a Formegan, Santa Giustina, fu il pi\u00f9 giovane di nove fratelli. Dopo le scuole obbligatorie impar\u00f2 il mestiere del muratore. A 17 anni&hellip;<\/p>\n","protected":false},"author":4,"featured_media":281582,"comment_status":"closed","ping_status":"closed","sticky":false,"template":"","format":"standard","meta":{"_monsterinsights_skip_tracking":false,"_monsterinsights_sitenote_active":false,"_monsterinsights_sitenote_note":"","_monsterinsights_sitenote_category":0,"footnotes":""},"categories":[51,49],"tags":[],"class_list":["post-281580","post","type-post","status-publish","format-standard","has-post-thumbnail","hentry","category-evidenza-top","category-news-18","category-51","category-49","description-off"],"img_url":"https:\/\/www.radiopiu.net\/wordpress\/wp-content\/uploads\/2022\/06\/Schermata-2022-06-14-alle-15.38.01.png","_links":{"self":[{"href":"https:\/\/www.radiopiu.net\/wordpress\/wp-json\/wp\/v2\/posts\/281580","targetHints":{"allow":["GET"]}}],"collection":[{"href":"https:\/\/www.radiopiu.net\/wordpress\/wp-json\/wp\/v2\/posts"}],"about":[{"href":"https:\/\/www.radiopiu.net\/wordpress\/wp-json\/wp\/v2\/types\/post"}],"author":[{"embeddable":true,"href":"https:\/\/www.radiopiu.net\/wordpress\/wp-json\/wp\/v2\/users\/4"}],"replies":[{"embeddable":true,"href":"https:\/\/www.radiopiu.net\/wordpress\/wp-json\/wp\/v2\/comments?post=281580"}],"version-history":[{"count":0,"href":"https:\/\/www.radiopiu.net\/wordpress\/wp-json\/wp\/v2\/posts\/281580\/revisions"}],"wp:featuredmedia":[{"embeddable":true,"href":"https:\/\/www.radiopiu.net\/wordpress\/wp-json\/wp\/v2\/media\/281582"}],"wp:attachment":[{"href":"https:\/\/www.radiopiu.net\/wordpress\/wp-json\/wp\/v2\/media?parent=281580"}],"wp:term":[{"taxonomy":"category","embeddable":true,"href":"https:\/\/www.radiopiu.net\/wordpress\/wp-json\/wp\/v2\/categories?post=281580"},{"taxonomy":"post_tag","embeddable":true,"href":"https:\/\/www.radiopiu.net\/wordpress\/wp-json\/wp\/v2\/tags?post=281580"}],"curies":[{"name":"wp","href":"https:\/\/api.w.org\/{rel}","templated":true}]}}