{"id":281599,"date":"2022-06-14T16:40:37","date_gmt":"2022-06-14T14:40:37","guid":{"rendered":"https:\/\/www.radiopiu.net\/wordpress\/?p=281599"},"modified":"2022-06-14T18:02:54","modified_gmt":"2022-06-14T16:02:54","slug":"suem-118-due-elicotteri-in-servizio-nel-bellunese-in-luglio-e-agosto","status":"publish","type":"post","link":"https:\/\/www.radiopiu.net\/wordpress\/suem-118-due-elicotteri-in-servizio-nel-bellunese-in-luglio-e-agosto\/","title":{"rendered":"SUEM 118, DUE ELICOTTERI IN SERVIZIO NEL BELLUNESE IN LUGLIO E AGOSTO"},"content":{"rendered":"<p><strong><a class=\"dt-pswp-item\" href=\"https:\/\/www.radiopiu.net\/wordpress\/wp-content\/uploads\/2022\/06\/WhatsApp-Image-2022-06-10-at-15.36.01.jpeg\" data-dt-img-description=\"\" data-large_image_width=\"1024\" data-large_image_height=\"768\"><img loading=\"lazy\" decoding=\"async\" class=\"size-thumbnail wp-image-280918 alignleft\" src=\"https:\/\/www.radiopiu.net\/wordpress\/wp-content\/uploads\/2022\/06\/WhatsApp-Image-2022-06-10-at-15.36.01-150x150.jpeg\" alt=\"\" width=\"150\" height=\"150\" \/><\/a>VENEZIA <\/strong>Salgono a due per questa estate gli elicotteri del Suem 118 per il servizio di emergenza-urgenza nell\u2019area montana delle Dolomiti bellunesi e dell\u2019Ulss 1 Dolomiti. Oltre a \u201cFalco\u201d, basato a Pieve di Cadore, per i mesi di luglio e agosto un secondo velivolo, basato a Cortina d\u2019Ampezzo, sar\u00e0 a disposizione per intervenire in un periodo di grande afflusso turistico sulla montagna veneta. La novit\u00e0 \u00e8 stata resa possibile dalle sinergie tra ULSS 1 Dolomiti, Dolomiti Emergency, Soccorso Alpino e CREU regionale, a luglio e agosto, in via sperimentale. Il velivolo sar\u00e0 dotato di equipaggio sanitario, messo a disposizione da Dolomiti Emergency. La II delegazione Dolomiti Bellunesi del Soccorso Alpino garantir\u00e0 la presenza di un tecnico di elisoccorso. Il servizio per ora in regime di sperimentazione sar\u00e0 attivo tutti i giorni per 12 ore. \u201c<em>E\u2019 una novit\u00e0 \u2013 dice il Presidente del Veneto \u2013 L\u2019elicottero sar\u00e0 attivato sempre dalla Centrale Operativa del SUEM 118, sulla base delle necessit\u00e0 e potr\u00e0 essere un valido supporto agli interventi in particolare nell\u2019alta provincia. Un lavoro ben fatto \u2013 conclude il Governatore \u2013 per il quale ringrazio la direttrice dell\u2019Ulss Dolomiti Maria Grazia Carraro, Dolomiti Emergency anche per l\u2019apporto economico, il Centro Regionale Emergenza Urgenza e l\u2019insostituibile Soccorso Alpino<\/em>\u201d.<\/p>\n<p>&nbsp;<\/p>\n<p><strong>IL COMMENTO DEL DIRETTORE GENERALE ULSS 1 DOLOMITI MARIA GRAZIA CARRARO, ALEX BARATTIN DELEGATO DEL SOCCORSO ALPINO E LAURA MENEGUS DI DOLOMITI EMERGENCY<\/strong><\/p>\n<p>\u00ab<em>Saluto con favore questa progettualit\u00e0 che ci consente di sperimentare, con la regia del 118, un modello di soccorso in montagna adatto a zone impervie con alta affluenza di persone in stagione, rendendo ancora pi\u00f9 performante la macchina dei soccorsi per chi sceglie la montagna per le proprie vacanze e attivit\u00e0 sportive<\/em>\u00bb, commenta il Direttore Generale dell\u2019ULSS Dolomiti Maria Grazia Carraro \u00ab<em>mi aggiungo al Presidente nel ringraziare il Centro Regionale Emergenza Urgenza per aver creduto in questa iniziativa, Dolomiti Emergency per averla resa possibile grazie ad un importante contributo economico e il Soccorso Alpino, sempre al nostro fianco. Raccomando prudenza: venite in montagna per rigenerarvi e godere della bellezza delle nostre Dolomiti ma facendo sempre attenzione alla sicurezza dei comportamenti, per non mettere a rischio chi ogni giorno dedica la propria vita ai soccorsi\u00bb. \u00abLa sinergia tra pubblico e privato ha consentito di realizzare un progetto da anni in cantiere: il mezzo aggiuntivo, che dovr\u00e0 essere utilizzato per reali necessit\u00e0 e non come un \u201ctaxi\u201d, deve essere visto come un bene preziosissimo per ottimizzare i soccorsi e i tempi di intervento, a supporto delle squadre di terra che quotidianamente operano per la salvaguardia degli utenti. Ringrazio Regione, CREU, Ulss e Dolomiti Emergency che hanno reso possibile questo sogno<\/em>\u00bb, commenta Alex Barattin, Delegato del Soccorso Alpino. \u00abSi realizza un progetto ideato dal gruppo di lavoro di Dolomiti Emergency (composto da Laura Menegus, Dimitri De Gol, Giovanni Cipolotti e Chiara Da Damos) per dare maggiore tutela al nostro territorio sia ai residenti sia ai turisti\u00bb spiega Laura Menegus presidente di Dolomiti Emergency \u00ab Ringrazio l\u2019Ulss, il CREU della Regione Veneto e il Soccorso Alpino per aver capito l\u2019importanza del nostro progetto ed averlo appoggiato\u00bb.<\/p>\n<p>&nbsp;<\/p>\n<p>*****<\/p>\n","protected":false},"excerpt":{"rendered":"<p>VENEZIA Salgono a due per questa estate gli elicotteri del Suem 118 per il servizio di emergenza-urgenza nell\u2019area montana delle Dolomiti bellunesi e dell\u2019Ulss 1 Dolomiti. Oltre a \u201cFalco\u201d, basato a Pieve di Cadore, per i mesi di luglio e agosto un secondo velivolo, basato a Cortina d\u2019Ampezzo, sar\u00e0 a disposizione per intervenire in un&hellip;<\/p>\n","protected":false},"author":4,"featured_media":280918,"comment_status":"closed","ping_status":"closed","sticky":false,"template":"","format":"standard","meta":{"_monsterinsights_skip_tracking":false,"_monsterinsights_sitenote_active":false,"_monsterinsights_sitenote_note":"","_monsterinsights_sitenote_category":0,"footnotes":""},"categories":[49],"tags":[],"class_list":["post-281599","post","type-post","status-publish","format-standard","has-post-thumbnail","hentry","category-news-18","category-49","description-off"],"img_url":"https:\/\/www.radiopiu.net\/wordpress\/wp-content\/uploads\/2022\/06\/WhatsApp-Image-2022-06-10-at-15.36.01.jpeg","_links":{"self":[{"href":"https:\/\/www.radiopiu.net\/wordpress\/wp-json\/wp\/v2\/posts\/281599","targetHints":{"allow":["GET"]}}],"collection":[{"href":"https:\/\/www.radiopiu.net\/wordpress\/wp-json\/wp\/v2\/posts"}],"about":[{"href":"https:\/\/www.radiopiu.net\/wordpress\/wp-json\/wp\/v2\/types\/post"}],"author":[{"embeddable":true,"href":"https:\/\/www.radiopiu.net\/wordpress\/wp-json\/wp\/v2\/users\/4"}],"replies":[{"embeddable":true,"href":"https:\/\/www.radiopiu.net\/wordpress\/wp-json\/wp\/v2\/comments?post=281599"}],"version-history":[{"count":0,"href":"https:\/\/www.radiopiu.net\/wordpress\/wp-json\/wp\/v2\/posts\/281599\/revisions"}],"wp:featuredmedia":[{"embeddable":true,"href":"https:\/\/www.radiopiu.net\/wordpress\/wp-json\/wp\/v2\/media\/280918"}],"wp:attachment":[{"href":"https:\/\/www.radiopiu.net\/wordpress\/wp-json\/wp\/v2\/media?parent=281599"}],"wp:term":[{"taxonomy":"category","embeddable":true,"href":"https:\/\/www.radiopiu.net\/wordpress\/wp-json\/wp\/v2\/categories?post=281599"},{"taxonomy":"post_tag","embeddable":true,"href":"https:\/\/www.radiopiu.net\/wordpress\/wp-json\/wp\/v2\/tags?post=281599"}],"curies":[{"name":"wp","href":"https:\/\/api.w.org\/{rel}","templated":true}]}}