{"id":281618,"date":"2022-06-15T05:40:07","date_gmt":"2022-06-15T03:40:07","guid":{"rendered":"https:\/\/www.radiopiu.net\/wordpress\/?p=281618"},"modified":"2022-06-15T05:51:56","modified_gmt":"2022-06-15T03:51:56","slug":"nuovo-incontro-sul-piano-dei-lavori-della-galleria-comelico","status":"publish","type":"post","link":"https:\/\/www.radiopiu.net\/wordpress\/nuovo-incontro-sul-piano-dei-lavori-della-galleria-comelico\/","title":{"rendered":"NUOVO INCONTRO SUL PIANO DEI LAVORI DELLA GALLERIA \u201cCOMELICO\u201d"},"content":{"rendered":"<p><strong><a class=\"dt-pswp-item\" href=\"https:\/\/www.radiopiu.net\/wordpress\/wp-content\/uploads\/2021\/02\/galleria-comelico.jpg\" data-dt-img-description=\"\" data-large_image_width=\"500\" data-large_image_height=\"594\"><img loading=\"lazy\" decoding=\"async\" class=\"size-thumbnail wp-image-192243 alignleft\" src=\"https:\/\/www.radiopiu.net\/wordpress\/wp-content\/uploads\/2021\/02\/galleria-comelico-150x150.jpg\" alt=\"\" width=\"150\" height=\"150\" \/><\/a>ROMA<\/strong> Si \u00e8 svolto oggi presso la Direzione Generale di Anas (Gruppo FS Italiane) l\u2019incontro tra i sindaci della Val Comelico e il Direttore Operation e Coordinamento Territoriale, Matteo Castiglioni, alla presenza del Ministro per i Rapporti con il Parlamento, Federico D\u2019Inc\u00e0, in merito al piano dei lavori di manutenzione della galleria \u201cComelico\u201d, lungo la strada statale 52 \u201cCarnica\u201d, tra Auronzo e Santo Stefano di Cadore. I sindaci nel corso dell\u2019incontro hanno consegnato, come annunciato, lo studio di fattibilit\u00e0 per il ripristino della strada della Valle. Anas si \u00e8 resa disponibile, mediante la sottoscrizione di una convenzione sotto l\u2019egida del Ministero delle Infrastrutture e della Mobilit\u00e0 Sostenibili, a sviluppare le successive fasi progettuali per il ripristino della viabilit\u00e0 che miglioreranno l\u2019accessibilit\u00e0 al comprensorio, confermando anche la disponibilit\u00e0 a rivestire il ruolo di soggetto attuatore dei lavori, una volta individuate le fonti di finanziamento. Per quanto riguarda gli interventi programmati in Galleria sono stati ulteriormente illustrati i temi legati alla sicurezza degli utenti. Pertanto \u00e8 stata confermato l\u2019avvio delle fasi preliminari del piano dei lavori che \u2013 durante i primi mesi \u2013 non comporteranno alcuna modifica alla circolazione stradale garantendo la regolare apertura al transito, sia in orario notturno che diurno, in entrambi i sensi di marcia. Alla fine della corrente stagione estiva, con la conclusione della fase di approvvigionamento dei materiali e delle attivit\u00e0 preliminari di cantierizzazione, saranno quindi avviate le lavorazioni su strada, che saranno debitamente comunicate con anticipo al pubblico. Durante i lavori il passaggio dei mezzi di emergenza sar\u00e0 sempre consentito 24 ore su 24, anche tramite il presidio senza soluzione di continuit\u00e0 di entrambi gli imbocchi della galleria, che garantir\u00e0 anche il presidio del cantiere in caso di incidenti. E\u2019 stata inoltre riesaminata l\u2019articolazione del dispositivo di viabilit\u00e0 previsto, che prevede la chiusura notturna continuativa di 10 ore e il transito a senso unico alternato &#8211; ogni 30 minuti &#8211; durante le 14 ore diurne. In una prima fase la galleria sar\u00e0 aperta dalle ore 06 alle ore 20, con l\u2019obiettivo di creare il minor impatto possibile ai flussi di traffico e non modificando l\u2019orario del Trasporto Pubblico Locale soprattutto per il pendolarismo scolastico e lavorativo. Le tempistiche di semaforizzazione, in una successiva fase, potranno essere riviste in ragione del concreto andamento del traffico e della stagionalit\u00e0. Anas, accogliendo le istanze del territorio, ha inoltre confermato che durante i lavori, in occasione dei periodi di maggior afflusso turistico, adotter\u00e0 misure temporanee per ripristinare il doppio senso di circolazione.<\/p>\n<p>&nbsp;<\/p>\n<p>&nbsp;<\/p>\n<p>*****<\/p>\n","protected":false},"excerpt":{"rendered":"<p>ROMA Si \u00e8 svolto oggi presso la Direzione Generale di Anas (Gruppo FS Italiane) l\u2019incontro tra i sindaci della Val Comelico e il Direttore Operation e Coordinamento Territoriale, Matteo Castiglioni, alla presenza del Ministro per i Rapporti con il Parlamento, Federico D\u2019Inc\u00e0, in merito al piano dei lavori di manutenzione della galleria \u201cComelico\u201d, lungo la&hellip;<\/p>\n","protected":false},"author":4,"featured_media":192243,"comment_status":"closed","ping_status":"closed","sticky":false,"template":"","format":"standard","meta":{"_monsterinsights_skip_tracking":false,"_monsterinsights_sitenote_active":false,"_monsterinsights_sitenote_note":"","_monsterinsights_sitenote_category":0,"footnotes":""},"categories":[51,49],"tags":[],"class_list":["post-281618","post","type-post","status-publish","format-standard","has-post-thumbnail","hentry","category-evidenza-top","category-news-18","category-51","category-49","description-off"],"img_url":"https:\/\/www.radiopiu.net\/wordpress\/wp-content\/uploads\/2021\/02\/galleria-comelico.jpg","_links":{"self":[{"href":"https:\/\/www.radiopiu.net\/wordpress\/wp-json\/wp\/v2\/posts\/281618","targetHints":{"allow":["GET"]}}],"collection":[{"href":"https:\/\/www.radiopiu.net\/wordpress\/wp-json\/wp\/v2\/posts"}],"about":[{"href":"https:\/\/www.radiopiu.net\/wordpress\/wp-json\/wp\/v2\/types\/post"}],"author":[{"embeddable":true,"href":"https:\/\/www.radiopiu.net\/wordpress\/wp-json\/wp\/v2\/users\/4"}],"replies":[{"embeddable":true,"href":"https:\/\/www.radiopiu.net\/wordpress\/wp-json\/wp\/v2\/comments?post=281618"}],"version-history":[{"count":0,"href":"https:\/\/www.radiopiu.net\/wordpress\/wp-json\/wp\/v2\/posts\/281618\/revisions"}],"wp:featuredmedia":[{"embeddable":true,"href":"https:\/\/www.radiopiu.net\/wordpress\/wp-json\/wp\/v2\/media\/192243"}],"wp:attachment":[{"href":"https:\/\/www.radiopiu.net\/wordpress\/wp-json\/wp\/v2\/media?parent=281618"}],"wp:term":[{"taxonomy":"category","embeddable":true,"href":"https:\/\/www.radiopiu.net\/wordpress\/wp-json\/wp\/v2\/categories?post=281618"},{"taxonomy":"post_tag","embeddable":true,"href":"https:\/\/www.radiopiu.net\/wordpress\/wp-json\/wp\/v2\/tags?post=281618"}],"curies":[{"name":"wp","href":"https:\/\/api.w.org\/{rel}","templated":true}]}}