{"id":281640,"date":"2022-06-16T05:38:43","date_gmt":"2022-06-16T03:38:43","guid":{"rendered":"https:\/\/www.radiopiu.net\/wordpress\/?p=281640"},"modified":"2022-06-16T09:17:09","modified_gmt":"2022-06-16T07:17:09","slug":"giornale-radiopiu-16-giugno-2022-direttore-mirko-mezzacasa","status":"publish","type":"post","link":"https:\/\/www.radiopiu.net\/wordpress\/giornale-radiopiu-16-giugno-2022-direttore-mirko-mezzacasa\/","title":{"rendered":"GIORNALE RADIOPIU 16 GIUGNO 2022 DIRETTORE MIRKO MEZZACASA"},"content":{"rendered":"<h3 class=\"kvgmc6g5 cxmmr5t8 oygrvhab hcukyx3x c1et5uql\"><span style=\"color: #0000ff;\"><strong><a class=\"dt-pswp-item\" href=\"https:\/\/www.radiopiu.net\/wordpress\/wp-content\/uploads\/2021\/10\/9396bbfc-2818-4225-b55d-9a56c39206f1.jpg\" data-dt-img-description=\"\" data-large_image_width=\"1599\" data-large_image_height=\"899\"><img loading=\"lazy\" decoding=\"async\" class=\"size-thumbnail wp-image-237486 alignleft\" src=\"https:\/\/www.radiopiu.net\/wordpress\/wp-content\/uploads\/2021\/10\/9396bbfc-2818-4225-b55d-9a56c39206f1-150x150.jpg\" alt=\"\" width=\"150\" height=\"150\" \/><\/a>RADIO PIU INFORMAZIONE il canale su TELEGRAM informazione di prima\u00a0 <\/strong><\/span><span style=\"color: #0000ff;\"><strong>mano e in tempo reale. iscriviti ed aiutaci a farlo conoscere\u00a0\u00a0<\/strong><\/span><\/h3>\n<p>&nbsp;<\/p>\n<p>&nbsp;<\/p>\n<p>&nbsp;<\/p>\n<p><strong>DOLOMITIBUS&#8230; GUIDA IL TUO FUTURO, LO SPOT ALLA RADIO<\/strong><\/p>\n<audio class=\"wp-audio-shortcode\" id=\"audio-281640-1\" preload=\"none\" style=\"width: 100%;\" controls=\"controls\"><source type=\"audio\/mpeg\" src=\"https:\/\/www.radiopiu.net\/wordpress\/wp-content\/uploads\/2022\/06\/Spot_Academy_dolomiti-bus-0303.mp3?_=1\" \/><a href=\"https:\/\/www.radiopiu.net\/wordpress\/wp-content\/uploads\/2022\/06\/Spot_Academy_dolomiti-bus-0303.mp3\">https:\/\/www.radiopiu.net\/wordpress\/wp-content\/uploads\/2022\/06\/Spot_Academy_dolomiti-bus-0303.mp3<\/a><\/audio>\n<p>&nbsp;<\/p>\n<hr \/>\n<p>&nbsp;<\/p>\n<blockquote>\n<h2>ACQUA NON POTABILE A SAN TOMASO DAL 15 GIUGNO<\/h2>\n<\/blockquote>\n<p><strong><a class=\"dt-pswp-item\" href=\"https:\/\/www.radiopiu.net\/wordpress\/wp-content\/uploads\/2018\/08\/ACQUA.jpeg\" data-dt-img-description=\"\" data-large_image_width=\"1280\" data-large_image_height=\"768\"><img loading=\"lazy\" decoding=\"async\" class=\"alignleft wp-image-57052 \" src=\"https:\/\/www.radiopiu.net\/wordpress\/wp-content\/uploads\/2018\/08\/ACQUA-300x180.jpeg\" alt=\"\" width=\"135\" height=\"81\" srcset=\"https:\/\/www.radiopiu.net\/wordpress\/wp-content\/uploads\/2018\/08\/ACQUA-300x180.jpeg 300w, https:\/\/www.radiopiu.net\/wordpress\/wp-content\/uploads\/2018\/08\/ACQUA-768x461.jpeg 768w, https:\/\/www.radiopiu.net\/wordpress\/wp-content\/uploads\/2018\/08\/ACQUA-1024x614.jpeg 1024w, https:\/\/www.radiopiu.net\/wordpress\/wp-content\/uploads\/2018\/08\/ACQUA.jpeg 1280w\" sizes=\"auto, (max-width: 135px) 100vw, 135px\" \/><\/a>SAN TOMASO<\/strong> Gestione Servizi Pubblici informa che a SAN TOMASO AGORDINO in localit\u00e0 PIANEZZE, CELAT,CHIEA,TOCOL, FONTANELLE E COL ZARESE l&#8217;acqua erogata dall&#8217;acquedotto non \u00e8 potabile e non pu\u00f2 essere usata per scopi alimentari.<\/p>\n<blockquote>\n<h3>ACQUA NON POTABILE ANCHE NELLO ZOLDANO<\/h3>\n<\/blockquote>\n<p><strong>VAL DI ZOLDO<\/strong> Lo ha comunicato con un post sui social il sindaco Camillo De Pellegrin. Le zone interessate sono Chiesa e Molin. Previsto l&#8217;intervento dell&#8217;autobotte al bivio scuole. Il 21 giugno dalle 8 a fine lavori interruzione programmata in localit\u00e0 Soccampo e Forno di Zoldo con esclusione delle localit\u00e0 Borgo, Rocchette, Baron e Barati. In caso di maltempo l&#8217;intervento viene posticipato al giorno successivo<\/p>\n<blockquote>\n<h3>SERVIZIO IDRICO, INTERRUZIONI AD AGORDO<\/h3>\n<\/blockquote>\n<p><strong>AGORDO<\/strong> Oggi dalle 13 alle 18 e venerdi dalle 8 alle 18 potrebbe mancare l&#8217;acqua nel comune di AGORDO, in LOC. GIOVE.<\/p>\n<blockquote>\n<h3>STRADA CHIUSA TRA CROSTOLIN E LE RONCHE<\/h3>\n<\/blockquote>\n<p><strong>LA VALLE AGORDINA<\/strong> Sono iniziati i lavori sul Ponte &#8220;Del Felice&#8221; tra Crostolin e Le Ronche: chiusura della strada\u00a0 fino al 20 giugno per consentire alla ditta incaricata di effettuare le opere,\u00a0 interdizione totale al transito veicolare e pedonale.<\/p>\n<blockquote>\n<h2><span dir=\"ltr\" role=\"presentation\">Divieto di circolazione in via Giovanni Moro<\/span><\/h2>\n<\/blockquote>\n<p><span dir=\"ltr\" role=\"presentation\"><strong>BELLUNO<\/strong> Divieto<\/span> <span dir=\"ltr\" role=\"presentation\">di <\/span><span dir=\"ltr\" role=\"presentation\">circolazione veicolare in via Giovanni Moro, nel tratto di strada compreso <\/span><span dir=\"ltr\" role=\"presentation\">tra i civici 3 e 5\/A,oggi dalle\u00a0 8.30 alle 17.30<\/span><\/p>\n<p>&nbsp;<\/p>\n<hr \/>\n<p>&nbsp;<\/p>\n<blockquote>\n<h3>CADE CON LA E-BIKE MENTRE SCENDE DAL RIFUGIO DAL PIAZ<\/h3>\n<\/blockquote>\n<p><strong><a class=\"dt-pswp-item\" href=\"https:\/\/www.radiopiu.net\/wordpress\/wp-content\/uploads\/2022\/04\/soccorso-alpino-1024x602-1.jpg\" data-dt-img-description=\"\" data-large_image_width=\"1024\" data-large_image_height=\"602\"><img loading=\"lazy\" decoding=\"async\" class=\"size-thumbnail wp-image-270917 alignleft\" src=\"https:\/\/www.radiopiu.net\/wordpress\/wp-content\/uploads\/2022\/04\/soccorso-alpino-1024x602-1-150x150.jpg\" alt=\"\" width=\"150\" height=\"150\" \/><\/a>SOVRAMONTE <\/strong>Ieri alle 17.30 circa il Soccorso alpino di Feltre \u00e8 stato attivato dalla Centrale del Suem, per una ciclista che era caduta con la mountain bike a pedalata assistita, mentre con il compagno stava scendendo lungo la sterrata che parte dal Rifugio Dal Piaz. Mentre una squadra si preparava a valle, una seconda squadra, dopo aver caricato a bordo del fuoristrada il personale dell&#8217;ambulanza a Passo Croce d&#8217;Aune, \u00e8 salita a circa 1.400 metri di quota dove si trovava la donna, che nella caduta era stata colpita al torace dal manubrio, ma soprattutto era impaurita e infreddolita. Una volta riscaldata e dopo essere stata valutata dagli infermieri, la 54enne di Casier (TV), \u00e8 stata accompagnata sulla strada e affidata all&#8217;ambulanza partita in direzione dell&#8217;ospedale di Feltre. I soccorritori hanno trasportato a valle anche il compagno.<\/p>\n<p>&nbsp;<\/p>\n<hr \/>\n<p>&nbsp;<\/p>\n<blockquote>\n<h3>E&#8217; MANCATO GIANNI OLIVIER, IL TESTIMONE DEL VAJONT<\/h3>\n<\/blockquote>\n<p><a class=\"dt-pswp-item\" href=\"https:\/\/www.radiopiu.net\/wordpress\/wp-content\/uploads\/2022\/06\/aaaa-4.jpg\" data-dt-img-description=\"\" data-large_image_width=\"387\" data-large_image_height=\"431\"><img loading=\"lazy\" decoding=\"async\" class=\"size-thumbnail wp-image-281858 alignleft\" src=\"https:\/\/www.radiopiu.net\/wordpress\/wp-content\/uploads\/2022\/06\/aaaa-4-150x150.jpg\" alt=\"\" width=\"150\" height=\"150\" \/><\/a><strong>LONGARONE<\/strong> Dopo un lungo periodo di malattia \u00e8 morto Gianni Olivier, 88 anni,\u00a0 conosciuto\u00a0 con l&#8217;appellativo di &#8220;maestro&#8221; per via della professione svolta, anche se il suo impegno incessante \u00e8 stato quello di testimone del Vajont. La sua \u00e8 stata una storia tragica: ha infatti perso ben 28 parenti, tra cui i genitori e il fratello, capitano della squadra locale di calcio che aveva solo 24 anni, con il corpo trovato mesi dopo. Lui invece si salv\u00f2 perch\u00e9 il 9 ottobre 1963 lavorava come maestro nel Feltrino. Forse\u00a0 la persona che conosceva pi\u00f9 di tutti la storia del Vajont. I funerali si terranno domani alle 15.30 a Longarone.<\/p>\n<p>&nbsp;<\/p>\n<p>&nbsp;<\/p>\n<p>&nbsp;<\/p>\n<hr \/>\n<p>&nbsp;<\/p>\n<blockquote>\n<h3><a class=\"dt-pswp-item\" href=\"https:\/\/www.radiopiu.net\/wordpress\/wp-content\/uploads\/2022\/06\/cccc.jpg\" data-dt-img-description=\"\" data-large_image_width=\"248\" data-large_image_height=\"321\"><img loading=\"lazy\" decoding=\"async\" class=\" wp-image-281864 alignleft\" src=\"https:\/\/www.radiopiu.net\/wordpress\/wp-content\/uploads\/2022\/06\/cccc-150x150.jpg\" alt=\"\" width=\"94\" height=\"94\" \/><\/a>MORTO L&#8217;EX PRESIDENTE DEL CONSORZIO TURISTICO<\/h3>\n<\/blockquote>\n<p><strong>AURONZO<\/strong> La malattia non ha lasciato scampo a Piero Zandegiacomo De Lugan\u00a0 di 70 anni. Diplomato geometra aveva aperto una agenzia immobiliare nel 1973. La sua gran passione\u00a0 \u00e8 stata voler vedere Auronzo crescere turisticamente ad alti livelli. Aveva ereditato dal pap\u00e0 Giovanni e da mamma Italia l&#8217;albergo Ai Cacciatori ed era stato presidente del Consorzio turistico.<\/p>\n<p>&nbsp;<\/p>\n<p>&nbsp;<\/p>\n<p>&nbsp;<\/p>\n<hr \/>\n<p>&nbsp;<\/p>\n<blockquote>\n<h3>AUTO CONTRO IL PALO, ANZIANO IN OSPEDALE<\/h3>\n<\/blockquote>\n<p><strong>FELTRE<\/strong> Ieri sera alle 20, l&#8217;auto di un 91enne di Seren del Grappa \u00e8 uscita di strada, andando a sbattere contro un lampione.\u00a0 L&#8217;anziano \u00e8 stato portato in ambulanza al pronto soccorso, per una visita a titolo precauzionale.<\/p>\n<p>&nbsp;<\/p>\n<hr \/>\n<p>&nbsp;<\/p>\n<blockquote>\n<h3><a class=\"dt-pswp-item\" href=\"https:\/\/www.radiopiu.net\/wordpress\/wp-content\/uploads\/2021\/07\/53977c0b-38d3-4b5f-8192-778789652392.jpg\" data-dt-img-description=\"\" data-large_image_width=\"739\" data-large_image_height=\"601\"><img loading=\"lazy\" decoding=\"async\" class=\" wp-image-222519 alignleft\" src=\"https:\/\/www.radiopiu.net\/wordpress\/wp-content\/uploads\/2021\/07\/53977c0b-38d3-4b5f-8192-778789652392-150x150.jpg\" alt=\"\" width=\"101\" height=\"101\" \/><\/a>L&#8217;INTERVENTO DI DRAGO PER PORTARE IN SALVO UNA MANZA<br \/>\n<strong>\u00a0<\/strong><\/h3>\n<\/blockquote>\n<p><strong>ALANO DI PIAVE<\/strong>\u00a0 Drago, l&#8217;elicottero dei vigili del fuoco di Venezia \u00e8 intervenuto per salvare una giovane manza che ieri pomeriggio \u00e8 scivolata in un dirupo sul monte Palon. A lanciare l&#8217;allarme \u00e8 stato l&#8217;allevatore. L&#8217;elicottero arrivato da Venezia, seguendo le indicazioni dei volontari a terra. La manza, sedata dal veterinario e imbragata opportunamente, \u00e8 stata quindi agganciata dall&#8217;elicottero e riportata all&#8217;alpeggio.<\/p>\n<p>&nbsp;<\/p>\n<hr \/>\n<p>&nbsp;<\/p>\n<p>&nbsp;<\/p>\n<hr \/>\n<p>&nbsp;<\/p>\n<blockquote>\n<h3>LA TEMPESTA TRA PASSO VALLES E IL MULAZ<\/h3>\n<p><strong>FALCADE<\/strong> Ieri sera \u00e8 toccato alla Valle del Biois, a 24 ore dalla tempestata in Val Belluna. Mezz&#8217;ora di tempesta, tra il Passo Valles e il Mulaz. &#8220;A terra sono rimasti 30 centimetri di chicchi di grandine, ghiaccio di una certa dimensione&#8221; , lo racconta Fabrizio Pescosta da Malga Valles Alto a quota 1700 dove la tempesta ha distrutto i pascoli di erba fresca.<\/p><\/blockquote>\n<p><a class=\"dt-pswp-item\" href=\"https:\/\/www.radiopiu.net\/wordpress\/wp-content\/uploads\/2022\/06\/ssss-1.jpg\" data-dt-img-description=\"\" data-large_image_width=\"609\" data-large_image_height=\"404\"><img loading=\"lazy\" decoding=\"async\" class=\"alignnone wp-image-281862 size-medium\" src=\"https:\/\/www.radiopiu.net\/wordpress\/wp-content\/uploads\/2022\/06\/ssss-1-300x199.jpg\" alt=\"\" width=\"300\" height=\"199\" srcset=\"https:\/\/www.radiopiu.net\/wordpress\/wp-content\/uploads\/2022\/06\/ssss-1-300x199.jpg 300w, https:\/\/www.radiopiu.net\/wordpress\/wp-content\/uploads\/2022\/06\/ssss-1.jpg 609w\" sizes=\"auto, (max-width: 300px) 100vw, 300px\" \/><\/a><\/p>\n<p><strong>da telegram VIABILITA&#8217; PROVINCIA BELLUNO LA FOTO DA FALCADE DI Enrico Bonse<\/strong><\/p>\n<p><a class=\"dt-pswp-item\" href=\"https:\/\/www.radiopiu.net\/wordpress\/wp-content\/uploads\/2022\/06\/cf01babe-3ff1-4132-b330-180b1bd6f7e5.jpg\" data-dt-img-description=\"\" data-large_image_width=\"600\" data-large_image_height=\"800\"><img loading=\"lazy\" decoding=\"async\" class=\"alignnone wp-image-281892 \" src=\"https:\/\/www.radiopiu.net\/wordpress\/wp-content\/uploads\/2022\/06\/cf01babe-3ff1-4132-b330-180b1bd6f7e5.jpg\" alt=\"\" width=\"306\" height=\"408\" srcset=\"https:\/\/www.radiopiu.net\/wordpress\/wp-content\/uploads\/2022\/06\/cf01babe-3ff1-4132-b330-180b1bd6f7e5.jpg 600w, https:\/\/www.radiopiu.net\/wordpress\/wp-content\/uploads\/2022\/06\/cf01babe-3ff1-4132-b330-180b1bd6f7e5-225x300.jpg 225w\" sizes=\"auto, (max-width: 306px) 100vw, 306px\" \/><\/a><\/p>\n<p>&nbsp;<\/p>\n<hr \/>\n<p>&nbsp;<\/p>\n<blockquote>\n<h3>SINDACATI DAL PREFETTO PER LA CARENZA DI PERSONALE IN TRIBUNALE<\/h3>\n<\/blockquote>\n<blockquote><p><em><span style=\"color: #000000; font-family: Helvetica;\">Al tavolo prefettizio\u00a0 verr\u00e0 chiesta la convocazione e il coinvolgimento degli enti locali \u201cper un impegno sinergico\u00a0 finalizzato ad agevolare i lavoratori delle funzioni locali del territorio bellunese, ad esempio con delle convenzioni per destinare alloggi al personale delle pubbliche amministrazioni se non residente. Verr\u00e0 chiesto anche\u00a0 l\u2019impegno per far dichiarare a livello ministeriale Belluno come sede disagiata, status che permetterebbe al personale di ottenere delle indennit\u00e0 aggiuntive che potrebbero rendere pi\u00f9 attrattiva la permanenza nel Bellunese.<\/span><\/em><\/p><\/blockquote>\n<p><strong> <img loading=\"lazy\" decoding=\"async\" class=\"alignleft\" src=\"https:\/\/www.radiopiu.net\/wordpress\/wp-content\/uploads\/2021\/09\/tribunale-belluno.jpg\" width=\"270\" height=\"180\" \/>BELLUNO <\/strong><span style=\"color: #000000; font-family: Helvetica;\">Una carenza di personale amministrativo cos\u00ec drammatica da mettere a rischio il funzionamento stesso del Tribunale e della Procura di Belluno. Con questa motivazione i rappresentanti sindacali territoriali di Cgil,\u00a0 Cisl e Uil<\/span><span style=\"color: #000000; font-family: TimesNewRomanPSMT;\">,<\/span><span style=\"color: #000000; font-family: Helvetica;\"> unitamente alle Rsu, nel corso di un\u2019assemblea sindacale aperta a tutti i lavoratori del Tribunale, della Procura della Repubblica e degli uffici del Giudice di pace di Belluno hanno deciso di chiedere un incontro urgente al Prefetto per affrontare la situazione. Una decisione dettata dalla grave e insostenibile carenza di personale amministrativo che si trascina ormai da anni, con un costante aggravamento a causa dei continui pensionamenti e trasferimenti. <\/span><span style=\"color: #000000; font-family: Helvetica;\">A fronte di una gi\u00e0 datata e insufficiente pianta organica di 45<\/span> <span style=\"color: #000000; font-family: Helvetica;\">unit\u00e0, il personale amministrativo in servizio effettivo al Tribunale di Belluno \u00e8 di appena 29 lavoratori, con una scopertura reale del 34% che si trasciner\u00e0 ad oltre il 42% nel corso dell\u2019anno con il pensionamento di altri tre lavoratori. <\/span><span style=\"color: #000000; font-family: Helvetica;\">L\u2019Unep (l\u2019Ufficio notificazioni, esecuzioni e protesti) di Belluno presenta una carenza del personale pari al 53%: a fronte di una pianta organica di 15 dipendenti, al momento sono 7 i lavoratori in servizio, meno della met\u00e0. <\/span><span style=\"color: #000000; font-family: Helvetica;\">Riguardo alla carenza di personale della Procura della Repubblica la scopertura attuale, con 18<\/span> <span style=\"color: #000000; font-family: Helvetica;\">lavoratori in servizio su una pianta organica che ne prevede 26, \u00e8 del 31% e superer\u00e0 il 42% a fine anno quando andranno in pensione altri tre lavoratori.\u00a0 I<\/span><span style=\"color: #000000; font-family: Helvetica;\">l personale amministrativo \u00e8 quello chiamato ad assistere i pm, espletando molteplici adempimenti amministrativi, nonch\u00e9 gli altri attori del procedimento penale, ovvero le parti, i difensori, gli ausiliari del pm, curando i diversi servizi necessari per assicurare, al meglio, la giustizia ai cittadini. <\/span><span style=\"color: #000000; font-family: Helvetica;\"><em>\u201cQuesta grave carenza di personale non solo impone dei sovraccarichi di lavoro non pi\u00f9 tollerabili per i dipendenti &#8211; spiegano Angelo Costanza della Cisl Fp, Andrea Fiocco della Fp Cgil e Paolo Alliata della Flp, ma rischia di far inceppare la macchina della giustizia, di rallentare processi e procedimenti, a danno di tutti i cittadini\u201d.<\/em><\/span><\/p>\n<p><strong>ALLA RADIO Angelo Costanza della Cisl Fp Belluno Treviso<\/strong><\/p>\n<audio class=\"wp-audio-shortcode\" id=\"audio-281640-2\" preload=\"none\" style=\"width: 100%;\" controls=\"controls\"><source type=\"audio\/mpeg\" src=\"https:\/\/www.radiopiu.net\/wordpress\/wp-content\/uploads\/2022\/06\/CISL-TRIBUNALE-Angelo-Costanza-della-Cisl-Fp-Belluno-Treviso.mp3?_=2\" \/><a href=\"https:\/\/www.radiopiu.net\/wordpress\/wp-content\/uploads\/2022\/06\/CISL-TRIBUNALE-Angelo-Costanza-della-Cisl-Fp-Belluno-Treviso.mp3\">https:\/\/www.radiopiu.net\/wordpress\/wp-content\/uploads\/2022\/06\/CISL-TRIBUNALE-Angelo-Costanza-della-Cisl-Fp-Belluno-Treviso.mp3<\/a><\/audio>\n<p>&nbsp;<\/p>\n<hr \/>\n<p>&nbsp;<\/p>\n<blockquote>\n<h3>QUESTURA E STRADALE VERRANNO TRASFERITE ALL&#8217;EX CASERMA FANTUZZI<\/h3>\n<\/blockquote>\n<p><strong><a class=\"dt-pswp-item\" href=\"https:\/\/www.radiopiu.net\/wordpress\/wp-content\/uploads\/2020\/06\/CASERMA-FANTUZZI.jpg\" data-dt-img-description=\"\" data-large_image_width=\"649\" data-large_image_height=\"426\"><img loading=\"lazy\" decoding=\"async\" class=\"size-thumbnail wp-image-144841 alignleft\" src=\"https:\/\/www.radiopiu.net\/wordpress\/wp-content\/uploads\/2020\/06\/CASERMA-FANTUZZI-150x150.jpg\" alt=\"\" width=\"150\" height=\"150\" \/><\/a>BELLUNO <\/strong>&#8220;<em>Qualcosa finalmente si (ri)muove e non possiamo che essere soddisfatti<\/em>&#8221; afferma la Segreteria Provinciale del SAP (Sindacato Autonomo di Polizia) di Belluno &#8211; che commenta cos\u00ec la notizia del trasferimento della Questura e della Stradale all\u2019ex Caserma Fantuzzi. Nel 2023 l\u2019ufficio Immigrazione e la Polizia Amministrativa e Sociale ora in via Lungardo; nel 2028 tutti gli altri uffici. &#8220;<em>Soddisfatti ma allo stesso tempo amareggiati per il ritardo, parecchio, troppo &#8211; dichiara il SAP. Il primo stralcio di interventi &#8211; \u00e8 bene ricordare &#8211; doveva partire gi\u00e0 nel 2018. Tra mancanza di fondi e lungaggini burocratiche si \u00e8 arrivati a giugno 2020, con il bando di gara per i lavori in appalto che dovevano interessare \u201cLa Stecca\u201d ovvero la palazzina bianca a sinistra appena varcato il cancello d\u2019ingresso. Il 23 aprile dello scorso anno la Questura ha consegnato le chiavi della Fantuzzi alla ditta aggiudicataria dell\u2019appalto, per la predisposizione del cantiere i cui lavori avrebbero dovuto essere ultimati entro un anno, per quanto ci era stato riferito. Invece da quel momento \u00e8 stato stallo pressoch\u00e9 totale, e non entriamo in merito sul motivo. Auspichiamo &#8211; continua il SAP &#8211; che la luce sulla Fantuzzi che abbiamo provato ad accendere con le visite in loco negli scorsi anni con l\u2019allora Segretario Generale Gianni Tonelli oggi in Parlamento, l\u2019attuale Segretario Generale Stefano Paoloni e con i politici locali tra cui l\u2019attuale Ministro D\u2019Inc\u00e0, si sia finalmente accesa e non si spenga pi\u00f9. Che la road map annunciata venga rispettata e quindi che nel 2023 vi sia l\u2019effettivo trasferimento dell\u2019ufficio Immigrazione e della Polizia Amministrativa e Sociale. Quasi trenta operatori, tra poliziotti e impiegati civili, con un risparmio in termini di affitto per le casse pubbliche di pi\u00f9 di 80 mila euro l\u2019anno. Sar\u00e0 certamente nostro impegno essere da pungolo e da impulso affinch\u00e9 l\u2019opera arrivi a compimento. E l\u2019opera significa la completa riqualificazione e recupero dell\u2019intera struttura che, per la parte che la interesser\u00e0, dovr\u00e0 diventare una vera e propria cittadella della sicurezza, la nuova casa per tutti i poliziotti bellunesi.\u00a0 Ricordiamo &#8211; conclude il Sap &#8211; che Belluno \u00e8 l\u2019unica citt\u00e0 in Italia ad avere gli uffici della Questura divisi in cinque strutture differenti: in via Volontari della Libert\u00e0 la sede centrale, in via Col di Lana la Sala Operativa e l\u2019ufficio Tecnico Logistico, in via Tasso la Digos, in via Lungardo la Divisione P.A.S. e Immigrazione e in Piazzetta S. Stefano l\u2019ufficio del Personale. Questo comporta inevitabilmente un grande dispendio di risorse, energie e logistica, al quale \u00e8 arrivata davvero l\u2019ora di porre fine, entro il 2028 ma possibilmente anche prima<\/em>&#8220;.<\/p>\n<p>&nbsp;<\/p>\n<p>&nbsp;<\/p>\n<hr \/>\n<p>&nbsp;<\/p>\n<blockquote>\n<h3>BOSTRICO: PRIMI ALLARMI GIA&#8217; NEL 2006, PROBLEMA SOTTOVALUTATO?<\/h3>\n<\/blockquote>\n<p><strong><img loading=\"lazy\" decoding=\"async\" class=\"alignleft\" src=\"https:\/\/www.radiopiu.net\/wordpress\/wp-content\/uploads\/2022\/06\/sss.jpg\" width=\"205\" height=\"122\" \/>REDAZIONE<\/strong> Vi proponiamo oggi tre articoli di stampa del 2006. Nel primo, sul Corriere delle Alpi l&#8217;intervento dell&#8217;allora dirigente del Servizio Forestale Pierantonio Zanchetta e gi\u00e0 si guardava indietro di tre anni alla torrida estate del 2003.<br \/>\nGli altri due articoli dal Gazzettino di Belluno, portano la firma del compianto Maurizio Dorigo che lanciava l&#8217;allarme di come tutto il bellunese fosse ormai infestato da minuscoli coleottori che uccidono rapidamente le piante<\/p>\n\n<p>&nbsp;<\/p>\n<hr \/>\n<p>&nbsp;<\/p>\n<blockquote>\n<h3><img loading=\"lazy\" decoding=\"async\" class=\"alignleft\" src=\"https:\/\/www.radiopiu.net\/wordpress\/wp-content\/uploads\/2020\/11\/GOSALDO.jpg\" width=\"136\" height=\"77\" \/>RIVAMONTE-GOSALDO, 15 GIORNI A SINGHIOZZO, CHIUSURE PROLUNGATE<\/h3>\n<\/blockquote>\n<p><strong>SP3 VAL IMPERINA<\/strong>\u00a0 In Comune di Gosaldo dal 15 giugno al 1 luglio &#8211; festivi e prefestivi esclusi &#8211; interdizione totale al traffico a fasce orarie: dalle 8 alle 10, dalle 10.15 alle 12.30 dalle 13.30 alle 16 dalle 16.15 alle 17.30. Durante le aperture senso unico alternato. Alternativa la 347 Duran Cereda da Gosaldo.<\/p>\n<p>&nbsp;<\/p>\n<blockquote>\n<h3>DILLO A RADIO PIU&#8217;&#8230;. A PROPOSITO DELLE NUOVE CHIUSURE LUNGO LA SP3<\/h3>\n<\/blockquote>\n<p><strong>Riceviamo e volentieri pubblichiamo<\/strong><\/p>\n<p>&nbsp;<\/p>\n<p><img loading=\"lazy\" decoding=\"async\" class=\"alignleft\" src=\"https:\/\/www.radiopiu.net\/wordpress\/wp-content\/uploads\/2020\/06\/CORDE-MOLE-GOSALDO-1.jpg\" width=\"224\" height=\"126\" \/>&#8220;Non \u00e8 la prima volta che Veneto Strade faccia a suo piacimento senza avvisare delle chiusure e altrettante improvvise aperture delle tratte interessate.\u00a0 Comprendo \u00a0la fretta, l\u2019esigenza e l\u2019urgenza della sistemazione di queste strade ridotte a gruviera ma\u00a0 a questo punto, come libero cittadino chiedo (pretendo) che vengano messi doverosamente <strong>sul posto<\/strong> e con largo anticipo dei\u00a0<b> chiari <\/b>\u00a0segnali di avvertimento. Le autorit\u00e0 tacciono e subiscono? Senza incorrere a maldestre interpretazioni come l\u2019anno scorso, in periodo festivo, quando\u00a0 l\u2019avviso messo il venerd\u00ec per il luned\u00ec successivo era in centro strada specificando l\u2019ordinanza di chiusura con foglio A4 . Autisti e motociclisti scesi\u00a0 a riuscire\u00a0 a leggere e nel dubbio\u2026 dietrofront\u2026 Scene purtroppo tragicomiche. In conclusione, lavori bene o lavori male impieghi lo stesso tempo ma con risultati diametralmente opposti.<\/p>\n<p>Un caro saluto,<\/p>\n<p><em>Guido<\/em><\/p>\n<p>&nbsp;<\/p>\n<hr \/>\n<p>&nbsp;<\/p>\n<blockquote>\n<h3 style=\"text-align: center;\">MERCATO DEL LAVORO VENETO: SALDI POSITIVI IN REGIONE, BELLUNO ARRANCA PER LA STAGIONALITA&#8217;<\/h3>\n<\/blockquote>\n<p><a class=\"dt-pswp-item\" href=\"https:\/\/www.radiopiu.net\/wordpress\/wp-content\/uploads\/2022\/06\/ASD.jpg\" data-dt-img-description=\"\" data-large_image_width=\"517\" data-large_image_height=\"143\"><img loading=\"lazy\" decoding=\"async\" class=\"wp-image-281779 size-full alignleft\" src=\"https:\/\/www.radiopiu.net\/wordpress\/wp-content\/uploads\/2022\/06\/ASD.jpg\" alt=\"\" width=\"517\" height=\"143\" srcset=\"https:\/\/www.radiopiu.net\/wordpress\/wp-content\/uploads\/2022\/06\/ASD.jpg 517w, https:\/\/www.radiopiu.net\/wordpress\/wp-content\/uploads\/2022\/06\/ASD-300x83.jpg 300w\" sizes=\"auto, (max-width: 517px) 100vw, 517px\" \/><\/a><strong>VENEZIA<\/strong> In un contesto economico che seppure carico di tensioni risulta migliore rispetto alle aspettative di un mese fa, il mercato del lavoro veneto continua a registrare un andamento positivo. A maggio guadagnati 21 mila posti di lavoro, per un bilancio occupazionale complessivo nei primi cinque mesi dell\u2019anno di 57.200 posizioni lavorative in pi\u00f9, di cui 41 mila a tempo determinato e 16 mila a tempo indeterminato. Crescita pi\u00f9 intensa per l\u2019occupazione femminile, il settore turistico e la provincia di Venezia. In aumento le dimissioni, ma uno su due trova un altro lavoro entro una settimana. In Veneto il saldo tra assunzioni e cessazioni dei rapporti di lavoro a tempo indeterminato, a tempo determinato e di apprendistato nei primi cinque mesi dell\u2019anno \u00e8 pari a +57.200 posizioni lavorative, un risultato ampiamente migliore sia rispetto al dato del 2021 (+39.700) che a quello del 2020 (-4.000).\u00a0 Il saldo mensile di maggio \u00e8 pari a +20.900, di poco inferiore a quello dell\u2019anno precedente ma superiore a quello del 2019 (+17.400). Le assunzioni, complessivamente 272.159, sono in crescita del +42% sull\u2019anno precedente, del +61% sul 2020 e del +3% sul 2019. A livello territoriale, nel 2022 i saldi pi\u00f9 positivi si registrano a Venezia (+26.400) e Verona (+17.900). Belluno risente della stagionalit\u00e0 turistica e fa registrare nei primi cinque mesi dell\u2019anno -2.800 posizioni lavorative. Per quanto riguarda il solo mese di maggio assunzioni e saldi superano ovunque il dato del 2019. Le cessazioni, complessivamente 215.000, crescono del +41%. Al 31 maggio 2022 i disoccupati iscritti ai Centri per l\u2019impiego del Veneto risultano complessivamente 383.300<\/p>\n<p>Tutti i <strong>dati sull\u2019andamento del mercato del lavoro veneto nel mese di maggio <\/strong>e nei primi cinque mesi dell\u2019anno sono disponibili nella <a href=\"http:\/\/www.venetolavoro.it\/bussola\">Bussola<\/a> pubblicata sul di Veneto Lavoro, <a href=\"http:\/\/www.venetolavoro.it\/\">www.venetolavoro.it<\/a>.<\/p>\n<p>&nbsp;<\/p>\n<hr \/>\n<p>&nbsp;<\/p>\n<blockquote>\n<h3>EDDY GASPARI IL NUOVO PRESIDENTE DELLA CROCE VERDE VAL BIOIS<\/h3>\n<\/blockquote>\n<p><strong>FALCADE<\/strong><\/p>\n<p>di Gianni Santomaso<\/p>\n<audio class=\"wp-audio-shortcode\" id=\"audio-281640-3\" preload=\"none\" style=\"width: 100%;\" controls=\"controls\"><source type=\"audio\/mpeg\" src=\"https:\/\/www.radiopiu.net\/wordpress\/wp-content\/uploads\/2022\/06\/GIANNI-CROCE-VERDE-VAL-BIOIS.mp3?_=3\" \/><a href=\"https:\/\/www.radiopiu.net\/wordpress\/wp-content\/uploads\/2022\/06\/GIANNI-CROCE-VERDE-VAL-BIOIS.mp3\">https:\/\/www.radiopiu.net\/wordpress\/wp-content\/uploads\/2022\/06\/GIANNI-CROCE-VERDE-VAL-BIOIS.mp3<\/a><\/audio>\n\n\t\t\t<style type='text\/css'>\n\t\t\t\t#gallery-2 {\n\t\t\t\t\tmargin: auto;\n\t\t\t\t}\n\t\t\t\t#gallery-2 .gallery-item {\n\t\t\t\t\tfloat: left;\n\t\t\t\t\tmargin-top: 10px;\n\t\t\t\t\ttext-align: center;\n\t\t\t\t\twidth: 33%;\n\t\t\t\t}\n\t\t\t\t#gallery-2 img {\n\t\t\t\t\tborder: 2px solid #cfcfcf;\n\t\t\t\t}\n\t\t\t\t#gallery-2 .gallery-caption {\n\t\t\t\t\tmargin-left: 0;\n\t\t\t\t}\n\t\t\t\t\/* see gallery_shortcode() in wp-includes\/media.php *\/\n\t\t\t<\/style>\n\t\t<div id='gallery-2' class='dt-gallery-container gallery galleryid-281640 gallery-columns-3 gallery-size-thumbnail'><dl class='gallery-item'>\n\t\t\t\t<dt class='gallery-icon landscape'>\n\t\t\t\t\t<a class=\"rollover rollover-zoom dt-pswp-item\" title=\"6d7a4532-e1b1-4d87-b8fe-3adb7277fdc1\" data-dt-img-description=\"\" data-large_image_width=\"960\" data-large_image_height=\"718\"href='https:\/\/www.radiopiu.net\/wordpress\/wp-content\/uploads\/2022\/06\/6d7a4532-e1b1-4d87-b8fe-3adb7277fdc1.jpg'><img loading=\"lazy\" decoding=\"async\" width=\"150\" height=\"150\" src=\"https:\/\/www.radiopiu.net\/wordpress\/wp-content\/uploads\/2022\/06\/6d7a4532-e1b1-4d87-b8fe-3adb7277fdc1-150x150.jpg\" class=\"attachment-thumbnail size-thumbnail\" alt=\"\" \/><\/a>\n\t\t\t\t<\/dt><\/dl><dl class='gallery-item'>\n\t\t\t\t<dt class='gallery-icon portrait'>\n\t\t\t\t\t<a class=\"rollover rollover-zoom dt-pswp-item\" title=\"bd6e1f2e-59c9-476d-a925-f9430af90f64\" data-dt-img-description=\"\" data-large_image_width=\"719\" data-large_image_height=\"1024\"href='https:\/\/www.radiopiu.net\/wordpress\/wp-content\/uploads\/2022\/06\/bd6e1f2e-59c9-476d-a925-f9430af90f64.jpg'><img loading=\"lazy\" decoding=\"async\" width=\"150\" height=\"150\" src=\"https:\/\/www.radiopiu.net\/wordpress\/wp-content\/uploads\/2022\/06\/bd6e1f2e-59c9-476d-a925-f9430af90f64-150x150.jpg\" class=\"attachment-thumbnail size-thumbnail\" alt=\"\" \/><\/a>\n\t\t\t\t<\/dt><\/dl><dl class='gallery-item'>\n\t\t\t\t<dt class='gallery-icon portrait'>\n\t\t\t\t\t<a class=\"rollover rollover-zoom dt-pswp-item\" title=\"b281957a-d717-4320-88a8-c3d293766fcf\" data-dt-img-description=\"\" data-large_image_width=\"769\" data-large_image_height=\"1024\"href='https:\/\/www.radiopiu.net\/wordpress\/wp-content\/uploads\/2022\/06\/b281957a-d717-4320-88a8-c3d293766fcf.jpg'><img loading=\"lazy\" decoding=\"async\" width=\"150\" height=\"150\" src=\"https:\/\/www.radiopiu.net\/wordpress\/wp-content\/uploads\/2022\/06\/b281957a-d717-4320-88a8-c3d293766fcf-150x150.jpg\" class=\"attachment-thumbnail size-thumbnail\" alt=\"\" \/><\/a>\n\t\t\t\t<\/dt><\/dl><br style=\"clear: both\" \/>\n\t\t\t<\/div>\n\n<p>&nbsp;<\/p>\n<p>IERI ALLA RADIO<\/p>\n<blockquote class=\"wp-embedded-content\" data-secret=\"zIVD7rib6B\"><p><a href=\"https:\/\/www.radiopiu.net\/wordpress\/eddy-gaspari-il-nuovo-presidente-della-croce-verde-val-biois-murer-in-segreteria\/\">EDDY GASPARI, IL NUOVO PRESIDENTE DELLA CROCE VERDE VAL BIOIS, MURER IN SEGRETERIA<\/a><\/p><\/blockquote>\n<p><iframe loading=\"lazy\" class=\"wp-embedded-content\" sandbox=\"allow-scripts\" security=\"restricted\" style=\"position: absolute; clip: rect(1px, 1px, 1px, 1px);\" title=\"&#8220;EDDY GASPARI, IL NUOVO PRESIDENTE DELLA CROCE VERDE VAL BIOIS, MURER IN SEGRETERIA&#8221; &#8212; Radio Pi\u00f9\" src=\"https:\/\/www.radiopiu.net\/wordpress\/eddy-gaspari-il-nuovo-presidente-della-croce-verde-val-biois-murer-in-segreteria\/embed\/#?secret=S8LGHuGb6F#?secret=zIVD7rib6B\" data-secret=\"zIVD7rib6B\" width=\"600\" height=\"338\" frameborder=\"0\" marginwidth=\"0\" marginheight=\"0\" scrolling=\"no\"><\/iframe><\/p>\n<p>&nbsp;<\/p>\n<p>&nbsp;<\/p>\n<p>&nbsp;<\/p>\n<hr \/>\n<p>&nbsp;<\/p>\n<blockquote>\n<h3>C&#8217;E&#8217; LA POSSIBILITA&#8217; DI SISTEMARE IL PONTE LUNGO LA STRADA DI MULAN<\/h3>\n<\/blockquote>\n<p><strong><a class=\"dt-pswp-item\" href=\"https:\/\/www.radiopiu.net\/wordpress\/wp-content\/uploads\/2021\/11\/3f7da148-3524-4659-8c2c-c52dee750891.jpg\" data-dt-img-description=\"\" data-large_image_width=\"1600\" data-large_image_height=\"1200\"><img loading=\"lazy\" decoding=\"async\" class=\"size-thumbnail wp-image-243645 alignleft\" src=\"https:\/\/www.radiopiu.net\/wordpress\/wp-content\/uploads\/2021\/11\/3f7da148-3524-4659-8c2c-c52dee750891-150x150.jpg\" alt=\"\" width=\"150\" height=\"150\" \/><\/a>CENCENIGHE<\/strong><\/p>\n<p>di Gianni Santomaso<\/p>\n<audio class=\"wp-audio-shortcode\" id=\"audio-281640-4\" preload=\"none\" style=\"width: 100%;\" controls=\"controls\"><source type=\"audio\/mpeg\" src=\"https:\/\/www.radiopiu.net\/wordpress\/wp-content\/uploads\/2022\/06\/GIANNI-PONTE-STRADA-MULAN.mp3?_=4\" \/><a href=\"https:\/\/www.radiopiu.net\/wordpress\/wp-content\/uploads\/2022\/06\/GIANNI-PONTE-STRADA-MULAN.mp3\">https:\/\/www.radiopiu.net\/wordpress\/wp-content\/uploads\/2022\/06\/GIANNI-PONTE-STRADA-MULAN.mp3<\/a><\/audio>\n<p>&nbsp;<\/p>\n<hr \/>\n<p>&nbsp;<\/p>\n<blockquote>\n<h3>LUXOTTICA, PARCHEGGI: SPAZI IN PIU&#8217; PROBLEMI IN MENO<\/h3>\n<\/blockquote>\n<p><strong>AGORDO<\/strong> Ci siamo&#8230;dopo la segnaletica orizzontale i parcheggi sono disponibili da ieri, ultimati i lavori della ditta De Pra e stalli gi\u00e0 al completo.<\/p>\n\n\t\t\t<style type='text\/css'>\n\t\t\t\t#gallery-3 {\n\t\t\t\t\tmargin: auto;\n\t\t\t\t}\n\t\t\t\t#gallery-3 .gallery-item {\n\t\t\t\t\tfloat: left;\n\t\t\t\t\tmargin-top: 10px;\n\t\t\t\t\ttext-align: center;\n\t\t\t\t\twidth: 33%;\n\t\t\t\t}\n\t\t\t\t#gallery-3 img {\n\t\t\t\t\tborder: 2px solid #cfcfcf;\n\t\t\t\t}\n\t\t\t\t#gallery-3 .gallery-caption {\n\t\t\t\t\tmargin-left: 0;\n\t\t\t\t}\n\t\t\t\t\/* see gallery_shortcode() in wp-includes\/media.php *\/\n\t\t\t<\/style>\n\t\t<div id='gallery-3' class='dt-gallery-container gallery galleryid-281640 gallery-columns-3 gallery-size-thumbnail'><dl class='gallery-item'>\n\t\t\t\t<dt class='gallery-icon portrait'>\n\t\t\t\t\t<a class=\"rollover rollover-zoom dt-pswp-item\" title=\"9400defc-478f-457b-bb05-4a261c8d19ba\" data-dt-img-description=\"\" data-large_image_width=\"768\" data-large_image_height=\"1024\"href='https:\/\/www.radiopiu.net\/wordpress\/wp-content\/uploads\/2022\/04\/9400defc-478f-457b-bb05-4a261c8d19ba.jpg'><img loading=\"lazy\" decoding=\"async\" width=\"150\" height=\"150\" src=\"https:\/\/www.radiopiu.net\/wordpress\/wp-content\/uploads\/2022\/04\/9400defc-478f-457b-bb05-4a261c8d19ba-150x150.jpg\" class=\"attachment-thumbnail size-thumbnail\" alt=\"\" \/><\/a>\n\t\t\t\t<\/dt><\/dl><dl class='gallery-item'>\n\t\t\t\t<dt class='gallery-icon landscape'>\n\t\t\t\t\t<a class=\"rollover rollover-zoom dt-pswp-item\" title=\"f4f4e960-7f2d-47a7-898a-60b150a87096\" data-dt-img-description=\"\" data-large_image_width=\"1508\" data-large_image_height=\"1421\"href='https:\/\/www.radiopiu.net\/wordpress\/wp-content\/uploads\/2022\/04\/f4f4e960-7f2d-47a7-898a-60b150a87096.jpg'><img loading=\"lazy\" decoding=\"async\" width=\"150\" height=\"150\" src=\"https:\/\/www.radiopiu.net\/wordpress\/wp-content\/uploads\/2022\/04\/f4f4e960-7f2d-47a7-898a-60b150a87096-150x150.jpg\" class=\"attachment-thumbnail size-thumbnail\" alt=\"\" \/><\/a>\n\t\t\t\t<\/dt><\/dl><dl class='gallery-item'>\n\t\t\t\t<dt class='gallery-icon landscape'>\n\t\t\t\t\t<a class=\"rollover rollover-zoom dt-pswp-item\" title=\"ec92d2af-631a-42d9-862a-1d3ca941c557\" data-dt-img-description=\"\" data-large_image_width=\"1920\" data-large_image_height=\"1080\"href='https:\/\/www.radiopiu.net\/wordpress\/wp-content\/uploads\/2022\/06\/ec92d2af-631a-42d9-862a-1d3ca941c557.jpg'><img loading=\"lazy\" decoding=\"async\" width=\"150\" height=\"150\" src=\"https:\/\/www.radiopiu.net\/wordpress\/wp-content\/uploads\/2022\/06\/ec92d2af-631a-42d9-862a-1d3ca941c557-150x150.jpg\" class=\"attachment-thumbnail size-thumbnail\" alt=\"\" \/><\/a>\n\t\t\t\t<\/dt><\/dl><br style=\"clear: both\" \/>\n\t\t\t<\/div>\n\n<p>&nbsp;<\/p>\n<hr \/>\n<p>&nbsp;<\/p>\n<blockquote>\n<h3>PUNTO COVID, LA CONFERENZA STAMPA DEL DIRETTORE GENERALE MARIA GRAZIA CARRARO. LA SITUAZIONE IN PROVINCIA, INNALZAMENTO DELLA CURVA EPIDEMICA. LA RIPRESA DELLE ATTIVITA&#8217; PROGRAMMATE E AMBULATORIALI.<\/h3>\n<\/blockquote>\n<p>DI MORENO GIOLI<\/p>\n<audio class=\"wp-audio-shortcode\" id=\"audio-281640-5\" preload=\"none\" style=\"width: 100%;\" controls=\"controls\"><source type=\"audio\/mpeg\" src=\"https:\/\/www.radiopiu.net\/wordpress\/wp-content\/uploads\/2022\/06\/MORENO-SANITA.mp3?_=5\" \/><a href=\"https:\/\/www.radiopiu.net\/wordpress\/wp-content\/uploads\/2022\/06\/MORENO-SANITA.mp3\">https:\/\/www.radiopiu.net\/wordpress\/wp-content\/uploads\/2022\/06\/MORENO-SANITA.mp3<\/a><\/audio>\n<p>&nbsp;<\/p>\n<p>&nbsp;<\/p>\n<p><strong>BELLUNO<\/strong> L&#8217;innalzamento della curva epidemiologica deve essere un invito alla prudenza, anche a completare i cicli vaccinali per evitare sintomi che non siano banali. Oggi 924 attualmente positivi, 205 su 100 mila l&#8217;incidenza. La curva presenta un rialzo con un&#8217;inversione di tendenza pur con numeri contenuti. 11 persone sono ricoverate negli ospedali di cui 5 negli ospedali di comunit\u00e0. Vaccinazioni: 452mila dosi, 85,8% vaccinato con almeno una dose. 14,4% mai vaccinati.<br \/>\n<strong>LISTE DI ATTESA<\/strong><br \/>\nAlla ripresa delle attivit\u00e0 con il calo dei contagi e ricoveri, la Ulss ha ri attivato alcune attivit\u00e0 che erano rimaste indietro sia per i ricoveri che negli ambulatori. Da una verifica ad inizio anno c&#8217;erano 2000 ricoveri programmati (mai interrotte al contrario le urgenze e alcune attivit\u00e0 programmate), il dato di aprile fa riferimento ad un recupero del 25% in linea con quanto previsto. Idem per quanto riguarda i piccoli interventi, recuperati circa un migliaio. In ambulatorio le prestazioni a gennaio erano 9500 e 8400 sono gi\u00e0 state recuperate. In questi mesi se ne sono accumulate di altre quindi la situazione \u00e8 molto impegnativa per il personale. Rispetto al 2019 circa 49 medici specialisti in meno e fare questi volumi in queste condizioni significa mantenere i ritmi. Aree di maggiore difficolt\u00e0 radiologia, oculistica, dermatologia e un settore della cardiologia. Ulss alla ricerca di specialisti mancanti. Ancora 34 il personale sanitario sospeso tra cui 2 medici. Aiuta il privato convenzionato ed \u00e8\u00a0 come si recasse in Ulss, non si paga quindi in questi casi la libera professione, ovviamente dove insiste la convenzione con la Ulss Dolomiti.<\/p>\n<p>&nbsp;<\/p>\n<p><iframe loading=\"lazy\" title=\"CONFERENZA STAMPA DALLA DIREZIONE ULSS1 DOLOMITI\" width=\"1200\" height=\"675\" src=\"https:\/\/www.youtube.com\/embed\/ok1qU1okyko?feature=oembed\" frameborder=\"0\" allow=\"accelerometer; autoplay; clipboard-write; encrypted-media; gyroscope; picture-in-picture\" allowfullscreen><\/iframe><\/p>\n<p>&nbsp;<\/p>\n<blockquote class=\"wp-embedded-content\" data-secret=\"NNzBuTtUQb\"><p><a href=\"https:\/\/www.radiopiu.net\/wordpress\/samantha-cristoforetti-captata-a-cencenighe\/\">SAMANTHA CRISTOFORETTI CAPTATA A CENCENIGHE<\/a><\/p><\/blockquote>\n<p><iframe loading=\"lazy\" class=\"wp-embedded-content\" sandbox=\"allow-scripts\" security=\"restricted\" style=\"position: absolute; clip: rect(1px, 1px, 1px, 1px);\" title=\"&#8220;SAMANTHA CRISTOFORETTI CAPTATA A CENCENIGHE&#8221; &#8212; Radio Pi\u00f9\" src=\"https:\/\/www.radiopiu.net\/wordpress\/samantha-cristoforetti-captata-a-cencenighe\/embed\/#?secret=tACypaE89r#?secret=NNzBuTtUQb\" data-secret=\"NNzBuTtUQb\" width=\"600\" height=\"338\" frameborder=\"0\" marginwidth=\"0\" marginheight=\"0\" scrolling=\"no\"><\/iframe><\/p>\n<p>&nbsp;<\/p>\n<hr \/>\n<p>&nbsp;<\/p>\n<blockquote class=\"wp-embedded-content\" data-secret=\"XrMpaOovvQ\"><p><a href=\"https:\/\/www.radiopiu.net\/wordpress\/aggnazionalegiugno15\/\">CORONAVIRUS: AGGIORNAMENTO NAZIONALE 15 GIUGNO 2022<\/a><\/p><\/blockquote>\n<p><iframe loading=\"lazy\" class=\"wp-embedded-content\" sandbox=\"allow-scripts\" security=\"restricted\" style=\"position: absolute; clip: rect(1px, 1px, 1px, 1px);\" title=\"&#8220;CORONAVIRUS: AGGIORNAMENTO NAZIONALE 15 GIUGNO 2022&#8221; &#8212; Radio Pi\u00f9\" src=\"https:\/\/www.radiopiu.net\/wordpress\/aggnazionalegiugno15\/embed\/#?secret=91bni8saNj#?secret=XrMpaOovvQ\" data-secret=\"XrMpaOovvQ\" width=\"600\" height=\"338\" frameborder=\"0\" marginwidth=\"0\" marginheight=\"0\" scrolling=\"no\"><\/iframe><\/p>\n<p>&nbsp;<\/p>\n<blockquote class=\"wp-embedded-content\" data-secret=\"NzZMg3e0oM\"><p><a href=\"https:\/\/www.radiopiu.net\/wordpress\/aggazzerogiugno15\/\">OSPEDALE DI BELLUNO: ZERO PAZIENTI IN TERAPIA, 4 IN REPARTO. IERI IN VENETO 2 DECESSI<\/a><\/p><\/blockquote>\n<p><iframe loading=\"lazy\" class=\"wp-embedded-content\" sandbox=\"allow-scripts\" security=\"restricted\" style=\"position: absolute; clip: rect(1px, 1px, 1px, 1px);\" title=\"&#8220;OSPEDALE DI BELLUNO: ZERO PAZIENTI IN TERAPIA, 4 IN REPARTO. IERI IN VENETO 2 DECESSI&#8221; &#8212; Radio Pi\u00f9\" src=\"https:\/\/www.radiopiu.net\/wordpress\/aggazzerogiugno15\/embed\/#?secret=KILlOLR6ha#?secret=NzZMg3e0oM\" data-secret=\"NzZMg3e0oM\" width=\"600\" height=\"338\" frameborder=\"0\" marginwidth=\"0\" marginheight=\"0\" scrolling=\"no\"><\/iframe><\/p>\n<p>&nbsp;<\/p>\n<h2>I GRAFICI DI TIZIANO DE COL<\/h2>\n<p>&nbsp;<\/p>\n\n\t\t\t<style type='text\/css'>\n\t\t\t\t#gallery-4 {\n\t\t\t\t\tmargin: auto;\n\t\t\t\t}\n\t\t\t\t#gallery-4 .gallery-item {\n\t\t\t\t\tfloat: left;\n\t\t\t\t\tmargin-top: 10px;\n\t\t\t\t\ttext-align: center;\n\t\t\t\t\twidth: 33%;\n\t\t\t\t}\n\t\t\t\t#gallery-4 img {\n\t\t\t\t\tborder: 2px solid #cfcfcf;\n\t\t\t\t}\n\t\t\t\t#gallery-4 .gallery-caption {\n\t\t\t\t\tmargin-left: 0;\n\t\t\t\t}\n\t\t\t\t\/* see gallery_shortcode() in wp-includes\/media.php *\/\n\t\t\t<\/style>\n\t\t<div id='gallery-4' class='dt-gallery-container gallery galleryid-281640 gallery-columns-3 gallery-size-thumbnail'><dl class='gallery-item'>\n\t\t\t\t<dt class='gallery-icon landscape'>\n\t\t\t\t\t<a class=\"rollover rollover-zoom dt-pswp-item\" title=\"ef371b2e-122b-41bd-92ac-0ab9c5499a7e\" data-dt-img-description=\"\" data-large_image_width=\"595\" data-large_image_height=\"362\"href='https:\/\/www.radiopiu.net\/wordpress\/wp-content\/uploads\/2022\/06\/ef371b2e-122b-41bd-92ac-0ab9c5499a7e.jpg'><img loading=\"lazy\" decoding=\"async\" width=\"150\" height=\"150\" src=\"https:\/\/www.radiopiu.net\/wordpress\/wp-content\/uploads\/2022\/06\/ef371b2e-122b-41bd-92ac-0ab9c5499a7e-150x150.jpg\" class=\"attachment-thumbnail size-thumbnail\" alt=\"\" \/><\/a>\n\t\t\t\t<\/dt><\/dl><dl class='gallery-item'>\n\t\t\t\t<dt class='gallery-icon landscape'>\n\t\t\t\t\t<a class=\"rollover rollover-zoom dt-pswp-item\" title=\"d3e8f82b-a506-4f39-a4d2-0d580b1ac375\" data-dt-img-description=\"\" data-large_image_width=\"588\" data-large_image_height=\"359\"href='https:\/\/www.radiopiu.net\/wordpress\/wp-content\/uploads\/2022\/06\/d3e8f82b-a506-4f39-a4d2-0d580b1ac375.jpg'><img loading=\"lazy\" decoding=\"async\" width=\"150\" height=\"150\" src=\"https:\/\/www.radiopiu.net\/wordpress\/wp-content\/uploads\/2022\/06\/d3e8f82b-a506-4f39-a4d2-0d580b1ac375-150x150.jpg\" class=\"attachment-thumbnail size-thumbnail\" alt=\"\" \/><\/a>\n\t\t\t\t<\/dt><\/dl><dl class='gallery-item'>\n\t\t\t\t<dt class='gallery-icon landscape'>\n\t\t\t\t\t<a class=\"rollover rollover-zoom dt-pswp-item\" title=\"6158279f-82de-48d5-954f-51bb52d90f8e\" data-dt-img-description=\"\" data-large_image_width=\"610\" data-large_image_height=\"365\"href='https:\/\/www.radiopiu.net\/wordpress\/wp-content\/uploads\/2022\/06\/6158279f-82de-48d5-954f-51bb52d90f8e.jpg'><img loading=\"lazy\" decoding=\"async\" width=\"150\" height=\"150\" src=\"https:\/\/www.radiopiu.net\/wordpress\/wp-content\/uploads\/2022\/06\/6158279f-82de-48d5-954f-51bb52d90f8e-150x150.jpg\" class=\"attachment-thumbnail size-thumbnail\" alt=\"\" \/><\/a>\n\t\t\t\t<\/dt><\/dl><br style=\"clear: both\" \/><dl class='gallery-item'>\n\t\t\t\t<dt class='gallery-icon landscape'>\n\t\t\t\t\t<a class=\"rollover rollover-zoom dt-pswp-item\" title=\"5151c075-e821-4333-bf51-89e11251fccc\" data-dt-img-description=\"\" data-large_image_width=\"600\" data-large_image_height=\"338\"href='https:\/\/www.radiopiu.net\/wordpress\/wp-content\/uploads\/2022\/06\/5151c075-e821-4333-bf51-89e11251fccc.jpg'><img loading=\"lazy\" decoding=\"async\" width=\"150\" height=\"150\" src=\"https:\/\/www.radiopiu.net\/wordpress\/wp-content\/uploads\/2022\/06\/5151c075-e821-4333-bf51-89e11251fccc-150x150.jpg\" class=\"attachment-thumbnail size-thumbnail\" alt=\"\" \/><\/a>\n\t\t\t\t<\/dt><\/dl><dl class='gallery-item'>\n\t\t\t\t<dt class='gallery-icon landscape'>\n\t\t\t\t\t<a class=\"rollover rollover-zoom dt-pswp-item\" title=\"3885e98f-2c2a-4300-93c7-8b68335c78e3\" data-dt-img-description=\"\" data-large_image_width=\"610\" data-large_image_height=\"356\"href='https:\/\/www.radiopiu.net\/wordpress\/wp-content\/uploads\/2022\/06\/3885e98f-2c2a-4300-93c7-8b68335c78e3.jpg'><img loading=\"lazy\" decoding=\"async\" width=\"150\" height=\"150\" src=\"https:\/\/www.radiopiu.net\/wordpress\/wp-content\/uploads\/2022\/06\/3885e98f-2c2a-4300-93c7-8b68335c78e3-150x150.jpg\" class=\"attachment-thumbnail size-thumbnail\" alt=\"\" \/><\/a>\n\t\t\t\t<\/dt><\/dl><dl class='gallery-item'>\n\t\t\t\t<dt class='gallery-icon landscape'>\n\t\t\t\t\t<a class=\"rollover rollover-zoom dt-pswp-item\" title=\"b6959ef7-147a-4e14-b295-fc4282458361\" data-dt-img-description=\"\" data-large_image_width=\"612\" data-large_image_height=\"358\"href='https:\/\/www.radiopiu.net\/wordpress\/wp-content\/uploads\/2022\/06\/b6959ef7-147a-4e14-b295-fc4282458361.jpg'><img loading=\"lazy\" decoding=\"async\" width=\"150\" height=\"150\" src=\"https:\/\/www.radiopiu.net\/wordpress\/wp-content\/uploads\/2022\/06\/b6959ef7-147a-4e14-b295-fc4282458361-150x150.jpg\" class=\"attachment-thumbnail size-thumbnail\" alt=\"\" \/><\/a>\n\t\t\t\t<\/dt><\/dl><br style=\"clear: both\" \/>\n\t\t\t<\/div>\n\n<hr \/>\n<p>&nbsp;<\/p>\n<blockquote>\n<h3>IL RINGRAZIAMENTO DI RAFFAELE ADDAMIANO DOPO LE ELEZIONI DI BELLUNO<\/h3>\n<\/blockquote>\n<p><strong><a class=\"dt-pswp-item\" href=\"https:\/\/www.radiopiu.net\/wordpress\/wp-content\/uploads\/2021\/12\/ADDAMIANO.png\" data-dt-img-description=\"\" data-large_image_width=\"1406\" data-large_image_height=\"1136\"><img loading=\"lazy\" decoding=\"async\" class=\"size-thumbnail wp-image-250847 alignleft\" src=\"https:\/\/www.radiopiu.net\/wordpress\/wp-content\/uploads\/2021\/12\/ADDAMIANO-150x150.png\" alt=\"\" width=\"150\" height=\"150\" \/><\/a>BELLUNO<\/strong> Raffaele Addamiano entra a far parte della squadra di Oscar De Pellegrin, neo eletto sindaco a Belluno. Con una nota ha voluto ringraziare gli elettori.<\/p>\n<blockquote><p><em>Voglio ringraziare le donne e gli uomini di Belluno che mi hanno dato fiducia lo scorso 12 giugno. Non nascondo la mia personale soddisfazione, ma sono soprattutto consapevole che si tratta ora di una grande responsabilit\u00e0 verso di loro e verso la citt\u00e0. Ritengo sommessamente che in questo traguardo\/nuovo punto di partenza abbia influito un poco il mio lavoro di cinque anni di opposizione ferma, a volte dura, ma anche propositiva e, permettetemi, giammai urlata o, peggio, sguaiata. Credo, altres\u00ec, che un profondo spirito civico e liberale abbia sempre animato il mio agire politico-amministrativo con equilibrio e sincero rispetto verso le idee di tutti. Adesso nuove, importanti sfide attendono, ma, come e pi\u00f9 di prima, valgano in me e in noi le quattro virt\u00f9 cardinali di Friedrich Nietzsche: valorosi con gli avversari, generosi con i vinti, onesti verso noi stessi e gli amici e cortesi sempre. Viva Belluno!<\/em><\/p><\/blockquote>\n<p>&nbsp;<\/p>\n<p>&nbsp;<\/p>\n<hr \/>\n<p>&nbsp;<\/p>\n<blockquote>\n<h3>VENERDI IL MINISTRO GELMINI SALE IN QUOTA<\/h3>\n<\/blockquote>\n<p><strong><a class=\"dt-pswp-item\" href=\"https:\/\/www.radiopiu.net\/wordpress\/wp-content\/uploads\/2022\/06\/th-7.jpg\" data-dt-img-description=\"\" data-large_image_width=\"250\" data-large_image_height=\"186\"><img loading=\"lazy\" decoding=\"async\" class=\"size-thumbnail wp-image-281870 alignleft\" src=\"https:\/\/www.radiopiu.net\/wordpress\/wp-content\/uploads\/2022\/06\/th-7-150x150.jpg\" alt=\"\" width=\"150\" height=\"150\" \/><\/a>BELLUNO<\/strong> Lo sviluppo sale in quota \u00e8 l\u2019evento \u2013 organizzato dall\u2019Associazione degli industriali bellunesi &#8211; in programma a Belluno venerd\u00ec\u00a0 alle 10.30 a Palazzo Bembo. Il convegno vedr\u00e0 la partecipazione, tra gli altri, di Mariastella Gelmini, ministro per gli Affari regionali e le Autonomie, e di Federico D\u2019Inc\u00e0, ministro per i Rapporti con il Parlamento. \u00c8 previsto anche un intervento del presidente di Confindustria Carlo Bonomi. Relatori: Roberto Padrin,\u00a0Presidente della Provincia di Belluno, Dario Bond,\u00a0Presidente Fondo Comuni di Confine, Mario Conte,\u00a0Sindaco di Treviso e Presidente ANCI Veneto, Ennio Vigne\u00a0e\u00a0Marco Bussone,\u00a0rappresentanti di Uncem, Silvia Cestaro,\u00a0Consigliere Regionale del Veneto, Luca Masneri,\u00a0Sindaco di Edolo e Coordinatore Tavolo Tecnico Montagna, Federico D\u2019Inc\u00e0,\u00a0Ministro per i rapporti con il Parlamento, e \u2013 attraverso un videomessaggio \u2013 Carlo Bonomi, Presidente Confindustria. Seguir\u00e0 una tavola rotonda sul tema \u201cInnovazione e competenze: la sfida dell\u2019attrattivit\u00e0 per la montagna\u201d. Le conclusioni dell\u2019evento saranno affidate al ministro Mariastella Gelmini.<\/p>\n<p>&nbsp;<\/p>\n<p>&nbsp;<\/p>\n<hr \/>\n<p>&nbsp;<\/p>\n<blockquote>\n<h3>DMO DOLOMITI TIRA LE SOMME DOPO IL GIRO D&#8217;ITALIA<\/h3>\n<\/blockquote>\n<p><strong><a class=\"dt-pswp-item\" href=\"https:\/\/www.radiopiu.net\/wordpress\/wp-content\/uploads\/2022\/06\/PHOTO-2022-06-15-16-45-53-2.jpg\" data-dt-img-description=\"\" data-large_image_width=\"2048\" data-large_image_height=\"1365\"><img loading=\"lazy\" decoding=\"async\" class=\"size-thumbnail wp-image-281810 alignleft\" src=\"https:\/\/www.radiopiu.net\/wordpress\/wp-content\/uploads\/2022\/06\/PHOTO-2022-06-15-16-45-53-2-150x150.jpg\" alt=\"\" width=\"150\" height=\"150\" \/><\/a>BELLUNO<\/strong> L\u2019auto e\u0300 partita il 16 maggio e in carovana ha attraversato tutte le tappe dalla 10 alla 20. Ha percorso 5237 kilometri fra Marche, Emilia Romagna, Liguria, Piemonte, Valle d\u2019Aosta, Lombardia, Trentino, Friuili Venezia Giulia e Veneto. I ragazzi dello staff DMO DOLOMITI hanno distribuito lungo le strade italiane materiale promozionale, il magazine del Giro e 5000 cartoline con il QR code della landing page creata in occasione dell\u2019evento e alla quale era abbinata -previo compilazione di un form &#8211; la possibilita\u0300 di vincere 10 maglie rosa. Grazie a questa attivita\u0300 di distribuzione, unita a un\u2019azione di advertising, la landing page giro.dmodolomiti.it ha portato un incremento di visite del 1800%.<\/p>\n<p>&nbsp;<\/p>\n<p>&nbsp;<\/p>\n<hr \/>\n<p>&nbsp;<\/p>\n<blockquote>\n<h3>LE VOCI DEL PALIO DI FELTRE<\/h3>\n<\/blockquote>\n<p><strong>FELTRE <\/strong>Saranno le voci di Paolo Mutton e del debuttante Nicola Maccagnan ad accompagnare gli spettatori della quarantatreesima edizione del Palio di Feltre in un viaggio nelle emozioni, nei colori e nel pathos della manifestazione feltrina. Accanto a loro Alessia Dall\u2019\u00d2, confermata come presentatrice della prima importante serata della settimana paliesca, quella \u201cSfida delle Cernide\u201d in cui, al termine della presentazione ufficiale della manifestazione, i gruppi di sbandieratori e musici dei quattro Quartieri si sfidano esibendo le loro qualit\u00e0, coltivate allenamento dopo allenamento. Un cambiamento, quindi, con Maccagnan che sostituisce Laura Pontin, conduttrice delle edizioni 2019 e 2021 e che quest\u2019anno non potr\u00e0 essere presente per impegni professionali, e due conferme, con la storica voce di Mutton a commentare le sfide sportive e quella di Alessia Dall\u2019 \u00d2 a far da chiosa alle gesta dei gruppi sbandieratori.<\/p>\n\n\t\t\t<style type='text\/css'>\n\t\t\t\t#gallery-5 {\n\t\t\t\t\tmargin: auto;\n\t\t\t\t}\n\t\t\t\t#gallery-5 .gallery-item {\n\t\t\t\t\tfloat: left;\n\t\t\t\t\tmargin-top: 10px;\n\t\t\t\t\ttext-align: center;\n\t\t\t\t\twidth: 50%;\n\t\t\t\t}\n\t\t\t\t#gallery-5 img {\n\t\t\t\t\tborder: 2px solid #cfcfcf;\n\t\t\t\t}\n\t\t\t\t#gallery-5 .gallery-caption {\n\t\t\t\t\tmargin-left: 0;\n\t\t\t\t}\n\t\t\t\t\/* see gallery_shortcode() in wp-includes\/media.php *\/\n\t\t\t<\/style>\n\t\t<div id='gallery-5' class='dt-gallery-container gallery galleryid-281640 gallery-columns-2 gallery-size-thumbnail'><dl class='gallery-item'>\n\t\t\t\t<dt class='gallery-icon landscape'>\n\t\t\t\t\t<a class=\"rollover rollover-zoom dt-pswp-item\" title=\"speaker 1\" data-dt-img-description=\"\" data-large_image_width=\"1875\" data-large_image_height=\"1272\"href='https:\/\/www.radiopiu.net\/wordpress\/wp-content\/uploads\/2022\/06\/speaker-1.jpg'><img loading=\"lazy\" decoding=\"async\" width=\"150\" height=\"150\" src=\"https:\/\/www.radiopiu.net\/wordpress\/wp-content\/uploads\/2022\/06\/speaker-1-150x150.jpg\" class=\"attachment-thumbnail size-thumbnail\" alt=\"\" \/><\/a>\n\t\t\t\t<\/dt><\/dl><dl class='gallery-item'>\n\t\t\t\t<dt class='gallery-icon landscape'>\n\t\t\t\t\t<a class=\"rollover rollover-zoom dt-pswp-item\" title=\"speaker 2\" data-dt-img-description=\"\" data-large_image_width=\"1080\" data-large_image_height=\"720\"href='https:\/\/www.radiopiu.net\/wordpress\/wp-content\/uploads\/2022\/06\/speaker-2.jpg'><img loading=\"lazy\" decoding=\"async\" width=\"150\" height=\"150\" src=\"https:\/\/www.radiopiu.net\/wordpress\/wp-content\/uploads\/2022\/06\/speaker-2-150x150.jpg\" class=\"attachment-thumbnail size-thumbnail\" alt=\"\" \/><\/a>\n\t\t\t\t<\/dt><\/dl><br style=\"clear: both\" \/>\n\t\t\t<\/div>\n\n<p>&nbsp;<\/p>\n<hr \/>\n<p>&nbsp;<\/p>\n<blockquote>\n<h3>SARA&#8217; PRESENTATO VENERDI&#8217; IL PROGETTO BORSE DI STUDIO DI RETE IMPRESE A BELLUNO<\/h3>\n<\/blockquote>\n<p><strong><a class=\"dt-pswp-item\" href=\"https:\/\/www.radiopiu.net\/wordpress\/wp-content\/uploads\/2018\/10\/Legno-protagonista-ad-Arredamont.jpg\" data-dt-img-description=\"\" data-large_image_width=\"1667\" data-large_image_height=\"1052\"><img loading=\"lazy\" decoding=\"async\" class=\"size-thumbnail wp-image-65276 alignleft\" src=\"https:\/\/www.radiopiu.net\/wordpress\/wp-content\/uploads\/2018\/10\/Legno-protagonista-ad-Arredamont-150x150.jpg\" alt=\"\" width=\"150\" height=\"150\" \/><\/a>BELLUNO <\/strong>La categoria legno dell\u2019associazione Casartigiani Belluno in accordo con Casartigiani Regionale e Casartigiani Nazionale ha ripreso le problematiche relative alla difficolt\u00e0 di reperimento di personale qualificato da inserire rispetto alla richiesta da parte delle imprese artigiane del Veneto tra cui in particolare la categoria del legno arredo che sta segnando importanti indici di crescita sia nel mercato interno che estero. La scuola del legno di Sedico (esistente dal 1981) sta ricevendo quotidiane richieste da parte di imprese di tutto il Veneto che l\u2019attuale numero di iscrizioni non riesce a soddisfare. Per questo motivo la categoria del legno al fine di incentivare le adesioni nel settore ha deciso di finanziare delle borse di studio che possano sostenere l\u2019inserimento di personale in un settore desideroso di nuove professionalit\u00e0. L\u2019importo messo a bando \u00e8 attualmente di 10.000 euro ma non si esclude che possa aumentare grazie al sostegno filantropico di nuove imprese. Possono partecipare tutti i ragazzi e ragazze in minore et\u00e0 del Veneto usciti dal percorso formativo della scuola secondaria di primo grado o che vogliono o pensano di riconvertire il loro percorso di studi gi\u00e0 intrapreso. Il progetto verr\u00e0 presentato venerd\u00ec alle 11 presso l&#8217;Urban Hub in Piazzetta Angelina Zampieri a Belluno.<\/p>\n<p>&nbsp;<\/p>\n<p>&nbsp;<\/p>\n<hr \/>\n<p>&nbsp;<\/p>\n<blockquote>\n<h3>L&#8217;IMPORTANZA DELLA PREVENZIONE, IL CONVEGNO IN SALA DON TAMIS<\/h3>\n<\/blockquote>\n<p><strong><a class=\"dt-pswp-item\" href=\"https:\/\/www.radiopiu.net\/wordpress\/wp-content\/uploads\/2022\/06\/aaaa-3.jpg\" data-dt-img-description=\"\" data-large_image_width=\"369\" data-large_image_height=\"285\"><img loading=\"lazy\" decoding=\"async\" class=\"wp-image-281787 alignleft\" src=\"https:\/\/www.radiopiu.net\/wordpress\/wp-content\/uploads\/2022\/06\/aaaa-3.jpg\" alt=\"\" width=\"205\" height=\"158\" srcset=\"https:\/\/www.radiopiu.net\/wordpress\/wp-content\/uploads\/2022\/06\/aaaa-3.jpg 369w, https:\/\/www.radiopiu.net\/wordpress\/wp-content\/uploads\/2022\/06\/aaaa-3-300x232.jpg 300w\" sizes=\"auto, (max-width: 205px) 100vw, 205px\" \/><\/a>AGORDO<\/strong> Mercoledi 22 giugno alle 18 nella sala Don Tamis di via 27 aprile, incontro organizzato da Galik (Gruppo Associazioni Lavoro Intorno al cancro*). Il volontariato lavora e discute sul cancro dell&#8217;uomo e della donna. Quale prevenzione? Conduce Luisa Venturin, interverranno Pier Anna Dal Mas presidente Lilt (tumori della pelle); Daniele Xausa Presidente Dolomiti Uomo (tumore alla prostata); Carla Pra Baldi Presidente Ados di Belluno (Ados, 30 anni di prevenzione): Rosalisa Sartorel e Gianelda Ferro del Consultorio Familiare di Belluno (aspetti psico-oncologici in Consultorio.<\/p>\n<blockquote><p>*Il gruppo Galik rappresenta quattro associazioni: Ados (Associazione Donne Operate al Seno); Consultorio Familiare per il sostegno psicolo-oncologico; Dolomiti Uomo per il tumore alla prostata: Lilt (Lega Italiana lotta ai tumori). Il gruppo di volontari si propone di sensibilizzare la popolazione della provincia sull&#8217;importanza della prevenzione.<\/p><\/blockquote>\n<p>&nbsp;<\/p>\n<p>&nbsp;<\/p>\n<hr \/>\n<p>&nbsp;<\/p>\n<blockquote>\n<h3>SABATO 2 LUGLIO L&#8217;INAUGURAZIONE DELLA SCHOLA DEI BATTUTI A VALLADA<\/h3>\n<\/blockquote>\n<p><strong><a class=\"dt-pswp-item\" href=\"https:\/\/www.radiopiu.net\/wordpress\/wp-content\/uploads\/2022\/06\/Schola-dei-Battuti-presso-San-Simon-Vallada-Agordina.jpg\" data-dt-img-description=\"\" data-large_image_width=\"1600\" data-large_image_height=\"1200\"><img loading=\"lazy\" decoding=\"async\" class=\"size-thumbnail wp-image-280948 alignleft\" src=\"https:\/\/www.radiopiu.net\/wordpress\/wp-content\/uploads\/2022\/06\/Schola-dei-Battuti-presso-San-Simon-Vallada-Agordina-150x150.jpg\" alt=\"\" width=\"150\" height=\"150\" \/><\/a>VALLADA<\/strong> La Parrocchia di San Simone Apostolo di Vallada, il comune e la Fondazione Papa Luciani di Canale D&#8217;Agordo sono lieti di annunciare che sabato 2 luglio alle 16 a San Simon di Vallada verr\u00e0 inaugurata la Schola Dei Battuti. Saranno presenti il Vescovo di Belluno e Feltre Renato Marangoni, Don Vito De Vido parroco di Vallada, l&#8217;amministratore parrocchiale di Vallada Matteo Colle, il sindaco di Vallada Fabio Lucchetta, Mauro Soppelsa presidente del GAL Alto Bellunese e la Fondazione Cariverona. Interverranno Monsignor Giacomo Mazzorana direttore dell&#8217;ufficio beni culturali della diocesi di Belluno e Feltre, Loris Serafini direttore della Fondazione Papa Luciani, Gloria Manera progettista e direttore dei lavori e l&#8217;autore dell&#8217;opuscolo relativo alla Schola Dei Battuti. Moderer\u00e0 l&#8217;incontro Luca Lucchetta ex sindaco di Vallada. Alle 17 sul piazzale antistante la chiesa di San Simon il concerto della Banda Centrale di Zugliano diretta da Sandro Maculan. In caso di pioggia il concerto si terr\u00e0 al Nof Fil\u00f2 di Cencenighe.<\/p>\n<p><strong>DI GIANNI SANTOMASO<\/strong><\/p>\n<audio class=\"wp-audio-shortcode\" id=\"audio-281640-6\" preload=\"none\" style=\"width: 100%;\" controls=\"controls\"><source type=\"audio\/mpeg\" src=\"https:\/\/www.radiopiu.net\/wordpress\/wp-content\/uploads\/2022\/06\/GIANNI-SCHOLA-DEI-BATTUTI.mp3?_=6\" \/><a href=\"https:\/\/www.radiopiu.net\/wordpress\/wp-content\/uploads\/2022\/06\/GIANNI-SCHOLA-DEI-BATTUTI.mp3\">https:\/\/www.radiopiu.net\/wordpress\/wp-content\/uploads\/2022\/06\/GIANNI-SCHOLA-DEI-BATTUTI.mp3<\/a><\/audio>\n<p>&nbsp;<\/p>\n<hr \/>\n<p>&nbsp;<\/p>\n<blockquote>\n<h3>L&#8217;ASSOCIAZIONE BELLUNESI NEL MONDO OSPITE DI INFORMAZIONI SENZA CONFINI<\/h3>\n<\/blockquote>\n<p><strong><a class=\"dt-pswp-item\" href=\"https:\/\/www.radiopiu.net\/wordpress\/wp-content\/uploads\/2022\/03\/oscar_de_bona-1.jpg\" data-dt-img-description=\"\" data-large_image_width=\"1024\" data-large_image_height=\"701\"><img loading=\"lazy\" decoding=\"async\" class=\"size-thumbnail wp-image-265605 alignleft\" src=\"https:\/\/www.radiopiu.net\/wordpress\/wp-content\/uploads\/2022\/03\/oscar_de_bona-1-150x150.jpg\" alt=\"\" width=\"150\" height=\"150\" \/><\/a>BELLUNO<\/strong> \u201cInformazioni senza confini\u201d \u00e8 il titolo del convegno organizzato dalla senatrice Laura Garavini dedicato alla centralit\u00e0 degli organi di stampa per gli italiani nel mondo. L\u2019appuntamento \u00e8 fissato per luned\u00ec 27 giugno, dalle 15.30 alle 19.30, presso la sala \u201cZuccari\u201d, Palazzo Giustiniani via della Dogana Vecchia 29, Roma. Vi sar\u00e0 anche la possibilit\u00e0 di partecipare on line direttamente dal sito webtv.senato.it. Questi i temi che saranno affrontati: \u201cItaliani in onda \u2013 radio e tv: la voce dei connazionali\u201d, \u201cBattere il secondo \u2013 l\u2019immediatezza delle agenzie di stampa\u201d, \u201cNotizie tra le righe \u2013 l\u2019importanza della carta\u201d, \u201cIl futuro \u00e8 digitale? &#8211; giornali on line\u201d.<br \/>\nE proprio in merito all\u2019importanza della carta stampata interverr\u00e0 anche Oscar De Bona, presidente dell\u2019Associazione Bellunesi nel Mondo e presidente Unaie &#8211; Unione Nazionale delle Associazioni Immigrati ed Emigrati.<\/p>\n<p>&nbsp;<\/p>\n<p>&nbsp;<\/p>\n<hr \/>\n<p>&nbsp;<\/p>\n<blockquote>\n<h3>FAI UN GIRO IN VILLA 2022, 18-19 GIUGNO<\/h3>\n<\/blockquote>\n<p><strong>BELLUNO<\/strong> \u201cFAI un giro in villa\u201d, il Festival Laboratorio del Vivere la Villa Veneta\u00a0 con i Gruppi FAI Giovani del territorio \u00e8 giunto alla sesta edizione. Obiettivo del FAI \u00e8 quello di far rivivere alcune ville venete solitamente chiuse al pubblico, che ospiteranno per l\u2019occasione diverse iniziative: passeggiate, incontri, musica, con lo scopo di raccogliere fondi a favore di Monte Fontana Secca, un alpeggio con malga sul Massiccio del Monte Grappa a Quero Vas,\u00a0 donato al FAI nel 2015 dai fratelli Liliana e Bruno Collavo, che hanno cos\u00ec voluto onorare la memoria dei propri genitori. L\u2019appuntamento bellunese chiude l\u2019edizione 2022 di \u201cFAI un giro in villa\u201d: durante il week 18 e 19 giugno verr\u00e0 aperta dal Gruppo FAI Giovani di Belluno Villa Sacello Conte della Morgia a Col di Mezzo, in comune di Limana. Due sono gli eventi collaterali. In occasione del cinquantesimo della morte di Dino Buzzati \u201cpomeriggio buzzatiano\u201d sabato 18 giugno: dalle\u00a0 15 letture con la compagnia teatrale \u201cSur la Sc\u00e8ne\u201d\u00a0 e con lettura e musica con il cantautore Giorgio Fornasier. In villa si potr\u00e0 inoltre vedere l\u2019esposizione di quattro bassorilievi realizzati dagli studenti della Scuola del Legno di Sedico ispirati alle illustrazioni di Buzzati contenute nel suo \u201cMiracoli di Val Morel\u201d. Il secondo \u00e8 \u201cYoga in villa\u201d, a partire dalle 9.30: sabato 18 per gli adulti, domenica 19 per bambini dai 4 ai 10 anni (per informazioni e prenotazione si rimanda alla pagina Facebook del Gruppo FAI Giovani Belluno).<\/p>\n<p>&nbsp;<\/p>\n<p>&nbsp;<\/p>\n<hr \/>\n<p>&nbsp;<\/p>\n<blockquote>\n<h3>IL FESTIVAL INTERNAZIONALE DELLA FISARMONICA<\/h3>\n<\/blockquote>\n<p><strong><a class=\"dt-pswp-item\" href=\"https:\/\/www.radiopiu.net\/wordpress\/wp-content\/uploads\/2022\/06\/sa.jpg\" data-dt-img-description=\"\" data-large_image_width=\"473\" data-large_image_height=\"151\"><img loading=\"lazy\" decoding=\"async\" class=\"wp-image-280606 alignleft\" src=\"https:\/\/www.radiopiu.net\/wordpress\/wp-content\/uploads\/2022\/06\/sa.jpg\" alt=\"\" width=\"229\" height=\"73\" srcset=\"https:\/\/www.radiopiu.net\/wordpress\/wp-content\/uploads\/2022\/06\/sa.jpg 473w, https:\/\/www.radiopiu.net\/wordpress\/wp-content\/uploads\/2022\/06\/sa-300x96.jpg 300w\" sizes=\"auto, (max-width: 229px) 100vw, 229px\" \/><\/a>REDAZIONE<\/strong> Il Festival internazionale della Fisarmonica, Dolomiti 2022 ritorna in presenza con tre appuntamenti, dall&#8217;Agordino al Cadore. Prima serata venerdi 1 luglio alle 20.45 al Nof Fil\u00f2 di Cencenighe, sabato 2 luglio all&#8217;Auditorium dell&#8217;Istituto Canossiano di Feltre, domenica 3 luglio all&#8217;Auditorium Comunale di San Vito di Cadore. Ospiti della serata i pi\u00f9 noti concertisti del panorama musicale internazionale. E&#8217; un&#8217;iniziativa dell&#8217;Associazione Filarmonica, Fisorchestra G. Rossini di Santa Giustina. La Fisorchestra Rossini, diretta dal maestro Ernesto Bellus e la Fisorchestra Armonia, diretta dal maestro Mirko Satto si esibiranno nel repertorio classico e moderno; il Koa Quintett diretto dal maestro Nicola Bettiol suoner\u00e0 un repertorio oberkrainer. Informazioni negli uffici turistici di Cencenighe e Feltre. Presenta Michela Da Canal.<\/p>\n<p>&nbsp;<\/p>\n<p>&nbsp;<\/p>\n<p>&nbsp;<\/p>\n<hr \/>\n<p>&nbsp;<\/p>\n<blockquote>\n<h3>VENERDI IN SALA DON TAMIS IL LIBRO DI ENRICO STALLIVIERE<\/h3>\n<\/blockquote>\n<p><strong>DI GIANNI SANTOMASO<\/strong><\/p>\n<audio class=\"wp-audio-shortcode\" id=\"audio-281640-7\" preload=\"none\" style=\"width: 100%;\" controls=\"controls\"><source type=\"audio\/mpeg\" src=\"https:\/\/www.radiopiu.net\/wordpress\/wp-content\/uploads\/2022\/06\/GIANNI-LIBRO-STALLIVIERE.mp3?_=7\" \/><a href=\"https:\/\/www.radiopiu.net\/wordpress\/wp-content\/uploads\/2022\/06\/GIANNI-LIBRO-STALLIVIERE.mp3\">https:\/\/www.radiopiu.net\/wordpress\/wp-content\/uploads\/2022\/06\/GIANNI-LIBRO-STALLIVIERE.mp3<\/a><\/audio>\n<p>&nbsp;<\/p>\n<p><strong><a class=\"dt-pswp-item\" href=\"https:\/\/www.radiopiu.net\/wordpress\/wp-content\/uploads\/2022\/06\/imbagina.jpg\" data-dt-img-description=\"\" data-large_image_width=\"1000\" data-large_image_height=\"1538\"><img loading=\"lazy\" decoding=\"async\" class=\"size-thumbnail wp-image-281722 alignleft\" src=\"https:\/\/www.radiopiu.net\/wordpress\/wp-content\/uploads\/2022\/06\/imbagina-150x150.jpg\" alt=\"\" width=\"150\" height=\"150\" \/><\/a>AGORDO<\/strong>\u00a0 Quelle che Enrico Stalliviere racconter\u00e0 venerd\u00ec 17 giugno in sala \u201cdon Tamis\u201d in via 27 aprile ad Agordo, alle 18 saranno storie di caregh\u00e9te, racconti di un tempo lontano che ora possiamo solo leggere sui libri perch\u00e9 sono sempre meno i protagonisti che le hanno vissute. Figlio di un caregh\u00e9ta di Gosaldo, Augusto detto Gusti e lui stesso garzone al seguito del padre, di storie e aneddoti su quel mestiere cos\u00ec particolare ne ha sentite tante, e tante ne ha scritte. Questo \u00e8 l\u2019ultimo di una piccola collezione di libri che Enrico ha pubblicato sull\u2019argomento. I brevi racconti di questa raccolta bastano per far capire quale fosse la dura vita dei seggiolai che dai paesi dell\u2019Agordino si sparpagliavano nel nord Italia e in Francia come lavoratori ambulanti, ma di fatto artigiani specializzati che sapevano il loro mestiere. Dino Bridda nella prefazione, fa notare come il valore aggiunto alla narrazione di questi racconti sia l\u2019umanit\u00e0 che Enrico Stalliviere riesce a far emerge dal testo e dai\u00a0 personaggi che tratteggia e questo permette al suo libro di essere un testo originale nel panorama dell\u2019ampia pubblicistica sull\u2019argomento.<\/p>\n<p>&nbsp;<\/p>\n<hr \/>\n<blockquote>\n<h3><strong>\u00a0<\/strong><\/h3>\n<h3><strong>MESE DEL LIBRO IN ALPAGO \u00a0<\/strong><\/h3>\n<\/blockquote>\n<p><strong><a class=\"dt-pswp-item\" href=\"https:\/\/www.radiopiu.net\/wordpress\/wp-content\/uploads\/2022\/06\/situla-alpago-originale.L.jpg\" data-dt-img-description=\"\" data-large_image_width=\"1913\" data-large_image_height=\"1096\"><img loading=\"lazy\" decoding=\"async\" class=\"wp-image-281554 alignleft\" src=\"https:\/\/www.radiopiu.net\/wordpress\/wp-content\/uploads\/2022\/06\/situla-alpago-originale.L-300x172.jpg\" alt=\"\" width=\"262\" height=\"150\" srcset=\"https:\/\/www.radiopiu.net\/wordpress\/wp-content\/uploads\/2022\/06\/situla-alpago-originale.L-300x172.jpg 300w, https:\/\/www.radiopiu.net\/wordpress\/wp-content\/uploads\/2022\/06\/situla-alpago-originale.L-1024x587.jpg 1024w, https:\/\/www.radiopiu.net\/wordpress\/wp-content\/uploads\/2022\/06\/situla-alpago-originale.L-768x440.jpg 768w, https:\/\/www.radiopiu.net\/wordpress\/wp-content\/uploads\/2022\/06\/situla-alpago-originale.L-1536x880.jpg 1536w, https:\/\/www.radiopiu.net\/wordpress\/wp-content\/uploads\/2022\/06\/situla-alpago-originale.L.jpg 1913w\" sizes=\"auto, (max-width: 262px) 100vw, 262px\" \/><\/a>PIEVE D&#8217;ALPAGO<\/strong> Il 16 agosto 2022, saranno trascorsi vent\u2019anni dalla scoperta della situla bronzea istoriata datata VI-V sec. a.C., avvenuta a \u201cPian de la gnela\u201d a Pieve d\u2019Alpago. Il Comune di Alpago e la rassegna culturale Mese del Libro (che ritorna con questa anteprima dopo un anno di stop dovuto alla pandemia) dedicano alla ricorrenza (venerd\u00ec 17 giugno, alle 15, in sala \u201cPlacido Fabris\u201d a Pieve), un incontro internazionale con i massimi esperti e studiosi di questa arte intitolato: \u201cStudi e confronti sull\u2019Arte delle Situle: Monte Krn (Slovenia)-Alpago (Veneto)-Caravaggio (Lombardia)\u201d. Questo incontro di studio offre l\u2019opportunit\u00e0, anche al pubblico, di scoprire quanti possano essere i contenuti racchiusi in reperti come le situle, considerate le strette similitudini dei personaggi raffigurati, e a quali significati e relazioni tra genti dell\u2019Et\u00e0 del ferro potrebbero fare riferimento. I relatori dell\u2019incontro: Alessandro Vanzetti: Docente di archeologia all\u2019universit\u00e0 \u201cLa Sapienza\u201d di Roma; Luca Zaghetto: Ricercatore indipendente;\u00a0 Bostjan Laharnar, Peter Turk: Museo nazionale della Slovenia;\u00a0 Miha Mlinar: Museo di Tolmino; Diego Voltolini: Direttore del Museo archeologico nazionale delle Marche;\u00a0 Louis Nebelsick: Docente di archeologia presso l\u2019universit\u00e0 Cardinal Stefan Wyszynski di Varsavia; Elia Bettini: Ricercatore indipendente<\/p>\n<p>&nbsp;<\/p>\n<p>&nbsp;<\/p>\n<p>&nbsp;<\/p>\n<p>&nbsp;<\/p>\n<hr \/>\n<p>&nbsp;<\/p>\n<blockquote>\n<h3>RINVIATA LA SERATA CON SAMMY BASSO A CAVIOLA<\/h3>\n<\/blockquote>\n<p><strong>CANALE D&#8217;AGORDO<\/strong> la serata con Sammy Basso prevista sabato\u00a0 alla Casa della Giovent\u00f9 di Caviola \u00e8 rinviata causa Covid a data da destinarsi.<\/p>\n<p>&nbsp;<\/p>\n<p>&nbsp;<\/p>\n<hr \/>\n<p>&nbsp;<\/p>\n<blockquote>\n<h3>CORSI PER E-BIKE DEDICATI AI BAMBINI<\/h3>\n<\/blockquote>\n<p><strong>ALLEGHE<\/strong> Dal 21 giugno al 26 luglio Agordino Bikes Guide organizza dei corsi rivolti ai bambini per l&#8217;uso corretto delle E-Bike. I corsi si terranno tutti i marted\u00ec ai Piani Di Pezz\u00e8 ed \u00e8 destinato a bambini dagli 8 anni in su. Per informazioni contattare Luca al 338 9869980 o Alan al 328 8768079<\/p>\n<p>&nbsp;<\/p>\n<hr \/>\n<p>&nbsp;<\/p>\n<blockquote>\n<h3>TORNA IL TEATRO A VILLA BUZZATI<\/h3>\n<\/blockquote>\n<p><strong><a class=\"dt-pswp-item\" href=\"https:\/\/www.radiopiu.net\/wordpress\/wp-content\/uploads\/2022\/06\/Antonella-Morassutti-La-Telefonista-scaled.jpg\" data-dt-img-description=\"\" data-large_image_width=\"2560\" data-large_image_height=\"1440\"><img loading=\"lazy\" decoding=\"async\" class=\" wp-image-281574 alignleft\" src=\"https:\/\/www.radiopiu.net\/wordpress\/wp-content\/uploads\/2022\/06\/Antonella-Morassutti-La-Telefonista-150x150.jpg\" alt=\"\" width=\"111\" height=\"111\" \/><\/a>BELLUNO<\/strong> Venerd\u00ec ultimo appuntamento della prima parte di Buzz@ti\/amo, la rassegna culturale organizzata dall\u2019Associazione Villa Buzzati S. Pellegrino. Si chiude con il teatro in giardino (nel granaio in caso di pioggia) e con la rappresentazione de \u201cLa telefonista\u201d, che insieme a \u201cSola in casa\u201d, \u201cL\u2019orologio\u201d e \u201cSpogliarello\u201d \u00e8 uno dei quattro atti unici che Dino Buzzati ha dedicato alle donne. Con Antonella Morassutti (foto), voce recitante, la regia di Riccardo Ricci e i costumi di Ilenia Rossit.\u00a0 Realizzato in collaborazione con Circolo Cultura e Stampa di Belluno \u00e8 inserito nel progetto Dino Buzzati nel 50\u00b0anniversario della morte.\u201d<\/p>\n<p>&nbsp;<\/p>\n<hr \/>\n<p>&nbsp;<\/p>\n<p>&nbsp;<\/p>\n<blockquote class=\"wp-embedded-content\" data-secret=\"sEyXPVcNhF\"><p><a href=\"https:\/\/www.radiopiu.net\/wordpress\/nel-fine-settimana-el-bon-de-lansuda\/\">&#8220;EL BON DE L&#8217;ANSUDA&#8221; IL FINE SETTIMANA IN VALLE DEL BIOIS<\/a><\/p><\/blockquote>\n<p><iframe loading=\"lazy\" class=\"wp-embedded-content\" sandbox=\"allow-scripts\" security=\"restricted\" style=\"position: absolute; clip: rect(1px, 1px, 1px, 1px);\" title=\"&#8220;&#8220;EL BON DE L&#8217;ANSUDA&#8221; IL FINE SETTIMANA IN VALLE DEL BIOIS&#8221; &#8212; Radio Pi\u00f9\" src=\"https:\/\/www.radiopiu.net\/wordpress\/nel-fine-settimana-el-bon-de-lansuda\/embed\/#?secret=aROLOqCDNh#?secret=sEyXPVcNhF\" data-secret=\"sEyXPVcNhF\" width=\"600\" height=\"338\" frameborder=\"0\" marginwidth=\"0\" marginheight=\"0\" scrolling=\"no\"><\/iframe><\/p>\n<p>&nbsp;<\/p>\n<p>&nbsp;<\/p>\n<hr \/>\n<p>&nbsp;<\/p>\n<blockquote>\n<h3>L&#8217;ORTO RITROVATO A SAN TOMASO<\/h3>\n<\/blockquote>\n<p><strong><img loading=\"lazy\" decoding=\"async\" class=\"alignleft\" src=\"https:\/\/www.radiopiu.net\/wordpress\/wp-content\/uploads\/2021\/08\/download.jpg\" width=\"232\" height=\"186\" \/>SAN TOMASO<\/strong> Sabato a San Tomaso Agordino prende il via una serie di incontri di formazione pratica sulla riproduzione delle piante locali e sulle tecniche di coltivazione in alta montagna. Il corso, gratuito, \u00e8 rivolto a chi opera nell\u2019area del Gal Alto Bellunese ed \u00e8 finanziato nell\u2019ambito del PSL \u201cCIME\u201d del GAL &#8211; MISURA 19.3 PROGETTO DI COOPERAZIONE TRANSNAZIONALE \u201cL\u2019ORTO RITROVATO<\/p>\n<p><strong>L&#8217;INTERVISTA ALLA RADIO A JOHANNES KEINZEL<\/strong><\/p>\n<audio class=\"wp-audio-shortcode\" id=\"audio-281640-8\" preload=\"none\" style=\"width: 100%;\" controls=\"controls\"><source type=\"audio\/mpeg\" src=\"https:\/\/www.radiopiu.net\/wordpress\/wp-content\/uploads\/2022\/06\/johannes-keinzel-gal-15-giugno.mp3?_=8\" \/><a href=\"https:\/\/www.radiopiu.net\/wordpress\/wp-content\/uploads\/2022\/06\/johannes-keinzel-gal-15-giugno.mp3\">https:\/\/www.radiopiu.net\/wordpress\/wp-content\/uploads\/2022\/06\/johannes-keinzel-gal-15-giugno.mp3<\/a><\/audio>\n<p>&nbsp;<\/p>\n<hr \/>\n<p>&nbsp;<\/p>\n<blockquote>\n<h3>LA BANDA DA FODOM IN CONCERTO<\/h3>\n<\/blockquote>\n<p><strong>LIVINALLONGO<\/strong>\u00a0 Il concerto della banda da Fodom si terr\u00e0 sabato alle 20.30 nella sala congressi di Arabba. Dirige Giuliano Federa, musiche di Jacob de Haan, Raymond Lefebvre, Philip Sparke, Thomas Asanger e Giuseppe Verdi<\/p>\n<p>&nbsp;<\/p>\n<hr \/>\n<p>&nbsp;<\/p>\n<h2><span style=\"color: #ff0000;\">IERI ALLA RADIO\u00a0\u00a0<\/span><\/h2>\n<p><a class=\"dt-pswp-item\" href=\"https:\/\/www.radiopiu.net\/wordpress\/wp-content\/uploads\/2020\/06\/PARK-HOTEL-VILLA-IMPERINA.jpg\" data-dt-img-description=\"\" data-large_image_width=\"512\" data-large_image_height=\"339\"><img loading=\"lazy\" decoding=\"async\" class=\"size-thumbnail wp-image-147162 alignleft\" src=\"https:\/\/www.radiopiu.net\/wordpress\/wp-content\/uploads\/2020\/06\/PARK-HOTEL-VILLA-IMPERINA-150x150.jpg\" alt=\"\" width=\"150\" height=\"150\" \/><\/a>L&#8217;ESTATE AL VILLA IMPERINA, dal Giardino della Luna con Martina Zorzi<\/p>\n<p>di Claudio Fontanive<\/p>\n<p>AUDIO<\/p>\n<audio class=\"wp-audio-shortcode\" id=\"audio-281640-9\" preload=\"none\" style=\"width: 100%;\" controls=\"controls\"><source type=\"audio\/mpeg\" src=\"https:\/\/www.radiopiu.net\/wordpress\/wp-content\/uploads\/2022\/06\/martina-zorzi-villa-imperina-15-giugno.mp3?_=9\" \/><a href=\"https:\/\/www.radiopiu.net\/wordpress\/wp-content\/uploads\/2022\/06\/martina-zorzi-villa-imperina-15-giugno.mp3\">https:\/\/www.radiopiu.net\/wordpress\/wp-content\/uploads\/2022\/06\/martina-zorzi-villa-imperina-15-giugno.mp3<\/a><\/audio>\n<p>&nbsp;<\/p>\n<hr \/>\n<p>&nbsp;<\/p>\n<blockquote>\n<h2>SAN GIOVANNI, TRE GIORNI DI FESTA A CANALE D&#8217;AGORDO<\/h2>\n<\/blockquote>\n<p><strong>CANALE D&#8217;AGORDO<\/strong> Il ritorno della sagra di San Giovanni, riecco il corposo programma a pi\u00f9 firme: Comune, Polisportiva, Proloco, Ana e Abvs. Tre giorni di festa, il primo appuntamento venerdi 24, giorno di San Giovanni, con la festa per i 100 anni del distaccamento dei vigili del fuoco volontari del paese, presenza importante e fondamentale, da sempre. Sar\u00e0 anche il giorno dei coscritti del 2002, della musica di Oscar all&#8217;ora di pranzo\u00a0 e dei pregiati piatti con frittura di pesce e gli gnocchi ai porcini e puina sfumegada, oltre all&#8217;immancabile piatto del malgher e le trippe alla parmigiana. Gli aperitivi\u00a0 del sabato una garanzia con Ciccio di Oh per Bacco e la colonna musicale del duo jazz e bossanova Crestani-Burigo. Le notti da ballare: venerdi 24 con Cristian Group, sabato 25 con gli Hedera e il dj set, domenica 26 con Mely &amp; the moodies. PROGRAMMA RELIGIOSO: venerdi 24 alle 10.30 la messa nella chiesa di San Giovanni Battista.<\/p>\n\n\t\t\t<style type='text\/css'>\n\t\t\t\t#gallery-6 {\n\t\t\t\t\tmargin: auto;\n\t\t\t\t}\n\t\t\t\t#gallery-6 .gallery-item {\n\t\t\t\t\tfloat: left;\n\t\t\t\t\tmargin-top: 10px;\n\t\t\t\t\ttext-align: center;\n\t\t\t\t\twidth: 33%;\n\t\t\t\t}\n\t\t\t\t#gallery-6 img {\n\t\t\t\t\tborder: 2px solid #cfcfcf;\n\t\t\t\t}\n\t\t\t\t#gallery-6 .gallery-caption {\n\t\t\t\t\tmargin-left: 0;\n\t\t\t\t}\n\t\t\t\t\/* see gallery_shortcode() in wp-includes\/media.php *\/\n\t\t\t<\/style>\n\t\t<div id='gallery-6' class='dt-gallery-container gallery galleryid-281640 gallery-columns-3 gallery-size-medium'><dl class='gallery-item'>\n\t\t\t\t<dt class='gallery-icon portrait'>\n\t\t\t\t\t<a class=\"rollover rollover-zoom dt-pswp-item\" title=\"0a6150e4-bc70-4210-ad75-f53803953eb0\" data-dt-img-description=\"\" data-large_image_width=\"1131\" data-large_image_height=\"1600\"href='https:\/\/www.radiopiu.net\/wordpress\/wp-content\/uploads\/2022\/06\/0a6150e4-bc70-4210-ad75-f53803953eb0.jpg'><img loading=\"lazy\" decoding=\"async\" width=\"212\" height=\"300\" src=\"https:\/\/www.radiopiu.net\/wordpress\/wp-content\/uploads\/2022\/06\/0a6150e4-bc70-4210-ad75-f53803953eb0-212x300.jpg\" class=\"attachment-medium size-medium\" alt=\"\" srcset=\"https:\/\/www.radiopiu.net\/wordpress\/wp-content\/uploads\/2022\/06\/0a6150e4-bc70-4210-ad75-f53803953eb0-212x300.jpg 212w, https:\/\/www.radiopiu.net\/wordpress\/wp-content\/uploads\/2022\/06\/0a6150e4-bc70-4210-ad75-f53803953eb0-724x1024.jpg 724w, https:\/\/www.radiopiu.net\/wordpress\/wp-content\/uploads\/2022\/06\/0a6150e4-bc70-4210-ad75-f53803953eb0-768x1086.jpg 768w, https:\/\/www.radiopiu.net\/wordpress\/wp-content\/uploads\/2022\/06\/0a6150e4-bc70-4210-ad75-f53803953eb0-1086x1536.jpg 1086w, https:\/\/www.radiopiu.net\/wordpress\/wp-content\/uploads\/2022\/06\/0a6150e4-bc70-4210-ad75-f53803953eb0.jpg 1131w\" sizes=\"auto, (max-width: 212px) 100vw, 212px\" \/><\/a>\n\t\t\t\t<\/dt><\/dl><dl class='gallery-item'>\n\t\t\t\t<dt class='gallery-icon landscape'>\n\t\t\t\t\t<a class=\"rollover rollover-zoom dt-pswp-item\" title=\"117083109_183542043157133_75668120410207434_n\" data-dt-img-description=\"\" data-large_image_width=\"960\" data-large_image_height=\"503\"href='https:\/\/www.radiopiu.net\/wordpress\/wp-content\/uploads\/2022\/06\/117083109_183542043157133_75668120410207434_n.jpg'><img loading=\"lazy\" decoding=\"async\" width=\"300\" height=\"157\" src=\"https:\/\/www.radiopiu.net\/wordpress\/wp-content\/uploads\/2022\/06\/117083109_183542043157133_75668120410207434_n-300x157.jpg\" class=\"attachment-medium size-medium\" alt=\"\" srcset=\"https:\/\/www.radiopiu.net\/wordpress\/wp-content\/uploads\/2022\/06\/117083109_183542043157133_75668120410207434_n-300x157.jpg 300w, https:\/\/www.radiopiu.net\/wordpress\/wp-content\/uploads\/2022\/06\/117083109_183542043157133_75668120410207434_n-768x402.jpg 768w, https:\/\/www.radiopiu.net\/wordpress\/wp-content\/uploads\/2022\/06\/117083109_183542043157133_75668120410207434_n.jpg 960w\" sizes=\"auto, (max-width: 300px) 100vw, 300px\" \/><\/a>\n\t\t\t\t<\/dt><\/dl><dl class='gallery-item'>\n\t\t\t\t<dt class='gallery-icon landscape'>\n\t\t\t\t\t<a class=\"rollover rollover-zoom dt-pswp-item\" title=\"CANALE D&#039;AGORDO (3)\" data-dt-img-description=\"\" data-large_image_width=\"960\" data-large_image_height=\"720\"href='https:\/\/www.radiopiu.net\/wordpress\/wp-content\/uploads\/2020\/06\/CANALE-DAGORDO-3.jpg'><img loading=\"lazy\" decoding=\"async\" width=\"300\" height=\"225\" src=\"https:\/\/www.radiopiu.net\/wordpress\/wp-content\/uploads\/2020\/06\/CANALE-DAGORDO-3-300x225.jpg\" class=\"attachment-medium size-medium\" alt=\"\" srcset=\"https:\/\/www.radiopiu.net\/wordpress\/wp-content\/uploads\/2020\/06\/CANALE-DAGORDO-3-300x225.jpg 300w, https:\/\/www.radiopiu.net\/wordpress\/wp-content\/uploads\/2020\/06\/CANALE-DAGORDO-3-768x576.jpg 768w, https:\/\/www.radiopiu.net\/wordpress\/wp-content\/uploads\/2020\/06\/CANALE-DAGORDO-3.jpg 960w\" sizes=\"auto, (max-width: 300px) 100vw, 300px\" \/><\/a>\n\t\t\t\t<\/dt><\/dl><br style=\"clear: both\" \/>\n\t\t\t<\/div>\n\n<p>&nbsp;<\/p>\n<p>&nbsp;<\/p>\n<hr \/>\n<p>&nbsp;<\/p>\n<p>&nbsp;<\/p>\n<blockquote class=\"wp-embedded-content\" data-secret=\"gljl1ZfIaT\"><p><a href=\"https:\/\/www.radiopiu.net\/wordpress\/da-ieri-alla-radio-in-palinsesto-loris-e-maurizio-con-la-grande-musica\/\">IL BLUES ALLA RADIO &#8230; COME NON L&#8217;AVETE MAI SENTITO PRIMA<\/a><\/p><\/blockquote>\n<p><iframe loading=\"lazy\" class=\"wp-embedded-content\" sandbox=\"allow-scripts\" security=\"restricted\" style=\"position: absolute; clip: rect(1px, 1px, 1px, 1px);\" title=\"&#8220;IL BLUES ALLA RADIO &#8230; COME NON L&#8217;AVETE MAI SENTITO PRIMA&#8221; &#8212; Radio Pi\u00f9\" src=\"https:\/\/www.radiopiu.net\/wordpress\/da-ieri-alla-radio-in-palinsesto-loris-e-maurizio-con-la-grande-musica\/embed\/#?secret=BkkXqYoTG1#?secret=gljl1ZfIaT\" data-secret=\"gljl1ZfIaT\" width=\"600\" height=\"338\" frameborder=\"0\" marginwidth=\"0\" marginheight=\"0\" scrolling=\"no\"><\/iframe><\/p>\n<p>&nbsp;<\/p>\n<hr \/>\n<p>&nbsp;<\/p>\n<h2><span style=\"color: #008080;\">SALUTE &amp; SOCIETA&#8217;\u00a0<\/span><\/h2>\n<p><strong>LA RACCOLTA<\/strong><\/p>\n<blockquote class=\"wp-embedded-content\" data-secret=\"Q8YL4Ip4VG\"><p><a href=\"https:\/\/www.radiopiu.net\/wordpress\/saluteesocieta\/\">Salute e Societ\u00e0<\/a><\/p><\/blockquote>\n<p><iframe loading=\"lazy\" class=\"wp-embedded-content\" sandbox=\"allow-scripts\" security=\"restricted\" style=\"position: absolute; clip: rect(1px, 1px, 1px, 1px);\" title=\"&#8220;Salute e Societ\u00e0&#8221; &#8212; Radio Pi\u00f9\" src=\"https:\/\/www.radiopiu.net\/wordpress\/saluteesocieta\/embed\/#?secret=GDKVTDR0pM#?secret=Q8YL4Ip4VG\" data-secret=\"Q8YL4Ip4VG\" width=\"600\" height=\"338\" frameborder=\"0\" marginwidth=\"0\" marginheight=\"0\" scrolling=\"no\"><\/iframe><\/p>\n<p>&nbsp;<\/p>\n<p>&nbsp;<\/p>\n<p>&nbsp;<\/p>\n<hr \/>\n<h3 class=\"kvgmc6g5 cxmmr5t8 oygrvhab hcukyx3x c1et5uql\"><span style=\"color: #0000ff;\"><strong>INFORMAZIONE il canale su TELEGRAM informazione di prima mano e in tempo reale. iscriviti ed aiutaci a farlo conoscere\u00a0 \u00a0<\/strong><\/span><\/h3>\n<p>&nbsp;<\/p>\n<hr \/>\n<p>&nbsp;<\/p>\n<blockquote>\n<h2><span style=\"color: #800080;\">STORIE A QUATTROCCHI<br \/>\nOGGI ALLE 9 E ALLE 18 LA NUOVA PUNTATA CON ELENA E STEFANIA<\/span><\/h2>\n<\/blockquote>\n<p><strong>PUNTATA DEL 15 GIUGNO 2022 CON ELENA E STEFANIA<\/strong><\/p>\n<audio class=\"wp-audio-shortcode\" id=\"audio-281640-10\" preload=\"none\" style=\"width: 100%;\" controls=\"controls\"><source type=\"audio\/mpeg\" src=\"https:\/\/www.radiopiu.net\/wordpress\/wp-content\/uploads\/2022\/06\/QOCCHI9.mp3?_=10\" \/><a href=\"https:\/\/www.radiopiu.net\/wordpress\/wp-content\/uploads\/2022\/06\/QOCCHI9.mp3\">https:\/\/www.radiopiu.net\/wordpress\/wp-content\/uploads\/2022\/06\/QOCCHI9.mp3<\/a><\/audio>\n<p><strong>\u00a0<\/strong><\/p>\n<p><strong>LA RACCOLTA COMPLETA\u00a0<\/strong><\/p>\n<blockquote class=\"wp-embedded-content\" data-secret=\"NCcWFMR6Nq\"><p><a href=\"https:\/\/www.radiopiu.net\/wordpress\/storie-a-quattrocchi\/\">Storie a quattrocchi<\/a><\/p><\/blockquote>\n<p><iframe loading=\"lazy\" class=\"wp-embedded-content\" sandbox=\"allow-scripts\" security=\"restricted\" style=\"position: absolute; clip: rect(1px, 1px, 1px, 1px);\" title=\"&#8220;Storie a quattrocchi&#8221; &#8212; Radio Pi\u00f9\" src=\"https:\/\/www.radiopiu.net\/wordpress\/storie-a-quattrocchi\/embed\/#?secret=FlcyKEhAZg#?secret=NCcWFMR6Nq\" data-secret=\"NCcWFMR6Nq\" width=\"600\" height=\"338\" frameborder=\"0\" marginwidth=\"0\" marginheight=\"0\" scrolling=\"no\"><\/iframe><\/p>\n<p>&nbsp;<\/p>\n<hr \/>\n<p>&nbsp;<\/p>\n<h2><\/h2>\n<h2><span style=\"color: #008080;\">&#8220;DINTORN E FORA VIA&#8221; A CURA DEL MUSLA, IL NUOVO PROGRAMMA\u00a0 \u00a0<\/span><\/h2>\n<p><strong>\u00a0PUNTATA DEL 14 GIUGNO 2022- CON\u00a0 \u00a0ERIK MARCON<\/strong><\/p>\n<audio class=\"wp-audio-shortcode\" id=\"audio-281640-11\" preload=\"none\" style=\"width: 100%;\" controls=\"controls\"><source type=\"audio\/mpeg\" src=\"https:\/\/www.radiopiu.net\/wordpress\/wp-content\/uploads\/2022\/06\/MUSLA-1.mp3?_=11\" \/><a href=\"https:\/\/www.radiopiu.net\/wordpress\/wp-content\/uploads\/2022\/06\/MUSLA-1.mp3\">https:\/\/www.radiopiu.net\/wordpress\/wp-content\/uploads\/2022\/06\/MUSLA-1.mp3<\/a><\/audio>\n<p>&nbsp;<\/p>\n<p><strong>LA RACCOLTA COMPLETA<\/strong><\/p>\n<blockquote class=\"wp-embedded-content\" data-secret=\"N3H3FysVp4\"><p><a href=\"https:\/\/www.radiopiu.net\/wordpress\/musla\/\">MUSLA<\/a><\/p><\/blockquote>\n<p><iframe loading=\"lazy\" class=\"wp-embedded-content\" sandbox=\"allow-scripts\" security=\"restricted\" style=\"position: absolute; clip: rect(1px, 1px, 1px, 1px);\" title=\"&#8220;MUSLA&#8221; &#8212; Radio Pi\u00f9\" src=\"https:\/\/www.radiopiu.net\/wordpress\/musla\/embed\/#?secret=BH1x5jYZNj#?secret=N3H3FysVp4\" data-secret=\"N3H3FysVp4\" width=\"600\" height=\"338\" frameborder=\"0\" marginwidth=\"0\" marginheight=\"0\" scrolling=\"no\"><\/iframe><\/p>\n<p>&nbsp;<\/p>\n<hr \/>\n<p>&nbsp;<\/p>\n<p>&nbsp;<\/p>\n<blockquote class=\"wp-embedded-content\" data-secret=\"4EpJlNz8ay\"><p><a href=\"https:\/\/www.radiopiu.net\/wordpress\/39annigiug14\/\">39 ANNI DI RADIO&#8230;IL CONSIGLIO COMUNALE DI AGORDO IN BIANCO E NERO<\/a><\/p><\/blockquote>\n<p><iframe loading=\"lazy\" class=\"wp-embedded-content\" sandbox=\"allow-scripts\" security=\"restricted\" style=\"position: absolute; clip: rect(1px, 1px, 1px, 1px);\" title=\"&#8220;39 ANNI DI RADIO&#8230;IL CONSIGLIO COMUNALE DI AGORDO IN BIANCO E NERO&#8221; &#8212; Radio Pi\u00f9\" src=\"https:\/\/www.radiopiu.net\/wordpress\/39annigiug14\/embed\/#?secret=SdjqDi6Yee#?secret=4EpJlNz8ay\" data-secret=\"4EpJlNz8ay\" width=\"600\" height=\"338\" frameborder=\"0\" marginwidth=\"0\" marginheight=\"0\" scrolling=\"no\"><\/iframe><\/p>\n<p>&nbsp;<\/p>\n<p>&nbsp;<\/p>\n<hr \/>\n<p>&nbsp;<\/p>\n<div>\n<div class=\"b654a4as d2edcug0\">\n<div class=\"rq0escxv hkbzh7o3 jwdofwj8 n8tt0mok r8blr3vg hyh9befq\">\n<p><a class=\"dt-pswp-item\" href=\"https:\/\/www.radiopiu.net\/wordpress\/wp-content\/uploads\/2020\/10\/pp.jpg\" data-dt-img-description=\"\" data-large_image_width=\"640\" data-large_image_height=\"640\"><img loading=\"lazy\" decoding=\"async\" class=\"wp-image-163678 alignleft\" src=\"https:\/\/www.radiopiu.net\/wordpress\/wp-content\/uploads\/2020\/10\/pp-300x300.jpg\" alt=\"\" width=\"106\" height=\"106\" srcset=\"https:\/\/www.radiopiu.net\/wordpress\/wp-content\/uploads\/2020\/10\/pp-300x300.jpg 300w, https:\/\/www.radiopiu.net\/wordpress\/wp-content\/uploads\/2020\/10\/pp-150x150.jpg 150w, https:\/\/www.radiopiu.net\/wordpress\/wp-content\/uploads\/2020\/10\/pp-125x125.jpg 125w, https:\/\/www.radiopiu.net\/wordpress\/wp-content\/uploads\/2020\/10\/pp-200x200.jpg 200w, https:\/\/www.radiopiu.net\/wordpress\/wp-content\/uploads\/2020\/10\/pp-80x80.jpg 80w, https:\/\/www.radiopiu.net\/wordpress\/wp-content\/uploads\/2020\/10\/pp-480x480.jpg 480w, https:\/\/www.radiopiu.net\/wordpress\/wp-content\/uploads\/2020\/10\/pp.jpg 640w\" sizes=\"auto, (max-width: 106px) 100vw, 106px\" \/><\/a><\/p>\n<\/div>\n<\/div>\n<\/div>\n<div>\n<div class=\"page-title-head hgroup\">\n<div class=\"page-title-head hgroup\">\n<div class=\"b654a4as d2edcug0\">\n<div class=\"j83agx80 btwxx1t3 lhclo0ds hop8lmos nkwizq5d scwd0bx6 roh60bw9\">\n<div class=\"rq0escxv hkbzh7o3 jwdofwj8 n8tt0mok r8blr3vg hyh9befq\">\n<div class=\"do00u71z l9j0dhe7 k4urcfbm\">\n<h2><span style=\"color: #000080;\">DON CESARE, IL PENSIERO DEL GIORNO. ALLA RADIO ALLE 7 DEL MATTINO E ALLE 19.30 DELLA SERA.\u00a0<\/span><\/h2>\n<p>&nbsp;<\/p>\n<\/div>\n<\/div>\n<\/div>\n<\/div>\n<\/div>\n<\/div>\n<\/div>\n<audio class=\"wp-audio-shortcode\" id=\"audio-281640-12\" preload=\"none\" style=\"width: 100%;\" controls=\"controls\"><source type=\"audio\/mpeg\" src=\"https:\/\/www.radiopiu.net\/wordpress\/wp-content\/uploads\/2022\/06\/CESARE-13.mp3?_=12\" \/><a href=\"https:\/\/www.radiopiu.net\/wordpress\/wp-content\/uploads\/2022\/06\/CESARE-13.mp3\">https:\/\/www.radiopiu.net\/wordpress\/wp-content\/uploads\/2022\/06\/CESARE-13.mp3<\/a><\/audio>\n<p>&nbsp;<\/p>\n<p>&nbsp;<\/p>\n<hr \/>\n<p>&nbsp;<\/p>\n<div class=\"do00u71z l9j0dhe7 k4urcfbm\">\n<div class=\"page-title-head hgroup\">\n<div class=\"page-title-head hgroup\">\n<div class=\"b654a4as d2edcug0\">\n<div class=\"j83agx80 btwxx1t3 lhclo0ds hop8lmos nkwizq5d scwd0bx6 roh60bw9\">\n<div class=\"rq0escxv hkbzh7o3 jwdofwj8 n8tt0mok r8blr3vg hyh9befq\">\n<div class=\"do00u71z l9j0dhe7 k4urcfbm\">\n<div class=\"page-title-head hgroup\">\n<div class=\"page-title-head hgroup\">\n<div class=\"b654a4as d2edcug0\">\n<div class=\"j83agx80 btwxx1t3 lhclo0ds hop8lmos nkwizq5d scwd0bx6 roh60bw9\">\n<div class=\"rq0escxv hkbzh7o3 jwdofwj8 n8tt0mok r8blr3vg hyh9befq\">\n<div class=\"do00u71z l9j0dhe7 k4urcfbm\">\n<div class=\"ecm0bbzt e5nlhep0 a8c37x1j\">\n<div class=\"kvgmc6g5 cxmmr5t8 oygrvhab hcukyx3x c1et5uql\">\n<div class=\"gmail-kvgmc6g5 gmail-cxmmr5t8 gmail-oygrvhab gmail-hcukyx3x gmail-c1et5uql gmail-ii04i59q\">\n<div class=\"page-title-head hgroup\">\n<div class=\"page-title-head hgroup\">\n<div class=\"b654a4as d2edcug0\">\n<div class=\"j83agx80 btwxx1t3 lhclo0ds hop8lmos nkwizq5d scwd0bx6 roh60bw9\">\n<div class=\"rq0escxv hkbzh7o3 jwdofwj8 n8tt0mok r8blr3vg hyh9befq\">\n<div class=\"do00u71z l9j0dhe7 k4urcfbm\">\n<div class=\"page-title-head hgroup\">\n<div class=\"page-title-head hgroup\">\n<div class=\"b654a4as d2edcug0\">\n<div class=\"j83agx80 btwxx1t3 lhclo0ds hop8lmos nkwizq5d scwd0bx6 roh60bw9\">\n<div class=\"rq0escxv hkbzh7o3 jwdofwj8 n8tt0mok r8blr3vg hyh9befq\">\n<div class=\"do00u71z l9j0dhe7 k4urcfbm\">\n<div class=\"page-title-head hgroup\">\n<div class=\"page-title-head hgroup\">\n<div class=\"b654a4as d2edcug0\">\n<div class=\"j83agx80 btwxx1t3 lhclo0ds hop8lmos nkwizq5d scwd0bx6 roh60bw9\">\n<div class=\"rq0escxv hkbzh7o3 jwdofwj8 n8tt0mok r8blr3vg hyh9befq\">\n<div class=\"do00u71z l9j0dhe7 k4urcfbm\">\n<div class=\"ecm0bbzt e5nlhep0 a8c37x1j\">\n<div class=\"kvgmc6g5 cxmmr5t8 oygrvhab hcukyx3x c1et5uql\">\n<div class=\"gmail-kvgmc6g5 gmail-cxmmr5t8 gmail-oygrvhab gmail-hcukyx3x gmail-c1et5uql gmail-ii04i59q\">\n<div class=\"page-title-head hgroup\">\n<div class=\"page-title-head hgroup\">\n<div class=\"b654a4as d2edcug0\">\n<div class=\"j83agx80 btwxx1t3 lhclo0ds hop8lmos nkwizq5d scwd0bx6 roh60bw9\">\n<div class=\"rq0escxv hkbzh7o3 jwdofwj8 n8tt0mok r8blr3vg hyh9befq\">\n<div class=\"do00u71z l9j0dhe7 k4urcfbm\">\n<blockquote>\n<h3><span style=\"color: #ff0000;\">IN VIVO VERSO,\u00a0 RIASCOLTIAMOLE DAL LUNEDI AL VENERDI ALLE 7.10, 10.10, 18 50<\/span><\/h3>\n<h3>RIASCOLTIAMOLE, STAGIONE 2019_2020 FRANCO CALLEGARO &#8220;L&#8217;ALTRA META&#8217; DEL CIELO&#8221;<\/h3>\n<\/blockquote>\n<p><strong>AUDIO<\/strong><\/p>\n<audio class=\"wp-audio-shortcode\" id=\"audio-281640-13\" preload=\"none\" style=\"width: 100%;\" controls=\"controls\"><source type=\"audio\/mpeg\" src=\"https:\/\/www.radiopiu.net\/wordpress\/wp-content\/uploads\/2022\/06\/03-FRANCO-CALLEGARO-LALTRA-META-DEL-CIELO.mp3?_=13\" \/><a href=\"https:\/\/www.radiopiu.net\/wordpress\/wp-content\/uploads\/2022\/06\/03-FRANCO-CALLEGARO-LALTRA-META-DEL-CIELO.mp3\">https:\/\/www.radiopiu.net\/wordpress\/wp-content\/uploads\/2022\/06\/03-FRANCO-CALLEGARO-LALTRA-META-DEL-CIELO.mp3<\/a><\/audio>\n<p><img loading=\"lazy\" decoding=\"async\" class=\"\" src=\"https:\/\/www.radiopiu.net\/wordpress\/wp-content\/uploads\/2019\/12\/FOTO-FRANCO-CALLEGARO-300x300.jpg\" width=\"141\" height=\"141\" \/><\/p>\n<h3><strong style=\"font-size: 14px;\">LA RACCOLTA COMPLETA<\/strong><\/h3>\n<blockquote class=\"wp-embedded-content\" data-secret=\"TvJdpocn0c\"><p><a href=\"https:\/\/www.radiopiu.net\/wordpress\/in-vivo-verso\/\">In Vivo Verso<\/a><\/p><\/blockquote>\n<p><iframe loading=\"lazy\" class=\"wp-embedded-content\" sandbox=\"allow-scripts\" security=\"restricted\" style=\"position: absolute; clip: rect(1px, 1px, 1px, 1px);\" title=\"&#8220;In Vivo Verso&#8221; &#8212; Radio Pi\u00f9\" src=\"https:\/\/www.radiopiu.net\/wordpress\/in-vivo-verso\/embed\/#?secret=Eb0GCoP2k1#?secret=TvJdpocn0c\" data-secret=\"TvJdpocn0c\" width=\"600\" height=\"338\" frameborder=\"0\" marginwidth=\"0\" marginheight=\"0\" scrolling=\"no\"><\/iframe><\/p>\n<p>&nbsp;<\/p>\n<hr \/>\n<p>&nbsp;<\/p>\n<p><span style=\"color: #0000ff;\">MUSICA PIU&#8217;\u00a0<\/span><\/p>\n<p><a href=\"https:\/\/www.radiopiu.net\/wordpress\/giornale-radiopiu-20-settembre-2021-direttore-mirko-mezzacasa\/pp-79\/\" rel=\"attachment wp-att-232921\"><img loading=\"lazy\" decoding=\"async\" class=\"wp-image-232921 alignleft\" src=\"https:\/\/www.radiopiu.net\/wordpress\/wp-content\/uploads\/2021\/09\/pp-1-300x300.jpg\" alt=\"\" width=\"135\" height=\"135\" srcset=\"https:\/\/www.radiopiu.net\/wordpress\/wp-content\/uploads\/2021\/09\/pp-1-300x300.jpg 300w, https:\/\/www.radiopiu.net\/wordpress\/wp-content\/uploads\/2021\/09\/pp-1-150x150.jpg 150w, https:\/\/www.radiopiu.net\/wordpress\/wp-content\/uploads\/2021\/09\/pp-1.jpg 640w\" sizes=\"auto, (max-width: 135px) 100vw, 135px\" \/><\/a><\/p>\n<div class=\"mkdf-post-text\">\n<div class=\"mkdf-post-text-inner\">\n<div class=\"mkdf-post-text-main\">\n<div class=\"mkdf-post-text\">\n<div class=\"mkdf-post-text-inner\">\n<div class=\"mkdf-post-text-main\">\n<div class=\"mkdf-post-text\">\n<div class=\"mkdf-post-text-inner\">\n<div class=\"mkdf-post-text-main\">\n<div class=\"page-title-head hgroup\">\n<div class=\"page-title-head hgroup\">\n<div class=\"mkdf-post-text\">\n<div class=\"mkdf-post-text-inner\">\n<div class=\"mkdf-post-text-main\">\n<div class=\"mkdf-post-text\">\n<div class=\"mkdf-post-text-inner\">\n<div class=\"mkdf-post-text-main\">\n<div class=\"page-title-head hgroup\">\n<div class=\"page-title-head hgroup\">\n<div class=\"page-title-head hgroup\">\n<div class=\"page-title-head hgroup\">\n<div class=\"b654a4as d2edcug0\">\n<div class=\"page-title-head hgroup\">\n<div class=\"page-title-head hgroup\">\n<div class=\"page-title-head hgroup\">\n<div class=\"page-title-head hgroup\">\n<div class=\"b654a4as d2edcug0\">\n<div class=\"page-title-head hgroup\">\n<div class=\"page-title-head hgroup\">\n<div class=\"page-title-head hgroup\">\n<div class=\"page-title-head hgroup\">\n<div class=\"b654a4as d2edcug0\">\n<div class=\"mkdf-post-text\">\n<div class=\"mkdf-post-text-inner\">\n<div class=\"mkdf-post-text-main\">\n<div class=\"mkdf-post-text\">\n<div class=\"mkdf-post-text-inner\">\n<div class=\"mkdf-post-text-main\">\n<div class=\"mkdf-post-text\">\n<div class=\"mkdf-post-text-inner\">\n<div class=\"mkdf-post-text-main\">\n<div class=\"page-title-head hgroup\">\n<div class=\"page-title-head hgroup\">\n<div class=\"mkdf-post-text\">\n<div class=\"mkdf-post-text-inner\">\n<div class=\"mkdf-post-text-main\">\n<div class=\"mkdf-post-text\">\n<div class=\"mkdf-post-text-inner\">\n<div class=\"mkdf-post-text-main\">\n<div class=\"page-title-head hgroup\">\n<div class=\"page-title-head hgroup\">\n<div class=\"page-title-head hgroup\">\n<div class=\"page-title-head hgroup\">\n<div class=\"b654a4as d2edcug0\">\n<div class=\"page-title-head hgroup\">\n<div class=\"page-title-head hgroup\">\n<div class=\"page-title-head hgroup\">\n<div class=\"page-title-head hgroup\">\n<div class=\"b654a4as d2edcug0\">\n<div class=\"page-title-head hgroup\">\n<div class=\"page-title-head hgroup\">\n<div class=\"page-title-head hgroup\">\n<div class=\"page-title-head hgroup\">\n<div class=\"b654a4as d2edcug0\">\n<div><\/div>\n<div><\/div>\n<div>\n<p><strong>MUSICA ALLA RADIO, IL PROGRAMMA DI LORIS SCUSSEL &#8220;COLLAGE OPERAZIONE NOSTALGIA&#8221; DAL LUNEDI AL VENERDI ALLE 16.00\u00a0 E ALLE 23\u00a0<\/strong><\/p>\n<p>&nbsp;<\/p>\n<p><strong>PUNTATA 628 DEL 15 GIUGNO 2022<\/strong><\/p>\n<\/div>\n<\/div>\n<audio class=\"wp-audio-shortcode\" id=\"audio-281640-14\" preload=\"none\" style=\"width: 100%;\" controls=\"controls\"><source type=\"audio\/mpeg\" src=\"https:\/\/www.radiopiu.net\/wordpress\/wp-content\/uploads\/2022\/06\/Collage-628.mp3?_=14\" \/><a href=\"https:\/\/www.radiopiu.net\/wordpress\/wp-content\/uploads\/2022\/06\/Collage-628.mp3\">https:\/\/www.radiopiu.net\/wordpress\/wp-content\/uploads\/2022\/06\/Collage-628.mp3<\/a><\/audio>\n<p>&nbsp;<\/p>\n<p><strong><a class=\"dt-pswp-item\" href=\"https:\/\/www.radiopiu.net\/wordpress\/wp-content\/uploads\/2022\/06\/vinile.jpg\" data-dt-img-description=\"\" data-large_image_width=\"1920\" data-large_image_height=\"1280\"><img loading=\"lazy\" decoding=\"async\" class=\"size-thumbnail wp-image-281294 alignleft\" src=\"https:\/\/www.radiopiu.net\/wordpress\/wp-content\/uploads\/2022\/06\/vinile-150x150.jpg\" alt=\"\" width=\"150\" height=\"150\" \/><\/a>di Loris Scussel<\/strong><\/p>\n<p>Ultima settimana della terza serie di Collage andata in onda da maggio 2021 ad oggi, con quella di venerd\u00ec saranno 630 le puntate trasmesse. Anche stavolta si alterneranno brani italiani ed internazionali pi\u00f9 o meno noti e venerd\u00ec in chiusura di settimana dedicheremo la puntata ai cantautori di casa nostra. A questo punto il programma si prender\u00e0 una pausa per ritornare in autunno con nuove puntate con l&#8217;obiettivo di raggiungere quota 1.000. Cosa potremo ascoltare al posto di Collage? Le repliche di Collage che ci terranno compagnia fino a fine estate. Collage va in onda dal luned\u00ec al venerd\u00ec alle 16,00 e alle 23,00 naturalmente su Radio Pi\u00f9.<\/p>\n<p>&nbsp;<\/p>\n<p>&nbsp;<\/p>\n<div class=\"b654a4as d2edcug0\">\n<hr \/>\n<\/div>\n<\/div>\n<\/div>\n<\/div>\n<\/div>\n<\/div>\n<\/div>\n<\/div>\n<\/div>\n<\/div>\n<\/div>\n<\/div>\n<\/div>\n<\/div>\n<\/div>\n<\/div>\n<\/div>\n<\/div>\n<\/div>\n<\/div>\n<\/div>\n<\/div>\n<\/div>\n<\/div>\n<\/div>\n<\/div>\n<\/div>\n<\/div>\n<\/div>\n<\/div>\n<\/div>\n<\/div>\n<\/div>\n<\/div>\n<\/div>\n<\/div>\n<\/div>\n<\/div>\n<\/div>\n<\/div>\n<\/div>\n<\/div>\n<\/div>\n<\/div>\n<\/div>\n<\/div>\n<\/div>\n<\/div>\n<\/div>\n<\/div>\n<\/div>\n<\/div>\n<\/div>\n<\/div>\n<\/div>\n<\/div>\n<\/div>\n<\/div>\n<\/div>\n<\/div>\n<\/div>\n<\/div>\n<\/div>\n<\/div>\n<p>&nbsp;<\/p>\n<blockquote>\n<h3><span style=\"color: #0000ff;\">RADIO PIU INFORMAZIONE il canale su TELEGRAM informazione di prima mano e in tempo reale. iscriviti ed aiutaci a farlo conoscere\u00a0\u00a0<\/span><\/h3>\n<\/blockquote>\n<div>\n<div class=\"page-title-head hgroup\">\n<div class=\"page-title-head hgroup\">\n<div class=\"page-title-head hgroup\">\n<div class=\"page-title-head hgroup\">\n<div class=\"b654a4as d2edcug0\">\n<div class=\"page-title-head hgroup\">\n<div class=\"page-title-head hgroup\">\n<div class=\"page-title-head hgroup\">\n<div class=\"page-title-head hgroup\">\n<div class=\"b654a4as d2edcug0\">\n<div class=\"page-title-head hgroup\">\n<div class=\"page-title-head hgroup\">\n<div class=\"page-title-head hgroup\">\n<div class=\"page-title-head hgroup\">\n<div class=\"page-title-head hgroup\">\n<div class=\"page-title-head hgroup\">\n<div class=\"page-title-head hgroup\">\n<div class=\"page-title-head hgroup\">\n<div class=\"page-title-head hgroup\">\n<div class=\"b654a4as d2edcug0\">\n<div class=\"page-title-head hgroup\">\n<div class=\"page-title-head hgroup\">\n<div class=\"page-title-head hgroup\">\n<div class=\"page-title-head hgroup\">\n<div class=\"b654a4as d2edcug0\">\n<div><\/div>\n<div>\n<div class=\"page-title-head hgroup\">\n<div class=\"page-title-head hgroup\">\n<div class=\"page-title-head hgroup\">\n<div class=\"page-title-head hgroup\">\n<div class=\"page-title-head hgroup\">\n<div class=\"mkdf-post-text\">\n<div class=\"mkdf-post-text-inner\">\n<div class=\"mkdf-post-text-main\">\n<div class=\"mkdf-post-text\">\n<div class=\"mkdf-post-text-inner\">\n<div class=\"mkdf-post-text-main\">\n<div class=\"mkdf-post-text\">\n<div class=\"mkdf-post-text-inner\">\n<div class=\"mkdf-post-text-main\">\n<div class=\"page-title-head hgroup\">\n<div class=\"page-title-head hgroup\">\n<div class=\"mkdf-post-text\">\n<div class=\"mkdf-post-text-inner\">\n<div class=\"mkdf-post-text-main\">\n<div class=\"mkdf-post-text\">\n<div class=\"mkdf-post-text-inner\">\n<div class=\"mkdf-post-text-main\">\n<div class=\"page-title-head hgroup\">\n<div class=\"page-title-head hgroup\">\n<div class=\"page-title-head hgroup\">\n<div class=\"page-title-head hgroup\">\n<div class=\"b654a4as d2edcug0\">\n<div class=\"page-title-head hgroup\">\n<div class=\"page-title-head hgroup\">\n<div class=\"page-title-head hgroup\">\n<div class=\"page-title-head hgroup\">\n<div class=\"b654a4as d2edcug0\">\n<div class=\"page-title-head hgroup\">\n<div class=\"page-title-head hgroup\">\n<div class=\"page-title-head hgroup\">\n<p>&nbsp;<\/p>\n<div>\n<div class=\"page-title-head hgroup\">\n<div class=\"page-title-head hgroup\">\n<div class=\"b654a4as d2edcug0\">\n<div class=\"j83agx80 btwxx1t3 lhclo0ds hop8lmos nkwizq5d scwd0bx6 roh60bw9\">\n<div class=\"rq0escxv hkbzh7o3 jwdofwj8 n8tt0mok r8blr3vg hyh9befq\">\n<div class=\"do00u71z l9j0dhe7 k4urcfbm\">\n<div class=\"page-title-head hgroup\">\n<div class=\"page-title-head hgroup\">\n<div class=\"b654a4as d2edcug0\">\n<div class=\"j83agx80 btwxx1t3 lhclo0ds hop8lmos nkwizq5d scwd0bx6 roh60bw9\">\n<div class=\"rq0escxv hkbzh7o3 jwdofwj8 n8tt0mok r8blr3vg hyh9befq\">\n<div class=\"do00u71z l9j0dhe7 k4urcfbm\">\n<div class=\"ecm0bbzt e5nlhep0 a8c37x1j\">\n<div class=\"kvgmc6g5 cxmmr5t8 oygrvhab hcukyx3x c1et5uql\">\n<div class=\"gmail-kvgmc6g5 gmail-cxmmr5t8 gmail-oygrvhab gmail-hcukyx3x gmail-c1et5uql gmail-ii04i59q\">\n<div class=\"page-title-head hgroup\">\n<div class=\"page-title-head hgroup\">\n<div class=\"b654a4as d2edcug0\">\n<div class=\"j83agx80 btwxx1t3 lhclo0ds hop8lmos nkwizq5d scwd0bx6 roh60bw9\">\n<div class=\"rq0escxv hkbzh7o3 jwdofwj8 n8tt0mok r8blr3vg hyh9befq\">\n<div class=\"do00u71z l9j0dhe7 k4urcfbm\">\n<div class=\"page-title-head hgroup\">\n<div class=\"page-title-head hgroup\">\n<div class=\"b654a4as d2edcug0\">\n<div class=\"j83agx80 btwxx1t3 lhclo0ds hop8lmos nkwizq5d scwd0bx6 roh60bw9\">\n<div class=\"rq0escxv hkbzh7o3 jwdofwj8 n8tt0mok r8blr3vg hyh9befq\">\n<div class=\"do00u71z l9j0dhe7 k4urcfbm\">\n<div class=\"page-title-head hgroup\">\n<div class=\"page-title-head hgroup\">\n<div class=\"b654a4as d2edcug0\">\n<div class=\"j83agx80 btwxx1t3 lhclo0ds hop8lmos nkwizq5d scwd0bx6 roh60bw9\">\n<div class=\"rq0escxv hkbzh7o3 jwdofwj8 n8tt0mok r8blr3vg hyh9befq\">\n<div class=\"do00u71z l9j0dhe7 k4urcfbm\">\n<div class=\"ecm0bbzt e5nlhep0 a8c37x1j\">\n<div class=\"kvgmc6g5 cxmmr5t8 oygrvhab hcukyx3x c1et5uql\">\n<div class=\"gmail-kvgmc6g5 gmail-cxmmr5t8 gmail-oygrvhab gmail-hcukyx3x gmail-c1et5uql gmail-ii04i59q\">\n<div class=\"page-title-head hgroup\">\n<div class=\"page-title-head hgroup\">\n<div class=\"b654a4as d2edcug0\">\n<div class=\"j83agx80 btwxx1t3 lhclo0ds hop8lmos nkwizq5d scwd0bx6 roh60bw9\">\n<div class=\"rq0escxv hkbzh7o3 jwdofwj8 n8tt0mok r8blr3vg hyh9befq\">\n<div class=\"do00u71z l9j0dhe7 k4urcfbm\">\n<div class=\"page-title-head hgroup\">\n<div class=\"page-title-head hgroup\">\n<div class=\"page-title-head hgroup\">\n<div class=\"page-title-head hgroup\">\n<div class=\"b654a4as d2edcug0\">\n<div class=\"page-title-head hgroup\">\n<div class=\"page-title-head hgroup\">\n<div class=\"page-title-head hgroup\">\n<div class=\"page-title-head hgroup\">\n<div class=\"b654a4as d2edcug0\">\n<div class=\"page-title-head hgroup\">\n<div class=\"page-title-head hgroup\">\n<div class=\"page-title-head hgroup\">\n<div class=\"page-title-head hgroup\">\n<div class=\"page-title-head hgroup\">\n<div class=\"page-title-head hgroup\">\n<div class=\"page-title-head hgroup\">\n<div class=\"page-title-head hgroup\">\n<div class=\"page-title-head hgroup\">\n<div class=\"b654a4as d2edcug0\">\n<div class=\"page-title-head hgroup\">\n<div class=\"page-title-head hgroup\">\n<div class=\"page-title-head hgroup\">\n<div class=\"page-title-head hgroup\">\n<div class=\"b654a4as d2edcug0\">\n<div class=\"page-title-head hgroup\">\n<div class=\"page-title-head hgroup\">\n<div class=\"page-title-head hgroup\">\n<div class=\"page-title-head hgroup\">\n<div class=\"page-title-head hgroup\">\n<div class=\"mkdf-post-text\">\n<div class=\"mkdf-post-text-inner\">\n<div class=\"mkdf-post-text-main\">\n<div class=\"mkdf-post-text\">\n<div class=\"mkdf-post-text-inner\">\n<div class=\"mkdf-post-text-main\">\n<div class=\"mkdf-post-text\">\n<div class=\"mkdf-post-text-inner\">\n<div class=\"mkdf-post-text-main\">\n<div class=\"page-title-head hgroup\">\n<div class=\"page-title-head hgroup\">\n<div class=\"mkdf-post-text\">\n<div class=\"mkdf-post-text-inner\">\n<div class=\"mkdf-post-text-main\">\n<div class=\"mkdf-post-text\">\n<div class=\"mkdf-post-text-inner\">\n<div class=\"mkdf-post-text-main\">\n<div class=\"page-title-head hgroup\">\n<div class=\"page-title-head hgroup\">\n<div class=\"page-title-head hgroup\">\n<div class=\"page-title-head hgroup\">\n<div class=\"b654a4as d2edcug0\">\n<div class=\"page-title-head hgroup\">\n<div class=\"page-title-head hgroup\">\n<div class=\"page-title-head hgroup\">\n<div class=\"page-title-head hgroup\">\n<div class=\"b654a4as d2edcug0\">\n<div class=\"page-title-head hgroup\">\n<div class=\"page-title-head hgroup\">\n<div class=\"page-title-head hgroup\">\n<div class=\"page-title-head hgroup\">\n<div class=\"b654a4as d2edcug0\">\n<div class=\"ecm0bbzt e5nlhep0 a8c37x1j\">\n<div class=\"kvgmc6g5 cxmmr5t8 oygrvhab hcukyx3x c1et5uql\">\n<div class=\"gmail-kvgmc6g5 gmail-cxmmr5t8 gmail-oygrvhab gmail-hcukyx3x gmail-c1et5uql gmail-ii04i59q\">\n<div class=\"page-title-head hgroup\">\n<div class=\"page-title-head hgroup\">\n<div class=\"b654a4as d2edcug0\">\n<div class=\"j83agx80 btwxx1t3 lhclo0ds hop8lmos nkwizq5d scwd0bx6 roh60bw9\">\n<div class=\"rq0escxv hkbzh7o3 jwdofwj8 n8tt0mok r8blr3vg hyh9befq\">\n<div class=\"do00u71z l9j0dhe7 k4urcfbm\">\n<div class=\"page-title-head hgroup\">\n<div class=\"page-title-head hgroup\">\n<div class=\"page-title-head hgroup\">\n<div class=\"page-title-head hgroup\">\n<div class=\"b654a4as d2edcug0\">\n<div class=\"page-title-head hgroup\">\n<div class=\"page-title-head hgroup\">\n<div class=\"page-title-head hgroup\">\n<div class=\"page-title-head hgroup\">\n<div class=\"b654a4as d2edcug0\">\n<div class=\"page-title-head hgroup\">\n<div class=\"page-title-head hgroup\">\n<div class=\"page-title-head hgroup\">\n<div class=\"page-title-head hgroup\">\n<div class=\"page-title-head hgroup\">\n<div class=\"page-title-head hgroup\">\n<div class=\"page-title-head hgroup\">\n<div class=\"page-title-head hgroup\">\n<div class=\"page-title-head hgroup\">\n<div class=\"b654a4as d2edcug0\">\n<div class=\"page-title-head hgroup\">\n<div class=\"page-title-head hgroup\">\n<div class=\"page-title-head hgroup\">\n<div class=\"page-title-head hgroup\">\n<div class=\"b654a4as d2edcug0\">\n<div class=\"page-title-head hgroup\">\n<div class=\"page-title-head hgroup\">\n<div class=\"page-title-head hgroup\">\n<div class=\"page-title-head hgroup\">\n<div class=\"page-title-head hgroup\">\n<div class=\"mkdf-post-text\">\n<div class=\"mkdf-post-text-inner\">\n<div class=\"mkdf-post-text-main\">\n<div class=\"mkdf-post-text\">\n<div class=\"mkdf-post-text-inner\">\n<div class=\"mkdf-post-text-main\">\n<div class=\"mkdf-post-text\">\n<div class=\"mkdf-post-text-inner\">\n<div class=\"mkdf-post-text-main\">\n<div class=\"page-title-head hgroup\">\n<div class=\"page-title-head hgroup\">\n<div class=\"mkdf-post-text\">\n<div class=\"mkdf-post-text-inner\">\n<div class=\"mkdf-post-text-main\">\n<div class=\"mkdf-post-text\">\n<div class=\"mkdf-post-text-inner\">\n<div class=\"mkdf-post-text-main\">\n<div class=\"page-title-head hgroup\">\n<div class=\"page-title-head hgroup\">\n<div class=\"page-title-head hgroup\">\n<div class=\"page-title-head hgroup\">\n<div class=\"b654a4as d2edcug0\">\n<div class=\"page-title-head hgroup\">\n<div class=\"page-title-head hgroup\">\n<div class=\"page-title-head hgroup\">\n<div class=\"page-title-head hgroup\">\n<div class=\"b654a4as d2edcug0\">\n<div class=\"page-title-head hgroup\">\n<div class=\"page-title-head hgroup\">\n<div class=\"page-title-head hgroup\">\n<div class=\"page-title-head hgroup\">\n<div class=\"b654a4as d2edcug0\">\n<hr \/>\n<p>&nbsp;<\/p>\n<div>\n<p><strong>DUE MINUTI UN LIBRO, TUTTI I GIORNI ALLA RADIO ALLE 9.40 E ALLE 17.50\u00a0\u00a0<\/strong><\/p>\n<div>\n<div>\n<p><strong>LA RACCOLTA COMPLETA\u00a0\u00a0<\/strong><\/p>\n<\/div>\n<\/div>\n<\/div>\n<div class=\"mkdf-post-text\">\n<div class=\"mkdf-post-text-inner\">\n<div class=\"mkdf-post-text-main\">\n<div class=\"mkdf-post-text\">\n<div class=\"mkdf-post-text-inner\">\n<div class=\"mkdf-post-text-main\">\n<div class=\"mkdf-post-text\">\n<div class=\"mkdf-post-text-inner\">\n<div class=\"mkdf-post-text-main\">\n<div class=\"page-title-head hgroup\">\n<div class=\"page-title-head hgroup\">\n<div class=\"mkdf-post-text\">\n<div class=\"mkdf-post-text-inner\">\n<div class=\"mkdf-post-text-main\">\n<div class=\"mkdf-post-text\">\n<div class=\"mkdf-post-text-inner\">\n<div class=\"mkdf-post-text-main\">\n<div class=\"page-title-head hgroup\">\n<div class=\"page-title-head hgroup\">\n<div class=\"page-title-head hgroup\">\n<div class=\"page-title-head hgroup\">\n<div class=\"b654a4as d2edcug0\">\n<div class=\"page-title-head hgroup\">\n<div class=\"page-title-head hgroup\">\n<div class=\"page-title-head hgroup\">\n<div class=\"page-title-head hgroup\">\n<div class=\"b654a4as d2edcug0\">\n<div class=\"page-title-head hgroup\">\n<div class=\"page-title-head hgroup\">\n<div class=\"page-title-head hgroup\">\n<div class=\"page-title-head hgroup\">\n<div class=\"b654a4as d2edcug0\">\n<div>\n<blockquote class=\"wp-embedded-content\" data-secret=\"sdmaUBab2c\"><p><a href=\"https:\/\/www.radiopiu.net\/wordpress\/due-minuti-un-libro\/\">Due minuti un libro<\/a><\/p><\/blockquote>\n<p><iframe loading=\"lazy\" class=\"wp-embedded-content\" sandbox=\"allow-scripts\" security=\"restricted\" style=\"position: absolute; clip: rect(1px, 1px, 1px, 1px);\" title=\"&#8220;Due minuti un libro&#8221; &#8212; Radio Pi\u00f9\" src=\"https:\/\/www.radiopiu.net\/wordpress\/due-minuti-un-libro\/embed\/#?secret=JLSNNgv9XJ#?secret=sdmaUBab2c\" data-secret=\"sdmaUBab2c\" width=\"600\" height=\"338\" frameborder=\"0\" marginwidth=\"0\" marginheight=\"0\" scrolling=\"no\"><\/iframe><\/p>\n<p>&nbsp;<\/p>\n<\/div>\n<div>\n<hr \/>\n<p>&nbsp;<\/p>\n<\/div>\n<h2><span style=\"color: #808000;\">L&#8217;ALMANACCO LADINO\u00a0<\/span><\/h2>\n<p><strong>LA RACCOLTA<\/strong><\/p>\n<blockquote class=\"wp-embedded-content\" data-secret=\"j0YPQgcpD0\"><p><a href=\"https:\/\/www.radiopiu.net\/wordpress\/almanacco-ladino\/\">Almanacco Ladino<\/a><\/p><\/blockquote>\n<p><iframe loading=\"lazy\" class=\"wp-embedded-content\" sandbox=\"allow-scripts\" security=\"restricted\" style=\"position: absolute; clip: rect(1px, 1px, 1px, 1px);\" title=\"&#8220;Almanacco Ladino&#8221; &#8212; Radio Pi\u00f9\" src=\"https:\/\/www.radiopiu.net\/wordpress\/almanacco-ladino\/embed\/#?secret=9QLD3YhNOz#?secret=j0YPQgcpD0\" data-secret=\"j0YPQgcpD0\" width=\"600\" height=\"338\" frameborder=\"0\" marginwidth=\"0\" marginheight=\"0\" scrolling=\"no\"><\/iframe><\/p>\n<p>&nbsp;<\/p>\n<hr \/>\n<p><span style=\"color: #33cccc;\">\u00a0<span style=\"color: #000000;\">\u00a0<\/span><\/span><\/p>\n<h2><span style=\"color: #800000;\">GIROVAGANDO IN E-BIKE 2022<\/span><\/h2>\n<p><strong><a class=\"dt-pswp-item\" href=\"https:\/\/www.radiopiu.net\/wordpress\/wp-content\/uploads\/2022\/06\/e10449db-2b05-4fe7-9319-d824ea91be1a.jpg\" data-dt-img-description=\"\" data-large_image_width=\"1400\" data-large_image_height=\"933\"><img loading=\"lazy\" decoding=\"async\" class=\"size-thumbnail wp-image-281537 alignleft\" src=\"https:\/\/www.radiopiu.net\/wordpress\/wp-content\/uploads\/2022\/06\/e10449db-2b05-4fe7-9319-d824ea91be1a-150x150.jpg\" alt=\"\" width=\"150\" height=\"150\" \/><\/a>REDAZIONE<\/strong> Tornano gli amici di Girovagando in E-Bike delle Dolomiti. Con la collaborazione di Thomas Soppelsa<\/p>\n<p><strong>PUNTATA DEL 15 GIUGNO 2022\u00a0<\/strong><\/p>\n<p>&nbsp;<\/p>\n<p>&nbsp;<\/p>\n<p>&nbsp;<\/p>\n<p><strong>AUDIO\u00a0 Thomas Soppera<\/strong><\/p>\n<audio class=\"wp-audio-shortcode\" id=\"audio-281640-15\" preload=\"none\" style=\"width: 100%;\" controls=\"controls\"><source type=\"audio\/mpeg\" src=\"https:\/\/www.radiopiu.net\/wordpress\/wp-content\/uploads\/2022\/06\/thomas-1.mp3?_=15\" \/><a href=\"https:\/\/www.radiopiu.net\/wordpress\/wp-content\/uploads\/2022\/06\/thomas-1.mp3\">https:\/\/www.radiopiu.net\/wordpress\/wp-content\/uploads\/2022\/06\/thomas-1.mp3<\/a><\/audio>\n<p>&nbsp;<\/p>\n<p><strong>LA RACCOLTA<\/strong><\/p>\n<blockquote class=\"wp-embedded-content\" data-secret=\"Sbq7AkQh6l\"><p><a href=\"https:\/\/www.radiopiu.net\/wordpress\/girovagando-in-e-bike-tra-le-dolomiti\/\">GIROVAGANDO IN E BIKE TRA LE DOLOMITI<\/a><\/p><\/blockquote>\n<p><iframe loading=\"lazy\" class=\"wp-embedded-content\" sandbox=\"allow-scripts\" security=\"restricted\" style=\"position: absolute; clip: rect(1px, 1px, 1px, 1px);\" title=\"&#8220;GIROVAGANDO IN E BIKE TRA LE DOLOMITI&#8221; &#8212; Radio Pi\u00f9\" src=\"https:\/\/www.radiopiu.net\/wordpress\/girovagando-in-e-bike-tra-le-dolomiti\/embed\/#?secret=omBLSOWLhH#?secret=Sbq7AkQh6l\" data-secret=\"Sbq7AkQh6l\" width=\"600\" height=\"338\" frameborder=\"0\" marginwidth=\"0\" marginheight=\"0\" scrolling=\"no\"><\/iframe><\/p>\n<p>&nbsp;<\/p>\n<hr \/>\n<p>&nbsp;<\/p>\n<h2><span style=\"color: #33cccc;\">LA RASSEGNA STAMPA DA L&#8217;AMICO DEL POPOLO<\/span><\/h2>\n<p><strong><a class=\"dt-pswp-item\" href=\"https:\/\/www.radiopiu.net\/wordpress\/wp-content\/uploads\/2020\/08\/PALLONE-CALCIO-CSI-1.jpg\" data-dt-img-description=\"\" data-large_image_width=\"957\" data-large_image_height=\"685\"><img loading=\"lazy\" decoding=\"async\" class=\"size-thumbnail wp-image-157935 alignleft\" src=\"https:\/\/www.radiopiu.net\/wordpress\/wp-content\/uploads\/2020\/08\/PALLONE-CALCIO-CSI-1-150x150.jpg\" alt=\"\" width=\"150\" height=\"150\" srcset=\"https:\/\/www.radiopiu.net\/wordpress\/wp-content\/uploads\/2020\/08\/PALLONE-CALCIO-CSI-1-150x150.jpg 150w, https:\/\/www.radiopiu.net\/wordpress\/wp-content\/uploads\/2020\/08\/PALLONE-CALCIO-CSI-1-125x125.jpg 125w, https:\/\/www.radiopiu.net\/wordpress\/wp-content\/uploads\/2020\/08\/PALLONE-CALCIO-CSI-1-200x200.jpg 200w, https:\/\/www.radiopiu.net\/wordpress\/wp-content\/uploads\/2020\/08\/PALLONE-CALCIO-CSI-1-80x80.jpg 80w\" sizes=\"auto, (max-width: 150px) 100vw, 150px\" \/><\/a>DI GIANNI SANTOMASO<\/strong><\/p>\n<p>OSPITE: Christian De Zaiacomo, allenatore del Voltago<\/p>\n<audio class=\"wp-audio-shortcode\" id=\"audio-281640-16\" preload=\"none\" style=\"width: 100%;\" controls=\"controls\"><source type=\"audio\/mpeg\" src=\"https:\/\/www.radiopiu.net\/wordpress\/wp-content\/uploads\/2022\/06\/RASSEGNA-GIANNI-1.mp3?_=16\" \/><a href=\"https:\/\/www.radiopiu.net\/wordpress\/wp-content\/uploads\/2022\/06\/RASSEGNA-GIANNI-1.mp3\">https:\/\/www.radiopiu.net\/wordpress\/wp-content\/uploads\/2022\/06\/RASSEGNA-GIANNI-1.mp3<\/a><\/audio>\n<p>&nbsp;<\/p>\n<p><strong>LA RACCOLTA COMPLETA<\/strong><\/p>\n<blockquote class=\"wp-embedded-content\" data-secret=\"xOTwRdPJux\"><p><a href=\"https:\/\/www.radiopiu.net\/wordpress\/rassegna-stampa-di-gianni-santomaso\/\">Rassegna stampa da l&#8217;amico del popolo &#8211; di Gianni Santomaso<\/a><\/p><\/blockquote>\n<p><iframe loading=\"lazy\" class=\"wp-embedded-content\" sandbox=\"allow-scripts\" security=\"restricted\" style=\"position: absolute; clip: rect(1px, 1px, 1px, 1px);\" title=\"&#8220;Rassegna stampa da l&#8217;amico del popolo &#8211; di Gianni Santomaso&#8221; &#8212; Radio Pi\u00f9\" src=\"https:\/\/www.radiopiu.net\/wordpress\/rassegna-stampa-di-gianni-santomaso\/embed\/#?secret=XYY6LCW5wz#?secret=xOTwRdPJux\" data-secret=\"xOTwRdPJux\" width=\"600\" height=\"338\" frameborder=\"0\" marginwidth=\"0\" marginheight=\"0\" scrolling=\"no\"><\/iframe><\/p>\n<p>&nbsp;<\/p>\n<hr \/>\n<p>&nbsp;<\/p>\n<div>\n<div class=\"page-title-head hgroup\">\n<div class=\"page-title-head hgroup\">\n<div class=\"b654a4as d2edcug0\">\n<div class=\"j83agx80 btwxx1t3 lhclo0ds hop8lmos nkwizq5d scwd0bx6 roh60bw9\">\n<div class=\"rq0escxv hkbzh7o3 jwdofwj8 n8tt0mok r8blr3vg hyh9befq\">\n<div class=\"do00u71z l9j0dhe7 k4urcfbm\">\n<div class=\"ecm0bbzt e5nlhep0 a8c37x1j\">\n<div class=\"kvgmc6g5 cxmmr5t8 oygrvhab hcukyx3x c1et5uql\">\n<div class=\"gmail-kvgmc6g5 gmail-cxmmr5t8 gmail-oygrvhab gmail-hcukyx3x gmail-c1et5uql gmail-ii04i59q\">\n<div class=\"page-title-head hgroup\">\n<div class=\"page-title-head hgroup\">\n<div class=\"b654a4as d2edcug0\">\n<div class=\"j83agx80 btwxx1t3 lhclo0ds hop8lmos nkwizq5d scwd0bx6 roh60bw9\">\n<div class=\"rq0escxv hkbzh7o3 jwdofwj8 n8tt0mok r8blr3vg hyh9befq\">\n<div class=\"do00u71z l9j0dhe7 k4urcfbm\">\n<div class=\"page-title-head hgroup\">\n<div class=\"page-title-head hgroup\">\n<div class=\"page-title-head hgroup\">\n<div class=\"page-title-head hgroup\">\n<div class=\"b654a4as d2edcug0\">\n<div class=\"page-title-head hgroup\">\n<div class=\"page-title-head hgroup\">\n<div class=\"page-title-head hgroup\">\n<div class=\"page-title-head hgroup\">\n<div class=\"b654a4as d2edcug0\">\n<div class=\"page-title-head hgroup\">\n<div class=\"page-title-head hgroup\">\n<div class=\"page-title-head hgroup\">\n<div class=\"page-title-head hgroup\">\n<div class=\"page-title-head hgroup\">\n<div class=\"page-title-head hgroup\">\n<div class=\"page-title-head hgroup\">\n<div class=\"page-title-head hgroup\">\n<div class=\"page-title-head hgroup\">\n<div class=\"b654a4as d2edcug0\">\n<div class=\"page-title-head hgroup\">\n<div class=\"page-title-head hgroup\">\n<div class=\"page-title-head hgroup\">\n<div class=\"page-title-head hgroup\">\n<div class=\"b654a4as d2edcug0\">\n<div class=\"page-title-head hgroup\">\n<div class=\"page-title-head hgroup\">\n<div class=\"page-title-head hgroup\">\n<div class=\"page-title-head hgroup\">\n<div class=\"page-title-head hgroup\">\n<div class=\"mkdf-post-text\">\n<div class=\"mkdf-post-text-inner\">\n<div class=\"mkdf-post-text-main\">\n<div class=\"mkdf-post-text\">\n<div class=\"mkdf-post-text-inner\">\n<div class=\"mkdf-post-text-main\">\n<div class=\"mkdf-post-text\">\n<div class=\"mkdf-post-text-inner\">\n<div class=\"mkdf-post-text-main\">\n<div class=\"page-title-head hgroup\">\n<div class=\"page-title-head hgroup\">\n<div class=\"mkdf-post-text\">\n<div class=\"mkdf-post-text-inner\">\n<div class=\"mkdf-post-text-main\">\n<div class=\"mkdf-post-text\">\n<div class=\"mkdf-post-text-inner\">\n<div class=\"mkdf-post-text-main\">\n<div class=\"page-title-head hgroup\">\n<div class=\"page-title-head hgroup\">\n<div class=\"page-title-head hgroup\">\n<div class=\"page-title-head hgroup\">\n<div class=\"b654a4as d2edcug0\">\n<div class=\"page-title-head hgroup\">\n<div class=\"page-title-head hgroup\">\n<div class=\"page-title-head hgroup\">\n<div class=\"page-title-head hgroup\">\n<div class=\"b654a4as d2edcug0\">\n<div class=\"page-title-head hgroup\">\n<div class=\"page-title-head hgroup\">\n<div class=\"page-title-head hgroup\">\n<div class=\"page-title-head hgroup\">\n<div class=\"b654a4as d2edcug0\">\n<h2><span style=\"color: #800080;\">I RACCONTI DI PAOLO SOPPELSA\u00a0<\/span><\/h2>\n<p><strong>LA RACCOLTA COMPLETA<\/strong><\/p>\n<blockquote class=\"wp-embedded-content\" data-secret=\"emjbdvpstC\"><p><a href=\"https:\/\/www.radiopiu.net\/wordpress\/i-racconti-di-paolo-soppelsa\/\">I racconti di Paolo Soppelsa<\/a><\/p><\/blockquote>\n<p><iframe loading=\"lazy\" class=\"wp-embedded-content\" sandbox=\"allow-scripts\" security=\"restricted\" style=\"position: absolute; clip: rect(1px, 1px, 1px, 1px);\" title=\"&#8220;I racconti di Paolo Soppelsa&#8221; &#8212; Radio Pi\u00f9\" src=\"https:\/\/www.radiopiu.net\/wordpress\/i-racconti-di-paolo-soppelsa\/embed\/#?secret=JVYNiM7kDB#?secret=emjbdvpstC\" data-secret=\"emjbdvpstC\" width=\"600\" height=\"338\" frameborder=\"0\" marginwidth=\"0\" marginheight=\"0\" scrolling=\"no\"><\/iframe><\/p>\n<p>&nbsp;<\/p>\n<hr \/>\n<p>&nbsp;<\/p>\n<\/div>\n<\/div>\n<\/div>\n<\/div>\n<\/div>\n<\/div>\n<\/div>\n<\/div>\n<\/div>\n<\/div>\n<\/div>\n<\/div>\n<\/div>\n<\/div>\n<\/div>\n<\/div>\n<\/div>\n<\/div>\n<\/div>\n<\/div>\n<\/div>\n<\/div>\n<\/div>\n<\/div>\n<\/div>\n<\/div>\n<\/div>\n<\/div>\n<\/div>\n<\/div>\n<\/div>\n<\/div>\n<\/div>\n<\/div>\n<\/div>\n<\/div>\n<\/div>\n<\/div>\n<\/div>\n<\/div>\n<\/div>\n<\/div>\n<\/div>\n<\/div>\n<\/div>\n<\/div>\n<\/div>\n<\/div>\n<\/div>\n<\/div>\n<\/div>\n<\/div>\n<\/div>\n<\/div>\n<\/div>\n<\/div>\n<\/div>\n<\/div>\n<\/div>\n<\/div>\n<\/div>\n<\/div>\n<\/div>\n<\/div>\n<\/div>\n<\/div>\n<\/div>\n<\/div>\n<\/div>\n<\/div>\n<\/div>\n<\/div>\n<\/div>\n<\/div>\n<\/div>\n<\/div>\n<\/div>\n<\/div>\n<\/div>\n<\/div>\n<\/div>\n<\/div>\n<\/div>\n<\/div>\n<\/div>\n<\/div>\n<\/div>\n<\/div>\n<\/div>\n<\/div>\n<\/div>\n<\/div>\n<\/div>\n<\/div>\n<\/div>\n<\/div>\n<\/div>\n<\/div>\n<\/div>\n<\/div>\n<\/div>\n<\/div>\n<\/div>\n<\/div>\n<\/div>\n<\/div>\n<\/div>\n<\/div>\n<\/div>\n<\/div>\n<\/div>\n<div class=\"b654a4as d2edcug0\">\n<div class=\"ecm0bbzt e5nlhep0 a8c37x1j\">\n<div class=\"kvgmc6g5 cxmmr5t8 oygrvhab hcukyx3x c1et5uql\">\n<div class=\"gmail-kvgmc6g5 gmail-cxmmr5t8 gmail-oygrvhab gmail-hcukyx3x gmail-c1et5uql gmail-ii04i59q\">\n<div>\n<div class=\"page-title-head hgroup\">\n<div class=\"page-title-head hgroup\">\n<div class=\"b654a4as d2edcug0\">\n<div class=\"j83agx80 btwxx1t3 lhclo0ds hop8lmos nkwizq5d scwd0bx6 roh60bw9\">\n<div class=\"rq0escxv hkbzh7o3 jwdofwj8 n8tt0mok r8blr3vg hyh9befq\">\n<div class=\"do00u71z l9j0dhe7 k4urcfbm\">\n<div>\n<div class=\"page-title-head hgroup\">\n<div class=\"page-title-head hgroup\">\n<div class=\"page-title-head hgroup\">\n<div class=\"page-title-head hgroup\">\n<div class=\"b654a4as d2edcug0\">\n<div class=\"page-title-head hgroup\">\n<div class=\"page-title-head hgroup\">\n<div class=\"page-title-head hgroup\">\n<div class=\"page-title-head hgroup\">\n<div class=\"b654a4as d2edcug0\">\n<div class=\"page-title-head hgroup\">\n<div class=\"page-title-head hgroup\">\n<div class=\"page-title-head hgroup\">\n<div class=\"page-title-head hgroup\">\n<div class=\"page-title-head hgroup\">\n<div class=\"mkdf-post-text\">\n<div class=\"mkdf-post-text-inner\">\n<div class=\"mkdf-post-text-main\">\n<div class=\"mkdf-post-text\">\n<div class=\"mkdf-post-text-inner\">\n<div class=\"mkdf-post-text-main\">\n<div class=\"mkdf-post-text\">\n<div class=\"mkdf-post-text-inner\">\n<div class=\"mkdf-post-text-main\">\n<div class=\"page-title-head hgroup\">\n<div class=\"page-title-head hgroup\">\n<div class=\"mkdf-post-text\">\n<div class=\"mkdf-post-text-inner\">\n<div class=\"mkdf-post-text-main\">\n<div class=\"mkdf-post-text\">\n<div class=\"mkdf-post-text-inner\">\n<div class=\"mkdf-post-text-main\">\n<div>\n<div class=\"page-title-head hgroup\">\n<div class=\"page-title-head hgroup\">\n<div>\n<div class=\"page-title-head hgroup\">\n<div class=\"page-title-head hgroup\">\n<div class=\"b654a4as d2edcug0\">\n<div>\n<div class=\"page-title-head hgroup\" style=\"text-align: left;\">\n<div class=\"page-title-head hgroup\">\n<div dir=\"auto\">\n<p><a class=\"dt-pswp-item pspw-wrap-ready\" href=\"https:\/\/i0.wp.com\/www.radiopiu.net\/wordpress\/wp-content\/uploads\/2018\/09\/WhatsApp-Image-2018-09-20-at-16.04.06.jpeg?ssl=1\" data-dt-img-description=\"\" data-large_image_width=\"800\" data-large_image_height=\"100\"><img loading=\"lazy\" decoding=\"async\" class=\"aligncenter wp-image-61378 size-full jetpack-lazy-image jetpack-lazy-image--handled\" src=\"https:\/\/i0.wp.com\/www.radiopiu.net\/wordpress\/wp-content\/uploads\/2018\/09\/WhatsApp-Image-2018-09-20-at-16.04.06.jpeg?resize=800%2C100&amp;ssl=1\" sizes=\"auto, (max-width: 800px) 100vw, 800px\" srcset=\"https:\/\/i0.wp.com\/www.radiopiu.net\/wordpress\/wp-content\/uploads\/2018\/09\/WhatsApp-Image-2018-09-20-at-16.04.06.jpeg?w=800&amp;ssl=1 800w, https:\/\/i0.wp.com\/www.radiopiu.net\/wordpress\/wp-content\/uploads\/2018\/09\/WhatsApp-Image-2018-09-20-at-16.04.06.jpeg?resize=300%2C38&amp;ssl=1 300w, https:\/\/i0.wp.com\/www.radiopiu.net\/wordpress\/wp-content\/uploads\/2018\/09\/WhatsApp-Image-2018-09-20-at-16.04.06.jpeg?resize=768%2C96&amp;ssl=1 768w\" alt=\"\" width=\"800\" height=\"100\" data-lazy-loaded=\"1\" \/><\/a><\/p>\n<\/div>\n<\/div>\n<\/div>\n<\/div>\n<\/div>\n<\/div>\n<\/div>\n<\/div>\n<\/div>\n<\/div>\n<\/div>\n<\/div>\n<\/div>\n<\/div>\n<\/div>\n<\/div>\n<\/div>\n<\/div>\n<\/div>\n<\/div>\n<\/div>\n<\/div>\n<\/div>\n<\/div>\n<\/div>\n<\/div>\n<\/div>\n<\/div>\n<\/div>\n<\/div>\n<\/div>\n<\/div>\n<\/div>\n<\/div>\n<\/div>\n<\/div>\n<\/div>\n<\/div>\n<\/div>\n<\/div>\n<\/div>\n<\/div>\n<\/div>\n<\/div>\n<\/div>\n<\/div>\n<\/div>\n<\/div>\n<\/div>\n<\/div>\n<\/div>\n<\/div>\n<\/div>\n<\/div>\n<\/div>\n<\/div>\n<\/div>\n<\/div>\n<\/div>\n<\/div>\n<\/div>\n<\/div>\n<\/div>\n<\/div>\n<\/div>\n<\/div>\n<\/div>\n<\/div>\n<\/div>\n<\/div>\n<\/div>\n<\/div>\n<\/div>\n<\/div>\n<\/div>\n<\/div>\n<\/div>\n<\/div>\n<\/div>\n<\/div>\n<\/div>\n<\/div>\n<\/div>\n<\/div>\n<\/div>\n<\/div>\n<\/div>\n<\/div>\n<\/div>\n<\/div>\n<\/div>\n<\/div>\n<\/div>\n<\/div>\n<\/div>\n<\/div>\n<\/div>\n<\/div>\n<\/div>\n<\/div>\n<\/div>\n<\/div>\n<\/div>\n<\/div>\n<\/div>\n<\/div>\n<\/div>\n<\/div>\n<\/div>\n<\/div>\n<\/div>\n<\/div>\n<\/div>\n<\/div>\n<\/div>\n<\/div>\n<\/div>\n<\/div>\n<\/div>\n<\/div>\n<\/div>\n<\/div>\n<\/div>\n<\/div>\n<\/div>\n<\/div>\n<\/div>\n<\/div>\n<\/div>\n<\/div>\n<\/div>\n<\/div>\n<\/div>\n<\/div>\n<\/div>\n<\/div>\n<\/div>\n<\/div>\n<\/div>\n<\/div>\n<\/div>\n<\/div>\n<\/div>\n<\/div>\n<\/div>\n<\/div>\n<\/div>\n<\/div>\n<\/div>\n<\/div>\n<\/div>\n<\/div>\n<\/div>\n<\/div>\n<\/div>\n<\/div>\n<\/div>\n<\/div>\n<\/div>\n<\/div>\n<\/div>\n<\/div>\n<\/div>\n<\/div>\n<\/div>\n<\/div>\n<\/div>\n<\/div>\n<\/div>\n<\/div>\n<\/div>\n<\/div>\n<\/div>\n<\/div>\n<\/div>\n<\/div>\n<\/div>\n<\/div>\n<\/div>\n<\/div>\n<\/div>\n<\/div>\n<\/div>\n<\/div>\n<\/div>\n<\/div>\n<\/div>\n<\/div>\n<\/div>\n<\/div>\n<\/div>\n<\/div>\n<\/div>\n<\/div>\n<\/div>\n<\/div>\n<\/div>\n<\/div>\n<\/div>\n<\/div>\n<\/div>\n<\/div>\n<\/div>\n<\/div>\n<\/div>\n<\/div>\n<\/div>\n<\/div>\n<\/div>\n<\/div>\n<\/div>\n<\/div>\n<\/div>\n<\/div>\n<\/div>\n<\/div>\n<\/div>\n<\/div>\n<\/div>\n<\/div>\n<\/div>\n<\/div>\n<\/div>\n<\/div>\n<\/div>\n<\/div>\n<\/div>\n<\/div>\n<\/div>\n<\/div>\n<p>&nbsp;<\/p>\n<p><center><b>Giovedi 16<\/b><\/center><b>Tempo atteso: <\/b>Al mattino soleggiato con transito di velature e qualche nube bassa in dissolvimento, dalle ore centrali della giornata formazione moderata ed irregolare di nuvolosit\u00e0 cumuliforme con qualche fenomeno temporalesco.<br \/>\n<b>Precipitazioni: <\/b>Dalle ore centrali probabili isolati rovesci o temporali su Dolomiti (40-60%) in successivo trasferimento a Prealpi, un p\u00f2 meno probabili su Prealpi occidentali (20-40 %)<br \/>\n<b>Temperature: <\/b>Contesto termico sempre caldo, anche afoso nei fondovalle prealpini, con temperature diurne superiori alle medie a tutte le quote e in ulteriore lieve aumento. Su Prealpi &#8211; a 1500 m: min 14 max 18, a 2000 m: min 12 max 13 Dolomiti &#8211; a 2000 m: min 12 max 15, a 3000 m: min 5 max 6<br \/>\n<b>Venti: <\/b>Nelle valli a regime di brezza, in quota deboli\/moderati da nordovest in rinforzo verso sera a 10-20 km\/h a 2000 m, a 15-40 km\/h a 3000 m<\/p>\n<hr \/>\n<p><center><b>Venerdi 17<\/b><\/center><b>Tempo atteso: <\/b>Tempo stabile e caldo seppur con estese velature in grado a tratti di mascherare il sole specie nella seconda parte della giornata.<br \/>\n<b>Precipitazioni: <\/b>Assenti (0%)<br \/>\n<b>Temperature: <\/b>Stazionarie su valori al di sopra della media a tutte le quote. Su Prealpi a 1500 m: min 16 max 20, a 2000 m: min 12 max 15 Dolomiti a 2000 m: min 10 max 16, a 3000 m: min 4 max 6<br \/>\n<b>Venti: <\/b>Nelle valli a regime di brezza in quota moderati settentrionali anche tesi sulle cime dolomitiche pi\u00f9 elevate, a 10-20 km\/h a 2000 m, a 20-45 km\/h a 3000 m<\/p>\n<hr \/>\n<p><center><b>Sabato 18<\/b><\/center>Tempo stabile e soleggiato con residue velature fino al mattino. Molto caldo per avvezione di aria ulteriormente pi\u00f9 calda e temperature molto superiori alla media a tutte le quote. Venti in quota inizialmente tesi settentrionali in attenuazione fino a deboli nel pomeriggio.<\/p>\n<hr \/>\n<p><center><b>Domenica 19<\/b><\/center>Tempo stabile soleggiato e molto caldo. Temperature in ulteriore aumento con valori anormalmente elevati a tutte le quote. Lo zero termico salir\u00e0 fin attorno a 4700 metri. Venti in quota deboli\/moderati da sudovest. Previsore: DDL<\/p>\n<div style=\"text-align: left;\">\n<p>&nbsp;<\/p>\n<\/div>\n<hr \/>\n<p>&nbsp;<\/p>\n<p>&nbsp;<\/p>\n<p><a href=\"https:\/\/www.radiopiu.net\/wordpress\/giornale-radiopiu-26-settembre-2018-direttore-mirko-mezzacasa\/viabilita-2\/\" rel=\"attachment wp-att-61954\"><img loading=\"lazy\" decoding=\"async\" class=\"aligncenter wp-image-61954 size-full\" src=\"https:\/\/www.radiopiu.net\/wordpress\/wp-content\/uploads\/2018\/09\/viabilita.jpeg\" sizes=\"auto, (max-width: 800px) 100vw, 800px\" srcset=\"https:\/\/www.radiopiu.net\/wordpress\/wp-content\/uploads\/2018\/09\/viabilita.jpeg 800w, https:\/\/www.radiopiu.net\/wordpress\/wp-content\/uploads\/2018\/09\/viabilita-300x38.jpeg 300w, https:\/\/www.radiopiu.net\/wordpress\/wp-content\/uploads\/2018\/09\/viabilita-768x96.jpeg 768w\" alt=\"\" width=\"800\" height=\"100\" \/><\/a><\/p>\n<p>&nbsp;<\/p>\n<blockquote class=\"wp-embedded-content\" data-secret=\"ts1jLDaPzy\"><p><a href=\"https:\/\/www.radiopiu.net\/wordpress\/viabilita\/\">viabilita<\/a><\/p><\/blockquote>\n<p><iframe loading=\"lazy\" class=\"wp-embedded-content\" sandbox=\"allow-scripts\" security=\"restricted\" style=\"position: absolute; clip: rect(1px, 1px, 1px, 1px);\" title=\"&#8220;viabilita&#8221; &#8212; Radio Pi\u00f9\" src=\"https:\/\/www.radiopiu.net\/wordpress\/viabilita\/embed\/#?secret=4JlCvHM1hX#?secret=ts1jLDaPzy\" data-secret=\"ts1jLDaPzy\" width=\"600\" height=\"338\" frameborder=\"0\" marginwidth=\"0\" marginheight=\"0\" scrolling=\"no\"><\/iframe><\/p>\n<p>&nbsp;<\/p>\n<hr \/>\n<p>&nbsp;<\/p>\n<p>&nbsp;<\/p>\n<p><img loading=\"lazy\" decoding=\"async\" class=\"wp-image-60761 size-full aligncenter\" src=\"https:\/\/www.radiopiu.net\/wordpress\/wp-content\/uploads\/2018\/09\/sport.jpg\" alt=\"\" width=\"800\" height=\"100\" srcset=\"https:\/\/www.radiopiu.net\/wordpress\/wp-content\/uploads\/2018\/09\/sport.jpg 800w, https:\/\/www.radiopiu.net\/wordpress\/wp-content\/uploads\/2018\/09\/sport-300x38.jpg 300w, https:\/\/www.radiopiu.net\/wordpress\/wp-content\/uploads\/2018\/09\/sport-768x96.jpg 768w\" sizes=\"auto, (max-width: 800px) 100vw, 800px\" \/><\/p>\n<p>&nbsp;<\/p>\n<p><span style=\"color: #0000ff;\"><strong>CALCIO\u00a0<\/strong><\/span><\/p>\n<blockquote>\n<h3>L&#8217;ALLEGHE ESORDIRA&#8217; SABATO NEL CAMPIONATO AGORDINO<\/h3>\n<\/blockquote>\n<p><strong><a class=\"dt-pswp-item\" href=\"https:\/\/www.radiopiu.net\/wordpress\/wp-content\/uploads\/2022\/04\/ALLEGHE.png\" data-dt-img-description=\"\" data-large_image_width=\"807\" data-large_image_height=\"883\"><img loading=\"lazy\" decoding=\"async\" class=\"alignleft wp-image-272976 \" src=\"https:\/\/www.radiopiu.net\/wordpress\/wp-content\/uploads\/2022\/04\/ALLEGHE-274x300.png\" alt=\"\" width=\"122\" height=\"134\" srcset=\"https:\/\/www.radiopiu.net\/wordpress\/wp-content\/uploads\/2022\/04\/ALLEGHE-274x300.png 274w, https:\/\/www.radiopiu.net\/wordpress\/wp-content\/uploads\/2022\/04\/ALLEGHE-768x840.png 768w, https:\/\/www.radiopiu.net\/wordpress\/wp-content\/uploads\/2022\/04\/ALLEGHE.png 807w\" sizes=\"auto, (max-width: 122px) 100vw, 122px\" \/><\/a>REDAZIONE<\/strong> L&#8217;Alleghe \u00e8 pronto per affrontare la prima partita del Campionato Agordino di calcio. L&#8217;esordio degli alleghesi \u00e8 in programma per sabato sera alle 20:30 alla Bombonera di Cencenighe dove di fronte si troveranno i padroni di casa. L&#8217;Alleghe \u00e8 sempre stata la squadra &#8220;materasso&#8221; del Memorial Denis Tonin ma quest&#8217;anno le cose cambieranno e la formazione allenata da Sergio Da Tos vuole mettere il bastone tra le ruote ai diretti avversari. La conquista della fase finale del torneo sarebbe un risultato importante per il presidente Eric Manfroi che annuncia nuovi rinforzi sotto al Civetta.<\/p>\n<p><strong>ERIC MANFROI PRESIDENTE DELL&#8217;ALLEGHE<\/strong><\/p>\n<audio class=\"wp-audio-shortcode\" id=\"audio-281640-17\" preload=\"none\" style=\"width: 100%;\" controls=\"controls\"><source type=\"audio\/mpeg\" src=\"https:\/\/www.radiopiu.net\/wordpress\/wp-content\/uploads\/2022\/06\/ALLEGHE-ERIC-MANFROI.mp3?_=17\" \/><a href=\"https:\/\/www.radiopiu.net\/wordpress\/wp-content\/uploads\/2022\/06\/ALLEGHE-ERIC-MANFROI.mp3\">https:\/\/www.radiopiu.net\/wordpress\/wp-content\/uploads\/2022\/06\/ALLEGHE-ERIC-MANFROI.mp3<\/a><\/audio>\n<p>&nbsp;<\/p>\n<hr \/>\n<p>&nbsp;<\/p>\n<p><span style=\"color: #0000ff;\"><strong>NUOTO\u00a0\u00a0<\/strong><\/span><\/p>\n<blockquote>\n<h2>AL SAGGIO DI FINE ANNO, LE SINCRONETTE REGALANO EMOZIONI<\/h2>\n<\/blockquote>\n<p><span id=\"page2R_mcid5\" class=\"markedContent\"><span dir=\"ltr\" role=\"presentation\"><strong>BELLUNO<\/strong> Tracima di emozioni la vasca di nuoto della piscina comunale di Belluno. E il merito \u00e8 delle Water <\/span><span dir=\"ltr\" role=\"presentation\">Butterflies, che deliziano la platea e, dopo il lungo stop a causa della pandemia, possono proporre <\/span><span dir=\"ltr\" role=\"presentation\">il saggio di fine anno. <\/span><\/span><em><span id=\"page2R_mcid6\" class=\"markedContent\"><span dir=\"ltr\" role=\"presentation\">\u00abFinalmente siamo qui, di <\/span><span dir=\"ltr\" role=\"presentation\">nuovo, con le famiglie delle sincronette &#8211; afferma la coach Manuela Checconi &#8211; \u00e8\u00a0 stato un<\/span><br role=\"presentation\" \/><span dir=\"ltr\" role=\"presentation\">momento magico, ricco di emozioni, commozione&#8221;<\/span><span dir=\"ltr\" role=\"presentation\">. <\/span><\/span><\/em><span id=\"page2R_mcid7\" class=\"markedContent\"><span dir=\"ltr\" role=\"presentation\">Si sono esibite tutte, dalle pi\u00f9 piccole dell\u2019avviamento alle pi\u00f9 grandi della categoria Juniores. <\/span><\/span><span class=\"markedContent\"><span dir=\"ltr\" role=\"presentation\">Incontenibile la gioia delle allenatrici: oltre a Manuela Checconi, Silvia Sovilla e la giovane <\/span><span dir=\"ltr\" role=\"presentation\">Federica Feltrin. Le quali hanno avuto il merito di concludere in bellezza questa difficile stagione<\/span><br role=\"presentation\" \/><span dir=\"ltr\" role=\"presentation\">sportiva.<\/span><\/span><\/p>\n\n\t\t\t<style type='text\/css'>\n\t\t\t\t#gallery-7 {\n\t\t\t\t\tmargin: auto;\n\t\t\t\t}\n\t\t\t\t#gallery-7 .gallery-item {\n\t\t\t\t\tfloat: left;\n\t\t\t\t\tmargin-top: 10px;\n\t\t\t\t\ttext-align: center;\n\t\t\t\t\twidth: 50%;\n\t\t\t\t}\n\t\t\t\t#gallery-7 img {\n\t\t\t\t\tborder: 2px solid #cfcfcf;\n\t\t\t\t}\n\t\t\t\t#gallery-7 .gallery-caption {\n\t\t\t\t\tmargin-left: 0;\n\t\t\t\t}\n\t\t\t\t\/* see gallery_shortcode() in wp-includes\/media.php *\/\n\t\t\t<\/style>\n\t\t<div id='gallery-7' class='dt-gallery-container gallery galleryid-281640 gallery-columns-2 gallery-size-medium'><dl class='gallery-item'>\n\t\t\t\t<dt class='gallery-icon landscape'>\n\t\t\t\t\t<a class=\"rollover rollover-zoom dt-pswp-item\" title=\"Saggio_1\" data-dt-img-description=\"\" data-large_image_width=\"2485\" data-large_image_height=\"1256\"href='https:\/\/www.radiopiu.net\/wordpress\/wp-content\/uploads\/2022\/06\/Saggio_1-1.jpg'><img loading=\"lazy\" decoding=\"async\" width=\"300\" height=\"152\" src=\"https:\/\/www.radiopiu.net\/wordpress\/wp-content\/uploads\/2022\/06\/Saggio_1-1-300x152.jpg\" class=\"attachment-medium size-medium\" alt=\"\" srcset=\"https:\/\/www.radiopiu.net\/wordpress\/wp-content\/uploads\/2022\/06\/Saggio_1-1-300x152.jpg 300w, https:\/\/www.radiopiu.net\/wordpress\/wp-content\/uploads\/2022\/06\/Saggio_1-1-1024x518.jpg 1024w, https:\/\/www.radiopiu.net\/wordpress\/wp-content\/uploads\/2022\/06\/Saggio_1-1-768x388.jpg 768w, https:\/\/www.radiopiu.net\/wordpress\/wp-content\/uploads\/2022\/06\/Saggio_1-1-1536x776.jpg 1536w, https:\/\/www.radiopiu.net\/wordpress\/wp-content\/uploads\/2022\/06\/Saggio_1-1-2048x1035.jpg 2048w\" sizes=\"auto, (max-width: 300px) 100vw, 300px\" \/><\/a>\n\t\t\t\t<\/dt><\/dl><dl class='gallery-item'>\n\t\t\t\t<dt class='gallery-icon landscape'>\n\t\t\t\t\t<a class=\"rollover rollover-zoom dt-pswp-item\" title=\"Saggio_2\" data-dt-img-description=\"\" data-large_image_width=\"1831\" data-large_image_height=\"1088\"href='https:\/\/www.radiopiu.net\/wordpress\/wp-content\/uploads\/2022\/06\/Saggio_2-1.jpg'><img loading=\"lazy\" decoding=\"async\" width=\"300\" height=\"178\" src=\"https:\/\/www.radiopiu.net\/wordpress\/wp-content\/uploads\/2022\/06\/Saggio_2-1-300x178.jpg\" class=\"attachment-medium size-medium\" alt=\"\" srcset=\"https:\/\/www.radiopiu.net\/wordpress\/wp-content\/uploads\/2022\/06\/Saggio_2-1-300x178.jpg 300w, https:\/\/www.radiopiu.net\/wordpress\/wp-content\/uploads\/2022\/06\/Saggio_2-1-1024x608.jpg 1024w, https:\/\/www.radiopiu.net\/wordpress\/wp-content\/uploads\/2022\/06\/Saggio_2-1-768x456.jpg 768w, https:\/\/www.radiopiu.net\/wordpress\/wp-content\/uploads\/2022\/06\/Saggio_2-1-1536x913.jpg 1536w, https:\/\/www.radiopiu.net\/wordpress\/wp-content\/uploads\/2022\/06\/Saggio_2-1.jpg 1831w\" sizes=\"auto, (max-width: 300px) 100vw, 300px\" \/><\/a>\n\t\t\t\t<\/dt><\/dl><br style=\"clear: both\" \/>\n\t\t\t<\/div>\n\n<p>&nbsp;<\/p>\n<p>&nbsp;<\/p>\n<hr \/>\n<p>&nbsp;<\/p>\n<p>&nbsp;<\/p>\n<p><span style=\"color: #0000ff;\"><strong>\u00a0PALLAVOLO\u00a0<\/strong><\/span><\/p>\n<blockquote>\n<h3>MACCABRUNI ANCORA IN REGIA &#8220;MI SENTO APPREZZATO&#8221;<\/h3>\n<\/blockquote>\n<p><strong><a class=\"dt-pswp-item\" href=\"https:\/\/www.radiopiu.net\/wordpress\/wp-content\/uploads\/2022\/06\/Maccabruni_confermato_in_regia.jpg\" data-dt-img-description=\"\" data-large_image_width=\"1680\" data-large_image_height=\"1120\"><img loading=\"lazy\" decoding=\"async\" class=\"size-thumbnail wp-image-281698 alignleft\" src=\"https:\/\/www.radiopiu.net\/wordpress\/wp-content\/uploads\/2022\/06\/Maccabruni_confermato_in_regia-150x150.jpg\" alt=\"\" width=\"150\" height=\"150\" \/><\/a>\u00a0BELLUNO <\/strong>Dopo la salvezza ottenuta nel campionato di Serie A3, i rinoceronti ufficializzano un altro tassello della loro rosa: \u00e8 Filippo Maccabruni. La cabina di regia, infatti, \u00e8 ancora di propriet\u00e0 del palleggiatore nato a Segrate.<span class=\"gmail-Apple-converted-space\">\u00a0 <em>&#8220;<\/em><\/span><em>Vogliamo &#8211; dice Maccabruni &#8211; ottenere il massimo. Non so dire se questo \u201cmassimo\u201d coincider\u00e0 con la promozione, la finale o la semifinale playoff, ma dovremo dare tutto. E migliorare sempre: in ogni allenamento e in ogni gara serve un passo avanti. Sia a livello personale, sia corale. Ecco perch\u00e9 ritengo che ci aspetti una stagione vincente&#8221;. <\/em>Maccabruni non nasconde la sua profonda soddisfazione: <em>\u00ab\u00c8 la prima volta che rimango due stagioni nella stessa societ\u00e0. E questo \u00e8 motivo di felicit\u00e0 e orgoglio perch\u00e9 significa che mi sono trovato bene e sono stato apprezzato. In pi\u00f9, il progetto della Pallavolo Belluno \u00e8 in linea con il percorso della mia carriera: anch\u2019io, come la societ\u00e0, voglio completare uno step superiore rispetto al precedente. A proposito della societ\u00e0, la ringrazio profondamente per la fiducia che ripone in me\u00bb.<span class=\"gmail-Apple-converted-space\"> \u00a0<\/span><\/em><\/p>\n<p>&nbsp;<\/p>\n<p>&nbsp;<\/p>\n<p>&nbsp;<\/p>\n<p>&nbsp;<\/p>\n<hr \/>\n<p>&nbsp;<\/p>\n<p><span style=\"color: #0000ff;\"><strong>MOUNTAIN BIKE<\/strong><\/span><\/p>\n<blockquote>\n<h3>ANCORA UNA VITTORIA PER IL DUO BELLUNESE ALLA TRANSPYR<\/h3>\n<\/blockquote>\n<p><strong><a class=\"dt-pswp-item\" href=\"https:\/\/www.radiopiu.net\/wordpress\/wp-content\/uploads\/2022\/06\/Schermata-2022-06-15-alle-19.49.47.png\" data-dt-img-description=\"\" data-large_image_width=\"800\" data-large_image_height=\"600\"><img loading=\"lazy\" decoding=\"async\" class=\"size-thumbnail wp-image-281823 alignleft\" src=\"https:\/\/www.radiopiu.net\/wordpress\/wp-content\/uploads\/2022\/06\/Schermata-2022-06-15-alle-19.49.47-150x150.png\" alt=\"\" width=\"150\" height=\"150\" \/><\/a>VIEILA (SPAGNA)<\/strong><\/p>\n<p>di Roberto Bona<\/p>\n<audio class=\"wp-audio-shortcode\" id=\"audio-281640-18\" preload=\"none\" style=\"width: 100%;\" controls=\"controls\"><source type=\"audio\/mpeg\" src=\"https:\/\/www.radiopiu.net\/wordpress\/wp-content\/uploads\/2022\/06\/BONA-TRANSPYR-MER.mp3?_=18\" \/><a href=\"https:\/\/www.radiopiu.net\/wordpress\/wp-content\/uploads\/2022\/06\/BONA-TRANSPYR-MER.mp3\">https:\/\/www.radiopiu.net\/wordpress\/wp-content\/uploads\/2022\/06\/BONA-TRANSPYR-MER.mp3<\/a><\/audio>\n<p>&nbsp;<\/p>\n<\/div>\n<\/div>\n<\/div>\n<\/div>\n<\/div>\n<\/div>\n<\/div>\n<\/div>\n<\/div>\n<\/div>\n<\/div>\n<\/div>\n<\/div>\n<\/div>\n<\/div>\n<\/div>\n<\/div>\n<\/div>\n<\/div>\n<\/div>\n<\/div>\n<\/div>\n<\/div>\n<\/div>\n<\/div>\n<\/div>\n<\/div>\n<\/div>\n<\/div>\n<\/div>\n<\/div>\n<\/div>\n<\/div>\n<\/div>\n<\/div>\n<\/div>\n<\/div>\n<\/div>\n<\/div>\n<\/div>\n<\/div>\n<\/div>\n<\/div>\n<\/div>\n<\/div>\n<\/div>\n<\/div>\n<\/div>\n<\/div>\n<\/div>\n<\/div>\n<\/div>\n<\/div>\n<\/div>\n<\/div>\n<\/div>\n<\/div>\n<\/div>\n<\/div>\n<\/div>\n<\/div>\n<\/div>\n<\/div>\n<\/div>\n<\/div>\n<\/div>\n<\/div>\n<\/div>\n<\/div>\n<\/div>\n<\/div>\n<\/div>\n<\/div>\n<\/div>\n<\/div>\n<\/div>\n<\/div>\n<\/div>\n<\/div>\n<\/div>\n<\/div>\n<\/div>\n<\/div>\n<\/div>\n<\/div>\n<\/div>\n<\/div>\n<\/div>\n<\/div>\n<\/div>\n<\/div>\n<\/div>\n<\/div>\n<\/div>\n<\/div>\n<\/div>\n<\/div>\n<\/div>\n<\/div>\n<\/div>\n<\/div>\n<\/div>\n<\/div>\n<\/div>\n<\/div>\n","protected":false},"excerpt":{"rendered":"<p>RADIO PIU INFORMAZIONE il canale su TELEGRAM informazione di prima\u00a0 mano e in tempo reale. iscriviti ed aiutaci a farlo conoscere\u00a0\u00a0 &nbsp; &nbsp; &nbsp; DOLOMITIBUS&#8230; GUIDA IL TUO FUTURO, LO SPOT ALLA RADIO &nbsp; &nbsp; ACQUA NON POTABILE A SAN TOMASO DAL 15 GIUGNO SAN TOMASO Gestione Servizi Pubblici informa che a SAN TOMASO AGORDINO&hellip;<\/p>\n","protected":false},"author":4,"featured_media":281862,"comment_status":"closed","ping_status":"closed","sticky":false,"template":"","format":"standard","meta":{"_monsterinsights_skip_tracking":false,"_monsterinsights_sitenote_active":false,"_monsterinsights_sitenote_note":"","_monsterinsights_sitenote_category":0,"footnotes":""},"categories":[51,86,49],"tags":[],"class_list":["post-281640","post","type-post","status-publish","format-standard","has-post-thumbnail","hentry","category-evidenza-top","category-gr","category-news-18","category-51","category-86","category-49","description-off"],"img_url":"https:\/\/www.radiopiu.net\/wordpress\/wp-content\/uploads\/2022\/06\/ssss-1.jpg","_links":{"self":[{"href":"https:\/\/www.radiopiu.net\/wordpress\/wp-json\/wp\/v2\/posts\/281640","targetHints":{"allow":["GET"]}}],"collection":[{"href":"https:\/\/www.radiopiu.net\/wordpress\/wp-json\/wp\/v2\/posts"}],"about":[{"href":"https:\/\/www.radiopiu.net\/wordpress\/wp-json\/wp\/v2\/types\/post"}],"author":[{"embeddable":true,"href":"https:\/\/www.radiopiu.net\/wordpress\/wp-json\/wp\/v2\/users\/4"}],"replies":[{"embeddable":true,"href":"https:\/\/www.radiopiu.net\/wordpress\/wp-json\/wp\/v2\/comments?post=281640"}],"version-history":[{"count":0,"href":"https:\/\/www.radiopiu.net\/wordpress\/wp-json\/wp\/v2\/posts\/281640\/revisions"}],"wp:featuredmedia":[{"embeddable":true,"href":"https:\/\/www.radiopiu.net\/wordpress\/wp-json\/wp\/v2\/media\/281862"}],"wp:attachment":[{"href":"https:\/\/www.radiopiu.net\/wordpress\/wp-json\/wp\/v2\/media?parent=281640"}],"wp:term":[{"taxonomy":"category","embeddable":true,"href":"https:\/\/www.radiopiu.net\/wordpress\/wp-json\/wp\/v2\/categories?post=281640"},{"taxonomy":"post_tag","embeddable":true,"href":"https:\/\/www.radiopiu.net\/wordpress\/wp-json\/wp\/v2\/tags?post=281640"}],"curies":[{"name":"wp","href":"https:\/\/api.w.org\/{rel}","templated":true}]}}