{"id":281723,"date":"2022-06-15T11:41:36","date_gmt":"2022-06-15T09:41:36","guid":{"rendered":"https:\/\/www.radiopiu.net\/wordpress\/?p=281723"},"modified":"2022-06-15T11:41:36","modified_gmt":"2022-06-15T09:41:36","slug":"venerdi-in-sala-don-tamis-il-libro-di-enrico-stalliviere","status":"publish","type":"post","link":"https:\/\/www.radiopiu.net\/wordpress\/venerdi-in-sala-don-tamis-il-libro-di-enrico-stalliviere\/","title":{"rendered":"VENERDI IN SALA DON TAMIS IL LIBRO DI ENRICO STALLIVIERE\u00a0"},"content":{"rendered":"<blockquote>\n<h3><\/h3>\n<\/blockquote>\n<p><strong><a class=\"dt-pswp-item\" href=\"https:\/\/www.radiopiu.net\/wordpress\/wp-content\/uploads\/2022\/06\/imbagina.jpg\" data-dt-img-description=\"\" data-large_image_width=\"1000\" data-large_image_height=\"1538\"><img loading=\"lazy\" decoding=\"async\" class=\"size-thumbnail wp-image-281722 alignleft\" src=\"https:\/\/www.radiopiu.net\/wordpress\/wp-content\/uploads\/2022\/06\/imbagina-150x150.jpg\" alt=\"\" width=\"150\" height=\"150\" \/><\/a>AGORDO<\/strong>\u00a0 Quelle che Enrico Stalliviere racconter\u00e0 venerd\u00ec 17 giugno in sala \u201cdon Tamis\u201d in via 27 aprile ad Agordo, alle 18 saranno storie di caregh\u00e9te, racconti di un tempo lontano che ora possiamo solo leggere sui libri perch\u00e9 sono sempre meno i protagonisti che le hanno vissute. Figlio di un caregh\u00e9ta di Gosaldo, Augusto detto Gusti e lui stesso garzone al seguito del padre, di storie e aneddoti su quel mestiere cos\u00ec particolare ne ha sentite tante, e tante ne ha scritte. Questo \u00e8 l\u2019ultimo di una piccola collezione di libri che Enrico ha pubblicato sull\u2019argomento. I brevi racconti di questa raccolta bastano per far capire quale fosse la dura vita dei seggiolai che dai paesi dell\u2019Agordino si sparpagliavano nel nord Italia e in Francia come lavoratori ambulanti, ma di fatto artigiani specializzati che sapevano il loro mestiere. Dino Bridda nella prefazione, fa notare come il valore aggiunto alla narrazione di questi racconti sia l\u2019umanit\u00e0 che Enrico Stalliviere riesce a far emerge dal testo e dai\u00a0 personaggi che tratteggia e questo permette al suo libro di essere un testo originale nel panorama dell\u2019ampia pubblicistica sull\u2019argomento.<\/p>\n<p>&nbsp;<\/p>\n<p>&nbsp;<\/p>\n<p>&nbsp;<\/p>\n<hr \/>\n<p>&nbsp;<\/p>\n","protected":false},"excerpt":{"rendered":"<p>AGORDO\u00a0 Quelle che Enrico Stalliviere racconter\u00e0 venerd\u00ec 17 giugno in sala \u201cdon Tamis\u201d in via 27 aprile ad Agordo, alle 18 saranno storie di caregh\u00e9te, racconti di un tempo lontano che ora possiamo solo leggere sui libri perch\u00e9 sono sempre meno i protagonisti che le hanno vissute. Figlio di un caregh\u00e9ta di Gosaldo, Augusto detto&hellip;<\/p>\n","protected":false},"author":4,"featured_media":281722,"comment_status":"closed","ping_status":"closed","sticky":false,"template":"","format":"standard","meta":{"_monsterinsights_skip_tracking":false,"_monsterinsights_sitenote_active":false,"_monsterinsights_sitenote_note":"","_monsterinsights_sitenote_category":0,"footnotes":""},"categories":[49],"tags":[],"class_list":["post-281723","post","type-post","status-publish","format-standard","has-post-thumbnail","hentry","category-news-18","category-49","description-off"],"img_url":"https:\/\/www.radiopiu.net\/wordpress\/wp-content\/uploads\/2022\/06\/imbagina.jpg","_links":{"self":[{"href":"https:\/\/www.radiopiu.net\/wordpress\/wp-json\/wp\/v2\/posts\/281723","targetHints":{"allow":["GET"]}}],"collection":[{"href":"https:\/\/www.radiopiu.net\/wordpress\/wp-json\/wp\/v2\/posts"}],"about":[{"href":"https:\/\/www.radiopiu.net\/wordpress\/wp-json\/wp\/v2\/types\/post"}],"author":[{"embeddable":true,"href":"https:\/\/www.radiopiu.net\/wordpress\/wp-json\/wp\/v2\/users\/4"}],"replies":[{"embeddable":true,"href":"https:\/\/www.radiopiu.net\/wordpress\/wp-json\/wp\/v2\/comments?post=281723"}],"version-history":[{"count":0,"href":"https:\/\/www.radiopiu.net\/wordpress\/wp-json\/wp\/v2\/posts\/281723\/revisions"}],"wp:featuredmedia":[{"embeddable":true,"href":"https:\/\/www.radiopiu.net\/wordpress\/wp-json\/wp\/v2\/media\/281722"}],"wp:attachment":[{"href":"https:\/\/www.radiopiu.net\/wordpress\/wp-json\/wp\/v2\/media?parent=281723"}],"wp:term":[{"taxonomy":"category","embeddable":true,"href":"https:\/\/www.radiopiu.net\/wordpress\/wp-json\/wp\/v2\/categories?post=281723"},{"taxonomy":"post_tag","embeddable":true,"href":"https:\/\/www.radiopiu.net\/wordpress\/wp-json\/wp\/v2\/tags?post=281723"}],"curies":[{"name":"wp","href":"https:\/\/api.w.org\/{rel}","templated":true}]}}