{"id":281818,"date":"2022-06-15T19:01:36","date_gmt":"2022-06-15T17:01:36","guid":{"rendered":"https:\/\/www.radiopiu.net\/wordpress\/?p=281818"},"modified":"2022-06-16T05:45:08","modified_gmt":"2022-06-16T03:45:08","slug":"questura-e-stradale-verranno-trasferite-allex-caserma-fantuzzi","status":"publish","type":"post","link":"https:\/\/www.radiopiu.net\/wordpress\/questura-e-stradale-verranno-trasferite-allex-caserma-fantuzzi\/","title":{"rendered":"QUESTURA E STRADALE VERRANNO TRASFERITE ALL&#8217;EX CASERMA FANTUZZI"},"content":{"rendered":"<p><strong><a class=\"dt-pswp-item\" href=\"https:\/\/www.radiopiu.net\/wordpress\/wp-content\/uploads\/2020\/06\/CASERMA-FANTUZZI.jpg\" data-dt-img-description=\"\" data-large_image_width=\"649\" data-large_image_height=\"426\"><img loading=\"lazy\" decoding=\"async\" class=\"size-thumbnail wp-image-144841 alignleft\" src=\"https:\/\/www.radiopiu.net\/wordpress\/wp-content\/uploads\/2020\/06\/CASERMA-FANTUZZI-150x150.jpg\" alt=\"\" width=\"150\" height=\"150\" \/><\/a>BELLUNO <\/strong>&#8220;<em>Qualcosa finalmente si (ri)muove e non possiamo che essere soddisfatti<\/em>&#8221; afferma la Segreteria Provinciale del SAP (Sindacato Autonomo di Polizia) di Belluno &#8211; che commenta cos\u00ec la notizia del trasferimento della Questura e della Stradale all\u2019ex Caserma Fantuzzi. Nel 2023 l\u2019ufficio Immigrazione e la Polizia Amministrativa e Sociale ora in via Lungardo; nel 2028 tutti gli altri uffici. &#8220;<em>Soddisfatti ma allo stesso tempo amareggiati per il ritardo, parecchio, troppo &#8211; dichiara il SAP. Il primo stralcio di interventi &#8211; \u00e8 bene ricordare &#8211; doveva partire gi\u00e0 nel 2018. Tra mancanza di fondi e lungaggini burocratiche si \u00e8 arrivati a giugno 2020, con il bando di gara per i lavori in appalto che dovevano interessare \u201cLa Stecca\u201d ovvero la palazzina bianca a sinistra appena varcato il cancello d\u2019ingresso. Il 23 aprile dello scorso anno la Questura ha consegnato le chiavi della Fantuzzi alla ditta aggiudicataria dell\u2019appalto, per la predisposizione del cantiere i cui lavori avrebbero dovuto essere ultimati entro un anno, per quanto ci era stato riferito. Invece da quel momento \u00e8 stato stallo pressoch\u00e9 totale, e non entriamo in merito sul motivo. Auspichiamo &#8211; continua il SAP &#8211; che la luce sulla Fantuzzi che abbiamo provato ad accendere con le visite in loco negli scorsi anni con l\u2019allora Segretario Generale Gianni Tonelli oggi in Parlamento, l\u2019attuale Segretario Generale Stefano Paoloni e con i politici locali tra cui l\u2019attuale Ministro D\u2019Inc\u00e0, si sia finalmente accesa e non si spenga pi\u00f9. Che la road map annunciata venga rispettata e quindi che nel 2023 vi sia l\u2019effettivo trasferimento dell\u2019ufficio Immigrazione e della Polizia Amministrativa e Sociale. Quasi trenta operatori, tra poliziotti e impiegati civili, con un risparmio in termini di affitto per le casse pubbliche di pi\u00f9 di 80 mila euro l\u2019anno. Sar\u00e0 certamente nostro impegno essere da pungolo e da impulso affinch\u00e9 l\u2019opera arrivi a compimento. E l\u2019opera significa la completa riqualificazione e recupero dell\u2019intera struttura che, per la parte che la interesser\u00e0, dovr\u00e0 diventare una vera e propria cittadella della sicurezza, la nuova casa per tutti i poliziotti bellunesi.\u00a0 Ricordiamo &#8211; conclude il Sap &#8211; che Belluno \u00e8 l\u2019unica citt\u00e0 in Italia ad avere gli uffici della Questura divisi in cinque strutture differenti: in via Volontari della Libert\u00e0 la sede centrale, in via Col di Lana la Sala Operativa e l\u2019ufficio Tecnico Logistico, in via Tasso la Digos, in via Lungardo la Divisione P.A.S. e Immigrazione e in Piazzetta S. Stefano l\u2019ufficio del Personale. Questo comporta inevitabilmente un grande dispendio di risorse, energie e logistica, al quale \u00e8 arrivata davvero l\u2019ora di porre fine, entro il 2028 ma possibilmente anche prima<\/em>&#8220;.<\/p>\n<p>&nbsp;<\/p>\n<p>&nbsp;<\/p>\n<p>******<\/p>\n","protected":false},"excerpt":{"rendered":"<p>BELLUNO &#8220;Qualcosa finalmente si (ri)muove e non possiamo che essere soddisfatti&#8221; afferma la Segreteria Provinciale del SAP (Sindacato Autonomo di Polizia) di Belluno &#8211; che commenta cos\u00ec la notizia del trasferimento della Questura e della Stradale all\u2019ex Caserma Fantuzzi. Nel 2023 l\u2019ufficio Immigrazione e la Polizia Amministrativa e Sociale ora in via Lungardo; nel 2028&hellip;<\/p>\n","protected":false},"author":4,"featured_media":144841,"comment_status":"closed","ping_status":"closed","sticky":false,"template":"","format":"standard","meta":{"_monsterinsights_skip_tracking":false,"_monsterinsights_sitenote_active":false,"_monsterinsights_sitenote_note":"","_monsterinsights_sitenote_category":0,"footnotes":""},"categories":[51,49],"tags":[],"class_list":["post-281818","post","type-post","status-publish","format-standard","has-post-thumbnail","hentry","category-evidenza-top","category-news-18","category-51","category-49","description-off"],"img_url":"https:\/\/www.radiopiu.net\/wordpress\/wp-content\/uploads\/2020\/06\/CASERMA-FANTUZZI.jpg","_links":{"self":[{"href":"https:\/\/www.radiopiu.net\/wordpress\/wp-json\/wp\/v2\/posts\/281818","targetHints":{"allow":["GET"]}}],"collection":[{"href":"https:\/\/www.radiopiu.net\/wordpress\/wp-json\/wp\/v2\/posts"}],"about":[{"href":"https:\/\/www.radiopiu.net\/wordpress\/wp-json\/wp\/v2\/types\/post"}],"author":[{"embeddable":true,"href":"https:\/\/www.radiopiu.net\/wordpress\/wp-json\/wp\/v2\/users\/4"}],"replies":[{"embeddable":true,"href":"https:\/\/www.radiopiu.net\/wordpress\/wp-json\/wp\/v2\/comments?post=281818"}],"version-history":[{"count":0,"href":"https:\/\/www.radiopiu.net\/wordpress\/wp-json\/wp\/v2\/posts\/281818\/revisions"}],"wp:featuredmedia":[{"embeddable":true,"href":"https:\/\/www.radiopiu.net\/wordpress\/wp-json\/wp\/v2\/media\/144841"}],"wp:attachment":[{"href":"https:\/\/www.radiopiu.net\/wordpress\/wp-json\/wp\/v2\/media?parent=281818"}],"wp:term":[{"taxonomy":"category","embeddable":true,"href":"https:\/\/www.radiopiu.net\/wordpress\/wp-json\/wp\/v2\/categories?post=281818"},{"taxonomy":"post_tag","embeddable":true,"href":"https:\/\/www.radiopiu.net\/wordpress\/wp-json\/wp\/v2\/tags?post=281818"}],"curies":[{"name":"wp","href":"https:\/\/api.w.org\/{rel}","templated":true}]}}