{"id":281842,"date":"2022-06-17T05:45:53","date_gmt":"2022-06-17T03:45:53","guid":{"rendered":"https:\/\/www.radiopiu.net\/wordpress\/?p=281842"},"modified":"2022-06-17T09:20:01","modified_gmt":"2022-06-17T07:20:01","slug":"giornale-radiopiu-17-giugno-2022-direttore-mirko-mezzacasa","status":"publish","type":"post","link":"https:\/\/www.radiopiu.net\/wordpress\/giornale-radiopiu-17-giugno-2022-direttore-mirko-mezzacasa\/","title":{"rendered":"GIORNALE RADIOPIU 17 GIUGNO 2022 DIRETTORE MIRKO MEZZACASA"},"content":{"rendered":"<h3 class=\"kvgmc6g5 cxmmr5t8 oygrvhab hcukyx3x c1et5uql\"><span style=\"color: #0000ff;\"><strong><img loading=\"lazy\" decoding=\"async\" class=\"alignleft\" src=\"https:\/\/www.radiopiu.net\/wordpress\/wp-content\/uploads\/2022\/02\/castei.jpeg\" width=\"99\" height=\"65\" \/>RADIO PIU INFORMAZIONE il canale su TELEGRAM informazione di prima\u00a0 <\/strong><\/span><span style=\"color: #0000ff;\"><strong>mano e in tempo reale. iscriviti ed aiutaci a farlo conoscere\u00a0\u00a0<\/strong><\/span><\/h3>\n<p><strong>LA VALLE<\/strong> Due notti di lavori in galleria dei Castei per le indagini diagnostiche e la manutenzione degli impianti. Veneto Strade ha previsto il senso unico alternato regolato da semaforo sia lunedi 20 giugno che martedi 21, dalle 20 alle 6 del mattino.<\/p>\n<p>&nbsp;<\/p>\n<p>&nbsp;<\/p>\n<hr \/>\n<p>&nbsp;<\/p>\n<blockquote>\n<h2>ACQUA NON POTABILE A SAN TOMASO dal 15 giugno<\/h2>\n<\/blockquote>\n<p><strong><a class=\"dt-pswp-item\" href=\"https:\/\/www.radiopiu.net\/wordpress\/wp-content\/uploads\/2018\/08\/ACQUA.jpeg\" data-dt-img-description=\"\" data-large_image_width=\"1280\" data-large_image_height=\"768\"><img loading=\"lazy\" decoding=\"async\" class=\"alignleft wp-image-57052 \" src=\"https:\/\/www.radiopiu.net\/wordpress\/wp-content\/uploads\/2018\/08\/ACQUA-300x180.jpeg\" alt=\"\" width=\"135\" height=\"81\" srcset=\"https:\/\/www.radiopiu.net\/wordpress\/wp-content\/uploads\/2018\/08\/ACQUA-300x180.jpeg 300w, https:\/\/www.radiopiu.net\/wordpress\/wp-content\/uploads\/2018\/08\/ACQUA-768x461.jpeg 768w, https:\/\/www.radiopiu.net\/wordpress\/wp-content\/uploads\/2018\/08\/ACQUA-1024x614.jpeg 1024w, https:\/\/www.radiopiu.net\/wordpress\/wp-content\/uploads\/2018\/08\/ACQUA.jpeg 1280w\" sizes=\"auto, (max-width: 135px) 100vw, 135px\" \/><\/a>SAN TOMASO<\/strong> Gestione Servizi Pubblici informa che a SAN TOMASO AGORDINO in localit\u00e0 PIANEZZE, CELAT,CHIEA,TOCOL, FONTANELLE E COL ZARESE, l&#8217;acqua erogata dall&#8217;acquedotto non \u00e8 potabile e non pu\u00f2 essere usata per scopi alimentari. Verr\u00e0 effettuato servizio sostitutivo con autobotte presso la Piazza del Municipio.<\/p>\n<blockquote>\n<h3>SERVIZIO IDRICO, INTERRUZIONI A VALLADA E AGORDO<\/h3>\n<\/blockquote>\n<p><strong>AGORDO<\/strong> Oggi dalle 8 alle 18 potrebbe mancare l&#8217;acqua nel comune di AGORDO, in LOC. GIOVE.<\/p>\n<p><span style=\"color: #ff0000;\"><strong> ROCCA PIETORE <\/strong>Gestione Servizi Pubblici informa che, per lavori alla rete idrica comunale, LUNEDI dalle 8 fino a FINE LAVORI verr\u00e0 sospesa l\u2019erogazione dell\u2019acqua\u00a0 nelle localit\u00e0 SORARU&#8217; e PEZZE&#8217;.<\/span><\/p>\n<blockquote>\n<h3>STRADA CHIUSA TRA CROSTOLIN E LE RONCHE<\/h3>\n<\/blockquote>\n<p><strong>LA VALLE AGORDINA<\/strong> Ponte &#8220;Del Felice&#8221; tra Crostolin e Le Ronche: chiusura della strada\u00a0 fino al 20 giugno per consentire alla ditta incaricata di effettuare le opere,\u00a0 interdizione totale al transito veicolare e pedonale.<\/p>\n<p>&nbsp;<\/p>\n<hr \/>\n<p>&nbsp;<\/p>\n<blockquote>\n<h3>IL PROVVIDENZIALE E DECISO INTERVENTO DEGLI UOMINI DELLA VOLANTE<\/h3>\n<\/blockquote>\n<p><strong><img loading=\"lazy\" decoding=\"async\" class=\"alignleft\" src=\"https:\/\/www.radiopiu.net\/wordpress\/wp-content\/uploads\/2018\/09\/POLIZIA-3.jpg\" width=\"128\" height=\"44\" \/>BELLUNO<\/strong> Mercoled\u00ec pomeriggio un equipaggio dell&#8217;ufficio Volanti della Questura \u00e8 stato allertato in seguito all&#8217;allontanamento dall&#8217;Ospedale di una minorenne con problemi psichici. La giovane \u00e8 stata intercettata in Viale Europa mentre tentava di scavalcare una protezione di un sovrapasso pedonale. I poliziotti hanno afferrato la ragazza che gi\u00e0 aveva superato il parapetto verso il vuoto, da un&#8217;altezza di 10 metri. Gli agenti hanno riaffidato la minorenne al personale sanitario.<\/p>\n<p>&nbsp;<\/p>\n<p>&nbsp;<\/p>\n<hr \/>\n<p>&nbsp;<\/p>\n<p>&nbsp;<\/p>\n<blockquote>\n<h3>TRE FERITI NELL&#8217;INCIDENTE DI LONGARONE<\/h3>\n<\/blockquote>\n<p><strong>LONGARDONE<\/strong> Ieri i vigili del fuoco sono intervenuti lungo la statale Alemagna in localit\u00e0 Fa\u00e8 di Longarone per lo scontro tra due auto: tre feriti. I pompieri accorsi da Belluno, hanno messo in sicurezza le auto di cui una rovesciata e una alimentata elettricamente ed estratto gli occupanti, che sono stati presi in cura dal personale sanitario del SUEM per essere stabilizzati e trasferiti in ospedale. La polizia stradale ha deviato il traffico su una strada alternativa ed eseguito i rilievi del sinistro.<\/p>\n\n\t\t\t<style type='text\/css'>\n\t\t\t\t#gallery-1 {\n\t\t\t\t\tmargin: auto;\n\t\t\t\t}\n\t\t\t\t#gallery-1 .gallery-item {\n\t\t\t\t\tfloat: left;\n\t\t\t\t\tmargin-top: 10px;\n\t\t\t\t\ttext-align: center;\n\t\t\t\t\twidth: 33%;\n\t\t\t\t}\n\t\t\t\t#gallery-1 img {\n\t\t\t\t\tborder: 2px solid #cfcfcf;\n\t\t\t\t}\n\t\t\t\t#gallery-1 .gallery-caption {\n\t\t\t\t\tmargin-left: 0;\n\t\t\t\t}\n\t\t\t\t\/* see gallery_shortcode() in wp-includes\/media.php *\/\n\t\t\t<\/style>\n\t\t<div id='gallery-1' class='dt-gallery-container gallery galleryid-281842 gallery-columns-3 gallery-size-thumbnail'><dl class='gallery-item'>\n\t\t\t\t<dt class='gallery-icon landscape'>\n\t\t\t\t\t<a class=\"rollover rollover-zoom dt-pswp-item\" title=\"66dc56c6-b812-406b-b12f-50dd50b1e0ba\" data-dt-img-description=\"\" data-large_image_width=\"1129\" data-large_image_height=\"576\"href='https:\/\/www.radiopiu.net\/wordpress\/wp-content\/uploads\/2022\/06\/66dc56c6-b812-406b-b12f-50dd50b1e0ba.jpg'><img loading=\"lazy\" decoding=\"async\" width=\"150\" height=\"150\" src=\"https:\/\/www.radiopiu.net\/wordpress\/wp-content\/uploads\/2022\/06\/66dc56c6-b812-406b-b12f-50dd50b1e0ba-150x150.jpg\" class=\"attachment-thumbnail size-thumbnail\" alt=\"\" \/><\/a>\n\t\t\t\t<\/dt><\/dl><dl class='gallery-item'>\n\t\t\t\t<dt class='gallery-icon landscape'>\n\t\t\t\t\t<a class=\"rollover rollover-zoom dt-pswp-item\" title=\"bb8e0e88-eb43-40ba-99e4-ccb4b95cf84e\" data-dt-img-description=\"\" data-large_image_width=\"1007\" data-large_image_height=\"576\"href='https:\/\/www.radiopiu.net\/wordpress\/wp-content\/uploads\/2022\/06\/bb8e0e88-eb43-40ba-99e4-ccb4b95cf84e.jpg'><img loading=\"lazy\" decoding=\"async\" width=\"150\" height=\"150\" src=\"https:\/\/www.radiopiu.net\/wordpress\/wp-content\/uploads\/2022\/06\/bb8e0e88-eb43-40ba-99e4-ccb4b95cf84e-150x150.jpg\" class=\"attachment-thumbnail size-thumbnail\" alt=\"\" \/><\/a>\n\t\t\t\t<\/dt><\/dl><dl class='gallery-item'>\n\t\t\t\t<dt class='gallery-icon landscape'>\n\t\t\t\t\t<a class=\"rollover rollover-zoom dt-pswp-item\" title=\"e74fe981-887d-4212-87ca-799bb541e811\" data-dt-img-description=\"\" data-large_image_width=\"1005\" data-large_image_height=\"576\"href='https:\/\/www.radiopiu.net\/wordpress\/wp-content\/uploads\/2022\/06\/e74fe981-887d-4212-87ca-799bb541e811.jpg'><img loading=\"lazy\" decoding=\"async\" width=\"150\" height=\"150\" src=\"https:\/\/www.radiopiu.net\/wordpress\/wp-content\/uploads\/2022\/06\/e74fe981-887d-4212-87ca-799bb541e811-150x150.jpg\" class=\"attachment-thumbnail size-thumbnail\" alt=\"\" \/><\/a>\n\t\t\t\t<\/dt><\/dl><br style=\"clear: both\" \/>\n\t\t\t<\/div>\n\n<p>&nbsp;<\/p>\n<hr \/>\n<p>&nbsp;<\/p>\n<blockquote>\n<h3>TRE CICLISTI IN OSPEDALE, L&#8217;INCIDENTE PIU&#8217; GRAVE A SANTA GIUSTINA<\/h3>\n<\/blockquote>\n<p><strong><img loading=\"lazy\" decoding=\"async\" class=\"alignleft\" src=\"https:\/\/www.radiopiu.net\/wordpress\/wp-content\/uploads\/2022\/06\/AAAA-5.jpg\" width=\"214\" height=\"146\" \/>SANTA GIUSTINA<\/strong> Un uomo GDZ di 75 anni di Santa Giustina che ieri mattina era a bordo di una e bike lungo la statale 50, direzione Feltre, \u00e8 stato superato da un camion, per lo spostamento d&#8217;aria ha perso l&#8217;equilibrio cadendo a terra. E&#8217; stato subito soccorso dal camionista e da altri passanti, quindi l&#8217;intervento dell&#8217;ambulanza e dell&#8217;elicottero del Suem. L&#8217;uomo \u00e8 stato portato in ospedale e ricoverato in terapia intensiva.<br \/>\nUn altro incidente a Cortina, un tedesco di 66 anni \u00e8 caduto dalla bicicletta riportando diverse fratture ed \u00e8 ricoverato all&#8217;ospedale di Belluno. In osservazione anche un 70 enne sempre tedesco vittima di un incidente a Padola di Comelico Superiore.<\/p>\n<p>&nbsp;<\/p>\n<hr \/>\n<p>&nbsp;<\/p>\n<blockquote>\n<h3>INCIDENTE A QUATTRO, DONNA IN OSPEDALE<\/h3>\n<\/blockquote>\n<p><strong>FELTRE\u00a0<\/strong> Quattro i veicoli coinvolti nell&#8217;incidente a Farra ieri alle 13. La Volkwagen Up guidata dalla donna, M.M., 57 anni\u00a0 \u00e8 stata tamponata da una Citroen Berlingo mentre stava per svoltare a sinistra. L&#8217;auto ha cozzato contro un furgone finito fuori strada ma prima coinvolgente una Fiat Sedici parcheggiata a lato. La donna \u00e8 stata portata subito al pronto soccorso ma le sue condizioni non sono state giudicate preoccupanti.<\/p>\n<p>&nbsp;<\/p>\n<hr \/>\n<p>&nbsp;<\/p>\n<blockquote>\n<h3>RECUPERATA UNA VITELLA CADUTA IN UN BURRONE<\/h3>\n<\/blockquote>\n<p><strong>ALANO DI PIAVE<\/strong> Nel tardo pomeriggio di mercoled\u00ec, i Vigili del Fuoco sono intervenuti con l\u2019elicottero Drago 149 in una zona impervia in localit\u00e0 Malga Piz nel comune di Alano di Piave per il recupero di una vitella caduta in un burrone. I pompieri volontari del Basso feltrino appurato l\u2019impossibilit\u00e0 del recupero da terra hanno fatto intervenire l\u2019elicottero. Il bovino incolume \u00e8 stato imbragato \u00e8 issato con gancio baricentrico dell\u2019elicottero AW139 del reparto volo di Venezia e depositato in una zona sicura dove \u00e8 stato preso in consegna dal proprio allevatore. Le operazioni di soccorso sono terminate poco prima del tramonto.<\/p>\n\n\t\t\t<style type='text\/css'>\n\t\t\t\t#gallery-2 {\n\t\t\t\t\tmargin: auto;\n\t\t\t\t}\n\t\t\t\t#gallery-2 .gallery-item {\n\t\t\t\t\tfloat: left;\n\t\t\t\t\tmargin-top: 10px;\n\t\t\t\t\ttext-align: center;\n\t\t\t\t\twidth: 33%;\n\t\t\t\t}\n\t\t\t\t#gallery-2 img {\n\t\t\t\t\tborder: 2px solid #cfcfcf;\n\t\t\t\t}\n\t\t\t\t#gallery-2 .gallery-caption {\n\t\t\t\t\tmargin-left: 0;\n\t\t\t\t}\n\t\t\t\t\/* see gallery_shortcode() in wp-includes\/media.php *\/\n\t\t\t<\/style>\n\t\t<div id='gallery-2' class='dt-gallery-container gallery galleryid-281842 gallery-columns-3 gallery-size-thumbnail'><dl class='gallery-item'>\n\t\t\t\t<dt class='gallery-icon portrait'>\n\t\t\t\t\t<a class=\"rollover rollover-zoom dt-pswp-item\" title=\"7cef7b7d-411b-4e10-98fe-8e434cb8c087\" data-dt-img-description=\"\" data-large_image_width=\"960\" data-large_image_height=\"1280\"href='https:\/\/www.radiopiu.net\/wordpress\/wp-content\/uploads\/2022\/06\/7cef7b7d-411b-4e10-98fe-8e434cb8c087.jpg'><img loading=\"lazy\" decoding=\"async\" width=\"150\" height=\"150\" src=\"https:\/\/www.radiopiu.net\/wordpress\/wp-content\/uploads\/2022\/06\/7cef7b7d-411b-4e10-98fe-8e434cb8c087-150x150.jpg\" class=\"attachment-thumbnail size-thumbnail\" alt=\"\" \/><\/a>\n\t\t\t\t<\/dt><\/dl><dl class='gallery-item'>\n\t\t\t\t<dt class='gallery-icon portrait'>\n\t\t\t\t\t<a class=\"rollover rollover-zoom dt-pswp-item\" title=\"6b94b81f-dcff-4362-9886-a584ab5025a6\" data-dt-img-description=\"\" data-large_image_width=\"960\" data-large_image_height=\"1280\"href='https:\/\/www.radiopiu.net\/wordpress\/wp-content\/uploads\/2022\/06\/6b94b81f-dcff-4362-9886-a584ab5025a6.jpg'><img loading=\"lazy\" decoding=\"async\" width=\"150\" height=\"150\" src=\"https:\/\/www.radiopiu.net\/wordpress\/wp-content\/uploads\/2022\/06\/6b94b81f-dcff-4362-9886-a584ab5025a6-150x150.jpg\" class=\"attachment-thumbnail size-thumbnail\" alt=\"\" \/><\/a>\n\t\t\t\t<\/dt><\/dl><dl class='gallery-item'>\n\t\t\t\t<dt class='gallery-icon portrait'>\n\t\t\t\t\t<a class=\"rollover rollover-zoom dt-pswp-item\" title=\"90e45ac1-338b-4105-ad54-996d33af7166\" data-dt-img-description=\"\" data-large_image_width=\"960\" data-large_image_height=\"1280\"href='https:\/\/www.radiopiu.net\/wordpress\/wp-content\/uploads\/2022\/06\/90e45ac1-338b-4105-ad54-996d33af7166.jpg'><img loading=\"lazy\" decoding=\"async\" width=\"150\" height=\"150\" src=\"https:\/\/www.radiopiu.net\/wordpress\/wp-content\/uploads\/2022\/06\/90e45ac1-338b-4105-ad54-996d33af7166-150x150.jpg\" class=\"attachment-thumbnail size-thumbnail\" alt=\"\" \/><\/a>\n\t\t\t\t<\/dt><\/dl><br style=\"clear: both\" \/>\n\t\t\t<\/div>\n\n<p>&nbsp;<\/p>\n<hr \/>\n<p>&nbsp;<\/p>\n<blockquote>\n<h3>AUTOVELOX DI ARSIE&#8217; NON OMOLOGATO, MULTA CANCELLATA<\/h3>\n<\/blockquote>\n<p><strong><img loading=\"lazy\" decoding=\"async\" class=\"alignleft\" src=\"https:\/\/www.radiopiu.net\/wordpress\/wp-content\/uploads\/2020\/01\/autovelox111.jpg_997313609.jpg\" width=\"108\" height=\"73\" \/>ARSIE<\/strong> L&#8217;imprenditore bellunese Gianantonio Sottile la multa non la pagher\u00e0, il giudice di pace\u00a0 ha cancellato la multa. Con l&#8217;auto della societ\u00e0 viaggiava a 95 chilometri dove il limite era 90, per questo il verbale della polizia municipale di Arsi\u00e8.\u00a0 Il ricorso di Altvelox \u00e8 stato presentato davanti al giudice di pace di Belluno: l&#8217;impianto di rilevazione della velocit\u00e0 lungo quella strada era s\u00ec autorizzato ma non omologato. La sanzione di\u00a0 39 euro \u00e8 stata annullata.Il modello di autovelox, \u00e8 di quelli telelaser fissi: Evomvd 1605. Il problema che si riproporr\u00e0 per altri episodi.<\/p>\n<p>&nbsp;<\/p>\n<hr \/>\n<p>&nbsp;<\/p>\n<blockquote>\n<h3>ACC, CI SARA&#8217; LA CASSA INTEGRAZIONE PER 200 LAVORATORI<\/h3>\n<\/blockquote>\n<p><strong>BORGO VALBELLUNA<\/strong> Il ministero dello Sviluppo economico ha chiesto chiarimenti sulla cassa integrazione per pi\u00f9 di 200 lavoratori.\u00a0 Il commissario Maurizio Castro ha\u00a0 dato tutte le risposte sollecitate e non resta che attendere la decisione finale del ministro Giorgetti. L&#8217;articolo 36 del DL fiscale approvato l&#8217;altro ieri in Consiglio dei ministri, prevede una proroga generalizzata al 30 novembre 2022 delle amministrazioni straordinarie.\u00a0 Attesa dunque\u00a0 la risposta del ministro, in seguito sar\u00e0 necessario\u00a0 trovare gli ammortizzatori sociali per coprire il 2023, visto che Sest completer\u00e0 l&#8217;assunzione dei 150 a luglio 2024.<\/p>\n<p>&nbsp;<\/p>\n<hr \/>\n<p>&nbsp;<\/p>\n<p>&nbsp;<\/p>\n<blockquote>\n<h3>ATTENZIONE ALLA TRUFFA DELLO &#8220;SQUILLETTO&#8221;<\/h3>\n<\/blockquote>\n<p><strong><a class=\"dt-pswp-item\" href=\"https:\/\/www.radiopiu.net\/wordpress\/wp-content\/uploads\/2022\/06\/CELLULARE.jpg\" data-dt-img-description=\"\" data-large_image_width=\"1920\" data-large_image_height=\"1280\"><img loading=\"lazy\" decoding=\"async\" class=\"size-thumbnail wp-image-281985 alignleft\" src=\"https:\/\/www.radiopiu.net\/wordpress\/wp-content\/uploads\/2022\/06\/CELLULARE-150x150.jpg\" alt=\"\" width=\"150\" height=\"150\" \/><\/a>REDAZIONE\u00a0<\/strong>Era gi\u00e0 capitato un paio di anni fa ma succede ancora tutt&#8217;oggi. Si chiama truffa dello &#8220;Squilletto&#8221; e consiste nel ricevere una telefonata da un paese estero, ma solo uno squillo come avveniva anni fa quando i giovani lo facevano per far capire all&#8217;amica o fidanzata che si era presenti per messaggiarsi (erano i primi anni 2000). La truffa avviene quando il malcapitato, incuriosito dalla telefonata, prova a ricontattare il numero di cui ha perso la chiamata. \u00c8 proprio nel momento in cui avviene la risposta alla telefonata che parte un conto salatissimo sul proprio credito telefonico con cifre che arrivano a 1,50 euro al secondo. Si tratta della truffa \u201cWangiri\u201d, che utilizza il sistema del ping call. Quindi attenzione alle telefonate che arrivano dall\u2019estero, in particolare dalla Tunisia (+216) e dall\u2019Inghilterra (+44), ma anche da Moldavia (+373), Kosovo (+383), Bielorussia (+375), dalla Tanzania (+255) o da altri Paesi. Non richiamare i numeri sconosciuti, non inviare messaggi, non aprire link contenuti in sms o messaggi provenienti da altri sistemi di messaggistica collegati a quei numeri.<\/p>\n<p>&nbsp;<\/p>\n<p>&nbsp;<\/p>\n<hr \/>\n<p>&nbsp;<\/p>\n<p>&nbsp;<\/p>\n<blockquote>\n<h3><img loading=\"lazy\" decoding=\"async\" class=\"alignleft\" src=\"https:\/\/www.radiopiu.net\/wordpress\/wp-content\/uploads\/2019\/07\/consiglio-rivamonte-1.jpg\" width=\"211\" height=\"158\" \/>GIUNTA CONFERMATA A RIVAMONTE, SALVATERRA DISCUTE A FALCADE <strong style=\"font-size: 14px;\">\u00a0<\/strong><\/h3>\n<\/blockquote>\n<div class=\"addthis_sharing_toolbox\" data-url=\"https:\/\/sfoglio.corrierealpi.gelocal.it\/share_article.php?article_id=10560201\" data-title=\"Acc, ci sar\u00e0 la prorogaalla cassa integrazioneper 200 lavoratoriDeon conferma la giuntaSalvaterra pr...\">\n<blockquote>\n<h3>ALLA RADIO<\/h3>\n<p>DI GIANNI SANTOMASO<\/p><\/blockquote>\n<audio class=\"wp-audio-shortcode\" id=\"audio-281842-1\" preload=\"none\" style=\"width: 100%;\" controls=\"controls\"><source type=\"audio\/mpeg\" src=\"https:\/\/www.radiopiu.net\/wordpress\/wp-content\/uploads\/2022\/06\/gianni-elezioni.mp3?_=1\" \/><a href=\"https:\/\/www.radiopiu.net\/wordpress\/wp-content\/uploads\/2022\/06\/gianni-elezioni.mp3\">https:\/\/www.radiopiu.net\/wordpress\/wp-content\/uploads\/2022\/06\/gianni-elezioni.mp3<\/a><\/audio>\n<p>&nbsp;<\/p>\n<div class=\"addthis_sharing_toolbox\" data-url=\"https:\/\/sfoglio.corrierealpi.gelocal.it\/share_article.php?article_id=10560201\" data-title=\"Acc, ci sar\u00e0 la prorogaalla cassa integrazioneper 200 lavoratoriDeon conferma la giuntaSalvaterra pr...\"><strong>REDAZIONE<\/strong>\u00a0 A Rivamonte conferma della giunta uscente, a Falcade, invece, la discussione sugli assessori \u00e8 ancora aperta, i due sindaci sono al lavoro per completare i passaggi in vista dell&#8217;insediamento ufficiale che avverr\u00e0 nel corso del primo consiglio comunale della legislatura.\u00a0 A Rivamonte Deon ha gi\u00e0 scelto i due assessori, Luca Fadig\u00e0, che avr\u00e0 anche il ruolo di vicesindaco, e Alessandro Maguolo.\u00a0 . A Falcade dove luned\u00ec il sindaco Mauro Salvaterra aveva annunciato che con molto probabilit\u00e0 gli assessori sarebbero stati Alvise Luchetta e Flavio Murer, vale a dire i due candidati pi\u00f9 votati. La discussione per\u00f2 \u00e8 ancora in corso.<\/div>\n<\/div>\n<div data-url=\"https:\/\/sfoglio.corrierealpi.gelocal.it\/share_article.php?article_id=10560201\" data-title=\"Acc, ci sar\u00e0 la prorogaalla cassa integrazioneper 200 lavoratoriDeon conferma la giuntaSalvaterra pr...\"><\/div>\n<div data-url=\"https:\/\/sfoglio.corrierealpi.gelocal.it\/share_article.php?article_id=10560201\" data-title=\"Acc, ci sar\u00e0 la prorogaalla cassa integrazioneper 200 lavoratoriDeon conferma la giuntaSalvaterra pr...\"><\/div>\n<div data-url=\"https:\/\/sfoglio.corrierealpi.gelocal.it\/share_article.php?article_id=10560201\" data-title=\"Acc, ci sar\u00e0 la prorogaalla cassa integrazioneper 200 lavoratoriDeon conferma la giuntaSalvaterra pr...\"><\/div>\n<p>&nbsp;<\/p>\n<hr \/>\n<p>&nbsp;<\/p>\n<blockquote class=\"wp-embedded-content\" data-secret=\"NerNhoo5DF\"><p><a href=\"https:\/\/www.radiopiu.net\/wordpress\/aggnazionalegiugno16\/\">CORONAVIRUS: AGGIORNAMENTO NAZIONALE 16 GIUGNO 2022<\/a><\/p><\/blockquote>\n<p><iframe loading=\"lazy\" class=\"wp-embedded-content\" sandbox=\"allow-scripts\" security=\"restricted\" style=\"position: absolute; clip: rect(1px, 1px, 1px, 1px);\" title=\"&#8220;CORONAVIRUS: AGGIORNAMENTO NAZIONALE 16 GIUGNO 2022&#8221; &#8212; Radio Pi\u00f9\" src=\"https:\/\/www.radiopiu.net\/wordpress\/aggnazionalegiugno16\/embed\/#?secret=5LOXpuAAwC#?secret=NerNhoo5DF\" data-secret=\"NerNhoo5DF\" width=\"600\" height=\"338\" frameborder=\"0\" marginwidth=\"0\" marginheight=\"0\" scrolling=\"no\"><\/iframe><\/p>\n<p>&nbsp;<\/p>\n<blockquote class=\"wp-embedded-content\" data-secret=\"GQgVp99fg7\"><p><a href=\"https:\/\/www.radiopiu.net\/wordpress\/aggazzerogiugno16\/\">OGGI POSITIVI A BELLUNO, DI NUOVO SOPRA I 1000 CASI, IN REGIONE 25 RICOVERI<\/a><\/p><\/blockquote>\n<p><iframe loading=\"lazy\" class=\"wp-embedded-content\" sandbox=\"allow-scripts\" security=\"restricted\" style=\"position: absolute; clip: rect(1px, 1px, 1px, 1px);\" title=\"&#8220;OGGI POSITIVI A BELLUNO, DI NUOVO SOPRA I 1000 CASI, IN REGIONE 25 RICOVERI&#8221; &#8212; Radio Pi\u00f9\" src=\"https:\/\/www.radiopiu.net\/wordpress\/aggazzerogiugno16\/embed\/#?secret=zU9B3wio0V#?secret=GQgVp99fg7\" data-secret=\"GQgVp99fg7\" width=\"600\" height=\"338\" frameborder=\"0\" marginwidth=\"0\" marginheight=\"0\" scrolling=\"no\"><\/iframe><\/p>\n<p>&nbsp;<\/p>\n<p>&nbsp;<\/p>\n<h2>I GRAFICI DI TIZIANO DE COL<\/h2>\n\n\t\t\t<style type='text\/css'>\n\t\t\t\t#gallery-3 {\n\t\t\t\t\tmargin: auto;\n\t\t\t\t}\n\t\t\t\t#gallery-3 .gallery-item {\n\t\t\t\t\tfloat: left;\n\t\t\t\t\tmargin-top: 10px;\n\t\t\t\t\ttext-align: center;\n\t\t\t\t\twidth: 33%;\n\t\t\t\t}\n\t\t\t\t#gallery-3 img {\n\t\t\t\t\tborder: 2px solid #cfcfcf;\n\t\t\t\t}\n\t\t\t\t#gallery-3 .gallery-caption {\n\t\t\t\t\tmargin-left: 0;\n\t\t\t\t}\n\t\t\t\t\/* see gallery_shortcode() in wp-includes\/media.php *\/\n\t\t\t<\/style>\n\t\t<div id='gallery-3' class='dt-gallery-container gallery galleryid-281842 gallery-columns-3 gallery-size-thumbnail'><dl class='gallery-item'>\n\t\t\t\t<dt class='gallery-icon landscape'>\n\t\t\t\t\t<a class=\"rollover rollover-zoom dt-pswp-item\" title=\"ac7171c0-4c65-4328-ba88-a5d4ea00bd7e\" data-dt-img-description=\"\" data-large_image_width=\"592\" data-large_image_height=\"358\"href='https:\/\/www.radiopiu.net\/wordpress\/wp-content\/uploads\/2022\/06\/ac7171c0-4c65-4328-ba88-a5d4ea00bd7e.jpg'><img loading=\"lazy\" decoding=\"async\" width=\"150\" height=\"150\" src=\"https:\/\/www.radiopiu.net\/wordpress\/wp-content\/uploads\/2022\/06\/ac7171c0-4c65-4328-ba88-a5d4ea00bd7e-150x150.jpg\" class=\"attachment-thumbnail size-thumbnail\" alt=\"\" \/><\/a>\n\t\t\t\t<\/dt><\/dl><dl class='gallery-item'>\n\t\t\t\t<dt class='gallery-icon landscape'>\n\t\t\t\t\t<a class=\"rollover rollover-zoom dt-pswp-item\" title=\"a39dbe78-e46d-4613-a35c-50583a462701\" data-dt-img-description=\"\" data-large_image_width=\"588\" data-large_image_height=\"357\"href='https:\/\/www.radiopiu.net\/wordpress\/wp-content\/uploads\/2022\/06\/a39dbe78-e46d-4613-a35c-50583a462701.jpg'><img loading=\"lazy\" decoding=\"async\" width=\"150\" height=\"150\" src=\"https:\/\/www.radiopiu.net\/wordpress\/wp-content\/uploads\/2022\/06\/a39dbe78-e46d-4613-a35c-50583a462701-150x150.jpg\" class=\"attachment-thumbnail size-thumbnail\" alt=\"\" \/><\/a>\n\t\t\t\t<\/dt><\/dl><dl class='gallery-item'>\n\t\t\t\t<dt class='gallery-icon landscape'>\n\t\t\t\t\t<a class=\"rollover rollover-zoom dt-pswp-item\" title=\"3528a7c8-7a35-45f8-8414-2c1da408d720\" data-dt-img-description=\"\" data-large_image_width=\"604\" data-large_image_height=\"354\"href='https:\/\/www.radiopiu.net\/wordpress\/wp-content\/uploads\/2022\/06\/3528a7c8-7a35-45f8-8414-2c1da408d720.jpg'><img loading=\"lazy\" decoding=\"async\" width=\"150\" height=\"150\" src=\"https:\/\/www.radiopiu.net\/wordpress\/wp-content\/uploads\/2022\/06\/3528a7c8-7a35-45f8-8414-2c1da408d720-150x150.jpg\" class=\"attachment-thumbnail size-thumbnail\" alt=\"\" \/><\/a>\n\t\t\t\t<\/dt><\/dl><br style=\"clear: both\" \/><dl class='gallery-item'>\n\t\t\t\t<dt class='gallery-icon landscape'>\n\t\t\t\t\t<a class=\"rollover rollover-zoom dt-pswp-item\" title=\"7842f1a5-0a9a-4afe-b147-905cb6ee9c4d\" data-dt-img-description=\"\" data-large_image_width=\"606\" data-large_image_height=\"357\"href='https:\/\/www.radiopiu.net\/wordpress\/wp-content\/uploads\/2022\/06\/7842f1a5-0a9a-4afe-b147-905cb6ee9c4d.jpg'><img loading=\"lazy\" decoding=\"async\" width=\"150\" height=\"150\" src=\"https:\/\/www.radiopiu.net\/wordpress\/wp-content\/uploads\/2022\/06\/7842f1a5-0a9a-4afe-b147-905cb6ee9c4d-150x150.jpg\" class=\"attachment-thumbnail size-thumbnail\" alt=\"\" \/><\/a>\n\t\t\t\t<\/dt><\/dl><dl class='gallery-item'>\n\t\t\t\t<dt class='gallery-icon landscape'>\n\t\t\t\t\t<a class=\"rollover rollover-zoom dt-pswp-item\" title=\"4b2f4b55-3b21-4273-8a62-570b323bc5ab\" data-dt-img-description=\"\" data-large_image_width=\"610\" data-large_image_height=\"371\"href='https:\/\/www.radiopiu.net\/wordpress\/wp-content\/uploads\/2022\/06\/4b2f4b55-3b21-4273-8a62-570b323bc5ab.jpg'><img loading=\"lazy\" decoding=\"async\" width=\"150\" height=\"150\" src=\"https:\/\/www.radiopiu.net\/wordpress\/wp-content\/uploads\/2022\/06\/4b2f4b55-3b21-4273-8a62-570b323bc5ab-150x150.jpg\" class=\"attachment-thumbnail size-thumbnail\" alt=\"\" \/><\/a>\n\t\t\t\t<\/dt><\/dl><dl class='gallery-item'>\n\t\t\t\t<dt class='gallery-icon landscape'>\n\t\t\t\t\t<a class=\"rollover rollover-zoom dt-pswp-item\" title=\"b4145b24-c052-4eab-ac1b-67d625256efe\" data-dt-img-description=\"\" data-large_image_width=\"610\" data-large_image_height=\"361\"href='https:\/\/www.radiopiu.net\/wordpress\/wp-content\/uploads\/2022\/06\/b4145b24-c052-4eab-ac1b-67d625256efe.jpg'><img loading=\"lazy\" decoding=\"async\" width=\"150\" height=\"150\" src=\"https:\/\/www.radiopiu.net\/wordpress\/wp-content\/uploads\/2022\/06\/b4145b24-c052-4eab-ac1b-67d625256efe-150x150.jpg\" class=\"attachment-thumbnail size-thumbnail\" alt=\"\" \/><\/a>\n\t\t\t\t<\/dt><\/dl><br style=\"clear: both\" \/>\n\t\t\t<\/div>\n\n<p>&nbsp;<\/p>\n<hr \/>\n<p>&nbsp;<\/p>\n<blockquote>\n<h3>SCOSSA DI TERREMOTO IN ALPAGO, 2.4 DI MAGNITUDO<\/h3>\n<\/blockquote>\n<p><strong>ALPAGO <\/strong>Un terremoto di magnitudo\u00a0<strong>ML 2.4<\/strong>\u00a0\u00e8 avvenuto nella zona:\u00a0<strong>3 km S Chies d&#8217;Alpago (BL)<\/strong>, il 16-06-2022 00:00:46 (UTC) <abbr class=\"timeago\" title=\"2022-06-16T00:00:46+00:00\">13 ore, 33 minuti fa <\/abbr><strong>16-06-2022 02:00:46 (UTC +02:00) ora italiana <\/strong>con coordinate geografiche (lat, lon)\u00a0<strong>46.1480<\/strong>,\u00a0<strong>12.3890<\/strong>\u00a0ad una profondit\u00e0 di\u00a0<strong>8 km<\/strong>. Il terremoto \u00e8 stato localizzato da:\u00a0<strong>Sala Sismica INGV-Roma<\/strong>.<\/p>\n<p>.<\/p>\n\n\t\t\t<style type='text\/css'>\n\t\t\t\t#gallery-4 {\n\t\t\t\t\tmargin: auto;\n\t\t\t\t}\n\t\t\t\t#gallery-4 .gallery-item {\n\t\t\t\t\tfloat: left;\n\t\t\t\t\tmargin-top: 10px;\n\t\t\t\t\ttext-align: center;\n\t\t\t\t\twidth: 100%;\n\t\t\t\t}\n\t\t\t\t#gallery-4 img {\n\t\t\t\t\tborder: 2px solid #cfcfcf;\n\t\t\t\t}\n\t\t\t\t#gallery-4 .gallery-caption {\n\t\t\t\t\tmargin-left: 0;\n\t\t\t\t}\n\t\t\t\t\/* see gallery_shortcode() in wp-includes\/media.php *\/\n\t\t\t<\/style>\n\t\t<div id='gallery-4' class='dt-gallery-container gallery galleryid-281842 gallery-columns-1 gallery-size-medium'><dl class='gallery-item'>\n\t\t\t\t<dt class='gallery-icon landscape'>\n\t\t\t\t\t<a class=\"rollover rollover-zoom dt-pswp-item\" title=\"AGOR.HHZ\" data-dt-img-description=\"\" data-large_image_width=\"792\" data-large_image_height=\"612\"href='https:\/\/www.radiopiu.net\/wordpress\/wp-content\/uploads\/2022\/06\/AGOR.HHZ_-1.gif'><img loading=\"lazy\" decoding=\"async\" width=\"300\" height=\"232\" src=\"https:\/\/www.radiopiu.net\/wordpress\/wp-content\/uploads\/2022\/06\/AGOR.HHZ_-1-300x232.gif\" class=\"attachment-medium size-medium\" alt=\"\" srcset=\"https:\/\/www.radiopiu.net\/wordpress\/wp-content\/uploads\/2022\/06\/AGOR.HHZ_-1-300x232.gif 300w, https:\/\/www.radiopiu.net\/wordpress\/wp-content\/uploads\/2022\/06\/AGOR.HHZ_-1-768x593.gif 768w\" sizes=\"auto, (max-width: 300px) 100vw, 300px\" \/><\/a>\n\t\t\t\t<\/dt><\/dl><br style=\"clear: both\" \/>\n\t\t\t<\/div>\n\n<p>&nbsp;<\/p>\n<p>&nbsp;<\/p>\n<p>&nbsp;<\/p>\n<hr \/>\n<p>&nbsp;<\/p>\n<blockquote>\n<h3>DA\u00a0 OGGI IL SESTO RADUNO DELLA BRIGATA ALPINA CADORE<\/h3>\n<\/blockquote>\n<p><strong><a class=\"dt-pswp-item\" href=\"https:\/\/www.radiopiu.net\/wordpress\/wp-content\/uploads\/2022\/06\/69828afd-9167-469e-ae2a-a48d8658e348.jpg\" data-dt-img-description=\"\" data-large_image_width=\"306\" data-large_image_height=\"355\"><img loading=\"lazy\" decoding=\"async\" class=\"size-thumbnail wp-image-282003 alignleft\" src=\"https:\/\/www.radiopiu.net\/wordpress\/wp-content\/uploads\/2022\/06\/69828afd-9167-469e-ae2a-a48d8658e348-150x150.jpg\" alt=\"\" width=\"150\" height=\"150\" \/><\/a>BELLUNO<\/strong><\/p>\n<p>di Roberto Bona<\/p>\n<audio class=\"wp-audio-shortcode\" id=\"audio-281842-2\" preload=\"none\" style=\"width: 100%;\" controls=\"controls\"><source type=\"audio\/mpeg\" src=\"https:\/\/www.radiopiu.net\/wordpress\/wp-content\/uploads\/2022\/06\/BONA-BRIGATA-SITO.mp3?_=2\" \/><a href=\"https:\/\/www.radiopiu.net\/wordpress\/wp-content\/uploads\/2022\/06\/BONA-BRIGATA-SITO.mp3\">https:\/\/www.radiopiu.net\/wordpress\/wp-content\/uploads\/2022\/06\/BONA-BRIGATA-SITO.mp3<\/a><\/audio>\n<p>&nbsp;<\/p>\n<hr \/>\n<p>&nbsp;<\/p>\n<blockquote class=\"wp-embedded-content\" data-secret=\"R9xV9LEf1H\"><p><a href=\"https:\/\/www.radiopiu.net\/wordpress\/bostrico-dal-2006-al-2015-quando-il-servizio-forestale-aveva-affilato-le-armi\/\">BOSTRICO, DAL 2006 AL 2015. QUANDO IL SERVIZIO FORESTALE AVEVA AFFILATO LE ARMI<\/a><\/p><\/blockquote>\n<p><iframe loading=\"lazy\" class=\"wp-embedded-content\" sandbox=\"allow-scripts\" security=\"restricted\" style=\"position: absolute; clip: rect(1px, 1px, 1px, 1px);\" title=\"&#8220;BOSTRICO, DAL 2006 AL 2015. QUANDO IL SERVIZIO FORESTALE AVEVA AFFILATO LE ARMI&#8221; &#8212; Radio Pi\u00f9\" src=\"https:\/\/www.radiopiu.net\/wordpress\/bostrico-dal-2006-al-2015-quando-il-servizio-forestale-aveva-affilato-le-armi\/embed\/#?secret=axFEtStUbg#?secret=R9xV9LEf1H\" data-secret=\"R9xV9LEf1H\" width=\"600\" height=\"338\" frameborder=\"0\" marginwidth=\"0\" marginheight=\"0\" scrolling=\"no\"><\/iframe><\/p>\n<p>&nbsp;<\/p>\n<hr \/>\n<p>&nbsp;<\/p>\n<blockquote>\n<h3>LA RIFLESSIONE ALL&#8217;ALBA DI UNA NUOVA INVASIONE TURISTICA<\/h3>\n<\/blockquote>\n<p><strong>DI CLAUDIO PRA<\/strong><\/p>\n<p>AUDIO<\/p>\n<audio class=\"wp-audio-shortcode\" id=\"audio-281842-3\" preload=\"none\" style=\"width: 100%;\" controls=\"controls\"><source type=\"audio\/mpeg\" src=\"https:\/\/www.radiopiu.net\/wordpress\/wp-content\/uploads\/2022\/06\/CLAUDIO-PRA.mp3?_=3\" \/><a href=\"https:\/\/www.radiopiu.net\/wordpress\/wp-content\/uploads\/2022\/06\/CLAUDIO-PRA.mp3\">https:\/\/www.radiopiu.net\/wordpress\/wp-content\/uploads\/2022\/06\/CLAUDIO-PRA.mp3<\/a><\/audio>\n<p>&nbsp;<\/p>\n<p><img loading=\"lazy\" decoding=\"async\" class=\"alignleft\" src=\"https:\/\/www.radiopiu.net\/wordpress\/wp-content\/uploads\/2022\/06\/4a78a9e5-d05d-40c1-9be1-fd532925f88a.jpg\" width=\"163\" height=\"92\" \/><\/p>\n<p>Un turismo diverso ha invaso negli ultimi anni le Dolomiti, portando in dote tante presenze ma anche tanti incidenti causati da un approccio disinvolto con un ambiente comunque severo e certamente da non sottovalutare. Si usa dire che la montagna \u00e8 di tutti, ma non ci si dovrebbe anche porre la domanda se \u00e8 per tutti? Ovviamente questo quesito appare scomodo e l&#8217;argomento viene accuratamente evitato. \u00c8 di questi giorni la notizia che a luglio ad agosto di quest&#8217;anno (ma probabilmente l&#8217;iniziativa continuer\u00e0 anche nei prossimi anni) un secondo elicottero di soccorso entrer\u00e0 in azione, &#8220;Qualit\u00e0 in pi\u00f9 per il turista&#8221;, dice Zaia. \u00c8 come se in un&#8217;ambiente di lavoro dove si verificano frequentemente degli incidenti anzich\u00e9 andare a cercare le cause della problematica si affiancasse un secondo infermiere all&#8217;unico presente. Manca, a mio avviso, una strategia di comunicazione che possa alzare il tasso di cultura e consapevolezza sulla montagna, che cerchi, oltre che di propagandare le grandi bellezze, di responsabilizzare, informare, prevenire, educare. Ma tutto ci\u00f2 non sembra interessare e allora ok, mettiamo un secondo elicottero e risolviamo cos\u00ec il problema.<\/p>\n<p>Dopo questa premessa provo molto umilmente a ricordare ai meno esperti alcune regole non scritte, ma che se rispettate possono tornare utili quando si frequenta un ambiente come quello montano: Sar\u00e1 banale ma camminare su sentieri dove spesso il terreno \u00e8 sconnesso \u00e8 molto diverso dalla camminata tradizionale. Ovviamente un&#8217; adeguata calzatura risulta importantissima, ma occorre anche una tecnica appropriata. Appoggiare il piede sulla radice di un albero bagnata significa sicuramente scivolare cos\u00ec come posare i piedi a caso anzich\u00e9 cercare piccoli appoggi. Su terreni ghiaiosi poi, specie in discesa, lo scarpone dovrebbe essere posizionato di taglio per fare pi\u00f9 presa. Le innumerevoli cadute con traumi e slogature alle caviglie nascono quasi sempre dal modo sbagliato di affrontare un terreno che per molti risulta quasi sconosciuto, dove \u00e8 fondamentale rimanere concentrati. Un aiuto importante lo possono poi dare i bastoncini che, oltre ad aiutare nella progressione, permettono un migliore equilibrio.<\/p>\n<p>Prima di intraprendere un&#8217; escursione \u00e8 fondamentale conoscere il percorso che si intende affrontare, valutandone sviluppo, dislivello e difficolt\u00e0 tecniche. Occorre quindi informarsi preventivamente tramite esperti o reperendo informazioni in rete, da fonti affidabili. Ovviamente l&#8217;escursione va scelta in base al proprio allenamento ed alla propria esperienza. Sopravvalutarsi o voler ad ogni costo raggiungere un luogo senza averne le capacit\u00e0 significa andare incontro a guai sicuri. Altra cosa importantissima \u00e8 informarsi sulle previsioni meteo, cos\u00ec come seguire una tempistica adeguata alla lunghezza del percorso, per non rischiare di ritrovarsi tardi sulla via del ritorno ma anche evitando di camminare sotto un sole cocente che svuota di energie o iniziare il giro troppo tardi rischiando di &#8220;beccare&#8221; uno dei frequenti temporali estivi pomeridiani. Ad ogni modo occorre sempre essere disposti a tornare sui propri passi in ogni momento in caso di pericoli o spossatezza. Voler raggiungere la meta a tutti i costi espone a severi rischi.<\/p>\n<p>Con se si dovrebbe portare dell&#8217;acqua ed almeno un p\u00f3 di cioccolata, che aiutano a superare i momenti di crisi di un&#8217;attivit\u00e0 fisica intensa che magari non si \u00e8 abituati a svolgere.<\/p>\n<p>Nello zaino non devono mai mancare degli indumenti per coprirsi in caso il meteo cambi. In montagna il clima muta rapidamente e gli sbalzi termici possono risultare notevolissimi anche in estate. Meglio una giacca in pi\u00f9, che magari non si utilizzer\u00e0, piuttosto che ritrovarsi al freddo.<\/p>\n<p>Questi mi paiono alcuni dei consigli pi\u00f9 importanti, dati da uno che se li \u00e8 sentiti a sua volta dare e li ha fatti suoi. In montagna un incidente pu\u00f2 succedere, eccome, anche ai pi\u00f9 esperti, ma seguendo qualche regoletta di buon senso si limiterebbe molto la possibilit\u00e0 che ci\u00f2 avvenga. Occorre essere umili, specie se inesperti, non sottovalutando le difficolt\u00e0 di un ambiente non semplice da affrontare. Tanti social, con fotografie e relazioni affascinanti, attirano verso luoghi spesso fuori portata per i pi\u00f9. La montagna \u00e8 un luogo che pu\u00f2 permettere fantastiche esperienze a prescindere, dove ognuno dovrebbe muoversi in base alle proprie capacit\u00e0. Non c&#8217;\u00e8 da dimostrare niente a nessuno, voler spingersi oltre le proprie possibilit\u00e1 solo per poter vantarsi con gli amici \u00e8 pericoloso oltrech\u00e9 stupido. Per finire, se posso permettermi, consiglierei di liberare la testa ed entrare in simbiosi con ambiente e cultura montana, evitando di vivere le Dolomiti come un&#8217; estensione della vita di tutti i giorni. Frequentare posti poco affollati, poco conosciuti, ma spesso bellissimi \u00e8 molto pi\u00f9 gratificante del gettarsi nel caos di alcuni luoghi ritenuti top e permette un&#8217; esperienza diversa, con la probabile visione, se non si fa chiasso, di qualche animale selvatico. Mangiare i piatti della tradizione in un rifugio, senza pretendere un men\u00f9 da ristorante, \u00e8 segno di rispetto ed un aprirsi al luogo che si sta frequentando. E quella minestra e fagioli, dopo la fatica, risulter\u00e0 il piatto pi\u00f9 prelibato che si sia mai mangiato. Tenersi in tasca il fazzolettino di carta anzich\u00e9 gettarlo perch\u00e9, spesso a torto, si pensa &#8220;Tanto \u00e8 biodegradabile&#8221; \u00e8 rispettare la montagna e gli altri, evitando di trasformare i sentieri in tappeti di fazzoletti.<br \/>\nLa montagna ha tanto da dare a chi la cerca con il giusto spirito, non mettendo al centro se stesso ma considerandosi un elemento tra gli elementi, facendo il pieno di energia e sensazioni che poi rimarranno dentro per sempre.<br \/>\nBuona montagna a tutti.<\/p>\n<p>&nbsp;<\/p>\n<hr \/>\n<p>&nbsp;<\/p>\n<p>&nbsp;<\/p>\n<blockquote>\n<h3>UN\u2019ESTATE DI EVENTI E CULTURA SULLA MARMOLADA, LA REGINA DELLE DOLOMITI<\/h3>\n<\/blockquote>\n<p><a class=\"dt-pswp-item\" href=\"https:\/\/www.radiopiu.net\/wordpress\/wp-content\/uploads\/2022\/06\/893A2719-p-scaled.jpg\" data-dt-img-description=\"\" data-large_image_width=\"2560\" data-large_image_height=\"1707\"><img loading=\"lazy\" decoding=\"async\" class=\"wp-image-281962 alignleft\" src=\"https:\/\/www.radiopiu.net\/wordpress\/wp-content\/uploads\/2022\/06\/893A2719-p-scaled.jpg\" alt=\"\" width=\"208\" height=\"138\" srcset=\"https:\/\/www.radiopiu.net\/wordpress\/wp-content\/uploads\/2022\/06\/893A2719-p-scaled.jpg 2560w, https:\/\/www.radiopiu.net\/wordpress\/wp-content\/uploads\/2022\/06\/893A2719-p-300x200.jpg 300w, https:\/\/www.radiopiu.net\/wordpress\/wp-content\/uploads\/2022\/06\/893A2719-p-1024x683.jpg 1024w, https:\/\/www.radiopiu.net\/wordpress\/wp-content\/uploads\/2022\/06\/893A2719-p-768x512.jpg 768w, https:\/\/www.radiopiu.net\/wordpress\/wp-content\/uploads\/2022\/06\/893A2719-p-1536x1024.jpg 1536w, https:\/\/www.radiopiu.net\/wordpress\/wp-content\/uploads\/2022\/06\/893A2719-p-2048x1365.jpg 2048w\" sizes=\"auto, (max-width: 208px) 100vw, 208px\" \/><\/a><strong>ROCCA PIETORE<\/strong> Funivie Marmolada riapre le proprie porte sabato 18 giugno, rendendo nuovamente accessibile a tutti la Regina delle Dolomiti, con tutto il suo patrimonio culturale, storico e naturalistico, che sar\u00e0 protagonista di questa estate 2022. Con la funivia apriranno anche il Museo Marmolada Grande Guerra 3000 m, la terrazza panoramica a 3.265 m con vista a 360\u00b0 su tutti i nove sistemi delle Dolomiti &#8211; Patrimonio Unesco dal 2009 &#8211; la grotta della Madonna, con la statua consacrata da Papa Giovanni Paolo II nel 1979. Saranno poi accessibili anche i percorsi della Zona Monumentale Sacra di Punta Serauta, appena l\u2019ultima neve invernale si sar\u00e0 sciolta. Percorrere i corridoi del museo o i camminamenti di Serauta riporta indietro nel tempo e permette di scoprire molti dettagli della vita dei soldati a 3000 m durante la Grande Guerra. La cultura non sar\u00e0 per\u00f2 protagonista solamente in questi due luoghi, ma anche nel ricco calendario di eventi, che si aprir\u00e0 con un lieto ritorno, quello delle visite guidate gratuite al Museo Marmolada Grande Guerra 3000 m. Dopo due anni di fermo causa CoVid-19, il Museo ricomincer\u00e0 ad offrire questo importante e interessante servizio. Previa prenotazione al n. 334 6794461 sar\u00e0 quindi possibile essere accompagnati da una guida esperta, che aiuter\u00e0 gli ospiti a scoprire la vita dei soldati a 3000 m durante la Prima Guerra Mondiale. Sempre in ambito culturale, il 6 agosto salir\u00e0 sulla Marmolada un gruppo di rievocatori storici che far\u00e0 fare letteralmente un tuffo nella storia, raccontando eventi e storie di soldati sia nella Zona Monumentale Sacra di Punta Serauta, sia all\u2019interno del museo. Inoltre, durante l\u2019estate verr\u00e0 organizzata insieme all\u2019artista dolomitico Fabio Vettori una mostra personale sulle sue famose Formiche. La mostra verr\u00e0 inaugurata il 23 luglio e rester\u00e0 aperta e visitabile fino al 18 settembre, giorno di chiusura della funivia. Lo scopo delle mostre organizzate finora \u00e8 sempre stato quello di <a class=\"dt-pswp-item\" href=\"https:\/\/www.radiopiu.net\/wordpress\/wp-content\/uploads\/2022\/06\/20210806_081925-scaled.jpg\" data-dt-img-description=\"\" data-large_image_width=\"2560\" data-large_image_height=\"1440\"><img loading=\"lazy\" decoding=\"async\" class=\"wp-image-281963 alignright\" src=\"https:\/\/www.radiopiu.net\/wordpress\/wp-content\/uploads\/2022\/06\/20210806_081925-scaled.jpg\" alt=\"\" width=\"199\" height=\"112\" srcset=\"https:\/\/www.radiopiu.net\/wordpress\/wp-content\/uploads\/2022\/06\/20210806_081925-scaled.jpg 2560w, https:\/\/www.radiopiu.net\/wordpress\/wp-content\/uploads\/2022\/06\/20210806_081925-300x169.jpg 300w, https:\/\/www.radiopiu.net\/wordpress\/wp-content\/uploads\/2022\/06\/20210806_081925-1024x576.jpg 1024w, https:\/\/www.radiopiu.net\/wordpress\/wp-content\/uploads\/2022\/06\/20210806_081925-768x432.jpg 768w, https:\/\/www.radiopiu.net\/wordpress\/wp-content\/uploads\/2022\/06\/20210806_081925-1536x864.jpg 1536w, https:\/\/www.radiopiu.net\/wordpress\/wp-content\/uploads\/2022\/06\/20210806_081925-2048x1152.jpg 2048w\" sizes=\"auto, (max-width: 199px) 100vw, 199px\" \/><\/a>informare e promulgare la pace fra i popoli, solitamente attraverso il racconto della Grande Guerra. Quest\u2019anno \u00e8 stato scelto un tema pi\u00f9 alla portata di tutti, che trasporti il visitatore in un racconto di pace e fraternit\u00e0 attraverso la simpatica famiglia delle Formiche di Fabio Vettori, che negli anni ha gi\u00e0 trattato temi culturali di spessore, come la Divina Commedia di Dante Alighieri. Sar\u00e0 questa un\u2019occasione anche per festeggiare i 50 anni delle Formiche. Oltre alla mostra, Fabio Vettori sar\u00e0 presente anche il 23 luglio e il 10 settembre per tenere due laboratori di disegno per bambini e ragazzi (previa prenotazione). Sempre nell\u2019ambito di questi eventi di \u201cFormiche ad alta quota\u201d, l\u201911 agosto si terr\u00e0 anche una giornata di scultura dal vivo con il maestro Egidio Petri, che realizzer\u00e0 un\u2019opera dedicata alla Marmolada, Regina delle Dolomiti. Spazio anche per il divertimento con quattro serate dedicate all\u2019apr\u00e8s-trekking, una chiusura ritardata del bar Funivia a Malga Ciapela per tutti i malinconici degli apr\u00e8s-ski invernali, con drink e buona musica dal vivo nelle giornate 22 e 30 luglio, 13 e 20 agosto 2022. Dedicato invece alla bellezza delle Dolomiti \u00e8 l\u2019aperi-tramonto del 2 settembre, un evento organizzato nel Ristorante di Serauta al tramonto con musica dal vivo. Dopo un rilassante aperitivo ad alta quota, sar\u00e0 possibile salire fino a Punta Rocca per godere della bellezza del tramonto dai 3.265 m della terrazza panoramica. Torna poi quest\u2019anno anche la Santa Messa del 26 agosto per ricordare la visita di Papa Giovanni Paolo II del 1979. Il Papa quell\u2019anno sal\u00ec durante una visita ai luoghi natali di Papa Giovanni Paolo I e in quell\u2019occasione consacr\u00f2 anche una statua, la statua della Madonna, Regina delle Dolomiti, che ancora oggi \u00e8 conservata a Punta Rocca in una grotta ad essa dedicata. Infine, per chi vuole iniziare la mattina con una carica positiva davvero speciale, verr\u00e0 riproposto tutti i venerd\u00ec di agosto l\u2019appuntamento con lo yoga sulla Regina. L\u2019estate 2022 sulla Marmolada sar\u00e0 davvero adatta a tutti! Per maggiori informazioni contattare l\u2019ufficio comunicazione e marketing di Marmolada Srl: mobile +39.334 6794461 mail visitmarmolada@funiviemarmolada.com<\/p>\n<p>&nbsp;<\/p>\n<hr \/>\n<p>&nbsp;<\/p>\n<blockquote>\n<h3>PRESENTATA LA 36ESIMA EDIZIONE DELLA MOSTRA DELL&#8217;ARTIGIANATO DI FELTRE<\/h3>\n<\/blockquote>\n<p><strong><a class=\"dt-pswp-item\" href=\"https:\/\/www.radiopiu.net\/wordpress\/wp-content\/uploads\/2022\/06\/1655379070823-scaled.jpg\" data-dt-img-description=\"\" data-large_image_width=\"2560\" data-large_image_height=\"1709\"><img loading=\"lazy\" decoding=\"async\" class=\"alignleft wp-image-281992 \" src=\"https:\/\/www.radiopiu.net\/wordpress\/wp-content\/uploads\/2022\/06\/1655379070823-300x200.jpg\" alt=\"\" width=\"189\" height=\"126\" srcset=\"https:\/\/www.radiopiu.net\/wordpress\/wp-content\/uploads\/2022\/06\/1655379070823-300x200.jpg 300w, https:\/\/www.radiopiu.net\/wordpress\/wp-content\/uploads\/2022\/06\/1655379070823-1024x684.jpg 1024w, https:\/\/www.radiopiu.net\/wordpress\/wp-content\/uploads\/2022\/06\/1655379070823-768x513.jpg 768w, https:\/\/www.radiopiu.net\/wordpress\/wp-content\/uploads\/2022\/06\/1655379070823-1536x1025.jpg 1536w, https:\/\/www.radiopiu.net\/wordpress\/wp-content\/uploads\/2022\/06\/1655379070823-2048x1367.jpg 2048w\" sizes=\"auto, (max-width: 189px) 100vw, 189px\" \/><\/a>FELTRE<\/strong> A due settimane esatte dall\u2019inaugurazione, prevista per il 30 giugno prossimo, il comitato organizzatore della Mostra dell\u2019Artigianato Artistico e Tradizionale Citta\u0300 di Feltre ha presentato stamane nella Sala degli Stemmi del Municipio il programma di questa 36 esima edizione della rassegna, che rappresenta una delle manifestazioni- cardine del palinsesto estivo feltrino e non solo. Un\u2019edizione, questa del 2022, che si caratterizza come quella della definitiva ripartenza dopo le restrizioni degli ultimi due anni legate all\u2019emergenza sanitaria. La manifestazione sara\u0300 fortemente caratterizzata dalla lavorazione dei materiali piu\u0300 caratteristici della tradizione artigianale del territorio veneto: dal vetro al legno (con il simposio di scultura che trovera\u0300 quest\u2019anno la sua suggestiva ambientazione presso il Castello di Alboino), dai tessuti alla carta, solo per citare gli esempi piu\u0300 rilevanti. E poi, naturalmente, il ferro battuto. Anche quest\u2019anno protagonisti della manifestazione saranno infatti i fabbri che si sfideranno a colpi di maglio nel concorso di forgiatura per l\u2019assegnazione del premio intitolato a Carlo Rizzarda. In ferro battuto saranno anche alcune imponenti statue che saranno dislocate in alcuni punti strategici della cittadella, mentre in Piazza Maggiore \u2013 dove lo scorso anno la gondola veneziana richiamo\u0300 la curiosita\u0300 di migliaia di persone \u2013 sara\u0300 installato un altro oggetto artistico di sicuro interesse. In questa edizione 2022 torna inoltre a pieno regime il servizio di ristorazione con tre punti distinti a servizio del pubblico: presso il Vescovado di via Mezzaterra a cura del GILF, al castello di Alboino, sotto la Torre del Campanon, ad opera di alcuni esercenti feltrini e in piazzetta della Lana a cura dell\u2019Hockey Feltre.<\/p>\n<p><strong>LUCIANO GESIOT, PRESIDENTE DEL COMITATO ORGANIZZATORE<\/strong><\/p>\n<audio class=\"wp-audio-shortcode\" id=\"audio-281842-4\" preload=\"none\" style=\"width: 100%;\" controls=\"controls\"><source type=\"audio\/mpeg\" src=\"https:\/\/www.radiopiu.net\/wordpress\/wp-content\/uploads\/2022\/06\/Audio-Gesiot-c.s.-pres.ne_.mp3?_=4\" \/><a href=\"https:\/\/www.radiopiu.net\/wordpress\/wp-content\/uploads\/2022\/06\/Audio-Gesiot-c.s.-pres.ne_.mp3\">https:\/\/www.radiopiu.net\/wordpress\/wp-content\/uploads\/2022\/06\/Audio-Gesiot-c.s.-pres.ne_.mp3<\/a><\/audio>\n<p>&nbsp;<\/p>\n<hr \/>\n<p>&nbsp;<\/p>\n<blockquote>\n<h3>A FELTRE SI RICORDA L&#8217;ECCIDIO NAZIFASCISTA DELLA NOTTE DI SANTA MARINA<\/h3>\n<\/blockquote>\n<p><strong>FELTRE<\/strong><\/p>\n<p>di Roberto Bona<\/p>\n<audio class=\"wp-audio-shortcode\" id=\"audio-281842-5\" preload=\"none\" style=\"width: 100%;\" controls=\"controls\"><source type=\"audio\/mpeg\" src=\"https:\/\/www.radiopiu.net\/wordpress\/wp-content\/uploads\/2022\/06\/BONA-ANNIVERSARIO-SANTA-MARINA.mp3?_=5\" \/><a href=\"https:\/\/www.radiopiu.net\/wordpress\/wp-content\/uploads\/2022\/06\/BONA-ANNIVERSARIO-SANTA-MARINA.mp3\">https:\/\/www.radiopiu.net\/wordpress\/wp-content\/uploads\/2022\/06\/BONA-ANNIVERSARIO-SANTA-MARINA.mp3<\/a><\/audio>\n<p>&nbsp;<\/p>\n\n\t\t\t<style type='text\/css'>\n\t\t\t\t#gallery-5 {\n\t\t\t\t\tmargin: auto;\n\t\t\t\t}\n\t\t\t\t#gallery-5 .gallery-item {\n\t\t\t\t\tfloat: left;\n\t\t\t\t\tmargin-top: 10px;\n\t\t\t\t\ttext-align: center;\n\t\t\t\t\twidth: 50%;\n\t\t\t\t}\n\t\t\t\t#gallery-5 img {\n\t\t\t\t\tborder: 2px solid #cfcfcf;\n\t\t\t\t}\n\t\t\t\t#gallery-5 .gallery-caption {\n\t\t\t\t\tmargin-left: 0;\n\t\t\t\t}\n\t\t\t\t\/* see gallery_shortcode() in wp-includes\/media.php *\/\n\t\t\t<\/style>\n\t\t<div id='gallery-5' class='dt-gallery-container gallery galleryid-281842 gallery-columns-2 gallery-size-thumbnail'><dl class='gallery-item'>\n\t\t\t\t<dt class='gallery-icon landscape'>\n\t\t\t\t\t<a class=\"rollover rollover-zoom dt-pswp-item\" title=\"80c58a87-7057-4a00-ae34-33528c553d1a\" data-dt-img-description=\"\" data-large_image_width=\"642\" data-large_image_height=\"356\"href='https:\/\/www.radiopiu.net\/wordpress\/wp-content\/uploads\/2022\/06\/80c58a87-7057-4a00-ae34-33528c553d1a.jpg'><img loading=\"lazy\" decoding=\"async\" width=\"150\" height=\"150\" src=\"https:\/\/www.radiopiu.net\/wordpress\/wp-content\/uploads\/2022\/06\/80c58a87-7057-4a00-ae34-33528c553d1a-150x150.jpg\" class=\"attachment-thumbnail size-thumbnail\" alt=\"\" \/><\/a>\n\t\t\t\t<\/dt><\/dl><dl class='gallery-item'>\n\t\t\t\t<dt class='gallery-icon landscape'>\n\t\t\t\t\t<a class=\"rollover rollover-zoom dt-pswp-item\" title=\"23c24dd0-5394-4371-a195-99b0cae31316\" data-dt-img-description=\"\" data-large_image_width=\"636\" data-large_image_height=\"571\"href='https:\/\/www.radiopiu.net\/wordpress\/wp-content\/uploads\/2022\/06\/23c24dd0-5394-4371-a195-99b0cae31316.jpg'><img loading=\"lazy\" decoding=\"async\" width=\"150\" height=\"150\" src=\"https:\/\/www.radiopiu.net\/wordpress\/wp-content\/uploads\/2022\/06\/23c24dd0-5394-4371-a195-99b0cae31316-150x150.jpg\" class=\"attachment-thumbnail size-thumbnail\" alt=\"\" \/><\/a>\n\t\t\t\t<\/dt><\/dl><br style=\"clear: both\" \/>\n\t\t\t<\/div>\n\n<p>&nbsp;<\/p>\n<p>&nbsp;<\/p>\n<hr \/>\n<p>&nbsp;<\/p>\n<blockquote>\n<h3>IL BILANCIO DELL&#8217;ASCA ALL&#8217;ANALISI DEI CONSIGLIERI DI CANALE D&#8217;AGORDO<\/h3>\n<\/blockquote>\n<p><strong>CANALE D&#8217;AGORDO<\/strong> Giovedi alle 21 in sala Lina Zand\u00f2 consiglio comunale, all&#8217;ordine del giorno il bilancio dell&#8217;Asca, le variazioni al bilancio e il rendiconto della gestione dell&#8217;esercizio finanziario 2021.<\/p>\n<p>&nbsp;<\/p>\n<p>&nbsp;<\/p>\n<hr \/>\n<p>&nbsp;<\/p>\n<blockquote>\n<h3>UN INCONTRO CON IL DOTTOR ALBERTO PELLAI PER PARLARE DI ADOLESCENTI<\/h3>\n<\/blockquote>\n<p><strong>BELLUNO\u00a0 <\/strong>Il Dipartimento Dipendenze dell\u2019Ulss Dolomiti organizza un incontro con Alberto Pellai \u2013 medico, psicoterapeuta dell\u2019et\u00e0 evolutiva e scrittore &#8211; rivolto a genitori e adulti di riferimento degli adolescenti per condividere alcuni spunti e riflessioni su come accompagnare i ragazzi nella crescita nella delicata fase dell\u2019adolescenza, in particolare ponendo l\u2019attenzione sull\u2019intercettare il disagio causato dalla pandemia. L\u2019incontro si terr\u00e0 marted\u00ec 21 giugno alle 20.30 a Belluno presso la sala E. Dal Pont Bianchi \u2013 Viale Fantuzzi 11. La partecipazione \u00e8 gratuita e si richiede l\u2019uso della mascherina. I posti disponibili sono limitati e per questo motivo \u00e8 necessaria la prenotazione al seguente link: <a href=\"https:\/\/bit.ly\/3HoYXUx\">https:\/\/bit.ly\/3HoYXUx<\/a><\/p>\n<p>&nbsp;<\/p>\n<p>&nbsp;<\/p>\n<hr \/>\n<p>&nbsp;<\/p>\n<blockquote>\n<h3>LUXOTTICA, CASSA SOLIDARIETA&#8217; AZIENDALE, IL RESOCONTO<\/h3>\n<\/blockquote>\n<p><strong>BELLUNO<\/strong> Dopo l\u2019assemblea annuale dei soci, che si \u00e8 svolta sabato scorso, CSA, la Cassa Solidariet\u00e0 Aziendale Lavoratori Luxottica, presenta alla stampa il bilancio del 2021, i risultati raggiunti, l\u2019andamento delle iscrizioni, delle erogazioni e le novit\u00e0 per il 2022. Nella sede Cisl di Belluno in via Vittorio Veneto 284 interverranno il presidente della CSA Fabrizio Campedel, il vicepresidente Diego Palmeri e il consigliere del Cda Paolo Chissal\u00e8. <strong>Oggi alle 10.30 e alle 19.00 lo speciale alla radio come ogni terzo venerdi del mese, con Fabrizio Campedel e Paolo Chissal\u00e8.<\/strong><\/p>\n<p>&nbsp;<\/p>\n<p>&nbsp;<\/p>\n<hr \/>\n<p>&nbsp;<\/p>\n<blockquote>\n<h3>L&#8217;IMPORTANZA DELLA PREVENZIONE, IL CONVEGNO IN SALA DON TAMIS<\/h3>\n<\/blockquote>\n<p><strong><a class=\"dt-pswp-item\" href=\"https:\/\/www.radiopiu.net\/wordpress\/wp-content\/uploads\/2022\/06\/aaaa-3.jpg\" data-dt-img-description=\"\" data-large_image_width=\"369\" data-large_image_height=\"285\"><img loading=\"lazy\" decoding=\"async\" class=\"wp-image-281787 alignleft\" src=\"https:\/\/www.radiopiu.net\/wordpress\/wp-content\/uploads\/2022\/06\/aaaa-3.jpg\" alt=\"\" width=\"205\" height=\"158\" srcset=\"https:\/\/www.radiopiu.net\/wordpress\/wp-content\/uploads\/2022\/06\/aaaa-3.jpg 369w, https:\/\/www.radiopiu.net\/wordpress\/wp-content\/uploads\/2022\/06\/aaaa-3-300x232.jpg 300w\" sizes=\"auto, (max-width: 205px) 100vw, 205px\" \/><\/a>AGORDO<\/strong> Mercoledi 22 giugno alle 18 nella sala Don Tamis di via 27 aprile, incontro organizzato da Galik (Gruppo Associazioni Lavoro Intorno al cancro*). Il volontariato lavora e discute sul cancro dell&#8217;uomo e della donna. Quale prevenzione? Conduce Luisa Venturin, interverranno Pier Anna Dal Mas presidente Lilt (tumori della pelle); Daniele Xausa Presidente Dolomiti Uomo (tumore alla prostata); Carla Pra Baldi Presidente Ados di Belluno (Ados, 30 anni di prevenzione): Rosalisa Sartorel e Gianelda Ferro del Consultorio Familiare di Belluno (aspetti psico-oncologici in Consultorio.<\/p>\n<blockquote><p>*Il gruppo Galik rappresenta quattro associazioni: Ados (Associazione Donne Operate al Seno); Consultorio Familiare per il sostegno psicolo-oncologico; Dolomiti Uomo per il tumore alla prostata: Lilt (Lega Italiana lotta ai tumori). Il gruppo di volontari si propone di sensibilizzare la popolazione della provincia sull&#8217;importanza della prevenzione.<\/p><\/blockquote>\n<p>&nbsp;<\/p>\n<hr \/>\n<p>&nbsp;<\/p>\n<blockquote>\n<h3><b>IL MOSAICO ROMANO RESTAURATO <\/b><\/h3>\n<\/blockquote>\n<p><strong>PIEVE DI CADORE<\/strong>\u00a0 La Magnifica Comunit\u00e0 di Cadore, che ha proceduto nei mesi scorsi al rinnovamento e potenziamento del<strong>, <\/strong>Museo Archeologico Cadorino, in occasione delle Giornate europee dell\u2019archeologia (17, 18, 19 giugno) presenta il mosaico romano che risale al II secolo e fa parte della pavimentazione originale di un\u2019abitazione romana di et\u00e0 imperiale rinvenuta nel 1951 di fronte al Municipio di Pieve di Cadore, restaurato e riposizionato al secondo piano del palazzo. Oggi alle 17.30 l&#8217;inaugurazione.<\/p>\n<p>&nbsp;<\/p>\n<hr \/>\n<p>&nbsp;<\/p>\n<blockquote>\n<h3>SABATO 2 LUGLIO L&#8217;INAUGURAZIONE DELLA SCHOLA DEI BATTUTI A VALLADA<\/h3>\n<\/blockquote>\n<p><strong><a class=\"dt-pswp-item\" href=\"https:\/\/www.radiopiu.net\/wordpress\/wp-content\/uploads\/2022\/06\/Schola-dei-Battuti-presso-San-Simon-Vallada-Agordina.jpg\" data-dt-img-description=\"\" data-large_image_width=\"1600\" data-large_image_height=\"1200\"><img loading=\"lazy\" decoding=\"async\" class=\"size-thumbnail wp-image-280948 alignleft\" src=\"https:\/\/www.radiopiu.net\/wordpress\/wp-content\/uploads\/2022\/06\/Schola-dei-Battuti-presso-San-Simon-Vallada-Agordina-150x150.jpg\" alt=\"\" width=\"150\" height=\"150\" \/><\/a>VALLADA<\/strong> La Parrocchia di San Simone Apostolo di Vallada, il comune e la Fondazione Papa Luciani di Canale D&#8217;Agordo sono lieti di annunciare che sabato 2 luglio alle 16 a San Simon di Vallada verr\u00e0 inaugurata la Schola Dei Battuti. Saranno presenti il Vescovo di Belluno e Feltre Renato Marangoni, Don Vito De Vido parroco di Vallada, l&#8217;amministratore parrocchiale di Vallada Matteo Colle, il sindaco di Vallada Fabio Lucchetta, Mauro Soppelsa presidente del GAL Alto Bellunese e la Fondazione Cariverona. Interverranno Monsignor Giacomo Mazzorana direttore dell&#8217;ufficio beni culturali della diocesi di Belluno e Feltre, Loris Serafini direttore della Fondazione Papa Luciani, Gloria Manera progettista e direttore dei lavori e l&#8217;autore dell&#8217;opuscolo relativo alla Schola Dei Battuti. Moderer\u00e0 l&#8217;incontro Luca Lucchetta ex sindaco di Vallada. Alle 17 sul piazzale antistante la chiesa di San Simon il concerto della Banda Centrale di Zugliano diretta da Sandro Maculan. In caso di pioggia il concerto si terr\u00e0 al Nof Fil\u00f2 di Cencenighe.<\/p>\n<p><strong>DI GIANNI SANTOMASO<\/strong><\/p>\n<audio class=\"wp-audio-shortcode\" id=\"audio-281842-6\" preload=\"none\" style=\"width: 100%;\" controls=\"controls\"><source type=\"audio\/mpeg\" src=\"https:\/\/www.radiopiu.net\/wordpress\/wp-content\/uploads\/2022\/06\/GIANNI-SCHOLA-DEI-BATTUTI.mp3?_=6\" \/><a href=\"https:\/\/www.radiopiu.net\/wordpress\/wp-content\/uploads\/2022\/06\/GIANNI-SCHOLA-DEI-BATTUTI.mp3\">https:\/\/www.radiopiu.net\/wordpress\/wp-content\/uploads\/2022\/06\/GIANNI-SCHOLA-DEI-BATTUTI.mp3<\/a><\/audio>\n<p>&nbsp;<\/p>\n<hr \/>\n<p>&nbsp;<\/p>\n<blockquote>\n<h3>FAI UN GIRO IN VILLA 2022, 18-19 GIUGNO<\/h3>\n<\/blockquote>\n<p><strong>BELLUNO<\/strong> \u201cFAI un giro in villa\u201d, il Festival Laboratorio del Vivere la Villa Veneta\u00a0 con i Gruppi FAI Giovani del territorio \u00e8 giunto alla sesta edizione. Obiettivo del FAI \u00e8 quello di far rivivere alcune ville venete solitamente chiuse al pubblico, che ospiteranno per l\u2019occasione diverse iniziative: passeggiate, incontri, musica, con lo scopo di raccogliere fondi a favore di Monte Fontana Secca, un alpeggio con malga sul Massiccio del Monte Grappa a Quero Vas,\u00a0 donato al FAI nel 2015 dai fratelli Liliana e Bruno Collavo, che hanno cos\u00ec voluto onorare la memoria dei propri genitori. L\u2019appuntamento bellunese chiude l\u2019edizione 2022 di \u201cFAI un giro in villa\u201d: durante il week 18 e 19 giugno verr\u00e0 aperta dal Gruppo FAI Giovani di Belluno Villa Sacello Conte della Morgia a Col di Mezzo, in comune di Limana. Due sono gli eventi collaterali. In occasione del cinquantesimo della morte di Dino Buzzati \u201cpomeriggio buzzatiano\u201d sabato 18 giugno: dalle\u00a0 15 letture con la compagnia teatrale \u201cSur la Sc\u00e8ne\u201d\u00a0 e con lettura e musica con il cantautore Giorgio Fornasier. In villa si potr\u00e0 inoltre vedere l\u2019esposizione di quattro bassorilievi realizzati dagli studenti della Scuola del Legno di Sedico ispirati alle illustrazioni di Buzzati contenute nel suo \u201cMiracoli di Val Morel\u201d. Il secondo \u00e8 \u201cYoga in villa\u201d, a partire dalle 9.30: sabato 18 per gli adulti, domenica 19 per bambini dai 4 ai 10 anni (per informazioni e prenotazione si rimanda alla pagina Facebook del Gruppo FAI Giovani Belluno).<\/p>\n<p>&nbsp;<\/p>\n<p>&nbsp;<\/p>\n<hr \/>\n<p>&nbsp;<\/p>\n<blockquote>\n<h3>IL FESTIVAL INTERNAZIONALE DELLA FISARMONICA<\/h3>\n<\/blockquote>\n<p><strong><a class=\"dt-pswp-item\" href=\"https:\/\/www.radiopiu.net\/wordpress\/wp-content\/uploads\/2022\/06\/sa.jpg\" data-dt-img-description=\"\" data-large_image_width=\"473\" data-large_image_height=\"151\"><img loading=\"lazy\" decoding=\"async\" class=\"wp-image-280606 alignleft\" src=\"https:\/\/www.radiopiu.net\/wordpress\/wp-content\/uploads\/2022\/06\/sa.jpg\" alt=\"\" width=\"229\" height=\"73\" srcset=\"https:\/\/www.radiopiu.net\/wordpress\/wp-content\/uploads\/2022\/06\/sa.jpg 473w, https:\/\/www.radiopiu.net\/wordpress\/wp-content\/uploads\/2022\/06\/sa-300x96.jpg 300w\" sizes=\"auto, (max-width: 229px) 100vw, 229px\" \/><\/a>REDAZIONE<\/strong> Il Festival internazionale della Fisarmonica, Dolomiti 2022 ritorna in presenza con tre appuntamenti, dall&#8217;Agordino al Cadore. Prima serata venerdi 1 luglio alle 20.45 al Nof Fil\u00f2 di Cencenighe, sabato 2 luglio all&#8217;Auditorium dell&#8217;Istituto Canossiano di Feltre, domenica 3 luglio all&#8217;Auditorium Comunale di San Vito di Cadore. Ospiti della serata i pi\u00f9 noti concertisti del panorama musicale internazionale. E&#8217; un&#8217;iniziativa dell&#8217;Associazione Filarmonica, Fisorchestra G. Rossini di Santa Giustina. La Fisorchestra Rossini, diretta dal maestro Ernesto Bellus e la Fisorchestra Armonia, diretta dal maestro Mirko Satto si esibiranno nel repertorio classico e moderno; il Koa Quintett diretto dal maestro Nicola Bettiol suoner\u00e0 un repertorio oberkrainer. Informazioni negli uffici turistici di Cencenighe e Feltre. Presenta Michela Da Canal.<\/p>\n<p>&nbsp;<\/p>\n<hr \/>\n<p>&nbsp;<\/p>\n<blockquote>\n<h2>A FELTRE IL RITORNO DI WALTER DELOGU, CON IL LIBRO PARLATO E DUMIA<\/h2>\n<\/blockquote>\n<p><span style=\"font-family: Arial, serif;\"><strong><img decoding=\"async\" class=\"aligncenter\" src=\"https:\/\/www.radiopiu.net\/wordpress\/wp-content\/uploads\/2022\/06\/b79ce6a2-71a3-4a8f-8d35-a605fa14aae6-300x300.jpg\" \/>FELTRE<\/strong> Torna a Feltre Walter Delogu il pap\u00e0 di Andrea, famosa e amata star della televisione italiana. La sua \u00e8 una <\/span><span style=\"font-family: Arial, serif;\">storia<\/span><span style=\"font-family: Arial, serif;\"> particolare, che affonda le radici in un mondo fatto di luci e ombre sotto la scure della tossicodipendenza fino al riscatto, passando per il suo percorso a <\/span><span style=\"font-family: Arial, serif;\">San Patrignano<\/span><span style=\"font-family: Arial, serif;\"> e il racconto della sua storia impresso nel libro <\/span><span style=\"font-family: Arial, serif;\"><i>Il braccio destro<\/i><\/span><span style=\"font-family: Arial, serif;\">, scritto a quattro mani con l\u2019avvocato e blogger Davide Grassi. <\/span><span style=\"font-family: Arial, serif;\">Delogu sar\u00e0 a Belluno il 18 giugno per partecipare a Tedex Belluno e alla sera torner\u00e0 con grande entusiasmo a Feltre dove nel mese di ottobre ha presentato il suo libro e incontrato alcuni ragazzi della scuola Rocca insieme al Cilp , \u00e8 stato per lui un punto di partenza verso molteplici conferenze in tutta Italia per parlare di tossicodipendenza e prevenzione <\/span><em><span style=\"font-family: Arial, serif;\">Nel suo libro Walter cita il brano \u201ccara droga\u201d del cantautore salentino Franco Simone con il quale ha recentemente scoperto una certa affinit\u00e0 <\/span><\/em><em>\u201c <span style=\"font-family: Arial, serif;\">..\u00e8 <\/span><\/em><span style=\"font-family: Arial, serif;\"><i>la canzone che, in assoluto, ha espresso in modo originale, energico e combattivo, una lotta contro il problema della droga, quale piaga sociale diffusa in tutto il mondo, da decenni ormai..La capacit\u00e0 indiscussa di Franco Simone \u00e8 stata quella di essersi immedesimato nella vita delle persone che entrano in un tunnel senza fine per mai pi\u00f9 ritornare alla vita, affrontando questo problema che ci distrugge il fisico e la mente, con un amore egoista che ci assorbe vitalit\u00e0 e passione, per lasciarci in cambio solo la tristezza e la solitudine. <\/i><\/span><span style=\"font-family: Arial, serif;\"><i>Questa canzone, in <\/i><\/span><span style=\"font-family: Arial, serif;\"><i>Cile<\/i><\/span><span style=\"font-family: Arial, serif;\"><i> fu accolta subito su un \u201cpiatto d\u2019argento\u201d per diventare <\/i><\/span><span style=\"font-family: Arial, serif;\"><i>un \u201cinno\u201d nelle campagne<\/i><\/span><i> <\/i><span style=\"font-family: Arial, serif;\"><i>nazionali contro la droga<\/i><\/span><span style=\"font-family: Arial, serif;\"><i> per sensibilizzare la societ\u00e0 ad intervenire e risolvere questo problema che affligge i giovani soprattutto.<\/i><\/span><span style=\"font-family: Times New Roman, serif;\"><span style=\"font-size: medium;\"><span style=\"font-family: Arial, serif;\"><span style=\"font-size: small;\"><i>la droga ha solo cambiato aspetto, seguendo lo sviluppo scientifico, ma non mutando i suoi effetti e controindicazioni che conducono entrambi alla morte certa<\/i><\/span><\/span><span style=\"font-family: Arial, serif;\"><span style=\"font-size: small;\">.\u201d <\/span><\/span><\/span><\/span><span style=\"font-family: Arial, serif;\">Di tutto questo e molto altro si parler\u00e0 sabato sera in collaborazione con il Cilp la cui <\/span><span style=\"color: #000000;\"><span style=\"font-family: Arial, serif;\">mission s \u00e8 anche \u201cdare voce\u201d a tante realt\u00e0 di solidariet\u00e0 in ambiti diversi come Dumia Onlus <\/span><\/span><span style=\"color: #000000;\"><span style=\"font-family: Arial, serif;\">La Cooperativa Sociale &#8220;Dumia&#8221; nasce nel 1989 con il nome Cooperativa Sociale \u2018Le Braite\u2019 per favorire il reinserimento socio lavorativo di persone svantaggiate, in particolare tossicodipendenti, nell\u2019ambito dell\u2019esperienza dell\u2019omonima comunit\u00e0 pubblica dell\u2019U.L.S.S. n. 2. <\/span><\/span><span style=\"color: #000000;\"><span style=\"font-family: Arial, serif;\">Nel 1994 viene iscritta all\u2019albo delle Comunit\u00e0 Terapeutiche di tipo A della Regione del Veneto.\u00a0\u00a0<\/span><\/span> <span style=\"color: #000000;\"><span style=\"font-family: Arial, serif;\">Nel 2016 inizia il progetto \u201cLA TERRA A CHI LAVORA\u201d e Dumia ottiene dal Comune di Feltre il terreno adiacente alla comunit\u00e0 terapeutica per coltivarlo con metodo biologico. Nel 2016 si iniziano a coltivare ortaggi per l\u2019autoconsumo. Nel 2017, notando l\u2019impatto benefico di questo tipo di ergoterapia nei ragazzi ospiti della comunit\u00e0, si \u00e8 deciso di iniziare il progetto \u201c<\/span><\/span><span style=\"color: #000000;\"><span style=\"font-family: Arial, serif;\">COSTRUZIONE DI UN SOGNO<\/span><\/span><span style=\"color: #000000;\"><span style=\"font-family: Arial, serif;\">\u201d ampliando la superfice coltivata. <\/span><\/span><span style=\"font-family: Arial, serif;\">Interventi <\/span><span style=\"font-family: Arial, serif;\">Walter Delogu; <\/span><span style=\"font-family: Arial, serif;\">Federica Cesa e Pizzaia Daniela (Dumia);\u00a0 <\/span><span style=\"font-family: Arial, serif;\">Modera Luisa Alchini Cilp. <\/span><span style=\"font-family: Arial, serif;\">Diretta facebook <\/span><span style=\"font-family: Arial, serif;\"><b>Radio Pi\u00f9<\/b><\/span><\/p>\n<p>&nbsp;<\/p>\n<hr \/>\n<p>&nbsp;<\/p>\n<blockquote>\n<h3><span style=\"color: #ff0000;\">GIORNALE RADIOPIU DEL 24 MAGGIO 2022 &#8211; ARCHIVIO &#8211;\u00a0<\/span><\/h3>\n<\/blockquote>\n<blockquote class=\"wp-embedded-content\" data-secret=\"0zxPQ3VYUR\"><p><a href=\"https:\/\/www.radiopiu.net\/wordpress\/che-bella-la-laguna-vista-con-gli-occhi-dei-bambini\/\">CHE BELLA LA LAGUNA! VISTA CON GLI OCCHI DEI  RAGAZZI  DAL &#8220;LANCIONE&#8221; DELLA POLIZIA<\/a><\/p><\/blockquote>\n<p><iframe loading=\"lazy\" class=\"wp-embedded-content\" sandbox=\"allow-scripts\" security=\"restricted\" style=\"position: absolute; clip: rect(1px, 1px, 1px, 1px);\" title=\"&#8220;CHE BELLA LA LAGUNA! VISTA CON GLI OCCHI DEI  RAGAZZI  DAL &#8220;LANCIONE&#8221; DELLA POLIZIA&#8221; &#8212; Radio Pi\u00f9\" src=\"https:\/\/www.radiopiu.net\/wordpress\/che-bella-la-laguna-vista-con-gli-occhi-dei-bambini\/embed\/#?secret=SyXhzWgu7s#?secret=0zxPQ3VYUR\" data-secret=\"0zxPQ3VYUR\" width=\"600\" height=\"338\" frameborder=\"0\" marginwidth=\"0\" marginheight=\"0\" scrolling=\"no\"><\/iframe><\/p>\n<p>&nbsp;<\/p>\n<hr \/>\n<blockquote>\n<h3><\/h3>\n<h3><span style=\"color: #ff0000;\">GIORNALE RADIO PIU DEL 14 GIUGNO &#8211; ARCHIVIO\u00a0<\/span><\/h3>\n<\/blockquote>\n<blockquote class=\"wp-embedded-content\" data-secret=\"vsyjB3WkTR\"><p><a href=\"https:\/\/www.radiopiu.net\/wordpress\/luxottiva-test-per-lingresso-alluniversita-welfare-allargato\/\">LUXOTTICA, TEST PER L&#8217;INGRESSO ALL&#8217;UNIVERSITA&#8217;, WELFARE ALLARGATO<\/a><\/p><\/blockquote>\n<p><iframe loading=\"lazy\" class=\"wp-embedded-content\" sandbox=\"allow-scripts\" security=\"restricted\" style=\"position: absolute; clip: rect(1px, 1px, 1px, 1px);\" title=\"&#8220;LUXOTTICA, TEST PER L&#8217;INGRESSO ALL&#8217;UNIVERSITA&#8217;, WELFARE ALLARGATO&#8221; &#8212; Radio Pi\u00f9\" src=\"https:\/\/www.radiopiu.net\/wordpress\/luxottiva-test-per-lingresso-alluniversita-welfare-allargato\/embed\/#?secret=CPqYXCBAu4#?secret=vsyjB3WkTR\" data-secret=\"vsyjB3WkTR\" width=\"600\" height=\"338\" frameborder=\"0\" marginwidth=\"0\" marginheight=\"0\" scrolling=\"no\"><\/iframe><\/p>\n<p>&nbsp;<\/p>\n<p>&nbsp;<\/p>\n<p>&nbsp;<\/p>\n<hr \/>\n<p>&nbsp;<\/p>\n<blockquote>\n<h3>OGGI IN SALA DON TAMIS IL LIBRO DI ENRICO STALLIVIERE<\/h3>\n<\/blockquote>\n<p><strong><a class=\"dt-pswp-item\" href=\"https:\/\/www.radiopiu.net\/wordpress\/wp-content\/uploads\/2022\/06\/imbagina.jpg\" data-dt-img-description=\"\" data-large_image_width=\"1000\" data-large_image_height=\"1538\"><img loading=\"lazy\" decoding=\"async\" class=\"size-thumbnail wp-image-281722 alignleft\" src=\"https:\/\/www.radiopiu.net\/wordpress\/wp-content\/uploads\/2022\/06\/imbagina-150x150.jpg\" alt=\"\" width=\"150\" height=\"150\" \/><\/a>AGORDO<\/strong>\u00a0 Quelle che Enrico Stalliviere racconter\u00e0 oggi in sala \u201cdon Tamis\u201d in via 27 aprile ad Agordo, alle 18 saranno storie di caregh\u00e9te, racconti di un tempo lontano che ora possiamo solo leggere sui libri perch\u00e9 sono sempre meno i protagonisti che le hanno vissute. Figlio di un caregh\u00e9ta di Gosaldo, Augusto detto Gusti e lui stesso garzone al seguito del padre, di storie e aneddoti su quel mestiere cos\u00ec particolare ne ha sentite tante, e tante ne ha scritte. Questo \u00e8 l\u2019ultimo di una piccola collezione di libri che Enrico ha pubblicato sull\u2019argomento. I brevi racconti di questa raccolta bastano per far capire quale fosse la dura vita dei seggiolai che dai paesi dell\u2019Agordino si sparpagliavano nel nord Italia e in Francia come lavoratori ambulanti, ma di fatto artigiani specializzati che sapevano il loro mestiere. Dino Bridda nella prefazione, fa notare come il valore aggiunto alla narrazione di questi racconti sia l\u2019umanit\u00e0 che Enrico Stalliviere riesce a far emerge dal testo e dai\u00a0 personaggi che tratteggia e questo permette al suo libro di essere un testo originale nel panorama dell\u2019ampia pubblicistica sull\u2019argomento.<\/p>\n<p><strong>DI GIANNI SANTOMASO<\/strong><\/p>\n<audio class=\"wp-audio-shortcode\" id=\"audio-281842-7\" preload=\"none\" style=\"width: 100%;\" controls=\"controls\"><source type=\"audio\/mpeg\" src=\"https:\/\/www.radiopiu.net\/wordpress\/wp-content\/uploads\/2022\/06\/GIANNI-LIBRO-STALLIVIERE.mp3?_=7\" \/><a href=\"https:\/\/www.radiopiu.net\/wordpress\/wp-content\/uploads\/2022\/06\/GIANNI-LIBRO-STALLIVIERE.mp3\">https:\/\/www.radiopiu.net\/wordpress\/wp-content\/uploads\/2022\/06\/GIANNI-LIBRO-STALLIVIERE.mp3<\/a><\/audio>\n<p>&nbsp;<\/p>\n<hr \/>\n<blockquote>\n<h3><strong>\u00a0<\/strong><\/h3>\n<h3><strong>MESE DEL LIBRO IN ALPAGO \u00a0<\/strong><\/h3>\n<\/blockquote>\n<p><strong><a class=\"dt-pswp-item\" href=\"https:\/\/www.radiopiu.net\/wordpress\/wp-content\/uploads\/2022\/06\/situla-alpago-originale.L.jpg\" data-dt-img-description=\"\" data-large_image_width=\"1913\" data-large_image_height=\"1096\"><img loading=\"lazy\" decoding=\"async\" class=\"wp-image-281554 alignleft\" src=\"https:\/\/www.radiopiu.net\/wordpress\/wp-content\/uploads\/2022\/06\/situla-alpago-originale.L-300x172.jpg\" alt=\"\" width=\"262\" height=\"150\" srcset=\"https:\/\/www.radiopiu.net\/wordpress\/wp-content\/uploads\/2022\/06\/situla-alpago-originale.L-300x172.jpg 300w, https:\/\/www.radiopiu.net\/wordpress\/wp-content\/uploads\/2022\/06\/situla-alpago-originale.L-1024x587.jpg 1024w, https:\/\/www.radiopiu.net\/wordpress\/wp-content\/uploads\/2022\/06\/situla-alpago-originale.L-768x440.jpg 768w, https:\/\/www.radiopiu.net\/wordpress\/wp-content\/uploads\/2022\/06\/situla-alpago-originale.L-1536x880.jpg 1536w, https:\/\/www.radiopiu.net\/wordpress\/wp-content\/uploads\/2022\/06\/situla-alpago-originale.L.jpg 1913w\" sizes=\"auto, (max-width: 262px) 100vw, 262px\" \/><\/a>PIEVE D&#8217;ALPAGO<\/strong> Il 16 agosto 2022, saranno trascorsi vent\u2019anni dalla scoperta della situla bronzea istoriata datata VI-V sec. a.C., avvenuta a \u201cPian de la gnela\u201d a Pieve d\u2019Alpago. Il Comune di Alpago e la rassegna culturale Mese del Libro (che ritorna con questa anteprima dopo un anno di stop dovuto alla pandemia) dedicano alla ricorrenza (venerd\u00ec 17 giugno, alle 15, in sala \u201cPlacido Fabris\u201d a Pieve), un incontro internazionale con i massimi esperti e studiosi di questa arte intitolato: \u201cStudi e confronti sull\u2019Arte delle Situle: Monte Krn (Slovenia)-Alpago (Veneto)-Caravaggio (Lombardia)\u201d. Questo incontro di studio offre l\u2019opportunit\u00e0, anche al pubblico, di scoprire quanti possano essere i contenuti racchiusi in reperti come le situle, considerate le strette similitudini dei personaggi raffigurati, e a quali significati e relazioni tra genti dell\u2019Et\u00e0 del ferro potrebbero fare riferimento. I relatori dell\u2019incontro: Alessandro Vanzetti: Docente di archeologia all\u2019universit\u00e0 \u201cLa Sapienza\u201d di Roma; Luca Zaghetto: Ricercatore indipendente;\u00a0 Bostjan Laharnar, Peter Turk: Museo nazionale della Slovenia;\u00a0 Miha Mlinar: Museo di Tolmino; Diego Voltolini: Direttore del Museo archeologico nazionale delle Marche;\u00a0 Louis Nebelsick: Docente di archeologia presso l\u2019universit\u00e0 Cardinal Stefan Wyszynski di Varsavia; Elia Bettini: Ricercatore indipendente<\/p>\n<p>&nbsp;<\/p>\n<p>&nbsp;<\/p>\n<hr \/>\n<p>&nbsp;<\/p>\n<blockquote>\n<h3>&#8220;DOLOMITI PATRIMONIO DELL&#8217;UMANIT\u00c0&#8221; LO SPLENDIDO LIBRETTO DI PAOLO LAZZARIN SUL &#8220;PAESAGGIO ABITATO&#8221;<\/h3>\n<\/blockquote>\n<p><strong>di RENATO BONA<\/strong><\/p>\n<p>Nel giugno di 12 anni fa Paolo Lazzarin coordinava esemplarmente la realizzazione di un libretto (a scanso di equivoci: diminutivo buono solo per il formato!), quinto di una collana della Casa Editrice Panorama di Trento, stampato da Grafiche Antiga di Crocetta del Montello. Si tratta di &#8220;Dolomiti. Patrimonio dell&#8217;umanit\u00e0. Il paesaggio abitato&#8221; (gli altri titoli: &#8220;I Gruppi e le Cime&#8221;, &#8220;Rocce nate dal mare&#8221;, &#8220;Piante e fiori&#8221;; &#8220;Animali&#8221;, &#8220;Le conquiste dell&#8217;impossibile&#8221;, &#8220;Rifugi e sentieri&#8221;, &#8220;Leggende&#8221;. Corredata da splendide immagini, la pubblicazione \u00e8 dedicata ai &#8220;Gruppi montuosi protetti dall&#8217;Unesco&#8221;: 1 Pelmo, Cern\u00e8ra, Croda Da Lago, Form\u00ecn; 2 Marmolada, Vern\u00e8l; 3 Dolomiti centrali: Pale di San Martino, Focob\u00f3n, Pale di San Lucano, Agn\u00e8r, Civetta-Moiazza, T\u00e0mer-San Sebastiano, Spiz di Mezzod\u00ec-Pramp\u00e8r, Talvena-Pelf, Schiara, Monti del Sole, Vette Feltrine; 4 Dolomiti Friulane e d&#8217;Oltrepiave; 5 Dolomiti Settentrionali: Dolomiti del Boite, di Ampezzo, Cadini di Misurina, Tre Cime di Lavaredo, Pop\u00e8ra-Dolomiti di Sesto, F\u00e0nes-Sennes-Braies, Cunturines; 6 P\u00f9ez-Odle, Sass Rig\u00e0is, Sass\u00f2ngher; 7 Catinaccio, Sc\u00ecliar, V\u00e0jolet, L\u00e0temar; 8 Rio delle Foglie\/Bletterbach; 9 Dolomiti di Brenta. Giustamente, Lazzarin ricorda che \u00e8 del 26 giugno 2009 il provvedimento con il quale l&#8217;Unesco ha dichiarato &#8220;Patrimonio dell&#8217;Umanit\u00e0&#8221; da preservare intatto per le generazioni future, una vasta parte della regione dolomitica compresa nelle province di Bolzano, Trento, Belluno, Pordenone e Udine: qualcosa come 230 mila ettari di montagna (con le aree cuscinetto) sopra quota 2000, &#8220;pressoch\u00e9 privi di segni dell&#8217;uomo, escludendo sentieri e vie ferrate, una manciata di rifugi e rare funivie&#8221;. A suo avviso, Unesco ha optato per il &#8216;paesaggio geografico&#8217; degli spazi disabitati, fatto di crode che si elevano dai ghiaioni al di sopra dei pascoli. In un ambiente che un tempo veniva considerato orrido, che incuteva timore pi\u00f9 che rispetto, infruttuoso e portatore di rovine. Ed \u00e8 solo dalla met\u00e0 dell&#8217;Ottocento che &#8220;l&#8217;illuminato ardimento di esploratori e alpinisti ha riscattato quel regno di streghe e demoni e lo ha reso disponibile all&#8217;umano godimento&#8221;. Proseguiva sostenendo che &#8220;Il piedistallo di questi monumenti \u00e8 un mondo bucolico di boschi e pascoli, ruscelli e laghetti. E ci sono anche villaggi e masi, strade e opifici, che costituiscono il &#8216;paesaggio culturale&#8217;, espressione della vita sociale, in continua evoluzione e il cui sviluppo \u00e8 spesso imprevedibile&#8221;. Abitato e non abitato interagiscono mentre altitudine, condizioni climatiche ed orografia di un terriorio influiscono notevolmente sul carattere delle persone che lo abitano e ne condizionano il modo di vita e ne determinano lo sviluppo culturale e sociale. Dal canto suo l&#8217;uomo ha il potere di ridisegnare il paesaggio, modificando cos\u00ec la causa prima che ha mosso le sue azioni. Il paesaggio culturale \u00e8 dunque il risultato di una interazione tra uomo e natura, con i &#8216;segni dell&#8217;uomo&#8217; che rivelano l&#8217;incisivit\u00e0 della sua presenza e scrivono la storia di una popolazione&#8221;. Seguono i capitoletti in cui \u00e8 articolata la pubblicazione: &#8220;Lo sfruttamento della montagna&#8221; che \u00e8 da sempre fornitrice di beni alla pianura con bacini idrografici e centrali elettriche, miniere, boschi e cave di pietra; &#8220;I primi insediamenti&#8221; per rammentare che &#8220;L&#8217;uomo nelle Dolomiti \u00e8 arrivato circa 12.000 anni fa, al termine dell&#8217;ultima glaciazione&#8221;; &#8220;Il passaggio dei Romani&#8221; in cui si ricorda che del loro procedere verso i paesi di oltralpe (primo secolo avanti Cristo) ci sono i primi segni nella regione dolomitica: monete, cippi confinari, stele, strade, e che le milizie romane non percorsero lande disabitate dato che trovarono villaggi e castellieri costruiti da popolazioni celtiche, paleovenete, o veneto illiriche che si erano insediate nella regione cinque secoli prima. Ancora: &#8220;Le citt\u00e0 alpine&#8221;, &#8220;Invasioni culturali&#8221;, &#8220;Comunit\u00e0 isolate e aggregate&#8221;; &#8220;Le &#8216;viles&#8217; ladine&#8221;, &#8220;Forni e fucine lungo i torrenti&#8221;; &#8220;Pietra e legno&#8221;, &#8220;Il fuoco, cuore della casa&#8221;, &#8220;L&#8217;edilizia turistica&#8221;, &#8220;Le tendenze moderne&#8221;. Cio\u00e8 tutta una serie di notizie e situazioni sulle Dolomiti che se fino a due secoli fa creavano solamente problemi, registrarono poi l&#8217;arrivo dei naturalisti, quindi dei &#8220;viaggiatori&#8221;, poi degli esploratori e degli alpinisti e infine &#8220;furono invase da escursionisti, villeggianti e turisti ansiosi di godere meraviglie tanto decantate&#8221;.<\/p>\n\n\t\t\t<style type='text\/css'>\n\t\t\t\t#gallery-6 {\n\t\t\t\t\tmargin: auto;\n\t\t\t\t}\n\t\t\t\t#gallery-6 .gallery-item {\n\t\t\t\t\tfloat: left;\n\t\t\t\t\tmargin-top: 10px;\n\t\t\t\t\ttext-align: center;\n\t\t\t\t\twidth: 12%;\n\t\t\t\t}\n\t\t\t\t#gallery-6 img {\n\t\t\t\t\tborder: 2px solid #cfcfcf;\n\t\t\t\t}\n\t\t\t\t#gallery-6 .gallery-caption {\n\t\t\t\t\tmargin-left: 0;\n\t\t\t\t}\n\t\t\t\t\/* see gallery_shortcode() in wp-includes\/media.php *\/\n\t\t\t<\/style>\n\t\t<div id='gallery-6' class='dt-gallery-container gallery galleryid-281842 gallery-columns-8 gallery-size-thumbnail'><dl class='gallery-item'>\n\t\t\t\t<dt class='gallery-icon portrait'>\n\t\t\t\t\t<a class=\"rollover rollover-zoom dt-pswp-item\" title=\"286292789_327955889497524_1877509667066723029_n\" data-dt-img-description=\"\" data-large_image_width=\"1478\" data-large_image_height=\"2048\"href='https:\/\/www.radiopiu.net\/wordpress\/wp-content\/uploads\/2022\/06\/286292789_327955889497524_1877509667066723029_n.jpg'><img loading=\"lazy\" decoding=\"async\" width=\"150\" height=\"150\" src=\"https:\/\/www.radiopiu.net\/wordpress\/wp-content\/uploads\/2022\/06\/286292789_327955889497524_1877509667066723029_n-150x150.jpg\" class=\"attachment-thumbnail size-thumbnail\" alt=\"\" \/><\/a>\n\t\t\t\t<\/dt><\/dl><dl class='gallery-item'>\n\t\t\t\t<dt class='gallery-icon landscape'>\n\t\t\t\t\t<a class=\"rollover rollover-zoom dt-pswp-item\" title=\"287963474_983217989057340_5031429954344540789_n\" data-dt-img-description=\"\" data-large_image_width=\"2048\" data-large_image_height=\"1728\"href='https:\/\/www.radiopiu.net\/wordpress\/wp-content\/uploads\/2022\/06\/287963474_983217989057340_5031429954344540789_n.jpg'><img loading=\"lazy\" decoding=\"async\" width=\"150\" height=\"150\" src=\"https:\/\/www.radiopiu.net\/wordpress\/wp-content\/uploads\/2022\/06\/287963474_983217989057340_5031429954344540789_n-150x150.jpg\" class=\"attachment-thumbnail size-thumbnail\" alt=\"\" \/><\/a>\n\t\t\t\t<\/dt><\/dl><dl class='gallery-item'>\n\t\t\t\t<dt class='gallery-icon portrait'>\n\t\t\t\t\t<a class=\"rollover rollover-zoom dt-pswp-item\" title=\"285927659_3240891422862166_5100828832836308849_n\" data-dt-img-description=\"\" data-large_image_width=\"1395\" data-large_image_height=\"2048\"href='https:\/\/www.radiopiu.net\/wordpress\/wp-content\/uploads\/2022\/06\/285927659_3240891422862166_5100828832836308849_n.jpg'><img loading=\"lazy\" decoding=\"async\" width=\"150\" height=\"150\" src=\"https:\/\/www.radiopiu.net\/wordpress\/wp-content\/uploads\/2022\/06\/285927659_3240891422862166_5100828832836308849_n-150x150.jpg\" class=\"attachment-thumbnail size-thumbnail\" alt=\"\" \/><\/a>\n\t\t\t\t<\/dt><\/dl><dl class='gallery-item'>\n\t\t\t\t<dt class='gallery-icon landscape'>\n\t\t\t\t\t<a class=\"rollover rollover-zoom dt-pswp-item\" title=\"285971090_700739077882841_4953621951355415445_n\" data-dt-img-description=\"\" data-large_image_width=\"2048\" data-large_image_height=\"1384\"href='https:\/\/www.radiopiu.net\/wordpress\/wp-content\/uploads\/2022\/06\/285971090_700739077882841_4953621951355415445_n.jpg'><img loading=\"lazy\" decoding=\"async\" width=\"150\" height=\"150\" src=\"https:\/\/www.radiopiu.net\/wordpress\/wp-content\/uploads\/2022\/06\/285971090_700739077882841_4953621951355415445_n-150x150.jpg\" class=\"attachment-thumbnail size-thumbnail\" alt=\"\" \/><\/a>\n\t\t\t\t<\/dt><\/dl><dl class='gallery-item'>\n\t\t\t\t<dt class='gallery-icon portrait'>\n\t\t\t\t\t<a class=\"rollover rollover-zoom dt-pswp-item\" title=\"285475693_1263265084209742_4170413115306149227_n\" data-dt-img-description=\"\" data-large_image_width=\"1332\" data-large_image_height=\"2048\"href='https:\/\/www.radiopiu.net\/wordpress\/wp-content\/uploads\/2022\/06\/285475693_1263265084209742_4170413115306149227_n.jpg'><img loading=\"lazy\" decoding=\"async\" width=\"150\" height=\"150\" src=\"https:\/\/www.radiopiu.net\/wordpress\/wp-content\/uploads\/2022\/06\/285475693_1263265084209742_4170413115306149227_n-150x150.jpg\" class=\"attachment-thumbnail size-thumbnail\" alt=\"\" \/><\/a>\n\t\t\t\t<\/dt><\/dl><dl class='gallery-item'>\n\t\t\t\t<dt class='gallery-icon landscape'>\n\t\t\t\t\t<a class=\"rollover rollover-zoom dt-pswp-item\" title=\"287516569_774348137076286_8722750698834314825_n\" data-dt-img-description=\"\" data-large_image_width=\"2048\" data-large_image_height=\"1511\"href='https:\/\/www.radiopiu.net\/wordpress\/wp-content\/uploads\/2022\/06\/287516569_774348137076286_8722750698834314825_n.jpg'><img loading=\"lazy\" decoding=\"async\" width=\"150\" height=\"150\" src=\"https:\/\/www.radiopiu.net\/wordpress\/wp-content\/uploads\/2022\/06\/287516569_774348137076286_8722750698834314825_n-150x150.jpg\" class=\"attachment-thumbnail size-thumbnail\" alt=\"\" \/><\/a>\n\t\t\t\t<\/dt><\/dl><dl class='gallery-item'>\n\t\t\t\t<dt class='gallery-icon landscape'>\n\t\t\t\t\t<a class=\"rollover rollover-zoom dt-pswp-item\" title=\"286830665_1184044765750561_5561543678022343551_n\" data-dt-img-description=\"\" data-large_image_width=\"2048\" data-large_image_height=\"1608\"href='https:\/\/www.radiopiu.net\/wordpress\/wp-content\/uploads\/2022\/06\/286830665_1184044765750561_5561543678022343551_n.jpg'><img loading=\"lazy\" decoding=\"async\" width=\"150\" height=\"150\" src=\"https:\/\/www.radiopiu.net\/wordpress\/wp-content\/uploads\/2022\/06\/286830665_1184044765750561_5561543678022343551_n-150x150.jpg\" class=\"attachment-thumbnail size-thumbnail\" alt=\"\" \/><\/a>\n\t\t\t\t<\/dt><\/dl><dl class='gallery-item'>\n\t\t\t\t<dt class='gallery-icon portrait'>\n\t\t\t\t\t<a class=\"rollover rollover-zoom dt-pswp-item\" title=\"287825609_1211867546255454_8164441708946842561_n\" data-dt-img-description=\"\" data-large_image_width=\"1508\" data-large_image_height=\"1941\"href='https:\/\/www.radiopiu.net\/wordpress\/wp-content\/uploads\/2022\/06\/287825609_1211867546255454_8164441708946842561_n.jpg'><img loading=\"lazy\" decoding=\"async\" width=\"150\" height=\"150\" src=\"https:\/\/www.radiopiu.net\/wordpress\/wp-content\/uploads\/2022\/06\/287825609_1211867546255454_8164441708946842561_n-150x150.jpg\" class=\"attachment-thumbnail size-thumbnail\" alt=\"\" \/><\/a>\n\t\t\t\t<\/dt><\/dl><br style=\"clear: both\" \/><dl class='gallery-item'>\n\t\t\t\t<dt class='gallery-icon portrait'>\n\t\t\t\t\t<a class=\"rollover rollover-zoom dt-pswp-item\" title=\"285240721_799065851478489_5909556518349560128_n\" data-dt-img-description=\"\" data-large_image_width=\"1437\" data-large_image_height=\"2048\"href='https:\/\/www.radiopiu.net\/wordpress\/wp-content\/uploads\/2022\/06\/285240721_799065851478489_5909556518349560128_n.jpg'><img loading=\"lazy\" decoding=\"async\" width=\"150\" height=\"150\" src=\"https:\/\/www.radiopiu.net\/wordpress\/wp-content\/uploads\/2022\/06\/285240721_799065851478489_5909556518349560128_n-150x150.jpg\" class=\"attachment-thumbnail size-thumbnail\" alt=\"\" \/><\/a>\n\t\t\t\t<\/dt><\/dl><dl class='gallery-item'>\n\t\t\t\t<dt class='gallery-icon landscape'>\n\t\t\t\t\t<a class=\"rollover rollover-zoom dt-pswp-item\" title=\"285894672_1605525416507986_2595412773355644592_n\" data-dt-img-description=\"\" data-large_image_width=\"1788\" data-large_image_height=\"1037\"href='https:\/\/www.radiopiu.net\/wordpress\/wp-content\/uploads\/2022\/06\/285894672_1605525416507986_2595412773355644592_n.jpg'><img loading=\"lazy\" decoding=\"async\" width=\"150\" height=\"150\" src=\"https:\/\/www.radiopiu.net\/wordpress\/wp-content\/uploads\/2022\/06\/285894672_1605525416507986_2595412773355644592_n-150x150.jpg\" class=\"attachment-thumbnail size-thumbnail\" alt=\"\" \/><\/a>\n\t\t\t\t<\/dt><\/dl><dl class='gallery-item'>\n\t\t\t\t<dt class='gallery-icon landscape'>\n\t\t\t\t\t<a class=\"rollover rollover-zoom dt-pswp-item\" title=\"285100783_557608079207655_3953714294022795148_n\" data-dt-img-description=\"\" data-large_image_width=\"2015\" data-large_image_height=\"1240\"href='https:\/\/www.radiopiu.net\/wordpress\/wp-content\/uploads\/2022\/06\/285100783_557608079207655_3953714294022795148_n.jpg'><img loading=\"lazy\" decoding=\"async\" width=\"150\" height=\"150\" src=\"https:\/\/www.radiopiu.net\/wordpress\/wp-content\/uploads\/2022\/06\/285100783_557608079207655_3953714294022795148_n-150x150.jpg\" class=\"attachment-thumbnail size-thumbnail\" alt=\"\" \/><\/a>\n\t\t\t\t<\/dt><\/dl><dl class='gallery-item'>\n\t\t\t\t<dt class='gallery-icon landscape'>\n\t\t\t\t\t<a class=\"rollover rollover-zoom dt-pswp-item\" title=\"286372342_570916931073861_2297632103540543566_n\" data-dt-img-description=\"\" data-large_image_width=\"2048\" data-large_image_height=\"1227\"href='https:\/\/www.radiopiu.net\/wordpress\/wp-content\/uploads\/2022\/06\/286372342_570916931073861_2297632103540543566_n.jpg'><img loading=\"lazy\" decoding=\"async\" width=\"150\" height=\"150\" src=\"https:\/\/www.radiopiu.net\/wordpress\/wp-content\/uploads\/2022\/06\/286372342_570916931073861_2297632103540543566_n-150x150.jpg\" class=\"attachment-thumbnail size-thumbnail\" alt=\"\" \/><\/a>\n\t\t\t\t<\/dt><\/dl><dl class='gallery-item'>\n\t\t\t\t<dt class='gallery-icon landscape'>\n\t\t\t\t\t<a class=\"rollover rollover-zoom dt-pswp-item\" title=\"286920094_417529306918436_2740413178085311168_n\" data-dt-img-description=\"\" data-large_image_width=\"2048\" data-large_image_height=\"1855\"href='https:\/\/www.radiopiu.net\/wordpress\/wp-content\/uploads\/2022\/06\/286920094_417529306918436_2740413178085311168_n.jpg'><img loading=\"lazy\" decoding=\"async\" width=\"150\" height=\"150\" src=\"https:\/\/www.radiopiu.net\/wordpress\/wp-content\/uploads\/2022\/06\/286920094_417529306918436_2740413178085311168_n-150x150.jpg\" class=\"attachment-thumbnail size-thumbnail\" alt=\"\" \/><\/a>\n\t\t\t\t<\/dt><\/dl><dl class='gallery-item'>\n\t\t\t\t<dt class='gallery-icon portrait'>\n\t\t\t\t\t<a class=\"rollover rollover-zoom dt-pswp-item\" title=\"287480923_425564252761237_443292632062557023_n\" data-dt-img-description=\"\" data-large_image_width=\"1503\" data-large_image_height=\"2048\"href='https:\/\/www.radiopiu.net\/wordpress\/wp-content\/uploads\/2022\/06\/287480923_425564252761237_443292632062557023_n.jpg'><img loading=\"lazy\" decoding=\"async\" width=\"150\" height=\"150\" src=\"https:\/\/www.radiopiu.net\/wordpress\/wp-content\/uploads\/2022\/06\/287480923_425564252761237_443292632062557023_n-150x150.jpg\" class=\"attachment-thumbnail size-thumbnail\" alt=\"\" \/><\/a>\n\t\t\t\t<\/dt><\/dl><dl class='gallery-item'>\n\t\t\t\t<dt class='gallery-icon portrait'>\n\t\t\t\t\t<a class=\"rollover rollover-zoom dt-pswp-item\" title=\"285208610_549614020157376_4030962244813748333_n\" data-dt-img-description=\"\" data-large_image_width=\"1636\" data-large_image_height=\"2048\"href='https:\/\/www.radiopiu.net\/wordpress\/wp-content\/uploads\/2022\/06\/285208610_549614020157376_4030962244813748333_n.jpg'><img loading=\"lazy\" decoding=\"async\" width=\"150\" height=\"150\" src=\"https:\/\/www.radiopiu.net\/wordpress\/wp-content\/uploads\/2022\/06\/285208610_549614020157376_4030962244813748333_n-150x150.jpg\" class=\"attachment-thumbnail size-thumbnail\" alt=\"\" \/><\/a>\n\t\t\t\t<\/dt><\/dl><dl class='gallery-item'>\n\t\t\t\t<dt class='gallery-icon portrait'>\n\t\t\t\t\t<a class=\"rollover rollover-zoom dt-pswp-item\" title=\"287185473_1231978094274645_5979934987720213862_n\" data-dt-img-description=\"\" data-large_image_width=\"1284\" data-large_image_height=\"2048\"href='https:\/\/www.radiopiu.net\/wordpress\/wp-content\/uploads\/2022\/06\/287185473_1231978094274645_5979934987720213862_n.jpg'><img loading=\"lazy\" decoding=\"async\" width=\"150\" height=\"150\" src=\"https:\/\/www.radiopiu.net\/wordpress\/wp-content\/uploads\/2022\/06\/287185473_1231978094274645_5979934987720213862_n-150x150.jpg\" class=\"attachment-thumbnail size-thumbnail\" alt=\"\" \/><\/a>\n\t\t\t\t<\/dt><\/dl><br style=\"clear: both\" \/>\n\t\t\t<\/div>\n\n<p>NELLE FOTO (riproduzioni dal libretto &#8220;Dolomiti. Patrimonio dell&#8217;Umanit\u00e0. Il paesaggio abitato&#8221;): copertina della pubblicazione; l&#8217;Antelao; paesaggio della Val di Zoldo; Alleghe ed il suo lago; agglomerato del Fod\u00f2m bellunese; la diga del Fedaia; la centrale idroelettrica di Soverzene; ricostruzione del cacciatore di Mondeval (5.500 a.C.); iscrizioni confinarie romane sulle pendici del monte Civetta; classico scorcio di Colle Santa Lucia; bestiame al pascolo in basso Fod\u00f2m; panoramica di Zoldo innevato; Padola di Comelico; la longaronese frazione di Soffranco; per la chiusura &#8220;artistica&#8221; della carrellata di immagini: lo studio innevato del noto scultore Augusto Murer, a Molino di Falcade.<\/p>\n<p>&nbsp;<\/p>\n<p>&nbsp;<\/p>\n<hr \/>\n<p>&nbsp;<\/p>\n<blockquote>\n<h3>IL CAI DI BELLUNO RICORDA ENZO COZZOLINO<\/h3>\n<\/blockquote>\n<p><strong>BELLUNO <\/strong>Le Sezioni del CAI di Belluno e XXX ottobre di Trieste organizzano per questo fine settimana un evento per ricordare, a 50 anni della morte sulla Torre di Babele in Civetta, l&#8217;alpinista Enzo Cozzolino. Domani al Rifugio Tissi proiezione del filmato realizzato dalla Regione Friuli Venezia Giulia dal titolo &#8221; Echi verticali, la Via dei Fachiri&#8221;, una storia su Enzo Cozzolino e la presentazione del libro scritto per il 50\u00b0. Domenica mattina, alzabandiera e ricordo di Cozzolino. Nel pomeriggio, ore 15,30 circa al Vazzoler, ricordo di Enzo Cozzolino con la presenza degli amici dell&#8217;epoca e rappresentanze del CAI e Soccorso Alpino. L&#8217;ammaina bandiera concluder\u00e0 l&#8217;evento.<\/p>\n<p>&nbsp;<\/p>\n<p>&nbsp;<\/p>\n<hr \/>\n<p>&nbsp;<\/p>\n<blockquote>\n<h3>RINVIATA LA SERATA CON SAMMY BASSO A CAVIOLA<\/h3>\n<\/blockquote>\n<p><strong>CANALE D&#8217;AGORDO<\/strong> la serata con Sammy Basso prevista sabato\u00a0 alla Casa della Giovent\u00f9 di Caviola \u00e8 rinviata causa Covid a data da destinarsi.<\/p>\n<p>&nbsp;<\/p>\n<p>&nbsp;<\/p>\n<hr \/>\n<p>&nbsp;<\/p>\n<blockquote>\n<h3>CORSI PER E-BIKE DEDICATI AI BAMBINI<\/h3>\n<\/blockquote>\n<p><strong>ALLEGHE<\/strong> Dal 21 giugno al 26 luglio Agordino Bikes Guide organizza dei corsi rivolti ai bambini per l&#8217;uso corretto delle E-Bike. I corsi si terranno tutti i marted\u00ec ai Piani Di Pezz\u00e8 ed \u00e8 destinato a bambini dagli 8 anni in su. Per informazioni contattare Luca al 338 9869980 o Alan al 328 8768079<\/p>\n<p>&nbsp;<\/p>\n<hr \/>\n<p>&nbsp;<\/p>\n<blockquote>\n<h3>TORNA IL TEATRO A VILLA BUZZATI<\/h3>\n<\/blockquote>\n<p><strong><a class=\"dt-pswp-item\" href=\"https:\/\/www.radiopiu.net\/wordpress\/wp-content\/uploads\/2022\/06\/Antonella-Morassutti-La-Telefonista-scaled.jpg\" data-dt-img-description=\"\" data-large_image_width=\"2560\" data-large_image_height=\"1440\"><img loading=\"lazy\" decoding=\"async\" class=\" wp-image-281574 alignleft\" src=\"https:\/\/www.radiopiu.net\/wordpress\/wp-content\/uploads\/2022\/06\/Antonella-Morassutti-La-Telefonista-150x150.jpg\" alt=\"\" width=\"111\" height=\"111\" \/><\/a>BELLUNO<\/strong> Oggi ultimo appuntamento della prima parte di Buzz@ti\/amo, la rassegna culturale organizzata dall\u2019Associazione Villa Buzzati S. Pellegrino. Si chiude con il teatro in giardino (nel granaio in caso di pioggia) e con la rappresentazione de \u201cLa telefonista\u201d, che insieme a \u201cSola in casa\u201d, \u201cL\u2019orologio\u201d e \u201cSpogliarello\u201d \u00e8 uno dei quattro atti unici che Dino Buzzati ha dedicato alle donne. Con Antonella Morassutti (foto), voce recitante, la regia di Riccardo Ricci e i costumi di Ilenia Rossit.\u00a0 Realizzato in collaborazione con Circolo Cultura e Stampa di Belluno \u00e8 inserito nel progetto Dino Buzzati nel 50\u00b0anniversario della morte.\u201d<\/p>\n<p>&nbsp;<\/p>\n<hr \/>\n<p>&nbsp;<\/p>\n<p>&nbsp;<\/p>\n<blockquote class=\"wp-embedded-content\" data-secret=\"OmZzDIdEhA\"><p><a href=\"https:\/\/www.radiopiu.net\/wordpress\/nel-fine-settimana-el-bon-de-lansuda\/\">&#8220;EL BON DE L&#8217;ANSUDA&#8221; IL FINE SETTIMANA IN VALLE DEL BIOIS<\/a><\/p><\/blockquote>\n<p><iframe loading=\"lazy\" class=\"wp-embedded-content\" sandbox=\"allow-scripts\" security=\"restricted\" style=\"position: absolute; clip: rect(1px, 1px, 1px, 1px);\" title=\"&#8220;&#8220;EL BON DE L&#8217;ANSUDA&#8221; IL FINE SETTIMANA IN VALLE DEL BIOIS&#8221; &#8212; Radio Pi\u00f9\" src=\"https:\/\/www.radiopiu.net\/wordpress\/nel-fine-settimana-el-bon-de-lansuda\/embed\/#?secret=9jKnVz9AIg#?secret=OmZzDIdEhA\" data-secret=\"OmZzDIdEhA\" width=\"600\" height=\"338\" frameborder=\"0\" marginwidth=\"0\" marginheight=\"0\" scrolling=\"no\"><\/iframe><\/p>\n<p>&nbsp;<\/p>\n<p>&nbsp;<\/p>\n<hr \/>\n<p>&nbsp;<\/p>\n<blockquote>\n<h3>L&#8217;ORTO RITROVATO A SAN TOMASO<\/h3>\n<\/blockquote>\n<p><strong><img loading=\"lazy\" decoding=\"async\" class=\"alignleft\" src=\"https:\/\/www.radiopiu.net\/wordpress\/wp-content\/uploads\/2021\/08\/download.jpg\" width=\"232\" height=\"186\" \/>SAN TOMASO<\/strong> Domani a San Tomaso Agordino prende il via una serie di incontri di formazione pratica sulla riproduzione delle piante locali e sulle tecniche di coltivazione in alta montagna. Il corso, gratuito, \u00e8 rivolto a chi opera nell\u2019area del Gal Alto Bellunese ed \u00e8 finanziato nell\u2019ambito del PSL \u201cCIME\u201d del GAL &#8211; MISURA 19.3 PROGETTO DI COOPERAZIONE TRANSNAZIONALE \u201cL\u2019ORTO RITROVATO<\/p>\n<p><strong>L&#8217;INTERVISTA ALLA RADIO A JOHANNES KEINZEL<\/strong><\/p>\n<audio class=\"wp-audio-shortcode\" id=\"audio-281842-8\" preload=\"none\" style=\"width: 100%;\" controls=\"controls\"><source type=\"audio\/mpeg\" src=\"https:\/\/www.radiopiu.net\/wordpress\/wp-content\/uploads\/2022\/06\/johannes-keinzel-gal-15-giugno.mp3?_=8\" \/><a href=\"https:\/\/www.radiopiu.net\/wordpress\/wp-content\/uploads\/2022\/06\/johannes-keinzel-gal-15-giugno.mp3\">https:\/\/www.radiopiu.net\/wordpress\/wp-content\/uploads\/2022\/06\/johannes-keinzel-gal-15-giugno.mp3<\/a><\/audio>\n<p>&nbsp;<\/p>\n<p>&nbsp;<\/p>\n<hr \/>\n<p>&nbsp;<\/p>\n<blockquote>\n<h3>LA BANDA DA FODOM IN CONCERTO<\/h3>\n<\/blockquote>\n<p><strong>LIVINALLONGO<\/strong>\u00a0 Il concerto della banda da Fodom si terr\u00e0 domani alle 20.30 nella sala congressi di Arabba. Dirige Giuliano Federa, musiche di Jacob de Haan, Raymond Lefebvre, Philip Sparke, Thomas Asanger e Giuseppe Verdi<\/p>\n<p>&nbsp;<\/p>\n<hr \/>\n<p>&nbsp;<\/p>\n<blockquote>\n<h3>DOMENICA IL RADUNO ALFA ROMEO<\/h3>\n<\/blockquote>\n<p><strong>BORGO VALBELLUNA<\/strong> \u00c8 in programma domenica dalle 10 alle 18 in piazza Papa Luciani a Mel il raduno dell&#8217;Alfa Romeo. Potranno partecipare vetture storiche e moderne. La manifestazione viene effettuata con il patrocinio del comune di Borgo Valbelluna.<\/p>\n<p>&nbsp;<\/p>\n<p>&nbsp;<\/p>\n<hr \/>\n<p>&nbsp;<\/p>\n<blockquote>\n<h3>LA VERTIK AREA DOLOMITI INVITA GLI OPERATORI TURISTICI<\/h3>\n<\/blockquote>\n<p><strong>SAN TOMASO<\/strong> La Vertik Area Dolomiti invita tutte le realt\u00e0 turistiche dell&#8217;Unione Montana Agordina nella nuova struttura per far conoscere ai diretti interessati le proposte indor e outdor. In palestra ci saranno le guide alpine di Travelsport Mountain Guide che si faranno conoscere per poi muovere i primi passi con gli ospiti della vallata. Appuntamento per marted\u00ec alle 17:30 presso gli impianti sportivi di San Tomaso<\/p>\n<p>&nbsp;<\/p>\n<p>&nbsp;<\/p>\n<hr \/>\n<p>&nbsp;<\/p>\n<h2><span style=\"color: #ff0000;\">IERI ALLA RADIO\u00a0\u00a0<\/span><\/h2>\n<blockquote>\n<h2>LO SPECIALE SPI CGIL con Maria Rita Gentilin. Quindicinale appuntamento alla radio<\/h2>\n<\/blockquote>\n<p><a class=\"dt-pswp-item\" href=\"https:\/\/www.radiopiu.net\/wordpress\/wp-content\/uploads\/2019\/02\/Logo_Spi-CGIL-800x445.jpg\" data-dt-img-description=\"\" data-large_image_width=\"800\" data-large_image_height=\"445\"><img loading=\"lazy\" decoding=\"async\" class=\"size-medium wp-image-75538 alignleft\" src=\"https:\/\/www.radiopiu.net\/wordpress\/wp-content\/uploads\/2019\/02\/Logo_Spi-CGIL-800x445-300x167.jpg\" alt=\"\" width=\"300\" height=\"167\" srcset=\"https:\/\/www.radiopiu.net\/wordpress\/wp-content\/uploads\/2019\/02\/Logo_Spi-CGIL-800x445-300x167.jpg 300w, https:\/\/www.radiopiu.net\/wordpress\/wp-content\/uploads\/2019\/02\/Logo_Spi-CGIL-800x445-768x427.jpg 768w, https:\/\/www.radiopiu.net\/wordpress\/wp-content\/uploads\/2019\/02\/Logo_Spi-CGIL-800x445.jpg 800w\" sizes=\"auto, (max-width: 300px) 100vw, 300px\" \/><\/a><strong>di Claudio Fontanive<\/strong><\/p>\n<p>puntata 06 GIUGNO 2022<\/p>\n<p>&nbsp;<\/p>\n<p>&nbsp;<\/p>\n<p>&nbsp;<\/p>\n<p>&nbsp;<\/p>\n<audio class=\"wp-audio-shortcode\" id=\"audio-281842-9\" preload=\"none\" style=\"width: 100%;\" controls=\"controls\"><source type=\"audio\/mpeg\" src=\"https:\/\/www.radiopiu.net\/wordpress\/wp-content\/uploads\/2022\/04\/spi-gentilin-16-giugno.mp3?_=9\" \/><a href=\"https:\/\/www.radiopiu.net\/wordpress\/wp-content\/uploads\/2022\/04\/spi-gentilin-16-giugno.mp3\">https:\/\/www.radiopiu.net\/wordpress\/wp-content\/uploads\/2022\/04\/spi-gentilin-16-giugno.mp3<\/a><\/audio>\n<p>&nbsp;<\/p>\n<p>&nbsp;<\/p>\n<hr \/>\n<p>&nbsp;<\/p>\n<h2><span style=\"color: #ff0000;\">IERI ALLA RADIO\u00a0\u00a0<\/span><\/h2>\n<p><img loading=\"lazy\" decoding=\"async\" class=\"alignleft\" src=\"https:\/\/www.radiopiu.net\/wordpress\/wp-content\/uploads\/2022\/06\/55964156_879293789068941_1810006627076538368_n-300x300.jpg\" width=\"145\" height=\"145\" \/>SPECIALE MENSILE &#8220;120-80&#8221; DEDICATO ALLA SANITA&#8217;. IN COLLABORAZIONE CON IL POLIAMBULATORIO AGORDINO, IN STUDIO IL DOTTOR CESARE DAL BO&#8217;.<\/p>\n<blockquote><p><em>Dal Bo per quasi 40 anni ha lavorato come radiologo all\u2019ospedale di Agordo, un lavoro \u2013il suo \u2013finalizzato alla diagnostica e soltanto in piccola parte alla terapia. Dopo la pensione continua tuttora il suo lavoro come radiologo ma si occupa anche di ozonoterapia e ionorisonanza ciclotronica. Come mai questo interessamento verso forme diverse di medicina?<\/em><\/p>\n<p>PUNTATA DEL 16 GIUGNO 2022<\/p><\/blockquote>\n<p>di Claudio Fontanive<\/p>\n<audio class=\"wp-audio-shortcode\" id=\"audio-281842-10\" preload=\"none\" style=\"width: 100%;\" controls=\"controls\"><source type=\"audio\/mpeg\" src=\"https:\/\/www.radiopiu.net\/wordpress\/wp-content\/uploads\/2022\/04\/cesare-dal-bo-chirurgia-estecia-16-giugno.mp3?_=10\" \/><a href=\"https:\/\/www.radiopiu.net\/wordpress\/wp-content\/uploads\/2022\/04\/cesare-dal-bo-chirurgia-estecia-16-giugno.mp3\">https:\/\/www.radiopiu.net\/wordpress\/wp-content\/uploads\/2022\/04\/cesare-dal-bo-chirurgia-estecia-16-giugno.mp3<\/a><\/audio>\n<p>&nbsp;<\/p>\n<p>&nbsp;<\/p>\n<p>&nbsp;<\/p>\n<hr \/>\n<p>&nbsp;<\/p>\n<blockquote>\n<h2>SAN GIOVANNI, TRE GIORNI DI FESTA A CANALE D&#8217;AGORDO<\/h2>\n<\/blockquote>\n<p><strong>CANALE D&#8217;AGORDO<\/strong> Il ritorno della sagra di San Giovanni, riecco il corposo programma a pi\u00f9 firme: Comune, Polisportiva, Proloco, Ana e Abvs. Tre giorni di festa, il primo appuntamento venerdi 24, giorno di San Giovanni, con la festa per i 100 anni del distaccamento dei vigili del fuoco volontari del paese, presenza importante e fondamentale, da sempre. Sar\u00e0 anche il giorno dei coscritti del 2002, della musica di Oscar all&#8217;ora di pranzo\u00a0 e dei pregiati piatti con frittura di pesce e gli gnocchi ai porcini e puina sfumegada, oltre all&#8217;immancabile piatto del malgher e le trippe alla parmigiana. Gli aperitivi\u00a0 del sabato una garanzia con Ciccio di Oh per Bacco e la colonna musicale del duo jazz e bossanova Crestani-Burigo. Le notti da ballare: venerdi 24 con Cristian Group, sabato 25 con gli Hedera e il dj set, domenica 26 con Mely &amp; the moodies. PROGRAMMA RELIGIOSO: venerdi 24 alle 10.30 la messa nella chiesa di San Giovanni Battista.<\/p>\n\n\t\t\t<style type='text\/css'>\n\t\t\t\t#gallery-7 {\n\t\t\t\t\tmargin: auto;\n\t\t\t\t}\n\t\t\t\t#gallery-7 .gallery-item {\n\t\t\t\t\tfloat: left;\n\t\t\t\t\tmargin-top: 10px;\n\t\t\t\t\ttext-align: center;\n\t\t\t\t\twidth: 33%;\n\t\t\t\t}\n\t\t\t\t#gallery-7 img {\n\t\t\t\t\tborder: 2px solid #cfcfcf;\n\t\t\t\t}\n\t\t\t\t#gallery-7 .gallery-caption {\n\t\t\t\t\tmargin-left: 0;\n\t\t\t\t}\n\t\t\t\t\/* see gallery_shortcode() in wp-includes\/media.php *\/\n\t\t\t<\/style>\n\t\t<div id='gallery-7' class='dt-gallery-container gallery galleryid-281842 gallery-columns-3 gallery-size-medium'><dl class='gallery-item'>\n\t\t\t\t<dt class='gallery-icon portrait'>\n\t\t\t\t\t<a class=\"rollover rollover-zoom dt-pswp-item\" title=\"0a6150e4-bc70-4210-ad75-f53803953eb0\" data-dt-img-description=\"\" data-large_image_width=\"1131\" data-large_image_height=\"1600\"href='https:\/\/www.radiopiu.net\/wordpress\/wp-content\/uploads\/2022\/06\/0a6150e4-bc70-4210-ad75-f53803953eb0.jpg'><img loading=\"lazy\" decoding=\"async\" width=\"212\" height=\"300\" src=\"https:\/\/www.radiopiu.net\/wordpress\/wp-content\/uploads\/2022\/06\/0a6150e4-bc70-4210-ad75-f53803953eb0-212x300.jpg\" class=\"attachment-medium size-medium\" alt=\"\" srcset=\"https:\/\/www.radiopiu.net\/wordpress\/wp-content\/uploads\/2022\/06\/0a6150e4-bc70-4210-ad75-f53803953eb0-212x300.jpg 212w, https:\/\/www.radiopiu.net\/wordpress\/wp-content\/uploads\/2022\/06\/0a6150e4-bc70-4210-ad75-f53803953eb0-724x1024.jpg 724w, https:\/\/www.radiopiu.net\/wordpress\/wp-content\/uploads\/2022\/06\/0a6150e4-bc70-4210-ad75-f53803953eb0-768x1086.jpg 768w, https:\/\/www.radiopiu.net\/wordpress\/wp-content\/uploads\/2022\/06\/0a6150e4-bc70-4210-ad75-f53803953eb0-1086x1536.jpg 1086w, https:\/\/www.radiopiu.net\/wordpress\/wp-content\/uploads\/2022\/06\/0a6150e4-bc70-4210-ad75-f53803953eb0.jpg 1131w\" sizes=\"auto, (max-width: 212px) 100vw, 212px\" \/><\/a>\n\t\t\t\t<\/dt><\/dl><dl class='gallery-item'>\n\t\t\t\t<dt class='gallery-icon landscape'>\n\t\t\t\t\t<a class=\"rollover rollover-zoom dt-pswp-item\" title=\"117083109_183542043157133_75668120410207434_n\" data-dt-img-description=\"\" data-large_image_width=\"960\" data-large_image_height=\"503\"href='https:\/\/www.radiopiu.net\/wordpress\/wp-content\/uploads\/2022\/06\/117083109_183542043157133_75668120410207434_n.jpg'><img loading=\"lazy\" decoding=\"async\" width=\"300\" height=\"157\" src=\"https:\/\/www.radiopiu.net\/wordpress\/wp-content\/uploads\/2022\/06\/117083109_183542043157133_75668120410207434_n-300x157.jpg\" class=\"attachment-medium size-medium\" alt=\"\" srcset=\"https:\/\/www.radiopiu.net\/wordpress\/wp-content\/uploads\/2022\/06\/117083109_183542043157133_75668120410207434_n-300x157.jpg 300w, https:\/\/www.radiopiu.net\/wordpress\/wp-content\/uploads\/2022\/06\/117083109_183542043157133_75668120410207434_n-768x402.jpg 768w, https:\/\/www.radiopiu.net\/wordpress\/wp-content\/uploads\/2022\/06\/117083109_183542043157133_75668120410207434_n.jpg 960w\" sizes=\"auto, (max-width: 300px) 100vw, 300px\" \/><\/a>\n\t\t\t\t<\/dt><\/dl><dl class='gallery-item'>\n\t\t\t\t<dt class='gallery-icon landscape'>\n\t\t\t\t\t<a class=\"rollover rollover-zoom dt-pswp-item\" title=\"CANALE D&#039;AGORDO (3)\" data-dt-img-description=\"\" data-large_image_width=\"960\" data-large_image_height=\"720\"href='https:\/\/www.radiopiu.net\/wordpress\/wp-content\/uploads\/2020\/06\/CANALE-DAGORDO-3.jpg'><img loading=\"lazy\" decoding=\"async\" width=\"300\" height=\"225\" src=\"https:\/\/www.radiopiu.net\/wordpress\/wp-content\/uploads\/2020\/06\/CANALE-DAGORDO-3-300x225.jpg\" class=\"attachment-medium size-medium\" alt=\"\" srcset=\"https:\/\/www.radiopiu.net\/wordpress\/wp-content\/uploads\/2020\/06\/CANALE-DAGORDO-3-300x225.jpg 300w, https:\/\/www.radiopiu.net\/wordpress\/wp-content\/uploads\/2020\/06\/CANALE-DAGORDO-3-768x576.jpg 768w, https:\/\/www.radiopiu.net\/wordpress\/wp-content\/uploads\/2020\/06\/CANALE-DAGORDO-3.jpg 960w\" sizes=\"auto, (max-width: 300px) 100vw, 300px\" \/><\/a>\n\t\t\t\t<\/dt><\/dl><br style=\"clear: both\" \/>\n\t\t\t<\/div>\n\n<p>&nbsp;<\/p>\n<p>&nbsp;<\/p>\n<hr \/>\n<p>&nbsp;<\/p>\n<p>&nbsp;<\/p>\n<blockquote class=\"wp-embedded-content\" data-secret=\"hSyu9mZeS3\"><p><a href=\"https:\/\/www.radiopiu.net\/wordpress\/da-ieri-alla-radio-in-palinsesto-loris-e-maurizio-con-la-grande-musica\/\">IL BLUES ALLA RADIO &#8230; COME NON L&#8217;AVETE MAI SENTITO PRIMA<\/a><\/p><\/blockquote>\n<p><iframe loading=\"lazy\" class=\"wp-embedded-content\" sandbox=\"allow-scripts\" security=\"restricted\" style=\"position: absolute; clip: rect(1px, 1px, 1px, 1px);\" title=\"&#8220;IL BLUES ALLA RADIO &#8230; COME NON L&#8217;AVETE MAI SENTITO PRIMA&#8221; &#8212; Radio Pi\u00f9\" src=\"https:\/\/www.radiopiu.net\/wordpress\/da-ieri-alla-radio-in-palinsesto-loris-e-maurizio-con-la-grande-musica\/embed\/#?secret=TsO7sjnQUN#?secret=hSyu9mZeS3\" data-secret=\"hSyu9mZeS3\" width=\"600\" height=\"338\" frameborder=\"0\" marginwidth=\"0\" marginheight=\"0\" scrolling=\"no\"><\/iframe><\/p>\n<p>&nbsp;<\/p>\n<hr \/>\n<p>&nbsp;<\/p>\n<h2><span style=\"color: #008080;\">SALUTE &amp; SOCIETA&#8217;\u00a0<\/span><\/h2>\n<p><strong>LA RACCOLTA<\/strong><\/p>\n<blockquote class=\"wp-embedded-content\" data-secret=\"1NI2TfdSiW\"><p><a href=\"https:\/\/www.radiopiu.net\/wordpress\/saluteesocieta\/\">Salute e Societ\u00e0<\/a><\/p><\/blockquote>\n<p><iframe loading=\"lazy\" class=\"wp-embedded-content\" sandbox=\"allow-scripts\" security=\"restricted\" style=\"position: absolute; clip: rect(1px, 1px, 1px, 1px);\" title=\"&#8220;Salute e Societ\u00e0&#8221; &#8212; Radio Pi\u00f9\" src=\"https:\/\/www.radiopiu.net\/wordpress\/saluteesocieta\/embed\/#?secret=E3HEwjD8S1#?secret=1NI2TfdSiW\" data-secret=\"1NI2TfdSiW\" width=\"600\" height=\"338\" frameborder=\"0\" marginwidth=\"0\" marginheight=\"0\" scrolling=\"no\"><\/iframe><\/p>\n<p>&nbsp;<\/p>\n<hr \/>\n<p>&nbsp;<\/p>\n<p>&nbsp;<\/p>\n<blockquote class=\"wp-embedded-content\" data-secret=\"K41ts2uZkB\"><p><a href=\"https:\/\/www.radiopiu.net\/wordpress\/39annigiug16\/\">39 ANNI DI RADIO&#8230;IL PREMIO ALLA DISCREZIONE, CHE NON C&#8217;E&#8217; PIU&#8217;<\/a><\/p><\/blockquote>\n<p><iframe loading=\"lazy\" class=\"wp-embedded-content\" sandbox=\"allow-scripts\" security=\"restricted\" style=\"position: absolute; clip: rect(1px, 1px, 1px, 1px);\" title=\"&#8220;39 ANNI DI RADIO&#8230;IL PREMIO ALLA DISCREZIONE, CHE NON C&#8217;E&#8217; PIU&#8217;&#8221; &#8212; Radio Pi\u00f9\" src=\"https:\/\/www.radiopiu.net\/wordpress\/39annigiug16\/embed\/#?secret=auOomZliHT#?secret=K41ts2uZkB\" data-secret=\"K41ts2uZkB\" width=\"600\" height=\"338\" frameborder=\"0\" marginwidth=\"0\" marginheight=\"0\" scrolling=\"no\"><\/iframe><\/p>\n<p>&nbsp;<\/p>\n<p>&nbsp;<\/p>\n<hr \/>\n<h3 class=\"kvgmc6g5 cxmmr5t8 oygrvhab hcukyx3x c1et5uql\"><span style=\"color: #0000ff;\"><strong>\u00a0<\/strong><\/span><\/h3>\n<h3 class=\"kvgmc6g5 cxmmr5t8 oygrvhab hcukyx3x c1et5uql\"><span style=\"color: #0000ff;\"><strong>INFORMAZIONE il canale su TELEGRAM informazione di prima mano e in tempo reale. iscriviti ed aiutaci a farlo conoscere\u00a0 \u00a0<\/strong><\/span><\/h3>\n<p>&nbsp;<\/p>\n<hr \/>\n<p>&nbsp;<\/p>\n<blockquote>\n<h2><span style=\"color: #800080;\">STORIE A QUATTROCCHI<br \/>\nOGGI ALLE 9 E ALLE 18 LA NUOVA PUNTATA CON ELENA E STEFANIA<\/span><\/h2>\n<\/blockquote>\n<p><strong>PUNTATA DEL 15 GIUGNO 2022 CON ELENA E STEFANIA<\/strong><\/p>\n<audio class=\"wp-audio-shortcode\" id=\"audio-281842-11\" preload=\"none\" style=\"width: 100%;\" controls=\"controls\"><source type=\"audio\/mpeg\" src=\"https:\/\/www.radiopiu.net\/wordpress\/wp-content\/uploads\/2022\/06\/QOCCHI9.mp3?_=11\" \/><a href=\"https:\/\/www.radiopiu.net\/wordpress\/wp-content\/uploads\/2022\/06\/QOCCHI9.mp3\">https:\/\/www.radiopiu.net\/wordpress\/wp-content\/uploads\/2022\/06\/QOCCHI9.mp3<\/a><\/audio>\n<p><strong>\u00a0<\/strong><\/p>\n<p><strong>LA RACCOLTA COMPLETA\u00a0<\/strong><\/p>\n<blockquote class=\"wp-embedded-content\" data-secret=\"ACVZiW36vo\"><p><a href=\"https:\/\/www.radiopiu.net\/wordpress\/storie-a-quattrocchi\/\">Storie a quattrocchi<\/a><\/p><\/blockquote>\n<p><iframe loading=\"lazy\" class=\"wp-embedded-content\" sandbox=\"allow-scripts\" security=\"restricted\" style=\"position: absolute; clip: rect(1px, 1px, 1px, 1px);\" title=\"&#8220;Storie a quattrocchi&#8221; &#8212; Radio Pi\u00f9\" src=\"https:\/\/www.radiopiu.net\/wordpress\/storie-a-quattrocchi\/embed\/#?secret=KoM2nkJNIj#?secret=ACVZiW36vo\" data-secret=\"ACVZiW36vo\" width=\"600\" height=\"338\" frameborder=\"0\" marginwidth=\"0\" marginheight=\"0\" scrolling=\"no\"><\/iframe><\/p>\n<p>&nbsp;<\/p>\n<hr \/>\n<p>&nbsp;<\/p>\n<h2><\/h2>\n<h2><span style=\"color: #008080;\">&#8220;DINTORN E FORA VIA&#8221; A CURA DEL MUSLA, IL NUOVO PROGRAMMA\u00a0 \u00a0<\/span><\/h2>\n<p><strong>\u00a0PUNTATA DEL 14 GIUGNO 2022- CON\u00a0 \u00a0ERIK MARCON<\/strong><\/p>\n<audio class=\"wp-audio-shortcode\" id=\"audio-281842-12\" preload=\"none\" style=\"width: 100%;\" controls=\"controls\"><source type=\"audio\/mpeg\" src=\"https:\/\/www.radiopiu.net\/wordpress\/wp-content\/uploads\/2022\/06\/MUSLA-1.mp3?_=12\" \/><a href=\"https:\/\/www.radiopiu.net\/wordpress\/wp-content\/uploads\/2022\/06\/MUSLA-1.mp3\">https:\/\/www.radiopiu.net\/wordpress\/wp-content\/uploads\/2022\/06\/MUSLA-1.mp3<\/a><\/audio>\n<p>&nbsp;<\/p>\n<p><strong>LA RACCOLTA COMPLETA<\/strong><\/p>\n<blockquote class=\"wp-embedded-content\" data-secret=\"RjBs0haWUj\"><p><a href=\"https:\/\/www.radiopiu.net\/wordpress\/musla\/\">MUSLA<\/a><\/p><\/blockquote>\n<p><iframe loading=\"lazy\" class=\"wp-embedded-content\" sandbox=\"allow-scripts\" security=\"restricted\" style=\"position: absolute; clip: rect(1px, 1px, 1px, 1px);\" title=\"&#8220;MUSLA&#8221; &#8212; Radio Pi\u00f9\" src=\"https:\/\/www.radiopiu.net\/wordpress\/musla\/embed\/#?secret=fLu9ffnNpc#?secret=RjBs0haWUj\" data-secret=\"RjBs0haWUj\" width=\"600\" height=\"338\" frameborder=\"0\" marginwidth=\"0\" marginheight=\"0\" scrolling=\"no\"><\/iframe><\/p>\n<p>&nbsp;<\/p>\n<hr \/>\n<p>&nbsp;<\/p>\n<p>&nbsp;<\/p>\n<p>&nbsp;<\/p>\n<p>&nbsp;<\/p>\n<hr \/>\n<p>&nbsp;<\/p>\n<div>\n<div class=\"b654a4as d2edcug0\">\n<div class=\"rq0escxv hkbzh7o3 jwdofwj8 n8tt0mok r8blr3vg hyh9befq\">\n<p><a class=\"dt-pswp-item\" href=\"https:\/\/www.radiopiu.net\/wordpress\/wp-content\/uploads\/2020\/10\/pp.jpg\" data-dt-img-description=\"\" data-large_image_width=\"640\" data-large_image_height=\"640\"><img loading=\"lazy\" decoding=\"async\" class=\"wp-image-163678 alignleft\" src=\"https:\/\/www.radiopiu.net\/wordpress\/wp-content\/uploads\/2020\/10\/pp-300x300.jpg\" alt=\"\" width=\"106\" height=\"106\" srcset=\"https:\/\/www.radiopiu.net\/wordpress\/wp-content\/uploads\/2020\/10\/pp-300x300.jpg 300w, https:\/\/www.radiopiu.net\/wordpress\/wp-content\/uploads\/2020\/10\/pp-150x150.jpg 150w, https:\/\/www.radiopiu.net\/wordpress\/wp-content\/uploads\/2020\/10\/pp-125x125.jpg 125w, https:\/\/www.radiopiu.net\/wordpress\/wp-content\/uploads\/2020\/10\/pp-200x200.jpg 200w, https:\/\/www.radiopiu.net\/wordpress\/wp-content\/uploads\/2020\/10\/pp-80x80.jpg 80w, https:\/\/www.radiopiu.net\/wordpress\/wp-content\/uploads\/2020\/10\/pp-480x480.jpg 480w, https:\/\/www.radiopiu.net\/wordpress\/wp-content\/uploads\/2020\/10\/pp.jpg 640w\" sizes=\"auto, (max-width: 106px) 100vw, 106px\" \/><\/a><\/p>\n<\/div>\n<\/div>\n<\/div>\n<div>\n<div class=\"page-title-head hgroup\">\n<div class=\"page-title-head hgroup\">\n<div class=\"b654a4as d2edcug0\">\n<div class=\"j83agx80 btwxx1t3 lhclo0ds hop8lmos nkwizq5d scwd0bx6 roh60bw9\">\n<div class=\"rq0escxv hkbzh7o3 jwdofwj8 n8tt0mok r8blr3vg hyh9befq\">\n<div class=\"do00u71z l9j0dhe7 k4urcfbm\">\n<h2><span style=\"color: #000080;\">DON CESARE, IL PENSIERO DEL GIORNO. ALLA RADIO ALLE 7 DEL MATTINO E ALLE 19.30 DELLA SERA.\u00a0<\/span><\/h2>\n<p>&nbsp;<\/p>\n<\/div>\n<\/div>\n<\/div>\n<\/div>\n<\/div>\n<\/div>\n<\/div>\n<audio class=\"wp-audio-shortcode\" id=\"audio-281842-13\" preload=\"none\" style=\"width: 100%;\" controls=\"controls\"><source type=\"audio\/mpeg\" src=\"https:\/\/www.radiopiu.net\/wordpress\/wp-content\/uploads\/2022\/06\/CESARE-14.mp3?_=13\" \/><a href=\"https:\/\/www.radiopiu.net\/wordpress\/wp-content\/uploads\/2022\/06\/CESARE-14.mp3\">https:\/\/www.radiopiu.net\/wordpress\/wp-content\/uploads\/2022\/06\/CESARE-14.mp3<\/a><\/audio>\n<hr \/>\n<p>&nbsp;<\/p>\n<div class=\"do00u71z l9j0dhe7 k4urcfbm\">\n<div class=\"page-title-head hgroup\">\n<div class=\"page-title-head hgroup\">\n<div class=\"b654a4as d2edcug0\">\n<div class=\"j83agx80 btwxx1t3 lhclo0ds hop8lmos nkwizq5d scwd0bx6 roh60bw9\">\n<div class=\"rq0escxv hkbzh7o3 jwdofwj8 n8tt0mok r8blr3vg hyh9befq\">\n<div class=\"do00u71z l9j0dhe7 k4urcfbm\">\n<div class=\"page-title-head hgroup\">\n<div class=\"page-title-head hgroup\">\n<div class=\"b654a4as d2edcug0\">\n<div class=\"j83agx80 btwxx1t3 lhclo0ds hop8lmos nkwizq5d scwd0bx6 roh60bw9\">\n<div class=\"rq0escxv hkbzh7o3 jwdofwj8 n8tt0mok r8blr3vg hyh9befq\">\n<div class=\"do00u71z l9j0dhe7 k4urcfbm\">\n<div class=\"ecm0bbzt e5nlhep0 a8c37x1j\">\n<div class=\"kvgmc6g5 cxmmr5t8 oygrvhab hcukyx3x c1et5uql\">\n<div class=\"gmail-kvgmc6g5 gmail-cxmmr5t8 gmail-oygrvhab gmail-hcukyx3x gmail-c1et5uql gmail-ii04i59q\">\n<div class=\"page-title-head hgroup\">\n<div class=\"page-title-head hgroup\">\n<div class=\"b654a4as d2edcug0\">\n<div class=\"j83agx80 btwxx1t3 lhclo0ds hop8lmos nkwizq5d scwd0bx6 roh60bw9\">\n<div class=\"rq0escxv hkbzh7o3 jwdofwj8 n8tt0mok r8blr3vg hyh9befq\">\n<div class=\"do00u71z l9j0dhe7 k4urcfbm\">\n<div class=\"page-title-head hgroup\">\n<div class=\"page-title-head hgroup\">\n<div class=\"b654a4as d2edcug0\">\n<div class=\"j83agx80 btwxx1t3 lhclo0ds hop8lmos nkwizq5d scwd0bx6 roh60bw9\">\n<div class=\"rq0escxv hkbzh7o3 jwdofwj8 n8tt0mok r8blr3vg hyh9befq\">\n<div class=\"do00u71z l9j0dhe7 k4urcfbm\">\n<div class=\"page-title-head hgroup\">\n<div class=\"page-title-head hgroup\">\n<div class=\"b654a4as d2edcug0\">\n<div class=\"j83agx80 btwxx1t3 lhclo0ds hop8lmos nkwizq5d scwd0bx6 roh60bw9\">\n<div class=\"rq0escxv hkbzh7o3 jwdofwj8 n8tt0mok r8blr3vg hyh9befq\">\n<div class=\"do00u71z l9j0dhe7 k4urcfbm\">\n<div class=\"ecm0bbzt e5nlhep0 a8c37x1j\">\n<div class=\"kvgmc6g5 cxmmr5t8 oygrvhab hcukyx3x c1et5uql\">\n<div class=\"gmail-kvgmc6g5 gmail-cxmmr5t8 gmail-oygrvhab gmail-hcukyx3x gmail-c1et5uql gmail-ii04i59q\">\n<div class=\"page-title-head hgroup\">\n<div class=\"page-title-head hgroup\">\n<div class=\"b654a4as d2edcug0\">\n<div class=\"j83agx80 btwxx1t3 lhclo0ds hop8lmos nkwizq5d scwd0bx6 roh60bw9\">\n<div class=\"rq0escxv hkbzh7o3 jwdofwj8 n8tt0mok r8blr3vg hyh9befq\">\n<div class=\"do00u71z l9j0dhe7 k4urcfbm\">\n<blockquote>\n<h3><span style=\"color: #ff0000;\">IN VIVO VERSO,\u00a0 RIASCOLTIAMOLE DAL LUNEDI AL VENERDI ALLE 7.10, 10.10, 18 50<\/span><\/h3>\n<h3>RIASCOLTIAMOLE, STAGIONE 2019_2020 EMY FRANCESCHINI &#8220;DI TE&#8221;<\/h3>\n<\/blockquote>\n<p>AUDIO<\/p>\n<audio class=\"wp-audio-shortcode\" id=\"audio-281842-14\" preload=\"none\" style=\"width: 100%;\" controls=\"controls\"><source type=\"audio\/mpeg\" src=\"https:\/\/www.radiopiu.net\/wordpress\/wp-content\/uploads\/2022\/06\/04-EMI-FRANCECHINI-DI-TE.mp3?_=14\" \/><a href=\"https:\/\/www.radiopiu.net\/wordpress\/wp-content\/uploads\/2022\/06\/04-EMI-FRANCECHINI-DI-TE.mp3\">https:\/\/www.radiopiu.net\/wordpress\/wp-content\/uploads\/2022\/06\/04-EMI-FRANCECHINI-DI-TE.mp3<\/a><\/audio>\n<p><img loading=\"lazy\" decoding=\"async\" class=\"\" src=\"https:\/\/www.radiopiu.net\/wordpress\/wp-content\/uploads\/2022\/03\/EMY.jpg\" width=\"188\" height=\"195\" \/><\/p>\n<h3><strong style=\"font-size: 14px;\">LA RACCOLTA COMPLETA<\/strong><\/h3>\n<blockquote class=\"wp-embedded-content\" data-secret=\"HL2ghEchUY\"><p><a href=\"https:\/\/www.radiopiu.net\/wordpress\/in-vivo-verso\/\">In Vivo Verso<\/a><\/p><\/blockquote>\n<p><iframe loading=\"lazy\" class=\"wp-embedded-content\" sandbox=\"allow-scripts\" security=\"restricted\" style=\"position: absolute; clip: rect(1px, 1px, 1px, 1px);\" title=\"&#8220;In Vivo Verso&#8221; &#8212; Radio Pi\u00f9\" src=\"https:\/\/www.radiopiu.net\/wordpress\/in-vivo-verso\/embed\/#?secret=ZCFs8mEh5O#?secret=HL2ghEchUY\" data-secret=\"HL2ghEchUY\" width=\"600\" height=\"338\" frameborder=\"0\" marginwidth=\"0\" marginheight=\"0\" scrolling=\"no\"><\/iframe><\/p>\n<p>&nbsp;<\/p>\n<hr \/>\n<p>&nbsp;<\/p>\n<p><span style=\"color: #0000ff;\">MUSICA PIU&#8217;\u00a0<\/span><\/p>\n<p><a href=\"https:\/\/www.radiopiu.net\/wordpress\/giornale-radiopiu-20-settembre-2021-direttore-mirko-mezzacasa\/pp-79\/\" rel=\"attachment wp-att-232921\"><img loading=\"lazy\" decoding=\"async\" class=\"wp-image-232921 alignleft\" src=\"https:\/\/www.radiopiu.net\/wordpress\/wp-content\/uploads\/2021\/09\/pp-1-300x300.jpg\" alt=\"\" width=\"135\" height=\"135\" srcset=\"https:\/\/www.radiopiu.net\/wordpress\/wp-content\/uploads\/2021\/09\/pp-1-300x300.jpg 300w, https:\/\/www.radiopiu.net\/wordpress\/wp-content\/uploads\/2021\/09\/pp-1-150x150.jpg 150w, https:\/\/www.radiopiu.net\/wordpress\/wp-content\/uploads\/2021\/09\/pp-1.jpg 640w\" sizes=\"auto, (max-width: 135px) 100vw, 135px\" \/><\/a><\/p>\n<div class=\"mkdf-post-text\">\n<div class=\"mkdf-post-text-inner\">\n<div class=\"mkdf-post-text-main\">\n<div class=\"mkdf-post-text\">\n<div class=\"mkdf-post-text-inner\">\n<div class=\"mkdf-post-text-main\">\n<div class=\"mkdf-post-text\">\n<div class=\"mkdf-post-text-inner\">\n<div class=\"mkdf-post-text-main\">\n<div class=\"page-title-head hgroup\">\n<div class=\"page-title-head hgroup\">\n<div class=\"mkdf-post-text\">\n<div class=\"mkdf-post-text-inner\">\n<div class=\"mkdf-post-text-main\">\n<div class=\"mkdf-post-text\">\n<div class=\"mkdf-post-text-inner\">\n<div class=\"mkdf-post-text-main\">\n<div class=\"page-title-head hgroup\">\n<div class=\"page-title-head hgroup\">\n<div class=\"page-title-head hgroup\">\n<div class=\"page-title-head hgroup\">\n<div class=\"b654a4as d2edcug0\">\n<div class=\"page-title-head hgroup\">\n<div class=\"page-title-head hgroup\">\n<div class=\"page-title-head hgroup\">\n<div class=\"page-title-head hgroup\">\n<div class=\"b654a4as d2edcug0\">\n<div class=\"page-title-head hgroup\">\n<div class=\"page-title-head hgroup\">\n<div class=\"page-title-head hgroup\">\n<div class=\"page-title-head hgroup\">\n<div class=\"b654a4as d2edcug0\">\n<div class=\"mkdf-post-text\">\n<div class=\"mkdf-post-text-inner\">\n<div class=\"mkdf-post-text-main\">\n<div class=\"mkdf-post-text\">\n<div class=\"mkdf-post-text-inner\">\n<div class=\"mkdf-post-text-main\">\n<div class=\"mkdf-post-text\">\n<div class=\"mkdf-post-text-inner\">\n<div class=\"mkdf-post-text-main\">\n<div class=\"page-title-head hgroup\">\n<div class=\"page-title-head hgroup\">\n<div class=\"mkdf-post-text\">\n<div class=\"mkdf-post-text-inner\">\n<div class=\"mkdf-post-text-main\">\n<div class=\"mkdf-post-text\">\n<div class=\"mkdf-post-text-inner\">\n<div class=\"mkdf-post-text-main\">\n<div class=\"page-title-head hgroup\">\n<div class=\"page-title-head hgroup\">\n<div class=\"page-title-head hgroup\">\n<div class=\"page-title-head hgroup\">\n<div class=\"b654a4as d2edcug0\">\n<div class=\"page-title-head hgroup\">\n<div class=\"page-title-head hgroup\">\n<div class=\"page-title-head hgroup\">\n<div class=\"page-title-head hgroup\">\n<div class=\"b654a4as d2edcug0\">\n<div class=\"page-title-head hgroup\">\n<div class=\"page-title-head hgroup\">\n<div class=\"page-title-head hgroup\">\n<div class=\"page-title-head hgroup\">\n<div class=\"b654a4as d2edcug0\">\n<div><\/div>\n<div><\/div>\n<div>\n<p><strong>MUSICA ALLA RADIO, IL PROGRAMMA DI LORIS SCUSSEL &#8220;COLLAGE OPERAZIONE NOSTALGIA&#8221; DAL LUNEDI AL VENERDI ALLE 16.00\u00a0 E ALLE 23\u00a0<\/strong><\/p>\n<p>&nbsp;<\/p>\n<p><strong>PUNTATA 629 DEL 16 GIUGNO 2022<\/strong><\/p>\n<\/div>\n<\/div>\n<audio class=\"wp-audio-shortcode\" id=\"audio-281842-15\" preload=\"none\" style=\"width: 100%;\" controls=\"controls\"><source type=\"audio\/mpeg\" src=\"https:\/\/www.radiopiu.net\/wordpress\/wp-content\/uploads\/2022\/06\/Collage-629.mp3?_=15\" \/><a href=\"https:\/\/www.radiopiu.net\/wordpress\/wp-content\/uploads\/2022\/06\/Collage-629.mp3\">https:\/\/www.radiopiu.net\/wordpress\/wp-content\/uploads\/2022\/06\/Collage-629.mp3<\/a><\/audio>\n<p>&nbsp;<\/p>\n<p><strong><a class=\"dt-pswp-item\" href=\"https:\/\/www.radiopiu.net\/wordpress\/wp-content\/uploads\/2022\/06\/vinile.jpg\" data-dt-img-description=\"\" data-large_image_width=\"1920\" data-large_image_height=\"1280\"><img loading=\"lazy\" decoding=\"async\" class=\"size-thumbnail wp-image-281294 alignleft\" src=\"https:\/\/www.radiopiu.net\/wordpress\/wp-content\/uploads\/2022\/06\/vinile-150x150.jpg\" alt=\"\" width=\"150\" height=\"150\" \/><\/a>di Loris Scussel<\/strong><\/p>\n<p>Ultima settimana della terza serie di Collage andata in onda da maggio 2021 ad oggi, con quella di venerd\u00ec saranno 630 le puntate trasmesse. Anche stavolta si alterneranno brani italiani ed internazionali pi\u00f9 o meno noti e venerd\u00ec in chiusura di settimana dedicheremo la puntata ai cantautori di casa nostra. A questo punto il programma si prender\u00e0 una pausa per ritornare in autunno con nuove puntate con l&#8217;obiettivo di raggiungere quota 1.000. Cosa potremo ascoltare al posto di Collage? Le repliche di Collage che ci terranno compagnia fino a fine estate. Collage va in onda dal luned\u00ec al venerd\u00ec alle 16,00 e alle 23,00 naturalmente su Radio Pi\u00f9.<\/p>\n<p>&nbsp;<\/p>\n<p>&nbsp;<\/p>\n<div class=\"b654a4as d2edcug0\">\n<hr \/>\n<\/div>\n<\/div>\n<\/div>\n<\/div>\n<\/div>\n<\/div>\n<\/div>\n<\/div>\n<\/div>\n<\/div>\n<\/div>\n<\/div>\n<\/div>\n<\/div>\n<\/div>\n<\/div>\n<\/div>\n<\/div>\n<\/div>\n<\/div>\n<\/div>\n<\/div>\n<\/div>\n<\/div>\n<\/div>\n<\/div>\n<\/div>\n<\/div>\n<\/div>\n<\/div>\n<\/div>\n<\/div>\n<\/div>\n<\/div>\n<\/div>\n<\/div>\n<\/div>\n<\/div>\n<\/div>\n<\/div>\n<\/div>\n<\/div>\n<\/div>\n<\/div>\n<\/div>\n<\/div>\n<\/div>\n<\/div>\n<\/div>\n<\/div>\n<\/div>\n<\/div>\n<\/div>\n<\/div>\n<\/div>\n<\/div>\n<\/div>\n<\/div>\n<\/div>\n<\/div>\n<\/div>\n<\/div>\n<\/div>\n<\/div>\n<p>&nbsp;<\/p>\n<blockquote>\n<h3><span style=\"color: #0000ff;\">RADIO PIU INFORMAZIONE il canale su TELEGRAM informazione di prima mano e in tempo reale. iscriviti ed aiutaci a farlo conoscere\u00a0\u00a0<\/span><\/h3>\n<\/blockquote>\n<div>\n<div class=\"page-title-head hgroup\">\n<div class=\"page-title-head hgroup\">\n<div class=\"page-title-head hgroup\">\n<div class=\"page-title-head hgroup\">\n<div class=\"b654a4as d2edcug0\">\n<div class=\"page-title-head hgroup\">\n<div class=\"page-title-head hgroup\">\n<div class=\"page-title-head hgroup\">\n<div class=\"page-title-head hgroup\">\n<div class=\"b654a4as d2edcug0\">\n<div class=\"page-title-head hgroup\">\n<div class=\"page-title-head hgroup\">\n<div class=\"page-title-head hgroup\">\n<div class=\"page-title-head hgroup\">\n<div class=\"page-title-head hgroup\">\n<div class=\"page-title-head hgroup\">\n<div class=\"page-title-head hgroup\">\n<div class=\"page-title-head hgroup\">\n<div class=\"page-title-head hgroup\">\n<div class=\"b654a4as d2edcug0\">\n<div class=\"page-title-head hgroup\">\n<div class=\"page-title-head hgroup\">\n<div class=\"page-title-head hgroup\">\n<div class=\"page-title-head hgroup\">\n<div class=\"b654a4as d2edcug0\">\n<div><\/div>\n<div>\n<div class=\"page-title-head hgroup\">\n<div class=\"page-title-head hgroup\">\n<div class=\"page-title-head hgroup\">\n<div class=\"page-title-head hgroup\">\n<div class=\"page-title-head hgroup\">\n<div class=\"mkdf-post-text\">\n<div class=\"mkdf-post-text-inner\">\n<div class=\"mkdf-post-text-main\">\n<div class=\"mkdf-post-text\">\n<div class=\"mkdf-post-text-inner\">\n<div class=\"mkdf-post-text-main\">\n<div class=\"mkdf-post-text\">\n<div class=\"mkdf-post-text-inner\">\n<div class=\"mkdf-post-text-main\">\n<div class=\"page-title-head hgroup\">\n<div class=\"page-title-head hgroup\">\n<div class=\"mkdf-post-text\">\n<div class=\"mkdf-post-text-inner\">\n<div class=\"mkdf-post-text-main\">\n<div class=\"mkdf-post-text\">\n<div class=\"mkdf-post-text-inner\">\n<div class=\"mkdf-post-text-main\">\n<div class=\"page-title-head hgroup\">\n<div class=\"page-title-head hgroup\">\n<div class=\"page-title-head hgroup\">\n<div class=\"page-title-head hgroup\">\n<div class=\"b654a4as d2edcug0\">\n<div class=\"page-title-head hgroup\">\n<div class=\"page-title-head hgroup\">\n<div class=\"page-title-head hgroup\">\n<div class=\"page-title-head hgroup\">\n<div class=\"b654a4as d2edcug0\">\n<div class=\"page-title-head hgroup\">\n<div class=\"page-title-head hgroup\">\n<div class=\"page-title-head hgroup\">\n<p>&nbsp;<\/p>\n<div>\n<div class=\"page-title-head hgroup\">\n<div class=\"page-title-head hgroup\">\n<div class=\"b654a4as d2edcug0\">\n<div class=\"j83agx80 btwxx1t3 lhclo0ds hop8lmos nkwizq5d scwd0bx6 roh60bw9\">\n<div class=\"rq0escxv hkbzh7o3 jwdofwj8 n8tt0mok r8blr3vg hyh9befq\">\n<div class=\"do00u71z l9j0dhe7 k4urcfbm\">\n<div class=\"page-title-head hgroup\">\n<div class=\"page-title-head hgroup\">\n<div class=\"b654a4as d2edcug0\">\n<div class=\"j83agx80 btwxx1t3 lhclo0ds hop8lmos nkwizq5d scwd0bx6 roh60bw9\">\n<div class=\"rq0escxv hkbzh7o3 jwdofwj8 n8tt0mok r8blr3vg hyh9befq\">\n<div class=\"do00u71z l9j0dhe7 k4urcfbm\">\n<div class=\"ecm0bbzt e5nlhep0 a8c37x1j\">\n<div class=\"kvgmc6g5 cxmmr5t8 oygrvhab hcukyx3x c1et5uql\">\n<div class=\"gmail-kvgmc6g5 gmail-cxmmr5t8 gmail-oygrvhab gmail-hcukyx3x gmail-c1et5uql gmail-ii04i59q\">\n<div class=\"page-title-head hgroup\">\n<div class=\"page-title-head hgroup\">\n<div class=\"b654a4as d2edcug0\">\n<div class=\"j83agx80 btwxx1t3 lhclo0ds hop8lmos nkwizq5d scwd0bx6 roh60bw9\">\n<div class=\"rq0escxv hkbzh7o3 jwdofwj8 n8tt0mok r8blr3vg hyh9befq\">\n<div class=\"do00u71z l9j0dhe7 k4urcfbm\">\n<div class=\"page-title-head hgroup\">\n<div class=\"page-title-head hgroup\">\n<div class=\"b654a4as d2edcug0\">\n<div class=\"j83agx80 btwxx1t3 lhclo0ds hop8lmos nkwizq5d scwd0bx6 roh60bw9\">\n<div class=\"rq0escxv hkbzh7o3 jwdofwj8 n8tt0mok r8blr3vg hyh9befq\">\n<div class=\"do00u71z l9j0dhe7 k4urcfbm\">\n<div class=\"page-title-head hgroup\">\n<div class=\"page-title-head hgroup\">\n<div class=\"b654a4as d2edcug0\">\n<div class=\"j83agx80 btwxx1t3 lhclo0ds hop8lmos nkwizq5d scwd0bx6 roh60bw9\">\n<div class=\"rq0escxv hkbzh7o3 jwdofwj8 n8tt0mok r8blr3vg hyh9befq\">\n<div class=\"do00u71z l9j0dhe7 k4urcfbm\">\n<div class=\"ecm0bbzt e5nlhep0 a8c37x1j\">\n<div class=\"kvgmc6g5 cxmmr5t8 oygrvhab hcukyx3x c1et5uql\">\n<div class=\"gmail-kvgmc6g5 gmail-cxmmr5t8 gmail-oygrvhab gmail-hcukyx3x gmail-c1et5uql gmail-ii04i59q\">\n<div class=\"page-title-head hgroup\">\n<div class=\"page-title-head hgroup\">\n<div class=\"b654a4as d2edcug0\">\n<div class=\"j83agx80 btwxx1t3 lhclo0ds hop8lmos nkwizq5d scwd0bx6 roh60bw9\">\n<div class=\"rq0escxv hkbzh7o3 jwdofwj8 n8tt0mok r8blr3vg hyh9befq\">\n<div class=\"do00u71z l9j0dhe7 k4urcfbm\">\n<div class=\"page-title-head hgroup\">\n<div class=\"page-title-head hgroup\">\n<div class=\"page-title-head hgroup\">\n<div class=\"page-title-head hgroup\">\n<div class=\"b654a4as d2edcug0\">\n<div class=\"page-title-head hgroup\">\n<div class=\"page-title-head hgroup\">\n<div class=\"page-title-head hgroup\">\n<div class=\"page-title-head hgroup\">\n<div class=\"b654a4as d2edcug0\">\n<div class=\"page-title-head hgroup\">\n<div class=\"page-title-head hgroup\">\n<div class=\"page-title-head hgroup\">\n<div class=\"page-title-head hgroup\">\n<div class=\"page-title-head hgroup\">\n<div class=\"page-title-head hgroup\">\n<div class=\"page-title-head hgroup\">\n<div class=\"page-title-head hgroup\">\n<div class=\"page-title-head hgroup\">\n<div class=\"b654a4as d2edcug0\">\n<div class=\"page-title-head hgroup\">\n<div class=\"page-title-head hgroup\">\n<div class=\"page-title-head hgroup\">\n<div class=\"page-title-head hgroup\">\n<div class=\"b654a4as d2edcug0\">\n<div class=\"page-title-head hgroup\">\n<div class=\"page-title-head hgroup\">\n<div class=\"page-title-head hgroup\">\n<div class=\"page-title-head hgroup\">\n<div class=\"page-title-head hgroup\">\n<div class=\"mkdf-post-text\">\n<div class=\"mkdf-post-text-inner\">\n<div class=\"mkdf-post-text-main\">\n<div class=\"mkdf-post-text\">\n<div class=\"mkdf-post-text-inner\">\n<div class=\"mkdf-post-text-main\">\n<div class=\"mkdf-post-text\">\n<div class=\"mkdf-post-text-inner\">\n<div class=\"mkdf-post-text-main\">\n<div class=\"page-title-head hgroup\">\n<div class=\"page-title-head hgroup\">\n<div class=\"mkdf-post-text\">\n<div class=\"mkdf-post-text-inner\">\n<div class=\"mkdf-post-text-main\">\n<div class=\"mkdf-post-text\">\n<div class=\"mkdf-post-text-inner\">\n<div class=\"mkdf-post-text-main\">\n<div class=\"page-title-head hgroup\">\n<div class=\"page-title-head hgroup\">\n<div class=\"page-title-head hgroup\">\n<div class=\"page-title-head hgroup\">\n<div class=\"b654a4as d2edcug0\">\n<div class=\"page-title-head hgroup\">\n<div class=\"page-title-head hgroup\">\n<div class=\"page-title-head hgroup\">\n<div class=\"page-title-head hgroup\">\n<div class=\"b654a4as d2edcug0\">\n<div class=\"page-title-head hgroup\">\n<div class=\"page-title-head hgroup\">\n<div class=\"page-title-head hgroup\">\n<div class=\"page-title-head hgroup\">\n<div class=\"b654a4as d2edcug0\">\n<div class=\"ecm0bbzt e5nlhep0 a8c37x1j\">\n<div class=\"kvgmc6g5 cxmmr5t8 oygrvhab hcukyx3x c1et5uql\">\n<div class=\"gmail-kvgmc6g5 gmail-cxmmr5t8 gmail-oygrvhab gmail-hcukyx3x gmail-c1et5uql gmail-ii04i59q\">\n<div class=\"page-title-head hgroup\">\n<div class=\"page-title-head hgroup\">\n<div class=\"b654a4as d2edcug0\">\n<div class=\"j83agx80 btwxx1t3 lhclo0ds hop8lmos nkwizq5d scwd0bx6 roh60bw9\">\n<div class=\"rq0escxv hkbzh7o3 jwdofwj8 n8tt0mok r8blr3vg hyh9befq\">\n<div class=\"do00u71z l9j0dhe7 k4urcfbm\">\n<div class=\"page-title-head hgroup\">\n<div class=\"page-title-head hgroup\">\n<div class=\"page-title-head hgroup\">\n<div class=\"page-title-head hgroup\">\n<div class=\"b654a4as d2edcug0\">\n<div class=\"page-title-head hgroup\">\n<div class=\"page-title-head hgroup\">\n<div class=\"page-title-head hgroup\">\n<div class=\"page-title-head hgroup\">\n<div class=\"b654a4as d2edcug0\">\n<div class=\"page-title-head hgroup\">\n<div class=\"page-title-head hgroup\">\n<div class=\"page-title-head hgroup\">\n<div class=\"page-title-head hgroup\">\n<div class=\"page-title-head hgroup\">\n<div class=\"page-title-head hgroup\">\n<div class=\"page-title-head hgroup\">\n<div class=\"page-title-head hgroup\">\n<div class=\"page-title-head hgroup\">\n<div class=\"b654a4as d2edcug0\">\n<div class=\"page-title-head hgroup\">\n<div class=\"page-title-head hgroup\">\n<div class=\"page-title-head hgroup\">\n<div class=\"page-title-head hgroup\">\n<div class=\"b654a4as d2edcug0\">\n<div class=\"page-title-head hgroup\">\n<div class=\"page-title-head hgroup\">\n<div class=\"page-title-head hgroup\">\n<div class=\"page-title-head hgroup\">\n<div class=\"page-title-head hgroup\">\n<div class=\"mkdf-post-text\">\n<div class=\"mkdf-post-text-inner\">\n<div class=\"mkdf-post-text-main\">\n<div class=\"mkdf-post-text\">\n<div class=\"mkdf-post-text-inner\">\n<div class=\"mkdf-post-text-main\">\n<div class=\"mkdf-post-text\">\n<div class=\"mkdf-post-text-inner\">\n<div class=\"mkdf-post-text-main\">\n<div class=\"page-title-head hgroup\">\n<div class=\"page-title-head hgroup\">\n<div class=\"mkdf-post-text\">\n<div class=\"mkdf-post-text-inner\">\n<div class=\"mkdf-post-text-main\">\n<div class=\"mkdf-post-text\">\n<div class=\"mkdf-post-text-inner\">\n<div class=\"mkdf-post-text-main\">\n<div class=\"page-title-head hgroup\">\n<div class=\"page-title-head hgroup\">\n<div class=\"page-title-head hgroup\">\n<div class=\"page-title-head hgroup\">\n<div class=\"b654a4as d2edcug0\">\n<div class=\"page-title-head hgroup\">\n<div class=\"page-title-head hgroup\">\n<div class=\"page-title-head hgroup\">\n<div class=\"page-title-head hgroup\">\n<div class=\"b654a4as d2edcug0\">\n<div class=\"page-title-head hgroup\">\n<div class=\"page-title-head hgroup\">\n<div class=\"page-title-head hgroup\">\n<div class=\"page-title-head hgroup\">\n<div class=\"b654a4as d2edcug0\">\n<hr \/>\n<p>&nbsp;<\/p>\n<div>\n<p><strong>DUE MINUTI UN LIBRO, TUTTI I GIORNI ALLA RADIO ALLE 9.40 E ALLE 17.50\u00a0\u00a0<\/strong><\/p>\n<div>\n<div>\n<p><strong>LA RACCOLTA COMPLETA\u00a0\u00a0<\/strong><\/p>\n<\/div>\n<\/div>\n<\/div>\n<div class=\"mkdf-post-text\">\n<div class=\"mkdf-post-text-inner\">\n<div class=\"mkdf-post-text-main\">\n<div class=\"mkdf-post-text\">\n<div class=\"mkdf-post-text-inner\">\n<div class=\"mkdf-post-text-main\">\n<div class=\"mkdf-post-text\">\n<div class=\"mkdf-post-text-inner\">\n<div class=\"mkdf-post-text-main\">\n<div class=\"page-title-head hgroup\">\n<div class=\"page-title-head hgroup\">\n<div class=\"mkdf-post-text\">\n<div class=\"mkdf-post-text-inner\">\n<div class=\"mkdf-post-text-main\">\n<div class=\"mkdf-post-text\">\n<div class=\"mkdf-post-text-inner\">\n<div class=\"mkdf-post-text-main\">\n<div class=\"page-title-head hgroup\">\n<div class=\"page-title-head hgroup\">\n<div class=\"page-title-head hgroup\">\n<div class=\"page-title-head hgroup\">\n<div class=\"b654a4as d2edcug0\">\n<div class=\"page-title-head hgroup\">\n<div class=\"page-title-head hgroup\">\n<div class=\"page-title-head hgroup\">\n<div class=\"page-title-head hgroup\">\n<div class=\"b654a4as d2edcug0\">\n<div class=\"page-title-head hgroup\">\n<div class=\"page-title-head hgroup\">\n<div class=\"page-title-head hgroup\">\n<div class=\"page-title-head hgroup\">\n<div class=\"b654a4as d2edcug0\">\n<div>\n<blockquote class=\"wp-embedded-content\" data-secret=\"6d1x03BvDg\"><p><a href=\"https:\/\/www.radiopiu.net\/wordpress\/due-minuti-un-libro\/\">Due minuti un libro<\/a><\/p><\/blockquote>\n<p><iframe loading=\"lazy\" class=\"wp-embedded-content\" sandbox=\"allow-scripts\" security=\"restricted\" style=\"position: absolute; clip: rect(1px, 1px, 1px, 1px);\" title=\"&#8220;Due minuti un libro&#8221; &#8212; Radio Pi\u00f9\" src=\"https:\/\/www.radiopiu.net\/wordpress\/due-minuti-un-libro\/embed\/#?secret=RZeAe127A2#?secret=6d1x03BvDg\" data-secret=\"6d1x03BvDg\" width=\"600\" height=\"338\" frameborder=\"0\" marginwidth=\"0\" marginheight=\"0\" scrolling=\"no\"><\/iframe><\/p>\n<p>&nbsp;<\/p>\n<\/div>\n<div>\n<hr \/>\n<p>&nbsp;<\/p>\n<\/div>\n<h2><span style=\"color: #808000;\">L&#8217;ALMANACCO LADINO\u00a0<\/span><\/h2>\n<p><strong>LA RACCOLTA<\/strong><\/p>\n<blockquote class=\"wp-embedded-content\" data-secret=\"3G3kkrnQEK\"><p><a href=\"https:\/\/www.radiopiu.net\/wordpress\/almanacco-ladino\/\">Almanacco Ladino<\/a><\/p><\/blockquote>\n<p><iframe loading=\"lazy\" class=\"wp-embedded-content\" sandbox=\"allow-scripts\" security=\"restricted\" style=\"position: absolute; clip: rect(1px, 1px, 1px, 1px);\" title=\"&#8220;Almanacco Ladino&#8221; &#8212; Radio Pi\u00f9\" src=\"https:\/\/www.radiopiu.net\/wordpress\/almanacco-ladino\/embed\/#?secret=ZVvO3bD5RX#?secret=3G3kkrnQEK\" data-secret=\"3G3kkrnQEK\" width=\"600\" height=\"338\" frameborder=\"0\" marginwidth=\"0\" marginheight=\"0\" scrolling=\"no\"><\/iframe><\/p>\n<p>&nbsp;<\/p>\n<hr \/>\n<p><span style=\"color: #33cccc;\">\u00a0<span style=\"color: #000000;\">\u00a0<\/span><\/span><\/p>\n<h2><span style=\"color: #800000;\">GIROVAGANDO IN E-BIKE 2022<\/span><\/h2>\n<p><strong>LA RACCOLTA<\/strong><\/p>\n<blockquote class=\"wp-embedded-content\" data-secret=\"osPx15NY4L\"><p><a href=\"https:\/\/www.radiopiu.net\/wordpress\/girovagando-in-e-bike-tra-le-dolomiti\/\">GIROVAGANDO IN E BIKE TRA LE DOLOMITI<\/a><\/p><\/blockquote>\n<p><iframe loading=\"lazy\" class=\"wp-embedded-content\" sandbox=\"allow-scripts\" security=\"restricted\" style=\"position: absolute; clip: rect(1px, 1px, 1px, 1px);\" title=\"&#8220;GIROVAGANDO IN E BIKE TRA LE DOLOMITI&#8221; &#8212; Radio Pi\u00f9\" src=\"https:\/\/www.radiopiu.net\/wordpress\/girovagando-in-e-bike-tra-le-dolomiti\/embed\/#?secret=Vppc242kDg#?secret=osPx15NY4L\" data-secret=\"osPx15NY4L\" width=\"600\" height=\"338\" frameborder=\"0\" marginwidth=\"0\" marginheight=\"0\" scrolling=\"no\"><\/iframe><\/p>\n<p>&nbsp;<\/p>\n<hr \/>\n<p>&nbsp;<\/p>\n<h2><span style=\"color: #33cccc;\">LA RASSEGNA STAMPA DA L&#8217;AMICO DEL POPOLO<\/span><\/h2>\n<p><strong>LA RACCOLTA COMPLETA<\/strong><\/p>\n<blockquote class=\"wp-embedded-content\" data-secret=\"5O0fTElTnS\"><p><a href=\"https:\/\/www.radiopiu.net\/wordpress\/rassegna-stampa-di-gianni-santomaso\/\">Rassegna stampa da l&#8217;amico del popolo &#8211; di Gianni Santomaso<\/a><\/p><\/blockquote>\n<p><iframe loading=\"lazy\" class=\"wp-embedded-content\" sandbox=\"allow-scripts\" security=\"restricted\" style=\"position: absolute; clip: rect(1px, 1px, 1px, 1px);\" title=\"&#8220;Rassegna stampa da l&#8217;amico del popolo &#8211; di Gianni Santomaso&#8221; &#8212; Radio Pi\u00f9\" src=\"https:\/\/www.radiopiu.net\/wordpress\/rassegna-stampa-di-gianni-santomaso\/embed\/#?secret=UrL3XVZY8U#?secret=5O0fTElTnS\" data-secret=\"5O0fTElTnS\" width=\"600\" height=\"338\" frameborder=\"0\" marginwidth=\"0\" marginheight=\"0\" scrolling=\"no\"><\/iframe><\/p>\n<p>&nbsp;<\/p>\n<hr \/>\n<p>&nbsp;<\/p>\n<div>\n<div class=\"page-title-head hgroup\">\n<div class=\"page-title-head hgroup\">\n<div class=\"b654a4as d2edcug0\">\n<div class=\"j83agx80 btwxx1t3 lhclo0ds hop8lmos nkwizq5d scwd0bx6 roh60bw9\">\n<div class=\"rq0escxv hkbzh7o3 jwdofwj8 n8tt0mok r8blr3vg hyh9befq\">\n<div class=\"do00u71z l9j0dhe7 k4urcfbm\">\n<div class=\"ecm0bbzt e5nlhep0 a8c37x1j\">\n<div class=\"kvgmc6g5 cxmmr5t8 oygrvhab hcukyx3x c1et5uql\">\n<div class=\"gmail-kvgmc6g5 gmail-cxmmr5t8 gmail-oygrvhab gmail-hcukyx3x gmail-c1et5uql gmail-ii04i59q\">\n<div class=\"page-title-head hgroup\">\n<div class=\"page-title-head hgroup\">\n<div class=\"b654a4as d2edcug0\">\n<div class=\"j83agx80 btwxx1t3 lhclo0ds hop8lmos nkwizq5d scwd0bx6 roh60bw9\">\n<div class=\"rq0escxv hkbzh7o3 jwdofwj8 n8tt0mok r8blr3vg hyh9befq\">\n<div class=\"do00u71z l9j0dhe7 k4urcfbm\">\n<div class=\"page-title-head hgroup\">\n<div class=\"page-title-head hgroup\">\n<div class=\"page-title-head hgroup\">\n<div class=\"page-title-head hgroup\">\n<div class=\"b654a4as d2edcug0\">\n<div class=\"page-title-head hgroup\">\n<div class=\"page-title-head hgroup\">\n<div class=\"page-title-head hgroup\">\n<div class=\"page-title-head hgroup\">\n<div class=\"b654a4as d2edcug0\">\n<div class=\"page-title-head hgroup\">\n<div class=\"page-title-head hgroup\">\n<div class=\"page-title-head hgroup\">\n<div class=\"page-title-head hgroup\">\n<div class=\"page-title-head hgroup\">\n<div class=\"page-title-head hgroup\">\n<div class=\"page-title-head hgroup\">\n<div class=\"page-title-head hgroup\">\n<div class=\"page-title-head hgroup\">\n<div class=\"b654a4as d2edcug0\">\n<div class=\"page-title-head hgroup\">\n<div class=\"page-title-head hgroup\">\n<div class=\"page-title-head hgroup\">\n<div class=\"page-title-head hgroup\">\n<div class=\"b654a4as d2edcug0\">\n<div class=\"page-title-head hgroup\">\n<div class=\"page-title-head hgroup\">\n<div class=\"page-title-head hgroup\">\n<div class=\"page-title-head hgroup\">\n<div class=\"page-title-head hgroup\">\n<div class=\"mkdf-post-text\">\n<div class=\"mkdf-post-text-inner\">\n<div class=\"mkdf-post-text-main\">\n<div class=\"mkdf-post-text\">\n<div class=\"mkdf-post-text-inner\">\n<div class=\"mkdf-post-text-main\">\n<div class=\"mkdf-post-text\">\n<div class=\"mkdf-post-text-inner\">\n<div class=\"mkdf-post-text-main\">\n<div class=\"page-title-head hgroup\">\n<div class=\"page-title-head hgroup\">\n<div class=\"mkdf-post-text\">\n<div class=\"mkdf-post-text-inner\">\n<div class=\"mkdf-post-text-main\">\n<div class=\"mkdf-post-text\">\n<div class=\"mkdf-post-text-inner\">\n<div class=\"mkdf-post-text-main\">\n<div class=\"page-title-head hgroup\">\n<div class=\"page-title-head hgroup\">\n<div class=\"page-title-head hgroup\">\n<div class=\"page-title-head hgroup\">\n<div class=\"b654a4as d2edcug0\">\n<div class=\"page-title-head hgroup\">\n<div class=\"page-title-head hgroup\">\n<div class=\"page-title-head hgroup\">\n<div class=\"page-title-head hgroup\">\n<div class=\"b654a4as d2edcug0\">\n<div class=\"page-title-head hgroup\">\n<div class=\"page-title-head hgroup\">\n<div class=\"page-title-head hgroup\">\n<div class=\"page-title-head hgroup\">\n<div class=\"b654a4as d2edcug0\">\n<h2><span style=\"color: #800080;\">I RACCONTI DI PAOLO SOPPELSA\u00a0<\/span><\/h2>\n<p><strong>LA RACCOLTA COMPLETA<\/strong><\/p>\n<blockquote class=\"wp-embedded-content\" data-secret=\"MnIye5seoG\"><p><a href=\"https:\/\/www.radiopiu.net\/wordpress\/i-racconti-di-paolo-soppelsa\/\">I racconti di Paolo Soppelsa<\/a><\/p><\/blockquote>\n<p><iframe loading=\"lazy\" class=\"wp-embedded-content\" sandbox=\"allow-scripts\" security=\"restricted\" style=\"position: absolute; clip: rect(1px, 1px, 1px, 1px);\" title=\"&#8220;I racconti di Paolo Soppelsa&#8221; &#8212; Radio Pi\u00f9\" src=\"https:\/\/www.radiopiu.net\/wordpress\/i-racconti-di-paolo-soppelsa\/embed\/#?secret=mOAG0U0Oic#?secret=MnIye5seoG\" data-secret=\"MnIye5seoG\" width=\"600\" height=\"338\" frameborder=\"0\" marginwidth=\"0\" marginheight=\"0\" scrolling=\"no\"><\/iframe><\/p>\n<p>&nbsp;<\/p>\n<hr \/>\n<p>&nbsp;<\/p>\n<\/div>\n<\/div>\n<\/div>\n<\/div>\n<\/div>\n<\/div>\n<\/div>\n<\/div>\n<\/div>\n<\/div>\n<\/div>\n<\/div>\n<\/div>\n<\/div>\n<\/div>\n<\/div>\n<\/div>\n<\/div>\n<\/div>\n<\/div>\n<\/div>\n<\/div>\n<\/div>\n<\/div>\n<\/div>\n<\/div>\n<\/div>\n<\/div>\n<\/div>\n<\/div>\n<\/div>\n<\/div>\n<\/div>\n<\/div>\n<\/div>\n<\/div>\n<\/div>\n<\/div>\n<\/div>\n<\/div>\n<\/div>\n<\/div>\n<\/div>\n<\/div>\n<\/div>\n<\/div>\n<\/div>\n<\/div>\n<\/div>\n<\/div>\n<\/div>\n<\/div>\n<\/div>\n<\/div>\n<\/div>\n<\/div>\n<\/div>\n<\/div>\n<\/div>\n<\/div>\n<\/div>\n<\/div>\n<\/div>\n<\/div>\n<\/div>\n<\/div>\n<\/div>\n<\/div>\n<\/div>\n<\/div>\n<\/div>\n<\/div>\n<\/div>\n<\/div>\n<\/div>\n<\/div>\n<\/div>\n<\/div>\n<\/div>\n<\/div>\n<\/div>\n<\/div>\n<\/div>\n<\/div>\n<\/div>\n<\/div>\n<\/div>\n<\/div>\n<\/div>\n<\/div>\n<\/div>\n<\/div>\n<\/div>\n<\/div>\n<\/div>\n<\/div>\n<\/div>\n<\/div>\n<\/div>\n<\/div>\n<\/div>\n<\/div>\n<\/div>\n<\/div>\n<\/div>\n<\/div>\n<\/div>\n<\/div>\n<\/div>\n<\/div>\n<\/div>\n<div class=\"b654a4as d2edcug0\">\n<div class=\"ecm0bbzt e5nlhep0 a8c37x1j\">\n<div class=\"kvgmc6g5 cxmmr5t8 oygrvhab hcukyx3x c1et5uql\">\n<div class=\"gmail-kvgmc6g5 gmail-cxmmr5t8 gmail-oygrvhab gmail-hcukyx3x gmail-c1et5uql gmail-ii04i59q\">\n<div>\n<div class=\"page-title-head hgroup\">\n<div class=\"page-title-head hgroup\">\n<div class=\"b654a4as d2edcug0\">\n<div class=\"j83agx80 btwxx1t3 lhclo0ds hop8lmos nkwizq5d scwd0bx6 roh60bw9\">\n<div class=\"rq0escxv hkbzh7o3 jwdofwj8 n8tt0mok r8blr3vg hyh9befq\">\n<div class=\"do00u71z l9j0dhe7 k4urcfbm\">\n<div>\n<div class=\"page-title-head hgroup\">\n<div class=\"page-title-head hgroup\">\n<div class=\"page-title-head hgroup\">\n<div class=\"page-title-head hgroup\">\n<div class=\"b654a4as d2edcug0\">\n<div class=\"page-title-head hgroup\">\n<div class=\"page-title-head hgroup\">\n<div class=\"page-title-head hgroup\">\n<div class=\"page-title-head hgroup\">\n<div class=\"b654a4as d2edcug0\">\n<div class=\"page-title-head hgroup\">\n<div class=\"page-title-head hgroup\">\n<div class=\"page-title-head hgroup\">\n<div class=\"page-title-head hgroup\">\n<div class=\"page-title-head hgroup\">\n<div class=\"mkdf-post-text\">\n<div class=\"mkdf-post-text-inner\">\n<div class=\"mkdf-post-text-main\">\n<div class=\"mkdf-post-text\">\n<div class=\"mkdf-post-text-inner\">\n<div class=\"mkdf-post-text-main\">\n<div class=\"mkdf-post-text\">\n<div class=\"mkdf-post-text-inner\">\n<div class=\"mkdf-post-text-main\">\n<div class=\"page-title-head hgroup\">\n<div class=\"page-title-head hgroup\">\n<div class=\"mkdf-post-text\">\n<div class=\"mkdf-post-text-inner\">\n<div class=\"mkdf-post-text-main\">\n<div class=\"mkdf-post-text\">\n<div class=\"mkdf-post-text-inner\">\n<div class=\"mkdf-post-text-main\">\n<div>\n<div class=\"page-title-head hgroup\">\n<div class=\"page-title-head hgroup\">\n<div>\n<div class=\"page-title-head hgroup\">\n<div class=\"page-title-head hgroup\">\n<div class=\"b654a4as d2edcug0\">\n<div>\n<div class=\"page-title-head hgroup\" style=\"text-align: left;\">\n<div class=\"page-title-head hgroup\">\n<div dir=\"auto\">\n<p><a class=\"dt-pswp-item pspw-wrap-ready\" href=\"https:\/\/i0.wp.com\/www.radiopiu.net\/wordpress\/wp-content\/uploads\/2018\/09\/WhatsApp-Image-2018-09-20-at-16.04.06.jpeg?ssl=1\" data-dt-img-description=\"\" data-large_image_width=\"800\" data-large_image_height=\"100\"><img loading=\"lazy\" decoding=\"async\" class=\"aligncenter wp-image-61378 size-full jetpack-lazy-image jetpack-lazy-image--handled\" src=\"https:\/\/i0.wp.com\/www.radiopiu.net\/wordpress\/wp-content\/uploads\/2018\/09\/WhatsApp-Image-2018-09-20-at-16.04.06.jpeg?resize=800%2C100&amp;ssl=1\" sizes=\"auto, (max-width: 800px) 100vw, 800px\" srcset=\"https:\/\/i0.wp.com\/www.radiopiu.net\/wordpress\/wp-content\/uploads\/2018\/09\/WhatsApp-Image-2018-09-20-at-16.04.06.jpeg?w=800&amp;ssl=1 800w, https:\/\/i0.wp.com\/www.radiopiu.net\/wordpress\/wp-content\/uploads\/2018\/09\/WhatsApp-Image-2018-09-20-at-16.04.06.jpeg?resize=300%2C38&amp;ssl=1 300w, https:\/\/i0.wp.com\/www.radiopiu.net\/wordpress\/wp-content\/uploads\/2018\/09\/WhatsApp-Image-2018-09-20-at-16.04.06.jpeg?resize=768%2C96&amp;ssl=1 768w\" alt=\"\" width=\"800\" height=\"100\" data-lazy-loaded=\"1\" \/><\/a><\/p>\n<\/div>\n<\/div>\n<\/div>\n<\/div>\n<\/div>\n<\/div>\n<\/div>\n<\/div>\n<\/div>\n<\/div>\n<\/div>\n<\/div>\n<\/div>\n<\/div>\n<\/div>\n<\/div>\n<\/div>\n<\/div>\n<\/div>\n<\/div>\n<\/div>\n<\/div>\n<\/div>\n<\/div>\n<\/div>\n<\/div>\n<\/div>\n<\/div>\n<\/div>\n<\/div>\n<\/div>\n<\/div>\n<\/div>\n<\/div>\n<\/div>\n<\/div>\n<\/div>\n<\/div>\n<\/div>\n<\/div>\n<\/div>\n<\/div>\n<\/div>\n<\/div>\n<\/div>\n<\/div>\n<\/div>\n<\/div>\n<\/div>\n<\/div>\n<\/div>\n<\/div>\n<\/div>\n<\/div>\n<\/div>\n<\/div>\n<\/div>\n<\/div>\n<\/div>\n<\/div>\n<\/div>\n<\/div>\n<\/div>\n<\/div>\n<\/div>\n<\/div>\n<\/div>\n<\/div>\n<\/div>\n<\/div>\n<\/div>\n<\/div>\n<\/div>\n<\/div>\n<\/div>\n<\/div>\n<\/div>\n<\/div>\n<\/div>\n<\/div>\n<\/div>\n<\/div>\n<\/div>\n<\/div>\n<\/div>\n<\/div>\n<\/div>\n<\/div>\n<\/div>\n<\/div>\n<\/div>\n<\/div>\n<\/div>\n<\/div>\n<\/div>\n<\/div>\n<\/div>\n<\/div>\n<\/div>\n<\/div>\n<\/div>\n<\/div>\n<\/div>\n<\/div>\n<\/div>\n<\/div>\n<\/div>\n<\/div>\n<\/div>\n<\/div>\n<\/div>\n<\/div>\n<\/div>\n<\/div>\n<\/div>\n<\/div>\n<\/div>\n<\/div>\n<\/div>\n<\/div>\n<\/div>\n<\/div>\n<\/div>\n<\/div>\n<\/div>\n<\/div>\n<\/div>\n<\/div>\n<\/div>\n<\/div>\n<\/div>\n<\/div>\n<\/div>\n<\/div>\n<\/div>\n<\/div>\n<\/div>\n<\/div>\n<\/div>\n<\/div>\n<\/div>\n<\/div>\n<\/div>\n<\/div>\n<\/div>\n<\/div>\n<\/div>\n<\/div>\n<\/div>\n<\/div>\n<\/div>\n<\/div>\n<\/div>\n<\/div>\n<\/div>\n<\/div>\n<\/div>\n<\/div>\n<\/div>\n<\/div>\n<\/div>\n<\/div>\n<\/div>\n<\/div>\n<\/div>\n<\/div>\n<\/div>\n<\/div>\n<\/div>\n<\/div>\n<\/div>\n<\/div>\n<\/div>\n<\/div>\n<\/div>\n<\/div>\n<\/div>\n<\/div>\n<\/div>\n<\/div>\n<\/div>\n<\/div>\n<\/div>\n<\/div>\n<\/div>\n<\/div>\n<\/div>\n<\/div>\n<\/div>\n<\/div>\n<\/div>\n<\/div>\n<\/div>\n<\/div>\n<\/div>\n<\/div>\n<\/div>\n<\/div>\n<\/div>\n<\/div>\n<\/div>\n<\/div>\n<\/div>\n<\/div>\n<\/div>\n<\/div>\n<\/div>\n<\/div>\n<\/div>\n<\/div>\n<\/div>\n<\/div>\n<\/div>\n<\/div>\n<\/div>\n<\/div>\n<\/div>\n<\/div>\n<\/div>\n<\/div>\n<\/div>\n<\/div>\n<\/div>\n<\/div>\n<\/div>\n<\/div>\n<\/div>\n<\/div>\n<\/div>\n<\/div>\n<p>&nbsp;<\/p>\n<p><center><b>Venerdi 17<\/b><\/center><b>Tempo atteso: <\/b>Tempo stabile e caldo seppur con estese velature in grado a tratti di mascherare il sole specie nella seconda parte della giornata.<br \/>\n<b>Precipitazioni: <\/b>Assenti (0%)<br \/>\n<b>Temperature: <\/b>Stazionarie ad eccezione di un lieve calo delle minime, su valori al di sopra della media a tutte le quote. Su Prealpi a 1500 m: min 15 max 19, a 2000 m: min 12 max 14 Dolomiti a 2000 m: min 10 max 16, a 3000 m: min 4 max 6<br \/>\n<b>Venti: <\/b>Nelle valli deboli\/moderati a regime di brezza in quota moderati settentrionali anche tesi sulle cime dolomitiche pi\u00f9 elevate, a 10-20 km\/h a 2000 m, a 20-45 km\/h a 3000 m<\/p>\n<hr \/>\n<p><center><b>Sabato 18<\/b><\/center><b>Tempo atteso: <\/b>Tempo stabile e soleggiato con residue velature fino al mattino. In serata comparsa di nubi basse in alcune valli. Molto caldo per avvezione di aria ulteriormente pi\u00f9 calda e temperature molto superiori alla media a tutte le quote.<br \/>\n<b>Precipitazioni: <\/b>Assenti (0%)<br \/>\n<b>Temperature: <\/b>In ulteriore aumento a tutte le quote. Su Prealpi a 1500 m: min 13 max 18, a 2000 m: min 11 max 14 Dolomiti &#8211; a 2000 m: min 11 max 17, a 3000 m: min 7 max 9<br \/>\n<b>Venti: <\/b>Nelle valli deboli\/moderati a regime di brezza, in quota inizialmente moderati\/tesi settentrionali in attenuazione fino a deboli nel pomeriggio. a 10-20 km\/h a 2000 m e 15-35 km\/h a 3000 m<\/p>\n<hr \/>\n<p><center><b>Domenica 19<\/b><\/center>Tempo stabile e molto caldo. Nella notte e fino al primo mattino nubi basse su molte valli in successivo dissolvimento fino a ben soleggiato ovunque. Temperature in ulteriore aumento con valori anormalmente elevati a tutte le quote. Lo zero termico salir\u00e0 fin attorno a 4600 metri. Venti in valle deboli\/moderati a regime di brezza, in quota deboli\/moderati occidentali.<\/p>\n<hr \/>\n<p><center><b>Lunedi 20<\/b><\/center>Persistono condizioni di tempo stabile, soleggiato e molto caldo con temperature sempre su valori anormalmente elevati per il periodo a tutte le quote. Venti in valle deboli\/moderati a regime di brezza nelle valli, in quota deboli da nordovest in rinforzo a moderati in serata. Previsore: DDL<\/p>\n<div style=\"text-align: left;\">\n<p>&nbsp;<\/p>\n<\/div>\n<hr \/>\n<p>&nbsp;<\/p>\n<p>&nbsp;<\/p>\n<p><a href=\"https:\/\/www.radiopiu.net\/wordpress\/giornale-radiopiu-26-settembre-2018-direttore-mirko-mezzacasa\/viabilita-2\/\" rel=\"attachment wp-att-61954\"><img loading=\"lazy\" decoding=\"async\" class=\"aligncenter wp-image-61954 size-full\" src=\"https:\/\/www.radiopiu.net\/wordpress\/wp-content\/uploads\/2018\/09\/viabilita.jpeg\" sizes=\"auto, (max-width: 800px) 100vw, 800px\" srcset=\"https:\/\/www.radiopiu.net\/wordpress\/wp-content\/uploads\/2018\/09\/viabilita.jpeg 800w, https:\/\/www.radiopiu.net\/wordpress\/wp-content\/uploads\/2018\/09\/viabilita-300x38.jpeg 300w, https:\/\/www.radiopiu.net\/wordpress\/wp-content\/uploads\/2018\/09\/viabilita-768x96.jpeg 768w\" alt=\"\" width=\"800\" height=\"100\" \/><\/a><\/p>\n<p>&nbsp;<\/p>\n<blockquote class=\"wp-embedded-content\" data-secret=\"3tPhiVseFU\"><p><a href=\"https:\/\/www.radiopiu.net\/wordpress\/viabilita\/\">viabilita<\/a><\/p><\/blockquote>\n<p><iframe loading=\"lazy\" class=\"wp-embedded-content\" sandbox=\"allow-scripts\" security=\"restricted\" style=\"position: absolute; clip: rect(1px, 1px, 1px, 1px);\" title=\"&#8220;viabilita&#8221; &#8212; Radio Pi\u00f9\" src=\"https:\/\/www.radiopiu.net\/wordpress\/viabilita\/embed\/#?secret=t4Twk1Izf9#?secret=3tPhiVseFU\" data-secret=\"3tPhiVseFU\" width=\"600\" height=\"338\" frameborder=\"0\" marginwidth=\"0\" marginheight=\"0\" scrolling=\"no\"><\/iframe><\/p>\n<p>&nbsp;<\/p>\n<hr \/>\n<p>&nbsp;<\/p>\n<p>&nbsp;<\/p>\n<p><img loading=\"lazy\" decoding=\"async\" class=\"wp-image-60761 size-full aligncenter\" src=\"https:\/\/www.radiopiu.net\/wordpress\/wp-content\/uploads\/2018\/09\/sport.jpg\" alt=\"\" width=\"800\" height=\"100\" srcset=\"https:\/\/www.radiopiu.net\/wordpress\/wp-content\/uploads\/2018\/09\/sport.jpg 800w, https:\/\/www.radiopiu.net\/wordpress\/wp-content\/uploads\/2018\/09\/sport-300x38.jpg 300w, https:\/\/www.radiopiu.net\/wordpress\/wp-content\/uploads\/2018\/09\/sport-768x96.jpg 768w\" sizes=\"auto, (max-width: 800px) 100vw, 800px\" \/><\/p>\n<p>&nbsp;<\/p>\n<p><span style=\"color: #0000ff;\"><strong>CALCIO\u00a0<\/strong><\/span><\/p>\n<blockquote>\n<h3>STEFANO MOSCA AL TREVISO E RITROVA L&#8217;AMICO YARI MASOCH<\/h3>\n<\/blockquote>\n<p><strong><a class=\"dt-pswp-item\" href=\"https:\/\/www.radiopiu.net\/wordpress\/wp-content\/uploads\/2022\/06\/STEFANO-MOSCA.png\" data-dt-img-description=\"\" data-large_image_width=\"1496\" data-large_image_height=\"938\"><img loading=\"lazy\" decoding=\"async\" class=\"size-thumbnail wp-image-282008 alignleft\" src=\"https:\/\/www.radiopiu.net\/wordpress\/wp-content\/uploads\/2022\/06\/STEFANO-MOSCA-150x150.png\" alt=\"\" width=\"150\" height=\"150\" \/><\/a>REDAZIONE<\/strong> Nuova squadra per il terzino agordino Stefano Mosca che la prossima stagione vestir\u00e0 la maglia del Treviso. La notizia \u00e8 arrivata poche ore fa dalla societ\u00e0 biancoceleste che ha deciso di affidarsi all&#8217;esperienza di Stefano in difesa. Dopo il divorzio con la Dolomiti Bellunesi, Mosca riparte dall&#8217;Eccellenza e lo fa assieme al suo amico Yari Masoch, infatti anche il gosaldino \u00e8 stato riconfermato per la prossima stagione tra le fila del Treviso che quest&#8217;anno vuole puntare al salto di categoria. Un ritorno di coppia, lo si pu\u00f2 definire cos\u00ec il ritorno dei due agordini nella stessa squadra.<\/p>\n<p><strong>STEFANO MOSCA, GIOCATORE DEL TREVISO<\/strong><\/p>\n<audio class=\"wp-audio-shortcode\" id=\"audio-281842-16\" preload=\"none\" style=\"width: 100%;\" controls=\"controls\"><source type=\"audio\/mpeg\" src=\"https:\/\/www.radiopiu.net\/wordpress\/wp-content\/uploads\/2022\/06\/STEFANO-MOSCA.mp3?_=16\" \/><a href=\"https:\/\/www.radiopiu.net\/wordpress\/wp-content\/uploads\/2022\/06\/STEFANO-MOSCA.mp3\">https:\/\/www.radiopiu.net\/wordpress\/wp-content\/uploads\/2022\/06\/STEFANO-MOSCA.mp3<\/a><\/audio>\n<p>&nbsp;<\/p>\n<p>&nbsp;<\/p>\n<div class=\"page-title-head hgroup\">\n<blockquote>\n<h3 class=\"entry-title\">DAL KERALPEN ALLA RAPPRESENTATIVA REGIONALE<\/h3>\n<\/blockquote>\n<\/div>\n<div class=\"page-title-breadcrumbs\">\n<p><strong>REDAZIONE<\/strong> Bellunesi, agordine per la precisione. Arianna e Chiara, portacolori del Keralpen Belluno sono state convocate per il torneo Eusalp, faranno parte della rappresentativa regionale e sono gi\u00e0 in Trentino per il torneo. In bocca al lupo con i complimenti a Chiara Conedera e Arianna De Bastiani.<\/p>\n\n\t\t\t<style type='text\/css'>\n\t\t\t\t#gallery-8 {\n\t\t\t\t\tmargin: auto;\n\t\t\t\t}\n\t\t\t\t#gallery-8 .gallery-item {\n\t\t\t\t\tfloat: left;\n\t\t\t\t\tmargin-top: 10px;\n\t\t\t\t\ttext-align: center;\n\t\t\t\t\twidth: 33%;\n\t\t\t\t}\n\t\t\t\t#gallery-8 img {\n\t\t\t\t\tborder: 2px solid #cfcfcf;\n\t\t\t\t}\n\t\t\t\t#gallery-8 .gallery-caption {\n\t\t\t\t\tmargin-left: 0;\n\t\t\t\t}\n\t\t\t\t\/* see gallery_shortcode() in wp-includes\/media.php *\/\n\t\t\t<\/style>\n\t\t<div id='gallery-8' class='dt-gallery-container gallery galleryid-281842 gallery-columns-3 gallery-size-medium'><dl class='gallery-item'>\n\t\t\t\t<dt class='gallery-icon landscape'>\n\t\t\t\t\t<a class=\"rollover rollover-zoom dt-pswp-item\" title=\"a25493d1-f941-437a-a490-e51de6f2771c\" data-dt-img-description=\"\" data-large_image_width=\"1080\" data-large_image_height=\"815\"href='https:\/\/www.radiopiu.net\/wordpress\/wp-content\/uploads\/2022\/06\/a25493d1-f941-437a-a490-e51de6f2771c-1.jpg'><img loading=\"lazy\" decoding=\"async\" width=\"300\" height=\"226\" src=\"https:\/\/www.radiopiu.net\/wordpress\/wp-content\/uploads\/2022\/06\/a25493d1-f941-437a-a490-e51de6f2771c-1-300x226.jpg\" class=\"attachment-medium size-medium\" alt=\"\" srcset=\"https:\/\/www.radiopiu.net\/wordpress\/wp-content\/uploads\/2022\/06\/a25493d1-f941-437a-a490-e51de6f2771c-1-300x226.jpg 300w, https:\/\/www.radiopiu.net\/wordpress\/wp-content\/uploads\/2022\/06\/a25493d1-f941-437a-a490-e51de6f2771c-1-1024x773.jpg 1024w, https:\/\/www.radiopiu.net\/wordpress\/wp-content\/uploads\/2022\/06\/a25493d1-f941-437a-a490-e51de6f2771c-1-768x580.jpg 768w, https:\/\/www.radiopiu.net\/wordpress\/wp-content\/uploads\/2022\/06\/a25493d1-f941-437a-a490-e51de6f2771c-1.jpg 1080w\" sizes=\"auto, (max-width: 300px) 100vw, 300px\" \/><\/a>\n\t\t\t\t<\/dt><\/dl><dl class='gallery-item'>\n\t\t\t\t<dt class='gallery-icon portrait'>\n\t\t\t\t\t<a class=\"rollover rollover-zoom dt-pswp-item\" title=\"216d5ab8-c9ab-4abc-9e3a-199a4146dcc9\" data-dt-img-description=\"\" data-large_image_width=\"768\" data-large_image_height=\"1024\"href='https:\/\/www.radiopiu.net\/wordpress\/wp-content\/uploads\/2022\/06\/216d5ab8-c9ab-4abc-9e3a-199a4146dcc9-1.jpg'><img loading=\"lazy\" decoding=\"async\" width=\"225\" height=\"300\" src=\"https:\/\/www.radiopiu.net\/wordpress\/wp-content\/uploads\/2022\/06\/216d5ab8-c9ab-4abc-9e3a-199a4146dcc9-1-225x300.jpg\" class=\"attachment-medium size-medium\" alt=\"\" srcset=\"https:\/\/www.radiopiu.net\/wordpress\/wp-content\/uploads\/2022\/06\/216d5ab8-c9ab-4abc-9e3a-199a4146dcc9-1-225x300.jpg 225w, https:\/\/www.radiopiu.net\/wordpress\/wp-content\/uploads\/2022\/06\/216d5ab8-c9ab-4abc-9e3a-199a4146dcc9-1.jpg 768w\" sizes=\"auto, (max-width: 225px) 100vw, 225px\" \/><\/a>\n\t\t\t\t<\/dt><\/dl>\n\t\t\t\t<br style='clear: both' \/>\n\t\t\t<\/div>\n\n<p>&nbsp;<\/p>\n<\/div>\n<hr \/>\n<p>&nbsp;<\/p>\n<p><span style=\"color: #0000ff;\"><strong>MOUNTAIN BIKE<\/strong><\/span><\/p>\n<blockquote>\n<h3>SCARELLA E FRATTA CONTINUANO A SPLENDERE NELLA TRANSPYR<\/h3>\n<\/blockquote>\n<p><strong>PIRENEI SPAGNOLI<\/strong><\/p>\n<p>di Roberto Bona<\/p>\n<audio class=\"wp-audio-shortcode\" id=\"audio-281842-17\" preload=\"none\" style=\"width: 100%;\" controls=\"controls\"><source type=\"audio\/mpeg\" src=\"https:\/\/www.radiopiu.net\/wordpress\/wp-content\/uploads\/2022\/06\/BONA-TRANSPYR-4.mp3?_=17\" \/><a href=\"https:\/\/www.radiopiu.net\/wordpress\/wp-content\/uploads\/2022\/06\/BONA-TRANSPYR-4.mp3\">https:\/\/www.radiopiu.net\/wordpress\/wp-content\/uploads\/2022\/06\/BONA-TRANSPYR-4.mp3<\/a><\/audio>\n<p>&nbsp;<\/p>\n<p><strong>LA PARTENZA DELLA CATEGORIA MASTER<\/strong><\/p>\n<div style=\"width: 848px;\" class=\"wp-video\"><video class=\"wp-video-shortcode\" id=\"video-281842-1\" width=\"848\" height=\"480\" preload=\"metadata\" controls=\"controls\"><source type=\"video\/mp4\" src=\"https:\/\/www.radiopiu.net\/wordpress\/wp-content\/uploads\/2022\/06\/WhatsApp-Video-2022-06-16-at-17.53.11.mp4?_=1\" \/><a href=\"https:\/\/www.radiopiu.net\/wordpress\/wp-content\/uploads\/2022\/06\/WhatsApp-Video-2022-06-16-at-17.53.11.mp4\">https:\/\/www.radiopiu.net\/wordpress\/wp-content\/uploads\/2022\/06\/WhatsApp-Video-2022-06-16-at-17.53.11.mp4<\/a><\/video><\/div>\n<p>&nbsp;<\/p>\n\n\t\t\t<style type='text\/css'>\n\t\t\t\t#gallery-9 {\n\t\t\t\t\tmargin: auto;\n\t\t\t\t}\n\t\t\t\t#gallery-9 .gallery-item {\n\t\t\t\t\tfloat: left;\n\t\t\t\t\tmargin-top: 10px;\n\t\t\t\t\ttext-align: center;\n\t\t\t\t\twidth: 25%;\n\t\t\t\t}\n\t\t\t\t#gallery-9 img {\n\t\t\t\t\tborder: 2px solid #cfcfcf;\n\t\t\t\t}\n\t\t\t\t#gallery-9 .gallery-caption {\n\t\t\t\t\tmargin-left: 0;\n\t\t\t\t}\n\t\t\t\t\/* see gallery_shortcode() in wp-includes\/media.php *\/\n\t\t\t<\/style>\n\t\t<div id='gallery-9' class='dt-gallery-container gallery galleryid-281842 gallery-columns-4 gallery-size-thumbnail'><dl class='gallery-item'>\n\t\t\t\t<dt class='gallery-icon portrait'>\n\t\t\t\t\t<a class=\"rollover rollover-zoom dt-pswp-item\" title=\"92942eae-2006-4f18-8a17-b9db85be03f2\" data-dt-img-description=\"\" data-large_image_width=\"768\" data-large_image_height=\"1024\"href='https:\/\/www.radiopiu.net\/wordpress\/wp-content\/uploads\/2022\/06\/92942eae-2006-4f18-8a17-b9db85be03f2.jpg'><img loading=\"lazy\" decoding=\"async\" width=\"150\" height=\"150\" src=\"https:\/\/www.radiopiu.net\/wordpress\/wp-content\/uploads\/2022\/06\/92942eae-2006-4f18-8a17-b9db85be03f2-150x150.jpg\" class=\"attachment-thumbnail size-thumbnail\" alt=\"\" \/><\/a>\n\t\t\t\t<\/dt><\/dl><dl class='gallery-item'>\n\t\t\t\t<dt class='gallery-icon landscape'>\n\t\t\t\t\t<a class=\"rollover rollover-zoom dt-pswp-item\" title=\"ba6cd4ae-b322-40dc-a2da-40fdfca676a3\" data-dt-img-description=\"\" data-large_image_width=\"1024\" data-large_image_height=\"768\"href='https:\/\/www.radiopiu.net\/wordpress\/wp-content\/uploads\/2022\/06\/ba6cd4ae-b322-40dc-a2da-40fdfca676a3.jpg'><img loading=\"lazy\" decoding=\"async\" width=\"150\" height=\"150\" src=\"https:\/\/www.radiopiu.net\/wordpress\/wp-content\/uploads\/2022\/06\/ba6cd4ae-b322-40dc-a2da-40fdfca676a3-150x150.jpg\" class=\"attachment-thumbnail size-thumbnail\" alt=\"\" \/><\/a>\n\t\t\t\t<\/dt><\/dl><dl class='gallery-item'>\n\t\t\t\t<dt class='gallery-icon landscape'>\n\t\t\t\t\t<a class=\"rollover rollover-zoom dt-pswp-item\" title=\"790a71a2-baa8-4b13-954e-baefb7188192\" data-dt-img-description=\"\" data-large_image_width=\"1024\" data-large_image_height=\"768\"href='https:\/\/www.radiopiu.net\/wordpress\/wp-content\/uploads\/2022\/06\/790a71a2-baa8-4b13-954e-baefb7188192.jpg'><img loading=\"lazy\" decoding=\"async\" width=\"150\" height=\"150\" src=\"https:\/\/www.radiopiu.net\/wordpress\/wp-content\/uploads\/2022\/06\/790a71a2-baa8-4b13-954e-baefb7188192-150x150.jpg\" class=\"attachment-thumbnail size-thumbnail\" alt=\"\" \/><\/a>\n\t\t\t\t<\/dt><\/dl><dl class='gallery-item'>\n\t\t\t\t<dt class='gallery-icon portrait'>\n\t\t\t\t\t<a class=\"rollover rollover-zoom dt-pswp-item\" title=\"a7610730-ec5a-4d55-9a8d-41ca733124bb\" data-dt-img-description=\"\" data-large_image_width=\"1536\" data-large_image_height=\"2048\"href='https:\/\/www.radiopiu.net\/wordpress\/wp-content\/uploads\/2022\/06\/a7610730-ec5a-4d55-9a8d-41ca733124bb.jpg'><img loading=\"lazy\" decoding=\"async\" width=\"150\" height=\"150\" src=\"https:\/\/www.radiopiu.net\/wordpress\/wp-content\/uploads\/2022\/06\/a7610730-ec5a-4d55-9a8d-41ca733124bb-150x150.jpg\" class=\"attachment-thumbnail size-thumbnail\" alt=\"\" \/><\/a>\n\t\t\t\t<\/dt><\/dl><br style=\"clear: both\" \/>\n\t\t\t<\/div>\n\n<p>&nbsp;<\/p>\n<\/div>\n<\/div>\n<\/div>\n<\/div>\n<\/div>\n<\/div>\n<\/div>\n<\/div>\n<\/div>\n<\/div>\n<\/div>\n<\/div>\n<\/div>\n<\/div>\n<\/div>\n<\/div>\n<\/div>\n<\/div>\n<\/div>\n<\/div>\n<\/div>\n<\/div>\n<\/div>\n<\/div>\n<\/div>\n<\/div>\n<\/div>\n<\/div>\n<\/div>\n<\/div>\n<\/div>\n<\/div>\n<\/div>\n<\/div>\n<\/div>\n<\/div>\n<\/div>\n<\/div>\n<\/div>\n<\/div>\n<\/div>\n<\/div>\n<\/div>\n<\/div>\n<\/div>\n<\/div>\n<\/div>\n<\/div>\n<\/div>\n<\/div>\n<\/div>\n<\/div>\n<\/div>\n<\/div>\n<\/div>\n<\/div>\n<\/div>\n<\/div>\n<\/div>\n<\/div>\n<\/div>\n<\/div>\n<\/div>\n<\/div>\n<\/div>\n<\/div>\n<\/div>\n<\/div>\n<\/div>\n<\/div>\n<\/div>\n<\/div>\n<\/div>\n<\/div>\n<\/div>\n<\/div>\n<\/div>\n<\/div>\n<\/div>\n<\/div>\n<\/div>\n<\/div>\n<\/div>\n<\/div>\n<\/div>\n<\/div>\n<\/div>\n<\/div>\n<\/div>\n<\/div>\n<\/div>\n<\/div>\n<\/div>\n<\/div>\n<\/div>\n<\/div>\n<\/div>\n<\/div>\n<\/div>\n<\/div>\n<\/div>\n<\/div>\n<\/div>\n<\/div>\n<\/div>\n","protected":false},"excerpt":{"rendered":"<p>RADIO PIU INFORMAZIONE il canale su TELEGRAM informazione di prima\u00a0 mano e in tempo reale. iscriviti ed aiutaci a farlo conoscere\u00a0\u00a0 LA VALLE Due notti di lavori in galleria dei Castei per le indagini diagnostiche e la manutenzione degli impianti. Veneto Strade ha previsto il senso unico alternato regolato da semaforo sia lunedi 20 giugno&hellip;<\/p>\n","protected":false},"author":4,"featured_media":282053,"comment_status":"closed","ping_status":"closed","sticky":false,"template":"","format":"standard","meta":{"_monsterinsights_skip_tracking":false,"_monsterinsights_sitenote_active":false,"_monsterinsights_sitenote_note":"","_monsterinsights_sitenote_category":0,"footnotes":""},"categories":[51,86,49],"tags":[],"class_list":["post-281842","post","type-post","status-publish","format-standard","has-post-thumbnail","hentry","category-evidenza-top","category-gr","category-news-18","category-51","category-86","category-49","description-off"],"img_url":"https:\/\/www.radiopiu.net\/wordpress\/wp-content\/uploads\/2022\/06\/AAAA-5.jpg","_links":{"self":[{"href":"https:\/\/www.radiopiu.net\/wordpress\/wp-json\/wp\/v2\/posts\/281842","targetHints":{"allow":["GET"]}}],"collection":[{"href":"https:\/\/www.radiopiu.net\/wordpress\/wp-json\/wp\/v2\/posts"}],"about":[{"href":"https:\/\/www.radiopiu.net\/wordpress\/wp-json\/wp\/v2\/types\/post"}],"author":[{"embeddable":true,"href":"https:\/\/www.radiopiu.net\/wordpress\/wp-json\/wp\/v2\/users\/4"}],"replies":[{"embeddable":true,"href":"https:\/\/www.radiopiu.net\/wordpress\/wp-json\/wp\/v2\/comments?post=281842"}],"version-history":[{"count":0,"href":"https:\/\/www.radiopiu.net\/wordpress\/wp-json\/wp\/v2\/posts\/281842\/revisions"}],"wp:featuredmedia":[{"embeddable":true,"href":"https:\/\/www.radiopiu.net\/wordpress\/wp-json\/wp\/v2\/media\/282053"}],"wp:attachment":[{"href":"https:\/\/www.radiopiu.net\/wordpress\/wp-json\/wp\/v2\/media?parent=281842"}],"wp:term":[{"taxonomy":"category","embeddable":true,"href":"https:\/\/www.radiopiu.net\/wordpress\/wp-json\/wp\/v2\/categories?post=281842"},{"taxonomy":"post_tag","embeddable":true,"href":"https:\/\/www.radiopiu.net\/wordpress\/wp-json\/wp\/v2\/tags?post=281842"}],"curies":[{"name":"wp","href":"https:\/\/api.w.org\/{rel}","templated":true}]}}