{"id":281961,"date":"2022-06-17T05:35:24","date_gmt":"2022-06-17T03:35:24","guid":{"rendered":"https:\/\/www.radiopiu.net\/wordpress\/?p=281961"},"modified":"2022-06-17T05:54:40","modified_gmt":"2022-06-17T03:54:40","slug":"unestate-di-eventi-e-cultura-sulla-marmolada-la-regina-delle-dolomiti","status":"publish","type":"post","link":"https:\/\/www.radiopiu.net\/wordpress\/unestate-di-eventi-e-cultura-sulla-marmolada-la-regina-delle-dolomiti\/","title":{"rendered":"UN\u2019ESTATE DI EVENTI E CULTURA SULLA MARMOLADA, LA REGINA DELLE DOLOMITI"},"content":{"rendered":"<p><a class=\"dt-pswp-item\" href=\"https:\/\/www.radiopiu.net\/wordpress\/wp-content\/uploads\/2022\/06\/893A2719-p-scaled.jpg\" data-dt-img-description=\"\" data-large_image_width=\"2560\" data-large_image_height=\"1707\"><img loading=\"lazy\" decoding=\"async\" class=\"wp-image-281962  alignleft\" src=\"https:\/\/www.radiopiu.net\/wordpress\/wp-content\/uploads\/2022\/06\/893A2719-p-scaled.jpg\" alt=\"\" width=\"208\" height=\"138\" srcset=\"https:\/\/www.radiopiu.net\/wordpress\/wp-content\/uploads\/2022\/06\/893A2719-p-scaled.jpg 2560w, https:\/\/www.radiopiu.net\/wordpress\/wp-content\/uploads\/2022\/06\/893A2719-p-300x200.jpg 300w, https:\/\/www.radiopiu.net\/wordpress\/wp-content\/uploads\/2022\/06\/893A2719-p-1024x683.jpg 1024w, https:\/\/www.radiopiu.net\/wordpress\/wp-content\/uploads\/2022\/06\/893A2719-p-768x512.jpg 768w, https:\/\/www.radiopiu.net\/wordpress\/wp-content\/uploads\/2022\/06\/893A2719-p-1536x1024.jpg 1536w, https:\/\/www.radiopiu.net\/wordpress\/wp-content\/uploads\/2022\/06\/893A2719-p-2048x1365.jpg 2048w\" sizes=\"auto, (max-width: 208px) 100vw, 208px\" \/><\/a><strong>ROCCA PIETORE<\/strong> Funivie Marmolada riapre le proprie porte sabato 18 giugno, rendendo nuovamente accessibile a tutti la Regina delle Dolomiti, con tutto il suo patrimonio culturale, storico e naturalistico, che sar\u00e0 protagonista di questa estate 2022. Con la funivia apriranno anche il Museo Marmolada Grande Guerra 3000 m, la terrazza panoramica a 3.265 m con vista a 360\u00b0 su tutti i nove sistemi delle Dolomiti &#8211; Patrimonio Unesco dal 2009 &#8211; la grotta della Madonna, con la statua consacrata da Papa Giovanni Paolo II nel 1979. Saranno poi accessibili anche i percorsi della Zona Monumentale Sacra di Punta Serauta, appena l\u2019ultima neve invernale si sar\u00e0 sciolta. Percorrere i corridoi del museo o i camminamenti di Serauta riporta indietro nel tempo e permette di scoprire molti dettagli della vita dei soldati a 3000 m durante la Grande Guerra. La cultura non sar\u00e0 per\u00f2 protagonista solamente in questi due luoghi, ma anche nel ricco calendario di eventi, che si aprir\u00e0 con un lieto ritorno, quello delle visite guidate gratuite al Museo Marmolada Grande Guerra 3000 m. Dopo due anni di fermo causa CoVid-19, il Museo ricomincer\u00e0 ad offrire questo importante e interessante servizio. Previa prenotazione al n. 334 6794461 sar\u00e0 quindi possibile essere accompagnati da una guida esperta, che aiuter\u00e0 gli ospiti a scoprire la vita dei soldati a 3000 m durante la Prima Guerra Mondiale. Sempre in ambito culturale, il 6 agosto salir\u00e0 sulla Marmolada un gruppo di rievocatori storici che far\u00e0 fare letteralmente un tuffo nella storia, raccontando eventi e storie di soldati sia nella Zona Monumentale Sacra di Punta Serauta, sia all\u2019interno del museo. Inoltre, durante l\u2019estate verr\u00e0 organizzata insieme all\u2019artista dolomitico Fabio Vettori una mostra personale sulle sue famose Formiche. La mostra verr\u00e0 inaugurata il 23 luglio e rester\u00e0 aperta e visitabile fino al 18 settembre, giorno di chiusura della funivia. Lo scopo delle mostre organizzate finora \u00e8 sempre stato quello di <a class=\"dt-pswp-item\" href=\"https:\/\/www.radiopiu.net\/wordpress\/wp-content\/uploads\/2022\/06\/20210806_081925-scaled.jpg\" data-dt-img-description=\"\" data-large_image_width=\"2560\" data-large_image_height=\"1440\"><img loading=\"lazy\" decoding=\"async\" class=\"wp-image-281963  alignright\" src=\"https:\/\/www.radiopiu.net\/wordpress\/wp-content\/uploads\/2022\/06\/20210806_081925-scaled.jpg\" alt=\"\" width=\"199\" height=\"112\" srcset=\"https:\/\/www.radiopiu.net\/wordpress\/wp-content\/uploads\/2022\/06\/20210806_081925-scaled.jpg 2560w, https:\/\/www.radiopiu.net\/wordpress\/wp-content\/uploads\/2022\/06\/20210806_081925-300x169.jpg 300w, https:\/\/www.radiopiu.net\/wordpress\/wp-content\/uploads\/2022\/06\/20210806_081925-1024x576.jpg 1024w, https:\/\/www.radiopiu.net\/wordpress\/wp-content\/uploads\/2022\/06\/20210806_081925-768x432.jpg 768w, https:\/\/www.radiopiu.net\/wordpress\/wp-content\/uploads\/2022\/06\/20210806_081925-1536x864.jpg 1536w, https:\/\/www.radiopiu.net\/wordpress\/wp-content\/uploads\/2022\/06\/20210806_081925-2048x1152.jpg 2048w\" sizes=\"auto, (max-width: 199px) 100vw, 199px\" \/><\/a>informare e promulgare la pace fra i popoli, solitamente attraverso il racconto della Grande Guerra. Quest\u2019anno \u00e8 stato scelto un tema pi\u00f9 alla portata di tutti, che trasporti il visitatore in un racconto di pace e fraternit\u00e0 attraverso la simpatica famiglia delle Formiche di Fabio Vettori, che negli anni ha gi\u00e0 trattato temi culturali di spessore, come la Divina Commedia di Dante Alighieri. Sar\u00e0 questa un\u2019occasione anche per festeggiare i 50 anni delle Formiche. Oltre alla mostra, Fabio Vettori sar\u00e0 presente anche il 23 luglio e il 10 settembre per tenere due laboratori di disegno per bambini e ragazzi (previa prenotazione). Sempre nell\u2019ambito di questi eventi di \u201cFormiche ad alta quota\u201d, l\u201911 agosto si terr\u00e0 anche una giornata di scultura dal vivo con il maestro Egidio Petri, che realizzer\u00e0 un\u2019opera dedicata alla Marmolada, Regina delle Dolomiti. Spazio anche per il divertimento con quattro serate dedicate all\u2019apr\u00e8s-trekking, una chiusura ritardata del bar Funivia a Malga Ciapela per tutti i malinconici degli apr\u00e8s-ski invernali, con drink e buona musica dal vivo nelle giornate 22 e 30 luglio, 13 e 20 agosto 2022. Dedicato invece alla bellezza delle Dolomiti \u00e8 l\u2019aperi-tramonto del 2 settembre, un evento organizzato nel Ristorante di Serauta al tramonto con musica dal vivo. Dopo un rilassante aperitivo ad alta quota, sar\u00e0 possibile salire fino a Punta Rocca per godere della bellezza del tramonto dai 3.265 m della terrazza panoramica. Torna poi quest\u2019anno anche la Santa Messa del 26 agosto per ricordare la visita di Papa Giovanni Paolo II del 1979. Il Papa quell\u2019anno sal\u00ec durante una visita ai luoghi natali di Papa Giovanni Paolo I e in quell\u2019occasione consacr\u00f2 anche una statua, la statua della Madonna, Regina delle Dolomiti, che ancora oggi \u00e8 conservata a Punta Rocca in una grotta ad essa dedicata. Infine, per chi vuole iniziare la mattina con una carica positiva davvero speciale, verr\u00e0 riproposto tutti i venerd\u00ec di agosto l\u2019appuntamento con lo yoga sulla Regina. L\u2019estate 2022 sulla Marmolada sar\u00e0 davvero adatta a tutti! Per maggiori informazioni contattare l\u2019ufficio comunicazione e marketing di Marmolada Srl: mobile +39.334 6794461 mail visitmarmolada@funiviemarmolada.com<\/p>\n","protected":false},"excerpt":{"rendered":"<p>ROCCA PIETORE Funivie Marmolada riapre le proprie porte sabato 18 giugno, rendendo nuovamente accessibile a tutti la Regina delle Dolomiti, con tutto il suo patrimonio culturale, storico e naturalistico, che sar\u00e0 protagonista di questa estate 2022. Con la funivia apriranno anche il Museo Marmolada Grande Guerra 3000 m, la terrazza panoramica a 3.265 m con&hellip;<\/p>\n","protected":false},"author":4,"featured_media":281962,"comment_status":"closed","ping_status":"closed","sticky":false,"template":"","format":"standard","meta":{"_monsterinsights_skip_tracking":false,"_monsterinsights_sitenote_active":false,"_monsterinsights_sitenote_note":"","_monsterinsights_sitenote_category":0,"footnotes":""},"categories":[51,49],"tags":[],"class_list":["post-281961","post","type-post","status-publish","format-standard","has-post-thumbnail","hentry","category-evidenza-top","category-news-18","category-51","category-49","description-off"],"img_url":"https:\/\/www.radiopiu.net\/wordpress\/wp-content\/uploads\/2022\/06\/893A2719-p-scaled.jpg","_links":{"self":[{"href":"https:\/\/www.radiopiu.net\/wordpress\/wp-json\/wp\/v2\/posts\/281961","targetHints":{"allow":["GET"]}}],"collection":[{"href":"https:\/\/www.radiopiu.net\/wordpress\/wp-json\/wp\/v2\/posts"}],"about":[{"href":"https:\/\/www.radiopiu.net\/wordpress\/wp-json\/wp\/v2\/types\/post"}],"author":[{"embeddable":true,"href":"https:\/\/www.radiopiu.net\/wordpress\/wp-json\/wp\/v2\/users\/4"}],"replies":[{"embeddable":true,"href":"https:\/\/www.radiopiu.net\/wordpress\/wp-json\/wp\/v2\/comments?post=281961"}],"version-history":[{"count":0,"href":"https:\/\/www.radiopiu.net\/wordpress\/wp-json\/wp\/v2\/posts\/281961\/revisions"}],"wp:featuredmedia":[{"embeddable":true,"href":"https:\/\/www.radiopiu.net\/wordpress\/wp-json\/wp\/v2\/media\/281962"}],"wp:attachment":[{"href":"https:\/\/www.radiopiu.net\/wordpress\/wp-json\/wp\/v2\/media?parent=281961"}],"wp:term":[{"taxonomy":"category","embeddable":true,"href":"https:\/\/www.radiopiu.net\/wordpress\/wp-json\/wp\/v2\/categories?post=281961"},{"taxonomy":"post_tag","embeddable":true,"href":"https:\/\/www.radiopiu.net\/wordpress\/wp-json\/wp\/v2\/tags?post=281961"}],"curies":[{"name":"wp","href":"https:\/\/api.w.org\/{rel}","templated":true}]}}