{"id":281977,"date":"2022-06-17T05:36:13","date_gmt":"2022-06-17T03:36:13","guid":{"rendered":"https:\/\/www.radiopiu.net\/wordpress\/?p=281977"},"modified":"2022-06-17T05:55:50","modified_gmt":"2022-06-17T03:55:50","slug":"a-feltre-il-ritorno-di-walter-delogu-con-il-libro-parlato-e-dumia","status":"publish","type":"post","link":"https:\/\/www.radiopiu.net\/wordpress\/a-feltre-il-ritorno-di-walter-delogu-con-il-libro-parlato-e-dumia\/","title":{"rendered":"A FELTRE IL RITORNO DI WALTER DELOGU, CON IL LIBRO PARLATO E DUMIA"},"content":{"rendered":"<p class=\"western\"><span style=\"font-family: Arial, serif;\"><strong><img decoding=\"async\" class=\"aligncenter\" src=\"https:\/\/www.radiopiu.net\/wordpress\/wp-content\/uploads\/2022\/06\/b79ce6a2-71a3-4a8f-8d35-a605fa14aae6-300x300.jpg\" \/>FELTRE<\/strong> Torna a Feltre Walter Delogu il pap\u00e0 di Andrea, famosa e amata star della televisione italiana. La sua \u00e8 una <\/span><span style=\"font-family: Arial, serif;\">storia<\/span><span style=\"font-family: Arial, serif;\"> particolare, che affonda le radici in un mondo fatto di luci e ombre sotto la scure della tossicodipendenza fino al riscatto, passando per il suo percorso a <\/span><span style=\"font-family: Arial, serif;\">San Patrignano<\/span><span style=\"font-family: Arial, serif;\"> e il racconto della sua storia impresso nel libro <\/span><span style=\"font-family: Arial, serif;\"><i>Il braccio destro<\/i><\/span><span style=\"font-family: Arial, serif;\">, scritto a quattro mani con l\u2019avvocato e blogger Davide Grassi. <\/span><span style=\"font-family: Arial, serif;\">Delogu sar\u00e0 a Belluno il 18 giugno per partecipare a Tedex Belluno e alla sera torner\u00e0 con grande entusiasmo a Feltre dove nel mese di ottobre ha presentato il suo libro e incontrato alcuni ragazzi della scuola Rocca insieme al Cilp , \u00e8 stato per lui un punto di partenza verso molteplici conferenze in tutta Italia per parlare di tossicodipendenza e prevenzione <\/span><em><span style=\"font-family: Arial, serif;\">Nel suo libro Walter cita il brano \u201ccara droga\u201d del cantautore salentino Franco Simone con il quale ha recentemente scoperto una certa affinit\u00e0 <\/span><\/em><em>\u201c <span style=\"font-family: Arial, serif;\">..\u00e8 <\/span><\/em><span style=\"font-family: Arial, serif;\"><i>la canzone che, in assoluto, ha espresso in modo originale, energico e combattivo, una lotta contro il problema della droga, quale piaga sociale diffusa in tutto il mondo, da decenni ormai..La capacit\u00e0 indiscussa di Franco Simone \u00e8 stata quella di essersi immedesimato nella vita delle persone che entrano in un tunnel senza fine per mai pi\u00f9 ritornare alla vita, affrontando questo problema che ci distrugge il fisico e la mente, con un amore egoista che ci assorbe vitalit\u00e0 e passione, per lasciarci in cambio solo la tristezza e la solitudine. <\/i><\/span><span style=\"font-family: Arial, serif;\"><i>Questa canzone, in <\/i><\/span><span style=\"font-family: Arial, serif;\"><i>Cile<\/i><\/span><span style=\"font-family: Arial, serif;\"><i> fu accolta subito su un \u201cpiatto d\u2019argento\u201d per diventare <\/i><\/span><span style=\"font-family: Arial, serif;\"><i>un \u201cinno\u201d nelle campagne<\/i><\/span><i> <\/i><span style=\"font-family: Arial, serif;\"><i>nazionali contro la droga<\/i><\/span><span style=\"font-family: Arial, serif;\"><i> per sensibilizzare la societ\u00e0 ad intervenire e risolvere questo problema che affligge i giovani soprattutto.<\/i><\/span><span style=\"font-family: Times New Roman, serif;\"><span style=\"font-size: medium;\"><span style=\"font-family: Arial, serif;\"><span style=\"font-size: small;\"><i>la droga ha solo cambiato aspetto, seguendo lo sviluppo scientifico, ma non mutando i suoi effetti e controindicazioni che conducono entrambi alla morte certa<\/i><\/span><\/span><span style=\"font-family: Arial, serif;\"><span style=\"font-size: small;\">.\u201d <\/span><\/span><\/span><\/span><span style=\"font-family: Arial, serif;\">Di tutto questo e molto altro si parler\u00e0 sabato sera in collaborazione con il Cilp la cui <\/span><span style=\"color: #000000;\"><span style=\"font-family: Arial, serif;\">mission s \u00e8 anche \u201cdare voce\u201d a tante realt\u00e0 di solidariet\u00e0 in ambiti diversi come Dumia Onlus <\/span><\/span><span style=\"color: #000000;\"><span style=\"font-family: Arial, serif;\">La Cooperativa Sociale &#8220;Dumia&#8221; nasce nel 1989 con il nome Cooperativa Sociale \u2018Le Braite\u2019 per favorire il reinserimento socio lavorativo di persone svantaggiate, in particolare tossicodipendenti, nell\u2019ambito dell\u2019esperienza dell\u2019omonima comunit\u00e0 pubblica dell\u2019U.L.S.S. n. 2. <\/span><\/span><span style=\"color: #000000;\"><span style=\"font-family: Arial, serif;\">Nel 1994 viene iscritta all\u2019albo delle Comunit\u00e0 Terapeutiche di tipo A della Regione del Veneto.\u00a0\u00a0<\/span><\/span> <span style=\"color: #000000;\"><span style=\"font-family: Arial, serif;\">Nel 2016 inizia il progetto \u201cLA TERRA A CHI LAVORA\u201d e Dumia ottiene dal Comune di Feltre il terreno adiacente alla comunit\u00e0 terapeutica per coltivarlo con metodo biologico. Nel 2016 si iniziano a coltivare ortaggi per l\u2019autoconsumo. Nel 2017, notando l\u2019impatto benefico di questo tipo di ergoterapia nei ragazzi ospiti della comunit\u00e0, si \u00e8 deciso di iniziare il progetto \u201c<\/span><\/span><span style=\"color: #000000;\"><span style=\"font-family: Arial, serif;\">COSTRUZIONE DI UN SOGNO<\/span><\/span><span style=\"color: #000000;\"><span style=\"font-family: Arial, serif;\">\u201d ampliando la superfice coltivata. <\/span><\/span><span style=\"font-family: Arial, serif;\">Interventi <\/span><span style=\"font-family: Arial, serif;\">Walter Delogu; <\/span><span style=\"font-family: Arial, serif;\">Federica Cesa e Pizzaia Daniela (Dumia);\u00a0 <\/span><span style=\"font-family: Arial, serif;\">Modera Luisa Alchini Cilp. <\/span><span style=\"font-family: Arial, serif;\">Diretta facebook <\/span><span style=\"font-family: Arial, serif;\"><b>Radio Pi\u00f9<\/b><\/span><\/p>\n<p>&nbsp;<\/p>\n<hr \/>\n<p>&nbsp;<\/p>\n","protected":false},"excerpt":{"rendered":"<p>FELTRE Torna a Feltre Walter Delogu il pap\u00e0 di Andrea, famosa e amata star della televisione italiana. La sua \u00e8 una storia particolare, che affonda le radici in un mondo fatto di luci e ombre sotto la scure della tossicodipendenza fino al riscatto, passando per il suo percorso a San Patrignano e il racconto della&hellip;<\/p>\n","protected":false},"author":4,"featured_media":281978,"comment_status":"closed","ping_status":"closed","sticky":false,"template":"","format":"standard","meta":{"_monsterinsights_skip_tracking":false,"_monsterinsights_sitenote_active":false,"_monsterinsights_sitenote_note":"","_monsterinsights_sitenote_category":0,"footnotes":""},"categories":[51,49],"tags":[],"class_list":["post-281977","post","type-post","status-publish","format-standard","has-post-thumbnail","hentry","category-evidenza-top","category-news-18","category-51","category-49","description-off"],"img_url":"https:\/\/www.radiopiu.net\/wordpress\/wp-content\/uploads\/2022\/06\/b79ce6a2-71a3-4a8f-8d35-a605fa14aae6.jpg","_links":{"self":[{"href":"https:\/\/www.radiopiu.net\/wordpress\/wp-json\/wp\/v2\/posts\/281977","targetHints":{"allow":["GET"]}}],"collection":[{"href":"https:\/\/www.radiopiu.net\/wordpress\/wp-json\/wp\/v2\/posts"}],"about":[{"href":"https:\/\/www.radiopiu.net\/wordpress\/wp-json\/wp\/v2\/types\/post"}],"author":[{"embeddable":true,"href":"https:\/\/www.radiopiu.net\/wordpress\/wp-json\/wp\/v2\/users\/4"}],"replies":[{"embeddable":true,"href":"https:\/\/www.radiopiu.net\/wordpress\/wp-json\/wp\/v2\/comments?post=281977"}],"version-history":[{"count":0,"href":"https:\/\/www.radiopiu.net\/wordpress\/wp-json\/wp\/v2\/posts\/281977\/revisions"}],"wp:featuredmedia":[{"embeddable":true,"href":"https:\/\/www.radiopiu.net\/wordpress\/wp-json\/wp\/v2\/media\/281978"}],"wp:attachment":[{"href":"https:\/\/www.radiopiu.net\/wordpress\/wp-json\/wp\/v2\/media?parent=281977"}],"wp:term":[{"taxonomy":"category","embeddable":true,"href":"https:\/\/www.radiopiu.net\/wordpress\/wp-json\/wp\/v2\/categories?post=281977"},{"taxonomy":"post_tag","embeddable":true,"href":"https:\/\/www.radiopiu.net\/wordpress\/wp-json\/wp\/v2\/tags?post=281977"}],"curies":[{"name":"wp","href":"https:\/\/api.w.org\/{rel}","templated":true}]}}