{"id":282006,"date":"2022-06-16T23:59:10","date_gmt":"2022-06-16T21:59:10","guid":{"rendered":"https:\/\/www.radiopiu.net\/wordpress\/?p=282006"},"modified":"2022-06-16T17:19:05","modified_gmt":"2022-06-16T15:19:05","slug":"stefano-mosca-al-treviso-e-ritrova-lamico-yari-masoch","status":"publish","type":"post","link":"https:\/\/www.radiopiu.net\/wordpress\/stefano-mosca-al-treviso-e-ritrova-lamico-yari-masoch\/","title":{"rendered":"STEFANO MOSCA AL TREVISO E RITROVA L&#8217;AMICO YARI MASOCH"},"content":{"rendered":"<p><strong><a class=\"dt-pswp-item\" href=\"https:\/\/www.radiopiu.net\/wordpress\/wp-content\/uploads\/2022\/06\/STEFANO-MOSCA.png\" data-dt-img-description=\"\" data-large_image_width=\"1496\" data-large_image_height=\"938\"><img loading=\"lazy\" decoding=\"async\" class=\"size-thumbnail wp-image-282008 alignleft\" src=\"https:\/\/www.radiopiu.net\/wordpress\/wp-content\/uploads\/2022\/06\/STEFANO-MOSCA-150x150.png\" alt=\"\" width=\"150\" height=\"150\" \/><\/a>REDAZIONE<\/strong> Nuova squadra per il terzino agordino Stefano Mosca che la prossima stagione vestir\u00e0 la maglia del Treviso. La notizia \u00e8 arrivata poche ore fa dalla societ\u00e0 biancoceleste che ha deciso di affidarsi all&#8217;esperienza di Stefano in difesa. Dopo il divorzio con la Dolomiti Bellunesi, Mosca riparte dall&#8217;Eccellenza e lo fa assieme al suo amico Yari Masoch, infatti anche il gosaldino \u00e8 stato riconfermato per la prossima stagione tra le fila del Treviso che quest&#8217;anno vuole puntare al salto di categoria. Un ritorno di coppia, lo si pu\u00f2 definire cos\u00ec il ritorno dei due agordini nella stessa squadra.<\/p>\n<p><strong>STEFANO MOSCA, GIOCATORE DEL TREVISO<\/strong><\/p>\n<audio class=\"wp-audio-shortcode\" id=\"audio-282006-1\" preload=\"none\" style=\"width: 100%;\" controls=\"controls\"><source type=\"audio\/mpeg\" src=\"https:\/\/www.radiopiu.net\/wordpress\/wp-content\/uploads\/2022\/06\/STEFANO-MOSCA.mp3?_=1\" \/><a href=\"https:\/\/www.radiopiu.net\/wordpress\/wp-content\/uploads\/2022\/06\/STEFANO-MOSCA.mp3\">https:\/\/www.radiopiu.net\/wordpress\/wp-content\/uploads\/2022\/06\/STEFANO-MOSCA.mp3<\/a><\/audio>\n<p>&nbsp;<\/p>\n<p>&nbsp;<\/p>\n<p>&nbsp;<\/p>\n<p>*****<\/p>\n","protected":false},"excerpt":{"rendered":"<p>REDAZIONE Nuova squadra per il terzino agordino Stefano Mosca che la prossima stagione vestir\u00e0 la maglia del Treviso. La notizia \u00e8 arrivata poche ore fa dalla societ\u00e0 biancoceleste che ha deciso di affidarsi all&#8217;esperienza di Stefano in difesa. Dopo il divorzio con la Dolomiti Bellunesi, Mosca riparte dall&#8217;Eccellenza e lo fa assieme al suo amico&hellip;<\/p>\n","protected":false},"author":4,"featured_media":282008,"comment_status":"closed","ping_status":"closed","sticky":false,"template":"","format":"standard","meta":{"_monsterinsights_skip_tracking":false,"_monsterinsights_sitenote_active":false,"_monsterinsights_sitenote_note":"","_monsterinsights_sitenote_category":0,"footnotes":""},"categories":[49],"tags":[],"class_list":["post-282006","post","type-post","status-publish","format-standard","has-post-thumbnail","hentry","category-news-18","category-49","description-off"],"img_url":"https:\/\/www.radiopiu.net\/wordpress\/wp-content\/uploads\/2022\/06\/STEFANO-MOSCA.png","_links":{"self":[{"href":"https:\/\/www.radiopiu.net\/wordpress\/wp-json\/wp\/v2\/posts\/282006","targetHints":{"allow":["GET"]}}],"collection":[{"href":"https:\/\/www.radiopiu.net\/wordpress\/wp-json\/wp\/v2\/posts"}],"about":[{"href":"https:\/\/www.radiopiu.net\/wordpress\/wp-json\/wp\/v2\/types\/post"}],"author":[{"embeddable":true,"href":"https:\/\/www.radiopiu.net\/wordpress\/wp-json\/wp\/v2\/users\/4"}],"replies":[{"embeddable":true,"href":"https:\/\/www.radiopiu.net\/wordpress\/wp-json\/wp\/v2\/comments?post=282006"}],"version-history":[{"count":0,"href":"https:\/\/www.radiopiu.net\/wordpress\/wp-json\/wp\/v2\/posts\/282006\/revisions"}],"wp:featuredmedia":[{"embeddable":true,"href":"https:\/\/www.radiopiu.net\/wordpress\/wp-json\/wp\/v2\/media\/282008"}],"wp:attachment":[{"href":"https:\/\/www.radiopiu.net\/wordpress\/wp-json\/wp\/v2\/media?parent=282006"}],"wp:term":[{"taxonomy":"category","embeddable":true,"href":"https:\/\/www.radiopiu.net\/wordpress\/wp-json\/wp\/v2\/categories?post=282006"},{"taxonomy":"post_tag","embeddable":true,"href":"https:\/\/www.radiopiu.net\/wordpress\/wp-json\/wp\/v2\/tags?post=282006"}],"curies":[{"name":"wp","href":"https:\/\/api.w.org\/{rel}","templated":true}]}}