{"id":282051,"date":"2022-06-17T05:40:15","date_gmt":"2022-06-17T03:40:15","guid":{"rendered":"https:\/\/www.radiopiu.net\/wordpress\/?p=282051"},"modified":"2022-06-17T07:52:41","modified_gmt":"2022-06-17T05:52:41","slug":"giunta-confermata-a-rivamonte-salvaterra-discute-a-falcade","status":"publish","type":"post","link":"https:\/\/www.radiopiu.net\/wordpress\/giunta-confermata-a-rivamonte-salvaterra-discute-a-falcade\/","title":{"rendered":"GIUNTA CONFERMATA A RIVAMONTE, SALVATERRA DISCUTE A FALCADE \u00a0"},"content":{"rendered":"<blockquote>\n<h3>ALLA RADIO<\/h3>\n<p><span style=\"color: #ff0000;\"><strong>DI GIANNI SANTOMASO<\/strong><\/span><\/p><\/blockquote>\n<audio class=\"wp-audio-shortcode\" id=\"audio-282051-1\" preload=\"none\" style=\"width: 100%;\" controls=\"controls\"><source type=\"audio\/mpeg\" src=\"https:\/\/www.radiopiu.net\/wordpress\/wp-content\/uploads\/2022\/06\/gianni-elezioni.mp3?_=1\" \/><a href=\"https:\/\/www.radiopiu.net\/wordpress\/wp-content\/uploads\/2022\/06\/gianni-elezioni.mp3\">https:\/\/www.radiopiu.net\/wordpress\/wp-content\/uploads\/2022\/06\/gianni-elezioni.mp3<\/a><\/audio>\n<p>&nbsp;<\/p>\n<div class=\"addthis_sharing_toolbox\" data-url=\"https:\/\/sfoglio.corrierealpi.gelocal.it\/share_article.php?article_id=10560201\" data-title=\"Acc, ci sar\u00e0 la prorogaalla cassa integrazioneper 200 lavoratoriDeon conferma la giuntaSalvaterra pr...\"><strong>REDAZIONE<\/strong>\u00a0 A Rivamonte conferma della giunta uscente, a Falcade, invece, la discussione sugli assessori \u00e8 ancora aperta, i due sindaci sono al lavoro per completare i passaggi in vista dell&#8217;insediamento ufficiale che avverr\u00e0 nel corso del primo consiglio comunale della legislatura.\u00a0 A Rivamonte Deon ha gi\u00e0 scelto i due assessori, Luca Fadig\u00e0, che avr\u00e0 anche il ruolo di vicesindaco, e Alessandro Maguolo.\u00a0 . A Falcade dove luned\u00ec il sindaco Mauro Salvaterra aveva annunciato che con molto probabilit\u00e0 gli assessori sarebbero stati Alvise Luchetta e Flavio Murer, vale a dire i due candidati pi\u00f9 votati. La discussione per\u00f2 \u00e8 ancora in corso.<\/div>\n<div data-url=\"https:\/\/sfoglio.corrierealpi.gelocal.it\/share_article.php?article_id=10560201\" data-title=\"Acc, ci sar\u00e0 la prorogaalla cassa integrazioneper 200 lavoratoriDeon conferma la giuntaSalvaterra pr...\">\n\n\t\t\t<style type='text\/css'>\n\t\t\t\t#gallery-1 {\n\t\t\t\t\tmargin: auto;\n\t\t\t\t}\n\t\t\t\t#gallery-1 .gallery-item {\n\t\t\t\t\tfloat: left;\n\t\t\t\t\tmargin-top: 10px;\n\t\t\t\t\ttext-align: center;\n\t\t\t\t\twidth: 50%;\n\t\t\t\t}\n\t\t\t\t#gallery-1 img {\n\t\t\t\t\tborder: 2px solid #cfcfcf;\n\t\t\t\t}\n\t\t\t\t#gallery-1 .gallery-caption {\n\t\t\t\t\tmargin-left: 0;\n\t\t\t\t}\n\t\t\t\t\/* see gallery_shortcode() in wp-includes\/media.php *\/\n\t\t\t<\/style>\n\t\t<div id='gallery-1' class='dt-gallery-container gallery galleryid-282051 gallery-columns-2 gallery-size-thumbnail'><dl class='gallery-item'>\n\t\t\t\t<dt class='gallery-icon portrait'>\n\t\t\t\t\t<a class=\"rollover rollover-zoom dt-pswp-item\" title=\"MAURO SALVATERRA\" data-dt-img-description=\"\" data-large_image_width=\"1066\" data-large_image_height=\"1600\"href='https:\/\/www.radiopiu.net\/wordpress\/wp-content\/uploads\/2022\/05\/MAURO-SALVATERRA.jpg'><img loading=\"lazy\" decoding=\"async\" width=\"150\" height=\"150\" src=\"https:\/\/www.radiopiu.net\/wordpress\/wp-content\/uploads\/2022\/05\/MAURO-SALVATERRA-150x150.jpg\" class=\"attachment-thumbnail size-thumbnail\" alt=\"\" \/><\/a>\n\t\t\t\t<\/dt><\/dl><dl class='gallery-item'>\n\t\t\t\t<dt class='gallery-icon landscape'>\n\t\t\t\t\t<a class=\"rollover rollover-zoom dt-pswp-item\" title=\"GIOVANNI DEON\" data-dt-img-description=\"\" data-large_image_width=\"228\" data-large_image_height=\"221\"href='https:\/\/www.radiopiu.net\/wordpress\/wp-content\/uploads\/2021\/05\/GIOVANNI-DEON.jpg'><img loading=\"lazy\" decoding=\"async\" width=\"150\" height=\"150\" src=\"https:\/\/www.radiopiu.net\/wordpress\/wp-content\/uploads\/2021\/05\/GIOVANNI-DEON-150x150.jpg\" class=\"attachment-thumbnail size-thumbnail\" alt=\"\" aria-describedby=\"gallery-1-212771\" \/><\/a>\n\t\t\t\t<\/dt>\n\t\t\t\t\t<dd class='wp-caption-text gallery-caption' id='gallery-1-212771'>\n\t\t\t\t\tNINO DEON\n\t\t\t\t\t<\/dd><\/dl><br style=\"clear: both\" \/>\n\t\t\t<\/div>\n\n<\/div>\n<div data-url=\"https:\/\/sfoglio.corrierealpi.gelocal.it\/share_article.php?article_id=10560201\" data-title=\"Acc, ci sar\u00e0 la prorogaalla cassa integrazioneper 200 lavoratoriDeon conferma la giuntaSalvaterra pr...\"><\/div>\n","protected":false},"excerpt":{"rendered":"<p>ALLA RADIO DI GIANNI SANTOMASO &nbsp; REDAZIONE\u00a0 A Rivamonte conferma della giunta uscente, a Falcade, invece, la discussione sugli assessori \u00e8 ancora aperta, i due sindaci sono al lavoro per completare i passaggi in vista dell&#8217;insediamento ufficiale che avverr\u00e0 nel corso del primo consiglio comunale della legislatura.\u00a0 A Rivamonte Deon ha gi\u00e0 scelto i due&hellip;<\/p>\n","protected":false},"author":4,"featured_media":93735,"comment_status":"closed","ping_status":"closed","sticky":false,"template":"","format":"standard","meta":{"_monsterinsights_skip_tracking":false,"_monsterinsights_sitenote_active":false,"_monsterinsights_sitenote_note":"","_monsterinsights_sitenote_category":0,"footnotes":""},"categories":[51,49],"tags":[],"class_list":["post-282051","post","type-post","status-publish","format-standard","has-post-thumbnail","hentry","category-evidenza-top","category-news-18","category-51","category-49","description-off"],"img_url":"https:\/\/www.radiopiu.net\/wordpress\/wp-content\/uploads\/2019\/07\/consiglio-rivamonte-1.jpg","_links":{"self":[{"href":"https:\/\/www.radiopiu.net\/wordpress\/wp-json\/wp\/v2\/posts\/282051","targetHints":{"allow":["GET"]}}],"collection":[{"href":"https:\/\/www.radiopiu.net\/wordpress\/wp-json\/wp\/v2\/posts"}],"about":[{"href":"https:\/\/www.radiopiu.net\/wordpress\/wp-json\/wp\/v2\/types\/post"}],"author":[{"embeddable":true,"href":"https:\/\/www.radiopiu.net\/wordpress\/wp-json\/wp\/v2\/users\/4"}],"replies":[{"embeddable":true,"href":"https:\/\/www.radiopiu.net\/wordpress\/wp-json\/wp\/v2\/comments?post=282051"}],"version-history":[{"count":0,"href":"https:\/\/www.radiopiu.net\/wordpress\/wp-json\/wp\/v2\/posts\/282051\/revisions"}],"wp:featuredmedia":[{"embeddable":true,"href":"https:\/\/www.radiopiu.net\/wordpress\/wp-json\/wp\/v2\/media\/93735"}],"wp:attachment":[{"href":"https:\/\/www.radiopiu.net\/wordpress\/wp-json\/wp\/v2\/media?parent=282051"}],"wp:term":[{"taxonomy":"category","embeddable":true,"href":"https:\/\/www.radiopiu.net\/wordpress\/wp-json\/wp\/v2\/categories?post=282051"},{"taxonomy":"post_tag","embeddable":true,"href":"https:\/\/www.radiopiu.net\/wordpress\/wp-json\/wp\/v2\/tags?post=282051"}],"curies":[{"name":"wp","href":"https:\/\/api.w.org\/{rel}","templated":true}]}}