{"id":282109,"date":"2022-06-17T10:35:06","date_gmt":"2022-06-17T08:35:06","guid":{"rendered":"https:\/\/www.radiopiu.net\/wordpress\/?p=282109"},"modified":"2022-06-17T10:35:06","modified_gmt":"2022-06-17T08:35:06","slug":"la-bella-notizia-il-ritorno-del-palio","status":"publish","type":"post","link":"https:\/\/www.radiopiu.net\/wordpress\/la-bella-notizia-il-ritorno-del-palio\/","title":{"rendered":"LA BELLA NOTIZIA, IL RITORNO DEL PALIO"},"content":{"rendered":"<p><strong>AGORDO<\/strong> Il Comitato Palio dei Cento da poche ora ha ufficializzato la notizia che era nell&#8217;aria: il ritorno della manifestazione di fine estate sul Broi che metter\u00e0 difronte atleti, atlete e ragazzini nelle sfide frazionali per la conquista del bronzo. Il Palio andr\u00e0 in scena sabato 20 e domenica 21 agosto. Agli organizzatori buon lavoro! Radio Pi\u00f9 sar\u00e0 presente per testimoniare un altro spaccato importante di storia agordina.<\/p>\n<p><a class=\"dt-pswp-item\" href=\"https:\/\/www.radiopiu.net\/wordpress\/wp-content\/uploads\/2022\/06\/288714841_2402512519890585_8690975137520080339_n.jpg\" data-dt-img-description=\"\" data-large_image_width=\"810\" data-large_image_height=\"540\"><img loading=\"lazy\" decoding=\"async\" class=\"alignnone wp-image-282110 size-full\" src=\"https:\/\/www.radiopiu.net\/wordpress\/wp-content\/uploads\/2022\/06\/288714841_2402512519890585_8690975137520080339_n.jpg\" alt=\"\" width=\"810\" height=\"540\" srcset=\"https:\/\/www.radiopiu.net\/wordpress\/wp-content\/uploads\/2022\/06\/288714841_2402512519890585_8690975137520080339_n.jpg 810w, https:\/\/www.radiopiu.net\/wordpress\/wp-content\/uploads\/2022\/06\/288714841_2402512519890585_8690975137520080339_n-300x200.jpg 300w, https:\/\/www.radiopiu.net\/wordpress\/wp-content\/uploads\/2022\/06\/288714841_2402512519890585_8690975137520080339_n-768x512.jpg 768w\" sizes=\"auto, (max-width: 810px) 100vw, 810px\" \/><\/a><\/p>\n<p>&nbsp;<\/p>\n","protected":false},"excerpt":{"rendered":"<p>AGORDO Il Comitato Palio dei Cento da poche ora ha ufficializzato la notizia che era nell&#8217;aria: il ritorno della manifestazione di fine estate sul Broi che metter\u00e0 difronte atleti, atlete e ragazzini nelle sfide frazionali per la conquista del bronzo. Il Palio andr\u00e0 in scena sabato 20 e domenica 21 agosto. Agli organizzatori buon lavoro!&hellip;<\/p>\n","protected":false},"author":4,"featured_media":282110,"comment_status":"closed","ping_status":"closed","sticky":false,"template":"","format":"standard","meta":{"_monsterinsights_skip_tracking":false,"_monsterinsights_sitenote_active":false,"_monsterinsights_sitenote_note":"","_monsterinsights_sitenote_category":0,"footnotes":""},"categories":[104,49],"tags":[],"class_list":["post-282109","post","type-post","status-publish","format-standard","has-post-thumbnail","hentry","category-evidenza_3","category-news-18","category-104","category-49","description-off"],"img_url":"https:\/\/www.radiopiu.net\/wordpress\/wp-content\/uploads\/2022\/06\/288714841_2402512519890585_8690975137520080339_n.jpg","_links":{"self":[{"href":"https:\/\/www.radiopiu.net\/wordpress\/wp-json\/wp\/v2\/posts\/282109","targetHints":{"allow":["GET"]}}],"collection":[{"href":"https:\/\/www.radiopiu.net\/wordpress\/wp-json\/wp\/v2\/posts"}],"about":[{"href":"https:\/\/www.radiopiu.net\/wordpress\/wp-json\/wp\/v2\/types\/post"}],"author":[{"embeddable":true,"href":"https:\/\/www.radiopiu.net\/wordpress\/wp-json\/wp\/v2\/users\/4"}],"replies":[{"embeddable":true,"href":"https:\/\/www.radiopiu.net\/wordpress\/wp-json\/wp\/v2\/comments?post=282109"}],"version-history":[{"count":0,"href":"https:\/\/www.radiopiu.net\/wordpress\/wp-json\/wp\/v2\/posts\/282109\/revisions"}],"wp:featuredmedia":[{"embeddable":true,"href":"https:\/\/www.radiopiu.net\/wordpress\/wp-json\/wp\/v2\/media\/282110"}],"wp:attachment":[{"href":"https:\/\/www.radiopiu.net\/wordpress\/wp-json\/wp\/v2\/media?parent=282109"}],"wp:term":[{"taxonomy":"category","embeddable":true,"href":"https:\/\/www.radiopiu.net\/wordpress\/wp-json\/wp\/v2\/categories?post=282109"},{"taxonomy":"post_tag","embeddable":true,"href":"https:\/\/www.radiopiu.net\/wordpress\/wp-json\/wp\/v2\/tags?post=282109"}],"curies":[{"name":"wp","href":"https:\/\/api.w.org\/{rel}","templated":true}]}}