{"id":282159,"date":"2022-06-17T14:58:45","date_gmt":"2022-06-17T12:58:45","guid":{"rendered":"https:\/\/www.radiopiu.net\/wordpress\/?p=282159"},"modified":"2022-06-17T19:31:25","modified_gmt":"2022-06-17T17:31:25","slug":"controllo-della-velocita-a-passo-staulanza-limite-abbassato","status":"publish","type":"post","link":"https:\/\/www.radiopiu.net\/wordpress\/controllo-della-velocita-a-passo-staulanza-limite-abbassato\/","title":{"rendered":"CONTROLLO DELLA VELOCITA&#8217; A PASSO STAULANZA, LIMITE ABBASSATO"},"content":{"rendered":"<p><strong><img loading=\"lazy\" decoding=\"async\" class=\"alignright\" src=\"https:\/\/www.radiopiu.net\/wordpress\/wp-content\/uploads\/2022\/06\/th-8.jpg\" width=\"149\" height=\"111\" \/>SELVA DI CADORE<\/strong> Alberto, ascoltatore di Selva di Cadore ci segnala la nuova situazione a Passo Staulanza dove il limite \u00e8 stato portato da 90 a 70 chilometri orari, cosa gi\u00e0 riscontrata la scorsa estate.<em>\u00a0 &#8220;Quindi in inverno con il ghiaccio si pu\u00f2 viaggiare pi\u00f9 veloci perch\u00e9 siamo pi\u00f9 sicuri&#8221;,\u00a0<\/em>azzarda Alberto con un velo di ironia.<br \/>\n<a class=\"dt-pswp-item\" href=\"https:\/\/www.radiopiu.net\/wordpress\/wp-content\/uploads\/2021\/09\/Luca-Lorenzini-1.jpg\" data-dt-img-description=\"LUCA LORENZINI CANDIDATO SINDACO\" data-large_image_width=\"1200\" data-large_image_height=\"1295\"><img loading=\"lazy\" decoding=\"async\" class=\"size-thumbnail wp-image-233913 alignleft\" src=\"https:\/\/www.radiopiu.net\/wordpress\/wp-content\/uploads\/2021\/09\/Luca-Lorenzini-1-150x150.jpg\" alt=\"\" width=\"150\" height=\"150\" \/><\/a>Abbiamo pensato di chiedere spiegazioni a primo cittadino, Luca Lorenzini, in contatto con gli uffici di Polizia Locale.<\/p>\n<p>&nbsp;<\/p>\n<blockquote><p><em>&#8220;Durante il periodo estivo &#8211; spiega il primo cittadino Luca Lorenzini &#8211; l\u2019area che va da Pescul ai primi tornati dello Staulanza \u00e8 zona ad intensa fruizione turistica. Oltre a strutture di ristorazione e all\u2019ampia area pic nic vi \u00e8 infatti continuo passaggio di escursionisti a piedi, in mtb ed e-bike. Per ragioni di sicurezza stradale il limite di velocit\u00e0 in tale periodo viene posto ai 70 km\/h. Per il restante periodo dell\u2019anno il limite \u00e8 a 90 km\/h&#8221;.<\/em><\/p><\/blockquote>\n<p>&nbsp;<\/p>\n<hr \/>\n<p>&nbsp;<\/p>\n","protected":false},"excerpt":{"rendered":"<p>SELVA DI CADORE Alberto, ascoltatore di Selva di Cadore ci segnala la nuova situazione a Passo Staulanza dove il limite \u00e8 stato portato da 90 a 70 chilometri orari, cosa gi\u00e0 riscontrata la scorsa estate.\u00a0 &#8220;Quindi in inverno con il ghiaccio si pu\u00f2 viaggiare pi\u00f9 veloci perch\u00e9 siamo pi\u00f9 sicuri&#8221;,\u00a0azzarda Alberto con un velo di&hellip;<\/p>\n","protected":false},"author":4,"featured_media":282160,"comment_status":"closed","ping_status":"closed","sticky":false,"template":"","format":"standard","meta":{"_monsterinsights_skip_tracking":false,"_monsterinsights_sitenote_active":false,"_monsterinsights_sitenote_note":"","_monsterinsights_sitenote_category":0,"footnotes":""},"categories":[51,49],"tags":[],"class_list":["post-282159","post","type-post","status-publish","format-standard","has-post-thumbnail","hentry","category-evidenza-top","category-news-18","category-51","category-49","description-off"],"img_url":"https:\/\/www.radiopiu.net\/wordpress\/wp-content\/uploads\/2022\/06\/th-8.jpg","_links":{"self":[{"href":"https:\/\/www.radiopiu.net\/wordpress\/wp-json\/wp\/v2\/posts\/282159","targetHints":{"allow":["GET"]}}],"collection":[{"href":"https:\/\/www.radiopiu.net\/wordpress\/wp-json\/wp\/v2\/posts"}],"about":[{"href":"https:\/\/www.radiopiu.net\/wordpress\/wp-json\/wp\/v2\/types\/post"}],"author":[{"embeddable":true,"href":"https:\/\/www.radiopiu.net\/wordpress\/wp-json\/wp\/v2\/users\/4"}],"replies":[{"embeddable":true,"href":"https:\/\/www.radiopiu.net\/wordpress\/wp-json\/wp\/v2\/comments?post=282159"}],"version-history":[{"count":0,"href":"https:\/\/www.radiopiu.net\/wordpress\/wp-json\/wp\/v2\/posts\/282159\/revisions"}],"wp:featuredmedia":[{"embeddable":true,"href":"https:\/\/www.radiopiu.net\/wordpress\/wp-json\/wp\/v2\/media\/282160"}],"wp:attachment":[{"href":"https:\/\/www.radiopiu.net\/wordpress\/wp-json\/wp\/v2\/media?parent=282159"}],"wp:term":[{"taxonomy":"category","embeddable":true,"href":"https:\/\/www.radiopiu.net\/wordpress\/wp-json\/wp\/v2\/categories?post=282159"},{"taxonomy":"post_tag","embeddable":true,"href":"https:\/\/www.radiopiu.net\/wordpress\/wp-json\/wp\/v2\/tags?post=282159"}],"curies":[{"name":"wp","href":"https:\/\/api.w.org\/{rel}","templated":true}]}}